{"id":12937,"date":"2021-11-14T08:00:41","date_gmt":"2021-11-14T06:00:41","guid":{"rendered":"https:\/\/www.welovecycling.com\/hu\/?p=12937"},"modified":"2021-11-12T18:12:33","modified_gmt":"2021-11-12T16:12:33","slug":"harom-magyar-nap-utan-etna-brutalis-utolso-het-csupan-26-km-idofutam-itt-a-2022-es-giro-utvonala","status":"publish","type":"post","link":"https:\/\/www.welovecycling.com\/hu\/orszaguti-kerekpar\/harom-magyar-nap-utan-etna-brutalis-utolso-het-csupan-26-km-idofutam-itt-a-2022-es-giro-utvonala\/","title":{"rendered":"H\u00e1rom magyar nap ut\u00e1n Etna, brut\u00e1lis utols\u00f3 h\u00e9t, csup\u00e1n 26 km id\u0151futam \u2013 itt a 2022-es Giro \u00fatvonala!"},"content":{"rendered":"<p><strong>Azt m\u00e1r mindenki tudja, hogy a j\u00f6v\u0151 \u00e9vi olasz k\u00f6rverseny v\u00e9gre <\/strong><a href=\"https:\/\/www.welovecycling.com\/hu\/orszaguti-kerekpar\/most-mar-tenyleg-biztos-magyarorszagrol-rajtol-a-2022-es-giro\/\"><strong>haz\u00e1nkb\u00f3l startol<\/strong><\/a><strong> h\u00e1rom szakasszal, de a szervez\u0151 RCS Sport a budapesti \u201eNagy Rajtot\u201d k\u00f6vet\u0151en ler\u00e1ntotta a leplet az \u00fatvonal t\u00f6bbi r\u00e9sz\u00e9r\u0151l is.<\/strong><!--more--><\/p>\n<p>Kezdj\u00fck a sz\u00e1munkra legfontosabbal: m\u00e1jus 6, p\u00e9ntek a pirosbet\u0171s nap, amelyet be kell karik\u00e1zni j\u00f3 el\u0151re a napt\u00e1rban, ekkor indul meg a Giro karav\u00e1nja Budapestr\u0151l Visegr\u00e1dra a nyit\u00f3 etappal. A 195 km-es, alapvet\u0151en s\u00edk, de k\u00f6zte az\u00e9rt n\u00e9hol \u201ehull\u00e1mz\u00f3\u201d szakasz Sz\u00e9kesfeh\u00e9rv\u00e1r \u00e9s Esztergom ut\u00e1n Visegr\u00e1don egy negyedik kateg\u00f3ri\u00e1s \u201ehegyi\u201d befut\u00f3val z\u00e1rul, m\u00e1snap pedig k\u00f6vetkezik az eredetileg a nyit\u00f3napra tervezett budapesti id\u0151futam, ami mind\u00f6ssze 9.2 km hossz\u00fa, a H\u0151s\u00f6k ter\u00e9r\u0151l indul, a L\u00e1nch\u00edd helyett v\u00e9g\u00fcl a Margit h\u00eddon vezet \u00e1t, hogy egy ugyancsak negyedik kateg\u00f3ri\u00e1s emelked\u0151t k\u00f6vet\u0151en a V\u00e1rba \u00e9rkezzen meg. A harmadik, Kaposv\u00e1r \u00e9s Balatonf\u00fcred k\u00f6z\u00f6tti 201 km-es szakasz egyben az eg\u00e9sz verseny leghosszabb etapja lesz, klasszikus s\u00edk sprinterszakasznak \u00edg\u00e9rkezik Nagykanizsa, Badacsony \u00e9s Tihany \u00fatbaejt\u00e9s\u00e9vel.<\/p>\n<figure style=\"width: 1024px\" class=\"wp-caption alignnone\"><a href=\"https:\/\/d2p6e6u75xmxt8.cloudfront.net\/12\/2021\/11\/magyarszakaszok.jpg\"><img loading=\"lazy\" decoding=\"async\" class=\"wp-image-12940 size-large\" src=\"https:\/\/d2p6e6u75xmxt8.cloudfront.net\/12\/2021\/11\/magyarszakaszok-1024x1024.jpg\" alt=\"\" width=\"1024\" height=\"1024\" srcset=\"https:\/\/d2p6e6u75xmxt8.cloudfront.net\/12\/2021\/11\/magyarszakaszok-1024x1024.jpg 1024w, https:\/\/d2p6e6u75xmxt8.cloudfront.net\/12\/2021\/11\/magyarszakaszok-300x300.jpg 300w, https:\/\/d2p6e6u75xmxt8.cloudfront.net\/12\/2021\/11\/magyarszakaszok-150x150.jpg 150w, https:\/\/d2p6e6u75xmxt8.cloudfront.net\/12\/2021\/11\/magyarszakaszok-768x768.jpg 768w, https:\/\/d2p6e6u75xmxt8.cloudfront.net\/12\/2021\/11\/magyarszakaszok-1536x1536.jpg 1536w, https:\/\/d2p6e6u75xmxt8.cloudfront.net\/12\/2021\/11\/magyarszakaszok-1920x1920.jpg 1920w, https:\/\/d2p6e6u75xmxt8.cloudfront.net\/12\/2021\/11\/magyarszakaszok.jpg 2048w, https:\/\/d2p6e6u75xmxt8.cloudfront.net\/12\/2021\/11\/magyarszakaszok-1920x1920.jpg 1920w\" sizes=\"auto, (max-width: 1024px) 100vw, 1024px\" \/><\/a><figcaption class=\"wp-caption-text\">A magyarorsz\u00e1gi szakaszok (forr\u00e1s: Giro d\u2019Italia)<\/figcaption><\/figure>\n<p>&nbsp;<\/p>\n<\/div>\n<p>A sz\u00fcnnapon a mez\u0151ny \u00e1trep\u00fcl Szic\u00edli\u00e1ba, ahol azt\u00e1n r\u00f6gt\u00f6n a negyedik szakasz befut\u00f3jak\u00e9nt megm\u00e1ssza az Etn\u00e1t, az els\u0151 h\u00e9t z\u00e1r\u00e1sak\u00e9nt pedig a kilencedik etapon a Blockhaust. A verseny m\u00e1sodik hete a brut\u00e1lis z\u00e1r\u00f3 h\u00e9tre val\u00f3 felk\u00e9sz\u00fcl\u00e9s jegy\u00e9ben telik majd, nagyr\u00e9szt s\u00edk \u00e9s dombosabb etapokkal, de az utols\u00f3 sz\u00fcnnap el\u0151tt a szervez\u0151k m\u00e1r belek\u00f3stoltatj\u00e1k a mez\u0151nyt a feketelevesbe \u00e9s az Alpokba a k\u00e9t els\u0151 kateg\u00f3ri\u00e1s emelked\u0151t \u00e9s egy m\u00e1sodik kateg\u00f3ri\u00e1s hegyi befut\u00f3t tartalmaz\u00f3 15. szakasszal.<\/p>\n<p>A pihen\u0151nap ut\u00e1n pedig j\u00f6n a kegyetlen v\u00e9gj\u00e1t\u00e9k: a 16. szakasz 200 km-e alatt h\u00e1rom els\u0151 kateg\u00f3ri\u00e1s hegy, k\u00f6zte az ikonikus Mortirol\u00f3val, r\u00f6gt\u00f6n a k\u00f6vetkez\u0151 napon pedig a mez\u0151nynek r\u00f6gt\u00f6n fel kell mennie 1800 m\u00e9ter f\u00f6l\u00e9, hogy azt\u00e1n m\u00e9g egy harmadik \u00e9s k\u00e9t els\u0151 kateg\u00f3ri\u00e1s hegyet lek\u00fczdve \u00e9rkezzen meg az 1100 m\u00e9ter f\u00f6l\u00f6tt fekv\u0151 Lavaron\u00e9ba.<\/p>\n<figure id=\"attachment_12941\" aria-describedby=\"caption-attachment-12941\" style=\"width: 1024px\" class=\"wp-caption alignnone\"><a href=\"https:\/\/d2p6e6u75xmxt8.cloudfront.net\/12\/2021\/11\/16szakasz.jpg\"><img loading=\"lazy\" decoding=\"async\" class=\"size-large wp-image-12941\" src=\"https:\/\/d2p6e6u75xmxt8.cloudfront.net\/12\/2021\/11\/16szakasz-1024x682.jpg\" alt=\"\" width=\"1024\" height=\"682\" srcset=\"https:\/\/d2p6e6u75xmxt8.cloudfront.net\/12\/2021\/11\/16szakasz-1024x682.jpg 1024w, https:\/\/d2p6e6u75xmxt8.cloudfront.net\/12\/2021\/11\/16szakasz-300x200.jpg 300w, https:\/\/d2p6e6u75xmxt8.cloudfront.net\/12\/2021\/11\/16szakasz-768x511.jpg 768w, https:\/\/d2p6e6u75xmxt8.cloudfront.net\/12\/2021\/11\/16szakasz-272x182.jpg 272w, https:\/\/d2p6e6u75xmxt8.cloudfront.net\/12\/2021\/11\/16szakasz.jpg 1280w\" sizes=\"auto, (max-width: 1024px) 100vw, 1024px\" \/><\/a><figcaption id=\"caption-attachment-12941\" class=\"wp-caption-text\">A 16. szakasz szintrajza a Mortirol\u00f3val (forr\u00e1s: Giro d\u2019Italia)<\/figcaption><\/figure>\n<p>\u00c9s ha ez nem lenne el\u00e9g, m\u00e9g az utols\u00f3 el\u0151tti szakaszon is megk\u00ednozz\u00e1k a versenyz\u0151ket: a 2057 m\u00e9teren fekv\u0151 Marmolad\u00e1ba egy els\u0151 kateg\u00f3ri\u00e1s hegyi befut\u00f3val \u00e9rkeznek meg, de \u00fagy, hogy el\u0151tte \u00e1t kell szenvedni\u00fck magukat m\u00e9g egy els\u0151 kateg\u00f3ri\u00e1s hegyen, valamint a 2239 m-en kijel\u00f6lt, kiemelt kateg\u00f3ri\u00e1s Pordoi-h\u00e1g\u00f3n is.<\/p>\n<figure id=\"attachment_12942\" aria-describedby=\"caption-attachment-12942\" style=\"width: 1024px\" class=\"wp-caption alignnone\"><a href=\"https:\/\/d2p6e6u75xmxt8.cloudfront.net\/12\/2021\/11\/20szakasz.jpg\"><img loading=\"lazy\" decoding=\"async\" class=\"size-large wp-image-12942\" src=\"https:\/\/d2p6e6u75xmxt8.cloudfront.net\/12\/2021\/11\/20szakasz-1024x682.jpg\" alt=\"\" width=\"1024\" height=\"682\" srcset=\"https:\/\/d2p6e6u75xmxt8.cloudfront.net\/12\/2021\/11\/20szakasz-1024x682.jpg 1024w, https:\/\/d2p6e6u75xmxt8.cloudfront.net\/12\/2021\/11\/20szakasz-300x200.jpg 300w, https:\/\/d2p6e6u75xmxt8.cloudfront.net\/12\/2021\/11\/20szakasz-768x511.jpg 768w, https:\/\/d2p6e6u75xmxt8.cloudfront.net\/12\/2021\/11\/20szakasz-272x182.jpg 272w, https:\/\/d2p6e6u75xmxt8.cloudfront.net\/12\/2021\/11\/20szakasz.jpg 1280w\" sizes=\"auto, (max-width: 1024px) 100vw, 1024px\" \/><\/a><figcaption id=\"caption-attachment-12942\" class=\"wp-caption-text\">A kegyetlen utols\u00f3 el\u0151tti etap (forr\u00e1s: Giro d\u2019Italia)<\/figcaption><\/figure>\n<p>A z\u00e1r\u00f3etap egy 17 km-es veronai id\u0151futam lesz, a budapestivel egy\u00fctt \u00edgy a 2022-es Gir\u00f3n csup\u00e1n 26 km-nyi egy\u00e9ni id\u0151futamra ker\u00fcl sor, ami 1962 \u00f3ta a legkevesebb \u2013 cser\u00e9be lesz sok sz\u00e9p nagy hegy\u2026<\/p>\n<p><a href=\"https:\/\/d2p6e6u75xmxt8.cloudfront.net\/12\/2021\/11\/utvonal.jpg\"><img loading=\"lazy\" decoding=\"async\" class=\"alignnone size-large wp-image-12943\" src=\"https:\/\/d2p6e6u75xmxt8.cloudfront.net\/12\/2021\/11\/utvonal-1024x450.jpg\" alt=\"\" width=\"1024\" height=\"450\" srcset=\"https:\/\/d2p6e6u75xmxt8.cloudfront.net\/12\/2021\/11\/utvonal-1024x450.jpg 1024w, https:\/\/d2p6e6u75xmxt8.cloudfront.net\/12\/2021\/11\/utvonal-300x132.jpg 300w, https:\/\/d2p6e6u75xmxt8.cloudfront.net\/12\/2021\/11\/utvonal-768x337.jpg 768w, https:\/\/d2p6e6u75xmxt8.cloudfront.net\/12\/2021\/11\/utvonal-1536x674.jpg 1536w, https:\/\/d2p6e6u75xmxt8.cloudfront.net\/12\/2021\/11\/utvonal.jpg 1708w\" sizes=\"auto, (max-width: 1024px) 100vw, 1024px\" \/><\/a><\/p>\n<p>&nbsp;<\/p>\n<p><em>Bor\u00edt\u00f3k\u00e9p forr\u00e1sa: Roberto Bettini\/pool\/afp<\/em><\/p>\n","protected":false},"excerpt":{"rendered":"<p>Azt m\u00e1r mindenki tudja, hogy a j\u00f6v\u0151 \u00e9vi olasz k\u00f6rverseny v\u00e9gre haz\u00e1nkb\u00f3l startol h\u00e1rom szakasszal, de a szervez\u0151 RCS Sport [&hellip;]<\/p>\n","protected":false},"author":71,"featured_media":12939,"comment_status":"open","ping_status":"open","sticky":false,"template":"","format":"standard","meta":{"footnotes":""},"categories":[8],"tags":[],"global-categories":[],"class_list":["post-12937","post","type-post","status-publish","format-standard","has-post-thumbnail","hentry","category-orszaguti-kerekpar"],"yoast_head":"<!-- This site is optimized with the Yoast SEO Premium plugin v25.3 (Yoast SEO v25.9) - https:\/\/yoast.com\/wordpress\/plugins\/seo\/ -->\n<title>H\u00e1rom magyar nap ut\u00e1n Etna, brut\u00e1lis utols\u00f3 h\u00e9t, csup\u00e1n 26 km id\u0151futam \u2013 itt a 2022-es Giro \u00fatvonala!<\/title>\n<meta name=\"description\" content=\"Azt m\u00e1r mindenki tudja, hogy a j\u00f6v\u0151 \u00e9vi olasz k\u00f6rverseny v\u00e9gre haz\u00e1nkb\u00f3l startol h\u00e1rom szakasszal, de a szervez\u0151 RCS Sport a budapesti \u201eNagy Rajtot\u201d k\u00f6vet\u0151en ler\u00e1ntotta a leplet az \u00fatvonal t\u00f6bbi r\u00e9sz\u00e9r\u0151l is.\" \/>\n<meta name=\"robots\" content=\"index, follow, max-snippet:-1, max-image-preview:large, max-video-preview:-1\" \/>\n<link rel=\"canonical\" href=\"https:\/\/www.welovecycling.com\/hu\/orszaguti-kerekpar\/harom-magyar-nap-utan-etna-brutalis-utolso-het-csupan-26-km-idofutam-itt-a-2022-es-giro-utvonala\/\" \/>\n<meta property=\"og:locale\" content=\"hu_HU\" \/>\n<meta property=\"og:type\" content=\"article\" \/>\n<meta property=\"og:title\" content=\"H\u00e1rom magyar nap ut\u00e1n Etna, brut\u00e1lis utols\u00f3 h\u00e9t, csup\u00e1n 26 km id\u0151futam \u2013 itt a 2022-es Giro \u00fatvonala!\" \/>\n<meta property=\"og:description\" content=\"Azt m\u00e1r mindenki tudja, hogy a j\u00f6v\u0151 \u00e9vi olasz k\u00f6rverseny v\u00e9gre haz\u00e1nkb\u00f3l startol h\u00e1rom szakasszal, de a szervez\u0151 RCS Sport a budapesti \u201eNagy Rajtot\u201d k\u00f6vet\u0151en ler\u00e1ntotta a leplet az \u00fatvonal t\u00f6bbi r\u00e9sz\u00e9r\u0151l is.\" \/>\n<meta property=\"og:url\" content=\"https:\/\/www.welovecycling.com\/hu\/orszaguti-kerekpar\/harom-magyar-nap-utan-etna-brutalis-utolso-het-csupan-26-km-idofutam-itt-a-2022-es-giro-utvonala\/\" \/>\n<meta property=\"og:site_name\" content=\"\u0160koda We Love Cycling - Magyarorsz\u00e1g\" \/>\n<meta property=\"article:publisher\" content=\"https:\/\/www.facebook.com\/WeLoveCyclingHungary\/\" \/>\n<meta property=\"article:published_time\" content=\"2021-11-14T06:00:41+00:00\" \/>\n<meta property=\"og:image\" content=\"https:\/\/d2p6e6u75xmxt8.cloudfront.net\/12\/2021\/11\/mortirolo.jpg\" \/>\n\t<meta property=\"og:image:width\" content=\"1400\" \/>\n\t<meta property=\"og:image:height\" content=\"972\" \/>\n\t<meta property=\"og:image:type\" content=\"image\/jpeg\" \/>\n<meta name=\"author\" content=\"hegyizs\" \/>\n<meta name=\"twitter:card\" content=\"summary_large_image\" \/>\n<meta name=\"twitter:label1\" content=\"Written by\" \/>\n\t<meta name=\"twitter:data1\" content=\"WLC\" \/>\n\t<meta name=\"twitter:label2\" content=\"Est. reading time\" \/>\n\t<meta name=\"twitter:data2\" content=\"3 minutes\" \/>\n<script type=\"application\/ld+json\" class=\"yoast-schema-graph\">{\"@context\":\"https:\/\/schema.org\",\"@graph\":[{\"@type\":\"WebPage\",\"@id\":\"https:\/\/www.welovecycling.com\/hu\/orszaguti-kerekpar\/harom-magyar-nap-utan-etna-brutalis-utolso-het-csupan-26-km-idofutam-itt-a-2022-es-giro-utvonala\/\",\"url\":\"https:\/\/www.welovecycling.com\/hu\/orszaguti-kerekpar\/harom-magyar-nap-utan-etna-brutalis-utolso-het-csupan-26-km-idofutam-itt-a-2022-es-giro-utvonala\/\",\"name\":\"H\u00e1rom magyar nap ut\u00e1n Etna, brut\u00e1lis utols\u00f3 h\u00e9t, csup\u00e1n 26 km id\u0151futam \u2013 itt a 2022-es Giro \u00fatvonala!\",\"isPartOf\":{\"@id\":\"https:\/\/www.welovecycling.com\/hu\/#website\"},\"primaryImageOfPage\":{\"@id\":\"https:\/\/www.welovecycling.com\/hu\/orszaguti-kerekpar\/harom-magyar-nap-utan-etna-brutalis-utolso-het-csupan-26-km-idofutam-itt-a-2022-es-giro-utvonala\/#primaryimage\"},\"image\":{\"@id\":\"https:\/\/www.welovecycling.com\/hu\/orszaguti-kerekpar\/harom-magyar-nap-utan-etna-brutalis-utolso-het-csupan-26-km-idofutam-itt-a-2022-es-giro-utvonala\/#primaryimage\"},\"thumbnailUrl\":\"https:\/\/d2p6e6u75xmxt8.cloudfront.net\/12\/2021\/11\/mortirolo.jpg\",\"datePublished\":\"2021-11-14T06:00:41+00:00\",\"author\":{\"@id\":\"https:\/\/www.welovecycling.com\/hu\/#\/schema\/person\/414a2aebf1801691a5320edb6468e194\"},\"description\":\"Azt m\u00e1r mindenki tudja, hogy a j\u00f6v\u0151 \u00e9vi olasz k\u00f6rverseny v\u00e9gre haz\u00e1nkb\u00f3l startol h\u00e1rom szakasszal, de a szervez\u0151 RCS Sport a budapesti \u201eNagy Rajtot\u201d k\u00f6vet\u0151en ler\u00e1ntotta a leplet az \u00fatvonal t\u00f6bbi r\u00e9sz\u00e9r\u0151l is.\",\"breadcrumb\":{\"@id\":\"https:\/\/www.welovecycling.com\/hu\/orszaguti-kerekpar\/harom-magyar-nap-utan-etna-brutalis-utolso-het-csupan-26-km-idofutam-itt-a-2022-es-giro-utvonala\/#breadcrumb\"},\"inLanguage\":\"hu\",\"potentialAction\":[{\"@type\":\"ReadAction\",\"target\":[\"https:\/\/www.welovecycling.com\/hu\/orszaguti-kerekpar\/harom-magyar-nap-utan-etna-brutalis-utolso-het-csupan-26-km-idofutam-itt-a-2022-es-giro-utvonala\/\"]}]},{\"@type\":\"ImageObject\",\"inLanguage\":\"hu\",\"@id\":\"https:\/\/www.welovecycling.com\/hu\/orszaguti-kerekpar\/harom-magyar-nap-utan-etna-brutalis-utolso-het-csupan-26-km-idofutam-itt-a-2022-es-giro-utvonala\/#primaryimage\",\"url\":\"https:\/\/d2p6e6u75xmxt8.cloudfront.net\/12\/2021\/11\/mortirolo.jpg\",\"contentUrl\":\"https:\/\/d2p6e6u75xmxt8.cloudfront.net\/12\/2021\/11\/mortirolo.jpg\",\"width\":1400,\"height\":972},{\"@type\":\"BreadcrumbList\",\"@id\":\"https:\/\/www.welovecycling.com\/hu\/orszaguti-kerekpar\/harom-magyar-nap-utan-etna-brutalis-utolso-het-csupan-26-km-idofutam-itt-a-2022-es-giro-utvonala\/#breadcrumb\",\"itemListElement\":[{\"@type\":\"ListItem\",\"position\":1,\"name\":\"Home\",\"item\":\"https:\/\/www.welovecycling.com\/hu\/\"},{\"@type\":\"ListItem\",\"position\":2,\"name\":\"H\u00e1rom magyar nap ut\u00e1n Etna, brut\u00e1lis utols\u00f3 h\u00e9t, csup\u00e1n 26 km id\u0151futam \u2013 itt a 2022-es Giro \u00fatvonala!\"}]},{\"@type\":\"WebSite\",\"@id\":\"https:\/\/www.welovecycling.com\/hu\/#website\",\"url\":\"https:\/\/www.welovecycling.com\/hu\/\",\"name\":\"\u0160koda We Love Cycling - Magyarorsz\u00e1g\",\"description\":\"\u0160koda WeLoveCycling\",\"potentialAction\":[{\"@type\":\"SearchAction\",\"target\":{\"@type\":\"EntryPoint\",\"urlTemplate\":\"https:\/\/www.welovecycling.com\/hu\/?s={search_term_string}\"},\"query-input\":{\"@type\":\"PropertyValueSpecification\",\"valueRequired\":true,\"valueName\":\"search_term_string\"}}],\"inLanguage\":\"hu\"},{\"@type\":\"Person\",\"@id\":\"https:\/\/www.welovecycling.com\/hu\/#\/schema\/person\/414a2aebf1801691a5320edb6468e194\",\"name\":\"hegyizs\",\"image\":{\"@type\":\"ImageObject\",\"inLanguage\":\"hu\",\"@id\":\"https:\/\/www.welovecycling.com\/hu\/#\/schema\/person\/image\/\",\"url\":\"https:\/\/secure.gravatar.com\/avatar\/02cf8a7906b8cf90cecb4679defac7cfd33a1c2e3b88e4903d947f3bb58eedd3?s=96&d=mm&r=g\",\"contentUrl\":\"https:\/\/secure.gravatar.com\/avatar\/02cf8a7906b8cf90cecb4679defac7cfd33a1c2e3b88e4903d947f3bb58eedd3?s=96&d=mm&r=g\",\"caption\":\"hegyizs\"},\"url\":\"https:\/\/www.welovecycling.com\/hu\/author\/hegyizs\/\"}]}<\/script>\n<!-- \/ Yoast SEO Premium plugin. -->","yoast_head_json":{"title":"H\u00e1rom magyar nap ut\u00e1n Etna, brut\u00e1lis utols\u00f3 h\u00e9t, csup\u00e1n 26 km id\u0151futam \u2013 itt a 2022-es Giro \u00fatvonala!","description":"Azt m\u00e1r mindenki tudja, hogy a j\u00f6v\u0151 \u00e9vi olasz k\u00f6rverseny v\u00e9gre haz\u00e1nkb\u00f3l startol h\u00e1rom szakasszal, de a szervez\u0151 RCS Sport a budapesti \u201eNagy Rajtot\u201d k\u00f6vet\u0151en ler\u00e1ntotta a leplet az \u00fatvonal t\u00f6bbi r\u00e9sz\u00e9r\u0151l is.","robots":{"index":"index","follow":"follow","max-snippet":"max-snippet:-1","max-image-preview":"max-image-preview:large","max-video-preview":"max-video-preview:-1"},"canonical":"https:\/\/www.welovecycling.com\/hu\/orszaguti-kerekpar\/harom-magyar-nap-utan-etna-brutalis-utolso-het-csupan-26-km-idofutam-itt-a-2022-es-giro-utvonala\/","og_locale":"hu_HU","og_type":"article","og_title":"H\u00e1rom magyar nap ut\u00e1n Etna, brut\u00e1lis utols\u00f3 h\u00e9t, csup\u00e1n 26 km id\u0151futam \u2013 itt a 2022-es Giro \u00fatvonala!","og_description":"Azt m\u00e1r mindenki tudja, hogy a j\u00f6v\u0151 \u00e9vi olasz k\u00f6rverseny v\u00e9gre haz\u00e1nkb\u00f3l startol h\u00e1rom szakasszal, de a szervez\u0151 RCS Sport a budapesti \u201eNagy Rajtot\u201d k\u00f6vet\u0151en ler\u00e1ntotta a leplet az \u00fatvonal t\u00f6bbi r\u00e9sz\u00e9r\u0151l is.","og_url":"https:\/\/www.welovecycling.com\/hu\/orszaguti-kerekpar\/harom-magyar-nap-utan-etna-brutalis-utolso-het-csupan-26-km-idofutam-itt-a-2022-es-giro-utvonala\/","og_site_name":"\u0160koda We Love Cycling - Magyarorsz\u00e1g","article_publisher":"https:\/\/www.facebook.com\/WeLoveCyclingHungary\/","article_published_time":"2021-11-14T06:00:41+00:00","og_image":[{"width":1400,"height":972,"url":"https:\/\/d2p6e6u75xmxt8.cloudfront.net\/12\/2021\/11\/mortirolo.jpg","type":"image\/jpeg"}],"author":"hegyizs","twitter_card":"summary_large_image","twitter_misc":{"Written by":"WLC","Est. reading time":"3 minutes"},"schema":{"@context":"https:\/\/schema.org","@graph":[{"@type":"WebPage","@id":"https:\/\/www.welovecycling.com\/hu\/orszaguti-kerekpar\/harom-magyar-nap-utan-etna-brutalis-utolso-het-csupan-26-km-idofutam-itt-a-2022-es-giro-utvonala\/","url":"https:\/\/www.welovecycling.com\/hu\/orszaguti-kerekpar\/harom-magyar-nap-utan-etna-brutalis-utolso-het-csupan-26-km-idofutam-itt-a-2022-es-giro-utvonala\/","name":"H\u00e1rom magyar nap ut\u00e1n Etna, brut\u00e1lis utols\u00f3 h\u00e9t, csup\u00e1n 26 km id\u0151futam \u2013 itt a 2022-es Giro \u00fatvonala!","isPartOf":{"@id":"https:\/\/www.welovecycling.com\/hu\/#website"},"primaryImageOfPage":{"@id":"https:\/\/www.welovecycling.com\/hu\/orszaguti-kerekpar\/harom-magyar-nap-utan-etna-brutalis-utolso-het-csupan-26-km-idofutam-itt-a-2022-es-giro-utvonala\/#primaryimage"},"image":{"@id":"https:\/\/www.welovecycling.com\/hu\/orszaguti-kerekpar\/harom-magyar-nap-utan-etna-brutalis-utolso-het-csupan-26-km-idofutam-itt-a-2022-es-giro-utvonala\/#primaryimage"},"thumbnailUrl":"https:\/\/d2p6e6u75xmxt8.cloudfront.net\/12\/2021\/11\/mortirolo.jpg","datePublished":"2021-11-14T06:00:41+00:00","author":{"@id":"https:\/\/www.welovecycling.com\/hu\/#\/schema\/person\/414a2aebf1801691a5320edb6468e194"},"description":"Azt m\u00e1r mindenki tudja, hogy a j\u00f6v\u0151 \u00e9vi olasz k\u00f6rverseny v\u00e9gre haz\u00e1nkb\u00f3l startol h\u00e1rom szakasszal, de a szervez\u0151 RCS Sport a budapesti \u201eNagy Rajtot\u201d k\u00f6vet\u0151en ler\u00e1ntotta a leplet az \u00fatvonal t\u00f6bbi r\u00e9sz\u00e9r\u0151l is.","breadcrumb":{"@id":"https:\/\/www.welovecycling.com\/hu\/orszaguti-kerekpar\/harom-magyar-nap-utan-etna-brutalis-utolso-het-csupan-26-km-idofutam-itt-a-2022-es-giro-utvonala\/#breadcrumb"},"inLanguage":"hu","potentialAction":[{"@type":"ReadAction","target":["https:\/\/www.welovecycling.com\/hu\/orszaguti-kerekpar\/harom-magyar-nap-utan-etna-brutalis-utolso-het-csupan-26-km-idofutam-itt-a-2022-es-giro-utvonala\/"]}]},{"@type":"ImageObject","inLanguage":"hu","@id":"https:\/\/www.welovecycling.com\/hu\/orszaguti-kerekpar\/harom-magyar-nap-utan-etna-brutalis-utolso-het-csupan-26-km-idofutam-itt-a-2022-es-giro-utvonala\/#primaryimage","url":"https:\/\/d2p6e6u75xmxt8.cloudfront.net\/12\/2021\/11\/mortirolo.jpg","contentUrl":"https:\/\/d2p6e6u75xmxt8.cloudfront.net\/12\/2021\/11\/mortirolo.jpg","width":1400,"height":972},{"@type":"BreadcrumbList","@id":"https:\/\/www.welovecycling.com\/hu\/orszaguti-kerekpar\/harom-magyar-nap-utan-etna-brutalis-utolso-het-csupan-26-km-idofutam-itt-a-2022-es-giro-utvonala\/#breadcrumb","itemListElement":[{"@type":"ListItem","position":1,"name":"Home","item":"https:\/\/www.welovecycling.com\/hu\/"},{"@type":"ListItem","position":2,"name":"H\u00e1rom magyar nap ut\u00e1n Etna, brut\u00e1lis utols\u00f3 h\u00e9t, csup\u00e1n 26 km id\u0151futam \u2013 itt a 2022-es Giro \u00fatvonala!"}]},{"@type":"WebSite","@id":"https:\/\/www.welovecycling.com\/hu\/#website","url":"https:\/\/www.welovecycling.com\/hu\/","name":"\u0160koda We Love Cycling - Magyarorsz\u00e1g","description":"\u0160koda WeLoveCycling","potentialAction":[{"@type":"SearchAction","target":{"@type":"EntryPoint","urlTemplate":"https:\/\/www.welovecycling.com\/hu\/?s={search_term_string}"},"query-input":{"@type":"PropertyValueSpecification","valueRequired":true,"valueName":"search_term_string"}}],"inLanguage":"hu"},{"@type":"Person","@id":"https:\/\/www.welovecycling.com\/hu\/#\/schema\/person\/414a2aebf1801691a5320edb6468e194","name":"hegyizs","image":{"@type":"ImageObject","inLanguage":"hu","@id":"https:\/\/www.welovecycling.com\/hu\/#\/schema\/person\/image\/","url":"https:\/\/secure.gravatar.com\/avatar\/02cf8a7906b8cf90cecb4679defac7cfd33a1c2e3b88e4903d947f3bb58eedd3?s=96&d=mm&r=g","contentUrl":"https:\/\/secure.gravatar.com\/avatar\/02cf8a7906b8cf90cecb4679defac7cfd33a1c2e3b88e4903d947f3bb58eedd3?s=96&d=mm&r=g","caption":"hegyizs"},"url":"https:\/\/www.welovecycling.com\/hu\/author\/hegyizs\/"}]}},"_links":{"self":[{"href":"https:\/\/www.welovecycling.com\/hu\/wp-json\/wp\/v2\/posts\/12937","targetHints":{"allow":["GET"]}}],"collection":[{"href":"https:\/\/www.welovecycling.com\/hu\/wp-json\/wp\/v2\/posts"}],"about":[{"href":"https:\/\/www.welovecycling.com\/hu\/wp-json\/wp\/v2\/types\/post"}],"author":[{"embeddable":true,"href":"https:\/\/www.welovecycling.com\/hu\/wp-json\/wp\/v2\/users\/71"}],"replies":[{"embeddable":true,"href":"https:\/\/www.welovecycling.com\/hu\/wp-json\/wp\/v2\/comments?post=12937"}],"version-history":[{"count":2,"href":"https:\/\/www.welovecycling.com\/hu\/wp-json\/wp\/v2\/posts\/12937\/revisions"}],"predecessor-version":[{"id":12945,"href":"https:\/\/www.welovecycling.com\/hu\/wp-json\/wp\/v2\/posts\/12937\/revisions\/12945"}],"wp:featuredmedia":[{"embeddable":true,"href":"https:\/\/www.welovecycling.com\/hu\/wp-json\/wp\/v2\/media\/12939"}],"wp:attachment":[{"href":"https:\/\/www.welovecycling.com\/hu\/wp-json\/wp\/v2\/media?parent=12937"}],"wp:term":[{"taxonomy":"category","embeddable":true,"href":"https:\/\/www.welovecycling.com\/hu\/wp-json\/wp\/v2\/categories?post=12937"},{"taxonomy":"post_tag","embeddable":true,"href":"https:\/\/www.welovecycling.com\/hu\/wp-json\/wp\/v2\/tags?post=12937"},{"taxonomy":"global-categories","embeddable":true,"href":"https:\/\/www.welovecycling.com\/hu\/wp-json\/wp\/v2\/global-categories?post=12937"}],"curies":[{"name":"wp","href":"https:\/\/api.w.org\/{rel}","templated":true}]}}