{"id":12913,"date":"2021-11-18T08:00:43","date_gmt":"2021-11-18T06:00:43","guid":{"rendered":"https:\/\/www.welovecycling.com\/hu\/?p=12913"},"modified":"2021-11-15T13:31:42","modified_gmt":"2021-11-15T11:31:42","slug":"a-10-legrosszabb-bicikliut-az-egyesult-kiralysagban","status":"publish","type":"post","link":"https:\/\/www.welovecycling.com\/hu\/varosi-kerekparozas\/a-10-legrosszabb-bicikliut-az-egyesult-kiralysagban\/","title":{"rendered":"A 10 legrosszabb bicikli\u00fat az Egyes\u00fclt Kir\u00e1lys\u00e1gban"},"content":{"rendered":"<p><strong>Nem sokkal ezel\u0151tt a We Love Cycling brit k\u00e9pviselete mer\u00e9sz c\u00e9lt t\u0171z\u00f6tt ki maga el\u00e9: \u00f6sszegy\u0171jteni az orsz\u00e1g legrosszabb bringa\u00fatjait! Egy t\u00f6bb r\u00e9gi\u00f3ban is megval\u00f3sul\u00f3 kamp\u00e1ny r\u00e9szek\u00e9nt \u00e1llhatott \u00f6ssze az al\u00e1bbi gal\u00e9ria, mely a haszn\u00e1lhatatlan ker\u00e9kp\u00e1rutak \u00e1llapot\u00e1ra h\u00edvja fel a figyelmet. Jobb utakat akarunk! De addig is, nevess\u00fck a rosszakon!<\/strong><\/p>\n<p><!--more--><\/p>\n<p>A Covid-19 j\u00e1rv\u00e1ny minden borzalma mellett adott valami j\u00f3t is a vil\u00e1gnak: seg\u00edtett \u00e1talak\u00edtani a k\u00f6zleked\u00e9si szok\u00e1sainkat, m\u00e9ghozz\u00e1 j\u00f3 ir\u00e1nyba! Sz\u00e1mos orsz\u00e1g v\u00e1gott bele ker\u00e9kp\u00e1ros fejleszt\u00e9sekbe, hogy ki tudj\u00e1k szolg\u00e1lni a megn\u00f6vekedett bring\u00e1s forgalom ig\u00e9nyeit. Mindig van azonban hova fejl\u0151dni.<\/p>\n<h2><strong>1.\u00a0Ki szeret vesz\u00e9lyesen \u00e9lni?<\/strong><\/h2>\n<figure id=\"attachment_12914\" aria-describedby=\"caption-attachment-12914\" style=\"width: 720px\" class=\"wp-caption alignnone\"><a href=\"https:\/\/d2p6e6u75xmxt8.cloudfront.net\/12\/2021\/11\/Norwich.jpg\"><img loading=\"lazy\" decoding=\"async\" class=\"wp-image-12914 size-full\" src=\"https:\/\/d2p6e6u75xmxt8.cloudfront.net\/12\/2021\/11\/Norwich.jpg\" alt=\"Norwich cycle lane\" width=\"720\" height=\"720\" srcset=\"https:\/\/d2p6e6u75xmxt8.cloudfront.net\/12\/2021\/11\/Norwich.jpg 720w, https:\/\/d2p6e6u75xmxt8.cloudfront.net\/12\/2021\/11\/Norwich-300x300.jpg 300w, https:\/\/d2p6e6u75xmxt8.cloudfront.net\/12\/2021\/11\/Norwich-150x150.jpg 150w\" sizes=\"auto, (max-width: 720px) 100vw, 720px\" \/><\/a><figcaption id=\"caption-attachment-12914\" class=\"wp-caption-text\">Norwich<\/figcaption><\/figure>\n<h2><strong>2. Ez itt a 9 \u00e9s h\u00e1romnegyedik v\u00e1g\u00e1ny?<\/strong><\/h2>\n<figure id=\"attachment_12915\" aria-describedby=\"caption-attachment-12915\" style=\"width: 720px\" class=\"wp-caption alignnone\"><a href=\"https:\/\/d2p6e6u75xmxt8.cloudfront.net\/2\/2021\/08\/Leicester2CEngland.Theshortestcyclelane3F_6118b6e83b58f.jpg\"><img loading=\"lazy\" decoding=\"async\" class=\"wp-image-12915\" src=\"https:\/\/d2p6e6u75xmxt8.cloudfront.net\/12\/2021\/11\/Leicester2CEngland.Theshortestcyclelane3F_6118b6e83b58f-1024x1024.jpg\" alt=\"Leicester\" width=\"720\" height=\"720\" srcset=\"https:\/\/d2p6e6u75xmxt8.cloudfront.net\/12\/2021\/11\/Leicester2CEngland.Theshortestcyclelane3F_6118b6e83b58f-1024x1024.jpg 1024w, https:\/\/d2p6e6u75xmxt8.cloudfront.net\/12\/2021\/11\/Leicester2CEngland.Theshortestcyclelane3F_6118b6e83b58f-300x300.jpg 300w, https:\/\/d2p6e6u75xmxt8.cloudfront.net\/12\/2021\/11\/Leicester2CEngland.Theshortestcyclelane3F_6118b6e83b58f-150x150.jpg 150w, https:\/\/d2p6e6u75xmxt8.cloudfront.net\/12\/2021\/11\/Leicester2CEngland.Theshortestcyclelane3F_6118b6e83b58f-768x768.jpg 768w, https:\/\/d2p6e6u75xmxt8.cloudfront.net\/12\/2021\/11\/Leicester2CEngland.Theshortestcyclelane3F_6118b6e83b58f.jpg 1504w\" sizes=\"auto, (max-width: 720px) 100vw, 720px\" \/><\/a><figcaption id=\"caption-attachment-12915\" class=\"wp-caption-text\">Leicester<\/figcaption><\/figure>\n<h2><strong>3. Gyakorl\u00f3p\u00e1lya kezd\u0151 \u00e9s halad\u00f3 ugrat\u00f3knak!<\/strong><\/h2>\n<p><a href=\"https:\/\/d2p6e6u75xmxt8.cloudfront.net\/12\/2021\/11\/Lowestoft.jpg\"><img loading=\"lazy\" decoding=\"async\" class=\"wp-image-12916 size-full\" src=\"https:\/\/d2p6e6u75xmxt8.cloudfront.net\/12\/2021\/11\/Lowestoft.jpg\" alt=\"Lowestoft cycle lane\" width=\"720\" height=\"720\" srcset=\"https:\/\/d2p6e6u75xmxt8.cloudfront.net\/12\/2021\/11\/Lowestoft.jpg 720w, https:\/\/d2p6e6u75xmxt8.cloudfront.net\/12\/2021\/11\/Lowestoft-300x300.jpg 300w, https:\/\/d2p6e6u75xmxt8.cloudfront.net\/12\/2021\/11\/Lowestoft-150x150.jpg 150w\" sizes=\"auto, (max-width: 720px) 100vw, 720px\" \/><\/a><\/p>\n<h2><strong>4. BMX p\u00e1lya, nem csak BMX-eseknek<\/strong><\/h2>\n<figure id=\"attachment_12917\" aria-describedby=\"caption-attachment-12917\" style=\"width: 720px\" class=\"wp-caption alignnone\"><a href=\"https:\/\/d2p6e6u75xmxt8.cloudfront.net\/12\/2021\/11\/Torquay-cycle-path-profimedia-0297770563-1.jpg\"><img loading=\"lazy\" decoding=\"async\" class=\"wp-image-12917\" src=\"https:\/\/d2p6e6u75xmxt8.cloudfront.net\/12\/2021\/11\/Torquay-cycle-path-profimedia-0297770563-1.jpg\" alt=\"Torquay cycle path\" width=\"720\" height=\"720\" srcset=\"https:\/\/d2p6e6u75xmxt8.cloudfront.net\/12\/2021\/11\/Torquay-cycle-path-profimedia-0297770563-1.jpg 800w, https:\/\/d2p6e6u75xmxt8.cloudfront.net\/12\/2021\/11\/Torquay-cycle-path-profimedia-0297770563-1-300x300.jpg 300w, https:\/\/d2p6e6u75xmxt8.cloudfront.net\/12\/2021\/11\/Torquay-cycle-path-profimedia-0297770563-1-150x150.jpg 150w, https:\/\/d2p6e6u75xmxt8.cloudfront.net\/12\/2021\/11\/Torquay-cycle-path-profimedia-0297770563-1-768x768.jpg 768w\" sizes=\"auto, (max-width: 720px) 100vw, 720px\" \/><\/a><figcaption id=\"caption-attachment-12917\" class=\"wp-caption-text\">Torquay<\/figcaption><\/figure>\n<h2><strong>5. Limb\u00f3l\u00e1z!<\/strong><\/h2>\n<figure id=\"attachment_12918\" aria-describedby=\"caption-attachment-12918\" style=\"width: 720px\" class=\"wp-caption alignnone\"><a href=\"https:\/\/d2p6e6u75xmxt8.cloudfront.net\/12\/2021\/11\/Youcoulddothelimbo3F_6128883b086c6-scaled-1.jpg\"><img loading=\"lazy\" decoding=\"async\" class=\"wp-image-12918\" src=\"https:\/\/d2p6e6u75xmxt8.cloudfront.net\/12\/2021\/11\/Youcoulddothelimbo3F_6128883b086c6-scaled-1.jpg\" alt=\"Cycle lane\" width=\"720\" height=\"720\" srcset=\"https:\/\/d2p6e6u75xmxt8.cloudfront.net\/12\/2021\/11\/Youcoulddothelimbo3F_6128883b086c6-scaled-1.jpg 896w, https:\/\/d2p6e6u75xmxt8.cloudfront.net\/12\/2021\/11\/Youcoulddothelimbo3F_6128883b086c6-scaled-1-300x300.jpg 300w, https:\/\/d2p6e6u75xmxt8.cloudfront.net\/12\/2021\/11\/Youcoulddothelimbo3F_6128883b086c6-scaled-1-150x150.jpg 150w, https:\/\/d2p6e6u75xmxt8.cloudfront.net\/12\/2021\/11\/Youcoulddothelimbo3F_6128883b086c6-scaled-1-768x768.jpg 768w\" sizes=\"auto, (max-width: 720px) 100vw, 720px\" \/><\/a><figcaption id=\"caption-attachment-12918\" class=\"wp-caption-text\">Stratford-upon-Avon<\/figcaption><\/figure>\n<h2><strong>6. A v\u00e1rosi bicikliz\u00e9s extr\u00e9m sport!<\/strong><\/h2>\n<figure id=\"attachment_12919\" aria-describedby=\"caption-attachment-12919\" style=\"width: 720px\" class=\"wp-caption alignnone\"><a href=\"https:\/\/d2p6e6u75xmxt8.cloudfront.net\/12\/2021\/11\/VictoriaPark.jpg\"><img loading=\"lazy\" decoding=\"async\" class=\"wp-image-12919 size-full\" src=\"https:\/\/d2p6e6u75xmxt8.cloudfront.net\/12\/2021\/11\/VictoriaPark.jpg\" alt=\"Victoria Park cycle path\" width=\"720\" height=\"720\" srcset=\"https:\/\/d2p6e6u75xmxt8.cloudfront.net\/12\/2021\/11\/VictoriaPark.jpg 720w, https:\/\/d2p6e6u75xmxt8.cloudfront.net\/12\/2021\/11\/VictoriaPark-300x300.jpg 300w, https:\/\/d2p6e6u75xmxt8.cloudfront.net\/12\/2021\/11\/VictoriaPark-150x150.jpg 150w\" sizes=\"auto, (max-width: 720px) 100vw, 720px\" \/><\/a><figcaption id=\"caption-attachment-12919\" class=\"wp-caption-text\">Plymouth<\/figcaption><\/figure>\n<h2><strong>7. Az aberdeeni v\u00e1rosvezet\u00e9s nem becs\u00fcli sokra a bicikliseket<\/strong><\/h2>\n<figure id=\"attachment_12920\" aria-describedby=\"caption-attachment-12920\" style=\"width: 720px\" class=\"wp-caption alignnone\"><a href=\"https:\/\/d2p6e6u75xmxt8.cloudfront.net\/12\/2021\/11\/Trashylane.jpg\"><img loading=\"lazy\" decoding=\"async\" class=\"wp-image-12920\" src=\"https:\/\/d2p6e6u75xmxt8.cloudfront.net\/12\/2021\/11\/Trashylane.jpg\" alt=\"Cycle lane\" width=\"720\" height=\"720\" srcset=\"https:\/\/d2p6e6u75xmxt8.cloudfront.net\/12\/2021\/11\/Trashylane.jpg 768w, https:\/\/d2p6e6u75xmxt8.cloudfront.net\/12\/2021\/11\/Trashylane-300x300.jpg 300w, https:\/\/d2p6e6u75xmxt8.cloudfront.net\/12\/2021\/11\/Trashylane-150x150.jpg 150w\" sizes=\"auto, (max-width: 720px) 100vw, 720px\" \/><\/a><figcaption id=\"caption-attachment-12920\" class=\"wp-caption-text\">Aberdeen<\/figcaption><\/figure>\n<h2><strong>8. Az eg\u00e9szen pici embereknek, eg\u00e9szen pici biciklikkel<\/strong><\/h2>\n<figure id=\"attachment_12921\" aria-describedby=\"caption-attachment-12921\" style=\"width: 720px\" class=\"wp-caption alignnone\"><a href=\"https:\/\/d2p6e6u75xmxt8.cloudfront.net\/12\/2021\/11\/Tinybike.jpg\"><img loading=\"lazy\" decoding=\"async\" class=\"size-full wp-image-12921\" src=\"https:\/\/d2p6e6u75xmxt8.cloudfront.net\/12\/2021\/11\/Tinybike.jpg\" alt=\"Tiny cycle lane\" width=\"720\" height=\"720\" srcset=\"https:\/\/d2p6e6u75xmxt8.cloudfront.net\/12\/2021\/11\/Tinybike.jpg 720w, https:\/\/d2p6e6u75xmxt8.cloudfront.net\/12\/2021\/11\/Tinybike-300x300.jpg 300w, https:\/\/d2p6e6u75xmxt8.cloudfront.net\/12\/2021\/11\/Tinybike-150x150.jpg 150w\" sizes=\"auto, (max-width: 720px) 100vw, 720px\" \/><\/a><figcaption id=\"caption-attachment-12921\" class=\"wp-caption-text\">Leeds<\/figcaption><\/figure>\n<h2><strong>9. J\u00f6hetnek a harci sebek?<\/strong><\/h2>\n<p><a href=\"https:\/\/d2p6e6u75xmxt8.cloudfront.net\/12\/2021\/11\/Bushy-lane.jpg\"><img loading=\"lazy\" decoding=\"async\" class=\"alignnone size-full wp-image-12922\" src=\"https:\/\/d2p6e6u75xmxt8.cloudfront.net\/12\/2021\/11\/Bushy-lane.jpg\" alt=\"A bushy lane\" width=\"720\" height=\"720\" srcset=\"https:\/\/d2p6e6u75xmxt8.cloudfront.net\/12\/2021\/11\/Bushy-lane.jpg 720w, https:\/\/d2p6e6u75xmxt8.cloudfront.net\/12\/2021\/11\/Bushy-lane-300x300.jpg 300w, https:\/\/d2p6e6u75xmxt8.cloudfront.net\/12\/2021\/11\/Bushy-lane-150x150.jpg 150w\" sizes=\"auto, (max-width: 720px) 100vw, 720px\" \/><\/a><\/p>\n<h2><strong>10. Logikus. Hogy is lehetne m\u00e1sk\u00e9pp?<\/strong><\/h2>\n<figure id=\"attachment_12923\" aria-describedby=\"caption-attachment-12923\" style=\"width: 720px\" class=\"wp-caption alignnone\"><a href=\"https:\/\/d2p6e6u75xmxt8.cloudfront.net\/12\/2021\/11\/Basingstoke2CUKF09FA4A6F09F8FBBE2808DE29982EFB88F_6113c0c7ae78f.jpg\"><img loading=\"lazy\" decoding=\"async\" class=\"wp-image-12923 size-full\" src=\"https:\/\/d2p6e6u75xmxt8.cloudfront.net\/12\/2021\/11\/Basingstoke2CUKF09FA4A6F09F8FBBE2808DE29982EFB88F_6113c0c7ae78f.jpg\" alt=\"Basingstoke cycle path\" width=\"720\" height=\"720\" srcset=\"https:\/\/d2p6e6u75xmxt8.cloudfront.net\/12\/2021\/11\/Basingstoke2CUKF09FA4A6F09F8FBBE2808DE29982EFB88F_6113c0c7ae78f.jpg 720w, https:\/\/d2p6e6u75xmxt8.cloudfront.net\/12\/2021\/11\/Basingstoke2CUKF09FA4A6F09F8FBBE2808DE29982EFB88F_6113c0c7ae78f-300x300.jpg 300w, https:\/\/d2p6e6u75xmxt8.cloudfront.net\/12\/2021\/11\/Basingstoke2CUKF09FA4A6F09F8FBBE2808DE29982EFB88F_6113c0c7ae78f-150x150.jpg 150w\" sizes=\"auto, (max-width: 720px) 100vw, 720px\" \/><\/a><figcaption id=\"caption-attachment-12923\" class=\"wp-caption-text\">Basingstoke<\/figcaption><\/figure>\n","protected":false},"excerpt":{"rendered":"<p>Nem sokkal ezel\u0151tt a We Love Cycling brit k\u00e9pviselete mer\u00e9sz c\u00e9lt t\u0171z\u00f6tt ki maga el\u00e9: \u00f6sszegy\u0171jteni az orsz\u00e1g legrosszabb bringa\u00fatjait! [&hellip;]<\/p>\n","protected":false},"author":71,"featured_media":12925,"comment_status":"open","ping_status":"open","sticky":false,"template":"","format":"standard","meta":{"footnotes":""},"categories":[9],"tags":[],"global-categories":[],"class_list":["post-12913","post","type-post","status-publish","format-standard","has-post-thumbnail","hentry","category-varosi-kerekparozas"],"yoast_head":"<!-- This site is optimized with the Yoast SEO Premium plugin v25.3 (Yoast SEO v25.9) - https:\/\/yoast.com\/wordpress\/plugins\/seo\/ -->\n<title>A 10 legrosszabb bicikli\u00fat az Egyes\u00fclt Kir\u00e1lys\u00e1gban<\/title>\n<meta name=\"description\" content=\"Nem sokkal ezel\u0151tt a We Love Cycling brit k\u00e9pviselete mer\u00e9sz c\u00e9lt t\u0171z\u00f6tt ki maga el\u00e9: \u00f6sszegy\u0171jteni az orsz\u00e1g legrosszabb bringa\u00fatjait! Egy t\u00f6bb r\u00e9gi\u00f3ban is megval\u00f3sul\u00f3 kamp\u00e1ny r\u00e9szek\u00e9nt \u00e1llhatott \u00f6ssze az al\u00e1bbi gal\u00e9ria, mely a haszn\u00e1lhatatlan ker\u00e9kp\u00e1rutak \u00e1llapot\u00e1ra h\u00edvja fel a figyelmet. Jobb utakat akarunk! De addig is, nevess\u00fck a rosszakon!\" \/>\n<meta name=\"robots\" content=\"index, follow, max-snippet:-1, max-image-preview:large, max-video-preview:-1\" \/>\n<link rel=\"canonical\" href=\"https:\/\/www.welovecycling.com\/hu\/varosi-kerekparozas\/a-10-legrosszabb-bicikliut-az-egyesult-kiralysagban\/\" \/>\n<meta property=\"og:locale\" content=\"hu_HU\" \/>\n<meta property=\"og:type\" content=\"article\" \/>\n<meta property=\"og:title\" content=\"A 10 legrosszabb bicikli\u00fat az Egyes\u00fclt Kir\u00e1lys\u00e1gban\" \/>\n<meta property=\"og:description\" content=\"Nem sokkal ezel\u0151tt a We Love Cycling brit k\u00e9pviselete mer\u00e9sz c\u00e9lt t\u0171z\u00f6tt ki maga el\u00e9: \u00f6sszegy\u0171jteni az orsz\u00e1g legrosszabb bringa\u00fatjait! Egy t\u00f6bb r\u00e9gi\u00f3ban is megval\u00f3sul\u00f3 kamp\u00e1ny r\u00e9szek\u00e9nt \u00e1llhatott \u00f6ssze az al\u00e1bbi gal\u00e9ria, mely a haszn\u00e1lhatatlan ker\u00e9kp\u00e1rutak \u00e1llapot\u00e1ra h\u00edvja fel a figyelmet. Jobb utakat akarunk! De addig is, nevess\u00fck a rosszakon!\" \/>\n<meta property=\"og:url\" content=\"https:\/\/www.welovecycling.com\/hu\/varosi-kerekparozas\/a-10-legrosszabb-bicikliut-az-egyesult-kiralysagban\/\" \/>\n<meta property=\"og:site_name\" content=\"\u0160koda We Love Cycling - Magyarorsz\u00e1g\" \/>\n<meta property=\"article:publisher\" content=\"https:\/\/www.facebook.com\/WeLoveCyclingHungary\/\" \/>\n<meta property=\"article:published_time\" content=\"2021-11-18T06:00:43+00:00\" \/>\n<meta property=\"og:image\" content=\"https:\/\/d2p6e6u75xmxt8.cloudfront.net\/12\/2021\/11\/Worst-cycle-lane.jpg\" \/>\n\t<meta property=\"og:image:width\" content=\"1366\" \/>\n\t<meta property=\"og:image:height\" content=\"600\" \/>\n\t<meta property=\"og:image:type\" content=\"image\/jpeg\" \/>\n<meta name=\"author\" content=\"hegyizs\" \/>\n<meta name=\"twitter:card\" content=\"summary_large_image\" \/>\n<meta name=\"twitter:title\" content=\"A 10 legrosszabb bicikli\u00fat az Egyes\u00fclt Kir\u00e1lys\u00e1gban\" \/>\n<meta name=\"twitter:label1\" content=\"Written by\" \/>\n\t<meta name=\"twitter:data1\" content=\"WeLoveCycling\" \/>\n\t<meta name=\"twitter:label2\" content=\"Est. reading time\" \/>\n\t<meta name=\"twitter:data2\" content=\"5\" \/>\n<script type=\"application\/ld+json\" class=\"yoast-schema-graph\">{\"@context\":\"https:\/\/schema.org\",\"@graph\":[{\"@type\":\"WebPage\",\"@id\":\"https:\/\/www.welovecycling.com\/hu\/varosi-kerekparozas\/a-10-legrosszabb-bicikliut-az-egyesult-kiralysagban\/\",\"url\":\"https:\/\/www.welovecycling.com\/hu\/varosi-kerekparozas\/a-10-legrosszabb-bicikliut-az-egyesult-kiralysagban\/\",\"name\":\"A 10 legrosszabb bicikli\u00fat az Egyes\u00fclt Kir\u00e1lys\u00e1gban\",\"isPartOf\":{\"@id\":\"https:\/\/www.welovecycling.com\/hu\/#website\"},\"primaryImageOfPage\":{\"@id\":\"https:\/\/www.welovecycling.com\/hu\/varosi-kerekparozas\/a-10-legrosszabb-bicikliut-az-egyesult-kiralysagban\/#primaryimage\"},\"image\":{\"@id\":\"https:\/\/www.welovecycling.com\/hu\/varosi-kerekparozas\/a-10-legrosszabb-bicikliut-az-egyesult-kiralysagban\/#primaryimage\"},\"thumbnailUrl\":\"https:\/\/d2p6e6u75xmxt8.cloudfront.net\/12\/2021\/11\/Worst-cycle-lane.jpg\",\"datePublished\":\"2021-11-18T06:00:43+00:00\",\"author\":{\"@id\":\"https:\/\/www.welovecycling.com\/hu\/#\/schema\/person\/414a2aebf1801691a5320edb6468e194\"},\"description\":\"Nem sokkal ezel\u0151tt a We Love Cycling brit k\u00e9pviselete mer\u00e9sz c\u00e9lt t\u0171z\u00f6tt ki maga el\u00e9: \u00f6sszegy\u0171jteni az orsz\u00e1g legrosszabb bringa\u00fatjait! Egy t\u00f6bb r\u00e9gi\u00f3ban is megval\u00f3sul\u00f3 kamp\u00e1ny r\u00e9szek\u00e9nt \u00e1llhatott \u00f6ssze az al\u00e1bbi gal\u00e9ria, mely a haszn\u00e1lhatatlan ker\u00e9kp\u00e1rutak \u00e1llapot\u00e1ra h\u00edvja fel a figyelmet. Jobb utakat akarunk! De addig is, nevess\u00fck a rosszakon!\",\"breadcrumb\":{\"@id\":\"https:\/\/www.welovecycling.com\/hu\/varosi-kerekparozas\/a-10-legrosszabb-bicikliut-az-egyesult-kiralysagban\/#breadcrumb\"},\"inLanguage\":\"hu\",\"potentialAction\":[{\"@type\":\"ReadAction\",\"target\":[\"https:\/\/www.welovecycling.com\/hu\/varosi-kerekparozas\/a-10-legrosszabb-bicikliut-az-egyesult-kiralysagban\/\"]}]},{\"@type\":\"ImageObject\",\"inLanguage\":\"hu\",\"@id\":\"https:\/\/www.welovecycling.com\/hu\/varosi-kerekparozas\/a-10-legrosszabb-bicikliut-az-egyesult-kiralysagban\/#primaryimage\",\"url\":\"https:\/\/d2p6e6u75xmxt8.cloudfront.net\/12\/2021\/11\/Worst-cycle-lane.jpg\",\"contentUrl\":\"https:\/\/d2p6e6u75xmxt8.cloudfront.net\/12\/2021\/11\/Worst-cycle-lane.jpg\",\"width\":1366,\"height\":600,\"caption\":\"UK\"},{\"@type\":\"BreadcrumbList\",\"@id\":\"https:\/\/www.welovecycling.com\/hu\/varosi-kerekparozas\/a-10-legrosszabb-bicikliut-az-egyesult-kiralysagban\/#breadcrumb\",\"itemListElement\":[{\"@type\":\"ListItem\",\"position\":1,\"name\":\"Home\",\"item\":\"https:\/\/www.welovecycling.com\/hu\/\"},{\"@type\":\"ListItem\",\"position\":2,\"name\":\"A 10 legrosszabb bicikli\u00fat az Egyes\u00fclt Kir\u00e1lys\u00e1gban\"}]},{\"@type\":\"WebSite\",\"@id\":\"https:\/\/www.welovecycling.com\/hu\/#website\",\"url\":\"https:\/\/www.welovecycling.com\/hu\/\",\"name\":\"\u0160koda We Love Cycling - Magyarorsz\u00e1g\",\"description\":\"\u0160koda WeLoveCycling\",\"potentialAction\":[{\"@type\":\"SearchAction\",\"target\":{\"@type\":\"EntryPoint\",\"urlTemplate\":\"https:\/\/www.welovecycling.com\/hu\/?s={search_term_string}\"},\"query-input\":{\"@type\":\"PropertyValueSpecification\",\"valueRequired\":true,\"valueName\":\"search_term_string\"}}],\"inLanguage\":\"hu\"},{\"@type\":\"Person\",\"@id\":\"https:\/\/www.welovecycling.com\/hu\/#\/schema\/person\/414a2aebf1801691a5320edb6468e194\",\"name\":\"hegyizs\",\"image\":{\"@type\":\"ImageObject\",\"inLanguage\":\"hu\",\"@id\":\"https:\/\/www.welovecycling.com\/hu\/#\/schema\/person\/image\/\",\"url\":\"https:\/\/secure.gravatar.com\/avatar\/02cf8a7906b8cf90cecb4679defac7cfd33a1c2e3b88e4903d947f3bb58eedd3?s=96&d=mm&r=g\",\"contentUrl\":\"https:\/\/secure.gravatar.com\/avatar\/02cf8a7906b8cf90cecb4679defac7cfd33a1c2e3b88e4903d947f3bb58eedd3?s=96&d=mm&r=g\",\"caption\":\"hegyizs\"},\"url\":\"https:\/\/www.welovecycling.com\/hu\/author\/hegyizs\/\"}]}<\/script>\n<!-- \/ Yoast SEO Premium plugin. -->","yoast_head_json":{"title":"A 10 legrosszabb bicikli\u00fat az Egyes\u00fclt Kir\u00e1lys\u00e1gban","description":"Nem sokkal ezel\u0151tt a We Love Cycling brit k\u00e9pviselete mer\u00e9sz c\u00e9lt t\u0171z\u00f6tt ki maga el\u00e9: \u00f6sszegy\u0171jteni az orsz\u00e1g legrosszabb bringa\u00fatjait! Egy t\u00f6bb r\u00e9gi\u00f3ban is megval\u00f3sul\u00f3 kamp\u00e1ny r\u00e9szek\u00e9nt \u00e1llhatott \u00f6ssze az al\u00e1bbi gal\u00e9ria, mely a haszn\u00e1lhatatlan ker\u00e9kp\u00e1rutak \u00e1llapot\u00e1ra h\u00edvja fel a figyelmet. Jobb utakat akarunk! De addig is, nevess\u00fck a rosszakon!","robots":{"index":"index","follow":"follow","max-snippet":"max-snippet:-1","max-image-preview":"max-image-preview:large","max-video-preview":"max-video-preview:-1"},"canonical":"https:\/\/www.welovecycling.com\/hu\/varosi-kerekparozas\/a-10-legrosszabb-bicikliut-az-egyesult-kiralysagban\/","og_locale":"hu_HU","og_type":"article","og_title":"A 10 legrosszabb bicikli\u00fat az Egyes\u00fclt Kir\u00e1lys\u00e1gban","og_description":"Nem sokkal ezel\u0151tt a We Love Cycling brit k\u00e9pviselete mer\u00e9sz c\u00e9lt t\u0171z\u00f6tt ki maga el\u00e9: \u00f6sszegy\u0171jteni az orsz\u00e1g legrosszabb bringa\u00fatjait! Egy t\u00f6bb r\u00e9gi\u00f3ban is megval\u00f3sul\u00f3 kamp\u00e1ny r\u00e9szek\u00e9nt \u00e1llhatott \u00f6ssze az al\u00e1bbi gal\u00e9ria, mely a haszn\u00e1lhatatlan ker\u00e9kp\u00e1rutak \u00e1llapot\u00e1ra h\u00edvja fel a figyelmet. Jobb utakat akarunk! De addig is, nevess\u00fck a rosszakon!","og_url":"https:\/\/www.welovecycling.com\/hu\/varosi-kerekparozas\/a-10-legrosszabb-bicikliut-az-egyesult-kiralysagban\/","og_site_name":"\u0160koda We Love Cycling - Magyarorsz\u00e1g","article_publisher":"https:\/\/www.facebook.com\/WeLoveCyclingHungary\/","article_published_time":"2021-11-18T06:00:43+00:00","og_image":[{"width":1366,"height":600,"url":"https:\/\/d2p6e6u75xmxt8.cloudfront.net\/12\/2021\/11\/Worst-cycle-lane.jpg","type":"image\/jpeg"}],"author":"hegyizs","twitter_card":"summary_large_image","twitter_title":"A 10 legrosszabb bicikli\u00fat az Egyes\u00fclt Kir\u00e1lys\u00e1gban","twitter_misc":{"Written by":"WeLoveCycling","Est. reading time":"5"},"schema":{"@context":"https:\/\/schema.org","@graph":[{"@type":"WebPage","@id":"https:\/\/www.welovecycling.com\/hu\/varosi-kerekparozas\/a-10-legrosszabb-bicikliut-az-egyesult-kiralysagban\/","url":"https:\/\/www.welovecycling.com\/hu\/varosi-kerekparozas\/a-10-legrosszabb-bicikliut-az-egyesult-kiralysagban\/","name":"A 10 legrosszabb bicikli\u00fat az Egyes\u00fclt Kir\u00e1lys\u00e1gban","isPartOf":{"@id":"https:\/\/www.welovecycling.com\/hu\/#website"},"primaryImageOfPage":{"@id":"https:\/\/www.welovecycling.com\/hu\/varosi-kerekparozas\/a-10-legrosszabb-bicikliut-az-egyesult-kiralysagban\/#primaryimage"},"image":{"@id":"https:\/\/www.welovecycling.com\/hu\/varosi-kerekparozas\/a-10-legrosszabb-bicikliut-az-egyesult-kiralysagban\/#primaryimage"},"thumbnailUrl":"https:\/\/d2p6e6u75xmxt8.cloudfront.net\/12\/2021\/11\/Worst-cycle-lane.jpg","datePublished":"2021-11-18T06:00:43+00:00","author":{"@id":"https:\/\/www.welovecycling.com\/hu\/#\/schema\/person\/414a2aebf1801691a5320edb6468e194"},"description":"Nem sokkal ezel\u0151tt a We Love Cycling brit k\u00e9pviselete mer\u00e9sz c\u00e9lt t\u0171z\u00f6tt ki maga el\u00e9: \u00f6sszegy\u0171jteni az orsz\u00e1g legrosszabb bringa\u00fatjait! Egy t\u00f6bb r\u00e9gi\u00f3ban is megval\u00f3sul\u00f3 kamp\u00e1ny r\u00e9szek\u00e9nt \u00e1llhatott \u00f6ssze az al\u00e1bbi gal\u00e9ria, mely a haszn\u00e1lhatatlan ker\u00e9kp\u00e1rutak \u00e1llapot\u00e1ra h\u00edvja fel a figyelmet. Jobb utakat akarunk! De addig is, nevess\u00fck a rosszakon!","breadcrumb":{"@id":"https:\/\/www.welovecycling.com\/hu\/varosi-kerekparozas\/a-10-legrosszabb-bicikliut-az-egyesult-kiralysagban\/#breadcrumb"},"inLanguage":"hu","potentialAction":[{"@type":"ReadAction","target":["https:\/\/www.welovecycling.com\/hu\/varosi-kerekparozas\/a-10-legrosszabb-bicikliut-az-egyesult-kiralysagban\/"]}]},{"@type":"ImageObject","inLanguage":"hu","@id":"https:\/\/www.welovecycling.com\/hu\/varosi-kerekparozas\/a-10-legrosszabb-bicikliut-az-egyesult-kiralysagban\/#primaryimage","url":"https:\/\/d2p6e6u75xmxt8.cloudfront.net\/12\/2021\/11\/Worst-cycle-lane.jpg","contentUrl":"https:\/\/d2p6e6u75xmxt8.cloudfront.net\/12\/2021\/11\/Worst-cycle-lane.jpg","width":1366,"height":600,"caption":"UK"},{"@type":"BreadcrumbList","@id":"https:\/\/www.welovecycling.com\/hu\/varosi-kerekparozas\/a-10-legrosszabb-bicikliut-az-egyesult-kiralysagban\/#breadcrumb","itemListElement":[{"@type":"ListItem","position":1,"name":"Home","item":"https:\/\/www.welovecycling.com\/hu\/"},{"@type":"ListItem","position":2,"name":"A 10 legrosszabb bicikli\u00fat az Egyes\u00fclt Kir\u00e1lys\u00e1gban"}]},{"@type":"WebSite","@id":"https:\/\/www.welovecycling.com\/hu\/#website","url":"https:\/\/www.welovecycling.com\/hu\/","name":"\u0160koda We Love Cycling - Magyarorsz\u00e1g","description":"\u0160koda WeLoveCycling","potentialAction":[{"@type":"SearchAction","target":{"@type":"EntryPoint","urlTemplate":"https:\/\/www.welovecycling.com\/hu\/?s={search_term_string}"},"query-input":{"@type":"PropertyValueSpecification","valueRequired":true,"valueName":"search_term_string"}}],"inLanguage":"hu"},{"@type":"Person","@id":"https:\/\/www.welovecycling.com\/hu\/#\/schema\/person\/414a2aebf1801691a5320edb6468e194","name":"hegyizs","image":{"@type":"ImageObject","inLanguage":"hu","@id":"https:\/\/www.welovecycling.com\/hu\/#\/schema\/person\/image\/","url":"https:\/\/secure.gravatar.com\/avatar\/02cf8a7906b8cf90cecb4679defac7cfd33a1c2e3b88e4903d947f3bb58eedd3?s=96&d=mm&r=g","contentUrl":"https:\/\/secure.gravatar.com\/avatar\/02cf8a7906b8cf90cecb4679defac7cfd33a1c2e3b88e4903d947f3bb58eedd3?s=96&d=mm&r=g","caption":"hegyizs"},"url":"https:\/\/www.welovecycling.com\/hu\/author\/hegyizs\/"}]}},"_links":{"self":[{"href":"https:\/\/www.welovecycling.com\/hu\/wp-json\/wp\/v2\/posts\/12913","targetHints":{"allow":["GET"]}}],"collection":[{"href":"https:\/\/www.welovecycling.com\/hu\/wp-json\/wp\/v2\/posts"}],"about":[{"href":"https:\/\/www.welovecycling.com\/hu\/wp-json\/wp\/v2\/types\/post"}],"author":[{"embeddable":true,"href":"https:\/\/www.welovecycling.com\/hu\/wp-json\/wp\/v2\/users\/71"}],"replies":[{"embeddable":true,"href":"https:\/\/www.welovecycling.com\/hu\/wp-json\/wp\/v2\/comments?post=12913"}],"version-history":[{"count":2,"href":"https:\/\/www.welovecycling.com\/hu\/wp-json\/wp\/v2\/posts\/12913\/revisions"}],"predecessor-version":[{"id":12935,"href":"https:\/\/www.welovecycling.com\/hu\/wp-json\/wp\/v2\/posts\/12913\/revisions\/12935"}],"wp:featuredmedia":[{"embeddable":true,"href":"https:\/\/www.welovecycling.com\/hu\/wp-json\/wp\/v2\/media\/12925"}],"wp:attachment":[{"href":"https:\/\/www.welovecycling.com\/hu\/wp-json\/wp\/v2\/media?parent=12913"}],"wp:term":[{"taxonomy":"category","embeddable":true,"href":"https:\/\/www.welovecycling.com\/hu\/wp-json\/wp\/v2\/categories?post=12913"},{"taxonomy":"post_tag","embeddable":true,"href":"https:\/\/www.welovecycling.com\/hu\/wp-json\/wp\/v2\/tags?post=12913"},{"taxonomy":"global-categories","embeddable":true,"href":"https:\/\/www.welovecycling.com\/hu\/wp-json\/wp\/v2\/global-categories?post=12913"}],"curies":[{"name":"wp","href":"https:\/\/api.w.org\/{rel}","templated":true}]}}