{"id":12902,"date":"2021-11-16T08:00:55","date_gmt":"2021-11-16T06:00:55","guid":{"rendered":"https:\/\/www.welovecycling.com\/hu\/?p=12902"},"modified":"2021-11-15T16:24:45","modified_gmt":"2021-11-15T14:24:45","slug":"amit-olivia-posmore-esete-elmond-a-versenysport-mentalis-terherol","status":"publish","type":"post","link":"https:\/\/www.welovecycling.com\/hu\/kozosseg-es-kultura\/amit-olivia-posmore-esete-elmond-a-versenysport-mentalis-terherol\/","title":{"rendered":"Amit Olivia Podmore esete elmond a versenysport ment\u00e1lis terh\u00e9r\u0151l"},"content":{"rendered":"<p><strong>Nagy szerepet j\u00e1tszott a ker\u00e9kp\u00e1ros k\u00f6z\u00f6ss\u00e9g a k\u00f6zelm\u00faltban a ment\u00e1lis eg\u00e9szs\u00e9ggel kapcsolatos p\u00e1rbesz\u00e9d er\u0151s\u00edt\u00e9s\u00e9ben. A ment\u00e1lis betegs\u00e9gekkel val\u00f3 k\u00fczdelmeikr\u0151l nyilv\u00e1nosan besz\u00e9l\u0151 h\u00edres szem\u00e9lyekt\u0151l kezdve a k\u00f6z\u00f6ss\u00e9gi m\u00e9di\u00e1ban az \u00f6ngondoskod\u00e1sra \u00e9s k\u00f6lcs\u00f6n\u00f6s t\u00e1mogat\u00e1sra \u00f6sszpontos\u00edt\u00f3 k\u00f6z\u00f6ss\u00e9gek felemelked\u00e9s\u00e9ig, a ment\u00e1lis eg\u00e9szs\u00e9g az egyik legfontosabb t\u00e9m\u00e1ja volt a vil\u00e1gj\u00e1rv\u00e1nynak.<\/strong><\/p>\n<p><!--more--><\/p>\n<p>A profi ker\u00e9kp\u00e1roz\u00e1s rajong\u00f3ik\u00e9nt ezt az egym\u00e1s ir\u00e1nti figyelmet \u00e9s aggodalmat azokra is ki kell terjeszten\u00fcnk, akiket csak messzir\u0151l csod\u00e1lunk, \u00e9s felemelni a hangunkat az \u00e9lsport igazs\u00e1gtalans\u00e1gai ellen.<\/p>\n<figure id=\"attachment_12905\" aria-describedby=\"caption-attachment-12905\" style=\"width: 1000px\" class=\"wp-caption alignnone\"><a href=\"https:\/\/d2p6e6u75xmxt8.cloudfront.net\/12\/2021\/11\/Peloton-profimedia-0634941598.jpg\"><img loading=\"lazy\" decoding=\"async\" class=\"wp-image-12905 size-full\" src=\"https:\/\/d2p6e6u75xmxt8.cloudfront.net\/12\/2021\/11\/Peloton-profimedia-0634941598.jpg\" alt=\"Peloton\" width=\"1000\" height=\"665\" srcset=\"https:\/\/d2p6e6u75xmxt8.cloudfront.net\/12\/2021\/11\/Peloton-profimedia-0634941598.jpg 1000w, https:\/\/d2p6e6u75xmxt8.cloudfront.net\/12\/2021\/11\/Peloton-profimedia-0634941598-300x200.jpg 300w, https:\/\/d2p6e6u75xmxt8.cloudfront.net\/12\/2021\/11\/Peloton-profimedia-0634941598-768x511.jpg 768w, https:\/\/d2p6e6u75xmxt8.cloudfront.net\/12\/2021\/11\/Peloton-profimedia-0634941598-272x182.jpg 272w\" sizes=\"auto, (max-width: 1000px) 100vw, 1000px\" \/><\/a><figcaption id=\"caption-attachment-12905\" class=\"wp-caption-text\">T\u00f6bbet kell besz\u00e9ln\u00fcnk a versenyker\u00e9kp\u00e1rosok ment\u00e1lis eg\u00e9szs\u00e9g\u00e9r\u0151l! \u00a9 Profimedia<\/figcaption><\/figure>\n<p>Min\u00e9l jobban belemegy\u00fcnk a t\u00e9m\u00e1ba, ann\u00e1l vil\u00e1gosabb, hogy m\u00e9g van hova fejl\u0151dni. A British Journal of Sports Medicine friss kutat\u00e1sa szerint az \u00e9lsportol\u00f3k 34%-a depresszi\u00f3s vagy szorong\u00e1ssal k\u00fczd. A sportol\u00f3kat \u2013 k\u00fcl\u00f6n\u00f6sen a profikat \u2013 arra tan\u00edtj\u00e1k, hogy figyelmen k\u00edv\u00fcl hagyj\u00e1k a f\u00e1jdalmat, ez pedig megnehez\u00edti a gy\u00e1sz, a szorong\u00e1s \u00e9s a lelki f\u00e1jdalmak feldolgoz\u00e1s\u00e1t.<\/p>\n<p>A n\u0151i sportol\u00f3k eset\u00e9ben m\u00e9g sz\u00e9lesebb forr\u00e1sokb\u00f3l mer\u00edthet\u00fcnk, hiszen a testk\u00e9p\u00fckkel, a csal\u00e1dalap\u00edt\u00e1ssal kapcsolatos elv\u00e1r\u00e1sokkal \u00e9s az instabil anyagi helyzettel is meg kell k\u00fczdeni\u00fck. Ebb\u0151l pedig olyan zavarok alakulhatnak ki, amik jelent\u0151sen befoly\u00e1solj\u00e1k a ment\u00e1lis eg\u00e9szs\u00e9get.<\/p>\n<h2><strong>A t\u00e1mogat\u00e1s hi\u00e1ny\u00e1nak k\u00f6vetkezm\u00e9nyei<\/strong><\/h2>\n<p>M\u00e9lyen elszomor\u00edtotta a ker\u00e9kp\u00e1ros k\u00f6z\u00f6ss\u00e9get \u0151sz elej\u00e9n Olivia Podmore hirtelen hal\u00e1la. A felt\u00e9telezett \u00f6ngyilkoss\u00e1got egy, a k\u00f6z\u00f6ss\u00e9gi m\u00e9di\u00e1ban megjelent poszt el\u0151zte meg, melyben a p\u00e1lyaker\u00e9kp\u00e1ros a versenysport terh\u00e9r\u0151l besz\u00e9lt, \u00e9s m\u00e9ly felh\u00e1borod\u00e1st v\u00e1ltott ki a sportol\u00f3kban, edz\u0151kben \u00e9s a l\u00e1ny sz\u00fcleiben. Sajnos az ehhez hasonl\u00f3 nyilatkozatok egy olyan rendszerr\u0151l \u00e1rulkodnak, ami kihaszn\u00e1lja a sportol\u00f3kat \u00e9s kev\u00e9s teret ad nekik saj\u00e1t sz\u00fcks\u00e9gleteik \u00e9s c\u00e9ljaik el\u00e9r\u00e9s\u00e9re. Ahogy az Podmore eset\u00e9ben is t\u00f6rt\u00e9nt.<\/p>\n<figure id=\"attachment_12906\" aria-describedby=\"caption-attachment-12906\" style=\"width: 1000px\" class=\"wp-caption alignnone\"><a href=\"https:\/\/d2p6e6u75xmxt8.cloudfront.net\/12\/2021\/11\/Olivia-Podmore-profimedia-0626502501.jpg\"><img loading=\"lazy\" decoding=\"async\" class=\"size-full wp-image-12906\" src=\"https:\/\/d2p6e6u75xmxt8.cloudfront.net\/12\/2021\/11\/Olivia-Podmore-profimedia-0626502501.jpg\" alt=\"Olivia Podmore\" width=\"1000\" height=\"665\" srcset=\"https:\/\/d2p6e6u75xmxt8.cloudfront.net\/12\/2021\/11\/Olivia-Podmore-profimedia-0626502501.jpg 1000w, https:\/\/d2p6e6u75xmxt8.cloudfront.net\/12\/2021\/11\/Olivia-Podmore-profimedia-0626502501-300x200.jpg 300w, https:\/\/d2p6e6u75xmxt8.cloudfront.net\/12\/2021\/11\/Olivia-Podmore-profimedia-0626502501-768x511.jpg 768w, https:\/\/d2p6e6u75xmxt8.cloudfront.net\/12\/2021\/11\/Olivia-Podmore-profimedia-0626502501-272x182.jpg 272w\" sizes=\"auto, (max-width: 1000px) 100vw, 1000px\" \/><\/a><figcaption id=\"caption-attachment-12906\" class=\"wp-caption-text\">Podmore 2019-ben. \u00a9 Profimedia<\/figcaption><\/figure>\n<h2><strong>Ki volt Olivia Podmore?<\/strong><\/h2>\n<p>A Christchurchben sz\u00fcletett Olivia Podmore kilenc \u00e9vesen kezdett BMX-ezni, majd \u00e1tt\u00e9rt az orsz\u00e1g\u00fati-, v\u00e9g\u00fcl pedig a p\u00e1lyaker\u00e9kp\u00e1roz\u00e1sra. 2015-ben a waikat\u00f3i Cambridge-be k\u00f6lt\u00f6z\u00f6tt, hogy a nemzeti ker\u00e9kp\u00e1ros csapattal edzhessen. Ugyanebben az \u00e9vben Podmore Emma Cumming mellett ez\u00fcst\u00e9rmet nyert csapatsprintben \u00e9s bronz\u00e9rmet az id\u0151m\u00e9r\u0151n az astanai junior vil\u00e1gbajnoks\u00e1gon.<\/p>\n<p>K\u00e9pviselte \u00daj-Z\u00e9landot a 2016-os ri\u00f3i olimpiai j\u00e1t\u00e9kokon \u00e9s sz\u00e1mos m\u00e1s vil\u00e1gbajnoks\u00e1gon \u00e9s fontos esem\u00e9nyen is. A legut\u00f3bbi olimpi\u00e1ra is kvalifik\u00e1lta mag\u00e1t, de hom\u00e1lyos okok miatt nem v\u00e1lasztott\u00e1k be a csapatba \u00e9s v\u00e9g\u00fcl nem indulhatott Toki\u00f3ban.<\/p>\n<h2><strong>Az \u00f6sszet\u00f6rt \u00e1lmok ereje<\/strong><\/h2>\n<p>A rend\u0151rs\u00e9g nem er\u0151s\u00edtette meg Podmore hal\u00e1l\u00e1nak ok\u00e1t, de a Reuters szerint a bar\u00e1taiban \u00e9s a sportt\u00e1rsaiban jogosan mer\u00fcltek fel k\u00e9rd\u00e9sek a ment\u00e1lis eg\u00e9szs\u00e9g\u00e9vel kapcsolatban. A New Zealand Herald h\u00edrlap szerint Podmore az \u00e9lsportol\u00f3i \u00e9let kih\u00edv\u00e1sair\u00f3l \u00edrt egy Instagram bejegyz\u00e9sben a hal\u00e1la el\u0151tt, amit k\u00e9s\u0151bb kit\u00f6r\u00f6ltek.<\/p>\n<p><em>\u201eA sport sok ember sz\u00e1m\u00e1ra csod\u00e1latos lehet\u0151s\u00e9g. K\u00fczdelem, harc, de \u00f6r\u00f6mteli. Semmihez sem foghat\u00f3 az \u00e9rz\u00e9s, amikor nyersz, de amikor vesz\u00edtesz, amikor ki sem v\u00e1lasztanak, pedig kvalifik\u00e1lt\u00e1l, amikor megs\u00e9r\u00fclsz, \u00e9s amikor nem tudsz megfelelni a t\u00e1rsadalom elv\u00e1r\u00e1sainak, nincs h\u00e1zass\u00e1g, csal\u00e1di h\u00e1z, gyerek, mert te mindent beleadsz a sportba \u2013 az sem foghat\u00f3 semmihez\u201d<\/em> \u2013 id\u00e9zte a lap a poszt sz\u00f6veg\u00e9t.<\/p>\n<h2><strong>A nyomoz\u00e1s<\/strong><\/h2>\n<p>Mik\u00f6zben a bar\u00e1tok \u00e9s a t\u00e1mogat\u00f3k d\u00f6bbenet\u00fcknek adtak hangot Podmore hal\u00e1l\u00e1val kapcsolatban, a Cycling NZ \u00e9s a Sport NZ bejelentette, hogy f\u00fcggetlen vizsg\u00e1latot ind\u00edtanak az \u00fcgyben. Nem ez volt az els\u0151 alkalom, hogy g\u00f3rcs\u0151 al\u00e1 vett\u00e9k a Cycling NZ programot, \u00edgy k\u00e9nytelenek voltak reag\u00e1lni a v\u00e1dakra.<\/p>\n<div class=\"embed-controller-wrapper\">\n<blockquote class=\"twitter-tweet\" data-width=\"500\" data-dnt=\"true\">\n<p lang=\"en\" dir=\"ltr\">Words can\u2019t express how saddened we are to hear of the sudden death of Rio 2016 Olympian, Olivia Podmore.<\/p>\n<p>Our thoughts are with her family, friends and <a href=\"https:\/\/twitter.com\/CyclingNZL?ref_src=twsrc%5Etfw\">@CyclingNZL<\/a>. RIP \ud83e\udd0d <a href=\"https:\/\/t.co\/i1sKCI1CsM\">pic.twitter.com\/i1sKCI1CsM<\/a><\/p>\n<p>&mdash; UCI Track Cycling (@UCI_Track) <a href=\"https:\/\/twitter.com\/UCI_Track\/status\/1424697278942568448?ref_src=twsrc%5Etfw\">August 9, 2021<\/a><\/p><\/blockquote>\n<p><script async data-src=\"https:\/\/platform.twitter.com\/widgets.js\" charset=\"utf-8\"><\/script><\/div>\n<p>Ahogy arr\u00f3l az \u00faj-z\u00e9landi Stuff besz\u00e1molt, 2018-ban Mike Heron f\u0151\u00fcgy\u00e9sz tartott fel\u00fclvizsg\u00e1latot a Cycling NZ-n\u00e1l, miut\u00e1n zaklat\u00e1ssal, megf\u00e9leml\u00edt\u00e9ssel \u00e9s nem megfelel\u0151 szem\u00e9lyes kapcsolatok fenntart\u00e1s\u00e1val v\u00e1dolt\u00e1k meg a test\u00fcletet. A vizsg\u00e1lat k\u00f6zpontj\u00e1ban Podmore \u00e1llt, aki er\u0151s nyom\u00e1s hat\u00e1s\u00e1ra hamis nyilatkozatot tett, hogy megv\u00e9djen egy edz\u0151t \u00e9s egy sportol\u00f3t, akik \u00e1ll\u00edt\u00f3lag intim kapcsolatban \u00e1lltak egym\u00e1ssal.<\/p>\n<p>Term\u00e9szetesen, megk\u00fczdeni a versenysport kih\u00edv\u00e1saival \u00e9s k\u00f6zben a hatalom nyom\u00e1s\u00e1ra b\u0171nr\u00e9szess\u00e9 v\u00e1lni b\u00e1rki sz\u00e1m\u00e1ra el\u00e9g nagy teher az \u00f6sszeroppan\u00e1shoz. Sajnos egy trag\u00e9di\u00e1nak kellett bek\u00f6vetkeznie ahhoz, hogy a szervezet elk\u00f6telezze mag\u00e1t a probl\u00e9m\u00e1k kivizsg\u00e1l\u00e1sa mellett \u00e9s figyelmet ford\u00edtson a sportol\u00f3k ment\u00e1lis j\u00f3l\u00e9t\u00e9t \u00e9s a teljes\u00edtm\u00e9nyk\u00e9nyszert \u00f6vez\u0151 k\u00e9rd\u00e9sekre. A HPSNZ vez\u00e9rigazgat\u00f3ja, Raelene Castle elmondta, hogy Podmore hal\u00e1la komoly aggodalmakat vetett fel a sportol\u00f3k j\u00f3l\u00e9t\u00e9vel kapcsolatban.<\/p>\n<p><em>\u201eOlivia hal\u00e1la \u00fajra felsz\u00ednre hozta azokat a k\u00e9rd\u00e9seket, melyeket \u00e9vek \u00f3ta takargat a rendszer a sportol\u00f3k j\u00f3l\u00e9t\u00e9vel kapcsolatban\u201d<\/em> \u2013 mondta.<\/p>\n<div class=\"embed-controller-wrapper\">\n<blockquote class=\"twitter-tweet\" data-width=\"500\" data-dnt=\"true\">\n<p lang=\"en\" dir=\"ltr\">We at Cycling New Zealand are deeply saddened with the sudden loss of our young cyclist Olivia Podmore.<\/p>\n<p>Be kind to each other and take care of one another \u2764\ufe0f<a href=\"https:\/\/t.co\/bN1RfXen1J\">https:\/\/t.co\/bN1RfXen1J<\/a><\/p>\n<p>&mdash; Cycling New Zealand (@CyclingNZL) <a href=\"https:\/\/twitter.com\/CyclingNZL\/status\/1424991718651297797?ref_src=twsrc%5Etfw\">August 10, 2021<\/a><\/p><\/blockquote>\n<p><script async data-src=\"https:\/\/platform.twitter.com\/widgets.js\" charset=\"utf-8\"><\/script><\/div>\n<h2><strong>Eml\u00e9kezn\u00fcnk kell a nev\u00e9re<\/strong><\/h2>\n<p>B\u00e1r hajlamosak vagyunk a gy\u0151ztesekre figyelni, \u00e9s h\u0151seinket szerencs\u00e9seknek tartjuk, kulcsfontoss\u00e1g\u00fa, hogy azt is megl\u00e1ssuk, hogy a hivat\u00e1sos ker\u00e9kp\u00e1rosokkal szemben \u00e1ll\u00edtott elv\u00e1r\u00e1sok rohamos n\u00f6veked\u00e9se \u2013 a s\u00falymegsz\u00e1llotts\u00e1gt\u00f3l a hihetetlen\u00fcl megterhel\u0151 edz\u00e9sekig \u2013 \u00f3ri\u00e1si nyom\u00e1st helyez a versenyz\u0151kre \u00e9s hat\u00e1ssal van az \u00e9letmin\u0151s\u00e9g\u00fckre.<\/p>\n<p>Sok \u00e9lsportol\u00f3hoz hasonl\u00f3an a profi ker\u00e9kp\u00e1rosokon is hatalmas a nyom\u00e1s, hogy el\u00e9rhetetlen eredm\u00e9nyeket mutassanak fel. Az, hogy k\u00e9pesek egy\u00fctt \u00e9lni ezekkel az elv\u00e1r\u00e1sokkal, egy r\u00e9sze annak, ami kiv\u00e9teless\u00e9 teszi \u0151ket. Ha azonban nem enyh\u00edt\u00fcnk a r\u00e1juk nehezed\u0151 terheken \u00e9s egyre magasabb \u00e9s magasabb szint\u0171 teljes\u00edtm\u00e9nyt v\u00e1runk el t\u0151l\u00fck, akkor meg kell k\u00f6veteln\u00fcnk a rendszert\u0151l, hogy biztos\u00edtsa sz\u00e1mukra a megfelel\u0151 testi \u00e9s lelki eg\u00e9szs\u00e9ghez sz\u00fcks\u00e9ges t\u00e1mogat\u00e1st \u00e9s er\u0151forr\u00e1sokat.<\/p>\n<p>L\u00e9teznek szervezetek, p\u00e9ld\u00e1ul a The Cyclists\u2019 Alliance, melyek nagyszer\u0171 munk\u00e1t v\u00e9geznek a versenyz\u0151k \u00e1ltal\u00e1nos j\u00f3l\u00e9te \u00e9rdek\u00e9ben. Elengedhetetlen, hogy folytat\u00f3djon a p\u00e1rbesz\u00e9d a probl\u00e9m\u00e1kr\u00f3l, \u00e9s hogy a rajong\u00f3k ne felejts\u00e9k el, mi forog kock\u00e1n. Nagyon v\u00e9kony a hat\u00e1rvonal a kezelhet\u0151 m\u00e9rt\u00e9k\u0171 stressz \u00e9s az elviselhetetlen nyom\u00e1s k\u00f6z\u00f6tt. A bicikliz\u00e9s sz\u00e1munkra eszk\u00f6z a ment\u00e1lis eg\u00e9szs\u00e9g\u00fcnk v\u00e9delm\u00e9ben. Seg\u00edts\u00fcnk benne, hogy a profiknak is az legyen!<\/p>\n","protected":false},"excerpt":{"rendered":"<p>Nagy szerepet j\u00e1tszott a ker\u00e9kp\u00e1ros k\u00f6z\u00f6ss\u00e9g a k\u00f6zelm\u00faltban a ment\u00e1lis eg\u00e9szs\u00e9ggel kapcsolatos p\u00e1rbesz\u00e9d er\u0151s\u00edt\u00e9s\u00e9ben. A ment\u00e1lis betegs\u00e9gekkel val\u00f3 k\u00fczdelmeikr\u0151l nyilv\u00e1nosan [&hellip;]<\/p>\n","protected":false},"author":71,"featured_media":12908,"comment_status":"open","ping_status":"open","sticky":false,"template":"","format":"standard","meta":{"footnotes":""},"categories":[12],"tags":[],"global-categories":[],"class_list":["post-12902","post","type-post","status-publish","format-standard","has-post-thumbnail","hentry","category-kozosseg-es-kultura"],"yoast_head":"<!-- This site is optimized with the Yoast SEO Premium plugin v25.3 (Yoast SEO v25.9) - https:\/\/yoast.com\/wordpress\/plugins\/seo\/ -->\n<title>Amit Olivia Podmore esete elmond a versenysport ment\u00e1lis terh\u00e9r\u0151l<\/title>\n<meta name=\"description\" content=\"Nagy szerepet j\u00e1tszott a ker\u00e9kp\u00e1ros k\u00f6z\u00f6ss\u00e9g a k\u00f6zelm\u00faltban a ment\u00e1lis eg\u00e9szs\u00e9ggel kapcsolatos p\u00e1rbesz\u00e9d er\u0151s\u00edt\u00e9s\u00e9ben. A ment\u00e1lis betegs\u00e9gekkel val\u00f3 k\u00fczdelmeikr\u0151l nyilv\u00e1nosan besz\u00e9l\u0151 h\u00edres szem\u00e9lyekt\u0151l kezdve a k\u00f6z\u00f6ss\u00e9gi m\u00e9di\u00e1ban az \u00f6ngondoskod\u00e1sra \u00e9s k\u00f6lcs\u00f6n\u00f6s t\u00e1mogat\u00e1sra \u00f6sszpontos\u00edt\u00f3 k\u00f6z\u00f6ss\u00e9gek felemelked\u00e9s\u00e9ig, a ment\u00e1lis eg\u00e9szs\u00e9g az egyik legfontosabb t\u00e9m\u00e1ja volt a vil\u00e1gj\u00e1rv\u00e1nynak.\" \/>\n<meta name=\"robots\" content=\"index, follow, max-snippet:-1, max-image-preview:large, max-video-preview:-1\" \/>\n<link rel=\"canonical\" href=\"https:\/\/www.welovecycling.com\/hu\/kozosseg-es-kultura\/amit-olivia-posmore-esete-elmond-a-versenysport-mentalis-terherol\/\" \/>\n<meta property=\"og:locale\" content=\"hu_HU\" \/>\n<meta property=\"og:type\" content=\"article\" \/>\n<meta property=\"og:title\" content=\"Amit Olivia Podmore esete elmond a versenysport ment\u00e1lis terh\u00e9r\u0151l\" \/>\n<meta property=\"og:description\" content=\"Nagy szerepet j\u00e1tszott a ker\u00e9kp\u00e1ros k\u00f6z\u00f6ss\u00e9g a k\u00f6zelm\u00faltban a ment\u00e1lis eg\u00e9szs\u00e9ggel kapcsolatos p\u00e1rbesz\u00e9d er\u0151s\u00edt\u00e9s\u00e9ben. A ment\u00e1lis betegs\u00e9gekkel val\u00f3 k\u00fczdelmeikr\u0151l nyilv\u00e1nosan besz\u00e9l\u0151 h\u00edres szem\u00e9lyekt\u0151l kezdve a k\u00f6z\u00f6ss\u00e9gi m\u00e9di\u00e1ban az \u00f6ngondoskod\u00e1sra \u00e9s k\u00f6lcs\u00f6n\u00f6s t\u00e1mogat\u00e1sra \u00f6sszpontos\u00edt\u00f3 k\u00f6z\u00f6ss\u00e9gek felemelked\u00e9s\u00e9ig, a ment\u00e1lis eg\u00e9szs\u00e9g az egyik legfontosabb t\u00e9m\u00e1ja volt a vil\u00e1gj\u00e1rv\u00e1nynak.\" \/>\n<meta property=\"og:url\" content=\"https:\/\/www.welovecycling.com\/hu\/kozosseg-es-kultura\/amit-olivia-posmore-esete-elmond-a-versenysport-mentalis-terherol\/\" \/>\n<meta property=\"og:site_name\" content=\"\u0160koda We Love Cycling - Magyarorsz\u00e1g\" \/>\n<meta property=\"article:publisher\" content=\"https:\/\/www.facebook.com\/WeLoveCyclingHungary\/\" \/>\n<meta property=\"article:published_time\" content=\"2021-11-16T06:00:55+00:00\" \/>\n<meta property=\"og:image\" content=\"https:\/\/d2p6e6u75xmxt8.cloudfront.net\/12\/2021\/11\/Women-peloton-profimedia-0636677522-CVR.jpg\" \/>\n\t<meta property=\"og:image:width\" content=\"1366\" \/>\n\t<meta property=\"og:image:height\" content=\"600\" \/>\n\t<meta property=\"og:image:type\" content=\"image\/jpeg\" \/>\n<meta name=\"author\" content=\"hegyizs\" \/>\n<meta name=\"twitter:card\" content=\"summary_large_image\" \/>\n<meta name=\"twitter:label1\" content=\"Written by\" \/>\n\t<meta name=\"twitter:data1\" content=\"Megan Flottorp\" \/>\n\t<meta name=\"twitter:label2\" content=\"Est. reading time\" \/>\n\t<meta name=\"twitter:data2\" content=\"6\" \/>\n<script type=\"application\/ld+json\" class=\"yoast-schema-graph\">{\"@context\":\"https:\/\/schema.org\",\"@graph\":[{\"@type\":\"WebPage\",\"@id\":\"https:\/\/www.welovecycling.com\/hu\/kozosseg-es-kultura\/amit-olivia-posmore-esete-elmond-a-versenysport-mentalis-terherol\/\",\"url\":\"https:\/\/www.welovecycling.com\/hu\/kozosseg-es-kultura\/amit-olivia-posmore-esete-elmond-a-versenysport-mentalis-terherol\/\",\"name\":\"Amit Olivia Podmore esete elmond a versenysport ment\u00e1lis terh\u00e9r\u0151l\",\"isPartOf\":{\"@id\":\"https:\/\/www.welovecycling.com\/hu\/#website\"},\"primaryImageOfPage\":{\"@id\":\"https:\/\/www.welovecycling.com\/hu\/kozosseg-es-kultura\/amit-olivia-posmore-esete-elmond-a-versenysport-mentalis-terherol\/#primaryimage\"},\"image\":{\"@id\":\"https:\/\/www.welovecycling.com\/hu\/kozosseg-es-kultura\/amit-olivia-posmore-esete-elmond-a-versenysport-mentalis-terherol\/#primaryimage\"},\"thumbnailUrl\":\"https:\/\/d2p6e6u75xmxt8.cloudfront.net\/12\/2021\/11\/Women-peloton-profimedia-0636677522-CVR.jpg\",\"datePublished\":\"2021-11-16T06:00:55+00:00\",\"author\":{\"@id\":\"https:\/\/www.welovecycling.com\/hu\/#\/schema\/person\/414a2aebf1801691a5320edb6468e194\"},\"description\":\"Nagy szerepet j\u00e1tszott a ker\u00e9kp\u00e1ros k\u00f6z\u00f6ss\u00e9g a k\u00f6zelm\u00faltban a ment\u00e1lis eg\u00e9szs\u00e9ggel kapcsolatos p\u00e1rbesz\u00e9d er\u0151s\u00edt\u00e9s\u00e9ben. A ment\u00e1lis betegs\u00e9gekkel val\u00f3 k\u00fczdelmeikr\u0151l nyilv\u00e1nosan besz\u00e9l\u0151 h\u00edres szem\u00e9lyekt\u0151l kezdve a k\u00f6z\u00f6ss\u00e9gi m\u00e9di\u00e1ban az \u00f6ngondoskod\u00e1sra \u00e9s k\u00f6lcs\u00f6n\u00f6s t\u00e1mogat\u00e1sra \u00f6sszpontos\u00edt\u00f3 k\u00f6z\u00f6ss\u00e9gek felemelked\u00e9s\u00e9ig, a ment\u00e1lis eg\u00e9szs\u00e9g az egyik legfontosabb t\u00e9m\u00e1ja volt a vil\u00e1gj\u00e1rv\u00e1nynak.\",\"breadcrumb\":{\"@id\":\"https:\/\/www.welovecycling.com\/hu\/kozosseg-es-kultura\/amit-olivia-posmore-esete-elmond-a-versenysport-mentalis-terherol\/#breadcrumb\"},\"inLanguage\":\"hu\",\"potentialAction\":[{\"@type\":\"ReadAction\",\"target\":[\"https:\/\/www.welovecycling.com\/hu\/kozosseg-es-kultura\/amit-olivia-posmore-esete-elmond-a-versenysport-mentalis-terherol\/\"]}]},{\"@type\":\"ImageObject\",\"inLanguage\":\"hu\",\"@id\":\"https:\/\/www.welovecycling.com\/hu\/kozosseg-es-kultura\/amit-olivia-posmore-esete-elmond-a-versenysport-mentalis-terherol\/#primaryimage\",\"url\":\"https:\/\/d2p6e6u75xmxt8.cloudfront.net\/12\/2021\/11\/Women-peloton-profimedia-0636677522-CVR.jpg\",\"contentUrl\":\"https:\/\/d2p6e6u75xmxt8.cloudfront.net\/12\/2021\/11\/Women-peloton-profimedia-0636677522-CVR.jpg\",\"width\":1366,\"height\":600},{\"@type\":\"BreadcrumbList\",\"@id\":\"https:\/\/www.welovecycling.com\/hu\/kozosseg-es-kultura\/amit-olivia-posmore-esete-elmond-a-versenysport-mentalis-terherol\/#breadcrumb\",\"itemListElement\":[{\"@type\":\"ListItem\",\"position\":1,\"name\":\"Home\",\"item\":\"https:\/\/www.welovecycling.com\/hu\/\"},{\"@type\":\"ListItem\",\"position\":2,\"name\":\"Amit Olivia Podmore esete elmond a versenysport ment\u00e1lis terh\u00e9r\u0151l\"}]},{\"@type\":\"WebSite\",\"@id\":\"https:\/\/www.welovecycling.com\/hu\/#website\",\"url\":\"https:\/\/www.welovecycling.com\/hu\/\",\"name\":\"\u0160koda We Love Cycling - Magyarorsz\u00e1g\",\"description\":\"\u0160koda WeLoveCycling\",\"potentialAction\":[{\"@type\":\"SearchAction\",\"target\":{\"@type\":\"EntryPoint\",\"urlTemplate\":\"https:\/\/www.welovecycling.com\/hu\/?s={search_term_string}\"},\"query-input\":{\"@type\":\"PropertyValueSpecification\",\"valueRequired\":true,\"valueName\":\"search_term_string\"}}],\"inLanguage\":\"hu\"},{\"@type\":\"Person\",\"@id\":\"https:\/\/www.welovecycling.com\/hu\/#\/schema\/person\/414a2aebf1801691a5320edb6468e194\",\"name\":\"hegyizs\",\"image\":{\"@type\":\"ImageObject\",\"inLanguage\":\"hu\",\"@id\":\"https:\/\/www.welovecycling.com\/hu\/#\/schema\/person\/image\/\",\"url\":\"https:\/\/secure.gravatar.com\/avatar\/02cf8a7906b8cf90cecb4679defac7cfd33a1c2e3b88e4903d947f3bb58eedd3?s=96&d=mm&r=g\",\"contentUrl\":\"https:\/\/secure.gravatar.com\/avatar\/02cf8a7906b8cf90cecb4679defac7cfd33a1c2e3b88e4903d947f3bb58eedd3?s=96&d=mm&r=g\",\"caption\":\"hegyizs\"},\"url\":\"https:\/\/www.welovecycling.com\/hu\/author\/hegyizs\/\"}]}<\/script>\n<!-- \/ Yoast SEO Premium plugin. -->","yoast_head_json":{"title":"Amit Olivia Podmore esete elmond a versenysport ment\u00e1lis terh\u00e9r\u0151l","description":"Nagy szerepet j\u00e1tszott a ker\u00e9kp\u00e1ros k\u00f6z\u00f6ss\u00e9g a k\u00f6zelm\u00faltban a ment\u00e1lis eg\u00e9szs\u00e9ggel kapcsolatos p\u00e1rbesz\u00e9d er\u0151s\u00edt\u00e9s\u00e9ben. A ment\u00e1lis betegs\u00e9gekkel val\u00f3 k\u00fczdelmeikr\u0151l nyilv\u00e1nosan besz\u00e9l\u0151 h\u00edres szem\u00e9lyekt\u0151l kezdve a k\u00f6z\u00f6ss\u00e9gi m\u00e9di\u00e1ban az \u00f6ngondoskod\u00e1sra \u00e9s k\u00f6lcs\u00f6n\u00f6s t\u00e1mogat\u00e1sra \u00f6sszpontos\u00edt\u00f3 k\u00f6z\u00f6ss\u00e9gek felemelked\u00e9s\u00e9ig, a ment\u00e1lis eg\u00e9szs\u00e9g az egyik legfontosabb t\u00e9m\u00e1ja volt a vil\u00e1gj\u00e1rv\u00e1nynak.","robots":{"index":"index","follow":"follow","max-snippet":"max-snippet:-1","max-image-preview":"max-image-preview:large","max-video-preview":"max-video-preview:-1"},"canonical":"https:\/\/www.welovecycling.com\/hu\/kozosseg-es-kultura\/amit-olivia-posmore-esete-elmond-a-versenysport-mentalis-terherol\/","og_locale":"hu_HU","og_type":"article","og_title":"Amit Olivia Podmore esete elmond a versenysport ment\u00e1lis terh\u00e9r\u0151l","og_description":"Nagy szerepet j\u00e1tszott a ker\u00e9kp\u00e1ros k\u00f6z\u00f6ss\u00e9g a k\u00f6zelm\u00faltban a ment\u00e1lis eg\u00e9szs\u00e9ggel kapcsolatos p\u00e1rbesz\u00e9d er\u0151s\u00edt\u00e9s\u00e9ben. A ment\u00e1lis betegs\u00e9gekkel val\u00f3 k\u00fczdelmeikr\u0151l nyilv\u00e1nosan besz\u00e9l\u0151 h\u00edres szem\u00e9lyekt\u0151l kezdve a k\u00f6z\u00f6ss\u00e9gi m\u00e9di\u00e1ban az \u00f6ngondoskod\u00e1sra \u00e9s k\u00f6lcs\u00f6n\u00f6s t\u00e1mogat\u00e1sra \u00f6sszpontos\u00edt\u00f3 k\u00f6z\u00f6ss\u00e9gek felemelked\u00e9s\u00e9ig, a ment\u00e1lis eg\u00e9szs\u00e9g az egyik legfontosabb t\u00e9m\u00e1ja volt a vil\u00e1gj\u00e1rv\u00e1nynak.","og_url":"https:\/\/www.welovecycling.com\/hu\/kozosseg-es-kultura\/amit-olivia-posmore-esete-elmond-a-versenysport-mentalis-terherol\/","og_site_name":"\u0160koda We Love Cycling - Magyarorsz\u00e1g","article_publisher":"https:\/\/www.facebook.com\/WeLoveCyclingHungary\/","article_published_time":"2021-11-16T06:00:55+00:00","og_image":[{"width":1366,"height":600,"url":"https:\/\/d2p6e6u75xmxt8.cloudfront.net\/12\/2021\/11\/Women-peloton-profimedia-0636677522-CVR.jpg","type":"image\/jpeg"}],"author":"hegyizs","twitter_card":"summary_large_image","twitter_misc":{"Written by":"Megan Flottorp","Est. reading time":"6"},"schema":{"@context":"https:\/\/schema.org","@graph":[{"@type":"WebPage","@id":"https:\/\/www.welovecycling.com\/hu\/kozosseg-es-kultura\/amit-olivia-posmore-esete-elmond-a-versenysport-mentalis-terherol\/","url":"https:\/\/www.welovecycling.com\/hu\/kozosseg-es-kultura\/amit-olivia-posmore-esete-elmond-a-versenysport-mentalis-terherol\/","name":"Amit Olivia Podmore esete elmond a versenysport ment\u00e1lis terh\u00e9r\u0151l","isPartOf":{"@id":"https:\/\/www.welovecycling.com\/hu\/#website"},"primaryImageOfPage":{"@id":"https:\/\/www.welovecycling.com\/hu\/kozosseg-es-kultura\/amit-olivia-posmore-esete-elmond-a-versenysport-mentalis-terherol\/#primaryimage"},"image":{"@id":"https:\/\/www.welovecycling.com\/hu\/kozosseg-es-kultura\/amit-olivia-posmore-esete-elmond-a-versenysport-mentalis-terherol\/#primaryimage"},"thumbnailUrl":"https:\/\/d2p6e6u75xmxt8.cloudfront.net\/12\/2021\/11\/Women-peloton-profimedia-0636677522-CVR.jpg","datePublished":"2021-11-16T06:00:55+00:00","author":{"@id":"https:\/\/www.welovecycling.com\/hu\/#\/schema\/person\/414a2aebf1801691a5320edb6468e194"},"description":"Nagy szerepet j\u00e1tszott a ker\u00e9kp\u00e1ros k\u00f6z\u00f6ss\u00e9g a k\u00f6zelm\u00faltban a ment\u00e1lis eg\u00e9szs\u00e9ggel kapcsolatos p\u00e1rbesz\u00e9d er\u0151s\u00edt\u00e9s\u00e9ben. A ment\u00e1lis betegs\u00e9gekkel val\u00f3 k\u00fczdelmeikr\u0151l nyilv\u00e1nosan besz\u00e9l\u0151 h\u00edres szem\u00e9lyekt\u0151l kezdve a k\u00f6z\u00f6ss\u00e9gi m\u00e9di\u00e1ban az \u00f6ngondoskod\u00e1sra \u00e9s k\u00f6lcs\u00f6n\u00f6s t\u00e1mogat\u00e1sra \u00f6sszpontos\u00edt\u00f3 k\u00f6z\u00f6ss\u00e9gek felemelked\u00e9s\u00e9ig, a ment\u00e1lis eg\u00e9szs\u00e9g az egyik legfontosabb t\u00e9m\u00e1ja volt a vil\u00e1gj\u00e1rv\u00e1nynak.","breadcrumb":{"@id":"https:\/\/www.welovecycling.com\/hu\/kozosseg-es-kultura\/amit-olivia-posmore-esete-elmond-a-versenysport-mentalis-terherol\/#breadcrumb"},"inLanguage":"hu","potentialAction":[{"@type":"ReadAction","target":["https:\/\/www.welovecycling.com\/hu\/kozosseg-es-kultura\/amit-olivia-posmore-esete-elmond-a-versenysport-mentalis-terherol\/"]}]},{"@type":"ImageObject","inLanguage":"hu","@id":"https:\/\/www.welovecycling.com\/hu\/kozosseg-es-kultura\/amit-olivia-posmore-esete-elmond-a-versenysport-mentalis-terherol\/#primaryimage","url":"https:\/\/d2p6e6u75xmxt8.cloudfront.net\/12\/2021\/11\/Women-peloton-profimedia-0636677522-CVR.jpg","contentUrl":"https:\/\/d2p6e6u75xmxt8.cloudfront.net\/12\/2021\/11\/Women-peloton-profimedia-0636677522-CVR.jpg","width":1366,"height":600},{"@type":"BreadcrumbList","@id":"https:\/\/www.welovecycling.com\/hu\/kozosseg-es-kultura\/amit-olivia-posmore-esete-elmond-a-versenysport-mentalis-terherol\/#breadcrumb","itemListElement":[{"@type":"ListItem","position":1,"name":"Home","item":"https:\/\/www.welovecycling.com\/hu\/"},{"@type":"ListItem","position":2,"name":"Amit Olivia Podmore esete elmond a versenysport ment\u00e1lis terh\u00e9r\u0151l"}]},{"@type":"WebSite","@id":"https:\/\/www.welovecycling.com\/hu\/#website","url":"https:\/\/www.welovecycling.com\/hu\/","name":"\u0160koda We Love Cycling - Magyarorsz\u00e1g","description":"\u0160koda WeLoveCycling","potentialAction":[{"@type":"SearchAction","target":{"@type":"EntryPoint","urlTemplate":"https:\/\/www.welovecycling.com\/hu\/?s={search_term_string}"},"query-input":{"@type":"PropertyValueSpecification","valueRequired":true,"valueName":"search_term_string"}}],"inLanguage":"hu"},{"@type":"Person","@id":"https:\/\/www.welovecycling.com\/hu\/#\/schema\/person\/414a2aebf1801691a5320edb6468e194","name":"hegyizs","image":{"@type":"ImageObject","inLanguage":"hu","@id":"https:\/\/www.welovecycling.com\/hu\/#\/schema\/person\/image\/","url":"https:\/\/secure.gravatar.com\/avatar\/02cf8a7906b8cf90cecb4679defac7cfd33a1c2e3b88e4903d947f3bb58eedd3?s=96&d=mm&r=g","contentUrl":"https:\/\/secure.gravatar.com\/avatar\/02cf8a7906b8cf90cecb4679defac7cfd33a1c2e3b88e4903d947f3bb58eedd3?s=96&d=mm&r=g","caption":"hegyizs"},"url":"https:\/\/www.welovecycling.com\/hu\/author\/hegyizs\/"}]}},"_links":{"self":[{"href":"https:\/\/www.welovecycling.com\/hu\/wp-json\/wp\/v2\/posts\/12902","targetHints":{"allow":["GET"]}}],"collection":[{"href":"https:\/\/www.welovecycling.com\/hu\/wp-json\/wp\/v2\/posts"}],"about":[{"href":"https:\/\/www.welovecycling.com\/hu\/wp-json\/wp\/v2\/types\/post"}],"author":[{"embeddable":true,"href":"https:\/\/www.welovecycling.com\/hu\/wp-json\/wp\/v2\/users\/71"}],"replies":[{"embeddable":true,"href":"https:\/\/www.welovecycling.com\/hu\/wp-json\/wp\/v2\/comments?post=12902"}],"version-history":[{"count":2,"href":"https:\/\/www.welovecycling.com\/hu\/wp-json\/wp\/v2\/posts\/12902\/revisions"}],"predecessor-version":[{"id":12948,"href":"https:\/\/www.welovecycling.com\/hu\/wp-json\/wp\/v2\/posts\/12902\/revisions\/12948"}],"wp:featuredmedia":[{"embeddable":true,"href":"https:\/\/www.welovecycling.com\/hu\/wp-json\/wp\/v2\/media\/12908"}],"wp:attachment":[{"href":"https:\/\/www.welovecycling.com\/hu\/wp-json\/wp\/v2\/media?parent=12902"}],"wp:term":[{"taxonomy":"category","embeddable":true,"href":"https:\/\/www.welovecycling.com\/hu\/wp-json\/wp\/v2\/categories?post=12902"},{"taxonomy":"post_tag","embeddable":true,"href":"https:\/\/www.welovecycling.com\/hu\/wp-json\/wp\/v2\/tags?post=12902"},{"taxonomy":"global-categories","embeddable":true,"href":"https:\/\/www.welovecycling.com\/hu\/wp-json\/wp\/v2\/global-categories?post=12902"}],"curies":[{"name":"wp","href":"https:\/\/api.w.org\/{rel}","templated":true}]}}