{"id":12898,"date":"2021-11-15T08:00:51","date_gmt":"2021-11-15T06:00:51","guid":{"rendered":"https:\/\/www.welovecycling.com\/hu\/?p=12898"},"modified":"2021-11-12T18:07:21","modified_gmt":"2021-11-12T16:07:21","slug":"peter-sagan-en-leszek-a-csapat-magja","status":"publish","type":"post","link":"https:\/\/www.welovecycling.com\/hu\/orszaguti-kerekpar\/peter-sagan-en-leszek-a-csapat-magja\/","title":{"rendered":"Peter Sagan: \u201e\u00c9n leszek a csapat magja\u201d"},"content":{"rendered":"<p><strong>A szlov\u00e1k szuperszt\u00e1r a L\u2019Equipe-nek adott interj\u00faj\u00e1ban elmondta, hogy a Team TotalEnergies csapata akarta \u0151t legjobban. Most pedig seg\u00edteni szeretne nekik, hogy feln\u0151hessenek az UCI WorldTour szintj\u00e9hez.<\/strong><\/p>\n<p><!--more--><\/p>\n<p>\u201e<em>K\u00f6r\u00e9m \u00e9p\u00fcl majd a csapat, \u00e9s ez az, ami miatt igaz\u00e1n vonz a projekt. Persze, nagy a nyom\u00e1s, de ehhez m\u00e1r hozz\u00e1szoktam. \u00cdgy volt az el\u0151z\u0151 csapatomn\u00e1l is.\u201d<\/em><\/p>\n<p><em>\u201eAmikor 2016-ban csatlakoztam a Bora-Hansgroh\u00e9hoz, akkor m\u00e9g kis csapatnak sz\u00e1m\u00edtott. Az igazi k\u00e9rd\u00e9s a TotalEnergies-zel kapcsolatban nem az, hogy jelenleg milyen, hanem hogy milyen \u00faton indul el. Nem \u00e9rdekel, hogy jelenleg nincsenek WorldTour szinten, a n\u00f6veked\u00e9sben szeretn\u00e9k seg\u00edteni nekik.\u201d<\/em><\/p>\n<figure id=\"attachment_12899\" aria-describedby=\"caption-attachment-12899\" style=\"width: 1000px\" class=\"wp-caption alignnone\"><a href=\"https:\/\/d2p6e6u75xmxt8.cloudfront.net\/12\/2021\/11\/Peter-Sagan-profimedia-0635310577.jpg\"><img loading=\"lazy\" decoding=\"async\" class=\"size-full wp-image-12899\" src=\"https:\/\/d2p6e6u75xmxt8.cloudfront.net\/12\/2021\/11\/Peter-Sagan-profimedia-0635310577.jpg\" alt=\"Peter Sagan\" width=\"1000\" height=\"666\" srcset=\"https:\/\/d2p6e6u75xmxt8.cloudfront.net\/12\/2021\/11\/Peter-Sagan-profimedia-0635310577.jpg 1000w, https:\/\/d2p6e6u75xmxt8.cloudfront.net\/12\/2021\/11\/Peter-Sagan-profimedia-0635310577-300x200.jpg 300w, https:\/\/d2p6e6u75xmxt8.cloudfront.net\/12\/2021\/11\/Peter-Sagan-profimedia-0635310577-768x511.jpg 768w, https:\/\/d2p6e6u75xmxt8.cloudfront.net\/12\/2021\/11\/Peter-Sagan-profimedia-0635310577-272x182.jpg 272w\" sizes=\"auto, (max-width: 1000px) 100vw, 1000px\" \/><\/a><figcaption id=\"caption-attachment-12899\" class=\"wp-caption-text\"><em>Sagan a 2021-es UCI Orsz\u00e1g\u00fati Vil\u00e1gbajnoks\u00e1g el\u0151tt. \u00a9 Profimedia<\/em><\/figcaption><\/figure>\n<p>Sagan elmes\u00e9lte, hogy a TotalEnergies igazgat\u00f3ja, Jean-Ren\u00e9 Bernaudeau mindent megtett, hogy megszerezze \u0151t a csapat\u00e1ba.<\/p>\n<p><em>\u201eT\u00f6bb csapat is \u00e9rdekl\u0151d\u00f6tt, de Bernaudeau mutatta a legnagyobb tiszteletet ir\u00e1ntam. Nagyon szerette volna, hogy csatlakozzak hozz\u00e1juk \u00e9s ezt t\u00f6bbsz\u00f6r ki is mutatta. Ak\u00e1rh\u00e1nyszor felmer\u00fclt bennem egy k\u00e9rd\u00e9s, mindig azonnal v\u00e1laszoltak. M\u00e1soknak ez t\u00f6bb h\u00e9tbe is beletelt.\u201d<\/em><\/p>\n<p>\u0150szint\u00e9n rem\u00e9lj\u00fck, hogy sikerrel j\u00e1r a csapat \u00e9s Sagan, \u00e9s \u00fajra nagy versenyeket nyernek majd egy\u00fctt. Szerinted \u00edgy lesz?<\/p>\n","protected":false},"excerpt":{"rendered":"<p>A szlov\u00e1k szuperszt\u00e1r a L\u2019Equipe-nek adott interj\u00faj\u00e1ban elmondta, hogy a Team TotalEnergies csapata akarta \u0151t legjobban. Most pedig seg\u00edteni szeretne [&hellip;]<\/p>\n","protected":false},"author":71,"featured_media":12901,"comment_status":"open","ping_status":"open","sticky":false,"template":"","format":"standard","meta":{"footnotes":""},"categories":[8],"tags":[],"global-categories":[],"class_list":["post-12898","post","type-post","status-publish","format-standard","has-post-thumbnail","hentry","category-orszaguti-kerekpar"],"yoast_head":"<!-- This site is optimized with the Yoast SEO Premium plugin v25.3 (Yoast SEO v25.9) - https:\/\/yoast.com\/wordpress\/plugins\/seo\/ -->\n<title>Peter Sagan: \u201e\u00c9n leszek a csapat magja\u201d<\/title>\n<meta name=\"description\" content=\"A szlov\u00e1k szuperszt\u00e1r a L\u2019Equipe-nek adott interj\u00faj\u00e1ban elmondta, hogy a Team TotalEnergies csapata akarta \u0151t legjobban. Most pedig seg\u00edteni szeretne nekik, hogy feln\u0151hessenek az UCI WorldTour szintj\u00e9hez.\" \/>\n<meta name=\"robots\" content=\"index, follow, max-snippet:-1, max-image-preview:large, max-video-preview:-1\" \/>\n<link rel=\"canonical\" href=\"https:\/\/www.welovecycling.com\/hu\/orszaguti-kerekpar\/peter-sagan-en-leszek-a-csapat-magja\/\" \/>\n<meta property=\"og:locale\" content=\"hu_HU\" \/>\n<meta property=\"og:type\" content=\"article\" \/>\n<meta property=\"og:title\" content=\"Peter Sagan: \u201e\u00c9n leszek a csapat magja\u201d\" \/>\n<meta property=\"og:description\" content=\"A szlov\u00e1k szuperszt\u00e1r a L\u2019Equipe-nek adott interj\u00faj\u00e1ban elmondta, hogy a Team TotalEnergies csapata akarta \u0151t legjobban. Most pedig seg\u00edteni szeretne nekik, hogy feln\u0151hessenek az UCI WorldTour szintj\u00e9hez.\" \/>\n<meta property=\"og:url\" content=\"https:\/\/www.welovecycling.com\/hu\/orszaguti-kerekpar\/peter-sagan-en-leszek-a-csapat-magja\/\" \/>\n<meta property=\"og:site_name\" content=\"\u0160koda We Love Cycling - Magyarorsz\u00e1g\" \/>\n<meta property=\"article:publisher\" content=\"https:\/\/www.facebook.com\/WeLoveCyclingHungary\/\" \/>\n<meta property=\"article:published_time\" content=\"2021-11-15T06:00:51+00:00\" \/>\n<meta property=\"og:image\" content=\"https:\/\/d2p6e6u75xmxt8.cloudfront.net\/12\/2021\/11\/Peter-Sagan-profimedia-0636012567-CVR.jpg\" \/>\n\t<meta property=\"og:image:width\" content=\"1366\" \/>\n\t<meta property=\"og:image:height\" content=\"600\" \/>\n\t<meta property=\"og:image:type\" content=\"image\/jpeg\" \/>\n<meta name=\"author\" content=\"hegyizs\" \/>\n<meta name=\"twitter:card\" content=\"summary_large_image\" \/>\n<meta name=\"twitter:label1\" content=\"Written by\" \/>\n\t<meta name=\"twitter:data1\" content=\"Monica Buck\" \/>\n\t<meta name=\"twitter:label2\" content=\"Est. reading time\" \/>\n\t<meta name=\"twitter:data2\" content=\"4\" \/>\n<script type=\"application\/ld+json\" class=\"yoast-schema-graph\">{\"@context\":\"https:\/\/schema.org\",\"@graph\":[{\"@type\":\"WebPage\",\"@id\":\"https:\/\/www.welovecycling.com\/hu\/orszaguti-kerekpar\/peter-sagan-en-leszek-a-csapat-magja\/\",\"url\":\"https:\/\/www.welovecycling.com\/hu\/orszaguti-kerekpar\/peter-sagan-en-leszek-a-csapat-magja\/\",\"name\":\"Peter Sagan: \u201e\u00c9n leszek a csapat magja\u201d\",\"isPartOf\":{\"@id\":\"https:\/\/www.welovecycling.com\/hu\/#website\"},\"primaryImageOfPage\":{\"@id\":\"https:\/\/www.welovecycling.com\/hu\/orszaguti-kerekpar\/peter-sagan-en-leszek-a-csapat-magja\/#primaryimage\"},\"image\":{\"@id\":\"https:\/\/www.welovecycling.com\/hu\/orszaguti-kerekpar\/peter-sagan-en-leszek-a-csapat-magja\/#primaryimage\"},\"thumbnailUrl\":\"https:\/\/d2p6e6u75xmxt8.cloudfront.net\/12\/2021\/11\/Peter-Sagan-profimedia-0636012567-CVR.jpg\",\"datePublished\":\"2021-11-15T06:00:51+00:00\",\"author\":{\"@id\":\"https:\/\/www.welovecycling.com\/hu\/#\/schema\/person\/414a2aebf1801691a5320edb6468e194\"},\"description\":\"A szlov\u00e1k szuperszt\u00e1r a L\u2019Equipe-nek adott interj\u00faj\u00e1ban elmondta, hogy a Team TotalEnergies csapata akarta \u0151t legjobban. Most pedig seg\u00edteni szeretne nekik, hogy feln\u0151hessenek az UCI WorldTour szintj\u00e9hez.\",\"breadcrumb\":{\"@id\":\"https:\/\/www.welovecycling.com\/hu\/orszaguti-kerekpar\/peter-sagan-en-leszek-a-csapat-magja\/#breadcrumb\"},\"inLanguage\":\"hu\",\"potentialAction\":[{\"@type\":\"ReadAction\",\"target\":[\"https:\/\/www.welovecycling.com\/hu\/orszaguti-kerekpar\/peter-sagan-en-leszek-a-csapat-magja\/\"]}]},{\"@type\":\"ImageObject\",\"inLanguage\":\"hu\",\"@id\":\"https:\/\/www.welovecycling.com\/hu\/orszaguti-kerekpar\/peter-sagan-en-leszek-a-csapat-magja\/#primaryimage\",\"url\":\"https:\/\/d2p6e6u75xmxt8.cloudfront.net\/12\/2021\/11\/Peter-Sagan-profimedia-0636012567-CVR.jpg\",\"contentUrl\":\"https:\/\/d2p6e6u75xmxt8.cloudfront.net\/12\/2021\/11\/Peter-Sagan-profimedia-0636012567-CVR.jpg\",\"width\":1366,\"height\":600},{\"@type\":\"BreadcrumbList\",\"@id\":\"https:\/\/www.welovecycling.com\/hu\/orszaguti-kerekpar\/peter-sagan-en-leszek-a-csapat-magja\/#breadcrumb\",\"itemListElement\":[{\"@type\":\"ListItem\",\"position\":1,\"name\":\"Home\",\"item\":\"https:\/\/www.welovecycling.com\/hu\/\"},{\"@type\":\"ListItem\",\"position\":2,\"name\":\"Peter Sagan: \u201e\u00c9n leszek a csapat magja\u201d\"}]},{\"@type\":\"WebSite\",\"@id\":\"https:\/\/www.welovecycling.com\/hu\/#website\",\"url\":\"https:\/\/www.welovecycling.com\/hu\/\",\"name\":\"\u0160koda We Love Cycling - Magyarorsz\u00e1g\",\"description\":\"\u0160koda WeLoveCycling\",\"potentialAction\":[{\"@type\":\"SearchAction\",\"target\":{\"@type\":\"EntryPoint\",\"urlTemplate\":\"https:\/\/www.welovecycling.com\/hu\/?s={search_term_string}\"},\"query-input\":{\"@type\":\"PropertyValueSpecification\",\"valueRequired\":true,\"valueName\":\"search_term_string\"}}],\"inLanguage\":\"hu\"},{\"@type\":\"Person\",\"@id\":\"https:\/\/www.welovecycling.com\/hu\/#\/schema\/person\/414a2aebf1801691a5320edb6468e194\",\"name\":\"hegyizs\",\"image\":{\"@type\":\"ImageObject\",\"inLanguage\":\"hu\",\"@id\":\"https:\/\/www.welovecycling.com\/hu\/#\/schema\/person\/image\/\",\"url\":\"https:\/\/secure.gravatar.com\/avatar\/02cf8a7906b8cf90cecb4679defac7cfd33a1c2e3b88e4903d947f3bb58eedd3?s=96&d=mm&r=g\",\"contentUrl\":\"https:\/\/secure.gravatar.com\/avatar\/02cf8a7906b8cf90cecb4679defac7cfd33a1c2e3b88e4903d947f3bb58eedd3?s=96&d=mm&r=g\",\"caption\":\"hegyizs\"},\"url\":\"https:\/\/www.welovecycling.com\/hu\/author\/hegyizs\/\"}]}<\/script>\n<!-- \/ Yoast SEO Premium plugin. -->","yoast_head_json":{"title":"Peter Sagan: \u201e\u00c9n leszek a csapat magja\u201d","description":"A szlov\u00e1k szuperszt\u00e1r a L\u2019Equipe-nek adott interj\u00faj\u00e1ban elmondta, hogy a Team TotalEnergies csapata akarta \u0151t legjobban. Most pedig seg\u00edteni szeretne nekik, hogy feln\u0151hessenek az UCI WorldTour szintj\u00e9hez.","robots":{"index":"index","follow":"follow","max-snippet":"max-snippet:-1","max-image-preview":"max-image-preview:large","max-video-preview":"max-video-preview:-1"},"canonical":"https:\/\/www.welovecycling.com\/hu\/orszaguti-kerekpar\/peter-sagan-en-leszek-a-csapat-magja\/","og_locale":"hu_HU","og_type":"article","og_title":"Peter Sagan: \u201e\u00c9n leszek a csapat magja\u201d","og_description":"A szlov\u00e1k szuperszt\u00e1r a L\u2019Equipe-nek adott interj\u00faj\u00e1ban elmondta, hogy a Team TotalEnergies csapata akarta \u0151t legjobban. Most pedig seg\u00edteni szeretne nekik, hogy feln\u0151hessenek az UCI WorldTour szintj\u00e9hez.","og_url":"https:\/\/www.welovecycling.com\/hu\/orszaguti-kerekpar\/peter-sagan-en-leszek-a-csapat-magja\/","og_site_name":"\u0160koda We Love Cycling - Magyarorsz\u00e1g","article_publisher":"https:\/\/www.facebook.com\/WeLoveCyclingHungary\/","article_published_time":"2021-11-15T06:00:51+00:00","og_image":[{"width":1366,"height":600,"url":"https:\/\/d2p6e6u75xmxt8.cloudfront.net\/12\/2021\/11\/Peter-Sagan-profimedia-0636012567-CVR.jpg","type":"image\/jpeg"}],"author":"hegyizs","twitter_card":"summary_large_image","twitter_misc":{"Written by":"Monica Buck","Est. reading time":"4"},"schema":{"@context":"https:\/\/schema.org","@graph":[{"@type":"WebPage","@id":"https:\/\/www.welovecycling.com\/hu\/orszaguti-kerekpar\/peter-sagan-en-leszek-a-csapat-magja\/","url":"https:\/\/www.welovecycling.com\/hu\/orszaguti-kerekpar\/peter-sagan-en-leszek-a-csapat-magja\/","name":"Peter Sagan: \u201e\u00c9n leszek a csapat magja\u201d","isPartOf":{"@id":"https:\/\/www.welovecycling.com\/hu\/#website"},"primaryImageOfPage":{"@id":"https:\/\/www.welovecycling.com\/hu\/orszaguti-kerekpar\/peter-sagan-en-leszek-a-csapat-magja\/#primaryimage"},"image":{"@id":"https:\/\/www.welovecycling.com\/hu\/orszaguti-kerekpar\/peter-sagan-en-leszek-a-csapat-magja\/#primaryimage"},"thumbnailUrl":"https:\/\/d2p6e6u75xmxt8.cloudfront.net\/12\/2021\/11\/Peter-Sagan-profimedia-0636012567-CVR.jpg","datePublished":"2021-11-15T06:00:51+00:00","author":{"@id":"https:\/\/www.welovecycling.com\/hu\/#\/schema\/person\/414a2aebf1801691a5320edb6468e194"},"description":"A szlov\u00e1k szuperszt\u00e1r a L\u2019Equipe-nek adott interj\u00faj\u00e1ban elmondta, hogy a Team TotalEnergies csapata akarta \u0151t legjobban. Most pedig seg\u00edteni szeretne nekik, hogy feln\u0151hessenek az UCI WorldTour szintj\u00e9hez.","breadcrumb":{"@id":"https:\/\/www.welovecycling.com\/hu\/orszaguti-kerekpar\/peter-sagan-en-leszek-a-csapat-magja\/#breadcrumb"},"inLanguage":"hu","potentialAction":[{"@type":"ReadAction","target":["https:\/\/www.welovecycling.com\/hu\/orszaguti-kerekpar\/peter-sagan-en-leszek-a-csapat-magja\/"]}]},{"@type":"ImageObject","inLanguage":"hu","@id":"https:\/\/www.welovecycling.com\/hu\/orszaguti-kerekpar\/peter-sagan-en-leszek-a-csapat-magja\/#primaryimage","url":"https:\/\/d2p6e6u75xmxt8.cloudfront.net\/12\/2021\/11\/Peter-Sagan-profimedia-0636012567-CVR.jpg","contentUrl":"https:\/\/d2p6e6u75xmxt8.cloudfront.net\/12\/2021\/11\/Peter-Sagan-profimedia-0636012567-CVR.jpg","width":1366,"height":600},{"@type":"BreadcrumbList","@id":"https:\/\/www.welovecycling.com\/hu\/orszaguti-kerekpar\/peter-sagan-en-leszek-a-csapat-magja\/#breadcrumb","itemListElement":[{"@type":"ListItem","position":1,"name":"Home","item":"https:\/\/www.welovecycling.com\/hu\/"},{"@type":"ListItem","position":2,"name":"Peter Sagan: \u201e\u00c9n leszek a csapat magja\u201d"}]},{"@type":"WebSite","@id":"https:\/\/www.welovecycling.com\/hu\/#website","url":"https:\/\/www.welovecycling.com\/hu\/","name":"\u0160koda We Love Cycling - Magyarorsz\u00e1g","description":"\u0160koda WeLoveCycling","potentialAction":[{"@type":"SearchAction","target":{"@type":"EntryPoint","urlTemplate":"https:\/\/www.welovecycling.com\/hu\/?s={search_term_string}"},"query-input":{"@type":"PropertyValueSpecification","valueRequired":true,"valueName":"search_term_string"}}],"inLanguage":"hu"},{"@type":"Person","@id":"https:\/\/www.welovecycling.com\/hu\/#\/schema\/person\/414a2aebf1801691a5320edb6468e194","name":"hegyizs","image":{"@type":"ImageObject","inLanguage":"hu","@id":"https:\/\/www.welovecycling.com\/hu\/#\/schema\/person\/image\/","url":"https:\/\/secure.gravatar.com\/avatar\/02cf8a7906b8cf90cecb4679defac7cfd33a1c2e3b88e4903d947f3bb58eedd3?s=96&d=mm&r=g","contentUrl":"https:\/\/secure.gravatar.com\/avatar\/02cf8a7906b8cf90cecb4679defac7cfd33a1c2e3b88e4903d947f3bb58eedd3?s=96&d=mm&r=g","caption":"hegyizs"},"url":"https:\/\/www.welovecycling.com\/hu\/author\/hegyizs\/"}]}},"_links":{"self":[{"href":"https:\/\/www.welovecycling.com\/hu\/wp-json\/wp\/v2\/posts\/12898","targetHints":{"allow":["GET"]}}],"collection":[{"href":"https:\/\/www.welovecycling.com\/hu\/wp-json\/wp\/v2\/posts"}],"about":[{"href":"https:\/\/www.welovecycling.com\/hu\/wp-json\/wp\/v2\/types\/post"}],"author":[{"embeddable":true,"href":"https:\/\/www.welovecycling.com\/hu\/wp-json\/wp\/v2\/users\/71"}],"replies":[{"embeddable":true,"href":"https:\/\/www.welovecycling.com\/hu\/wp-json\/wp\/v2\/comments?post=12898"}],"version-history":[{"count":2,"href":"https:\/\/www.welovecycling.com\/hu\/wp-json\/wp\/v2\/posts\/12898\/revisions"}],"predecessor-version":[{"id":12931,"href":"https:\/\/www.welovecycling.com\/hu\/wp-json\/wp\/v2\/posts\/12898\/revisions\/12931"}],"wp:featuredmedia":[{"embeddable":true,"href":"https:\/\/www.welovecycling.com\/hu\/wp-json\/wp\/v2\/media\/12901"}],"wp:attachment":[{"href":"https:\/\/www.welovecycling.com\/hu\/wp-json\/wp\/v2\/media?parent=12898"}],"wp:term":[{"taxonomy":"category","embeddable":true,"href":"https:\/\/www.welovecycling.com\/hu\/wp-json\/wp\/v2\/categories?post=12898"},{"taxonomy":"post_tag","embeddable":true,"href":"https:\/\/www.welovecycling.com\/hu\/wp-json\/wp\/v2\/tags?post=12898"},{"taxonomy":"global-categories","embeddable":true,"href":"https:\/\/www.welovecycling.com\/hu\/wp-json\/wp\/v2\/global-categories?post=12898"}],"curies":[{"name":"wp","href":"https:\/\/api.w.org\/{rel}","templated":true}]}}