{"id":12889,"date":"2021-11-13T09:00:22","date_gmt":"2021-11-13T07:00:22","guid":{"rendered":"https:\/\/www.welovecycling.com\/hu\/?p=12889"},"modified":"2022-02-03T12:58:41","modified_gmt":"2022-02-03T10:58:41","slug":"a-honap-utvonala-november-maszas-es-ereszkedes-a-pilisben","status":"publish","type":"post","link":"https:\/\/www.welovecycling.com\/hu\/honap-utvonala\/a-honap-utvonala-november-maszas-es-ereszkedes-a-pilisben\/","title":{"rendered":"A h\u00f3nap \u00fatvonala \u2013 November: M\u00e1sz\u00e1s \u00e9s ereszked\u00e9s a Pilisben"},"content":{"rendered":"<p><strong>R\u00f6vid, de vel\u0151s bringautat hozott nektek a Saturday Ride csapata, a helysz\u00ednb\u0151l pedig ki is tal\u00e1lhatj\u00e1tok, hogy ez bizony kem\u00e9ny DH-menet lesz! T\u00f6k\u00e9letes kaland ez \u0151szre: a pilisi erd\u0151 ilyenkor a legszebb, melegen tart az adrenalin \u00e9s kell\u0151k\u00e9ppen nagy a s\u00e1r ahhoz, hogy \u00fajra pocsoly\u00e1kban ugr\u00e1l\u00f3 gyereknek \u00e9rezhesd magad! Pedig a novemberi H\u00f3nap \u00fatvonala nem gyerekj\u00e1t\u00e9k.<\/strong><!--more--><\/p>\n<p>A Saturday Ride n\u00e9ven fut\u00f3 bring\u00e1s csoport tagjai fogt\u00e1k enduro ker\u00e9kp\u00e1rjaikat \u00e9s leverettek a pilis Ez\u00fcstkev\u00e9ly-sziklakertj\u00e9r\u0151l.<\/p>\n<figure id=\"attachment_12890\" aria-describedby=\"caption-attachment-12890\" style=\"width: 1024px\" class=\"wp-caption alignnone\"><a href=\"https:\/\/d2p6e6u75xmxt8.cloudfront.net\/12\/2021\/11\/pilisborosjeno-min.jpeg\"><img loading=\"lazy\" decoding=\"async\" class=\"size-large wp-image-12890\" src=\"https:\/\/d2p6e6u75xmxt8.cloudfront.net\/12\/2021\/11\/pilisborosjeno-min-1024x576.jpeg\" alt=\"\" width=\"1024\" height=\"576\" srcset=\"https:\/\/d2p6e6u75xmxt8.cloudfront.net\/12\/2021\/11\/pilisborosjeno-min-1024x576.jpeg 1024w, https:\/\/d2p6e6u75xmxt8.cloudfront.net\/12\/2021\/11\/pilisborosjeno-min-300x169.jpeg 300w, https:\/\/d2p6e6u75xmxt8.cloudfront.net\/12\/2021\/11\/pilisborosjeno-min-768x432.jpeg 768w, https:\/\/d2p6e6u75xmxt8.cloudfront.net\/12\/2021\/11\/pilisborosjeno-min-1536x864.jpeg 1536w, https:\/\/d2p6e6u75xmxt8.cloudfront.net\/12\/2021\/11\/pilisborosjeno-min-1920x1080.jpeg 1920w, https:\/\/d2p6e6u75xmxt8.cloudfront.net\/12\/2021\/11\/pilisborosjeno-min.jpeg 2048w, https:\/\/d2p6e6u75xmxt8.cloudfront.net\/12\/2021\/11\/pilisborosjeno-min-1920x1080.jpeg 1920w\" sizes=\"auto, (max-width: 1024px) 100vw, 1024px\" \/><\/a><figcaption id=\"caption-attachment-12890\" class=\"wp-caption-text\">K\u00e9szen \u00e1llsz egy downhill-menetre k\u00f6vetkez\u0151 szombaton? Vagy b\u00e1rmikor?<\/figcaption><\/figure>\n<p><strong><em>Mi\u00f3ta bring\u00e1zik egy\u00fctt a Saturday Ride?<\/em><\/strong><\/p>\n<p>A csapat magja egy biciklis technikai edz\u00e9sen tal\u00e1lkozott m\u00e9g 2018-ban. Az els\u0151 k\u00f6z\u00f6s, edz\u00e9sen k\u00edv\u00fcli bicikliz\u00e9s szombatra volt tervezve, \u00edgy a besz\u00e9lget\u0151 csoportot <em>\u201eSaturday Ride\u201d<\/em>-nak nevezt\u00fck el, \u00e9s ez a n\u00e9v rajtunk is ragadt. K\u00e9s\u0151bb kieg\u00e9sz\u00fclt\u00fcnk innen-onnan, ismerets\u00e9g alapj\u00e1n. Term\u00e9szetesen a k\u00f6z\u00f6s pont a bicikliz\u00e9s volt, mert mint sok egyebet, ezt is jobb t\u00e1rsas\u00e1gban csin\u00e1lni! Most 18 \u00e9s 40 \u00e9v k\u00f6z\u00f6tti sr\u00e1cokb\u00f3l \u00e1ll a brig\u00e1d.<\/p>\n<p><strong><em>Mit szerettek a downhillez\u00e9sben?<\/em><\/strong><\/p>\n<p>Ezt neh\u00e9z lenne sz\u00e9p kerek mondatokban \u00f6sszefoglalni.\u00a0A kih\u00edv\u00e1st, a sebess\u00e9get, a term\u00e9szetet, az \u00e1llatokat, a t\u00e1rsas\u00e1got, az adrenalint, a pihen\u0151kben a csokit, a gumicukrot, a bels\u0151 v\u00edv\u00f3d\u00e1st, ami n\u00e9ha kil\u00f6ki az embert a komfortz\u00f3n\u00e1j\u00e1b\u00f3l, m\u00e1skor meg visszar\u00e1ntja. Sz\u00f3val mindent.<\/p>\n<p><strong><em>Mi\u00e9rt szeretitek a vide\u00f3ban szerepl\u0151 p\u00e1ly\u00e1t? Mennyire ki\u00e9p\u00edtett, mennyire vesz\u00e9lyes?<\/em><\/strong><\/p>\n<p>Egyr\u00e9szt az\u00e9rt, mert nagyon sz\u00e9p helyen fekszik, a hegy d\u00e9l-nyugati oldal\u00e1n. Kir\u00e1ndul\u00f3helynek sem utols\u00f3, a p\u00e1lya pedig tal\u00e1n a legjobb Budapest-k\u00f6zeli enduro p\u00e1lya, v\u00e1ltozatos tereppel. T\u00f6bb nyomvonala is van, amik egym\u00e1sb\u00f3l ny\u00edlnak, \u00edgy el\u00e9g j\u00f3l lehet vari\u00e1lni \u0151ket. Alapvet\u0151en natural trail, de az \u00e9vek sor\u00e1n itt-ott \u00e9p\u00edtettek is rajta. Van egy-k\u00e9t technik\u00e1sabb r\u00e9sze, ez\u00e9rt a halad\u00f3bb p\u00e1ly\u00e1k k\u00f6z\u00e9 soroln\u00e1nk.<\/p>\n<figure id=\"attachment_12891\" aria-describedby=\"caption-attachment-12891\" style=\"width: 1024px\" class=\"wp-caption alignnone\"><a href=\"https:\/\/d2p6e6u75xmxt8.cloudfront.net\/12\/2021\/11\/csoportkep-min.jpeg\"><img loading=\"lazy\" decoding=\"async\" class=\"size-large wp-image-12891\" src=\"https:\/\/d2p6e6u75xmxt8.cloudfront.net\/12\/2021\/11\/csoportkep-min-1024x576.jpeg\" alt=\"\" width=\"1024\" height=\"576\" srcset=\"https:\/\/d2p6e6u75xmxt8.cloudfront.net\/12\/2021\/11\/csoportkep-min-1024x576.jpeg 1024w, https:\/\/d2p6e6u75xmxt8.cloudfront.net\/12\/2021\/11\/csoportkep-min-300x169.jpeg 300w, https:\/\/d2p6e6u75xmxt8.cloudfront.net\/12\/2021\/11\/csoportkep-min-768x432.jpeg 768w, https:\/\/d2p6e6u75xmxt8.cloudfront.net\/12\/2021\/11\/csoportkep-min-1536x864.jpeg 1536w, https:\/\/d2p6e6u75xmxt8.cloudfront.net\/12\/2021\/11\/csoportkep-min-1920x1080.jpeg 1920w, https:\/\/d2p6e6u75xmxt8.cloudfront.net\/12\/2021\/11\/csoportkep-min.jpeg 2048w, https:\/\/d2p6e6u75xmxt8.cloudfront.net\/12\/2021\/11\/csoportkep-min-1920x1080.jpeg 1920w\" sizes=\"auto, (max-width: 1024px) 100vw, 1024px\" \/><\/a><figcaption id=\"caption-attachment-12891\" class=\"wp-caption-text\">A Saturday Ride egy vegyes koroszt\u00e1ly\u00fa bring\u00e1s t\u00e1rsas\u00e1g, akik term\u00e9szetesen im\u00e1dnak tekerni.<\/figcaption><\/figure>\n<p><strong><em>Milyen extra felszerel\u00e9s sz\u00fcks\u00e9ges az \u00fatvonalhoz?<\/em><\/strong><\/p>\n<p>A buk\u00f3sisakot, a t\u00e9rdv\u00e9d\u0151t \u00e9s keszty\u0171t vehetj\u00fck alapfelszerel\u00e9snek. Az \u00fatvonal saj\u00e1toss\u00e1gai miatt \u2013 a p\u00e1lya sok helyen szikl\u00e1s, k\u00f6ves \u2013 ezeket \u00e9rdemes lehet kieg\u00e9sz\u00edteni gerinc-, \u00e9s mellkas-, vagy teljes fels\u0151testet v\u00e9d\u0151 protektorral. V\u00e9g\u00fcl, de nem utols\u00f3 sorban a ker\u00e9kp\u00e1r \u00e1llapota is nagyban hozz\u00e1j\u00e1rul a biztons\u00e1ghoz. C\u00e9lszer\u0171 rendszeresen ellen\u0151rizni az alkatr\u00e9szek \u00e9ps\u00e9g\u00e9t, elv\u00e9gezni az id\u0151szakos karbantart\u00e1sokat, miel\u0151tt elindulsz.<\/p>\n<p><strong><em>Mennyi tapasztalatra van sz\u00fcks\u00e9g az \u00fatvonal teljes\u00edt\u00e9s\u00e9hez?<\/em><\/strong><\/p>\n<p>A felfele \u00fat kicsit kevesebb, mint 2 km, k\u00f6zepesen-neh\u00e9z m\u00e1sz\u00e1s. K\u00e9t olyan meredekebb szakasza van, ahol fitts\u00e9gt\u0151l f\u00fcgg\u0151en lehet, hogy tolni kell a biciklit. Az ereszked\u00e9s m\u00e1r nehezebb, nem kifejezetten kezd\u0151knek val\u00f3, sz\u00fcks\u00e9ges hozz\u00e1 a megfelel\u0151 bringakezel\u00e9s, f\u00e9k adagol\u00e1s, s\u00falypont helyezget\u00e9s.<\/p>\n<figure id=\"attachment_12892\" aria-describedby=\"caption-attachment-12892\" style=\"width: 1024px\" class=\"wp-caption alignnone\"><a href=\"https:\/\/d2p6e6u75xmxt8.cloudfront.net\/12\/2021\/11\/saturday_ride1.jpg\"><img loading=\"lazy\" decoding=\"async\" class=\"size-large wp-image-12892\" src=\"https:\/\/d2p6e6u75xmxt8.cloudfront.net\/12\/2021\/11\/saturday_ride1-1024x576.jpg\" alt=\"\" width=\"1024\" height=\"576\" srcset=\"https:\/\/d2p6e6u75xmxt8.cloudfront.net\/12\/2021\/11\/saturday_ride1-1024x576.jpg 1024w, https:\/\/d2p6e6u75xmxt8.cloudfront.net\/12\/2021\/11\/saturday_ride1-300x169.jpg 300w, https:\/\/d2p6e6u75xmxt8.cloudfront.net\/12\/2021\/11\/saturday_ride1-768x432.jpg 768w, https:\/\/d2p6e6u75xmxt8.cloudfront.net\/12\/2021\/11\/saturday_ride1-1536x864.jpg 1536w, https:\/\/d2p6e6u75xmxt8.cloudfront.net\/12\/2021\/11\/saturday_ride1-1920x1080.jpg 1920w, https:\/\/d2p6e6u75xmxt8.cloudfront.net\/12\/2021\/11\/saturday_ride1.jpg 2048w, https:\/\/d2p6e6u75xmxt8.cloudfront.net\/12\/2021\/11\/saturday_ride1-1920x1080.jpg 1920w\" sizes=\"auto, (max-width: 1024px) 100vw, 1024px\" \/><\/a><figcaption id=\"caption-attachment-12892\" class=\"wp-caption-text\">A Saturday Ride csapattagjainak is l\u00f3g a nyelve a pilisi m\u00e1sz\u00e1sok ut\u00e1n.<\/figcaption><\/figure>\n<p><strong><em>Mire figyeljen, aki \u00fagy d\u00f6nt, hogy bej\u00e1rja az \u00fatvonalat?<\/em><\/strong><\/p>\n<p>Aki nem ismeri a p\u00e1ly\u00e1t, annak \u00e9rdemes lassan, k\u00f6r\u00fcltekint\u0151en, szakaszosan haladnia. Nem rossz \u00f6tlet ak\u00e1r gyalogosan is bej\u00e1rni, megn\u00e9zni a lehet\u0151s\u00e9geket, nyomv\u00e1laszt\u00e1sokat, hogy ne \u00e9rjen a nyeregben meglepet\u00e9s. Amikor a felv\u00e9tel k\u00e9sz\u00fclt sz\u00e1raz volt a p\u00e1lya, ilyenkor el\u00e9g poros \u00e9s sok helyen cs\u00fasz\u00f3s. Ide\u00e1lis \u0151szi-t\u00e9li szakasz, ilyenkor nedvesebb a talaj, \u00edgy jobban tapad.<\/p>\n<p><a href=\"https:\/\/d2p6e6u75xmxt8.cloudfront.net\/12\/2021\/11\/wlc_hu_sr.jpg\"><img loading=\"lazy\" decoding=\"async\" class=\"size-full wp-image-12893 aligncenter\" src=\"https:\/\/d2p6e6u75xmxt8.cloudfront.net\/12\/2021\/11\/wlc_hu_sr.jpg\" alt=\"\" width=\"687\" height=\"373\" srcset=\"https:\/\/d2p6e6u75xmxt8.cloudfront.net\/12\/2021\/11\/wlc_hu_sr.jpg 687w, https:\/\/d2p6e6u75xmxt8.cloudfront.net\/12\/2021\/11\/wlc_hu_sr-300x163.jpg 300w\" sizes=\"auto, (max-width: 687px) 100vw, 687px\" \/><\/a><\/p>\n<p>Nincs teh\u00e1t kifog\u00e1s: ha van m\u00e1r n\u00e9mi tapasztalatod a downhill ter\u00e9n, ir\u00e1ny az erd\u0151! <a href=\"https:\/\/www.strava.com\/activities\/6120669689\">Az \u00fatvonalat itt \u00e9red el<\/a>, a <a href=\"https:\/\/www.youtube.com\/c\/SaturdayRide\">Saturday Ride tov\u00e1bbi vide\u00f3it pedig itt tudod megn\u00e9zni<\/a>. \u00c9rdemes k\u00f6vetni \u0151ket online \u00e9s offline is!<\/p>\n<p><em>Ha te is szeretn\u00e9d megosztani kedvenc \u00fatvonalaidat bring\u00e1s k\u00f6z\u00f6ss\u00e9g\u00fcnkkel, k\u00e9sz\u00edts fot\u00f3kat, \u00e9s k\u00fcldj el nek\u00fcnk egy besz\u00e1mol\u00f3t a t\u00far\u00e1r\u00f3l, illetve a legfontosabb tudnival\u00f3kr\u00f3l a <a href=\"https:\/\/www.welovecycling.com\/hu\/honap-utvonala\/honap-utvonala-szeptember-zelenij-linda-kedvenc-dh-palyaja\/welovecycling@skoda.hu\">welovecycling@skoda.hu<\/a>\u00a0e-mail c\u00edmre! Ha pedig tov\u00e1bbi inspir\u00e1ci\u00f3t keresel k\u00f6vetkez\u0151 t\u00far\u00e1dhoz, n\u00e9zd meg <\/em><a href=\"https:\/\/www.welovecycling.com\/hu\/category\/honap-utvonala\/\"><em>kor\u00e1bbi \u00fatvonalainkat<\/em><\/a><em>!<\/em><\/p>\n","protected":false},"excerpt":{"rendered":"<p>R\u00f6vid, de vel\u0151s bringautat hozott nektek a Saturday Ride csapata, a helysz\u00ednb\u0151l pedig ki is tal\u00e1lhatj\u00e1tok, hogy ez bizony kem\u00e9ny [&hellip;]<\/p>\n","protected":false},"author":71,"featured_media":12895,"comment_status":"open","ping_status":"open","sticky":false,"template":"","format":"video","meta":{"footnotes":""},"categories":[461],"tags":[],"global-categories":[],"class_list":["post-12889","post","type-post","status-publish","format-video","has-post-thumbnail","hentry","category-honap-utvonala","post_format-post-format-video"],"yoast_head":"<!-- This site is optimized with the Yoast SEO Premium plugin v25.3 (Yoast SEO v25.9) - https:\/\/yoast.com\/wordpress\/plugins\/seo\/ -->\n<title>A h\u00f3nap \u00fatvonala \u2013 November: M\u00e1sz\u00e1s \u00e9s ereszked\u00e9s a Pilisben<\/title>\n<meta name=\"description\" content=\"R\u00f6vid, de vel\u0151s bringautat hozott nektek a Saturday Ride csapata, a helysz\u00ednb\u0151l pedig ki is tal\u00e1lhatj\u00e1tok, hogy ez bizony kem\u00e9ny DH-menet lesz!\" \/>\n<meta name=\"robots\" content=\"index, follow, max-snippet:-1, max-image-preview:large, max-video-preview:-1\" \/>\n<link rel=\"canonical\" href=\"https:\/\/www.welovecycling.com\/hu\/honap-utvonala\/a-honap-utvonala-november-maszas-es-ereszkedes-a-pilisben\/\" \/>\n<meta property=\"og:locale\" content=\"hu_HU\" \/>\n<meta property=\"og:type\" content=\"article\" \/>\n<meta property=\"og:title\" content=\"A h\u00f3nap \u00fatvonala \u2013 November: M\u00e1sz\u00e1s \u00e9s ereszked\u00e9s a Pilisben\" \/>\n<meta property=\"og:description\" content=\"R\u00f6vid, de vel\u0151s bringautat hozott nektek a Saturday Ride csapata, a helysz\u00ednb\u0151l pedig ki is tal\u00e1lhatj\u00e1tok, hogy ez bizony kem\u00e9ny DH-menet lesz!\" \/>\n<meta property=\"og:url\" content=\"https:\/\/www.welovecycling.com\/hu\/honap-utvonala\/a-honap-utvonala-november-maszas-es-ereszkedes-a-pilisben\/\" \/>\n<meta property=\"og:site_name\" content=\"\u0160koda We Love Cycling - Magyarorsz\u00e1g\" \/>\n<meta property=\"article:publisher\" content=\"https:\/\/www.facebook.com\/WeLoveCyclingHungary\/\" \/>\n<meta property=\"article:published_time\" content=\"2021-11-13T07:00:22+00:00\" \/>\n<meta property=\"article:modified_time\" content=\"2022-02-03T10:58:41+00:00\" \/>\n<meta property=\"og:image\" content=\"https:\/\/d2p6e6u75xmxt8.cloudfront.net\/12\/2021\/11\/nov_WLC_honap_utvonalamin.jpg\" \/>\n\t<meta property=\"og:image:width\" content=\"1400\" \/>\n\t<meta property=\"og:image:height\" content=\"788\" \/>\n\t<meta property=\"og:image:type\" content=\"image\/jpeg\" \/>\n<meta name=\"author\" content=\"hegyizs\" \/>\n<meta name=\"twitter:card\" content=\"summary_large_image\" \/>\n<meta name=\"twitter:label1\" content=\"Written by\" \/>\n\t<meta name=\"twitter:data1\" content=\"WLC\" \/>\n\t<meta name=\"twitter:label2\" content=\"Est. reading time\" \/>\n\t<meta name=\"twitter:data2\" content=\"4 minutes\" \/>\n<script type=\"application\/ld+json\" class=\"yoast-schema-graph\">{\"@context\":\"https:\/\/schema.org\",\"@graph\":[{\"@type\":\"WebPage\",\"@id\":\"https:\/\/www.welovecycling.com\/hu\/honap-utvonala\/a-honap-utvonala-november-maszas-es-ereszkedes-a-pilisben\/\",\"url\":\"https:\/\/www.welovecycling.com\/hu\/honap-utvonala\/a-honap-utvonala-november-maszas-es-ereszkedes-a-pilisben\/\",\"name\":\"A h\u00f3nap \u00fatvonala \u2013 November: M\u00e1sz\u00e1s \u00e9s ereszked\u00e9s a Pilisben\",\"isPartOf\":{\"@id\":\"https:\/\/www.welovecycling.com\/hu\/#website\"},\"primaryImageOfPage\":{\"@id\":\"https:\/\/www.welovecycling.com\/hu\/honap-utvonala\/a-honap-utvonala-november-maszas-es-ereszkedes-a-pilisben\/#primaryimage\"},\"image\":{\"@id\":\"https:\/\/www.welovecycling.com\/hu\/honap-utvonala\/a-honap-utvonala-november-maszas-es-ereszkedes-a-pilisben\/#primaryimage\"},\"thumbnailUrl\":\"https:\/\/d2p6e6u75xmxt8.cloudfront.net\/12\/2021\/11\/nov_WLC_honap_utvonalamin.jpg\",\"datePublished\":\"2021-11-13T07:00:22+00:00\",\"dateModified\":\"2022-02-03T10:58:41+00:00\",\"author\":{\"@id\":\"https:\/\/www.welovecycling.com\/hu\/#\/schema\/person\/414a2aebf1801691a5320edb6468e194\"},\"description\":\"R\u00f6vid, de vel\u0151s bringautat hozott nektek a Saturday Ride csapata, a helysz\u00ednb\u0151l pedig ki is tal\u00e1lhatj\u00e1tok, hogy ez bizony kem\u00e9ny DH-menet lesz!\",\"breadcrumb\":{\"@id\":\"https:\/\/www.welovecycling.com\/hu\/honap-utvonala\/a-honap-utvonala-november-maszas-es-ereszkedes-a-pilisben\/#breadcrumb\"},\"inLanguage\":\"hu\",\"potentialAction\":[{\"@type\":\"ReadAction\",\"target\":[\"https:\/\/www.welovecycling.com\/hu\/honap-utvonala\/a-honap-utvonala-november-maszas-es-ereszkedes-a-pilisben\/\"]}]},{\"@type\":\"ImageObject\",\"inLanguage\":\"hu\",\"@id\":\"https:\/\/www.welovecycling.com\/hu\/honap-utvonala\/a-honap-utvonala-november-maszas-es-ereszkedes-a-pilisben\/#primaryimage\",\"url\":\"https:\/\/d2p6e6u75xmxt8.cloudfront.net\/12\/2021\/11\/nov_WLC_honap_utvonalamin.jpg\",\"contentUrl\":\"https:\/\/d2p6e6u75xmxt8.cloudfront.net\/12\/2021\/11\/nov_WLC_honap_utvonalamin.jpg\",\"width\":1400,\"height\":788},{\"@type\":\"BreadcrumbList\",\"@id\":\"https:\/\/www.welovecycling.com\/hu\/honap-utvonala\/a-honap-utvonala-november-maszas-es-ereszkedes-a-pilisben\/#breadcrumb\",\"itemListElement\":[{\"@type\":\"ListItem\",\"position\":1,\"name\":\"Home\",\"item\":\"https:\/\/www.welovecycling.com\/hu\/\"},{\"@type\":\"ListItem\",\"position\":2,\"name\":\"A h\u00f3nap \u00fatvonala \u2013 November: M\u00e1sz\u00e1s \u00e9s ereszked\u00e9s a Pilisben\"}]},{\"@type\":\"WebSite\",\"@id\":\"https:\/\/www.welovecycling.com\/hu\/#website\",\"url\":\"https:\/\/www.welovecycling.com\/hu\/\",\"name\":\"\u0160koda We Love Cycling - Magyarorsz\u00e1g\",\"description\":\"\u0160koda WeLoveCycling\",\"potentialAction\":[{\"@type\":\"SearchAction\",\"target\":{\"@type\":\"EntryPoint\",\"urlTemplate\":\"https:\/\/www.welovecycling.com\/hu\/?s={search_term_string}\"},\"query-input\":{\"@type\":\"PropertyValueSpecification\",\"valueRequired\":true,\"valueName\":\"search_term_string\"}}],\"inLanguage\":\"hu\"},{\"@type\":\"Person\",\"@id\":\"https:\/\/www.welovecycling.com\/hu\/#\/schema\/person\/414a2aebf1801691a5320edb6468e194\",\"name\":\"hegyizs\",\"image\":{\"@type\":\"ImageObject\",\"inLanguage\":\"hu\",\"@id\":\"https:\/\/www.welovecycling.com\/hu\/#\/schema\/person\/image\/\",\"url\":\"https:\/\/secure.gravatar.com\/avatar\/02cf8a7906b8cf90cecb4679defac7cfd33a1c2e3b88e4903d947f3bb58eedd3?s=96&d=mm&r=g\",\"contentUrl\":\"https:\/\/secure.gravatar.com\/avatar\/02cf8a7906b8cf90cecb4679defac7cfd33a1c2e3b88e4903d947f3bb58eedd3?s=96&d=mm&r=g\",\"caption\":\"hegyizs\"},\"url\":\"https:\/\/www.welovecycling.com\/hu\/author\/hegyizs\/\"}]}<\/script>\n<!-- \/ Yoast SEO Premium plugin. -->","yoast_head_json":{"title":"A h\u00f3nap \u00fatvonala \u2013 November: M\u00e1sz\u00e1s \u00e9s ereszked\u00e9s a Pilisben","description":"R\u00f6vid, de vel\u0151s bringautat hozott nektek a Saturday Ride csapata, a helysz\u00ednb\u0151l pedig ki is tal\u00e1lhatj\u00e1tok, hogy ez bizony kem\u00e9ny DH-menet lesz!","robots":{"index":"index","follow":"follow","max-snippet":"max-snippet:-1","max-image-preview":"max-image-preview:large","max-video-preview":"max-video-preview:-1"},"canonical":"https:\/\/www.welovecycling.com\/hu\/honap-utvonala\/a-honap-utvonala-november-maszas-es-ereszkedes-a-pilisben\/","og_locale":"hu_HU","og_type":"article","og_title":"A h\u00f3nap \u00fatvonala \u2013 November: M\u00e1sz\u00e1s \u00e9s ereszked\u00e9s a Pilisben","og_description":"R\u00f6vid, de vel\u0151s bringautat hozott nektek a Saturday Ride csapata, a helysz\u00ednb\u0151l pedig ki is tal\u00e1lhatj\u00e1tok, hogy ez bizony kem\u00e9ny DH-menet lesz!","og_url":"https:\/\/www.welovecycling.com\/hu\/honap-utvonala\/a-honap-utvonala-november-maszas-es-ereszkedes-a-pilisben\/","og_site_name":"\u0160koda We Love Cycling - Magyarorsz\u00e1g","article_publisher":"https:\/\/www.facebook.com\/WeLoveCyclingHungary\/","article_published_time":"2021-11-13T07:00:22+00:00","article_modified_time":"2022-02-03T10:58:41+00:00","og_image":[{"width":1400,"height":788,"url":"https:\/\/d2p6e6u75xmxt8.cloudfront.net\/12\/2021\/11\/nov_WLC_honap_utvonalamin.jpg","type":"image\/jpeg"}],"author":"hegyizs","twitter_card":"summary_large_image","twitter_misc":{"Written by":"WLC","Est. reading time":"4 minutes"},"schema":{"@context":"https:\/\/schema.org","@graph":[{"@type":"WebPage","@id":"https:\/\/www.welovecycling.com\/hu\/honap-utvonala\/a-honap-utvonala-november-maszas-es-ereszkedes-a-pilisben\/","url":"https:\/\/www.welovecycling.com\/hu\/honap-utvonala\/a-honap-utvonala-november-maszas-es-ereszkedes-a-pilisben\/","name":"A h\u00f3nap \u00fatvonala \u2013 November: M\u00e1sz\u00e1s \u00e9s ereszked\u00e9s a Pilisben","isPartOf":{"@id":"https:\/\/www.welovecycling.com\/hu\/#website"},"primaryImageOfPage":{"@id":"https:\/\/www.welovecycling.com\/hu\/honap-utvonala\/a-honap-utvonala-november-maszas-es-ereszkedes-a-pilisben\/#primaryimage"},"image":{"@id":"https:\/\/www.welovecycling.com\/hu\/honap-utvonala\/a-honap-utvonala-november-maszas-es-ereszkedes-a-pilisben\/#primaryimage"},"thumbnailUrl":"https:\/\/d2p6e6u75xmxt8.cloudfront.net\/12\/2021\/11\/nov_WLC_honap_utvonalamin.jpg","datePublished":"2021-11-13T07:00:22+00:00","dateModified":"2022-02-03T10:58:41+00:00","author":{"@id":"https:\/\/www.welovecycling.com\/hu\/#\/schema\/person\/414a2aebf1801691a5320edb6468e194"},"description":"R\u00f6vid, de vel\u0151s bringautat hozott nektek a Saturday Ride csapata, a helysz\u00ednb\u0151l pedig ki is tal\u00e1lhatj\u00e1tok, hogy ez bizony kem\u00e9ny DH-menet lesz!","breadcrumb":{"@id":"https:\/\/www.welovecycling.com\/hu\/honap-utvonala\/a-honap-utvonala-november-maszas-es-ereszkedes-a-pilisben\/#breadcrumb"},"inLanguage":"hu","potentialAction":[{"@type":"ReadAction","target":["https:\/\/www.welovecycling.com\/hu\/honap-utvonala\/a-honap-utvonala-november-maszas-es-ereszkedes-a-pilisben\/"]}]},{"@type":"ImageObject","inLanguage":"hu","@id":"https:\/\/www.welovecycling.com\/hu\/honap-utvonala\/a-honap-utvonala-november-maszas-es-ereszkedes-a-pilisben\/#primaryimage","url":"https:\/\/d2p6e6u75xmxt8.cloudfront.net\/12\/2021\/11\/nov_WLC_honap_utvonalamin.jpg","contentUrl":"https:\/\/d2p6e6u75xmxt8.cloudfront.net\/12\/2021\/11\/nov_WLC_honap_utvonalamin.jpg","width":1400,"height":788},{"@type":"BreadcrumbList","@id":"https:\/\/www.welovecycling.com\/hu\/honap-utvonala\/a-honap-utvonala-november-maszas-es-ereszkedes-a-pilisben\/#breadcrumb","itemListElement":[{"@type":"ListItem","position":1,"name":"Home","item":"https:\/\/www.welovecycling.com\/hu\/"},{"@type":"ListItem","position":2,"name":"A h\u00f3nap \u00fatvonala \u2013 November: M\u00e1sz\u00e1s \u00e9s ereszked\u00e9s a Pilisben"}]},{"@type":"WebSite","@id":"https:\/\/www.welovecycling.com\/hu\/#website","url":"https:\/\/www.welovecycling.com\/hu\/","name":"\u0160koda We Love Cycling - Magyarorsz\u00e1g","description":"\u0160koda WeLoveCycling","potentialAction":[{"@type":"SearchAction","target":{"@type":"EntryPoint","urlTemplate":"https:\/\/www.welovecycling.com\/hu\/?s={search_term_string}"},"query-input":{"@type":"PropertyValueSpecification","valueRequired":true,"valueName":"search_term_string"}}],"inLanguage":"hu"},{"@type":"Person","@id":"https:\/\/www.welovecycling.com\/hu\/#\/schema\/person\/414a2aebf1801691a5320edb6468e194","name":"hegyizs","image":{"@type":"ImageObject","inLanguage":"hu","@id":"https:\/\/www.welovecycling.com\/hu\/#\/schema\/person\/image\/","url":"https:\/\/secure.gravatar.com\/avatar\/02cf8a7906b8cf90cecb4679defac7cfd33a1c2e3b88e4903d947f3bb58eedd3?s=96&d=mm&r=g","contentUrl":"https:\/\/secure.gravatar.com\/avatar\/02cf8a7906b8cf90cecb4679defac7cfd33a1c2e3b88e4903d947f3bb58eedd3?s=96&d=mm&r=g","caption":"hegyizs"},"url":"https:\/\/www.welovecycling.com\/hu\/author\/hegyizs\/"}]}},"_links":{"self":[{"href":"https:\/\/www.welovecycling.com\/hu\/wp-json\/wp\/v2\/posts\/12889","targetHints":{"allow":["GET"]}}],"collection":[{"href":"https:\/\/www.welovecycling.com\/hu\/wp-json\/wp\/v2\/posts"}],"about":[{"href":"https:\/\/www.welovecycling.com\/hu\/wp-json\/wp\/v2\/types\/post"}],"author":[{"embeddable":true,"href":"https:\/\/www.welovecycling.com\/hu\/wp-json\/wp\/v2\/users\/71"}],"replies":[{"embeddable":true,"href":"https:\/\/www.welovecycling.com\/hu\/wp-json\/wp\/v2\/comments?post=12889"}],"version-history":[{"count":2,"href":"https:\/\/www.welovecycling.com\/hu\/wp-json\/wp\/v2\/posts\/12889\/revisions"}],"predecessor-version":[{"id":13524,"href":"https:\/\/www.welovecycling.com\/hu\/wp-json\/wp\/v2\/posts\/12889\/revisions\/13524"}],"wp:featuredmedia":[{"embeddable":true,"href":"https:\/\/www.welovecycling.com\/hu\/wp-json\/wp\/v2\/media\/12895"}],"wp:attachment":[{"href":"https:\/\/www.welovecycling.com\/hu\/wp-json\/wp\/v2\/media?parent=12889"}],"wp:term":[{"taxonomy":"category","embeddable":true,"href":"https:\/\/www.welovecycling.com\/hu\/wp-json\/wp\/v2\/categories?post=12889"},{"taxonomy":"post_tag","embeddable":true,"href":"https:\/\/www.welovecycling.com\/hu\/wp-json\/wp\/v2\/tags?post=12889"},{"taxonomy":"global-categories","embeddable":true,"href":"https:\/\/www.welovecycling.com\/hu\/wp-json\/wp\/v2\/global-categories?post=12889"}],"curies":[{"name":"wp","href":"https:\/\/api.w.org\/{rel}","templated":true}]}}