{"id":12843,"date":"2021-11-02T15:55:57","date_gmt":"2021-11-02T13:55:57","guid":{"rendered":"https:\/\/www.welovecycling.com\/hu\/?p=12843"},"modified":"2021-11-02T15:57:16","modified_gmt":"2021-11-02T13:57:16","slug":"a-vas-korszak-ujabb-fejezetei-tortenelmi-vilagkupasiker-es-harmadik-hely-ket-nap-alatt","status":"publish","type":"post","link":"https:\/\/www.welovecycling.com\/hu\/adrenalin\/a-vas-korszak-ujabb-fejezetei-tortenelmi-vilagkupasiker-es-harmadik-hely-ket-nap-alatt\/","title":{"rendered":"A Vas-korszak \u00fajabb fejezetei: t\u00f6rt\u00e9nelmi vil\u00e1gkupasiker \u00e9s harmadik hely k\u00e9t nap alatt"},"content":{"rendered":"<p><strong>Fogynak a jelz\u0151k Vas Kata Blank\u00e1ra: az SD Worx magyar szenz\u00e1ci\u00f3ja el\u0151bb megnyerte az overijse-i<\/strong> <strong>cyclocross-vil\u00e1gkupaversenyt, majd egyetlen nappal k\u00e9s\u0151bb a k\u0151kem\u00e9ny Koppenbergcrosson is<\/strong> <strong>fel\u00e1llhatott a dobog\u00f3ra!<\/strong><!--more--><\/p>\n<p>N\u00e9h\u00e1ny h\u00f3napja, m\u00e9g Vas Kata Blanka toki\u00f3i olimpi\u00e1n hegyiker\u00e9kp\u00e1rban el\u00e9rt szenz\u00e1ci\u00f3s negyedik helye ut\u00e1n jegyezte meg Valter Attila f\u00e9lig viccesen, hogy Magyarorsz\u00e1gon bek\u00f6sz\u00f6nt\u00f6tt a \u201eVas-korszak\u201d, de nagyon \u00fagy t\u0171nik, ennek a viccnek nemcsak a fele lesz igaz, hanem ann\u00e1l sokkal t\u00f6bb.<\/p>\n<p>A fantasztikus \u00e9vet fut\u00f3, szeptemberben m\u00e9g mindig csak 20. \u00e9let\u00e9v\u00e9t bet\u00f6lt\u0151 szupertehets\u00e9g\u00fcnk egyszer\u0171en k\u00e9ptelen lass\u00edtani, \u00e9s ahol csak rajthoz \u00e1ll, vil\u00e1grasz\u00f3l\u00f3 sikerek teremnek a nyom\u00e1ban. \u00c9ppen <a href=\"https:\/\/www.welovecycling.com\/hu\/adrenalin\/vas-kata-blanka-megallithatatlan-egy-egy-hatodik-es-egy-harmadik-hellyel-nyitotta-a-cyclocross-vk-t\/\">a m\u00falt h\u00e9ten \u00edrtunk<\/a> legfrissebb siker\u00e9r\u0151l a cyclocross-vil\u00e1gkupasorozat els\u0151 \u00e1llom\u00e1sain, de az\u00f3ta Blanka m\u00e1ris tov\u00e1bb \u00edrta a t\u00f6rt\u00e9nelmet: a holland SD Worx magyar versenyz\u0151je h\u00e9tv\u00e9g\u00e9n a tradicion\u00e1lis belgiumi, overijse-i vk-futamon a holland sport\u00e1gi nagy\u00e1gy\u00fakat, a vil\u00e1gbajnok Lucinda Brandet, a vk-\u00e9llovas Denise Betsem\u00e1t \u00e9s az U23-as tehets\u00e9get Puck Pieterse-t is megel\u0151zve megszerezte Magyarorsz\u00e1g els\u0151 vil\u00e1gkupa-gy\u0151zelm\u00e9t! Ezzel t\u00f6bb mint k\u00e9t \u00e9vig tart\u00f3 sikersz\u00e9ria ut\u00e1n szak\u00edtotta meg a hollandok egyeduralm\u00e1t: 2019 szeptembere \u00f3ta kiz\u00e1r\u00f3lag holland gy\u0151zelmek sz\u00fclettek, sorozatban 16, ennek vetett most v\u00e9get Blanka, aki ezzel az \u00f6sszetett negyedik hely\u00e9re ugrott el\u0151re a feln\u0151ttek verseny\u00e9ben (a fiatalokn\u00e1l Pieterse minim\u00e1lis el\u0151nnyel vezet).<\/p>\n<figure id=\"attachment_12853\" aria-describedby=\"caption-attachment-12853\" style=\"width: 1024px\" class=\"wp-caption alignnone\"><a href=\"https:\/\/d2p6e6u75xmxt8.cloudfront.net\/12\/2021\/11\/251053845_275871621214815_3475728533552468919_n.jpg\"><img loading=\"lazy\" decoding=\"async\" class=\"size-large wp-image-12853\" src=\"https:\/\/d2p6e6u75xmxt8.cloudfront.net\/12\/2021\/11\/251053845_275871621214815_3475728533552468919_n-1024x683.jpg\" alt=\"\" width=\"1024\" height=\"683\" srcset=\"https:\/\/d2p6e6u75xmxt8.cloudfront.net\/12\/2021\/11\/251053845_275871621214815_3475728533552468919_n-1024x683.jpg 1024w, https:\/\/d2p6e6u75xmxt8.cloudfront.net\/12\/2021\/11\/251053845_275871621214815_3475728533552468919_n-300x200.jpg 300w, https:\/\/d2p6e6u75xmxt8.cloudfront.net\/12\/2021\/11\/251053845_275871621214815_3475728533552468919_n-768x512.jpg 768w, https:\/\/d2p6e6u75xmxt8.cloudfront.net\/12\/2021\/11\/251053845_275871621214815_3475728533552468919_n-272x182.jpg 272w, https:\/\/d2p6e6u75xmxt8.cloudfront.net\/12\/2021\/11\/251053845_275871621214815_3475728533552468919_n.jpg 1440w\" sizes=\"auto, (max-width: 1024px) 100vw, 1024px\" \/><\/a><figcaption id=\"caption-attachment-12853\" class=\"wp-caption-text\">forr\u00e1s: Facebook\/Blanka Vas<\/figcaption><\/figure>\n<p>A viadalt az Eurosport is \u00e9l\u0151ben k\u00f6zvet\u00edtette, \u00edgy milli\u00f3k l\u00e1thatt\u00e1k Blanka \u00fajabb szenz\u00e1ci\u00f3s siker\u00e9t \u00e9s hallhatt\u00e1k nyilatkozat\u00e1t: <em>\u201eNem v\u00e1rtam ezt a gy\u0151zelmet, \u00edgy most nagyon boldog vagyok. V\u00e9gig j\u00f3l \u00e9reztem magam a nyeregben, minden remek\u00fcl ment, \u00f6r\u00fcl\u00f6k, hogy megvan az els\u0151 vil\u00e1gkupasikerem. Tudom, hogy ez az egyik legnagyobb verseny a cyclocross-szak\u00e1gban, sz\u00f3val igaz\u00e1n \u00f6r\u00fcl\u00f6k, hogy pont itt siker\u00fclt megszereznem az els\u0151 gy\u0151zelmem!\u201d<\/em><\/p>\n<p>Azt, hogy t\u00e9nyleg meg\u00e1ll\u00edthatatlan, azt alig egyetlen nappal k\u00e9s\u0151bb \u00fajfent bizony\u00edtotta.<\/p>\n<figure id=\"attachment_12854\" aria-describedby=\"caption-attachment-12854\" style=\"width: 1024px\" class=\"wp-caption alignnone\"><a href=\"https:\/\/d2p6e6u75xmxt8.cloudfront.net\/12\/2021\/11\/251378894_276820557786588_2194924784602779135_n.jpg\"><img loading=\"lazy\" decoding=\"async\" class=\"wp-image-12854 size-large\" src=\"https:\/\/d2p6e6u75xmxt8.cloudfront.net\/12\/2021\/11\/251378894_276820557786588_2194924784602779135_n-1024x683.jpg\" alt=\"\" width=\"1024\" height=\"683\" srcset=\"https:\/\/d2p6e6u75xmxt8.cloudfront.net\/12\/2021\/11\/251378894_276820557786588_2194924784602779135_n-1024x683.jpg 1024w, https:\/\/d2p6e6u75xmxt8.cloudfront.net\/12\/2021\/11\/251378894_276820557786588_2194924784602779135_n-300x200.jpg 300w, https:\/\/d2p6e6u75xmxt8.cloudfront.net\/12\/2021\/11\/251378894_276820557786588_2194924784602779135_n-768x512.jpg 768w, https:\/\/d2p6e6u75xmxt8.cloudfront.net\/12\/2021\/11\/251378894_276820557786588_2194924784602779135_n-272x182.jpg 272w, https:\/\/d2p6e6u75xmxt8.cloudfront.net\/12\/2021\/11\/251378894_276820557786588_2194924784602779135_n.jpg 1440w\" sizes=\"auto, (max-width: 1024px) 100vw, 1024px\" \/><\/a><figcaption id=\"caption-attachment-12854\" class=\"wp-caption-text\">fot\u00f3: Billy Ceusters<\/figcaption><\/figure>\n<p>H\u00e9tf\u0151n a m\u00e1r hagyom\u00e1nyosan az egyik legkem\u00e9nyebbnek tartott terepbringa-versenyen, a Koppenbergcross klasszikus\u00e1n \u00e1llt rajthoz, amelyen a flandriai k\u00f6rr\u0151l is ismert h\u00edrhedt, helyenk\u00e9nt 22%-os meredeks\u00e9g\u0171 kockak\u00f6ves emelked\u0151t is meg kellett m\u00e1sznia a mez\u0151nynek. Blanka ett\u0151l sem rettent meg, \u00e9s v\u00e9g\u00fcl \u00fajabb harmadik helyen \u00e9rt c\u00e9lba, ez\u00fattal Betsema m\u00f6g\u00f6tt, \u00edgy mind\u00f6ssze k\u00e9t nap leforg\u00e1sa alatt \u00fajabb k\u00e9t nagyszer\u0171 sikerrel gazdag\u00edtotta a magyar ker\u00e9kp\u00e1rsportot!<\/p>\n<p>Nem t\u00falz\u00e1s azt \u00e1ll\u00edtani, a nagy sport\u00e1gi nemzetekn\u00e9l m\u00e1r most rettegik a nev\u00e9t, \u00e9s figyelembe v\u00e9ve, hogy mennyire szemtelen\u00fcl fiatal, s m\u00e9g mindig csak p\u00e1lyafut\u00e1sa elej\u00e9n j\u00e1r, val\u00f3sz\u00edn\u0171leg nem v\u00e1llalunk nagy kock\u00e1zatot azzal a kijelent\u00e9ssel, hogy sz\u00e9p lassan nemcsak Magyarorsz\u00e1gon k\u00f6sz\u00f6nt be a \u201eVas-korszak\u201d.<\/p>\n<figure id=\"attachment_12851\" aria-describedby=\"caption-attachment-12851\" style=\"width: 1024px\" class=\"wp-caption alignnone\"><a href=\"https:\/\/d2p6e6u75xmxt8.cloudfront.net\/12\/2021\/11\/250907145_276820564453254_2974946037024666380_n.jpg\"><img loading=\"lazy\" decoding=\"async\" class=\"wp-image-12851 size-large\" src=\"https:\/\/d2p6e6u75xmxt8.cloudfront.net\/12\/2021\/11\/250907145_276820564453254_2974946037024666380_n-1024x682.jpg\" alt=\"\" width=\"1024\" height=\"682\" srcset=\"https:\/\/d2p6e6u75xmxt8.cloudfront.net\/12\/2021\/11\/250907145_276820564453254_2974946037024666380_n-1024x682.jpg 1024w, https:\/\/d2p6e6u75xmxt8.cloudfront.net\/12\/2021\/11\/250907145_276820564453254_2974946037024666380_n-300x200.jpg 300w, https:\/\/d2p6e6u75xmxt8.cloudfront.net\/12\/2021\/11\/250907145_276820564453254_2974946037024666380_n-768x511.jpg 768w, https:\/\/d2p6e6u75xmxt8.cloudfront.net\/12\/2021\/11\/250907145_276820564453254_2974946037024666380_n-272x182.jpg 272w, https:\/\/d2p6e6u75xmxt8.cloudfront.net\/12\/2021\/11\/250907145_276820564453254_2974946037024666380_n.jpg 1440w\" sizes=\"auto, (max-width: 1024px) 100vw, 1024px\" \/><\/a><figcaption id=\"caption-attachment-12851\" class=\"wp-caption-text\">fot\u00f3: Billy Ceusters<\/figcaption><\/figure>\n","protected":false},"excerpt":{"rendered":"<p>Fogynak a jelz\u0151k Vas Kata Blank\u00e1ra: az SD Worx magyar szenz\u00e1ci\u00f3ja el\u0151bb megnyerte az overijse-i cyclocross-vil\u00e1gkupaversenyt, majd egyetlen nappal k\u00e9s\u0151bb [&hellip;]<\/p>\n","protected":false},"author":71,"featured_media":12852,"comment_status":"open","ping_status":"open","sticky":false,"template":"","format":"standard","meta":{"footnotes":""},"categories":[5],"tags":[],"global-categories":[419],"class_list":["post-12843","post","type-post","status-publish","format-standard","has-post-thumbnail","hentry","category-adrenalin","global-categories-cycling"],"yoast_head":"<!-- This site is optimized with the Yoast SEO Premium plugin v25.3 (Yoast SEO v25.9) - https:\/\/yoast.com\/wordpress\/plugins\/seo\/ -->\n<title>A Vas-korszak \u00fajabb fejezetei: t\u00f6rt\u00e9nelmi vil\u00e1gkupasiker \u00e9s harmadik hely k\u00e9t nap alatt<\/title>\n<meta name=\"description\" content=\"Fogynak a jelz\u0151k Vas Kata Blank\u00e1ra: az SD Worx magyar szenz\u00e1ci\u00f3ja el\u0151bb megnyerte az overijse-i cyclocross-vil\u00e1gkupaversenyt, majd egyetlen nappal k\u00e9s\u0151bb a k\u0151kem\u00e9ny Koppenbergcrosson is fel\u00e1llhatott a dobog\u00f3ra!\" \/>\n<meta name=\"robots\" content=\"index, follow, max-snippet:-1, max-image-preview:large, max-video-preview:-1\" \/>\n<link rel=\"canonical\" href=\"https:\/\/www.welovecycling.com\/hu\/adrenalin\/a-vas-korszak-ujabb-fejezetei-tortenelmi-vilagkupasiker-es-harmadik-hely-ket-nap-alatt\/\" \/>\n<meta property=\"og:locale\" content=\"hu_HU\" \/>\n<meta property=\"og:type\" content=\"article\" \/>\n<meta property=\"og:title\" content=\"A Vas-korszak \u00fajabb fejezetei: t\u00f6rt\u00e9nelmi vil\u00e1gkupasiker \u00e9s harmadik hely k\u00e9t nap alatt\" \/>\n<meta property=\"og:description\" content=\"Fogynak a jelz\u0151k Vas Kata Blank\u00e1ra: az SD Worx magyar szenz\u00e1ci\u00f3ja el\u0151bb megnyerte az overijse-i cyclocross-vil\u00e1gkupaversenyt, majd egyetlen nappal k\u00e9s\u0151bb a k\u0151kem\u00e9ny Koppenbergcrosson is fel\u00e1llhatott a dobog\u00f3ra!\" \/>\n<meta property=\"og:url\" content=\"https:\/\/www.welovecycling.com\/hu\/adrenalin\/a-vas-korszak-ujabb-fejezetei-tortenelmi-vilagkupasiker-es-harmadik-hely-ket-nap-alatt\/\" \/>\n<meta property=\"og:site_name\" content=\"\u0160koda We Love Cycling - Magyarorsz\u00e1g\" \/>\n<meta property=\"article:publisher\" content=\"https:\/\/www.facebook.com\/WeLoveCyclingHungary\/\" \/>\n<meta property=\"article:published_time\" content=\"2021-11-02T13:55:57+00:00\" \/>\n<meta property=\"article:modified_time\" content=\"2021-11-02T13:57:16+00:00\" \/>\n<meta property=\"og:image\" content=\"https:\/\/d2p6e6u75xmxt8.cloudfront.net\/12\/2021\/11\/250946955_275871624548148_8010145969361393152_n.jpg\" \/>\n\t<meta property=\"og:image:width\" content=\"1440\" \/>\n\t<meta property=\"og:image:height\" content=\"960\" \/>\n\t<meta property=\"og:image:type\" content=\"image\/jpeg\" \/>\n<meta name=\"author\" content=\"hegyizs\" \/>\n<meta name=\"twitter:card\" content=\"summary_large_image\" \/>\n<meta name=\"twitter:label1\" content=\"Written by\" \/>\n\t<meta name=\"twitter:data1\" content=\"WLC\" \/>\n\t<meta name=\"twitter:label2\" content=\"Est. reading time\" \/>\n\t<meta name=\"twitter:data2\" content=\"3 minutes\" \/>\n<script type=\"application\/ld+json\" class=\"yoast-schema-graph\">{\"@context\":\"https:\/\/schema.org\",\"@graph\":[{\"@type\":\"WebPage\",\"@id\":\"https:\/\/www.welovecycling.com\/hu\/adrenalin\/a-vas-korszak-ujabb-fejezetei-tortenelmi-vilagkupasiker-es-harmadik-hely-ket-nap-alatt\/\",\"url\":\"https:\/\/www.welovecycling.com\/hu\/adrenalin\/a-vas-korszak-ujabb-fejezetei-tortenelmi-vilagkupasiker-es-harmadik-hely-ket-nap-alatt\/\",\"name\":\"A Vas-korszak \u00fajabb fejezetei: t\u00f6rt\u00e9nelmi vil\u00e1gkupasiker \u00e9s harmadik hely k\u00e9t nap alatt\",\"isPartOf\":{\"@id\":\"https:\/\/www.welovecycling.com\/hu\/#website\"},\"primaryImageOfPage\":{\"@id\":\"https:\/\/www.welovecycling.com\/hu\/adrenalin\/a-vas-korszak-ujabb-fejezetei-tortenelmi-vilagkupasiker-es-harmadik-hely-ket-nap-alatt\/#primaryimage\"},\"image\":{\"@id\":\"https:\/\/www.welovecycling.com\/hu\/adrenalin\/a-vas-korszak-ujabb-fejezetei-tortenelmi-vilagkupasiker-es-harmadik-hely-ket-nap-alatt\/#primaryimage\"},\"thumbnailUrl\":\"https:\/\/d2p6e6u75xmxt8.cloudfront.net\/12\/2021\/11\/250946955_275871624548148_8010145969361393152_n.jpg\",\"datePublished\":\"2021-11-02T13:55:57+00:00\",\"dateModified\":\"2021-11-02T13:57:16+00:00\",\"author\":{\"@id\":\"https:\/\/www.welovecycling.com\/hu\/#\/schema\/person\/414a2aebf1801691a5320edb6468e194\"},\"description\":\"Fogynak a jelz\u0151k Vas Kata Blank\u00e1ra: az SD Worx magyar szenz\u00e1ci\u00f3ja el\u0151bb megnyerte az overijse-i cyclocross-vil\u00e1gkupaversenyt, majd egyetlen nappal k\u00e9s\u0151bb a k\u0151kem\u00e9ny Koppenbergcrosson is fel\u00e1llhatott a dobog\u00f3ra!\",\"breadcrumb\":{\"@id\":\"https:\/\/www.welovecycling.com\/hu\/adrenalin\/a-vas-korszak-ujabb-fejezetei-tortenelmi-vilagkupasiker-es-harmadik-hely-ket-nap-alatt\/#breadcrumb\"},\"inLanguage\":\"hu\",\"potentialAction\":[{\"@type\":\"ReadAction\",\"target\":[\"https:\/\/www.welovecycling.com\/hu\/adrenalin\/a-vas-korszak-ujabb-fejezetei-tortenelmi-vilagkupasiker-es-harmadik-hely-ket-nap-alatt\/\"]}]},{\"@type\":\"ImageObject\",\"inLanguage\":\"hu\",\"@id\":\"https:\/\/www.welovecycling.com\/hu\/adrenalin\/a-vas-korszak-ujabb-fejezetei-tortenelmi-vilagkupasiker-es-harmadik-hely-ket-nap-alatt\/#primaryimage\",\"url\":\"https:\/\/d2p6e6u75xmxt8.cloudfront.net\/12\/2021\/11\/250946955_275871624548148_8010145969361393152_n.jpg\",\"contentUrl\":\"https:\/\/d2p6e6u75xmxt8.cloudfront.net\/12\/2021\/11\/250946955_275871624548148_8010145969361393152_n.jpg\",\"width\":1440,\"height\":960},{\"@type\":\"BreadcrumbList\",\"@id\":\"https:\/\/www.welovecycling.com\/hu\/adrenalin\/a-vas-korszak-ujabb-fejezetei-tortenelmi-vilagkupasiker-es-harmadik-hely-ket-nap-alatt\/#breadcrumb\",\"itemListElement\":[{\"@type\":\"ListItem\",\"position\":1,\"name\":\"Home\",\"item\":\"https:\/\/www.welovecycling.com\/hu\/\"},{\"@type\":\"ListItem\",\"position\":2,\"name\":\"A Vas-korszak \u00fajabb fejezetei: t\u00f6rt\u00e9nelmi vil\u00e1gkupasiker \u00e9s harmadik hely k\u00e9t nap alatt\"}]},{\"@type\":\"WebSite\",\"@id\":\"https:\/\/www.welovecycling.com\/hu\/#website\",\"url\":\"https:\/\/www.welovecycling.com\/hu\/\",\"name\":\"\u0160koda We Love Cycling - Magyarorsz\u00e1g\",\"description\":\"\u0160koda WeLoveCycling\",\"potentialAction\":[{\"@type\":\"SearchAction\",\"target\":{\"@type\":\"EntryPoint\",\"urlTemplate\":\"https:\/\/www.welovecycling.com\/hu\/?s={search_term_string}\"},\"query-input\":{\"@type\":\"PropertyValueSpecification\",\"valueRequired\":true,\"valueName\":\"search_term_string\"}}],\"inLanguage\":\"hu\"},{\"@type\":\"Person\",\"@id\":\"https:\/\/www.welovecycling.com\/hu\/#\/schema\/person\/414a2aebf1801691a5320edb6468e194\",\"name\":\"hegyizs\",\"image\":{\"@type\":\"ImageObject\",\"inLanguage\":\"hu\",\"@id\":\"https:\/\/www.welovecycling.com\/hu\/#\/schema\/person\/image\/\",\"url\":\"https:\/\/secure.gravatar.com\/avatar\/02cf8a7906b8cf90cecb4679defac7cfd33a1c2e3b88e4903d947f3bb58eedd3?s=96&d=mm&r=g\",\"contentUrl\":\"https:\/\/secure.gravatar.com\/avatar\/02cf8a7906b8cf90cecb4679defac7cfd33a1c2e3b88e4903d947f3bb58eedd3?s=96&d=mm&r=g\",\"caption\":\"hegyizs\"},\"url\":\"https:\/\/www.welovecycling.com\/hu\/author\/hegyizs\/\"}]}<\/script>\n<!-- \/ Yoast SEO Premium plugin. -->","yoast_head_json":{"title":"A Vas-korszak \u00fajabb fejezetei: t\u00f6rt\u00e9nelmi vil\u00e1gkupasiker \u00e9s harmadik hely k\u00e9t nap alatt","description":"Fogynak a jelz\u0151k Vas Kata Blank\u00e1ra: az SD Worx magyar szenz\u00e1ci\u00f3ja el\u0151bb megnyerte az overijse-i cyclocross-vil\u00e1gkupaversenyt, majd egyetlen nappal k\u00e9s\u0151bb a k\u0151kem\u00e9ny Koppenbergcrosson is fel\u00e1llhatott a dobog\u00f3ra!","robots":{"index":"index","follow":"follow","max-snippet":"max-snippet:-1","max-image-preview":"max-image-preview:large","max-video-preview":"max-video-preview:-1"},"canonical":"https:\/\/www.welovecycling.com\/hu\/adrenalin\/a-vas-korszak-ujabb-fejezetei-tortenelmi-vilagkupasiker-es-harmadik-hely-ket-nap-alatt\/","og_locale":"hu_HU","og_type":"article","og_title":"A Vas-korszak \u00fajabb fejezetei: t\u00f6rt\u00e9nelmi vil\u00e1gkupasiker \u00e9s harmadik hely k\u00e9t nap alatt","og_description":"Fogynak a jelz\u0151k Vas Kata Blank\u00e1ra: az SD Worx magyar szenz\u00e1ci\u00f3ja el\u0151bb megnyerte az overijse-i cyclocross-vil\u00e1gkupaversenyt, majd egyetlen nappal k\u00e9s\u0151bb a k\u0151kem\u00e9ny Koppenbergcrosson is fel\u00e1llhatott a dobog\u00f3ra!","og_url":"https:\/\/www.welovecycling.com\/hu\/adrenalin\/a-vas-korszak-ujabb-fejezetei-tortenelmi-vilagkupasiker-es-harmadik-hely-ket-nap-alatt\/","og_site_name":"\u0160koda We Love Cycling - Magyarorsz\u00e1g","article_publisher":"https:\/\/www.facebook.com\/WeLoveCyclingHungary\/","article_published_time":"2021-11-02T13:55:57+00:00","article_modified_time":"2021-11-02T13:57:16+00:00","og_image":[{"width":1440,"height":960,"url":"https:\/\/d2p6e6u75xmxt8.cloudfront.net\/12\/2021\/11\/250946955_275871624548148_8010145969361393152_n.jpg","type":"image\/jpeg"}],"author":"hegyizs","twitter_card":"summary_large_image","twitter_misc":{"Written by":"WLC","Est. reading time":"3 minutes"},"schema":{"@context":"https:\/\/schema.org","@graph":[{"@type":"WebPage","@id":"https:\/\/www.welovecycling.com\/hu\/adrenalin\/a-vas-korszak-ujabb-fejezetei-tortenelmi-vilagkupasiker-es-harmadik-hely-ket-nap-alatt\/","url":"https:\/\/www.welovecycling.com\/hu\/adrenalin\/a-vas-korszak-ujabb-fejezetei-tortenelmi-vilagkupasiker-es-harmadik-hely-ket-nap-alatt\/","name":"A Vas-korszak \u00fajabb fejezetei: t\u00f6rt\u00e9nelmi vil\u00e1gkupasiker \u00e9s harmadik hely k\u00e9t nap alatt","isPartOf":{"@id":"https:\/\/www.welovecycling.com\/hu\/#website"},"primaryImageOfPage":{"@id":"https:\/\/www.welovecycling.com\/hu\/adrenalin\/a-vas-korszak-ujabb-fejezetei-tortenelmi-vilagkupasiker-es-harmadik-hely-ket-nap-alatt\/#primaryimage"},"image":{"@id":"https:\/\/www.welovecycling.com\/hu\/adrenalin\/a-vas-korszak-ujabb-fejezetei-tortenelmi-vilagkupasiker-es-harmadik-hely-ket-nap-alatt\/#primaryimage"},"thumbnailUrl":"https:\/\/d2p6e6u75xmxt8.cloudfront.net\/12\/2021\/11\/250946955_275871624548148_8010145969361393152_n.jpg","datePublished":"2021-11-02T13:55:57+00:00","dateModified":"2021-11-02T13:57:16+00:00","author":{"@id":"https:\/\/www.welovecycling.com\/hu\/#\/schema\/person\/414a2aebf1801691a5320edb6468e194"},"description":"Fogynak a jelz\u0151k Vas Kata Blank\u00e1ra: az SD Worx magyar szenz\u00e1ci\u00f3ja el\u0151bb megnyerte az overijse-i cyclocross-vil\u00e1gkupaversenyt, majd egyetlen nappal k\u00e9s\u0151bb a k\u0151kem\u00e9ny Koppenbergcrosson is fel\u00e1llhatott a dobog\u00f3ra!","breadcrumb":{"@id":"https:\/\/www.welovecycling.com\/hu\/adrenalin\/a-vas-korszak-ujabb-fejezetei-tortenelmi-vilagkupasiker-es-harmadik-hely-ket-nap-alatt\/#breadcrumb"},"inLanguage":"hu","potentialAction":[{"@type":"ReadAction","target":["https:\/\/www.welovecycling.com\/hu\/adrenalin\/a-vas-korszak-ujabb-fejezetei-tortenelmi-vilagkupasiker-es-harmadik-hely-ket-nap-alatt\/"]}]},{"@type":"ImageObject","inLanguage":"hu","@id":"https:\/\/www.welovecycling.com\/hu\/adrenalin\/a-vas-korszak-ujabb-fejezetei-tortenelmi-vilagkupasiker-es-harmadik-hely-ket-nap-alatt\/#primaryimage","url":"https:\/\/d2p6e6u75xmxt8.cloudfront.net\/12\/2021\/11\/250946955_275871624548148_8010145969361393152_n.jpg","contentUrl":"https:\/\/d2p6e6u75xmxt8.cloudfront.net\/12\/2021\/11\/250946955_275871624548148_8010145969361393152_n.jpg","width":1440,"height":960},{"@type":"BreadcrumbList","@id":"https:\/\/www.welovecycling.com\/hu\/adrenalin\/a-vas-korszak-ujabb-fejezetei-tortenelmi-vilagkupasiker-es-harmadik-hely-ket-nap-alatt\/#breadcrumb","itemListElement":[{"@type":"ListItem","position":1,"name":"Home","item":"https:\/\/www.welovecycling.com\/hu\/"},{"@type":"ListItem","position":2,"name":"A Vas-korszak \u00fajabb fejezetei: t\u00f6rt\u00e9nelmi vil\u00e1gkupasiker \u00e9s harmadik hely k\u00e9t nap alatt"}]},{"@type":"WebSite","@id":"https:\/\/www.welovecycling.com\/hu\/#website","url":"https:\/\/www.welovecycling.com\/hu\/","name":"\u0160koda We Love Cycling - Magyarorsz\u00e1g","description":"\u0160koda WeLoveCycling","potentialAction":[{"@type":"SearchAction","target":{"@type":"EntryPoint","urlTemplate":"https:\/\/www.welovecycling.com\/hu\/?s={search_term_string}"},"query-input":{"@type":"PropertyValueSpecification","valueRequired":true,"valueName":"search_term_string"}}],"inLanguage":"hu"},{"@type":"Person","@id":"https:\/\/www.welovecycling.com\/hu\/#\/schema\/person\/414a2aebf1801691a5320edb6468e194","name":"hegyizs","image":{"@type":"ImageObject","inLanguage":"hu","@id":"https:\/\/www.welovecycling.com\/hu\/#\/schema\/person\/image\/","url":"https:\/\/secure.gravatar.com\/avatar\/02cf8a7906b8cf90cecb4679defac7cfd33a1c2e3b88e4903d947f3bb58eedd3?s=96&d=mm&r=g","contentUrl":"https:\/\/secure.gravatar.com\/avatar\/02cf8a7906b8cf90cecb4679defac7cfd33a1c2e3b88e4903d947f3bb58eedd3?s=96&d=mm&r=g","caption":"hegyizs"},"url":"https:\/\/www.welovecycling.com\/hu\/author\/hegyizs\/"}]}},"_links":{"self":[{"href":"https:\/\/www.welovecycling.com\/hu\/wp-json\/wp\/v2\/posts\/12843","targetHints":{"allow":["GET"]}}],"collection":[{"href":"https:\/\/www.welovecycling.com\/hu\/wp-json\/wp\/v2\/posts"}],"about":[{"href":"https:\/\/www.welovecycling.com\/hu\/wp-json\/wp\/v2\/types\/post"}],"author":[{"embeddable":true,"href":"https:\/\/www.welovecycling.com\/hu\/wp-json\/wp\/v2\/users\/71"}],"replies":[{"embeddable":true,"href":"https:\/\/www.welovecycling.com\/hu\/wp-json\/wp\/v2\/comments?post=12843"}],"version-history":[{"count":2,"href":"https:\/\/www.welovecycling.com\/hu\/wp-json\/wp\/v2\/posts\/12843\/revisions"}],"predecessor-version":[{"id":12857,"href":"https:\/\/www.welovecycling.com\/hu\/wp-json\/wp\/v2\/posts\/12843\/revisions\/12857"}],"wp:featuredmedia":[{"embeddable":true,"href":"https:\/\/www.welovecycling.com\/hu\/wp-json\/wp\/v2\/media\/12852"}],"wp:attachment":[{"href":"https:\/\/www.welovecycling.com\/hu\/wp-json\/wp\/v2\/media?parent=12843"}],"wp:term":[{"taxonomy":"category","embeddable":true,"href":"https:\/\/www.welovecycling.com\/hu\/wp-json\/wp\/v2\/categories?post=12843"},{"taxonomy":"post_tag","embeddable":true,"href":"https:\/\/www.welovecycling.com\/hu\/wp-json\/wp\/v2\/tags?post=12843"},{"taxonomy":"global-categories","embeddable":true,"href":"https:\/\/www.welovecycling.com\/hu\/wp-json\/wp\/v2\/global-categories?post=12843"}],"curies":[{"name":"wp","href":"https:\/\/api.w.org\/{rel}","templated":true}]}}