{"id":12837,"date":"2021-11-02T09:00:10","date_gmt":"2021-11-02T07:00:10","guid":{"rendered":"https:\/\/www.welovecycling.com\/hu\/?p=12837"},"modified":"2021-11-02T14:16:28","modified_gmt":"2021-11-02T12:16:28","slug":"bringazz-felelek-buzsaki-viraggal-nyeregben-a-legkisebbek","status":"publish","type":"post","link":"https:\/\/www.welovecycling.com\/hu\/bringazz-felelek\/bringazz-felelek-buzsaki-viraggal-nyeregben-a-legkisebbek\/","title":{"rendered":"Bring\u00e1zz-Felelek Buzs\u00e1ki Vir\u00e1ggal: Nyeregben a legkisebbek!"},"content":{"rendered":"<p><strong>Fontos pillanat egy gyerek \u00e9let\u00e9ben, amikor megtanul biciklizni: n\u00e9h\u00e1ny horzsol\u00e1s \u00e1r\u00e1n egy \u00faj vil\u00e1g ny\u00edlik ki el\u0151tte, ami f\u00e9lelmetesen izgalmas. Azt\u00e1n amikor m\u00e9g a p\u00f3tker\u00e9k is leker\u00fcl! Az maga a csoda. Sokan meg\u00e1llnak ezen a ponton, \u00e9s \u0151k is im\u00e1dni fogj\u00e1k a bicikliz\u00e9st a helyi utc\u00e1kban, dombokon, a sz\u00fcl\u0151kkel vagy a bar\u00e1tokkal. M\u00e1sok pedig m\u00e1r eg\u00e9szen kicsik\u00e9nt edz\u00e9sre j\u00e1rnak: nekik t\u00f6bbek k\u00f6z\u00f6tt Buzs\u00e1ki Vir\u00e1g seg\u00edt kihozni a maximumot a ker\u00e9kp\u00e1rral val\u00f3 kapcsolatukb\u00f3l. Hogy hogyan? K\u00e9rdezd meg t\u0151le te magad!<\/strong><!--more--><\/p>\n<p>Vir\u00e1g m\u00e9g csak 21 \u00e9ves, de m\u00e1r tizenegy \u00e9ve r\u00e9sze a magyar ker\u00e9kp\u00e1ros versenyszf\u00e9r\u00e1nak. A bal agyf\u00e9ltek\u00e9j\u00fckre t\u00e1maszkod\u00f3 olvas\u00f3knak tal\u00e1n felt\u0171nt, hogy ez azt jelenti, hogy 10 \u00e9vesen kezdte a karrierj\u00e9t! Nem csoda, hogy ma m\u00e1r \u0151 is hasonl\u00f3 kor\u00fa gyerekekkel foglalkozik, \u00e9s \u00fagy gondolja, hogy soha nem lehet el\u00e9g kor\u00e1n kezdeni: <em>\u201eHa m\u00e1r tud j\u00e1rni, lehet al\u00e1 biciklit rakni!\u201d<\/em><\/p>\n<p>Persze minden gyerek m\u00e1s \u00e9s m\u00e1s, \u00e9s sz\u00fcl\u0151k\u00e9nt a lehet\u0151 legjobb m\u00f3don szeretn\u00e9nk bevezetni csemet\u00e9inket a bring\u00e1z\u00e1s vil\u00e1g\u00e1ba, ami sz\u00e1munkra oly kedves. Ha b\u00e1rmiben bizonytalan vagy, vagy \u00fagy \u00e9rzed, seg\u00edts\u00e9gre van sz\u00fcks\u00e9ged, hogy legy\u0151zzetek egy-egy akad\u00e1lyt, esetleg azon gondolkodsz, hogy j\u00f3 \u00f6tlet-e edz\u00e9sre j\u00e1ratni gyermeked, k\u00e9rdezz Vir\u00e1gt\u00f3l b\u00e1tran! Nem ez lesz az els\u0151, hogy gyerekeknek seg\u00edt nyeregbe ker\u00fclni! \ud83d\ude42<\/p>\n<figure style=\"width: 1024px\" class=\"wp-caption alignnone\"><a href=\"https:\/\/d2p6e6u75xmxt8.cloudfront.net\/12\/2021\/10\/IMG-5085.JPG.jpg\"><img loading=\"lazy\" decoding=\"async\" class=\"wp-image-12838 size-large\" src=\"https:\/\/d2p6e6u75xmxt8.cloudfront.net\/12\/2021\/10\/IMG-5085.JPG-1024x683.jpg\" alt=\"\" width=\"1024\" height=\"683\" srcset=\"https:\/\/d2p6e6u75xmxt8.cloudfront.net\/12\/2021\/10\/IMG-5085.JPG-1024x683.jpg 1024w, https:\/\/d2p6e6u75xmxt8.cloudfront.net\/12\/2021\/10\/IMG-5085.JPG-300x200.jpg 300w, https:\/\/d2p6e6u75xmxt8.cloudfront.net\/12\/2021\/10\/IMG-5085.JPG-768x512.jpg 768w, https:\/\/d2p6e6u75xmxt8.cloudfront.net\/12\/2021\/10\/IMG-5085.JPG-1536x1024.jpg 1536w, https:\/\/d2p6e6u75xmxt8.cloudfront.net\/12\/2021\/10\/IMG-5085.JPG-1920x1280.jpg 1920w, https:\/\/d2p6e6u75xmxt8.cloudfront.net\/12\/2021\/10\/IMG-5085.JPG-272x182.jpg 272w, https:\/\/d2p6e6u75xmxt8.cloudfront.net\/12\/2021\/10\/IMG-5085.JPG.jpg 2048w, https:\/\/d2p6e6u75xmxt8.cloudfront.net\/12\/2021\/10\/IMG-5085.JPG-1920x1280.jpg 1920w\" sizes=\"auto, (max-width: 1024px) 100vw, 1024px\" \/><\/a><figcaption class=\"wp-caption-text\">Vir\u00e1g 2018 \u00f3ta tart gyerekeknek edz\u00e9seket.<\/figcaption><\/figure>\n<p><strong style=\"color: inherit; font-family: inherit; font-size: 1.25em;\"><em>Milyen kor\u00fa gyerekekkel foglalkozol?<\/em><\/strong><\/p>\n<p>\u00c9n ink\u00e1bb a nagyon kicsi\/k\u00f6zepesen kicsi (8-10 \u00e9ves) koroszt\u00e1llyal foglalkozom, vagy teljesen vegyes t\u00e1rsas\u00e1gokkal, amikbe 6-t\u00f3l 18 \u00e9ves korig mindenf\u00e9le kor\u00fa gyerek j\u00e1r. Az alapokat igyekszem nekik megtan\u00edtani, szok\u00e1ss\u00e1 alak\u00edtgatni a j\u00f3 dolgokat. Nagyj\u00e1b\u00f3l 70-30% az \u00fcgyess\u00e9g-er\u0151fejleszt\u00e9s ar\u00e1nya. A k\u00f6vetkez\u0151 gener\u00e1ci\u00f3 kinevel\u00e9s\u00e9vel ink\u00e1bb Buzs\u00f3 (B\u00far Zsolt) foglalkozik, \u0151 a m\u00e1r versenyz\u0151 kor\u00faakat tan\u00edtja.<\/p>\n<p>Hozz\u00e1m t\u00f6bbnyire m\u00e1r olyan gyerekek ker\u00fclnek, akik magabiztosan tudnak haladni a ker\u00e9kp\u00e1rjukkal. Nekem az a feladatom, hogy megtan\u00edtsam \u0151ket a lehet\u0151 legjobban haszn\u00e1lni azt az eszk\u00f6zt, amivel dolguk van. A gyerekek nagyon gyorsan tanulnak, csak rendszeresen kell gyakorolniuk!<\/p>\n<h3><strong><em>H\u00e1ny \u00e9ves korban a legjobb elkezdeni biciklizni?<\/em><\/strong><\/h3>\n<p>Min\u00e9l el\u0151bb, ann\u00e1l jobb! Ha m\u00e1r tud j\u00e1rni a gyerek, lehet al\u00e1 biciklit rakni!<\/p>\n<figure id=\"attachment_12839\" aria-describedby=\"caption-attachment-12839\" style=\"width: 1024px\" class=\"wp-caption alignnone\"><a href=\"https:\/\/d2p6e6u75xmxt8.cloudfront.net\/12\/2021\/10\/IMG-3720.JPG-scaled.jpg\"><img loading=\"lazy\" decoding=\"async\" class=\"size-large wp-image-12839\" src=\"https:\/\/d2p6e6u75xmxt8.cloudfront.net\/12\/2021\/10\/IMG-3720.JPG-1024x770.jpg\" alt=\"\" width=\"1024\" height=\"770\" srcset=\"https:\/\/d2p6e6u75xmxt8.cloudfront.net\/12\/2021\/10\/IMG-3720.JPG-1024x770.jpg 1024w, https:\/\/d2p6e6u75xmxt8.cloudfront.net\/12\/2021\/10\/IMG-3720.JPG-300x226.jpg 300w, https:\/\/d2p6e6u75xmxt8.cloudfront.net\/12\/2021\/10\/IMG-3720.JPG-768x578.jpg 768w, https:\/\/d2p6e6u75xmxt8.cloudfront.net\/12\/2021\/10\/IMG-3720.JPG-1536x1155.jpg 1536w, https:\/\/d2p6e6u75xmxt8.cloudfront.net\/12\/2021\/10\/IMG-3720.JPG-2048x1540.jpg 2048w, https:\/\/d2p6e6u75xmxt8.cloudfront.net\/12\/2021\/10\/IMG-3720.JPG-1920x1444.jpg 1920w, https:\/\/d2p6e6u75xmxt8.cloudfront.net\/12\/2021\/10\/IMG-3720.JPG-1920x1444.jpg 1920w\" sizes=\"auto, (max-width: 1024px) 100vw, 1024px\" \/><\/a><figcaption id=\"caption-attachment-12839\" class=\"wp-caption-text\">Vir\u00e1g eg\u00e9szen pici gyerekekkel is foglalkozik.<\/figcaption><\/figure>\n<h3><strong><em>Mikor \u00e9rdemes \u00e1gazatot v\u00e1lasztani?<\/em><\/strong><\/h3>\n<p>Tal\u00e1n 14 \u00e9ves korban \u00e9rdemes elgondolkozni a f\u0151 ir\u00e1nyon. Igaz\u00e1n egy szak\u00e1g mellett d\u00f6nteni azonban nem is biztos, hogy kell. N\u00e9zz\u00fck csak meg Mathieu van der Poelt vagy Wout van Aertot, mindketten \u00e1tj\u00e1rnak egyik szak\u00e1gb\u00f3l a m\u00e1sikba, pedig m\u00e1r profi bring\u00e1sok.<\/p>\n<h3><strong><em>Vannak k\u00fcl\u00f6nb\u00f6z\u0151 edz\u0151i megk\u00f6zel\u00edt\u00e9sek, amik szemben\u00e1llnak egym\u00e1ssal?<\/em><\/strong><\/h3>\n<p>Igen, vannak ilyenek, aminek f\u0151k\u00e9nt a tudom\u00e1ny fejl\u0151d\u00e9se az oka. N\u00e9h\u00e1ny \u00e9vvel ezel\u0151tt sok dolgot m\u00e1sk\u00e9pp gondoltak, mint manaps\u00e1g. Az \u00faj kutat\u00e1sok eredm\u00e9nyeit \u00e9s az ezeken nyugv\u00f3 m\u00f3dszereket pedig nem mindenki adapt\u00e1lja ugyan\u00fagy. Gyerekekn\u00e9l ez tal\u00e1n nem \u00fctk\u00f6zik ki annyira, de n\u00e1luk is fontos, hogy l\u00e9p\u00e9st tartsunk a szakma alapjait ad\u00f3 tudom\u00e1ny\u00e1gakkal \u00e9s olyan m\u00f3dszerekkel dolgozzunk, melyek legink\u00e1bb a javukat szolg\u00e1lj\u00e1k.<\/p>\n<figure id=\"attachment_12840\" aria-describedby=\"caption-attachment-12840\" style=\"width: 1024px\" class=\"wp-caption alignnone\"><a href=\"https:\/\/d2p6e6u75xmxt8.cloudfront.net\/12\/2021\/10\/IMG-2797-min-scaled.jpeg\"><img loading=\"lazy\" decoding=\"async\" class=\"size-large wp-image-12840\" src=\"https:\/\/d2p6e6u75xmxt8.cloudfront.net\/12\/2021\/10\/IMG-2797-min-1024x768.jpeg\" alt=\"\" width=\"1024\" height=\"768\" srcset=\"https:\/\/d2p6e6u75xmxt8.cloudfront.net\/12\/2021\/10\/IMG-2797-min-1024x768.jpeg 1024w, https:\/\/d2p6e6u75xmxt8.cloudfront.net\/12\/2021\/10\/IMG-2797-min-300x225.jpeg 300w, https:\/\/d2p6e6u75xmxt8.cloudfront.net\/12\/2021\/10\/IMG-2797-min-768x576.jpeg 768w, https:\/\/d2p6e6u75xmxt8.cloudfront.net\/12\/2021\/10\/IMG-2797-min-1536x1152.jpeg 1536w, https:\/\/d2p6e6u75xmxt8.cloudfront.net\/12\/2021\/10\/IMG-2797-min-2048x1536.jpeg 2048w, https:\/\/d2p6e6u75xmxt8.cloudfront.net\/12\/2021\/10\/IMG-2797-min-1920x1440.jpeg 1920w, https:\/\/d2p6e6u75xmxt8.cloudfront.net\/12\/2021\/10\/IMG-2797-min-1920x1440.jpeg 1920w\" sizes=\"auto, (max-width: 1024px) 100vw, 1024px\" \/><\/a><figcaption id=\"caption-attachment-12840\" class=\"wp-caption-text\">K\u00f6z\u00f6s bringat\u00fara a vegyes csapattal.<\/figcaption><\/figure>\n<h3><strong><em>Mi\u00e9rt tesz j\u00f3t a gyerekeknek a ker\u00e9kp\u00e1roz\u00e1s?<\/em><\/strong><\/h3>\n<p>Fejleszti a kering\u00e9st, az egyens\u00faly\u00e9rz\u00e9ket, a perif\u00e9rikus l\u00e1t\u00e1st &#8211; aminek k\u00e9s\u0151bb az aut\u00f3vezet\u00e9sn\u00e9l hatalmas haszn\u00e1t veszik majd. Jav\u00edtja a sebess\u00e9g\u00e9rz\u00e9kel\u00e9st, ezzel egy\u00fctt seg\u00edt is hozz\u00e1szokni, illetve er\u0151s\u00edti az eg\u00e9sz test izomzat\u00e1t: nemcsak a l\u00e1bakat, hanem a t\u00f6rzset, a v\u00e1llakat, a karokat is. Nevel, al\u00e1zatra \u00e9s tiszteletre tan\u00edt a sporttal, a csapatt\u00e1rsakkal, az eszk\u00f6zzel szemben. Ad egy le\u00edrhatatlan \u00e9s hihetetlen szabads\u00e1got. Ki lehet szabadulni vele a sz\u00fcrke h\u00e9tk\u00f6znapokb\u00f3l, az iskola ord\u00edt\u00f3 zaj\u00e1b\u00f3l.<\/p>\n<p><em>K\u00e9rdezz te is Buzs\u00e1ki Vir\u00e1gt\u00f3l! Bring\u00e1zz-felelek sorozatunk harmadik r\u00e9sz\u00e9ben szem\u00e9lyesen v\u00e1laszol az \u00f6sszegy\u0171lt k\u00e9rd\u00e9sekre. Ne feledd: nincs rossz k\u00e9rd\u00e9s, minden felvet\u00e9s el\u0151re visz, \u00e9s nemcsak t\u00e9ged \u00e9s gyermeked, hanem a t\u00f6bbi n\u00e9z\u0151nket, \u00e9s az \u0151 csemet\u00e9iket is. V\u00e1rjuk a k\u00e9rd\u00e9seket a <\/em><a href=\"welovecycling@skoda.hu%20e-mail%20\"><em>welovecycling@skoda.hu e-mail<\/em><\/a><em> c\u00edmre vagy <\/em><a href=\"https:\/\/www.facebook.com\/WeLoveCyclingHungary\"><em>Facebookon<\/em><\/a><em>, \u00fczenetben!<\/em><\/p>\n","protected":false},"excerpt":{"rendered":"<p>Fontos pillanat egy gyerek \u00e9let\u00e9ben, amikor megtanul biciklizni: n\u00e9h\u00e1ny horzsol\u00e1s \u00e1r\u00e1n egy \u00faj vil\u00e1g ny\u00edlik ki el\u0151tte, ami f\u00e9lelmetesen izgalmas. [&hellip;]<\/p>\n","protected":false},"author":71,"featured_media":12845,"comment_status":"open","ping_status":"open","sticky":false,"template":"","format":"standard","meta":{"footnotes":""},"categories":[464],"tags":[],"global-categories":[],"class_list":["post-12837","post","type-post","status-publish","format-standard","has-post-thumbnail","hentry","category-bringazz-felelek"],"yoast_head":"<!-- This site is optimized with the Yoast SEO Premium plugin v25.3 (Yoast SEO v25.9) - https:\/\/yoast.com\/wordpress\/plugins\/seo\/ -->\n<title>Bring\u00e1zz-Felelek Buzs\u00e1ki Vir\u00e1ggal: Nyeregben a legkisebbek!<\/title>\n<meta name=\"description\" content=\"Fontos pillanat egy gyerek \u00e9let\u00e9ben, amikor megtanul biciklizni: n\u00e9h\u00e1ny horzsol\u00e1s \u00e1r\u00e1n egy \u00faj vil\u00e1g ny\u00edlik ki el\u0151tte, ami f\u00e9lelmetesen izgalmas. Azt\u00e1n amikor m\u00e9g a p\u00f3tker\u00e9k is leker\u00fcl! Az maga a csoda. Sokan meg\u00e1llnak ezen a ponton, \u00e9s \u0151k is im\u00e1dni fogj\u00e1k a bicikliz\u00e9st a helyi utc\u00e1kban, dombokon, a sz\u00fcl\u0151kkel vagy a bar\u00e1tokkal.\" \/>\n<meta name=\"robots\" content=\"index, follow, max-snippet:-1, max-image-preview:large, max-video-preview:-1\" \/>\n<link rel=\"canonical\" href=\"https:\/\/www.welovecycling.com\/hu\/bringazz-felelek\/bringazz-felelek-buzsaki-viraggal-nyeregben-a-legkisebbek\/\" \/>\n<meta property=\"og:locale\" content=\"hu_HU\" \/>\n<meta property=\"og:type\" content=\"article\" \/>\n<meta property=\"og:title\" content=\"Bring\u00e1zz-Felelek Buzs\u00e1ki Vir\u00e1ggal: Nyeregben a legkisebbek!\" \/>\n<meta property=\"og:description\" content=\"Fontos pillanat egy gyerek \u00e9let\u00e9ben, amikor megtanul biciklizni: n\u00e9h\u00e1ny horzsol\u00e1s \u00e1r\u00e1n egy \u00faj vil\u00e1g ny\u00edlik ki el\u0151tte, ami f\u00e9lelmetesen izgalmas. Azt\u00e1n amikor m\u00e9g a p\u00f3tker\u00e9k is leker\u00fcl! Az maga a csoda. Sokan meg\u00e1llnak ezen a ponton, \u00e9s \u0151k is im\u00e1dni fogj\u00e1k a bicikliz\u00e9st a helyi utc\u00e1kban, dombokon, a sz\u00fcl\u0151kkel vagy a bar\u00e1tokkal.\" \/>\n<meta property=\"og:url\" content=\"https:\/\/www.welovecycling.com\/hu\/bringazz-felelek\/bringazz-felelek-buzsaki-viraggal-nyeregben-a-legkisebbek\/\" \/>\n<meta property=\"og:site_name\" content=\"\u0160koda We Love Cycling - Magyarorsz\u00e1g\" \/>\n<meta property=\"article:publisher\" content=\"https:\/\/www.facebook.com\/WeLoveCyclingHungary\/\" \/>\n<meta property=\"article:published_time\" content=\"2021-11-02T07:00:10+00:00\" \/>\n<meta property=\"article:modified_time\" content=\"2021-11-02T12:16:28+00:00\" \/>\n<meta property=\"og:image\" content=\"https:\/\/d2p6e6u75xmxt8.cloudfront.net\/12\/2021\/11\/WL027_BF_BUZSAKI_VIRAG_FB_COVER_1640x720.png\" \/>\n\t<meta property=\"og:image:width\" content=\"1640\" \/>\n\t<meta property=\"og:image:height\" content=\"720\" \/>\n\t<meta property=\"og:image:type\" content=\"image\/png\" \/>\n<meta name=\"author\" content=\"hegyizs\" \/>\n<meta name=\"twitter:card\" content=\"summary_large_image\" \/>\n<meta name=\"twitter:label1\" content=\"Written by\" \/>\n\t<meta name=\"twitter:data1\" content=\"WLC\" \/>\n\t<meta name=\"twitter:label2\" content=\"Est. reading time\" \/>\n\t<meta name=\"twitter:data2\" content=\"4 minutes\" \/>\n<script type=\"application\/ld+json\" class=\"yoast-schema-graph\">{\"@context\":\"https:\/\/schema.org\",\"@graph\":[{\"@type\":\"WebPage\",\"@id\":\"https:\/\/www.welovecycling.com\/hu\/bringazz-felelek\/bringazz-felelek-buzsaki-viraggal-nyeregben-a-legkisebbek\/\",\"url\":\"https:\/\/www.welovecycling.com\/hu\/bringazz-felelek\/bringazz-felelek-buzsaki-viraggal-nyeregben-a-legkisebbek\/\",\"name\":\"Bring\u00e1zz-Felelek Buzs\u00e1ki Vir\u00e1ggal: Nyeregben a legkisebbek!\",\"isPartOf\":{\"@id\":\"https:\/\/www.welovecycling.com\/hu\/#website\"},\"primaryImageOfPage\":{\"@id\":\"https:\/\/www.welovecycling.com\/hu\/bringazz-felelek\/bringazz-felelek-buzsaki-viraggal-nyeregben-a-legkisebbek\/#primaryimage\"},\"image\":{\"@id\":\"https:\/\/www.welovecycling.com\/hu\/bringazz-felelek\/bringazz-felelek-buzsaki-viraggal-nyeregben-a-legkisebbek\/#primaryimage\"},\"thumbnailUrl\":\"https:\/\/d2p6e6u75xmxt8.cloudfront.net\/12\/2021\/11\/WL027_BF_BUZSAKI_VIRAG_CIKK_HEADER_1380x600.png\",\"datePublished\":\"2021-11-02T07:00:10+00:00\",\"dateModified\":\"2021-11-02T12:16:28+00:00\",\"author\":{\"@id\":\"https:\/\/www.welovecycling.com\/hu\/#\/schema\/person\/414a2aebf1801691a5320edb6468e194\"},\"description\":\"Fontos pillanat egy gyerek \u00e9let\u00e9ben, amikor megtanul biciklizni: n\u00e9h\u00e1ny horzsol\u00e1s \u00e1r\u00e1n egy \u00faj vil\u00e1g ny\u00edlik ki el\u0151tte, ami f\u00e9lelmetesen izgalmas. Azt\u00e1n amikor m\u00e9g a p\u00f3tker\u00e9k is leker\u00fcl! Az maga a csoda. Sokan meg\u00e1llnak ezen a ponton, \u00e9s \u0151k is im\u00e1dni fogj\u00e1k a bicikliz\u00e9st a helyi utc\u00e1kban, dombokon, a sz\u00fcl\u0151kkel vagy a bar\u00e1tokkal.\",\"breadcrumb\":{\"@id\":\"https:\/\/www.welovecycling.com\/hu\/bringazz-felelek\/bringazz-felelek-buzsaki-viraggal-nyeregben-a-legkisebbek\/#breadcrumb\"},\"inLanguage\":\"hu\",\"potentialAction\":[{\"@type\":\"ReadAction\",\"target\":[\"https:\/\/www.welovecycling.com\/hu\/bringazz-felelek\/bringazz-felelek-buzsaki-viraggal-nyeregben-a-legkisebbek\/\"]}]},{\"@type\":\"ImageObject\",\"inLanguage\":\"hu\",\"@id\":\"https:\/\/www.welovecycling.com\/hu\/bringazz-felelek\/bringazz-felelek-buzsaki-viraggal-nyeregben-a-legkisebbek\/#primaryimage\",\"url\":\"https:\/\/d2p6e6u75xmxt8.cloudfront.net\/12\/2021\/11\/WL027_BF_BUZSAKI_VIRAG_CIKK_HEADER_1380x600.png\",\"contentUrl\":\"https:\/\/d2p6e6u75xmxt8.cloudfront.net\/12\/2021\/11\/WL027_BF_BUZSAKI_VIRAG_CIKK_HEADER_1380x600.png\",\"width\":1380,\"height\":600},{\"@type\":\"BreadcrumbList\",\"@id\":\"https:\/\/www.welovecycling.com\/hu\/bringazz-felelek\/bringazz-felelek-buzsaki-viraggal-nyeregben-a-legkisebbek\/#breadcrumb\",\"itemListElement\":[{\"@type\":\"ListItem\",\"position\":1,\"name\":\"Home\",\"item\":\"https:\/\/www.welovecycling.com\/hu\/\"},{\"@type\":\"ListItem\",\"position\":2,\"name\":\"Bring\u00e1zz-Felelek Buzs\u00e1ki Vir\u00e1ggal: Nyeregben a legkisebbek!\"}]},{\"@type\":\"WebSite\",\"@id\":\"https:\/\/www.welovecycling.com\/hu\/#website\",\"url\":\"https:\/\/www.welovecycling.com\/hu\/\",\"name\":\"\u0160koda We Love Cycling - Magyarorsz\u00e1g\",\"description\":\"\u0160koda WeLoveCycling\",\"potentialAction\":[{\"@type\":\"SearchAction\",\"target\":{\"@type\":\"EntryPoint\",\"urlTemplate\":\"https:\/\/www.welovecycling.com\/hu\/?s={search_term_string}\"},\"query-input\":{\"@type\":\"PropertyValueSpecification\",\"valueRequired\":true,\"valueName\":\"search_term_string\"}}],\"inLanguage\":\"hu\"},{\"@type\":\"Person\",\"@id\":\"https:\/\/www.welovecycling.com\/hu\/#\/schema\/person\/414a2aebf1801691a5320edb6468e194\",\"name\":\"hegyizs\",\"image\":{\"@type\":\"ImageObject\",\"inLanguage\":\"hu\",\"@id\":\"https:\/\/www.welovecycling.com\/hu\/#\/schema\/person\/image\/\",\"url\":\"https:\/\/secure.gravatar.com\/avatar\/02cf8a7906b8cf90cecb4679defac7cfd33a1c2e3b88e4903d947f3bb58eedd3?s=96&d=mm&r=g\",\"contentUrl\":\"https:\/\/secure.gravatar.com\/avatar\/02cf8a7906b8cf90cecb4679defac7cfd33a1c2e3b88e4903d947f3bb58eedd3?s=96&d=mm&r=g\",\"caption\":\"hegyizs\"},\"url\":\"https:\/\/www.welovecycling.com\/hu\/author\/hegyizs\/\"}]}<\/script>\n<!-- \/ Yoast SEO Premium plugin. -->","yoast_head_json":{"title":"Bring\u00e1zz-Felelek Buzs\u00e1ki Vir\u00e1ggal: Nyeregben a legkisebbek!","description":"Fontos pillanat egy gyerek \u00e9let\u00e9ben, amikor megtanul biciklizni: n\u00e9h\u00e1ny horzsol\u00e1s \u00e1r\u00e1n egy \u00faj vil\u00e1g ny\u00edlik ki el\u0151tte, ami f\u00e9lelmetesen izgalmas. Azt\u00e1n amikor m\u00e9g a p\u00f3tker\u00e9k is leker\u00fcl! Az maga a csoda. Sokan meg\u00e1llnak ezen a ponton, \u00e9s \u0151k is im\u00e1dni fogj\u00e1k a bicikliz\u00e9st a helyi utc\u00e1kban, dombokon, a sz\u00fcl\u0151kkel vagy a bar\u00e1tokkal.","robots":{"index":"index","follow":"follow","max-snippet":"max-snippet:-1","max-image-preview":"max-image-preview:large","max-video-preview":"max-video-preview:-1"},"canonical":"https:\/\/www.welovecycling.com\/hu\/bringazz-felelek\/bringazz-felelek-buzsaki-viraggal-nyeregben-a-legkisebbek\/","og_locale":"hu_HU","og_type":"article","og_title":"Bring\u00e1zz-Felelek Buzs\u00e1ki Vir\u00e1ggal: Nyeregben a legkisebbek!","og_description":"Fontos pillanat egy gyerek \u00e9let\u00e9ben, amikor megtanul biciklizni: n\u00e9h\u00e1ny horzsol\u00e1s \u00e1r\u00e1n egy \u00faj vil\u00e1g ny\u00edlik ki el\u0151tte, ami f\u00e9lelmetesen izgalmas. Azt\u00e1n amikor m\u00e9g a p\u00f3tker\u00e9k is leker\u00fcl! Az maga a csoda. Sokan meg\u00e1llnak ezen a ponton, \u00e9s \u0151k is im\u00e1dni fogj\u00e1k a bicikliz\u00e9st a helyi utc\u00e1kban, dombokon, a sz\u00fcl\u0151kkel vagy a bar\u00e1tokkal.","og_url":"https:\/\/www.welovecycling.com\/hu\/bringazz-felelek\/bringazz-felelek-buzsaki-viraggal-nyeregben-a-legkisebbek\/","og_site_name":"\u0160koda We Love Cycling - Magyarorsz\u00e1g","article_publisher":"https:\/\/www.facebook.com\/WeLoveCyclingHungary\/","article_published_time":"2021-11-02T07:00:10+00:00","article_modified_time":"2021-11-02T12:16:28+00:00","og_image":[{"width":1640,"height":720,"url":"https:\/\/d2p6e6u75xmxt8.cloudfront.net\/12\/2021\/11\/WL027_BF_BUZSAKI_VIRAG_FB_COVER_1640x720.png","type":"image\/png"}],"author":"hegyizs","twitter_card":"summary_large_image","twitter_misc":{"Written by":"WLC","Est. reading time":"4 minutes"},"schema":{"@context":"https:\/\/schema.org","@graph":[{"@type":"WebPage","@id":"https:\/\/www.welovecycling.com\/hu\/bringazz-felelek\/bringazz-felelek-buzsaki-viraggal-nyeregben-a-legkisebbek\/","url":"https:\/\/www.welovecycling.com\/hu\/bringazz-felelek\/bringazz-felelek-buzsaki-viraggal-nyeregben-a-legkisebbek\/","name":"Bring\u00e1zz-Felelek Buzs\u00e1ki Vir\u00e1ggal: Nyeregben a legkisebbek!","isPartOf":{"@id":"https:\/\/www.welovecycling.com\/hu\/#website"},"primaryImageOfPage":{"@id":"https:\/\/www.welovecycling.com\/hu\/bringazz-felelek\/bringazz-felelek-buzsaki-viraggal-nyeregben-a-legkisebbek\/#primaryimage"},"image":{"@id":"https:\/\/www.welovecycling.com\/hu\/bringazz-felelek\/bringazz-felelek-buzsaki-viraggal-nyeregben-a-legkisebbek\/#primaryimage"},"thumbnailUrl":"https:\/\/d2p6e6u75xmxt8.cloudfront.net\/12\/2021\/11\/WL027_BF_BUZSAKI_VIRAG_CIKK_HEADER_1380x600.png","datePublished":"2021-11-02T07:00:10+00:00","dateModified":"2021-11-02T12:16:28+00:00","author":{"@id":"https:\/\/www.welovecycling.com\/hu\/#\/schema\/person\/414a2aebf1801691a5320edb6468e194"},"description":"Fontos pillanat egy gyerek \u00e9let\u00e9ben, amikor megtanul biciklizni: n\u00e9h\u00e1ny horzsol\u00e1s \u00e1r\u00e1n egy \u00faj vil\u00e1g ny\u00edlik ki el\u0151tte, ami f\u00e9lelmetesen izgalmas. Azt\u00e1n amikor m\u00e9g a p\u00f3tker\u00e9k is leker\u00fcl! Az maga a csoda. Sokan meg\u00e1llnak ezen a ponton, \u00e9s \u0151k is im\u00e1dni fogj\u00e1k a bicikliz\u00e9st a helyi utc\u00e1kban, dombokon, a sz\u00fcl\u0151kkel vagy a bar\u00e1tokkal.","breadcrumb":{"@id":"https:\/\/www.welovecycling.com\/hu\/bringazz-felelek\/bringazz-felelek-buzsaki-viraggal-nyeregben-a-legkisebbek\/#breadcrumb"},"inLanguage":"hu","potentialAction":[{"@type":"ReadAction","target":["https:\/\/www.welovecycling.com\/hu\/bringazz-felelek\/bringazz-felelek-buzsaki-viraggal-nyeregben-a-legkisebbek\/"]}]},{"@type":"ImageObject","inLanguage":"hu","@id":"https:\/\/www.welovecycling.com\/hu\/bringazz-felelek\/bringazz-felelek-buzsaki-viraggal-nyeregben-a-legkisebbek\/#primaryimage","url":"https:\/\/d2p6e6u75xmxt8.cloudfront.net\/12\/2021\/11\/WL027_BF_BUZSAKI_VIRAG_CIKK_HEADER_1380x600.png","contentUrl":"https:\/\/d2p6e6u75xmxt8.cloudfront.net\/12\/2021\/11\/WL027_BF_BUZSAKI_VIRAG_CIKK_HEADER_1380x600.png","width":1380,"height":600},{"@type":"BreadcrumbList","@id":"https:\/\/www.welovecycling.com\/hu\/bringazz-felelek\/bringazz-felelek-buzsaki-viraggal-nyeregben-a-legkisebbek\/#breadcrumb","itemListElement":[{"@type":"ListItem","position":1,"name":"Home","item":"https:\/\/www.welovecycling.com\/hu\/"},{"@type":"ListItem","position":2,"name":"Bring\u00e1zz-Felelek Buzs\u00e1ki Vir\u00e1ggal: Nyeregben a legkisebbek!"}]},{"@type":"WebSite","@id":"https:\/\/www.welovecycling.com\/hu\/#website","url":"https:\/\/www.welovecycling.com\/hu\/","name":"\u0160koda We Love Cycling - Magyarorsz\u00e1g","description":"\u0160koda WeLoveCycling","potentialAction":[{"@type":"SearchAction","target":{"@type":"EntryPoint","urlTemplate":"https:\/\/www.welovecycling.com\/hu\/?s={search_term_string}"},"query-input":{"@type":"PropertyValueSpecification","valueRequired":true,"valueName":"search_term_string"}}],"inLanguage":"hu"},{"@type":"Person","@id":"https:\/\/www.welovecycling.com\/hu\/#\/schema\/person\/414a2aebf1801691a5320edb6468e194","name":"hegyizs","image":{"@type":"ImageObject","inLanguage":"hu","@id":"https:\/\/www.welovecycling.com\/hu\/#\/schema\/person\/image\/","url":"https:\/\/secure.gravatar.com\/avatar\/02cf8a7906b8cf90cecb4679defac7cfd33a1c2e3b88e4903d947f3bb58eedd3?s=96&d=mm&r=g","contentUrl":"https:\/\/secure.gravatar.com\/avatar\/02cf8a7906b8cf90cecb4679defac7cfd33a1c2e3b88e4903d947f3bb58eedd3?s=96&d=mm&r=g","caption":"hegyizs"},"url":"https:\/\/www.welovecycling.com\/hu\/author\/hegyizs\/"}]}},"_links":{"self":[{"href":"https:\/\/www.welovecycling.com\/hu\/wp-json\/wp\/v2\/posts\/12837","targetHints":{"allow":["GET"]}}],"collection":[{"href":"https:\/\/www.welovecycling.com\/hu\/wp-json\/wp\/v2\/posts"}],"about":[{"href":"https:\/\/www.welovecycling.com\/hu\/wp-json\/wp\/v2\/types\/post"}],"author":[{"embeddable":true,"href":"https:\/\/www.welovecycling.com\/hu\/wp-json\/wp\/v2\/users\/71"}],"replies":[{"embeddable":true,"href":"https:\/\/www.welovecycling.com\/hu\/wp-json\/wp\/v2\/comments?post=12837"}],"version-history":[{"count":2,"href":"https:\/\/www.welovecycling.com\/hu\/wp-json\/wp\/v2\/posts\/12837\/revisions"}],"predecessor-version":[{"id":12849,"href":"https:\/\/www.welovecycling.com\/hu\/wp-json\/wp\/v2\/posts\/12837\/revisions\/12849"}],"wp:featuredmedia":[{"embeddable":true,"href":"https:\/\/www.welovecycling.com\/hu\/wp-json\/wp\/v2\/media\/12845"}],"wp:attachment":[{"href":"https:\/\/www.welovecycling.com\/hu\/wp-json\/wp\/v2\/media?parent=12837"}],"wp:term":[{"taxonomy":"category","embeddable":true,"href":"https:\/\/www.welovecycling.com\/hu\/wp-json\/wp\/v2\/categories?post=12837"},{"taxonomy":"post_tag","embeddable":true,"href":"https:\/\/www.welovecycling.com\/hu\/wp-json\/wp\/v2\/tags?post=12837"},{"taxonomy":"global-categories","embeddable":true,"href":"https:\/\/www.welovecycling.com\/hu\/wp-json\/wp\/v2\/global-categories?post=12837"}],"curies":[{"name":"wp","href":"https:\/\/api.w.org\/{rel}","templated":true}]}}