{"id":12831,"date":"2021-10-29T11:51:24","date_gmt":"2021-10-29T09:51:24","guid":{"rendered":"https:\/\/www.welovecycling.com\/hu\/?p=12831"},"modified":"2021-10-29T11:51:47","modified_gmt":"2021-10-29T09:51:47","slug":"most-mar-tenyleg-biztos-magyarorszagrol-rajtol-a-2022-es-giro","status":"publish","type":"post","link":"https:\/\/www.welovecycling.com\/hu\/orszaguti-kerekpar\/most-mar-tenyleg-biztos-magyarorszagrol-rajtol-a-2022-es-giro\/","title":{"rendered":"Most m\u00e1r t\u00e9nyleg biztos: Magyarorsz\u00e1gr\u00f3l rajtol a 2022-es Giro!"},"content":{"rendered":"<p><strong>J\u00f6v\u0151re p\u00f3tolj\u00e1k a tavaly a koronav\u00edrus-j\u00e1rv\u00e1ny miatt elmaradt budapesti Grande Partenz\u00e1t: a h\u00e1romhetes olasz k\u00f6rverseny mez\u0151nye m\u00e1jus 6-\u00e1n startol a f\u0151v\u00e1rosb\u00f3l, \u00e9s v\u00e1rhat\u00f3an tov\u00e1bbi k\u00e9t magyarorsz\u00e1gi etapot k\u00f6vet\u0151en rep\u00fcl \u00e1t D\u00e9l-Olaszorsz\u00e1gba.<\/strong><!--more--><\/p>\n<p>A ker\u00e9kp\u00e1ros berkekb\u0151l kisziv\u00e1rg\u00f3 biztat\u00f3 inform\u00e1ci\u00f3k \u00e9s a felek t\u00f6retlen\u00fcl magabiztos kommunik\u00e1ci\u00f3ja nyom\u00e1n a legt\u00f6bben j\u00f3 ideje rem\u00e9nykedt\u00fcnk, benne, hogy hamarosan hivatalos lesz a Giro d\u2019Italia magyarorsz\u00e1gi rajtja, pontosabban annak p\u00f3tl\u00e1sa. V\u00e9gre nem kell tov\u00e1bb v\u00e1rnunk: 2022-ben Budapestr\u0151l rajtol a vil\u00e1g egyik legnagyobb bringaversenye!<\/p>\n<figure id=\"attachment_12832\" aria-describedby=\"caption-attachment-12832\" style=\"width: 1024px\" class=\"wp-caption alignnone\"><a href=\"https:\/\/d2p6e6u75xmxt8.cloudfront.net\/12\/2021\/10\/DSC_4033.jpeg\"><img loading=\"lazy\" decoding=\"async\" class=\"size-large wp-image-12832\" src=\"https:\/\/d2p6e6u75xmxt8.cloudfront.net\/12\/2021\/10\/DSC_4033-1024x683.jpeg\" alt=\"\" width=\"1024\" height=\"683\" srcset=\"https:\/\/d2p6e6u75xmxt8.cloudfront.net\/12\/2021\/10\/DSC_4033-1024x683.jpeg 1024w, https:\/\/d2p6e6u75xmxt8.cloudfront.net\/12\/2021\/10\/DSC_4033-300x200.jpeg 300w, https:\/\/d2p6e6u75xmxt8.cloudfront.net\/12\/2021\/10\/DSC_4033-768x512.jpeg 768w, https:\/\/d2p6e6u75xmxt8.cloudfront.net\/12\/2021\/10\/DSC_4033-272x182.jpeg 272w, https:\/\/d2p6e6u75xmxt8.cloudfront.net\/12\/2021\/10\/DSC_4033.jpeg 1200w\" sizes=\"auto, (max-width: 1024px) 100vw, 1024px\" \/><\/a><figcaption id=\"caption-attachment-12832\" class=\"wp-caption-text\">A szervez\u0151 RCS Sport igazgat\u00f3ja, Mauro Vegni a 2020-as magyarorsz\u00e1gi Giro-prezent\u00e1ci\u00f3n (forr\u00e1s: BringaSport)<\/figcaption><\/figure>\n<p>Az olasz k\u00f6rverseny eredetileg tavaly indult volna budapesti id\u0151futammal \u00e9s h\u00e1rom magyar szakasszal, de a pand\u00e9mia miatt sajnos t\u00f6r\u00f6lni kellett a nagyrat\u00f6r\u0151 terveket, a k\u00e9s\u0151bb okt\u00f3berre halasztott viadal els\u0151sorban eg\u00e9szs\u00e9g\u00fcgyi-biztons\u00e1gi okokb\u00f3l v\u00e9g\u00fcl kiz\u00e1r\u00f3lag Olaszorsz\u00e1g hat\u00e1rain bel\u00fcl futott. A versenyt szervez\u0151 RCS Sport id\u00e9n sem kock\u00e1ztatott, azt ugyanakkor az olasz \u00e9s a magyar f\u00e9l is t\u00f6bbsz\u00f6r egy\u00e9rtelm\u0171v\u00e9 tette, hogy a magyarorsz\u00e1gi Nagy Rajt megrendez\u00e9s\u00e9nek sz\u00e1nd\u00e9ka v\u00e1ltozatlanul fenn\u00e1ll mindk\u00e9t oldal r\u00e9sz\u00e9r\u0151l, \u00e9s egy pillanatig sem titkolt\u00e1k, hogy a h\u00e1tt\u00e9rben l\u00e1zas egyeztet\u00e9sek folynak az elmaradt 2020-as budapesti Grande Partenza p\u00f3tl\u00e1s\u00e1r\u00f3l, lehet\u0151leg m\u00e1r a k\u00f6vetkez\u0151 \u00e9vben.<\/p>\n<p>Most meg is \u00e9rkezett az \u00f6r\u00f6mh\u00edr, amelyet els\u0151k\u00e9nt a Cyclingnews szakport\u00e1l er\u0151s\u00edtett meg: 2022-ben a 105. Giro d\u2019Italia Magyarorsz\u00e1gr\u00f3l startol majd, m\u00e9ghozz\u00e1 a f\u0151 id\u0151pontban, m\u00e1jus 6-\u00e1n!<\/p>\n<figure id=\"attachment_12833\" aria-describedby=\"caption-attachment-12833\" style=\"width: 1024px\" class=\"wp-caption alignnone\"><a href=\"https:\/\/d2p6e6u75xmxt8.cloudfront.net\/12\/2021\/10\/249036641_1022113648585395_8985040031557798561_n.jpg\"><img loading=\"lazy\" decoding=\"async\" class=\"size-large wp-image-12833\" src=\"https:\/\/d2p6e6u75xmxt8.cloudfront.net\/12\/2021\/10\/249036641_1022113648585395_8985040031557798561_n-1024x685.jpg\" alt=\"\" width=\"1024\" height=\"685\" srcset=\"https:\/\/d2p6e6u75xmxt8.cloudfront.net\/12\/2021\/10\/249036641_1022113648585395_8985040031557798561_n-1024x685.jpg 1024w, https:\/\/d2p6e6u75xmxt8.cloudfront.net\/12\/2021\/10\/249036641_1022113648585395_8985040031557798561_n-300x201.jpg 300w, https:\/\/d2p6e6u75xmxt8.cloudfront.net\/12\/2021\/10\/249036641_1022113648585395_8985040031557798561_n-768x514.jpg 768w, https:\/\/d2p6e6u75xmxt8.cloudfront.net\/12\/2021\/10\/249036641_1022113648585395_8985040031557798561_n-272x182.jpg 272w, https:\/\/d2p6e6u75xmxt8.cloudfront.net\/12\/2021\/10\/249036641_1022113648585395_8985040031557798561_n.jpg 1076w\" sizes=\"auto, (max-width: 1024px) 100vw, 1024px\" \/><\/a><figcaption id=\"caption-attachment-12833\" class=\"wp-caption-text\">fot\u00f3: Valter Attila\/Facebook<\/figcaption><\/figure>\n<p>A hivatalos \u00fatvonalbemutat\u00f3t november 3-\u00e1n, szerd\u00e1n tartj\u00e1k Budapesten \u2013 ki m\u00e1s, mint idei Giro-h\u0151s\u00fcnk, a h\u00e1rom napot r\u00f3zsasz\u00ednben t\u00f6lt\u0151 Valter Attila, valamint az 1987-es Giro-gy\u0151ztes Stephen Roche vend\u00e9gszerepl\u00e9s\u00e9vel. Azt azonban m\u00e1r most sejtj\u00fck, hogy az eredetileg tervezett nyit\u00f3 szakasz, a budapesti id\u0151futam ebben a form\u00e1j\u00e1ban m\u00e9gsem fog megval\u00f3sulni, egy\u00e9ni id\u0151futam helyett val\u00f3sz\u00edn\u0171leg f\u0151v\u00e1rosi k\u00f6rp\u00e1ly\u00e1s etappal indul majd a verseny. A m\u00e1sik k\u00e9t tervezett hazai etap ugyanakkor v\u00e1rhat\u00f3an nem v\u00e1ltozik, vagyis a m\u00e1sodik szakasz Budapest \u00e9s Gy\u0151r, a harmadik Sz\u00e9kesfeh\u00e9rv\u00e1r \u00e9s Nagykanizsa k\u00f6z\u00f6tt vezet, miel\u0151tt a mez\u0151ny a sz\u00fcnnapon \u00e1trep\u00fcl D\u00e9l-Szic\u00edli\u00e1ba, hogy a marad\u00e9k 18 szakaszt Olaszorsz\u00e1gban tekerje v\u00e9gig a m\u00e1jus 29-\u00e9n c\u00e9lba \u00e9r\u0151 h\u00e1romhetes viadalon.<\/p>\n<p>Valter Attila m\u00e1r reag\u00e1lt is a nagyszer\u0171 h\u00edrre k\u00f6z\u00f6ss\u00e9gi oldal\u00e1n: \u201e<em>2022 m\u00e1jus\u00e1ban Magyarorsz\u00e1gr\u00f3l rajtol a\u00a0Giro d&#8217;Italia! \u00d3ri\u00e1si motiv\u00e1ci\u00f3 a t\u00e9li felk\u00e9sz\u00fcl\u00e9sre. Biztos, hogy minden nap ezzel a gondolattal fogok \u00e9bredni, \u00e9s rem\u00e9lem t\u00f6bb magyar versenyz\u0151 k\u00f6z\u00f6tt \u00e9n is ott \u00e1llhatok majd a rajtban!\u201d<\/em><\/p>\n<figure id=\"attachment_12834\" aria-describedby=\"caption-attachment-12834\" style=\"width: 1024px\" class=\"wp-caption alignnone\"><a href=\"https:\/\/d2p6e6u75xmxt8.cloudfront.net\/12\/2021\/10\/0984090valterattilaInstagram.jpg\"><img loading=\"lazy\" decoding=\"async\" class=\"size-large wp-image-12834\" src=\"https:\/\/d2p6e6u75xmxt8.cloudfront.net\/12\/2021\/10\/0984090valterattilaInstagram-1024x682.jpg\" alt=\"\" width=\"1024\" height=\"682\" srcset=\"https:\/\/d2p6e6u75xmxt8.cloudfront.net\/12\/2021\/10\/0984090valterattilaInstagram-1024x682.jpg 1024w, https:\/\/d2p6e6u75xmxt8.cloudfront.net\/12\/2021\/10\/0984090valterattilaInstagram-300x200.jpg 300w, https:\/\/d2p6e6u75xmxt8.cloudfront.net\/12\/2021\/10\/0984090valterattilaInstagram-768x511.jpg 768w, https:\/\/d2p6e6u75xmxt8.cloudfront.net\/12\/2021\/10\/0984090valterattilaInstagram-272x182.jpg 272w, https:\/\/d2p6e6u75xmxt8.cloudfront.net\/12\/2021\/10\/0984090valterattilaInstagram.jpg 1080w\" sizes=\"auto, (max-width: 1024px) 100vw, 1024px\" \/><\/a><figcaption id=\"caption-attachment-12834\" class=\"wp-caption-text\">fot\u00f3: Valter Attila\/Instagram<\/figcaption><\/figure>\n","protected":false},"excerpt":{"rendered":"<p>J\u00f6v\u0151re p\u00f3tolj\u00e1k a tavaly a koronav\u00edrus-j\u00e1rv\u00e1ny miatt elmaradt budapesti Grande Partenz\u00e1t: a h\u00e1romhetes olasz k\u00f6rverseny mez\u0151nye m\u00e1jus 6-\u00e1n startol a [&hellip;]<\/p>\n","protected":false},"author":71,"featured_media":12835,"comment_status":"open","ping_status":"open","sticky":false,"template":"","format":"standard","meta":{"footnotes":""},"categories":[8],"tags":[],"global-categories":[419],"class_list":["post-12831","post","type-post","status-publish","format-standard","has-post-thumbnail","hentry","category-orszaguti-kerekpar","global-categories-cycling"],"yoast_head":"<!-- This site is optimized with the Yoast SEO Premium plugin v25.3 (Yoast SEO v25.9) - https:\/\/yoast.com\/wordpress\/plugins\/seo\/ -->\n<title>Most m\u00e1r t\u00e9nyleg biztos: Magyarorsz\u00e1gr\u00f3l rajtol a 2022-es Giro!<\/title>\n<meta name=\"description\" content=\"J\u00f6v\u0151re p\u00f3tolj\u00e1k a tavaly a koronav\u00edrus-j\u00e1rv\u00e1ny miatt elmaradt budapesti Grande Partenz\u00e1t: a h\u00e1romhetes olasz k\u00f6rverseny mez\u0151nye m\u00e1jus 6-\u00e1n startol a f\u0151v\u00e1rosb\u00f3l, \u00e9s v\u00e1rhat\u00f3an tov\u00e1bbi k\u00e9t magyarorsz\u00e1gi etapot k\u00f6vet\u0151en rep\u00fcl \u00e1t D\u00e9l-Olaszorsz\u00e1gba.\" \/>\n<meta name=\"robots\" content=\"index, follow, max-snippet:-1, max-image-preview:large, max-video-preview:-1\" \/>\n<link rel=\"canonical\" href=\"https:\/\/www.welovecycling.com\/hu\/orszaguti-kerekpar\/most-mar-tenyleg-biztos-magyarorszagrol-rajtol-a-2022-es-giro\/\" \/>\n<meta property=\"og:locale\" content=\"hu_HU\" \/>\n<meta property=\"og:type\" content=\"article\" \/>\n<meta property=\"og:title\" content=\"Most m\u00e1r t\u00e9nyleg biztos: Magyarorsz\u00e1gr\u00f3l rajtol a 2022-es Giro!\" \/>\n<meta property=\"og:description\" content=\"J\u00f6v\u0151re p\u00f3tolj\u00e1k a tavaly a koronav\u00edrus-j\u00e1rv\u00e1ny miatt elmaradt budapesti Grande Partenz\u00e1t: a h\u00e1romhetes olasz k\u00f6rverseny mez\u0151nye m\u00e1jus 6-\u00e1n startol a f\u0151v\u00e1rosb\u00f3l, \u00e9s v\u00e1rhat\u00f3an tov\u00e1bbi k\u00e9t magyarorsz\u00e1gi etapot k\u00f6vet\u0151en rep\u00fcl \u00e1t D\u00e9l-Olaszorsz\u00e1gba.\" \/>\n<meta property=\"og:url\" content=\"https:\/\/www.welovecycling.com\/hu\/orszaguti-kerekpar\/most-mar-tenyleg-biztos-magyarorszagrol-rajtol-a-2022-es-giro\/\" \/>\n<meta property=\"og:site_name\" content=\"\u0160koda We Love Cycling - Magyarorsz\u00e1g\" \/>\n<meta property=\"article:publisher\" content=\"https:\/\/www.facebook.com\/WeLoveCyclingHungary\/\" \/>\n<meta property=\"article:published_time\" content=\"2021-10-29T09:51:24+00:00\" \/>\n<meta property=\"article:modified_time\" content=\"2021-10-29T09:51:47+00:00\" \/>\n<meta property=\"og:image\" content=\"https:\/\/d2p6e6u75xmxt8.cloudfront.net\/12\/2021\/10\/giro_hosok-tere.jpg\" \/>\n\t<meta property=\"og:image:width\" content=\"1731\" \/>\n\t<meta property=\"og:image:height\" content=\"1154\" \/>\n\t<meta property=\"og:image:type\" content=\"image\/jpeg\" \/>\n<meta name=\"author\" content=\"hegyizs\" \/>\n<meta name=\"twitter:card\" content=\"summary_large_image\" \/>\n<meta name=\"twitter:label1\" content=\"Written by\" \/>\n\t<meta name=\"twitter:data1\" content=\"WLC\" \/>\n\t<meta name=\"twitter:label2\" content=\"Est. reading time\" \/>\n\t<meta name=\"twitter:data2\" content=\"3 minutes\" \/>\n<script type=\"application\/ld+json\" class=\"yoast-schema-graph\">{\"@context\":\"https:\/\/schema.org\",\"@graph\":[{\"@type\":\"WebPage\",\"@id\":\"https:\/\/www.welovecycling.com\/hu\/orszaguti-kerekpar\/most-mar-tenyleg-biztos-magyarorszagrol-rajtol-a-2022-es-giro\/\",\"url\":\"https:\/\/www.welovecycling.com\/hu\/orszaguti-kerekpar\/most-mar-tenyleg-biztos-magyarorszagrol-rajtol-a-2022-es-giro\/\",\"name\":\"Most m\u00e1r t\u00e9nyleg biztos: Magyarorsz\u00e1gr\u00f3l rajtol a 2022-es Giro!\",\"isPartOf\":{\"@id\":\"https:\/\/www.welovecycling.com\/hu\/#website\"},\"primaryImageOfPage\":{\"@id\":\"https:\/\/www.welovecycling.com\/hu\/orszaguti-kerekpar\/most-mar-tenyleg-biztos-magyarorszagrol-rajtol-a-2022-es-giro\/#primaryimage\"},\"image\":{\"@id\":\"https:\/\/www.welovecycling.com\/hu\/orszaguti-kerekpar\/most-mar-tenyleg-biztos-magyarorszagrol-rajtol-a-2022-es-giro\/#primaryimage\"},\"thumbnailUrl\":\"https:\/\/d2p6e6u75xmxt8.cloudfront.net\/12\/2021\/10\/giro_hosok-tere.jpg\",\"datePublished\":\"2021-10-29T09:51:24+00:00\",\"dateModified\":\"2021-10-29T09:51:47+00:00\",\"author\":{\"@id\":\"https:\/\/www.welovecycling.com\/hu\/#\/schema\/person\/414a2aebf1801691a5320edb6468e194\"},\"description\":\"J\u00f6v\u0151re p\u00f3tolj\u00e1k a tavaly a koronav\u00edrus-j\u00e1rv\u00e1ny miatt elmaradt budapesti Grande Partenz\u00e1t: a h\u00e1romhetes olasz k\u00f6rverseny mez\u0151nye m\u00e1jus 6-\u00e1n startol a f\u0151v\u00e1rosb\u00f3l, \u00e9s v\u00e1rhat\u00f3an tov\u00e1bbi k\u00e9t magyarorsz\u00e1gi etapot k\u00f6vet\u0151en rep\u00fcl \u00e1t D\u00e9l-Olaszorsz\u00e1gba.\",\"breadcrumb\":{\"@id\":\"https:\/\/www.welovecycling.com\/hu\/orszaguti-kerekpar\/most-mar-tenyleg-biztos-magyarorszagrol-rajtol-a-2022-es-giro\/#breadcrumb\"},\"inLanguage\":\"hu\",\"potentialAction\":[{\"@type\":\"ReadAction\",\"target\":[\"https:\/\/www.welovecycling.com\/hu\/orszaguti-kerekpar\/most-mar-tenyleg-biztos-magyarorszagrol-rajtol-a-2022-es-giro\/\"]}]},{\"@type\":\"ImageObject\",\"inLanguage\":\"hu\",\"@id\":\"https:\/\/www.welovecycling.com\/hu\/orszaguti-kerekpar\/most-mar-tenyleg-biztos-magyarorszagrol-rajtol-a-2022-es-giro\/#primaryimage\",\"url\":\"https:\/\/d2p6e6u75xmxt8.cloudfront.net\/12\/2021\/10\/giro_hosok-tere.jpg\",\"contentUrl\":\"https:\/\/d2p6e6u75xmxt8.cloudfront.net\/12\/2021\/10\/giro_hosok-tere.jpg\",\"width\":1731,\"height\":1154},{\"@type\":\"BreadcrumbList\",\"@id\":\"https:\/\/www.welovecycling.com\/hu\/orszaguti-kerekpar\/most-mar-tenyleg-biztos-magyarorszagrol-rajtol-a-2022-es-giro\/#breadcrumb\",\"itemListElement\":[{\"@type\":\"ListItem\",\"position\":1,\"name\":\"Home\",\"item\":\"https:\/\/www.welovecycling.com\/hu\/\"},{\"@type\":\"ListItem\",\"position\":2,\"name\":\"Most m\u00e1r t\u00e9nyleg biztos: Magyarorsz\u00e1gr\u00f3l rajtol a 2022-es Giro!\"}]},{\"@type\":\"WebSite\",\"@id\":\"https:\/\/www.welovecycling.com\/hu\/#website\",\"url\":\"https:\/\/www.welovecycling.com\/hu\/\",\"name\":\"\u0160koda We Love Cycling - Magyarorsz\u00e1g\",\"description\":\"\u0160koda WeLoveCycling\",\"potentialAction\":[{\"@type\":\"SearchAction\",\"target\":{\"@type\":\"EntryPoint\",\"urlTemplate\":\"https:\/\/www.welovecycling.com\/hu\/?s={search_term_string}\"},\"query-input\":{\"@type\":\"PropertyValueSpecification\",\"valueRequired\":true,\"valueName\":\"search_term_string\"}}],\"inLanguage\":\"hu\"},{\"@type\":\"Person\",\"@id\":\"https:\/\/www.welovecycling.com\/hu\/#\/schema\/person\/414a2aebf1801691a5320edb6468e194\",\"name\":\"hegyizs\",\"image\":{\"@type\":\"ImageObject\",\"inLanguage\":\"hu\",\"@id\":\"https:\/\/www.welovecycling.com\/hu\/#\/schema\/person\/image\/\",\"url\":\"https:\/\/secure.gravatar.com\/avatar\/02cf8a7906b8cf90cecb4679defac7cfd33a1c2e3b88e4903d947f3bb58eedd3?s=96&d=mm&r=g\",\"contentUrl\":\"https:\/\/secure.gravatar.com\/avatar\/02cf8a7906b8cf90cecb4679defac7cfd33a1c2e3b88e4903d947f3bb58eedd3?s=96&d=mm&r=g\",\"caption\":\"hegyizs\"},\"url\":\"https:\/\/www.welovecycling.com\/hu\/author\/hegyizs\/\"}]}<\/script>\n<!-- \/ Yoast SEO Premium plugin. -->","yoast_head_json":{"title":"Most m\u00e1r t\u00e9nyleg biztos: Magyarorsz\u00e1gr\u00f3l rajtol a 2022-es Giro!","description":"J\u00f6v\u0151re p\u00f3tolj\u00e1k a tavaly a koronav\u00edrus-j\u00e1rv\u00e1ny miatt elmaradt budapesti Grande Partenz\u00e1t: a h\u00e1romhetes olasz k\u00f6rverseny mez\u0151nye m\u00e1jus 6-\u00e1n startol a f\u0151v\u00e1rosb\u00f3l, \u00e9s v\u00e1rhat\u00f3an tov\u00e1bbi k\u00e9t magyarorsz\u00e1gi etapot k\u00f6vet\u0151en rep\u00fcl \u00e1t D\u00e9l-Olaszorsz\u00e1gba.","robots":{"index":"index","follow":"follow","max-snippet":"max-snippet:-1","max-image-preview":"max-image-preview:large","max-video-preview":"max-video-preview:-1"},"canonical":"https:\/\/www.welovecycling.com\/hu\/orszaguti-kerekpar\/most-mar-tenyleg-biztos-magyarorszagrol-rajtol-a-2022-es-giro\/","og_locale":"hu_HU","og_type":"article","og_title":"Most m\u00e1r t\u00e9nyleg biztos: Magyarorsz\u00e1gr\u00f3l rajtol a 2022-es Giro!","og_description":"J\u00f6v\u0151re p\u00f3tolj\u00e1k a tavaly a koronav\u00edrus-j\u00e1rv\u00e1ny miatt elmaradt budapesti Grande Partenz\u00e1t: a h\u00e1romhetes olasz k\u00f6rverseny mez\u0151nye m\u00e1jus 6-\u00e1n startol a f\u0151v\u00e1rosb\u00f3l, \u00e9s v\u00e1rhat\u00f3an tov\u00e1bbi k\u00e9t magyarorsz\u00e1gi etapot k\u00f6vet\u0151en rep\u00fcl \u00e1t D\u00e9l-Olaszorsz\u00e1gba.","og_url":"https:\/\/www.welovecycling.com\/hu\/orszaguti-kerekpar\/most-mar-tenyleg-biztos-magyarorszagrol-rajtol-a-2022-es-giro\/","og_site_name":"\u0160koda We Love Cycling - Magyarorsz\u00e1g","article_publisher":"https:\/\/www.facebook.com\/WeLoveCyclingHungary\/","article_published_time":"2021-10-29T09:51:24+00:00","article_modified_time":"2021-10-29T09:51:47+00:00","og_image":[{"width":1731,"height":1154,"url":"https:\/\/d2p6e6u75xmxt8.cloudfront.net\/12\/2021\/10\/giro_hosok-tere.jpg","type":"image\/jpeg"}],"author":"hegyizs","twitter_card":"summary_large_image","twitter_misc":{"Written by":"WLC","Est. reading time":"3 minutes"},"schema":{"@context":"https:\/\/schema.org","@graph":[{"@type":"WebPage","@id":"https:\/\/www.welovecycling.com\/hu\/orszaguti-kerekpar\/most-mar-tenyleg-biztos-magyarorszagrol-rajtol-a-2022-es-giro\/","url":"https:\/\/www.welovecycling.com\/hu\/orszaguti-kerekpar\/most-mar-tenyleg-biztos-magyarorszagrol-rajtol-a-2022-es-giro\/","name":"Most m\u00e1r t\u00e9nyleg biztos: Magyarorsz\u00e1gr\u00f3l rajtol a 2022-es Giro!","isPartOf":{"@id":"https:\/\/www.welovecycling.com\/hu\/#website"},"primaryImageOfPage":{"@id":"https:\/\/www.welovecycling.com\/hu\/orszaguti-kerekpar\/most-mar-tenyleg-biztos-magyarorszagrol-rajtol-a-2022-es-giro\/#primaryimage"},"image":{"@id":"https:\/\/www.welovecycling.com\/hu\/orszaguti-kerekpar\/most-mar-tenyleg-biztos-magyarorszagrol-rajtol-a-2022-es-giro\/#primaryimage"},"thumbnailUrl":"https:\/\/d2p6e6u75xmxt8.cloudfront.net\/12\/2021\/10\/giro_hosok-tere.jpg","datePublished":"2021-10-29T09:51:24+00:00","dateModified":"2021-10-29T09:51:47+00:00","author":{"@id":"https:\/\/www.welovecycling.com\/hu\/#\/schema\/person\/414a2aebf1801691a5320edb6468e194"},"description":"J\u00f6v\u0151re p\u00f3tolj\u00e1k a tavaly a koronav\u00edrus-j\u00e1rv\u00e1ny miatt elmaradt budapesti Grande Partenz\u00e1t: a h\u00e1romhetes olasz k\u00f6rverseny mez\u0151nye m\u00e1jus 6-\u00e1n startol a f\u0151v\u00e1rosb\u00f3l, \u00e9s v\u00e1rhat\u00f3an tov\u00e1bbi k\u00e9t magyarorsz\u00e1gi etapot k\u00f6vet\u0151en rep\u00fcl \u00e1t D\u00e9l-Olaszorsz\u00e1gba.","breadcrumb":{"@id":"https:\/\/www.welovecycling.com\/hu\/orszaguti-kerekpar\/most-mar-tenyleg-biztos-magyarorszagrol-rajtol-a-2022-es-giro\/#breadcrumb"},"inLanguage":"hu","potentialAction":[{"@type":"ReadAction","target":["https:\/\/www.welovecycling.com\/hu\/orszaguti-kerekpar\/most-mar-tenyleg-biztos-magyarorszagrol-rajtol-a-2022-es-giro\/"]}]},{"@type":"ImageObject","inLanguage":"hu","@id":"https:\/\/www.welovecycling.com\/hu\/orszaguti-kerekpar\/most-mar-tenyleg-biztos-magyarorszagrol-rajtol-a-2022-es-giro\/#primaryimage","url":"https:\/\/d2p6e6u75xmxt8.cloudfront.net\/12\/2021\/10\/giro_hosok-tere.jpg","contentUrl":"https:\/\/d2p6e6u75xmxt8.cloudfront.net\/12\/2021\/10\/giro_hosok-tere.jpg","width":1731,"height":1154},{"@type":"BreadcrumbList","@id":"https:\/\/www.welovecycling.com\/hu\/orszaguti-kerekpar\/most-mar-tenyleg-biztos-magyarorszagrol-rajtol-a-2022-es-giro\/#breadcrumb","itemListElement":[{"@type":"ListItem","position":1,"name":"Home","item":"https:\/\/www.welovecycling.com\/hu\/"},{"@type":"ListItem","position":2,"name":"Most m\u00e1r t\u00e9nyleg biztos: Magyarorsz\u00e1gr\u00f3l rajtol a 2022-es Giro!"}]},{"@type":"WebSite","@id":"https:\/\/www.welovecycling.com\/hu\/#website","url":"https:\/\/www.welovecycling.com\/hu\/","name":"\u0160koda We Love Cycling - Magyarorsz\u00e1g","description":"\u0160koda WeLoveCycling","potentialAction":[{"@type":"SearchAction","target":{"@type":"EntryPoint","urlTemplate":"https:\/\/www.welovecycling.com\/hu\/?s={search_term_string}"},"query-input":{"@type":"PropertyValueSpecification","valueRequired":true,"valueName":"search_term_string"}}],"inLanguage":"hu"},{"@type":"Person","@id":"https:\/\/www.welovecycling.com\/hu\/#\/schema\/person\/414a2aebf1801691a5320edb6468e194","name":"hegyizs","image":{"@type":"ImageObject","inLanguage":"hu","@id":"https:\/\/www.welovecycling.com\/hu\/#\/schema\/person\/image\/","url":"https:\/\/secure.gravatar.com\/avatar\/02cf8a7906b8cf90cecb4679defac7cfd33a1c2e3b88e4903d947f3bb58eedd3?s=96&d=mm&r=g","contentUrl":"https:\/\/secure.gravatar.com\/avatar\/02cf8a7906b8cf90cecb4679defac7cfd33a1c2e3b88e4903d947f3bb58eedd3?s=96&d=mm&r=g","caption":"hegyizs"},"url":"https:\/\/www.welovecycling.com\/hu\/author\/hegyizs\/"}]}},"_links":{"self":[{"href":"https:\/\/www.welovecycling.com\/hu\/wp-json\/wp\/v2\/posts\/12831","targetHints":{"allow":["GET"]}}],"collection":[{"href":"https:\/\/www.welovecycling.com\/hu\/wp-json\/wp\/v2\/posts"}],"about":[{"href":"https:\/\/www.welovecycling.com\/hu\/wp-json\/wp\/v2\/types\/post"}],"author":[{"embeddable":true,"href":"https:\/\/www.welovecycling.com\/hu\/wp-json\/wp\/v2\/users\/71"}],"replies":[{"embeddable":true,"href":"https:\/\/www.welovecycling.com\/hu\/wp-json\/wp\/v2\/comments?post=12831"}],"version-history":[{"count":1,"href":"https:\/\/www.welovecycling.com\/hu\/wp-json\/wp\/v2\/posts\/12831\/revisions"}],"predecessor-version":[{"id":12836,"href":"https:\/\/www.welovecycling.com\/hu\/wp-json\/wp\/v2\/posts\/12831\/revisions\/12836"}],"wp:featuredmedia":[{"embeddable":true,"href":"https:\/\/www.welovecycling.com\/hu\/wp-json\/wp\/v2\/media\/12835"}],"wp:attachment":[{"href":"https:\/\/www.welovecycling.com\/hu\/wp-json\/wp\/v2\/media?parent=12831"}],"wp:term":[{"taxonomy":"category","embeddable":true,"href":"https:\/\/www.welovecycling.com\/hu\/wp-json\/wp\/v2\/categories?post=12831"},{"taxonomy":"post_tag","embeddable":true,"href":"https:\/\/www.welovecycling.com\/hu\/wp-json\/wp\/v2\/tags?post=12831"},{"taxonomy":"global-categories","embeddable":true,"href":"https:\/\/www.welovecycling.com\/hu\/wp-json\/wp\/v2\/global-categories?post=12831"}],"curies":[{"name":"wp","href":"https:\/\/api.w.org\/{rel}","templated":true}]}}