{"id":12819,"date":"2021-11-02T08:00:34","date_gmt":"2021-11-02T06:00:34","guid":{"rendered":"https:\/\/www.welovecycling.com\/hu\/?p=12819"},"modified":"2021-10-29T14:08:55","modified_gmt":"2021-10-29T12:08:55","slug":"intuitiv-etkezes-bicikliseknek-neked-valo","status":"publish","type":"post","link":"https:\/\/www.welovecycling.com\/hu\/edzes-es-eletmod\/intuitiv-etkezes-bicikliseknek-neked-valo\/","title":{"rendered":"Intuit\u00edv \u00e9tkez\u00e9s bicikliseknek \u2013 Neked val\u00f3?"},"content":{"rendered":"<p><strong>Nagyon vonz\u00f3nak t\u0171nik az intuit\u00edv \u00e9trend, hiszen nem tilt semmit \u00e9s nem is korl\u00e1toz. De vajon minden ker\u00e9kp\u00e1ros sz\u00e1m\u00e1ra megfelel\u0151? N\u00e9zz\u00fck meg k\u00f6zelebbr\u0151l, hogy kinek v\u00e1lhat haszn\u00e1ra, \u00e9s kinek kell tov\u00e1bb keresg\u00e9lnie az \u00e9trendek k\u00f6z\u00f6tt, hogy el\u00e9rje a c\u00e9ljait.<\/strong><\/p>\n<p><!--more--><\/p>\n<p>Fontos t\u00e9nyez\u0151k a c\u00e9lok, amiket kit\u0171zt\u00e9l magad el\u00e9 a j\u00f3 d\u00f6nt\u00e9s meghozatal\u00e1ban. Az<a href=\"https:\/\/www.welovecycling.com\/hu\/edzes-es-eletmod\/intuitiv-etkezes-bicikliseknek-szabalyok\/\"> intuit\u00edv \u00e9tkez\u00e9s<\/a> egyszer\u0171en m\u00e1s, mint egy di\u00e9ta. Ez azonban nem jelenti azt, hogy mindenkihez illik. A j\u00f3 munk\u00e1hoz mindig a megfelel\u0151 szersz\u00e1m kell! Mire is alkalmas teh\u00e1t ez az eszk\u00f6z?<\/p>\n<figure id=\"attachment_12820\" aria-describedby=\"caption-attachment-12820\" style=\"width: 1000px\" class=\"wp-caption alignnone\"><a href=\"https:\/\/d2p6e6u75xmxt8.cloudfront.net\/12\/2021\/10\/Quiche-profimedia-0639853703.jpg\"><img loading=\"lazy\" decoding=\"async\" class=\"wp-image-12820 size-full\" src=\"https:\/\/d2p6e6u75xmxt8.cloudfront.net\/12\/2021\/10\/Quiche-profimedia-0639853703.jpg\" alt=\"Quiche\" width=\"1000\" height=\"666\" srcset=\"https:\/\/d2p6e6u75xmxt8.cloudfront.net\/12\/2021\/10\/Quiche-profimedia-0639853703.jpg 1000w, https:\/\/d2p6e6u75xmxt8.cloudfront.net\/12\/2021\/10\/Quiche-profimedia-0639853703-300x200.jpg 300w, https:\/\/d2p6e6u75xmxt8.cloudfront.net\/12\/2021\/10\/Quiche-profimedia-0639853703-768x511.jpg 768w, https:\/\/d2p6e6u75xmxt8.cloudfront.net\/12\/2021\/10\/Quiche-profimedia-0639853703-272x182.jpg 272w\" sizes=\"auto, (max-width: 1000px) 100vw, 1000px\" \/><\/a><figcaption id=\"caption-attachment-12820\" class=\"wp-caption-text\">K\u00f6nnyebb kezelni az \u00e9hs\u00e9get, ha nem hagyod kics\u00faszni az ir\u00e1ny\u00edt\u00e1st a kezeid k\u00f6z\u00fcl. \u00a9 Profimedia<\/figcaption><\/figure>\n<h2><strong>C\u00e9lok, amikhez j\u00f3 az intuit\u00edv \u00e9tkez\u00e9s<\/strong><\/h2>\n<p><strong>J\u00f3l \u00e9lni:<\/strong> Ha az a c\u00e9lod, hogy j\u00f3l \u00e9lj \u00e9s eg\u00e9szs\u00e9ges maradj, ameddig csak lehet, mik\u00f6zben \u00e9lvezed a ker\u00e9kp\u00e1roz\u00e1st, akkor nagyszer\u0171 v\u00e1laszt\u00e1s az intuit\u00edv m\u00f3dszer. Megtan\u00edt az \u00e9hs\u00e9g \u00e9s a j\u00f3llakotts\u00e1g felismer\u00e9s\u00e9re \u00e9s eszk\u00f6z\u00f6ket ad, hogy hossz\u00fa t\u00e1von is megfelel\u0151 \u00e9trendet tarts fenn.<\/p>\n<p><strong>Eg\u00e9szs\u00e9ges kapcsolat az \u00e9telekkel:<\/strong> Ha kr\u00f3nikus di\u00e9t\u00e1z\u00f3 vagy \u00e9s rossz szok\u00e1sokat vett\u00e9l fel az \u00e9tkez\u00e9sek sor\u00e1n, az intuit\u00edv \u00e9tkez\u00e9s t\u00f6k\u00e9letes a sz\u00e1modra. Seg\u00edts\u00e9g\u00e9vel visszat\u00e9rhetsz az alapokhoz \u00e9s \u00fajra\u00e9p\u00edtheted kapcsolatod az \u00e9telekkel!<\/p>\n<p><strong>Megszabadulni a b\u0171ntudatt\u00f3l:<\/strong> Ha gyakran \u00e9rzed magad b\u0171n\u00f6snek bizonyos \u00e9telek elfogyaszt\u00e1sa ut\u00e1n, vagy ak\u00e1r \u00e9tkez\u00e9si zavarban is szenvedsz, akkor az intuit\u00edv \u00e9tkez\u00e9s seg\u00edthet a helyzet jav\u00edt\u00e1s\u00e1ban.<\/p>\n<p><strong>Felismerni az \u00e9hs\u00e9get \u00e9s a telts\u00e9g\u00e9rzetet:<\/strong> Ha nem szokt\u00e1l odafigyelni arra, hogy hogyan \u00e9rzed magad ev\u00e9s el\u0151tt, k\u00f6zben \u00e9s ut\u00e1n, \u00e9s elkap a s\u00f3v\u00e1rg\u00e1s vagy hajlamos vagy rosszull\u00e9tig enni magad, az intuit\u00edv \u00e9tkez\u00e9s seg\u00edthet.<\/p>\n<figure id=\"attachment_12821\" aria-describedby=\"caption-attachment-12821\" style=\"width: 1000px\" class=\"wp-caption alignnone\"><a href=\"https:\/\/d2p6e6u75xmxt8.cloudfront.net\/12\/2021\/10\/Food-bowl-profimedia-0639799608.jpg\"><img loading=\"lazy\" decoding=\"async\" class=\"wp-image-12821 size-full\" src=\"https:\/\/d2p6e6u75xmxt8.cloudfront.net\/12\/2021\/10\/Food-bowl-profimedia-0639799608.jpg\" alt=\"Food bowl\" width=\"1000\" height=\"667\" srcset=\"https:\/\/d2p6e6u75xmxt8.cloudfront.net\/12\/2021\/10\/Food-bowl-profimedia-0639799608.jpg 1000w, https:\/\/d2p6e6u75xmxt8.cloudfront.net\/12\/2021\/10\/Food-bowl-profimedia-0639799608-300x200.jpg 300w, https:\/\/d2p6e6u75xmxt8.cloudfront.net\/12\/2021\/10\/Food-bowl-profimedia-0639799608-768x512.jpg 768w, https:\/\/d2p6e6u75xmxt8.cloudfront.net\/12\/2021\/10\/Food-bowl-profimedia-0639799608-272x182.jpg 272w\" sizes=\"auto, (max-width: 1000px) 100vw, 1000px\" \/><\/a><figcaption id=\"caption-attachment-12821\" class=\"wp-caption-text\">Ha fokozatosan n\u00f6vekszik az \u00e9hs\u00e9g, az val\u00f3di \u00e9hs\u00e9g, amit ki kell el\u00e9g\u00edtened. \u00a9 Profimedia<\/figcaption><\/figure>\n<h2><strong>C\u00e9lok, amikhez nem j\u00f3 az intuit\u00edv \u00e9tkez\u00e9s<\/strong><\/h2>\n<ul>\n<li><strong>S\u00falycs\u00f6kken\u00e9s:<\/strong> Ha egy verseny el\u0151tt vagy eg\u00e9szs\u00e9g\u00fcgyi okokb\u00f3l fogynod kell, akkor nem ez az eszk\u00f6z a legjobb sz\u00e1modra. Pontosabban, az intuit\u00edv \u00e9tkez\u00e9s elvei hasznosak lehetnek, de csak akkor, ha m\u00e1s strat\u00e9gi\u00e1val kombin\u00e1lod ezeket.<\/li>\n<li><strong>\u00dczemanyagp\u00f3tl\u00e1s:<\/strong> A hossz\u00fa edz\u00e9sekhez \u00e9s a versenyekhez nem j\u00f3 az intuit\u00edv \u00e9tkez\u00e9s. A legjobb eredm\u00e9nyek \u00e9rdek\u00e9ben alkalmazz teljes\u00edtm\u00e9ny-orient\u00e1lt megk\u00f6zel\u00edt\u00e9st!<\/li>\n<\/ul>\n<h2><strong>Hogyan v\u00e1gj bele?<\/strong><\/h2>\n<p>Ha \u00fagy \u00e9rzed, hasznos lehet sz\u00e1modra a megk\u00f6zel\u00edt\u00e9s, \u00edgy tudod elkezdeni a m\u00f3dszert:<\/p>\n<ul>\n<li>Vedd sz\u00e1mba jelenlegi \u00e9tkez\u00e9si szok\u00e1saidat \u00e9s figyelj az \u00e9telekhez val\u00f3 hozz\u00e1\u00e1ll\u00e1sodra! Gyakorold a tudatoss\u00e1got!<\/li>\n<li>Amikor eszel, k\u00e9rdezd meg magadt\u00f3l, hogy fizikai vagy <a href=\"https:\/\/www.welovecycling.com\/hu\/edzes-es-eletmod\/az-intuitiv-etkezes-bringasoknak-igen-vagy-nem\/\">\u00e9rzelmi \u00e9hs\u00e9get<\/a> el\u00e9g\u00edtesz-e ki!<\/li>\n<li>Ha fizikai \u00e9hs\u00e9get \u00e9rzel, figyeld meg <a href=\"https:\/\/www.welovecycling.com\/hu\/edzes-es-eletmod\/intuitiv-etkezes-bicikliseknek-szabalyok\/\">a telts\u00e9g fokozatait<\/a>!<\/li>\n<li>T\u00f6rekedj arra, hogy csak akkor egy\u00e9l, amikor \u00e9hes vagy, de ne \u00e9hezz!<\/li>\n<li>\u00c1llj meg, amikor j\u00f3les\u0151en eltelt\u00e9l, de m\u00e9g nem vagy dugig!<\/li>\n<\/ul>\n<p>Ha kezdetben bev\u00e1lik a m\u00f3dszer, tanulm\u00e1nyozd az elveit r\u00e9szletesebben online vagy egy szakk\u00f6nyvben! \u00c9rdemes lehet egy t\u00e1pl\u00e1lkoz\u00e1si szak\u00e9rt\u0151vel vagy egy dietetikussal is felvenni a kapcsolatot!<\/p>\n","protected":false},"excerpt":{"rendered":"<p>Nagyon vonz\u00f3nak t\u0171nik az intuit\u00edv \u00e9trend, hiszen nem tilt semmit \u00e9s nem is korl\u00e1toz. De vajon minden ker\u00e9kp\u00e1ros sz\u00e1m\u00e1ra megfelel\u0151? [&hellip;]<\/p>\n","protected":false},"author":71,"featured_media":12823,"comment_status":"open","ping_status":"open","sticky":false,"template":"","format":"standard","meta":{"footnotes":""},"categories":[6],"tags":[],"global-categories":[],"class_list":["post-12819","post","type-post","status-publish","format-standard","has-post-thumbnail","hentry","category-edzes-es-eletmod"],"yoast_head":"<!-- This site is optimized with the Yoast SEO Premium plugin v25.3 (Yoast SEO v25.9) - https:\/\/yoast.com\/wordpress\/plugins\/seo\/ -->\n<title>Intuit\u00edv \u00e9tkez\u00e9s bicikliseknek \u2013 Neked val\u00f3?<\/title>\n<meta name=\"description\" content=\"Nagyon vonz\u00f3nak t\u0171nik az intuit\u00edv \u00e9trend, hiszen nem tilt semmit \u00e9s nem is korl\u00e1toz. De vajon minden ker\u00e9kp\u00e1ros sz\u00e1m\u00e1ra megfelel\u0151? N\u00e9zz\u00fck meg k\u00f6zelebbr\u0151l, hogy kinek v\u00e1lhat haszn\u00e1ra, \u00e9s kinek kell tov\u00e1bb keresg\u00e9lnie az \u00e9trendek k\u00f6z\u00f6tt, hogy el\u00e9rje a c\u00e9ljait.\" \/>\n<meta name=\"robots\" content=\"index, follow, max-snippet:-1, max-image-preview:large, max-video-preview:-1\" \/>\n<link rel=\"canonical\" href=\"https:\/\/www.welovecycling.com\/hu\/edzes-es-eletmod\/intuitiv-etkezes-bicikliseknek-neked-valo\/\" \/>\n<meta property=\"og:locale\" content=\"hu_HU\" \/>\n<meta property=\"og:type\" content=\"article\" \/>\n<meta property=\"og:title\" content=\"Intuit\u00edv \u00e9tkez\u00e9s bicikliseknek \u2013 Neked val\u00f3?\" \/>\n<meta property=\"og:description\" content=\"Nagyon vonz\u00f3nak t\u0171nik az intuit\u00edv \u00e9trend, hiszen nem tilt semmit \u00e9s nem is korl\u00e1toz. De vajon minden ker\u00e9kp\u00e1ros sz\u00e1m\u00e1ra megfelel\u0151? N\u00e9zz\u00fck meg k\u00f6zelebbr\u0151l, hogy kinek v\u00e1lhat haszn\u00e1ra, \u00e9s kinek kell tov\u00e1bb keresg\u00e9lnie az \u00e9trendek k\u00f6z\u00f6tt, hogy el\u00e9rje a c\u00e9ljait.\" \/>\n<meta property=\"og:url\" content=\"https:\/\/www.welovecycling.com\/hu\/edzes-es-eletmod\/intuitiv-etkezes-bicikliseknek-neked-valo\/\" \/>\n<meta property=\"og:site_name\" content=\"\u0160koda We Love Cycling - Magyarorsz\u00e1g\" \/>\n<meta property=\"article:publisher\" content=\"https:\/\/www.facebook.com\/WeLoveCyclingHungary\/\" \/>\n<meta property=\"article:published_time\" content=\"2021-11-02T06:00:34+00:00\" \/>\n<meta property=\"og:image\" content=\"https:\/\/d2p6e6u75xmxt8.cloudfront.net\/12\/2021\/10\/Lentil-Soup-profimedia-0639824041-CVr.jpg\" \/>\n\t<meta property=\"og:image:width\" content=\"1366\" \/>\n\t<meta property=\"og:image:height\" content=\"600\" \/>\n\t<meta property=\"og:image:type\" content=\"image\/jpeg\" \/>\n<meta name=\"author\" content=\"hegyizs\" \/>\n<meta name=\"twitter:card\" content=\"summary_large_image\" \/>\n<meta name=\"twitter:label1\" content=\"Written by\" \/>\n\t<meta name=\"twitter:data1\" content=\"Jiri Kaloc\" \/>\n\t<meta name=\"twitter:label2\" content=\"Est. reading time\" \/>\n\t<meta name=\"twitter:data2\" content=\"5\" \/>\n<script type=\"application\/ld+json\" class=\"yoast-schema-graph\">{\"@context\":\"https:\/\/schema.org\",\"@graph\":[{\"@type\":\"WebPage\",\"@id\":\"https:\/\/www.welovecycling.com\/hu\/edzes-es-eletmod\/intuitiv-etkezes-bicikliseknek-neked-valo\/\",\"url\":\"https:\/\/www.welovecycling.com\/hu\/edzes-es-eletmod\/intuitiv-etkezes-bicikliseknek-neked-valo\/\",\"name\":\"Intuit\u00edv \u00e9tkez\u00e9s bicikliseknek \u2013 Neked val\u00f3?\",\"isPartOf\":{\"@id\":\"https:\/\/www.welovecycling.com\/hu\/#website\"},\"primaryImageOfPage\":{\"@id\":\"https:\/\/www.welovecycling.com\/hu\/edzes-es-eletmod\/intuitiv-etkezes-bicikliseknek-neked-valo\/#primaryimage\"},\"image\":{\"@id\":\"https:\/\/www.welovecycling.com\/hu\/edzes-es-eletmod\/intuitiv-etkezes-bicikliseknek-neked-valo\/#primaryimage\"},\"thumbnailUrl\":\"https:\/\/d2p6e6u75xmxt8.cloudfront.net\/12\/2021\/10\/Lentil-Soup-profimedia-0639824041-CVr.jpg\",\"datePublished\":\"2021-11-02T06:00:34+00:00\",\"author\":{\"@id\":\"https:\/\/www.welovecycling.com\/hu\/#\/schema\/person\/414a2aebf1801691a5320edb6468e194\"},\"description\":\"Nagyon vonz\u00f3nak t\u0171nik az intuit\u00edv \u00e9trend, hiszen nem tilt semmit \u00e9s nem is korl\u00e1toz. De vajon minden ker\u00e9kp\u00e1ros sz\u00e1m\u00e1ra megfelel\u0151? N\u00e9zz\u00fck meg k\u00f6zelebbr\u0151l, hogy kinek v\u00e1lhat haszn\u00e1ra, \u00e9s kinek kell tov\u00e1bb keresg\u00e9lnie az \u00e9trendek k\u00f6z\u00f6tt, hogy el\u00e9rje a c\u00e9ljait.\",\"breadcrumb\":{\"@id\":\"https:\/\/www.welovecycling.com\/hu\/edzes-es-eletmod\/intuitiv-etkezes-bicikliseknek-neked-valo\/#breadcrumb\"},\"inLanguage\":\"hu\",\"potentialAction\":[{\"@type\":\"ReadAction\",\"target\":[\"https:\/\/www.welovecycling.com\/hu\/edzes-es-eletmod\/intuitiv-etkezes-bicikliseknek-neked-valo\/\"]}]},{\"@type\":\"ImageObject\",\"inLanguage\":\"hu\",\"@id\":\"https:\/\/www.welovecycling.com\/hu\/edzes-es-eletmod\/intuitiv-etkezes-bicikliseknek-neked-valo\/#primaryimage\",\"url\":\"https:\/\/d2p6e6u75xmxt8.cloudfront.net\/12\/2021\/10\/Lentil-Soup-profimedia-0639824041-CVr.jpg\",\"contentUrl\":\"https:\/\/d2p6e6u75xmxt8.cloudfront.net\/12\/2021\/10\/Lentil-Soup-profimedia-0639824041-CVr.jpg\",\"width\":1366,\"height\":600,\"caption\":\"Lentil soup\"},{\"@type\":\"BreadcrumbList\",\"@id\":\"https:\/\/www.welovecycling.com\/hu\/edzes-es-eletmod\/intuitiv-etkezes-bicikliseknek-neked-valo\/#breadcrumb\",\"itemListElement\":[{\"@type\":\"ListItem\",\"position\":1,\"name\":\"Home\",\"item\":\"https:\/\/www.welovecycling.com\/hu\/\"},{\"@type\":\"ListItem\",\"position\":2,\"name\":\"Intuit\u00edv \u00e9tkez\u00e9s bicikliseknek \u2013 Neked val\u00f3?\"}]},{\"@type\":\"WebSite\",\"@id\":\"https:\/\/www.welovecycling.com\/hu\/#website\",\"url\":\"https:\/\/www.welovecycling.com\/hu\/\",\"name\":\"\u0160koda We Love Cycling - Magyarorsz\u00e1g\",\"description\":\"\u0160koda WeLoveCycling\",\"potentialAction\":[{\"@type\":\"SearchAction\",\"target\":{\"@type\":\"EntryPoint\",\"urlTemplate\":\"https:\/\/www.welovecycling.com\/hu\/?s={search_term_string}\"},\"query-input\":{\"@type\":\"PropertyValueSpecification\",\"valueRequired\":true,\"valueName\":\"search_term_string\"}}],\"inLanguage\":\"hu\"},{\"@type\":\"Person\",\"@id\":\"https:\/\/www.welovecycling.com\/hu\/#\/schema\/person\/414a2aebf1801691a5320edb6468e194\",\"name\":\"hegyizs\",\"image\":{\"@type\":\"ImageObject\",\"inLanguage\":\"hu\",\"@id\":\"https:\/\/www.welovecycling.com\/hu\/#\/schema\/person\/image\/\",\"url\":\"https:\/\/secure.gravatar.com\/avatar\/02cf8a7906b8cf90cecb4679defac7cfd33a1c2e3b88e4903d947f3bb58eedd3?s=96&d=mm&r=g\",\"contentUrl\":\"https:\/\/secure.gravatar.com\/avatar\/02cf8a7906b8cf90cecb4679defac7cfd33a1c2e3b88e4903d947f3bb58eedd3?s=96&d=mm&r=g\",\"caption\":\"hegyizs\"},\"url\":\"https:\/\/www.welovecycling.com\/hu\/author\/hegyizs\/\"}]}<\/script>\n<!-- \/ Yoast SEO Premium plugin. -->","yoast_head_json":{"title":"Intuit\u00edv \u00e9tkez\u00e9s bicikliseknek \u2013 Neked val\u00f3?","description":"Nagyon vonz\u00f3nak t\u0171nik az intuit\u00edv \u00e9trend, hiszen nem tilt semmit \u00e9s nem is korl\u00e1toz. De vajon minden ker\u00e9kp\u00e1ros sz\u00e1m\u00e1ra megfelel\u0151? N\u00e9zz\u00fck meg k\u00f6zelebbr\u0151l, hogy kinek v\u00e1lhat haszn\u00e1ra, \u00e9s kinek kell tov\u00e1bb keresg\u00e9lnie az \u00e9trendek k\u00f6z\u00f6tt, hogy el\u00e9rje a c\u00e9ljait.","robots":{"index":"index","follow":"follow","max-snippet":"max-snippet:-1","max-image-preview":"max-image-preview:large","max-video-preview":"max-video-preview:-1"},"canonical":"https:\/\/www.welovecycling.com\/hu\/edzes-es-eletmod\/intuitiv-etkezes-bicikliseknek-neked-valo\/","og_locale":"hu_HU","og_type":"article","og_title":"Intuit\u00edv \u00e9tkez\u00e9s bicikliseknek \u2013 Neked val\u00f3?","og_description":"Nagyon vonz\u00f3nak t\u0171nik az intuit\u00edv \u00e9trend, hiszen nem tilt semmit \u00e9s nem is korl\u00e1toz. De vajon minden ker\u00e9kp\u00e1ros sz\u00e1m\u00e1ra megfelel\u0151? N\u00e9zz\u00fck meg k\u00f6zelebbr\u0151l, hogy kinek v\u00e1lhat haszn\u00e1ra, \u00e9s kinek kell tov\u00e1bb keresg\u00e9lnie az \u00e9trendek k\u00f6z\u00f6tt, hogy el\u00e9rje a c\u00e9ljait.","og_url":"https:\/\/www.welovecycling.com\/hu\/edzes-es-eletmod\/intuitiv-etkezes-bicikliseknek-neked-valo\/","og_site_name":"\u0160koda We Love Cycling - Magyarorsz\u00e1g","article_publisher":"https:\/\/www.facebook.com\/WeLoveCyclingHungary\/","article_published_time":"2021-11-02T06:00:34+00:00","og_image":[{"width":1366,"height":600,"url":"https:\/\/d2p6e6u75xmxt8.cloudfront.net\/12\/2021\/10\/Lentil-Soup-profimedia-0639824041-CVr.jpg","type":"image\/jpeg"}],"author":"hegyizs","twitter_card":"summary_large_image","twitter_misc":{"Written by":"Jiri Kaloc","Est. reading time":"5"},"schema":{"@context":"https:\/\/schema.org","@graph":[{"@type":"WebPage","@id":"https:\/\/www.welovecycling.com\/hu\/edzes-es-eletmod\/intuitiv-etkezes-bicikliseknek-neked-valo\/","url":"https:\/\/www.welovecycling.com\/hu\/edzes-es-eletmod\/intuitiv-etkezes-bicikliseknek-neked-valo\/","name":"Intuit\u00edv \u00e9tkez\u00e9s bicikliseknek \u2013 Neked val\u00f3?","isPartOf":{"@id":"https:\/\/www.welovecycling.com\/hu\/#website"},"primaryImageOfPage":{"@id":"https:\/\/www.welovecycling.com\/hu\/edzes-es-eletmod\/intuitiv-etkezes-bicikliseknek-neked-valo\/#primaryimage"},"image":{"@id":"https:\/\/www.welovecycling.com\/hu\/edzes-es-eletmod\/intuitiv-etkezes-bicikliseknek-neked-valo\/#primaryimage"},"thumbnailUrl":"https:\/\/d2p6e6u75xmxt8.cloudfront.net\/12\/2021\/10\/Lentil-Soup-profimedia-0639824041-CVr.jpg","datePublished":"2021-11-02T06:00:34+00:00","author":{"@id":"https:\/\/www.welovecycling.com\/hu\/#\/schema\/person\/414a2aebf1801691a5320edb6468e194"},"description":"Nagyon vonz\u00f3nak t\u0171nik az intuit\u00edv \u00e9trend, hiszen nem tilt semmit \u00e9s nem is korl\u00e1toz. De vajon minden ker\u00e9kp\u00e1ros sz\u00e1m\u00e1ra megfelel\u0151? N\u00e9zz\u00fck meg k\u00f6zelebbr\u0151l, hogy kinek v\u00e1lhat haszn\u00e1ra, \u00e9s kinek kell tov\u00e1bb keresg\u00e9lnie az \u00e9trendek k\u00f6z\u00f6tt, hogy el\u00e9rje a c\u00e9ljait.","breadcrumb":{"@id":"https:\/\/www.welovecycling.com\/hu\/edzes-es-eletmod\/intuitiv-etkezes-bicikliseknek-neked-valo\/#breadcrumb"},"inLanguage":"hu","potentialAction":[{"@type":"ReadAction","target":["https:\/\/www.welovecycling.com\/hu\/edzes-es-eletmod\/intuitiv-etkezes-bicikliseknek-neked-valo\/"]}]},{"@type":"ImageObject","inLanguage":"hu","@id":"https:\/\/www.welovecycling.com\/hu\/edzes-es-eletmod\/intuitiv-etkezes-bicikliseknek-neked-valo\/#primaryimage","url":"https:\/\/d2p6e6u75xmxt8.cloudfront.net\/12\/2021\/10\/Lentil-Soup-profimedia-0639824041-CVr.jpg","contentUrl":"https:\/\/d2p6e6u75xmxt8.cloudfront.net\/12\/2021\/10\/Lentil-Soup-profimedia-0639824041-CVr.jpg","width":1366,"height":600,"caption":"Lentil soup"},{"@type":"BreadcrumbList","@id":"https:\/\/www.welovecycling.com\/hu\/edzes-es-eletmod\/intuitiv-etkezes-bicikliseknek-neked-valo\/#breadcrumb","itemListElement":[{"@type":"ListItem","position":1,"name":"Home","item":"https:\/\/www.welovecycling.com\/hu\/"},{"@type":"ListItem","position":2,"name":"Intuit\u00edv \u00e9tkez\u00e9s bicikliseknek \u2013 Neked val\u00f3?"}]},{"@type":"WebSite","@id":"https:\/\/www.welovecycling.com\/hu\/#website","url":"https:\/\/www.welovecycling.com\/hu\/","name":"\u0160koda We Love Cycling - Magyarorsz\u00e1g","description":"\u0160koda WeLoveCycling","potentialAction":[{"@type":"SearchAction","target":{"@type":"EntryPoint","urlTemplate":"https:\/\/www.welovecycling.com\/hu\/?s={search_term_string}"},"query-input":{"@type":"PropertyValueSpecification","valueRequired":true,"valueName":"search_term_string"}}],"inLanguage":"hu"},{"@type":"Person","@id":"https:\/\/www.welovecycling.com\/hu\/#\/schema\/person\/414a2aebf1801691a5320edb6468e194","name":"hegyizs","image":{"@type":"ImageObject","inLanguage":"hu","@id":"https:\/\/www.welovecycling.com\/hu\/#\/schema\/person\/image\/","url":"https:\/\/secure.gravatar.com\/avatar\/02cf8a7906b8cf90cecb4679defac7cfd33a1c2e3b88e4903d947f3bb58eedd3?s=96&d=mm&r=g","contentUrl":"https:\/\/secure.gravatar.com\/avatar\/02cf8a7906b8cf90cecb4679defac7cfd33a1c2e3b88e4903d947f3bb58eedd3?s=96&d=mm&r=g","caption":"hegyizs"},"url":"https:\/\/www.welovecycling.com\/hu\/author\/hegyizs\/"}]}},"_links":{"self":[{"href":"https:\/\/www.welovecycling.com\/hu\/wp-json\/wp\/v2\/posts\/12819","targetHints":{"allow":["GET"]}}],"collection":[{"href":"https:\/\/www.welovecycling.com\/hu\/wp-json\/wp\/v2\/posts"}],"about":[{"href":"https:\/\/www.welovecycling.com\/hu\/wp-json\/wp\/v2\/types\/post"}],"author":[{"embeddable":true,"href":"https:\/\/www.welovecycling.com\/hu\/wp-json\/wp\/v2\/users\/71"}],"replies":[{"embeddable":true,"href":"https:\/\/www.welovecycling.com\/hu\/wp-json\/wp\/v2\/comments?post=12819"}],"version-history":[{"count":2,"href":"https:\/\/www.welovecycling.com\/hu\/wp-json\/wp\/v2\/posts\/12819\/revisions"}],"predecessor-version":[{"id":12829,"href":"https:\/\/www.welovecycling.com\/hu\/wp-json\/wp\/v2\/posts\/12819\/revisions\/12829"}],"wp:featuredmedia":[{"embeddable":true,"href":"https:\/\/www.welovecycling.com\/hu\/wp-json\/wp\/v2\/media\/12823"}],"wp:attachment":[{"href":"https:\/\/www.welovecycling.com\/hu\/wp-json\/wp\/v2\/media?parent=12819"}],"wp:term":[{"taxonomy":"category","embeddable":true,"href":"https:\/\/www.welovecycling.com\/hu\/wp-json\/wp\/v2\/categories?post=12819"},{"taxonomy":"post_tag","embeddable":true,"href":"https:\/\/www.welovecycling.com\/hu\/wp-json\/wp\/v2\/tags?post=12819"},{"taxonomy":"global-categories","embeddable":true,"href":"https:\/\/www.welovecycling.com\/hu\/wp-json\/wp\/v2\/global-categories?post=12819"}],"curies":[{"name":"wp","href":"https:\/\/api.w.org\/{rel}","templated":true}]}}