{"id":12801,"date":"2021-11-03T08:00:44","date_gmt":"2021-11-03T06:00:44","guid":{"rendered":"https:\/\/www.welovecycling.com\/hu\/?p=12801"},"modified":"2021-10-29T14:09:28","modified_gmt":"2021-10-29T12:09:28","slug":"igy-tartsd-melegen-a-gyerekeket-egy-bringaturan","status":"publish","type":"post","link":"https:\/\/www.welovecycling.com\/hu\/csalad\/igy-tartsd-melegen-a-gyerekeket-egy-bringaturan\/","title":{"rendered":"\u00cdgy tartsd melegen a gyerekeket egy bringat\u00far\u00e1n!"},"content":{"rendered":"<p><strong>Ak\u00e1r az iskol\u00e1ba j\u00e1rtok biciklivel, ak\u00e1r egy h\u00e9tv\u00e9gi kir\u00e1ndul\u00e1sra indultok, a gyerekek melegen tart\u00e1sa teker\u00e9s k\u00f6zben nagyon fontos r\u00e9sze a kalandnak. A hideg k\u00f6nnyen elveheti a kicsik kedv\u00e9t a bicikliz\u00e9st\u0151l!<\/strong><\/p>\n<p><!--more--><\/p>\n<p>B\u00e1r t\u00f6bbnyire ugyanazok az elvek \u00e9rv\u00e9nyesek, ha a gyerekek melegen tart\u00e1s\u00e1r\u00f3l van sz\u00f3, ami a feln\u0151ttekn\u00e9l is, fontos azonban, hogy \u00e1tgondoljuk a csal\u00e1d apraj\u00e1nak sz\u00fcks\u00e9gleteit, miel\u0151tt \u00fagy d\u00f6nt\u00fcnk, nem nekik val\u00f3 a hideg. Ha elker\u00fcl\u00f6d a rossz id\u0151t, az sokszor azt jelenti, hogy egy\u00e1ltal\u00e1n nem mentek ki a szabadba t\u00e9len, ez pedig nem j\u00f3! Hoztunk n\u00e9h\u00e1ny tippet, hogy egyik\u0151t\u00f6k se f\u00e1zzon bringat\u00fara k\u00f6zben, \u00e9s a h\u0171v\u00f6sebb h\u00f3napokban is \u00e9lvezhess\u00e9tek a mozg\u00e1s j\u00f3t\u00e9kony hat\u00e1sait!<\/p>\n<h2><strong>Els\u0151 a biztons\u00e1g<\/strong><\/h2>\n<p>Miel\u0151tt elinduln\u00e1tok, ellen\u0151rizd, hogy a gyerekek ker\u00e9kp\u00e1rjai (illetve a feln\u0151ttek\u00e9 is) j\u00f3 \u00e1llapotban vannak-e, m\u0171k\u00f6dnek-e a l\u00e1mp\u00e1k, j\u00f3l l\u00e1that\u00f3ak lesztek-e borong\u00f3s id\u0151ben is. A s\u00e1rv\u00e9d\u0151k \u00f6nmagukban nem j\u00e1rulnak hozz\u00e1 a biztons\u00e1ghoz, de megakad\u00e1lyozz\u00e1k, hogy a felcsap\u00f3d\u00f3 nedvess\u00e9g el\u00e1ztassa a kicsik nadr\u00e1gj\u00e1t \u00e9s h\u00e1t\u00e1t. A f\u00e9nyvisszaver\u0151 \u00e9s sz\u00ednes ruh\u00e1k pedig elengedhetetlenek!<\/p>\n<figure id=\"attachment_12802\" aria-describedby=\"caption-attachment-12802\" style=\"width: 1000px\" class=\"wp-caption alignnone\"><a href=\"https:\/\/d2p6e6u75xmxt8.cloudfront.net\/12\/2021\/10\/Toddler-on-a-bike-profimedia-0162293769.jpg\"><img loading=\"lazy\" decoding=\"async\" class=\"wp-image-12802 size-full\" src=\"https:\/\/d2p6e6u75xmxt8.cloudfront.net\/12\/2021\/10\/Toddler-on-a-bike-profimedia-0162293769.jpg\" alt=\"Kid cycling\" width=\"1000\" height=\"666\" srcset=\"https:\/\/d2p6e6u75xmxt8.cloudfront.net\/12\/2021\/10\/Toddler-on-a-bike-profimedia-0162293769.jpg 1000w, https:\/\/d2p6e6u75xmxt8.cloudfront.net\/12\/2021\/10\/Toddler-on-a-bike-profimedia-0162293769-300x200.jpg 300w, https:\/\/d2p6e6u75xmxt8.cloudfront.net\/12\/2021\/10\/Toddler-on-a-bike-profimedia-0162293769-768x511.jpg 768w, https:\/\/d2p6e6u75xmxt8.cloudfront.net\/12\/2021\/10\/Toddler-on-a-bike-profimedia-0162293769-272x182.jpg 272w\" sizes=\"auto, (max-width: 1000px) 100vw, 1000px\" \/><\/a><figcaption id=\"caption-attachment-12802\" class=\"wp-caption-text\">Nem lehet t\u00falz\u00e1sba esni, ha l\u00e1that\u00f3s\u00e1gr\u00f3l van sz\u00f3. \u00a9 Profimedia<\/figcaption><\/figure>\n<h2><strong>Csecsem\u0151k \u00e9s tipeg\u0151k<\/strong><\/h2>\n<p>Ha gyermeked m\u00e9g t\u00fal pici ahhoz, hogy saj\u00e1t maga tekerjen, \u00e9s a te bicikliden \u00fcl, hamarabb kih\u0171l, mint azok, akik ped\u00e1loznak. Ha gyakran tekersz es\u0151ben \u00e9s sz\u00e9lben, \u00e9rdemes lehet beruh\u00e1zni egy plusz sz\u00e9lv\u00e9d\u0151 \u00e9s v\u00edz\u00e1ll\u00f3 r\u00e9tegbe, amit a p\u00f3tkocsira vagy a gyerek\u00fcl\u00e9sre tudsz felszerelni. Nagyon fontos az elemek elleni v\u00e9dekez\u00e9s, hiszen a hideg sz\u00e9l nagyon gyorsan le tudja h\u0171teni a gyerekeket.<\/p>\n<p>Ha a takar\u00f3 nem m\u0171k\u00f6dik, a ruh\u00e1zatnak kell megv\u00e9denie ett\u0151l. J\u00f3 megold\u00e1s lehet egy v\u00edz\u00e1ll\u00f3 kezesl\u00e1bas, de figyelj a megfelel\u0151 m\u00e9retre! J\u00f3 n\u00e9h\u00e1ny r\u00e9tegnek el kell alatta f\u00e9rnie. Alternat\u00edv megold\u00e1s lehet egy poncs\u00f3, de csak akkor, ha nem csapkod ide-oda a sz\u00e9lben.<\/p>\n<h4><strong>Fej \u00e9s kezek<\/strong><\/h4>\n<p>Nagyszer\u0171 v\u00e1laszt\u00e1s a kis kezek melegen tart\u00e1s\u00e1ra az egyujjas keszty\u0171, hiszen az \u00f6tujjas v\u00e1ltozat k\u00e9nyelmetlen \u00e9s kev\u00e9sb\u00e9 meleg. A legt\u00f6bb gyerekkeszty\u0171h\u00f6z j\u00e1r egy biztos\u00edt\u00f3 zsin\u00f3r, amivel a ruh\u00e1jukhoz tudod r\u00f6gz\u00edteni, vagy ugyanezt a c\u00e9lt szolg\u00e1lhatja egy t\u00e9p\u0151z\u00e1r is a csukl\u00f3n\u00e1l.<\/p>\n<figure id=\"attachment_12803\" aria-describedby=\"caption-attachment-12803\" style=\"width: 1000px\" class=\"wp-caption alignnone\"><a href=\"https:\/\/d2p6e6u75xmxt8.cloudfront.net\/12\/2021\/10\/Kid-cycling-profimedia-0613447166.jpg\"><img loading=\"lazy\" decoding=\"async\" class=\"wp-image-12803 size-full\" src=\"https:\/\/d2p6e6u75xmxt8.cloudfront.net\/12\/2021\/10\/Kid-cycling-profimedia-0613447166.jpg\" alt=\"Child cycling\" width=\"1000\" height=\"667\" srcset=\"https:\/\/d2p6e6u75xmxt8.cloudfront.net\/12\/2021\/10\/Kid-cycling-profimedia-0613447166.jpg 1000w, https:\/\/d2p6e6u75xmxt8.cloudfront.net\/12\/2021\/10\/Kid-cycling-profimedia-0613447166-300x200.jpg 300w, https:\/\/d2p6e6u75xmxt8.cloudfront.net\/12\/2021\/10\/Kid-cycling-profimedia-0613447166-768x512.jpg 768w, https:\/\/d2p6e6u75xmxt8.cloudfront.net\/12\/2021\/10\/Kid-cycling-profimedia-0613447166-272x182.jpg 272w\" sizes=\"auto, (max-width: 1000px) 100vw, 1000px\" \/><\/a><figcaption id=\"caption-attachment-12803\" class=\"wp-caption-text\">Tartsd \u0151ket melegen! \u00a9 Profimedia<\/figcaption><\/figure>\n<p>Egy j\u00f3 gyapj\u00fasapka k\u00e9zenfekv\u0151 v\u00e1laszt\u00e1s, ha a gyerek \u00fcl\u00e9sben \u00fcl, \u00e9s nem visel sisakot, ha viszont saj\u00e1t bring\u00e1n teker, m\u00e1s lehet\u0151s\u00e9get kell keresni. L\u00e9teznek sisak al\u00e1 val\u00f3 sapk\u00e1k, olyanok is, melyek v\u00e9dik a f\u00fclet. A sz\u00e9l\u00e1ll\u00f3 k\u00fcls\u0151 r\u00e9teg jobban tartja a h\u0151t, ha pedig m\u00e9g v\u00edz\u00e1ll\u00f3 is, akkor teljes a v\u00e9delem.<\/p>\n<h4><strong>L\u00e1bak<\/strong><\/h4>\n<p>\u00dcgyelj r\u00e1, hogy a lehet\u0151 legkevesebb huzat jusson be az apr\u00f3 l\u00e1bakhoz: ker\u00fcld el a szell\u0151z\u0151 cip\u0151ket! A sz\u00e9l\u00e1ll\u00f3 kezesl\u00e1basok is seg\u00edthetnek ebben, de ha nem akarsz \u00faj cip\u0151ket venni, egy kis kreativit\u00e1s is el\u00e9g.<\/p>\n<p>Egy j\u00f3 vastag zokni \u00e9s egy meleg csizma is m\u0171k\u00f6dik, ha ell\u00e1tod ut\u00f3bbit egy plusz v\u00edz\u00e1ll\u00f3 r\u00e9teggel, ami nem engedi bef\u00fajni a szelet \u00e9s beesni az es\u0151t a csizma sz\u00e1r\u00e1n\u00e1l sem!<\/p>\n<h2><strong>Nagyobb gyerekek<\/strong><\/h2>\n<p>Az id\u0151sebbek val\u00f3sz\u00edn\u0171leg m\u00e1r a saj\u00e1t bring\u00e1jukon \u00fclnek, \u00edgy jobban ki vannak t\u00e9ve az elemeknek. K\u00f6vesd azokat az alapelveket, melyek seg\u00edts\u00e9g\u00e9vel te is j\u00f3l \u00e9rezheted magad! Nedves id\u0151ben pamut helyett hordj gyapj\u00fat vagy valamilyen szintetikus anyagot alapr\u00e9tegk\u00e9nt, ami elvezeti az izzads\u00e1got \u00e9s nem tartja a nedvess\u00e9get!<\/p>\n<p>A megfelel\u0151 r\u00e9tegez\u00e9s biztos\u00edtja az optim\u00e1lis testh\u0151m\u00e9rs\u00e9kletet, ezt pedig egy v\u00edz\u00e1ll\u00f3 r\u00e9teg koron\u00e1zza meg igaz\u00e1n: a dzseki \u00e9s a nadr\u00e1g is legyen ilyen!<\/p>\n<figure id=\"attachment_12804\" aria-describedby=\"caption-attachment-12804\" style=\"width: 1250px\" class=\"wp-caption alignnone\"><a href=\"https:\/\/d2p6e6u75xmxt8.cloudfront.net\/12\/2021\/10\/Kid-cycling-profimedia-0514003005.jpg\"><img loading=\"lazy\" decoding=\"async\" class=\"wp-image-12804 size-full\" src=\"https:\/\/d2p6e6u75xmxt8.cloudfront.net\/12\/2021\/10\/Kid-cycling-profimedia-0514003005.jpg\" alt=\"A child on a bike\" width=\"1250\" height=\"703\" srcset=\"https:\/\/d2p6e6u75xmxt8.cloudfront.net\/12\/2021\/10\/Kid-cycling-profimedia-0514003005.jpg 1250w, https:\/\/d2p6e6u75xmxt8.cloudfront.net\/12\/2021\/10\/Kid-cycling-profimedia-0514003005-300x169.jpg 300w, https:\/\/d2p6e6u75xmxt8.cloudfront.net\/12\/2021\/10\/Kid-cycling-profimedia-0514003005-1024x576.jpg 1024w, https:\/\/d2p6e6u75xmxt8.cloudfront.net\/12\/2021\/10\/Kid-cycling-profimedia-0514003005-768x432.jpg 768w\" sizes=\"auto, (max-width: 1250px) 100vw, 1250px\" \/><\/a><figcaption id=\"caption-attachment-12804\" class=\"wp-caption-text\">Az id\u0151sebb gyerekek val\u00f3sz\u00edn\u0171leg m\u00e1r a saj\u00e1t bring\u00e1jukon \u00fclnek, \u00edgy jobban ki vannak t\u00e9ve az elemeknek. \u00a9 Profimedia<\/figcaption><\/figure>\n<p>Ugyanakkor arra is figyelni kell, hogy ha t\u00falz\u00e1sba vissz\u00fck a meleg r\u00e9tegeket, gyermek\u00fcnk megizzadhat. A nedvess\u00e9g pedig hamar leh\u0171ti. A meleg keszty\u0171, az extra b\u00e9l\u00e9s \u00e9s ak\u00e1r egy plusz p\u00e1r is j\u00f3l j\u00f6het, ha hideg \u00e9s nedves az id\u0151. Egy cs\u0151s\u00e1l szint\u00e9n j\u00f3l v\u00e9d a sz\u00e9l ellen, a vastag sapka pedig elengedhetetlen. Ha \u00fagy d\u00f6nt\u00f6t\u00f6k, hogy \u00e9rdemes beruh\u00e1zni egy p\u00e1r s\u00e1rcip\u0151be, tegy\u00e9tek meg, de a k\u00e9t zokni k\u00f6z\u00e9 h\u00fazott nejlon is ugyanazt a hat\u00e1st \u00e9ri el. Figyelj r\u00e1, hogy a cip\u0151k ne szor\u00edtsanak \u00e9s biztos\u00edts\u00e1k a megfelel\u0151 v\u00e9r\u00e1raml\u00e1st a l\u00e1bakban!<\/p>\n<p>A ny\u00e1ri egysz\u00e1l-p\u00f3l\u00f3s id\u0151szak ut\u00e1n neh\u00e9z lehet felk\u00e9sz\u00fclni egy t\u00e9li t\u00far\u00e1ra, de id\u0151vel megszokja az ember a sz\u00fcks\u00e9ges dolgokat. Nagy \u00e9lvezet a nyeregb\u0151l megfigyelni az \u00e9vszakok v\u00e1ltoz\u00e1sait, \u00e9s ameddig a gyerekek nem f\u00e1znak, addig \u0151k is \u00e9lvezni fogj\u00e1k! Az \u00fat v\u00e9g\u00e9n elsz\u00fcrcs\u00f6lt forr\u00f3 csoki pedig m\u00e9g jobban fog \u00edzleni egy kiad\u00f3s teker\u00e9s ut\u00e1n.<\/p>\n","protected":false},"excerpt":{"rendered":"<p>Ak\u00e1r az iskol\u00e1ba j\u00e1rtok biciklivel, ak\u00e1r egy h\u00e9tv\u00e9gi kir\u00e1ndul\u00e1sra indultok, a gyerekek melegen tart\u00e1sa teker\u00e9s k\u00f6zben nagyon fontos r\u00e9sze a [&hellip;]<\/p>\n","protected":false},"author":71,"featured_media":12806,"comment_status":"open","ping_status":"open","sticky":false,"template":"","format":"standard","meta":{"footnotes":""},"categories":[11],"tags":[],"global-categories":[],"class_list":["post-12801","post","type-post","status-publish","format-standard","has-post-thumbnail","hentry","category-csalad"],"yoast_head":"<!-- This site is optimized with the Yoast SEO Premium plugin v25.3 (Yoast SEO v25.9) - https:\/\/yoast.com\/wordpress\/plugins\/seo\/ -->\n<title>\u00cdgy tartsd melegen a gyerekeket egy bringat\u00far\u00e1n!<\/title>\n<meta name=\"description\" content=\"Ak\u00e1r az iskol\u00e1ba j\u00e1rtok biciklivel, ak\u00e1r egy h\u00e9tv\u00e9gi kir\u00e1ndul\u00e1sra indultok, a gyerekek melegen tart\u00e1sa teker\u00e9s k\u00f6zben nagyon fontos r\u00e9sze a kalandnak. A hideg k\u00f6nnyen elveheti a kicsik kedv\u00e9t a bicikliz\u00e9st\u0151l!\" \/>\n<meta name=\"robots\" content=\"index, follow, max-snippet:-1, max-image-preview:large, max-video-preview:-1\" \/>\n<link rel=\"canonical\" href=\"https:\/\/www.welovecycling.com\/hu\/csalad\/igy-tartsd-melegen-a-gyerekeket-egy-bringaturan\/\" \/>\n<meta property=\"og:locale\" content=\"hu_HU\" \/>\n<meta property=\"og:type\" content=\"article\" \/>\n<meta property=\"og:title\" content=\"\u00cdgy tartsd melegen a gyerekeket egy bringat\u00far\u00e1n!\" \/>\n<meta property=\"og:description\" content=\"Ak\u00e1r az iskol\u00e1ba j\u00e1rtok biciklivel, ak\u00e1r egy h\u00e9tv\u00e9gi kir\u00e1ndul\u00e1sra indultok, a gyerekek melegen tart\u00e1sa teker\u00e9s k\u00f6zben nagyon fontos r\u00e9sze a kalandnak. A hideg k\u00f6nnyen elveheti a kicsik kedv\u00e9t a bicikliz\u00e9st\u0151l!\" \/>\n<meta property=\"og:url\" content=\"https:\/\/www.welovecycling.com\/hu\/csalad\/igy-tartsd-melegen-a-gyerekeket-egy-bringaturan\/\" \/>\n<meta property=\"og:site_name\" content=\"\u0160koda We Love Cycling - Magyarorsz\u00e1g\" \/>\n<meta property=\"article:publisher\" content=\"https:\/\/www.facebook.com\/WeLoveCyclingHungary\/\" \/>\n<meta property=\"article:published_time\" content=\"2021-11-03T06:00:44+00:00\" \/>\n<meta property=\"og:image\" content=\"https:\/\/d2p6e6u75xmxt8.cloudfront.net\/12\/2021\/10\/Child-autumn-cycling-profimedia-0639137543-CVR.jpg\" \/>\n\t<meta property=\"og:image:width\" content=\"1366\" \/>\n\t<meta property=\"og:image:height\" content=\"600\" \/>\n\t<meta property=\"og:image:type\" content=\"image\/jpeg\" \/>\n<meta name=\"author\" content=\"hegyizs\" \/>\n<meta name=\"twitter:card\" content=\"summary_large_image\" \/>\n<meta name=\"twitter:label1\" content=\"Written by\" \/>\n\t<meta name=\"twitter:data1\" content=\"Charlotte Murray\" \/>\n\t<meta name=\"twitter:label2\" content=\"Est. reading time\" \/>\n\t<meta name=\"twitter:data2\" content=\"6\" \/>\n<script type=\"application\/ld+json\" class=\"yoast-schema-graph\">{\"@context\":\"https:\/\/schema.org\",\"@graph\":[{\"@type\":\"WebPage\",\"@id\":\"https:\/\/www.welovecycling.com\/hu\/csalad\/igy-tartsd-melegen-a-gyerekeket-egy-bringaturan\/\",\"url\":\"https:\/\/www.welovecycling.com\/hu\/csalad\/igy-tartsd-melegen-a-gyerekeket-egy-bringaturan\/\",\"name\":\"\u00cdgy tartsd melegen a gyerekeket egy bringat\u00far\u00e1n!\",\"isPartOf\":{\"@id\":\"https:\/\/www.welovecycling.com\/hu\/#website\"},\"primaryImageOfPage\":{\"@id\":\"https:\/\/www.welovecycling.com\/hu\/csalad\/igy-tartsd-melegen-a-gyerekeket-egy-bringaturan\/#primaryimage\"},\"image\":{\"@id\":\"https:\/\/www.welovecycling.com\/hu\/csalad\/igy-tartsd-melegen-a-gyerekeket-egy-bringaturan\/#primaryimage\"},\"thumbnailUrl\":\"https:\/\/d2p6e6u75xmxt8.cloudfront.net\/12\/2021\/10\/Child-autumn-cycling-profimedia-0639137543-CVR.jpg\",\"datePublished\":\"2021-11-03T06:00:44+00:00\",\"author\":{\"@id\":\"https:\/\/www.welovecycling.com\/hu\/#\/schema\/person\/414a2aebf1801691a5320edb6468e194\"},\"description\":\"Ak\u00e1r az iskol\u00e1ba j\u00e1rtok biciklivel, ak\u00e1r egy h\u00e9tv\u00e9gi kir\u00e1ndul\u00e1sra indultok, a gyerekek melegen tart\u00e1sa teker\u00e9s k\u00f6zben nagyon fontos r\u00e9sze a kalandnak. A hideg k\u00f6nnyen elveheti a kicsik kedv\u00e9t a bicikliz\u00e9st\u0151l!\",\"breadcrumb\":{\"@id\":\"https:\/\/www.welovecycling.com\/hu\/csalad\/igy-tartsd-melegen-a-gyerekeket-egy-bringaturan\/#breadcrumb\"},\"inLanguage\":\"hu\",\"potentialAction\":[{\"@type\":\"ReadAction\",\"target\":[\"https:\/\/www.welovecycling.com\/hu\/csalad\/igy-tartsd-melegen-a-gyerekeket-egy-bringaturan\/\"]}]},{\"@type\":\"ImageObject\",\"inLanguage\":\"hu\",\"@id\":\"https:\/\/www.welovecycling.com\/hu\/csalad\/igy-tartsd-melegen-a-gyerekeket-egy-bringaturan\/#primaryimage\",\"url\":\"https:\/\/d2p6e6u75xmxt8.cloudfront.net\/12\/2021\/10\/Child-autumn-cycling-profimedia-0639137543-CVR.jpg\",\"contentUrl\":\"https:\/\/d2p6e6u75xmxt8.cloudfront.net\/12\/2021\/10\/Child-autumn-cycling-profimedia-0639137543-CVR.jpg\",\"width\":1366,\"height\":600,\"caption\":\"Autumn cycling\"},{\"@type\":\"BreadcrumbList\",\"@id\":\"https:\/\/www.welovecycling.com\/hu\/csalad\/igy-tartsd-melegen-a-gyerekeket-egy-bringaturan\/#breadcrumb\",\"itemListElement\":[{\"@type\":\"ListItem\",\"position\":1,\"name\":\"Home\",\"item\":\"https:\/\/www.welovecycling.com\/hu\/\"},{\"@type\":\"ListItem\",\"position\":2,\"name\":\"\u00cdgy tartsd melegen a gyerekeket egy bringat\u00far\u00e1n!\"}]},{\"@type\":\"WebSite\",\"@id\":\"https:\/\/www.welovecycling.com\/hu\/#website\",\"url\":\"https:\/\/www.welovecycling.com\/hu\/\",\"name\":\"\u0160koda We Love Cycling - Magyarorsz\u00e1g\",\"description\":\"\u0160koda WeLoveCycling\",\"potentialAction\":[{\"@type\":\"SearchAction\",\"target\":{\"@type\":\"EntryPoint\",\"urlTemplate\":\"https:\/\/www.welovecycling.com\/hu\/?s={search_term_string}\"},\"query-input\":{\"@type\":\"PropertyValueSpecification\",\"valueRequired\":true,\"valueName\":\"search_term_string\"}}],\"inLanguage\":\"hu\"},{\"@type\":\"Person\",\"@id\":\"https:\/\/www.welovecycling.com\/hu\/#\/schema\/person\/414a2aebf1801691a5320edb6468e194\",\"name\":\"hegyizs\",\"image\":{\"@type\":\"ImageObject\",\"inLanguage\":\"hu\",\"@id\":\"https:\/\/www.welovecycling.com\/hu\/#\/schema\/person\/image\/\",\"url\":\"https:\/\/secure.gravatar.com\/avatar\/02cf8a7906b8cf90cecb4679defac7cfd33a1c2e3b88e4903d947f3bb58eedd3?s=96&d=mm&r=g\",\"contentUrl\":\"https:\/\/secure.gravatar.com\/avatar\/02cf8a7906b8cf90cecb4679defac7cfd33a1c2e3b88e4903d947f3bb58eedd3?s=96&d=mm&r=g\",\"caption\":\"hegyizs\"},\"url\":\"https:\/\/www.welovecycling.com\/hu\/author\/hegyizs\/\"}]}<\/script>\n<!-- \/ Yoast SEO Premium plugin. -->","yoast_head_json":{"title":"\u00cdgy tartsd melegen a gyerekeket egy bringat\u00far\u00e1n!","description":"Ak\u00e1r az iskol\u00e1ba j\u00e1rtok biciklivel, ak\u00e1r egy h\u00e9tv\u00e9gi kir\u00e1ndul\u00e1sra indultok, a gyerekek melegen tart\u00e1sa teker\u00e9s k\u00f6zben nagyon fontos r\u00e9sze a kalandnak. A hideg k\u00f6nnyen elveheti a kicsik kedv\u00e9t a bicikliz\u00e9st\u0151l!","robots":{"index":"index","follow":"follow","max-snippet":"max-snippet:-1","max-image-preview":"max-image-preview:large","max-video-preview":"max-video-preview:-1"},"canonical":"https:\/\/www.welovecycling.com\/hu\/csalad\/igy-tartsd-melegen-a-gyerekeket-egy-bringaturan\/","og_locale":"hu_HU","og_type":"article","og_title":"\u00cdgy tartsd melegen a gyerekeket egy bringat\u00far\u00e1n!","og_description":"Ak\u00e1r az iskol\u00e1ba j\u00e1rtok biciklivel, ak\u00e1r egy h\u00e9tv\u00e9gi kir\u00e1ndul\u00e1sra indultok, a gyerekek melegen tart\u00e1sa teker\u00e9s k\u00f6zben nagyon fontos r\u00e9sze a kalandnak. A hideg k\u00f6nnyen elveheti a kicsik kedv\u00e9t a bicikliz\u00e9st\u0151l!","og_url":"https:\/\/www.welovecycling.com\/hu\/csalad\/igy-tartsd-melegen-a-gyerekeket-egy-bringaturan\/","og_site_name":"\u0160koda We Love Cycling - Magyarorsz\u00e1g","article_publisher":"https:\/\/www.facebook.com\/WeLoveCyclingHungary\/","article_published_time":"2021-11-03T06:00:44+00:00","og_image":[{"width":1366,"height":600,"url":"https:\/\/d2p6e6u75xmxt8.cloudfront.net\/12\/2021\/10\/Child-autumn-cycling-profimedia-0639137543-CVR.jpg","type":"image\/jpeg"}],"author":"hegyizs","twitter_card":"summary_large_image","twitter_misc":{"Written by":"Charlotte Murray","Est. reading time":"6"},"schema":{"@context":"https:\/\/schema.org","@graph":[{"@type":"WebPage","@id":"https:\/\/www.welovecycling.com\/hu\/csalad\/igy-tartsd-melegen-a-gyerekeket-egy-bringaturan\/","url":"https:\/\/www.welovecycling.com\/hu\/csalad\/igy-tartsd-melegen-a-gyerekeket-egy-bringaturan\/","name":"\u00cdgy tartsd melegen a gyerekeket egy bringat\u00far\u00e1n!","isPartOf":{"@id":"https:\/\/www.welovecycling.com\/hu\/#website"},"primaryImageOfPage":{"@id":"https:\/\/www.welovecycling.com\/hu\/csalad\/igy-tartsd-melegen-a-gyerekeket-egy-bringaturan\/#primaryimage"},"image":{"@id":"https:\/\/www.welovecycling.com\/hu\/csalad\/igy-tartsd-melegen-a-gyerekeket-egy-bringaturan\/#primaryimage"},"thumbnailUrl":"https:\/\/d2p6e6u75xmxt8.cloudfront.net\/12\/2021\/10\/Child-autumn-cycling-profimedia-0639137543-CVR.jpg","datePublished":"2021-11-03T06:00:44+00:00","author":{"@id":"https:\/\/www.welovecycling.com\/hu\/#\/schema\/person\/414a2aebf1801691a5320edb6468e194"},"description":"Ak\u00e1r az iskol\u00e1ba j\u00e1rtok biciklivel, ak\u00e1r egy h\u00e9tv\u00e9gi kir\u00e1ndul\u00e1sra indultok, a gyerekek melegen tart\u00e1sa teker\u00e9s k\u00f6zben nagyon fontos r\u00e9sze a kalandnak. A hideg k\u00f6nnyen elveheti a kicsik kedv\u00e9t a bicikliz\u00e9st\u0151l!","breadcrumb":{"@id":"https:\/\/www.welovecycling.com\/hu\/csalad\/igy-tartsd-melegen-a-gyerekeket-egy-bringaturan\/#breadcrumb"},"inLanguage":"hu","potentialAction":[{"@type":"ReadAction","target":["https:\/\/www.welovecycling.com\/hu\/csalad\/igy-tartsd-melegen-a-gyerekeket-egy-bringaturan\/"]}]},{"@type":"ImageObject","inLanguage":"hu","@id":"https:\/\/www.welovecycling.com\/hu\/csalad\/igy-tartsd-melegen-a-gyerekeket-egy-bringaturan\/#primaryimage","url":"https:\/\/d2p6e6u75xmxt8.cloudfront.net\/12\/2021\/10\/Child-autumn-cycling-profimedia-0639137543-CVR.jpg","contentUrl":"https:\/\/d2p6e6u75xmxt8.cloudfront.net\/12\/2021\/10\/Child-autumn-cycling-profimedia-0639137543-CVR.jpg","width":1366,"height":600,"caption":"Autumn cycling"},{"@type":"BreadcrumbList","@id":"https:\/\/www.welovecycling.com\/hu\/csalad\/igy-tartsd-melegen-a-gyerekeket-egy-bringaturan\/#breadcrumb","itemListElement":[{"@type":"ListItem","position":1,"name":"Home","item":"https:\/\/www.welovecycling.com\/hu\/"},{"@type":"ListItem","position":2,"name":"\u00cdgy tartsd melegen a gyerekeket egy bringat\u00far\u00e1n!"}]},{"@type":"WebSite","@id":"https:\/\/www.welovecycling.com\/hu\/#website","url":"https:\/\/www.welovecycling.com\/hu\/","name":"\u0160koda We Love Cycling - Magyarorsz\u00e1g","description":"\u0160koda WeLoveCycling","potentialAction":[{"@type":"SearchAction","target":{"@type":"EntryPoint","urlTemplate":"https:\/\/www.welovecycling.com\/hu\/?s={search_term_string}"},"query-input":{"@type":"PropertyValueSpecification","valueRequired":true,"valueName":"search_term_string"}}],"inLanguage":"hu"},{"@type":"Person","@id":"https:\/\/www.welovecycling.com\/hu\/#\/schema\/person\/414a2aebf1801691a5320edb6468e194","name":"hegyizs","image":{"@type":"ImageObject","inLanguage":"hu","@id":"https:\/\/www.welovecycling.com\/hu\/#\/schema\/person\/image\/","url":"https:\/\/secure.gravatar.com\/avatar\/02cf8a7906b8cf90cecb4679defac7cfd33a1c2e3b88e4903d947f3bb58eedd3?s=96&d=mm&r=g","contentUrl":"https:\/\/secure.gravatar.com\/avatar\/02cf8a7906b8cf90cecb4679defac7cfd33a1c2e3b88e4903d947f3bb58eedd3?s=96&d=mm&r=g","caption":"hegyizs"},"url":"https:\/\/www.welovecycling.com\/hu\/author\/hegyizs\/"}]}},"_links":{"self":[{"href":"https:\/\/www.welovecycling.com\/hu\/wp-json\/wp\/v2\/posts\/12801","targetHints":{"allow":["GET"]}}],"collection":[{"href":"https:\/\/www.welovecycling.com\/hu\/wp-json\/wp\/v2\/posts"}],"about":[{"href":"https:\/\/www.welovecycling.com\/hu\/wp-json\/wp\/v2\/types\/post"}],"author":[{"embeddable":true,"href":"https:\/\/www.welovecycling.com\/hu\/wp-json\/wp\/v2\/users\/71"}],"replies":[{"embeddable":true,"href":"https:\/\/www.welovecycling.com\/hu\/wp-json\/wp\/v2\/comments?post=12801"}],"version-history":[{"count":2,"href":"https:\/\/www.welovecycling.com\/hu\/wp-json\/wp\/v2\/posts\/12801\/revisions"}],"predecessor-version":[{"id":12825,"href":"https:\/\/www.welovecycling.com\/hu\/wp-json\/wp\/v2\/posts\/12801\/revisions\/12825"}],"wp:featuredmedia":[{"embeddable":true,"href":"https:\/\/www.welovecycling.com\/hu\/wp-json\/wp\/v2\/media\/12806"}],"wp:attachment":[{"href":"https:\/\/www.welovecycling.com\/hu\/wp-json\/wp\/v2\/media?parent=12801"}],"wp:term":[{"taxonomy":"category","embeddable":true,"href":"https:\/\/www.welovecycling.com\/hu\/wp-json\/wp\/v2\/categories?post=12801"},{"taxonomy":"post_tag","embeddable":true,"href":"https:\/\/www.welovecycling.com\/hu\/wp-json\/wp\/v2\/tags?post=12801"},{"taxonomy":"global-categories","embeddable":true,"href":"https:\/\/www.welovecycling.com\/hu\/wp-json\/wp\/v2\/global-categories?post=12801"}],"curies":[{"name":"wp","href":"https:\/\/api.w.org\/{rel}","templated":true}]}}