{"id":12787,"date":"2021-10-29T08:00:42","date_gmt":"2021-10-29T06:00:42","guid":{"rendered":"https:\/\/www.welovecycling.com\/hu\/?p=12787"},"modified":"2021-10-25T13:15:41","modified_gmt":"2021-10-25T11:15:41","slug":"vas-kata-blanka-megallithatatlan-egy-egy-hatodik-es-egy-harmadik-hellyel-nyitotta-a-cyclocross-vk-t","status":"publish","type":"post","link":"https:\/\/www.welovecycling.com\/hu\/adrenalin\/vas-kata-blanka-megallithatatlan-egy-egy-hatodik-es-egy-harmadik-hellyel-nyitotta-a-cyclocross-vk-t\/","title":{"rendered":"Vas Kata Blanka meg\u00e1ll\u00edthatatlan: egy-egy hatodik \u00e9s egy harmadik hellyel nyitotta a cyclocross-vk-t!"},"content":{"rendered":"<p><strong>Olimpiai negyedik kiv\u00e1l\u00f3s\u00e1gunk meg\u00e1ll\u00edthatatlan: a hegyiker\u00e9kp\u00e1rban \u00e9s orsz\u00e1g\u00faton elk\u00f6nyvelt szenz\u00e1ci\u00f3s sikerek ut\u00e1n most a cyclocross-szak\u00e1g vil\u00e1gkupa-sorozat\u00e1ban is remekel a m\u00e9g mindig csak h\u00fasz\u00e9ves rem\u00e9nys\u00e9g.<\/strong><!--more--><\/p>\n<p>Vegy\u00fck sorra: janu\u00e1rban cyclocross U23-as vil\u00e1gbajnoki bronz\u00e9rem \u00e9s vil\u00e1gkupa \u00f6sszetett gy\u0151zelem, j\u00faniusban feln\u0151tt magyar bajnoki c\u00edm orsz\u00e1g\u00faton mez\u0151nyversenyben \u00e9s id\u0151futamban is, j\u00falius v\u00e9g\u00e9n az a bizonyos szenz\u00e1ci\u00f3sz\u00e1mba men\u0151 olimpiai negyedik hely Toki\u00f3ban a n\u0151k hegyiker\u00e9kp\u00e1ros verseny\u00e9ben, szeptemberben pedig el\u0151bb n\u0151i Vuelta-9. hely, majd U23-as Eb-ez\u00fcst \u00e9s feln\u0151ttvil\u00e1gbajnoki negyedik hely a h\u00f6lgyek orsz\u00e1g\u00fati mez\u0151nyverseny\u00e9ben.<\/p>\n<p>Di\u00f3h\u00e9jban ez Vas Kata Blanka 2021-es szer\u00e9ny eredm\u00e9nysora, \u00e9s ezek csak a legfontosabb eredm\u00e9nyek. Pontosabban: ez volt Blanka eredm\u00e9nysora okt\u00f3berig!<\/p>\n<p>Az\u00f3ta ugyanis megkezd\u0151d\u00f6tt a sokoldal\u00fa magyar tehets\u00e9g ki tudja, h\u00e1nyadik kedvenc szak\u00e1g\u00e1nak, a t\u00e9li saras-havas terepker\u00e9kp\u00e1ros cyclocrossnak is a szezonja, \u00e9s persze, hogy Blanka ebben is brill\u00edrozik!<\/p>\n<figure id=\"attachment_12788\" aria-describedby=\"caption-attachment-12788\" style=\"width: 1024px\" class=\"wp-caption alignnone\"><a href=\"https:\/\/d2p6e6u75xmxt8.cloudfront.net\/12\/2021\/10\/243245105_264281269040517_3452656247133693069_n.jpg\"><img loading=\"lazy\" decoding=\"async\" class=\"size-large wp-image-12788\" src=\"https:\/\/d2p6e6u75xmxt8.cloudfront.net\/12\/2021\/10\/243245105_264281269040517_3452656247133693069_n-1024x682.jpg\" alt=\"\" width=\"1024\" height=\"682\" srcset=\"https:\/\/d2p6e6u75xmxt8.cloudfront.net\/12\/2021\/10\/243245105_264281269040517_3452656247133693069_n-1024x682.jpg 1024w, https:\/\/d2p6e6u75xmxt8.cloudfront.net\/12\/2021\/10\/243245105_264281269040517_3452656247133693069_n-300x200.jpg 300w, https:\/\/d2p6e6u75xmxt8.cloudfront.net\/12\/2021\/10\/243245105_264281269040517_3452656247133693069_n-768x512.jpg 768w, https:\/\/d2p6e6u75xmxt8.cloudfront.net\/12\/2021\/10\/243245105_264281269040517_3452656247133693069_n-272x182.jpg 272w, https:\/\/d2p6e6u75xmxt8.cloudfront.net\/12\/2021\/10\/243245105_264281269040517_3452656247133693069_n.jpg 1349w\" sizes=\"auto, (max-width: 1024px) 100vw, 1024px\" \/><\/a><figcaption id=\"caption-attachment-12788\" class=\"wp-caption-text\">forr\u00e1s: Facebook\/Vas Blanka\/cyclephotos<\/figcaption><\/figure>\n<p>A m\u00e9g mindig csak h\u00faszesztend\u0151s, teh\u00e1t b\u0151ven U23-as koroszt\u00e1ly\u00fa versenyz\u0151 el\u0151bb a szak\u00e1g egyes\u00fclt \u00e1llamokbeli, waterloo-i futam\u00e1n tette le n\u00e9vjegy\u00e9t egy nagyszer\u0171 hatodik hellyel az orsz\u00e1g\u00fati szt\u00e1rokkal telepakolt mez\u0151nyben \u2013 hogy m\u00e1st ne mondjunk, a versenyt minden id\u0151k egyik legjobb n\u0151i bring\u00e1sa, az olimpiai bajnok, h\u00e1romszoros orsz\u00e1g\u00fati \u00e9s h\u00e9tszeres cyclocross-vil\u00e1gbajnok Marianne Vos nyerte \u2013, majd ugyanezt az eredm\u00e9nyt h\u00e1rom nappal k\u00e9s\u0151bb Fayetteville-ben is megism\u00e9telte. Az igazi par\u00e1d\u00e9 pedig az utols\u00f3 tengerent\u00fali futamon, Iow\u00e1ban j\u00f6tt, ahol Blanka Vos \u00e9s Denise Betsema m\u00f6g\u00f6tt a harmadik helyen tekert c\u00e9lba, ezzel a k\u00e9t holland klasszis mell\u00e9 fel\u00e1llhatott a dobog\u00f3ra!<\/p>\n<figure id=\"attachment_12789\" aria-describedby=\"caption-attachment-12789\" style=\"width: 800px\" class=\"wp-caption alignnone\"><a href=\"https:\/\/d2p6e6u75xmxt8.cloudfront.net\/12\/2021\/10\/246780110_267152128753431_220544014388060099_n.jpg\"><img loading=\"lazy\" decoding=\"async\" class=\"size-full wp-image-12789\" src=\"https:\/\/d2p6e6u75xmxt8.cloudfront.net\/12\/2021\/10\/246780110_267152128753431_220544014388060099_n.jpg\" alt=\"\" width=\"800\" height=\"533\" srcset=\"https:\/\/d2p6e6u75xmxt8.cloudfront.net\/12\/2021\/10\/246780110_267152128753431_220544014388060099_n.jpg 800w, https:\/\/d2p6e6u75xmxt8.cloudfront.net\/12\/2021\/10\/246780110_267152128753431_220544014388060099_n-300x200.jpg 300w, https:\/\/d2p6e6u75xmxt8.cloudfront.net\/12\/2021\/10\/246780110_267152128753431_220544014388060099_n-768x512.jpg 768w, https:\/\/d2p6e6u75xmxt8.cloudfront.net\/12\/2021\/10\/246780110_267152128753431_220544014388060099_n-272x182.jpg 272w\" sizes=\"auto, (max-width: 800px) 100vw, 800px\" \/><\/a><figcaption id=\"caption-attachment-12789\" class=\"wp-caption-text\">A p\u00f3diumon a legend\u00e1s Marianne Vos, Denise Betsema, a k\u00e9t holland mellett pedig Vas Blanka (fot\u00f3: Facebook\/Vas Blanka)<\/figcaption><\/figure>\n<p>Blanka ezzel a feln\u0151ttek k\u00f6z\u00f6tt \u00f6sszetettben a szenz\u00e1ci\u00f3s negyedik helyen \u00e1ll az eur\u00f3pai versenyek megkezd\u00e9se el\u0151tt, azt pedig tal\u00e1n m\u00e1r mondani sem kell, hogy az U23-as kateg\u00f3ri\u00e1t toronymagasan vezeti!<\/p>\n<p><a href=\"https:\/\/d2p6e6u75xmxt8.cloudfront.net\/12\/2021\/10\/246354227_267152125420098_1129979681123586921_n.jpg\"><img loading=\"lazy\" decoding=\"async\" class=\"alignnone size-full wp-image-12790\" src=\"https:\/\/d2p6e6u75xmxt8.cloudfront.net\/12\/2021\/10\/246354227_267152125420098_1129979681123586921_n.jpg\" alt=\"\" width=\"800\" height=\"533\" srcset=\"https:\/\/d2p6e6u75xmxt8.cloudfront.net\/12\/2021\/10\/246354227_267152125420098_1129979681123586921_n.jpg 800w, https:\/\/d2p6e6u75xmxt8.cloudfront.net\/12\/2021\/10\/246354227_267152125420098_1129979681123586921_n-300x200.jpg 300w, https:\/\/d2p6e6u75xmxt8.cloudfront.net\/12\/2021\/10\/246354227_267152125420098_1129979681123586921_n-768x512.jpg 768w, https:\/\/d2p6e6u75xmxt8.cloudfront.net\/12\/2021\/10\/246354227_267152125420098_1129979681123586921_n-272x182.jpg 272w\" sizes=\"auto, (max-width: 800px) 100vw, 800px\" \/><\/a><\/p>\n","protected":false},"excerpt":{"rendered":"<p>Olimpiai negyedik kiv\u00e1l\u00f3s\u00e1gunk meg\u00e1ll\u00edthatatlan: a hegyiker\u00e9kp\u00e1rban \u00e9s orsz\u00e1g\u00faton elk\u00f6nyvelt szenz\u00e1ci\u00f3s sikerek ut\u00e1n most a cyclocross-szak\u00e1g vil\u00e1gkupa-sorozat\u00e1ban is remekel a m\u00e9g [&hellip;]<\/p>\n","protected":false},"author":71,"featured_media":12792,"comment_status":"open","ping_status":"open","sticky":false,"template":"","format":"standard","meta":{"footnotes":""},"categories":[5],"tags":[],"global-categories":[],"class_list":["post-12787","post","type-post","status-publish","format-standard","has-post-thumbnail","hentry","category-adrenalin"],"yoast_head":"<!-- This site is optimized with the Yoast SEO Premium plugin v25.3 (Yoast SEO v25.9) - https:\/\/yoast.com\/wordpress\/plugins\/seo\/ -->\n<title>Vas Kata Blanka meg\u00e1ll\u00edthatatlan: egy-egy hatodik \u00e9s egy harmadik hellyel nyitotta a cyclocross-vk-t!<\/title>\n<meta name=\"description\" content=\"Olimpiai negyedik kiv\u00e1l\u00f3s\u00e1gunk meg\u00e1ll\u00edthatatlan: a hegyiker\u00e9kp\u00e1rban \u00e9s orsz\u00e1g\u00faton elk\u00f6nyvelt szenz\u00e1ci\u00f3s sikerek ut\u00e1n most a cyclocross-szak\u00e1g vil\u00e1gkupa-sorozat\u00e1ban is remekel a m\u00e9g mindig csak h\u00fasz\u00e9ves rem\u00e9nys\u00e9g.\" \/>\n<meta name=\"robots\" content=\"index, follow, max-snippet:-1, max-image-preview:large, max-video-preview:-1\" \/>\n<link rel=\"canonical\" href=\"https:\/\/www.welovecycling.com\/hu\/adrenalin\/vas-kata-blanka-megallithatatlan-egy-egy-hatodik-es-egy-harmadik-hellyel-nyitotta-a-cyclocross-vk-t\/\" \/>\n<meta property=\"og:locale\" content=\"hu_HU\" \/>\n<meta property=\"og:type\" content=\"article\" \/>\n<meta property=\"og:title\" content=\"Vas Kata Blanka meg\u00e1ll\u00edthatatlan: egy-egy hatodik \u00e9s egy harmadik hellyel nyitotta a cyclocross-vk-t!\" \/>\n<meta property=\"og:description\" content=\"Olimpiai negyedik kiv\u00e1l\u00f3s\u00e1gunk meg\u00e1ll\u00edthatatlan: a hegyiker\u00e9kp\u00e1rban \u00e9s orsz\u00e1g\u00faton elk\u00f6nyvelt szenz\u00e1ci\u00f3s sikerek ut\u00e1n most a cyclocross-szak\u00e1g vil\u00e1gkupa-sorozat\u00e1ban is remekel a m\u00e9g mindig csak h\u00fasz\u00e9ves rem\u00e9nys\u00e9g.\" \/>\n<meta property=\"og:url\" content=\"https:\/\/www.welovecycling.com\/hu\/adrenalin\/vas-kata-blanka-megallithatatlan-egy-egy-hatodik-es-egy-harmadik-hellyel-nyitotta-a-cyclocross-vk-t\/\" \/>\n<meta property=\"og:site_name\" content=\"\u0160koda We Love Cycling - Magyarorsz\u00e1g\" \/>\n<meta property=\"article:publisher\" content=\"https:\/\/www.facebook.com\/WeLoveCyclingHungary\/\" \/>\n<meta property=\"article:published_time\" content=\"2021-10-29T06:00:42+00:00\" \/>\n<meta property=\"og:image\" content=\"https:\/\/d2p6e6u75xmxt8.cloudfront.net\/12\/2021\/10\/247086624_267152122086765_8470886841926681083_n.jpg\" \/>\n\t<meta property=\"og:image:width\" content=\"800\" \/>\n\t<meta property=\"og:image:height\" content=\"533\" \/>\n\t<meta property=\"og:image:type\" content=\"image\/jpeg\" \/>\n<meta name=\"author\" content=\"hegyizs\" \/>\n<meta name=\"twitter:card\" content=\"summary_large_image\" \/>\n<meta name=\"twitter:label1\" content=\"Written by\" \/>\n\t<meta name=\"twitter:data1\" content=\"WLC\" \/>\n\t<meta name=\"twitter:label2\" content=\"Est. reading time\" \/>\n\t<meta name=\"twitter:data2\" content=\"2 minutes\" \/>\n<script type=\"application\/ld+json\" class=\"yoast-schema-graph\">{\"@context\":\"https:\/\/schema.org\",\"@graph\":[{\"@type\":\"WebPage\",\"@id\":\"https:\/\/www.welovecycling.com\/hu\/adrenalin\/vas-kata-blanka-megallithatatlan-egy-egy-hatodik-es-egy-harmadik-hellyel-nyitotta-a-cyclocross-vk-t\/\",\"url\":\"https:\/\/www.welovecycling.com\/hu\/adrenalin\/vas-kata-blanka-megallithatatlan-egy-egy-hatodik-es-egy-harmadik-hellyel-nyitotta-a-cyclocross-vk-t\/\",\"name\":\"Vas Kata Blanka meg\u00e1ll\u00edthatatlan: egy-egy hatodik \u00e9s egy harmadik hellyel nyitotta a cyclocross-vk-t!\",\"isPartOf\":{\"@id\":\"https:\/\/www.welovecycling.com\/hu\/#website\"},\"primaryImageOfPage\":{\"@id\":\"https:\/\/www.welovecycling.com\/hu\/adrenalin\/vas-kata-blanka-megallithatatlan-egy-egy-hatodik-es-egy-harmadik-hellyel-nyitotta-a-cyclocross-vk-t\/#primaryimage\"},\"image\":{\"@id\":\"https:\/\/www.welovecycling.com\/hu\/adrenalin\/vas-kata-blanka-megallithatatlan-egy-egy-hatodik-es-egy-harmadik-hellyel-nyitotta-a-cyclocross-vk-t\/#primaryimage\"},\"thumbnailUrl\":\"https:\/\/d2p6e6u75xmxt8.cloudfront.net\/12\/2021\/10\/247086624_267152122086765_8470886841926681083_n.jpg\",\"datePublished\":\"2021-10-29T06:00:42+00:00\",\"author\":{\"@id\":\"https:\/\/www.welovecycling.com\/hu\/#\/schema\/person\/414a2aebf1801691a5320edb6468e194\"},\"description\":\"Olimpiai negyedik kiv\u00e1l\u00f3s\u00e1gunk meg\u00e1ll\u00edthatatlan: a hegyiker\u00e9kp\u00e1rban \u00e9s orsz\u00e1g\u00faton elk\u00f6nyvelt szenz\u00e1ci\u00f3s sikerek ut\u00e1n most a cyclocross-szak\u00e1g vil\u00e1gkupa-sorozat\u00e1ban is remekel a m\u00e9g mindig csak h\u00fasz\u00e9ves rem\u00e9nys\u00e9g.\",\"breadcrumb\":{\"@id\":\"https:\/\/www.welovecycling.com\/hu\/adrenalin\/vas-kata-blanka-megallithatatlan-egy-egy-hatodik-es-egy-harmadik-hellyel-nyitotta-a-cyclocross-vk-t\/#breadcrumb\"},\"inLanguage\":\"hu\",\"potentialAction\":[{\"@type\":\"ReadAction\",\"target\":[\"https:\/\/www.welovecycling.com\/hu\/adrenalin\/vas-kata-blanka-megallithatatlan-egy-egy-hatodik-es-egy-harmadik-hellyel-nyitotta-a-cyclocross-vk-t\/\"]}]},{\"@type\":\"ImageObject\",\"inLanguage\":\"hu\",\"@id\":\"https:\/\/www.welovecycling.com\/hu\/adrenalin\/vas-kata-blanka-megallithatatlan-egy-egy-hatodik-es-egy-harmadik-hellyel-nyitotta-a-cyclocross-vk-t\/#primaryimage\",\"url\":\"https:\/\/d2p6e6u75xmxt8.cloudfront.net\/12\/2021\/10\/247086624_267152122086765_8470886841926681083_n.jpg\",\"contentUrl\":\"https:\/\/d2p6e6u75xmxt8.cloudfront.net\/12\/2021\/10\/247086624_267152122086765_8470886841926681083_n.jpg\",\"width\":800,\"height\":533},{\"@type\":\"BreadcrumbList\",\"@id\":\"https:\/\/www.welovecycling.com\/hu\/adrenalin\/vas-kata-blanka-megallithatatlan-egy-egy-hatodik-es-egy-harmadik-hellyel-nyitotta-a-cyclocross-vk-t\/#breadcrumb\",\"itemListElement\":[{\"@type\":\"ListItem\",\"position\":1,\"name\":\"Home\",\"item\":\"https:\/\/www.welovecycling.com\/hu\/\"},{\"@type\":\"ListItem\",\"position\":2,\"name\":\"Vas Kata Blanka meg\u00e1ll\u00edthatatlan: egy-egy hatodik \u00e9s egy harmadik hellyel nyitotta a cyclocross-vk-t!\"}]},{\"@type\":\"WebSite\",\"@id\":\"https:\/\/www.welovecycling.com\/hu\/#website\",\"url\":\"https:\/\/www.welovecycling.com\/hu\/\",\"name\":\"\u0160koda We Love Cycling - Magyarorsz\u00e1g\",\"description\":\"\u0160koda WeLoveCycling\",\"potentialAction\":[{\"@type\":\"SearchAction\",\"target\":{\"@type\":\"EntryPoint\",\"urlTemplate\":\"https:\/\/www.welovecycling.com\/hu\/?s={search_term_string}\"},\"query-input\":{\"@type\":\"PropertyValueSpecification\",\"valueRequired\":true,\"valueName\":\"search_term_string\"}}],\"inLanguage\":\"hu\"},{\"@type\":\"Person\",\"@id\":\"https:\/\/www.welovecycling.com\/hu\/#\/schema\/person\/414a2aebf1801691a5320edb6468e194\",\"name\":\"hegyizs\",\"image\":{\"@type\":\"ImageObject\",\"inLanguage\":\"hu\",\"@id\":\"https:\/\/www.welovecycling.com\/hu\/#\/schema\/person\/image\/\",\"url\":\"https:\/\/secure.gravatar.com\/avatar\/02cf8a7906b8cf90cecb4679defac7cfd33a1c2e3b88e4903d947f3bb58eedd3?s=96&d=mm&r=g\",\"contentUrl\":\"https:\/\/secure.gravatar.com\/avatar\/02cf8a7906b8cf90cecb4679defac7cfd33a1c2e3b88e4903d947f3bb58eedd3?s=96&d=mm&r=g\",\"caption\":\"hegyizs\"},\"url\":\"https:\/\/www.welovecycling.com\/hu\/author\/hegyizs\/\"}]}<\/script>\n<!-- \/ Yoast SEO Premium plugin. -->","yoast_head_json":{"title":"Vas Kata Blanka meg\u00e1ll\u00edthatatlan: egy-egy hatodik \u00e9s egy harmadik hellyel nyitotta a cyclocross-vk-t!","description":"Olimpiai negyedik kiv\u00e1l\u00f3s\u00e1gunk meg\u00e1ll\u00edthatatlan: a hegyiker\u00e9kp\u00e1rban \u00e9s orsz\u00e1g\u00faton elk\u00f6nyvelt szenz\u00e1ci\u00f3s sikerek ut\u00e1n most a cyclocross-szak\u00e1g vil\u00e1gkupa-sorozat\u00e1ban is remekel a m\u00e9g mindig csak h\u00fasz\u00e9ves rem\u00e9nys\u00e9g.","robots":{"index":"index","follow":"follow","max-snippet":"max-snippet:-1","max-image-preview":"max-image-preview:large","max-video-preview":"max-video-preview:-1"},"canonical":"https:\/\/www.welovecycling.com\/hu\/adrenalin\/vas-kata-blanka-megallithatatlan-egy-egy-hatodik-es-egy-harmadik-hellyel-nyitotta-a-cyclocross-vk-t\/","og_locale":"hu_HU","og_type":"article","og_title":"Vas Kata Blanka meg\u00e1ll\u00edthatatlan: egy-egy hatodik \u00e9s egy harmadik hellyel nyitotta a cyclocross-vk-t!","og_description":"Olimpiai negyedik kiv\u00e1l\u00f3s\u00e1gunk meg\u00e1ll\u00edthatatlan: a hegyiker\u00e9kp\u00e1rban \u00e9s orsz\u00e1g\u00faton elk\u00f6nyvelt szenz\u00e1ci\u00f3s sikerek ut\u00e1n most a cyclocross-szak\u00e1g vil\u00e1gkupa-sorozat\u00e1ban is remekel a m\u00e9g mindig csak h\u00fasz\u00e9ves rem\u00e9nys\u00e9g.","og_url":"https:\/\/www.welovecycling.com\/hu\/adrenalin\/vas-kata-blanka-megallithatatlan-egy-egy-hatodik-es-egy-harmadik-hellyel-nyitotta-a-cyclocross-vk-t\/","og_site_name":"\u0160koda We Love Cycling - Magyarorsz\u00e1g","article_publisher":"https:\/\/www.facebook.com\/WeLoveCyclingHungary\/","article_published_time":"2021-10-29T06:00:42+00:00","og_image":[{"width":800,"height":533,"url":"https:\/\/d2p6e6u75xmxt8.cloudfront.net\/12\/2021\/10\/247086624_267152122086765_8470886841926681083_n.jpg","type":"image\/jpeg"}],"author":"hegyizs","twitter_card":"summary_large_image","twitter_misc":{"Written by":"WLC","Est. reading time":"2 minutes"},"schema":{"@context":"https:\/\/schema.org","@graph":[{"@type":"WebPage","@id":"https:\/\/www.welovecycling.com\/hu\/adrenalin\/vas-kata-blanka-megallithatatlan-egy-egy-hatodik-es-egy-harmadik-hellyel-nyitotta-a-cyclocross-vk-t\/","url":"https:\/\/www.welovecycling.com\/hu\/adrenalin\/vas-kata-blanka-megallithatatlan-egy-egy-hatodik-es-egy-harmadik-hellyel-nyitotta-a-cyclocross-vk-t\/","name":"Vas Kata Blanka meg\u00e1ll\u00edthatatlan: egy-egy hatodik \u00e9s egy harmadik hellyel nyitotta a cyclocross-vk-t!","isPartOf":{"@id":"https:\/\/www.welovecycling.com\/hu\/#website"},"primaryImageOfPage":{"@id":"https:\/\/www.welovecycling.com\/hu\/adrenalin\/vas-kata-blanka-megallithatatlan-egy-egy-hatodik-es-egy-harmadik-hellyel-nyitotta-a-cyclocross-vk-t\/#primaryimage"},"image":{"@id":"https:\/\/www.welovecycling.com\/hu\/adrenalin\/vas-kata-blanka-megallithatatlan-egy-egy-hatodik-es-egy-harmadik-hellyel-nyitotta-a-cyclocross-vk-t\/#primaryimage"},"thumbnailUrl":"https:\/\/d2p6e6u75xmxt8.cloudfront.net\/12\/2021\/10\/247086624_267152122086765_8470886841926681083_n.jpg","datePublished":"2021-10-29T06:00:42+00:00","author":{"@id":"https:\/\/www.welovecycling.com\/hu\/#\/schema\/person\/414a2aebf1801691a5320edb6468e194"},"description":"Olimpiai negyedik kiv\u00e1l\u00f3s\u00e1gunk meg\u00e1ll\u00edthatatlan: a hegyiker\u00e9kp\u00e1rban \u00e9s orsz\u00e1g\u00faton elk\u00f6nyvelt szenz\u00e1ci\u00f3s sikerek ut\u00e1n most a cyclocross-szak\u00e1g vil\u00e1gkupa-sorozat\u00e1ban is remekel a m\u00e9g mindig csak h\u00fasz\u00e9ves rem\u00e9nys\u00e9g.","breadcrumb":{"@id":"https:\/\/www.welovecycling.com\/hu\/adrenalin\/vas-kata-blanka-megallithatatlan-egy-egy-hatodik-es-egy-harmadik-hellyel-nyitotta-a-cyclocross-vk-t\/#breadcrumb"},"inLanguage":"hu","potentialAction":[{"@type":"ReadAction","target":["https:\/\/www.welovecycling.com\/hu\/adrenalin\/vas-kata-blanka-megallithatatlan-egy-egy-hatodik-es-egy-harmadik-hellyel-nyitotta-a-cyclocross-vk-t\/"]}]},{"@type":"ImageObject","inLanguage":"hu","@id":"https:\/\/www.welovecycling.com\/hu\/adrenalin\/vas-kata-blanka-megallithatatlan-egy-egy-hatodik-es-egy-harmadik-hellyel-nyitotta-a-cyclocross-vk-t\/#primaryimage","url":"https:\/\/d2p6e6u75xmxt8.cloudfront.net\/12\/2021\/10\/247086624_267152122086765_8470886841926681083_n.jpg","contentUrl":"https:\/\/d2p6e6u75xmxt8.cloudfront.net\/12\/2021\/10\/247086624_267152122086765_8470886841926681083_n.jpg","width":800,"height":533},{"@type":"BreadcrumbList","@id":"https:\/\/www.welovecycling.com\/hu\/adrenalin\/vas-kata-blanka-megallithatatlan-egy-egy-hatodik-es-egy-harmadik-hellyel-nyitotta-a-cyclocross-vk-t\/#breadcrumb","itemListElement":[{"@type":"ListItem","position":1,"name":"Home","item":"https:\/\/www.welovecycling.com\/hu\/"},{"@type":"ListItem","position":2,"name":"Vas Kata Blanka meg\u00e1ll\u00edthatatlan: egy-egy hatodik \u00e9s egy harmadik hellyel nyitotta a cyclocross-vk-t!"}]},{"@type":"WebSite","@id":"https:\/\/www.welovecycling.com\/hu\/#website","url":"https:\/\/www.welovecycling.com\/hu\/","name":"\u0160koda We Love Cycling - Magyarorsz\u00e1g","description":"\u0160koda WeLoveCycling","potentialAction":[{"@type":"SearchAction","target":{"@type":"EntryPoint","urlTemplate":"https:\/\/www.welovecycling.com\/hu\/?s={search_term_string}"},"query-input":{"@type":"PropertyValueSpecification","valueRequired":true,"valueName":"search_term_string"}}],"inLanguage":"hu"},{"@type":"Person","@id":"https:\/\/www.welovecycling.com\/hu\/#\/schema\/person\/414a2aebf1801691a5320edb6468e194","name":"hegyizs","image":{"@type":"ImageObject","inLanguage":"hu","@id":"https:\/\/www.welovecycling.com\/hu\/#\/schema\/person\/image\/","url":"https:\/\/secure.gravatar.com\/avatar\/02cf8a7906b8cf90cecb4679defac7cfd33a1c2e3b88e4903d947f3bb58eedd3?s=96&d=mm&r=g","contentUrl":"https:\/\/secure.gravatar.com\/avatar\/02cf8a7906b8cf90cecb4679defac7cfd33a1c2e3b88e4903d947f3bb58eedd3?s=96&d=mm&r=g","caption":"hegyizs"},"url":"https:\/\/www.welovecycling.com\/hu\/author\/hegyizs\/"}]}},"_links":{"self":[{"href":"https:\/\/www.welovecycling.com\/hu\/wp-json\/wp\/v2\/posts\/12787","targetHints":{"allow":["GET"]}}],"collection":[{"href":"https:\/\/www.welovecycling.com\/hu\/wp-json\/wp\/v2\/posts"}],"about":[{"href":"https:\/\/www.welovecycling.com\/hu\/wp-json\/wp\/v2\/types\/post"}],"author":[{"embeddable":true,"href":"https:\/\/www.welovecycling.com\/hu\/wp-json\/wp\/v2\/users\/71"}],"replies":[{"embeddable":true,"href":"https:\/\/www.welovecycling.com\/hu\/wp-json\/wp\/v2\/comments?post=12787"}],"version-history":[{"count":1,"href":"https:\/\/www.welovecycling.com\/hu\/wp-json\/wp\/v2\/posts\/12787\/revisions"}],"predecessor-version":[{"id":12791,"href":"https:\/\/www.welovecycling.com\/hu\/wp-json\/wp\/v2\/posts\/12787\/revisions\/12791"}],"wp:featuredmedia":[{"embeddable":true,"href":"https:\/\/www.welovecycling.com\/hu\/wp-json\/wp\/v2\/media\/12792"}],"wp:attachment":[{"href":"https:\/\/www.welovecycling.com\/hu\/wp-json\/wp\/v2\/media?parent=12787"}],"wp:term":[{"taxonomy":"category","embeddable":true,"href":"https:\/\/www.welovecycling.com\/hu\/wp-json\/wp\/v2\/categories?post=12787"},{"taxonomy":"post_tag","embeddable":true,"href":"https:\/\/www.welovecycling.com\/hu\/wp-json\/wp\/v2\/tags?post=12787"},{"taxonomy":"global-categories","embeddable":true,"href":"https:\/\/www.welovecycling.com\/hu\/wp-json\/wp\/v2\/global-categories?post=12787"}],"curies":[{"name":"wp","href":"https:\/\/api.w.org\/{rel}","templated":true}]}}