{"id":12771,"date":"2021-10-27T08:00:32","date_gmt":"2021-10-27T06:00:32","guid":{"rendered":"https:\/\/www.welovecycling.com\/hu\/?p=12771"},"modified":"2021-10-21T13:30:23","modified_gmt":"2021-10-21T11:30:23","slug":"intuitiv-etkezes-bicikliseknek-alappillerek","status":"publish","type":"post","link":"https:\/\/www.welovecycling.com\/hu\/edzes-es-eletmod\/intuitiv-etkezes-bicikliseknek-alappillerek\/","title":{"rendered":"Intuit\u00edv \u00e9tkez\u00e9s bicikliseknek \u2013 Alappill\u00e9rek"},"content":{"rendered":"<p><strong>Az intuit\u00edv \u00e9trendben nincsenek korl\u00e1tok \u00e9s nincsenek rossz \u00e9telek. Ez a megk\u00f6zel\u00edt\u00e9s arr\u00f3l sz\u00f3l, hogy a test \u00e1ltal k\u00fcld\u00f6tt jelekre t\u00e1maszkodjunk. Cikk\u00fcnkben bemutatunk n\u00e9h\u00e1ny alapelvet, melyek seg\u00edtenek a di\u00e9t\u00e1s gondolkod\u00e1sm\u00f3dot magad m\u00f6g\u00f6tt hagyni \u00e9s elsaj\u00e1t\u00edtani az intuit\u00edv szeml\u00e9letet.<\/strong><\/p>\n<p><!--more--><\/p>\n<h2><strong>El\u00e9gedetts\u00e9g-\u00e9rzet<\/strong><\/h2>\n<p>A di\u00e9t\u00e1k sokszor elveszik az ev\u00e9s \u00f6r\u00f6m\u00e9t. Nem fogyaszthatod kedvenc \u00e9teleidet, \u00e9s b\u0171ntudatod van, ha olyat eszel, amit a szab\u00e1lyok tiltanak. Mag\u00e1nyos \u00e9rz\u00e9s, amikor nem eheted azt, amit a t\u00f6bbiek \u00e9s v\u00e9g\u00fcl egyed\u00fcl \u00e9tkezel. Egyre ink\u00e1bb v\u00e1gysz bizonyos kaj\u00e1kra \u00e9s mind nagyobb k\u00fczdelem lesz a di\u00e9ta betart\u00e1sa.<\/p>\n<figure id=\"attachment_12772\" aria-describedby=\"caption-attachment-12772\" style=\"width: 1000px\" class=\"wp-caption alignnone\"><a href=\"https:\/\/d2p6e6u75xmxt8.cloudfront.net\/12\/2021\/10\/Unhealthy-snack-profimedia-0638675043.jpg\"><img loading=\"lazy\" decoding=\"async\" class=\"wp-image-12772 size-full\" src=\"https:\/\/d2p6e6u75xmxt8.cloudfront.net\/12\/2021\/10\/Unhealthy-snack-profimedia-0638675043.jpg\" alt=\"Unhealthy snack\" width=\"1000\" height=\"667\" srcset=\"https:\/\/d2p6e6u75xmxt8.cloudfront.net\/12\/2021\/10\/Unhealthy-snack-profimedia-0638675043.jpg 1000w, https:\/\/d2p6e6u75xmxt8.cloudfront.net\/12\/2021\/10\/Unhealthy-snack-profimedia-0638675043-300x200.jpg 300w, https:\/\/d2p6e6u75xmxt8.cloudfront.net\/12\/2021\/10\/Unhealthy-snack-profimedia-0638675043-768x512.jpg 768w, https:\/\/d2p6e6u75xmxt8.cloudfront.net\/12\/2021\/10\/Unhealthy-snack-profimedia-0638675043-272x182.jpg 272w\" sizes=\"auto, (max-width: 1000px) 100vw, 1000px\" \/><\/a><figcaption id=\"caption-attachment-12772\" class=\"wp-caption-text\"><em>A legfontosabb, hogy meg\u00e9rtsd az \u00e9hs\u00e9g fogalm\u00e1t. Figyelj oda a testedre \u00e9s b\u00edzz a jelz\u00e9seiben! \u00a9 Profimedia<\/em><\/figcaption><\/figure>\n<p>Az intuit\u00edv \u00e9tkez\u00e9s c\u00e9lja, hogy minden \u00e9tkez\u00e9sedet \u00e9lvezd. Ha kellemes \u00e9lm\u00e9ny az ev\u00e9s, lehet, hogy kevesebb \u00e9tel is kiel\u00e9g\u00edt, \u00e9s k\u00f6nnyebben \u00e9szreveszed, amikor ez megt\u00f6rt\u00e9nik. Tegy\u00e9l minden \u00e9tkez\u00e9st esem\u00e9nny\u00e9! Ahelyett, hogy gyorsan belap\u00e1toln\u00e1d az eb\u00e9det, \u00fclj le egy kellemes k\u00f6rnyezetben \u00e9s ha teheted, j\u00f3 t\u00e1rsas\u00e1ggal! Pr\u00f3b\u00e1lj a k\u00f6vetkez\u0151kre gondolni:<\/p>\n<ol>\n<li>Milyen \u00edzeket \u00e9rzek? Milyen alapanyagokat tudok azonos\u00edtani? Milyenek a text\u00far\u00e1k?<\/li>\n<li>Milyen \u00e9rz\u00e9s a sz\u00e9kben \u00fclni? Milyen a k\u00f6rnyezetem? Hogy \u00e9rzik magukat a k\u00f6r\u00fcl\u00f6ttem lev\u0151k?<\/li>\n<li>J\u00f3 t\u00e1rsas\u00e1gban vagyok? Hozz\u00e1j\u00e1rul a kellemes besz\u00e9lget\u00e9s az ev\u00e9s \u00e9lvezet\u00e9hez?<\/li>\n<li>Mi j\u00f3 ebben az \u00e9tkez\u00e9sben?<\/li>\n<\/ol>\n<h2><strong>\u00c9rzelmek kezel\u00e9se \u00e9tel n\u00e9lk\u00fcl<\/strong><\/h2>\n<p>Sok n\u00e9pszer\u0171 di\u00e9t\u00e1val az a probl\u00e9ma, hogy nem tekintik az \u00e9rzelmeket az egyenlet r\u00e9sz\u00e9nek. Az \u00e9rzelmi ev\u00e9s pedig annyira gyakori, hogy bizonyos m\u00e9rt\u00e9kig szinte mindenki csin\u00e1lja. Ha hagyod, hogy az \u00e9hs\u00e9g helyett az \u00e9rzelmeid vezessenek, akkor folyamatos k\u00fczdelem lesz b\u00e1rmilyen di\u00e9ta. Az intuit\u00edv \u00e9tkez\u00e9s viszont k\u00fcl\u00f6n kezeli az \u00e9rzelmeket \u00e9s az ev\u00e9st.<\/p>\n<figure id=\"attachment_9475\" aria-describedby=\"caption-attachment-9475\" style=\"width: 1280px\" class=\"wp-caption alignnone\"><a href=\"https:\/\/d2p6e6u75xmxt8.cloudfront.net\/12\/2020\/11\/pizza-pexels-ketut-subiyanto-4833636.jpg\"><img loading=\"lazy\" decoding=\"async\" class=\"wp-image-9475 size-full\" src=\"https:\/\/d2p6e6u75xmxt8.cloudfront.net\/12\/2020\/11\/pizza-pexels-ketut-subiyanto-4833636.jpg\" alt=\"Pizza\" width=\"1280\" height=\"853\" srcset=\"https:\/\/d2p6e6u75xmxt8.cloudfront.net\/12\/2020\/11\/pizza-pexels-ketut-subiyanto-4833636.jpg 1280w, https:\/\/d2p6e6u75xmxt8.cloudfront.net\/12\/2020\/11\/pizza-pexels-ketut-subiyanto-4833636-300x200.jpg 300w, https:\/\/d2p6e6u75xmxt8.cloudfront.net\/12\/2020\/11\/pizza-pexels-ketut-subiyanto-4833636-1024x682.jpg 1024w, https:\/\/d2p6e6u75xmxt8.cloudfront.net\/12\/2020\/11\/pizza-pexels-ketut-subiyanto-4833636-768x512.jpg 768w, https:\/\/d2p6e6u75xmxt8.cloudfront.net\/12\/2020\/11\/pizza-pexels-ketut-subiyanto-4833636-272x182.jpg 272w\" sizes=\"auto, (max-width: 1280px) 100vw, 1280px\" \/><\/a><figcaption id=\"caption-attachment-9475\" class=\"wp-caption-text\"><em>Az \u00e9rzelmi \u00e9hs\u00e9gnek nincs sok k\u00f6ze a fizikai \u00e9hs\u00e9ghez, nem m\u00falik el semmilyen \u00e9tel elfogyaszt\u00e1sa ut\u00e1n. Gyorsan \u00e9s intenz\u00edven t\u00f6r r\u00e1d.<\/em><\/figcaption><\/figure>\n<p>Az els\u0151 l\u00e9p\u00e9s az, hogy tiszt\u00e1ban legy\u00e9l azzal, hogy van olyan \u00e9hs\u00e9g, ami \u00e9rzelmeken alapul. Gyakorolni kell ennek felismer\u00e9s\u00e9t, \u00e9s amikor tudatosul benned a dolog, k\u00e9rdezd meg magadt\u00f3l a k\u00f6vetkez\u0151ket: Mire is van most sz\u00fcks\u00e9gem? Melegs\u00e9gre? Jobb kapcsolatra? F\u00e1radt vagyok, stresszes vagy frusztr\u00e1lt? A v\u00e1laszok \u00fatmutat\u00e1st adhatnak a tov\u00e1bbi teend\u0151kh\u00f6z. Sz\u00e1mos m\u00e1s tev\u00e9kenys\u00e9g seg\u00edthet ilyenkor, ami nem az ev\u00e9s:<\/p>\n<ul>\n<li>h\u00edvd fel egy bar\u00e1tod<\/li>\n<li>s\u00e9t\u00e1lj<\/li>\n<li>medit\u00e1lj<\/li>\n<li>\u00edrj napl\u00f3t<\/li>\n<li>vegy\u00e9l hideg (vagy forr\u00f3) zuhanyt<\/li>\n<li>j\u00e1tssz valamivel<\/li>\n<\/ul>\n<h2><strong>Tiszteld a tested<\/strong><\/h2>\n<p>Gyakran nagyon korl\u00e1toz\u00f3 di\u00e9t\u00e1kat v\u00e1llalunk, mert \u00fagy \u00e9rezz\u00fck, hogy a test\u00fcnk nem \u00fagy n\u00e9z ki, ahogy szeretn\u00e9nk. Vannak, akik eres Tour de France-l\u00e1bakra v\u00e1gynak, m\u00e1sok nagyobb combizmot szeretn\u00e9nek a sprintel\u00e9sekhez, sokan pedig karcs\u00fabbak akarnak lenni a k\u00f6nnyebb m\u00e1sz\u00e1s \u00e9rdek\u00e9ben. Az intuit\u00edv \u00e9tkez\u00e9s arra b\u00e1tor\u00edt, hogy fogadd el, hogy a tested val\u00f3sz\u00edn\u0171leg sosem fog \u00fagy kin\u00e9zni, mint agy profi ker\u00e9kp\u00e1ros\u00e9. Ez nem azt jelenti, hogy nem fogsz fejl\u0151dni, ha mozogsz, \u00e9s j\u00f3l eszel. Fontos azonban, hogy ne \u00e9rezd magad rosszul a testedben!<\/p>\n<figure id=\"attachment_12773\" aria-describedby=\"caption-attachment-12773\" style=\"width: 1800px\" class=\"wp-caption alignnone\"><a href=\"https:\/\/d2p6e6u75xmxt8.cloudfront.net\/12\/2021\/10\/profimedia-0303146691.jpg\"><img loading=\"lazy\" decoding=\"async\" class=\"wp-image-12773 size-full\" src=\"https:\/\/d2p6e6u75xmxt8.cloudfront.net\/12\/2021\/10\/profimedia-0303146691.jpg\" alt=\"Cyclist\" width=\"1800\" height=\"976\" srcset=\"https:\/\/d2p6e6u75xmxt8.cloudfront.net\/12\/2021\/10\/profimedia-0303146691.jpg 1800w, https:\/\/d2p6e6u75xmxt8.cloudfront.net\/12\/2021\/10\/profimedia-0303146691-300x163.jpg 300w, https:\/\/d2p6e6u75xmxt8.cloudfront.net\/12\/2021\/10\/profimedia-0303146691-1024x555.jpg 1024w, https:\/\/d2p6e6u75xmxt8.cloudfront.net\/12\/2021\/10\/profimedia-0303146691-768x416.jpg 768w, https:\/\/d2p6e6u75xmxt8.cloudfront.net\/12\/2021\/10\/profimedia-0303146691-1536x833.jpg 1536w\" sizes=\"auto, (max-width: 1800px) 100vw, 1800px\" \/><\/a><figcaption id=\"caption-attachment-12773\" class=\"wp-caption-text\"><em>Tiszteld a tested jelz\u00e9seit. \u00a9 Profimedia<\/em><\/figcaption><\/figure>\n<h2><strong>Figyelj az eg\u00e9szs\u00e9gedre!<\/strong><\/h2>\n<p>A legt\u00f6bb di\u00e9ta el\u0151t\u00e9rbe helyezi a t\u00e1pl\u00e1lkoz\u00e1st \u00e9s az eg\u00e9szs\u00e9ges \u00e9teleket. Megpr\u00f3b\u00e1lj\u00e1k r\u00e1der\u0151ltetni a kelk\u00e1poszt\u00e1t, \u00e9s neked kell kital\u00e1lnod, hogyan szerethetn\u00e9d meg. Ez pedig ahhoz vezet, hogy megtanulod, hogy az eg\u00e9szs\u00e9ges \u00e9telek nem finomak, ez\u00e9rt a lehet\u0151 legkevesebbet eszed bel\u0151l\u00fck. Az intutit\u00edv \u00e9tkez\u00e9s arra \u00f6szt\u00f6n\u00f6z, hogy els\u0151sorban olyan \u00e9teleket v\u00e1lassz, amiket sz\u00edvesen fogyasztasz, \u00e9s csak m\u00e1sodsorban figyelj a t\u00e1pl\u00e1l\u00f3 \u00e9s eg\u00e9szs\u00e9ges \u00f6sszetev\u0151kre. Ez a priorit\u00e1si sorrend paradox m\u00f3don gyakran eg\u00e9szs\u00e9gesebb d\u00f6nt\u00e9sekhez vezet hossz\u00fa t\u00e1von.<\/p>\n<h2><strong>Mozogj, ahogy szeretn\u00e9l!<\/strong><\/h2>\n<p>Az intuit\u00edv \u00e9tkez\u00e9s sem hagyja figyelmen k\u00edv\u00fcl a mozg\u00e1s fontoss\u00e1g\u00e1t. Utols\u00f3 alapelve az, hogy olyan mozg\u00e1sform\u00e1t v\u00e9gezz, amit \u00e9lvezel! Ne a kal\u00f3ri\u00e1k \u00e9get\u00e9s\u00e9re helyezd a hangs\u00falyt, hanem az energiz\u00e1l\u00f3 mozg\u00e1sra, amit\u0151l er\u0151snek \u00e9s elevennek \u00e9rzed magad! Azoknak, akik szeretnek biciklizni, egyszer\u0171 a k\u00e9plet. Tekerj sz\u00f3rakoz\u00e1sb\u00f3l!<\/p>\n<p>Ha nem vagy benne biztos, hogy ez az \u00e9tkez\u00e9s megfelel\u0151-e a sz\u00e1modra, a k\u00f6vetkez\u0151 cikkben seg\u00edt\u00fcnk eld\u00f6nteni! Kiemel\u00fcnk n\u00e9h\u00e1ny embert\u00edpust, akik hajlamosak j\u00f3l enni, ha intuit\u00edv \u00e9tkez\u00e9sr\u0151l van sz\u00f3, \u00e9s olyanokat is, akik nagyobb es\u00e9llyel j\u00e1rnak rosszul, ha ezt a m\u00f3dszert v\u00e1lasztj\u00e1k.<\/p>\n","protected":false},"excerpt":{"rendered":"<p>Az intuit\u00edv \u00e9trendben nincsenek korl\u00e1tok \u00e9s nincsenek rossz \u00e9telek. Ez a megk\u00f6zel\u00edt\u00e9s arr\u00f3l sz\u00f3l, hogy a test \u00e1ltal k\u00fcld\u00f6tt jelekre [&hellip;]<\/p>\n","protected":false},"author":71,"featured_media":12775,"comment_status":"open","ping_status":"open","sticky":false,"template":"","format":"standard","meta":{"footnotes":""},"categories":[6],"tags":[],"global-categories":[],"class_list":["post-12771","post","type-post","status-publish","format-standard","has-post-thumbnail","hentry","category-edzes-es-eletmod"],"yoast_head":"<!-- This site is optimized with the Yoast SEO Premium plugin v25.3 (Yoast SEO v25.9) - https:\/\/yoast.com\/wordpress\/plugins\/seo\/ -->\n<title>Intuit\u00edv \u00e9tkez\u00e9s bicikliseknek \u2013 Alappill\u00e9rek<\/title>\n<meta name=\"description\" content=\"Az intuit\u00edv \u00e9trendben nincsenek korl\u00e1tok \u00e9s nincsenek rossz \u00e9telek. Ez a megk\u00f6zel\u00edt\u00e9s arr\u00f3l sz\u00f3l, hogy a test \u00e1ltal k\u00fcld\u00f6tt jelekre t\u00e1maszkodjunk. Cikk\u00fcnkben bemutatunk n\u00e9h\u00e1ny alapelvet, melyek seg\u00edtenek a di\u00e9t\u00e1s gondolkod\u00e1sm\u00f3dot magad m\u00f6g\u00f6tt hagyni \u00e9s elsaj\u00e1t\u00edtani az intuit\u00edv szeml\u00e9letet.\" \/>\n<meta name=\"robots\" content=\"index, follow, max-snippet:-1, max-image-preview:large, max-video-preview:-1\" \/>\n<link rel=\"canonical\" href=\"https:\/\/www.welovecycling.com\/hu\/edzes-es-eletmod\/intuitiv-etkezes-bicikliseknek-alappillerek\/\" \/>\n<meta property=\"og:locale\" content=\"hu_HU\" \/>\n<meta property=\"og:type\" content=\"article\" \/>\n<meta property=\"og:title\" content=\"Intuit\u00edv \u00e9tkez\u00e9s bicikliseknek \u2013 Alappill\u00e9rek\" \/>\n<meta property=\"og:description\" content=\"Az intuit\u00edv \u00e9trendben nincsenek korl\u00e1tok \u00e9s nincsenek rossz \u00e9telek. Ez a megk\u00f6zel\u00edt\u00e9s arr\u00f3l sz\u00f3l, hogy a test \u00e1ltal k\u00fcld\u00f6tt jelekre t\u00e1maszkodjunk. Cikk\u00fcnkben bemutatunk n\u00e9h\u00e1ny alapelvet, melyek seg\u00edtenek a di\u00e9t\u00e1s gondolkod\u00e1sm\u00f3dot magad m\u00f6g\u00f6tt hagyni \u00e9s elsaj\u00e1t\u00edtani az intuit\u00edv szeml\u00e9letet.\" \/>\n<meta property=\"og:url\" content=\"https:\/\/www.welovecycling.com\/hu\/edzes-es-eletmod\/intuitiv-etkezes-bicikliseknek-alappillerek\/\" \/>\n<meta property=\"og:site_name\" content=\"\u0160koda We Love Cycling - Magyarorsz\u00e1g\" \/>\n<meta property=\"article:publisher\" content=\"https:\/\/www.facebook.com\/WeLoveCyclingHungary\/\" \/>\n<meta property=\"article:published_time\" content=\"2021-10-27T06:00:32+00:00\" \/>\n<meta property=\"og:image\" content=\"https:\/\/d2p6e6u75xmxt8.cloudfront.net\/12\/2021\/10\/Chicken-stew-profimedia-0451824495-CVR.jpg\" \/>\n\t<meta property=\"og:image:width\" content=\"1366\" \/>\n\t<meta property=\"og:image:height\" content=\"600\" \/>\n\t<meta property=\"og:image:type\" content=\"image\/jpeg\" \/>\n<meta name=\"author\" content=\"hegyizs\" \/>\n<meta name=\"twitter:card\" content=\"summary_large_image\" \/>\n<meta name=\"twitter:label1\" content=\"Written by\" \/>\n\t<meta name=\"twitter:data1\" content=\"Jiri Kaloc\" \/>\n\t<meta name=\"twitter:label2\" content=\"Est. reading time\" \/>\n\t<meta name=\"twitter:data2\" content=\"5\" \/>\n<script type=\"application\/ld+json\" class=\"yoast-schema-graph\">{\"@context\":\"https:\/\/schema.org\",\"@graph\":[{\"@type\":\"WebPage\",\"@id\":\"https:\/\/www.welovecycling.com\/hu\/edzes-es-eletmod\/intuitiv-etkezes-bicikliseknek-alappillerek\/\",\"url\":\"https:\/\/www.welovecycling.com\/hu\/edzes-es-eletmod\/intuitiv-etkezes-bicikliseknek-alappillerek\/\",\"name\":\"Intuit\u00edv \u00e9tkez\u00e9s bicikliseknek \u2013 Alappill\u00e9rek\",\"isPartOf\":{\"@id\":\"https:\/\/www.welovecycling.com\/hu\/#website\"},\"primaryImageOfPage\":{\"@id\":\"https:\/\/www.welovecycling.com\/hu\/edzes-es-eletmod\/intuitiv-etkezes-bicikliseknek-alappillerek\/#primaryimage\"},\"image\":{\"@id\":\"https:\/\/www.welovecycling.com\/hu\/edzes-es-eletmod\/intuitiv-etkezes-bicikliseknek-alappillerek\/#primaryimage\"},\"thumbnailUrl\":\"https:\/\/d2p6e6u75xmxt8.cloudfront.net\/12\/2021\/10\/Chicken-stew-profimedia-0451824495-CVR.jpg\",\"datePublished\":\"2021-10-27T06:00:32+00:00\",\"author\":{\"@id\":\"https:\/\/www.welovecycling.com\/hu\/#\/schema\/person\/414a2aebf1801691a5320edb6468e194\"},\"description\":\"Az intuit\u00edv \u00e9trendben nincsenek korl\u00e1tok \u00e9s nincsenek rossz \u00e9telek. Ez a megk\u00f6zel\u00edt\u00e9s arr\u00f3l sz\u00f3l, hogy a test \u00e1ltal k\u00fcld\u00f6tt jelekre t\u00e1maszkodjunk. Cikk\u00fcnkben bemutatunk n\u00e9h\u00e1ny alapelvet, melyek seg\u00edtenek a di\u00e9t\u00e1s gondolkod\u00e1sm\u00f3dot magad m\u00f6g\u00f6tt hagyni \u00e9s elsaj\u00e1t\u00edtani az intuit\u00edv szeml\u00e9letet.\",\"breadcrumb\":{\"@id\":\"https:\/\/www.welovecycling.com\/hu\/edzes-es-eletmod\/intuitiv-etkezes-bicikliseknek-alappillerek\/#breadcrumb\"},\"inLanguage\":\"hu\",\"potentialAction\":[{\"@type\":\"ReadAction\",\"target\":[\"https:\/\/www.welovecycling.com\/hu\/edzes-es-eletmod\/intuitiv-etkezes-bicikliseknek-alappillerek\/\"]}]},{\"@type\":\"ImageObject\",\"inLanguage\":\"hu\",\"@id\":\"https:\/\/www.welovecycling.com\/hu\/edzes-es-eletmod\/intuitiv-etkezes-bicikliseknek-alappillerek\/#primaryimage\",\"url\":\"https:\/\/d2p6e6u75xmxt8.cloudfront.net\/12\/2021\/10\/Chicken-stew-profimedia-0451824495-CVR.jpg\",\"contentUrl\":\"https:\/\/d2p6e6u75xmxt8.cloudfront.net\/12\/2021\/10\/Chicken-stew-profimedia-0451824495-CVR.jpg\",\"width\":1366,\"height\":600,\"caption\":\"Chicken stew\"},{\"@type\":\"BreadcrumbList\",\"@id\":\"https:\/\/www.welovecycling.com\/hu\/edzes-es-eletmod\/intuitiv-etkezes-bicikliseknek-alappillerek\/#breadcrumb\",\"itemListElement\":[{\"@type\":\"ListItem\",\"position\":1,\"name\":\"Home\",\"item\":\"https:\/\/www.welovecycling.com\/hu\/\"},{\"@type\":\"ListItem\",\"position\":2,\"name\":\"Intuit\u00edv \u00e9tkez\u00e9s bicikliseknek \u2013 Alappill\u00e9rek\"}]},{\"@type\":\"WebSite\",\"@id\":\"https:\/\/www.welovecycling.com\/hu\/#website\",\"url\":\"https:\/\/www.welovecycling.com\/hu\/\",\"name\":\"\u0160koda We Love Cycling - Magyarorsz\u00e1g\",\"description\":\"\u0160koda WeLoveCycling\",\"potentialAction\":[{\"@type\":\"SearchAction\",\"target\":{\"@type\":\"EntryPoint\",\"urlTemplate\":\"https:\/\/www.welovecycling.com\/hu\/?s={search_term_string}\"},\"query-input\":{\"@type\":\"PropertyValueSpecification\",\"valueRequired\":true,\"valueName\":\"search_term_string\"}}],\"inLanguage\":\"hu\"},{\"@type\":\"Person\",\"@id\":\"https:\/\/www.welovecycling.com\/hu\/#\/schema\/person\/414a2aebf1801691a5320edb6468e194\",\"name\":\"hegyizs\",\"image\":{\"@type\":\"ImageObject\",\"inLanguage\":\"hu\",\"@id\":\"https:\/\/www.welovecycling.com\/hu\/#\/schema\/person\/image\/\",\"url\":\"https:\/\/secure.gravatar.com\/avatar\/02cf8a7906b8cf90cecb4679defac7cfd33a1c2e3b88e4903d947f3bb58eedd3?s=96&d=mm&r=g\",\"contentUrl\":\"https:\/\/secure.gravatar.com\/avatar\/02cf8a7906b8cf90cecb4679defac7cfd33a1c2e3b88e4903d947f3bb58eedd3?s=96&d=mm&r=g\",\"caption\":\"hegyizs\"},\"url\":\"https:\/\/www.welovecycling.com\/hu\/author\/hegyizs\/\"}]}<\/script>\n<!-- \/ Yoast SEO Premium plugin. -->","yoast_head_json":{"title":"Intuit\u00edv \u00e9tkez\u00e9s bicikliseknek \u2013 Alappill\u00e9rek","description":"Az intuit\u00edv \u00e9trendben nincsenek korl\u00e1tok \u00e9s nincsenek rossz \u00e9telek. Ez a megk\u00f6zel\u00edt\u00e9s arr\u00f3l sz\u00f3l, hogy a test \u00e1ltal k\u00fcld\u00f6tt jelekre t\u00e1maszkodjunk. Cikk\u00fcnkben bemutatunk n\u00e9h\u00e1ny alapelvet, melyek seg\u00edtenek a di\u00e9t\u00e1s gondolkod\u00e1sm\u00f3dot magad m\u00f6g\u00f6tt hagyni \u00e9s elsaj\u00e1t\u00edtani az intuit\u00edv szeml\u00e9letet.","robots":{"index":"index","follow":"follow","max-snippet":"max-snippet:-1","max-image-preview":"max-image-preview:large","max-video-preview":"max-video-preview:-1"},"canonical":"https:\/\/www.welovecycling.com\/hu\/edzes-es-eletmod\/intuitiv-etkezes-bicikliseknek-alappillerek\/","og_locale":"hu_HU","og_type":"article","og_title":"Intuit\u00edv \u00e9tkez\u00e9s bicikliseknek \u2013 Alappill\u00e9rek","og_description":"Az intuit\u00edv \u00e9trendben nincsenek korl\u00e1tok \u00e9s nincsenek rossz \u00e9telek. Ez a megk\u00f6zel\u00edt\u00e9s arr\u00f3l sz\u00f3l, hogy a test \u00e1ltal k\u00fcld\u00f6tt jelekre t\u00e1maszkodjunk. Cikk\u00fcnkben bemutatunk n\u00e9h\u00e1ny alapelvet, melyek seg\u00edtenek a di\u00e9t\u00e1s gondolkod\u00e1sm\u00f3dot magad m\u00f6g\u00f6tt hagyni \u00e9s elsaj\u00e1t\u00edtani az intuit\u00edv szeml\u00e9letet.","og_url":"https:\/\/www.welovecycling.com\/hu\/edzes-es-eletmod\/intuitiv-etkezes-bicikliseknek-alappillerek\/","og_site_name":"\u0160koda We Love Cycling - Magyarorsz\u00e1g","article_publisher":"https:\/\/www.facebook.com\/WeLoveCyclingHungary\/","article_published_time":"2021-10-27T06:00:32+00:00","og_image":[{"width":1366,"height":600,"url":"https:\/\/d2p6e6u75xmxt8.cloudfront.net\/12\/2021\/10\/Chicken-stew-profimedia-0451824495-CVR.jpg","type":"image\/jpeg"}],"author":"hegyizs","twitter_card":"summary_large_image","twitter_misc":{"Written by":"Jiri Kaloc","Est. reading time":"5"},"schema":{"@context":"https:\/\/schema.org","@graph":[{"@type":"WebPage","@id":"https:\/\/www.welovecycling.com\/hu\/edzes-es-eletmod\/intuitiv-etkezes-bicikliseknek-alappillerek\/","url":"https:\/\/www.welovecycling.com\/hu\/edzes-es-eletmod\/intuitiv-etkezes-bicikliseknek-alappillerek\/","name":"Intuit\u00edv \u00e9tkez\u00e9s bicikliseknek \u2013 Alappill\u00e9rek","isPartOf":{"@id":"https:\/\/www.welovecycling.com\/hu\/#website"},"primaryImageOfPage":{"@id":"https:\/\/www.welovecycling.com\/hu\/edzes-es-eletmod\/intuitiv-etkezes-bicikliseknek-alappillerek\/#primaryimage"},"image":{"@id":"https:\/\/www.welovecycling.com\/hu\/edzes-es-eletmod\/intuitiv-etkezes-bicikliseknek-alappillerek\/#primaryimage"},"thumbnailUrl":"https:\/\/d2p6e6u75xmxt8.cloudfront.net\/12\/2021\/10\/Chicken-stew-profimedia-0451824495-CVR.jpg","datePublished":"2021-10-27T06:00:32+00:00","author":{"@id":"https:\/\/www.welovecycling.com\/hu\/#\/schema\/person\/414a2aebf1801691a5320edb6468e194"},"description":"Az intuit\u00edv \u00e9trendben nincsenek korl\u00e1tok \u00e9s nincsenek rossz \u00e9telek. Ez a megk\u00f6zel\u00edt\u00e9s arr\u00f3l sz\u00f3l, hogy a test \u00e1ltal k\u00fcld\u00f6tt jelekre t\u00e1maszkodjunk. Cikk\u00fcnkben bemutatunk n\u00e9h\u00e1ny alapelvet, melyek seg\u00edtenek a di\u00e9t\u00e1s gondolkod\u00e1sm\u00f3dot magad m\u00f6g\u00f6tt hagyni \u00e9s elsaj\u00e1t\u00edtani az intuit\u00edv szeml\u00e9letet.","breadcrumb":{"@id":"https:\/\/www.welovecycling.com\/hu\/edzes-es-eletmod\/intuitiv-etkezes-bicikliseknek-alappillerek\/#breadcrumb"},"inLanguage":"hu","potentialAction":[{"@type":"ReadAction","target":["https:\/\/www.welovecycling.com\/hu\/edzes-es-eletmod\/intuitiv-etkezes-bicikliseknek-alappillerek\/"]}]},{"@type":"ImageObject","inLanguage":"hu","@id":"https:\/\/www.welovecycling.com\/hu\/edzes-es-eletmod\/intuitiv-etkezes-bicikliseknek-alappillerek\/#primaryimage","url":"https:\/\/d2p6e6u75xmxt8.cloudfront.net\/12\/2021\/10\/Chicken-stew-profimedia-0451824495-CVR.jpg","contentUrl":"https:\/\/d2p6e6u75xmxt8.cloudfront.net\/12\/2021\/10\/Chicken-stew-profimedia-0451824495-CVR.jpg","width":1366,"height":600,"caption":"Chicken stew"},{"@type":"BreadcrumbList","@id":"https:\/\/www.welovecycling.com\/hu\/edzes-es-eletmod\/intuitiv-etkezes-bicikliseknek-alappillerek\/#breadcrumb","itemListElement":[{"@type":"ListItem","position":1,"name":"Home","item":"https:\/\/www.welovecycling.com\/hu\/"},{"@type":"ListItem","position":2,"name":"Intuit\u00edv \u00e9tkez\u00e9s bicikliseknek \u2013 Alappill\u00e9rek"}]},{"@type":"WebSite","@id":"https:\/\/www.welovecycling.com\/hu\/#website","url":"https:\/\/www.welovecycling.com\/hu\/","name":"\u0160koda We Love Cycling - Magyarorsz\u00e1g","description":"\u0160koda WeLoveCycling","potentialAction":[{"@type":"SearchAction","target":{"@type":"EntryPoint","urlTemplate":"https:\/\/www.welovecycling.com\/hu\/?s={search_term_string}"},"query-input":{"@type":"PropertyValueSpecification","valueRequired":true,"valueName":"search_term_string"}}],"inLanguage":"hu"},{"@type":"Person","@id":"https:\/\/www.welovecycling.com\/hu\/#\/schema\/person\/414a2aebf1801691a5320edb6468e194","name":"hegyizs","image":{"@type":"ImageObject","inLanguage":"hu","@id":"https:\/\/www.welovecycling.com\/hu\/#\/schema\/person\/image\/","url":"https:\/\/secure.gravatar.com\/avatar\/02cf8a7906b8cf90cecb4679defac7cfd33a1c2e3b88e4903d947f3bb58eedd3?s=96&d=mm&r=g","contentUrl":"https:\/\/secure.gravatar.com\/avatar\/02cf8a7906b8cf90cecb4679defac7cfd33a1c2e3b88e4903d947f3bb58eedd3?s=96&d=mm&r=g","caption":"hegyizs"},"url":"https:\/\/www.welovecycling.com\/hu\/author\/hegyizs\/"}]}},"_links":{"self":[{"href":"https:\/\/www.welovecycling.com\/hu\/wp-json\/wp\/v2\/posts\/12771","targetHints":{"allow":["GET"]}}],"collection":[{"href":"https:\/\/www.welovecycling.com\/hu\/wp-json\/wp\/v2\/posts"}],"about":[{"href":"https:\/\/www.welovecycling.com\/hu\/wp-json\/wp\/v2\/types\/post"}],"author":[{"embeddable":true,"href":"https:\/\/www.welovecycling.com\/hu\/wp-json\/wp\/v2\/users\/71"}],"replies":[{"embeddable":true,"href":"https:\/\/www.welovecycling.com\/hu\/wp-json\/wp\/v2\/comments?post=12771"}],"version-history":[{"count":2,"href":"https:\/\/www.welovecycling.com\/hu\/wp-json\/wp\/v2\/posts\/12771\/revisions"}],"predecessor-version":[{"id":12776,"href":"https:\/\/www.welovecycling.com\/hu\/wp-json\/wp\/v2\/posts\/12771\/revisions\/12776"}],"wp:featuredmedia":[{"embeddable":true,"href":"https:\/\/www.welovecycling.com\/hu\/wp-json\/wp\/v2\/media\/12775"}],"wp:attachment":[{"href":"https:\/\/www.welovecycling.com\/hu\/wp-json\/wp\/v2\/media?parent=12771"}],"wp:term":[{"taxonomy":"category","embeddable":true,"href":"https:\/\/www.welovecycling.com\/hu\/wp-json\/wp\/v2\/categories?post=12771"},{"taxonomy":"post_tag","embeddable":true,"href":"https:\/\/www.welovecycling.com\/hu\/wp-json\/wp\/v2\/tags?post=12771"},{"taxonomy":"global-categories","embeddable":true,"href":"https:\/\/www.welovecycling.com\/hu\/wp-json\/wp\/v2\/global-categories?post=12771"}],"curies":[{"name":"wp","href":"https:\/\/api.w.org\/{rel}","templated":true}]}}