{"id":12762,"date":"2021-10-29T08:00:19","date_gmt":"2021-10-29T06:00:19","guid":{"rendered":"https:\/\/www.welovecycling.com\/hu\/?p=12762"},"modified":"2021-10-21T13:31:49","modified_gmt":"2021-10-21T11:31:49","slug":"az-5-legjobb-europai-biciklipark-a-kovetkezo-utazasodhoz","status":"publish","type":"post","link":"https:\/\/www.welovecycling.com\/hu\/trekking-mtb\/az-5-legjobb-europai-biciklipark-a-kovetkezo-utazasodhoz\/","title":{"rendered":"Az 5 legjobb eur\u00f3pai biciklipark a k\u00f6vetkez\u0151 utaz\u00e1sodhoz"},"content":{"rendered":"<p><strong>Igen, tiszt\u00e1ban vagyunk vele, hogy m\u00e1r t\u00fal vagyunk a downhill-szezon cs\u00facspontj\u00e1n, \u00e9s a legt\u00f6bb ker\u00e9kp\u00e1rpark bez\u00e1rt az \u00e9vre. Ez azonban nem jelenti azt, hogy ne tervezgethetn\u00e9nk a j\u00f6v\u0151 ny\u00e1ri vak\u00e1ci\u00f3nkat! Nincs is jobb hely a szabads\u00e1gunk elt\u00f6lt\u00e9s\u00e9re, mint egy ker\u00e9kp\u00e1ros park, ahol hihetetlen emberek gy\u0171lnek \u00f6ssze, akik fantasztikus dolgokat csin\u00e1lnak! Biztosan ismersz j\u00f3n\u00e9h\u00e1ny szuper bringaparkot Eur\u00f3p\u00e1ban, hadd mondjuk el, nek\u00fcnk melyik az \u00f6t kedvenc\u00fcnk, ahol v\u00e9gigsz\u00e1guldozhatod a nyarat a hegyi \u00f6sv\u00e9nyeken.<\/strong><\/p>\n<p><!--more--><\/p>\n<h2><strong>Vallnord Bike Park, Andorra<\/strong><\/h2>\n<div class=\"embed-controller-wrapper\">\n<blockquote class=\"twitter-tweet\" data-width=\"500\" data-dnt=\"true\">\n<p lang=\"ca\" dir=\"ltr\">Vallnord-Pal Arinsal mant\u00e9 obert el Bike Park fins al 12 d&#39;octubre <a href=\"https:\/\/twitter.com\/palarinsal?ref_src=twsrc%5Etfw\">@palarinsal<\/a> <a href=\"https:\/\/t.co\/TxmeQq0Lkv\">https:\/\/t.co\/TxmeQq0Lkv<\/a> <a href=\"https:\/\/t.co\/uAnQ0hJCai\">pic.twitter.com\/uAnQ0hJCai<\/a><\/p>\n<p>&mdash; Diari d&#39;Andorra (@diariandorra) <a href=\"https:\/\/twitter.com\/diariandorra\/status\/1427595722858418200?ref_src=twsrc%5Etfw\">August 17, 2021<\/a><\/p><\/blockquote>\n<p><script async data-src=\"https:\/\/platform.twitter.com\/widgets.js\" charset=\"utf-8\"><\/script><\/div>\n<p>A vil\u00e1g egyik legkisebb orsz\u00e1g\u00e1ban h\u00faz\u00f3dik meg az egyik legszebb, legjobban megtervezett \u00e9s legh\u00edresebb eur\u00f3pai ker\u00e9kp\u00e1ros park. Sokkal nagyobb kih\u00edv\u00e1s mag\u00e1t az orsz\u00e1got megtal\u00e1lni a t\u00e9rk\u00e9pen, mint benne a Vallnord Bike Parkot. Andorra a Pireneusok sz\u00edv\u00e9nek m\u00e9ly\u00e9n, k\u00f6zvetlen\u00fcl Franciaorsz\u00e1g \u00e9s Spanyolorsz\u00e1g k\u00f6z\u00f6tt helyezkedik el, \u00edgy mondanunk sem kell, milyen leny\u0171g\u00f6z\u0151 kil\u00e1t\u00e1st \u00e9s lehet\u0151s\u00e9geket biztos\u00edt. Ennek ismeret\u00e9ben nem csoda, hogy Vallnord sz\u00e1mos vil\u00e1gbajnoki esem\u00e9nynek ad otthont mind DH, mind s\u00edfut\u00f3 versenyeken.<\/p>\n<p>A Vallnord Bike Park 40 km kiemelked\u0151 min\u0151s\u00e9g\u0171 utat k\u00edn\u00e1l, melyek 2354 m m\u00e9teres magass\u00e1gb\u00f3l indulnak lefel\u00e9. 21 DH p\u00e1lya, 2 enduro p\u00e1lya \u00e9s sz\u00e1mos m\u00e1s \u00fatvonal mellett m\u00e9g egy e-bike p\u00e1ly\u00e1t is tal\u00e1lsz. A legjobb az eg\u00e9szben, hogy csal\u00e1ddal is mehetsz, hiszen gyakorl\u00f3- \u00e9s gyerekp\u00e1lya is van. A Vallnord Bike Park m\u00e1jus k\u00f6zep\u00e9t\u0151l okt\u00f3ber k\u00f6zep\u00e9ig tart nyitva, a sz\u00e1ll\u00e1sok \u00e1ra \u00e9s maga a park is viszonylag olcs\u00f3 eur\u00f3pai viszonylatban, az italok \u00e9s az \u00e9telek pedig kiemelked\u0151ek. Ha \u00fagy \u00e9rzed, hogy ez lesz a j\u00f6v\u0151 ny\u00e1ri vak\u00e1ci\u00f3 sz\u00ednhelye, a <a href=\"https:\/\/vallnordpalarinsal.com\/en\/\">Vallnord Bike Park weboldal\u00e1n<\/a> minden r\u00e9szletet megtudhatsz!<\/p>\n<h2><strong>\u00c5re Bike Park, Sv\u00e9dorsz\u00e1g<\/strong><\/h2>\n<div class=\"embed-controller-wrapper\">\n<blockquote class=\"twitter-tweet\" data-width=\"500\" data-dnt=\"true\">\n<p lang=\"da\" dir=\"ltr\">Livet m\u00e5 ikke v\u00e6re s\u00e5 slitsomt hele tiden \ud83d\ude05<\/p>\n<p>NB! <br \/>Jeg har ikke ferie alts\u00e5 \ud83d\ude0a<a href=\"https:\/\/twitter.com\/hashtag\/%C3%A5rebikepark?src=hash&amp;ref_src=twsrc%5Etfw\">#\u00e5rebikepark<\/a> <a href=\"https:\/\/t.co\/oToeIcigCZ\">pic.twitter.com\/oToeIcigCZ<\/a><\/p>\n<p>&mdash; P\u00e5l Restad (@palrestad) <a href=\"https:\/\/twitter.com\/palrestad\/status\/1413437596554825729?ref_src=twsrc%5Etfw\">July 9, 2021<\/a><\/p><\/blockquote>\n<p><script async data-src=\"https:\/\/platform.twitter.com\/widgets.js\" charset=\"utf-8\"><\/script><\/div>\n<p>Az \u00c5re Bike Park bizony\u00edtja, hogy egy viszonylag alacsony hegy is vil\u00e1gsz\u00ednvonal\u00fa ker\u00e9kp\u00e1rparkk\u00e1 v\u00e1lhat. A park 1 274 m magas cs\u00facsa t\u00f6rpe lehet m\u00e1s helysz\u00ednekhez k\u00e9pest, azonban a kil\u00e1t\u00e1s l\u00e9legzetel\u00e1ll\u00edt\u00f3. T\u00f6bb ezer sz\u00e9tsz\u00f3r\u00f3dott t\u00f3 a l\u00e1that\u00e1ron, itt-ott apr\u00f3 falvakkal. A bonyolult, m\u00e9gis remek\u00fcl k\u00f6vethet\u0151 utakat pedig kifog\u00e1stalanul karban tartj\u00e1k.<\/p>\n<p>Az \u00c5re Bike Park 50 km tiszta adrenalint k\u00edn\u00e1l 34 p\u00e1ly\u00e1ra osztva. A 7 z\u00f6ld p\u00e1lya lehet\u0151v\u00e9 teszi a kezd\u0151k sz\u00e1m\u00e1ra, hogy biztons\u00e1gban \u00e9rezz\u00e9k magukat az MTB felfedez\u00e9se k\u00f6zben. Ugyanakkor a 8 fekete p\u00e1lya befogadja az \u00f6sszes versenyz\u0151t, akik be akarj\u00e1k bizony\u00edtani, hogy a gravit\u00e1ci\u00f3 nem m\u00e1s, mint koncepci\u00f3. 8 k\u00e9k \u00e9s 9 piros p\u00e1lya is van, melyek kiel\u00e9g\u00edtik mindenki ig\u00e9nyeit, f\u00fcggetlen\u00fcl a k\u00e9szs\u00e9geit\u0151l. A legjobb az eg\u00e9szben, hogy az eg\u00e9sz \u00c5re k\u00f6rny\u00e9ke leny\u0171g\u00f6z\u0151, \u00e9s k\u00f6nnyed\u00e9n \u00f6tv\u00f6zheted a bicikliz\u00e9st valamilyen kultur\u00e1lis, szabadid\u0151s vagy kulin\u00e1ris turizmussal vagy gyalogt\u00far\u00e1val. T\u00f6k\u00e9letes hely, ha a m\u00e1sik feled kicsit kev\u00e9sb\u00e9 szeret biciklizni, mint te.<\/p>\n<h2><strong>Mottolino Bike Park, Olaszorsz\u00e1g<\/strong><\/h2>\n<div class=\"embed-controller-wrapper\">\n<blockquote class=\"twitter-tweet\" data-width=\"500\" data-dnt=\"true\">\n<p lang=\"en\" dir=\"ltr\">In just 3 days the Bike Park <a href=\"https:\/\/twitter.com\/Mottolino?ref_src=twsrc%5Etfw\">@Mottolino<\/a>  will open! And you have just one day to take advantage of the <a href=\"https:\/\/twitter.com\/hashtag\/BikePass?src=hash&amp;ref_src=twsrc%5Etfw\">#BikePass<\/a> early buying, to be used all the summer long &gt;&gt; get your discount here <a href=\"https:\/\/t.co\/k9jMnBkgjs\">https:\/\/t.co\/k9jMnBkgjs<\/a> <a href=\"https:\/\/t.co\/MxBy60lgAA\">pic.twitter.com\/MxBy60lgAA<\/a><\/p>\n<p>&mdash; Livigno (@Livigno) <a href=\"https:\/\/twitter.com\/Livigno\/status\/1402720337696022530?ref_src=twsrc%5Etfw\">June 9, 2021<\/a><\/p><\/blockquote>\n<p><script async data-src=\"https:\/\/platform.twitter.com\/widgets.js\" charset=\"utf-8\"><\/script><\/div>\n<p>\u00d3, Olaszorsz\u00e1g. Csod\u00e1latos \u00e9telek, v\u00e9ge\u00e9rhetetlen kult\u00fara, kiv\u00e1l\u00f3 bor, sz\u00e9ps\u00e9g, foci \u00e9s leny\u0171g\u00f6z\u0151 term\u00e9szet. Nem csoda, hogy a ker\u00e9kp\u00e1rosok is meg\u0151r\u00fclnek \u00e9rte. Mottolino t\u00e9len a s\u00edel\u0151k \u00e9s a snowboardosok mekk\u00e1ja, de amikor elolvad a h\u00f3, a bring\u00e1sok veszik \u00e1t a terepet. Ez a park ad otthont a vil\u00e1g egyik legnagyobb \u00e9s legjobb MTB parkj\u00e1nak.<\/p>\n<p>14 egyedi \u00fatvonala k\u00f6z\u00f6tt mindenki megtal\u00e1lja a nekival\u00f3t. A kezd\u0151k a viszonylag k\u00f6nny\u0171, de hossz\u00fa \u201eTake it easy\u201d \u00e9s az \u201eEnduro Natural Trail\u201d \u00fatvonalakon gyakorolhatnak, m\u00edg a profiknak egyszer\u0171en ki kell pr\u00f3b\u00e1lniuk a \u201eBlack Eye\u201d-t 31,9% -os, cs\u00fasz\u00f3s lejt\u0151ivel. Monokli (black eye) n\u00e9lk\u00fcl kikeveredni innen csak az igaz\u00e1n j\u00f3knak siker\u00fcl. A park j\u00fanius k\u00f6zep\u00e9t\u0151l szeptember v\u00e9g\u00e9ig tart nyitva, az \u00e1rak k\u00f6z\u00e9pkateg\u00f3ri\u00e1j\u00faak. A napi b\u00e9rlet 34 eur\u00f3. Javasoljuk azonban, hogy legal\u00e1bb \u00f6t napra menj, ebben az esetben csak 89 eur\u00f3t kell fizetned \u00e9s alaposan ki\u00e9lvezheted a Mottoline Bike Park minden andrenalinj\u00e1t.<\/p>\n<h2><strong>Chatel Bike Park, Franciaorsz\u00e1g<\/strong><\/h2>\n<div class=\"embed-controller-wrapper\">\n<blockquote class=\"twitter-tweet\" data-width=\"500\" data-dnt=\"true\">\n<p lang=\"fr\" dir=\"ltr\">Une nouvelle saison magique vient de se terminer, des belles images plein la t\u00eate \ud83e\udd29 <br \/>Merci \u00e0 tous pour tous ces beaux moments \ud83e\udd17<br \/>Rendez-vous \u00e0 la Toussaint pour une belle surprise \ud83d\ude09 <a href=\"https:\/\/t.co\/XbdREBzob7\">pic.twitter.com\/XbdREBzob7<\/a><\/p>\n<p>&mdash; Ch\u00e2tel (@Chatel_Officiel) <a href=\"https:\/\/twitter.com\/Chatel_Officiel\/status\/1439888582110552064?ref_src=twsrc%5Etfw\">September 20, 2021<\/a><\/p><\/blockquote>\n<p><script async data-src=\"https:\/\/platform.twitter.com\/widgets.js\" charset=\"utf-8\"><\/script><\/div>\n<p>A Chatel Eur\u00f3pa egyik legnagyobb ker\u00e9kp\u00e1ros parkja, amely v\u00e9gtelen \u00f6r\u00f6met ny\u00fajt azoknak, akik k\u00e9t ker\u00e9ken keresik az izgalmakat \u00e9s a libab\u0151r\u00f6s \u00e9lm\u00e9nyeket. A 21 z\u00f6ld, k\u00e9k, piros \u00e9s fekete \u00f6sv\u00e9ny\u00e9vel a Chatel Bike park szinte minden k\u00e9pzetts\u00e9gi szint\u0171 bring\u00e1st kiszolg\u00e1l. Ez biztosan nem az a hely, ahov\u00e1 egy napra kell j\u00f6nni! T\u00f6k\u00e9letes egy hossz\u00fa ny\u00e1ri vak\u00e1ci\u00f3hoz. A Genfi -t\u00f3, maga Genf, valamint a fest\u0151i francia \u00e9s sv\u00e1jci Alpok k\u00f6zels\u00e9ge miatt az eg\u00e9sz csal\u00e1d sz\u00e1m\u00e1ra felejthetetlen sz\u00f3rakoz\u00e1st ny\u00fajt.<\/p>\n<p>Val\u00f3sz\u00edn\u0171leg a legjobb ebben a parkban a karbantart\u00f3k munk\u00e1ja. A p\u00e1ly\u00e1k mindig a legjobb \u00e1llapotban vannak, kilenc karbantart\u00f3 csapat dolgozik ezen \u00e9jjel \u2013nappal! A k\u00f6zeli Pr\u00e9-la-Joux v\u00e1ros k\u00e9nyelmes sz\u00e1ll\u00e1st, kiv\u00e1l\u00f3 \u00e9teleket \u00e9s vad bulikat k\u00edn\u00e1l \u2013 persze, ha \u00e9ppen nincs vil\u00e1gj\u00e1rv\u00e1ny. Az \u00e1rak viszonylag bar\u00e1ts\u00e1gosak. B\u00e9relhetsz ker\u00e9kp\u00e1rt \u00e9s e-ker\u00e9kp\u00e1rt, haszn\u00e1lhatod a Pr\u00e9-la-Joux-i ker\u00e9kp\u00e1rmos\u00f3t, \u00e9s fel\u00e1r ellen\u00e9ben az \u00f3ri\u00e1si Les Gets \u00e9s Morzine parkokba is eljuthatsz.<\/p>\n<h2><strong>Saalbach\/Hinterglemm\/Leogang\/Fieberbrunn, Ausztria<\/strong><\/h2>\n<div class=\"embed-controller-wrapper\">\n<blockquote class=\"twitter-tweet\" data-width=\"500\" data-dnt=\"true\">\n<p lang=\"en\" dir=\"ltr\">Late Summer in <a href=\"https:\/\/twitter.com\/hashtag\/saalbach?src=hash&amp;ref_src=twsrc%5Etfw\">#saalbach<\/a> \ud83d\ude0d <a href=\"https:\/\/t.co\/iE5T9z7gQy\">pic.twitter.com\/iE5T9z7gQy<\/a><\/p>\n<p>&mdash; Saalbach Hinterglemm (@saalbach) <a href=\"https:\/\/twitter.com\/saalbach\/status\/1438071068258885633?ref_src=twsrc%5Etfw\">September 15, 2021<\/a><\/p><\/blockquote>\n<p><script async data-src=\"https:\/\/platform.twitter.com\/widgets.js\" charset=\"utf-8\"><\/script><\/div>\n<p>Ez el\u00e9g nagy k\u00e1osznak t\u0171nik \u00edgy, tudjuk. Kezdetben n\u00e9gy k\u00fcl\u00f6nb\u00f6z\u0151 ker\u00e9kp\u00e1rparkr\u00f3l besz\u00e9lhett\u00fcnk, azonban n\u00e9h\u00e1ny \u00e9ve egyes\u00edtett\u00e9k \u0151ket \u00e9s kialak\u00edtott\u00e1k Eur\u00f3pa legnagyobb parkj\u00e1t! 400 km \u00fatvonal, 7 hegycs\u00facs \u00e9s v\u00e9gtelen \u00e9lm\u00e9ny. Ennek a parknak ott a helye a bakancslist\u00e1n.<\/p>\n<p>Sok \u00f6sv\u00e9ny egyetlen nyomb\u00f3l \u00e1ll, ami v\u00e9gigh\u00faz\u00f3dik valamelyik hegy oldal\u00e1n. Azonban ezek mellett t\u00f6bb mint 70 km c\u00e9ltudatosan fel\u00e9p\u00edtett extra \u00fat k\u00edn\u00e1l sz\u00f3rakoz\u00e1st \u00e9s adrenalint a b\u00e1trabbaknak. A freeride p\u00e1ly\u00e1k pedig arra cs\u00e1b\u00edtanak, hogy hetekig itt maradj. Ami az \u00f6sv\u00e9nyeket illeti, mindenf\u00e9le l\u00e9tezik, \u00e9s b\u00e1rki megtal\u00e1lhatja a k\u00e9pess\u00e9geinek \u00e9s hangulat\u00e1nak megfelel\u0151t.<\/p>\n<p>Fontold meg az opci\u00f3idat, \u00e9s ha csal\u00e1ddal indulsz \u00fatnak, vesd \u00f6ssze a gyerekeknek sz\u00f3l\u00f3 programokat is. J\u00f3 tervezget\u00e9st!<\/p>\n","protected":false},"excerpt":{"rendered":"<p>Igen, tiszt\u00e1ban vagyunk vele, hogy m\u00e1r t\u00fal vagyunk a downhill-szezon cs\u00facspontj\u00e1n, \u00e9s a legt\u00f6bb ker\u00e9kp\u00e1rpark bez\u00e1rt az \u00e9vre. Ez azonban [&hellip;]<\/p>\n","protected":false},"author":71,"featured_media":12768,"comment_status":"open","ping_status":"open","sticky":false,"template":"","format":"standard","meta":{"footnotes":""},"categories":[7],"tags":[],"global-categories":[],"class_list":["post-12762","post","type-post","status-publish","format-standard","has-post-thumbnail","hentry","category-trekking-mtb"],"yoast_head":"<!-- This site is optimized with the Yoast SEO Premium plugin v25.3 (Yoast SEO v25.9) - https:\/\/yoast.com\/wordpress\/plugins\/seo\/ -->\n<title>Az 5 legjobb eur\u00f3pai biciklipark a k\u00f6vetkez\u0151 utaz\u00e1sodhoz - \u0160koda We Love Cycling - Magyarorsz\u00e1g<\/title>\n<meta name=\"description\" content=\"Igen, tiszt\u00e1ban vagyunk vele, hogy m\u00e1r t\u00fal vagyunk a downhill-szezon cs\u00facspontj\u00e1n, \u00e9s a legt\u00f6bb ker\u00e9kp\u00e1rpark bez\u00e1rt az \u00e9vre. Ez azonban nem jelenti azt, hogy ne tervezgethetn\u00e9nk a j\u00f6v\u0151 ny\u00e1ri vak\u00e1ci\u00f3nkat!\" \/>\n<meta name=\"robots\" content=\"index, follow, max-snippet:-1, max-image-preview:large, max-video-preview:-1\" \/>\n<link rel=\"canonical\" href=\"https:\/\/www.welovecycling.com\/hu\/trekking-mtb\/az-5-legjobb-europai-biciklipark-a-kovetkezo-utazasodhoz\/\" \/>\n<meta property=\"og:locale\" content=\"hu_HU\" \/>\n<meta property=\"og:type\" content=\"article\" \/>\n<meta property=\"og:title\" content=\"Az 5 legjobb eur\u00f3pai biciklipark a k\u00f6vetkez\u0151 utaz\u00e1sodhoz\" \/>\n<meta property=\"og:description\" content=\"Igen, tiszt\u00e1ban vagyunk vele, hogy m\u00e1r t\u00fal vagyunk a downhill-szezon cs\u00facspontj\u00e1n, \u00e9s a legt\u00f6bb ker\u00e9kp\u00e1rpark bez\u00e1rt az \u00e9vre. Ez azonban nem jelenti azt, hogy ne tervezgethetn\u00e9nk a j\u00f6v\u0151 ny\u00e1ri vak\u00e1ci\u00f3nkat!\" \/>\n<meta property=\"og:url\" content=\"https:\/\/www.welovecycling.com\/hu\/trekking-mtb\/az-5-legjobb-europai-biciklipark-a-kovetkezo-utazasodhoz\/\" \/>\n<meta property=\"og:site_name\" content=\"\u0160koda We Love Cycling - Magyarorsz\u00e1g\" \/>\n<meta property=\"article:publisher\" content=\"https:\/\/www.facebook.com\/WeLoveCyclingHungary\/\" \/>\n<meta property=\"article:published_time\" content=\"2021-10-29T06:00:19+00:00\" \/>\n<meta property=\"og:image\" content=\"https:\/\/d2p6e6u75xmxt8.cloudfront.net\/12\/2021\/10\/MTB-Bike-Park-Austria-profimedia-0629936718-CVR.jpg\" \/>\n\t<meta property=\"og:image:width\" content=\"1366\" \/>\n\t<meta property=\"og:image:height\" content=\"600\" \/>\n\t<meta property=\"og:image:type\" content=\"image\/jpeg\" \/>\n<meta name=\"author\" content=\"hegyizs\" \/>\n<meta name=\"twitter:card\" content=\"summary_large_image\" \/>\n<meta name=\"twitter:label1\" content=\"Written by\" \/>\n\t<meta name=\"twitter:data1\" content=\"Martin Atanasov\" \/>\n\t<meta name=\"twitter:label2\" content=\"Est. reading time\" \/>\n\t<meta name=\"twitter:data2\" content=\"6\" \/>\n<script type=\"application\/ld+json\" class=\"yoast-schema-graph\">{\"@context\":\"https:\/\/schema.org\",\"@graph\":[{\"@type\":\"WebPage\",\"@id\":\"https:\/\/www.welovecycling.com\/hu\/trekking-mtb\/az-5-legjobb-europai-biciklipark-a-kovetkezo-utazasodhoz\/\",\"url\":\"https:\/\/www.welovecycling.com\/hu\/trekking-mtb\/az-5-legjobb-europai-biciklipark-a-kovetkezo-utazasodhoz\/\",\"name\":\"Az 5 legjobb eur\u00f3pai biciklipark a k\u00f6vetkez\u0151 utaz\u00e1sodhoz - \u0160koda We Love Cycling - Magyarorsz\u00e1g\",\"isPartOf\":{\"@id\":\"https:\/\/www.welovecycling.com\/hu\/#website\"},\"primaryImageOfPage\":{\"@id\":\"https:\/\/www.welovecycling.com\/hu\/trekking-mtb\/az-5-legjobb-europai-biciklipark-a-kovetkezo-utazasodhoz\/#primaryimage\"},\"image\":{\"@id\":\"https:\/\/www.welovecycling.com\/hu\/trekking-mtb\/az-5-legjobb-europai-biciklipark-a-kovetkezo-utazasodhoz\/#primaryimage\"},\"thumbnailUrl\":\"https:\/\/d2p6e6u75xmxt8.cloudfront.net\/12\/2021\/10\/MTB-Bike-Park-Austria-profimedia-0629936718-CVR.jpg\",\"datePublished\":\"2021-10-29T06:00:19+00:00\",\"author\":{\"@id\":\"https:\/\/www.welovecycling.com\/hu\/#\/schema\/person\/414a2aebf1801691a5320edb6468e194\"},\"description\":\"Igen, tiszt\u00e1ban vagyunk vele, hogy m\u00e1r t\u00fal vagyunk a downhill-szezon cs\u00facspontj\u00e1n, \u00e9s a legt\u00f6bb ker\u00e9kp\u00e1rpark bez\u00e1rt az \u00e9vre. Ez azonban nem jelenti azt, hogy ne tervezgethetn\u00e9nk a j\u00f6v\u0151 ny\u00e1ri vak\u00e1ci\u00f3nkat!\",\"breadcrumb\":{\"@id\":\"https:\/\/www.welovecycling.com\/hu\/trekking-mtb\/az-5-legjobb-europai-biciklipark-a-kovetkezo-utazasodhoz\/#breadcrumb\"},\"inLanguage\":\"hu\",\"potentialAction\":[{\"@type\":\"ReadAction\",\"target\":[\"https:\/\/www.welovecycling.com\/hu\/trekking-mtb\/az-5-legjobb-europai-biciklipark-a-kovetkezo-utazasodhoz\/\"]}]},{\"@type\":\"ImageObject\",\"inLanguage\":\"hu\",\"@id\":\"https:\/\/www.welovecycling.com\/hu\/trekking-mtb\/az-5-legjobb-europai-biciklipark-a-kovetkezo-utazasodhoz\/#primaryimage\",\"url\":\"https:\/\/d2p6e6u75xmxt8.cloudfront.net\/12\/2021\/10\/MTB-Bike-Park-Austria-profimedia-0629936718-CVR.jpg\",\"contentUrl\":\"https:\/\/d2p6e6u75xmxt8.cloudfront.net\/12\/2021\/10\/MTB-Bike-Park-Austria-profimedia-0629936718-CVR.jpg\",\"width\":1366,\"height\":600,\"caption\":\"Bike Park\"},{\"@type\":\"BreadcrumbList\",\"@id\":\"https:\/\/www.welovecycling.com\/hu\/trekking-mtb\/az-5-legjobb-europai-biciklipark-a-kovetkezo-utazasodhoz\/#breadcrumb\",\"itemListElement\":[{\"@type\":\"ListItem\",\"position\":1,\"name\":\"Home\",\"item\":\"https:\/\/www.welovecycling.com\/hu\/\"},{\"@type\":\"ListItem\",\"position\":2,\"name\":\"Az 5 legjobb eur\u00f3pai biciklipark a k\u00f6vetkez\u0151 utaz\u00e1sodhoz\"}]},{\"@type\":\"WebSite\",\"@id\":\"https:\/\/www.welovecycling.com\/hu\/#website\",\"url\":\"https:\/\/www.welovecycling.com\/hu\/\",\"name\":\"\u0160koda We Love Cycling - Magyarorsz\u00e1g\",\"description\":\"\u0160koda WeLoveCycling\",\"potentialAction\":[{\"@type\":\"SearchAction\",\"target\":{\"@type\":\"EntryPoint\",\"urlTemplate\":\"https:\/\/www.welovecycling.com\/hu\/?s={search_term_string}\"},\"query-input\":{\"@type\":\"PropertyValueSpecification\",\"valueRequired\":true,\"valueName\":\"search_term_string\"}}],\"inLanguage\":\"hu\"},{\"@type\":\"Person\",\"@id\":\"https:\/\/www.welovecycling.com\/hu\/#\/schema\/person\/414a2aebf1801691a5320edb6468e194\",\"name\":\"hegyizs\",\"image\":{\"@type\":\"ImageObject\",\"inLanguage\":\"hu\",\"@id\":\"https:\/\/www.welovecycling.com\/hu\/#\/schema\/person\/image\/\",\"url\":\"https:\/\/secure.gravatar.com\/avatar\/02cf8a7906b8cf90cecb4679defac7cfd33a1c2e3b88e4903d947f3bb58eedd3?s=96&d=mm&r=g\",\"contentUrl\":\"https:\/\/secure.gravatar.com\/avatar\/02cf8a7906b8cf90cecb4679defac7cfd33a1c2e3b88e4903d947f3bb58eedd3?s=96&d=mm&r=g\",\"caption\":\"hegyizs\"},\"url\":\"https:\/\/www.welovecycling.com\/hu\/author\/hegyizs\/\"}]}<\/script>\n<!-- \/ Yoast SEO Premium plugin. -->","yoast_head_json":{"title":"Az 5 legjobb eur\u00f3pai biciklipark a k\u00f6vetkez\u0151 utaz\u00e1sodhoz - \u0160koda We Love Cycling - Magyarorsz\u00e1g","description":"Igen, tiszt\u00e1ban vagyunk vele, hogy m\u00e1r t\u00fal vagyunk a downhill-szezon cs\u00facspontj\u00e1n, \u00e9s a legt\u00f6bb ker\u00e9kp\u00e1rpark bez\u00e1rt az \u00e9vre. Ez azonban nem jelenti azt, hogy ne tervezgethetn\u00e9nk a j\u00f6v\u0151 ny\u00e1ri vak\u00e1ci\u00f3nkat!","robots":{"index":"index","follow":"follow","max-snippet":"max-snippet:-1","max-image-preview":"max-image-preview:large","max-video-preview":"max-video-preview:-1"},"canonical":"https:\/\/www.welovecycling.com\/hu\/trekking-mtb\/az-5-legjobb-europai-biciklipark-a-kovetkezo-utazasodhoz\/","og_locale":"hu_HU","og_type":"article","og_title":"Az 5 legjobb eur\u00f3pai biciklipark a k\u00f6vetkez\u0151 utaz\u00e1sodhoz","og_description":"Igen, tiszt\u00e1ban vagyunk vele, hogy m\u00e1r t\u00fal vagyunk a downhill-szezon cs\u00facspontj\u00e1n, \u00e9s a legt\u00f6bb ker\u00e9kp\u00e1rpark bez\u00e1rt az \u00e9vre. Ez azonban nem jelenti azt, hogy ne tervezgethetn\u00e9nk a j\u00f6v\u0151 ny\u00e1ri vak\u00e1ci\u00f3nkat!","og_url":"https:\/\/www.welovecycling.com\/hu\/trekking-mtb\/az-5-legjobb-europai-biciklipark-a-kovetkezo-utazasodhoz\/","og_site_name":"\u0160koda We Love Cycling - Magyarorsz\u00e1g","article_publisher":"https:\/\/www.facebook.com\/WeLoveCyclingHungary\/","article_published_time":"2021-10-29T06:00:19+00:00","og_image":[{"width":1366,"height":600,"url":"https:\/\/d2p6e6u75xmxt8.cloudfront.net\/12\/2021\/10\/MTB-Bike-Park-Austria-profimedia-0629936718-CVR.jpg","type":"image\/jpeg"}],"author":"hegyizs","twitter_card":"summary_large_image","twitter_misc":{"Written by":"Martin Atanasov","Est. reading time":"6"},"schema":{"@context":"https:\/\/schema.org","@graph":[{"@type":"WebPage","@id":"https:\/\/www.welovecycling.com\/hu\/trekking-mtb\/az-5-legjobb-europai-biciklipark-a-kovetkezo-utazasodhoz\/","url":"https:\/\/www.welovecycling.com\/hu\/trekking-mtb\/az-5-legjobb-europai-biciklipark-a-kovetkezo-utazasodhoz\/","name":"Az 5 legjobb eur\u00f3pai biciklipark a k\u00f6vetkez\u0151 utaz\u00e1sodhoz - \u0160koda We Love Cycling - Magyarorsz\u00e1g","isPartOf":{"@id":"https:\/\/www.welovecycling.com\/hu\/#website"},"primaryImageOfPage":{"@id":"https:\/\/www.welovecycling.com\/hu\/trekking-mtb\/az-5-legjobb-europai-biciklipark-a-kovetkezo-utazasodhoz\/#primaryimage"},"image":{"@id":"https:\/\/www.welovecycling.com\/hu\/trekking-mtb\/az-5-legjobb-europai-biciklipark-a-kovetkezo-utazasodhoz\/#primaryimage"},"thumbnailUrl":"https:\/\/d2p6e6u75xmxt8.cloudfront.net\/12\/2021\/10\/MTB-Bike-Park-Austria-profimedia-0629936718-CVR.jpg","datePublished":"2021-10-29T06:00:19+00:00","author":{"@id":"https:\/\/www.welovecycling.com\/hu\/#\/schema\/person\/414a2aebf1801691a5320edb6468e194"},"description":"Igen, tiszt\u00e1ban vagyunk vele, hogy m\u00e1r t\u00fal vagyunk a downhill-szezon cs\u00facspontj\u00e1n, \u00e9s a legt\u00f6bb ker\u00e9kp\u00e1rpark bez\u00e1rt az \u00e9vre. Ez azonban nem jelenti azt, hogy ne tervezgethetn\u00e9nk a j\u00f6v\u0151 ny\u00e1ri vak\u00e1ci\u00f3nkat!","breadcrumb":{"@id":"https:\/\/www.welovecycling.com\/hu\/trekking-mtb\/az-5-legjobb-europai-biciklipark-a-kovetkezo-utazasodhoz\/#breadcrumb"},"inLanguage":"hu","potentialAction":[{"@type":"ReadAction","target":["https:\/\/www.welovecycling.com\/hu\/trekking-mtb\/az-5-legjobb-europai-biciklipark-a-kovetkezo-utazasodhoz\/"]}]},{"@type":"ImageObject","inLanguage":"hu","@id":"https:\/\/www.welovecycling.com\/hu\/trekking-mtb\/az-5-legjobb-europai-biciklipark-a-kovetkezo-utazasodhoz\/#primaryimage","url":"https:\/\/d2p6e6u75xmxt8.cloudfront.net\/12\/2021\/10\/MTB-Bike-Park-Austria-profimedia-0629936718-CVR.jpg","contentUrl":"https:\/\/d2p6e6u75xmxt8.cloudfront.net\/12\/2021\/10\/MTB-Bike-Park-Austria-profimedia-0629936718-CVR.jpg","width":1366,"height":600,"caption":"Bike Park"},{"@type":"BreadcrumbList","@id":"https:\/\/www.welovecycling.com\/hu\/trekking-mtb\/az-5-legjobb-europai-biciklipark-a-kovetkezo-utazasodhoz\/#breadcrumb","itemListElement":[{"@type":"ListItem","position":1,"name":"Home","item":"https:\/\/www.welovecycling.com\/hu\/"},{"@type":"ListItem","position":2,"name":"Az 5 legjobb eur\u00f3pai biciklipark a k\u00f6vetkez\u0151 utaz\u00e1sodhoz"}]},{"@type":"WebSite","@id":"https:\/\/www.welovecycling.com\/hu\/#website","url":"https:\/\/www.welovecycling.com\/hu\/","name":"\u0160koda We Love Cycling - Magyarorsz\u00e1g","description":"\u0160koda WeLoveCycling","potentialAction":[{"@type":"SearchAction","target":{"@type":"EntryPoint","urlTemplate":"https:\/\/www.welovecycling.com\/hu\/?s={search_term_string}"},"query-input":{"@type":"PropertyValueSpecification","valueRequired":true,"valueName":"search_term_string"}}],"inLanguage":"hu"},{"@type":"Person","@id":"https:\/\/www.welovecycling.com\/hu\/#\/schema\/person\/414a2aebf1801691a5320edb6468e194","name":"hegyizs","image":{"@type":"ImageObject","inLanguage":"hu","@id":"https:\/\/www.welovecycling.com\/hu\/#\/schema\/person\/image\/","url":"https:\/\/secure.gravatar.com\/avatar\/02cf8a7906b8cf90cecb4679defac7cfd33a1c2e3b88e4903d947f3bb58eedd3?s=96&d=mm&r=g","contentUrl":"https:\/\/secure.gravatar.com\/avatar\/02cf8a7906b8cf90cecb4679defac7cfd33a1c2e3b88e4903d947f3bb58eedd3?s=96&d=mm&r=g","caption":"hegyizs"},"url":"https:\/\/www.welovecycling.com\/hu\/author\/hegyizs\/"}]}},"_links":{"self":[{"href":"https:\/\/www.welovecycling.com\/hu\/wp-json\/wp\/v2\/posts\/12762","targetHints":{"allow":["GET"]}}],"collection":[{"href":"https:\/\/www.welovecycling.com\/hu\/wp-json\/wp\/v2\/posts"}],"about":[{"href":"https:\/\/www.welovecycling.com\/hu\/wp-json\/wp\/v2\/types\/post"}],"author":[{"embeddable":true,"href":"https:\/\/www.welovecycling.com\/hu\/wp-json\/wp\/v2\/users\/71"}],"replies":[{"embeddable":true,"href":"https:\/\/www.welovecycling.com\/hu\/wp-json\/wp\/v2\/comments?post=12762"}],"version-history":[{"count":1,"href":"https:\/\/www.welovecycling.com\/hu\/wp-json\/wp\/v2\/posts\/12762\/revisions"}],"predecessor-version":[{"id":12778,"href":"https:\/\/www.welovecycling.com\/hu\/wp-json\/wp\/v2\/posts\/12762\/revisions\/12778"}],"wp:featuredmedia":[{"embeddable":true,"href":"https:\/\/www.welovecycling.com\/hu\/wp-json\/wp\/v2\/media\/12768"}],"wp:attachment":[{"href":"https:\/\/www.welovecycling.com\/hu\/wp-json\/wp\/v2\/media?parent=12762"}],"wp:term":[{"taxonomy":"category","embeddable":true,"href":"https:\/\/www.welovecycling.com\/hu\/wp-json\/wp\/v2\/categories?post=12762"},{"taxonomy":"post_tag","embeddable":true,"href":"https:\/\/www.welovecycling.com\/hu\/wp-json\/wp\/v2\/tags?post=12762"},{"taxonomy":"global-categories","embeddable":true,"href":"https:\/\/www.welovecycling.com\/hu\/wp-json\/wp\/v2\/global-categories?post=12762"}],"curies":[{"name":"wp","href":"https:\/\/api.w.org\/{rel}","templated":true}]}}