{"id":12755,"date":"2021-10-28T08:00:30","date_gmt":"2021-10-28T06:00:30","guid":{"rendered":"https:\/\/www.welovecycling.com\/hu\/?p=12755"},"modified":"2021-10-21T13:30:57","modified_gmt":"2021-10-21T11:30:57","slug":"bringazas-gyerekekkel-milyen-jarganyt-valassz","status":"publish","type":"post","link":"https:\/\/www.welovecycling.com\/hu\/csalad\/bringazas-gyerekekkel-milyen-jarganyt-valassz\/","title":{"rendered":"Bring\u00e1z\u00e1s gyerekekkel \u2013 Milyen j\u00e1rg\u00e1nyt v\u00e1lassz?"},"content":{"rendered":"<p><strong>M\u00e1r \u00e9rz\u0151dnek a hideg szell\u0151k a leveg\u0151ben \u00e9s a levelek lassan narancss\u00e1rg\u00e1ba fordulnak, de m\u00e9g mindig remek csal\u00e1di sz\u00f3rakoz\u00e1s v\u00e1r r\u00e1nk, ha nyeregbe \u00fcl\u00fcnk! Ak\u00e1r szabadid\u0151t\u00f6kben, ak\u00e1r k\u00f6zleked\u00e9si eszk\u00f6zk\u00e9nt haszn\u00e1lj\u00e1tok a biciklit, fontos, hogy te \u00e9s gyermeked a sz\u00e1motokra lehet\u0151 legjobb alternat\u00edv\u00e1t v\u00e1lassz\u00e1tok: mely megfelel a c\u00e9lotoknak, biztons\u00e1gos \u00e9s \u00e9lvezetes is!<\/strong><\/p>\n<p><!--more--><\/p>\n<h2><strong>Saj\u00e1t bicikli<\/strong><\/h2>\n<p>Kezdj\u00fck a nyilv\u00e1nval\u00f3 lehet\u0151s\u00e9ggel: vehetsz gyermekednek saj\u00e1t bring\u00e1t. Az egyens\u00faly biciklikt\u0151l kezdve a profi, cs\u00facskateg\u00f3ri\u00e1s orsz\u00e1g\u00fati ker\u00e9kp\u00e1rokig, b\u00e1rmilyen szint\u0171t megtal\u00e1lsz minden koroszt\u00e1ly sz\u00e1m\u00e1ra.<\/p>\n<figure id=\"attachment_12756\" aria-describedby=\"caption-attachment-12756\" style=\"width: 1000px\" class=\"wp-caption alignnone\"><a href=\"https:\/\/d2p6e6u75xmxt8.cloudfront.net\/12\/2021\/10\/Kid-on-a-bike-profimedia-0636986791.jpg\"><img loading=\"lazy\" decoding=\"async\" class=\"wp-image-12756 size-full\" src=\"https:\/\/d2p6e6u75xmxt8.cloudfront.net\/12\/2021\/10\/Kid-on-a-bike-profimedia-0636986791.jpg\" alt=\"A child on a bike\" width=\"1000\" height=\"668\" srcset=\"https:\/\/d2p6e6u75xmxt8.cloudfront.net\/12\/2021\/10\/Kid-on-a-bike-profimedia-0636986791.jpg 1000w, https:\/\/d2p6e6u75xmxt8.cloudfront.net\/12\/2021\/10\/Kid-on-a-bike-profimedia-0636986791-300x200.jpg 300w, https:\/\/d2p6e6u75xmxt8.cloudfront.net\/12\/2021\/10\/Kid-on-a-bike-profimedia-0636986791-768x513.jpg 768w, https:\/\/d2p6e6u75xmxt8.cloudfront.net\/12\/2021\/10\/Kid-on-a-bike-profimedia-0636986791-272x182.jpg 272w\" sizes=\"auto, (max-width: 1000px) 100vw, 1000px\" \/><\/a><figcaption id=\"caption-attachment-12756\" class=\"wp-caption-text\"><em>A te gyerekednek melyik opci\u00f3 a legjobb? \u00a9 Profimedia<\/em><\/figcaption><\/figure>\n<h2><strong>Bicikli\u00fcl\u00e9s<\/strong><\/h2>\n<p>Az \u00fcl\u00e9s val\u00f3sz\u00edn\u0171leg a legolcs\u00f3bb \u00e9s legegyszer\u0171bb lehet\u0151s\u00e9g (att\u00f3l f\u00fcgg\u0151en, hogy melyiket v\u00e1lasztod) 6 h\u00f3napos \u00e9s 4 \u00e9ves k\u00f6z\u00f6tti (vagy k\u00f6r\u00fclbel\u00fcl 20 kg-os) gyermekek sz\u00e1m\u00e1ra. K\u00e9t helyre is felszerelheted, el\u0151re \u00e9s h\u00e1tulra, b\u00e1r kezelhet\u0151s\u00e9g \u00e9s biztons\u00e1g szempontj\u00e1b\u00f3l a h\u00e1ts\u00f3 a jobb megold\u00e1s.<\/p>\n<p>Egy harmadik lehet\u0151s\u00e9g a v\u00e1zhoz r\u00f6gz\u00edthet\u0151 \u00fcl\u00e9s, mint amilyen a WeeRide vagy a Shotgun. Ezeket a kett\u0151 \u00e9s \u00f6t \u00e9v k\u00f6z\u00f6ttiek sz\u00e1m\u00e1ra tervezt\u00e9k. C\u00e9lja, hogy a jobb s\u00falyeloszl\u00e1s miatt megk\u00f6nny\u00edtse a bicikli ir\u00e1ny\u00edt\u00e1s\u00e1t. Emellett a gyermek n\u00e9zel\u0151dhet \u00fatk\u00f6zben, s\u0151t m\u00e9g besz\u00e9lgethettek is, ami egy h\u00e1ts\u00f3 \u00fcl\u00e9sn\u00e9l nehezen megval\u00f3s\u00edthat\u00f3. J\u00f3 m\u00f3dszer ez arra, hogy felk\u00e9sz\u00edtsd \u0151t saj\u00e1t ker\u00e9kp\u00e1ros kalandjaira.<\/p>\n<h2><strong>Ut\u00e1nfut\u00f3<\/strong><\/h2>\n<figure id=\"attachment_12757\" aria-describedby=\"caption-attachment-12757\" style=\"width: 1250px\" class=\"wp-caption alignnone\"><a href=\"https:\/\/d2p6e6u75xmxt8.cloudfront.net\/12\/2021\/10\/Bike-trailer-profimedia-0609973926.jpg\"><img loading=\"lazy\" decoding=\"async\" class=\"wp-image-12757 size-full\" src=\"https:\/\/d2p6e6u75xmxt8.cloudfront.net\/12\/2021\/10\/Bike-trailer-profimedia-0609973926.jpg\" alt=\"Bike trailer\" width=\"1250\" height=\"833\" srcset=\"https:\/\/d2p6e6u75xmxt8.cloudfront.net\/12\/2021\/10\/Bike-trailer-profimedia-0609973926.jpg 1250w, https:\/\/d2p6e6u75xmxt8.cloudfront.net\/12\/2021\/10\/Bike-trailer-profimedia-0609973926-300x200.jpg 300w, https:\/\/d2p6e6u75xmxt8.cloudfront.net\/12\/2021\/10\/Bike-trailer-profimedia-0609973926-1024x682.jpg 1024w, https:\/\/d2p6e6u75xmxt8.cloudfront.net\/12\/2021\/10\/Bike-trailer-profimedia-0609973926-768x512.jpg 768w, https:\/\/d2p6e6u75xmxt8.cloudfront.net\/12\/2021\/10\/Bike-trailer-profimedia-0609973926-272x182.jpg 272w\" sizes=\"auto, (max-width: 1250px) 100vw, 1250px\" \/><\/a><figcaption id=\"caption-attachment-12757\" class=\"wp-caption-text\"><em>A fedett ut\u00e1nfut\u00f3k k\u00e9nyelmesek a kicsiknek. \u00a9 Profimedia<\/em><\/figcaption><\/figure>\n<p>Az ut\u00e1nfut\u00f3k b\u00e1rmely ker\u00e9kp\u00e1r \u00e9s e-bicikli h\u00e1tulj\u00e1hoz r\u00f6gz\u00edthet\u0151. Sokszor v\u00edz\u00e1ll\u00f3 bor\u00edt\u00e1ssal l\u00e1tj\u00e1k el ezeket, ami k\u00e9nyelmes \u00e9s sz\u00e1raz megold\u00e1st jelent a kicsiknek. Remek lehet\u0151s\u00e9g lehet ez az iskol\u00e1ba val\u00f3 \u00fatra, hiszen biztosan nem \u00e9rkezik meg a gyerk\u0151c s\u00e1rosan, nedvesen. Az ut\u00e1nfut\u00f3k valamilyen szinten rakom\u00e1nyt is tudnak sz\u00e1ll\u00edtani, \u00edgy, ha nincs benn\u00fck gyerek, az \u00e9lelmiszerv\u00e1s\u00e1rl\u00e1shoz is remek seg\u00edts\u00e9g.<\/p>\n<h2><strong>Teherbicikli<\/strong><\/h2>\n<p>A teherbicikli egy tricikli, amin el\u00f6l van a plusz ker\u00e9k. A bringa elej\u00e9re r\u00f6gz\u00edtett dobozban biztons\u00e1gosan sz\u00e1ll\u00edthatsz rakom\u00e1nyt is, de a gyerekek sz\u00e1m\u00e1ra is kiv\u00e1l\u00f3 hely. Ahogy egyre n\u00e9pszer\u0171bbekk\u00e9 v\u00e1lnak, \u00fagy n\u0151 a v\u00e1laszt\u00e9k bel\u0151l\u00fck. A gyermekek sz\u00e1m\u00e1t\u00f3l, az \u00fat jellemz\u0151it\u0151l \u00e9s a v\u00e1rhat\u00f3 t\u00e1vols\u00e1gokt\u00f3l f\u00fcgg\u0151en ak\u00e1r elektromos teherbiciklit is v\u00e1s\u00e1rolhatsz, amivel kir\u00e1ndulni is indulhattok. Vannak olyan m\u00e1rk\u00e1k, melyek kifejezetten gyerekek sz\u00e1ll\u00edt\u00e1s\u00e1ra k\u00e9sz\u00edtik teherbring\u00e1ikat, ilyen p\u00e9ld\u00e1ul a Taga \u00e9s a Zigo Leader.<\/p>\n<h2><strong>Tandem<\/strong><\/h2>\n<figure id=\"attachment_12758\" aria-describedby=\"caption-attachment-12758\" style=\"width: 999px\" class=\"wp-caption alignnone\"><a href=\"https:\/\/d2p6e6u75xmxt8.cloudfront.net\/12\/2021\/10\/Tandem-cycling-with-a-child-profimedia-0409431424.jpg\"><img loading=\"lazy\" decoding=\"async\" class=\"wp-image-12758 size-full\" src=\"https:\/\/d2p6e6u75xmxt8.cloudfront.net\/12\/2021\/10\/Tandem-cycling-with-a-child-profimedia-0409431424.jpg\" alt=\"Tandem kidback\" width=\"999\" height=\"665\" srcset=\"https:\/\/d2p6e6u75xmxt8.cloudfront.net\/12\/2021\/10\/Tandem-cycling-with-a-child-profimedia-0409431424.jpg 999w, https:\/\/d2p6e6u75xmxt8.cloudfront.net\/12\/2021\/10\/Tandem-cycling-with-a-child-profimedia-0409431424-300x200.jpg 300w, https:\/\/d2p6e6u75xmxt8.cloudfront.net\/12\/2021\/10\/Tandem-cycling-with-a-child-profimedia-0409431424-768x511.jpg 768w, https:\/\/d2p6e6u75xmxt8.cloudfront.net\/12\/2021\/10\/Tandem-cycling-with-a-child-profimedia-0409431424-272x182.jpg 272w\" sizes=\"auto, (max-width: 999px) 100vw, 999px\" \/><\/a><figcaption id=\"caption-attachment-12758\" class=\"wp-caption-text\"><em>Pr\u00f3b\u00e1lt\u00e1l m\u00e1r gyerekkel tandemezni? \u00a9 Profimedia<\/em><\/figcaption><\/figure>\n<p>A tandem szint\u00e9n szuper lehet\u0151s\u00e9g. Igen, arr\u00f3l a ker\u00e9kp\u00e1rr\u00f3l van sz\u00f3, melyen k\u00e9t ember tekerhet, saj\u00e1t korm\u00e1nnyal, nyereggel \u00e9s ped\u00e1llal. Nagyon k\u00e9nyelmes \u00e9s hasznos megold\u00e1s, ha gyerekkel indulsz hosszabb \u00fatra.<\/p>\n<p>Ahhoz, hogy a gyereked el\u00e9rje a ped\u00e1lokat, fel kell szerelned egy szerkezetet (kidback), \u00e9s m\u00e1ris \u00e9lvezhetik a kicsik is a ker\u00e9kp\u00e1roz\u00e1s \u00e9lm\u00e9ny\u00e9t! Ha pedig elf\u00e1radnak, pihenhetnek, \u00e9s m\u00e9g \u00edgy sem kell meg\u00e1llnotok, r\u00e1ad\u00e1sul mivel a korm\u00e1nyz\u00e1st egy feln\u0151tt v\u00e9gzi, sokkal biztons\u00e1gosabb, mint egy saj\u00e1t bicikli.<\/p>\n<p>Alternat\u00edvak\u00e9nt l\u00e9teznek m\u00e1s szerkezetek is, mint p\u00e9ld\u00e1ul a Kivo, ahol a gyermek \u00fcl el\u00f6l, vagy a FollowMe tandem, amely lehet\u0151v\u00e9 teszi egy kisebb ker\u00e9kp\u00e1r csatlakoztat\u00e1s\u00e1t egy nagyobbhoz. \u00cdgy elk\u00e9sz\u00edthetitek saj\u00e1t tandemeteket!<\/p>\n<h2><strong>Tagalong<\/strong><\/h2>\n<p>Hasonl\u00edt a tandemhez, annyi k\u00fcl\u00f6nbs\u00e9ggel, hogy nincs els\u0151 kereke \u00e9s vill\u00e1ja, hanem egy von\u00f3horoggal csatlakozik r\u00e1 az el\u0151tte \u00e1ll\u00f3 ker\u00e9kp\u00e1rra. N\u00e9gy \u00e9vn\u00e9l id\u0151sebb, j\u00f3l egyens\u00falyoz\u00f3 gyerekeknek aj\u00e1nlj\u00e1k. Nagyszer\u0171 \u00e9lm\u00e9nyt ny\u00fajt, ami jav\u00edtja az \u00f6nbizalmat \u00e9s az \u00e1ll\u00f3k\u00e9pess\u00e9get, \u00e9s seg\u00edt felk\u00e9sz\u00fclni az \u00f6n\u00e1ll\u00f3 bring\u00e1z\u00e1sra.<\/p>\n<figure id=\"attachment_12759\" aria-describedby=\"caption-attachment-12759\" style=\"width: 1000px\" class=\"wp-caption alignnone\"><a href=\"https:\/\/d2p6e6u75xmxt8.cloudfront.net\/12\/2021\/10\/Tandem-kidback-profimedia-0102472869.jpg\"><img loading=\"lazy\" decoding=\"async\" class=\"wp-image-12759 size-full\" src=\"https:\/\/d2p6e6u75xmxt8.cloudfront.net\/12\/2021\/10\/Tandem-kidback-profimedia-0102472869.jpg\" alt=\"Tandem kidback\" width=\"1000\" height=\"664\" srcset=\"https:\/\/d2p6e6u75xmxt8.cloudfront.net\/12\/2021\/10\/Tandem-kidback-profimedia-0102472869.jpg 1000w, https:\/\/d2p6e6u75xmxt8.cloudfront.net\/12\/2021\/10\/Tandem-kidback-profimedia-0102472869-300x199.jpg 300w, https:\/\/d2p6e6u75xmxt8.cloudfront.net\/12\/2021\/10\/Tandem-kidback-profimedia-0102472869-768x510.jpg 768w, https:\/\/d2p6e6u75xmxt8.cloudfront.net\/12\/2021\/10\/Tandem-kidback-profimedia-0102472869-272x182.jpg 272w\" sizes=\"auto, (max-width: 1000px) 100vw, 1000px\" \/><\/a><figcaption id=\"caption-attachment-12759\" class=\"wp-caption-text\">A tagalong bicikliknek nincs els\u0151 kereke.<\/figcaption><\/figure>\n<h2><strong>Vontat\u00f3k\u00f6t\u00e9l<\/strong><\/h2>\n<p>Ez a lehet\u0151s\u00e9g azoknak sz\u00f3l, akik kicsit id\u0151sebbek \u00e9s magabiztosabbak. Szeretnek hegyiker\u00e9kp\u00e1rozni \u00e9s j\u00f3l tudj\u00e1k ir\u00e1ny\u00edtani saj\u00e1t ker\u00e9kp\u00e1rjukat, de k\u00fczdenek az emelked\u0151kkel. Itt j\u00f6n a k\u00e9pbe a vontat\u00f3k\u00f6t\u00e9l! Egy viszonylag olcs\u00f3 \u00e9s egyszer\u0171 megold\u00e1s egy gyakori probl\u00e9m\u00e1ra.<\/p>\n<p>Ahogy a neve is sugallja, ez val\u00f3ban egy k\u00f6t\u00e9l, ami elnyeli az \u00fct\u00e9seket \u00e9s k\u00f6nnyen r\u00f6gz\u00edthet\u0151 mindk\u00e9t oldala egy-egy ker\u00e9kp\u00e1rhoz. Ak\u00e1r 225 kg vontat\u00e1s\u00e1ra is k\u00e9pes! Ha kis t\u00e1sk\u00e1t is v\u00e1s\u00e1rolsz hozz\u00e1, el\u00e9g az emelked\u0151k alj\u00e1n el\u0151venni.<\/p>\n<p>A lehet\u0151s\u00e9gek t\u00e1rh\u00e1za v\u00e9gtelen \u00e9s a csal\u00e1di kir\u00e1ndul\u00e1sok megk\u00f6nny\u00edt\u00e9s\u00e9re szolg\u00e1l\u00f3 modellek sz\u00e1ma egyre csak n\u0151. Biztosan megtal\u00e1lod a nektek val\u00f3t, ak\u00e1r iskolai utakra, ak\u00e1r nagyobb kir\u00e1ndul\u00e1sokra indultok! J\u00f3 bring\u00e1z\u00e1st!<\/p>\n","protected":false},"excerpt":{"rendered":"<p>M\u00e1r \u00e9rz\u0151dnek a hideg szell\u0151k a leveg\u0151ben \u00e9s a levelek lassan narancss\u00e1rg\u00e1ba fordulnak, de m\u00e9g mindig remek csal\u00e1di sz\u00f3rakoz\u00e1s v\u00e1r [&hellip;]<\/p>\n","protected":false},"author":71,"featured_media":12761,"comment_status":"open","ping_status":"open","sticky":false,"template":"","format":"standard","meta":{"footnotes":""},"categories":[11],"tags":[],"global-categories":[],"class_list":["post-12755","post","type-post","status-publish","format-standard","has-post-thumbnail","hentry","category-csalad"],"yoast_head":"<!-- This site is optimized with the Yoast SEO Premium plugin v25.3 (Yoast SEO v25.9) - https:\/\/yoast.com\/wordpress\/plugins\/seo\/ -->\n<title>Bring\u00e1z\u00e1s gyerekekkel \u2013 Milyen j\u00e1rg\u00e1nyt v\u00e1lassz?<\/title>\n<meta name=\"description\" content=\"M\u00e1r \u00e9rz\u0151dnek a hideg szell\u0151k a leveg\u0151ben \u00e9s a levelek lassan narancss\u00e1rg\u00e1ba fordulnak, de m\u00e9g mindig remek csal\u00e1di sz\u00f3rakoz\u00e1s v\u00e1r r\u00e1nk, ha nyeregbe \u00fcl\u00fcnk!\" \/>\n<meta name=\"robots\" content=\"index, follow, max-snippet:-1, max-image-preview:large, max-video-preview:-1\" \/>\n<link rel=\"canonical\" href=\"https:\/\/www.welovecycling.com\/hu\/csalad\/bringazas-gyerekekkel-milyen-jarganyt-valassz\/\" \/>\n<meta property=\"og:locale\" content=\"hu_HU\" \/>\n<meta property=\"og:type\" content=\"article\" \/>\n<meta property=\"og:title\" content=\"Bring\u00e1z\u00e1s gyerekekkel \u2013 Milyen j\u00e1rg\u00e1nyt v\u00e1lassz?\" \/>\n<meta property=\"og:description\" content=\"M\u00e1r \u00e9rz\u0151dnek a hideg szell\u0151k a leveg\u0151ben \u00e9s a levelek lassan narancss\u00e1rg\u00e1ba fordulnak, de m\u00e9g mindig remek csal\u00e1di sz\u00f3rakoz\u00e1s v\u00e1r r\u00e1nk, ha nyeregbe \u00fcl\u00fcnk!\" \/>\n<meta property=\"og:url\" content=\"https:\/\/www.welovecycling.com\/hu\/csalad\/bringazas-gyerekekkel-milyen-jarganyt-valassz\/\" \/>\n<meta property=\"og:site_name\" content=\"\u0160koda We Love Cycling - Magyarorsz\u00e1g\" \/>\n<meta property=\"article:publisher\" content=\"https:\/\/www.facebook.com\/WeLoveCyclingHungary\/\" \/>\n<meta property=\"article:published_time\" content=\"2021-10-28T06:00:30+00:00\" \/>\n<meta property=\"og:image\" content=\"https:\/\/d2p6e6u75xmxt8.cloudfront.net\/12\/2021\/10\/Family-cycling-profimedia-0629428070-CVR.jpg\" \/>\n\t<meta property=\"og:image:width\" content=\"1366\" \/>\n\t<meta property=\"og:image:height\" content=\"600\" \/>\n\t<meta property=\"og:image:type\" content=\"image\/jpeg\" \/>\n<meta name=\"author\" content=\"hegyizs\" \/>\n<meta name=\"twitter:card\" content=\"summary_large_image\" \/>\n<meta name=\"twitter:label1\" content=\"Written by\" \/>\n\t<meta name=\"twitter:data1\" content=\"Charlotte Murray\" \/>\n\t<meta name=\"twitter:label2\" content=\"Est. reading time\" \/>\n\t<meta name=\"twitter:data2\" content=\"6\" \/>\n<script type=\"application\/ld+json\" class=\"yoast-schema-graph\">{\"@context\":\"https:\/\/schema.org\",\"@graph\":[{\"@type\":\"WebPage\",\"@id\":\"https:\/\/www.welovecycling.com\/hu\/csalad\/bringazas-gyerekekkel-milyen-jarganyt-valassz\/\",\"url\":\"https:\/\/www.welovecycling.com\/hu\/csalad\/bringazas-gyerekekkel-milyen-jarganyt-valassz\/\",\"name\":\"Bring\u00e1z\u00e1s gyerekekkel \u2013 Milyen j\u00e1rg\u00e1nyt v\u00e1lassz?\",\"isPartOf\":{\"@id\":\"https:\/\/www.welovecycling.com\/hu\/#website\"},\"primaryImageOfPage\":{\"@id\":\"https:\/\/www.welovecycling.com\/hu\/csalad\/bringazas-gyerekekkel-milyen-jarganyt-valassz\/#primaryimage\"},\"image\":{\"@id\":\"https:\/\/www.welovecycling.com\/hu\/csalad\/bringazas-gyerekekkel-milyen-jarganyt-valassz\/#primaryimage\"},\"thumbnailUrl\":\"https:\/\/d2p6e6u75xmxt8.cloudfront.net\/12\/2021\/10\/Family-cycling-profimedia-0629428070-CVR.jpg\",\"datePublished\":\"2021-10-28T06:00:30+00:00\",\"author\":{\"@id\":\"https:\/\/www.welovecycling.com\/hu\/#\/schema\/person\/414a2aebf1801691a5320edb6468e194\"},\"description\":\"M\u00e1r \u00e9rz\u0151dnek a hideg szell\u0151k a leveg\u0151ben \u00e9s a levelek lassan narancss\u00e1rg\u00e1ba fordulnak, de m\u00e9g mindig remek csal\u00e1di sz\u00f3rakoz\u00e1s v\u00e1r r\u00e1nk, ha nyeregbe \u00fcl\u00fcnk!\",\"breadcrumb\":{\"@id\":\"https:\/\/www.welovecycling.com\/hu\/csalad\/bringazas-gyerekekkel-milyen-jarganyt-valassz\/#breadcrumb\"},\"inLanguage\":\"hu\",\"potentialAction\":[{\"@type\":\"ReadAction\",\"target\":[\"https:\/\/www.welovecycling.com\/hu\/csalad\/bringazas-gyerekekkel-milyen-jarganyt-valassz\/\"]}]},{\"@type\":\"ImageObject\",\"inLanguage\":\"hu\",\"@id\":\"https:\/\/www.welovecycling.com\/hu\/csalad\/bringazas-gyerekekkel-milyen-jarganyt-valassz\/#primaryimage\",\"url\":\"https:\/\/d2p6e6u75xmxt8.cloudfront.net\/12\/2021\/10\/Family-cycling-profimedia-0629428070-CVR.jpg\",\"contentUrl\":\"https:\/\/d2p6e6u75xmxt8.cloudfront.net\/12\/2021\/10\/Family-cycling-profimedia-0629428070-CVR.jpg\",\"width\":1366,\"height\":600,\"caption\":\"Family cycling\"},{\"@type\":\"BreadcrumbList\",\"@id\":\"https:\/\/www.welovecycling.com\/hu\/csalad\/bringazas-gyerekekkel-milyen-jarganyt-valassz\/#breadcrumb\",\"itemListElement\":[{\"@type\":\"ListItem\",\"position\":1,\"name\":\"Home\",\"item\":\"https:\/\/www.welovecycling.com\/hu\/\"},{\"@type\":\"ListItem\",\"position\":2,\"name\":\"Bring\u00e1z\u00e1s gyerekekkel \u2013 Milyen j\u00e1rg\u00e1nyt v\u00e1lassz?\"}]},{\"@type\":\"WebSite\",\"@id\":\"https:\/\/www.welovecycling.com\/hu\/#website\",\"url\":\"https:\/\/www.welovecycling.com\/hu\/\",\"name\":\"\u0160koda We Love Cycling - Magyarorsz\u00e1g\",\"description\":\"\u0160koda WeLoveCycling\",\"potentialAction\":[{\"@type\":\"SearchAction\",\"target\":{\"@type\":\"EntryPoint\",\"urlTemplate\":\"https:\/\/www.welovecycling.com\/hu\/?s={search_term_string}\"},\"query-input\":{\"@type\":\"PropertyValueSpecification\",\"valueRequired\":true,\"valueName\":\"search_term_string\"}}],\"inLanguage\":\"hu\"},{\"@type\":\"Person\",\"@id\":\"https:\/\/www.welovecycling.com\/hu\/#\/schema\/person\/414a2aebf1801691a5320edb6468e194\",\"name\":\"hegyizs\",\"image\":{\"@type\":\"ImageObject\",\"inLanguage\":\"hu\",\"@id\":\"https:\/\/www.welovecycling.com\/hu\/#\/schema\/person\/image\/\",\"url\":\"https:\/\/secure.gravatar.com\/avatar\/02cf8a7906b8cf90cecb4679defac7cfd33a1c2e3b88e4903d947f3bb58eedd3?s=96&d=mm&r=g\",\"contentUrl\":\"https:\/\/secure.gravatar.com\/avatar\/02cf8a7906b8cf90cecb4679defac7cfd33a1c2e3b88e4903d947f3bb58eedd3?s=96&d=mm&r=g\",\"caption\":\"hegyizs\"},\"url\":\"https:\/\/www.welovecycling.com\/hu\/author\/hegyizs\/\"}]}<\/script>\n<!-- \/ Yoast SEO Premium plugin. -->","yoast_head_json":{"title":"Bring\u00e1z\u00e1s gyerekekkel \u2013 Milyen j\u00e1rg\u00e1nyt v\u00e1lassz?","description":"M\u00e1r \u00e9rz\u0151dnek a hideg szell\u0151k a leveg\u0151ben \u00e9s a levelek lassan narancss\u00e1rg\u00e1ba fordulnak, de m\u00e9g mindig remek csal\u00e1di sz\u00f3rakoz\u00e1s v\u00e1r r\u00e1nk, ha nyeregbe \u00fcl\u00fcnk!","robots":{"index":"index","follow":"follow","max-snippet":"max-snippet:-1","max-image-preview":"max-image-preview:large","max-video-preview":"max-video-preview:-1"},"canonical":"https:\/\/www.welovecycling.com\/hu\/csalad\/bringazas-gyerekekkel-milyen-jarganyt-valassz\/","og_locale":"hu_HU","og_type":"article","og_title":"Bring\u00e1z\u00e1s gyerekekkel \u2013 Milyen j\u00e1rg\u00e1nyt v\u00e1lassz?","og_description":"M\u00e1r \u00e9rz\u0151dnek a hideg szell\u0151k a leveg\u0151ben \u00e9s a levelek lassan narancss\u00e1rg\u00e1ba fordulnak, de m\u00e9g mindig remek csal\u00e1di sz\u00f3rakoz\u00e1s v\u00e1r r\u00e1nk, ha nyeregbe \u00fcl\u00fcnk!","og_url":"https:\/\/www.welovecycling.com\/hu\/csalad\/bringazas-gyerekekkel-milyen-jarganyt-valassz\/","og_site_name":"\u0160koda We Love Cycling - Magyarorsz\u00e1g","article_publisher":"https:\/\/www.facebook.com\/WeLoveCyclingHungary\/","article_published_time":"2021-10-28T06:00:30+00:00","og_image":[{"width":1366,"height":600,"url":"https:\/\/d2p6e6u75xmxt8.cloudfront.net\/12\/2021\/10\/Family-cycling-profimedia-0629428070-CVR.jpg","type":"image\/jpeg"}],"author":"hegyizs","twitter_card":"summary_large_image","twitter_misc":{"Written by":"Charlotte Murray","Est. reading time":"6"},"schema":{"@context":"https:\/\/schema.org","@graph":[{"@type":"WebPage","@id":"https:\/\/www.welovecycling.com\/hu\/csalad\/bringazas-gyerekekkel-milyen-jarganyt-valassz\/","url":"https:\/\/www.welovecycling.com\/hu\/csalad\/bringazas-gyerekekkel-milyen-jarganyt-valassz\/","name":"Bring\u00e1z\u00e1s gyerekekkel \u2013 Milyen j\u00e1rg\u00e1nyt v\u00e1lassz?","isPartOf":{"@id":"https:\/\/www.welovecycling.com\/hu\/#website"},"primaryImageOfPage":{"@id":"https:\/\/www.welovecycling.com\/hu\/csalad\/bringazas-gyerekekkel-milyen-jarganyt-valassz\/#primaryimage"},"image":{"@id":"https:\/\/www.welovecycling.com\/hu\/csalad\/bringazas-gyerekekkel-milyen-jarganyt-valassz\/#primaryimage"},"thumbnailUrl":"https:\/\/d2p6e6u75xmxt8.cloudfront.net\/12\/2021\/10\/Family-cycling-profimedia-0629428070-CVR.jpg","datePublished":"2021-10-28T06:00:30+00:00","author":{"@id":"https:\/\/www.welovecycling.com\/hu\/#\/schema\/person\/414a2aebf1801691a5320edb6468e194"},"description":"M\u00e1r \u00e9rz\u0151dnek a hideg szell\u0151k a leveg\u0151ben \u00e9s a levelek lassan narancss\u00e1rg\u00e1ba fordulnak, de m\u00e9g mindig remek csal\u00e1di sz\u00f3rakoz\u00e1s v\u00e1r r\u00e1nk, ha nyeregbe \u00fcl\u00fcnk!","breadcrumb":{"@id":"https:\/\/www.welovecycling.com\/hu\/csalad\/bringazas-gyerekekkel-milyen-jarganyt-valassz\/#breadcrumb"},"inLanguage":"hu","potentialAction":[{"@type":"ReadAction","target":["https:\/\/www.welovecycling.com\/hu\/csalad\/bringazas-gyerekekkel-milyen-jarganyt-valassz\/"]}]},{"@type":"ImageObject","inLanguage":"hu","@id":"https:\/\/www.welovecycling.com\/hu\/csalad\/bringazas-gyerekekkel-milyen-jarganyt-valassz\/#primaryimage","url":"https:\/\/d2p6e6u75xmxt8.cloudfront.net\/12\/2021\/10\/Family-cycling-profimedia-0629428070-CVR.jpg","contentUrl":"https:\/\/d2p6e6u75xmxt8.cloudfront.net\/12\/2021\/10\/Family-cycling-profimedia-0629428070-CVR.jpg","width":1366,"height":600,"caption":"Family cycling"},{"@type":"BreadcrumbList","@id":"https:\/\/www.welovecycling.com\/hu\/csalad\/bringazas-gyerekekkel-milyen-jarganyt-valassz\/#breadcrumb","itemListElement":[{"@type":"ListItem","position":1,"name":"Home","item":"https:\/\/www.welovecycling.com\/hu\/"},{"@type":"ListItem","position":2,"name":"Bring\u00e1z\u00e1s gyerekekkel \u2013 Milyen j\u00e1rg\u00e1nyt v\u00e1lassz?"}]},{"@type":"WebSite","@id":"https:\/\/www.welovecycling.com\/hu\/#website","url":"https:\/\/www.welovecycling.com\/hu\/","name":"\u0160koda We Love Cycling - Magyarorsz\u00e1g","description":"\u0160koda WeLoveCycling","potentialAction":[{"@type":"SearchAction","target":{"@type":"EntryPoint","urlTemplate":"https:\/\/www.welovecycling.com\/hu\/?s={search_term_string}"},"query-input":{"@type":"PropertyValueSpecification","valueRequired":true,"valueName":"search_term_string"}}],"inLanguage":"hu"},{"@type":"Person","@id":"https:\/\/www.welovecycling.com\/hu\/#\/schema\/person\/414a2aebf1801691a5320edb6468e194","name":"hegyizs","image":{"@type":"ImageObject","inLanguage":"hu","@id":"https:\/\/www.welovecycling.com\/hu\/#\/schema\/person\/image\/","url":"https:\/\/secure.gravatar.com\/avatar\/02cf8a7906b8cf90cecb4679defac7cfd33a1c2e3b88e4903d947f3bb58eedd3?s=96&d=mm&r=g","contentUrl":"https:\/\/secure.gravatar.com\/avatar\/02cf8a7906b8cf90cecb4679defac7cfd33a1c2e3b88e4903d947f3bb58eedd3?s=96&d=mm&r=g","caption":"hegyizs"},"url":"https:\/\/www.welovecycling.com\/hu\/author\/hegyizs\/"}]}},"_links":{"self":[{"href":"https:\/\/www.welovecycling.com\/hu\/wp-json\/wp\/v2\/posts\/12755","targetHints":{"allow":["GET"]}}],"collection":[{"href":"https:\/\/www.welovecycling.com\/hu\/wp-json\/wp\/v2\/posts"}],"about":[{"href":"https:\/\/www.welovecycling.com\/hu\/wp-json\/wp\/v2\/types\/post"}],"author":[{"embeddable":true,"href":"https:\/\/www.welovecycling.com\/hu\/wp-json\/wp\/v2\/users\/71"}],"replies":[{"embeddable":true,"href":"https:\/\/www.welovecycling.com\/hu\/wp-json\/wp\/v2\/comments?post=12755"}],"version-history":[{"count":2,"href":"https:\/\/www.welovecycling.com\/hu\/wp-json\/wp\/v2\/posts\/12755\/revisions"}],"predecessor-version":[{"id":12777,"href":"https:\/\/www.welovecycling.com\/hu\/wp-json\/wp\/v2\/posts\/12755\/revisions\/12777"}],"wp:featuredmedia":[{"embeddable":true,"href":"https:\/\/www.welovecycling.com\/hu\/wp-json\/wp\/v2\/media\/12761"}],"wp:attachment":[{"href":"https:\/\/www.welovecycling.com\/hu\/wp-json\/wp\/v2\/media?parent=12755"}],"wp:term":[{"taxonomy":"category","embeddable":true,"href":"https:\/\/www.welovecycling.com\/hu\/wp-json\/wp\/v2\/categories?post=12755"},{"taxonomy":"post_tag","embeddable":true,"href":"https:\/\/www.welovecycling.com\/hu\/wp-json\/wp\/v2\/tags?post=12755"},{"taxonomy":"global-categories","embeddable":true,"href":"https:\/\/www.welovecycling.com\/hu\/wp-json\/wp\/v2\/global-categories?post=12755"}],"curies":[{"name":"wp","href":"https:\/\/api.w.org\/{rel}","templated":true}]}}