{"id":12746,"date":"2021-10-25T08:00:29","date_gmt":"2021-10-25T06:00:29","guid":{"rendered":"https:\/\/www.welovecycling.com\/hu\/?p=12746"},"modified":"2021-10-21T13:29:42","modified_gmt":"2021-10-21T11:29:42","slug":"igy-tedd-izgalmassa-az-oszi-biciklizest-a-gyerekeknek","status":"publish","type":"post","link":"https:\/\/www.welovecycling.com\/hu\/csalad\/igy-tedd-izgalmassa-az-oszi-biciklizest-a-gyerekeknek\/","title":{"rendered":"\u00cdgy tedd izgalmass\u00e1 az \u0151szi bicikliz\u00e9st a gyerekeknek"},"content":{"rendered":"<p><strong>Sok szabadt\u00e9ri programhoz hasonl\u00f3an, a ker\u00e9kp\u00e1roz\u00e1s ir\u00e1nt is cs\u00f6kkenhet a lelkesed\u00e9s\u00fcnk, ahogy a napok hidegebbek \u00e9s r\u00f6videbbek lesznek. Er\u0151sebb ilyenkor a k\u00eds\u00e9rt\u00e9s, hogy a t\u00e9v\u00e9 el\u0151tt \u00fclj\u00fcnk egy t\u00e1ny\u00e9r r\u00e1gcs\u00e1lnival\u00f3val, eg\u00e9sz d\u00e9lut\u00e1n. \u00cdgy azonban nem lehet semmit kihozni a szezonb\u00f3l!<\/strong><\/p>\n<p><!--more--><\/p>\n<p>Az \u0151szi ker\u00e9kp\u00e1roz\u00e1s csod\u00e1latos lehet, f\u0151leg, ha az eg\u00e9sz csal\u00e1dot siker\u00fcl bevonnod. Nem csak j\u00f3 k\u00f6z\u00f6s program, de megalapozhatod a gyerekek akt\u00edv \u00e9letm\u00f3dj\u00e1t \u00e9s seg\u00edthetsz nekik fejl\u0151dni, nem csak a sportban, de az \u00e9let m\u00e1s ter\u00fcletein is, mik\u00f6zben mosolyt csalsz az arcukra. Tudjuk, hogy most, hogy iskol\u00e1ba j\u00e1rnak, kevesebb a szabadidej\u00fck, \u00e9s nagyobb szervez\u00e9st ig\u00e9nyel egy bringat\u00fara, m\u00e9gis arra biztatunk, hogy pr\u00f3b\u00e1ljatok meg \u00f6sszehozni egy kis akt\u00edv kikapcsol\u00f3d\u00e1st suli ut\u00e1n, illetve h\u00e9tv\u00e9g\u00e9n.<\/p>\n<figure id=\"attachment_4376\" aria-describedby=\"caption-attachment-4376\" style=\"width: 1250px\" class=\"wp-caption alignnone\"><a href=\"https:\/\/d2p6e6u75xmxt8.cloudfront.net\/12\/2019\/07\/bakfiets-profimedia-0108285671.jpg\"><img loading=\"lazy\" decoding=\"async\" class=\"wp-image-4376 size-full\" src=\"https:\/\/d2p6e6u75xmxt8.cloudfront.net\/12\/2019\/07\/bakfiets-profimedia-0108285671.jpg\" alt=\"Family\" width=\"1250\" height=\"832\" srcset=\"https:\/\/d2p6e6u75xmxt8.cloudfront.net\/12\/2019\/07\/bakfiets-profimedia-0108285671.jpg 1250w, https:\/\/d2p6e6u75xmxt8.cloudfront.net\/12\/2019\/07\/bakfiets-profimedia-0108285671-300x200.jpg 300w, https:\/\/d2p6e6u75xmxt8.cloudfront.net\/12\/2019\/07\/bakfiets-profimedia-0108285671-768x511.jpg 768w, https:\/\/d2p6e6u75xmxt8.cloudfront.net\/12\/2019\/07\/bakfiets-profimedia-0108285671-1024x682.jpg 1024w, https:\/\/d2p6e6u75xmxt8.cloudfront.net\/12\/2019\/07\/bakfiets-profimedia-0108285671-272x182.jpg 272w\" sizes=\"auto, (max-width: 1250px) 100vw, 1250px\" \/><\/a><figcaption id=\"caption-attachment-4376\" class=\"wp-caption-text\"><em>Hogyan biciklizzetek \u0151sszel, an\u00e9lk\u00fcl, hogy belebetegedn\u00e9tek? \u00a9 Profimedia<\/em><\/figcaption><\/figure>\n<p>Ak\u00e1r egy ny\u00e1ron felvett rutint szeretn\u00e9tek meg\u0151rizni, ak\u00e1r \u00faj hobbik\u00e9nt ker\u00fcl be az iskol\u00e1ban t\u00f6lt\u00f6tt \u00f3r\u00e1k egyens\u00falyoz\u00e1s\u00e1ra a bicikliz\u00e9s, j\u00f3l j\u00f6hetnek a k\u00f6vetkez\u0151 tippek, hogy biztosan sz\u00f3rakoz\u00e1s legyen az eg\u00e9sz csal\u00e1dnak!<\/p>\n<h2><strong>Vedd figyelembe az \u00e9vszakok jellemz\u0151it!<\/strong><\/h2>\n<p>Az \u0151sz rengeteg egyedi l\u00e1tv\u00e1nyt \u00e9s hangot ny\u00fajt, amelyek k\u00fcl\u00f6n\u00f6sen vonz\u00f3ak a gyerekek sz\u00e1m\u00e1ra. Semmi sem olyan kellemes, mint a ropog\u00f3 levelek a kerekek alatt, nem is besz\u00e9lve a Halloween-i dekor\u00e1ci\u00f3k felfedez\u00e9s\u00e9r\u0151l az utc\u00e1ban, vagy a v\u00e9gtelen sz\u00ednkombin\u00e1ci\u00f3r\u00f3l a faleveleken. Keressetek olyan parkot, ahol nagyok a f\u00e1k \u00e9s sz\u00e1molj\u00e1tok \u00f6ssze, h\u00e1nyf\u00e9le sz\u00ednt l\u00e1ttok rajtuk! Vagy induljatok kincskeres\u00e9sre az erd\u0151ben, ahol az \u0151sz k\u00fcl\u00f6nb\u00f6z\u0151 term\u00e9seit \u00e9s n\u00f6v\u00e9nyeit kell \u00f6sszegy\u0171jteni\u00fck a kicsiknek.<\/p>\n<h2><strong>Legyen el\u0151ttetek \u00fatic\u00e9l vagy jutalom!<\/strong><\/h2>\n<p>Ahogy egy tematikus bringat\u00fara, \u00fagy az \u00fat v\u00e9g\u00e9re \u00edg\u00e9rt jutalom is nagy motiv\u00e1ci\u00f3, hogy a gyerekek sz\u00edvesen l\u00e9pjenek ki az ajt\u00f3n. B\u00e1r a feln\u0151ttek szeretnek csak \u00fagy biciklizni, a gyerekeknek fontos a c\u00e9l. Legyen sz\u00f3 \u00e9dess\u00e9gboltr\u00f3l, cukr\u00e1szd\u00e1r\u00f3l, parkr\u00f3l vagy j\u00e1tsz\u00f3t\u00e9rr\u0151l, minden olyan \u00fati c\u00e9l megfelel, ami sz\u00f3rakoztat\u00f3 \u00e9s kellemes, \u00e9s persze, nincs t\u00fal messze.<\/p>\n<figure id=\"attachment_12747\" aria-describedby=\"caption-attachment-12747\" style=\"width: 1000px\" class=\"wp-caption alignnone\"><a href=\"https:\/\/d2p6e6u75xmxt8.cloudfront.net\/12\/2021\/10\/Kids-playground-profimedia-0637550429.jpg\"><img loading=\"lazy\" decoding=\"async\" class=\"wp-image-12747 size-full\" src=\"https:\/\/d2p6e6u75xmxt8.cloudfront.net\/12\/2021\/10\/Kids-playground-profimedia-0637550429.jpg\" alt=\"Kids playground\" width=\"1000\" height=\"667\" srcset=\"https:\/\/d2p6e6u75xmxt8.cloudfront.net\/12\/2021\/10\/Kids-playground-profimedia-0637550429.jpg 1000w, https:\/\/d2p6e6u75xmxt8.cloudfront.net\/12\/2021\/10\/Kids-playground-profimedia-0637550429-300x200.jpg 300w, https:\/\/d2p6e6u75xmxt8.cloudfront.net\/12\/2021\/10\/Kids-playground-profimedia-0637550429-768x512.jpg 768w, https:\/\/d2p6e6u75xmxt8.cloudfront.net\/12\/2021\/10\/Kids-playground-profimedia-0637550429-272x182.jpg 272w\" sizes=\"auto, (max-width: 1000px) 100vw, 1000px\" \/><\/a><figcaption id=\"caption-attachment-12747\" class=\"wp-caption-text\"><em>Milyen jutalmat gondolt\u00e1l ki? \u00a9 Profimedia<\/em><\/figcaption><\/figure>\n<h2><strong>T\u0171zzetek ki csal\u00e1di c\u00e9lokat \u0151szre!<\/strong><\/h2>\n<p>M\u00e1sik m\u00f3dja a jutalmaz\u00e1snak, ha k\u00f6z\u00f6s bring\u00e1s c\u00e9lokat t\u0171zt\u00f6k ki. Hat\u00e1rozz\u00e1tok meg a megtenni k\u00edv\u00e1nt kilom\u00e9tereket \u00e9s a m\u00e9rf\u00f6ldk\u00f6veket \u00fcnnepelj\u00e9tek meg mozival, \u00e9tteremmel vagy m\u00e1s k\u00fcl\u00f6nleges programmal, amit szeretnek a gyerekek!<\/p>\n<p>Ha pedig a gyerekek m\u00e1r j\u00f3l bicikliznek \u00e9s k\u00edv\u00e1ncsiak egy m\u00e1sf\u00e9le terepre vagy st\u00edlusra, az \u00faj kih\u00edv\u00e1sban val\u00f3 fejl\u0151d\u00e9st is kit\u0171zhetitek c\u00e9lk\u00e9nt. B\u00e1rmit is v\u00e1lasztotok, fontos, hogy legyen nyerem\u00e9ny, amire gondolni lehet a nehezebb pillanatokban! A j\u00e1t\u00e9k \u00e9s a motiv\u00e1l\u00e1s mellett a c\u00e9lkit\u0171z\u00e9sek \u00e9s a befektetett munka \u00e9letre sz\u00f3l\u00f3 leck\u00e9t jelent.<\/p>\n<h2><strong>Fedezzetek fel egy helyi t\u00e1borhelyet!<\/strong><\/h2>\n<figure id=\"attachment_12748\" aria-describedby=\"caption-attachment-12748\" style=\"width: 1000px\" class=\"wp-caption alignnone\"><a href=\"https:\/\/d2p6e6u75xmxt8.cloudfront.net\/12\/2021\/10\/Campground-profimedia-0236924537.jpg\"><img loading=\"lazy\" decoding=\"async\" class=\"size-full wp-image-12748\" src=\"https:\/\/d2p6e6u75xmxt8.cloudfront.net\/12\/2021\/10\/Campground-profimedia-0236924537.jpg\" alt=\"Campground\" width=\"1000\" height=\"661\" srcset=\"https:\/\/d2p6e6u75xmxt8.cloudfront.net\/12\/2021\/10\/Campground-profimedia-0236924537.jpg 1000w, https:\/\/d2p6e6u75xmxt8.cloudfront.net\/12\/2021\/10\/Campground-profimedia-0236924537-300x198.jpg 300w, https:\/\/d2p6e6u75xmxt8.cloudfront.net\/12\/2021\/10\/Campground-profimedia-0236924537-768x508.jpg 768w\" sizes=\"auto, (max-width: 1000px) 100vw, 1000px\" \/><\/a><figcaption id=\"caption-attachment-12748\" class=\"wp-caption-text\"><em>Szezonon k\u00edv\u00fcl a t\u00e1borhelyek csendesek \u00e9s biztons\u00e1gosak. \u00a9 Profimedia<\/em><\/figcaption><\/figure>\n<p>Az a csod\u00e1latos az \u0151szi bicikliz\u00e9sben, hogy k\u00f6nnyen tal\u00e1lhatsz elhagyatottabb, csendes \u00fatvonalakat. Sok t\u00e1borhely \u00e9s kemping bez\u00e1r szeptemberben, a ter\u00fclet\u00fck pedig megny\u00edlik a ker\u00e9kp\u00e1rosoknak. Ezeken a helyeken nem kell tartani a forgalomt\u00f3l, \u00edgy a kisebbek is nyugodtan gyakorolhatnak. Nem besz\u00e9lve arr\u00f3l, hogy \u00e1ltal\u00e1ban van a k\u00f6zelben egy j\u00e1tsz\u00f3t\u00e9r, patak vagy foly\u00f3, \u00e9s term\u00e9szetesen piknikasztalokb\u00f3l sem lesz hi\u00e1ny.<\/p>\n<h2><strong>Biztons\u00e1gban \u00e9s melegen<\/strong><\/h2>\n<p>Ha m\u00e1r r\u00e1gcs\u00e1lnival\u00f3kr\u00f3l van sz\u00f3, ki kell emeln\u00fcnk, hogy egyetlen gyerek sem fogja j\u00f3l \u00e9rezni mag\u00e1t, ha nincs biztons\u00e1gban, minden tekintetben. Gyorsan v\u00e1ltozik az id\u0151j\u00e1r\u00e1s ebben az id\u0151szakban, ez pedig azt jelenti, hogy t\u00f6bb tervez\u00e9st ig\u00e9nyel egy bringat\u00fara, hogy biztosan mindenkinek el\u00e9g <a href=\"https:\/\/www.welovecycling.com\/hu\/kozosseg-es-kultura\/igy-oltozz-az-oszi-tekeresekhez\/\">meleg ruh\u00e1ja<\/a>, \u00e9lelme, megfelel\u0151 felszerel\u00e9se \u00e9s m\u0171k\u00f6d\u0151 l\u00e1mp\u00e1ja legyen.<\/p>\n<p>A l\u00e1that\u00f3s\u00e1g rendk\u00edv\u00fcl fontos, hiszen hamarabb s\u00f6t\u00e9tedik, mint ny\u00e1ron: dupl\u00e1zd meg a felt\u0171n\u0151 sz\u00edn\u0171 \u00e9s f\u00e9nyvisszaver\u0151 ruhadarabok \u00e9s kieg\u00e9sz\u00edt\u0151k sz\u00e1m\u00e1t! \u00d6lt\u00f6zzetek r\u00e9tegesen, hogy alkalmazkodni tudjatok a v\u00e1ltoz\u00f3 h\u0151m\u00e9rs\u00e9klethez \u00e9s vigyetek magatokkal egy-egy extra pul\u00f3vert vagy kab\u00e1tot a meg\u00e1ll\u00f3k idej\u00e9re!<\/p>\n<p>Ha pedig a csal\u00e1d valamelyik tagja \u00e9hes, f\u00e1radt vagy \u00e1tf\u00e1zott, ne er\u0151ltesd a dolgot! Ha r\u00f6videbb, de \u00e9lvezetes kir\u00e1ndul\u00e1sokat tervezel, pozit\u00edv eml\u00e9kk\u00e9nt maradnak meg ezek a gyerekekben \u00e9s er\u0151s\u00edtik a ker\u00e9kp\u00e1roz\u00e1s szeretet\u00e9t.<\/p>\n","protected":false},"excerpt":{"rendered":"<p>Sok szabadt\u00e9ri programhoz hasonl\u00f3an, a ker\u00e9kp\u00e1roz\u00e1s ir\u00e1nt is cs\u00f6kkenhet a lelkesed\u00e9s\u00fcnk, ahogy a napok hidegebbek \u00e9s r\u00f6videbbek lesznek. Er\u0151sebb ilyenkor [&hellip;]<\/p>\n","protected":false},"author":71,"featured_media":12750,"comment_status":"open","ping_status":"open","sticky":false,"template":"","format":"standard","meta":{"footnotes":""},"categories":[11],"tags":[],"global-categories":[],"class_list":["post-12746","post","type-post","status-publish","format-standard","has-post-thumbnail","hentry","category-csalad"],"yoast_head":"<!-- This site is optimized with the Yoast SEO Premium plugin v25.3 (Yoast SEO v25.9) - https:\/\/yoast.com\/wordpress\/plugins\/seo\/ -->\n<title>\u00cdgy tedd izgalmass\u00e1 az \u0151szi bicikliz\u00e9st a gyerekeknek<\/title>\n<meta name=\"description\" content=\"Sok szabadt\u00e9ri programhoz hasonl\u00f3an, a ker\u00e9kp\u00e1roz\u00e1s ir\u00e1nt is cs\u00f6kkenhet a lelkesed\u00e9s\u00fcnk, ahogy a napok hidegebbek \u00e9s r\u00f6videbbek lesznek. Er\u0151sebb ilyenkor a k\u00eds\u00e9rt\u00e9s, hogy a t\u00e9v\u00e9 el\u0151tt \u00fclj\u00fcnk egy t\u00e1ny\u00e9r r\u00e1gcs\u00e1lnival\u00f3val, eg\u00e9sz d\u00e9lut\u00e1n. \u00cdgy azonban nem lehet semmit kihozni a szezonb\u00f3l!\" \/>\n<meta name=\"robots\" content=\"index, follow, max-snippet:-1, max-image-preview:large, max-video-preview:-1\" \/>\n<link rel=\"canonical\" href=\"https:\/\/www.welovecycling.com\/hu\/csalad\/igy-tedd-izgalmassa-az-oszi-biciklizest-a-gyerekeknek\/\" \/>\n<meta property=\"og:locale\" content=\"hu_HU\" \/>\n<meta property=\"og:type\" content=\"article\" \/>\n<meta property=\"og:title\" content=\"\u00cdgy tedd izgalmass\u00e1 az \u0151szi bicikliz\u00e9st a gyerekeknek\" \/>\n<meta property=\"og:description\" content=\"Sok szabadt\u00e9ri programhoz hasonl\u00f3an, a ker\u00e9kp\u00e1roz\u00e1s ir\u00e1nt is cs\u00f6kkenhet a lelkesed\u00e9s\u00fcnk, ahogy a napok hidegebbek \u00e9s r\u00f6videbbek lesznek. Er\u0151sebb ilyenkor a k\u00eds\u00e9rt\u00e9s, hogy a t\u00e9v\u00e9 el\u0151tt \u00fclj\u00fcnk egy t\u00e1ny\u00e9r r\u00e1gcs\u00e1lnival\u00f3val, eg\u00e9sz d\u00e9lut\u00e1n. \u00cdgy azonban nem lehet semmit kihozni a szezonb\u00f3l!\" \/>\n<meta property=\"og:url\" content=\"https:\/\/www.welovecycling.com\/hu\/csalad\/igy-tedd-izgalmassa-az-oszi-biciklizest-a-gyerekeknek\/\" \/>\n<meta property=\"og:site_name\" content=\"\u0160koda We Love Cycling - Magyarorsz\u00e1g\" \/>\n<meta property=\"article:publisher\" content=\"https:\/\/www.facebook.com\/WeLoveCyclingHungary\/\" \/>\n<meta property=\"article:published_time\" content=\"2021-10-25T06:00:29+00:00\" \/>\n<meta property=\"og:image\" content=\"https:\/\/d2p6e6u75xmxt8.cloudfront.net\/12\/2021\/10\/Family-cycling-profimedia-0637806156-CVR.jpg\" \/>\n\t<meta property=\"og:image:width\" content=\"1366\" \/>\n\t<meta property=\"og:image:height\" content=\"600\" \/>\n\t<meta property=\"og:image:type\" content=\"image\/jpeg\" \/>\n<meta name=\"author\" content=\"hegyizs\" \/>\n<meta name=\"twitter:card\" content=\"summary_large_image\" \/>\n<meta name=\"twitter:label1\" content=\"Written by\" \/>\n\t<meta name=\"twitter:data1\" content=\"Megan Flottorp\" \/>\n\t<meta name=\"twitter:label2\" content=\"Est. reading time\" \/>\n\t<meta name=\"twitter:data2\" content=\"6\" \/>\n<script type=\"application\/ld+json\" class=\"yoast-schema-graph\">{\"@context\":\"https:\/\/schema.org\",\"@graph\":[{\"@type\":\"WebPage\",\"@id\":\"https:\/\/www.welovecycling.com\/hu\/csalad\/igy-tedd-izgalmassa-az-oszi-biciklizest-a-gyerekeknek\/\",\"url\":\"https:\/\/www.welovecycling.com\/hu\/csalad\/igy-tedd-izgalmassa-az-oszi-biciklizest-a-gyerekeknek\/\",\"name\":\"\u00cdgy tedd izgalmass\u00e1 az \u0151szi bicikliz\u00e9st a gyerekeknek\",\"isPartOf\":{\"@id\":\"https:\/\/www.welovecycling.com\/hu\/#website\"},\"primaryImageOfPage\":{\"@id\":\"https:\/\/www.welovecycling.com\/hu\/csalad\/igy-tedd-izgalmassa-az-oszi-biciklizest-a-gyerekeknek\/#primaryimage\"},\"image\":{\"@id\":\"https:\/\/www.welovecycling.com\/hu\/csalad\/igy-tedd-izgalmassa-az-oszi-biciklizest-a-gyerekeknek\/#primaryimage\"},\"thumbnailUrl\":\"https:\/\/d2p6e6u75xmxt8.cloudfront.net\/12\/2021\/10\/Family-cycling-profimedia-0637806156-CVR.jpg\",\"datePublished\":\"2021-10-25T06:00:29+00:00\",\"author\":{\"@id\":\"https:\/\/www.welovecycling.com\/hu\/#\/schema\/person\/414a2aebf1801691a5320edb6468e194\"},\"description\":\"Sok szabadt\u00e9ri programhoz hasonl\u00f3an, a ker\u00e9kp\u00e1roz\u00e1s ir\u00e1nt is cs\u00f6kkenhet a lelkesed\u00e9s\u00fcnk, ahogy a napok hidegebbek \u00e9s r\u00f6videbbek lesznek. Er\u0151sebb ilyenkor a k\u00eds\u00e9rt\u00e9s, hogy a t\u00e9v\u00e9 el\u0151tt \u00fclj\u00fcnk egy t\u00e1ny\u00e9r r\u00e1gcs\u00e1lnival\u00f3val, eg\u00e9sz d\u00e9lut\u00e1n. \u00cdgy azonban nem lehet semmit kihozni a szezonb\u00f3l!\",\"breadcrumb\":{\"@id\":\"https:\/\/www.welovecycling.com\/hu\/csalad\/igy-tedd-izgalmassa-az-oszi-biciklizest-a-gyerekeknek\/#breadcrumb\"},\"inLanguage\":\"hu\",\"potentialAction\":[{\"@type\":\"ReadAction\",\"target\":[\"https:\/\/www.welovecycling.com\/hu\/csalad\/igy-tedd-izgalmassa-az-oszi-biciklizest-a-gyerekeknek\/\"]}]},{\"@type\":\"ImageObject\",\"inLanguage\":\"hu\",\"@id\":\"https:\/\/www.welovecycling.com\/hu\/csalad\/igy-tedd-izgalmassa-az-oszi-biciklizest-a-gyerekeknek\/#primaryimage\",\"url\":\"https:\/\/d2p6e6u75xmxt8.cloudfront.net\/12\/2021\/10\/Family-cycling-profimedia-0637806156-CVR.jpg\",\"contentUrl\":\"https:\/\/d2p6e6u75xmxt8.cloudfront.net\/12\/2021\/10\/Family-cycling-profimedia-0637806156-CVR.jpg\",\"width\":1366,\"height\":600,\"caption\":\"Family cycling\"},{\"@type\":\"BreadcrumbList\",\"@id\":\"https:\/\/www.welovecycling.com\/hu\/csalad\/igy-tedd-izgalmassa-az-oszi-biciklizest-a-gyerekeknek\/#breadcrumb\",\"itemListElement\":[{\"@type\":\"ListItem\",\"position\":1,\"name\":\"Home\",\"item\":\"https:\/\/www.welovecycling.com\/hu\/\"},{\"@type\":\"ListItem\",\"position\":2,\"name\":\"\u00cdgy tedd izgalmass\u00e1 az \u0151szi bicikliz\u00e9st a gyerekeknek\"}]},{\"@type\":\"WebSite\",\"@id\":\"https:\/\/www.welovecycling.com\/hu\/#website\",\"url\":\"https:\/\/www.welovecycling.com\/hu\/\",\"name\":\"\u0160koda We Love Cycling - Magyarorsz\u00e1g\",\"description\":\"\u0160koda WeLoveCycling\",\"potentialAction\":[{\"@type\":\"SearchAction\",\"target\":{\"@type\":\"EntryPoint\",\"urlTemplate\":\"https:\/\/www.welovecycling.com\/hu\/?s={search_term_string}\"},\"query-input\":{\"@type\":\"PropertyValueSpecification\",\"valueRequired\":true,\"valueName\":\"search_term_string\"}}],\"inLanguage\":\"hu\"},{\"@type\":\"Person\",\"@id\":\"https:\/\/www.welovecycling.com\/hu\/#\/schema\/person\/414a2aebf1801691a5320edb6468e194\",\"name\":\"hegyizs\",\"image\":{\"@type\":\"ImageObject\",\"inLanguage\":\"hu\",\"@id\":\"https:\/\/www.welovecycling.com\/hu\/#\/schema\/person\/image\/\",\"url\":\"https:\/\/secure.gravatar.com\/avatar\/02cf8a7906b8cf90cecb4679defac7cfd33a1c2e3b88e4903d947f3bb58eedd3?s=96&d=mm&r=g\",\"contentUrl\":\"https:\/\/secure.gravatar.com\/avatar\/02cf8a7906b8cf90cecb4679defac7cfd33a1c2e3b88e4903d947f3bb58eedd3?s=96&d=mm&r=g\",\"caption\":\"hegyizs\"},\"url\":\"https:\/\/www.welovecycling.com\/hu\/author\/hegyizs\/\"}]}<\/script>\n<!-- \/ Yoast SEO Premium plugin. -->","yoast_head_json":{"title":"\u00cdgy tedd izgalmass\u00e1 az \u0151szi bicikliz\u00e9st a gyerekeknek","description":"Sok szabadt\u00e9ri programhoz hasonl\u00f3an, a ker\u00e9kp\u00e1roz\u00e1s ir\u00e1nt is cs\u00f6kkenhet a lelkesed\u00e9s\u00fcnk, ahogy a napok hidegebbek \u00e9s r\u00f6videbbek lesznek. Er\u0151sebb ilyenkor a k\u00eds\u00e9rt\u00e9s, hogy a t\u00e9v\u00e9 el\u0151tt \u00fclj\u00fcnk egy t\u00e1ny\u00e9r r\u00e1gcs\u00e1lnival\u00f3val, eg\u00e9sz d\u00e9lut\u00e1n. \u00cdgy azonban nem lehet semmit kihozni a szezonb\u00f3l!","robots":{"index":"index","follow":"follow","max-snippet":"max-snippet:-1","max-image-preview":"max-image-preview:large","max-video-preview":"max-video-preview:-1"},"canonical":"https:\/\/www.welovecycling.com\/hu\/csalad\/igy-tedd-izgalmassa-az-oszi-biciklizest-a-gyerekeknek\/","og_locale":"hu_HU","og_type":"article","og_title":"\u00cdgy tedd izgalmass\u00e1 az \u0151szi bicikliz\u00e9st a gyerekeknek","og_description":"Sok szabadt\u00e9ri programhoz hasonl\u00f3an, a ker\u00e9kp\u00e1roz\u00e1s ir\u00e1nt is cs\u00f6kkenhet a lelkesed\u00e9s\u00fcnk, ahogy a napok hidegebbek \u00e9s r\u00f6videbbek lesznek. Er\u0151sebb ilyenkor a k\u00eds\u00e9rt\u00e9s, hogy a t\u00e9v\u00e9 el\u0151tt \u00fclj\u00fcnk egy t\u00e1ny\u00e9r r\u00e1gcs\u00e1lnival\u00f3val, eg\u00e9sz d\u00e9lut\u00e1n. \u00cdgy azonban nem lehet semmit kihozni a szezonb\u00f3l!","og_url":"https:\/\/www.welovecycling.com\/hu\/csalad\/igy-tedd-izgalmassa-az-oszi-biciklizest-a-gyerekeknek\/","og_site_name":"\u0160koda We Love Cycling - Magyarorsz\u00e1g","article_publisher":"https:\/\/www.facebook.com\/WeLoveCyclingHungary\/","article_published_time":"2021-10-25T06:00:29+00:00","og_image":[{"width":1366,"height":600,"url":"https:\/\/d2p6e6u75xmxt8.cloudfront.net\/12\/2021\/10\/Family-cycling-profimedia-0637806156-CVR.jpg","type":"image\/jpeg"}],"author":"hegyizs","twitter_card":"summary_large_image","twitter_misc":{"Written by":"Megan Flottorp","Est. reading time":"6"},"schema":{"@context":"https:\/\/schema.org","@graph":[{"@type":"WebPage","@id":"https:\/\/www.welovecycling.com\/hu\/csalad\/igy-tedd-izgalmassa-az-oszi-biciklizest-a-gyerekeknek\/","url":"https:\/\/www.welovecycling.com\/hu\/csalad\/igy-tedd-izgalmassa-az-oszi-biciklizest-a-gyerekeknek\/","name":"\u00cdgy tedd izgalmass\u00e1 az \u0151szi bicikliz\u00e9st a gyerekeknek","isPartOf":{"@id":"https:\/\/www.welovecycling.com\/hu\/#website"},"primaryImageOfPage":{"@id":"https:\/\/www.welovecycling.com\/hu\/csalad\/igy-tedd-izgalmassa-az-oszi-biciklizest-a-gyerekeknek\/#primaryimage"},"image":{"@id":"https:\/\/www.welovecycling.com\/hu\/csalad\/igy-tedd-izgalmassa-az-oszi-biciklizest-a-gyerekeknek\/#primaryimage"},"thumbnailUrl":"https:\/\/d2p6e6u75xmxt8.cloudfront.net\/12\/2021\/10\/Family-cycling-profimedia-0637806156-CVR.jpg","datePublished":"2021-10-25T06:00:29+00:00","author":{"@id":"https:\/\/www.welovecycling.com\/hu\/#\/schema\/person\/414a2aebf1801691a5320edb6468e194"},"description":"Sok szabadt\u00e9ri programhoz hasonl\u00f3an, a ker\u00e9kp\u00e1roz\u00e1s ir\u00e1nt is cs\u00f6kkenhet a lelkesed\u00e9s\u00fcnk, ahogy a napok hidegebbek \u00e9s r\u00f6videbbek lesznek. Er\u0151sebb ilyenkor a k\u00eds\u00e9rt\u00e9s, hogy a t\u00e9v\u00e9 el\u0151tt \u00fclj\u00fcnk egy t\u00e1ny\u00e9r r\u00e1gcs\u00e1lnival\u00f3val, eg\u00e9sz d\u00e9lut\u00e1n. \u00cdgy azonban nem lehet semmit kihozni a szezonb\u00f3l!","breadcrumb":{"@id":"https:\/\/www.welovecycling.com\/hu\/csalad\/igy-tedd-izgalmassa-az-oszi-biciklizest-a-gyerekeknek\/#breadcrumb"},"inLanguage":"hu","potentialAction":[{"@type":"ReadAction","target":["https:\/\/www.welovecycling.com\/hu\/csalad\/igy-tedd-izgalmassa-az-oszi-biciklizest-a-gyerekeknek\/"]}]},{"@type":"ImageObject","inLanguage":"hu","@id":"https:\/\/www.welovecycling.com\/hu\/csalad\/igy-tedd-izgalmassa-az-oszi-biciklizest-a-gyerekeknek\/#primaryimage","url":"https:\/\/d2p6e6u75xmxt8.cloudfront.net\/12\/2021\/10\/Family-cycling-profimedia-0637806156-CVR.jpg","contentUrl":"https:\/\/d2p6e6u75xmxt8.cloudfront.net\/12\/2021\/10\/Family-cycling-profimedia-0637806156-CVR.jpg","width":1366,"height":600,"caption":"Family cycling"},{"@type":"BreadcrumbList","@id":"https:\/\/www.welovecycling.com\/hu\/csalad\/igy-tedd-izgalmassa-az-oszi-biciklizest-a-gyerekeknek\/#breadcrumb","itemListElement":[{"@type":"ListItem","position":1,"name":"Home","item":"https:\/\/www.welovecycling.com\/hu\/"},{"@type":"ListItem","position":2,"name":"\u00cdgy tedd izgalmass\u00e1 az \u0151szi bicikliz\u00e9st a gyerekeknek"}]},{"@type":"WebSite","@id":"https:\/\/www.welovecycling.com\/hu\/#website","url":"https:\/\/www.welovecycling.com\/hu\/","name":"\u0160koda We Love Cycling - Magyarorsz\u00e1g","description":"\u0160koda WeLoveCycling","potentialAction":[{"@type":"SearchAction","target":{"@type":"EntryPoint","urlTemplate":"https:\/\/www.welovecycling.com\/hu\/?s={search_term_string}"},"query-input":{"@type":"PropertyValueSpecification","valueRequired":true,"valueName":"search_term_string"}}],"inLanguage":"hu"},{"@type":"Person","@id":"https:\/\/www.welovecycling.com\/hu\/#\/schema\/person\/414a2aebf1801691a5320edb6468e194","name":"hegyizs","image":{"@type":"ImageObject","inLanguage":"hu","@id":"https:\/\/www.welovecycling.com\/hu\/#\/schema\/person\/image\/","url":"https:\/\/secure.gravatar.com\/avatar\/02cf8a7906b8cf90cecb4679defac7cfd33a1c2e3b88e4903d947f3bb58eedd3?s=96&d=mm&r=g","contentUrl":"https:\/\/secure.gravatar.com\/avatar\/02cf8a7906b8cf90cecb4679defac7cfd33a1c2e3b88e4903d947f3bb58eedd3?s=96&d=mm&r=g","caption":"hegyizs"},"url":"https:\/\/www.welovecycling.com\/hu\/author\/hegyizs\/"}]}},"_links":{"self":[{"href":"https:\/\/www.welovecycling.com\/hu\/wp-json\/wp\/v2\/posts\/12746","targetHints":{"allow":["GET"]}}],"collection":[{"href":"https:\/\/www.welovecycling.com\/hu\/wp-json\/wp\/v2\/posts"}],"about":[{"href":"https:\/\/www.welovecycling.com\/hu\/wp-json\/wp\/v2\/types\/post"}],"author":[{"embeddable":true,"href":"https:\/\/www.welovecycling.com\/hu\/wp-json\/wp\/v2\/users\/71"}],"replies":[{"embeddable":true,"href":"https:\/\/www.welovecycling.com\/hu\/wp-json\/wp\/v2\/comments?post=12746"}],"version-history":[{"count":2,"href":"https:\/\/www.welovecycling.com\/hu\/wp-json\/wp\/v2\/posts\/12746\/revisions"}],"predecessor-version":[{"id":12769,"href":"https:\/\/www.welovecycling.com\/hu\/wp-json\/wp\/v2\/posts\/12746\/revisions\/12769"}],"wp:featuredmedia":[{"embeddable":true,"href":"https:\/\/www.welovecycling.com\/hu\/wp-json\/wp\/v2\/media\/12750"}],"wp:attachment":[{"href":"https:\/\/www.welovecycling.com\/hu\/wp-json\/wp\/v2\/media?parent=12746"}],"wp:term":[{"taxonomy":"category","embeddable":true,"href":"https:\/\/www.welovecycling.com\/hu\/wp-json\/wp\/v2\/categories?post=12746"},{"taxonomy":"post_tag","embeddable":true,"href":"https:\/\/www.welovecycling.com\/hu\/wp-json\/wp\/v2\/tags?post=12746"},{"taxonomy":"global-categories","embeddable":true,"href":"https:\/\/www.welovecycling.com\/hu\/wp-json\/wp\/v2\/global-categories?post=12746"}],"curies":[{"name":"wp","href":"https:\/\/api.w.org\/{rel}","templated":true}]}}