{"id":12738,"date":"2021-10-23T08:00:54","date_gmt":"2021-10-23T06:00:54","guid":{"rendered":"https:\/\/www.welovecycling.com\/hu\/?p=12738"},"modified":"2022-02-03T12:59:03","modified_gmt":"2022-02-03T10:59:03","slug":"a-honap-utvonala-oktober-kaveszunet-a-balatonnal","status":"publish","type":"post","link":"https:\/\/www.welovecycling.com\/hu\/honap-utvonala\/a-honap-utvonala-oktober-kaveszunet-a-balatonnal\/","title":{"rendered":"A h\u00f3nap \u00fatvonala \u2013 Okt\u00f3ber: K\u00e1v\u00e9sz\u00fcnet a Balatonn\u00e1l"},"content":{"rendered":"<p><strong>Lippai Marci, aki a <\/strong><a href=\"https:\/\/www.welovecycling.com\/hu\/wlc-heroes\/a-bringazas-hosei-lippai-marci-a-dolomitokban\/\"><strong>Dolomitok megm\u00e1sz\u00e1s\u00e1val beker\u00fclt a WLC H\u0151seinek csarnok\u00e1ba<\/strong><\/a><strong>, egy sz\u00e9p napon megk\u00edv\u00e1nta a k\u00e1v\u00e9t. De nem \u00e1m csak \u00fagy, a konyh\u00e1ban \u00e1lldog\u00e1lva akarta meginni! Nem volt rest biciklire \u00fclni \u00e9s elindulni az orsz\u00e1g egyik legszebb kil\u00e1t\u00e1s\u00e1t ny\u00fajt\u00f3 terasz\u00e1ra. 116 km \u00e9s t\u00f6bb mint 4 \u00f3ra m\u00falva pedig m\u00e1r sz\u00fcrcs\u00f6lhette is cappuccinoj\u00e1t Balatonakaratty\u00e1n.<\/strong><!--more--><\/p>\n<p>\u00c9p\u00fcl a bicikli\u00fat Budapest \u00e9s a Balaton k\u00f6z\u00f6tt, jelenleg Etyekig vezet, de senkit ne akad\u00e1lyozzon meg a tudat, hogy m\u00e9g nincs k\u00e9sz: \u00edgy is remek\u00fcl le lehet jutni a magyar tengerhez a f\u0151v\u00e1rosb\u00f3l! Marci most 4 \u00f3ra 20 perc alatt tette meg a szakaszt, de ha t\u00f6bben indultok \u00fatnak, lehet, hogy hamarabb is oda\u00e9rtek. Ha pedig er\u0151s ellensz\u00e9l k\u00eds\u00e9r v\u00e9gig bar\u00e1tok helyett, akkor kicsit k\u00e9s\u0151bb. Marci versenyre k\u00e9sz\u00fcl\u00e9shez is aj\u00e1nlja az \u00fatvonalat, de bring\u00e1s csapattal vagy egyed\u00fcl, kiruccan\u00e1sk\u00e9nt is izgalmas \u00e9s n\u00e9mi edzetts\u00e9ggel teljes\u00edthet\u0151 t\u00fara, ha el\u00e9g id\u0151t sz\u00e1nsz r\u00e1.<\/p>\n<figure id=\"attachment_12740\" aria-describedby=\"caption-attachment-12740\" style=\"width: 1024px\" class=\"wp-caption alignnone\"><a href=\"https:\/\/d2p6e6u75xmxt8.cloudfront.net\/12\/2021\/10\/okt_h_utv.png\"><img loading=\"lazy\" decoding=\"async\" class=\"size-large wp-image-12740\" src=\"https:\/\/d2p6e6u75xmxt8.cloudfront.net\/12\/2021\/10\/okt_h_utv-1024x462.png\" alt=\"\" width=\"1024\" height=\"462\" srcset=\"https:\/\/d2p6e6u75xmxt8.cloudfront.net\/12\/2021\/10\/okt_h_utv-1024x462.png 1024w, https:\/\/d2p6e6u75xmxt8.cloudfront.net\/12\/2021\/10\/okt_h_utv-300x135.png 300w, https:\/\/d2p6e6u75xmxt8.cloudfront.net\/12\/2021\/10\/okt_h_utv-768x346.png 768w, https:\/\/d2p6e6u75xmxt8.cloudfront.net\/12\/2021\/10\/okt_h_utv-1536x693.png 1536w, https:\/\/d2p6e6u75xmxt8.cloudfront.net\/12\/2021\/10\/okt_h_utv.png 1685w\" sizes=\"auto, (max-width: 1024px) 100vw, 1024px\" \/><\/a><figcaption id=\"caption-attachment-12740\" class=\"wp-caption-text\"><a href=\"https:\/\/www.strava.com\/activities\/6052926830\"><em>Az \u00fatvonal Strava linkj\u00e9t itt \u00e9red el!<\/em><\/a><\/figcaption><\/figure>\n<p>Okt\u00f3beri h\u00f3nap \u00fatvonal\u00e1n\u00e1l nem tehet\u00fcnk \u00fagy, mintha nem lenne rossz id\u0151, es\u0151 \u00e9s hideg, azonban mindenkit arra biztatunk, hogy ne v\u00e1rjon ny\u00e1rig a balatoni t\u00far\u00e1val. A friss leveg\u0151 \u00e9s a mozg\u00e1s \u0151sszel \u00e9s t\u00e9len is kell a szervezetnek! Sz\u00fcks\u00e9ges azonban n\u00e9h\u00e1ny <a href=\"https:\/\/www.welovecycling.com\/hu\/orszaguti-kerekpar\/telen-tekerni-igen-lehet\/\">extra el\u0151k\u00e9sz\u00fclet<\/a>, hogy \u00e9lvezetes, eg\u00e9szs\u00e9ges \u00e9s biztons\u00e1gos legyen az \u00fat.<\/p>\n<figure id=\"attachment_12741\" aria-describedby=\"caption-attachment-12741\" style=\"width: 1024px\" class=\"wp-caption alignnone\"><a href=\"https:\/\/d2p6e6u75xmxt8.cloudfront.net\/12\/2021\/10\/2021-10-02-18.42.48-min-1-scaled.jpg\"><img loading=\"lazy\" decoding=\"async\" class=\"size-large wp-image-12741\" src=\"https:\/\/d2p6e6u75xmxt8.cloudfront.net\/12\/2021\/10\/2021-10-02-18.42.48-min-1-1024x768.jpg\" alt=\"\" width=\"1024\" height=\"768\" srcset=\"https:\/\/d2p6e6u75xmxt8.cloudfront.net\/12\/2021\/10\/2021-10-02-18.42.48-min-1-1024x768.jpg 1024w, https:\/\/d2p6e6u75xmxt8.cloudfront.net\/12\/2021\/10\/2021-10-02-18.42.48-min-1-300x225.jpg 300w, https:\/\/d2p6e6u75xmxt8.cloudfront.net\/12\/2021\/10\/2021-10-02-18.42.48-min-1-768x576.jpg 768w, https:\/\/d2p6e6u75xmxt8.cloudfront.net\/12\/2021\/10\/2021-10-02-18.42.48-min-1-1536x1152.jpg 1536w, https:\/\/d2p6e6u75xmxt8.cloudfront.net\/12\/2021\/10\/2021-10-02-18.42.48-min-1-2048x1536.jpg 2048w, https:\/\/d2p6e6u75xmxt8.cloudfront.net\/12\/2021\/10\/2021-10-02-18.42.48-min-1-1920x1440.jpg 1920w, https:\/\/d2p6e6u75xmxt8.cloudfront.net\/12\/2021\/10\/2021-10-02-18.42.48-min-1-1920x1440.jpg 1920w\" sizes=\"auto, (max-width: 1024px) 100vw, 1024px\" \/><\/a><figcaption id=\"caption-attachment-12741\" class=\"wp-caption-text\">Zam\u00e1rdiban \u0151sszel is csod\u00e1s a naplemente<\/figcaption><\/figure>\n<p>Marci azt javasolta, hogy amikor id\u0151j\u00e1r\u00e1s-el\u0151rejelz\u00e9st n\u00e9z\u00fcnk, ne csak a h\u0151m\u00e9rs\u00e9kletet \u00e9s a csapad\u00e9kot, hanem a sz\u00e9l er\u0151ss\u00e9g\u00e9t \u00e9s ir\u00e1ny\u00e1t is figyelj\u00fck! Egy egyir\u00e1ny\u00fa t\u00far\u00e1n\u00e1l, mint amilyen a Pest-Balaton is, nem kellemes, ha v\u00e9gig dolgozik ellened a szembesz\u00e9l. A szesz\u00e9lyes \u0151szi id\u0151j\u00e1r\u00e1s viszontags\u00e1gai ellen r\u00e9tegesen kell fel\u00f6lt\u00f6zni, hogy legyen mit fel-\u00e9s levenni, ahogy v\u00e1ltozik a h\u0151m\u00e9rs\u00e9klet. Ha csapad\u00e9kra lehet sz\u00e1m\u00edtani, ne hagyd otthon az es\u0151kab\u00e1tot! T\u00e9len pedig c\u00e9lszer\u0171 s\u00e1rv\u00e9d\u0151t szerelni a biciklidre.<\/p>\n<figure id=\"attachment_12742\" aria-describedby=\"caption-attachment-12742\" style=\"width: 1024px\" class=\"wp-caption alignnone\"><a href=\"https:\/\/d2p6e6u75xmxt8.cloudfront.net\/12\/2021\/10\/2021-10-02-17.22.07-min-1-scaled.jpg\"><img loading=\"lazy\" decoding=\"async\" class=\"size-large wp-image-12742\" src=\"https:\/\/d2p6e6u75xmxt8.cloudfront.net\/12\/2021\/10\/2021-10-02-17.22.07-min-1-1024x768.jpg\" alt=\"\" width=\"1024\" height=\"768\" srcset=\"https:\/\/d2p6e6u75xmxt8.cloudfront.net\/12\/2021\/10\/2021-10-02-17.22.07-min-1-1024x768.jpg 1024w, https:\/\/d2p6e6u75xmxt8.cloudfront.net\/12\/2021\/10\/2021-10-02-17.22.07-min-1-300x225.jpg 300w, https:\/\/d2p6e6u75xmxt8.cloudfront.net\/12\/2021\/10\/2021-10-02-17.22.07-min-1-768x576.jpg 768w, https:\/\/d2p6e6u75xmxt8.cloudfront.net\/12\/2021\/10\/2021-10-02-17.22.07-min-1-1536x1152.jpg 1536w, https:\/\/d2p6e6u75xmxt8.cloudfront.net\/12\/2021\/10\/2021-10-02-17.22.07-min-1-2048x1536.jpg 2048w, https:\/\/d2p6e6u75xmxt8.cloudfront.net\/12\/2021\/10\/2021-10-02-17.22.07-min-1-1920x1440.jpg 1920w, https:\/\/d2p6e6u75xmxt8.cloudfront.net\/12\/2021\/10\/2021-10-02-17.22.07-min-1-1920x1440.jpg 1920w\" sizes=\"auto, (max-width: 1024px) 100vw, 1024px\" \/><\/a><figcaption id=\"caption-attachment-12742\" class=\"wp-caption-text\">Az a bizonyos, j\u00f3l meg\u00e9rdemelt k\u00e1v\u00e9 a Balaton partj\u00e1n<\/figcaption><\/figure>\n<p>Az \u0151szi h\u00f3napokkal nem csak a hideg, hanem a s\u00f6t\u00e9ts\u00e9g is meg\u00e9rkezik. Ha hosszabb t\u00e1vra, p\u00e9ld\u00e1ul 116 km-es \u00fatra &#8211; indultok, k\u00e9sz\u00fcljetek fel arra, hogy lehet, nem \u00e9rtek vissza s\u00f6t\u00e9ted\u00e9s el\u0151tt! Marci f\u00e9nyvisszaver\u0151 ruh\u00e1zatk\u00e9nt azt a fajta mell\u00e9nyt hordja, ami \u00f6v-, \u00e9s nadr\u00e1gtart\u00f3-szer\u0171 f\u00e9nyvisszaver\u0151s szalagokb\u00f3l \u00e1ll, \u00f6sszecsatolhat\u00f3, j\u00f3l be\u00e1ll\u00edthat\u00f3, \u00e9s nem lobog rajta, mint egy teljes mell\u00e9ny. Els\u0151 l\u00e1mpak\u00e9nt olyan magas f\u00e9nyerej\u0171t haszn\u00e1l, ami nem csak arra j\u00f3, hogy \u0151t l\u00e1ss\u00e1k, hanem arra is, hogy \u0151 l\u00e1ssa az utat.<\/p>\n<p>Vigy\u00e1zzatok magatokra, \u00e9s minden klasszikus balatoni ny\u00e1r-\u00e9let\u00e9rz\u00e9s ellen\u00e9re, \u0151sszel se feledkezzetek meg a magyar tengerr\u0151l!<\/p>\n<p><em>Ha te is szeretn\u00e9d megosztani kedvenc \u00fatvonalaidat bring\u00e1s k\u00f6z\u00f6ss\u00e9g\u00fcnkkel, k\u00e9sz\u00edts fot\u00f3kat, \u00e9s k\u00fcldj el nek\u00fcnk egy besz\u00e1mol\u00f3t a t\u00far\u00e1r\u00f3l, illetve a legfontosabb tudnival\u00f3kr\u00f3l a <a href=\"https:\/\/www.welovecycling.com\/hu\/honap-utvonala\/honap-utvonala-szeptember-zelenij-linda-kedvenc-dh-palyaja\/welovecycling@skoda.hu\">welovecycling@skoda.hu<\/a>\u00a0e-mail c\u00edmre! Ha pedig tov\u00e1bbi inspir\u00e1ci\u00f3t keresel k\u00f6vetkez\u0151 t\u00far\u00e1dhoz, n\u00e9zd meg <\/em><a href=\"https:\/\/www.welovecycling.com\/hu\/category\/honap-utvonala\/\"><em>kor\u00e1bbi \u00fatvonalainkat<\/em><\/a><em>!<\/em><\/p>\n","protected":false},"excerpt":{"rendered":"<p>Lippai Marci, aki a Dolomitok megm\u00e1sz\u00e1s\u00e1val beker\u00fclt a WLC H\u0151seinek csarnok\u00e1ba, egy sz\u00e9p napon megk\u00edv\u00e1nta a k\u00e1v\u00e9t. De nem \u00e1m [&hellip;]<\/p>\n","protected":false},"author":71,"featured_media":12739,"comment_status":"open","ping_status":"open","sticky":false,"template":"","format":"video","meta":{"footnotes":""},"categories":[461],"tags":[],"global-categories":[],"class_list":["post-12738","post","type-post","status-publish","format-video","has-post-thumbnail","hentry","category-honap-utvonala","post_format-post-format-video"],"yoast_head":"<!-- This site is optimized with the Yoast SEO Premium plugin v25.3 (Yoast SEO v25.9) - https:\/\/yoast.com\/wordpress\/plugins\/seo\/ -->\n<title>A h\u00f3nap \u00fatvonala \u2013 Okt\u00f3ber: K\u00e1v\u00e9sz\u00fcnet a Balatonn\u00e1l<\/title>\n<meta name=\"description\" content=\"Lippai Marci, aki a Dolomitok megm\u00e1sz\u00e1s\u00e1val beker\u00fclt a WLC H\u0151seinek csarnok\u00e1ba, egy sz\u00e9p napon megk\u00edv\u00e1nta a k\u00e1v\u00e9t. De nem \u00e1m csak \u00fagy, a konyh\u00e1ban \u00e1lldog\u00e1lva akarta meginni! Nem volt rest biciklire \u00fclni \u00e9s elindulni az orsz\u00e1g egyik legszebb kil\u00e1t\u00e1s\u00e1t ny\u00fajt\u00f3 terasz\u00e1ra. 116 km \u00e9s t\u00f6bb mint 4 \u00f3ra m\u00falva pedig m\u00e1r sz\u00fcrcs\u00f6lhette is cappuccinoj\u00e1t Balatonakaratty\u00e1n, hogy azt\u00e1n \u00fajult er\u0151vel induljon vissza Budapestre.\" \/>\n<meta name=\"robots\" content=\"index, follow, max-snippet:-1, max-image-preview:large, max-video-preview:-1\" \/>\n<link rel=\"canonical\" href=\"https:\/\/www.welovecycling.com\/hu\/honap-utvonala\/a-honap-utvonala-oktober-kaveszunet-a-balatonnal\/\" \/>\n<meta property=\"og:locale\" content=\"hu_HU\" \/>\n<meta property=\"og:type\" content=\"article\" \/>\n<meta property=\"og:title\" content=\"A h\u00f3nap \u00fatvonala \u2013 Okt\u00f3ber: K\u00e1v\u00e9sz\u00fcnet a Balatonn\u00e1l\" \/>\n<meta property=\"og:description\" content=\"Lippai Marci, aki a Dolomitok megm\u00e1sz\u00e1s\u00e1val beker\u00fclt a WLC H\u0151seinek csarnok\u00e1ba, egy sz\u00e9p napon megk\u00edv\u00e1nta a k\u00e1v\u00e9t. De nem \u00e1m csak \u00fagy, a konyh\u00e1ban \u00e1lldog\u00e1lva akarta meginni! Nem volt rest biciklire \u00fclni \u00e9s elindulni az orsz\u00e1g egyik legszebb kil\u00e1t\u00e1s\u00e1t ny\u00fajt\u00f3 terasz\u00e1ra. 116 km \u00e9s t\u00f6bb mint 4 \u00f3ra m\u00falva pedig m\u00e1r sz\u00fcrcs\u00f6lhette is cappuccinoj\u00e1t Balatonakaratty\u00e1n, hogy azt\u00e1n \u00fajult er\u0151vel induljon vissza Budapestre.\" \/>\n<meta property=\"og:url\" content=\"https:\/\/www.welovecycling.com\/hu\/honap-utvonala\/a-honap-utvonala-oktober-kaveszunet-a-balatonnal\/\" \/>\n<meta property=\"og:site_name\" content=\"\u0160koda We Love Cycling - Magyarorsz\u00e1g\" \/>\n<meta property=\"article:publisher\" content=\"https:\/\/www.facebook.com\/WeLoveCyclingHungary\/\" \/>\n<meta property=\"article:published_time\" content=\"2021-10-23T06:00:54+00:00\" \/>\n<meta property=\"article:modified_time\" content=\"2022-02-03T10:59:03+00:00\" \/>\n<meta property=\"og:image\" content=\"https:\/\/d2p6e6u75xmxt8.cloudfront.net\/12\/2021\/10\/WLC_honap_utvonala_INDEXKEP.png\" \/>\n\t<meta property=\"og:image:width\" content=\"1920\" \/>\n\t<meta property=\"og:image:height\" content=\"1080\" \/>\n\t<meta property=\"og:image:type\" content=\"image\/png\" \/>\n<meta name=\"author\" content=\"hegyizs\" \/>\n<meta name=\"twitter:card\" content=\"summary_large_image\" \/>\n<meta name=\"twitter:label1\" content=\"Written by\" \/>\n\t<meta name=\"twitter:data1\" content=\"WLC\" \/>\n\t<meta name=\"twitter:label2\" content=\"Est. reading time\" \/>\n\t<meta name=\"twitter:data2\" content=\"3 minutes\" \/>\n<script type=\"application\/ld+json\" class=\"yoast-schema-graph\">{\"@context\":\"https:\/\/schema.org\",\"@graph\":[{\"@type\":\"WebPage\",\"@id\":\"https:\/\/www.welovecycling.com\/hu\/honap-utvonala\/a-honap-utvonala-oktober-kaveszunet-a-balatonnal\/\",\"url\":\"https:\/\/www.welovecycling.com\/hu\/honap-utvonala\/a-honap-utvonala-oktober-kaveszunet-a-balatonnal\/\",\"name\":\"A h\u00f3nap \u00fatvonala \u2013 Okt\u00f3ber: K\u00e1v\u00e9sz\u00fcnet a Balatonn\u00e1l\",\"isPartOf\":{\"@id\":\"https:\/\/www.welovecycling.com\/hu\/#website\"},\"primaryImageOfPage\":{\"@id\":\"https:\/\/www.welovecycling.com\/hu\/honap-utvonala\/a-honap-utvonala-oktober-kaveszunet-a-balatonnal\/#primaryimage\"},\"image\":{\"@id\":\"https:\/\/www.welovecycling.com\/hu\/honap-utvonala\/a-honap-utvonala-oktober-kaveszunet-a-balatonnal\/#primaryimage\"},\"thumbnailUrl\":\"https:\/\/d2p6e6u75xmxt8.cloudfront.net\/12\/2021\/10\/WLC_honap_utvonala_INDEXKEP.png\",\"datePublished\":\"2021-10-23T06:00:54+00:00\",\"dateModified\":\"2022-02-03T10:59:03+00:00\",\"author\":{\"@id\":\"https:\/\/www.welovecycling.com\/hu\/#\/schema\/person\/414a2aebf1801691a5320edb6468e194\"},\"description\":\"Lippai Marci, aki a Dolomitok megm\u00e1sz\u00e1s\u00e1val beker\u00fclt a WLC H\u0151seinek csarnok\u00e1ba, egy sz\u00e9p napon megk\u00edv\u00e1nta a k\u00e1v\u00e9t. De nem \u00e1m csak \u00fagy, a konyh\u00e1ban \u00e1lldog\u00e1lva akarta meginni! Nem volt rest biciklire \u00fclni \u00e9s elindulni az orsz\u00e1g egyik legszebb kil\u00e1t\u00e1s\u00e1t ny\u00fajt\u00f3 terasz\u00e1ra. 116 km \u00e9s t\u00f6bb mint 4 \u00f3ra m\u00falva pedig m\u00e1r sz\u00fcrcs\u00f6lhette is cappuccinoj\u00e1t Balatonakaratty\u00e1n, hogy azt\u00e1n \u00fajult er\u0151vel induljon vissza Budapestre.\",\"breadcrumb\":{\"@id\":\"https:\/\/www.welovecycling.com\/hu\/honap-utvonala\/a-honap-utvonala-oktober-kaveszunet-a-balatonnal\/#breadcrumb\"},\"inLanguage\":\"hu\",\"potentialAction\":[{\"@type\":\"ReadAction\",\"target\":[\"https:\/\/www.welovecycling.com\/hu\/honap-utvonala\/a-honap-utvonala-oktober-kaveszunet-a-balatonnal\/\"]}]},{\"@type\":\"ImageObject\",\"inLanguage\":\"hu\",\"@id\":\"https:\/\/www.welovecycling.com\/hu\/honap-utvonala\/a-honap-utvonala-oktober-kaveszunet-a-balatonnal\/#primaryimage\",\"url\":\"https:\/\/d2p6e6u75xmxt8.cloudfront.net\/12\/2021\/10\/WLC_honap_utvonala_INDEXKEP.png\",\"contentUrl\":\"https:\/\/d2p6e6u75xmxt8.cloudfront.net\/12\/2021\/10\/WLC_honap_utvonala_INDEXKEP.png\",\"width\":1920,\"height\":1080},{\"@type\":\"BreadcrumbList\",\"@id\":\"https:\/\/www.welovecycling.com\/hu\/honap-utvonala\/a-honap-utvonala-oktober-kaveszunet-a-balatonnal\/#breadcrumb\",\"itemListElement\":[{\"@type\":\"ListItem\",\"position\":1,\"name\":\"Home\",\"item\":\"https:\/\/www.welovecycling.com\/hu\/\"},{\"@type\":\"ListItem\",\"position\":2,\"name\":\"A h\u00f3nap \u00fatvonala \u2013 Okt\u00f3ber: K\u00e1v\u00e9sz\u00fcnet a Balatonn\u00e1l\"}]},{\"@type\":\"WebSite\",\"@id\":\"https:\/\/www.welovecycling.com\/hu\/#website\",\"url\":\"https:\/\/www.welovecycling.com\/hu\/\",\"name\":\"\u0160koda We Love Cycling - Magyarorsz\u00e1g\",\"description\":\"\u0160koda WeLoveCycling\",\"potentialAction\":[{\"@type\":\"SearchAction\",\"target\":{\"@type\":\"EntryPoint\",\"urlTemplate\":\"https:\/\/www.welovecycling.com\/hu\/?s={search_term_string}\"},\"query-input\":{\"@type\":\"PropertyValueSpecification\",\"valueRequired\":true,\"valueName\":\"search_term_string\"}}],\"inLanguage\":\"hu\"},{\"@type\":\"Person\",\"@id\":\"https:\/\/www.welovecycling.com\/hu\/#\/schema\/person\/414a2aebf1801691a5320edb6468e194\",\"name\":\"hegyizs\",\"image\":{\"@type\":\"ImageObject\",\"inLanguage\":\"hu\",\"@id\":\"https:\/\/www.welovecycling.com\/hu\/#\/schema\/person\/image\/\",\"url\":\"https:\/\/secure.gravatar.com\/avatar\/02cf8a7906b8cf90cecb4679defac7cfd33a1c2e3b88e4903d947f3bb58eedd3?s=96&d=mm&r=g\",\"contentUrl\":\"https:\/\/secure.gravatar.com\/avatar\/02cf8a7906b8cf90cecb4679defac7cfd33a1c2e3b88e4903d947f3bb58eedd3?s=96&d=mm&r=g\",\"caption\":\"hegyizs\"},\"url\":\"https:\/\/www.welovecycling.com\/hu\/author\/hegyizs\/\"}]}<\/script>\n<!-- \/ Yoast SEO Premium plugin. -->","yoast_head_json":{"title":"A h\u00f3nap \u00fatvonala \u2013 Okt\u00f3ber: K\u00e1v\u00e9sz\u00fcnet a Balatonn\u00e1l","description":"Lippai Marci, aki a Dolomitok megm\u00e1sz\u00e1s\u00e1val beker\u00fclt a WLC H\u0151seinek csarnok\u00e1ba, egy sz\u00e9p napon megk\u00edv\u00e1nta a k\u00e1v\u00e9t. De nem \u00e1m csak \u00fagy, a konyh\u00e1ban \u00e1lldog\u00e1lva akarta meginni! Nem volt rest biciklire \u00fclni \u00e9s elindulni az orsz\u00e1g egyik legszebb kil\u00e1t\u00e1s\u00e1t ny\u00fajt\u00f3 terasz\u00e1ra. 116 km \u00e9s t\u00f6bb mint 4 \u00f3ra m\u00falva pedig m\u00e1r sz\u00fcrcs\u00f6lhette is cappuccinoj\u00e1t Balatonakaratty\u00e1n, hogy azt\u00e1n \u00fajult er\u0151vel induljon vissza Budapestre.","robots":{"index":"index","follow":"follow","max-snippet":"max-snippet:-1","max-image-preview":"max-image-preview:large","max-video-preview":"max-video-preview:-1"},"canonical":"https:\/\/www.welovecycling.com\/hu\/honap-utvonala\/a-honap-utvonala-oktober-kaveszunet-a-balatonnal\/","og_locale":"hu_HU","og_type":"article","og_title":"A h\u00f3nap \u00fatvonala \u2013 Okt\u00f3ber: K\u00e1v\u00e9sz\u00fcnet a Balatonn\u00e1l","og_description":"Lippai Marci, aki a Dolomitok megm\u00e1sz\u00e1s\u00e1val beker\u00fclt a WLC H\u0151seinek csarnok\u00e1ba, egy sz\u00e9p napon megk\u00edv\u00e1nta a k\u00e1v\u00e9t. De nem \u00e1m csak \u00fagy, a konyh\u00e1ban \u00e1lldog\u00e1lva akarta meginni! Nem volt rest biciklire \u00fclni \u00e9s elindulni az orsz\u00e1g egyik legszebb kil\u00e1t\u00e1s\u00e1t ny\u00fajt\u00f3 terasz\u00e1ra. 116 km \u00e9s t\u00f6bb mint 4 \u00f3ra m\u00falva pedig m\u00e1r sz\u00fcrcs\u00f6lhette is cappuccinoj\u00e1t Balatonakaratty\u00e1n, hogy azt\u00e1n \u00fajult er\u0151vel induljon vissza Budapestre.","og_url":"https:\/\/www.welovecycling.com\/hu\/honap-utvonala\/a-honap-utvonala-oktober-kaveszunet-a-balatonnal\/","og_site_name":"\u0160koda We Love Cycling - Magyarorsz\u00e1g","article_publisher":"https:\/\/www.facebook.com\/WeLoveCyclingHungary\/","article_published_time":"2021-10-23T06:00:54+00:00","article_modified_time":"2022-02-03T10:59:03+00:00","og_image":[{"width":1920,"height":1080,"url":"https:\/\/d2p6e6u75xmxt8.cloudfront.net\/12\/2021\/10\/WLC_honap_utvonala_INDEXKEP.png","type":"image\/png"}],"author":"hegyizs","twitter_card":"summary_large_image","twitter_misc":{"Written by":"WLC","Est. reading time":"3 minutes"},"schema":{"@context":"https:\/\/schema.org","@graph":[{"@type":"WebPage","@id":"https:\/\/www.welovecycling.com\/hu\/honap-utvonala\/a-honap-utvonala-oktober-kaveszunet-a-balatonnal\/","url":"https:\/\/www.welovecycling.com\/hu\/honap-utvonala\/a-honap-utvonala-oktober-kaveszunet-a-balatonnal\/","name":"A h\u00f3nap \u00fatvonala \u2013 Okt\u00f3ber: K\u00e1v\u00e9sz\u00fcnet a Balatonn\u00e1l","isPartOf":{"@id":"https:\/\/www.welovecycling.com\/hu\/#website"},"primaryImageOfPage":{"@id":"https:\/\/www.welovecycling.com\/hu\/honap-utvonala\/a-honap-utvonala-oktober-kaveszunet-a-balatonnal\/#primaryimage"},"image":{"@id":"https:\/\/www.welovecycling.com\/hu\/honap-utvonala\/a-honap-utvonala-oktober-kaveszunet-a-balatonnal\/#primaryimage"},"thumbnailUrl":"https:\/\/d2p6e6u75xmxt8.cloudfront.net\/12\/2021\/10\/WLC_honap_utvonala_INDEXKEP.png","datePublished":"2021-10-23T06:00:54+00:00","dateModified":"2022-02-03T10:59:03+00:00","author":{"@id":"https:\/\/www.welovecycling.com\/hu\/#\/schema\/person\/414a2aebf1801691a5320edb6468e194"},"description":"Lippai Marci, aki a Dolomitok megm\u00e1sz\u00e1s\u00e1val beker\u00fclt a WLC H\u0151seinek csarnok\u00e1ba, egy sz\u00e9p napon megk\u00edv\u00e1nta a k\u00e1v\u00e9t. De nem \u00e1m csak \u00fagy, a konyh\u00e1ban \u00e1lldog\u00e1lva akarta meginni! Nem volt rest biciklire \u00fclni \u00e9s elindulni az orsz\u00e1g egyik legszebb kil\u00e1t\u00e1s\u00e1t ny\u00fajt\u00f3 terasz\u00e1ra. 116 km \u00e9s t\u00f6bb mint 4 \u00f3ra m\u00falva pedig m\u00e1r sz\u00fcrcs\u00f6lhette is cappuccinoj\u00e1t Balatonakaratty\u00e1n, hogy azt\u00e1n \u00fajult er\u0151vel induljon vissza Budapestre.","breadcrumb":{"@id":"https:\/\/www.welovecycling.com\/hu\/honap-utvonala\/a-honap-utvonala-oktober-kaveszunet-a-balatonnal\/#breadcrumb"},"inLanguage":"hu","potentialAction":[{"@type":"ReadAction","target":["https:\/\/www.welovecycling.com\/hu\/honap-utvonala\/a-honap-utvonala-oktober-kaveszunet-a-balatonnal\/"]}]},{"@type":"ImageObject","inLanguage":"hu","@id":"https:\/\/www.welovecycling.com\/hu\/honap-utvonala\/a-honap-utvonala-oktober-kaveszunet-a-balatonnal\/#primaryimage","url":"https:\/\/d2p6e6u75xmxt8.cloudfront.net\/12\/2021\/10\/WLC_honap_utvonala_INDEXKEP.png","contentUrl":"https:\/\/d2p6e6u75xmxt8.cloudfront.net\/12\/2021\/10\/WLC_honap_utvonala_INDEXKEP.png","width":1920,"height":1080},{"@type":"BreadcrumbList","@id":"https:\/\/www.welovecycling.com\/hu\/honap-utvonala\/a-honap-utvonala-oktober-kaveszunet-a-balatonnal\/#breadcrumb","itemListElement":[{"@type":"ListItem","position":1,"name":"Home","item":"https:\/\/www.welovecycling.com\/hu\/"},{"@type":"ListItem","position":2,"name":"A h\u00f3nap \u00fatvonala \u2013 Okt\u00f3ber: K\u00e1v\u00e9sz\u00fcnet a Balatonn\u00e1l"}]},{"@type":"WebSite","@id":"https:\/\/www.welovecycling.com\/hu\/#website","url":"https:\/\/www.welovecycling.com\/hu\/","name":"\u0160koda We Love Cycling - Magyarorsz\u00e1g","description":"\u0160koda WeLoveCycling","potentialAction":[{"@type":"SearchAction","target":{"@type":"EntryPoint","urlTemplate":"https:\/\/www.welovecycling.com\/hu\/?s={search_term_string}"},"query-input":{"@type":"PropertyValueSpecification","valueRequired":true,"valueName":"search_term_string"}}],"inLanguage":"hu"},{"@type":"Person","@id":"https:\/\/www.welovecycling.com\/hu\/#\/schema\/person\/414a2aebf1801691a5320edb6468e194","name":"hegyizs","image":{"@type":"ImageObject","inLanguage":"hu","@id":"https:\/\/www.welovecycling.com\/hu\/#\/schema\/person\/image\/","url":"https:\/\/secure.gravatar.com\/avatar\/02cf8a7906b8cf90cecb4679defac7cfd33a1c2e3b88e4903d947f3bb58eedd3?s=96&d=mm&r=g","contentUrl":"https:\/\/secure.gravatar.com\/avatar\/02cf8a7906b8cf90cecb4679defac7cfd33a1c2e3b88e4903d947f3bb58eedd3?s=96&d=mm&r=g","caption":"hegyizs"},"url":"https:\/\/www.welovecycling.com\/hu\/author\/hegyizs\/"}]}},"_links":{"self":[{"href":"https:\/\/www.welovecycling.com\/hu\/wp-json\/wp\/v2\/posts\/12738","targetHints":{"allow":["GET"]}}],"collection":[{"href":"https:\/\/www.welovecycling.com\/hu\/wp-json\/wp\/v2\/posts"}],"about":[{"href":"https:\/\/www.welovecycling.com\/hu\/wp-json\/wp\/v2\/types\/post"}],"author":[{"embeddable":true,"href":"https:\/\/www.welovecycling.com\/hu\/wp-json\/wp\/v2\/users\/71"}],"replies":[{"embeddable":true,"href":"https:\/\/www.welovecycling.com\/hu\/wp-json\/wp\/v2\/comments?post=12738"}],"version-history":[{"count":2,"href":"https:\/\/www.welovecycling.com\/hu\/wp-json\/wp\/v2\/posts\/12738\/revisions"}],"predecessor-version":[{"id":13526,"href":"https:\/\/www.welovecycling.com\/hu\/wp-json\/wp\/v2\/posts\/12738\/revisions\/13526"}],"wp:featuredmedia":[{"embeddable":true,"href":"https:\/\/www.welovecycling.com\/hu\/wp-json\/wp\/v2\/media\/12739"}],"wp:attachment":[{"href":"https:\/\/www.welovecycling.com\/hu\/wp-json\/wp\/v2\/media?parent=12738"}],"wp:term":[{"taxonomy":"category","embeddable":true,"href":"https:\/\/www.welovecycling.com\/hu\/wp-json\/wp\/v2\/categories?post=12738"},{"taxonomy":"post_tag","embeddable":true,"href":"https:\/\/www.welovecycling.com\/hu\/wp-json\/wp\/v2\/tags?post=12738"},{"taxonomy":"global-categories","embeddable":true,"href":"https:\/\/www.welovecycling.com\/hu\/wp-json\/wp\/v2\/global-categories?post=12738"}],"curies":[{"name":"wp","href":"https:\/\/api.w.org\/{rel}","templated":true}]}}