{"id":12718,"date":"2021-10-21T08:00:13","date_gmt":"2021-10-21T06:00:13","guid":{"rendered":"https:\/\/www.welovecycling.com\/hu\/?p=12718"},"modified":"2021-10-15T15:37:43","modified_gmt":"2021-10-15T13:37:43","slug":"intuitiv-etkezes-bicikliseknek-szabalyok","status":"publish","type":"post","link":"https:\/\/www.welovecycling.com\/hu\/edzes-es-eletmod\/intuitiv-etkezes-bicikliseknek-szabalyok\/","title":{"rendered":"Intuit\u00edv \u00e9tkez\u00e9s bicikliseknek \u2013 Szab\u00e1lyok"},"content":{"rendered":"<p><strong>Az intuit\u00edv \u00e9tkez\u00e9s minden fogy\u00f3k\u00far\u00e1nak a sz\u00f6ges ellent\u00e9te. Nem korl\u00e1tozza, hogy mit \u00e9s mennyit ehetsz, azonban fel\u00e1ll\u00edt n\u00e9h\u00e1ny szab\u00e1lyt \u00e9s tan\u00e1csokat is ad az \u00e9telekkel val\u00f3 eg\u00e9szs\u00e9ges kapcsolat ki\u00e9p\u00edt\u00e9s\u00e9hez \u00e9s fenntart\u00e1s\u00e1hoz. C\u00e9lja, hogy seg\u00edtsen felismerni a val\u00f3di \u00e9hs\u00e9g\u00e9rzetet \u00e9s a telts\u00e9g\u00e9rzetet, \u00e9s arra \u00f6szt\u00f6n\u00f6z, hogy ezek alapj\u00e1n fogyassz \u00e9teleket.<\/strong><\/p>\n<p><!--more--><\/p>\n<h2><strong>Felejtsd el a fogy\u00f3k\u00far\u00e1t!<\/strong><\/h2>\n<p>Ez az intuit\u00edv \u00e9tkez\u00e9s els\u0151 alappill\u00e9re: nincs fogy\u00f3z\u00e1s! Ha eddig folyton a leg\u00fajabb, leghat\u00e1sosabb \u00e9trendekre vad\u00e1szt\u00e1l, fontos, hogy feladd ezt a szok\u00e1st. Az intuit\u00edv \u00e9tkez\u00e9s c\u00e9lja, hogy elfogadd, a legt\u00f6bb di\u00e9ta egyszer\u0171en nem m\u0171k\u00f6dik.<\/p>\n<figure id=\"attachment_11873\" aria-describedby=\"caption-attachment-11873\" style=\"width: 1280px\" class=\"wp-caption alignnone\"><a href=\"https:\/\/d2p6e6u75xmxt8.cloudfront.net\/12\/2021\/07\/diet-calorie-counter-weight-loss-health.jpg\"><img loading=\"lazy\" decoding=\"async\" class=\"wp-image-11873 size-full\" src=\"https:\/\/d2p6e6u75xmxt8.cloudfront.net\/12\/2021\/07\/diet-calorie-counter-weight-loss-health.jpg\" alt=\"Weight loss\" width=\"1280\" height=\"853\" srcset=\"https:\/\/d2p6e6u75xmxt8.cloudfront.net\/12\/2021\/07\/diet-calorie-counter-weight-loss-health.jpg 1280w, https:\/\/d2p6e6u75xmxt8.cloudfront.net\/12\/2021\/07\/diet-calorie-counter-weight-loss-health-300x200.jpg 300w, https:\/\/d2p6e6u75xmxt8.cloudfront.net\/12\/2021\/07\/diet-calorie-counter-weight-loss-health-1024x682.jpg 1024w, https:\/\/d2p6e6u75xmxt8.cloudfront.net\/12\/2021\/07\/diet-calorie-counter-weight-loss-health-768x512.jpg 768w, https:\/\/d2p6e6u75xmxt8.cloudfront.net\/12\/2021\/07\/diet-calorie-counter-weight-loss-health-272x182.jpg 272w\" sizes=\"auto, (max-width: 1280px) 100vw, 1280px\" \/><\/a><figcaption id=\"caption-attachment-11873\" class=\"wp-caption-text\">Felejtsd el a fogy\u00f3k\u00far\u00e1z\u00e1st!<\/figcaption><\/figure>\n<p>A legt\u00f6bb kutat\u00e1s azt mutatja, hogy az \u00e9trend t\u00edpus\u00e1t\u00f3l f\u00fcggetlen\u00fcl a leadott s\u00faly egy- vagy k\u00e9tharmada jellemz\u0151en egy \u00e9ven bel\u00fcl visszam\u00e1szik, \u00e9s \u00f6t \u00e9v alatt szinte minden esetben az eg\u00e9sz. S\u0151t, sz\u00e1mos tanulm\u00e1ny \u00e1ll\u00edtja, hogy sok fogy\u00f3k\u00far\u00e1z\u00f3 t\u00f6bb s\u00falyt szed fel a k\u00fara ut\u00e1n, mint amennyit leadott.<\/p>\n<h2><strong>Tiszteld az \u00e9hs\u00e9get!<\/strong><\/h2>\n<p>Sokkal k\u00f6nnyebb kezelni az \u00e9hs\u00e9get, ha nem hagyod, hogy kics\u00fasszon a kezedb\u0151l az ir\u00e1ny\u00edt\u00e1s. Az intuit\u00edv ev\u00e9s elvei azt tartj\u00e1k, hogy amikor \u00e9hes vagy, nyugodtan egy\u00e9l. Ha hagyod, hogy \u00e9hs\u00e9g\u00e9rzeted eluralkodjon rajtad a t\u00fal szigor\u00fa korl\u00e1tok miatt, sokkal val\u00f3sz\u00edn\u0171bb, hogy eg\u00e9szs\u00e9gtelen nassolnival\u00f3khoz fogsz ny\u00falni.<\/p>\n<p>Fontos, hogy az <a href=\"https:\/\/www.welovecycling.com\/hu\/edzes-es-eletmod\/az-intuitiv-etkezes-bringasoknak-igen-vagy-nem\/\"><u>el\u0151z\u0151 cikkben le\u00edrtak<\/u><\/a> szerint megk\u00fcl\u00f6nb\u00f6ztess\u00fck a val\u00f3di fizikai \u00e9hs\u00e9get a tanult, \u00e9rzelmi \u00e9hs\u00e9gt\u0151l. Ha egy fokozatosan er\u0151s\u00f6d\u0151 \u00e9hs\u00e9get \u00e9rzel, tartsd tiszteletben \u00e9s egy\u00e9l! Lehet, hogy \u00edgy napj\u00e1ban t\u00f6bbsz\u00f6r fogsz \u00e9tkezni, mint kor\u00e1bban, de az is el\u0151fordulhat, hogy ritk\u00e1bban, mindkett\u0151 norm\u00e1lis!<\/p>\n<figure id=\"attachment_8881\" aria-describedby=\"caption-attachment-8881\" style=\"width: 1000px\" class=\"wp-caption alignnone\"><a href=\"https:\/\/d2p6e6u75xmxt8.cloudfront.net\/12\/2020\/11\/salad-profimedia-0427226956.jpg\"><img loading=\"lazy\" decoding=\"async\" class=\"wp-image-8881 size-full\" src=\"https:\/\/d2p6e6u75xmxt8.cloudfront.net\/12\/2020\/11\/salad-profimedia-0427226956.jpg\" alt=\"Healthy food\" width=\"1000\" height=\"667\" srcset=\"https:\/\/d2p6e6u75xmxt8.cloudfront.net\/12\/2020\/11\/salad-profimedia-0427226956.jpg 1000w, https:\/\/d2p6e6u75xmxt8.cloudfront.net\/12\/2020\/11\/salad-profimedia-0427226956-300x200.jpg 300w, https:\/\/d2p6e6u75xmxt8.cloudfront.net\/12\/2020\/11\/salad-profimedia-0427226956-768x512.jpg 768w, https:\/\/d2p6e6u75xmxt8.cloudfront.net\/12\/2020\/11\/salad-profimedia-0427226956-272x182.jpg 272w\" sizes=\"auto, (max-width: 1000px) 100vw, 1000px\" \/><\/a><figcaption id=\"caption-attachment-8881\" class=\"wp-caption-text\">Lehet, hogy m\u00e1s id\u0151pontokban fogsz enni, mint eddig. \u00a9 Profimedia<\/figcaption><\/figure>\n<h2><strong>\u00c9rezd meg, ha tele vagy!<\/strong><\/h2>\n<p>Ugyanezek a szab\u00e1lyok \u00e9rv\u00e9nyesek a telts\u00e9g\u00e9rzetre is. Amikor jelentkezik, hallgass a tested jelz\u00e9seire! Ahogy eszel, folyamatosan figyeld, mikor sz\u0171nik meg az \u00e9hs\u00e9g. K\u00e9pzelj el egy egyt\u0151l t\u00edzig terjed\u0151 sk\u00e1l\u00e1t, valahogy \u00edgy:<\/p>\n<ul>\n<li>Egy: \u00c9telre van sz\u00fcks\u00e9gem, most azonnal!<\/li>\n<li>N\u00e9gy: Jobban \u00e9rzem magam, de nagyon szeretn\u00e9k m\u00e9g enni.<\/li>\n<li>Hat: V\u00e9geztem egy adaggal, de nem volt el\u00e9g.<\/li>\n<li>Nyolc: Fel vagyok t\u00f6lt\u0151dve, de m\u00e9g van hely desszertnek!<\/li>\n<li>Kilenc: Nagyon tele vagyok, rem\u00e9lem, nem kell mostan\u00e1ban mozognom.<\/li>\n<li>T\u00edz: Egy falat sem f\u00e9r bel\u00e9m, le kell fek\u00fcdn\u00f6m.<\/li>\n<\/ul>\n<p>Neked a sk\u00e1la melyik eleme t\u0171nik helyesnek? Lehet, hogy m\u00e1shogy l\u00e1tod majd egy teker\u00e9s el\u0151tt \u00e9s ut\u00e1n, illetve k\u00fcl\u00f6nb\u00f6z\u0151 helyzetekben, de fontos, hogy figyelj \u00e9s hallgass a jelekre!<\/p>\n<h2><strong>B\u00e9k\u00fclj ki az \u00e9telekkel!<\/strong><\/h2>\n<p>Az intuit\u00edv \u00e9tkez\u00e9ssel minden \u00e9tel z\u00f6ld utat kap. \u00cdgy pr\u00f3b\u00e1lja megakad\u00e1lyozni, hogy egyszercsak fagyiev\u0151-rohamot kapj, mert a szigor\u00fa di\u00e9t\u00e1d alatt egy\u00e1ltal\u00e1n nem ehett\u00e9l \u00e9dess\u00e9get. Minden nap enni egy kev\u00e9s desszertet vesz\u00e9lyesnek t\u0171nik, de val\u00f3j\u00e1ban kev\u00e9sb\u00e9 az, mint a teljes eltilt\u00e1s.<\/p>\n<figure id=\"attachment_12247\" aria-describedby=\"caption-attachment-12247\" style=\"width: 1280px\" class=\"wp-caption alignnone\"><a href=\"https:\/\/d2p6e6u75xmxt8.cloudfront.net\/12\/2021\/08\/Ice-cream-pexels-maria-orlova-4916466.jpg\"><img loading=\"lazy\" decoding=\"async\" class=\"wp-image-12247 size-full\" src=\"https:\/\/d2p6e6u75xmxt8.cloudfront.net\/12\/2021\/08\/Ice-cream-pexels-maria-orlova-4916466.jpg\" alt=\"Ice cream\" width=\"1280\" height=\"853\" srcset=\"https:\/\/d2p6e6u75xmxt8.cloudfront.net\/12\/2021\/08\/Ice-cream-pexels-maria-orlova-4916466.jpg 1280w, https:\/\/d2p6e6u75xmxt8.cloudfront.net\/12\/2021\/08\/Ice-cream-pexels-maria-orlova-4916466-300x200.jpg 300w, https:\/\/d2p6e6u75xmxt8.cloudfront.net\/12\/2021\/08\/Ice-cream-pexels-maria-orlova-4916466-1024x682.jpg 1024w, https:\/\/d2p6e6u75xmxt8.cloudfront.net\/12\/2021\/08\/Ice-cream-pexels-maria-orlova-4916466-768x512.jpg 768w, https:\/\/d2p6e6u75xmxt8.cloudfront.net\/12\/2021\/08\/Ice-cream-pexels-maria-orlova-4916466-272x182.jpg 272w\" sizes=\"auto, (max-width: 1280px) 100vw, 1280px\" \/><\/a><figcaption id=\"caption-attachment-12247\" class=\"wp-caption-text\">Ha mindennap megengeded magadnak, hogy fagyit egy\u00e9l, m\u00e9g seg\u00edthetsz is magadon.<\/figcaption><\/figure>\n<p>Ha megengeded magadnak, hogy azt egy\u00e9l, amit igaz\u00e1n akarsz, a v\u00e1gyak elvesz\u00edtik erej\u00fck egy r\u00e9sz\u00e9t. Ennek az elvnek az elsaj\u00e1t\u00edt\u00e1sa azonban eltarthat egy ideig. Legyen \u00f6nkritik\u00e1d, de ne l\u00e9gy t\u00fal kem\u00e9ny magadhoz! Ha \u00fagy l\u00e1tod, k\u00e1ros szok\u00e1said vannak, gondolj arra, hogy mit tan\u00e1csoln\u00e1l egy bar\u00e1todnak ezekkel kapcsolatban. \u00cdgy t\u00e1mogat\u00f3 szavakkal \u00f6szt\u00f6n\u00f6zheted magad, nem pedig negat\u00edv kritik\u00e1val!<\/p>\n<h2><strong>Nincs kaja-rend\u0151rs\u00e9g<\/strong><\/h2>\n<p>Az intuit\u00edv \u00e9tkez\u00e9s c\u00e9lja, hogy dobd ki a moralit\u00e1st a t\u00e1ny\u00e9rodr\u00f3l! Az \u00e9telek nem j\u00f3k vagy rosszak, \u00e9s te sem vagy j\u00f3 vagy rossz az\u00e9rt, mert fogyasztod azokat. Pr\u00f3b\u00e1ld kit\u00f6r\u00f6lni az agyadb\u00f3l a zugev\u00e9s fogalm\u00e1t, \u00e9s ne \u00e9rezd csal\u00e1snak, ha finomakat eszel. Minden a te v\u00e1laszt\u00e1sod, \u00e9s egy \u00e9tkez\u00e9s semmi m\u00e1s, csak \u00e9tkez\u00e9s.<\/p>\n<p>K\u00f6vetkez\u0151 cikk\u00fcnkben \u00f6sszefoglalunk n\u00e9h\u00e1ny tov\u00e1bbi elvet, melyek seg\u00edtenek egy eg\u00e9szs\u00e9ges, di\u00e9ta-mentes \u00e9letm\u00f3dot fel\u00e9p\u00edteni \u00e9s \u00e9lvezni az \u00e9teleket!<\/p>\n","protected":false},"excerpt":{"rendered":"<p>Az intuit\u00edv \u00e9tkez\u00e9s minden fogy\u00f3k\u00far\u00e1nak a sz\u00f6ges ellent\u00e9te. Nem korl\u00e1tozza, hogy mit \u00e9s mennyit ehetsz, azonban fel\u00e1ll\u00edt n\u00e9h\u00e1ny szab\u00e1lyt \u00e9s [&hellip;]<\/p>\n","protected":false},"author":71,"featured_media":12720,"comment_status":"open","ping_status":"open","sticky":false,"template":"","format":"standard","meta":{"footnotes":""},"categories":[6],"tags":[],"global-categories":[],"class_list":["post-12718","post","type-post","status-publish","format-standard","has-post-thumbnail","hentry","category-edzes-es-eletmod"],"yoast_head":"<!-- This site is optimized with the Yoast SEO Premium plugin v25.3 (Yoast SEO v25.9) - https:\/\/yoast.com\/wordpress\/plugins\/seo\/ -->\n<title>Intuit\u00edv \u00e9tkez\u00e9s bicikliseknek \u2013 Szab\u00e1lyok<\/title>\n<meta name=\"description\" content=\"Az intuit\u00edv \u00e9tkez\u00e9s minden fogy\u00f3k\u00far\u00e1nak a sz\u00f6ges ellent\u00e9te. Nem korl\u00e1tozza, hogy mit \u00e9s mennyit ehetsz, azonban fel\u00e1ll\u00edt n\u00e9h\u00e1ny szab\u00e1lyt \u00e9s tan\u00e1csokat is ad az \u00e9telekkel val\u00f3 eg\u00e9szs\u00e9ges kapcsolat ki\u00e9p\u00edt\u00e9s\u00e9hez \u00e9s fenntart\u00e1s\u00e1hoz. C\u00e9lja, hogy seg\u00edtsen felismerni a val\u00f3di \u00e9hs\u00e9g\u00e9rzetet \u00e9s a telts\u00e9g\u00e9rzetet, \u00e9s arra \u00f6szt\u00f6n\u00f6z, hogy ezek alapj\u00e1n fogyassz \u00e9teleket.\" \/>\n<meta name=\"robots\" content=\"index, follow, max-snippet:-1, max-image-preview:large, max-video-preview:-1\" \/>\n<link rel=\"canonical\" href=\"https:\/\/www.welovecycling.com\/hu\/edzes-es-eletmod\/intuitiv-etkezes-bicikliseknek-szabalyok\/\" \/>\n<meta property=\"og:locale\" content=\"hu_HU\" \/>\n<meta property=\"og:type\" content=\"article\" \/>\n<meta property=\"og:title\" content=\"Intuit\u00edv \u00e9tkez\u00e9s bicikliseknek \u2013 Szab\u00e1lyok\" \/>\n<meta property=\"og:description\" content=\"Az intuit\u00edv \u00e9tkez\u00e9s minden fogy\u00f3k\u00far\u00e1nak a sz\u00f6ges ellent\u00e9te. Nem korl\u00e1tozza, hogy mit \u00e9s mennyit ehetsz, azonban fel\u00e1ll\u00edt n\u00e9h\u00e1ny szab\u00e1lyt \u00e9s tan\u00e1csokat is ad az \u00e9telekkel val\u00f3 eg\u00e9szs\u00e9ges kapcsolat ki\u00e9p\u00edt\u00e9s\u00e9hez \u00e9s fenntart\u00e1s\u00e1hoz. C\u00e9lja, hogy seg\u00edtsen felismerni a val\u00f3di \u00e9hs\u00e9g\u00e9rzetet \u00e9s a telts\u00e9g\u00e9rzetet, \u00e9s arra \u00f6szt\u00f6n\u00f6z, hogy ezek alapj\u00e1n fogyassz \u00e9teleket.\" \/>\n<meta property=\"og:url\" content=\"https:\/\/www.welovecycling.com\/hu\/edzes-es-eletmod\/intuitiv-etkezes-bicikliseknek-szabalyok\/\" \/>\n<meta property=\"og:site_name\" content=\"\u0160koda We Love Cycling - Magyarorsz\u00e1g\" \/>\n<meta property=\"article:publisher\" content=\"https:\/\/www.facebook.com\/WeLoveCyclingHungary\/\" \/>\n<meta property=\"article:published_time\" content=\"2021-10-21T06:00:13+00:00\" \/>\n<meta property=\"og:image\" content=\"https:\/\/d2p6e6u75xmxt8.cloudfront.net\/12\/2021\/10\/Chocolate-fondan-ice-cream-profimedia-0637265137-CVR.jpg\" \/>\n\t<meta property=\"og:image:width\" content=\"1366\" \/>\n\t<meta property=\"og:image:height\" content=\"600\" \/>\n\t<meta property=\"og:image:type\" content=\"image\/jpeg\" \/>\n<meta name=\"author\" content=\"hegyizs\" \/>\n<meta name=\"twitter:card\" content=\"summary_large_image\" \/>\n<meta name=\"twitter:label1\" content=\"Written by\" \/>\n\t<meta name=\"twitter:data1\" content=\"Jiri Kaloc\" \/>\n\t<meta name=\"twitter:label2\" content=\"Est. reading time\" \/>\n\t<meta name=\"twitter:data2\" content=\"5\" \/>\n<script type=\"application\/ld+json\" class=\"yoast-schema-graph\">{\"@context\":\"https:\/\/schema.org\",\"@graph\":[{\"@type\":\"WebPage\",\"@id\":\"https:\/\/www.welovecycling.com\/hu\/edzes-es-eletmod\/intuitiv-etkezes-bicikliseknek-szabalyok\/\",\"url\":\"https:\/\/www.welovecycling.com\/hu\/edzes-es-eletmod\/intuitiv-etkezes-bicikliseknek-szabalyok\/\",\"name\":\"Intuit\u00edv \u00e9tkez\u00e9s bicikliseknek \u2013 Szab\u00e1lyok\",\"isPartOf\":{\"@id\":\"https:\/\/www.welovecycling.com\/hu\/#website\"},\"primaryImageOfPage\":{\"@id\":\"https:\/\/www.welovecycling.com\/hu\/edzes-es-eletmod\/intuitiv-etkezes-bicikliseknek-szabalyok\/#primaryimage\"},\"image\":{\"@id\":\"https:\/\/www.welovecycling.com\/hu\/edzes-es-eletmod\/intuitiv-etkezes-bicikliseknek-szabalyok\/#primaryimage\"},\"thumbnailUrl\":\"https:\/\/d2p6e6u75xmxt8.cloudfront.net\/12\/2021\/10\/Chocolate-fondan-ice-cream-profimedia-0637265137-CVR.jpg\",\"datePublished\":\"2021-10-21T06:00:13+00:00\",\"author\":{\"@id\":\"https:\/\/www.welovecycling.com\/hu\/#\/schema\/person\/414a2aebf1801691a5320edb6468e194\"},\"description\":\"Az intuit\u00edv \u00e9tkez\u00e9s minden fogy\u00f3k\u00far\u00e1nak a sz\u00f6ges ellent\u00e9te. Nem korl\u00e1tozza, hogy mit \u00e9s mennyit ehetsz, azonban fel\u00e1ll\u00edt n\u00e9h\u00e1ny szab\u00e1lyt \u00e9s tan\u00e1csokat is ad az \u00e9telekkel val\u00f3 eg\u00e9szs\u00e9ges kapcsolat ki\u00e9p\u00edt\u00e9s\u00e9hez \u00e9s fenntart\u00e1s\u00e1hoz. C\u00e9lja, hogy seg\u00edtsen felismerni a val\u00f3di \u00e9hs\u00e9g\u00e9rzetet \u00e9s a telts\u00e9g\u00e9rzetet, \u00e9s arra \u00f6szt\u00f6n\u00f6z, hogy ezek alapj\u00e1n fogyassz \u00e9teleket.\",\"breadcrumb\":{\"@id\":\"https:\/\/www.welovecycling.com\/hu\/edzes-es-eletmod\/intuitiv-etkezes-bicikliseknek-szabalyok\/#breadcrumb\"},\"inLanguage\":\"hu\",\"potentialAction\":[{\"@type\":\"ReadAction\",\"target\":[\"https:\/\/www.welovecycling.com\/hu\/edzes-es-eletmod\/intuitiv-etkezes-bicikliseknek-szabalyok\/\"]}]},{\"@type\":\"ImageObject\",\"inLanguage\":\"hu\",\"@id\":\"https:\/\/www.welovecycling.com\/hu\/edzes-es-eletmod\/intuitiv-etkezes-bicikliseknek-szabalyok\/#primaryimage\",\"url\":\"https:\/\/d2p6e6u75xmxt8.cloudfront.net\/12\/2021\/10\/Chocolate-fondan-ice-cream-profimedia-0637265137-CVR.jpg\",\"contentUrl\":\"https:\/\/d2p6e6u75xmxt8.cloudfront.net\/12\/2021\/10\/Chocolate-fondan-ice-cream-profimedia-0637265137-CVR.jpg\",\"width\":1366,\"height\":600,\"caption\":\"Ice cream and chocolate fondant\"},{\"@type\":\"BreadcrumbList\",\"@id\":\"https:\/\/www.welovecycling.com\/hu\/edzes-es-eletmod\/intuitiv-etkezes-bicikliseknek-szabalyok\/#breadcrumb\",\"itemListElement\":[{\"@type\":\"ListItem\",\"position\":1,\"name\":\"Home\",\"item\":\"https:\/\/www.welovecycling.com\/hu\/\"},{\"@type\":\"ListItem\",\"position\":2,\"name\":\"Intuit\u00edv \u00e9tkez\u00e9s bicikliseknek \u2013 Szab\u00e1lyok\"}]},{\"@type\":\"WebSite\",\"@id\":\"https:\/\/www.welovecycling.com\/hu\/#website\",\"url\":\"https:\/\/www.welovecycling.com\/hu\/\",\"name\":\"\u0160koda We Love Cycling - Magyarorsz\u00e1g\",\"description\":\"\u0160koda WeLoveCycling\",\"potentialAction\":[{\"@type\":\"SearchAction\",\"target\":{\"@type\":\"EntryPoint\",\"urlTemplate\":\"https:\/\/www.welovecycling.com\/hu\/?s={search_term_string}\"},\"query-input\":{\"@type\":\"PropertyValueSpecification\",\"valueRequired\":true,\"valueName\":\"search_term_string\"}}],\"inLanguage\":\"hu\"},{\"@type\":\"Person\",\"@id\":\"https:\/\/www.welovecycling.com\/hu\/#\/schema\/person\/414a2aebf1801691a5320edb6468e194\",\"name\":\"hegyizs\",\"image\":{\"@type\":\"ImageObject\",\"inLanguage\":\"hu\",\"@id\":\"https:\/\/www.welovecycling.com\/hu\/#\/schema\/person\/image\/\",\"url\":\"https:\/\/secure.gravatar.com\/avatar\/02cf8a7906b8cf90cecb4679defac7cfd33a1c2e3b88e4903d947f3bb58eedd3?s=96&d=mm&r=g\",\"contentUrl\":\"https:\/\/secure.gravatar.com\/avatar\/02cf8a7906b8cf90cecb4679defac7cfd33a1c2e3b88e4903d947f3bb58eedd3?s=96&d=mm&r=g\",\"caption\":\"hegyizs\"},\"url\":\"https:\/\/www.welovecycling.com\/hu\/author\/hegyizs\/\"}]}<\/script>\n<!-- \/ Yoast SEO Premium plugin. -->","yoast_head_json":{"title":"Intuit\u00edv \u00e9tkez\u00e9s bicikliseknek \u2013 Szab\u00e1lyok","description":"Az intuit\u00edv \u00e9tkez\u00e9s minden fogy\u00f3k\u00far\u00e1nak a sz\u00f6ges ellent\u00e9te. Nem korl\u00e1tozza, hogy mit \u00e9s mennyit ehetsz, azonban fel\u00e1ll\u00edt n\u00e9h\u00e1ny szab\u00e1lyt \u00e9s tan\u00e1csokat is ad az \u00e9telekkel val\u00f3 eg\u00e9szs\u00e9ges kapcsolat ki\u00e9p\u00edt\u00e9s\u00e9hez \u00e9s fenntart\u00e1s\u00e1hoz. C\u00e9lja, hogy seg\u00edtsen felismerni a val\u00f3di \u00e9hs\u00e9g\u00e9rzetet \u00e9s a telts\u00e9g\u00e9rzetet, \u00e9s arra \u00f6szt\u00f6n\u00f6z, hogy ezek alapj\u00e1n fogyassz \u00e9teleket.","robots":{"index":"index","follow":"follow","max-snippet":"max-snippet:-1","max-image-preview":"max-image-preview:large","max-video-preview":"max-video-preview:-1"},"canonical":"https:\/\/www.welovecycling.com\/hu\/edzes-es-eletmod\/intuitiv-etkezes-bicikliseknek-szabalyok\/","og_locale":"hu_HU","og_type":"article","og_title":"Intuit\u00edv \u00e9tkez\u00e9s bicikliseknek \u2013 Szab\u00e1lyok","og_description":"Az intuit\u00edv \u00e9tkez\u00e9s minden fogy\u00f3k\u00far\u00e1nak a sz\u00f6ges ellent\u00e9te. Nem korl\u00e1tozza, hogy mit \u00e9s mennyit ehetsz, azonban fel\u00e1ll\u00edt n\u00e9h\u00e1ny szab\u00e1lyt \u00e9s tan\u00e1csokat is ad az \u00e9telekkel val\u00f3 eg\u00e9szs\u00e9ges kapcsolat ki\u00e9p\u00edt\u00e9s\u00e9hez \u00e9s fenntart\u00e1s\u00e1hoz. C\u00e9lja, hogy seg\u00edtsen felismerni a val\u00f3di \u00e9hs\u00e9g\u00e9rzetet \u00e9s a telts\u00e9g\u00e9rzetet, \u00e9s arra \u00f6szt\u00f6n\u00f6z, hogy ezek alapj\u00e1n fogyassz \u00e9teleket.","og_url":"https:\/\/www.welovecycling.com\/hu\/edzes-es-eletmod\/intuitiv-etkezes-bicikliseknek-szabalyok\/","og_site_name":"\u0160koda We Love Cycling - Magyarorsz\u00e1g","article_publisher":"https:\/\/www.facebook.com\/WeLoveCyclingHungary\/","article_published_time":"2021-10-21T06:00:13+00:00","og_image":[{"width":1366,"height":600,"url":"https:\/\/d2p6e6u75xmxt8.cloudfront.net\/12\/2021\/10\/Chocolate-fondan-ice-cream-profimedia-0637265137-CVR.jpg","type":"image\/jpeg"}],"author":"hegyizs","twitter_card":"summary_large_image","twitter_misc":{"Written by":"Jiri Kaloc","Est. reading time":"5"},"schema":{"@context":"https:\/\/schema.org","@graph":[{"@type":"WebPage","@id":"https:\/\/www.welovecycling.com\/hu\/edzes-es-eletmod\/intuitiv-etkezes-bicikliseknek-szabalyok\/","url":"https:\/\/www.welovecycling.com\/hu\/edzes-es-eletmod\/intuitiv-etkezes-bicikliseknek-szabalyok\/","name":"Intuit\u00edv \u00e9tkez\u00e9s bicikliseknek \u2013 Szab\u00e1lyok","isPartOf":{"@id":"https:\/\/www.welovecycling.com\/hu\/#website"},"primaryImageOfPage":{"@id":"https:\/\/www.welovecycling.com\/hu\/edzes-es-eletmod\/intuitiv-etkezes-bicikliseknek-szabalyok\/#primaryimage"},"image":{"@id":"https:\/\/www.welovecycling.com\/hu\/edzes-es-eletmod\/intuitiv-etkezes-bicikliseknek-szabalyok\/#primaryimage"},"thumbnailUrl":"https:\/\/d2p6e6u75xmxt8.cloudfront.net\/12\/2021\/10\/Chocolate-fondan-ice-cream-profimedia-0637265137-CVR.jpg","datePublished":"2021-10-21T06:00:13+00:00","author":{"@id":"https:\/\/www.welovecycling.com\/hu\/#\/schema\/person\/414a2aebf1801691a5320edb6468e194"},"description":"Az intuit\u00edv \u00e9tkez\u00e9s minden fogy\u00f3k\u00far\u00e1nak a sz\u00f6ges ellent\u00e9te. Nem korl\u00e1tozza, hogy mit \u00e9s mennyit ehetsz, azonban fel\u00e1ll\u00edt n\u00e9h\u00e1ny szab\u00e1lyt \u00e9s tan\u00e1csokat is ad az \u00e9telekkel val\u00f3 eg\u00e9szs\u00e9ges kapcsolat ki\u00e9p\u00edt\u00e9s\u00e9hez \u00e9s fenntart\u00e1s\u00e1hoz. C\u00e9lja, hogy seg\u00edtsen felismerni a val\u00f3di \u00e9hs\u00e9g\u00e9rzetet \u00e9s a telts\u00e9g\u00e9rzetet, \u00e9s arra \u00f6szt\u00f6n\u00f6z, hogy ezek alapj\u00e1n fogyassz \u00e9teleket.","breadcrumb":{"@id":"https:\/\/www.welovecycling.com\/hu\/edzes-es-eletmod\/intuitiv-etkezes-bicikliseknek-szabalyok\/#breadcrumb"},"inLanguage":"hu","potentialAction":[{"@type":"ReadAction","target":["https:\/\/www.welovecycling.com\/hu\/edzes-es-eletmod\/intuitiv-etkezes-bicikliseknek-szabalyok\/"]}]},{"@type":"ImageObject","inLanguage":"hu","@id":"https:\/\/www.welovecycling.com\/hu\/edzes-es-eletmod\/intuitiv-etkezes-bicikliseknek-szabalyok\/#primaryimage","url":"https:\/\/d2p6e6u75xmxt8.cloudfront.net\/12\/2021\/10\/Chocolate-fondan-ice-cream-profimedia-0637265137-CVR.jpg","contentUrl":"https:\/\/d2p6e6u75xmxt8.cloudfront.net\/12\/2021\/10\/Chocolate-fondan-ice-cream-profimedia-0637265137-CVR.jpg","width":1366,"height":600,"caption":"Ice cream and chocolate fondant"},{"@type":"BreadcrumbList","@id":"https:\/\/www.welovecycling.com\/hu\/edzes-es-eletmod\/intuitiv-etkezes-bicikliseknek-szabalyok\/#breadcrumb","itemListElement":[{"@type":"ListItem","position":1,"name":"Home","item":"https:\/\/www.welovecycling.com\/hu\/"},{"@type":"ListItem","position":2,"name":"Intuit\u00edv \u00e9tkez\u00e9s bicikliseknek \u2013 Szab\u00e1lyok"}]},{"@type":"WebSite","@id":"https:\/\/www.welovecycling.com\/hu\/#website","url":"https:\/\/www.welovecycling.com\/hu\/","name":"\u0160koda We Love Cycling - Magyarorsz\u00e1g","description":"\u0160koda WeLoveCycling","potentialAction":[{"@type":"SearchAction","target":{"@type":"EntryPoint","urlTemplate":"https:\/\/www.welovecycling.com\/hu\/?s={search_term_string}"},"query-input":{"@type":"PropertyValueSpecification","valueRequired":true,"valueName":"search_term_string"}}],"inLanguage":"hu"},{"@type":"Person","@id":"https:\/\/www.welovecycling.com\/hu\/#\/schema\/person\/414a2aebf1801691a5320edb6468e194","name":"hegyizs","image":{"@type":"ImageObject","inLanguage":"hu","@id":"https:\/\/www.welovecycling.com\/hu\/#\/schema\/person\/image\/","url":"https:\/\/secure.gravatar.com\/avatar\/02cf8a7906b8cf90cecb4679defac7cfd33a1c2e3b88e4903d947f3bb58eedd3?s=96&d=mm&r=g","contentUrl":"https:\/\/secure.gravatar.com\/avatar\/02cf8a7906b8cf90cecb4679defac7cfd33a1c2e3b88e4903d947f3bb58eedd3?s=96&d=mm&r=g","caption":"hegyizs"},"url":"https:\/\/www.welovecycling.com\/hu\/author\/hegyizs\/"}]}},"_links":{"self":[{"href":"https:\/\/www.welovecycling.com\/hu\/wp-json\/wp\/v2\/posts\/12718","targetHints":{"allow":["GET"]}}],"collection":[{"href":"https:\/\/www.welovecycling.com\/hu\/wp-json\/wp\/v2\/posts"}],"about":[{"href":"https:\/\/www.welovecycling.com\/hu\/wp-json\/wp\/v2\/types\/post"}],"author":[{"embeddable":true,"href":"https:\/\/www.welovecycling.com\/hu\/wp-json\/wp\/v2\/users\/71"}],"replies":[{"embeddable":true,"href":"https:\/\/www.welovecycling.com\/hu\/wp-json\/wp\/v2\/comments?post=12718"}],"version-history":[{"count":2,"href":"https:\/\/www.welovecycling.com\/hu\/wp-json\/wp\/v2\/posts\/12718\/revisions"}],"predecessor-version":[{"id":12731,"href":"https:\/\/www.welovecycling.com\/hu\/wp-json\/wp\/v2\/posts\/12718\/revisions\/12731"}],"wp:featuredmedia":[{"embeddable":true,"href":"https:\/\/www.welovecycling.com\/hu\/wp-json\/wp\/v2\/media\/12720"}],"wp:attachment":[{"href":"https:\/\/www.welovecycling.com\/hu\/wp-json\/wp\/v2\/media?parent=12718"}],"wp:term":[{"taxonomy":"category","embeddable":true,"href":"https:\/\/www.welovecycling.com\/hu\/wp-json\/wp\/v2\/categories?post=12718"},{"taxonomy":"post_tag","embeddable":true,"href":"https:\/\/www.welovecycling.com\/hu\/wp-json\/wp\/v2\/tags?post=12718"},{"taxonomy":"global-categories","embeddable":true,"href":"https:\/\/www.welovecycling.com\/hu\/wp-json\/wp\/v2\/global-categories?post=12718"}],"curies":[{"name":"wp","href":"https:\/\/api.w.org\/{rel}","templated":true}]}}