{"id":12713,"date":"2021-10-20T08:00:41","date_gmt":"2021-10-20T06:00:41","guid":{"rendered":"https:\/\/www.welovecycling.com\/hu\/?p=12713"},"modified":"2021-10-15T15:35:45","modified_gmt":"2021-10-15T13:35:45","slug":"270-kilometernyi-bicikli-es-gyalogut-epul-glasgowban","status":"publish","type":"post","link":"https:\/\/www.welovecycling.com\/hu\/varosi-kerekparozas\/270-kilometernyi-bicikli-es-gyalogut-epul-glasgowban\/","title":{"rendered":"270 kilom\u00e9ternyi bicikli-\u00e9s gyalog\u00fat \u00e9p\u00fcl Glasgowban"},"content":{"rendered":"<p><strong>Minden glasgow-i otthont\u00f3l legfeljebb 800 m\u00e9terre lesz egy elk\u00fcl\u00f6n\u00edtett bicikli\u00fat \u00e9s minden iskola maximum 400 m\u00e9terre esik majd egy f\u0151 \u00fatvonalt\u00f3l. A terv az, hogy mindenki 30 percen bel\u00fcl el\u00e9rheti a v\u00e1ros k\u00f6zpontjait, biztons\u00e1gos utakon.<\/strong><\/p>\n<p><!--more--><\/p>\n<p>Az Egyes\u00fclt Kir\u00e1lys\u00e1gban dr\u00e1maian megn\u0151tt a ker\u00e9kp\u00e1rosok sz\u00e1ma az elm\u00falt \u00e9vekben. Ez azt is jelenti, hogy egyre nagyobb lett az ig\u00e9ny egy j\u00f3 infrastrukt\u00far\u00e1ra. M\u00e9g mindig vannak emberek, akik ellenzik az \u00f6tletet, a glasgow -i k\u00e9pvisel\u0151k azonban \u00fagy v\u00e9lik, hogy az \u00faj akt\u00edv \u00fath\u00e1l\u00f3zat nagy v\u00e1ltoz\u00e1st hozhat.<\/p>\n<div class=\"embed-controller-wrapper\">\n<blockquote class=\"twitter-tweet\" data-width=\"500\" data-dnt=\"true\">\n<p lang=\"en\" dir=\"ltr\">A plan for a Glasgow-wide network of active travel infrastructure has been unveiled. \ud83d\udeb6 \ud83d\udeb4\u200d\ud83e\uddbd<\/p>\n<p>The plan will add 270 km of cycle ways &amp; improved footways to the existing network. Most parts of city will become reachable by bike in 30 minutes.<\/p>\n<p>More \ud83d\udc49 <a href=\"https:\/\/t.co\/N2sguM8Rna\">https:\/\/t.co\/N2sguM8Rna<\/a> <a href=\"https:\/\/t.co\/2wvyv5dGNx\">pic.twitter.com\/2wvyv5dGNx<\/a><\/p>\n<p>&mdash; Glasgow City Council (@GlasgowCC) <a href=\"https:\/\/twitter.com\/GlasgowCC\/status\/1445419804668710919?ref_src=twsrc%5Etfw\">October 5, 2021<\/a><\/p><\/blockquote>\n<p><script async data-src=\"https:\/\/platform.twitter.com\/widgets.js\" charset=\"utf-8\"><\/script><\/div>\n<p>Richardson, az egyik k\u00e9pvisel\u0151, aki a fenntarthat\u00f3s\u00e1g\u00e9rt \u00e9s a sz\u00e9n -dioxid -kibocs\u00e1t\u00e1s cs\u00f6kkent\u00e9s\u00e9\u00e9rt l\u00e9trehozott miniszt\u00e9rium sz\u00f3viv\u0151je, elmondta, hogy \u201e<em>az els\u0151 sz\u00e1m\u00fa oka annak, hogy az embereknek elmegy a kedve az akt\u00edv utaz\u00e1st\u00f3l \u00e9s k\u00fcl\u00f6n\u00f6sen a ker\u00e9kp\u00e1roz\u00e1st\u00f3l, a biztons\u00e1g hi\u00e1nya. A ker\u00e9kp\u00e1rutak \u00e9s a hozz\u00e1juk tartoz\u00f3 gyalogutak h\u00e1l\u00f3zat\u00e1nak l\u00e9trehoz\u00e1s\u00e1val, amely a v\u00e1ros minden sark\u00e1ba el\u00e9r, maximaliz\u00e1ljuk a lehet\u0151s\u00e9get, hogy az akt\u00edv mozg\u00e1s legyen az els\u0151 v\u00e1laszt\u00e1s a mindennapi utaz\u00e1sok sor\u00e1n.\u201d<\/em><\/p>\n<p><em>\u201eA legink\u00e1bb fenntarthat\u00f3 k\u00f6zleked\u00e9si m\u00f3d haszn\u00e1lat\u00e1ra \u00f6szt\u00f6n\u00f6zz\u00fck az embereket, \u00edgy Glasgow kl\u00edmac\u00e9ljaihoz is hozz\u00e1j\u00e1rulunk.\u201d<\/em><\/p>\n<figure id=\"attachment_12715\" aria-describedby=\"caption-attachment-12715\" style=\"width: 1000px\" class=\"wp-caption alignnone\"><a href=\"https:\/\/d2p6e6u75xmxt8.cloudfront.net\/12\/2021\/10\/Cycling-in-Glasgow-profimedia-0635965125.jpg\"><img loading=\"lazy\" decoding=\"async\" class=\"wp-image-12715 size-full\" src=\"https:\/\/d2p6e6u75xmxt8.cloudfront.net\/12\/2021\/10\/Cycling-in-Glasgow-profimedia-0635965125.jpg\" alt=\"Glasgow cycling\" width=\"1000\" height=\"666\" srcset=\"https:\/\/d2p6e6u75xmxt8.cloudfront.net\/12\/2021\/10\/Cycling-in-Glasgow-profimedia-0635965125.jpg 1000w, https:\/\/d2p6e6u75xmxt8.cloudfront.net\/12\/2021\/10\/Cycling-in-Glasgow-profimedia-0635965125-300x200.jpg 300w, https:\/\/d2p6e6u75xmxt8.cloudfront.net\/12\/2021\/10\/Cycling-in-Glasgow-profimedia-0635965125-768x511.jpg 768w, https:\/\/d2p6e6u75xmxt8.cloudfront.net\/12\/2021\/10\/Cycling-in-Glasgow-profimedia-0635965125-272x182.jpg 272w\" sizes=\"auto, (max-width: 1000px) 100vw, 1000px\" \/><\/a><figcaption id=\"caption-attachment-12715\" class=\"wp-caption-text\">Minden glasgow-i otthont\u00f3l legfeljebb 800 m\u00e9terre lesz egy elk\u00fcl\u00f6n\u00edtett bicikli\u00fat<\/figcaption><\/figure>\n<p><em>\u201eGlasgow lakoss\u00e1ga folyamatosan n\u0151, ebb\u0151l kifoly\u00f3lag pedig egyre t\u00f6bben utaznak a v\u00e1roson bel\u00fcl. Annak \u00e9rdek\u00e9ben, hogy elker\u00fclj\u00fck a torl\u00f3d\u00e1sokat, a l\u00e9gszennyez\u00e9st \u00e9s a k\u00f6zleked\u00e9sbiztons\u00e1gi probl\u00e9m\u00e1kat, alternat\u00edv\u00e1kat kell biztos\u00edtanunk ahhoz, hogy az emberek k\u00f6zlekedhessenek.\u201d<\/em><\/p>\n<p>A h\u00e1l\u00f3zat becsl\u00e9sek szerint 470 milli\u00f3 fontba ker\u00fcl, \u00e9s m\u00e1r megkezd\u0151d\u00f6tt a sk\u00f3t korm\u00e1ny bevon\u00e1s\u00e1val a finansz\u00edroz\u00e1s.<\/p>\n<p>Az elk\u00e9pzel\u00e9sr\u0151l okt\u00f3ber k\u00f6zepe \u00f3ta nyilv\u00e1nos konzult\u00e1ci\u00f3 folyik.<\/p>\n","protected":false},"excerpt":{"rendered":"<p>Minden glasgow-i otthont\u00f3l legfeljebb 800 m\u00e9terre lesz egy elk\u00fcl\u00f6n\u00edtett bicikli\u00fat \u00e9s minden iskola maximum 400 m\u00e9terre esik majd egy f\u0151 [&hellip;]<\/p>\n","protected":false},"author":71,"featured_media":12717,"comment_status":"open","ping_status":"open","sticky":false,"template":"","format":"standard","meta":{"footnotes":""},"categories":[9],"tags":[],"global-categories":[],"class_list":["post-12713","post","type-post","status-publish","format-standard","has-post-thumbnail","hentry","category-varosi-kerekparozas"],"yoast_head":"<!-- This site is optimized with the Yoast SEO Premium plugin v25.3 (Yoast SEO v25.9) - https:\/\/yoast.com\/wordpress\/plugins\/seo\/ -->\n<title>270 kilom\u00e9ternyi bicikli-\u00e9s gyalog\u00fat \u00e9p\u00fcl Glasgowban<\/title>\n<meta name=\"description\" content=\"Minden glasgow-i otthont\u00f3l legfeljebb 800 m\u00e9terre lesz egy elk\u00fcl\u00f6n\u00edtett bicikli\u00fat \u00e9s minden iskola maximum 400 m\u00e9terre esik majd egy f\u0151 \u00fatvonalt\u00f3l. A terv az, hogy mindenki 30 percen bel\u00fcl el\u00e9rheti a v\u00e1ros k\u00f6zpontjait, biztons\u00e1gos utakon.\" \/>\n<meta name=\"robots\" content=\"index, follow, max-snippet:-1, max-image-preview:large, max-video-preview:-1\" \/>\n<link rel=\"canonical\" href=\"https:\/\/www.welovecycling.com\/hu\/varosi-kerekparozas\/270-kilometernyi-bicikli-es-gyalogut-epul-glasgowban\/\" \/>\n<meta property=\"og:locale\" content=\"hu_HU\" \/>\n<meta property=\"og:type\" content=\"article\" \/>\n<meta property=\"og:title\" content=\"270 kilom\u00e9ternyi bicikli-\u00e9s gyalog\u00fat \u00e9p\u00fcl Glasgowban\" \/>\n<meta property=\"og:description\" content=\"Minden glasgow-i otthont\u00f3l legfeljebb 800 m\u00e9terre lesz egy elk\u00fcl\u00f6n\u00edtett bicikli\u00fat \u00e9s minden iskola maximum 400 m\u00e9terre esik majd egy f\u0151 \u00fatvonalt\u00f3l. A terv az, hogy mindenki 30 percen bel\u00fcl el\u00e9rheti a v\u00e1ros k\u00f6zpontjait, biztons\u00e1gos utakon.\" \/>\n<meta property=\"og:url\" content=\"https:\/\/www.welovecycling.com\/hu\/varosi-kerekparozas\/270-kilometernyi-bicikli-es-gyalogut-epul-glasgowban\/\" \/>\n<meta property=\"og:site_name\" content=\"\u0160koda We Love Cycling - Magyarorsz\u00e1g\" \/>\n<meta property=\"article:publisher\" content=\"https:\/\/www.facebook.com\/WeLoveCyclingHungary\/\" \/>\n<meta property=\"article:published_time\" content=\"2021-10-20T06:00:41+00:00\" \/>\n<meta property=\"og:image\" content=\"https:\/\/d2p6e6u75xmxt8.cloudfront.net\/12\/2021\/10\/Glasgow-cycling-profimedia-0580989174-CVR.jpg\" \/>\n\t<meta property=\"og:image:width\" content=\"1366\" \/>\n\t<meta property=\"og:image:height\" content=\"600\" \/>\n\t<meta property=\"og:image:type\" content=\"image\/jpeg\" \/>\n<meta name=\"author\" content=\"hegyizs\" \/>\n<meta name=\"twitter:card\" content=\"summary_large_image\" \/>\n<meta name=\"twitter:label1\" content=\"Written by\" \/>\n\t<meta name=\"twitter:data1\" content=\"Monica Buck\" \/>\n\t<meta name=\"twitter:label2\" content=\"Est. reading time\" \/>\n\t<meta name=\"twitter:data2\" content=\"5\" \/>\n<script type=\"application\/ld+json\" class=\"yoast-schema-graph\">{\"@context\":\"https:\/\/schema.org\",\"@graph\":[{\"@type\":\"WebPage\",\"@id\":\"https:\/\/www.welovecycling.com\/hu\/varosi-kerekparozas\/270-kilometernyi-bicikli-es-gyalogut-epul-glasgowban\/\",\"url\":\"https:\/\/www.welovecycling.com\/hu\/varosi-kerekparozas\/270-kilometernyi-bicikli-es-gyalogut-epul-glasgowban\/\",\"name\":\"270 kilom\u00e9ternyi bicikli-\u00e9s gyalog\u00fat \u00e9p\u00fcl Glasgowban\",\"isPartOf\":{\"@id\":\"https:\/\/www.welovecycling.com\/hu\/#website\"},\"primaryImageOfPage\":{\"@id\":\"https:\/\/www.welovecycling.com\/hu\/varosi-kerekparozas\/270-kilometernyi-bicikli-es-gyalogut-epul-glasgowban\/#primaryimage\"},\"image\":{\"@id\":\"https:\/\/www.welovecycling.com\/hu\/varosi-kerekparozas\/270-kilometernyi-bicikli-es-gyalogut-epul-glasgowban\/#primaryimage\"},\"thumbnailUrl\":\"https:\/\/d2p6e6u75xmxt8.cloudfront.net\/12\/2021\/10\/Glasgow-cycling-profimedia-0580989174-CVR.jpg\",\"datePublished\":\"2021-10-20T06:00:41+00:00\",\"author\":{\"@id\":\"https:\/\/www.welovecycling.com\/hu\/#\/schema\/person\/414a2aebf1801691a5320edb6468e194\"},\"description\":\"Minden glasgow-i otthont\u00f3l legfeljebb 800 m\u00e9terre lesz egy elk\u00fcl\u00f6n\u00edtett bicikli\u00fat \u00e9s minden iskola maximum 400 m\u00e9terre esik majd egy f\u0151 \u00fatvonalt\u00f3l. A terv az, hogy mindenki 30 percen bel\u00fcl el\u00e9rheti a v\u00e1ros k\u00f6zpontjait, biztons\u00e1gos utakon.\",\"breadcrumb\":{\"@id\":\"https:\/\/www.welovecycling.com\/hu\/varosi-kerekparozas\/270-kilometernyi-bicikli-es-gyalogut-epul-glasgowban\/#breadcrumb\"},\"inLanguage\":\"hu\",\"potentialAction\":[{\"@type\":\"ReadAction\",\"target\":[\"https:\/\/www.welovecycling.com\/hu\/varosi-kerekparozas\/270-kilometernyi-bicikli-es-gyalogut-epul-glasgowban\/\"]}]},{\"@type\":\"ImageObject\",\"inLanguage\":\"hu\",\"@id\":\"https:\/\/www.welovecycling.com\/hu\/varosi-kerekparozas\/270-kilometernyi-bicikli-es-gyalogut-epul-glasgowban\/#primaryimage\",\"url\":\"https:\/\/d2p6e6u75xmxt8.cloudfront.net\/12\/2021\/10\/Glasgow-cycling-profimedia-0580989174-CVR.jpg\",\"contentUrl\":\"https:\/\/d2p6e6u75xmxt8.cloudfront.net\/12\/2021\/10\/Glasgow-cycling-profimedia-0580989174-CVR.jpg\",\"width\":1366,\"height\":600,\"caption\":\"Glasgow cycling\"},{\"@type\":\"BreadcrumbList\",\"@id\":\"https:\/\/www.welovecycling.com\/hu\/varosi-kerekparozas\/270-kilometernyi-bicikli-es-gyalogut-epul-glasgowban\/#breadcrumb\",\"itemListElement\":[{\"@type\":\"ListItem\",\"position\":1,\"name\":\"Home\",\"item\":\"https:\/\/www.welovecycling.com\/hu\/\"},{\"@type\":\"ListItem\",\"position\":2,\"name\":\"270 kilom\u00e9ternyi bicikli-\u00e9s gyalog\u00fat \u00e9p\u00fcl Glasgowban\"}]},{\"@type\":\"WebSite\",\"@id\":\"https:\/\/www.welovecycling.com\/hu\/#website\",\"url\":\"https:\/\/www.welovecycling.com\/hu\/\",\"name\":\"\u0160koda We Love Cycling - Magyarorsz\u00e1g\",\"description\":\"\u0160koda WeLoveCycling\",\"potentialAction\":[{\"@type\":\"SearchAction\",\"target\":{\"@type\":\"EntryPoint\",\"urlTemplate\":\"https:\/\/www.welovecycling.com\/hu\/?s={search_term_string}\"},\"query-input\":{\"@type\":\"PropertyValueSpecification\",\"valueRequired\":true,\"valueName\":\"search_term_string\"}}],\"inLanguage\":\"hu\"},{\"@type\":\"Person\",\"@id\":\"https:\/\/www.welovecycling.com\/hu\/#\/schema\/person\/414a2aebf1801691a5320edb6468e194\",\"name\":\"hegyizs\",\"image\":{\"@type\":\"ImageObject\",\"inLanguage\":\"hu\",\"@id\":\"https:\/\/www.welovecycling.com\/hu\/#\/schema\/person\/image\/\",\"url\":\"https:\/\/secure.gravatar.com\/avatar\/02cf8a7906b8cf90cecb4679defac7cfd33a1c2e3b88e4903d947f3bb58eedd3?s=96&d=mm&r=g\",\"contentUrl\":\"https:\/\/secure.gravatar.com\/avatar\/02cf8a7906b8cf90cecb4679defac7cfd33a1c2e3b88e4903d947f3bb58eedd3?s=96&d=mm&r=g\",\"caption\":\"hegyizs\"},\"url\":\"https:\/\/www.welovecycling.com\/hu\/author\/hegyizs\/\"}]}<\/script>\n<!-- \/ Yoast SEO Premium plugin. -->","yoast_head_json":{"title":"270 kilom\u00e9ternyi bicikli-\u00e9s gyalog\u00fat \u00e9p\u00fcl Glasgowban","description":"Minden glasgow-i otthont\u00f3l legfeljebb 800 m\u00e9terre lesz egy elk\u00fcl\u00f6n\u00edtett bicikli\u00fat \u00e9s minden iskola maximum 400 m\u00e9terre esik majd egy f\u0151 \u00fatvonalt\u00f3l. A terv az, hogy mindenki 30 percen bel\u00fcl el\u00e9rheti a v\u00e1ros k\u00f6zpontjait, biztons\u00e1gos utakon.","robots":{"index":"index","follow":"follow","max-snippet":"max-snippet:-1","max-image-preview":"max-image-preview:large","max-video-preview":"max-video-preview:-1"},"canonical":"https:\/\/www.welovecycling.com\/hu\/varosi-kerekparozas\/270-kilometernyi-bicikli-es-gyalogut-epul-glasgowban\/","og_locale":"hu_HU","og_type":"article","og_title":"270 kilom\u00e9ternyi bicikli-\u00e9s gyalog\u00fat \u00e9p\u00fcl Glasgowban","og_description":"Minden glasgow-i otthont\u00f3l legfeljebb 800 m\u00e9terre lesz egy elk\u00fcl\u00f6n\u00edtett bicikli\u00fat \u00e9s minden iskola maximum 400 m\u00e9terre esik majd egy f\u0151 \u00fatvonalt\u00f3l. A terv az, hogy mindenki 30 percen bel\u00fcl el\u00e9rheti a v\u00e1ros k\u00f6zpontjait, biztons\u00e1gos utakon.","og_url":"https:\/\/www.welovecycling.com\/hu\/varosi-kerekparozas\/270-kilometernyi-bicikli-es-gyalogut-epul-glasgowban\/","og_site_name":"\u0160koda We Love Cycling - Magyarorsz\u00e1g","article_publisher":"https:\/\/www.facebook.com\/WeLoveCyclingHungary\/","article_published_time":"2021-10-20T06:00:41+00:00","og_image":[{"width":1366,"height":600,"url":"https:\/\/d2p6e6u75xmxt8.cloudfront.net\/12\/2021\/10\/Glasgow-cycling-profimedia-0580989174-CVR.jpg","type":"image\/jpeg"}],"author":"hegyizs","twitter_card":"summary_large_image","twitter_misc":{"Written by":"Monica Buck","Est. reading time":"5"},"schema":{"@context":"https:\/\/schema.org","@graph":[{"@type":"WebPage","@id":"https:\/\/www.welovecycling.com\/hu\/varosi-kerekparozas\/270-kilometernyi-bicikli-es-gyalogut-epul-glasgowban\/","url":"https:\/\/www.welovecycling.com\/hu\/varosi-kerekparozas\/270-kilometernyi-bicikli-es-gyalogut-epul-glasgowban\/","name":"270 kilom\u00e9ternyi bicikli-\u00e9s gyalog\u00fat \u00e9p\u00fcl Glasgowban","isPartOf":{"@id":"https:\/\/www.welovecycling.com\/hu\/#website"},"primaryImageOfPage":{"@id":"https:\/\/www.welovecycling.com\/hu\/varosi-kerekparozas\/270-kilometernyi-bicikli-es-gyalogut-epul-glasgowban\/#primaryimage"},"image":{"@id":"https:\/\/www.welovecycling.com\/hu\/varosi-kerekparozas\/270-kilometernyi-bicikli-es-gyalogut-epul-glasgowban\/#primaryimage"},"thumbnailUrl":"https:\/\/d2p6e6u75xmxt8.cloudfront.net\/12\/2021\/10\/Glasgow-cycling-profimedia-0580989174-CVR.jpg","datePublished":"2021-10-20T06:00:41+00:00","author":{"@id":"https:\/\/www.welovecycling.com\/hu\/#\/schema\/person\/414a2aebf1801691a5320edb6468e194"},"description":"Minden glasgow-i otthont\u00f3l legfeljebb 800 m\u00e9terre lesz egy elk\u00fcl\u00f6n\u00edtett bicikli\u00fat \u00e9s minden iskola maximum 400 m\u00e9terre esik majd egy f\u0151 \u00fatvonalt\u00f3l. A terv az, hogy mindenki 30 percen bel\u00fcl el\u00e9rheti a v\u00e1ros k\u00f6zpontjait, biztons\u00e1gos utakon.","breadcrumb":{"@id":"https:\/\/www.welovecycling.com\/hu\/varosi-kerekparozas\/270-kilometernyi-bicikli-es-gyalogut-epul-glasgowban\/#breadcrumb"},"inLanguage":"hu","potentialAction":[{"@type":"ReadAction","target":["https:\/\/www.welovecycling.com\/hu\/varosi-kerekparozas\/270-kilometernyi-bicikli-es-gyalogut-epul-glasgowban\/"]}]},{"@type":"ImageObject","inLanguage":"hu","@id":"https:\/\/www.welovecycling.com\/hu\/varosi-kerekparozas\/270-kilometernyi-bicikli-es-gyalogut-epul-glasgowban\/#primaryimage","url":"https:\/\/d2p6e6u75xmxt8.cloudfront.net\/12\/2021\/10\/Glasgow-cycling-profimedia-0580989174-CVR.jpg","contentUrl":"https:\/\/d2p6e6u75xmxt8.cloudfront.net\/12\/2021\/10\/Glasgow-cycling-profimedia-0580989174-CVR.jpg","width":1366,"height":600,"caption":"Glasgow cycling"},{"@type":"BreadcrumbList","@id":"https:\/\/www.welovecycling.com\/hu\/varosi-kerekparozas\/270-kilometernyi-bicikli-es-gyalogut-epul-glasgowban\/#breadcrumb","itemListElement":[{"@type":"ListItem","position":1,"name":"Home","item":"https:\/\/www.welovecycling.com\/hu\/"},{"@type":"ListItem","position":2,"name":"270 kilom\u00e9ternyi bicikli-\u00e9s gyalog\u00fat \u00e9p\u00fcl Glasgowban"}]},{"@type":"WebSite","@id":"https:\/\/www.welovecycling.com\/hu\/#website","url":"https:\/\/www.welovecycling.com\/hu\/","name":"\u0160koda We Love Cycling - Magyarorsz\u00e1g","description":"\u0160koda WeLoveCycling","potentialAction":[{"@type":"SearchAction","target":{"@type":"EntryPoint","urlTemplate":"https:\/\/www.welovecycling.com\/hu\/?s={search_term_string}"},"query-input":{"@type":"PropertyValueSpecification","valueRequired":true,"valueName":"search_term_string"}}],"inLanguage":"hu"},{"@type":"Person","@id":"https:\/\/www.welovecycling.com\/hu\/#\/schema\/person\/414a2aebf1801691a5320edb6468e194","name":"hegyizs","image":{"@type":"ImageObject","inLanguage":"hu","@id":"https:\/\/www.welovecycling.com\/hu\/#\/schema\/person\/image\/","url":"https:\/\/secure.gravatar.com\/avatar\/02cf8a7906b8cf90cecb4679defac7cfd33a1c2e3b88e4903d947f3bb58eedd3?s=96&d=mm&r=g","contentUrl":"https:\/\/secure.gravatar.com\/avatar\/02cf8a7906b8cf90cecb4679defac7cfd33a1c2e3b88e4903d947f3bb58eedd3?s=96&d=mm&r=g","caption":"hegyizs"},"url":"https:\/\/www.welovecycling.com\/hu\/author\/hegyizs\/"}]}},"_links":{"self":[{"href":"https:\/\/www.welovecycling.com\/hu\/wp-json\/wp\/v2\/posts\/12713","targetHints":{"allow":["GET"]}}],"collection":[{"href":"https:\/\/www.welovecycling.com\/hu\/wp-json\/wp\/v2\/posts"}],"about":[{"href":"https:\/\/www.welovecycling.com\/hu\/wp-json\/wp\/v2\/types\/post"}],"author":[{"embeddable":true,"href":"https:\/\/www.welovecycling.com\/hu\/wp-json\/wp\/v2\/users\/71"}],"replies":[{"embeddable":true,"href":"https:\/\/www.welovecycling.com\/hu\/wp-json\/wp\/v2\/comments?post=12713"}],"version-history":[{"count":2,"href":"https:\/\/www.welovecycling.com\/hu\/wp-json\/wp\/v2\/posts\/12713\/revisions"}],"predecessor-version":[{"id":12728,"href":"https:\/\/www.welovecycling.com\/hu\/wp-json\/wp\/v2\/posts\/12713\/revisions\/12728"}],"wp:featuredmedia":[{"embeddable":true,"href":"https:\/\/www.welovecycling.com\/hu\/wp-json\/wp\/v2\/media\/12717"}],"wp:attachment":[{"href":"https:\/\/www.welovecycling.com\/hu\/wp-json\/wp\/v2\/media?parent=12713"}],"wp:term":[{"taxonomy":"category","embeddable":true,"href":"https:\/\/www.welovecycling.com\/hu\/wp-json\/wp\/v2\/categories?post=12713"},{"taxonomy":"post_tag","embeddable":true,"href":"https:\/\/www.welovecycling.com\/hu\/wp-json\/wp\/v2\/tags?post=12713"},{"taxonomy":"global-categories","embeddable":true,"href":"https:\/\/www.welovecycling.com\/hu\/wp-json\/wp\/v2\/global-categories?post=12713"}],"curies":[{"name":"wp","href":"https:\/\/api.w.org\/{rel}","templated":true}]}}