{"id":12708,"date":"2021-10-19T08:00:56","date_gmt":"2021-10-19T06:00:56","guid":{"rendered":"https:\/\/www.welovecycling.com\/hu\/?p=12708"},"modified":"2021-10-15T15:37:08","modified_gmt":"2021-10-15T13:37:08","slug":"gino-mader-jo-celra-forditotta-vuelta-gyozelmet","status":"publish","type":"post","link":"https:\/\/www.welovecycling.com\/hu\/orszaguti-kerekpar\/gino-mader-jo-celra-forditotta-vuelta-gyozelmet\/","title":{"rendered":"Gino M\u00e4der j\u00f3 c\u00e9lra ford\u00edtotta Vuelta-gy\u0151zelm\u00e9t"},"content":{"rendered":"<p><strong>A fiatal sv\u00e1jci versenyz\u0151 remekelt az idei Vuelt\u00e1n, \u00e9s megnyerte a legjobb fiatalnak j\u00e1r\u00f3 feh\u00e9r mezt, az \u00f6sszes\u00edtett versenyben pedig az \u00f6t\u00f6dik lett. A siker pedig a fej\u00e9be sz\u00e1llt &#8211; de j\u00f3 \u00e9rtelemben.<\/strong><\/p>\n<p><!--more--><\/p>\n<p>Azon kezdett el ugyanis gondolkodni, hogy seg\u00edthetne m\u00e1sokon kihaszn\u00e1lva a j\u00f3 teljes\u00edtm\u00e9ny\u00e9t. M\u00e4der \u00fagy d\u00f6nt\u00f6tt, hogy minden versenyz\u0151 ut\u00e1n, akit az \u00e1ltal\u00e1nos besorol\u00e1sban maga m\u00f6g\u00f6tt hagyott 10 eur\u00f3t, azok ut\u00e1n pedig, akiket az egyes szakaszokon el\u0151z\u00f6tt meg, 1-1 eur\u00f3t adom\u00e1nyoz egy j\u00f3t\u00e9konys\u00e1gi szervezetnek. Ez v\u00e9g\u00fcl 4529 eur\u00f3s \u00f6sszegre duzzadt.<\/p>\n<p>A sv\u00e1jci j\u00e1t\u00e9kos azonban nem v\u00e1lasztott konkr\u00e9t szervezetet, hanem a rajong\u00f3ira b\u00edzta a Twitteren, hogy d\u00f6nts\u00e9k el, melyik k\u00f6rnyezetv\u00e9delemmel foglalkoz\u00f3 alap\u00edtv\u00e1ny kapja a p\u00e9nzt.<\/p>\n<div class=\"embed-controller-wrapper\">\n<blockquote class=\"twitter-tweet\" data-width=\"500\" data-dnt=\"true\">\n<p lang=\"en\" dir=\"ltr\">As said in my previous tweet I\u2019ll add 10 Euros for every rider in GC too! (1370)<br \/>Donation of 4529 Euros will be done today!<br \/>Thanks to all of you who supported me throughout this Vuelta! <br \/>Recover and up we go to the next! \ud83d\ude34<\/p>\n<p>&mdash; Gino M\u00e4der (@maedergino) <a href=\"https:\/\/twitter.com\/maedergino\/status\/1435146325100834818?ref_src=twsrc%5Etfw\">September 7, 2021<\/a><\/p><\/blockquote>\n<p><script async data-src=\"https:\/\/platform.twitter.com\/widgets.js\" charset=\"utf-8\"><\/script><\/div>\n<p><em>\u201eA Vuelta lez\u00e1rva\u201d<\/em> \u2013 nyilatkozta az utols\u00f3 szakasz ut\u00e1n. <em>\u201eNagy \u00e9lm\u00e9ny volt, amire sok\u00e1ig eml\u00e9kezni fogok! Miut\u00e1n az \u00f6sszes kommentet elolvastam, kider\u00fclt, hogy a Just Diggit alap\u00edtv\u00e1nyt aj\u00e1nl\u00f3 hozz\u00e1sz\u00f3l\u00e1son volt a legt\u00f6bb like!\u201d<\/em><\/p>\n<p>A JustDiggit egy holland szervezet, melynek k\u00fcldet\u00e9se a k\u00f6vetkez\u0151<em>: \u201eA glob\u00e1lis felmeleged\u00e9s egyre gyorsabb. F\u00f6ld\u00fcnk kisz\u00e1rad. A mi feladatunk, hogy 2 fok alatt tartsuk a h\u0151m\u00e9rs\u00e9klet-meleged\u00e9st, hogy visszaford\u00edthassuk a bolyg\u00f3nk pusztul\u00e1s\u00e1t. Egy\u00fctt kell cselekedn\u00fcnk, m\u00e9ghozz\u00e1 gyorsan.\u201d<\/em><\/p>\n<p>A szervezet v\u00e1lasza a kl\u00edmav\u00e1ls\u00e1gra, hogy Afrika \u00fajran\u00f6v\u00e9nyes\u00edt\u00e9s\u00e9vel seg\u00edt h\u0171teni a kl\u00edm\u00e1t. Ebben a munk\u00e1ban a JustDiggit szorosan egy\u00fcttm\u0171k\u00f6dik a helyi k\u00f6z\u00f6ss\u00e9gekkel.<\/p>\n<div class=\"embed-controller-wrapper\">\n<blockquote class=\"twitter-tweet\" data-width=\"500\" data-dnt=\"true\">\n<p lang=\"en\" dir=\"ltr\">The Dutch interactive music video platform <a href=\"https:\/\/twitter.com\/XITENL?ref_src=twsrc%5Etfw\">@XITENL<\/a>  joined us on our mission to regreen and cool down the planet! By digging into <a href=\"https:\/\/twitter.com\/hashtag\/StreamToRegreen?src=hash&amp;ref_src=twsrc%5Etfw\">#StreamToRegreen<\/a>, they&#39;ll help us reach 100 million+ households across the EU and North America. \ud83d\ude4c <a href=\"https:\/\/t.co\/KdKYNt7MXX\">https:\/\/t.co\/KdKYNt7MXX<\/a><\/p>\n<p>&mdash; Justdiggit (@justdiggit) <a href=\"https:\/\/twitter.com\/justdiggit\/status\/1445387736148496399?ref_src=twsrc%5Etfw\">October 5, 2021<\/a><\/p><\/blockquote>\n<p><script async data-src=\"https:\/\/platform.twitter.com\/widgets.js\" charset=\"utf-8\"><\/script><\/div>\n<p>Bizony\u00edtottan hat\u00e1sos technika p\u00e9ld\u00e1ul az es\u0151v\u00edzgy\u0171jt\u00e9s (g\u00f6dr\u00f6k \u00e1s\u00e1s\u00e1val), a f\u00e1k helyre\u00e1ll\u00edt\u00e1sa \u00e9s a f\u0171magok gondoz\u00e1sa. A speci\u00e1lis alak\u00fa es\u0151v\u00edzgy\u0171jt\u0151 g\u00f6dr\u00f6k lehet\u0151v\u00e9 teszik, hogy a sz\u00e1raz ter\u00fcletekre visszat\u00e9rjenek a n\u00f6v\u00e9nyek. A szervezet eddig 145\u00a0000 ilyet \u00e1sott.<\/p>\n<p>Ezenk\u00edv\u00fcl 60000 hekt\u00e1r ter\u00fcletet \u00e9s 6,3 milli\u00f3 f\u00e1t \u00e1ll\u00edtottak helyre az elm\u00falt 30 h\u00f3napban.<\/p>\n<div class=\"embed-controller-wrapper\">\n<blockquote class=\"twitter-tweet\" data-width=\"500\" data-dnt=\"true\">\n<p lang=\"en\" dir=\"ltr\">In Singida, 232 farmers of which 47% are women, recently completed the Training of Trainers program from our partner <a href=\"https:\/\/twitter.com\/leadtz?ref_src=twsrc%5Etfw\">@leadtz<\/a>. These new ambassadors of regreening are now ready to inspire and activate their fellow farmers and thus bring back 2 million trees together! \ud83c\udf33 <a href=\"https:\/\/t.co\/2uA1of9L3E\">pic.twitter.com\/2uA1of9L3E<\/a><\/p>\n<p>&mdash; Justdiggit (@justdiggit) <a href=\"https:\/\/twitter.com\/justdiggit\/status\/1441684900906602499?ref_src=twsrc%5Etfw\">September 25, 2021<\/a><\/p><\/blockquote>\n<p><script async data-src=\"https:\/\/platform.twitter.com\/widgets.js\" charset=\"utf-8\"><\/script><\/div>\n<p>A JustDiggit szerint minden projektje olyan k\u00f6z\u00f6ss\u00e9gek tulajdon\u00e1ban \u00e1ll, amelyek a helyre\u00e1ll\u00edtott f\u00f6ldekb\u0151l \u00e9lnek.<\/p>\n<p>Nagy k\u00f6sz\u00f6net teh\u00e1t a ker\u00e9kp\u00e1ros rajong\u00f3knak, hogy foglalkoztak az \u00fcggyel \u00e9s siker\u00fclt egy arra m\u00e9lt\u00f3 szervezetet kiv\u00e1lasztani adom\u00e1nyozottk\u00e9nt! \u00c9s m\u00e9g nagyobb elismer\u00e9s j\u00e1r Gino-nak a nagylelk\u0171 gesztus\u00e9rt, amivel hozz\u00e1j\u00e1rult a glob\u00e1lis felmeleged\u00e9s elleni k\u00fczdelemhez. Tov\u00e1bbi sikereket k\u00edv\u00e1nunk neki a j\u00f6v\u0151ben!<\/p>\n","protected":false},"excerpt":{"rendered":"<p>A fiatal sv\u00e1jci versenyz\u0151 remekelt az idei Vuelt\u00e1n, \u00e9s megnyerte a legjobb fiatalnak j\u00e1r\u00f3 feh\u00e9r mezt, az \u00f6sszes\u00edtett versenyben pedig [&hellip;]<\/p>\n","protected":false},"author":71,"featured_media":12712,"comment_status":"open","ping_status":"open","sticky":false,"template":"","format":"standard","meta":{"footnotes":""},"categories":[8],"tags":[],"global-categories":[],"class_list":["post-12708","post","type-post","status-publish","format-standard","has-post-thumbnail","hentry","category-orszaguti-kerekpar"],"yoast_head":"<!-- This site is optimized with the Yoast SEO Premium plugin v25.3 (Yoast SEO v25.9) - https:\/\/yoast.com\/wordpress\/plugins\/seo\/ -->\n<title>Gino M\u00e4der j\u00f3 c\u00e9lra ford\u00edtotta Vuelta-gy\u0151zelm\u00e9t<\/title>\n<meta name=\"description\" content=\"A fiatal sv\u00e1jci versenyz\u0151 remekelt az idei Vuelt\u00e1n, \u00e9s megnyerte a legjobb fiatalnak j\u00e1r\u00f3 feh\u00e9r mezt, az \u00f6sszes\u00edtett versenyben pedig az \u00f6t\u00f6dik lett. A siker pedig a fej\u00e9be sz\u00e1llt - de j\u00f3 \u00e9rtelemben.\" \/>\n<meta name=\"robots\" content=\"index, follow, max-snippet:-1, max-image-preview:large, max-video-preview:-1\" \/>\n<link rel=\"canonical\" href=\"https:\/\/www.welovecycling.com\/hu\/orszaguti-kerekpar\/gino-mader-jo-celra-forditotta-vuelta-gyozelmet\/\" \/>\n<meta property=\"og:locale\" content=\"hu_HU\" \/>\n<meta property=\"og:type\" content=\"article\" \/>\n<meta property=\"og:title\" content=\"Gino M\u00e4der j\u00f3 c\u00e9lra ford\u00edtotta Vuelta-gy\u0151zelm\u00e9t\" \/>\n<meta property=\"og:description\" content=\"A fiatal sv\u00e1jci versenyz\u0151 remekelt az idei Vuelt\u00e1n, \u00e9s megnyerte a legjobb fiatalnak j\u00e1r\u00f3 feh\u00e9r mezt, az \u00f6sszes\u00edtett versenyben pedig az \u00f6t\u00f6dik lett. A siker pedig a fej\u00e9be sz\u00e1llt - de j\u00f3 \u00e9rtelemben.\" \/>\n<meta property=\"og:url\" content=\"https:\/\/www.welovecycling.com\/hu\/orszaguti-kerekpar\/gino-mader-jo-celra-forditotta-vuelta-gyozelmet\/\" \/>\n<meta property=\"og:site_name\" content=\"\u0160koda We Love Cycling - Magyarorsz\u00e1g\" \/>\n<meta property=\"article:publisher\" content=\"https:\/\/www.facebook.com\/WeLoveCyclingHungary\/\" \/>\n<meta property=\"article:published_time\" content=\"2021-10-19T06:00:56+00:00\" \/>\n<meta property=\"og:image\" content=\"https:\/\/d2p6e6u75xmxt8.cloudfront.net\/12\/2021\/10\/Gino-Mader-profimedia-0630533056-CVR.jpg\" \/>\n\t<meta property=\"og:image:width\" content=\"1366\" \/>\n\t<meta property=\"og:image:height\" content=\"600\" \/>\n\t<meta property=\"og:image:type\" content=\"image\/jpeg\" \/>\n<meta name=\"author\" content=\"hegyizs\" \/>\n<meta name=\"twitter:card\" content=\"summary_large_image\" \/>\n<meta name=\"twitter:label1\" content=\"Written by\" \/>\n\t<meta name=\"twitter:data1\" content=\"Siegfried Mortkowitz\" \/>\n\t<meta name=\"twitter:label2\" content=\"Est. reading time\" \/>\n\t<meta name=\"twitter:data2\" content=\"5\" \/>\n<script type=\"application\/ld+json\" class=\"yoast-schema-graph\">{\"@context\":\"https:\/\/schema.org\",\"@graph\":[{\"@type\":\"WebPage\",\"@id\":\"https:\/\/www.welovecycling.com\/hu\/orszaguti-kerekpar\/gino-mader-jo-celra-forditotta-vuelta-gyozelmet\/\",\"url\":\"https:\/\/www.welovecycling.com\/hu\/orszaguti-kerekpar\/gino-mader-jo-celra-forditotta-vuelta-gyozelmet\/\",\"name\":\"Gino M\u00e4der j\u00f3 c\u00e9lra ford\u00edtotta Vuelta-gy\u0151zelm\u00e9t\",\"isPartOf\":{\"@id\":\"https:\/\/www.welovecycling.com\/hu\/#website\"},\"primaryImageOfPage\":{\"@id\":\"https:\/\/www.welovecycling.com\/hu\/orszaguti-kerekpar\/gino-mader-jo-celra-forditotta-vuelta-gyozelmet\/#primaryimage\"},\"image\":{\"@id\":\"https:\/\/www.welovecycling.com\/hu\/orszaguti-kerekpar\/gino-mader-jo-celra-forditotta-vuelta-gyozelmet\/#primaryimage\"},\"thumbnailUrl\":\"https:\/\/d2p6e6u75xmxt8.cloudfront.net\/12\/2021\/10\/Gino-Mader-profimedia-0630533056-CVR.jpg\",\"datePublished\":\"2021-10-19T06:00:56+00:00\",\"author\":{\"@id\":\"https:\/\/www.welovecycling.com\/hu\/#\/schema\/person\/414a2aebf1801691a5320edb6468e194\"},\"description\":\"A fiatal sv\u00e1jci versenyz\u0151 remekelt az idei Vuelt\u00e1n, \u00e9s megnyerte a legjobb fiatalnak j\u00e1r\u00f3 feh\u00e9r mezt, az \u00f6sszes\u00edtett versenyben pedig az \u00f6t\u00f6dik lett. A siker pedig a fej\u00e9be sz\u00e1llt - de j\u00f3 \u00e9rtelemben.\",\"breadcrumb\":{\"@id\":\"https:\/\/www.welovecycling.com\/hu\/orszaguti-kerekpar\/gino-mader-jo-celra-forditotta-vuelta-gyozelmet\/#breadcrumb\"},\"inLanguage\":\"hu\",\"potentialAction\":[{\"@type\":\"ReadAction\",\"target\":[\"https:\/\/www.welovecycling.com\/hu\/orszaguti-kerekpar\/gino-mader-jo-celra-forditotta-vuelta-gyozelmet\/\"]}]},{\"@type\":\"ImageObject\",\"inLanguage\":\"hu\",\"@id\":\"https:\/\/www.welovecycling.com\/hu\/orszaguti-kerekpar\/gino-mader-jo-celra-forditotta-vuelta-gyozelmet\/#primaryimage\",\"url\":\"https:\/\/d2p6e6u75xmxt8.cloudfront.net\/12\/2021\/10\/Gino-Mader-profimedia-0630533056-CVR.jpg\",\"contentUrl\":\"https:\/\/d2p6e6u75xmxt8.cloudfront.net\/12\/2021\/10\/Gino-Mader-profimedia-0630533056-CVR.jpg\",\"width\":1366,\"height\":600,\"caption\":\"Gino M\u00e4der\"},{\"@type\":\"BreadcrumbList\",\"@id\":\"https:\/\/www.welovecycling.com\/hu\/orszaguti-kerekpar\/gino-mader-jo-celra-forditotta-vuelta-gyozelmet\/#breadcrumb\",\"itemListElement\":[{\"@type\":\"ListItem\",\"position\":1,\"name\":\"Home\",\"item\":\"https:\/\/www.welovecycling.com\/hu\/\"},{\"@type\":\"ListItem\",\"position\":2,\"name\":\"Gino M\u00e4der j\u00f3 c\u00e9lra ford\u00edtotta Vuelta-gy\u0151zelm\u00e9t\"}]},{\"@type\":\"WebSite\",\"@id\":\"https:\/\/www.welovecycling.com\/hu\/#website\",\"url\":\"https:\/\/www.welovecycling.com\/hu\/\",\"name\":\"\u0160koda We Love Cycling - Magyarorsz\u00e1g\",\"description\":\"\u0160koda WeLoveCycling\",\"potentialAction\":[{\"@type\":\"SearchAction\",\"target\":{\"@type\":\"EntryPoint\",\"urlTemplate\":\"https:\/\/www.welovecycling.com\/hu\/?s={search_term_string}\"},\"query-input\":{\"@type\":\"PropertyValueSpecification\",\"valueRequired\":true,\"valueName\":\"search_term_string\"}}],\"inLanguage\":\"hu\"},{\"@type\":\"Person\",\"@id\":\"https:\/\/www.welovecycling.com\/hu\/#\/schema\/person\/414a2aebf1801691a5320edb6468e194\",\"name\":\"hegyizs\",\"image\":{\"@type\":\"ImageObject\",\"inLanguage\":\"hu\",\"@id\":\"https:\/\/www.welovecycling.com\/hu\/#\/schema\/person\/image\/\",\"url\":\"https:\/\/secure.gravatar.com\/avatar\/02cf8a7906b8cf90cecb4679defac7cfd33a1c2e3b88e4903d947f3bb58eedd3?s=96&d=mm&r=g\",\"contentUrl\":\"https:\/\/secure.gravatar.com\/avatar\/02cf8a7906b8cf90cecb4679defac7cfd33a1c2e3b88e4903d947f3bb58eedd3?s=96&d=mm&r=g\",\"caption\":\"hegyizs\"},\"url\":\"https:\/\/www.welovecycling.com\/hu\/author\/hegyizs\/\"}]}<\/script>\n<!-- \/ Yoast SEO Premium plugin. -->","yoast_head_json":{"title":"Gino M\u00e4der j\u00f3 c\u00e9lra ford\u00edtotta Vuelta-gy\u0151zelm\u00e9t","description":"A fiatal sv\u00e1jci versenyz\u0151 remekelt az idei Vuelt\u00e1n, \u00e9s megnyerte a legjobb fiatalnak j\u00e1r\u00f3 feh\u00e9r mezt, az \u00f6sszes\u00edtett versenyben pedig az \u00f6t\u00f6dik lett. A siker pedig a fej\u00e9be sz\u00e1llt - de j\u00f3 \u00e9rtelemben.","robots":{"index":"index","follow":"follow","max-snippet":"max-snippet:-1","max-image-preview":"max-image-preview:large","max-video-preview":"max-video-preview:-1"},"canonical":"https:\/\/www.welovecycling.com\/hu\/orszaguti-kerekpar\/gino-mader-jo-celra-forditotta-vuelta-gyozelmet\/","og_locale":"hu_HU","og_type":"article","og_title":"Gino M\u00e4der j\u00f3 c\u00e9lra ford\u00edtotta Vuelta-gy\u0151zelm\u00e9t","og_description":"A fiatal sv\u00e1jci versenyz\u0151 remekelt az idei Vuelt\u00e1n, \u00e9s megnyerte a legjobb fiatalnak j\u00e1r\u00f3 feh\u00e9r mezt, az \u00f6sszes\u00edtett versenyben pedig az \u00f6t\u00f6dik lett. A siker pedig a fej\u00e9be sz\u00e1llt - de j\u00f3 \u00e9rtelemben.","og_url":"https:\/\/www.welovecycling.com\/hu\/orszaguti-kerekpar\/gino-mader-jo-celra-forditotta-vuelta-gyozelmet\/","og_site_name":"\u0160koda We Love Cycling - Magyarorsz\u00e1g","article_publisher":"https:\/\/www.facebook.com\/WeLoveCyclingHungary\/","article_published_time":"2021-10-19T06:00:56+00:00","og_image":[{"width":1366,"height":600,"url":"https:\/\/d2p6e6u75xmxt8.cloudfront.net\/12\/2021\/10\/Gino-Mader-profimedia-0630533056-CVR.jpg","type":"image\/jpeg"}],"author":"hegyizs","twitter_card":"summary_large_image","twitter_misc":{"Written by":"Siegfried Mortkowitz","Est. reading time":"5"},"schema":{"@context":"https:\/\/schema.org","@graph":[{"@type":"WebPage","@id":"https:\/\/www.welovecycling.com\/hu\/orszaguti-kerekpar\/gino-mader-jo-celra-forditotta-vuelta-gyozelmet\/","url":"https:\/\/www.welovecycling.com\/hu\/orszaguti-kerekpar\/gino-mader-jo-celra-forditotta-vuelta-gyozelmet\/","name":"Gino M\u00e4der j\u00f3 c\u00e9lra ford\u00edtotta Vuelta-gy\u0151zelm\u00e9t","isPartOf":{"@id":"https:\/\/www.welovecycling.com\/hu\/#website"},"primaryImageOfPage":{"@id":"https:\/\/www.welovecycling.com\/hu\/orszaguti-kerekpar\/gino-mader-jo-celra-forditotta-vuelta-gyozelmet\/#primaryimage"},"image":{"@id":"https:\/\/www.welovecycling.com\/hu\/orszaguti-kerekpar\/gino-mader-jo-celra-forditotta-vuelta-gyozelmet\/#primaryimage"},"thumbnailUrl":"https:\/\/d2p6e6u75xmxt8.cloudfront.net\/12\/2021\/10\/Gino-Mader-profimedia-0630533056-CVR.jpg","datePublished":"2021-10-19T06:00:56+00:00","author":{"@id":"https:\/\/www.welovecycling.com\/hu\/#\/schema\/person\/414a2aebf1801691a5320edb6468e194"},"description":"A fiatal sv\u00e1jci versenyz\u0151 remekelt az idei Vuelt\u00e1n, \u00e9s megnyerte a legjobb fiatalnak j\u00e1r\u00f3 feh\u00e9r mezt, az \u00f6sszes\u00edtett versenyben pedig az \u00f6t\u00f6dik lett. A siker pedig a fej\u00e9be sz\u00e1llt - de j\u00f3 \u00e9rtelemben.","breadcrumb":{"@id":"https:\/\/www.welovecycling.com\/hu\/orszaguti-kerekpar\/gino-mader-jo-celra-forditotta-vuelta-gyozelmet\/#breadcrumb"},"inLanguage":"hu","potentialAction":[{"@type":"ReadAction","target":["https:\/\/www.welovecycling.com\/hu\/orszaguti-kerekpar\/gino-mader-jo-celra-forditotta-vuelta-gyozelmet\/"]}]},{"@type":"ImageObject","inLanguage":"hu","@id":"https:\/\/www.welovecycling.com\/hu\/orszaguti-kerekpar\/gino-mader-jo-celra-forditotta-vuelta-gyozelmet\/#primaryimage","url":"https:\/\/d2p6e6u75xmxt8.cloudfront.net\/12\/2021\/10\/Gino-Mader-profimedia-0630533056-CVR.jpg","contentUrl":"https:\/\/d2p6e6u75xmxt8.cloudfront.net\/12\/2021\/10\/Gino-Mader-profimedia-0630533056-CVR.jpg","width":1366,"height":600,"caption":"Gino M\u00e4der"},{"@type":"BreadcrumbList","@id":"https:\/\/www.welovecycling.com\/hu\/orszaguti-kerekpar\/gino-mader-jo-celra-forditotta-vuelta-gyozelmet\/#breadcrumb","itemListElement":[{"@type":"ListItem","position":1,"name":"Home","item":"https:\/\/www.welovecycling.com\/hu\/"},{"@type":"ListItem","position":2,"name":"Gino M\u00e4der j\u00f3 c\u00e9lra ford\u00edtotta Vuelta-gy\u0151zelm\u00e9t"}]},{"@type":"WebSite","@id":"https:\/\/www.welovecycling.com\/hu\/#website","url":"https:\/\/www.welovecycling.com\/hu\/","name":"\u0160koda We Love Cycling - Magyarorsz\u00e1g","description":"\u0160koda WeLoveCycling","potentialAction":[{"@type":"SearchAction","target":{"@type":"EntryPoint","urlTemplate":"https:\/\/www.welovecycling.com\/hu\/?s={search_term_string}"},"query-input":{"@type":"PropertyValueSpecification","valueRequired":true,"valueName":"search_term_string"}}],"inLanguage":"hu"},{"@type":"Person","@id":"https:\/\/www.welovecycling.com\/hu\/#\/schema\/person\/414a2aebf1801691a5320edb6468e194","name":"hegyizs","image":{"@type":"ImageObject","inLanguage":"hu","@id":"https:\/\/www.welovecycling.com\/hu\/#\/schema\/person\/image\/","url":"https:\/\/secure.gravatar.com\/avatar\/02cf8a7906b8cf90cecb4679defac7cfd33a1c2e3b88e4903d947f3bb58eedd3?s=96&d=mm&r=g","contentUrl":"https:\/\/secure.gravatar.com\/avatar\/02cf8a7906b8cf90cecb4679defac7cfd33a1c2e3b88e4903d947f3bb58eedd3?s=96&d=mm&r=g","caption":"hegyizs"},"url":"https:\/\/www.welovecycling.com\/hu\/author\/hegyizs\/"}]}},"_links":{"self":[{"href":"https:\/\/www.welovecycling.com\/hu\/wp-json\/wp\/v2\/posts\/12708","targetHints":{"allow":["GET"]}}],"collection":[{"href":"https:\/\/www.welovecycling.com\/hu\/wp-json\/wp\/v2\/posts"}],"about":[{"href":"https:\/\/www.welovecycling.com\/hu\/wp-json\/wp\/v2\/types\/post"}],"author":[{"embeddable":true,"href":"https:\/\/www.welovecycling.com\/hu\/wp-json\/wp\/v2\/users\/71"}],"replies":[{"embeddable":true,"href":"https:\/\/www.welovecycling.com\/hu\/wp-json\/wp\/v2\/comments?post=12708"}],"version-history":[{"count":1,"href":"https:\/\/www.welovecycling.com\/hu\/wp-json\/wp\/v2\/posts\/12708\/revisions"}],"predecessor-version":[{"id":12727,"href":"https:\/\/www.welovecycling.com\/hu\/wp-json\/wp\/v2\/posts\/12708\/revisions\/12727"}],"wp:featuredmedia":[{"embeddable":true,"href":"https:\/\/www.welovecycling.com\/hu\/wp-json\/wp\/v2\/media\/12712"}],"wp:attachment":[{"href":"https:\/\/www.welovecycling.com\/hu\/wp-json\/wp\/v2\/media?parent=12708"}],"wp:term":[{"taxonomy":"category","embeddable":true,"href":"https:\/\/www.welovecycling.com\/hu\/wp-json\/wp\/v2\/categories?post=12708"},{"taxonomy":"post_tag","embeddable":true,"href":"https:\/\/www.welovecycling.com\/hu\/wp-json\/wp\/v2\/tags?post=12708"},{"taxonomy":"global-categories","embeddable":true,"href":"https:\/\/www.welovecycling.com\/hu\/wp-json\/wp\/v2\/global-categories?post=12708"}],"curies":[{"name":"wp","href":"https:\/\/api.w.org\/{rel}","templated":true}]}}