{"id":12697,"date":"2021-10-17T08:00:27","date_gmt":"2021-10-17T06:00:27","guid":{"rendered":"https:\/\/www.welovecycling.com\/hu\/?p=12697"},"modified":"2021-10-15T15:34:08","modified_gmt":"2021-10-15T13:34:08","slug":"ez-kemeny-lesz-lerantottak-a-leplet-a-2022-es-tour-de-france-utvonalarol","status":"publish","type":"post","link":"https:\/\/www.welovecycling.com\/hu\/orszaguti-kerekpar\/ez-kemeny-lesz-lerantottak-a-leplet-a-2022-es-tour-de-france-utvonalarol\/","title":{"rendered":"Ez kem\u00e9ny lesz: ler\u00e1ntott\u00e1k a leplet a 2022-es Tour de France \u00fatvonal\u00e1r\u00f3l"},"content":{"rendered":"<p><strong>Koppenh\u00e1gai id\u0151futam, z\u00f6tyk\u00f6l\u0151d\u00e9s az arenbergi macskak\u00f6veken, Alpe d\u2019Huez, Pireneusok, Alpok, 40 km-es csapatid\u0151futam \u2013 a v\u00e1ltozatoss\u00e1gra bizonyosan nem lehet panasz a j\u00f6v\u0151 \u00e9vi francia k\u00f6rversenyen!<\/strong><!--more--><\/p>\n<p>J\u00f3form\u00e1n m\u00e9g v\u00e9get sem \u00e9rt az idei orsz\u00e1g\u00fati versenyszezon, a szervez\u0151k, versenyz\u0151k, csapatok j\u00f3 szok\u00e1sukhoz h\u00edven m\u00e1ris el\u0151re tekintenek \u00e9s terveznek.<\/p>\n<p>Sokak \u00e1ltal v\u00e1rt nap volt a cs\u00fct\u00f6rt\u00f6ki, amikor is a szervez\u0151 francia ASO bemutatta a j\u00f6v\u0151 \u00e9vi Tour de France \u00fatvonal\u00e1t, melynek egyik legizgalmasabb \u00e9rdekess\u00e9ge, hogy h\u00e1rom \u00e9v ut\u00e1n \u00fajra Franciaorsz\u00e1gon k\u00edv\u00fclr\u0151l, ez\u00fattal Koppenh\u00e1g\u00e1b\u00f3l rajtol majd, m\u00e9ghozz\u00e1 j\u00falius els\u0151 napj\u00e1n. A d\u00e1n f\u0151v\u00e1ros term\u00e9szetesen el\u0151sz\u00f6r ad otthont Tour-szakasznak, minthogy az orsz\u00e1g ter\u00fclet\u00e9n sem haladt \u00e1t m\u00e9g kor\u00e1bban a legend\u00e1s viadal.<\/p>\n<p>Koppenh\u00e1ga belv\u00e1rosa r\u00e1ad\u00e1sul egy 13 kilom\u00e9teres id\u0151futammal ind\u00edtja meg a Tour 109. ki\u00edr\u00e1s\u00e1t, ez a tapasztalatok alapj\u00e1n mindig l\u00e1tv\u00e1nyos kezd\u00e9st \u00edg\u00e9r, a teljesen \u00faj helysz\u00edn miatt \u00fajszer\u0171 \u00e9lm\u00e9nnyel \u2013 m\u00e1rpedig a m\u0171faj olyan v\u00e1rhat\u00f3 nagy\u00e1gy\u00faival a mez\u0151nyben, mint Filippo Ganna, Primoz Roglic, Tadej Pogacar vagy Wout Van Aert, garant\u00e1lt lesz a sz\u00f3rakoz\u00e1s. A m\u00e1sodik \u00e9s a harmadik szakasz a d\u00e1n tengerpart ment\u00e9n halad, nagyr\u00e9szt keresztsz\u00e9lt\u0151l v\u00e9dtelen ny\u00edlt utakon, itt sem fognak unatkozni a versenyz\u0151k.<\/p>\n<figure id=\"attachment_12699\" aria-describedby=\"caption-attachment-12699\" style=\"width: 945px\" class=\"wp-caption alignnone\"><a href=\"https:\/\/d2p6e6u75xmxt8.cloudfront.net\/12\/2021\/10\/wlc_tdf22_2.png\"><img loading=\"lazy\" decoding=\"async\" class=\"size-full wp-image-12699\" src=\"https:\/\/d2p6e6u75xmxt8.cloudfront.net\/12\/2021\/10\/wlc_tdf22_2.png\" alt=\"\" width=\"945\" height=\"566\" srcset=\"https:\/\/d2p6e6u75xmxt8.cloudfront.net\/12\/2021\/10\/wlc_tdf22_2.png 945w, https:\/\/d2p6e6u75xmxt8.cloudfront.net\/12\/2021\/10\/wlc_tdf22_2-300x180.png 300w, https:\/\/d2p6e6u75xmxt8.cloudfront.net\/12\/2021\/10\/wlc_tdf22_2-768x460.png 768w\" sizes=\"auto, (max-width: 945px) 100vw, 945px\" \/><\/a><figcaption id=\"caption-attachment-12699\" class=\"wp-caption-text\">A 2020-ban \u00e9s 2021-ben is gy\u0151ztes Tadej Pogacar j\u00f6v\u0151re sem nyaralni megy Franciaorsz\u00e1gba (fot\u00f3: VCG)<\/figcaption><\/figure>\n<p>Cser\u00e9be viszont rendhagy\u00f3 m\u00f3don a negyedik napjuk m\u00e1ris szabadnap lesz, igaz, ezt azzal t\u00f6ltik majd, hogy \u00e1trep\u00fclnek \u00c9szak-Franciaorsz\u00e1gba, Lille-be, innen folytat\u00f3dik majd a viadal a m\u00e1sodik vil\u00e1gh\u00e1bor\u00fa ikonikus helysz\u00ednein, Dunkerque \u00e9s Calais k\u00f6z\u00f6tt. Az \u00f6t\u00f6dik szakaszon j\u00f6het a n\u00e9z\u0151k \u00e1ltal az egyik legjobban v\u00e1rt (a versenyz\u0151kr\u0151l ez nem biztos, hogy elmondhat\u00f3\u2026) etap: a mez\u0151nynek v\u00e9gig kell mennie a legend\u00e1s P\u00e1rizs\u2013Roubaix egynapos egyik legh\u00edrhedtebb r\u00e9sz\u00e9n, az Arenberg k\u00f6rny\u00e9ki durva macskak\u00f6veken \u2013 okt\u00f3ber elej\u00e9n pont l\u00e1thattuk, mire k\u00e9pes ez a szakasz, nem k\u00e9rd\u00e9s, a 2022-es Tour egyik legkem\u00e9nyebb napja v\u00e1r itt a r\u00e9sztvev\u0151kre (f\u0151leg, hogy \u00f6t olyan szektort is az \u00fatvonalba pakoltak, amely m\u00e9g a Roubaix-n sem szerepelt soha!).<\/p>\n<p>Ami a hegyeket illeti, term\u00e9szetesen ezt sem \u00fassz\u00e1k meg a versenyz\u0151k. Az els\u0151 neh\u00e9z hegyi befut\u00f3ra a hetedik etap v\u00e9g\u00e9n ker\u00fcl sor a La Planche des Belles Filles-n, a m\u00e1sodik h\u00e9t k\u00f6zep\u00e9n pedig egym\u00e1st k\u00f6vet\u0151 k\u00e9t nap m\u00e1ssz\u00e1k meg a Col du Granont \u00e9s a legend\u00e1s Alpe d\u2019Huez-t. Ezt k\u00f6vet\u0151en a p\u00e1rizsi c\u00e9lig tov\u00e1bbi k\u0151kem\u00e9ny emelked\u0151k v\u00e1rhat\u00f3k a Vog\u00e9zek, a Pireneusok \u00e9s a Francia-Alpok ormain.<\/p>\n<figure id=\"attachment_12700\" aria-describedby=\"caption-attachment-12700\" style=\"width: 945px\" class=\"wp-caption alignnone\"><a href=\"https:\/\/d2p6e6u75xmxt8.cloudfront.net\/12\/2021\/10\/wlc_tdf22_3.png\"><img loading=\"lazy\" decoding=\"async\" class=\"size-full wp-image-12700\" src=\"https:\/\/d2p6e6u75xmxt8.cloudfront.net\/12\/2021\/10\/wlc_tdf22_3.png\" alt=\"\" width=\"945\" height=\"631\" srcset=\"https:\/\/d2p6e6u75xmxt8.cloudfront.net\/12\/2021\/10\/wlc_tdf22_3.png 945w, https:\/\/d2p6e6u75xmxt8.cloudfront.net\/12\/2021\/10\/wlc_tdf22_3-300x200.png 300w, https:\/\/d2p6e6u75xmxt8.cloudfront.net\/12\/2021\/10\/wlc_tdf22_3-768x513.png 768w, https:\/\/d2p6e6u75xmxt8.cloudfront.net\/12\/2021\/10\/wlc_tdf22_3-272x182.png 272w\" sizes=\"auto, (max-width: 945px) 100vw, 945px\" \/><\/a><figcaption id=\"caption-attachment-12700\" class=\"wp-caption-text\">A legend\u00e1s Alpe d\u2019Huez szerpentinjeivel megszenved majd a mez\u0151ny (fot\u00f3: Graham Watson)<\/figcaption><\/figure>\n<p>Tov\u00e1bbi \u00e9rdekess\u00e9g, hogy a j\u00falius 24-i z\u00e1r\u00f3 p\u00e1rizsi g\u00e1laetapot megel\u0151z\u0151 utols\u00f3 szakasz egy 40 kilom\u00e9teres csapatid\u0151futam lesz, a v\u00e1ltozatoss\u00e1gra teh\u00e1t nem lehet panasz, a sprinterek mellett a hegyi \u00e9s az id\u0151futammen\u0151k is ki\u00e9lhetik szenved\u00e9ly\u00fcket a h\u00e1rom h\u00e9t alatt. R\u00e9szletesebb j\u00f3slatokba bocs\u00e1tkozni ennyire el\u0151re \u00e9s a mez\u0151ny ismerete n\u00e9lk\u00fcl felesleges \u00e9s \u00e9rtelmetlen is volna, mindazon\u00e1ltal van egy olyan \u00e9rz\u00e9s\u00fcnk, hogy a k\u00e9tszeres c\u00edmv\u00e9d\u0151 Tadej Pogacarnak a 2022-es \u00fatvonal is nagyon fog tetszeni.<\/p>\n<figure id=\"attachment_12701\" aria-describedby=\"caption-attachment-12701\" style=\"width: 552px\" class=\"wp-caption alignnone\"><a href=\"https:\/\/d2p6e6u75xmxt8.cloudfront.net\/12\/2021\/10\/wlc_tdf22_4.png\"><img loading=\"lazy\" decoding=\"async\" class=\"size-full wp-image-12701\" src=\"https:\/\/d2p6e6u75xmxt8.cloudfront.net\/12\/2021\/10\/wlc_tdf22_4.png\" alt=\"\" width=\"552\" height=\"672\" srcset=\"https:\/\/d2p6e6u75xmxt8.cloudfront.net\/12\/2021\/10\/wlc_tdf22_4.png 552w, https:\/\/d2p6e6u75xmxt8.cloudfront.net\/12\/2021\/10\/wlc_tdf22_4-246x300.png 246w\" sizes=\"auto, (max-width: 552px) 100vw, 552px\" \/><\/a><figcaption id=\"caption-attachment-12701\" class=\"wp-caption-text\">A 2022-es \u00fatvonal (k\u00e9p: ASO)<\/figcaption><\/figure>\n<p>&nbsp;<\/p>\n<p><em>Bor\u00edt\u00f3k\u00e9p: ASO\/Aurelien Vialette<\/em><\/p>\n","protected":false},"excerpt":{"rendered":"<p>Koppenh\u00e1gai id\u0151futam, z\u00f6tyk\u00f6l\u0151d\u00e9s az arenbergi macskak\u00f6veken, Alpe d\u2019Huez, Pireneusok, Alpok, 40 km-es csapatid\u0151futam \u2013 a v\u00e1ltozatoss\u00e1gra bizonyosan nem lehet panasz [&hellip;]<\/p>\n","protected":false},"author":71,"featured_media":12698,"comment_status":"open","ping_status":"open","sticky":false,"template":"","format":"standard","meta":{"footnotes":""},"categories":[8],"tags":[],"global-categories":[],"class_list":["post-12697","post","type-post","status-publish","format-standard","has-post-thumbnail","hentry","category-orszaguti-kerekpar"],"yoast_head":"<!-- This site is optimized with the Yoast SEO Premium plugin v25.3 (Yoast SEO v25.9) - https:\/\/yoast.com\/wordpress\/plugins\/seo\/ -->\n<title>Ez kem\u00e9ny lesz: ler\u00e1ntott\u00e1k a leplet a 2022-es Tour de France \u00fatvonal\u00e1r\u00f3l<\/title>\n<meta name=\"description\" content=\"Koppenh\u00e1gai id\u0151futam, z\u00f6tyk\u00f6l\u0151d\u00e9s az arenbergi macskak\u00f6veken, Alpe d\u2019Huez, Pireneusok, Alpok, 40 km-es csapatid\u0151futam \u2013 a v\u00e1ltozatoss\u00e1gra bizonyosan nem lehet panasz a j\u00f6v\u0151 \u00e9vi francia k\u00f6rversenyen!\" \/>\n<meta name=\"robots\" content=\"index, follow, max-snippet:-1, max-image-preview:large, max-video-preview:-1\" \/>\n<link rel=\"canonical\" href=\"https:\/\/www.welovecycling.com\/hu\/orszaguti-kerekpar\/ez-kemeny-lesz-lerantottak-a-leplet-a-2022-es-tour-de-france-utvonalarol\/\" \/>\n<meta property=\"og:locale\" content=\"hu_HU\" \/>\n<meta property=\"og:type\" content=\"article\" \/>\n<meta property=\"og:title\" content=\"Ez kem\u00e9ny lesz: ler\u00e1ntott\u00e1k a leplet a 2022-es Tour de France \u00fatvonal\u00e1r\u00f3l\" \/>\n<meta property=\"og:description\" content=\"Koppenh\u00e1gai id\u0151futam, z\u00f6tyk\u00f6l\u0151d\u00e9s az arenbergi macskak\u00f6veken, Alpe d\u2019Huez, Pireneusok, Alpok, 40 km-es csapatid\u0151futam \u2013 a v\u00e1ltozatoss\u00e1gra bizonyosan nem lehet panasz a j\u00f6v\u0151 \u00e9vi francia k\u00f6rversenyen!\" \/>\n<meta property=\"og:url\" content=\"https:\/\/www.welovecycling.com\/hu\/orszaguti-kerekpar\/ez-kemeny-lesz-lerantottak-a-leplet-a-2022-es-tour-de-france-utvonalarol\/\" \/>\n<meta property=\"og:site_name\" content=\"\u0160koda We Love Cycling - Magyarorsz\u00e1g\" \/>\n<meta property=\"article:publisher\" content=\"https:\/\/www.facebook.com\/WeLoveCyclingHungary\/\" \/>\n<meta property=\"article:published_time\" content=\"2021-10-17T06:00:27+00:00\" \/>\n<meta property=\"og:image\" content=\"https:\/\/d2p6e6u75xmxt8.cloudfront.net\/12\/2021\/10\/Tour-de-France-2021-\u00a9-ASOAurelien-Vialatte.jpg\" \/>\n\t<meta property=\"og:image:width\" content=\"1000\" \/>\n\t<meta property=\"og:image:height\" content=\"667\" \/>\n\t<meta property=\"og:image:type\" content=\"image\/jpeg\" \/>\n<meta name=\"author\" content=\"hegyizs\" \/>\n<meta name=\"twitter:card\" content=\"summary_large_image\" \/>\n<meta name=\"twitter:label1\" content=\"Written by\" \/>\n\t<meta name=\"twitter:data1\" content=\"WLC\" \/>\n\t<meta name=\"twitter:label2\" content=\"Est. reading time\" \/>\n\t<meta name=\"twitter:data2\" content=\"3 minutes\" \/>\n<script type=\"application\/ld+json\" class=\"yoast-schema-graph\">{\"@context\":\"https:\/\/schema.org\",\"@graph\":[{\"@type\":\"WebPage\",\"@id\":\"https:\/\/www.welovecycling.com\/hu\/orszaguti-kerekpar\/ez-kemeny-lesz-lerantottak-a-leplet-a-2022-es-tour-de-france-utvonalarol\/\",\"url\":\"https:\/\/www.welovecycling.com\/hu\/orszaguti-kerekpar\/ez-kemeny-lesz-lerantottak-a-leplet-a-2022-es-tour-de-france-utvonalarol\/\",\"name\":\"Ez kem\u00e9ny lesz: ler\u00e1ntott\u00e1k a leplet a 2022-es Tour de France \u00fatvonal\u00e1r\u00f3l\",\"isPartOf\":{\"@id\":\"https:\/\/www.welovecycling.com\/hu\/#website\"},\"primaryImageOfPage\":{\"@id\":\"https:\/\/www.welovecycling.com\/hu\/orszaguti-kerekpar\/ez-kemeny-lesz-lerantottak-a-leplet-a-2022-es-tour-de-france-utvonalarol\/#primaryimage\"},\"image\":{\"@id\":\"https:\/\/www.welovecycling.com\/hu\/orszaguti-kerekpar\/ez-kemeny-lesz-lerantottak-a-leplet-a-2022-es-tour-de-france-utvonalarol\/#primaryimage\"},\"thumbnailUrl\":\"https:\/\/d2p6e6u75xmxt8.cloudfront.net\/12\/2021\/10\/Tour-de-France-2021-\u00a9-ASOAurelien-Vialatte.jpg\",\"datePublished\":\"2021-10-17T06:00:27+00:00\",\"author\":{\"@id\":\"https:\/\/www.welovecycling.com\/hu\/#\/schema\/person\/414a2aebf1801691a5320edb6468e194\"},\"description\":\"Koppenh\u00e1gai id\u0151futam, z\u00f6tyk\u00f6l\u0151d\u00e9s az arenbergi macskak\u00f6veken, Alpe d\u2019Huez, Pireneusok, Alpok, 40 km-es csapatid\u0151futam \u2013 a v\u00e1ltozatoss\u00e1gra bizonyosan nem lehet panasz a j\u00f6v\u0151 \u00e9vi francia k\u00f6rversenyen!\",\"breadcrumb\":{\"@id\":\"https:\/\/www.welovecycling.com\/hu\/orszaguti-kerekpar\/ez-kemeny-lesz-lerantottak-a-leplet-a-2022-es-tour-de-france-utvonalarol\/#breadcrumb\"},\"inLanguage\":\"hu\",\"potentialAction\":[{\"@type\":\"ReadAction\",\"target\":[\"https:\/\/www.welovecycling.com\/hu\/orszaguti-kerekpar\/ez-kemeny-lesz-lerantottak-a-leplet-a-2022-es-tour-de-france-utvonalarol\/\"]}]},{\"@type\":\"ImageObject\",\"inLanguage\":\"hu\",\"@id\":\"https:\/\/www.welovecycling.com\/hu\/orszaguti-kerekpar\/ez-kemeny-lesz-lerantottak-a-leplet-a-2022-es-tour-de-france-utvonalarol\/#primaryimage\",\"url\":\"https:\/\/d2p6e6u75xmxt8.cloudfront.net\/12\/2021\/10\/Tour-de-France-2021-\u00a9-ASOAurelien-Vialatte.jpg\",\"contentUrl\":\"https:\/\/d2p6e6u75xmxt8.cloudfront.net\/12\/2021\/10\/Tour-de-France-2021-\u00a9-ASOAurelien-Vialatte.jpg\",\"width\":1000,\"height\":667},{\"@type\":\"BreadcrumbList\",\"@id\":\"https:\/\/www.welovecycling.com\/hu\/orszaguti-kerekpar\/ez-kemeny-lesz-lerantottak-a-leplet-a-2022-es-tour-de-france-utvonalarol\/#breadcrumb\",\"itemListElement\":[{\"@type\":\"ListItem\",\"position\":1,\"name\":\"Home\",\"item\":\"https:\/\/www.welovecycling.com\/hu\/\"},{\"@type\":\"ListItem\",\"position\":2,\"name\":\"Ez kem\u00e9ny lesz: ler\u00e1ntott\u00e1k a leplet a 2022-es Tour de France \u00fatvonal\u00e1r\u00f3l\"}]},{\"@type\":\"WebSite\",\"@id\":\"https:\/\/www.welovecycling.com\/hu\/#website\",\"url\":\"https:\/\/www.welovecycling.com\/hu\/\",\"name\":\"\u0160koda We Love Cycling - Magyarorsz\u00e1g\",\"description\":\"\u0160koda WeLoveCycling\",\"potentialAction\":[{\"@type\":\"SearchAction\",\"target\":{\"@type\":\"EntryPoint\",\"urlTemplate\":\"https:\/\/www.welovecycling.com\/hu\/?s={search_term_string}\"},\"query-input\":{\"@type\":\"PropertyValueSpecification\",\"valueRequired\":true,\"valueName\":\"search_term_string\"}}],\"inLanguage\":\"hu\"},{\"@type\":\"Person\",\"@id\":\"https:\/\/www.welovecycling.com\/hu\/#\/schema\/person\/414a2aebf1801691a5320edb6468e194\",\"name\":\"hegyizs\",\"image\":{\"@type\":\"ImageObject\",\"inLanguage\":\"hu\",\"@id\":\"https:\/\/www.welovecycling.com\/hu\/#\/schema\/person\/image\/\",\"url\":\"https:\/\/secure.gravatar.com\/avatar\/02cf8a7906b8cf90cecb4679defac7cfd33a1c2e3b88e4903d947f3bb58eedd3?s=96&d=mm&r=g\",\"contentUrl\":\"https:\/\/secure.gravatar.com\/avatar\/02cf8a7906b8cf90cecb4679defac7cfd33a1c2e3b88e4903d947f3bb58eedd3?s=96&d=mm&r=g\",\"caption\":\"hegyizs\"},\"url\":\"https:\/\/www.welovecycling.com\/hu\/author\/hegyizs\/\"}]}<\/script>\n<!-- \/ Yoast SEO Premium plugin. -->","yoast_head_json":{"title":"Ez kem\u00e9ny lesz: ler\u00e1ntott\u00e1k a leplet a 2022-es Tour de France \u00fatvonal\u00e1r\u00f3l","description":"Koppenh\u00e1gai id\u0151futam, z\u00f6tyk\u00f6l\u0151d\u00e9s az arenbergi macskak\u00f6veken, Alpe d\u2019Huez, Pireneusok, Alpok, 40 km-es csapatid\u0151futam \u2013 a v\u00e1ltozatoss\u00e1gra bizonyosan nem lehet panasz a j\u00f6v\u0151 \u00e9vi francia k\u00f6rversenyen!","robots":{"index":"index","follow":"follow","max-snippet":"max-snippet:-1","max-image-preview":"max-image-preview:large","max-video-preview":"max-video-preview:-1"},"canonical":"https:\/\/www.welovecycling.com\/hu\/orszaguti-kerekpar\/ez-kemeny-lesz-lerantottak-a-leplet-a-2022-es-tour-de-france-utvonalarol\/","og_locale":"hu_HU","og_type":"article","og_title":"Ez kem\u00e9ny lesz: ler\u00e1ntott\u00e1k a leplet a 2022-es Tour de France \u00fatvonal\u00e1r\u00f3l","og_description":"Koppenh\u00e1gai id\u0151futam, z\u00f6tyk\u00f6l\u0151d\u00e9s az arenbergi macskak\u00f6veken, Alpe d\u2019Huez, Pireneusok, Alpok, 40 km-es csapatid\u0151futam \u2013 a v\u00e1ltozatoss\u00e1gra bizonyosan nem lehet panasz a j\u00f6v\u0151 \u00e9vi francia k\u00f6rversenyen!","og_url":"https:\/\/www.welovecycling.com\/hu\/orszaguti-kerekpar\/ez-kemeny-lesz-lerantottak-a-leplet-a-2022-es-tour-de-france-utvonalarol\/","og_site_name":"\u0160koda We Love Cycling - Magyarorsz\u00e1g","article_publisher":"https:\/\/www.facebook.com\/WeLoveCyclingHungary\/","article_published_time":"2021-10-17T06:00:27+00:00","og_image":[{"width":1000,"height":667,"url":"https:\/\/d2p6e6u75xmxt8.cloudfront.net\/12\/2021\/10\/Tour-de-France-2021-\u00a9-ASOAurelien-Vialatte.jpg","type":"image\/jpeg"}],"author":"hegyizs","twitter_card":"summary_large_image","twitter_misc":{"Written by":"WLC","Est. reading time":"3 minutes"},"schema":{"@context":"https:\/\/schema.org","@graph":[{"@type":"WebPage","@id":"https:\/\/www.welovecycling.com\/hu\/orszaguti-kerekpar\/ez-kemeny-lesz-lerantottak-a-leplet-a-2022-es-tour-de-france-utvonalarol\/","url":"https:\/\/www.welovecycling.com\/hu\/orszaguti-kerekpar\/ez-kemeny-lesz-lerantottak-a-leplet-a-2022-es-tour-de-france-utvonalarol\/","name":"Ez kem\u00e9ny lesz: ler\u00e1ntott\u00e1k a leplet a 2022-es Tour de France \u00fatvonal\u00e1r\u00f3l","isPartOf":{"@id":"https:\/\/www.welovecycling.com\/hu\/#website"},"primaryImageOfPage":{"@id":"https:\/\/www.welovecycling.com\/hu\/orszaguti-kerekpar\/ez-kemeny-lesz-lerantottak-a-leplet-a-2022-es-tour-de-france-utvonalarol\/#primaryimage"},"image":{"@id":"https:\/\/www.welovecycling.com\/hu\/orszaguti-kerekpar\/ez-kemeny-lesz-lerantottak-a-leplet-a-2022-es-tour-de-france-utvonalarol\/#primaryimage"},"thumbnailUrl":"https:\/\/d2p6e6u75xmxt8.cloudfront.net\/12\/2021\/10\/Tour-de-France-2021-\u00a9-ASOAurelien-Vialatte.jpg","datePublished":"2021-10-17T06:00:27+00:00","author":{"@id":"https:\/\/www.welovecycling.com\/hu\/#\/schema\/person\/414a2aebf1801691a5320edb6468e194"},"description":"Koppenh\u00e1gai id\u0151futam, z\u00f6tyk\u00f6l\u0151d\u00e9s az arenbergi macskak\u00f6veken, Alpe d\u2019Huez, Pireneusok, Alpok, 40 km-es csapatid\u0151futam \u2013 a v\u00e1ltozatoss\u00e1gra bizonyosan nem lehet panasz a j\u00f6v\u0151 \u00e9vi francia k\u00f6rversenyen!","breadcrumb":{"@id":"https:\/\/www.welovecycling.com\/hu\/orszaguti-kerekpar\/ez-kemeny-lesz-lerantottak-a-leplet-a-2022-es-tour-de-france-utvonalarol\/#breadcrumb"},"inLanguage":"hu","potentialAction":[{"@type":"ReadAction","target":["https:\/\/www.welovecycling.com\/hu\/orszaguti-kerekpar\/ez-kemeny-lesz-lerantottak-a-leplet-a-2022-es-tour-de-france-utvonalarol\/"]}]},{"@type":"ImageObject","inLanguage":"hu","@id":"https:\/\/www.welovecycling.com\/hu\/orszaguti-kerekpar\/ez-kemeny-lesz-lerantottak-a-leplet-a-2022-es-tour-de-france-utvonalarol\/#primaryimage","url":"https:\/\/d2p6e6u75xmxt8.cloudfront.net\/12\/2021\/10\/Tour-de-France-2021-\u00a9-ASOAurelien-Vialatte.jpg","contentUrl":"https:\/\/d2p6e6u75xmxt8.cloudfront.net\/12\/2021\/10\/Tour-de-France-2021-\u00a9-ASOAurelien-Vialatte.jpg","width":1000,"height":667},{"@type":"BreadcrumbList","@id":"https:\/\/www.welovecycling.com\/hu\/orszaguti-kerekpar\/ez-kemeny-lesz-lerantottak-a-leplet-a-2022-es-tour-de-france-utvonalarol\/#breadcrumb","itemListElement":[{"@type":"ListItem","position":1,"name":"Home","item":"https:\/\/www.welovecycling.com\/hu\/"},{"@type":"ListItem","position":2,"name":"Ez kem\u00e9ny lesz: ler\u00e1ntott\u00e1k a leplet a 2022-es Tour de France \u00fatvonal\u00e1r\u00f3l"}]},{"@type":"WebSite","@id":"https:\/\/www.welovecycling.com\/hu\/#website","url":"https:\/\/www.welovecycling.com\/hu\/","name":"\u0160koda We Love Cycling - Magyarorsz\u00e1g","description":"\u0160koda WeLoveCycling","potentialAction":[{"@type":"SearchAction","target":{"@type":"EntryPoint","urlTemplate":"https:\/\/www.welovecycling.com\/hu\/?s={search_term_string}"},"query-input":{"@type":"PropertyValueSpecification","valueRequired":true,"valueName":"search_term_string"}}],"inLanguage":"hu"},{"@type":"Person","@id":"https:\/\/www.welovecycling.com\/hu\/#\/schema\/person\/414a2aebf1801691a5320edb6468e194","name":"hegyizs","image":{"@type":"ImageObject","inLanguage":"hu","@id":"https:\/\/www.welovecycling.com\/hu\/#\/schema\/person\/image\/","url":"https:\/\/secure.gravatar.com\/avatar\/02cf8a7906b8cf90cecb4679defac7cfd33a1c2e3b88e4903d947f3bb58eedd3?s=96&d=mm&r=g","contentUrl":"https:\/\/secure.gravatar.com\/avatar\/02cf8a7906b8cf90cecb4679defac7cfd33a1c2e3b88e4903d947f3bb58eedd3?s=96&d=mm&r=g","caption":"hegyizs"},"url":"https:\/\/www.welovecycling.com\/hu\/author\/hegyizs\/"}]}},"_links":{"self":[{"href":"https:\/\/www.welovecycling.com\/hu\/wp-json\/wp\/v2\/posts\/12697","targetHints":{"allow":["GET"]}}],"collection":[{"href":"https:\/\/www.welovecycling.com\/hu\/wp-json\/wp\/v2\/posts"}],"about":[{"href":"https:\/\/www.welovecycling.com\/hu\/wp-json\/wp\/v2\/types\/post"}],"author":[{"embeddable":true,"href":"https:\/\/www.welovecycling.com\/hu\/wp-json\/wp\/v2\/users\/71"}],"replies":[{"embeddable":true,"href":"https:\/\/www.welovecycling.com\/hu\/wp-json\/wp\/v2\/comments?post=12697"}],"version-history":[{"count":1,"href":"https:\/\/www.welovecycling.com\/hu\/wp-json\/wp\/v2\/posts\/12697\/revisions"}],"predecessor-version":[{"id":12702,"href":"https:\/\/www.welovecycling.com\/hu\/wp-json\/wp\/v2\/posts\/12697\/revisions\/12702"}],"wp:featuredmedia":[{"embeddable":true,"href":"https:\/\/www.welovecycling.com\/hu\/wp-json\/wp\/v2\/media\/12698"}],"wp:attachment":[{"href":"https:\/\/www.welovecycling.com\/hu\/wp-json\/wp\/v2\/media?parent=12697"}],"wp:term":[{"taxonomy":"category","embeddable":true,"href":"https:\/\/www.welovecycling.com\/hu\/wp-json\/wp\/v2\/categories?post=12697"},{"taxonomy":"post_tag","embeddable":true,"href":"https:\/\/www.welovecycling.com\/hu\/wp-json\/wp\/v2\/tags?post=12697"},{"taxonomy":"global-categories","embeddable":true,"href":"https:\/\/www.welovecycling.com\/hu\/wp-json\/wp\/v2\/global-categories?post=12697"}],"curies":[{"name":"wp","href":"https:\/\/api.w.org\/{rel}","templated":true}]}}