{"id":12677,"date":"2021-10-10T08:00:14","date_gmt":"2021-10-10T06:00:14","guid":{"rendered":"https:\/\/www.welovecycling.com\/hu\/?p=12677"},"modified":"2021-10-08T14:48:04","modified_gmt":"2021-10-08T12:48:04","slug":"ver-veritek-es-oromkonnyek-a-sartengerben-a-szokasosnal-is-extremebb-volt-az-idei-parizs-roubaix","status":"publish","type":"post","link":"https:\/\/www.welovecycling.com\/hu\/orszaguti-kerekpar\/ver-veritek-es-oromkonnyek-a-sartengerben-a-szokasosnal-is-extremebb-volt-az-idei-parizs-roubaix\/","title":{"rendered":"V\u00e9r, ver\u00edt\u00e9k \u00e9s \u00f6r\u00f6mk\u00f6nnyek a s\u00e1rtengerben: a szok\u00e1sosn\u00e1l is extr\u00e9mebb volt az idei P\u00e1rizs\u2013Roubaix"},"content":{"rendered":"<p><strong>A vil\u00e1g legkem\u00e9nyebb orsz\u00e1g\u00fati egynapos\u00e1n csak m\u00e9g jobban megnehez\u00edtette az indul\u00f3k \u00e9let\u00e9t a kegyetlen okt\u00f3beri id\u0151j\u00e1r\u00e1s: az \u201e\u00c9szak Pokl\u00e1nak\u201d macskak\u00f6vein v\u00e9g\u00fcl abszol\u00fat meg\u00e9rdemelten \u00fcnnepelhetett \u00f6nk\u00edv\u00fcletben a favorit Mathieu van der Poelt \u00e9s a m\u00e1sik meglepet\u00e9sember, a Florian Vermeerscht is lehajr\u00e1z\u00f3 Sonny Colbrelli.<\/strong><!--more--><\/p>\n<p>A 125 \u00e9ves m\u00faltra visszatekint\u0151 P\u00e1rizs\u2013Roubaix nem csak az egyik legr\u00e9gebbi, de a vil\u00e1g egyik legh\u00edresebb (h\u00edrhedtebb) orsz\u00e1g\u00fati ker\u00e9kp\u00e1rverseny\u00e9v\u00e9 n\u0151tte ki mag\u00e1t az id\u0151k sor\u00e1n, amelyen m\u00e1r elindulni \u00f6nmag\u00e1ban is \u00f3ri\u00e1si preszt\u00edzst \u00e9s kih\u00edv\u00e1st jelent, h\u00e1t m\u00e9g v\u00e9gig is menni rajta!<\/p>\n<p>A patin\u00e1s franciaorsz\u00e1gi preszt\u00edzsviadalt, amelyet besz\u00e9desen csak az \u201e\u00c9szak Poklak\u00e9nt\u201d szok\u00e1s aposztrof\u00e1lni, a terep \u00e9s a k\u00f6r\u00fclm\u00e9nyek egy\u00fcttesen tett\u00e9k a legkem\u00e9nyebb egynapos klasszikuss\u00e1: az eleve kegyetlen\u00fcl hossz\u00fa t\u00e1v nagy r\u00e9sz\u00e9t borzalmas min\u0151s\u00e9g\u0171, sz\u0171k kis vid\u00e9ki utakon kell teljes\u00edteni, tengernyi porral \u00e9s macskak\u0151vel megsp\u00e9kelve. R\u00e1ad\u00e1sul Franciaorsz\u00e1g ezen \u00e9szaki r\u00e9sz\u00e9n m\u00e9g az eredeti, \u00e1prilisi id\u0151pontban is gyakori a hideg, szeles, es\u0151s id\u0151j\u00e1r\u00e1s \u2013 el lehet k\u00e9pzelni h\u00e1t, milyen okt\u00f3berben\u2026<\/p>\n<p>A tavalyi verseny ugyanis a pand\u00e9mia ok\u00e1n sajnos egy az egyben elmaradt, id\u00e9n pedig okt\u00f3ber elej\u00e9re kellett \u00e1trakniuk a szervez\u0151knek, \u00edgy ez\u00fattal m\u00e9g a P\u00e1rizs\u2013Roubaix szintj\u00e9n m\u00e9rve is extra kem\u00e9ny kih\u00edv\u00e1sokkal kellett szemben\u00e9zni\u00fck az indul\u00f3knak: a 257 kilom\u00e9teres t\u00e1v mell\u00e9 kaptak a nyakukba egy j\u00f3 nagy adag es\u0151t, \u00e9s ennek nyom\u00e1n iszonyat mennyis\u00e9g\u0171 sarat, \u00fagy n\u00e9ztek ki szeg\u00e9nyek, mintha egyenesen a cyclocross-vil\u00e1gbajnoks\u00e1gr\u00f3l, vagy egy t\u00fal\u00e9l\u0151t\u00far\u00e1r\u00f3l \u00e9rkeztek volna.<\/p>\n<figure id=\"attachment_12679\" aria-describedby=\"caption-attachment-12679\" style=\"width: 1024px\" class=\"wp-caption alignnone\"><a href=\"https:\/\/d2p6e6u75xmxt8.cloudfront.net\/12\/2021\/10\/85B_2669-1340x869-1.jpg\"><img loading=\"lazy\" decoding=\"async\" class=\"size-large wp-image-12679\" src=\"https:\/\/d2p6e6u75xmxt8.cloudfront.net\/12\/2021\/10\/85B_2669-1340x869-1-1024x664.jpg\" alt=\"\" width=\"1024\" height=\"664\" srcset=\"https:\/\/d2p6e6u75xmxt8.cloudfront.net\/12\/2021\/10\/85B_2669-1340x869-1-1024x664.jpg 1024w, https:\/\/d2p6e6u75xmxt8.cloudfront.net\/12\/2021\/10\/85B_2669-1340x869-1-300x195.jpg 300w, https:\/\/d2p6e6u75xmxt8.cloudfront.net\/12\/2021\/10\/85B_2669-1340x869-1-768x498.jpg 768w, https:\/\/d2p6e6u75xmxt8.cloudfront.net\/12\/2021\/10\/85B_2669-1340x869-1.jpg 1340w\" sizes=\"auto, (max-width: 1024px) 100vw, 1024px\" \/><\/a><figcaption id=\"caption-attachment-12679\" class=\"wp-caption-text\">\u00c1tlagos pillanatk\u00e9p a Roubaix-r\u0151l (forr\u00e1s: cyclingtips.com)<\/figcaption><\/figure>\n<p>A borzalmasan neh\u00e9z terepen folyamatosan estek-keltek a versenyz\u0151k, rengetegen feladt\u00e1k, \u00e9s akik maradtak, azok is dr\u00e1mai k\u00f6r\u00fclm\u00e9nyek k\u00f6z\u00f6tt \u00e9rtek be. A kor\u00e1bban sokszor ink\u00e1bb a p\u00e1ly\u00e1n k\u00edv\u00fcli balh\u00e9ival a figyelem k\u00f6z\u00e9ppontj\u00e1ba ker\u00fcl\u0151 Gianni Moscon most p\u00e9ld\u00e1ul egy\u00e9rtelm\u0171en teljes\u00edtm\u00e9ny\u00e9vel v\u00edvta ki az elismer\u00e9st: harminc kilom\u00e9terrel a c\u00e9l el\u0151tt m\u00e1r 1:15 perces el\u0151nyt \u00e9p\u00edtett fel egyed\u00fcl, ami ilyen lehetetlen k\u00f6r\u00fclm\u00e9nyek k\u00f6z\u00f6tt jelent\u0151snek sz\u00e1m\u00edt. V\u00e9g\u00fcl m\u00e9gis a k\u00f6r\u00fclm\u00e9nyek \u00e9s az er\u0151ltetett menet \u00e1ldozat\u00e1v\u00e1 v\u00e1lt: el\u0151bb kapott egy h\u00e1ts\u00f3 defektet \u2013 a bringacser\u00e9vel elment j\u00f3 f\u00e9l perc \u2013, majd nem sokkal k\u00e9s\u0151bb az \u00faj bring\u00e1val bukott is nagy igyekezet\u00e9ben. Volt el\u0151ny, nincs el\u0151ny.<\/p>\n<p>Az olasz fenegyereket \u00edgy be\u00e9rte a nagy es\u00e9lyes Mathieu van der Poel h\u00fazta h\u00e1rmas (a holland zseni mellett az eg\u00e9sz nap elk\u00e9peszt\u0151en nagyot versenyz\u0151 Sonny Colbrelli \u00e9s az abszol\u00fat meglepet\u00e9sember Florian Vermeersch volt m\u00e9g ott), \u00e9s a roubaix-i velodromba \u00e9rve m\u00e1r tudni lehetett, k\u00f6z\u00fcl\u00fck ker\u00fcl ki a gy\u0151ztes. A legt\u00f6bben persze Van der Poelra fogadtak volna, de itt kij\u00f6tt, hogy hi\u00e1ba sz\u00e1m\u00edt valaki jobb sprinternek, mint riv\u00e1lisai, 257 km \u00e9s t\u00f6bb mint hat\u00f3r\u00e1nyi teker\u00e9s ut\u00e1n, ilyen k\u00f6r\u00fclm\u00e9nyek k\u00f6z\u00f6tt m\u00e1r nem ez a d\u00f6nt\u0151. Az Alpecin szt\u00e1rj\u00e1t \u00edgy az utols\u00f3 m\u00e9tereken Colbrelli \u00e9s Vermeersch is megel\u0151zte, negyediknek meg bej\u00f6tt Moscon, aki ut\u00f3bb roppant szimpatikusan \u00e9s realist\u00e1n nem a bring\u00e1j\u00e1ra \u00e9s a k\u00f6r\u00fclm\u00e9nyekre fogta a dolgot, hanem egyenesen kijelentette, ha a gikszerek nem j\u00f6nnek k\u00f6zben, akkor sem biztos, hogy nyert volna, hiszen <em>\u201eegy Roubaix-n sosincs olyan, hogy biztos.\u201d<\/em><\/p>\n<p>Az azonban m\u00e9giscsak biztos, hogy az idei verseny \u00e9s a c\u00e9lba \u00e9r\u00e9s ut\u00e1n tet\u0151t\u0151l talpig s\u00e1rosan a f\u00f6ldre roskad\u00f3, \u00f6nk\u00edv\u00fcletben \u00fcnnepl\u0151 Colbrelli \u00fcnnepl\u00e9se nagyon sok\u00e1ig eml\u00e9kezetes marad.<\/p>\n<figure id=\"attachment_12680\" aria-describedby=\"caption-attachment-12680\" style=\"width: 1024px\" class=\"wp-caption alignnone\"><a href=\"https:\/\/d2p6e6u75xmxt8.cloudfront.net\/12\/2021\/10\/e2QuqZ5iGNbUTaMLfJ9ixF-1200-80.jpg\"><img loading=\"lazy\" decoding=\"async\" class=\"size-large wp-image-12680\" src=\"https:\/\/d2p6e6u75xmxt8.cloudfront.net\/12\/2021\/10\/e2QuqZ5iGNbUTaMLfJ9ixF-1200-80-1024x682.jpg\" alt=\"\" width=\"1024\" height=\"682\" srcset=\"https:\/\/d2p6e6u75xmxt8.cloudfront.net\/12\/2021\/10\/e2QuqZ5iGNbUTaMLfJ9ixF-1200-80-1024x682.jpg 1024w, https:\/\/d2p6e6u75xmxt8.cloudfront.net\/12\/2021\/10\/e2QuqZ5iGNbUTaMLfJ9ixF-1200-80-300x200.jpg 300w, https:\/\/d2p6e6u75xmxt8.cloudfront.net\/12\/2021\/10\/e2QuqZ5iGNbUTaMLfJ9ixF-1200-80-768x511.jpg 768w, https:\/\/d2p6e6u75xmxt8.cloudfront.net\/12\/2021\/10\/e2QuqZ5iGNbUTaMLfJ9ixF-1200-80-272x182.jpg 272w, https:\/\/d2p6e6u75xmxt8.cloudfront.net\/12\/2021\/10\/e2QuqZ5iGNbUTaMLfJ9ixF-1200-80.jpg 1200w\" sizes=\"auto, (max-width: 1024px) 100vw, 1024px\" \/><\/a><figcaption id=\"caption-attachment-12680\" class=\"wp-caption-text\">Sonny Colbrelli boldogs\u00e1ga: \u00f6r\u00f6mk\u00f6nnyei valamelyest megtiszt\u00edtott\u00e1k arc\u00e1t (fot\u00f3: Getty Images Sport)<\/figcaption><\/figure>\n<p><em>\u201eEz volt az els\u0151 P\u00e1rizs\u2013Roubaix-m, m\u00e9g mindig nem hiszem el, mit vittem v\u00e9ghez ezeken a k\u00f6veken\u2026 De a s\u00e1r is borzaszt\u00f3 neh\u00e9z volt. N\u00e9h\u00e1nyszor nagyon k\u00f6zel voltam a buk\u00e1shoz, de a ment\u00e1ltr\u00e9ningeknek k\u00f6sz\u00f6nhet\u0151en fejben meg tudtam \u0151rizni a koncentr\u00e1ci\u00f3t, fennmaradtam a bring\u00e1n \u00e9s v\u00e9gig k\u00f6vettem Van der Poelt. Ez egy legend\u00e1s nap volt, \u00e9letem legcsod\u00e1latosabb gy\u0151zelme ez!\u201d<\/em><\/p>\n<figure id=\"attachment_12681\" aria-describedby=\"caption-attachment-12681\" style=\"width: 1024px\" class=\"wp-caption alignnone\"><a href=\"https:\/\/d2p6e6u75xmxt8.cloudfront.net\/12\/2021\/10\/ixwowrCYHyhYJp7ahBMxwR-1200-80.jpg\"><img loading=\"lazy\" decoding=\"async\" class=\"size-full wp-image-12681\" src=\"https:\/\/d2p6e6u75xmxt8.cloudfront.net\/12\/2021\/10\/ixwowrCYHyhYJp7ahBMxwR-1200-80.jpg\" alt=\"\" width=\"1024\" height=\"683\" srcset=\"https:\/\/d2p6e6u75xmxt8.cloudfront.net\/12\/2021\/10\/ixwowrCYHyhYJp7ahBMxwR-1200-80.jpg 1024w, https:\/\/d2p6e6u75xmxt8.cloudfront.net\/12\/2021\/10\/ixwowrCYHyhYJp7ahBMxwR-1200-80-300x200.jpg 300w, https:\/\/d2p6e6u75xmxt8.cloudfront.net\/12\/2021\/10\/ixwowrCYHyhYJp7ahBMxwR-1200-80-768x512.jpg 768w, https:\/\/d2p6e6u75xmxt8.cloudfront.net\/12\/2021\/10\/ixwowrCYHyhYJp7ahBMxwR-1200-80-272x182.jpg 272w\" sizes=\"auto, (max-width: 1024px) 100vw, 1024px\" \/><\/a><figcaption id=\"caption-attachment-12681\" class=\"wp-caption-text\">A gy\u0151ztes a sportvil\u00e1g egyik legk\u00fcl\u00f6nlegesebb, legegyedibb d\u00edj\u00e1val, amely hagyom\u00e1nyosan egy darab macskak\u0151 az \u00fatb\u00f3l (fot\u00f3: Getty)<\/figcaption><\/figure>\n<p>A Roubaix mez\u0151ny\u00e9ben t\u00edz \u00e9v (Szeghalmi B\u00e1lint 2011-es r\u00e9szv\u00e9tele) ut\u00e1n \u00fajra ott volt egy magyar versenyz\u0151 is, ami m\u00e1r \u00f6nmag\u00e1ban jelent\u0151s fegyvert\u00e9ny, m\u00e9g ha a BikeExchange-ben versenyz\u0151 Pe\u00e1k Barnab\u00e1s a mez\u0151ny nagy r\u00e9sz\u00e9vel egy\u00fctt fel is adta az emberpr\u00f3b\u00e1l\u00f3 k\u00fczdelmeket.<\/p>\n<p>Aki pedig szeretne m\u00e9g t\u00f6bb elk\u00e9peszt\u0151 k\u00e9pet n\u00e9zegetni a versenyr\u0151l, annak javasoljuk ezt a l\u00e9legzetel\u00e1ll\u00edt\u00f3 gal\u00e9ri\u00e1t: <a href=\"https:\/\/cyclingtips.com\/2021\/10\/gallery-snapshots-of-hell-at-paris-roubaix\/\">https:\/\/cyclingtips.com\/2021\/10\/gallery-snapshots-of-hell-at-paris-roubaix\/<\/a><\/p>\n<figure id=\"attachment_12683\" aria-describedby=\"caption-attachment-12683\" style=\"width: 1024px\" class=\"wp-caption alignnone\"><a href=\"https:\/\/d2p6e6u75xmxt8.cloudfront.net\/12\/2021\/10\/243877281_2820672538179546_214453707818404940_n.jpg\"><img loading=\"lazy\" decoding=\"async\" class=\"size-large wp-image-12683\" src=\"https:\/\/d2p6e6u75xmxt8.cloudfront.net\/12\/2021\/10\/243877281_2820672538179546_214453707818404940_n-1024x531.jpg\" alt=\"\" width=\"1024\" height=\"531\" srcset=\"https:\/\/d2p6e6u75xmxt8.cloudfront.net\/12\/2021\/10\/243877281_2820672538179546_214453707818404940_n-1024x531.jpg 1024w, https:\/\/d2p6e6u75xmxt8.cloudfront.net\/12\/2021\/10\/243877281_2820672538179546_214453707818404940_n-300x156.jpg 300w, https:\/\/d2p6e6u75xmxt8.cloudfront.net\/12\/2021\/10\/243877281_2820672538179546_214453707818404940_n-768x398.jpg 768w, https:\/\/d2p6e6u75xmxt8.cloudfront.net\/12\/2021\/10\/243877281_2820672538179546_214453707818404940_n-1536x797.jpg 1536w, https:\/\/d2p6e6u75xmxt8.cloudfront.net\/12\/2021\/10\/243877281_2820672538179546_214453707818404940_n-1920x996.jpg 1920w, https:\/\/d2p6e6u75xmxt8.cloudfront.net\/12\/2021\/10\/243877281_2820672538179546_214453707818404940_n.jpg 2040w, https:\/\/d2p6e6u75xmxt8.cloudfront.net\/12\/2021\/10\/243877281_2820672538179546_214453707818404940_n-1920x996.jpg 1920w\" sizes=\"auto, (max-width: 1024px) 100vw, 1024px\" \/><\/a><figcaption id=\"caption-attachment-12683\" class=\"wp-caption-text\">A Roubaix arcai (mont\u00e1zs: ES Bringa)<\/figcaption><\/figure>\n<p>&nbsp;<\/p>\n<p>Bor\u00edt\u00f3k\u00e9p: Reuters<\/p>\n","protected":false},"excerpt":{"rendered":"<p>A vil\u00e1g legkem\u00e9nyebb orsz\u00e1g\u00fati egynapos\u00e1n csak m\u00e9g jobban megnehez\u00edtette az indul\u00f3k \u00e9let\u00e9t a kegyetlen okt\u00f3beri id\u0151j\u00e1r\u00e1s: az \u201e\u00c9szak Pokl\u00e1nak\u201d macskak\u00f6vein [&hellip;]<\/p>\n","protected":false},"author":71,"featured_media":12678,"comment_status":"open","ping_status":"open","sticky":false,"template":"","format":"standard","meta":{"footnotes":""},"categories":[8],"tags":[],"global-categories":[],"class_list":["post-12677","post","type-post","status-publish","format-standard","has-post-thumbnail","hentry","category-orszaguti-kerekpar"],"yoast_head":"<!-- This site is optimized with the Yoast SEO Premium plugin v25.3 (Yoast SEO v25.9) - https:\/\/yoast.com\/wordpress\/plugins\/seo\/ -->\n<title>V\u00e9r, ver\u00edt\u00e9k \u00e9s \u00f6r\u00f6mk\u00f6nnyek a s\u00e1rtengerben: a szok\u00e1sosn\u00e1l is extr\u00e9mebb volt az idei P\u00e1rizs\u2013Roubaix<\/title>\n<meta name=\"description\" content=\"A vil\u00e1g legkem\u00e9nyebb orsz\u00e1g\u00fati egynapos\u00e1n csak m\u00e9g jobban megnehez\u00edtette az indul\u00f3k \u00e9let\u00e9t a kegyetlen okt\u00f3beri id\u0151j\u00e1r\u00e1s: az \u201e\u00c9szak Pokl\u00e1nak\u201d macskak\u00f6vein v\u00e9g\u00fcl abszol\u00fat meg\u00e9rdemelten \u00fcnnepelhetett \u00f6nk\u00edv\u00fcletben a favorit Mathieu van der Poelt \u00e9s a m\u00e1sik meglepet\u00e9sember, a Florian Vermeerscht is lehajr\u00e1z\u00f3 Sonny Colbrelli.\" \/>\n<meta name=\"robots\" content=\"index, follow, max-snippet:-1, max-image-preview:large, max-video-preview:-1\" \/>\n<link rel=\"canonical\" href=\"https:\/\/www.welovecycling.com\/hu\/orszaguti-kerekpar\/ver-veritek-es-oromkonnyek-a-sartengerben-a-szokasosnal-is-extremebb-volt-az-idei-parizs-roubaix\/\" \/>\n<meta property=\"og:locale\" content=\"hu_HU\" \/>\n<meta property=\"og:type\" content=\"article\" \/>\n<meta property=\"og:title\" content=\"V\u00e9r, ver\u00edt\u00e9k \u00e9s \u00f6r\u00f6mk\u00f6nnyek a s\u00e1rtengerben: a szok\u00e1sosn\u00e1l is extr\u00e9mebb volt az idei P\u00e1rizs\u2013Roubaix\" \/>\n<meta property=\"og:description\" content=\"A vil\u00e1g legkem\u00e9nyebb orsz\u00e1g\u00fati egynapos\u00e1n csak m\u00e9g jobban megnehez\u00edtette az indul\u00f3k \u00e9let\u00e9t a kegyetlen okt\u00f3beri id\u0151j\u00e1r\u00e1s: az \u201e\u00c9szak Pokl\u00e1nak\u201d macskak\u00f6vein v\u00e9g\u00fcl abszol\u00fat meg\u00e9rdemelten \u00fcnnepelhetett \u00f6nk\u00edv\u00fcletben a favorit Mathieu van der Poelt \u00e9s a m\u00e1sik meglepet\u00e9sember, a Florian Vermeerscht is lehajr\u00e1z\u00f3 Sonny Colbrelli.\" \/>\n<meta property=\"og:url\" content=\"https:\/\/www.welovecycling.com\/hu\/orszaguti-kerekpar\/ver-veritek-es-oromkonnyek-a-sartengerben-a-szokasosnal-is-extremebb-volt-az-idei-parizs-roubaix\/\" \/>\n<meta property=\"og:site_name\" content=\"\u0160koda We Love Cycling - Magyarorsz\u00e1g\" \/>\n<meta property=\"article:publisher\" content=\"https:\/\/www.facebook.com\/WeLoveCyclingHungary\/\" \/>\n<meta property=\"article:published_time\" content=\"2021-10-10T06:00:14+00:00\" \/>\n<meta property=\"og:image\" content=\"https:\/\/d2p6e6u75xmxt8.cloudfront.net\/12\/2021\/10\/CORVOS_00033604-275-1340x893-1.jpg\" \/>\n\t<meta property=\"og:image:width\" content=\"1340\" \/>\n\t<meta property=\"og:image:height\" content=\"893\" \/>\n\t<meta property=\"og:image:type\" content=\"image\/jpeg\" \/>\n<meta name=\"author\" content=\"hegyizs\" \/>\n<meta name=\"twitter:card\" content=\"summary_large_image\" \/>\n<meta name=\"twitter:label1\" content=\"Written by\" \/>\n\t<meta name=\"twitter:data1\" content=\"WLC\" \/>\n\t<meta name=\"twitter:label2\" content=\"Est. reading time\" \/>\n\t<meta name=\"twitter:data2\" content=\"5 minutes\" \/>\n<script type=\"application\/ld+json\" class=\"yoast-schema-graph\">{\"@context\":\"https:\/\/schema.org\",\"@graph\":[{\"@type\":\"WebPage\",\"@id\":\"https:\/\/www.welovecycling.com\/hu\/orszaguti-kerekpar\/ver-veritek-es-oromkonnyek-a-sartengerben-a-szokasosnal-is-extremebb-volt-az-idei-parizs-roubaix\/\",\"url\":\"https:\/\/www.welovecycling.com\/hu\/orszaguti-kerekpar\/ver-veritek-es-oromkonnyek-a-sartengerben-a-szokasosnal-is-extremebb-volt-az-idei-parizs-roubaix\/\",\"name\":\"V\u00e9r, ver\u00edt\u00e9k \u00e9s \u00f6r\u00f6mk\u00f6nnyek a s\u00e1rtengerben: a szok\u00e1sosn\u00e1l is extr\u00e9mebb volt az idei P\u00e1rizs\u2013Roubaix\",\"isPartOf\":{\"@id\":\"https:\/\/www.welovecycling.com\/hu\/#website\"},\"primaryImageOfPage\":{\"@id\":\"https:\/\/www.welovecycling.com\/hu\/orszaguti-kerekpar\/ver-veritek-es-oromkonnyek-a-sartengerben-a-szokasosnal-is-extremebb-volt-az-idei-parizs-roubaix\/#primaryimage\"},\"image\":{\"@id\":\"https:\/\/www.welovecycling.com\/hu\/orszaguti-kerekpar\/ver-veritek-es-oromkonnyek-a-sartengerben-a-szokasosnal-is-extremebb-volt-az-idei-parizs-roubaix\/#primaryimage\"},\"thumbnailUrl\":\"https:\/\/d2p6e6u75xmxt8.cloudfront.net\/12\/2021\/10\/CORVOS_00033604-275-1340x893-1.jpg\",\"datePublished\":\"2021-10-10T06:00:14+00:00\",\"author\":{\"@id\":\"https:\/\/www.welovecycling.com\/hu\/#\/schema\/person\/414a2aebf1801691a5320edb6468e194\"},\"description\":\"A vil\u00e1g legkem\u00e9nyebb orsz\u00e1g\u00fati egynapos\u00e1n csak m\u00e9g jobban megnehez\u00edtette az indul\u00f3k \u00e9let\u00e9t a kegyetlen okt\u00f3beri id\u0151j\u00e1r\u00e1s: az \u201e\u00c9szak Pokl\u00e1nak\u201d macskak\u00f6vein v\u00e9g\u00fcl abszol\u00fat meg\u00e9rdemelten \u00fcnnepelhetett \u00f6nk\u00edv\u00fcletben a favorit Mathieu van der Poelt \u00e9s a m\u00e1sik meglepet\u00e9sember, a Florian Vermeerscht is lehajr\u00e1z\u00f3 Sonny Colbrelli.\",\"breadcrumb\":{\"@id\":\"https:\/\/www.welovecycling.com\/hu\/orszaguti-kerekpar\/ver-veritek-es-oromkonnyek-a-sartengerben-a-szokasosnal-is-extremebb-volt-az-idei-parizs-roubaix\/#breadcrumb\"},\"inLanguage\":\"hu\",\"potentialAction\":[{\"@type\":\"ReadAction\",\"target\":[\"https:\/\/www.welovecycling.com\/hu\/orszaguti-kerekpar\/ver-veritek-es-oromkonnyek-a-sartengerben-a-szokasosnal-is-extremebb-volt-az-idei-parizs-roubaix\/\"]}]},{\"@type\":\"ImageObject\",\"inLanguage\":\"hu\",\"@id\":\"https:\/\/www.welovecycling.com\/hu\/orszaguti-kerekpar\/ver-veritek-es-oromkonnyek-a-sartengerben-a-szokasosnal-is-extremebb-volt-az-idei-parizs-roubaix\/#primaryimage\",\"url\":\"https:\/\/d2p6e6u75xmxt8.cloudfront.net\/12\/2021\/10\/CORVOS_00033604-275-1340x893-1.jpg\",\"contentUrl\":\"https:\/\/d2p6e6u75xmxt8.cloudfront.net\/12\/2021\/10\/CORVOS_00033604-275-1340x893-1.jpg\",\"width\":1340,\"height\":893},{\"@type\":\"BreadcrumbList\",\"@id\":\"https:\/\/www.welovecycling.com\/hu\/orszaguti-kerekpar\/ver-veritek-es-oromkonnyek-a-sartengerben-a-szokasosnal-is-extremebb-volt-az-idei-parizs-roubaix\/#breadcrumb\",\"itemListElement\":[{\"@type\":\"ListItem\",\"position\":1,\"name\":\"Home\",\"item\":\"https:\/\/www.welovecycling.com\/hu\/\"},{\"@type\":\"ListItem\",\"position\":2,\"name\":\"V\u00e9r, ver\u00edt\u00e9k \u00e9s \u00f6r\u00f6mk\u00f6nnyek a s\u00e1rtengerben: a szok\u00e1sosn\u00e1l is extr\u00e9mebb volt az idei P\u00e1rizs\u2013Roubaix\"}]},{\"@type\":\"WebSite\",\"@id\":\"https:\/\/www.welovecycling.com\/hu\/#website\",\"url\":\"https:\/\/www.welovecycling.com\/hu\/\",\"name\":\"\u0160koda We Love Cycling - Magyarorsz\u00e1g\",\"description\":\"\u0160koda WeLoveCycling\",\"potentialAction\":[{\"@type\":\"SearchAction\",\"target\":{\"@type\":\"EntryPoint\",\"urlTemplate\":\"https:\/\/www.welovecycling.com\/hu\/?s={search_term_string}\"},\"query-input\":{\"@type\":\"PropertyValueSpecification\",\"valueRequired\":true,\"valueName\":\"search_term_string\"}}],\"inLanguage\":\"hu\"},{\"@type\":\"Person\",\"@id\":\"https:\/\/www.welovecycling.com\/hu\/#\/schema\/person\/414a2aebf1801691a5320edb6468e194\",\"name\":\"hegyizs\",\"image\":{\"@type\":\"ImageObject\",\"inLanguage\":\"hu\",\"@id\":\"https:\/\/www.welovecycling.com\/hu\/#\/schema\/person\/image\/\",\"url\":\"https:\/\/secure.gravatar.com\/avatar\/02cf8a7906b8cf90cecb4679defac7cfd33a1c2e3b88e4903d947f3bb58eedd3?s=96&d=mm&r=g\",\"contentUrl\":\"https:\/\/secure.gravatar.com\/avatar\/02cf8a7906b8cf90cecb4679defac7cfd33a1c2e3b88e4903d947f3bb58eedd3?s=96&d=mm&r=g\",\"caption\":\"hegyizs\"},\"url\":\"https:\/\/www.welovecycling.com\/hu\/author\/hegyizs\/\"}]}<\/script>\n<!-- \/ Yoast SEO Premium plugin. -->","yoast_head_json":{"title":"V\u00e9r, ver\u00edt\u00e9k \u00e9s \u00f6r\u00f6mk\u00f6nnyek a s\u00e1rtengerben: a szok\u00e1sosn\u00e1l is extr\u00e9mebb volt az idei P\u00e1rizs\u2013Roubaix","description":"A vil\u00e1g legkem\u00e9nyebb orsz\u00e1g\u00fati egynapos\u00e1n csak m\u00e9g jobban megnehez\u00edtette az indul\u00f3k \u00e9let\u00e9t a kegyetlen okt\u00f3beri id\u0151j\u00e1r\u00e1s: az \u201e\u00c9szak Pokl\u00e1nak\u201d macskak\u00f6vein v\u00e9g\u00fcl abszol\u00fat meg\u00e9rdemelten \u00fcnnepelhetett \u00f6nk\u00edv\u00fcletben a favorit Mathieu van der Poelt \u00e9s a m\u00e1sik meglepet\u00e9sember, a Florian Vermeerscht is lehajr\u00e1z\u00f3 Sonny Colbrelli.","robots":{"index":"index","follow":"follow","max-snippet":"max-snippet:-1","max-image-preview":"max-image-preview:large","max-video-preview":"max-video-preview:-1"},"canonical":"https:\/\/www.welovecycling.com\/hu\/orszaguti-kerekpar\/ver-veritek-es-oromkonnyek-a-sartengerben-a-szokasosnal-is-extremebb-volt-az-idei-parizs-roubaix\/","og_locale":"hu_HU","og_type":"article","og_title":"V\u00e9r, ver\u00edt\u00e9k \u00e9s \u00f6r\u00f6mk\u00f6nnyek a s\u00e1rtengerben: a szok\u00e1sosn\u00e1l is extr\u00e9mebb volt az idei P\u00e1rizs\u2013Roubaix","og_description":"A vil\u00e1g legkem\u00e9nyebb orsz\u00e1g\u00fati egynapos\u00e1n csak m\u00e9g jobban megnehez\u00edtette az indul\u00f3k \u00e9let\u00e9t a kegyetlen okt\u00f3beri id\u0151j\u00e1r\u00e1s: az \u201e\u00c9szak Pokl\u00e1nak\u201d macskak\u00f6vein v\u00e9g\u00fcl abszol\u00fat meg\u00e9rdemelten \u00fcnnepelhetett \u00f6nk\u00edv\u00fcletben a favorit Mathieu van der Poelt \u00e9s a m\u00e1sik meglepet\u00e9sember, a Florian Vermeerscht is lehajr\u00e1z\u00f3 Sonny Colbrelli.","og_url":"https:\/\/www.welovecycling.com\/hu\/orszaguti-kerekpar\/ver-veritek-es-oromkonnyek-a-sartengerben-a-szokasosnal-is-extremebb-volt-az-idei-parizs-roubaix\/","og_site_name":"\u0160koda We Love Cycling - Magyarorsz\u00e1g","article_publisher":"https:\/\/www.facebook.com\/WeLoveCyclingHungary\/","article_published_time":"2021-10-10T06:00:14+00:00","og_image":[{"width":1340,"height":893,"url":"https:\/\/d2p6e6u75xmxt8.cloudfront.net\/12\/2021\/10\/CORVOS_00033604-275-1340x893-1.jpg","type":"image\/jpeg"}],"author":"hegyizs","twitter_card":"summary_large_image","twitter_misc":{"Written by":"WLC","Est. reading time":"5 minutes"},"schema":{"@context":"https:\/\/schema.org","@graph":[{"@type":"WebPage","@id":"https:\/\/www.welovecycling.com\/hu\/orszaguti-kerekpar\/ver-veritek-es-oromkonnyek-a-sartengerben-a-szokasosnal-is-extremebb-volt-az-idei-parizs-roubaix\/","url":"https:\/\/www.welovecycling.com\/hu\/orszaguti-kerekpar\/ver-veritek-es-oromkonnyek-a-sartengerben-a-szokasosnal-is-extremebb-volt-az-idei-parizs-roubaix\/","name":"V\u00e9r, ver\u00edt\u00e9k \u00e9s \u00f6r\u00f6mk\u00f6nnyek a s\u00e1rtengerben: a szok\u00e1sosn\u00e1l is extr\u00e9mebb volt az idei P\u00e1rizs\u2013Roubaix","isPartOf":{"@id":"https:\/\/www.welovecycling.com\/hu\/#website"},"primaryImageOfPage":{"@id":"https:\/\/www.welovecycling.com\/hu\/orszaguti-kerekpar\/ver-veritek-es-oromkonnyek-a-sartengerben-a-szokasosnal-is-extremebb-volt-az-idei-parizs-roubaix\/#primaryimage"},"image":{"@id":"https:\/\/www.welovecycling.com\/hu\/orszaguti-kerekpar\/ver-veritek-es-oromkonnyek-a-sartengerben-a-szokasosnal-is-extremebb-volt-az-idei-parizs-roubaix\/#primaryimage"},"thumbnailUrl":"https:\/\/d2p6e6u75xmxt8.cloudfront.net\/12\/2021\/10\/CORVOS_00033604-275-1340x893-1.jpg","datePublished":"2021-10-10T06:00:14+00:00","author":{"@id":"https:\/\/www.welovecycling.com\/hu\/#\/schema\/person\/414a2aebf1801691a5320edb6468e194"},"description":"A vil\u00e1g legkem\u00e9nyebb orsz\u00e1g\u00fati egynapos\u00e1n csak m\u00e9g jobban megnehez\u00edtette az indul\u00f3k \u00e9let\u00e9t a kegyetlen okt\u00f3beri id\u0151j\u00e1r\u00e1s: az \u201e\u00c9szak Pokl\u00e1nak\u201d macskak\u00f6vein v\u00e9g\u00fcl abszol\u00fat meg\u00e9rdemelten \u00fcnnepelhetett \u00f6nk\u00edv\u00fcletben a favorit Mathieu van der Poelt \u00e9s a m\u00e1sik meglepet\u00e9sember, a Florian Vermeerscht is lehajr\u00e1z\u00f3 Sonny Colbrelli.","breadcrumb":{"@id":"https:\/\/www.welovecycling.com\/hu\/orszaguti-kerekpar\/ver-veritek-es-oromkonnyek-a-sartengerben-a-szokasosnal-is-extremebb-volt-az-idei-parizs-roubaix\/#breadcrumb"},"inLanguage":"hu","potentialAction":[{"@type":"ReadAction","target":["https:\/\/www.welovecycling.com\/hu\/orszaguti-kerekpar\/ver-veritek-es-oromkonnyek-a-sartengerben-a-szokasosnal-is-extremebb-volt-az-idei-parizs-roubaix\/"]}]},{"@type":"ImageObject","inLanguage":"hu","@id":"https:\/\/www.welovecycling.com\/hu\/orszaguti-kerekpar\/ver-veritek-es-oromkonnyek-a-sartengerben-a-szokasosnal-is-extremebb-volt-az-idei-parizs-roubaix\/#primaryimage","url":"https:\/\/d2p6e6u75xmxt8.cloudfront.net\/12\/2021\/10\/CORVOS_00033604-275-1340x893-1.jpg","contentUrl":"https:\/\/d2p6e6u75xmxt8.cloudfront.net\/12\/2021\/10\/CORVOS_00033604-275-1340x893-1.jpg","width":1340,"height":893},{"@type":"BreadcrumbList","@id":"https:\/\/www.welovecycling.com\/hu\/orszaguti-kerekpar\/ver-veritek-es-oromkonnyek-a-sartengerben-a-szokasosnal-is-extremebb-volt-az-idei-parizs-roubaix\/#breadcrumb","itemListElement":[{"@type":"ListItem","position":1,"name":"Home","item":"https:\/\/www.welovecycling.com\/hu\/"},{"@type":"ListItem","position":2,"name":"V\u00e9r, ver\u00edt\u00e9k \u00e9s \u00f6r\u00f6mk\u00f6nnyek a s\u00e1rtengerben: a szok\u00e1sosn\u00e1l is extr\u00e9mebb volt az idei P\u00e1rizs\u2013Roubaix"}]},{"@type":"WebSite","@id":"https:\/\/www.welovecycling.com\/hu\/#website","url":"https:\/\/www.welovecycling.com\/hu\/","name":"\u0160koda We Love Cycling - Magyarorsz\u00e1g","description":"\u0160koda WeLoveCycling","potentialAction":[{"@type":"SearchAction","target":{"@type":"EntryPoint","urlTemplate":"https:\/\/www.welovecycling.com\/hu\/?s={search_term_string}"},"query-input":{"@type":"PropertyValueSpecification","valueRequired":true,"valueName":"search_term_string"}}],"inLanguage":"hu"},{"@type":"Person","@id":"https:\/\/www.welovecycling.com\/hu\/#\/schema\/person\/414a2aebf1801691a5320edb6468e194","name":"hegyizs","image":{"@type":"ImageObject","inLanguage":"hu","@id":"https:\/\/www.welovecycling.com\/hu\/#\/schema\/person\/image\/","url":"https:\/\/secure.gravatar.com\/avatar\/02cf8a7906b8cf90cecb4679defac7cfd33a1c2e3b88e4903d947f3bb58eedd3?s=96&d=mm&r=g","contentUrl":"https:\/\/secure.gravatar.com\/avatar\/02cf8a7906b8cf90cecb4679defac7cfd33a1c2e3b88e4903d947f3bb58eedd3?s=96&d=mm&r=g","caption":"hegyizs"},"url":"https:\/\/www.welovecycling.com\/hu\/author\/hegyizs\/"}]}},"_links":{"self":[{"href":"https:\/\/www.welovecycling.com\/hu\/wp-json\/wp\/v2\/posts\/12677","targetHints":{"allow":["GET"]}}],"collection":[{"href":"https:\/\/www.welovecycling.com\/hu\/wp-json\/wp\/v2\/posts"}],"about":[{"href":"https:\/\/www.welovecycling.com\/hu\/wp-json\/wp\/v2\/types\/post"}],"author":[{"embeddable":true,"href":"https:\/\/www.welovecycling.com\/hu\/wp-json\/wp\/v2\/users\/71"}],"replies":[{"embeddable":true,"href":"https:\/\/www.welovecycling.com\/hu\/wp-json\/wp\/v2\/comments?post=12677"}],"version-history":[{"count":1,"href":"https:\/\/www.welovecycling.com\/hu\/wp-json\/wp\/v2\/posts\/12677\/revisions"}],"predecessor-version":[{"id":12684,"href":"https:\/\/www.welovecycling.com\/hu\/wp-json\/wp\/v2\/posts\/12677\/revisions\/12684"}],"wp:featuredmedia":[{"embeddable":true,"href":"https:\/\/www.welovecycling.com\/hu\/wp-json\/wp\/v2\/media\/12678"}],"wp:attachment":[{"href":"https:\/\/www.welovecycling.com\/hu\/wp-json\/wp\/v2\/media?parent=12677"}],"wp:term":[{"taxonomy":"category","embeddable":true,"href":"https:\/\/www.welovecycling.com\/hu\/wp-json\/wp\/v2\/categories?post=12677"},{"taxonomy":"post_tag","embeddable":true,"href":"https:\/\/www.welovecycling.com\/hu\/wp-json\/wp\/v2\/tags?post=12677"},{"taxonomy":"global-categories","embeddable":true,"href":"https:\/\/www.welovecycling.com\/hu\/wp-json\/wp\/v2\/global-categories?post=12677"}],"curies":[{"name":"wp","href":"https:\/\/api.w.org\/{rel}","templated":true}]}}