{"id":12666,"date":"2021-10-15T08:00:15","date_gmt":"2021-10-15T06:00:15","guid":{"rendered":"https:\/\/www.welovecycling.com\/hu\/?p=12666"},"modified":"2021-10-08T14:51:13","modified_gmt":"2021-10-08T12:51:13","slug":"a-legjobb-biciklis-dokumentumfilmek-oszi-estekre","status":"publish","type":"post","link":"https:\/\/www.welovecycling.com\/hu\/kozosseg-es-kultura\/a-legjobb-biciklis-dokumentumfilmek-oszi-estekre\/","title":{"rendered":"A legjobb biciklis dokumentumfilmek \u0151szi est\u00e9kre"},"content":{"rendered":"<p><strong>Hat\u00e1rozottan t\u00e1mogatjuk, hogy szezonon k\u00edv\u00fcl se hagyd \u00e1rv\u00e1n a bicikliket, de \u0151sszel bizony szaporodnak azok a napok, amik lust\u00e1lkod\u00e1s\u00e9rt ki\u00e1ltanak. Nem kell b\u0171ntudatot \u00e9rezned emiatt &#8211; lazulj el \u00e9s n\u00e9zz meg n\u00e9h\u00e1ny ker\u00e9kp\u00e1ros filmet! \u00d6sszev\u00e1logattuk a legjobb dokumentumfilmeket, amiket nem szabad kihagyni.<\/strong><\/p>\n<p><!--more--><\/p>\n<h2><strong>My Italian Secret: The Forgotten Heroes<\/strong><\/h2>\n<lite-youtube videoid=OG3uSlHzOZ0 params=\"enablejsapi=1\" style=\"background-image: url('https:\/\/i.ytimg.com\/vi_webp\/OG3uSlHzOZ0\/maxresdefault.webp');\"><\/lite-youtube>\n<p>Gino Bartali tetteir\u0151l nem lehet eleget besz\u00e9lni. A \u201cThe Forgotten Heroes\u201d olasz h\u0151s\u00f6k t\u00f6rt\u00e9net\u00e9t mes\u00e9li el, akik \u00e9let\u00fcket kock\u00e1ztatva mentett\u00e9k meg m\u00e1sok\u00e9t a m\u00e1sodik vil\u00e1gh\u00e1bor\u00fa alatt. Bartali egy volt k\u00f6z\u00fcl\u00fck, de azok, akiknek megmentette az \u00e9let\u00e9t, gyakran nem is tudt\u00e1k a nev\u00e9t, a h\u00edres ker\u00e9kp\u00e1ros pedig soha nem besz\u00e9lt a h\u00e1bor\u00fa alatti tetteir\u0151l. \u00c9vekkel a hal\u00e1la ut\u00e1n fia (aki szerepel a filmben) viszont nyilv\u00e1noss\u00e1gra hozta t\u00f6rt\u00e9net\u00e9t.<\/p>\n<h2><strong>Chasing Legends<\/strong><\/h2>\n<lite-youtube videoid=cbv3N-qt2EI params=\"enablejsapi=1\" style=\"background-image: url('https:\/\/i.ytimg.com\/vi_webp\/cbv3N-qt2EI\/maxresdefault.webp');\"><\/lite-youtube>\n<p>Az idei Tour de France-on l\u00e9legzetvisszafojtva n\u00e9zt\u00fck, ahogy Mark Cavendish uralja a versenyt, ezut\u00e1n nem is csoda, hogy t\u00f6bbet akarunk l\u00e1tni! \u00c9ppen ez\u00e9rt ez a 2009-es dokumentumfim, amiben Cavendish a Columbia-HTC csapat tagjak\u00e9nt szerepel, nem hi\u00e1nyozhat a list\u00e1r\u00f3l. Ismerd meg a 2009-es Tourt a Columbia-HTC versenyz\u0151k szemsz\u00f6g\u00e9b\u0151l! A hab a tort\u00e1n: Eddy Merckx felt\u0171n\u00e9se.<\/p>\n<h2><strong>The Least Expected Day: Inside the Movistar<\/strong><\/h2>\n<lite-youtube videoid=WRP7AuFibg0 params=\"enablejsapi=1\" style=\"background-image: url('https:\/\/i.ytimg.com\/vi_webp\/WRP7AuFibg0\/maxresdefault.webp');\"><\/lite-youtube>\n<p>Ez egy igazi kincs azoknak, akik be szeretn\u00e9nek pillantani egy profi csapat felk\u00e9sz\u00fcl\u00e9s\u00e9nek kulissz\u00e1i m\u00f6g\u00e9. A Team Movistar legnagyobb versenyz\u0151it felvonultat\u00f3 dokumentumfilm-sorozat lehet\u0151v\u00e9 teszi, hogy bel\u00fclr\u0151l l\u00e1sd a profi versenyz\u00e9s vesz\u00e9lyeit. A m\u00e1sodik \u00e9vadot id\u00e9n ny\u00e1ron mutatt\u00e1k be, sz\u00f3val h\u00e9tv\u00e9g\u00e9n v\u00e9gig is n\u00e9zheted!<\/p>\n<h2><strong>A Sunday in Hell<\/strong><\/h2>\n<lite-youtube videoid=3ez6kiE9I_Y params=\"enablejsapi=1\" style=\"background-image: url('https:\/\/i.ytimg.com\/vi_webp\/3ez6kiE9I_Y\/maxresdefault.webp');\"><\/lite-youtube>\n<p>Mi\u00e9rt is ne eml\u00e9kezhetn\u00e9nk vissza a h\u00edres Paris-Roubaix idej\u00e9re? Ez a dokumentumfilm az 1976-os ikonikus verseny n\u00e9z\u0151it, szervez\u0151it \u00e9s r\u00e9sztvev\u0151it mutatja be. A d\u00e1n filmet minden id\u0151k egyik legjobb biciklis filmj\u00e9nek nyilv\u00e1n\u00edtott\u00e1k.<\/p>\n<h2><strong>Geraint Thomas: The Road Will Decide<\/strong><\/h2>\n<lite-youtube videoid=L0vYx2AzaLQ params=\"enablejsapi=1\" style=\"background-image: url('https:\/\/i.ytimg.com\/vi_webp\/L0vYx2AzaLQ\/maxresdefault.webp');\"><\/lite-youtube>\n<p>Minden Geraint Thomas rajong\u00f3nak k\u00f6telez\u0151! A film Geraint Thomas, a 2018-as Tour de France gy\u0151ztest k\u00f6veti, aki az\u00e9rt k\u00fczd, hogy meg tudja tartani a c\u00edm\u00e9t 2019-ben. Nyerj betekint\u00e9st egy profi versenyz\u0151 mindennapjaiba!<\/p>\n<p>J\u00f3 filmez\u00e9st!<\/p>\n","protected":false},"excerpt":{"rendered":"<p>Hat\u00e1rozottan t\u00e1mogatjuk, hogy szezonon k\u00edv\u00fcl se hagyd \u00e1rv\u00e1n a bicikliket, de \u0151sszel bizony szaporodnak azok a napok, amik lust\u00e1lkod\u00e1s\u00e9rt ki\u00e1ltanak. [&hellip;]<\/p>\n","protected":false},"author":71,"featured_media":7901,"comment_status":"open","ping_status":"open","sticky":false,"template":"","format":"standard","meta":{"footnotes":""},"categories":[12],"tags":[],"global-categories":[],"class_list":["post-12666","post","type-post","status-publish","format-standard","has-post-thumbnail","hentry","category-kozosseg-es-kultura"],"yoast_head":"<!-- This site is optimized with the Yoast SEO Premium plugin v25.3 (Yoast SEO v25.9) - https:\/\/yoast.com\/wordpress\/plugins\/seo\/ -->\n<title>A legjobb biciklis dokumentumfilmek \u0151szi est\u00e9kre<\/title>\n<meta name=\"description\" content=\"Hat\u00e1rozottan t\u00e1mogatjuk, hogy szezonon k\u00edv\u00fcl se hagyd \u00e1rv\u00e1n a bicikliket, de \u0151sszel bizony szaporodnak azok a napok, amik lust\u00e1lkod\u00e1s\u00e9rt ki\u00e1ltanak. Nem kell b\u0171ntudatot \u00e9rezned emiatt - lazulj el \u00e9s n\u00e9zz meg n\u00e9h\u00e1ny ker\u00e9kp\u00e1ros filmet! \u00d6sszev\u00e1logattuk a legjobb dokumentumfilmeket, amiket nem szabad kihagyni.\" \/>\n<meta name=\"robots\" content=\"index, follow, max-snippet:-1, max-image-preview:large, max-video-preview:-1\" \/>\n<link rel=\"canonical\" href=\"https:\/\/www.welovecycling.com\/hu\/kozosseg-es-kultura\/a-legjobb-biciklis-dokumentumfilmek-oszi-estekre\/\" \/>\n<meta property=\"og:locale\" content=\"hu_HU\" \/>\n<meta property=\"og:type\" content=\"article\" \/>\n<meta property=\"og:title\" content=\"A legjobb biciklis dokumentumfilmek \u0151szi est\u00e9kre\" \/>\n<meta property=\"og:description\" content=\"Hat\u00e1rozottan t\u00e1mogatjuk, hogy szezonon k\u00edv\u00fcl se hagyd \u00e1rv\u00e1n a bicikliket, de \u0151sszel bizony szaporodnak azok a napok, amik lust\u00e1lkod\u00e1s\u00e9rt ki\u00e1ltanak. Nem kell b\u0171ntudatot \u00e9rezned emiatt - lazulj el \u00e9s n\u00e9zz meg n\u00e9h\u00e1ny ker\u00e9kp\u00e1ros filmet! \u00d6sszev\u00e1logattuk a legjobb dokumentumfilmeket, amiket nem szabad kihagyni.\" \/>\n<meta property=\"og:url\" content=\"https:\/\/www.welovecycling.com\/hu\/kozosseg-es-kultura\/a-legjobb-biciklis-dokumentumfilmek-oszi-estekre\/\" \/>\n<meta property=\"og:site_name\" content=\"\u0160koda We Love Cycling - Magyarorsz\u00e1g\" \/>\n<meta property=\"article:publisher\" content=\"https:\/\/www.facebook.com\/WeLoveCyclingHungary\/\" \/>\n<meta property=\"article:published_time\" content=\"2021-10-15T06:00:15+00:00\" \/>\n<meta property=\"og:image\" content=\"https:\/\/d2p6e6u75xmxt8.cloudfront.net\/12\/2020\/06\/Gino-Bartali-CVR-profimedia-0017382744.jpg\" \/>\n\t<meta property=\"og:image:width\" content=\"1366\" \/>\n\t<meta property=\"og:image:height\" content=\"600\" \/>\n\t<meta property=\"og:image:type\" content=\"image\/jpeg\" \/>\n<meta name=\"author\" content=\"hegyizs\" \/>\n<meta name=\"twitter:card\" content=\"summary_large_image\" \/>\n<meta name=\"twitter:label1\" content=\"Written by\" \/>\n\t<meta name=\"twitter:data1\" content=\"Tereza Antonova\" \/>\n\t<meta name=\"twitter:label2\" content=\"Est. reading time\" \/>\n\t<meta name=\"twitter:data2\" content=\"5\" \/>\n<script type=\"application\/ld+json\" class=\"yoast-schema-graph\">{\"@context\":\"https:\/\/schema.org\",\"@graph\":[{\"@type\":\"WebPage\",\"@id\":\"https:\/\/www.welovecycling.com\/hu\/kozosseg-es-kultura\/a-legjobb-biciklis-dokumentumfilmek-oszi-estekre\/\",\"url\":\"https:\/\/www.welovecycling.com\/hu\/kozosseg-es-kultura\/a-legjobb-biciklis-dokumentumfilmek-oszi-estekre\/\",\"name\":\"A legjobb biciklis dokumentumfilmek \u0151szi est\u00e9kre\",\"isPartOf\":{\"@id\":\"https:\/\/www.welovecycling.com\/hu\/#website\"},\"primaryImageOfPage\":{\"@id\":\"https:\/\/www.welovecycling.com\/hu\/kozosseg-es-kultura\/a-legjobb-biciklis-dokumentumfilmek-oszi-estekre\/#primaryimage\"},\"image\":{\"@id\":\"https:\/\/www.welovecycling.com\/hu\/kozosseg-es-kultura\/a-legjobb-biciklis-dokumentumfilmek-oszi-estekre\/#primaryimage\"},\"thumbnailUrl\":\"https:\/\/d2p6e6u75xmxt8.cloudfront.net\/12\/2020\/06\/Gino-Bartali-CVR-profimedia-0017382744.jpg\",\"datePublished\":\"2021-10-15T06:00:15+00:00\",\"author\":{\"@id\":\"https:\/\/www.welovecycling.com\/hu\/#\/schema\/person\/414a2aebf1801691a5320edb6468e194\"},\"description\":\"Hat\u00e1rozottan t\u00e1mogatjuk, hogy szezonon k\u00edv\u00fcl se hagyd \u00e1rv\u00e1n a bicikliket, de \u0151sszel bizony szaporodnak azok a napok, amik lust\u00e1lkod\u00e1s\u00e9rt ki\u00e1ltanak. Nem kell b\u0171ntudatot \u00e9rezned emiatt - lazulj el \u00e9s n\u00e9zz meg n\u00e9h\u00e1ny ker\u00e9kp\u00e1ros filmet! \u00d6sszev\u00e1logattuk a legjobb dokumentumfilmeket, amiket nem szabad kihagyni.\",\"breadcrumb\":{\"@id\":\"https:\/\/www.welovecycling.com\/hu\/kozosseg-es-kultura\/a-legjobb-biciklis-dokumentumfilmek-oszi-estekre\/#breadcrumb\"},\"inLanguage\":\"hu\",\"potentialAction\":[{\"@type\":\"ReadAction\",\"target\":[\"https:\/\/www.welovecycling.com\/hu\/kozosseg-es-kultura\/a-legjobb-biciklis-dokumentumfilmek-oszi-estekre\/\"]}]},{\"@type\":\"ImageObject\",\"inLanguage\":\"hu\",\"@id\":\"https:\/\/www.welovecycling.com\/hu\/kozosseg-es-kultura\/a-legjobb-biciklis-dokumentumfilmek-oszi-estekre\/#primaryimage\",\"url\":\"https:\/\/d2p6e6u75xmxt8.cloudfront.net\/12\/2020\/06\/Gino-Bartali-CVR-profimedia-0017382744.jpg\",\"contentUrl\":\"https:\/\/d2p6e6u75xmxt8.cloudfront.net\/12\/2020\/06\/Gino-Bartali-CVR-profimedia-0017382744.jpg\",\"width\":1366,\"height\":600},{\"@type\":\"BreadcrumbList\",\"@id\":\"https:\/\/www.welovecycling.com\/hu\/kozosseg-es-kultura\/a-legjobb-biciklis-dokumentumfilmek-oszi-estekre\/#breadcrumb\",\"itemListElement\":[{\"@type\":\"ListItem\",\"position\":1,\"name\":\"Home\",\"item\":\"https:\/\/www.welovecycling.com\/hu\/\"},{\"@type\":\"ListItem\",\"position\":2,\"name\":\"A legjobb biciklis dokumentumfilmek \u0151szi est\u00e9kre\"}]},{\"@type\":\"WebSite\",\"@id\":\"https:\/\/www.welovecycling.com\/hu\/#website\",\"url\":\"https:\/\/www.welovecycling.com\/hu\/\",\"name\":\"\u0160koda We Love Cycling - Magyarorsz\u00e1g\",\"description\":\"\u0160koda WeLoveCycling\",\"potentialAction\":[{\"@type\":\"SearchAction\",\"target\":{\"@type\":\"EntryPoint\",\"urlTemplate\":\"https:\/\/www.welovecycling.com\/hu\/?s={search_term_string}\"},\"query-input\":{\"@type\":\"PropertyValueSpecification\",\"valueRequired\":true,\"valueName\":\"search_term_string\"}}],\"inLanguage\":\"hu\"},{\"@type\":\"Person\",\"@id\":\"https:\/\/www.welovecycling.com\/hu\/#\/schema\/person\/414a2aebf1801691a5320edb6468e194\",\"name\":\"hegyizs\",\"image\":{\"@type\":\"ImageObject\",\"inLanguage\":\"hu\",\"@id\":\"https:\/\/www.welovecycling.com\/hu\/#\/schema\/person\/image\/\",\"url\":\"https:\/\/secure.gravatar.com\/avatar\/02cf8a7906b8cf90cecb4679defac7cfd33a1c2e3b88e4903d947f3bb58eedd3?s=96&d=mm&r=g\",\"contentUrl\":\"https:\/\/secure.gravatar.com\/avatar\/02cf8a7906b8cf90cecb4679defac7cfd33a1c2e3b88e4903d947f3bb58eedd3?s=96&d=mm&r=g\",\"caption\":\"hegyizs\"},\"url\":\"https:\/\/www.welovecycling.com\/hu\/author\/hegyizs\/\"}]}<\/script>\n<!-- \/ Yoast SEO Premium plugin. -->","yoast_head_json":{"title":"A legjobb biciklis dokumentumfilmek \u0151szi est\u00e9kre","description":"Hat\u00e1rozottan t\u00e1mogatjuk, hogy szezonon k\u00edv\u00fcl se hagyd \u00e1rv\u00e1n a bicikliket, de \u0151sszel bizony szaporodnak azok a napok, amik lust\u00e1lkod\u00e1s\u00e9rt ki\u00e1ltanak. Nem kell b\u0171ntudatot \u00e9rezned emiatt - lazulj el \u00e9s n\u00e9zz meg n\u00e9h\u00e1ny ker\u00e9kp\u00e1ros filmet! \u00d6sszev\u00e1logattuk a legjobb dokumentumfilmeket, amiket nem szabad kihagyni.","robots":{"index":"index","follow":"follow","max-snippet":"max-snippet:-1","max-image-preview":"max-image-preview:large","max-video-preview":"max-video-preview:-1"},"canonical":"https:\/\/www.welovecycling.com\/hu\/kozosseg-es-kultura\/a-legjobb-biciklis-dokumentumfilmek-oszi-estekre\/","og_locale":"hu_HU","og_type":"article","og_title":"A legjobb biciklis dokumentumfilmek \u0151szi est\u00e9kre","og_description":"Hat\u00e1rozottan t\u00e1mogatjuk, hogy szezonon k\u00edv\u00fcl se hagyd \u00e1rv\u00e1n a bicikliket, de \u0151sszel bizony szaporodnak azok a napok, amik lust\u00e1lkod\u00e1s\u00e9rt ki\u00e1ltanak. Nem kell b\u0171ntudatot \u00e9rezned emiatt - lazulj el \u00e9s n\u00e9zz meg n\u00e9h\u00e1ny ker\u00e9kp\u00e1ros filmet! \u00d6sszev\u00e1logattuk a legjobb dokumentumfilmeket, amiket nem szabad kihagyni.","og_url":"https:\/\/www.welovecycling.com\/hu\/kozosseg-es-kultura\/a-legjobb-biciklis-dokumentumfilmek-oszi-estekre\/","og_site_name":"\u0160koda We Love Cycling - Magyarorsz\u00e1g","article_publisher":"https:\/\/www.facebook.com\/WeLoveCyclingHungary\/","article_published_time":"2021-10-15T06:00:15+00:00","og_image":[{"width":1366,"height":600,"url":"https:\/\/d2p6e6u75xmxt8.cloudfront.net\/12\/2020\/06\/Gino-Bartali-CVR-profimedia-0017382744.jpg","type":"image\/jpeg"}],"author":"hegyizs","twitter_card":"summary_large_image","twitter_misc":{"Written by":"Tereza Antonova","Est. reading time":"5"},"schema":{"@context":"https:\/\/schema.org","@graph":[{"@type":"WebPage","@id":"https:\/\/www.welovecycling.com\/hu\/kozosseg-es-kultura\/a-legjobb-biciklis-dokumentumfilmek-oszi-estekre\/","url":"https:\/\/www.welovecycling.com\/hu\/kozosseg-es-kultura\/a-legjobb-biciklis-dokumentumfilmek-oszi-estekre\/","name":"A legjobb biciklis dokumentumfilmek \u0151szi est\u00e9kre","isPartOf":{"@id":"https:\/\/www.welovecycling.com\/hu\/#website"},"primaryImageOfPage":{"@id":"https:\/\/www.welovecycling.com\/hu\/kozosseg-es-kultura\/a-legjobb-biciklis-dokumentumfilmek-oszi-estekre\/#primaryimage"},"image":{"@id":"https:\/\/www.welovecycling.com\/hu\/kozosseg-es-kultura\/a-legjobb-biciklis-dokumentumfilmek-oszi-estekre\/#primaryimage"},"thumbnailUrl":"https:\/\/d2p6e6u75xmxt8.cloudfront.net\/12\/2020\/06\/Gino-Bartali-CVR-profimedia-0017382744.jpg","datePublished":"2021-10-15T06:00:15+00:00","author":{"@id":"https:\/\/www.welovecycling.com\/hu\/#\/schema\/person\/414a2aebf1801691a5320edb6468e194"},"description":"Hat\u00e1rozottan t\u00e1mogatjuk, hogy szezonon k\u00edv\u00fcl se hagyd \u00e1rv\u00e1n a bicikliket, de \u0151sszel bizony szaporodnak azok a napok, amik lust\u00e1lkod\u00e1s\u00e9rt ki\u00e1ltanak. Nem kell b\u0171ntudatot \u00e9rezned emiatt - lazulj el \u00e9s n\u00e9zz meg n\u00e9h\u00e1ny ker\u00e9kp\u00e1ros filmet! \u00d6sszev\u00e1logattuk a legjobb dokumentumfilmeket, amiket nem szabad kihagyni.","breadcrumb":{"@id":"https:\/\/www.welovecycling.com\/hu\/kozosseg-es-kultura\/a-legjobb-biciklis-dokumentumfilmek-oszi-estekre\/#breadcrumb"},"inLanguage":"hu","potentialAction":[{"@type":"ReadAction","target":["https:\/\/www.welovecycling.com\/hu\/kozosseg-es-kultura\/a-legjobb-biciklis-dokumentumfilmek-oszi-estekre\/"]}]},{"@type":"ImageObject","inLanguage":"hu","@id":"https:\/\/www.welovecycling.com\/hu\/kozosseg-es-kultura\/a-legjobb-biciklis-dokumentumfilmek-oszi-estekre\/#primaryimage","url":"https:\/\/d2p6e6u75xmxt8.cloudfront.net\/12\/2020\/06\/Gino-Bartali-CVR-profimedia-0017382744.jpg","contentUrl":"https:\/\/d2p6e6u75xmxt8.cloudfront.net\/12\/2020\/06\/Gino-Bartali-CVR-profimedia-0017382744.jpg","width":1366,"height":600},{"@type":"BreadcrumbList","@id":"https:\/\/www.welovecycling.com\/hu\/kozosseg-es-kultura\/a-legjobb-biciklis-dokumentumfilmek-oszi-estekre\/#breadcrumb","itemListElement":[{"@type":"ListItem","position":1,"name":"Home","item":"https:\/\/www.welovecycling.com\/hu\/"},{"@type":"ListItem","position":2,"name":"A legjobb biciklis dokumentumfilmek \u0151szi est\u00e9kre"}]},{"@type":"WebSite","@id":"https:\/\/www.welovecycling.com\/hu\/#website","url":"https:\/\/www.welovecycling.com\/hu\/","name":"\u0160koda We Love Cycling - Magyarorsz\u00e1g","description":"\u0160koda WeLoveCycling","potentialAction":[{"@type":"SearchAction","target":{"@type":"EntryPoint","urlTemplate":"https:\/\/www.welovecycling.com\/hu\/?s={search_term_string}"},"query-input":{"@type":"PropertyValueSpecification","valueRequired":true,"valueName":"search_term_string"}}],"inLanguage":"hu"},{"@type":"Person","@id":"https:\/\/www.welovecycling.com\/hu\/#\/schema\/person\/414a2aebf1801691a5320edb6468e194","name":"hegyizs","image":{"@type":"ImageObject","inLanguage":"hu","@id":"https:\/\/www.welovecycling.com\/hu\/#\/schema\/person\/image\/","url":"https:\/\/secure.gravatar.com\/avatar\/02cf8a7906b8cf90cecb4679defac7cfd33a1c2e3b88e4903d947f3bb58eedd3?s=96&d=mm&r=g","contentUrl":"https:\/\/secure.gravatar.com\/avatar\/02cf8a7906b8cf90cecb4679defac7cfd33a1c2e3b88e4903d947f3bb58eedd3?s=96&d=mm&r=g","caption":"hegyizs"},"url":"https:\/\/www.welovecycling.com\/hu\/author\/hegyizs\/"}]}},"_links":{"self":[{"href":"https:\/\/www.welovecycling.com\/hu\/wp-json\/wp\/v2\/posts\/12666","targetHints":{"allow":["GET"]}}],"collection":[{"href":"https:\/\/www.welovecycling.com\/hu\/wp-json\/wp\/v2\/posts"}],"about":[{"href":"https:\/\/www.welovecycling.com\/hu\/wp-json\/wp\/v2\/types\/post"}],"author":[{"embeddable":true,"href":"https:\/\/www.welovecycling.com\/hu\/wp-json\/wp\/v2\/users\/71"}],"replies":[{"embeddable":true,"href":"https:\/\/www.welovecycling.com\/hu\/wp-json\/wp\/v2\/comments?post=12666"}],"version-history":[{"count":1,"href":"https:\/\/www.welovecycling.com\/hu\/wp-json\/wp\/v2\/posts\/12666\/revisions"}],"predecessor-version":[{"id":12675,"href":"https:\/\/www.welovecycling.com\/hu\/wp-json\/wp\/v2\/posts\/12666\/revisions\/12675"}],"wp:featuredmedia":[{"embeddable":true,"href":"https:\/\/www.welovecycling.com\/hu\/wp-json\/wp\/v2\/media\/7901"}],"wp:attachment":[{"href":"https:\/\/www.welovecycling.com\/hu\/wp-json\/wp\/v2\/media?parent=12666"}],"wp:term":[{"taxonomy":"category","embeddable":true,"href":"https:\/\/www.welovecycling.com\/hu\/wp-json\/wp\/v2\/categories?post=12666"},{"taxonomy":"post_tag","embeddable":true,"href":"https:\/\/www.welovecycling.com\/hu\/wp-json\/wp\/v2\/tags?post=12666"},{"taxonomy":"global-categories","embeddable":true,"href":"https:\/\/www.welovecycling.com\/hu\/wp-json\/wp\/v2\/global-categories?post=12666"}],"curies":[{"name":"wp","href":"https:\/\/api.w.org\/{rel}","templated":true}]}}