{"id":12647,"date":"2021-10-11T08:00:11","date_gmt":"2021-10-11T06:00:11","guid":{"rendered":"https:\/\/www.welovecycling.com\/hu\/?p=12647"},"modified":"2021-10-08T14:48:43","modified_gmt":"2021-10-08T12:48:43","slug":"alaphilippe-gyozelme-van-aert-felett-az-orszaguti-vilagbajnoksagon","status":"publish","type":"post","link":"https:\/\/www.welovecycling.com\/hu\/orszaguti-kerekpar\/alaphilippe-gyozelme-van-aert-felett-az-orszaguti-vilagbajnoksagon\/","title":{"rendered":"Alaphilippe gy\u0151zelme van Aert felett az orsz\u00e1g\u00fati vil\u00e1gbajnoks\u00e1gon"},"content":{"rendered":"<p><strong>Az orsz\u00e1g\u00fati versenyz\u00e9s csapatsport, de mindig j\u00f3, ha van egy nyer\u0151 strat\u00e9gia. A f\u00e9rfi orsz\u00e1g\u00fati vil\u00e1gbajnoks\u00e1gon Belgium legjobb versenyz\u0151je Wout van Aert volt, de a franci\u00e1k\u00e9 volt a legjobb strat\u00e9gia, \u00e9s ez lehet\u0151v\u00e9 tette, hogy Julian Alaphilippe sorozatban a m\u00e1sodik vil\u00e1gbajnoks\u00e1g\u00e1t nyerje meg.<\/strong><\/p>\n<p><!--more--><\/p>\n<p>Az idei vil\u00e1gbajnoks\u00e1g h\u00e1zigazd\u00e1ira, a belg\u00e1kra nagy nyom\u00e1s nehezedett: izgalmas versenyt akartak mutatni az otthon szurkol\u00f3knak, de \u00fagy, hogy a sokoldal\u00faan tehets\u00e9ges van Aert megnyerje mind a k\u00e9t versenyt, az id\u0151m\u00e9r\u0151t, \u00e9s az orsz\u00e1g\u00fatit is. A 27 \u00e9ves versenyz\u0151 mindent megtett \u00e9s az id\u0151futamon m\u00e1sodik helyez\u00e9st \u00e9rt el, k\u00f6zvetlen\u00fcl Filippo Ganna m\u00f6g\u00f6tt. De a belg\u00e1k megk\u00e9rd\u0151jelezhet\u0151 strat\u00e9gi\u00e1ja nem j\u00f6tt be, Alaphille v\u00e9g\u00fcl 32 m\u00e1sodperc el\u0151nnyel nyerte meg a 268 km-es orsz\u00e1g\u00fati versenyt a holland Dylan van Baarle-val szemben, a d\u00e1n Michael Valgren pedig a bronz\u00e9rmet szerezte meg.<\/p>\n<figure id=\"attachment_12650\" aria-describedby=\"caption-attachment-12650\" style=\"width: 1250px\" class=\"wp-caption alignnone\"><a href=\"https:\/\/d2p6e6u75xmxt8.cloudfront.net\/12\/2021\/10\/2021-Road-Championships-profimedia-0634441111.jpg\"><img loading=\"lazy\" decoding=\"async\" class=\"size-full wp-image-12650\" src=\"https:\/\/d2p6e6u75xmxt8.cloudfront.net\/12\/2021\/10\/2021-Road-Championships-profimedia-0634441111.jpg\" alt=\"UCI 2021 Road World Championships\" width=\"1250\" height=\"832\" srcset=\"https:\/\/d2p6e6u75xmxt8.cloudfront.net\/12\/2021\/10\/2021-Road-Championships-profimedia-0634441111.jpg 1250w, https:\/\/d2p6e6u75xmxt8.cloudfront.net\/12\/2021\/10\/2021-Road-Championships-profimedia-0634441111-300x200.jpg 300w, https:\/\/d2p6e6u75xmxt8.cloudfront.net\/12\/2021\/10\/2021-Road-Championships-profimedia-0634441111-1024x682.jpg 1024w, https:\/\/d2p6e6u75xmxt8.cloudfront.net\/12\/2021\/10\/2021-Road-Championships-profimedia-0634441111-768x511.jpg 768w, https:\/\/d2p6e6u75xmxt8.cloudfront.net\/12\/2021\/10\/2021-Road-Championships-profimedia-0634441111-272x182.jpg 272w\" sizes=\"auto, (max-width: 1250px) 100vw, 1250px\" \/><\/a><figcaption id=\"caption-attachment-12650\" class=\"wp-caption-text\"><em>Julian Alaphilippe, Dylan Van Baarle \u00e9s Michael Valgren Hundahl a p\u00f3diumon. \u00a9 Profimedia<\/em><\/figcaption><\/figure>\n<p>A belga Jasper Stuyven, aki a verseny helysz\u00edn\u00e9n, Leuvenben sz\u00fcletett, negyedik helyez\u00e9st \u00e9rt el. A l\u00e1that\u00f3an elkeseredett van Aert a 11. helyen v\u00e9gzett, 1 perc 18 m\u00e1sodperccel lemaradva. A brit versenyz\u0151, Tom Pidcock, aki hatodik lett, \u00fagy v\u00e9li, a belga csapatra nehezed\u0151 nyom\u00e1s szinte lehetetlenn\u00e9 tette van Aert gy\u0151zelm\u00e9t<em>. &#8220;Saj\u00e1t magukat l\u0151tt\u00e9k l\u00e1bon azzal a nyom\u00e1ssal, amit a csapatukra helyeztek&#8221;<\/em> &#8211; mondta. <em>&#8220;\u00dagy \u00e9rtem, (a csapat) elk\u00e9peszt\u0151 munk\u00e1t v\u00e9gzett, de a belga elv\u00e1r\u00e1sok ellehetetlen\u00edtett\u00e9k Wout gy\u0151zelm\u00e9t. Valljuk be, ha \u0151 nyert volna, az lett volna a valaha volt legjobb menete.&#8221;<\/em><\/p>\n<p>M\u00edg a francia csapat pontos strat\u00e9gia szerint haladt a verseny korai szakasz\u00e1ban, addig a belg\u00e1k a t\u00e1v nagy r\u00e9sz\u00e9ben hatalmas nyom\u00e1st gyakoroltak az eg\u00e9sz mez\u0151nyre \u00e9s igyekezt\u00e9k megel\u0151zni azokat a versenyz\u0151ket, akikt\u0151l azt v\u00e1rt\u00e1k, hogy a c\u00e9l el\u0151tt sprintelni kezdenek. Arra viszont nem sz\u00e1m\u00edtottak, hogy Alaphilippe az el\u0151z\u0151 \u00e9vhez hasonl\u00f3an, szer\u00e9nyen az \u00e9lret\u00f6r.<\/p>\n<p>https:\/\/twitter.com\/UCI_cycling\/status\/1442199518041165824<\/p>\n<p>R\u00f6vid, meredek emelked\u0151k\u00f6n a 29 \u00e9ves francia sz\u00e1m\u00edt a legjobb versenyz\u0151nek, aki a Deceuninck\u2013Quick-Step csapatban biciklizik, \u00e9s sikeresen kiiktatta van Aertet, \u00e9s megsz\u00f6k\u00f6tt a mez\u0151nyt\u0151l. Ironikus m\u00f3don ez a l\u00e9p\u00e9s, ami cs\u00f6kkentette van Aert es\u00e9lyeit, l\u00e1that\u00f3an inspir\u00e1lta Alaphilipp\u00e9t. <em>&#8220;Sok belga szurkol\u00f3 k\u00e9rte, hogy lass\u00edtsak, nem t\u00fal kedvesen\u201d<\/em> &#8211; nyilatkozta a verseny ut\u00e1n. &#8211; <em>Ez extra motiv\u00e1ci\u00f3t adott!&#8221;<\/em><\/p>\n<p>\u00c1ll\u00edt\u00e1sa szerint a verseny el\u0151tt nem gondolta, hogy \u00fajabb sziv\u00e1rv\u00e1nyos mezt fog nyerni. <em>\u201eNem hittem, hogy ez megt\u00f6rt\u00e9nhet, hogy egy\u00e1ltal\u00e1n lehets\u00e9ges.\u201d <\/em>Hozz\u00e1tette, hogy a tavalyi gy\u0151zelem ut\u00e1n m\u00e1r nem \u00e9rzett akkora nyom\u00e1st, mint kor\u00e1bban. &#8220;<em>Tavaly egy \u00e1lom v\u00e1lt val\u00f3ra sz\u00e1momra. Nagyon neh\u00e9z volt, de fantasztikus \u00e9rz\u00e9s.\u201d<\/em><\/p>\n<div class=\"embed-controller-wrapper\">\n<blockquote class=\"twitter-tweet\" data-width=\"500\" data-dnt=\"true\">\n<p lang=\"en\" dir=\"ltr\">A day to remember \ud83c\udf89<a href=\"https:\/\/twitter.com\/hashtag\/Flanders2021?src=hash&amp;ref_src=twsrc%5Etfw\">#Flanders2021<\/a> <a href=\"https:\/\/t.co\/KXEMKuAPUE\">pic.twitter.com\/KXEMKuAPUE<\/a><\/p>\n<p>&mdash; UCI (@UCI_cycling) <a href=\"https:\/\/twitter.com\/UCI_cycling\/status\/1442370669711216641?ref_src=twsrc%5Etfw\">September 27, 2021<\/a><\/p><\/blockquote>\n<p><script async data-src=\"https:\/\/platform.twitter.com\/widgets.js\" charset=\"utf-8\"><\/script><\/div>\n<p>Van Aert azt nyilatkozta, hogy Alaphilippe sz\u00f6k\u00e9se ut\u00e1n m\u00e1r nem tudta k\u00f6vetni az esem\u00e9nyeket. <em>&#8220;Miut\u00e1n Alaphilippe t\u00e1madott, \u00e9s lemaradtam, neh\u00e9z volt harcolnom, mert tudtam, hogy m\u00e1r nem a gy\u0151zelem\u00e9rt tekerek<\/em>&#8221; &#8211; mondta. <em>&#8220;\u00c9reztem, hogy gyeng\u00fcl a l\u00e1bam \u00e9s ezt el is mondtam Stuvyennek. V\u00e9g\u00fclis \u00e9n is csak ember vagyok.&#8221;<\/em> Val\u00f3sz\u00edn\u0171leg a belga csapatstrat\u00e9gia volt r\u00e1 ilyen hat\u00e1ssal. M\u00edg van Aert a verseny nagy r\u00e9sz\u00e9t a mez\u0151ny elej\u00e9n t\u00f6lt\u00f6tte, Alaphilippe olyan nyugodtan biciklizett h\u00e1tul, hogy egyes komment\u00e1torok azt hitt\u00e9k, m\u00e1r ott is marad. A francia f\u00e9rfi akkor indult be igaz\u00e1n, amikor m\u00e1r csak k\u00f6r\u00fclbel\u00fcl 50 km volt h\u00e1tra.<\/p>\n<p>Mivel a Grand Tours versenyeken f\u0151leg a csapata szolg\u00e1lat\u00e1ban \u00e1llt- az egyik vezet\u0151 versenyz\u0151je volt az idei Tour de France-i \u0160koda Green Jersey menetnek &#8211; el is felejtett\u00fck, milyen j\u00f3 \u00e9s sz\u00f3rakoztat\u00f3 versenyz\u0151 Alaphilippe. Amikor az emelked\u0151n felfel\u00e9 sz\u00e1guldott, mindenki visszafojtott l\u00e9legzettel figyelt, mert tudt\u00e1k, hogy most valami izgalmas dolog fog t\u00f6rt\u00e9nni. Ilyen az \u0151 st\u00edlusa. <em>\u201c2014 \u00f3ta ugyan\u00fagy versenyzek. Semmin nem akarok v\u00e1ltoztatni. Nagy \u00f6r\u00f6m\u00f6mre szolg\u00e1l, hogy \u00edgy biciklizhetek. T\u00e1madni akarok \u00e9s k\u00fczdeni, mindent megtenni a gy\u0151zelem\u00e9rt, ami m\u00e9g szebb, ha k\u00f6zben rajtad van a sziv\u00e1rv\u00e1nyos mez.\u201d<\/em><\/p>\n","protected":false},"excerpt":{"rendered":"<p>Az orsz\u00e1g\u00fati versenyz\u00e9s csapatsport, de mindig j\u00f3, ha van egy nyer\u0151 strat\u00e9gia. A f\u00e9rfi orsz\u00e1g\u00fati vil\u00e1gbajnoks\u00e1gon Belgium legjobb versenyz\u0151je Wout [&hellip;]<\/p>\n","protected":false},"author":71,"featured_media":12652,"comment_status":"open","ping_status":"open","sticky":false,"template":"","format":"standard","meta":{"footnotes":""},"categories":[8],"tags":[],"global-categories":[],"class_list":["post-12647","post","type-post","status-publish","format-standard","has-post-thumbnail","hentry","category-orszaguti-kerekpar"],"yoast_head":"<!-- This site is optimized with the Yoast SEO Premium plugin v25.3 (Yoast SEO v25.9) - https:\/\/yoast.com\/wordpress\/plugins\/seo\/ -->\n<title>Alaphilippe gy\u0151zelme van Aert felett az orsz\u00e1g\u00fati vil\u00e1gbajnoks\u00e1gon<\/title>\n<meta name=\"description\" content=\"Az orsz\u00e1g\u00fati versenyz\u00e9s csapatsport, de mindig j\u00f3, ha van egy nyer\u0151 strat\u00e9gia. A f\u00e9rfi orsz\u00e1g\u00fati vil\u00e1gbajnoks\u00e1gon Belgium legjobb versenyz\u0151je Wout van Aert volt, de a franci\u00e1k\u00e9 volt a legjobb strat\u00e9gia, \u00e9s ez lehet\u0151v\u00e9 tette, hogy Julian Alaphilippe sorozatban a m\u00e1sodik vil\u00e1gbajnoks\u00e1g\u00e1t nyerje meg.\" \/>\n<meta name=\"robots\" content=\"index, follow, max-snippet:-1, max-image-preview:large, max-video-preview:-1\" \/>\n<link rel=\"canonical\" href=\"https:\/\/www.welovecycling.com\/hu\/orszaguti-kerekpar\/alaphilippe-gyozelme-van-aert-felett-az-orszaguti-vilagbajnoksagon\/\" \/>\n<meta property=\"og:locale\" content=\"hu_HU\" \/>\n<meta property=\"og:type\" content=\"article\" \/>\n<meta property=\"og:title\" content=\"Alaphilippe gy\u0151zelme van Aert felett az orsz\u00e1g\u00fati vil\u00e1gbajnoks\u00e1gon\" \/>\n<meta property=\"og:description\" content=\"Az orsz\u00e1g\u00fati versenyz\u00e9s csapatsport, de mindig j\u00f3, ha van egy nyer\u0151 strat\u00e9gia. A f\u00e9rfi orsz\u00e1g\u00fati vil\u00e1gbajnoks\u00e1gon Belgium legjobb versenyz\u0151je Wout van Aert volt, de a franci\u00e1k\u00e9 volt a legjobb strat\u00e9gia, \u00e9s ez lehet\u0151v\u00e9 tette, hogy Julian Alaphilippe sorozatban a m\u00e1sodik vil\u00e1gbajnoks\u00e1g\u00e1t nyerje meg.\" \/>\n<meta property=\"og:url\" content=\"https:\/\/www.welovecycling.com\/hu\/orszaguti-kerekpar\/alaphilippe-gyozelme-van-aert-felett-az-orszaguti-vilagbajnoksagon\/\" \/>\n<meta property=\"og:site_name\" content=\"\u0160koda We Love Cycling - Magyarorsz\u00e1g\" \/>\n<meta property=\"article:publisher\" content=\"https:\/\/www.facebook.com\/WeLoveCyclingHungary\/\" \/>\n<meta property=\"article:published_time\" content=\"2021-10-11T06:00:11+00:00\" \/>\n<meta property=\"og:image\" content=\"https:\/\/d2p6e6u75xmxt8.cloudfront.net\/12\/2021\/10\/Julian-Alaphilippe-profimedia-0634533271-CVR.jpg\" \/>\n\t<meta property=\"og:image:width\" content=\"1366\" \/>\n\t<meta property=\"og:image:height\" content=\"600\" \/>\n\t<meta property=\"og:image:type\" content=\"image\/jpeg\" \/>\n<meta name=\"author\" content=\"hegyizs\" \/>\n<meta name=\"twitter:card\" content=\"summary_large_image\" \/>\n<meta name=\"twitter:label1\" content=\"Written by\" \/>\n\t<meta name=\"twitter:data1\" content=\"Siegfried Mortkowitz\" \/>\n\t<meta name=\"twitter:label2\" content=\"Est. reading time\" \/>\n\t<meta name=\"twitter:data2\" content=\"6\" \/>\n<script type=\"application\/ld+json\" class=\"yoast-schema-graph\">{\"@context\":\"https:\/\/schema.org\",\"@graph\":[{\"@type\":\"WebPage\",\"@id\":\"https:\/\/www.welovecycling.com\/hu\/orszaguti-kerekpar\/alaphilippe-gyozelme-van-aert-felett-az-orszaguti-vilagbajnoksagon\/\",\"url\":\"https:\/\/www.welovecycling.com\/hu\/orszaguti-kerekpar\/alaphilippe-gyozelme-van-aert-felett-az-orszaguti-vilagbajnoksagon\/\",\"name\":\"Alaphilippe gy\u0151zelme van Aert felett az orsz\u00e1g\u00fati vil\u00e1gbajnoks\u00e1gon\",\"isPartOf\":{\"@id\":\"https:\/\/www.welovecycling.com\/hu\/#website\"},\"primaryImageOfPage\":{\"@id\":\"https:\/\/www.welovecycling.com\/hu\/orszaguti-kerekpar\/alaphilippe-gyozelme-van-aert-felett-az-orszaguti-vilagbajnoksagon\/#primaryimage\"},\"image\":{\"@id\":\"https:\/\/www.welovecycling.com\/hu\/orszaguti-kerekpar\/alaphilippe-gyozelme-van-aert-felett-az-orszaguti-vilagbajnoksagon\/#primaryimage\"},\"thumbnailUrl\":\"https:\/\/d2p6e6u75xmxt8.cloudfront.net\/12\/2021\/10\/Julian-Alaphilippe-profimedia-0634533271-CVR.jpg\",\"datePublished\":\"2021-10-11T06:00:11+00:00\",\"author\":{\"@id\":\"https:\/\/www.welovecycling.com\/hu\/#\/schema\/person\/414a2aebf1801691a5320edb6468e194\"},\"description\":\"Az orsz\u00e1g\u00fati versenyz\u00e9s csapatsport, de mindig j\u00f3, ha van egy nyer\u0151 strat\u00e9gia. A f\u00e9rfi orsz\u00e1g\u00fati vil\u00e1gbajnoks\u00e1gon Belgium legjobb versenyz\u0151je Wout van Aert volt, de a franci\u00e1k\u00e9 volt a legjobb strat\u00e9gia, \u00e9s ez lehet\u0151v\u00e9 tette, hogy Julian Alaphilippe sorozatban a m\u00e1sodik vil\u00e1gbajnoks\u00e1g\u00e1t nyerje meg.\",\"breadcrumb\":{\"@id\":\"https:\/\/www.welovecycling.com\/hu\/orszaguti-kerekpar\/alaphilippe-gyozelme-van-aert-felett-az-orszaguti-vilagbajnoksagon\/#breadcrumb\"},\"inLanguage\":\"hu\",\"potentialAction\":[{\"@type\":\"ReadAction\",\"target\":[\"https:\/\/www.welovecycling.com\/hu\/orszaguti-kerekpar\/alaphilippe-gyozelme-van-aert-felett-az-orszaguti-vilagbajnoksagon\/\"]}]},{\"@type\":\"ImageObject\",\"inLanguage\":\"hu\",\"@id\":\"https:\/\/www.welovecycling.com\/hu\/orszaguti-kerekpar\/alaphilippe-gyozelme-van-aert-felett-az-orszaguti-vilagbajnoksagon\/#primaryimage\",\"url\":\"https:\/\/d2p6e6u75xmxt8.cloudfront.net\/12\/2021\/10\/Julian-Alaphilippe-profimedia-0634533271-CVR.jpg\",\"contentUrl\":\"https:\/\/d2p6e6u75xmxt8.cloudfront.net\/12\/2021\/10\/Julian-Alaphilippe-profimedia-0634533271-CVR.jpg\",\"width\":1366,\"height\":600,\"caption\":\"Julian Alaphillippe\"},{\"@type\":\"BreadcrumbList\",\"@id\":\"https:\/\/www.welovecycling.com\/hu\/orszaguti-kerekpar\/alaphilippe-gyozelme-van-aert-felett-az-orszaguti-vilagbajnoksagon\/#breadcrumb\",\"itemListElement\":[{\"@type\":\"ListItem\",\"position\":1,\"name\":\"Home\",\"item\":\"https:\/\/www.welovecycling.com\/hu\/\"},{\"@type\":\"ListItem\",\"position\":2,\"name\":\"Alaphilippe gy\u0151zelme van Aert felett az orsz\u00e1g\u00fati vil\u00e1gbajnoks\u00e1gon\"}]},{\"@type\":\"WebSite\",\"@id\":\"https:\/\/www.welovecycling.com\/hu\/#website\",\"url\":\"https:\/\/www.welovecycling.com\/hu\/\",\"name\":\"\u0160koda We Love Cycling - Magyarorsz\u00e1g\",\"description\":\"\u0160koda WeLoveCycling\",\"potentialAction\":[{\"@type\":\"SearchAction\",\"target\":{\"@type\":\"EntryPoint\",\"urlTemplate\":\"https:\/\/www.welovecycling.com\/hu\/?s={search_term_string}\"},\"query-input\":{\"@type\":\"PropertyValueSpecification\",\"valueRequired\":true,\"valueName\":\"search_term_string\"}}],\"inLanguage\":\"hu\"},{\"@type\":\"Person\",\"@id\":\"https:\/\/www.welovecycling.com\/hu\/#\/schema\/person\/414a2aebf1801691a5320edb6468e194\",\"name\":\"hegyizs\",\"image\":{\"@type\":\"ImageObject\",\"inLanguage\":\"hu\",\"@id\":\"https:\/\/www.welovecycling.com\/hu\/#\/schema\/person\/image\/\",\"url\":\"https:\/\/secure.gravatar.com\/avatar\/02cf8a7906b8cf90cecb4679defac7cfd33a1c2e3b88e4903d947f3bb58eedd3?s=96&d=mm&r=g\",\"contentUrl\":\"https:\/\/secure.gravatar.com\/avatar\/02cf8a7906b8cf90cecb4679defac7cfd33a1c2e3b88e4903d947f3bb58eedd3?s=96&d=mm&r=g\",\"caption\":\"hegyizs\"},\"url\":\"https:\/\/www.welovecycling.com\/hu\/author\/hegyizs\/\"}]}<\/script>\n<!-- \/ Yoast SEO Premium plugin. -->","yoast_head_json":{"title":"Alaphilippe gy\u0151zelme van Aert felett az orsz\u00e1g\u00fati vil\u00e1gbajnoks\u00e1gon","description":"Az orsz\u00e1g\u00fati versenyz\u00e9s csapatsport, de mindig j\u00f3, ha van egy nyer\u0151 strat\u00e9gia. A f\u00e9rfi orsz\u00e1g\u00fati vil\u00e1gbajnoks\u00e1gon Belgium legjobb versenyz\u0151je Wout van Aert volt, de a franci\u00e1k\u00e9 volt a legjobb strat\u00e9gia, \u00e9s ez lehet\u0151v\u00e9 tette, hogy Julian Alaphilippe sorozatban a m\u00e1sodik vil\u00e1gbajnoks\u00e1g\u00e1t nyerje meg.","robots":{"index":"index","follow":"follow","max-snippet":"max-snippet:-1","max-image-preview":"max-image-preview:large","max-video-preview":"max-video-preview:-1"},"canonical":"https:\/\/www.welovecycling.com\/hu\/orszaguti-kerekpar\/alaphilippe-gyozelme-van-aert-felett-az-orszaguti-vilagbajnoksagon\/","og_locale":"hu_HU","og_type":"article","og_title":"Alaphilippe gy\u0151zelme van Aert felett az orsz\u00e1g\u00fati vil\u00e1gbajnoks\u00e1gon","og_description":"Az orsz\u00e1g\u00fati versenyz\u00e9s csapatsport, de mindig j\u00f3, ha van egy nyer\u0151 strat\u00e9gia. A f\u00e9rfi orsz\u00e1g\u00fati vil\u00e1gbajnoks\u00e1gon Belgium legjobb versenyz\u0151je Wout van Aert volt, de a franci\u00e1k\u00e9 volt a legjobb strat\u00e9gia, \u00e9s ez lehet\u0151v\u00e9 tette, hogy Julian Alaphilippe sorozatban a m\u00e1sodik vil\u00e1gbajnoks\u00e1g\u00e1t nyerje meg.","og_url":"https:\/\/www.welovecycling.com\/hu\/orszaguti-kerekpar\/alaphilippe-gyozelme-van-aert-felett-az-orszaguti-vilagbajnoksagon\/","og_site_name":"\u0160koda We Love Cycling - Magyarorsz\u00e1g","article_publisher":"https:\/\/www.facebook.com\/WeLoveCyclingHungary\/","article_published_time":"2021-10-11T06:00:11+00:00","og_image":[{"width":1366,"height":600,"url":"https:\/\/d2p6e6u75xmxt8.cloudfront.net\/12\/2021\/10\/Julian-Alaphilippe-profimedia-0634533271-CVR.jpg","type":"image\/jpeg"}],"author":"hegyizs","twitter_card":"summary_large_image","twitter_misc":{"Written by":"Siegfried Mortkowitz","Est. reading time":"6"},"schema":{"@context":"https:\/\/schema.org","@graph":[{"@type":"WebPage","@id":"https:\/\/www.welovecycling.com\/hu\/orszaguti-kerekpar\/alaphilippe-gyozelme-van-aert-felett-az-orszaguti-vilagbajnoksagon\/","url":"https:\/\/www.welovecycling.com\/hu\/orszaguti-kerekpar\/alaphilippe-gyozelme-van-aert-felett-az-orszaguti-vilagbajnoksagon\/","name":"Alaphilippe gy\u0151zelme van Aert felett az orsz\u00e1g\u00fati vil\u00e1gbajnoks\u00e1gon","isPartOf":{"@id":"https:\/\/www.welovecycling.com\/hu\/#website"},"primaryImageOfPage":{"@id":"https:\/\/www.welovecycling.com\/hu\/orszaguti-kerekpar\/alaphilippe-gyozelme-van-aert-felett-az-orszaguti-vilagbajnoksagon\/#primaryimage"},"image":{"@id":"https:\/\/www.welovecycling.com\/hu\/orszaguti-kerekpar\/alaphilippe-gyozelme-van-aert-felett-az-orszaguti-vilagbajnoksagon\/#primaryimage"},"thumbnailUrl":"https:\/\/d2p6e6u75xmxt8.cloudfront.net\/12\/2021\/10\/Julian-Alaphilippe-profimedia-0634533271-CVR.jpg","datePublished":"2021-10-11T06:00:11+00:00","author":{"@id":"https:\/\/www.welovecycling.com\/hu\/#\/schema\/person\/414a2aebf1801691a5320edb6468e194"},"description":"Az orsz\u00e1g\u00fati versenyz\u00e9s csapatsport, de mindig j\u00f3, ha van egy nyer\u0151 strat\u00e9gia. A f\u00e9rfi orsz\u00e1g\u00fati vil\u00e1gbajnoks\u00e1gon Belgium legjobb versenyz\u0151je Wout van Aert volt, de a franci\u00e1k\u00e9 volt a legjobb strat\u00e9gia, \u00e9s ez lehet\u0151v\u00e9 tette, hogy Julian Alaphilippe sorozatban a m\u00e1sodik vil\u00e1gbajnoks\u00e1g\u00e1t nyerje meg.","breadcrumb":{"@id":"https:\/\/www.welovecycling.com\/hu\/orszaguti-kerekpar\/alaphilippe-gyozelme-van-aert-felett-az-orszaguti-vilagbajnoksagon\/#breadcrumb"},"inLanguage":"hu","potentialAction":[{"@type":"ReadAction","target":["https:\/\/www.welovecycling.com\/hu\/orszaguti-kerekpar\/alaphilippe-gyozelme-van-aert-felett-az-orszaguti-vilagbajnoksagon\/"]}]},{"@type":"ImageObject","inLanguage":"hu","@id":"https:\/\/www.welovecycling.com\/hu\/orszaguti-kerekpar\/alaphilippe-gyozelme-van-aert-felett-az-orszaguti-vilagbajnoksagon\/#primaryimage","url":"https:\/\/d2p6e6u75xmxt8.cloudfront.net\/12\/2021\/10\/Julian-Alaphilippe-profimedia-0634533271-CVR.jpg","contentUrl":"https:\/\/d2p6e6u75xmxt8.cloudfront.net\/12\/2021\/10\/Julian-Alaphilippe-profimedia-0634533271-CVR.jpg","width":1366,"height":600,"caption":"Julian Alaphillippe"},{"@type":"BreadcrumbList","@id":"https:\/\/www.welovecycling.com\/hu\/orszaguti-kerekpar\/alaphilippe-gyozelme-van-aert-felett-az-orszaguti-vilagbajnoksagon\/#breadcrumb","itemListElement":[{"@type":"ListItem","position":1,"name":"Home","item":"https:\/\/www.welovecycling.com\/hu\/"},{"@type":"ListItem","position":2,"name":"Alaphilippe gy\u0151zelme van Aert felett az orsz\u00e1g\u00fati vil\u00e1gbajnoks\u00e1gon"}]},{"@type":"WebSite","@id":"https:\/\/www.welovecycling.com\/hu\/#website","url":"https:\/\/www.welovecycling.com\/hu\/","name":"\u0160koda We Love Cycling - Magyarorsz\u00e1g","description":"\u0160koda WeLoveCycling","potentialAction":[{"@type":"SearchAction","target":{"@type":"EntryPoint","urlTemplate":"https:\/\/www.welovecycling.com\/hu\/?s={search_term_string}"},"query-input":{"@type":"PropertyValueSpecification","valueRequired":true,"valueName":"search_term_string"}}],"inLanguage":"hu"},{"@type":"Person","@id":"https:\/\/www.welovecycling.com\/hu\/#\/schema\/person\/414a2aebf1801691a5320edb6468e194","name":"hegyizs","image":{"@type":"ImageObject","inLanguage":"hu","@id":"https:\/\/www.welovecycling.com\/hu\/#\/schema\/person\/image\/","url":"https:\/\/secure.gravatar.com\/avatar\/02cf8a7906b8cf90cecb4679defac7cfd33a1c2e3b88e4903d947f3bb58eedd3?s=96&d=mm&r=g","contentUrl":"https:\/\/secure.gravatar.com\/avatar\/02cf8a7906b8cf90cecb4679defac7cfd33a1c2e3b88e4903d947f3bb58eedd3?s=96&d=mm&r=g","caption":"hegyizs"},"url":"https:\/\/www.welovecycling.com\/hu\/author\/hegyizs\/"}]}},"_links":{"self":[{"href":"https:\/\/www.welovecycling.com\/hu\/wp-json\/wp\/v2\/posts\/12647","targetHints":{"allow":["GET"]}}],"collection":[{"href":"https:\/\/www.welovecycling.com\/hu\/wp-json\/wp\/v2\/posts"}],"about":[{"href":"https:\/\/www.welovecycling.com\/hu\/wp-json\/wp\/v2\/types\/post"}],"author":[{"embeddable":true,"href":"https:\/\/www.welovecycling.com\/hu\/wp-json\/wp\/v2\/users\/71"}],"replies":[{"embeddable":true,"href":"https:\/\/www.welovecycling.com\/hu\/wp-json\/wp\/v2\/comments?post=12647"}],"version-history":[{"count":2,"href":"https:\/\/www.welovecycling.com\/hu\/wp-json\/wp\/v2\/posts\/12647\/revisions"}],"predecessor-version":[{"id":12674,"href":"https:\/\/www.welovecycling.com\/hu\/wp-json\/wp\/v2\/posts\/12647\/revisions\/12674"}],"wp:featuredmedia":[{"embeddable":true,"href":"https:\/\/www.welovecycling.com\/hu\/wp-json\/wp\/v2\/media\/12652"}],"wp:attachment":[{"href":"https:\/\/www.welovecycling.com\/hu\/wp-json\/wp\/v2\/media?parent=12647"}],"wp:term":[{"taxonomy":"category","embeddable":true,"href":"https:\/\/www.welovecycling.com\/hu\/wp-json\/wp\/v2\/categories?post=12647"},{"taxonomy":"post_tag","embeddable":true,"href":"https:\/\/www.welovecycling.com\/hu\/wp-json\/wp\/v2\/tags?post=12647"},{"taxonomy":"global-categories","embeddable":true,"href":"https:\/\/www.welovecycling.com\/hu\/wp-json\/wp\/v2\/global-categories?post=12647"}],"curies":[{"name":"wp","href":"https:\/\/api.w.org\/{rel}","templated":true}]}}