{"id":12638,"date":"2021-10-13T08:00:31","date_gmt":"2021-10-13T06:00:31","guid":{"rendered":"https:\/\/www.welovecycling.com\/hu\/?p=12638"},"modified":"2021-10-08T14:50:10","modified_gmt":"2021-10-08T12:50:10","slug":"2021-legviccesebb-biciklis-pillanatai","status":"publish","type":"post","link":"https:\/\/www.welovecycling.com\/hu\/kozosseg-es-kultura\/2021-legviccesebb-biciklis-pillanatai\/","title":{"rendered":"2021 legviccesebb biciklis pillanatai"},"content":{"rendered":"<p><strong>A kem\u00e9ny \u00e9s hossz\u00fa 2020-as \u00e9v ut\u00e1n 2021 egy igazi meleg \u00f6lel\u00e9snek \u00e9rz\u0151d\u00f6tt a vil\u00e1g bicikli rajong\u00f3inak a szinte teljesen zs\u00fafolt versenynapt\u00e1rnak k\u00f6sz\u00f6nhet\u0151en.\u00a0R\u00e1ad\u00e1sul a szurkol\u00f3k is visszat\u00e9rtek az \u00fat sz\u00e9l\u00e9re &#8211; ennek cs\u00facspontja a legut\u00f3bbi leuveni vil\u00e1gbajnoks\u00e1g volt, ahol hatalmas t\u00f6meg biztatta a versenyz\u0151ket. Hihetetlen l\u00e1tv\u00e1nyt ny\u00fajtottak! <\/strong><\/p>\n<p><!--more--><\/p>\n<p>A szurkol\u00f3k \u00e9s a versenyz\u0151k k\u00f6z\u00f6tti interakci\u00f3k visszat\u00e9rtek, a vicces pillanatokkal egy\u00fctt!<\/p>\n<figure id=\"attachment_12644\" aria-describedby=\"caption-attachment-12644\" style=\"width: 1000px\" class=\"wp-caption alignnone\"><a href=\"https:\/\/d2p6e6u75xmxt8.cloudfront.net\/12\/2021\/10\/2021-Tour-Devil-profimedia-0619245539.jpg\"><img loading=\"lazy\" decoding=\"async\" class=\"wp-image-12644 size-full\" src=\"https:\/\/d2p6e6u75xmxt8.cloudfront.net\/12\/2021\/10\/2021-Tour-Devil-profimedia-0619245539.jpg\" alt=\"Tour de France\" width=\"1000\" height=\"666\" srcset=\"https:\/\/d2p6e6u75xmxt8.cloudfront.net\/12\/2021\/10\/2021-Tour-Devil-profimedia-0619245539.jpg 1000w, https:\/\/d2p6e6u75xmxt8.cloudfront.net\/12\/2021\/10\/2021-Tour-Devil-profimedia-0619245539-300x200.jpg 300w, https:\/\/d2p6e6u75xmxt8.cloudfront.net\/12\/2021\/10\/2021-Tour-Devil-profimedia-0619245539-768x511.jpg 768w, https:\/\/d2p6e6u75xmxt8.cloudfront.net\/12\/2021\/10\/2021-Tour-Devil-profimedia-0619245539-272x182.jpg 272w\" sizes=\"auto, (max-width: 1000px) 100vw, 1000px\" \/><\/a><figcaption id=\"caption-attachment-12644\" class=\"wp-caption-text\"><em>Dieter &#8220;Didi&#8221; Senft\u00a0 Didi, az \u00d6rd\u00f6g vagy El Diablo n\u00e9ven ismert Roger Kluge mellett a 2021-es Tour de France 6. szakasz\u00e1n. \u00a9 Profimedia<\/em><\/figcaption><\/figure>\n<p>N\u00e9zz\u00fcnk meg n\u00e9h\u00e1nyat ezek k\u00f6z\u00fcl \u00e9s id\u00e9zz\u00fck fel, miken is nevett\u00fcnk 2021-ben!<\/p>\n<h2><strong>Az a bizonyos Primo\u017e Rogli\u010d dal<\/strong><\/h2>\n<p>B\u00e1r Rogli\u010d sz\u00e1m\u00e1ra eg\u00e9szen biztosan felejthetetlen az idei Tour de France, a Tour de Tietema Youtube csatorna v\u00edrusk\u00e9nt elterjedt vide\u00f3ja sem fog egyhamar feled\u00e9sbe mer\u00fclni. Egy m\u00e1sik f\u00fclbem\u00e1sz\u00f3 sz\u00e1mot is k\u00e9sz\u00edtettek, ami Wout van Aert &#8211; \u00e9s Dylan Groenewegen h\u00edres pillanatait k\u00f6veti \u00e9s a Jumbo-Visma versenyz\u0151k s\u00edugr\u00f3k\u00e9nt t\u00f6lt\u00f6tt napjait id\u00e9zi vissza.<\/p>\n<p>Maga Rogli\u010d is csatlakozott a dal el\u0151ad\u00f3ihoz Franciaorsz\u00e1gban \u00e9s csal\u00e1dj\u00e1val egy\u00fctt ropta a t\u00e1ncot! Mindezt a Tour de Tietema r\u00f6gz\u00edtette, vicces \u00e9s sz\u00edvmelenget\u0151 mes\u00e9t teremtve abb\u00f3l a t\u00f6rt\u00e9netb\u0151l, ami Rogli\u010d sz\u00e1m\u00e1ra akkor szomor\u00fa volt.<\/p>\n<p>El\u0151re is bocs\u00e1natot k\u00e9r\u00fcnk, ha nem tudod kiverni a fejedb\u0151l!<\/p>\n<lite-youtube videoid=NxX-t4-Xc8g params=\"enablejsapi=1\" style=\"background-image: url('https:\/\/i.ytimg.com\/vi_webp\/NxX-t4-Xc8g\/maxresdefault.webp');\"><\/lite-youtube>\n<h2><strong>L\u00e1ma dr\u00e1ma<\/strong><\/h2>\n<p>Nem csak a ker\u00e9kp\u00e1roz\u00f3kr\u00f3l, de az \u00e1llatokr\u00f3l is sok vide\u00f3 k\u00e9sz\u00fcl a szezon alatt. Rengeteg gy\u00f6ngyszem k\u00f6z\u00fcl lehet v\u00e1logatni, de tal\u00e1n az idei Tour de France-on \u00f6r\u00f6k\u00edtett\u00e9k meg a legikonikusabb pillanatot. Kontextus n\u00e9lk\u00fcl ez a k\u00e9p sokkal t\u00f6bb k\u00e9rd\u00e9st vet fel, mint v\u00e1laszt. Ki hoz l\u00e1m\u00e1t egy versenyre \u00e9s hogyan \u00e9rte el az operat\u0151r, hogy ilyen mozdulatlanul \u00e1lljon?<\/p>\n<p>B\u00e1rhogy is n\u00e9zz\u00fck, a t\u00e9v\u00e9n\u00e9z\u0151k el\u00e9gg\u00e9 meglep\u0151dtek, ez\u00e9rt nem k\u00e9rd\u00e9s, hogy ez az \u00e9v legjobb \u00e1llatos k\u00e9pe.<\/p>\n<div class=\"embed-controller-wrapper\">\n<blockquote class=\"twitter-tweet\" data-width=\"500\" data-dnt=\"true\">\n<p lang=\"zxx\" dir=\"ltr\"><a href=\"https:\/\/t.co\/ubokDoaDiQ\">pic.twitter.com\/ubokDoaDiQ<\/a><\/p>\n<p>&mdash; Cycling out of context (@OutOfCycling) <a href=\"https:\/\/twitter.com\/OutOfCycling\/status\/1410915517263757312?ref_src=twsrc%5Etfw\">July 2, 2021<\/a><\/p><\/blockquote>\n<p><script async data-src=\"https:\/\/platform.twitter.com\/widgets.js\" charset=\"utf-8\"><\/script><\/div>\n<h2><strong>A Trek Segafredo Mil\u00e1n\u00f3-San Remo bulija<\/strong><\/h2>\n<p>Jasper Stuvyen sz\u00e1m\u00e1ra az idei Mil\u00e1n\u00f3-San Remo diadala jelenti karrierje f\u00e9nypontj\u00e1t, \u00e9s hacsak nem nyer meg egy hazai versenyt, lehet, hogy ez lesz \u00e9lete legnagyobb gy\u0151zelme. Az emiatt \u00e9rzett boldogs\u00e1got gy\u00f6ny\u00f6r\u0171en bemutatta az a pillanat, amikor a csapatbuszban Stuvyen-t csapatt\u00e1rsai a Snollebollekes Link Rechts dal\u00e1val, egy igazi klasszikus biciklis himnusszal k\u00f6sz\u00f6nt\u00f6tt\u00e9k.<\/p>\n<p>De ami ezut\u00e1n k\u00f6vetkezik, az m\u00e1r szinte m\u0171v\u00e9szet. A csapat pr\u00f3b\u00e1l csatlakozni \u00e9s k\u00ednosan k\u00f6vetni a t\u00e1ncmozdulatokat, nem sok sikerrel. Becs\u00fclet\u00fckre mondva, mindenki lelkesen pr\u00f3b\u00e1lkozott, k\u00f6zt\u00fck a zavarban l\u00e9v\u0151 Vincenzo Nibali is.<\/p>\n<p>Mindenesetre ez a kedves pillanat egy elk\u00e9peszt\u0151 napot z\u00e1rt le a 29 \u00e9ves Stuvyen sz\u00e1m\u00e1ra \u00e9s mi nagyon \u00f6r\u00fcl\u00fcnk, hogy vide\u00f3ra vett\u00e9k az \u00fcnnepl\u00e9st.<\/p>\n<p>Nem lehet betelni a t\u00e1ncol\u00f3 biciklisekkel!<\/p>\n<div class=\"embed-controller-wrapper\">\n<blockquote class=\"twitter-tweet\" data-width=\"500\" data-dnt=\"true\">\n<p lang=\"zxx\" dir=\"ltr\"><a href=\"https:\/\/t.co\/rS24gDPnpT\">pic.twitter.com\/rS24gDPnpT<\/a><\/p>\n<p>&mdash; Cycling out of context (@OutOfCycling) <a href=\"https:\/\/twitter.com\/OutOfCycling\/status\/1437829888518598664?ref_src=twsrc%5Etfw\">September 14, 2021<\/a><\/p><\/blockquote>\n<p><script async data-src=\"https:\/\/platform.twitter.com\/widgets.js\" charset=\"utf-8\"><\/script><\/div>\n<h2><strong>Netflix tr\u00fckk\u00f6k<\/strong><\/h2>\n<p>A spanyol csapatr\u00f3l k\u00e9sz\u00fclt n\u00e9pszer\u0171 Movistar dokumentumfilm nem csak amiatt lett sikeres, mert betekint\u00e9st engedett a csapat \u00e9let\u00e9be, hanem a tragikom\u00e9dia miatt is, amibe fulladt. Ebben a szezonban az internet szinte meg\u0151r\u00fclt a La Vuelta utols\u00f3 szakasz\u00e1n, amikor Miguel Angel Lopez d\u00fch\u00e9ben kil\u00e9pett a versenyb\u0151l, elhagyta a csapatot \u00e9s \u00fajra csatlakozott az Astan\u00e1hoz. Ebben a pillanatban mindenki a sorozat harmadik \u00e9vad\u00e1t v\u00e1rja, hogy megtudj\u00e1k, mi is t\u00f6rt\u00e9nt pontosan azon a sorsd\u00f6nt\u0151 napon. Ez a tragikus v\u00edgj\u00e1t\u00e9k a Movistarral \u00e9s a Netflix-szel folytat\u00f3dik \u00e9s a rajong\u00f3k alig b\u00edrj\u00e1k kiv\u00e1rni.<\/p>\n<lite-youtube videoid=q0_0voAv9Pg params=\"enablejsapi=1\" style=\"background-image: url('https:\/\/i.ytimg.com\/vi_webp\/q0_0voAv9Pg\/maxresdefault.webp');\"><\/lite-youtube>\n<h2><strong>A ny\u00fajt\u00e1s k\u00f6vetkez\u0151 szintje\u00a0<\/strong><\/h2>\n<p>V\u00e9g\u00fcl ism\u00e9t visszat\u00e9r\u00fcnk a Trek-Segafredo-ba, ahol Edward Theunst csod\u00e1lhatjuk meg az idei P\u00e1rizs-Nizza versenyen.<\/p>\n<div class=\"embed-controller-wrapper\">\n<blockquote class=\"twitter-tweet\" data-width=\"500\" data-dnt=\"true\">\n<p lang=\"en\" dir=\"ltr\">Pre-race stretch demonstration from <a href=\"https:\/\/twitter.com\/EdwardTheuns?ref_src=twsrc%5Etfw\">@EdwardTheuns<\/a> \ud83d\ude46\ud83c\udffb\u200d\u2642\ufe0f<a href=\"https:\/\/twitter.com\/hashtag\/ParisNice?src=hash&amp;ref_src=twsrc%5Etfw\">#ParisNice<\/a> <a href=\"https:\/\/t.co\/qGguRh3AMq\">pic.twitter.com\/qGguRh3AMq<\/a><\/p>\n<p>&mdash; Lidl-Trek (@LidlTrek) <a href=\"https:\/\/twitter.com\/LidlTrek\/status\/1371084651910078468?ref_src=twsrc%5Etfw\">March 14, 2021<\/a><\/p><\/blockquote>\n<p><script async data-src=\"https:\/\/platform.twitter.com\/widgets.js\" charset=\"utf-8\"><\/script><\/div>\n<p>&nbsp;<\/p>\n<p>\u0150r\u00fclt egy \u00e9v volt az idei, de a Roubaix \u00e9s az Il Lombardia m\u00e9g v\u00e1rat mag\u00e1ra, sz\u00f3val fantasztikus id\u0151szak el\u0151tt \u00e1llunk!<\/p>\n<p>B\u00e1r t\u00e9ny, hogy bicikliseink mindennapjait kit\u00f6lti a versenyz\u00e9s, de nagyszer\u0171 dolog megismerni \u0151ket \u00e9s l\u00e1tni azt, hogy a ker\u00e9kp\u00e1ros k\u00f6z\u00f6ss\u00e9g mennyi mindent megtesz az\u00e9rt, hogy mosolyt csaljanak az arcunkra.<\/p>\n<p>K\u00edv\u00e1ncsian v\u00e1rjuk 2022 legviccesebb pillanatait!<\/p>\n","protected":false},"excerpt":{"rendered":"<p>A kem\u00e9ny \u00e9s hossz\u00fa 2020-as \u00e9v ut\u00e1n 2021 egy igazi meleg \u00f6lel\u00e9snek \u00e9rz\u0151d\u00f6tt a vil\u00e1g bicikli rajong\u00f3inak a szinte teljesen [&hellip;]<\/p>\n","protected":false},"author":71,"featured_media":12646,"comment_status":"open","ping_status":"open","sticky":false,"template":"","format":"standard","meta":{"footnotes":""},"categories":[12],"tags":[],"global-categories":[],"class_list":["post-12638","post","type-post","status-publish","format-standard","has-post-thumbnail","hentry","category-kozosseg-es-kultura"],"yoast_head":"<!-- This site is optimized with the Yoast SEO Premium plugin v25.3 (Yoast SEO v25.9) - https:\/\/yoast.com\/wordpress\/plugins\/seo\/ -->\n<title>2021 legviccesebb biciklis pillanatai<\/title>\n<meta name=\"description\" content=\"A kem\u00e9ny \u00e9s hossz\u00fa 2020-as \u00e9v ut\u00e1n 2021 egy igazi meleg \u00f6lel\u00e9snek \u00e9rz\u0151d\u00f6tt a vil\u00e1g bicikli rajong\u00f3inak a szinte teljesen zs\u00fafolt versenynapt\u00e1rnak k\u00f6sz\u00f6nhet\u0151en.\" \/>\n<meta name=\"robots\" content=\"index, follow, max-snippet:-1, max-image-preview:large, max-video-preview:-1\" \/>\n<link rel=\"canonical\" href=\"https:\/\/www.welovecycling.com\/hu\/kozosseg-es-kultura\/2021-legviccesebb-biciklis-pillanatai\/\" \/>\n<meta property=\"og:locale\" content=\"hu_HU\" \/>\n<meta property=\"og:type\" content=\"article\" \/>\n<meta property=\"og:title\" content=\"2021 legviccesebb biciklis pillanatai\" \/>\n<meta property=\"og:description\" content=\"A kem\u00e9ny \u00e9s hossz\u00fa 2020-as \u00e9v ut\u00e1n 2021 egy igazi meleg \u00f6lel\u00e9snek \u00e9rz\u0151d\u00f6tt a vil\u00e1g bicikli rajong\u00f3inak a szinte teljesen zs\u00fafolt versenynapt\u00e1rnak k\u00f6sz\u00f6nhet\u0151en.\" \/>\n<meta property=\"og:url\" content=\"https:\/\/www.welovecycling.com\/hu\/kozosseg-es-kultura\/2021-legviccesebb-biciklis-pillanatai\/\" \/>\n<meta property=\"og:site_name\" content=\"\u0160koda We Love Cycling - Magyarorsz\u00e1g\" \/>\n<meta property=\"article:publisher\" content=\"https:\/\/www.facebook.com\/WeLoveCyclingHungary\/\" \/>\n<meta property=\"article:published_time\" content=\"2021-10-13T06:00:31+00:00\" \/>\n<meta property=\"og:image\" content=\"https:\/\/d2p6e6u75xmxt8.cloudfront.net\/12\/2021\/10\/Tour-de-France-horse-profimedia-0620407885-CVR.jpg\" \/>\n\t<meta property=\"og:image:width\" content=\"1366\" \/>\n\t<meta property=\"og:image:height\" content=\"600\" \/>\n\t<meta property=\"og:image:type\" content=\"image\/jpeg\" \/>\n<meta name=\"author\" content=\"hegyizs\" \/>\n<meta name=\"twitter:card\" content=\"summary_large_image\" \/>\n<meta name=\"twitter:label1\" content=\"Written by\" \/>\n\t<meta name=\"twitter:data1\" content=\"Joshua Donaldson\" \/>\n\t<meta name=\"twitter:label2\" content=\"Est. reading time\" \/>\n\t<meta name=\"twitter:data2\" content=\"5\" \/>\n<script type=\"application\/ld+json\" class=\"yoast-schema-graph\">{\"@context\":\"https:\/\/schema.org\",\"@graph\":[{\"@type\":\"WebPage\",\"@id\":\"https:\/\/www.welovecycling.com\/hu\/kozosseg-es-kultura\/2021-legviccesebb-biciklis-pillanatai\/\",\"url\":\"https:\/\/www.welovecycling.com\/hu\/kozosseg-es-kultura\/2021-legviccesebb-biciklis-pillanatai\/\",\"name\":\"2021 legviccesebb biciklis pillanatai\",\"isPartOf\":{\"@id\":\"https:\/\/www.welovecycling.com\/hu\/#website\"},\"primaryImageOfPage\":{\"@id\":\"https:\/\/www.welovecycling.com\/hu\/kozosseg-es-kultura\/2021-legviccesebb-biciklis-pillanatai\/#primaryimage\"},\"image\":{\"@id\":\"https:\/\/www.welovecycling.com\/hu\/kozosseg-es-kultura\/2021-legviccesebb-biciklis-pillanatai\/#primaryimage\"},\"thumbnailUrl\":\"https:\/\/d2p6e6u75xmxt8.cloudfront.net\/12\/2021\/10\/Tour-de-France-horse-profimedia-0620407885-CVR.jpg\",\"datePublished\":\"2021-10-13T06:00:31+00:00\",\"author\":{\"@id\":\"https:\/\/www.welovecycling.com\/hu\/#\/schema\/person\/414a2aebf1801691a5320edb6468e194\"},\"description\":\"A kem\u00e9ny \u00e9s hossz\u00fa 2020-as \u00e9v ut\u00e1n 2021 egy igazi meleg \u00f6lel\u00e9snek \u00e9rz\u0151d\u00f6tt a vil\u00e1g bicikli rajong\u00f3inak a szinte teljesen zs\u00fafolt versenynapt\u00e1rnak k\u00f6sz\u00f6nhet\u0151en.\",\"breadcrumb\":{\"@id\":\"https:\/\/www.welovecycling.com\/hu\/kozosseg-es-kultura\/2021-legviccesebb-biciklis-pillanatai\/#breadcrumb\"},\"inLanguage\":\"hu\",\"potentialAction\":[{\"@type\":\"ReadAction\",\"target\":[\"https:\/\/www.welovecycling.com\/hu\/kozosseg-es-kultura\/2021-legviccesebb-biciklis-pillanatai\/\"]}]},{\"@type\":\"ImageObject\",\"inLanguage\":\"hu\",\"@id\":\"https:\/\/www.welovecycling.com\/hu\/kozosseg-es-kultura\/2021-legviccesebb-biciklis-pillanatai\/#primaryimage\",\"url\":\"https:\/\/d2p6e6u75xmxt8.cloudfront.net\/12\/2021\/10\/Tour-de-France-horse-profimedia-0620407885-CVR.jpg\",\"contentUrl\":\"https:\/\/d2p6e6u75xmxt8.cloudfront.net\/12\/2021\/10\/Tour-de-France-horse-profimedia-0620407885-CVR.jpg\",\"width\":1366,\"height\":600,\"caption\":\"Tour de France 2021\"},{\"@type\":\"BreadcrumbList\",\"@id\":\"https:\/\/www.welovecycling.com\/hu\/kozosseg-es-kultura\/2021-legviccesebb-biciklis-pillanatai\/#breadcrumb\",\"itemListElement\":[{\"@type\":\"ListItem\",\"position\":1,\"name\":\"Home\",\"item\":\"https:\/\/www.welovecycling.com\/hu\/\"},{\"@type\":\"ListItem\",\"position\":2,\"name\":\"2021 legviccesebb biciklis pillanatai\"}]},{\"@type\":\"WebSite\",\"@id\":\"https:\/\/www.welovecycling.com\/hu\/#website\",\"url\":\"https:\/\/www.welovecycling.com\/hu\/\",\"name\":\"\u0160koda We Love Cycling - Magyarorsz\u00e1g\",\"description\":\"\u0160koda WeLoveCycling\",\"potentialAction\":[{\"@type\":\"SearchAction\",\"target\":{\"@type\":\"EntryPoint\",\"urlTemplate\":\"https:\/\/www.welovecycling.com\/hu\/?s={search_term_string}\"},\"query-input\":{\"@type\":\"PropertyValueSpecification\",\"valueRequired\":true,\"valueName\":\"search_term_string\"}}],\"inLanguage\":\"hu\"},{\"@type\":\"Person\",\"@id\":\"https:\/\/www.welovecycling.com\/hu\/#\/schema\/person\/414a2aebf1801691a5320edb6468e194\",\"name\":\"hegyizs\",\"image\":{\"@type\":\"ImageObject\",\"inLanguage\":\"hu\",\"@id\":\"https:\/\/www.welovecycling.com\/hu\/#\/schema\/person\/image\/\",\"url\":\"https:\/\/secure.gravatar.com\/avatar\/02cf8a7906b8cf90cecb4679defac7cfd33a1c2e3b88e4903d947f3bb58eedd3?s=96&d=mm&r=g\",\"contentUrl\":\"https:\/\/secure.gravatar.com\/avatar\/02cf8a7906b8cf90cecb4679defac7cfd33a1c2e3b88e4903d947f3bb58eedd3?s=96&d=mm&r=g\",\"caption\":\"hegyizs\"},\"url\":\"https:\/\/www.welovecycling.com\/hu\/author\/hegyizs\/\"}]}<\/script>\n<!-- \/ Yoast SEO Premium plugin. -->","yoast_head_json":{"title":"2021 legviccesebb biciklis pillanatai","description":"A kem\u00e9ny \u00e9s hossz\u00fa 2020-as \u00e9v ut\u00e1n 2021 egy igazi meleg \u00f6lel\u00e9snek \u00e9rz\u0151d\u00f6tt a vil\u00e1g bicikli rajong\u00f3inak a szinte teljesen zs\u00fafolt versenynapt\u00e1rnak k\u00f6sz\u00f6nhet\u0151en.","robots":{"index":"index","follow":"follow","max-snippet":"max-snippet:-1","max-image-preview":"max-image-preview:large","max-video-preview":"max-video-preview:-1"},"canonical":"https:\/\/www.welovecycling.com\/hu\/kozosseg-es-kultura\/2021-legviccesebb-biciklis-pillanatai\/","og_locale":"hu_HU","og_type":"article","og_title":"2021 legviccesebb biciklis pillanatai","og_description":"A kem\u00e9ny \u00e9s hossz\u00fa 2020-as \u00e9v ut\u00e1n 2021 egy igazi meleg \u00f6lel\u00e9snek \u00e9rz\u0151d\u00f6tt a vil\u00e1g bicikli rajong\u00f3inak a szinte teljesen zs\u00fafolt versenynapt\u00e1rnak k\u00f6sz\u00f6nhet\u0151en.","og_url":"https:\/\/www.welovecycling.com\/hu\/kozosseg-es-kultura\/2021-legviccesebb-biciklis-pillanatai\/","og_site_name":"\u0160koda We Love Cycling - Magyarorsz\u00e1g","article_publisher":"https:\/\/www.facebook.com\/WeLoveCyclingHungary\/","article_published_time":"2021-10-13T06:00:31+00:00","og_image":[{"width":1366,"height":600,"url":"https:\/\/d2p6e6u75xmxt8.cloudfront.net\/12\/2021\/10\/Tour-de-France-horse-profimedia-0620407885-CVR.jpg","type":"image\/jpeg"}],"author":"hegyizs","twitter_card":"summary_large_image","twitter_misc":{"Written by":"Joshua Donaldson","Est. reading time":"5"},"schema":{"@context":"https:\/\/schema.org","@graph":[{"@type":"WebPage","@id":"https:\/\/www.welovecycling.com\/hu\/kozosseg-es-kultura\/2021-legviccesebb-biciklis-pillanatai\/","url":"https:\/\/www.welovecycling.com\/hu\/kozosseg-es-kultura\/2021-legviccesebb-biciklis-pillanatai\/","name":"2021 legviccesebb biciklis pillanatai","isPartOf":{"@id":"https:\/\/www.welovecycling.com\/hu\/#website"},"primaryImageOfPage":{"@id":"https:\/\/www.welovecycling.com\/hu\/kozosseg-es-kultura\/2021-legviccesebb-biciklis-pillanatai\/#primaryimage"},"image":{"@id":"https:\/\/www.welovecycling.com\/hu\/kozosseg-es-kultura\/2021-legviccesebb-biciklis-pillanatai\/#primaryimage"},"thumbnailUrl":"https:\/\/d2p6e6u75xmxt8.cloudfront.net\/12\/2021\/10\/Tour-de-France-horse-profimedia-0620407885-CVR.jpg","datePublished":"2021-10-13T06:00:31+00:00","author":{"@id":"https:\/\/www.welovecycling.com\/hu\/#\/schema\/person\/414a2aebf1801691a5320edb6468e194"},"description":"A kem\u00e9ny \u00e9s hossz\u00fa 2020-as \u00e9v ut\u00e1n 2021 egy igazi meleg \u00f6lel\u00e9snek \u00e9rz\u0151d\u00f6tt a vil\u00e1g bicikli rajong\u00f3inak a szinte teljesen zs\u00fafolt versenynapt\u00e1rnak k\u00f6sz\u00f6nhet\u0151en.","breadcrumb":{"@id":"https:\/\/www.welovecycling.com\/hu\/kozosseg-es-kultura\/2021-legviccesebb-biciklis-pillanatai\/#breadcrumb"},"inLanguage":"hu","potentialAction":[{"@type":"ReadAction","target":["https:\/\/www.welovecycling.com\/hu\/kozosseg-es-kultura\/2021-legviccesebb-biciklis-pillanatai\/"]}]},{"@type":"ImageObject","inLanguage":"hu","@id":"https:\/\/www.welovecycling.com\/hu\/kozosseg-es-kultura\/2021-legviccesebb-biciklis-pillanatai\/#primaryimage","url":"https:\/\/d2p6e6u75xmxt8.cloudfront.net\/12\/2021\/10\/Tour-de-France-horse-profimedia-0620407885-CVR.jpg","contentUrl":"https:\/\/d2p6e6u75xmxt8.cloudfront.net\/12\/2021\/10\/Tour-de-France-horse-profimedia-0620407885-CVR.jpg","width":1366,"height":600,"caption":"Tour de France 2021"},{"@type":"BreadcrumbList","@id":"https:\/\/www.welovecycling.com\/hu\/kozosseg-es-kultura\/2021-legviccesebb-biciklis-pillanatai\/#breadcrumb","itemListElement":[{"@type":"ListItem","position":1,"name":"Home","item":"https:\/\/www.welovecycling.com\/hu\/"},{"@type":"ListItem","position":2,"name":"2021 legviccesebb biciklis pillanatai"}]},{"@type":"WebSite","@id":"https:\/\/www.welovecycling.com\/hu\/#website","url":"https:\/\/www.welovecycling.com\/hu\/","name":"\u0160koda We Love Cycling - Magyarorsz\u00e1g","description":"\u0160koda WeLoveCycling","potentialAction":[{"@type":"SearchAction","target":{"@type":"EntryPoint","urlTemplate":"https:\/\/www.welovecycling.com\/hu\/?s={search_term_string}"},"query-input":{"@type":"PropertyValueSpecification","valueRequired":true,"valueName":"search_term_string"}}],"inLanguage":"hu"},{"@type":"Person","@id":"https:\/\/www.welovecycling.com\/hu\/#\/schema\/person\/414a2aebf1801691a5320edb6468e194","name":"hegyizs","image":{"@type":"ImageObject","inLanguage":"hu","@id":"https:\/\/www.welovecycling.com\/hu\/#\/schema\/person\/image\/","url":"https:\/\/secure.gravatar.com\/avatar\/02cf8a7906b8cf90cecb4679defac7cfd33a1c2e3b88e4903d947f3bb58eedd3?s=96&d=mm&r=g","contentUrl":"https:\/\/secure.gravatar.com\/avatar\/02cf8a7906b8cf90cecb4679defac7cfd33a1c2e3b88e4903d947f3bb58eedd3?s=96&d=mm&r=g","caption":"hegyizs"},"url":"https:\/\/www.welovecycling.com\/hu\/author\/hegyizs\/"}]}},"_links":{"self":[{"href":"https:\/\/www.welovecycling.com\/hu\/wp-json\/wp\/v2\/posts\/12638","targetHints":{"allow":["GET"]}}],"collection":[{"href":"https:\/\/www.welovecycling.com\/hu\/wp-json\/wp\/v2\/posts"}],"about":[{"href":"https:\/\/www.welovecycling.com\/hu\/wp-json\/wp\/v2\/types\/post"}],"author":[{"embeddable":true,"href":"https:\/\/www.welovecycling.com\/hu\/wp-json\/wp\/v2\/users\/71"}],"replies":[{"embeddable":true,"href":"https:\/\/www.welovecycling.com\/hu\/wp-json\/wp\/v2\/comments?post=12638"}],"version-history":[{"count":2,"href":"https:\/\/www.welovecycling.com\/hu\/wp-json\/wp\/v2\/posts\/12638\/revisions"}],"predecessor-version":[{"id":12676,"href":"https:\/\/www.welovecycling.com\/hu\/wp-json\/wp\/v2\/posts\/12638\/revisions\/12676"}],"wp:featuredmedia":[{"embeddable":true,"href":"https:\/\/www.welovecycling.com\/hu\/wp-json\/wp\/v2\/media\/12646"}],"wp:attachment":[{"href":"https:\/\/www.welovecycling.com\/hu\/wp-json\/wp\/v2\/media?parent=12638"}],"wp:term":[{"taxonomy":"category","embeddable":true,"href":"https:\/\/www.welovecycling.com\/hu\/wp-json\/wp\/v2\/categories?post=12638"},{"taxonomy":"post_tag","embeddable":true,"href":"https:\/\/www.welovecycling.com\/hu\/wp-json\/wp\/v2\/tags?post=12638"},{"taxonomy":"global-categories","embeddable":true,"href":"https:\/\/www.welovecycling.com\/hu\/wp-json\/wp\/v2\/global-categories?post=12638"}],"curies":[{"name":"wp","href":"https:\/\/api.w.org\/{rel}","templated":true}]}}