{"id":12626,"date":"2021-10-07T08:00:04","date_gmt":"2021-10-07T06:00:04","guid":{"rendered":"https:\/\/www.welovecycling.com\/hu\/?p=12626"},"modified":"2021-10-07T15:44:21","modified_gmt":"2021-10-07T13:44:21","slug":"vegre-egy-hirlevel-ami-tenyleg-erdekel-iratkozz-fel-es-nyerj","status":"publish","type":"post","link":"https:\/\/www.welovecycling.com\/hu\/kozosseg-es-kultura\/vegre-egy-hirlevel-ami-tenyleg-erdekel-iratkozz-fel-es-nyerj\/","title":{"rendered":"V\u00e9gre egy h\u00edrlev\u00e9l, ami t\u00e9nyleg \u00e9rdekel \u2013 Iratkozz fel \u00e9s nyerj!"},"content":{"rendered":"<p><strong>Tudjuk, hogy neh\u00e9z elk\u00f6telez\u0151dni. Nem v\u00e9letlen\u00fcl ker\u00fclgetj\u00fck h\u00f3napokig \u00e1lmaink bring\u00e1j\u00e1t, miel\u0151tt megvenn\u00e9nk. Nem v\u00e9letlen\u00fcl \u00e1llunk hossz\u00fa percekig a h\u0171t\u0151 el\u0151tt, hogy eld\u00f6nts\u00fck, mit is akarunk enni. \u00c9s nem v\u00e9letlen\u00fcl z\u00e1rjuk be azonnal az ablakot, ha megl\u00e1tjuk azt a sz\u00f3t, hogy \u201eh\u00edrlev\u00e9l.\u201d<\/strong><!--more--><\/p>\n<p>De most adunk egy plusz l\u00f6ketet, ami seg\u00edt meghozni a d\u00f6nt\u00e9st. Ha feliratkozol h\u00edrlevel\u00fcnkre, szuper bring\u00e1s aj\u00e1nd\u00e9kcsomagot nyerhetsz!<\/p>\n<p>A csomag egy bicajos szersz\u00e1mk\u00e9szletet, egy szem\u00fcveget, egy pump\u00e1t \u00e9s egy l\u00e1mp\u00e1t tartalmaz. Ezekb\u0151l sosem lehet el\u00e9g otthon, nem igaz?<\/p>\n<p>R\u00e1ad\u00e1sul innent\u0151l kezdve, minden h\u00f3napban \u00e9rkezik a postafi\u00f3kodba egy lev\u00e9l, amiben tippeket is tal\u00e1lsz az aj\u00e1nd\u00e9kaid haszn\u00e1lat\u00e1hoz! Kiv\u00e9ve a napszem\u00fcveghez. Szerint\u00fcnk az egyed\u00fcl is menni fog.<\/p>\n<p>A ker\u00e9kp\u00e1roz\u00e1s mindenki\u00e9 \u2013 azt szeretj\u00fck ebben a sportban, hogy a legk\u00fcl\u00f6nb\u00f6z\u0151bb embereket k\u00f6ti \u00f6ssze. Lehet teh\u00e1t, hogy nem csak a szem\u00fcveget, de a szersz\u00e1mokat is profin haszn\u00e1lod, de biztosak vagyunk benne, hogy Tech rovatunkban akkor is tal\u00e1lsz \u00fajdons\u00e1got! Ha pedig kicsit sem \u00e9rdekel, hogy m\u0171k\u00f6dik a bring\u00e1d, csak tekerni akarsz rajta, im\u00e1dni fogod a H\u00f3nap \u00fatvonal\u00e1t! Lehetsz lelkes szurkol\u00f3, sz\u0151rtelen l\u00e1b\u00fa kilom\u00e9terfal\u00f3, mazochista hegym\u00e1sz\u00f3 vagy a leny\u0171g\u00f6z\u0151 kil\u00e1t\u00e1sok szerelmese \u2013 h\u00edrlevel\u00fcnkben meg fogod tal\u00e1lni azt, ami \u00e9rdekel. Mire v\u00e1rsz m\u00e9g? Iratkozz fel! Azt\u00e1n vedd meg azt a bring\u00e1t, \u00e9s csukd be a h\u0171t\u0151t! Nem is vagy \u00e9hes, csak unatkozol: olvass ink\u00e1bb minket!<\/p>\n<p><iframe loading=\"lazy\" style=\"border: none;\" src=\"https:\/\/media.pohu.hu\/skoda\/wlc\/\" width=\"100%\" height=\"900\"><br \/>\n<\/iframe><\/p>\n","protected":false},"excerpt":{"rendered":"<p>Tudjuk, hogy neh\u00e9z elk\u00f6telez\u0151dni. Nem v\u00e9letlen\u00fcl ker\u00fclgetj\u00fck h\u00f3napokig \u00e1lmaink bring\u00e1j\u00e1t, miel\u0151tt megvenn\u00e9nk. Nem v\u00e9letlen\u00fcl \u00e1llunk hossz\u00fa percekig a h\u0171t\u0151 el\u0151tt, [&hellip;]<\/p>\n","protected":false},"author":71,"featured_media":12633,"comment_status":"open","ping_status":"open","sticky":false,"template":"","format":"standard","meta":{"footnotes":""},"categories":[12],"tags":[],"global-categories":[],"class_list":["post-12626","post","type-post","status-publish","format-standard","has-post-thumbnail","hentry","category-kozosseg-es-kultura"],"yoast_head":"<!-- This site is optimized with the Yoast SEO Premium plugin v25.3 (Yoast SEO v25.9) - https:\/\/yoast.com\/wordpress\/plugins\/seo\/ -->\n<title>V\u00e9gre egy h\u00edrlev\u00e9l, ami t\u00e9nyleg \u00e9rdekel \u2013 Iratkozz fel \u00e9s nyerj! - \u0160koda We Love Cycling - Magyarorsz\u00e1g<\/title>\n<meta name=\"description\" content=\"Tudjuk, hogy neh\u00e9z elk\u00f6telez\u0151dni. Nem v\u00e9letlen\u00fcl ker\u00fclgetj\u00fck h\u00f3napokig \u00e1lmaink bring\u00e1j\u00e1t, miel\u0151tt megvenn\u00e9nk. Nem v\u00e9letlen\u00fcl \u00e1llunk hossz\u00fa percekig a h\u0171t\u0151 el\u0151tt, hogy eld\u00f6nts\u00fck, mit is akarunk enni. \u00c9s nem v\u00e9letlen\u00fcl z\u00e1rjuk be azonnal az ablakot, ha megl\u00e1tjuk azt a sz\u00f3t, hogy \u201eh\u00edrlev\u00e9l.\u201d\" \/>\n<meta name=\"robots\" content=\"index, follow, max-snippet:-1, max-image-preview:large, max-video-preview:-1\" \/>\n<link rel=\"canonical\" href=\"https:\/\/www.welovecycling.com\/hu\/kozosseg-es-kultura\/vegre-egy-hirlevel-ami-tenyleg-erdekel-iratkozz-fel-es-nyerj\/\" \/>\n<meta property=\"og:locale\" content=\"hu_HU\" \/>\n<meta property=\"og:type\" content=\"article\" \/>\n<meta property=\"og:title\" content=\"V\u00e9gre egy h\u00edrlev\u00e9l, ami t\u00e9nyleg \u00e9rdekel \u2013 Iratkozz fel \u00e9s nyerj!\" \/>\n<meta property=\"og:description\" content=\"Tudjuk, hogy neh\u00e9z elk\u00f6telez\u0151dni. Nem v\u00e9letlen\u00fcl ker\u00fclgetj\u00fck h\u00f3napokig \u00e1lmaink bring\u00e1j\u00e1t, miel\u0151tt megvenn\u00e9nk. Nem v\u00e9letlen\u00fcl \u00e1llunk hossz\u00fa percekig a h\u0171t\u0151 el\u0151tt, hogy eld\u00f6nts\u00fck, mit is akarunk enni. \u00c9s nem v\u00e9letlen\u00fcl z\u00e1rjuk be azonnal az ablakot, ha megl\u00e1tjuk azt a sz\u00f3t, hogy \u201eh\u00edrlev\u00e9l.\u201d\" \/>\n<meta property=\"og:url\" content=\"https:\/\/www.welovecycling.com\/hu\/kozosseg-es-kultura\/vegre-egy-hirlevel-ami-tenyleg-erdekel-iratkozz-fel-es-nyerj\/\" \/>\n<meta property=\"og:site_name\" content=\"\u0160koda We Love Cycling - Magyarorsz\u00e1g\" \/>\n<meta property=\"article:publisher\" content=\"https:\/\/www.facebook.com\/WeLoveCyclingHungary\/\" \/>\n<meta property=\"article:published_time\" content=\"2021-10-07T06:00:04+00:00\" \/>\n<meta property=\"article:modified_time\" content=\"2021-10-07T13:44:21+00:00\" \/>\n<meta property=\"og:image\" content=\"https:\/\/d2p6e6u75xmxt8.cloudfront.net\/12\/2021\/10\/WL011_WLC_IRATKOZZFEL_1380x600_cikk.png\" \/>\n\t<meta property=\"og:image:width\" content=\"1380\" \/>\n\t<meta property=\"og:image:height\" content=\"600\" \/>\n\t<meta property=\"og:image:type\" content=\"image\/png\" \/>\n<meta name=\"author\" content=\"hegyizs\" \/>\n<meta name=\"twitter:card\" content=\"summary_large_image\" \/>\n<meta name=\"twitter:label1\" content=\"Written by\" \/>\n\t<meta name=\"twitter:data1\" content=\"WLC\" \/>\n\t<meta name=\"twitter:label2\" content=\"Est. reading time\" \/>\n\t<meta name=\"twitter:data2\" content=\"2 minutes\" \/>\n<script type=\"application\/ld+json\" class=\"yoast-schema-graph\">{\"@context\":\"https:\/\/schema.org\",\"@graph\":[{\"@type\":\"WebPage\",\"@id\":\"https:\/\/www.welovecycling.com\/hu\/kozosseg-es-kultura\/vegre-egy-hirlevel-ami-tenyleg-erdekel-iratkozz-fel-es-nyerj\/\",\"url\":\"https:\/\/www.welovecycling.com\/hu\/kozosseg-es-kultura\/vegre-egy-hirlevel-ami-tenyleg-erdekel-iratkozz-fel-es-nyerj\/\",\"name\":\"V\u00e9gre egy h\u00edrlev\u00e9l, ami t\u00e9nyleg \u00e9rdekel \u2013 Iratkozz fel \u00e9s nyerj! - \u0160koda We Love Cycling - Magyarorsz\u00e1g\",\"isPartOf\":{\"@id\":\"https:\/\/www.welovecycling.com\/hu\/#website\"},\"primaryImageOfPage\":{\"@id\":\"https:\/\/www.welovecycling.com\/hu\/kozosseg-es-kultura\/vegre-egy-hirlevel-ami-tenyleg-erdekel-iratkozz-fel-es-nyerj\/#primaryimage\"},\"image\":{\"@id\":\"https:\/\/www.welovecycling.com\/hu\/kozosseg-es-kultura\/vegre-egy-hirlevel-ami-tenyleg-erdekel-iratkozz-fel-es-nyerj\/#primaryimage\"},\"thumbnailUrl\":\"https:\/\/d2p6e6u75xmxt8.cloudfront.net\/12\/2021\/10\/WL011_WLC_IRATKOZZFEL_1380x600_cikk.png\",\"datePublished\":\"2021-10-07T06:00:04+00:00\",\"dateModified\":\"2021-10-07T13:44:21+00:00\",\"author\":{\"@id\":\"https:\/\/www.welovecycling.com\/hu\/#\/schema\/person\/414a2aebf1801691a5320edb6468e194\"},\"description\":\"Tudjuk, hogy neh\u00e9z elk\u00f6telez\u0151dni. Nem v\u00e9letlen\u00fcl ker\u00fclgetj\u00fck h\u00f3napokig \u00e1lmaink bring\u00e1j\u00e1t, miel\u0151tt megvenn\u00e9nk. Nem v\u00e9letlen\u00fcl \u00e1llunk hossz\u00fa percekig a h\u0171t\u0151 el\u0151tt, hogy eld\u00f6nts\u00fck, mit is akarunk enni. \u00c9s nem v\u00e9letlen\u00fcl z\u00e1rjuk be azonnal az ablakot, ha megl\u00e1tjuk azt a sz\u00f3t, hogy \u201eh\u00edrlev\u00e9l.\u201d\",\"breadcrumb\":{\"@id\":\"https:\/\/www.welovecycling.com\/hu\/kozosseg-es-kultura\/vegre-egy-hirlevel-ami-tenyleg-erdekel-iratkozz-fel-es-nyerj\/#breadcrumb\"},\"inLanguage\":\"hu\",\"potentialAction\":[{\"@type\":\"ReadAction\",\"target\":[\"https:\/\/www.welovecycling.com\/hu\/kozosseg-es-kultura\/vegre-egy-hirlevel-ami-tenyleg-erdekel-iratkozz-fel-es-nyerj\/\"]}]},{\"@type\":\"ImageObject\",\"inLanguage\":\"hu\",\"@id\":\"https:\/\/www.welovecycling.com\/hu\/kozosseg-es-kultura\/vegre-egy-hirlevel-ami-tenyleg-erdekel-iratkozz-fel-es-nyerj\/#primaryimage\",\"url\":\"https:\/\/d2p6e6u75xmxt8.cloudfront.net\/12\/2021\/10\/WL011_WLC_IRATKOZZFEL_1380x600_cikk.png\",\"contentUrl\":\"https:\/\/d2p6e6u75xmxt8.cloudfront.net\/12\/2021\/10\/WL011_WLC_IRATKOZZFEL_1380x600_cikk.png\",\"width\":1380,\"height\":600},{\"@type\":\"BreadcrumbList\",\"@id\":\"https:\/\/www.welovecycling.com\/hu\/kozosseg-es-kultura\/vegre-egy-hirlevel-ami-tenyleg-erdekel-iratkozz-fel-es-nyerj\/#breadcrumb\",\"itemListElement\":[{\"@type\":\"ListItem\",\"position\":1,\"name\":\"Home\",\"item\":\"https:\/\/www.welovecycling.com\/hu\/\"},{\"@type\":\"ListItem\",\"position\":2,\"name\":\"V\u00e9gre egy h\u00edrlev\u00e9l, ami t\u00e9nyleg \u00e9rdekel \u2013 Iratkozz fel \u00e9s nyerj!\"}]},{\"@type\":\"WebSite\",\"@id\":\"https:\/\/www.welovecycling.com\/hu\/#website\",\"url\":\"https:\/\/www.welovecycling.com\/hu\/\",\"name\":\"\u0160koda We Love Cycling - Magyarorsz\u00e1g\",\"description\":\"\u0160koda WeLoveCycling\",\"potentialAction\":[{\"@type\":\"SearchAction\",\"target\":{\"@type\":\"EntryPoint\",\"urlTemplate\":\"https:\/\/www.welovecycling.com\/hu\/?s={search_term_string}\"},\"query-input\":{\"@type\":\"PropertyValueSpecification\",\"valueRequired\":true,\"valueName\":\"search_term_string\"}}],\"inLanguage\":\"hu\"},{\"@type\":\"Person\",\"@id\":\"https:\/\/www.welovecycling.com\/hu\/#\/schema\/person\/414a2aebf1801691a5320edb6468e194\",\"name\":\"hegyizs\",\"image\":{\"@type\":\"ImageObject\",\"inLanguage\":\"hu\",\"@id\":\"https:\/\/www.welovecycling.com\/hu\/#\/schema\/person\/image\/\",\"url\":\"https:\/\/secure.gravatar.com\/avatar\/02cf8a7906b8cf90cecb4679defac7cfd33a1c2e3b88e4903d947f3bb58eedd3?s=96&d=mm&r=g\",\"contentUrl\":\"https:\/\/secure.gravatar.com\/avatar\/02cf8a7906b8cf90cecb4679defac7cfd33a1c2e3b88e4903d947f3bb58eedd3?s=96&d=mm&r=g\",\"caption\":\"hegyizs\"},\"url\":\"https:\/\/www.welovecycling.com\/hu\/author\/hegyizs\/\"}]}<\/script>\n<!-- \/ Yoast SEO Premium plugin. -->","yoast_head_json":{"title":"V\u00e9gre egy h\u00edrlev\u00e9l, ami t\u00e9nyleg \u00e9rdekel \u2013 Iratkozz fel \u00e9s nyerj! - \u0160koda We Love Cycling - Magyarorsz\u00e1g","description":"Tudjuk, hogy neh\u00e9z elk\u00f6telez\u0151dni. Nem v\u00e9letlen\u00fcl ker\u00fclgetj\u00fck h\u00f3napokig \u00e1lmaink bring\u00e1j\u00e1t, miel\u0151tt megvenn\u00e9nk. Nem v\u00e9letlen\u00fcl \u00e1llunk hossz\u00fa percekig a h\u0171t\u0151 el\u0151tt, hogy eld\u00f6nts\u00fck, mit is akarunk enni. \u00c9s nem v\u00e9letlen\u00fcl z\u00e1rjuk be azonnal az ablakot, ha megl\u00e1tjuk azt a sz\u00f3t, hogy \u201eh\u00edrlev\u00e9l.\u201d","robots":{"index":"index","follow":"follow","max-snippet":"max-snippet:-1","max-image-preview":"max-image-preview:large","max-video-preview":"max-video-preview:-1"},"canonical":"https:\/\/www.welovecycling.com\/hu\/kozosseg-es-kultura\/vegre-egy-hirlevel-ami-tenyleg-erdekel-iratkozz-fel-es-nyerj\/","og_locale":"hu_HU","og_type":"article","og_title":"V\u00e9gre egy h\u00edrlev\u00e9l, ami t\u00e9nyleg \u00e9rdekel \u2013 Iratkozz fel \u00e9s nyerj!","og_description":"Tudjuk, hogy neh\u00e9z elk\u00f6telez\u0151dni. Nem v\u00e9letlen\u00fcl ker\u00fclgetj\u00fck h\u00f3napokig \u00e1lmaink bring\u00e1j\u00e1t, miel\u0151tt megvenn\u00e9nk. Nem v\u00e9letlen\u00fcl \u00e1llunk hossz\u00fa percekig a h\u0171t\u0151 el\u0151tt, hogy eld\u00f6nts\u00fck, mit is akarunk enni. \u00c9s nem v\u00e9letlen\u00fcl z\u00e1rjuk be azonnal az ablakot, ha megl\u00e1tjuk azt a sz\u00f3t, hogy \u201eh\u00edrlev\u00e9l.\u201d","og_url":"https:\/\/www.welovecycling.com\/hu\/kozosseg-es-kultura\/vegre-egy-hirlevel-ami-tenyleg-erdekel-iratkozz-fel-es-nyerj\/","og_site_name":"\u0160koda We Love Cycling - Magyarorsz\u00e1g","article_publisher":"https:\/\/www.facebook.com\/WeLoveCyclingHungary\/","article_published_time":"2021-10-07T06:00:04+00:00","article_modified_time":"2021-10-07T13:44:21+00:00","og_image":[{"width":1380,"height":600,"url":"https:\/\/d2p6e6u75xmxt8.cloudfront.net\/12\/2021\/10\/WL011_WLC_IRATKOZZFEL_1380x600_cikk.png","type":"image\/png"}],"author":"hegyizs","twitter_card":"summary_large_image","twitter_misc":{"Written by":"WLC","Est. reading time":"2 minutes"},"schema":{"@context":"https:\/\/schema.org","@graph":[{"@type":"WebPage","@id":"https:\/\/www.welovecycling.com\/hu\/kozosseg-es-kultura\/vegre-egy-hirlevel-ami-tenyleg-erdekel-iratkozz-fel-es-nyerj\/","url":"https:\/\/www.welovecycling.com\/hu\/kozosseg-es-kultura\/vegre-egy-hirlevel-ami-tenyleg-erdekel-iratkozz-fel-es-nyerj\/","name":"V\u00e9gre egy h\u00edrlev\u00e9l, ami t\u00e9nyleg \u00e9rdekel \u2013 Iratkozz fel \u00e9s nyerj! - \u0160koda We Love Cycling - Magyarorsz\u00e1g","isPartOf":{"@id":"https:\/\/www.welovecycling.com\/hu\/#website"},"primaryImageOfPage":{"@id":"https:\/\/www.welovecycling.com\/hu\/kozosseg-es-kultura\/vegre-egy-hirlevel-ami-tenyleg-erdekel-iratkozz-fel-es-nyerj\/#primaryimage"},"image":{"@id":"https:\/\/www.welovecycling.com\/hu\/kozosseg-es-kultura\/vegre-egy-hirlevel-ami-tenyleg-erdekel-iratkozz-fel-es-nyerj\/#primaryimage"},"thumbnailUrl":"https:\/\/d2p6e6u75xmxt8.cloudfront.net\/12\/2021\/10\/WL011_WLC_IRATKOZZFEL_1380x600_cikk.png","datePublished":"2021-10-07T06:00:04+00:00","dateModified":"2021-10-07T13:44:21+00:00","author":{"@id":"https:\/\/www.welovecycling.com\/hu\/#\/schema\/person\/414a2aebf1801691a5320edb6468e194"},"description":"Tudjuk, hogy neh\u00e9z elk\u00f6telez\u0151dni. Nem v\u00e9letlen\u00fcl ker\u00fclgetj\u00fck h\u00f3napokig \u00e1lmaink bring\u00e1j\u00e1t, miel\u0151tt megvenn\u00e9nk. Nem v\u00e9letlen\u00fcl \u00e1llunk hossz\u00fa percekig a h\u0171t\u0151 el\u0151tt, hogy eld\u00f6nts\u00fck, mit is akarunk enni. \u00c9s nem v\u00e9letlen\u00fcl z\u00e1rjuk be azonnal az ablakot, ha megl\u00e1tjuk azt a sz\u00f3t, hogy \u201eh\u00edrlev\u00e9l.\u201d","breadcrumb":{"@id":"https:\/\/www.welovecycling.com\/hu\/kozosseg-es-kultura\/vegre-egy-hirlevel-ami-tenyleg-erdekel-iratkozz-fel-es-nyerj\/#breadcrumb"},"inLanguage":"hu","potentialAction":[{"@type":"ReadAction","target":["https:\/\/www.welovecycling.com\/hu\/kozosseg-es-kultura\/vegre-egy-hirlevel-ami-tenyleg-erdekel-iratkozz-fel-es-nyerj\/"]}]},{"@type":"ImageObject","inLanguage":"hu","@id":"https:\/\/www.welovecycling.com\/hu\/kozosseg-es-kultura\/vegre-egy-hirlevel-ami-tenyleg-erdekel-iratkozz-fel-es-nyerj\/#primaryimage","url":"https:\/\/d2p6e6u75xmxt8.cloudfront.net\/12\/2021\/10\/WL011_WLC_IRATKOZZFEL_1380x600_cikk.png","contentUrl":"https:\/\/d2p6e6u75xmxt8.cloudfront.net\/12\/2021\/10\/WL011_WLC_IRATKOZZFEL_1380x600_cikk.png","width":1380,"height":600},{"@type":"BreadcrumbList","@id":"https:\/\/www.welovecycling.com\/hu\/kozosseg-es-kultura\/vegre-egy-hirlevel-ami-tenyleg-erdekel-iratkozz-fel-es-nyerj\/#breadcrumb","itemListElement":[{"@type":"ListItem","position":1,"name":"Home","item":"https:\/\/www.welovecycling.com\/hu\/"},{"@type":"ListItem","position":2,"name":"V\u00e9gre egy h\u00edrlev\u00e9l, ami t\u00e9nyleg \u00e9rdekel \u2013 Iratkozz fel \u00e9s nyerj!"}]},{"@type":"WebSite","@id":"https:\/\/www.welovecycling.com\/hu\/#website","url":"https:\/\/www.welovecycling.com\/hu\/","name":"\u0160koda We Love Cycling - Magyarorsz\u00e1g","description":"\u0160koda WeLoveCycling","potentialAction":[{"@type":"SearchAction","target":{"@type":"EntryPoint","urlTemplate":"https:\/\/www.welovecycling.com\/hu\/?s={search_term_string}"},"query-input":{"@type":"PropertyValueSpecification","valueRequired":true,"valueName":"search_term_string"}}],"inLanguage":"hu"},{"@type":"Person","@id":"https:\/\/www.welovecycling.com\/hu\/#\/schema\/person\/414a2aebf1801691a5320edb6468e194","name":"hegyizs","image":{"@type":"ImageObject","inLanguage":"hu","@id":"https:\/\/www.welovecycling.com\/hu\/#\/schema\/person\/image\/","url":"https:\/\/secure.gravatar.com\/avatar\/02cf8a7906b8cf90cecb4679defac7cfd33a1c2e3b88e4903d947f3bb58eedd3?s=96&d=mm&r=g","contentUrl":"https:\/\/secure.gravatar.com\/avatar\/02cf8a7906b8cf90cecb4679defac7cfd33a1c2e3b88e4903d947f3bb58eedd3?s=96&d=mm&r=g","caption":"hegyizs"},"url":"https:\/\/www.welovecycling.com\/hu\/author\/hegyizs\/"}]}},"_links":{"self":[{"href":"https:\/\/www.welovecycling.com\/hu\/wp-json\/wp\/v2\/posts\/12626","targetHints":{"allow":["GET"]}}],"collection":[{"href":"https:\/\/www.welovecycling.com\/hu\/wp-json\/wp\/v2\/posts"}],"about":[{"href":"https:\/\/www.welovecycling.com\/hu\/wp-json\/wp\/v2\/types\/post"}],"author":[{"embeddable":true,"href":"https:\/\/www.welovecycling.com\/hu\/wp-json\/wp\/v2\/users\/71"}],"replies":[{"embeddable":true,"href":"https:\/\/www.welovecycling.com\/hu\/wp-json\/wp\/v2\/comments?post=12626"}],"version-history":[{"count":2,"href":"https:\/\/www.welovecycling.com\/hu\/wp-json\/wp\/v2\/posts\/12626\/revisions"}],"predecessor-version":[{"id":12636,"href":"https:\/\/www.welovecycling.com\/hu\/wp-json\/wp\/v2\/posts\/12626\/revisions\/12636"}],"wp:featuredmedia":[{"embeddable":true,"href":"https:\/\/www.welovecycling.com\/hu\/wp-json\/wp\/v2\/media\/12633"}],"wp:attachment":[{"href":"https:\/\/www.welovecycling.com\/hu\/wp-json\/wp\/v2\/media?parent=12626"}],"wp:term":[{"taxonomy":"category","embeddable":true,"href":"https:\/\/www.welovecycling.com\/hu\/wp-json\/wp\/v2\/categories?post=12626"},{"taxonomy":"post_tag","embeddable":true,"href":"https:\/\/www.welovecycling.com\/hu\/wp-json\/wp\/v2\/tags?post=12626"},{"taxonomy":"global-categories","embeddable":true,"href":"https:\/\/www.welovecycling.com\/hu\/wp-json\/wp\/v2\/global-categories?post=12626"}],"curies":[{"name":"wp","href":"https:\/\/api.w.org\/{rel}","templated":true}]}}