{"id":12605,"date":"2021-10-03T08:00:36","date_gmt":"2021-10-03T06:00:36","guid":{"rendered":"https:\/\/www.welovecycling.com\/hu\/?p=12605"},"modified":"2021-10-04T11:18:51","modified_gmt":"2021-10-04T09:18:51","slug":"emberfeletti-400-meteres-rekorddontessel-joss-lowden-az-egyoras-kerekparozas-uj-noi-csucstartoja","status":"publish","type":"post","link":"https:\/\/www.welovecycling.com\/hu\/orszaguti-kerekpar\/emberfeletti-400-meteres-rekorddontessel-joss-lowden-az-egyoras-kerekparozas-uj-noi-csucstartoja\/","title":{"rendered":"Emberfeletti: 48.405 km-rel Joss Lowden az egy\u00f3r\u00e1s ker\u00e9kp\u00e1roz\u00e1s \u00faj n\u0151i vil\u00e1gcs\u00facstart\u00f3ja"},"content":{"rendered":"<p><b data-stringify-type=\"bold\">A 33 \u00e9ves brit amazon hatvan percnyi k\u0151kem\u00e9ny koncentr\u00e1ci\u00f3val 398 m\u00e9terrel sz\u00e1rnyalta t\u00fal a\u00a0grencheni velodrom ov\u00e1lp\u00e1ly\u00e1j\u00e1n Vittoria Bussi 2018-as rekordj\u00e1t.<\/b><br \/>\n<!--more--><\/p>\n<p>Az egy\u00f3r\u00e1s ker\u00e9kp\u00e1roz\u00e1s rekordj\u00e1nak megd\u00f6nt\u00e9se m\u00e9g ebben a sokszor eleve emberpr\u00f3b\u00e1l\u00f3 sport\u00e1gban is az egyik legnagyobb kih\u00edv\u00e1sk\u00e9nt volt \u00e9s van sz\u00e1montartva mind a mai napig: hatvan percen \u00e1t teljes \u201eg\u00e1zzal\u201d tekerni t\u00e9nyleg emberfeletti kitart\u00e1st \u00e9s koncentr\u00e1ci\u00f3t ig\u00e9nyel, nem v\u00e9letlen\u00fcl jellemezte \u00edgy a m\u0171fajt a f\u00e9rfiak kor\u00e1bbi cs\u00facstart\u00f3ja, Chris Boardman: \u201ev\u00e9gig a maxim\u00e1lis er\u0151fesz\u00edt\u00e9s \u00e9s az \u00f6ntudatlans\u00e1g k\u00f6z\u00f6tti v\u00e9kony hat\u00e1rvonalon egyens\u00falyozol.\u201d<\/p>\n<p>Ann\u00e1l elk\u00e9peszt\u0151bb, ha egy h\u00f6lgy pr\u00f3b\u00e1lkozik meg a k\u0151kem\u00e9ny kih\u00edv\u00e1ssal: 2014 \u00f3ta mind\u00f6ssze hat n\u0151 v\u00e1llalkozott r\u00e1, nem v\u00e9letlen\u00fcl.<\/p>\n<p>Ez\u00fattal a britek alapvet\u0151en orsz\u00e1g\u00fati versenyz\u0151je, az id\u0151futammen\u0151 Joscelin Lowden \u2013 vagy ahogy mindenki h\u00edvja, Joss \u2013 k\u00eds\u00e9relte meg a brav\u00fart, \u00e9s sikerrel is j\u00e1rt.<\/p>\n<figure id=\"attachment_12612\" aria-describedby=\"caption-attachment-12612\" style=\"width: 1024px\" class=\"wp-caption alignnone\"><a href=\"https:\/\/d2p6e6u75xmxt8.cloudfront.net\/12\/2021\/10\/PyPHqXbd5HTXvAakn934am-1440-80.jpg\"><img loading=\"lazy\" decoding=\"async\" class=\"size-large wp-image-12612\" src=\"https:\/\/d2p6e6u75xmxt8.cloudfront.net\/12\/2021\/10\/PyPHqXbd5HTXvAakn934am-1440-80-1024x656.jpg\" alt=\"\" width=\"1024\" height=\"656\" srcset=\"https:\/\/d2p6e6u75xmxt8.cloudfront.net\/12\/2021\/10\/PyPHqXbd5HTXvAakn934am-1440-80-1024x656.jpg 1024w, https:\/\/d2p6e6u75xmxt8.cloudfront.net\/12\/2021\/10\/PyPHqXbd5HTXvAakn934am-1440-80-300x192.jpg 300w, https:\/\/d2p6e6u75xmxt8.cloudfront.net\/12\/2021\/10\/PyPHqXbd5HTXvAakn934am-1440-80-768x492.jpg 768w, https:\/\/d2p6e6u75xmxt8.cloudfront.net\/12\/2021\/10\/PyPHqXbd5HTXvAakn934am-1440-80.jpg 1440w\" sizes=\"auto, (max-width: 1024px) 100vw, 1024px\" \/><\/a><figcaption id=\"caption-attachment-12612\" class=\"wp-caption-text\">\u00datban a rekord fel\u00e9: Joss Lowden sz\u00e1guld a grencheni velodrom szib\u00e9riai lucb\u00f3l k\u00e9sz\u00fclt fa ov\u00e1lp\u00e1ly\u00e1j\u00e1n (Matt Alexander\/PA Wire)<\/figcaption><\/figure>\n<p>A 33 esztend\u0151s, az id\u00e9n m\u00e9g a Drops-Le Colban (a k\u00f6vetkez\u0151 k\u00e9t \u00e9vben m\u00e1r az Uno-X-n\u00e9l) versenyz\u0151 kiv\u00e1l\u00f3s\u00e1g a sv\u00e1jci Grenchenben fekv\u0151 Tissot Velodrome-ot v\u00e1lasztotta helysz\u00edn\u00fcl, ahol kor\u00e1bban m\u00e1r t\u00f6bb sikeres cs\u00facsd\u00f6nt\u00e9si k\u00eds\u00e9rlet is t\u00f6rt\u00e9nt: 2014-ben Jens Voigt, esztend\u0151vel k\u00e9s\u0151bb Rohan Dennis d\u00f6nt\u00f6tte meg itt az egy\u00f3r\u00e1s ker\u00e9kp\u00e1roz\u00e1s vil\u00e1gcs\u00facs\u00e1t.<\/p>\n<p>A n\u0151kn\u00e9l az eddigi rekordot az olasz Vittoria Bussi tartotta, m\u00e9g 2018-b\u00f3l, \u0151 az 1800 m-es tengerszint feletti magaslaton fekv\u0151 mexik\u00f3i Auguscalientes velodromban tekert 48.007 kilom\u00e9tert h\u00e1rom \u00e9ve. Lowden teh\u00e1t ezt vette c\u00e9lba egy full-karbonsz\u00e1las Argon 18-as p\u00e1lyabring\u00e1val, illetve egy sp\u00e9ci, k\u00fcl\u00f6n neki k\u00e9sz\u00edtett testhez\u00e1ll\u00f3 szuperdresszben, melyet az alkalomra fejlesztett ki k\u00f6z\u00f6sen a Le Col \u00e9s a McLaren.<\/p>\n<figure id=\"attachment_12613\" aria-describedby=\"caption-attachment-12613\" style=\"width: 1000px\" class=\"wp-caption alignnone\"><a href=\"https:\/\/d2p6e6u75xmxt8.cloudfront.net\/12\/2021\/10\/unnamed.jpeg\"><img loading=\"lazy\" decoding=\"async\" class=\"size-full wp-image-12613\" src=\"https:\/\/d2p6e6u75xmxt8.cloudfront.net\/12\/2021\/10\/unnamed.jpeg\" alt=\"\" width=\"1000\" height=\"666\" srcset=\"https:\/\/d2p6e6u75xmxt8.cloudfront.net\/12\/2021\/10\/unnamed.jpeg 1000w, https:\/\/d2p6e6u75xmxt8.cloudfront.net\/12\/2021\/10\/unnamed-300x200.jpeg 300w, https:\/\/d2p6e6u75xmxt8.cloudfront.net\/12\/2021\/10\/unnamed-768x511.jpeg 768w, https:\/\/d2p6e6u75xmxt8.cloudfront.net\/12\/2021\/10\/unnamed-272x182.jpeg 272w\" sizes=\"auto, (max-width: 1000px) 100vw, 1000px\" \/><\/a><figcaption id=\"caption-attachment-12613\" class=\"wp-caption-text\">Joss Lowden szuperdressz\u00e9ben \u00e9s szuperbring\u00e1j\u00e1val (forr\u00e1s: Tom Griffiths\/Reuters)<\/figcaption><\/figure>\n<p>K\u00fcldet\u00e9se v\u00e9g\u00fcl sikerrel j\u00e1rt: t\u00f6bb mint 193 k\u00f6rt teljes\u00edtett a grencheni velodrom 250 m\u00e9teres, szib\u00e9riai lucfeny\u0151b\u0151l \u00e9p\u00edtett ov\u00e1lp\u00e1ly\u00e1j\u00e1n, ami eg\u00e9szen pontosan 48.405 km-nek felel meg \u2013 ezzel teh\u00e1t k\u00e9t m\u00e9ter h\u00edj\u00e1n 400 m\u00e9terrel (398-cal) m\u00falta fel\u00fcl Bussi \u201918-as 48.007-es rekordj\u00e1t.<\/p>\n<p>A maximalista Lowden a sikeres cs\u00facsd\u00f6nt\u00e9st k\u00f6vet\u0151en el\u00e1rulta, tudott volna gyorsabban is menni, de mivel ez egy kontroll\u00e1lt teker\u00e9s volt, el\u00e9gedett a teljes\u00edtm\u00e9ny\u00e9vel, \u00fagy ment, ahogy el\u0151zetesen szeretett volna. \u201eSzerettem volna megmutatni, hogy a sport\u00e1g n\u0151i oldala ugyanolyan neh\u00e9z, mint a f\u00e9rfiak\u00e9: mi is k\u00e9pesek vagyunk ugyanolyan sz\u00f3rakoztat\u00f3 versenyeket futni!\u201d \u2013 magyar\u00e1zta ut\u00f3bb Lowden, akinek igaz\u00e1n j\u00f3 napjai vannak: fenomen\u00e1lis teljes\u00edtm\u00e9ny\u00e9t megel\u0151z\u0151en a szeptember v\u00e9gi belgiumi orsz\u00e1g\u00fati vil\u00e1gbajnoks\u00e1gon nyolcadikk\u00e9nt v\u00e9gzett a n\u0151k egy\u00e9ni id\u0151futamverseny\u00e9ben, m\u00edg a vegyes v\u00e1lt\u00f3 csapatid\u0151futamban az \u00f6t\u00f6dik helyet szerezte meg a brit v\u00e1lt\u00f3val.<\/p>\n","protected":false},"excerpt":{"rendered":"<p>A 33 \u00e9ves brit amazon hatvan percnyi k\u0151kem\u00e9ny koncentr\u00e1ci\u00f3val 398 m\u00e9terrel sz\u00e1rnyalta t\u00fal a\u00a0grencheni velodrom ov\u00e1lp\u00e1ly\u00e1j\u00e1n Vittoria Bussi 2018-as rekordj\u00e1t.<\/p>\n","protected":false},"author":71,"featured_media":12610,"comment_status":"open","ping_status":"open","sticky":false,"template":"","format":"standard","meta":{"footnotes":""},"categories":[8],"tags":[],"global-categories":[],"class_list":["post-12605","post","type-post","status-publish","format-standard","has-post-thumbnail","hentry","category-orszaguti-kerekpar"],"yoast_head":"<!-- This site is optimized with the Yoast SEO Premium plugin v25.3 (Yoast SEO v25.9) - https:\/\/yoast.com\/wordpress\/plugins\/seo\/ -->\n<title>Emberfeletti: 48.405 km-rel Joss Lowden az egy\u00f3r\u00e1s ker\u00e9kp\u00e1roz\u00e1s \u00faj n\u0151i vil\u00e1gcs\u00facstart\u00f3ja - \u0160koda We Love Cycling - Magyarorsz\u00e1g<\/title>\n<meta name=\"description\" content=\"A 33 \u00e9ves brit amazon hatvan percnyi k\u0151kem\u00e9ny koncentr\u00e1ci\u00f3val 398 m\u00e9terrel sz\u00e1rnyalta t\u00fal a grencheni velodrom ov\u00e1lp\u00e1ly\u00e1j\u00e1n Vittoria Bussi 2018-as rekordj\u00e1t.\" \/>\n<meta name=\"robots\" content=\"index, follow, max-snippet:-1, max-image-preview:large, max-video-preview:-1\" \/>\n<link rel=\"canonical\" href=\"https:\/\/www.welovecycling.com\/hu\/orszaguti-kerekpar\/emberfeletti-400-meteres-rekorddontessel-joss-lowden-az-egyoras-kerekparozas-uj-noi-csucstartoja\/\" \/>\n<meta property=\"og:locale\" content=\"hu_HU\" \/>\n<meta property=\"og:type\" content=\"article\" \/>\n<meta property=\"og:title\" content=\"Emberfeletti: 48.405 km-rel Joss Lowden az egy\u00f3r\u00e1s ker\u00e9kp\u00e1roz\u00e1s \u00faj n\u0151i vil\u00e1gcs\u00facstart\u00f3ja\" \/>\n<meta property=\"og:description\" content=\"A 33 \u00e9ves brit amazon hatvan percnyi k\u0151kem\u00e9ny koncentr\u00e1ci\u00f3val 398 m\u00e9terrel sz\u00e1rnyalta t\u00fal a grencheni velodrom ov\u00e1lp\u00e1ly\u00e1j\u00e1n Vittoria Bussi 2018-as rekordj\u00e1t.\" \/>\n<meta property=\"og:url\" content=\"https:\/\/www.welovecycling.com\/hu\/orszaguti-kerekpar\/emberfeletti-400-meteres-rekorddontessel-joss-lowden-az-egyoras-kerekparozas-uj-noi-csucstartoja\/\" \/>\n<meta property=\"og:site_name\" content=\"\u0160koda We Love Cycling - Magyarorsz\u00e1g\" \/>\n<meta property=\"article:publisher\" content=\"https:\/\/www.facebook.com\/WeLoveCyclingHungary\/\" \/>\n<meta property=\"article:published_time\" content=\"2021-10-03T06:00:36+00:00\" \/>\n<meta property=\"article:modified_time\" content=\"2021-10-04T09:18:51+00:00\" \/>\n<meta property=\"og:image\" content=\"https:\/\/d2p6e6u75xmxt8.cloudfront.net\/12\/2021\/10\/09497712.jpeg\" \/>\n\t<meta property=\"og:image:width\" content=\"1536\" \/>\n\t<meta property=\"og:image:height\" content=\"1024\" \/>\n\t<meta property=\"og:image:type\" content=\"image\/jpeg\" \/>\n<meta name=\"author\" content=\"hegyizs\" \/>\n<meta name=\"twitter:card\" content=\"summary_large_image\" \/>\n<meta name=\"twitter:label1\" content=\"Written by\" \/>\n\t<meta name=\"twitter:data1\" content=\"WLC\" \/>\n\t<meta name=\"twitter:label2\" content=\"Est. reading time\" \/>\n\t<meta name=\"twitter:data2\" content=\"3 minutes\" \/>\n<script type=\"application\/ld+json\" class=\"yoast-schema-graph\">{\"@context\":\"https:\/\/schema.org\",\"@graph\":[{\"@type\":\"WebPage\",\"@id\":\"https:\/\/www.welovecycling.com\/hu\/orszaguti-kerekpar\/emberfeletti-400-meteres-rekorddontessel-joss-lowden-az-egyoras-kerekparozas-uj-noi-csucstartoja\/\",\"url\":\"https:\/\/www.welovecycling.com\/hu\/orszaguti-kerekpar\/emberfeletti-400-meteres-rekorddontessel-joss-lowden-az-egyoras-kerekparozas-uj-noi-csucstartoja\/\",\"name\":\"Emberfeletti: 48.405 km-rel Joss Lowden az egy\u00f3r\u00e1s ker\u00e9kp\u00e1roz\u00e1s \u00faj n\u0151i vil\u00e1gcs\u00facstart\u00f3ja - \u0160koda We Love Cycling - Magyarorsz\u00e1g\",\"isPartOf\":{\"@id\":\"https:\/\/www.welovecycling.com\/hu\/#website\"},\"primaryImageOfPage\":{\"@id\":\"https:\/\/www.welovecycling.com\/hu\/orszaguti-kerekpar\/emberfeletti-400-meteres-rekorddontessel-joss-lowden-az-egyoras-kerekparozas-uj-noi-csucstartoja\/#primaryimage\"},\"image\":{\"@id\":\"https:\/\/www.welovecycling.com\/hu\/orszaguti-kerekpar\/emberfeletti-400-meteres-rekorddontessel-joss-lowden-az-egyoras-kerekparozas-uj-noi-csucstartoja\/#primaryimage\"},\"thumbnailUrl\":\"https:\/\/d2p6e6u75xmxt8.cloudfront.net\/12\/2021\/10\/09497712.jpeg\",\"datePublished\":\"2021-10-03T06:00:36+00:00\",\"dateModified\":\"2021-10-04T09:18:51+00:00\",\"author\":{\"@id\":\"https:\/\/www.welovecycling.com\/hu\/#\/schema\/person\/414a2aebf1801691a5320edb6468e194\"},\"description\":\"A 33 \u00e9ves brit amazon hatvan percnyi k\u0151kem\u00e9ny koncentr\u00e1ci\u00f3val 398 m\u00e9terrel sz\u00e1rnyalta t\u00fal a grencheni velodrom ov\u00e1lp\u00e1ly\u00e1j\u00e1n Vittoria Bussi 2018-as rekordj\u00e1t.\",\"breadcrumb\":{\"@id\":\"https:\/\/www.welovecycling.com\/hu\/orszaguti-kerekpar\/emberfeletti-400-meteres-rekorddontessel-joss-lowden-az-egyoras-kerekparozas-uj-noi-csucstartoja\/#breadcrumb\"},\"inLanguage\":\"hu\",\"potentialAction\":[{\"@type\":\"ReadAction\",\"target\":[\"https:\/\/www.welovecycling.com\/hu\/orszaguti-kerekpar\/emberfeletti-400-meteres-rekorddontessel-joss-lowden-az-egyoras-kerekparozas-uj-noi-csucstartoja\/\"]}]},{\"@type\":\"ImageObject\",\"inLanguage\":\"hu\",\"@id\":\"https:\/\/www.welovecycling.com\/hu\/orszaguti-kerekpar\/emberfeletti-400-meteres-rekorddontessel-joss-lowden-az-egyoras-kerekparozas-uj-noi-csucstartoja\/#primaryimage\",\"url\":\"https:\/\/d2p6e6u75xmxt8.cloudfront.net\/12\/2021\/10\/09497712.jpeg\",\"contentUrl\":\"https:\/\/d2p6e6u75xmxt8.cloudfront.net\/12\/2021\/10\/09497712.jpeg\",\"width\":1536,\"height\":1024},{\"@type\":\"BreadcrumbList\",\"@id\":\"https:\/\/www.welovecycling.com\/hu\/orszaguti-kerekpar\/emberfeletti-400-meteres-rekorddontessel-joss-lowden-az-egyoras-kerekparozas-uj-noi-csucstartoja\/#breadcrumb\",\"itemListElement\":[{\"@type\":\"ListItem\",\"position\":1,\"name\":\"Home\",\"item\":\"https:\/\/www.welovecycling.com\/hu\/\"},{\"@type\":\"ListItem\",\"position\":2,\"name\":\"Emberfeletti: 48.405 km-rel Joss Lowden az egy\u00f3r\u00e1s ker\u00e9kp\u00e1roz\u00e1s \u00faj n\u0151i vil\u00e1gcs\u00facstart\u00f3ja\"}]},{\"@type\":\"WebSite\",\"@id\":\"https:\/\/www.welovecycling.com\/hu\/#website\",\"url\":\"https:\/\/www.welovecycling.com\/hu\/\",\"name\":\"\u0160koda We Love Cycling - Magyarorsz\u00e1g\",\"description\":\"\u0160koda WeLoveCycling\",\"potentialAction\":[{\"@type\":\"SearchAction\",\"target\":{\"@type\":\"EntryPoint\",\"urlTemplate\":\"https:\/\/www.welovecycling.com\/hu\/?s={search_term_string}\"},\"query-input\":{\"@type\":\"PropertyValueSpecification\",\"valueRequired\":true,\"valueName\":\"search_term_string\"}}],\"inLanguage\":\"hu\"},{\"@type\":\"Person\",\"@id\":\"https:\/\/www.welovecycling.com\/hu\/#\/schema\/person\/414a2aebf1801691a5320edb6468e194\",\"name\":\"hegyizs\",\"image\":{\"@type\":\"ImageObject\",\"inLanguage\":\"hu\",\"@id\":\"https:\/\/www.welovecycling.com\/hu\/#\/schema\/person\/image\/\",\"url\":\"https:\/\/secure.gravatar.com\/avatar\/02cf8a7906b8cf90cecb4679defac7cfd33a1c2e3b88e4903d947f3bb58eedd3?s=96&d=mm&r=g\",\"contentUrl\":\"https:\/\/secure.gravatar.com\/avatar\/02cf8a7906b8cf90cecb4679defac7cfd33a1c2e3b88e4903d947f3bb58eedd3?s=96&d=mm&r=g\",\"caption\":\"hegyizs\"},\"url\":\"https:\/\/www.welovecycling.com\/hu\/author\/hegyizs\/\"}]}<\/script>\n<!-- \/ Yoast SEO Premium plugin. -->","yoast_head_json":{"title":"Emberfeletti: 48.405 km-rel Joss Lowden az egy\u00f3r\u00e1s ker\u00e9kp\u00e1roz\u00e1s \u00faj n\u0151i vil\u00e1gcs\u00facstart\u00f3ja - \u0160koda We Love Cycling - Magyarorsz\u00e1g","description":"A 33 \u00e9ves brit amazon hatvan percnyi k\u0151kem\u00e9ny koncentr\u00e1ci\u00f3val 398 m\u00e9terrel sz\u00e1rnyalta t\u00fal a grencheni velodrom ov\u00e1lp\u00e1ly\u00e1j\u00e1n Vittoria Bussi 2018-as rekordj\u00e1t.","robots":{"index":"index","follow":"follow","max-snippet":"max-snippet:-1","max-image-preview":"max-image-preview:large","max-video-preview":"max-video-preview:-1"},"canonical":"https:\/\/www.welovecycling.com\/hu\/orszaguti-kerekpar\/emberfeletti-400-meteres-rekorddontessel-joss-lowden-az-egyoras-kerekparozas-uj-noi-csucstartoja\/","og_locale":"hu_HU","og_type":"article","og_title":"Emberfeletti: 48.405 km-rel Joss Lowden az egy\u00f3r\u00e1s ker\u00e9kp\u00e1roz\u00e1s \u00faj n\u0151i vil\u00e1gcs\u00facstart\u00f3ja","og_description":"A 33 \u00e9ves brit amazon hatvan percnyi k\u0151kem\u00e9ny koncentr\u00e1ci\u00f3val 398 m\u00e9terrel sz\u00e1rnyalta t\u00fal a grencheni velodrom ov\u00e1lp\u00e1ly\u00e1j\u00e1n Vittoria Bussi 2018-as rekordj\u00e1t.","og_url":"https:\/\/www.welovecycling.com\/hu\/orszaguti-kerekpar\/emberfeletti-400-meteres-rekorddontessel-joss-lowden-az-egyoras-kerekparozas-uj-noi-csucstartoja\/","og_site_name":"\u0160koda We Love Cycling - Magyarorsz\u00e1g","article_publisher":"https:\/\/www.facebook.com\/WeLoveCyclingHungary\/","article_published_time":"2021-10-03T06:00:36+00:00","article_modified_time":"2021-10-04T09:18:51+00:00","og_image":[{"width":1536,"height":1024,"url":"https:\/\/d2p6e6u75xmxt8.cloudfront.net\/12\/2021\/10\/09497712.jpeg","type":"image\/jpeg"}],"author":"hegyizs","twitter_card":"summary_large_image","twitter_misc":{"Written by":"WLC","Est. reading time":"3 minutes"},"schema":{"@context":"https:\/\/schema.org","@graph":[{"@type":"WebPage","@id":"https:\/\/www.welovecycling.com\/hu\/orszaguti-kerekpar\/emberfeletti-400-meteres-rekorddontessel-joss-lowden-az-egyoras-kerekparozas-uj-noi-csucstartoja\/","url":"https:\/\/www.welovecycling.com\/hu\/orszaguti-kerekpar\/emberfeletti-400-meteres-rekorddontessel-joss-lowden-az-egyoras-kerekparozas-uj-noi-csucstartoja\/","name":"Emberfeletti: 48.405 km-rel Joss Lowden az egy\u00f3r\u00e1s ker\u00e9kp\u00e1roz\u00e1s \u00faj n\u0151i vil\u00e1gcs\u00facstart\u00f3ja - \u0160koda We Love Cycling - Magyarorsz\u00e1g","isPartOf":{"@id":"https:\/\/www.welovecycling.com\/hu\/#website"},"primaryImageOfPage":{"@id":"https:\/\/www.welovecycling.com\/hu\/orszaguti-kerekpar\/emberfeletti-400-meteres-rekorddontessel-joss-lowden-az-egyoras-kerekparozas-uj-noi-csucstartoja\/#primaryimage"},"image":{"@id":"https:\/\/www.welovecycling.com\/hu\/orszaguti-kerekpar\/emberfeletti-400-meteres-rekorddontessel-joss-lowden-az-egyoras-kerekparozas-uj-noi-csucstartoja\/#primaryimage"},"thumbnailUrl":"https:\/\/d2p6e6u75xmxt8.cloudfront.net\/12\/2021\/10\/09497712.jpeg","datePublished":"2021-10-03T06:00:36+00:00","dateModified":"2021-10-04T09:18:51+00:00","author":{"@id":"https:\/\/www.welovecycling.com\/hu\/#\/schema\/person\/414a2aebf1801691a5320edb6468e194"},"description":"A 33 \u00e9ves brit amazon hatvan percnyi k\u0151kem\u00e9ny koncentr\u00e1ci\u00f3val 398 m\u00e9terrel sz\u00e1rnyalta t\u00fal a grencheni velodrom ov\u00e1lp\u00e1ly\u00e1j\u00e1n Vittoria Bussi 2018-as rekordj\u00e1t.","breadcrumb":{"@id":"https:\/\/www.welovecycling.com\/hu\/orszaguti-kerekpar\/emberfeletti-400-meteres-rekorddontessel-joss-lowden-az-egyoras-kerekparozas-uj-noi-csucstartoja\/#breadcrumb"},"inLanguage":"hu","potentialAction":[{"@type":"ReadAction","target":["https:\/\/www.welovecycling.com\/hu\/orszaguti-kerekpar\/emberfeletti-400-meteres-rekorddontessel-joss-lowden-az-egyoras-kerekparozas-uj-noi-csucstartoja\/"]}]},{"@type":"ImageObject","inLanguage":"hu","@id":"https:\/\/www.welovecycling.com\/hu\/orszaguti-kerekpar\/emberfeletti-400-meteres-rekorddontessel-joss-lowden-az-egyoras-kerekparozas-uj-noi-csucstartoja\/#primaryimage","url":"https:\/\/d2p6e6u75xmxt8.cloudfront.net\/12\/2021\/10\/09497712.jpeg","contentUrl":"https:\/\/d2p6e6u75xmxt8.cloudfront.net\/12\/2021\/10\/09497712.jpeg","width":1536,"height":1024},{"@type":"BreadcrumbList","@id":"https:\/\/www.welovecycling.com\/hu\/orszaguti-kerekpar\/emberfeletti-400-meteres-rekorddontessel-joss-lowden-az-egyoras-kerekparozas-uj-noi-csucstartoja\/#breadcrumb","itemListElement":[{"@type":"ListItem","position":1,"name":"Home","item":"https:\/\/www.welovecycling.com\/hu\/"},{"@type":"ListItem","position":2,"name":"Emberfeletti: 48.405 km-rel Joss Lowden az egy\u00f3r\u00e1s ker\u00e9kp\u00e1roz\u00e1s \u00faj n\u0151i vil\u00e1gcs\u00facstart\u00f3ja"}]},{"@type":"WebSite","@id":"https:\/\/www.welovecycling.com\/hu\/#website","url":"https:\/\/www.welovecycling.com\/hu\/","name":"\u0160koda We Love Cycling - Magyarorsz\u00e1g","description":"\u0160koda WeLoveCycling","potentialAction":[{"@type":"SearchAction","target":{"@type":"EntryPoint","urlTemplate":"https:\/\/www.welovecycling.com\/hu\/?s={search_term_string}"},"query-input":{"@type":"PropertyValueSpecification","valueRequired":true,"valueName":"search_term_string"}}],"inLanguage":"hu"},{"@type":"Person","@id":"https:\/\/www.welovecycling.com\/hu\/#\/schema\/person\/414a2aebf1801691a5320edb6468e194","name":"hegyizs","image":{"@type":"ImageObject","inLanguage":"hu","@id":"https:\/\/www.welovecycling.com\/hu\/#\/schema\/person\/image\/","url":"https:\/\/secure.gravatar.com\/avatar\/02cf8a7906b8cf90cecb4679defac7cfd33a1c2e3b88e4903d947f3bb58eedd3?s=96&d=mm&r=g","contentUrl":"https:\/\/secure.gravatar.com\/avatar\/02cf8a7906b8cf90cecb4679defac7cfd33a1c2e3b88e4903d947f3bb58eedd3?s=96&d=mm&r=g","caption":"hegyizs"},"url":"https:\/\/www.welovecycling.com\/hu\/author\/hegyizs\/"}]}},"_links":{"self":[{"href":"https:\/\/www.welovecycling.com\/hu\/wp-json\/wp\/v2\/posts\/12605","targetHints":{"allow":["GET"]}}],"collection":[{"href":"https:\/\/www.welovecycling.com\/hu\/wp-json\/wp\/v2\/posts"}],"about":[{"href":"https:\/\/www.welovecycling.com\/hu\/wp-json\/wp\/v2\/types\/post"}],"author":[{"embeddable":true,"href":"https:\/\/www.welovecycling.com\/hu\/wp-json\/wp\/v2\/users\/71"}],"replies":[{"embeddable":true,"href":"https:\/\/www.welovecycling.com\/hu\/wp-json\/wp\/v2\/comments?post=12605"}],"version-history":[{"count":2,"href":"https:\/\/www.welovecycling.com\/hu\/wp-json\/wp\/v2\/posts\/12605\/revisions"}],"predecessor-version":[{"id":12616,"href":"https:\/\/www.welovecycling.com\/hu\/wp-json\/wp\/v2\/posts\/12605\/revisions\/12616"}],"wp:featuredmedia":[{"embeddable":true,"href":"https:\/\/www.welovecycling.com\/hu\/wp-json\/wp\/v2\/media\/12610"}],"wp:attachment":[{"href":"https:\/\/www.welovecycling.com\/hu\/wp-json\/wp\/v2\/media?parent=12605"}],"wp:term":[{"taxonomy":"category","embeddable":true,"href":"https:\/\/www.welovecycling.com\/hu\/wp-json\/wp\/v2\/categories?post=12605"},{"taxonomy":"post_tag","embeddable":true,"href":"https:\/\/www.welovecycling.com\/hu\/wp-json\/wp\/v2\/tags?post=12605"},{"taxonomy":"global-categories","embeddable":true,"href":"https:\/\/www.welovecycling.com\/hu\/wp-json\/wp\/v2\/global-categories?post=12605"}],"curies":[{"name":"wp","href":"https:\/\/api.w.org\/{rel}","templated":true}]}}