{"id":12588,"date":"2021-10-07T08:00:32","date_gmt":"2021-10-07T06:00:32","guid":{"rendered":"https:\/\/www.welovecycling.com\/hu\/?p=12588"},"modified":"2021-10-04T11:47:21","modified_gmt":"2021-10-04T09:47:21","slug":"biciklivel-madarakat-lesni","status":"publish","type":"post","link":"https:\/\/www.welovecycling.com\/hu\/kozosseg-es-kultura\/biciklivel-madarakat-lesni\/","title":{"rendered":"Biciklivel madarakat lesni"},"content":{"rendered":"<p><strong>B\u00e1r k\u00e9t k\u00fcl\u00f6n hobbi a mad\u00e1rfigyel\u00e9s \u00e9s a bicikliz\u00e9s, ha kombin\u00e1ljuk a kett\u0151t eg\u00e9szen \u00faj perspekt\u00edv\u00e1t ad egyik a m\u00e1sikhoz. Madarakat lesni k\u00e9t ker\u00e9ken hossz\u00fa \u00f3r\u00e1kra kikapcsol, ak\u00e1r egyed\u00fcl, ak\u00e1r csapatban indulsz \u00fatnak.<\/strong><\/p>\n<p><!--more--><\/p>\n<p>Lehetsz ker\u00e9kp\u00e1ros, aki kicsit m\u00e1r unja megszokott \u00fatjait, vagy mad\u00e1rfigyel\u0151, aki \u00faj fajokat szeretne hozz\u00e1adni gy\u0171jtem\u00e9ny\u00e9hez. A k\u00e9t tevek\u00e9nys\u00e9g remek\u00fcl kieg\u00e9sz\u00edti egym\u00e1st, \u00e9s nem is kell sok minden ahhoz, hogy az egyik szerelmesek\u00e9nt a m\u00e1sikba is belek\u00f3stoljunk.<\/p>\n<div id='gallery-1' class='gallery galleryid-12588 gallery-columns-2 gallery-size-large'><figure class='gallery-item'>\n\t\t\t<div class='gallery-icon landscape'>\n\t\t\t\t<a href='https:\/\/d2p6e6u75xmxt8.cloudfront.net\/12\/2021\/09\/chaffinch.jpg'><img loading=\"lazy\" decoding=\"async\" width=\"1024\" height=\"683\" src=\"https:\/\/d2p6e6u75xmxt8.cloudfront.net\/12\/2021\/09\/chaffinch-1024x683.jpg\" class=\"attachment-large size-large\" alt=\"A Chaffinch\" aria-describedby=\"gallery-1-12586\" srcset=\"https:\/\/d2p6e6u75xmxt8.cloudfront.net\/12\/2021\/09\/chaffinch-1024x683.jpg 1024w, https:\/\/d2p6e6u75xmxt8.cloudfront.net\/12\/2021\/09\/chaffinch-300x200.jpg 300w, https:\/\/d2p6e6u75xmxt8.cloudfront.net\/12\/2021\/09\/chaffinch-768x512.jpg 768w, https:\/\/d2p6e6u75xmxt8.cloudfront.net\/12\/2021\/09\/chaffinch-1536x1025.jpg 1536w, https:\/\/d2p6e6u75xmxt8.cloudfront.net\/12\/2021\/09\/chaffinch-1920x1281.jpg 1920w, https:\/\/d2p6e6u75xmxt8.cloudfront.net\/12\/2021\/09\/chaffinch-272x182.jpg 272w, https:\/\/d2p6e6u75xmxt8.cloudfront.net\/12\/2021\/09\/chaffinch.jpg 2048w, https:\/\/d2p6e6u75xmxt8.cloudfront.net\/12\/2021\/09\/chaffinch-1920x1281.jpg 1920w\" sizes=\"auto, (max-width: 1024px) 100vw, 1024px\" \/><\/a>\n\t\t\t<\/div>\n\t\t\t\t<figcaption class='wp-caption-text gallery-caption' id='gallery-1-12586'>\n\t\t\t\tChaffinch\n\t\t\t\t<\/figcaption><\/figure><figure class='gallery-item'>\n\t\t\t<div class='gallery-icon landscape'>\n\t\t\t\t<a href='https:\/\/d2p6e6u75xmxt8.cloudfront.net\/12\/2021\/09\/puffin.jpg'><img loading=\"lazy\" decoding=\"async\" width=\"1024\" height=\"683\" src=\"https:\/\/d2p6e6u75xmxt8.cloudfront.net\/12\/2021\/09\/puffin-1024x683.jpg\" class=\"attachment-large size-large\" alt=\"A puffin\" aria-describedby=\"gallery-1-12587\" srcset=\"https:\/\/d2p6e6u75xmxt8.cloudfront.net\/12\/2021\/09\/puffin-1024x683.jpg 1024w, https:\/\/d2p6e6u75xmxt8.cloudfront.net\/12\/2021\/09\/puffin-300x200.jpg 300w, https:\/\/d2p6e6u75xmxt8.cloudfront.net\/12\/2021\/09\/puffin-768x512.jpg 768w, https:\/\/d2p6e6u75xmxt8.cloudfront.net\/12\/2021\/09\/puffin-272x182.jpg 272w, https:\/\/d2p6e6u75xmxt8.cloudfront.net\/12\/2021\/09\/puffin.jpg 1080w\" sizes=\"auto, (max-width: 1024px) 100vw, 1024px\" \/><\/a>\n\t\t\t<\/div>\n\t\t\t\t<figcaption class='wp-caption-text gallery-caption' id='gallery-1-12587'>\n\t\t\t\tPuffin\n\t\t\t\t<\/figcaption><\/figure>\n\t\t<\/div>\n\n<h2><strong>A mad\u00e1rles-ker\u00e9kp\u00e1rt\u00fara megtervez\u00e9se<\/strong><\/h2>\n<p>Ha olyan helyen \u00e9lsz, ahol k\u00f6zel van a term\u00e9szet, \u00e9s nagy az \u00e1llatvil\u00e1g, a ker\u00e9kp\u00e1r t\u00f6k\u00e9letes eszk\u00f6z lehet k\u00e9t mad\u00e1rles \u00e1llom\u00e1s k\u00f6z\u00f6tt. A mez zseb\u00e9ben elf\u00e9r egy kis jegyzetf\u00fczet \u00e9s egy zseb-mad\u00e1rhat\u00e1roz\u00f3, \u00edgy gyorsan azonos\u00edthatod \u00e9s fel\u00edrhatod az \u00fatvonalon tal\u00e1lt \u00e9rdekes fajokat. Ha van a k\u00f6rny\u00e9ken term\u00e9szetv\u00e9delmi ter\u00fclet vagy mad\u00e1rmegfigyel\u0151 rejtekhely, m\u00e9g k\u00fcl\u00f6nlegesebb \u00e9lm\u00e9nyben lehet r\u00e9szed! Legy\u00e9l t\u00fcrelmes \u00e9s t\u00f6lts el egy kis id\u0151t egy-egy helyen!<\/p>\n<p>V\u00e1laszd ki el\u0151re, hogy melyik helysz\u00ednt veszed c\u00e9lba, \u00e9s az odavezet\u0151 terepnek megfelel\u0151 bring\u00e1val indulj \u00fatnak. Ha ragaszkodsz az orsz\u00e1g\u00fathoz, k\u00f6nnyen kik\u00f6thetsz egy \u00fat melletti mez\u0151n vagy megfigyelheted a k\u00fclv\u00e1rosban \u00e9l\u0151 madarakat is. Ha cross vagy gravel biciklire \u00fclsz, elszigeteltebb \u00f6sv\u00e9nyeket is k\u00f6vethetsz, ahol a csendesebb k\u00f6rnyezetet kedvel\u0151 fajokra bukkanhatsz. Egy fat bike k\u00f6nnyen elvisz egy homokos terepen, egy monti pedig fel a hegyekbe, ahol ragadoz\u00f3madarakra is leshetsz. Nincs egy helyes \u00fat, az a sz\u00e9p ebben a tev\u00e9kenys\u00e9gben, hogy b\u00e1rhol tal\u00e1lhatsz \u00faj dolgokat!<\/p>\n<figure id=\"attachment_12589\" aria-describedby=\"caption-attachment-12589\" style=\"width: 1250px\" class=\"wp-caption alignnone\"><a href=\"https:\/\/d2p6e6u75xmxt8.cloudfront.net\/12\/2021\/09\/Bird-watching-profimedia-0120823677.jpg\"><img loading=\"lazy\" decoding=\"async\" class=\"wp-image-12589 size-full\" src=\"https:\/\/d2p6e6u75xmxt8.cloudfront.net\/12\/2021\/09\/Bird-watching-profimedia-0120823677.jpg\" alt=\"Birdwatching\" width=\"1250\" height=\"833\" srcset=\"https:\/\/d2p6e6u75xmxt8.cloudfront.net\/12\/2021\/09\/Bird-watching-profimedia-0120823677.jpg 1250w, https:\/\/d2p6e6u75xmxt8.cloudfront.net\/12\/2021\/09\/Bird-watching-profimedia-0120823677-300x200.jpg 300w, https:\/\/d2p6e6u75xmxt8.cloudfront.net\/12\/2021\/09\/Bird-watching-profimedia-0120823677-1024x682.jpg 1024w, https:\/\/d2p6e6u75xmxt8.cloudfront.net\/12\/2021\/09\/Bird-watching-profimedia-0120823677-768x512.jpg 768w, https:\/\/d2p6e6u75xmxt8.cloudfront.net\/12\/2021\/09\/Bird-watching-profimedia-0120823677-272x182.jpg 272w\" sizes=\"auto, (max-width: 1250px) 100vw, 1250px\" \/><\/a><figcaption id=\"caption-attachment-12589\" class=\"wp-caption-text\">Kelleni fog egy j\u00f3 t\u00e1vcs\u0151! \u00a9 Profimedia<\/figcaption><\/figure>\n<p>Nem kell sok felszerel\u00e9s a mad\u00e1rmegfigyel\u00e9shez, de egy j\u00f3 t\u00e1vcs\u0151 sokat dob az \u00e9lm\u00e9nyen: k\u00f6nnyebben azonos\u00edthatsz \u00edgy egy-egy fajt, akkor is, ha t\u00e1volabb van t\u0151led. Kezd\u0151k\u00e9nt el\u00e9gnek kell lennie egy nyolcszoros nagy\u00edt\u00e1s\u00fa kukkernek!<\/p>\n<h2><strong>Az \u00e9lm\u00e9nyek meg\u0151rz\u00e9se<\/strong><\/h2>\n<p>Van, aki szereti r\u00f6gz\u00edteni bicikli\u00fatjait, \u00e9s van, aki nem. Megint csak azt mondjuk: nincs rossz v\u00e1laszt\u00e1s. Ha te az a t\u00edpus vagy, aki amint nyeregbe \u00fcl, elind\u00edtja a Strav\u00e1t, val\u00f3sz\u00edn\u0171leg a madarakkal kapcsolatos megfigyel\u00e9seidet is \u00f6r\u00f6mmel jegyzed majd le. Erre pedig sz\u00e1mos lehet\u0151s\u00e9ged van.<\/p>\n<p>A jegyzetf\u00fczet a megfigyelt madarak r\u00f6gz\u00edt\u00e9s\u00e9nek eredeti form\u00e1ja, term\u00e9szet-napl\u00f3t vezetni pedig nagyon izgalmas. Ahelyett, hogy \u00e9lesben kellene azonos\u00edtanod az adott madarat, gyorsan lerajzolod, \u00e9s le\u00edrod az ismertet\u0151jegyeit, az alakj\u00e1t, m\u00e9ret\u00e9t, hangj\u00e1t \u00e9s hogy milyen \u00e9l\u0151helyen tal\u00e1lt\u00e1l r\u00e1. Ezek alapj\u00e1n k\u00e9s\u0151bb is beazonos\u00edthatod, otthon.<\/p>\n<figure id=\"attachment_12590\" aria-describedby=\"caption-attachment-12590\" style=\"width: 1022px\" class=\"wp-caption alignnone\"><a href=\"https:\/\/d2p6e6u75xmxt8.cloudfront.net\/12\/2021\/09\/Bird-watch-diary.jpg\"><img loading=\"lazy\" decoding=\"async\" class=\"wp-image-12590 size-full\" src=\"https:\/\/d2p6e6u75xmxt8.cloudfront.net\/12\/2021\/09\/Bird-watch-diary.jpg\" alt=\"Notebook\" width=\"1022\" height=\"575\" srcset=\"https:\/\/d2p6e6u75xmxt8.cloudfront.net\/12\/2021\/09\/Bird-watch-diary.jpg 1022w, https:\/\/d2p6e6u75xmxt8.cloudfront.net\/12\/2021\/09\/Bird-watch-diary-300x169.jpg 300w, https:\/\/d2p6e6u75xmxt8.cloudfront.net\/12\/2021\/09\/Bird-watch-diary-768x432.jpg 768w\" sizes=\"auto, (max-width: 1022px) 100vw, 1022px\" \/><\/a><figcaption id=\"caption-attachment-12590\" class=\"wp-caption-text\">Vigy\u00e9l magaddal jegyzetf\u00fczetet, hogy lerajzolhasd a megfigyelt madarakat!<\/figcaption><\/figure>\n<p>Ha hozz\u00e1 vagy szokva, hogy kicsit t\u00f6bb felszerel\u00e9st vigy\u00e9l magaddal egy-egy ker\u00e9kp\u00e1rt\u00far\u00e1ra, j\u00f3 \u00f6tlet elvinni a f\u00e9nyk\u00e9pez\u0151g\u00e9ped, hogy lefot\u00f3zhasd a madarakat \u00e9s k\u00e9s\u0151bb a k\u00e9pek alapj\u00e1n azonos\u00edtani tudd \u0151ket. Arr\u00f3l nem is besz\u00e9lve, hogy az \u00e1llatfot\u00f3z\u00e1s egy \u00faj, harmadik hobbidd\u00e1 is v\u00e1lhat! Sz\u00e1mos mobilapp is l\u00e9tezik, ami f\u00e9nyk\u00e9p alapj\u00e1n seg\u00edt beazonos\u00edtani a fajokat. Ezenk\u00edv\u00fcl olyan alkalmaz\u00e1sok is vannak, melyek a hangjuk alapj\u00e1n ismerik fel \u0151ket, ilyen p\u00e9ld\u00e1ul a BirdNET.<\/p>\n<p>Az is egy megold\u00e1s persze, ha egy\u00e1ltal\u00e1n nem r\u00f6gz\u00edted, hogy milyen madarakat l\u00e1tsz. A bicikliz\u00e9s szuper m\u00f3dja, hogy kikapcsolj, \u00e9lvezd a k\u00f6r\u00fcl\u00f6tted elter\u00fcl\u0151 vil\u00e1got, \u00e9s a pillanatra koncentr\u00e1lj. A mad\u00e1rles seg\u00edt elfelejteni a h\u00e9tk\u00f6znapok probl\u00e9m\u00e1it \u00e9s r\u00e1hangol\u00f3dni a gy\u00f3gy\u00edt\u00f3 term\u00e9szetre.<\/p>\n<h2><strong>Biztons\u00e1g<\/strong><\/h2>\n<p>Term\u00e9szetesen nem mindig azok a legbiztons\u00e1gosabb utak, ahova \u00e9rdemes mad\u00e1rlesre menni. Ha egy f\u00e9lrees\u0151 helysz\u00ednt v\u00e1lasztasz, figyelj az \u00fatra \u00e9s jegyezz meg olyan pontokat, melyek alapj\u00e1n t\u00e1j\u00e9koz\u00f3dni tudsz! Felt\u00e9tlen\u00fcl legyen n\u00e1lad defektjav\u00edt\u00f3 k\u00e9szlet. Ha terepen tekersz, k\u00e9sz\u00fclj fel minden vesz\u00e9lyre. Mindemellett persze \u00e9rezd j\u00f3l magad! Vigy\u00e9l magaddal vizet \u00e9s harapnival\u00f3t, \u00e9s igyekezz lelassulni, hogy csendben \u00e9lvezhesd a term\u00e9szetet!<\/p>\n<figure id=\"attachment_12586\" aria-describedby=\"caption-attachment-12586\" style=\"width: 1920px\" class=\"wp-caption alignnone\"><a href=\"https:\/\/d2p6e6u75xmxt8.cloudfront.net\/2\/2021\/09\/chaffinch.jpg\"><img loading=\"lazy\" decoding=\"async\" class=\"wp-image-12586 size-extra-large\" src=\"https:\/\/d2p6e6u75xmxt8.cloudfront.net\/12\/2021\/09\/chaffinch-1920x1281.jpg\" alt=\"A Chaffinch\" width=\"1920\" height=\"1281\" srcset=\"https:\/\/d2p6e6u75xmxt8.cloudfront.net\/12\/2021\/09\/chaffinch-1920x1281.jpg 1920w, https:\/\/d2p6e6u75xmxt8.cloudfront.net\/12\/2021\/09\/chaffinch-300x200.jpg 300w, https:\/\/d2p6e6u75xmxt8.cloudfront.net\/12\/2021\/09\/chaffinch-1024x683.jpg 1024w, https:\/\/d2p6e6u75xmxt8.cloudfront.net\/12\/2021\/09\/chaffinch-768x512.jpg 768w, https:\/\/d2p6e6u75xmxt8.cloudfront.net\/12\/2021\/09\/chaffinch-1536x1025.jpg 1536w, https:\/\/d2p6e6u75xmxt8.cloudfront.net\/12\/2021\/09\/chaffinch-272x182.jpg 272w, https:\/\/d2p6e6u75xmxt8.cloudfront.net\/12\/2021\/09\/chaffinch.jpg 2048w, https:\/\/d2p6e6u75xmxt8.cloudfront.net\/12\/2021\/09\/chaffinch-1920x1281.jpg 1920w\" sizes=\"auto, (max-width: 1920px) 100vw, 1920px\" \/><\/a><figcaption id=\"caption-attachment-12586\" class=\"wp-caption-text\">Pinty<\/figcaption><\/figure>\n<figure id=\"attachment_12587\" aria-describedby=\"caption-attachment-12587\" style=\"width: 1080px\" class=\"wp-caption alignnone\"><a href=\"https:\/\/d2p6e6u75xmxt8.cloudfront.net\/12\/2021\/09\/puffin.jpg\"><img loading=\"lazy\" decoding=\"async\" class=\"wp-image-12587 size-full\" src=\"https:\/\/d2p6e6u75xmxt8.cloudfront.net\/12\/2021\/09\/puffin.jpg\" alt=\"A puffin\" width=\"1080\" height=\"720\" srcset=\"https:\/\/d2p6e6u75xmxt8.cloudfront.net\/12\/2021\/09\/puffin.jpg 1080w, https:\/\/d2p6e6u75xmxt8.cloudfront.net\/12\/2021\/09\/puffin-300x200.jpg 300w, https:\/\/d2p6e6u75xmxt8.cloudfront.net\/12\/2021\/09\/puffin-1024x683.jpg 1024w, https:\/\/d2p6e6u75xmxt8.cloudfront.net\/12\/2021\/09\/puffin-768x512.jpg 768w, https:\/\/d2p6e6u75xmxt8.cloudfront.net\/12\/2021\/09\/puffin-272x182.jpg 272w\" sizes=\"auto, (max-width: 1080px) 100vw, 1080px\" \/><\/a><figcaption id=\"caption-attachment-12587\" class=\"wp-caption-text\">\u00c9szaki lunda<\/figcaption><\/figure>\n","protected":false},"excerpt":{"rendered":"<p>B\u00e1r k\u00e9t k\u00fcl\u00f6n hobbi a mad\u00e1rfigyel\u00e9s \u00e9s a bicikliz\u00e9s, ha kombin\u00e1ljuk a kett\u0151t eg\u00e9szen \u00faj perspekt\u00edv\u00e1t ad egyik a m\u00e1sikhoz. [&hellip;]<\/p>\n","protected":false},"author":71,"featured_media":12592,"comment_status":"open","ping_status":"open","sticky":false,"template":"","format":"standard","meta":{"footnotes":""},"categories":[12],"tags":[],"global-categories":[],"class_list":["post-12588","post","type-post","status-publish","format-standard","has-post-thumbnail","hentry","category-kozosseg-es-kultura"],"yoast_head":"<!-- This site is optimized with the Yoast SEO Premium plugin v25.3 (Yoast SEO v25.9) - https:\/\/yoast.com\/wordpress\/plugins\/seo\/ -->\n<title>Biciklivel madarakat lesni - \u0160koda We Love Cycling - Magyarorsz\u00e1g<\/title>\n<meta name=\"description\" content=\"B\u00e1r k\u00e9t k\u00fcl\u00f6n hobbi a mad\u00e1rfigyel\u00e9s \u00e9s a bicikliz\u00e9s, ha kombin\u00e1ljuk a kett\u0151t eg\u00e9szen \u00faj perspekt\u00edv\u00e1t ad egyik a m\u00e1sikhoz. Madarakat lesni k\u00e9t ker\u00e9ken hossz\u00fa \u00f3r\u00e1kra kikapcsol, ak\u00e1r egyed\u00fcl, ak\u00e1r csapatban indulsz \u00fatnak.\" \/>\n<meta name=\"robots\" content=\"index, follow, max-snippet:-1, max-image-preview:large, max-video-preview:-1\" \/>\n<link rel=\"canonical\" href=\"https:\/\/www.welovecycling.com\/hu\/kozosseg-es-kultura\/biciklivel-madarakat-lesni\/\" \/>\n<meta property=\"og:locale\" content=\"hu_HU\" \/>\n<meta property=\"og:type\" content=\"article\" \/>\n<meta property=\"og:title\" content=\"Biciklivel madarakat lesni\" \/>\n<meta property=\"og:description\" content=\"B\u00e1r k\u00e9t k\u00fcl\u00f6n hobbi a mad\u00e1rfigyel\u00e9s \u00e9s a bicikliz\u00e9s, ha kombin\u00e1ljuk a kett\u0151t eg\u00e9szen \u00faj perspekt\u00edv\u00e1t ad egyik a m\u00e1sikhoz. Madarakat lesni k\u00e9t ker\u00e9ken hossz\u00fa \u00f3r\u00e1kra kikapcsol, ak\u00e1r egyed\u00fcl, ak\u00e1r csapatban indulsz \u00fatnak.\" \/>\n<meta property=\"og:url\" content=\"https:\/\/www.welovecycling.com\/hu\/kozosseg-es-kultura\/biciklivel-madarakat-lesni\/\" \/>\n<meta property=\"og:site_name\" content=\"\u0160koda We Love Cycling - Magyarorsz\u00e1g\" \/>\n<meta property=\"article:publisher\" content=\"https:\/\/www.facebook.com\/WeLoveCyclingHungary\/\" \/>\n<meta property=\"article:published_time\" content=\"2021-10-07T06:00:32+00:00\" \/>\n<meta property=\"og:image\" content=\"https:\/\/d2p6e6u75xmxt8.cloudfront.net\/12\/2021\/09\/Bird-watching-profimedia-0400379590-CVR.jpg\" \/>\n\t<meta property=\"og:image:width\" content=\"1366\" \/>\n\t<meta property=\"og:image:height\" content=\"600\" \/>\n\t<meta property=\"og:image:type\" content=\"image\/jpeg\" \/>\n<meta name=\"author\" content=\"hegyizs\" \/>\n<meta name=\"twitter:card\" content=\"summary_large_image\" \/>\n<meta name=\"twitter:label1\" content=\"Written by\" \/>\n\t<meta name=\"twitter:data1\" content=\"Charlotte Murray\" \/>\n\t<meta name=\"twitter:label2\" content=\"Est. reading time\" \/>\n\t<meta name=\"twitter:data2\" content=\"6\" \/>\n<script type=\"application\/ld+json\" class=\"yoast-schema-graph\">{\"@context\":\"https:\/\/schema.org\",\"@graph\":[{\"@type\":\"WebPage\",\"@id\":\"https:\/\/www.welovecycling.com\/hu\/kozosseg-es-kultura\/biciklivel-madarakat-lesni\/\",\"url\":\"https:\/\/www.welovecycling.com\/hu\/kozosseg-es-kultura\/biciklivel-madarakat-lesni\/\",\"name\":\"Biciklivel madarakat lesni - \u0160koda We Love Cycling - Magyarorsz\u00e1g\",\"isPartOf\":{\"@id\":\"https:\/\/www.welovecycling.com\/hu\/#website\"},\"primaryImageOfPage\":{\"@id\":\"https:\/\/www.welovecycling.com\/hu\/kozosseg-es-kultura\/biciklivel-madarakat-lesni\/#primaryimage\"},\"image\":{\"@id\":\"https:\/\/www.welovecycling.com\/hu\/kozosseg-es-kultura\/biciklivel-madarakat-lesni\/#primaryimage\"},\"thumbnailUrl\":\"https:\/\/d2p6e6u75xmxt8.cloudfront.net\/12\/2021\/09\/Bird-watching-profimedia-0400379590-CVR.jpg\",\"datePublished\":\"2021-10-07T06:00:32+00:00\",\"author\":{\"@id\":\"https:\/\/www.welovecycling.com\/hu\/#\/schema\/person\/414a2aebf1801691a5320edb6468e194\"},\"description\":\"B\u00e1r k\u00e9t k\u00fcl\u00f6n hobbi a mad\u00e1rfigyel\u00e9s \u00e9s a bicikliz\u00e9s, ha kombin\u00e1ljuk a kett\u0151t eg\u00e9szen \u00faj perspekt\u00edv\u00e1t ad egyik a m\u00e1sikhoz. Madarakat lesni k\u00e9t ker\u00e9ken hossz\u00fa \u00f3r\u00e1kra kikapcsol, ak\u00e1r egyed\u00fcl, ak\u00e1r csapatban indulsz \u00fatnak.\",\"breadcrumb\":{\"@id\":\"https:\/\/www.welovecycling.com\/hu\/kozosseg-es-kultura\/biciklivel-madarakat-lesni\/#breadcrumb\"},\"inLanguage\":\"hu\",\"potentialAction\":[{\"@type\":\"ReadAction\",\"target\":[\"https:\/\/www.welovecycling.com\/hu\/kozosseg-es-kultura\/biciklivel-madarakat-lesni\/\"]}]},{\"@type\":\"ImageObject\",\"inLanguage\":\"hu\",\"@id\":\"https:\/\/www.welovecycling.com\/hu\/kozosseg-es-kultura\/biciklivel-madarakat-lesni\/#primaryimage\",\"url\":\"https:\/\/d2p6e6u75xmxt8.cloudfront.net\/12\/2021\/09\/Bird-watching-profimedia-0400379590-CVR.jpg\",\"contentUrl\":\"https:\/\/d2p6e6u75xmxt8.cloudfront.net\/12\/2021\/09\/Bird-watching-profimedia-0400379590-CVR.jpg\",\"width\":1366,\"height\":600,\"caption\":\"Bird watching\"},{\"@type\":\"BreadcrumbList\",\"@id\":\"https:\/\/www.welovecycling.com\/hu\/kozosseg-es-kultura\/biciklivel-madarakat-lesni\/#breadcrumb\",\"itemListElement\":[{\"@type\":\"ListItem\",\"position\":1,\"name\":\"Home\",\"item\":\"https:\/\/www.welovecycling.com\/hu\/\"},{\"@type\":\"ListItem\",\"position\":2,\"name\":\"Biciklivel madarakat lesni\"}]},{\"@type\":\"WebSite\",\"@id\":\"https:\/\/www.welovecycling.com\/hu\/#website\",\"url\":\"https:\/\/www.welovecycling.com\/hu\/\",\"name\":\"\u0160koda We Love Cycling - Magyarorsz\u00e1g\",\"description\":\"\u0160koda WeLoveCycling\",\"potentialAction\":[{\"@type\":\"SearchAction\",\"target\":{\"@type\":\"EntryPoint\",\"urlTemplate\":\"https:\/\/www.welovecycling.com\/hu\/?s={search_term_string}\"},\"query-input\":{\"@type\":\"PropertyValueSpecification\",\"valueRequired\":true,\"valueName\":\"search_term_string\"}}],\"inLanguage\":\"hu\"},{\"@type\":\"Person\",\"@id\":\"https:\/\/www.welovecycling.com\/hu\/#\/schema\/person\/414a2aebf1801691a5320edb6468e194\",\"name\":\"hegyizs\",\"image\":{\"@type\":\"ImageObject\",\"inLanguage\":\"hu\",\"@id\":\"https:\/\/www.welovecycling.com\/hu\/#\/schema\/person\/image\/\",\"url\":\"https:\/\/secure.gravatar.com\/avatar\/02cf8a7906b8cf90cecb4679defac7cfd33a1c2e3b88e4903d947f3bb58eedd3?s=96&d=mm&r=g\",\"contentUrl\":\"https:\/\/secure.gravatar.com\/avatar\/02cf8a7906b8cf90cecb4679defac7cfd33a1c2e3b88e4903d947f3bb58eedd3?s=96&d=mm&r=g\",\"caption\":\"hegyizs\"},\"url\":\"https:\/\/www.welovecycling.com\/hu\/author\/hegyizs\/\"}]}<\/script>\n<!-- \/ Yoast SEO Premium plugin. -->","yoast_head_json":{"title":"Biciklivel madarakat lesni - \u0160koda We Love Cycling - Magyarorsz\u00e1g","description":"B\u00e1r k\u00e9t k\u00fcl\u00f6n hobbi a mad\u00e1rfigyel\u00e9s \u00e9s a bicikliz\u00e9s, ha kombin\u00e1ljuk a kett\u0151t eg\u00e9szen \u00faj perspekt\u00edv\u00e1t ad egyik a m\u00e1sikhoz. Madarakat lesni k\u00e9t ker\u00e9ken hossz\u00fa \u00f3r\u00e1kra kikapcsol, ak\u00e1r egyed\u00fcl, ak\u00e1r csapatban indulsz \u00fatnak.","robots":{"index":"index","follow":"follow","max-snippet":"max-snippet:-1","max-image-preview":"max-image-preview:large","max-video-preview":"max-video-preview:-1"},"canonical":"https:\/\/www.welovecycling.com\/hu\/kozosseg-es-kultura\/biciklivel-madarakat-lesni\/","og_locale":"hu_HU","og_type":"article","og_title":"Biciklivel madarakat lesni","og_description":"B\u00e1r k\u00e9t k\u00fcl\u00f6n hobbi a mad\u00e1rfigyel\u00e9s \u00e9s a bicikliz\u00e9s, ha kombin\u00e1ljuk a kett\u0151t eg\u00e9szen \u00faj perspekt\u00edv\u00e1t ad egyik a m\u00e1sikhoz. Madarakat lesni k\u00e9t ker\u00e9ken hossz\u00fa \u00f3r\u00e1kra kikapcsol, ak\u00e1r egyed\u00fcl, ak\u00e1r csapatban indulsz \u00fatnak.","og_url":"https:\/\/www.welovecycling.com\/hu\/kozosseg-es-kultura\/biciklivel-madarakat-lesni\/","og_site_name":"\u0160koda We Love Cycling - Magyarorsz\u00e1g","article_publisher":"https:\/\/www.facebook.com\/WeLoveCyclingHungary\/","article_published_time":"2021-10-07T06:00:32+00:00","og_image":[{"width":1366,"height":600,"url":"https:\/\/d2p6e6u75xmxt8.cloudfront.net\/12\/2021\/09\/Bird-watching-profimedia-0400379590-CVR.jpg","type":"image\/jpeg"}],"author":"hegyizs","twitter_card":"summary_large_image","twitter_misc":{"Written by":"Charlotte Murray","Est. reading time":"6"},"schema":{"@context":"https:\/\/schema.org","@graph":[{"@type":"WebPage","@id":"https:\/\/www.welovecycling.com\/hu\/kozosseg-es-kultura\/biciklivel-madarakat-lesni\/","url":"https:\/\/www.welovecycling.com\/hu\/kozosseg-es-kultura\/biciklivel-madarakat-lesni\/","name":"Biciklivel madarakat lesni - \u0160koda We Love Cycling - Magyarorsz\u00e1g","isPartOf":{"@id":"https:\/\/www.welovecycling.com\/hu\/#website"},"primaryImageOfPage":{"@id":"https:\/\/www.welovecycling.com\/hu\/kozosseg-es-kultura\/biciklivel-madarakat-lesni\/#primaryimage"},"image":{"@id":"https:\/\/www.welovecycling.com\/hu\/kozosseg-es-kultura\/biciklivel-madarakat-lesni\/#primaryimage"},"thumbnailUrl":"https:\/\/d2p6e6u75xmxt8.cloudfront.net\/12\/2021\/09\/Bird-watching-profimedia-0400379590-CVR.jpg","datePublished":"2021-10-07T06:00:32+00:00","author":{"@id":"https:\/\/www.welovecycling.com\/hu\/#\/schema\/person\/414a2aebf1801691a5320edb6468e194"},"description":"B\u00e1r k\u00e9t k\u00fcl\u00f6n hobbi a mad\u00e1rfigyel\u00e9s \u00e9s a bicikliz\u00e9s, ha kombin\u00e1ljuk a kett\u0151t eg\u00e9szen \u00faj perspekt\u00edv\u00e1t ad egyik a m\u00e1sikhoz. Madarakat lesni k\u00e9t ker\u00e9ken hossz\u00fa \u00f3r\u00e1kra kikapcsol, ak\u00e1r egyed\u00fcl, ak\u00e1r csapatban indulsz \u00fatnak.","breadcrumb":{"@id":"https:\/\/www.welovecycling.com\/hu\/kozosseg-es-kultura\/biciklivel-madarakat-lesni\/#breadcrumb"},"inLanguage":"hu","potentialAction":[{"@type":"ReadAction","target":["https:\/\/www.welovecycling.com\/hu\/kozosseg-es-kultura\/biciklivel-madarakat-lesni\/"]}]},{"@type":"ImageObject","inLanguage":"hu","@id":"https:\/\/www.welovecycling.com\/hu\/kozosseg-es-kultura\/biciklivel-madarakat-lesni\/#primaryimage","url":"https:\/\/d2p6e6u75xmxt8.cloudfront.net\/12\/2021\/09\/Bird-watching-profimedia-0400379590-CVR.jpg","contentUrl":"https:\/\/d2p6e6u75xmxt8.cloudfront.net\/12\/2021\/09\/Bird-watching-profimedia-0400379590-CVR.jpg","width":1366,"height":600,"caption":"Bird watching"},{"@type":"BreadcrumbList","@id":"https:\/\/www.welovecycling.com\/hu\/kozosseg-es-kultura\/biciklivel-madarakat-lesni\/#breadcrumb","itemListElement":[{"@type":"ListItem","position":1,"name":"Home","item":"https:\/\/www.welovecycling.com\/hu\/"},{"@type":"ListItem","position":2,"name":"Biciklivel madarakat lesni"}]},{"@type":"WebSite","@id":"https:\/\/www.welovecycling.com\/hu\/#website","url":"https:\/\/www.welovecycling.com\/hu\/","name":"\u0160koda We Love Cycling - Magyarorsz\u00e1g","description":"\u0160koda WeLoveCycling","potentialAction":[{"@type":"SearchAction","target":{"@type":"EntryPoint","urlTemplate":"https:\/\/www.welovecycling.com\/hu\/?s={search_term_string}"},"query-input":{"@type":"PropertyValueSpecification","valueRequired":true,"valueName":"search_term_string"}}],"inLanguage":"hu"},{"@type":"Person","@id":"https:\/\/www.welovecycling.com\/hu\/#\/schema\/person\/414a2aebf1801691a5320edb6468e194","name":"hegyizs","image":{"@type":"ImageObject","inLanguage":"hu","@id":"https:\/\/www.welovecycling.com\/hu\/#\/schema\/person\/image\/","url":"https:\/\/secure.gravatar.com\/avatar\/02cf8a7906b8cf90cecb4679defac7cfd33a1c2e3b88e4903d947f3bb58eedd3?s=96&d=mm&r=g","contentUrl":"https:\/\/secure.gravatar.com\/avatar\/02cf8a7906b8cf90cecb4679defac7cfd33a1c2e3b88e4903d947f3bb58eedd3?s=96&d=mm&r=g","caption":"hegyizs"},"url":"https:\/\/www.welovecycling.com\/hu\/author\/hegyizs\/"}]}},"_links":{"self":[{"href":"https:\/\/www.welovecycling.com\/hu\/wp-json\/wp\/v2\/posts\/12588","targetHints":{"allow":["GET"]}}],"collection":[{"href":"https:\/\/www.welovecycling.com\/hu\/wp-json\/wp\/v2\/posts"}],"about":[{"href":"https:\/\/www.welovecycling.com\/hu\/wp-json\/wp\/v2\/types\/post"}],"author":[{"embeddable":true,"href":"https:\/\/www.welovecycling.com\/hu\/wp-json\/wp\/v2\/users\/71"}],"replies":[{"embeddable":true,"href":"https:\/\/www.welovecycling.com\/hu\/wp-json\/wp\/v2\/comments?post=12588"}],"version-history":[{"count":2,"href":"https:\/\/www.welovecycling.com\/hu\/wp-json\/wp\/v2\/posts\/12588\/revisions"}],"predecessor-version":[{"id":12599,"href":"https:\/\/www.welovecycling.com\/hu\/wp-json\/wp\/v2\/posts\/12588\/revisions\/12599"}],"wp:featuredmedia":[{"embeddable":true,"href":"https:\/\/www.welovecycling.com\/hu\/wp-json\/wp\/v2\/media\/12592"}],"wp:attachment":[{"href":"https:\/\/www.welovecycling.com\/hu\/wp-json\/wp\/v2\/media?parent=12588"}],"wp:term":[{"taxonomy":"category","embeddable":true,"href":"https:\/\/www.welovecycling.com\/hu\/wp-json\/wp\/v2\/categories?post=12588"},{"taxonomy":"post_tag","embeddable":true,"href":"https:\/\/www.welovecycling.com\/hu\/wp-json\/wp\/v2\/tags?post=12588"},{"taxonomy":"global-categories","embeddable":true,"href":"https:\/\/www.welovecycling.com\/hu\/wp-json\/wp\/v2\/global-categories?post=12588"}],"curies":[{"name":"wp","href":"https:\/\/api.w.org\/{rel}","templated":true}]}}