{"id":12581,"date":"2021-10-06T08:00:03","date_gmt":"2021-10-06T06:00:03","guid":{"rendered":"https:\/\/www.welovecycling.com\/hu\/?p=12581"},"modified":"2021-10-04T11:46:52","modified_gmt":"2021-10-04T09:46:52","slug":"biciklizes-szamokban-tenyek-amiket-valoszinuleg-eddig-nem-tudtal","status":"publish","type":"post","link":"https:\/\/www.welovecycling.com\/hu\/kozosseg-es-kultura\/biciklizes-szamokban-tenyek-amiket-valoszinuleg-eddig-nem-tudtal\/","title":{"rendered":"Bicikliz\u00e9s sz\u00e1mokban: t\u00e9nyek, amiket val\u00f3sz\u00edn\u0171leg eddig nem tudt\u00e1l"},"content":{"rendered":"<p><strong>Ez a cikk azoknak sz\u00f3l, akik a statisztik\u00e1kat \u00e9s a bicikliket is szeretik. Mer\u00fclj el a kedvenc sportodr\u00f3l sz\u00f3l\u00f3 adatok tenger\u00e9ben!<\/strong><\/p>\n<p><!--more--><\/p>\n<h2><strong>H\u00e1ny ker\u00e9kp\u00e1r van a vil\u00e1gon?<\/strong><\/h2>\n<p>Becsl\u00e9sek szerint t\u00f6bb mint egy milli\u00e1rd. Annak ellen\u00e9re, hogy az elm\u00falt \u00e9vekben jelent\u0151sen n\u0151tt az aut\u00f3haszn\u00e1lat K\u00edn\u00e1ban, m\u00e9g mindig ker\u00e9kp\u00e1ros szuperhatalom, t\u00f6bb mint 450 milli\u00f3 biciklij\u00e9vel. Az amerikaiak 100 milli\u00f3 bring\u00e1val, Jap\u00e1n pedig 75 milli\u00f3val \u00e1ll a dobog\u00f3n. Meglep\u0151 m\u00f3don t\u00f6bb ker\u00e9kp\u00e1r van N\u00e9metorsz\u00e1gban (62 milli\u00f3), mint Braz\u00edli\u00e1ban (40 milli\u00f3) \u00e9s mindkett\u0151n\u00e9l kevesebb Indi\u00e1ban (30,8 milli\u00f3). Ezt a hat \u00e9llovast k\u00f6veti Olaszorsz\u00e1g (23 milli\u00f3), Indon\u00e9zia (22,3 milli\u00f3), az Egyes\u00fclt Kir\u00e1lys\u00e1g (20 milli\u00f3), Franciaorsz\u00e1g (20 milli\u00f3) \u00e9s Hollandia, viszonylag kis ter\u00fclet\u00e9n 16,5 milli\u00f3 ker\u00e9kp\u00e1rj\u00e1val.<\/p>\n<figure id=\"attachment_12582\" aria-describedby=\"caption-attachment-12582\" style=\"width: 1000px\" class=\"wp-caption alignnone\"><a href=\"https:\/\/d2p6e6u75xmxt8.cloudfront.net\/12\/2021\/09\/Bicycle-garage-profimedia-0484129010.jpg\"><img loading=\"lazy\" decoding=\"async\" class=\"wp-image-12582 size-full\" src=\"https:\/\/d2p6e6u75xmxt8.cloudfront.net\/12\/2021\/09\/Bicycle-garage-profimedia-0484129010.jpg\" alt=\"Bicycle parking\" width=\"1000\" height=\"666\" srcset=\"https:\/\/d2p6e6u75xmxt8.cloudfront.net\/12\/2021\/09\/Bicycle-garage-profimedia-0484129010.jpg 1000w, https:\/\/d2p6e6u75xmxt8.cloudfront.net\/12\/2021\/09\/Bicycle-garage-profimedia-0484129010-300x200.jpg 300w, https:\/\/d2p6e6u75xmxt8.cloudfront.net\/12\/2021\/09\/Bicycle-garage-profimedia-0484129010-768x511.jpg 768w, https:\/\/d2p6e6u75xmxt8.cloudfront.net\/12\/2021\/09\/Bicycle-garage-profimedia-0484129010-272x182.jpg 272w\" sizes=\"auto, (max-width: 1000px) 100vw, 1000px\" \/><\/a><figcaption id=\"caption-attachment-12582\" class=\"wp-caption-text\">T\u00f6bb mint egy milli\u00e1rd ker\u00e9kp\u00e1r van a vil\u00e1gon. \u00a9 Profimedia<\/figcaption><\/figure>\n<h2><strong>Melyik orsz\u00e1g a legnagyobb ker\u00e9kp\u00e1rgy\u00e1rt\u00f3?<\/strong><\/h2>\n<p>K\u00edna tov\u00e1bbra is a vil\u00e1g legnagyobb ker\u00e9kp\u00e1rgy\u00e1rt\u00f3ja. Indi\u00e1val, az EU-val, Tajvannal \u00e9s Jap\u00e1nnal egy\u00fctt a glob\u00e1lis ker\u00e9kp\u00e1rtermel\u00e9s 87% -\u00e1\u00e9rt felel\u0151s. Ez 15 000 ker\u00e9kp\u00e1rt jelent \u00f3r\u00e1nk\u00e9nt, 234 darabot percenk\u00e9nt, vagyis 4 ker\u00e9kp\u00e1rt m\u00e1sodpercenk\u00e9nt, ha \u00fagy tetszik. A Statista szerint a vil\u00e1gon minden 19. ember vesz \u00e9vente \u00faj ker\u00e9kp\u00e1rt. A glob\u00e1lis ker\u00e9kp\u00e1rtermel\u00e9s 2,5-szer nagyobb az aut\u00f3gy\u00e1rt\u00e1sn\u00e1l, ha az 1950-es \u00e9vek \u00f3ta gy\u00e1rtott \u00f6sszes j\u00e1rm\u0171vet n\u00e9zz\u00fck.<\/p>\n<h2><strong>H\u00e1ny ker\u00e9kp\u00e1r ker\u00fcl a szem\u00e9tbe \u00e9vente?<\/strong><\/h2>\n<p>A hatalmas mennyis\u00e9g\u0171 \u00fajonnan legy\u00e1rtott ker\u00e9kp\u00e1rokra gondolunk, nem meglep\u0151 adat, hogy \u00e9vente <a href=\"https:\/\/www.welovecycling.com\/hu\/kozosseg-es-kultura\/kerekpartemeto-kinaban-fotogaleria\/\">t\u00f6bb sz\u00e1zezer bicikli ker\u00fcl a szem\u00e9ttelepre<\/a>. Glob\u00e1lisan k\u00f6r\u00fclbel\u00fcl 15 milli\u00f3 bring\u00e1t dobnak ki.<\/p>\n<figure id=\"attachment_11430\" aria-describedby=\"caption-attachment-11430\" style=\"width: 875px\" class=\"wp-caption alignnone\"><a href=\"https:\/\/d2p6e6u75xmxt8.cloudfront.net\/12\/2021\/05\/Bike-graveyard-profimedia-0606876230.jpg\"><img loading=\"lazy\" decoding=\"async\" class=\"wp-image-11430 size-full\" src=\"https:\/\/d2p6e6u75xmxt8.cloudfront.net\/12\/2021\/05\/Bike-graveyard-profimedia-0606876230.jpg\" alt=\"Bike graveyard\" width=\"875\" height=\"583\" srcset=\"https:\/\/d2p6e6u75xmxt8.cloudfront.net\/12\/2021\/05\/Bike-graveyard-profimedia-0606876230.jpg 875w, https:\/\/d2p6e6u75xmxt8.cloudfront.net\/12\/2021\/05\/Bike-graveyard-profimedia-0606876230-300x200.jpg 300w, https:\/\/d2p6e6u75xmxt8.cloudfront.net\/12\/2021\/05\/Bike-graveyard-profimedia-0606876230-768x512.jpg 768w, https:\/\/d2p6e6u75xmxt8.cloudfront.net\/12\/2021\/05\/Bike-graveyard-profimedia-0606876230-272x182.jpg 272w\" sizes=\"auto, (max-width: 875px) 100vw, 875px\" \/><\/a><figcaption id=\"caption-attachment-11430\" class=\"wp-caption-text\">Ker\u00e9kp\u00e1rtemet\u0151 K\u00edn\u00e1ban. \u00a9 Profimedia<\/figcaption><\/figure>\n<h2><strong>Mely orsz\u00e1gok szeretik a legjobban a ker\u00e9kp\u00e1rjaikat?<\/strong><\/h2>\n<p>Ha olyan v\u00e1rost keres, ahol a ker\u00e9kp\u00e1rokat nagyra tartj\u00e1k, ir\u00e1ny Koppenh\u00e1ga! 2016 \u2013ban, a t\u00f6rt\u00e9nelem sor\u00e1n el\u0151sz\u00f6r, t\u00f6bb volt a ker\u00e9kp\u00e1r a d\u00e1n f\u0151v\u00e1ros utc\u00e1in, mint aut\u00f3. A ker\u00e9kp\u00e1rtermel\u00e9s n\u00f6veked\u00e9se az elm\u00falt 20 \u00e9vben 68%-kal n\u0151tt. A statisztik\u00e1k szerint 10 d\u00e1n \u00e1llampolg\u00e1rb\u00f3l 9-nek van bring\u00e1ja, de csak 4-nek aut\u00f3ja. Ha \u00f6sszeadn\u00e1nk, hogy mennyit tekernek egy nap alatt a d\u00e1nok, 35-sz\u00f6r ker\u00fclhetn\u00e9k meg a vil\u00e1got. Minden koppenh\u00e1gai lakos \u00e1tlagosan napi 3 km-t teker, a gyerekek fele pedig biciklivel j\u00e1r iskol\u00e1ba. Az 5 km-n\u00e9l r\u00f6videbb utakra az emberek negyede biciklivel indul.<\/p>\n<h2><strong>Milyen t\u00edpus\u00fa ker\u00e9kp\u00e1rok a legn\u00e9pszer\u0171bbek?<\/strong><\/h2>\n<p>Sz\u00e1mos felm\u00e9r\u00e9s \u00e9s k\u00f6zv\u00e9lem\u00e9ny-kutat\u00e1s k\u00e9sz\u00fclt ezzel kapcsolatban, az eredm\u00e9nyek pedig \u00e1ltal\u00e1ban hasonl\u00f3ak lettek. A legn\u00e9pszer\u0171bb ker\u00e9kp\u00e1rt\u00edpus az orsz\u00e1g\u00fati, a v\u00e1laszad\u00f3k 65%-a ezt prefer\u00e1lja. A montikat csak az emberek 20%-a r\u00e9szes\u00edti el\u0151nyben, a gravel, illetve a hibrid\/CX bring\u00e1kat pedig csak 6%-uk.<\/p>\n<figure id=\"attachment_8008\" aria-describedby=\"caption-attachment-8008\" style=\"width: 1250px\" class=\"wp-caption alignnone\"><a href=\"https:\/\/d2p6e6u75xmxt8.cloudfront.net\/12\/2020\/07\/Cycling-Training-profimedia-0244819457.jpg\"><img loading=\"lazy\" decoding=\"async\" class=\"wp-image-8008 size-full\" src=\"https:\/\/d2p6e6u75xmxt8.cloudfront.net\/12\/2020\/07\/Cycling-Training-profimedia-0244819457.jpg\" alt=\"Cycling\" width=\"1250\" height=\"833\" \/><\/a><figcaption id=\"caption-attachment-8008\" class=\"wp-caption-text\"><em>Az orsz\u00e1g\u00fati biciklik a legn\u00e9pszer\u0171bbek. \u00a9 Profimedia<\/em><\/figcaption><\/figure>\n<h2><strong>Mik a ker\u00e9kp\u00e1roz\u00e1s legfontosabb eg\u00e9szs\u00e9g\u00fcgyi el\u0151nyei?<\/strong><\/h2>\n<p>A ker\u00e9kp\u00e1roz\u00e1s el\u0151nyei teljes m\u00e9rt\u00e9kben fel\u00fclm\u00falj\u00e1k a kock\u00e1zatokat. Egyes tanulm\u00e1nyok szerint ak\u00e1r 3-14 h\u00f3nappal meghosszabb\u00edthatod a v\u00e1rhat\u00f3 \u00e9lettartamod, ha rendszeresen biciklizel. Egy angliai tanulm\u00e1nyb\u00f3l kider\u00fclt, hogy a ker\u00e9kp\u00e1rosok pontosan \u00fagy edzenek, mint a 10 \u00e9vvel fiatalabbak, akik nem bring\u00e1znak. Egy holland tanulm\u00e1ny pedig azt mutatta ki, hogy a rendszeresen ker\u00e9kp\u00e1roz\u00f3 emberek \u00e1tlagosan egy nappal kevesebbet betegek \u00e9vente.<\/p>\n<p>A ker\u00e9kp\u00e1rosok \u00e1tlagosan 15% -kal kevesebb betegnapot vesznek ig\u00e9nybe, mint azok, akik nem sportolnak. Bebizonyosodott, hogy a ker\u00e9kp\u00e1roz\u00f3 serd\u00fcl\u0151k 48% -kal kisebb val\u00f3sz\u00edn\u0171s\u00e9ggel lesznek t\u00fals\u00falyosak feln\u0151ttk\u00e9nt. F\u00e9lelmetes adat, hogy az iskol\u00e1ba bicikliz\u0151 gyerekek ar\u00e1nya 82% -r\u00f3l 14% -ra cs\u00f6kkent az elm\u00falt 30 \u00e9vben. R\u00e1ad\u00e1sul nem csak az egy\u00e9ni eg\u00e9szs\u00e9gr\u0151l van sz\u00f3. Ezzel az alkalmaz\u00e1ssal kisz\u00e1m\u00edthatod, mennyi p\u00e9nz \u00e9s CO2-kibocs\u00e1t\u00e1st takar\u00edthatsz meg, ha vezet\u00e9s helyett ker\u00e9kp\u00e1rozol!<\/p>\n<figure id=\"attachment_12583\" aria-describedby=\"caption-attachment-12583\" style=\"width: 1250px\" class=\"wp-caption alignnone\"><a href=\"https:\/\/d2p6e6u75xmxt8.cloudfront.net\/12\/2021\/09\/profimedia-0334924826.jpg\"><img loading=\"lazy\" decoding=\"async\" class=\"size-full wp-image-12583\" src=\"https:\/\/d2p6e6u75xmxt8.cloudfront.net\/12\/2021\/09\/profimedia-0334924826.jpg\" alt=\"Family cycling\" width=\"1250\" height=\"832\" srcset=\"https:\/\/d2p6e6u75xmxt8.cloudfront.net\/12\/2021\/09\/profimedia-0334924826.jpg 1250w, https:\/\/d2p6e6u75xmxt8.cloudfront.net\/12\/2021\/09\/profimedia-0334924826-300x200.jpg 300w, https:\/\/d2p6e6u75xmxt8.cloudfront.net\/12\/2021\/09\/profimedia-0334924826-1024x682.jpg 1024w, https:\/\/d2p6e6u75xmxt8.cloudfront.net\/12\/2021\/09\/profimedia-0334924826-768x511.jpg 768w, https:\/\/d2p6e6u75xmxt8.cloudfront.net\/12\/2021\/09\/profimedia-0334924826-272x182.jpg 272w\" sizes=\"auto, (max-width: 1250px) 100vw, 1250px\" \/><\/a><figcaption id=\"caption-attachment-12583\" class=\"wp-caption-text\"><em>Jelent\u0151sen cs\u00f6kkent azoknak a gyerekeknek a sz\u00e1ma, akik biciklivel j\u00e1rnak iskol\u00e1ba. \u00a9 Profimedia<\/em><\/figcaption><\/figure>\n<h2><strong>Mennyivel cs\u00f6kkenhet a sz\u00e9n-dioxid-kibocs\u00e1t\u00e1s, ha motoriz\u00e1lt k\u00f6zleked\u00e9si eszk\u00f6z helyett ker\u00e9kp\u00e1rt haszn\u00e1lunk?<\/strong><\/h2>\n<p>Vegy\u00fcnk p\u00e9ld\u00e1nak egy ker\u00e9kp\u00e1rost, aki heti n\u00e9gy napot j\u00e1r be dolgozni, 8 km-re fekv\u0151 munkahely\u00e9re, \u00e9s minden nap k\u00e9t ker\u00e9ken megy. \u0150 egy \u00e9v alatt 750 kilogramm sz\u00e9n-dioxidt\u00f3l menti meg a bolyg\u00f3t! Az Eur\u00f3pai Ker\u00e9kp\u00e1ros Sz\u00f6vets\u00e9g adatai szerint egy ker\u00e9kp\u00e1ros 21 g CO2-t bocs\u00e1t ki kilom\u00e9terenk\u00e9nt, m\u00edg aut\u00f3busszal 101 grammot. A barcelonai k\u00f6z\u00f6ss\u00e9gi ker\u00e9kp\u00e1r-program \u00e9vente t\u00f6bb mint 9 ezer tonna sz\u00e9n-dioxid leveg\u0151be jut\u00e1s\u00e1t el\u0151zte meg.<\/p>\n<h2><strong>H\u00e1ny ker\u00e9kp\u00e1rt lopnak el \u00e9vente?<\/strong><\/h2>\n<p>A j\u00e1rv\u00e1ny alatt sajnos megn\u0151tt az eltulajdon\u00edtott biciklik sz\u00e1ma. A statisztik\u00e1k szerint Eur\u00f3p\u00e1ban 3 milli\u00f3 biciklit loptak el a tavalyi \u00e9vben, ami 340 darabot jelent \u00f3r\u00e1nk\u00e9nt. Csak az Egyes\u00fclt Kir\u00e1lys\u00e1gban \u00e9vi 400\u00a0000 ker\u00e9kp\u00e1rnak l\u00e1ba k\u00e9l. A Road.cc kutat\u00e1sa szerint ezek els\u0151sorban Specialized (28%), Trek (17%) \u00e9s Giant (14,7%) m\u00e1rk\u00e1j\u00faak.<\/p>\n","protected":false},"excerpt":{"rendered":"<p>Ez a cikk azoknak sz\u00f3l, akik a statisztik\u00e1kat \u00e9s a bicikliket is szeretik. Mer\u00fclj el a kedvenc sportodr\u00f3l sz\u00f3l\u00f3 adatok [&hellip;]<\/p>\n","protected":false},"author":71,"featured_media":12585,"comment_status":"open","ping_status":"open","sticky":false,"template":"","format":"standard","meta":{"footnotes":""},"categories":[12],"tags":[],"global-categories":[],"class_list":["post-12581","post","type-post","status-publish","format-standard","has-post-thumbnail","hentry","category-kozosseg-es-kultura"],"yoast_head":"<!-- This site is optimized with the Yoast SEO Premium plugin v25.3 (Yoast SEO v25.9) - https:\/\/yoast.com\/wordpress\/plugins\/seo\/ -->\n<title>Bicikliz\u00e9s sz\u00e1mokban: t\u00e9nyek, amiket val\u00f3sz\u00edn\u0171leg eddig nem tudt\u00e1l<\/title>\n<meta name=\"description\" content=\"Ez a cikk azoknak sz\u00f3l, akik a statisztik\u00e1kat \u00e9s a bicikliket is szeretik. Mer\u00fclj el a kedvenc sportodr\u00f3l sz\u00f3l\u00f3 adatok tenger\u00e9ben!\" \/>\n<meta name=\"robots\" content=\"index, follow, max-snippet:-1, max-image-preview:large, max-video-preview:-1\" \/>\n<link rel=\"canonical\" href=\"https:\/\/www.welovecycling.com\/hu\/kozosseg-es-kultura\/biciklizes-szamokban-tenyek-amiket-valoszinuleg-eddig-nem-tudtal\/\" \/>\n<meta property=\"og:locale\" content=\"hu_HU\" \/>\n<meta property=\"og:type\" content=\"article\" \/>\n<meta property=\"og:title\" content=\"Bicikliz\u00e9s sz\u00e1mokban: t\u00e9nyek, amiket val\u00f3sz\u00edn\u0171leg eddig nem tudt\u00e1l\" \/>\n<meta property=\"og:description\" content=\"Ez a cikk azoknak sz\u00f3l, akik a statisztik\u00e1kat \u00e9s a bicikliket is szeretik. Mer\u00fclj el a kedvenc sportodr\u00f3l sz\u00f3l\u00f3 adatok tenger\u00e9ben!\" \/>\n<meta property=\"og:url\" content=\"https:\/\/www.welovecycling.com\/hu\/kozosseg-es-kultura\/biciklizes-szamokban-tenyek-amiket-valoszinuleg-eddig-nem-tudtal\/\" \/>\n<meta property=\"og:site_name\" content=\"\u0160koda We Love Cycling - Magyarorsz\u00e1g\" \/>\n<meta property=\"article:publisher\" content=\"https:\/\/www.facebook.com\/WeLoveCyclingHungary\/\" \/>\n<meta property=\"article:published_time\" content=\"2021-10-06T06:00:03+00:00\" \/>\n<meta property=\"og:image\" content=\"https:\/\/d2p6e6u75xmxt8.cloudfront.net\/12\/2021\/09\/Urban-cyclists-profimedia-0632881057-CVR.jpg\" \/>\n\t<meta property=\"og:image:width\" content=\"1366\" \/>\n\t<meta property=\"og:image:height\" content=\"600\" \/>\n\t<meta property=\"og:image:type\" content=\"image\/jpeg\" \/>\n<meta name=\"author\" content=\"hegyizs\" \/>\n<meta name=\"twitter:card\" content=\"summary_large_image\" \/>\n<meta name=\"twitter:label1\" content=\"Written by\" \/>\n\t<meta name=\"twitter:data1\" content=\"Adam Marsal\" \/>\n\t<meta name=\"twitter:label2\" content=\"Est. reading time\" \/>\n\t<meta name=\"twitter:data2\" content=\"6\" \/>\n<script type=\"application\/ld+json\" class=\"yoast-schema-graph\">{\"@context\":\"https:\/\/schema.org\",\"@graph\":[{\"@type\":\"WebPage\",\"@id\":\"https:\/\/www.welovecycling.com\/hu\/kozosseg-es-kultura\/biciklizes-szamokban-tenyek-amiket-valoszinuleg-eddig-nem-tudtal\/\",\"url\":\"https:\/\/www.welovecycling.com\/hu\/kozosseg-es-kultura\/biciklizes-szamokban-tenyek-amiket-valoszinuleg-eddig-nem-tudtal\/\",\"name\":\"Bicikliz\u00e9s sz\u00e1mokban: t\u00e9nyek, amiket val\u00f3sz\u00edn\u0171leg eddig nem tudt\u00e1l\",\"isPartOf\":{\"@id\":\"https:\/\/www.welovecycling.com\/hu\/#website\"},\"primaryImageOfPage\":{\"@id\":\"https:\/\/www.welovecycling.com\/hu\/kozosseg-es-kultura\/biciklizes-szamokban-tenyek-amiket-valoszinuleg-eddig-nem-tudtal\/#primaryimage\"},\"image\":{\"@id\":\"https:\/\/www.welovecycling.com\/hu\/kozosseg-es-kultura\/biciklizes-szamokban-tenyek-amiket-valoszinuleg-eddig-nem-tudtal\/#primaryimage\"},\"thumbnailUrl\":\"https:\/\/d2p6e6u75xmxt8.cloudfront.net\/12\/2021\/09\/Urban-cyclists-profimedia-0632881057-CVR.jpg\",\"datePublished\":\"2021-10-06T06:00:03+00:00\",\"author\":{\"@id\":\"https:\/\/www.welovecycling.com\/hu\/#\/schema\/person\/414a2aebf1801691a5320edb6468e194\"},\"description\":\"Ez a cikk azoknak sz\u00f3l, akik a statisztik\u00e1kat \u00e9s a bicikliket is szeretik. Mer\u00fclj el a kedvenc sportodr\u00f3l sz\u00f3l\u00f3 adatok tenger\u00e9ben!\",\"breadcrumb\":{\"@id\":\"https:\/\/www.welovecycling.com\/hu\/kozosseg-es-kultura\/biciklizes-szamokban-tenyek-amiket-valoszinuleg-eddig-nem-tudtal\/#breadcrumb\"},\"inLanguage\":\"hu\",\"potentialAction\":[{\"@type\":\"ReadAction\",\"target\":[\"https:\/\/www.welovecycling.com\/hu\/kozosseg-es-kultura\/biciklizes-szamokban-tenyek-amiket-valoszinuleg-eddig-nem-tudtal\/\"]}]},{\"@type\":\"ImageObject\",\"inLanguage\":\"hu\",\"@id\":\"https:\/\/www.welovecycling.com\/hu\/kozosseg-es-kultura\/biciklizes-szamokban-tenyek-amiket-valoszinuleg-eddig-nem-tudtal\/#primaryimage\",\"url\":\"https:\/\/d2p6e6u75xmxt8.cloudfront.net\/12\/2021\/09\/Urban-cyclists-profimedia-0632881057-CVR.jpg\",\"contentUrl\":\"https:\/\/d2p6e6u75xmxt8.cloudfront.net\/12\/2021\/09\/Urban-cyclists-profimedia-0632881057-CVR.jpg\",\"width\":1366,\"height\":600,\"caption\":\"Cyclists in a city\"},{\"@type\":\"BreadcrumbList\",\"@id\":\"https:\/\/www.welovecycling.com\/hu\/kozosseg-es-kultura\/biciklizes-szamokban-tenyek-amiket-valoszinuleg-eddig-nem-tudtal\/#breadcrumb\",\"itemListElement\":[{\"@type\":\"ListItem\",\"position\":1,\"name\":\"Home\",\"item\":\"https:\/\/www.welovecycling.com\/hu\/\"},{\"@type\":\"ListItem\",\"position\":2,\"name\":\"Bicikliz\u00e9s sz\u00e1mokban: t\u00e9nyek, amiket val\u00f3sz\u00edn\u0171leg eddig nem tudt\u00e1l\"}]},{\"@type\":\"WebSite\",\"@id\":\"https:\/\/www.welovecycling.com\/hu\/#website\",\"url\":\"https:\/\/www.welovecycling.com\/hu\/\",\"name\":\"\u0160koda We Love Cycling - Magyarorsz\u00e1g\",\"description\":\"\u0160koda WeLoveCycling\",\"potentialAction\":[{\"@type\":\"SearchAction\",\"target\":{\"@type\":\"EntryPoint\",\"urlTemplate\":\"https:\/\/www.welovecycling.com\/hu\/?s={search_term_string}\"},\"query-input\":{\"@type\":\"PropertyValueSpecification\",\"valueRequired\":true,\"valueName\":\"search_term_string\"}}],\"inLanguage\":\"hu\"},{\"@type\":\"Person\",\"@id\":\"https:\/\/www.welovecycling.com\/hu\/#\/schema\/person\/414a2aebf1801691a5320edb6468e194\",\"name\":\"hegyizs\",\"image\":{\"@type\":\"ImageObject\",\"inLanguage\":\"hu\",\"@id\":\"https:\/\/www.welovecycling.com\/hu\/#\/schema\/person\/image\/\",\"url\":\"https:\/\/secure.gravatar.com\/avatar\/02cf8a7906b8cf90cecb4679defac7cfd33a1c2e3b88e4903d947f3bb58eedd3?s=96&d=mm&r=g\",\"contentUrl\":\"https:\/\/secure.gravatar.com\/avatar\/02cf8a7906b8cf90cecb4679defac7cfd33a1c2e3b88e4903d947f3bb58eedd3?s=96&d=mm&r=g\",\"caption\":\"hegyizs\"},\"url\":\"https:\/\/www.welovecycling.com\/hu\/author\/hegyizs\/\"}]}<\/script>\n<!-- \/ Yoast SEO Premium plugin. -->","yoast_head_json":{"title":"Bicikliz\u00e9s sz\u00e1mokban: t\u00e9nyek, amiket val\u00f3sz\u00edn\u0171leg eddig nem tudt\u00e1l","description":"Ez a cikk azoknak sz\u00f3l, akik a statisztik\u00e1kat \u00e9s a bicikliket is szeretik. Mer\u00fclj el a kedvenc sportodr\u00f3l sz\u00f3l\u00f3 adatok tenger\u00e9ben!","robots":{"index":"index","follow":"follow","max-snippet":"max-snippet:-1","max-image-preview":"max-image-preview:large","max-video-preview":"max-video-preview:-1"},"canonical":"https:\/\/www.welovecycling.com\/hu\/kozosseg-es-kultura\/biciklizes-szamokban-tenyek-amiket-valoszinuleg-eddig-nem-tudtal\/","og_locale":"hu_HU","og_type":"article","og_title":"Bicikliz\u00e9s sz\u00e1mokban: t\u00e9nyek, amiket val\u00f3sz\u00edn\u0171leg eddig nem tudt\u00e1l","og_description":"Ez a cikk azoknak sz\u00f3l, akik a statisztik\u00e1kat \u00e9s a bicikliket is szeretik. Mer\u00fclj el a kedvenc sportodr\u00f3l sz\u00f3l\u00f3 adatok tenger\u00e9ben!","og_url":"https:\/\/www.welovecycling.com\/hu\/kozosseg-es-kultura\/biciklizes-szamokban-tenyek-amiket-valoszinuleg-eddig-nem-tudtal\/","og_site_name":"\u0160koda We Love Cycling - Magyarorsz\u00e1g","article_publisher":"https:\/\/www.facebook.com\/WeLoveCyclingHungary\/","article_published_time":"2021-10-06T06:00:03+00:00","og_image":[{"width":1366,"height":600,"url":"https:\/\/d2p6e6u75xmxt8.cloudfront.net\/12\/2021\/09\/Urban-cyclists-profimedia-0632881057-CVR.jpg","type":"image\/jpeg"}],"author":"hegyizs","twitter_card":"summary_large_image","twitter_misc":{"Written by":"Adam Marsal","Est. reading time":"6"},"schema":{"@context":"https:\/\/schema.org","@graph":[{"@type":"WebPage","@id":"https:\/\/www.welovecycling.com\/hu\/kozosseg-es-kultura\/biciklizes-szamokban-tenyek-amiket-valoszinuleg-eddig-nem-tudtal\/","url":"https:\/\/www.welovecycling.com\/hu\/kozosseg-es-kultura\/biciklizes-szamokban-tenyek-amiket-valoszinuleg-eddig-nem-tudtal\/","name":"Bicikliz\u00e9s sz\u00e1mokban: t\u00e9nyek, amiket val\u00f3sz\u00edn\u0171leg eddig nem tudt\u00e1l","isPartOf":{"@id":"https:\/\/www.welovecycling.com\/hu\/#website"},"primaryImageOfPage":{"@id":"https:\/\/www.welovecycling.com\/hu\/kozosseg-es-kultura\/biciklizes-szamokban-tenyek-amiket-valoszinuleg-eddig-nem-tudtal\/#primaryimage"},"image":{"@id":"https:\/\/www.welovecycling.com\/hu\/kozosseg-es-kultura\/biciklizes-szamokban-tenyek-amiket-valoszinuleg-eddig-nem-tudtal\/#primaryimage"},"thumbnailUrl":"https:\/\/d2p6e6u75xmxt8.cloudfront.net\/12\/2021\/09\/Urban-cyclists-profimedia-0632881057-CVR.jpg","datePublished":"2021-10-06T06:00:03+00:00","author":{"@id":"https:\/\/www.welovecycling.com\/hu\/#\/schema\/person\/414a2aebf1801691a5320edb6468e194"},"description":"Ez a cikk azoknak sz\u00f3l, akik a statisztik\u00e1kat \u00e9s a bicikliket is szeretik. Mer\u00fclj el a kedvenc sportodr\u00f3l sz\u00f3l\u00f3 adatok tenger\u00e9ben!","breadcrumb":{"@id":"https:\/\/www.welovecycling.com\/hu\/kozosseg-es-kultura\/biciklizes-szamokban-tenyek-amiket-valoszinuleg-eddig-nem-tudtal\/#breadcrumb"},"inLanguage":"hu","potentialAction":[{"@type":"ReadAction","target":["https:\/\/www.welovecycling.com\/hu\/kozosseg-es-kultura\/biciklizes-szamokban-tenyek-amiket-valoszinuleg-eddig-nem-tudtal\/"]}]},{"@type":"ImageObject","inLanguage":"hu","@id":"https:\/\/www.welovecycling.com\/hu\/kozosseg-es-kultura\/biciklizes-szamokban-tenyek-amiket-valoszinuleg-eddig-nem-tudtal\/#primaryimage","url":"https:\/\/d2p6e6u75xmxt8.cloudfront.net\/12\/2021\/09\/Urban-cyclists-profimedia-0632881057-CVR.jpg","contentUrl":"https:\/\/d2p6e6u75xmxt8.cloudfront.net\/12\/2021\/09\/Urban-cyclists-profimedia-0632881057-CVR.jpg","width":1366,"height":600,"caption":"Cyclists in a city"},{"@type":"BreadcrumbList","@id":"https:\/\/www.welovecycling.com\/hu\/kozosseg-es-kultura\/biciklizes-szamokban-tenyek-amiket-valoszinuleg-eddig-nem-tudtal\/#breadcrumb","itemListElement":[{"@type":"ListItem","position":1,"name":"Home","item":"https:\/\/www.welovecycling.com\/hu\/"},{"@type":"ListItem","position":2,"name":"Bicikliz\u00e9s sz\u00e1mokban: t\u00e9nyek, amiket val\u00f3sz\u00edn\u0171leg eddig nem tudt\u00e1l"}]},{"@type":"WebSite","@id":"https:\/\/www.welovecycling.com\/hu\/#website","url":"https:\/\/www.welovecycling.com\/hu\/","name":"\u0160koda We Love Cycling - Magyarorsz\u00e1g","description":"\u0160koda WeLoveCycling","potentialAction":[{"@type":"SearchAction","target":{"@type":"EntryPoint","urlTemplate":"https:\/\/www.welovecycling.com\/hu\/?s={search_term_string}"},"query-input":{"@type":"PropertyValueSpecification","valueRequired":true,"valueName":"search_term_string"}}],"inLanguage":"hu"},{"@type":"Person","@id":"https:\/\/www.welovecycling.com\/hu\/#\/schema\/person\/414a2aebf1801691a5320edb6468e194","name":"hegyizs","image":{"@type":"ImageObject","inLanguage":"hu","@id":"https:\/\/www.welovecycling.com\/hu\/#\/schema\/person\/image\/","url":"https:\/\/secure.gravatar.com\/avatar\/02cf8a7906b8cf90cecb4679defac7cfd33a1c2e3b88e4903d947f3bb58eedd3?s=96&d=mm&r=g","contentUrl":"https:\/\/secure.gravatar.com\/avatar\/02cf8a7906b8cf90cecb4679defac7cfd33a1c2e3b88e4903d947f3bb58eedd3?s=96&d=mm&r=g","caption":"hegyizs"},"url":"https:\/\/www.welovecycling.com\/hu\/author\/hegyizs\/"}]}},"_links":{"self":[{"href":"https:\/\/www.welovecycling.com\/hu\/wp-json\/wp\/v2\/posts\/12581","targetHints":{"allow":["GET"]}}],"collection":[{"href":"https:\/\/www.welovecycling.com\/hu\/wp-json\/wp\/v2\/posts"}],"about":[{"href":"https:\/\/www.welovecycling.com\/hu\/wp-json\/wp\/v2\/types\/post"}],"author":[{"embeddable":true,"href":"https:\/\/www.welovecycling.com\/hu\/wp-json\/wp\/v2\/users\/71"}],"replies":[{"embeddable":true,"href":"https:\/\/www.welovecycling.com\/hu\/wp-json\/wp\/v2\/comments?post=12581"}],"version-history":[{"count":2,"href":"https:\/\/www.welovecycling.com\/hu\/wp-json\/wp\/v2\/posts\/12581\/revisions"}],"predecessor-version":[{"id":12598,"href":"https:\/\/www.welovecycling.com\/hu\/wp-json\/wp\/v2\/posts\/12581\/revisions\/12598"}],"wp:featuredmedia":[{"embeddable":true,"href":"https:\/\/www.welovecycling.com\/hu\/wp-json\/wp\/v2\/media\/12585"}],"wp:attachment":[{"href":"https:\/\/www.welovecycling.com\/hu\/wp-json\/wp\/v2\/media?parent=12581"}],"wp:term":[{"taxonomy":"category","embeddable":true,"href":"https:\/\/www.welovecycling.com\/hu\/wp-json\/wp\/v2\/categories?post=12581"},{"taxonomy":"post_tag","embeddable":true,"href":"https:\/\/www.welovecycling.com\/hu\/wp-json\/wp\/v2\/tags?post=12581"},{"taxonomy":"global-categories","embeddable":true,"href":"https:\/\/www.welovecycling.com\/hu\/wp-json\/wp\/v2\/global-categories?post=12581"}],"curies":[{"name":"wp","href":"https:\/\/api.w.org\/{rel}","templated":true}]}}