{"id":12572,"date":"2021-10-04T08:00:25","date_gmt":"2021-10-04T06:00:25","guid":{"rendered":"https:\/\/www.welovecycling.com\/hu\/?p=12572"},"modified":"2021-10-04T11:29:13","modified_gmt":"2021-10-04T09:29:13","slug":"sir-dave-brailsford-elhagyja-az-ineos-grenadiers-t","status":"publish","type":"post","link":"https:\/\/www.welovecycling.com\/hu\/orszaguti-kerekpar\/sir-dave-brailsford-elhagyja-az-ineos-grenadiers-t\/","title":{"rendered":"Sir Dave Brailsford elhagyja az Ineos Grenadiers-t?"},"content":{"rendered":"<p><strong>A Tuttobiciweb olasz ker\u00e9kp\u00e1ros honlap szerint Brailsford sz\u00e9lesebb vezet\u0151i szerepet t\u00f6lt majd a brit INEOS vegyipari v\u00e1llalat sportoszt\u00e1ly\u00e1n. A milli\u00e1rdos Sir Jim Ratcliffe tulajdon\u00e1ban l\u00e9v\u0151 c\u00e9g hatalmas sportbirodalmat \u00e9p\u00edtett ki a ker\u00e9kp\u00e1roz\u00e1s, a futball, a Forma -1 \u00e9s a vitorl\u00e1z\u00e1s t\u00e1mogat\u00e1s\u00e1val. Brailsford csapat\u00e1nak 2019-ben lett a vezet\u0151 szponzora, a Sky m\u0171sorszolg\u00e1ltat\u00f3 hely\u00e9be l\u00e9pve.<\/strong><!--more--><\/p>\n<p>Az 57 \u00e9ves f\u00e9rfit a k\u00f6zelm\u00faltban sz\u00e1mos eg\u00e9szs\u00e9g\u00fcgyi probl\u00e9ma, p\u00e9ld\u00e1ul prosztatar\u00e1k \u00e9s sz\u00edvm\u0171t\u00e9t miatt kezelt\u00e9k. Kor\u00e1bban azt nyilatkozta, hogy ha tov\u00e1bbra is fenn\u00e1llnak ezek, k\u00e9nytelen lesz el\u00e1llni a csapatigazgat\u00f3i szerept\u0151l.<\/p>\n<figure id=\"attachment_12573\" aria-describedby=\"caption-attachment-12573\" style=\"width: 1250px\" class=\"wp-caption alignnone\"><img loading=\"lazy\" decoding=\"async\" class=\"wp-image-12573 size-full\" src=\"https:\/\/d2p6e6u75xmxt8.cloudfront.net\/12\/2021\/09\/profimedia-0497036844.jpg\" alt=\"Rod Ellingworth\" width=\"1250\" height=\"832\" srcset=\"https:\/\/d2p6e6u75xmxt8.cloudfront.net\/12\/2021\/09\/profimedia-0497036844.jpg 1250w, https:\/\/d2p6e6u75xmxt8.cloudfront.net\/12\/2021\/09\/profimedia-0497036844-300x200.jpg 300w, https:\/\/d2p6e6u75xmxt8.cloudfront.net\/12\/2021\/09\/profimedia-0497036844-1024x682.jpg 1024w, https:\/\/d2p6e6u75xmxt8.cloudfront.net\/12\/2021\/09\/profimedia-0497036844-768x511.jpg 768w, https:\/\/d2p6e6u75xmxt8.cloudfront.net\/12\/2021\/09\/profimedia-0497036844-272x182.jpg 272w\" sizes=\"auto, (max-width: 1250px) 100vw, 1250px\" \/><figcaption id=\"caption-attachment-12573\" class=\"wp-caption-text\">Mark Cavendish \u00e9s Rod Ellingworth besz\u00e9lget a 2020-as Saudi Tour elej\u00e9n. \u00a9 Profimedia<\/figcaption><\/figure>\n<p>A cikk szerint Rod Ellingworth veszi \u00e1t a menedzseri feladatokat, ha Brailsford val\u00f3ban visszal\u00e9p. Ellingworth egy szezont t\u00f6lt\u00f6tt a Bahrein-McLaren csapatvezet\u0151jek\u00e9nt, miel\u0151tt visszat\u00e9rt az Ineos-ba. Olyan fiatal tehets\u00e9gekkel dolgozik egy\u00fctt, mint p\u00e9ld\u00e1ul Tom Pidcock, Ethan Hayter \u00e9s m\u00e9g sokan m\u00e1sok. Brailsford t\u00e1rsalap\u00edt\u00f3ja volt az els\u0151 brit WorldTour ker\u00e9kp\u00e1roscsapatnak, h\u00e1tt\u00e9rtud\u00e1sa \u00e9s tapasztalata teh\u00e1t megvan a poz\u00edci\u00f3hoz.<\/p>\n<p>A cikk \u00edr\u00e1s\u00e1nak pillanat\u00e1ban m\u00e9g nem reag\u00e1lt az Ineos Grenadiers a h\u00edrre.<\/p>\n","protected":false},"excerpt":{"rendered":"<p>A Tuttobiciweb olasz ker\u00e9kp\u00e1ros honlap szerint Brailsford sz\u00e9lesebb vezet\u0151i szerepet t\u00f6lt majd a brit INEOS vegyipari v\u00e1llalat sportoszt\u00e1ly\u00e1n. A milli\u00e1rdos [&hellip;]<\/p>\n","protected":false},"author":71,"featured_media":12575,"comment_status":"open","ping_status":"open","sticky":false,"template":"","format":"standard","meta":{"footnotes":""},"categories":[8],"tags":[],"global-categories":[],"class_list":["post-12572","post","type-post","status-publish","format-standard","has-post-thumbnail","hentry","category-orszaguti-kerekpar"],"yoast_head":"<!-- This site is optimized with the Yoast SEO Premium plugin v25.3 (Yoast SEO v25.9) - https:\/\/yoast.com\/wordpress\/plugins\/seo\/ -->\n<title>Sir Dave Brailsford elhagyja az Ineos Grenadiers-t? - \u0160koda We Love Cycling - Magyarorsz\u00e1g<\/title>\n<meta name=\"description\" content=\"A Tuttobiciweb olasz ker\u00e9kp\u00e1ros honlap szerint Brailsford sz\u00e9lesebb vezet\u0151i szerepet t\u00f6lt majd a brit INEOS vegyipari v\u00e1llalat sportoszt\u00e1ly\u00e1n.\" \/>\n<meta name=\"robots\" content=\"index, follow, max-snippet:-1, max-image-preview:large, max-video-preview:-1\" \/>\n<link rel=\"canonical\" href=\"https:\/\/www.welovecycling.com\/hu\/orszaguti-kerekpar\/sir-dave-brailsford-elhagyja-az-ineos-grenadiers-t\/\" \/>\n<meta property=\"og:locale\" content=\"hu_HU\" \/>\n<meta property=\"og:type\" content=\"article\" \/>\n<meta property=\"og:title\" content=\"Sir Dave Brailsford elhagyja az Ineos Grenadiers-t?\" \/>\n<meta property=\"og:description\" content=\"A Tuttobiciweb olasz ker\u00e9kp\u00e1ros honlap szerint Brailsford sz\u00e9lesebb vezet\u0151i szerepet t\u00f6lt majd a brit INEOS vegyipari v\u00e1llalat sportoszt\u00e1ly\u00e1n.\" \/>\n<meta property=\"og:url\" content=\"https:\/\/www.welovecycling.com\/hu\/orszaguti-kerekpar\/sir-dave-brailsford-elhagyja-az-ineos-grenadiers-t\/\" \/>\n<meta property=\"og:site_name\" content=\"\u0160koda We Love Cycling - Magyarorsz\u00e1g\" \/>\n<meta property=\"article:publisher\" content=\"https:\/\/www.facebook.com\/WeLoveCyclingHungary\/\" \/>\n<meta property=\"article:published_time\" content=\"2021-10-04T06:00:25+00:00\" \/>\n<meta property=\"article:modified_time\" content=\"2021-10-04T09:29:13+00:00\" \/>\n<meta property=\"og:image\" content=\"https:\/\/d2p6e6u75xmxt8.cloudfront.net\/12\/2021\/09\/Dave-Brailsford-CVR-profimedia-0617887277.jpg\" \/>\n\t<meta property=\"og:image:width\" content=\"1366\" \/>\n\t<meta property=\"og:image:height\" content=\"600\" \/>\n\t<meta property=\"og:image:type\" content=\"image\/jpeg\" \/>\n<meta name=\"author\" content=\"hegyizs\" \/>\n<meta name=\"twitter:card\" content=\"summary_large_image\" \/>\n<meta name=\"twitter:label1\" content=\"Written by\" \/>\n\t<meta name=\"twitter:data1\" content=\"Monica Buck\" \/>\n\t<meta name=\"twitter:label2\" content=\"Est. reading time\" \/>\n\t<meta name=\"twitter:data2\" content=\"3\" \/>\n<script type=\"application\/ld+json\" class=\"yoast-schema-graph\">{\"@context\":\"https:\/\/schema.org\",\"@graph\":[{\"@type\":\"WebPage\",\"@id\":\"https:\/\/www.welovecycling.com\/hu\/orszaguti-kerekpar\/sir-dave-brailsford-elhagyja-az-ineos-grenadiers-t\/\",\"url\":\"https:\/\/www.welovecycling.com\/hu\/orszaguti-kerekpar\/sir-dave-brailsford-elhagyja-az-ineos-grenadiers-t\/\",\"name\":\"Sir Dave Brailsford elhagyja az Ineos Grenadiers-t? - \u0160koda We Love Cycling - Magyarorsz\u00e1g\",\"isPartOf\":{\"@id\":\"https:\/\/www.welovecycling.com\/hu\/#website\"},\"primaryImageOfPage\":{\"@id\":\"https:\/\/www.welovecycling.com\/hu\/orszaguti-kerekpar\/sir-dave-brailsford-elhagyja-az-ineos-grenadiers-t\/#primaryimage\"},\"image\":{\"@id\":\"https:\/\/www.welovecycling.com\/hu\/orszaguti-kerekpar\/sir-dave-brailsford-elhagyja-az-ineos-grenadiers-t\/#primaryimage\"},\"thumbnailUrl\":\"https:\/\/d2p6e6u75xmxt8.cloudfront.net\/12\/2021\/09\/Dave-Brailsford-CVR-profimedia-0617887277.jpg\",\"datePublished\":\"2021-10-04T06:00:25+00:00\",\"dateModified\":\"2021-10-04T09:29:13+00:00\",\"author\":{\"@id\":\"https:\/\/www.welovecycling.com\/hu\/#\/schema\/person\/414a2aebf1801691a5320edb6468e194\"},\"description\":\"A Tuttobiciweb olasz ker\u00e9kp\u00e1ros honlap szerint Brailsford sz\u00e9lesebb vezet\u0151i szerepet t\u00f6lt majd a brit INEOS vegyipari v\u00e1llalat sportoszt\u00e1ly\u00e1n.\",\"breadcrumb\":{\"@id\":\"https:\/\/www.welovecycling.com\/hu\/orszaguti-kerekpar\/sir-dave-brailsford-elhagyja-az-ineos-grenadiers-t\/#breadcrumb\"},\"inLanguage\":\"hu\",\"potentialAction\":[{\"@type\":\"ReadAction\",\"target\":[\"https:\/\/www.welovecycling.com\/hu\/orszaguti-kerekpar\/sir-dave-brailsford-elhagyja-az-ineos-grenadiers-t\/\"]}]},{\"@type\":\"ImageObject\",\"inLanguage\":\"hu\",\"@id\":\"https:\/\/www.welovecycling.com\/hu\/orszaguti-kerekpar\/sir-dave-brailsford-elhagyja-az-ineos-grenadiers-t\/#primaryimage\",\"url\":\"https:\/\/d2p6e6u75xmxt8.cloudfront.net\/12\/2021\/09\/Dave-Brailsford-CVR-profimedia-0617887277.jpg\",\"contentUrl\":\"https:\/\/d2p6e6u75xmxt8.cloudfront.net\/12\/2021\/09\/Dave-Brailsford-CVR-profimedia-0617887277.jpg\",\"width\":1366,\"height\":600},{\"@type\":\"BreadcrumbList\",\"@id\":\"https:\/\/www.welovecycling.com\/hu\/orszaguti-kerekpar\/sir-dave-brailsford-elhagyja-az-ineos-grenadiers-t\/#breadcrumb\",\"itemListElement\":[{\"@type\":\"ListItem\",\"position\":1,\"name\":\"Home\",\"item\":\"https:\/\/www.welovecycling.com\/hu\/\"},{\"@type\":\"ListItem\",\"position\":2,\"name\":\"Sir Dave Brailsford elhagyja az Ineos Grenadiers-t?\"}]},{\"@type\":\"WebSite\",\"@id\":\"https:\/\/www.welovecycling.com\/hu\/#website\",\"url\":\"https:\/\/www.welovecycling.com\/hu\/\",\"name\":\"\u0160koda We Love Cycling - Magyarorsz\u00e1g\",\"description\":\"\u0160koda WeLoveCycling\",\"potentialAction\":[{\"@type\":\"SearchAction\",\"target\":{\"@type\":\"EntryPoint\",\"urlTemplate\":\"https:\/\/www.welovecycling.com\/hu\/?s={search_term_string}\"},\"query-input\":{\"@type\":\"PropertyValueSpecification\",\"valueRequired\":true,\"valueName\":\"search_term_string\"}}],\"inLanguage\":\"hu\"},{\"@type\":\"Person\",\"@id\":\"https:\/\/www.welovecycling.com\/hu\/#\/schema\/person\/414a2aebf1801691a5320edb6468e194\",\"name\":\"hegyizs\",\"image\":{\"@type\":\"ImageObject\",\"inLanguage\":\"hu\",\"@id\":\"https:\/\/www.welovecycling.com\/hu\/#\/schema\/person\/image\/\",\"url\":\"https:\/\/secure.gravatar.com\/avatar\/02cf8a7906b8cf90cecb4679defac7cfd33a1c2e3b88e4903d947f3bb58eedd3?s=96&d=mm&r=g\",\"contentUrl\":\"https:\/\/secure.gravatar.com\/avatar\/02cf8a7906b8cf90cecb4679defac7cfd33a1c2e3b88e4903d947f3bb58eedd3?s=96&d=mm&r=g\",\"caption\":\"hegyizs\"},\"url\":\"https:\/\/www.welovecycling.com\/hu\/author\/hegyizs\/\"}]}<\/script>\n<!-- \/ Yoast SEO Premium plugin. -->","yoast_head_json":{"title":"Sir Dave Brailsford elhagyja az Ineos Grenadiers-t? - \u0160koda We Love Cycling - Magyarorsz\u00e1g","description":"A Tuttobiciweb olasz ker\u00e9kp\u00e1ros honlap szerint Brailsford sz\u00e9lesebb vezet\u0151i szerepet t\u00f6lt majd a brit INEOS vegyipari v\u00e1llalat sportoszt\u00e1ly\u00e1n.","robots":{"index":"index","follow":"follow","max-snippet":"max-snippet:-1","max-image-preview":"max-image-preview:large","max-video-preview":"max-video-preview:-1"},"canonical":"https:\/\/www.welovecycling.com\/hu\/orszaguti-kerekpar\/sir-dave-brailsford-elhagyja-az-ineos-grenadiers-t\/","og_locale":"hu_HU","og_type":"article","og_title":"Sir Dave Brailsford elhagyja az Ineos Grenadiers-t?","og_description":"A Tuttobiciweb olasz ker\u00e9kp\u00e1ros honlap szerint Brailsford sz\u00e9lesebb vezet\u0151i szerepet t\u00f6lt majd a brit INEOS vegyipari v\u00e1llalat sportoszt\u00e1ly\u00e1n.","og_url":"https:\/\/www.welovecycling.com\/hu\/orszaguti-kerekpar\/sir-dave-brailsford-elhagyja-az-ineos-grenadiers-t\/","og_site_name":"\u0160koda We Love Cycling - Magyarorsz\u00e1g","article_publisher":"https:\/\/www.facebook.com\/WeLoveCyclingHungary\/","article_published_time":"2021-10-04T06:00:25+00:00","article_modified_time":"2021-10-04T09:29:13+00:00","og_image":[{"width":1366,"height":600,"url":"https:\/\/d2p6e6u75xmxt8.cloudfront.net\/12\/2021\/09\/Dave-Brailsford-CVR-profimedia-0617887277.jpg","type":"image\/jpeg"}],"author":"hegyizs","twitter_card":"summary_large_image","twitter_misc":{"Written by":"Monica Buck","Est. reading time":"3"},"schema":{"@context":"https:\/\/schema.org","@graph":[{"@type":"WebPage","@id":"https:\/\/www.welovecycling.com\/hu\/orszaguti-kerekpar\/sir-dave-brailsford-elhagyja-az-ineos-grenadiers-t\/","url":"https:\/\/www.welovecycling.com\/hu\/orszaguti-kerekpar\/sir-dave-brailsford-elhagyja-az-ineos-grenadiers-t\/","name":"Sir Dave Brailsford elhagyja az Ineos Grenadiers-t? - \u0160koda We Love Cycling - Magyarorsz\u00e1g","isPartOf":{"@id":"https:\/\/www.welovecycling.com\/hu\/#website"},"primaryImageOfPage":{"@id":"https:\/\/www.welovecycling.com\/hu\/orszaguti-kerekpar\/sir-dave-brailsford-elhagyja-az-ineos-grenadiers-t\/#primaryimage"},"image":{"@id":"https:\/\/www.welovecycling.com\/hu\/orszaguti-kerekpar\/sir-dave-brailsford-elhagyja-az-ineos-grenadiers-t\/#primaryimage"},"thumbnailUrl":"https:\/\/d2p6e6u75xmxt8.cloudfront.net\/12\/2021\/09\/Dave-Brailsford-CVR-profimedia-0617887277.jpg","datePublished":"2021-10-04T06:00:25+00:00","dateModified":"2021-10-04T09:29:13+00:00","author":{"@id":"https:\/\/www.welovecycling.com\/hu\/#\/schema\/person\/414a2aebf1801691a5320edb6468e194"},"description":"A Tuttobiciweb olasz ker\u00e9kp\u00e1ros honlap szerint Brailsford sz\u00e9lesebb vezet\u0151i szerepet t\u00f6lt majd a brit INEOS vegyipari v\u00e1llalat sportoszt\u00e1ly\u00e1n.","breadcrumb":{"@id":"https:\/\/www.welovecycling.com\/hu\/orszaguti-kerekpar\/sir-dave-brailsford-elhagyja-az-ineos-grenadiers-t\/#breadcrumb"},"inLanguage":"hu","potentialAction":[{"@type":"ReadAction","target":["https:\/\/www.welovecycling.com\/hu\/orszaguti-kerekpar\/sir-dave-brailsford-elhagyja-az-ineos-grenadiers-t\/"]}]},{"@type":"ImageObject","inLanguage":"hu","@id":"https:\/\/www.welovecycling.com\/hu\/orszaguti-kerekpar\/sir-dave-brailsford-elhagyja-az-ineos-grenadiers-t\/#primaryimage","url":"https:\/\/d2p6e6u75xmxt8.cloudfront.net\/12\/2021\/09\/Dave-Brailsford-CVR-profimedia-0617887277.jpg","contentUrl":"https:\/\/d2p6e6u75xmxt8.cloudfront.net\/12\/2021\/09\/Dave-Brailsford-CVR-profimedia-0617887277.jpg","width":1366,"height":600},{"@type":"BreadcrumbList","@id":"https:\/\/www.welovecycling.com\/hu\/orszaguti-kerekpar\/sir-dave-brailsford-elhagyja-az-ineos-grenadiers-t\/#breadcrumb","itemListElement":[{"@type":"ListItem","position":1,"name":"Home","item":"https:\/\/www.welovecycling.com\/hu\/"},{"@type":"ListItem","position":2,"name":"Sir Dave Brailsford elhagyja az Ineos Grenadiers-t?"}]},{"@type":"WebSite","@id":"https:\/\/www.welovecycling.com\/hu\/#website","url":"https:\/\/www.welovecycling.com\/hu\/","name":"\u0160koda We Love Cycling - Magyarorsz\u00e1g","description":"\u0160koda WeLoveCycling","potentialAction":[{"@type":"SearchAction","target":{"@type":"EntryPoint","urlTemplate":"https:\/\/www.welovecycling.com\/hu\/?s={search_term_string}"},"query-input":{"@type":"PropertyValueSpecification","valueRequired":true,"valueName":"search_term_string"}}],"inLanguage":"hu"},{"@type":"Person","@id":"https:\/\/www.welovecycling.com\/hu\/#\/schema\/person\/414a2aebf1801691a5320edb6468e194","name":"hegyizs","image":{"@type":"ImageObject","inLanguage":"hu","@id":"https:\/\/www.welovecycling.com\/hu\/#\/schema\/person\/image\/","url":"https:\/\/secure.gravatar.com\/avatar\/02cf8a7906b8cf90cecb4679defac7cfd33a1c2e3b88e4903d947f3bb58eedd3?s=96&d=mm&r=g","contentUrl":"https:\/\/secure.gravatar.com\/avatar\/02cf8a7906b8cf90cecb4679defac7cfd33a1c2e3b88e4903d947f3bb58eedd3?s=96&d=mm&r=g","caption":"hegyizs"},"url":"https:\/\/www.welovecycling.com\/hu\/author\/hegyizs\/"}]}},"_links":{"self":[{"href":"https:\/\/www.welovecycling.com\/hu\/wp-json\/wp\/v2\/posts\/12572","targetHints":{"allow":["GET"]}}],"collection":[{"href":"https:\/\/www.welovecycling.com\/hu\/wp-json\/wp\/v2\/posts"}],"about":[{"href":"https:\/\/www.welovecycling.com\/hu\/wp-json\/wp\/v2\/types\/post"}],"author":[{"embeddable":true,"href":"https:\/\/www.welovecycling.com\/hu\/wp-json\/wp\/v2\/users\/71"}],"replies":[{"embeddable":true,"href":"https:\/\/www.welovecycling.com\/hu\/wp-json\/wp\/v2\/comments?post=12572"}],"version-history":[{"count":2,"href":"https:\/\/www.welovecycling.com\/hu\/wp-json\/wp\/v2\/posts\/12572\/revisions"}],"predecessor-version":[{"id":12596,"href":"https:\/\/www.welovecycling.com\/hu\/wp-json\/wp\/v2\/posts\/12572\/revisions\/12596"}],"wp:featuredmedia":[{"embeddable":true,"href":"https:\/\/www.welovecycling.com\/hu\/wp-json\/wp\/v2\/media\/12575"}],"wp:attachment":[{"href":"https:\/\/www.welovecycling.com\/hu\/wp-json\/wp\/v2\/media?parent=12572"}],"wp:term":[{"taxonomy":"category","embeddable":true,"href":"https:\/\/www.welovecycling.com\/hu\/wp-json\/wp\/v2\/categories?post=12572"},{"taxonomy":"post_tag","embeddable":true,"href":"https:\/\/www.welovecycling.com\/hu\/wp-json\/wp\/v2\/tags?post=12572"},{"taxonomy":"global-categories","embeddable":true,"href":"https:\/\/www.welovecycling.com\/hu\/wp-json\/wp\/v2\/global-categories?post=12572"}],"curies":[{"name":"wp","href":"https:\/\/api.w.org\/{rel}","templated":true}]}}