{"id":12568,"date":"2021-09-29T19:42:24","date_gmt":"2021-09-29T17:42:24","guid":{"rendered":"https:\/\/www.welovecycling.com\/hu\/?p=12568"},"modified":"2021-09-29T19:42:24","modified_gmt":"2021-09-29T17:42:24","slug":"ti-kerdeztetek-valter-atti-valaszolt-bringazz-felelek-2-resz","status":"publish","type":"post","link":"https:\/\/www.welovecycling.com\/hu\/bringazz-felelek\/ti-kerdeztetek-valter-atti-valaszolt-bringazz-felelek-2-resz\/","title":{"rendered":"Ti k\u00e9rdeztetek, Valter Atti v\u00e1laszolt \u2013 Bring\u00e1zz-Felelek 2. r\u00e9sz"},"content":{"rendered":"<p><strong>Valter Attila az ut\u00f3bbi id\u0151szakban azoknak is b\u00fcszkes\u00e9ge lett, akiket egy\u00e9bk\u00e9nt nem \u00e9rdekel a ker\u00e9kp\u00e1roz\u00e1s, azok pedig akik k\u00f6vetik karrierj\u00e9t olyan \u00f6r\u00f6mmel n\u00e9zhett\u00e9k v\u00e9gig, ahogy megszerzi a Giron a r\u00f3zsasz\u00edn mezt, amilyet \u0151 is \u00e9rezhetett. K\u00edv\u00e1ncsi vagy ki \u00e1ll a t\u00f6rt\u00e9nelmi trik\u00f3 m\u00f6g\u00f6tt? Bring\u00e1zz-Felelek vide\u00f3sorozatunk m\u00e1sodik r\u00e9sz\u00e9ben Attit ismerhetitek meg k\u00f6zelebbr\u0151l.<\/strong><!--more--><\/p>\n<p>Az \u00e9lsport misztikus vil\u00e1ga a legt\u00f6bb hobbisportol\u00f3ban egyszerre kelt izgalmat \u00e9s f\u00e9lelmet. Hihetetlen teljes\u00edtm\u00e9nyt ny\u00fajtanak az elit ker\u00e9kp\u00e1rosok, amit mi t\u00e1tott sz\u00e1jjal n\u00e9z\u00fcnk v\u00e9gig, \u00e9s alig mer\u00fcnk belegondolni, micsoda munka \u00e1ll a sikereik m\u00f6g\u00f6tt. Az Attil\u00e1val val\u00f3 besz\u00e9lget\u00e9s sor\u00e1n pedig csak n\u0151tt a szem\u00fcnkben az \u00e9lsportol\u00f3k ir\u00e1nt \u00e9rzett tisztelet, \u00e9s b\u00e1r tudjuk, hogy van \u00e1rnyoldala is a profi ker\u00e9kp\u00e1roz\u00e1snak, Atti szerint <em>\u201eaz az adrenalin, p\u00f6rg\u00e9s, \u00e9letvitel, ami a versenyz\u00e9ssel j\u00e1r, semmihez sem foghat\u00f3.\u201d<\/em><\/p>\n<p><a href=\"https:\/\/d2p6e6u75xmxt8.cloudfront.net\/12\/2021\/09\/IMG-20210516-WA0012.jpg\"><img loading=\"lazy\" decoding=\"async\" class=\"alignnone size-large wp-image-12570\" src=\"https:\/\/d2p6e6u75xmxt8.cloudfront.net\/12\/2021\/09\/IMG-20210516-WA0012-1024x683.jpg\" alt=\"\" width=\"1024\" height=\"683\" srcset=\"https:\/\/d2p6e6u75xmxt8.cloudfront.net\/12\/2021\/09\/IMG-20210516-WA0012-1024x683.jpg 1024w, https:\/\/d2p6e6u75xmxt8.cloudfront.net\/12\/2021\/09\/IMG-20210516-WA0012-300x200.jpg 300w, https:\/\/d2p6e6u75xmxt8.cloudfront.net\/12\/2021\/09\/IMG-20210516-WA0012-768x512.jpg 768w, https:\/\/d2p6e6u75xmxt8.cloudfront.net\/12\/2021\/09\/IMG-20210516-WA0012-272x182.jpg 272w, https:\/\/d2p6e6u75xmxt8.cloudfront.net\/12\/2021\/09\/IMG-20210516-WA0012.jpg 1200w\" sizes=\"auto, (max-width: 1024px) 100vw, 1024px\" \/><\/a><\/p>\n<p>Aki csak szeret biciklizni, tudja, hogy mennyire neh\u00e9z mindig teljes\u00edteni, nyeregbe \u00fclni akkor is, amikor hideg van \u00e9s f\u00e1radtak vagyunk, \u00e9s megk\u00fczdeni az izoml\u00e1zzal. Annak pedig, aki profi szinten \u0171zi a sportot, eg\u00e9szen m\u00e1s kih\u00edv\u00e1sokkal kell megk\u00fczdenie, \u00e9s a t\u00e9t is sokkal nagyobb. \u00c9rthet\u0151 teh\u00e1t, hogy felmer\u00fclt bennetek a k\u00e9rd\u00e9s: milyen \u00e1ldozatokat kell hoznia egy \u00e9lsportol\u00f3nak?<\/p>\n<p><em>\u201eId\u0151t \u00e9s energi\u00e1t nem k\u00edm\u00e9lve kell a munk\u00e1t belerakni, [\u2026] de \u00e9n soha nem haszn\u00e1lom azt a sz\u00f3t, hogy \u00e1ldozat. Ha annak \u00e9rezn\u00e9m, egyszer\u0171en m\u00e1s p\u00e1ly\u00e1t v\u00e1lasztottam volna\u201d <\/em>\u2013 v\u00e1laszolta Attila.<\/p>\n<p>Ha szeretn\u00e9d jobban megismerni az orsz\u00e1g egyik legnagyobb bring\u00e1s alakj\u00e1t, n\u00e9zd meg a vide\u00f3t! Nagyon k\u00f6sz\u00f6nj\u00fck Valter Attil\u00e1nak a besz\u00e9lget\u00e9st, \u00e9s nektek is a k\u00e9rd\u00e9seket! Hamarosan bemutatjuk a Bring\u00e1zz-Felelek k\u00f6vetkez\u0151 szak\u00e9rt\u0151j\u00e9t, akit\u0151l k\u00e9rdezhettek majd, addig is \u00edrj\u00e1tok meg nek\u00fcnk, kivel, milyen t\u00e9m\u00e1ban szeretn\u00e9tek hasonl\u00f3 vide\u00f3t l\u00e1tni!<\/p>\n","protected":false},"excerpt":{"rendered":"<p>Valter Attila az ut\u00f3bbi id\u0151szakban azoknak is b\u00fcszkes\u00e9ge lett, akiket egy\u00e9bk\u00e9nt nem \u00e9rdekel a ker\u00e9kp\u00e1roz\u00e1s, azok pedig akik k\u00f6vetik karrierj\u00e9t [&hellip;]<\/p>\n","protected":false},"author":71,"featured_media":12569,"comment_status":"open","ping_status":"open","sticky":false,"template":"","format":"video","meta":{"footnotes":""},"categories":[464],"tags":[],"global-categories":[419],"class_list":["post-12568","post","type-post","status-publish","format-video","has-post-thumbnail","hentry","category-bringazz-felelek","post_format-post-format-video","global-categories-cycling"],"yoast_head":"<!-- This site is optimized with the Yoast SEO Premium plugin v25.3 (Yoast SEO v25.9) - https:\/\/yoast.com\/wordpress\/plugins\/seo\/ -->\n<title>Ti k\u00e9rdeztetek, Valter Atti v\u00e1laszolt \u2013 Bring\u00e1zz-Felelek 2. r\u00e9sz<\/title>\n<meta name=\"description\" content=\"Valter Attila az ut\u00f3bbi id\u0151szakban azoknak is b\u00fcszkes\u00e9ge lett, akiket egy\u00e9bk\u00e9nt nem \u00e9rdekel a ker\u00e9kp\u00e1roz\u00e1s, azok pedig akik k\u00f6vetik karrierj\u00e9t olyan \u00f6r\u00f6mmel n\u00e9zhett\u00e9k v\u00e9gig, ahogy megszerzi a Giron a r\u00f3zsasz\u00edn mezt, amilyet \u0151 is \u00e9rezhetett. K\u00edv\u00e1ncsi vagy ki \u00e1ll a t\u00f6rt\u00e9nelmi trik\u00f3 m\u00f6g\u00f6tt? Bring\u00e1zz-Felelek vide\u00f3sorozatunk m\u00e1sodik r\u00e9sz\u00e9ben Attit ismerhetitek meg k\u00f6zelebbr\u0151l.\" \/>\n<meta name=\"robots\" content=\"index, follow, max-snippet:-1, max-image-preview:large, max-video-preview:-1\" \/>\n<link rel=\"canonical\" href=\"https:\/\/www.welovecycling.com\/hu\/bringazz-felelek\/ti-kerdeztetek-valter-atti-valaszolt-bringazz-felelek-2-resz\/\" \/>\n<meta property=\"og:locale\" content=\"hu_HU\" \/>\n<meta property=\"og:type\" content=\"article\" \/>\n<meta property=\"og:title\" content=\"Ti k\u00e9rdeztetek, Valter Atti v\u00e1laszolt \u2013 Bring\u00e1zz-Felelek 2. r\u00e9sz\" \/>\n<meta property=\"og:description\" content=\"Valter Attila az ut\u00f3bbi id\u0151szakban azoknak is b\u00fcszkes\u00e9ge lett, akiket egy\u00e9bk\u00e9nt nem \u00e9rdekel a ker\u00e9kp\u00e1roz\u00e1s, azok pedig akik k\u00f6vetik karrierj\u00e9t olyan \u00f6r\u00f6mmel n\u00e9zhett\u00e9k v\u00e9gig, ahogy megszerzi a Giron a r\u00f3zsasz\u00edn mezt, amilyet \u0151 is \u00e9rezhetett. K\u00edv\u00e1ncsi vagy ki \u00e1ll a t\u00f6rt\u00e9nelmi trik\u00f3 m\u00f6g\u00f6tt? Bring\u00e1zz-Felelek vide\u00f3sorozatunk m\u00e1sodik r\u00e9sz\u00e9ben Attit ismerhetitek meg k\u00f6zelebbr\u0151l.\" \/>\n<meta property=\"og:url\" content=\"https:\/\/www.welovecycling.com\/hu\/bringazz-felelek\/ti-kerdeztetek-valter-atti-valaszolt-bringazz-felelek-2-resz\/\" \/>\n<meta property=\"og:site_name\" content=\"\u0160koda We Love Cycling - Magyarorsz\u00e1g\" \/>\n<meta property=\"article:publisher\" content=\"https:\/\/www.facebook.com\/WeLoveCyclingHungary\/\" \/>\n<meta property=\"article:published_time\" content=\"2021-09-29T17:42:24+00:00\" \/>\n<meta property=\"og:image\" content=\"https:\/\/d2p6e6u75xmxt8.cloudfront.net\/12\/2021\/09\/WL018_valter_attila_cikk_cover-2.png\" \/>\n\t<meta property=\"og:image:width\" content=\"1725\" \/>\n\t<meta property=\"og:image:height\" content=\"750\" \/>\n\t<meta property=\"og:image:type\" content=\"image\/png\" \/>\n<meta name=\"author\" content=\"hegyizs\" \/>\n<meta name=\"twitter:card\" content=\"summary_large_image\" \/>\n<meta name=\"twitter:label1\" content=\"Written by\" \/>\n\t<meta name=\"twitter:data1\" content=\"WLC\" \/>\n\t<meta name=\"twitter:label2\" content=\"Est. reading time\" \/>\n\t<meta name=\"twitter:data2\" content=\"2 minutes\" \/>\n<script type=\"application\/ld+json\" class=\"yoast-schema-graph\">{\"@context\":\"https:\/\/schema.org\",\"@graph\":[{\"@type\":\"WebPage\",\"@id\":\"https:\/\/www.welovecycling.com\/hu\/bringazz-felelek\/ti-kerdeztetek-valter-atti-valaszolt-bringazz-felelek-2-resz\/\",\"url\":\"https:\/\/www.welovecycling.com\/hu\/bringazz-felelek\/ti-kerdeztetek-valter-atti-valaszolt-bringazz-felelek-2-resz\/\",\"name\":\"Ti k\u00e9rdeztetek, Valter Atti v\u00e1laszolt \u2013 Bring\u00e1zz-Felelek 2. r\u00e9sz\",\"isPartOf\":{\"@id\":\"https:\/\/www.welovecycling.com\/hu\/#website\"},\"primaryImageOfPage\":{\"@id\":\"https:\/\/www.welovecycling.com\/hu\/bringazz-felelek\/ti-kerdeztetek-valter-atti-valaszolt-bringazz-felelek-2-resz\/#primaryimage\"},\"image\":{\"@id\":\"https:\/\/www.welovecycling.com\/hu\/bringazz-felelek\/ti-kerdeztetek-valter-atti-valaszolt-bringazz-felelek-2-resz\/#primaryimage\"},\"thumbnailUrl\":\"https:\/\/d2p6e6u75xmxt8.cloudfront.net\/12\/2021\/09\/WL018_valter_attila_cikk_cover-2.png\",\"datePublished\":\"2021-09-29T17:42:24+00:00\",\"author\":{\"@id\":\"https:\/\/www.welovecycling.com\/hu\/#\/schema\/person\/414a2aebf1801691a5320edb6468e194\"},\"description\":\"Valter Attila az ut\u00f3bbi id\u0151szakban azoknak is b\u00fcszkes\u00e9ge lett, akiket egy\u00e9bk\u00e9nt nem \u00e9rdekel a ker\u00e9kp\u00e1roz\u00e1s, azok pedig akik k\u00f6vetik karrierj\u00e9t olyan \u00f6r\u00f6mmel n\u00e9zhett\u00e9k v\u00e9gig, ahogy megszerzi a Giron a r\u00f3zsasz\u00edn mezt, amilyet \u0151 is \u00e9rezhetett. K\u00edv\u00e1ncsi vagy ki \u00e1ll a t\u00f6rt\u00e9nelmi trik\u00f3 m\u00f6g\u00f6tt? Bring\u00e1zz-Felelek vide\u00f3sorozatunk m\u00e1sodik r\u00e9sz\u00e9ben Attit ismerhetitek meg k\u00f6zelebbr\u0151l.\",\"breadcrumb\":{\"@id\":\"https:\/\/www.welovecycling.com\/hu\/bringazz-felelek\/ti-kerdeztetek-valter-atti-valaszolt-bringazz-felelek-2-resz\/#breadcrumb\"},\"inLanguage\":\"hu\",\"potentialAction\":[{\"@type\":\"ReadAction\",\"target\":[\"https:\/\/www.welovecycling.com\/hu\/bringazz-felelek\/ti-kerdeztetek-valter-atti-valaszolt-bringazz-felelek-2-resz\/\"]}]},{\"@type\":\"ImageObject\",\"inLanguage\":\"hu\",\"@id\":\"https:\/\/www.welovecycling.com\/hu\/bringazz-felelek\/ti-kerdeztetek-valter-atti-valaszolt-bringazz-felelek-2-resz\/#primaryimage\",\"url\":\"https:\/\/d2p6e6u75xmxt8.cloudfront.net\/12\/2021\/09\/WL018_valter_attila_cikk_cover-2.png\",\"contentUrl\":\"https:\/\/d2p6e6u75xmxt8.cloudfront.net\/12\/2021\/09\/WL018_valter_attila_cikk_cover-2.png\",\"width\":1725,\"height\":750},{\"@type\":\"BreadcrumbList\",\"@id\":\"https:\/\/www.welovecycling.com\/hu\/bringazz-felelek\/ti-kerdeztetek-valter-atti-valaszolt-bringazz-felelek-2-resz\/#breadcrumb\",\"itemListElement\":[{\"@type\":\"ListItem\",\"position\":1,\"name\":\"Home\",\"item\":\"https:\/\/www.welovecycling.com\/hu\/\"},{\"@type\":\"ListItem\",\"position\":2,\"name\":\"Ti k\u00e9rdeztetek, Valter Atti v\u00e1laszolt \u2013 Bring\u00e1zz-Felelek 2. r\u00e9sz\"}]},{\"@type\":\"WebSite\",\"@id\":\"https:\/\/www.welovecycling.com\/hu\/#website\",\"url\":\"https:\/\/www.welovecycling.com\/hu\/\",\"name\":\"\u0160koda We Love Cycling - Magyarorsz\u00e1g\",\"description\":\"\u0160koda WeLoveCycling\",\"potentialAction\":[{\"@type\":\"SearchAction\",\"target\":{\"@type\":\"EntryPoint\",\"urlTemplate\":\"https:\/\/www.welovecycling.com\/hu\/?s={search_term_string}\"},\"query-input\":{\"@type\":\"PropertyValueSpecification\",\"valueRequired\":true,\"valueName\":\"search_term_string\"}}],\"inLanguage\":\"hu\"},{\"@type\":\"Person\",\"@id\":\"https:\/\/www.welovecycling.com\/hu\/#\/schema\/person\/414a2aebf1801691a5320edb6468e194\",\"name\":\"hegyizs\",\"image\":{\"@type\":\"ImageObject\",\"inLanguage\":\"hu\",\"@id\":\"https:\/\/www.welovecycling.com\/hu\/#\/schema\/person\/image\/\",\"url\":\"https:\/\/secure.gravatar.com\/avatar\/02cf8a7906b8cf90cecb4679defac7cfd33a1c2e3b88e4903d947f3bb58eedd3?s=96&d=mm&r=g\",\"contentUrl\":\"https:\/\/secure.gravatar.com\/avatar\/02cf8a7906b8cf90cecb4679defac7cfd33a1c2e3b88e4903d947f3bb58eedd3?s=96&d=mm&r=g\",\"caption\":\"hegyizs\"},\"url\":\"https:\/\/www.welovecycling.com\/hu\/author\/hegyizs\/\"}]}<\/script>\n<!-- \/ Yoast SEO Premium plugin. -->","yoast_head_json":{"title":"Ti k\u00e9rdeztetek, Valter Atti v\u00e1laszolt \u2013 Bring\u00e1zz-Felelek 2. r\u00e9sz","description":"Valter Attila az ut\u00f3bbi id\u0151szakban azoknak is b\u00fcszkes\u00e9ge lett, akiket egy\u00e9bk\u00e9nt nem \u00e9rdekel a ker\u00e9kp\u00e1roz\u00e1s, azok pedig akik k\u00f6vetik karrierj\u00e9t olyan \u00f6r\u00f6mmel n\u00e9zhett\u00e9k v\u00e9gig, ahogy megszerzi a Giron a r\u00f3zsasz\u00edn mezt, amilyet \u0151 is \u00e9rezhetett. K\u00edv\u00e1ncsi vagy ki \u00e1ll a t\u00f6rt\u00e9nelmi trik\u00f3 m\u00f6g\u00f6tt? Bring\u00e1zz-Felelek vide\u00f3sorozatunk m\u00e1sodik r\u00e9sz\u00e9ben Attit ismerhetitek meg k\u00f6zelebbr\u0151l.","robots":{"index":"index","follow":"follow","max-snippet":"max-snippet:-1","max-image-preview":"max-image-preview:large","max-video-preview":"max-video-preview:-1"},"canonical":"https:\/\/www.welovecycling.com\/hu\/bringazz-felelek\/ti-kerdeztetek-valter-atti-valaszolt-bringazz-felelek-2-resz\/","og_locale":"hu_HU","og_type":"article","og_title":"Ti k\u00e9rdeztetek, Valter Atti v\u00e1laszolt \u2013 Bring\u00e1zz-Felelek 2. r\u00e9sz","og_description":"Valter Attila az ut\u00f3bbi id\u0151szakban azoknak is b\u00fcszkes\u00e9ge lett, akiket egy\u00e9bk\u00e9nt nem \u00e9rdekel a ker\u00e9kp\u00e1roz\u00e1s, azok pedig akik k\u00f6vetik karrierj\u00e9t olyan \u00f6r\u00f6mmel n\u00e9zhett\u00e9k v\u00e9gig, ahogy megszerzi a Giron a r\u00f3zsasz\u00edn mezt, amilyet \u0151 is \u00e9rezhetett. K\u00edv\u00e1ncsi vagy ki \u00e1ll a t\u00f6rt\u00e9nelmi trik\u00f3 m\u00f6g\u00f6tt? Bring\u00e1zz-Felelek vide\u00f3sorozatunk m\u00e1sodik r\u00e9sz\u00e9ben Attit ismerhetitek meg k\u00f6zelebbr\u0151l.","og_url":"https:\/\/www.welovecycling.com\/hu\/bringazz-felelek\/ti-kerdeztetek-valter-atti-valaszolt-bringazz-felelek-2-resz\/","og_site_name":"\u0160koda We Love Cycling - Magyarorsz\u00e1g","article_publisher":"https:\/\/www.facebook.com\/WeLoveCyclingHungary\/","article_published_time":"2021-09-29T17:42:24+00:00","og_image":[{"width":1725,"height":750,"url":"https:\/\/d2p6e6u75xmxt8.cloudfront.net\/12\/2021\/09\/WL018_valter_attila_cikk_cover-2.png","type":"image\/png"}],"author":"hegyizs","twitter_card":"summary_large_image","twitter_misc":{"Written by":"WLC","Est. reading time":"2 minutes"},"schema":{"@context":"https:\/\/schema.org","@graph":[{"@type":"WebPage","@id":"https:\/\/www.welovecycling.com\/hu\/bringazz-felelek\/ti-kerdeztetek-valter-atti-valaszolt-bringazz-felelek-2-resz\/","url":"https:\/\/www.welovecycling.com\/hu\/bringazz-felelek\/ti-kerdeztetek-valter-atti-valaszolt-bringazz-felelek-2-resz\/","name":"Ti k\u00e9rdeztetek, Valter Atti v\u00e1laszolt \u2013 Bring\u00e1zz-Felelek 2. r\u00e9sz","isPartOf":{"@id":"https:\/\/www.welovecycling.com\/hu\/#website"},"primaryImageOfPage":{"@id":"https:\/\/www.welovecycling.com\/hu\/bringazz-felelek\/ti-kerdeztetek-valter-atti-valaszolt-bringazz-felelek-2-resz\/#primaryimage"},"image":{"@id":"https:\/\/www.welovecycling.com\/hu\/bringazz-felelek\/ti-kerdeztetek-valter-atti-valaszolt-bringazz-felelek-2-resz\/#primaryimage"},"thumbnailUrl":"https:\/\/d2p6e6u75xmxt8.cloudfront.net\/12\/2021\/09\/WL018_valter_attila_cikk_cover-2.png","datePublished":"2021-09-29T17:42:24+00:00","author":{"@id":"https:\/\/www.welovecycling.com\/hu\/#\/schema\/person\/414a2aebf1801691a5320edb6468e194"},"description":"Valter Attila az ut\u00f3bbi id\u0151szakban azoknak is b\u00fcszkes\u00e9ge lett, akiket egy\u00e9bk\u00e9nt nem \u00e9rdekel a ker\u00e9kp\u00e1roz\u00e1s, azok pedig akik k\u00f6vetik karrierj\u00e9t olyan \u00f6r\u00f6mmel n\u00e9zhett\u00e9k v\u00e9gig, ahogy megszerzi a Giron a r\u00f3zsasz\u00edn mezt, amilyet \u0151 is \u00e9rezhetett. K\u00edv\u00e1ncsi vagy ki \u00e1ll a t\u00f6rt\u00e9nelmi trik\u00f3 m\u00f6g\u00f6tt? Bring\u00e1zz-Felelek vide\u00f3sorozatunk m\u00e1sodik r\u00e9sz\u00e9ben Attit ismerhetitek meg k\u00f6zelebbr\u0151l.","breadcrumb":{"@id":"https:\/\/www.welovecycling.com\/hu\/bringazz-felelek\/ti-kerdeztetek-valter-atti-valaszolt-bringazz-felelek-2-resz\/#breadcrumb"},"inLanguage":"hu","potentialAction":[{"@type":"ReadAction","target":["https:\/\/www.welovecycling.com\/hu\/bringazz-felelek\/ti-kerdeztetek-valter-atti-valaszolt-bringazz-felelek-2-resz\/"]}]},{"@type":"ImageObject","inLanguage":"hu","@id":"https:\/\/www.welovecycling.com\/hu\/bringazz-felelek\/ti-kerdeztetek-valter-atti-valaszolt-bringazz-felelek-2-resz\/#primaryimage","url":"https:\/\/d2p6e6u75xmxt8.cloudfront.net\/12\/2021\/09\/WL018_valter_attila_cikk_cover-2.png","contentUrl":"https:\/\/d2p6e6u75xmxt8.cloudfront.net\/12\/2021\/09\/WL018_valter_attila_cikk_cover-2.png","width":1725,"height":750},{"@type":"BreadcrumbList","@id":"https:\/\/www.welovecycling.com\/hu\/bringazz-felelek\/ti-kerdeztetek-valter-atti-valaszolt-bringazz-felelek-2-resz\/#breadcrumb","itemListElement":[{"@type":"ListItem","position":1,"name":"Home","item":"https:\/\/www.welovecycling.com\/hu\/"},{"@type":"ListItem","position":2,"name":"Ti k\u00e9rdeztetek, Valter Atti v\u00e1laszolt \u2013 Bring\u00e1zz-Felelek 2. r\u00e9sz"}]},{"@type":"WebSite","@id":"https:\/\/www.welovecycling.com\/hu\/#website","url":"https:\/\/www.welovecycling.com\/hu\/","name":"\u0160koda We Love Cycling - Magyarorsz\u00e1g","description":"\u0160koda WeLoveCycling","potentialAction":[{"@type":"SearchAction","target":{"@type":"EntryPoint","urlTemplate":"https:\/\/www.welovecycling.com\/hu\/?s={search_term_string}"},"query-input":{"@type":"PropertyValueSpecification","valueRequired":true,"valueName":"search_term_string"}}],"inLanguage":"hu"},{"@type":"Person","@id":"https:\/\/www.welovecycling.com\/hu\/#\/schema\/person\/414a2aebf1801691a5320edb6468e194","name":"hegyizs","image":{"@type":"ImageObject","inLanguage":"hu","@id":"https:\/\/www.welovecycling.com\/hu\/#\/schema\/person\/image\/","url":"https:\/\/secure.gravatar.com\/avatar\/02cf8a7906b8cf90cecb4679defac7cfd33a1c2e3b88e4903d947f3bb58eedd3?s=96&d=mm&r=g","contentUrl":"https:\/\/secure.gravatar.com\/avatar\/02cf8a7906b8cf90cecb4679defac7cfd33a1c2e3b88e4903d947f3bb58eedd3?s=96&d=mm&r=g","caption":"hegyizs"},"url":"https:\/\/www.welovecycling.com\/hu\/author\/hegyizs\/"}]}},"_links":{"self":[{"href":"https:\/\/www.welovecycling.com\/hu\/wp-json\/wp\/v2\/posts\/12568","targetHints":{"allow":["GET"]}}],"collection":[{"href":"https:\/\/www.welovecycling.com\/hu\/wp-json\/wp\/v2\/posts"}],"about":[{"href":"https:\/\/www.welovecycling.com\/hu\/wp-json\/wp\/v2\/types\/post"}],"author":[{"embeddable":true,"href":"https:\/\/www.welovecycling.com\/hu\/wp-json\/wp\/v2\/users\/71"}],"replies":[{"embeddable":true,"href":"https:\/\/www.welovecycling.com\/hu\/wp-json\/wp\/v2\/comments?post=12568"}],"version-history":[{"count":1,"href":"https:\/\/www.welovecycling.com\/hu\/wp-json\/wp\/v2\/posts\/12568\/revisions"}],"predecessor-version":[{"id":12571,"href":"https:\/\/www.welovecycling.com\/hu\/wp-json\/wp\/v2\/posts\/12568\/revisions\/12571"}],"wp:featuredmedia":[{"embeddable":true,"href":"https:\/\/www.welovecycling.com\/hu\/wp-json\/wp\/v2\/media\/12569"}],"wp:attachment":[{"href":"https:\/\/www.welovecycling.com\/hu\/wp-json\/wp\/v2\/media?parent=12568"}],"wp:term":[{"taxonomy":"category","embeddable":true,"href":"https:\/\/www.welovecycling.com\/hu\/wp-json\/wp\/v2\/categories?post=12568"},{"taxonomy":"post_tag","embeddable":true,"href":"https:\/\/www.welovecycling.com\/hu\/wp-json\/wp\/v2\/tags?post=12568"},{"taxonomy":"global-categories","embeddable":true,"href":"https:\/\/www.welovecycling.com\/hu\/wp-json\/wp\/v2\/global-categories?post=12568"}],"curies":[{"name":"wp","href":"https:\/\/api.w.org\/{rel}","templated":true}]}}