{"id":1255,"date":"2018-07-30T08:19:28","date_gmt":"2018-07-30T08:19:28","guid":{"rendered":"https:\/\/www.welovecycling.com\/hu\/?p=1255"},"modified":"2018-07-30T08:19:40","modified_gmt":"2018-07-30T08:19:40","slug":"miert-kerekparozunk","status":"publish","type":"post","link":"https:\/\/www.welovecycling.com\/hu\/miert-tekerunk\/miert-kerekparozunk\/","title":{"rendered":"Eszedbe jutott m\u00e1r: mi\u00e9rt ker\u00e9kp\u00e1rozunk?"},"content":{"rendered":"<p><span style=\"font-size: 14pt;\"><strong><br \/>\nA ker\u00e9kp\u00e1roz\u00e1ssal kapcsolatos legfrissebb, v\u00e1ltozatos tippek \u00e9s h\u00edrek mellett igyeksz\u00fcnk seg\u00edts\u00e9get ny\u00fajtani mindenki sz\u00e1m\u00e1ra, hogy ker\u00e9kp\u00e1ros tud\u00e1s\u00e1t, szok\u00e1sait, felszerel\u00e9s\u00e9t, t\u00e1pl\u00e1lkoz\u00e1s\u00e1t fejleszteni tudja, illetve, hogy ker\u00e9kp\u00e1rokat mutassunk be azoknak, akik csak most sz\u00e1nt\u00e1k el magukat. Folyamatosan szembes\u00fcl\u00fcnk azzal, hogy a ker\u00e9kp\u00e1roz\u00e1s tekintet\u00e9ben a n\u0151k (f\u00fcggetlen\u00fcl fizikai felk\u00e9sz\u00fclts\u00e9g\u00fckt\u0151l, nemzetis\u00e9g\u00fckt\u0151l \u00e9s vil\u00e1gn\u00e9zet\u00fckt\u0151l) a ker\u00e9kp\u00e1ros vil\u00e1g egyik legink\u00e1bb alulreprezent\u00e1lt csoportj\u00e1t alkotj\u00e1k. <\/strong><\/span><\/p>\n<p>Magazinunk fenn\u00e1ll\u00e1sa \u00f3ta k\u00f6zl\u00fcnk cikkeket \u00e9s tanulm\u00e1nyokat azokr\u00f3l a konkr\u00e9t kih\u00edv\u00e1sokr\u00f3l \u00e9s akad\u00e1lyokr\u00f3l, amelyekkel a n\u0151k szembes\u00fclnek ak\u00e1r csak a mindennapi ing\u00e1z\u00e1s sor\u00e1n vagy<br \/>\na profi sportol\u00f3k vil\u00e1g\u00e1ban. Meggy\u0151z\u0151d\u00e9s\u00fcnk, hogy megfelel\u0151 motiv\u00e1ci\u00f3val \u00e9s elegend\u0151 inform\u00e1ci\u00f3 birtok\u00e1ban mindenki magyar\u00e1zatot tal\u00e1lhat arra, hogy mi\u00e9rt \u00e9rdemes<br \/>\nker\u00e9kp\u00e1rozni. A legfontosabb, hogy tiszt\u00e1zzuk azokat az ig\u00e9nyeket \u00e9s k\u00e9rd\u00e9seket, amelyek arra vezethet\u0151k vissza, hogy nem ismerj\u00fck az el\u0151tt\u00fcnk \u00e1ll\u00f3 lehet\u0151s\u00e9geket, m\u00e1r pedig ha van<br \/>\nvalami, amit ut\u00e1lunk, azok az elfecs\u00e9relt fantasztikus lehet\u0151s\u00e9gek.<\/p>\n<p><iframe loading=\"lazy\" src=\"https:\/\/embed.spotify.com\/?uri=spotify:user:welovecycling:playlist:7BtKCoUQw2hAGkuevhKA67\" width=\"100%\" height=\"400\" frameborder=\"0\"><\/iframe><\/p>\n<h2>Ker\u00e9kp\u00e1roz\u00e1s, mint \u00f6szt\u00f6nz\u0151 er\u0151<\/h2>\n<p>Meggy\u0151z\u0151d\u00e9s\u00fcnk, hogy az \u00e1ltal\u00e1nos hiedelmek szertefoszlat\u00e1s\u00e1val, valamint befogad\u00f3 \u00e9s<br \/>\nt\u00e1mogat\u00f3 k\u00f6rnyezet l\u00e9trehoz\u00e1s\u00e1val a ker\u00e9kp\u00e1roz\u00e1s \u00f6szt\u00f6nz\u0151 er\u0151v\u00e9 v\u00e1lhat. A \u0160koda AUTO<br \/>\nker\u00e9kp\u00e1roz\u00e1s ir\u00e1nti m\u00e9ly elk\u00f6telezetts\u00e9g\u00e9nek h\u00e1la \u00fajabb ir\u00e1nyba kezdhetj\u00fck kik\u00f6vezni az<br \/>\nutat. Ker\u00e9kp\u00e1rosk\u00e9nt minden bizonnyal tapasztaltad m\u00e1r, hogy a villamosok, buszok vagy<br \/>\nm\u00e1s k\u00f6zleked\u00e9si eszk\u00f6z\u00f6k kialak\u00edt\u00e1sa nem mindig mondhat\u00f3 ker\u00e9kp\u00e1rsz\u00e1ll\u00edt\u00e1s szempontj\u00e1b\u00f3l<br \/>\nfelhaszn\u00e1l\u00f3bar\u00e1tnak. Amint mondtuk, hisz\u00fcnk az akad\u00e1lyok lebont\u00e1s\u00e1ban, \u00e9s ezt a k\u00f6zvetlen<br \/>\nk\u00f6rnyezet\u00fcnkh\u00f6z kapcsol\u00f3d\u00f3 dolgokkal kell kezden\u00fcnk, amelyeket nap mint nap haszn\u00e1lunk.<br \/>\nP\u00e9ld\u00e1ul az aut\u00f3kkal. T\u00f6bb olyan \u0160koda modell l\u00e9tezik, amelyet kimondottan ker\u00e9kp\u00e1rosok<br \/>\nsz\u00e1m\u00e1ra alak\u00edtottak ki, legyen sz\u00f3 felszerelts\u00e9gr\u0151l vagy m\u00e9retekr\u0151l, ezek val\u00f3sz\u00edn\u0171leg nem<br \/>\ncsak a n\u0151knek tetszenek.<\/p>\n<p><img loading=\"lazy\" decoding=\"async\" class=\"alignnone\" style=\"float: left; margin-right: 20px;\" src=\"https:\/\/d2p6e6u75xmxt8.cloudfront.net\/2\/2018\/04\/IMG_64101-1024x682.jpg\" alt=\"ker\u00e9kp\u00e1roz\u00e1s \" width=\"350\" height=\"250\" \/> <img loading=\"lazy\" decoding=\"async\" class=\"alignright\" style=\"font-size: 16px;\" src=\"https:\/\/d2p6e6u75xmxt8.cloudfront.net\/2\/2018\/04\/IMG_5934-1-1024x682.jpg\" alt=\"mi\u00e9rt ker\u00e9kp\u00e1roz\u00e1s\" width=\"350\" height=\"250\" \/><\/p>\n<p>Mi\u00e9rt is ker\u00e9kp\u00e1rozunk teh\u00e1t? Mert adott a lehet\u0151s\u00e9g. Mert a ker\u00e9kp\u00e1roz\u00e1s megv\u00e1ltoztatja \u00e9let\u00fcnket \u00e9s boldogg\u00e1 tesz minket. Mert valaki hisz benn\u00fcnk, \u00e9s seg\u00edt c\u00e9ljaink el\u00e9r\u00e9s\u00e9ben. Mert \u00e9pp esett<br \/>\naz es\u0151. Mert sz\u00fcks\u00e9g\u00fcnk van a napi adrenalin-bevitelre. Mert szabadon azt csin\u00e1lunk, amihez csak<br \/>\nkedv\u00fcnk van. Mert a ker\u00e9kp\u00e1roz\u00e1s szerelem.<\/p>\n<p>Err\u0151l sz\u00f3l a leg\u00fajabb \u201eMi\u00e9rt ker\u00e9kp\u00e1rozunk?\u201d kamp\u00e1ny. Semmi lesajn\u00e1l\u00e1s. Semmi<br \/>\nmegj\u00e1tszott rivaliz\u00e1l\u00e1s. Semmi kozmetik\u00e1z\u00e1s. A ker\u00e9kp\u00e1roz\u00e1s tiszta szenved\u00e9ly, nem sz\u00e1m\u00edt,<br \/>\nhonnan j\u00f6ssz.<\/p>\n","protected":false},"excerpt":{"rendered":"<p>A ker\u00e9kp\u00e1roz\u00e1ssal kapcsolatos legfrissebb, v\u00e1ltozatos tippek \u00e9s h\u00edrek mellett igyeksz\u00fcnk seg\u00edts\u00e9get ny\u00fajtani mindenki sz\u00e1m\u00e1ra, hogy ker\u00e9kp\u00e1ros tud\u00e1s\u00e1t, szok\u00e1sait, felszerel\u00e9s\u00e9t, t\u00e1pl\u00e1lkoz\u00e1s\u00e1t [&hellip;]<\/p>\n","protected":false},"author":71,"featured_media":1277,"comment_status":"open","ping_status":"open","sticky":false,"template":"","format":"standard","meta":{"footnotes":""},"categories":[99],"tags":[17,18,109,22,107,110,108],"global-categories":[],"class_list":["post-1255","post","type-post","status-publish","format-standard","has-post-thumbnail","hentry","category-miert-tekerunk","tag-bicikli","tag-biciklizes","tag-bringazas","tag-kerekparozas","tag-kerelkpar","tag-miert-kerekparozunk","tag-tippek"],"yoast_head":"<!-- This site is optimized with the Yoast SEO Premium plugin v25.3 (Yoast SEO v25.9) - https:\/\/yoast.com\/wordpress\/plugins\/seo\/ -->\n<title>Eszedbe jutott m\u00e1r: mi\u00e9rt ker\u00e9kp\u00e1rozunk? - \u0160koda We Love Cycling - Magyarorsz\u00e1g<\/title>\n<meta name=\"description\" content=\"Meggy\u0151z\u0151d\u00e9s\u00fcnk, hogy az \u00e1ltal\u00e1nos hiedelmek szertefoszlat\u00e1s\u00e1val, valamint befogad\u00f3 \u00e9s t\u00e1mogat\u00f3 k\u00f6rnyezet l\u00e9trehoz\u00e1s\u00e1val a ker\u00e9kp\u00e1roz\u00e1s \u00f6szt\u00f6nz\u0151 er\u0151v\u00e9 v\u00e1lhat. A \u0160koda AUTO ker\u00e9kp\u00e1roz\u00e1s ir\u00e1nti m\u00e9ly elk\u00f6telezetts\u00e9g\u00e9nek h\u00e1la \u00fajabb ir\u00e1nyba kezdhetj\u00fck kik\u00f6vezni az utat.\" \/>\n<meta name=\"robots\" content=\"index, follow, max-snippet:-1, max-image-preview:large, max-video-preview:-1\" \/>\n<link rel=\"canonical\" href=\"https:\/\/www.welovecycling.com\/hu\/miert-tekerunk\/miert-kerekparozunk\/\" \/>\n<meta property=\"og:locale\" content=\"hu_HU\" \/>\n<meta property=\"og:type\" content=\"article\" \/>\n<meta property=\"og:title\" content=\"Eszedbe jutott m\u00e1r: mi\u00e9rt ker\u00e9kp\u00e1rozunk?\" \/>\n<meta property=\"og:description\" content=\"Meggy\u0151z\u0151d\u00e9s\u00fcnk, hogy az \u00e1ltal\u00e1nos hiedelmek szertefoszlat\u00e1s\u00e1val, valamint befogad\u00f3 \u00e9s t\u00e1mogat\u00f3 k\u00f6rnyezet l\u00e9trehoz\u00e1s\u00e1val a ker\u00e9kp\u00e1roz\u00e1s \u00f6szt\u00f6nz\u0151 er\u0151v\u00e9 v\u00e1lhat. A \u0160koda AUTO ker\u00e9kp\u00e1roz\u00e1s ir\u00e1nti m\u00e9ly elk\u00f6telezetts\u00e9g\u00e9nek h\u00e1la \u00fajabb ir\u00e1nyba kezdhetj\u00fck kik\u00f6vezni az utat.\" \/>\n<meta property=\"og:url\" content=\"https:\/\/www.welovecycling.com\/hu\/miert-tekerunk\/miert-kerekparozunk\/\" \/>\n<meta property=\"og:site_name\" content=\"\u0160koda We Love Cycling - Magyarorsz\u00e1g\" \/>\n<meta property=\"article:publisher\" content=\"https:\/\/www.facebook.com\/WeLoveCyclingHungary\/\" \/>\n<meta property=\"article:published_time\" content=\"2018-07-30T08:19:28+00:00\" \/>\n<meta property=\"article:modified_time\" content=\"2018-07-30T08:19:40+00:00\" \/>\n<meta property=\"og:image\" content=\"https:\/\/d2p6e6u75xmxt8.cloudfront.net\/12\/2018\/07\/mi\u00e9rt-is-bicikliz\u00fcnk.jpg\" \/>\n\t<meta property=\"og:image:width\" content=\"768\" \/>\n\t<meta property=\"og:image:height\" content=\"337\" \/>\n\t<meta property=\"og:image:type\" content=\"image\/jpeg\" \/>\n<meta name=\"author\" content=\"hegyizs\" \/>\n<meta name=\"twitter:card\" content=\"summary_large_image\" \/>\n<meta name=\"twitter:label1\" content=\"Written by\" \/>\n\t<meta name=\"twitter:data1\" content=\"hegyizs\" \/>\n\t<meta name=\"twitter:label2\" content=\"Est. reading time\" \/>\n\t<meta name=\"twitter:data2\" content=\"3 minutes\" \/>\n<script type=\"application\/ld+json\" class=\"yoast-schema-graph\">{\"@context\":\"https:\/\/schema.org\",\"@graph\":[{\"@type\":\"WebPage\",\"@id\":\"https:\/\/www.welovecycling.com\/hu\/miert-tekerunk\/miert-kerekparozunk\/\",\"url\":\"https:\/\/www.welovecycling.com\/hu\/miert-tekerunk\/miert-kerekparozunk\/\",\"name\":\"Eszedbe jutott m\u00e1r: mi\u00e9rt ker\u00e9kp\u00e1rozunk? - \u0160koda We Love Cycling - Magyarorsz\u00e1g\",\"isPartOf\":{\"@id\":\"https:\/\/www.welovecycling.com\/hu\/#website\"},\"primaryImageOfPage\":{\"@id\":\"https:\/\/www.welovecycling.com\/hu\/miert-tekerunk\/miert-kerekparozunk\/#primaryimage\"},\"image\":{\"@id\":\"https:\/\/www.welovecycling.com\/hu\/miert-tekerunk\/miert-kerekparozunk\/#primaryimage\"},\"thumbnailUrl\":\"https:\/\/d2p6e6u75xmxt8.cloudfront.net\/12\/2018\/07\/mi\u00e9rt-is-bicikliz\u00fcnk.jpg\",\"datePublished\":\"2018-07-30T08:19:28+00:00\",\"dateModified\":\"2018-07-30T08:19:40+00:00\",\"author\":{\"@id\":\"https:\/\/www.welovecycling.com\/hu\/#\/schema\/person\/414a2aebf1801691a5320edb6468e194\"},\"description\":\"Meggy\u0151z\u0151d\u00e9s\u00fcnk, hogy az \u00e1ltal\u00e1nos hiedelmek szertefoszlat\u00e1s\u00e1val, valamint befogad\u00f3 \u00e9s t\u00e1mogat\u00f3 k\u00f6rnyezet l\u00e9trehoz\u00e1s\u00e1val a ker\u00e9kp\u00e1roz\u00e1s \u00f6szt\u00f6nz\u0151 er\u0151v\u00e9 v\u00e1lhat. A \u0160koda AUTO ker\u00e9kp\u00e1roz\u00e1s ir\u00e1nti m\u00e9ly elk\u00f6telezetts\u00e9g\u00e9nek h\u00e1la \u00fajabb ir\u00e1nyba kezdhetj\u00fck kik\u00f6vezni az utat.\",\"breadcrumb\":{\"@id\":\"https:\/\/www.welovecycling.com\/hu\/miert-tekerunk\/miert-kerekparozunk\/#breadcrumb\"},\"inLanguage\":\"hu\",\"potentialAction\":[{\"@type\":\"ReadAction\",\"target\":[\"https:\/\/www.welovecycling.com\/hu\/miert-tekerunk\/miert-kerekparozunk\/\"]}]},{\"@type\":\"ImageObject\",\"inLanguage\":\"hu\",\"@id\":\"https:\/\/www.welovecycling.com\/hu\/miert-tekerunk\/miert-kerekparozunk\/#primaryimage\",\"url\":\"https:\/\/d2p6e6u75xmxt8.cloudfront.net\/12\/2018\/07\/mi\u00e9rt-is-bicikliz\u00fcnk.jpg\",\"contentUrl\":\"https:\/\/d2p6e6u75xmxt8.cloudfront.net\/12\/2018\/07\/mi\u00e9rt-is-bicikliz\u00fcnk.jpg\",\"width\":768,\"height\":337,\"caption\":\"mi\u00e9rt ker\u00e9kp\u00e1rozunk?\"},{\"@type\":\"BreadcrumbList\",\"@id\":\"https:\/\/www.welovecycling.com\/hu\/miert-tekerunk\/miert-kerekparozunk\/#breadcrumb\",\"itemListElement\":[{\"@type\":\"ListItem\",\"position\":1,\"name\":\"Home\",\"item\":\"https:\/\/www.welovecycling.com\/hu\/\"},{\"@type\":\"ListItem\",\"position\":2,\"name\":\"Eszedbe jutott m\u00e1r: mi\u00e9rt ker\u00e9kp\u00e1rozunk?\"}]},{\"@type\":\"WebSite\",\"@id\":\"https:\/\/www.welovecycling.com\/hu\/#website\",\"url\":\"https:\/\/www.welovecycling.com\/hu\/\",\"name\":\"\u0160koda We Love Cycling - Magyarorsz\u00e1g\",\"description\":\"\u0160koda WeLoveCycling\",\"potentialAction\":[{\"@type\":\"SearchAction\",\"target\":{\"@type\":\"EntryPoint\",\"urlTemplate\":\"https:\/\/www.welovecycling.com\/hu\/?s={search_term_string}\"},\"query-input\":{\"@type\":\"PropertyValueSpecification\",\"valueRequired\":true,\"valueName\":\"search_term_string\"}}],\"inLanguage\":\"hu\"},{\"@type\":\"Person\",\"@id\":\"https:\/\/www.welovecycling.com\/hu\/#\/schema\/person\/414a2aebf1801691a5320edb6468e194\",\"name\":\"hegyizs\",\"image\":{\"@type\":\"ImageObject\",\"inLanguage\":\"hu\",\"@id\":\"https:\/\/www.welovecycling.com\/hu\/#\/schema\/person\/image\/\",\"url\":\"https:\/\/secure.gravatar.com\/avatar\/02cf8a7906b8cf90cecb4679defac7cfd33a1c2e3b88e4903d947f3bb58eedd3?s=96&d=mm&r=g\",\"contentUrl\":\"https:\/\/secure.gravatar.com\/avatar\/02cf8a7906b8cf90cecb4679defac7cfd33a1c2e3b88e4903d947f3bb58eedd3?s=96&d=mm&r=g\",\"caption\":\"hegyizs\"},\"url\":\"https:\/\/www.welovecycling.com\/hu\/author\/hegyizs\/\"}]}<\/script>\n<!-- \/ Yoast SEO Premium plugin. -->","yoast_head_json":{"title":"Eszedbe jutott m\u00e1r: mi\u00e9rt ker\u00e9kp\u00e1rozunk? - \u0160koda We Love Cycling - Magyarorsz\u00e1g","description":"Meggy\u0151z\u0151d\u00e9s\u00fcnk, hogy az \u00e1ltal\u00e1nos hiedelmek szertefoszlat\u00e1s\u00e1val, valamint befogad\u00f3 \u00e9s t\u00e1mogat\u00f3 k\u00f6rnyezet l\u00e9trehoz\u00e1s\u00e1val a ker\u00e9kp\u00e1roz\u00e1s \u00f6szt\u00f6nz\u0151 er\u0151v\u00e9 v\u00e1lhat. A \u0160koda AUTO ker\u00e9kp\u00e1roz\u00e1s ir\u00e1nti m\u00e9ly elk\u00f6telezetts\u00e9g\u00e9nek h\u00e1la \u00fajabb ir\u00e1nyba kezdhetj\u00fck kik\u00f6vezni az utat.","robots":{"index":"index","follow":"follow","max-snippet":"max-snippet:-1","max-image-preview":"max-image-preview:large","max-video-preview":"max-video-preview:-1"},"canonical":"https:\/\/www.welovecycling.com\/hu\/miert-tekerunk\/miert-kerekparozunk\/","og_locale":"hu_HU","og_type":"article","og_title":"Eszedbe jutott m\u00e1r: mi\u00e9rt ker\u00e9kp\u00e1rozunk?","og_description":"Meggy\u0151z\u0151d\u00e9s\u00fcnk, hogy az \u00e1ltal\u00e1nos hiedelmek szertefoszlat\u00e1s\u00e1val, valamint befogad\u00f3 \u00e9s t\u00e1mogat\u00f3 k\u00f6rnyezet l\u00e9trehoz\u00e1s\u00e1val a ker\u00e9kp\u00e1roz\u00e1s \u00f6szt\u00f6nz\u0151 er\u0151v\u00e9 v\u00e1lhat. A \u0160koda AUTO ker\u00e9kp\u00e1roz\u00e1s ir\u00e1nti m\u00e9ly elk\u00f6telezetts\u00e9g\u00e9nek h\u00e1la \u00fajabb ir\u00e1nyba kezdhetj\u00fck kik\u00f6vezni az utat.","og_url":"https:\/\/www.welovecycling.com\/hu\/miert-tekerunk\/miert-kerekparozunk\/","og_site_name":"\u0160koda We Love Cycling - Magyarorsz\u00e1g","article_publisher":"https:\/\/www.facebook.com\/WeLoveCyclingHungary\/","article_published_time":"2018-07-30T08:19:28+00:00","article_modified_time":"2018-07-30T08:19:40+00:00","og_image":[{"width":768,"height":337,"url":"https:\/\/d2p6e6u75xmxt8.cloudfront.net\/12\/2018\/07\/mi\u00e9rt-is-bicikliz\u00fcnk.jpg","type":"image\/jpeg"}],"author":"hegyizs","twitter_card":"summary_large_image","twitter_misc":{"Written by":"hegyizs","Est. reading time":"3 minutes"},"schema":{"@context":"https:\/\/schema.org","@graph":[{"@type":"WebPage","@id":"https:\/\/www.welovecycling.com\/hu\/miert-tekerunk\/miert-kerekparozunk\/","url":"https:\/\/www.welovecycling.com\/hu\/miert-tekerunk\/miert-kerekparozunk\/","name":"Eszedbe jutott m\u00e1r: mi\u00e9rt ker\u00e9kp\u00e1rozunk? - \u0160koda We Love Cycling - Magyarorsz\u00e1g","isPartOf":{"@id":"https:\/\/www.welovecycling.com\/hu\/#website"},"primaryImageOfPage":{"@id":"https:\/\/www.welovecycling.com\/hu\/miert-tekerunk\/miert-kerekparozunk\/#primaryimage"},"image":{"@id":"https:\/\/www.welovecycling.com\/hu\/miert-tekerunk\/miert-kerekparozunk\/#primaryimage"},"thumbnailUrl":"https:\/\/d2p6e6u75xmxt8.cloudfront.net\/12\/2018\/07\/mi\u00e9rt-is-bicikliz\u00fcnk.jpg","datePublished":"2018-07-30T08:19:28+00:00","dateModified":"2018-07-30T08:19:40+00:00","author":{"@id":"https:\/\/www.welovecycling.com\/hu\/#\/schema\/person\/414a2aebf1801691a5320edb6468e194"},"description":"Meggy\u0151z\u0151d\u00e9s\u00fcnk, hogy az \u00e1ltal\u00e1nos hiedelmek szertefoszlat\u00e1s\u00e1val, valamint befogad\u00f3 \u00e9s t\u00e1mogat\u00f3 k\u00f6rnyezet l\u00e9trehoz\u00e1s\u00e1val a ker\u00e9kp\u00e1roz\u00e1s \u00f6szt\u00f6nz\u0151 er\u0151v\u00e9 v\u00e1lhat. A \u0160koda AUTO ker\u00e9kp\u00e1roz\u00e1s ir\u00e1nti m\u00e9ly elk\u00f6telezetts\u00e9g\u00e9nek h\u00e1la \u00fajabb ir\u00e1nyba kezdhetj\u00fck kik\u00f6vezni az utat.","breadcrumb":{"@id":"https:\/\/www.welovecycling.com\/hu\/miert-tekerunk\/miert-kerekparozunk\/#breadcrumb"},"inLanguage":"hu","potentialAction":[{"@type":"ReadAction","target":["https:\/\/www.welovecycling.com\/hu\/miert-tekerunk\/miert-kerekparozunk\/"]}]},{"@type":"ImageObject","inLanguage":"hu","@id":"https:\/\/www.welovecycling.com\/hu\/miert-tekerunk\/miert-kerekparozunk\/#primaryimage","url":"https:\/\/d2p6e6u75xmxt8.cloudfront.net\/12\/2018\/07\/mi\u00e9rt-is-bicikliz\u00fcnk.jpg","contentUrl":"https:\/\/d2p6e6u75xmxt8.cloudfront.net\/12\/2018\/07\/mi\u00e9rt-is-bicikliz\u00fcnk.jpg","width":768,"height":337,"caption":"mi\u00e9rt ker\u00e9kp\u00e1rozunk?"},{"@type":"BreadcrumbList","@id":"https:\/\/www.welovecycling.com\/hu\/miert-tekerunk\/miert-kerekparozunk\/#breadcrumb","itemListElement":[{"@type":"ListItem","position":1,"name":"Home","item":"https:\/\/www.welovecycling.com\/hu\/"},{"@type":"ListItem","position":2,"name":"Eszedbe jutott m\u00e1r: mi\u00e9rt ker\u00e9kp\u00e1rozunk?"}]},{"@type":"WebSite","@id":"https:\/\/www.welovecycling.com\/hu\/#website","url":"https:\/\/www.welovecycling.com\/hu\/","name":"\u0160koda We Love Cycling - Magyarorsz\u00e1g","description":"\u0160koda WeLoveCycling","potentialAction":[{"@type":"SearchAction","target":{"@type":"EntryPoint","urlTemplate":"https:\/\/www.welovecycling.com\/hu\/?s={search_term_string}"},"query-input":{"@type":"PropertyValueSpecification","valueRequired":true,"valueName":"search_term_string"}}],"inLanguage":"hu"},{"@type":"Person","@id":"https:\/\/www.welovecycling.com\/hu\/#\/schema\/person\/414a2aebf1801691a5320edb6468e194","name":"hegyizs","image":{"@type":"ImageObject","inLanguage":"hu","@id":"https:\/\/www.welovecycling.com\/hu\/#\/schema\/person\/image\/","url":"https:\/\/secure.gravatar.com\/avatar\/02cf8a7906b8cf90cecb4679defac7cfd33a1c2e3b88e4903d947f3bb58eedd3?s=96&d=mm&r=g","contentUrl":"https:\/\/secure.gravatar.com\/avatar\/02cf8a7906b8cf90cecb4679defac7cfd33a1c2e3b88e4903d947f3bb58eedd3?s=96&d=mm&r=g","caption":"hegyizs"},"url":"https:\/\/www.welovecycling.com\/hu\/author\/hegyizs\/"}]}},"_links":{"self":[{"href":"https:\/\/www.welovecycling.com\/hu\/wp-json\/wp\/v2\/posts\/1255","targetHints":{"allow":["GET"]}}],"collection":[{"href":"https:\/\/www.welovecycling.com\/hu\/wp-json\/wp\/v2\/posts"}],"about":[{"href":"https:\/\/www.welovecycling.com\/hu\/wp-json\/wp\/v2\/types\/post"}],"author":[{"embeddable":true,"href":"https:\/\/www.welovecycling.com\/hu\/wp-json\/wp\/v2\/users\/71"}],"replies":[{"embeddable":true,"href":"https:\/\/www.welovecycling.com\/hu\/wp-json\/wp\/v2\/comments?post=1255"}],"version-history":[{"count":2,"href":"https:\/\/www.welovecycling.com\/hu\/wp-json\/wp\/v2\/posts\/1255\/revisions"}],"predecessor-version":[{"id":1281,"href":"https:\/\/www.welovecycling.com\/hu\/wp-json\/wp\/v2\/posts\/1255\/revisions\/1281"}],"wp:featuredmedia":[{"embeddable":true,"href":"https:\/\/www.welovecycling.com\/hu\/wp-json\/wp\/v2\/media\/1277"}],"wp:attachment":[{"href":"https:\/\/www.welovecycling.com\/hu\/wp-json\/wp\/v2\/media?parent=1255"}],"wp:term":[{"taxonomy":"category","embeddable":true,"href":"https:\/\/www.welovecycling.com\/hu\/wp-json\/wp\/v2\/categories?post=1255"},{"taxonomy":"post_tag","embeddable":true,"href":"https:\/\/www.welovecycling.com\/hu\/wp-json\/wp\/v2\/tags?post=1255"},{"taxonomy":"global-categories","embeddable":true,"href":"https:\/\/www.welovecycling.com\/hu\/wp-json\/wp\/v2\/global-categories?post=1255"}],"curies":[{"name":"wp","href":"https:\/\/api.w.org\/{rel}","templated":true}]}}