{"id":12522,"date":"2021-09-29T08:00:11","date_gmt":"2021-09-29T06:00:11","guid":{"rendered":"https:\/\/www.welovecycling.com\/hu\/?p=12522"},"modified":"2021-09-24T16:44:57","modified_gmt":"2021-09-24T14:44:57","slug":"a-vilagbajnoksag-tortenelmenek-legikonikusabb-pillanatai","status":"publish","type":"post","link":"https:\/\/www.welovecycling.com\/hu\/orszaguti-kerekpar\/a-vilagbajnoksag-tortenelmenek-legikonikusabb-pillanatai\/","title":{"rendered":"A Vil\u00e1gbajnoks\u00e1g t\u00f6rt\u00e9nelm\u00e9nek legikonikusabb pillanatai"},"content":{"rendered":"<p><strong>Mintegy 100 \u00e9vvel ezel\u0151tt rendezt\u00e9k meg el\u0151sz\u00f6r az Orsz\u00e1g\u00fati Vil\u00e1gbajnoks\u00e1got, az\u00f3ta pedig nagy utat tett meg a verseny, rengeteg hihetetlen \u00e9s sorsford\u00edt\u00f3 pillanat alak\u00edtotta olyann\u00e1, amilyennek ma l\u00e1tjuk. \u00d6sszegy\u0171jt\u00f6tt\u00fck a sziv\u00e1rv\u00e1nyos mez\u00e9rt val\u00f3 k\u00fczdelem legikonikusabb pillanatait, eg\u00e9szen a kezdetekt\u0151l.<\/strong><\/p>\n<p><!--more--><\/p>\n<h2><strong>Az \u201eels\u0151\u201d bajnok: Alfredo Binda, 1927<\/strong><\/h2>\n<p>B\u00e1r a vil\u00e1gbajnoks\u00e1g \u00f6tlet\u00e9t m\u00e1r 1920-ban el\u0151terjesztett\u00e9k, az els\u0151 klasszikus orsz\u00e1g\u00fati verseny, ahol profik m\u00e9rt\u00e9k \u00f6ssze erej\u00fcket, csak 1927-ben ker\u00fclt megrendez\u00e9sre a n\u00e9metorsz\u00e1gi Nurburgringben. Ezel\u0151tt a bajnoks\u00e1g kiz\u00e1r\u00f3lag id\u0151m\u00e9r\u0151 futamb\u00f3l \u00e1llt.<\/p>\n<p>Binda 1927-ben t\u00f6rt\u00e9nelmet \u00edrt. Egy olyan p\u00e1ly\u00e1n, ami a mai sztenderdek szerint r\u00f6vidnek sz\u00e1m\u00edtana a maga 182 km-\u00e9vel, brut\u00e1lis gy\u0151zelmet aratott: st\u00edlusosan \u00e9rt a c\u00e9lba els\u0151k\u00e9nt, \u0151t pedig mind\u00f6ssze 17 f\u00e9rfi k\u00f6vette.<\/p>\n<figure id=\"attachment_7810\" aria-describedby=\"caption-attachment-7810\" style=\"width: 1250px\" class=\"wp-caption alignnone\"><a href=\"https:\/\/d2p6e6u75xmxt8.cloudfront.net\/12\/2020\/06\/Alfredo-Binda-profimedia-0331471163.jpg\"><img loading=\"lazy\" decoding=\"async\" class=\"size-full wp-image-7810\" src=\"https:\/\/d2p6e6u75xmxt8.cloudfront.net\/12\/2020\/06\/Alfredo-Binda-profimedia-0331471163.jpg\" alt=\"\" width=\"1250\" height=\"904\" \/><\/a><figcaption id=\"caption-attachment-7810\" class=\"wp-caption-text\"><em>A francia Maurice Archambaud \u00e9s az olasz Alfredo Binda versenyez az 1935-\u00f6s Giro-n. \u00a9 AFP \/ AFP \/ Profimedia<\/em><\/figcaption><\/figure>\n<p>Karrierje sor\u00e1n m\u00e9g k\u00e9t vil\u00e1gbajnoki aranyat szerzett, fel\u00e1ll\u00edtva ezzel a h\u00e1romszoros bajnoki rekordot, amit az\u00f3ta sem m\u00falt fel\u00fcl senki.<\/p>\n<p>Binda volt az els\u0151 profi gy\u0151ztes, aki a mozgat\u00f3rug\u00f3ja lett annak a versenyz\u00e9snek, amit ma ismer\u00fcnk.<\/p>\n<h2><strong>Az \u00fatt\u00f6r\u0151: Elsy Jacobs, 1958<\/strong><\/h2>\n<p>Ak\u00e1rcsak Binda a f\u00e9rfiakn\u00e1l, a n\u0151i ker\u00e9kp\u00e1rosok eset\u00e9ben is volt egy els\u0151 bajnok. \u00c9s b\u00e1r 31 \u00e9vbe telt, mire az UCI megrendezte, t\u00f6rt\u00e9nelmi esem\u00e9ny volt. A franciaorsz\u00e1gi Reims adott otthon az els\u0151 n\u0151i verseny rajtj\u00e1nak, ahol a 25 \u00e9ves luxemburgi versenyz\u0151 elvitte a show-t. Jacobs a k\u00f6vetkez\u0151 \u00e9vek sikereit alapozta meg, amikor k\u00e9nyelmes el\u0151nnyel \u00e1tgurult a c\u00e9lvonalon.<\/p>\n<figure id=\"attachment_12523\" aria-describedby=\"caption-attachment-12523\" style=\"width: 1270px\" class=\"wp-caption alignnone\"><a href=\"https:\/\/d2p6e6u75xmxt8.cloudfront.net\/12\/2021\/09\/Elsy-Jacobs-profimedia-0209927377.jpg\"><img loading=\"lazy\" decoding=\"async\" class=\"wp-image-12523 size-full\" src=\"https:\/\/d2p6e6u75xmxt8.cloudfront.net\/12\/2021\/09\/Elsy-Jacobs-profimedia-0209927377.jpg\" alt=\"Elsy Jacobs\" width=\"1270\" height=\"1070\" srcset=\"https:\/\/d2p6e6u75xmxt8.cloudfront.net\/12\/2021\/09\/Elsy-Jacobs-profimedia-0209927377.jpg 1270w, https:\/\/d2p6e6u75xmxt8.cloudfront.net\/12\/2021\/09\/Elsy-Jacobs-profimedia-0209927377-300x253.jpg 300w, https:\/\/d2p6e6u75xmxt8.cloudfront.net\/12\/2021\/09\/Elsy-Jacobs-profimedia-0209927377-1024x863.jpg 1024w, https:\/\/d2p6e6u75xmxt8.cloudfront.net\/12\/2021\/09\/Elsy-Jacobs-profimedia-0209927377-768x647.jpg 768w\" sizes=\"auto, (max-width: 1270px) 100vw, 1270px\" \/><\/a><figcaption id=\"caption-attachment-12523\" class=\"wp-caption-text\"><em>A hihetetlen Elsy. \u00a9 Profimedia<\/em><\/figcaption><\/figure>\n<p>A n\u0151i verseny drasztikus v\u00e1ltoz\u00e1son ment kereszt\u00fcl az \u00e9vek sor\u00e1n. Jelenleg a vil\u00e1gbajnoki h\u00e9t egyik leg\u00e9rdekesebb \u00e9s legmegoszt\u00f3bb esem\u00e9nyek\u00e9n tartj\u00e1k sz\u00e1mon. Ami nem is csoda, hiszen olyan versenyz\u0151k domin\u00e1lnak, mint Anna van der Breggen \u00e9s Annemiek van Vleuten.<\/p>\n<p>Az 1958-as gy\u0151zelem volt Jacob egyetlen vil\u00e1gbajnoki c\u00edme, de mindig eml\u00e9kezni fogunk a nev\u00e9re!<\/p>\n<h2><strong>Az \u00f3ce\u00e1n t\u00falpartj\u00e1n: Eddy Merckx, 1974<\/strong><\/h2>\n<p>Ha ikonikus pillanatokr\u00f3l van sz\u00f3, nem hagyhatjuk ki a Kannib\u00e1lt. Versenyeinek kb. harmad\u00e1t megnyerte Eddy Merckx, \u00edgy nem volt ismeretlen sz\u00e1m\u00e1ra a siker, amikor rajthoz \u00e1llt 1974-ben a vil\u00e1gbajnoks\u00e1gon. Val\u00f3j\u00e1ban ekkor m\u00e1r k\u00e9tszer is megszerezte a sziv\u00e1rv\u00e1nyos mezt, 1967-ben \u00e9s 1971-ben, de ez a verseny k\u00fcl\u00f6nleges volt.<\/p>\n<p>A bajnoks\u00e1got 1927 \u00f3ta az eur\u00f3pai kontinensen rendezt\u00e9k meg, ebben az \u00e9vben viszont az Atlanti-\u00f3ce\u00e1n t\u00faloldal\u00e1n, a kanadai Montrealban kellett egy kem\u00e9ny, dombos szakaszon \u00f6sszem\u00e9rni az erej\u00fcket a versenyz\u0151knek. Nem volt meglep\u0151, hogy Mercky diadalmaskodott \u2013 azonban mind\u00f6ssze k\u00e9t m\u00e1sodperccel gy\u0151zte le riv\u00e1lis\u00e1t, Raymond Poulidort!<\/p>\n<figure id=\"attachment_11940\" aria-describedby=\"caption-attachment-11940\" style=\"width: 1000px\" class=\"wp-caption alignnone\"><a href=\"https:\/\/d2p6e6u75xmxt8.cloudfront.net\/12\/2021\/07\/Eddy-Merckx-1975-profimedia-0288070914.jpg\"><img loading=\"lazy\" decoding=\"async\" class=\"size-full wp-image-11940\" src=\"https:\/\/d2p6e6u75xmxt8.cloudfront.net\/12\/2021\/07\/Eddy-Merckx-1975-profimedia-0288070914.jpg\" alt=\"Eddy Merckx\" width=\"1000\" height=\"667\" srcset=\"https:\/\/d2p6e6u75xmxt8.cloudfront.net\/12\/2021\/07\/Eddy-Merckx-1975-profimedia-0288070914.jpg 1000w, https:\/\/d2p6e6u75xmxt8.cloudfront.net\/12\/2021\/07\/Eddy-Merckx-1975-profimedia-0288070914-300x200.jpg 300w, https:\/\/d2p6e6u75xmxt8.cloudfront.net\/12\/2021\/07\/Eddy-Merckx-1975-profimedia-0288070914-768x512.jpg 768w, https:\/\/d2p6e6u75xmxt8.cloudfront.net\/12\/2021\/07\/Eddy-Merckx-1975-profimedia-0288070914-272x182.jpg 272w\" sizes=\"auto, (max-width: 1000px) 100vw, 1000px\" \/><\/a><figcaption id=\"caption-attachment-11940\" class=\"wp-caption-text\"><em>A 15. szakasz elej\u00e9n. \u00a9 Profimedia<\/em><\/figcaption><\/figure>\n<p>Azzal, hogy abban a v\u00e1rosban rendezt\u00e9k meg a vb-t, ahol k\u00e9t \u00e9vvel k\u00e9s\u0151bb a ny\u00e1ri olimpi\u00e1t is, teljesen \u00faj t\u00e1vlatok ny\u00edltak meg a verseny el\u0151tt: a vil\u00e1g minden t\u00e1j\u00e1r\u00f3l \u00e9rkeztek ezut\u00e1n r\u00e9sztvev\u0151k.<\/p>\n<p>Mostanra a mez\u0151ny Afrik\u00e1n k\u00edv\u00fcl minden lakhat\u00f3 kontinenst megl\u00e1togatott, \u00e9s a felt\u00f6rekv\u0151 ker\u00e9kp\u00e1ros orsz\u00e1g, Rwanda \u00edg\u00e9retes helysz\u00edn lehet a k\u00f6zelj\u00f6v\u0151ben, \u00edgy k\u00f6nnyen lehet, hogy Afrika sem marad sok\u00e1ig vb n\u00e9lk\u00fcl.<\/p>\n<p>Visszat\u00e9rve Montrealba: ez a gy\u0151zelem volt Merckx harmadik vil\u00e1gbajnoki c\u00edme, r\u00e1ad\u00e1sul ugyanebben az \u00e9vben k\u00e9t Grand Tour-t is megnyert, amit eddig csak egy embernek siker\u00fclt ut\u00e1na csin\u00e1lnia \u2013 Stephen Roche-nak, 1987-ben.<\/p>\n<h2><strong>A visszat\u00e9r\u00e9s: Greg LeMond, 1989<\/strong><\/h2>\n<p>Hiszel a csod\u00e1kban? Ha ismered LeMond t\u00f6rt\u00e9net\u00e9t, akkor biztosan. Az 1938-as vil\u00e1gbajnok rangos versenyz\u0151 volt, aki 1968-ban \u00e9s 1989-ben is gy\u0151z\u00f6tt a Tour de France-on. 1987 tavasz\u00e1n azonban v\u00e1ratlan szerencs\u00e9tlens\u00e9g \u00e9rte. A s\u00f3gora v\u00e9letlen\u00fcl megl\u0151tte egy vad\u00e1szat sor\u00e1n, \u00e9s az \u00e9let\u00e9\u00e9rt k\u00fczd\u00f6tt. Ekkor \u00fagy t\u0171nt, lehetetlen, hogy valaha vissza\u00fclj\u00f6n a ker\u00e9kp\u00e1rra. Egy \u00e9vvel k\u00e9s\u0151bb azonban LeMond ism\u00e9t rajthoz \u00e1llt, \u00e9s minden id\u0151k legszorosabb TdF-verseny\u00e9n 9 m\u00e1sodperccel Laurent Fignon el\u0151tt \u00e9rt c\u00e9lba \u2013 csod\u00e1latos m\u00f3don, els\u0151k\u00e9nt.<\/p>\n<figure id=\"attachment_9780\" aria-describedby=\"caption-attachment-9780\" style=\"width: 1250px\" class=\"wp-caption alignnone\"><a href=\"https:\/\/d2p6e6u75xmxt8.cloudfront.net\/12\/2020\/12\/Hinault-LeMond-profimedia-0020457183.jpg\"><img loading=\"lazy\" decoding=\"async\" class=\"size-full wp-image-9780\" src=\"https:\/\/d2p6e6u75xmxt8.cloudfront.net\/12\/2020\/12\/Hinault-LeMond-profimedia-0020457183.jpg\" alt=\"Hinault and LeMond\" width=\"1250\" height=\"874\" srcset=\"https:\/\/d2p6e6u75xmxt8.cloudfront.net\/12\/2020\/12\/Hinault-LeMond-profimedia-0020457183.jpg 1250w, https:\/\/d2p6e6u75xmxt8.cloudfront.net\/12\/2020\/12\/Hinault-LeMond-profimedia-0020457183-300x210.jpg 300w, https:\/\/d2p6e6u75xmxt8.cloudfront.net\/12\/2020\/12\/Hinault-LeMond-profimedia-0020457183-1024x716.jpg 1024w, https:\/\/d2p6e6u75xmxt8.cloudfront.net\/12\/2020\/12\/Hinault-LeMond-profimedia-0020457183-768x537.jpg 768w\" sizes=\"auto, (max-width: 1250px) 100vw, 1250px\" \/><\/a><figcaption id=\"caption-attachment-9780\" class=\"wp-caption-text\"><em>Bernard Hinault \u00e9s Greg LeMond az 1968-as Tour-on. \u00a9 Profimedia<\/em><\/figcaption><\/figure>\n<p>De ami ezut\u00e1n k\u00f6vetkezett Chambery-ben, ugyanolyan hihetetlen volt. A c\u00e9l el\u0151tti sprintben lehagyta a szovjet Dimitri Konyshevet \u00e9s az \u00edr Sean Kelly-t \u00e9s egy legend\u00e1s szezont z\u00e1rt le ezzel e gy\u0151zelemmel.<\/p>\n<h2><strong>Holland siker: Marianne Vos, 2013<\/strong><\/h2>\n<p>Tal\u00e1n minden id\u0151k leger\u0151sebb csapatak\u00e9nt \u00e1llt rajthoz a holland egy\u00fcttes 2013-ban, ennek pedig egyik oka \u00e9s kataliz\u00e1tora Vos volt, id\u0151j\u00e1r\u00e1st\u00f3l, terept\u0151l \u00e9s k\u00f6r\u00fclm\u00e9nyekt\u0151l f\u00fcggetlen\u00fcl. 2006 \u00e9s 2013 k\u00f6z\u00f6tt h\u00e1romszor nyerte meg a vb-t \u00e9s egyszer sem v\u00e9gzett m\u00e1sodikn\u00e1l rosszabb helyen.<\/p>\n<p>Ennek a sikersz\u00e9ri\u00e1nak azonban nagy r\u00e9sz\u00e9t a csapatnak k\u00f6sz\u00f6nhette. 2006 \u00f3ta minden \u00e9vben \u00e1llt egy holland a dobog\u00f3n, 2014-et lesz\u00e1m\u00edtva. 2017 \u00f3ta pedig minden alkalommal \u0151k vittek haza sziv\u00e1rv\u00e1nyos mezt. Nem meglep\u0151, hogy a holland csapat a legsikeresebb a n\u0151i orsz\u00e1g\u00fati versenyek t\u00f6rt\u00e9nelm\u00e9ben.<\/p>\n<figure id=\"attachment_12524\" aria-describedby=\"caption-attachment-12524\" style=\"width: 1000px\" class=\"wp-caption alignnone\"><a href=\"https:\/\/d2p6e6u75xmxt8.cloudfront.net\/12\/2021\/09\/Marianne-Vos-profimedia-0237734189.jpg\"><img loading=\"lazy\" decoding=\"async\" class=\"size-full wp-image-12524\" src=\"https:\/\/d2p6e6u75xmxt8.cloudfront.net\/12\/2021\/09\/Marianne-Vos-profimedia-0237734189.jpg\" alt=\"Marianne Vos\" width=\"1000\" height=\"793\" srcset=\"https:\/\/d2p6e6u75xmxt8.cloudfront.net\/12\/2021\/09\/Marianne-Vos-profimedia-0237734189.jpg 1000w, https:\/\/d2p6e6u75xmxt8.cloudfront.net\/12\/2021\/09\/Marianne-Vos-profimedia-0237734189-300x238.jpg 300w, https:\/\/d2p6e6u75xmxt8.cloudfront.net\/12\/2021\/09\/Marianne-Vos-profimedia-0237734189-768x609.jpg 768w\" sizes=\"auto, (max-width: 1000px) 100vw, 1000px\" \/><\/a><figcaption id=\"caption-attachment-12524\" class=\"wp-caption-text\"><em>Vos ikonikus gy\u0151zelme 2013-ban. \u00a9 Profimedia<\/em><\/figcaption><\/figure>\n<p>Vos 2013-as ikonikus gy\u0151zelme a j\u00f3 csapatmunka eredm\u00e9nye volt. Ahogy a mez\u0151ny lecsillapodott Firenz\u00e9ben, \u0151 \u00e9s Anna van der Breggen egy\u00fcttes er\u0151vel t\u00e1madtak \u00e9s mozogtak a p\u00e1ly\u00e1n, m\u00edgnem Vos klasszikus kiugr\u00e1s\u00e1val elindult az utols\u00f3 emelked\u0151n. Senki nem tudott vele l\u00e9p\u00e9st tartani. Lehagyta a sv\u00e9d Emma Johannsont \u00e9s az olasz Rosella Rattot \u00e9s 15 m\u00e1sodperc el\u0151nnyel megnyerte a versenyt. Nem csak azt mutatta meg, milyen hihetetlen\u00fcl j\u00f3 ker\u00e9kp\u00e1ros, hanem azt is, mennyire fontos a csapatmunka!<\/p>\n<h2><strong>\u00dajra \u00e9s \u00fajra \u00e9s \u00fajra: Peter Sagan, 2017<\/strong><\/h2>\n<p>2015-ben \u00e9s \u201916-ban hihetetlen er\u0151fesz\u00edt\u00e9seinek k\u00f6sz\u00f6nhet\u0151en megnyerte a sziv\u00e1rv\u00e1nyos mezt, 2017-ben azonban nem hozta a megszokott szintet. A szakaszon, ahol a sprinterek versengtek a gy\u0151zelem\u00e9rt, gyorsabbak voltak n\u00e1la vet\u00e9lyt\u00e1rsai. \u00dagy t\u0171nt, hi\u00e1ba k\u00fczd a harmadik bajnoki c\u00edm\u00e9rt, amit eddig csak egy francia versenyz\u0151, Jeannie Longo szerzett meg h\u00e1rom egym\u00e1st k\u00f6vet\u0151 \u00e9vben.<\/p>\n<figure id=\"attachment_12525\" aria-describedby=\"caption-attachment-12525\" style=\"width: 1000px\" class=\"wp-caption alignnone\"><a href=\"https:\/\/d2p6e6u75xmxt8.cloudfront.net\/12\/2021\/09\/Sagan-2017-profimedia-0350374095.jpg\"><img loading=\"lazy\" decoding=\"async\" class=\"wp-image-12525 size-full\" src=\"https:\/\/d2p6e6u75xmxt8.cloudfront.net\/12\/2021\/09\/Sagan-2017-profimedia-0350374095.jpg\" alt=\"Peter Sagan\" width=\"1000\" height=\"666\" srcset=\"https:\/\/d2p6e6u75xmxt8.cloudfront.net\/12\/2021\/09\/Sagan-2017-profimedia-0350374095.jpg 1000w, https:\/\/d2p6e6u75xmxt8.cloudfront.net\/12\/2021\/09\/Sagan-2017-profimedia-0350374095-300x200.jpg 300w, https:\/\/d2p6e6u75xmxt8.cloudfront.net\/12\/2021\/09\/Sagan-2017-profimedia-0350374095-768x511.jpg 768w, https:\/\/d2p6e6u75xmxt8.cloudfront.net\/12\/2021\/09\/Sagan-2017-profimedia-0350374095-272x182.jpg 272w\" sizes=\"auto, (max-width: 1000px) 100vw, 1000px\" \/><\/a><figcaption id=\"caption-attachment-12525\" class=\"wp-caption-text\">Ha r\u00e1keresel Peter Saganra, a 30 \u00e9ves profi szlov\u00e1k versenyz\u0151 k\u00e9pein nagyr\u00e9szt z\u00f6ld mezben szerepel. \u00a9 Profimedia<\/figcaption><\/figure>\n<p>Az utols\u00f3 n\u00e9gy kilom\u00e9teren, Sagan csapatt\u00e1rsak n\u00e9lk\u00fcl maradt. Ami ezut\u00e1n j\u00f6tt, az t\u00f6rt\u00e9nelem. El\u0151sz\u00f6r is siker\u00fclt k\u00f6vetnie Ben Swift t\u00e1mad\u00e1s\u00e1t, l\u00e1that\u00f3lag sprintre k\u00e9sz\u00fclt \u00e9s hitt benne, hogy le tudja hagyni Alexander Kristoffot \u00e9s Michael Matthews-t. N\u00e9h\u00e1ny sz\u00e1z m\u00e9ter m\u00falva \u00fajabb sz\u00f6k\u00e9st akad\u00e1lyozott meg: nem maradt le, de sp\u00f3rolt az erej\u00e9vel.<\/p>\n<p>Az utols\u00f3 kanyarban t\u00f6k\u00e9letesen helyezkedett el. Beh\u00faz\u00f3dott Kristoff m\u00f6g\u00e9 \u00e9s v\u00e1rta, hogy a norv\u00e9g elkezdje a v\u00e9gs\u0151 sprintet. Amint ez megt\u00f6rt\u00e9nt, Sagan kiv\u00e1rta a t\u00f6k\u00e9letes pillanatot \u00e9s teljes erej\u00e9b\u0151l ut\u00e1na iramodott. Lehagyta \u00e9s megnyerte a versenyt, mind\u00f6ssze egy ker\u00e9kp\u00e1rhosszal. Tanulm\u00e1nyt lehet \u00edrni err\u0151l a szakaszr\u00f3l, <em>\u201eHogyan nyerj\u00fcnk versenyt?\u201d <\/em>c\u00edmmel.<\/p>\n<p>Kihagytunk valakit, akinek itt lenne a helye a list\u00e1ban? \u00cdrd meg kommentben!<\/p>\n","protected":false},"excerpt":{"rendered":"<p>Mintegy 100 \u00e9vvel ezel\u0151tt rendezt\u00e9k meg el\u0151sz\u00f6r az Orsz\u00e1g\u00fati Vil\u00e1gbajnoks\u00e1got, az\u00f3ta pedig nagy utat tett meg a verseny, rengeteg hihetetlen [&hellip;]<\/p>\n","protected":false},"author":71,"featured_media":12527,"comment_status":"open","ping_status":"open","sticky":false,"template":"","format":"standard","meta":{"footnotes":""},"categories":[8],"tags":[],"global-categories":[],"class_list":["post-12522","post","type-post","status-publish","format-standard","has-post-thumbnail","hentry","category-orszaguti-kerekpar"],"yoast_head":"<!-- This site is optimized with the Yoast SEO Premium plugin v25.3 (Yoast SEO v25.9) - https:\/\/yoast.com\/wordpress\/plugins\/seo\/ -->\n<title>A Vil\u00e1gbajnoks\u00e1g t\u00f6rt\u00e9nelm\u00e9nek legikonikusabb pillanatai<\/title>\n<meta name=\"description\" content=\"Mintegy 100 \u00e9vvel ezel\u0151tt rendezt\u00e9k meg el\u0151sz\u00f6r az Orsz\u00e1g\u00fati Vil\u00e1gbajnoks\u00e1got, az\u00f3ta pedig nagy utat tett meg a verseny, rengeteg hihetetlen \u00e9s sorsford\u00edt\u00f3 pillanat alak\u00edtotta olyann\u00e1, amilyennek ma l\u00e1tjuk.\" \/>\n<meta name=\"robots\" content=\"index, follow, max-snippet:-1, max-image-preview:large, max-video-preview:-1\" \/>\n<link rel=\"canonical\" href=\"https:\/\/www.welovecycling.com\/hu\/orszaguti-kerekpar\/a-vilagbajnoksag-tortenelmenek-legikonikusabb-pillanatai\/\" \/>\n<meta property=\"og:locale\" content=\"hu_HU\" \/>\n<meta property=\"og:type\" content=\"article\" \/>\n<meta property=\"og:title\" content=\"A Vil\u00e1gbajnoks\u00e1g t\u00f6rt\u00e9nelm\u00e9nek legikonikusabb pillanatai\" \/>\n<meta property=\"og:description\" content=\"Mintegy 100 \u00e9vvel ezel\u0151tt rendezt\u00e9k meg el\u0151sz\u00f6r az Orsz\u00e1g\u00fati Vil\u00e1gbajnoks\u00e1got, az\u00f3ta pedig nagy utat tett meg a verseny, rengeteg hihetetlen \u00e9s sorsford\u00edt\u00f3 pillanat alak\u00edtotta olyann\u00e1, amilyennek ma l\u00e1tjuk.\" \/>\n<meta property=\"og:url\" content=\"https:\/\/www.welovecycling.com\/hu\/orszaguti-kerekpar\/a-vilagbajnoksag-tortenelmenek-legikonikusabb-pillanatai\/\" \/>\n<meta property=\"og:site_name\" content=\"\u0160koda We Love Cycling - Magyarorsz\u00e1g\" \/>\n<meta property=\"article:publisher\" content=\"https:\/\/www.facebook.com\/WeLoveCyclingHungary\/\" \/>\n<meta property=\"article:published_time\" content=\"2021-09-29T06:00:11+00:00\" \/>\n<meta property=\"og:image\" content=\"https:\/\/d2p6e6u75xmxt8.cloudfront.net\/12\/2021\/09\/2017-UCI-World-Championships-profimedia-0350287766-CVR.jpg\" \/>\n\t<meta property=\"og:image:width\" content=\"1366\" \/>\n\t<meta property=\"og:image:height\" content=\"600\" \/>\n\t<meta property=\"og:image:type\" content=\"image\/jpeg\" \/>\n<meta name=\"author\" content=\"hegyizs\" \/>\n<meta name=\"twitter:card\" content=\"summary_large_image\" \/>\n<meta name=\"twitter:label1\" content=\"Written by\" \/>\n\t<meta name=\"twitter:data1\" content=\"Joshua Donaldson\" \/>\n\t<meta name=\"twitter:label2\" content=\"Est. reading time\" \/>\n\t<meta name=\"twitter:data2\" content=\"6\" \/>\n<script type=\"application\/ld+json\" class=\"yoast-schema-graph\">{\"@context\":\"https:\/\/schema.org\",\"@graph\":[{\"@type\":\"WebPage\",\"@id\":\"https:\/\/www.welovecycling.com\/hu\/orszaguti-kerekpar\/a-vilagbajnoksag-tortenelmenek-legikonikusabb-pillanatai\/\",\"url\":\"https:\/\/www.welovecycling.com\/hu\/orszaguti-kerekpar\/a-vilagbajnoksag-tortenelmenek-legikonikusabb-pillanatai\/\",\"name\":\"A Vil\u00e1gbajnoks\u00e1g t\u00f6rt\u00e9nelm\u00e9nek legikonikusabb pillanatai\",\"isPartOf\":{\"@id\":\"https:\/\/www.welovecycling.com\/hu\/#website\"},\"primaryImageOfPage\":{\"@id\":\"https:\/\/www.welovecycling.com\/hu\/orszaguti-kerekpar\/a-vilagbajnoksag-tortenelmenek-legikonikusabb-pillanatai\/#primaryimage\"},\"image\":{\"@id\":\"https:\/\/www.welovecycling.com\/hu\/orszaguti-kerekpar\/a-vilagbajnoksag-tortenelmenek-legikonikusabb-pillanatai\/#primaryimage\"},\"thumbnailUrl\":\"https:\/\/d2p6e6u75xmxt8.cloudfront.net\/12\/2021\/09\/2017-UCI-World-Championships-profimedia-0350287766-CVR.jpg\",\"datePublished\":\"2021-09-29T06:00:11+00:00\",\"author\":{\"@id\":\"https:\/\/www.welovecycling.com\/hu\/#\/schema\/person\/414a2aebf1801691a5320edb6468e194\"},\"description\":\"Mintegy 100 \u00e9vvel ezel\u0151tt rendezt\u00e9k meg el\u0151sz\u00f6r az Orsz\u00e1g\u00fati Vil\u00e1gbajnoks\u00e1got, az\u00f3ta pedig nagy utat tett meg a verseny, rengeteg hihetetlen \u00e9s sorsford\u00edt\u00f3 pillanat alak\u00edtotta olyann\u00e1, amilyennek ma l\u00e1tjuk.\",\"breadcrumb\":{\"@id\":\"https:\/\/www.welovecycling.com\/hu\/orszaguti-kerekpar\/a-vilagbajnoksag-tortenelmenek-legikonikusabb-pillanatai\/#breadcrumb\"},\"inLanguage\":\"hu\",\"potentialAction\":[{\"@type\":\"ReadAction\",\"target\":[\"https:\/\/www.welovecycling.com\/hu\/orszaguti-kerekpar\/a-vilagbajnoksag-tortenelmenek-legikonikusabb-pillanatai\/\"]}]},{\"@type\":\"ImageObject\",\"inLanguage\":\"hu\",\"@id\":\"https:\/\/www.welovecycling.com\/hu\/orszaguti-kerekpar\/a-vilagbajnoksag-tortenelmenek-legikonikusabb-pillanatai\/#primaryimage\",\"url\":\"https:\/\/d2p6e6u75xmxt8.cloudfront.net\/12\/2021\/09\/2017-UCI-World-Championships-profimedia-0350287766-CVR.jpg\",\"contentUrl\":\"https:\/\/d2p6e6u75xmxt8.cloudfront.net\/12\/2021\/09\/2017-UCI-World-Championships-profimedia-0350287766-CVR.jpg\",\"width\":1366,\"height\":600},{\"@type\":\"BreadcrumbList\",\"@id\":\"https:\/\/www.welovecycling.com\/hu\/orszaguti-kerekpar\/a-vilagbajnoksag-tortenelmenek-legikonikusabb-pillanatai\/#breadcrumb\",\"itemListElement\":[{\"@type\":\"ListItem\",\"position\":1,\"name\":\"Home\",\"item\":\"https:\/\/www.welovecycling.com\/hu\/\"},{\"@type\":\"ListItem\",\"position\":2,\"name\":\"A Vil\u00e1gbajnoks\u00e1g t\u00f6rt\u00e9nelm\u00e9nek legikonikusabb pillanatai\"}]},{\"@type\":\"WebSite\",\"@id\":\"https:\/\/www.welovecycling.com\/hu\/#website\",\"url\":\"https:\/\/www.welovecycling.com\/hu\/\",\"name\":\"\u0160koda We Love Cycling - Magyarorsz\u00e1g\",\"description\":\"\u0160koda WeLoveCycling\",\"potentialAction\":[{\"@type\":\"SearchAction\",\"target\":{\"@type\":\"EntryPoint\",\"urlTemplate\":\"https:\/\/www.welovecycling.com\/hu\/?s={search_term_string}\"},\"query-input\":{\"@type\":\"PropertyValueSpecification\",\"valueRequired\":true,\"valueName\":\"search_term_string\"}}],\"inLanguage\":\"hu\"},{\"@type\":\"Person\",\"@id\":\"https:\/\/www.welovecycling.com\/hu\/#\/schema\/person\/414a2aebf1801691a5320edb6468e194\",\"name\":\"hegyizs\",\"image\":{\"@type\":\"ImageObject\",\"inLanguage\":\"hu\",\"@id\":\"https:\/\/www.welovecycling.com\/hu\/#\/schema\/person\/image\/\",\"url\":\"https:\/\/secure.gravatar.com\/avatar\/02cf8a7906b8cf90cecb4679defac7cfd33a1c2e3b88e4903d947f3bb58eedd3?s=96&d=mm&r=g\",\"contentUrl\":\"https:\/\/secure.gravatar.com\/avatar\/02cf8a7906b8cf90cecb4679defac7cfd33a1c2e3b88e4903d947f3bb58eedd3?s=96&d=mm&r=g\",\"caption\":\"hegyizs\"},\"url\":\"https:\/\/www.welovecycling.com\/hu\/author\/hegyizs\/\"}]}<\/script>\n<!-- \/ Yoast SEO Premium plugin. -->","yoast_head_json":{"title":"A Vil\u00e1gbajnoks\u00e1g t\u00f6rt\u00e9nelm\u00e9nek legikonikusabb pillanatai","description":"Mintegy 100 \u00e9vvel ezel\u0151tt rendezt\u00e9k meg el\u0151sz\u00f6r az Orsz\u00e1g\u00fati Vil\u00e1gbajnoks\u00e1got, az\u00f3ta pedig nagy utat tett meg a verseny, rengeteg hihetetlen \u00e9s sorsford\u00edt\u00f3 pillanat alak\u00edtotta olyann\u00e1, amilyennek ma l\u00e1tjuk.","robots":{"index":"index","follow":"follow","max-snippet":"max-snippet:-1","max-image-preview":"max-image-preview:large","max-video-preview":"max-video-preview:-1"},"canonical":"https:\/\/www.welovecycling.com\/hu\/orszaguti-kerekpar\/a-vilagbajnoksag-tortenelmenek-legikonikusabb-pillanatai\/","og_locale":"hu_HU","og_type":"article","og_title":"A Vil\u00e1gbajnoks\u00e1g t\u00f6rt\u00e9nelm\u00e9nek legikonikusabb pillanatai","og_description":"Mintegy 100 \u00e9vvel ezel\u0151tt rendezt\u00e9k meg el\u0151sz\u00f6r az Orsz\u00e1g\u00fati Vil\u00e1gbajnoks\u00e1got, az\u00f3ta pedig nagy utat tett meg a verseny, rengeteg hihetetlen \u00e9s sorsford\u00edt\u00f3 pillanat alak\u00edtotta olyann\u00e1, amilyennek ma l\u00e1tjuk.","og_url":"https:\/\/www.welovecycling.com\/hu\/orszaguti-kerekpar\/a-vilagbajnoksag-tortenelmenek-legikonikusabb-pillanatai\/","og_site_name":"\u0160koda We Love Cycling - Magyarorsz\u00e1g","article_publisher":"https:\/\/www.facebook.com\/WeLoveCyclingHungary\/","article_published_time":"2021-09-29T06:00:11+00:00","og_image":[{"width":1366,"height":600,"url":"https:\/\/d2p6e6u75xmxt8.cloudfront.net\/12\/2021\/09\/2017-UCI-World-Championships-profimedia-0350287766-CVR.jpg","type":"image\/jpeg"}],"author":"hegyizs","twitter_card":"summary_large_image","twitter_misc":{"Written by":"Joshua Donaldson","Est. reading time":"6"},"schema":{"@context":"https:\/\/schema.org","@graph":[{"@type":"WebPage","@id":"https:\/\/www.welovecycling.com\/hu\/orszaguti-kerekpar\/a-vilagbajnoksag-tortenelmenek-legikonikusabb-pillanatai\/","url":"https:\/\/www.welovecycling.com\/hu\/orszaguti-kerekpar\/a-vilagbajnoksag-tortenelmenek-legikonikusabb-pillanatai\/","name":"A Vil\u00e1gbajnoks\u00e1g t\u00f6rt\u00e9nelm\u00e9nek legikonikusabb pillanatai","isPartOf":{"@id":"https:\/\/www.welovecycling.com\/hu\/#website"},"primaryImageOfPage":{"@id":"https:\/\/www.welovecycling.com\/hu\/orszaguti-kerekpar\/a-vilagbajnoksag-tortenelmenek-legikonikusabb-pillanatai\/#primaryimage"},"image":{"@id":"https:\/\/www.welovecycling.com\/hu\/orszaguti-kerekpar\/a-vilagbajnoksag-tortenelmenek-legikonikusabb-pillanatai\/#primaryimage"},"thumbnailUrl":"https:\/\/d2p6e6u75xmxt8.cloudfront.net\/12\/2021\/09\/2017-UCI-World-Championships-profimedia-0350287766-CVR.jpg","datePublished":"2021-09-29T06:00:11+00:00","author":{"@id":"https:\/\/www.welovecycling.com\/hu\/#\/schema\/person\/414a2aebf1801691a5320edb6468e194"},"description":"Mintegy 100 \u00e9vvel ezel\u0151tt rendezt\u00e9k meg el\u0151sz\u00f6r az Orsz\u00e1g\u00fati Vil\u00e1gbajnoks\u00e1got, az\u00f3ta pedig nagy utat tett meg a verseny, rengeteg hihetetlen \u00e9s sorsford\u00edt\u00f3 pillanat alak\u00edtotta olyann\u00e1, amilyennek ma l\u00e1tjuk.","breadcrumb":{"@id":"https:\/\/www.welovecycling.com\/hu\/orszaguti-kerekpar\/a-vilagbajnoksag-tortenelmenek-legikonikusabb-pillanatai\/#breadcrumb"},"inLanguage":"hu","potentialAction":[{"@type":"ReadAction","target":["https:\/\/www.welovecycling.com\/hu\/orszaguti-kerekpar\/a-vilagbajnoksag-tortenelmenek-legikonikusabb-pillanatai\/"]}]},{"@type":"ImageObject","inLanguage":"hu","@id":"https:\/\/www.welovecycling.com\/hu\/orszaguti-kerekpar\/a-vilagbajnoksag-tortenelmenek-legikonikusabb-pillanatai\/#primaryimage","url":"https:\/\/d2p6e6u75xmxt8.cloudfront.net\/12\/2021\/09\/2017-UCI-World-Championships-profimedia-0350287766-CVR.jpg","contentUrl":"https:\/\/d2p6e6u75xmxt8.cloudfront.net\/12\/2021\/09\/2017-UCI-World-Championships-profimedia-0350287766-CVR.jpg","width":1366,"height":600},{"@type":"BreadcrumbList","@id":"https:\/\/www.welovecycling.com\/hu\/orszaguti-kerekpar\/a-vilagbajnoksag-tortenelmenek-legikonikusabb-pillanatai\/#breadcrumb","itemListElement":[{"@type":"ListItem","position":1,"name":"Home","item":"https:\/\/www.welovecycling.com\/hu\/"},{"@type":"ListItem","position":2,"name":"A Vil\u00e1gbajnoks\u00e1g t\u00f6rt\u00e9nelm\u00e9nek legikonikusabb pillanatai"}]},{"@type":"WebSite","@id":"https:\/\/www.welovecycling.com\/hu\/#website","url":"https:\/\/www.welovecycling.com\/hu\/","name":"\u0160koda We Love Cycling - Magyarorsz\u00e1g","description":"\u0160koda WeLoveCycling","potentialAction":[{"@type":"SearchAction","target":{"@type":"EntryPoint","urlTemplate":"https:\/\/www.welovecycling.com\/hu\/?s={search_term_string}"},"query-input":{"@type":"PropertyValueSpecification","valueRequired":true,"valueName":"search_term_string"}}],"inLanguage":"hu"},{"@type":"Person","@id":"https:\/\/www.welovecycling.com\/hu\/#\/schema\/person\/414a2aebf1801691a5320edb6468e194","name":"hegyizs","image":{"@type":"ImageObject","inLanguage":"hu","@id":"https:\/\/www.welovecycling.com\/hu\/#\/schema\/person\/image\/","url":"https:\/\/secure.gravatar.com\/avatar\/02cf8a7906b8cf90cecb4679defac7cfd33a1c2e3b88e4903d947f3bb58eedd3?s=96&d=mm&r=g","contentUrl":"https:\/\/secure.gravatar.com\/avatar\/02cf8a7906b8cf90cecb4679defac7cfd33a1c2e3b88e4903d947f3bb58eedd3?s=96&d=mm&r=g","caption":"hegyizs"},"url":"https:\/\/www.welovecycling.com\/hu\/author\/hegyizs\/"}]}},"_links":{"self":[{"href":"https:\/\/www.welovecycling.com\/hu\/wp-json\/wp\/v2\/posts\/12522","targetHints":{"allow":["GET"]}}],"collection":[{"href":"https:\/\/www.welovecycling.com\/hu\/wp-json\/wp\/v2\/posts"}],"about":[{"href":"https:\/\/www.welovecycling.com\/hu\/wp-json\/wp\/v2\/types\/post"}],"author":[{"embeddable":true,"href":"https:\/\/www.welovecycling.com\/hu\/wp-json\/wp\/v2\/users\/71"}],"replies":[{"embeddable":true,"href":"https:\/\/www.welovecycling.com\/hu\/wp-json\/wp\/v2\/comments?post=12522"}],"version-history":[{"count":2,"href":"https:\/\/www.welovecycling.com\/hu\/wp-json\/wp\/v2\/posts\/12522\/revisions"}],"predecessor-version":[{"id":12542,"href":"https:\/\/www.welovecycling.com\/hu\/wp-json\/wp\/v2\/posts\/12522\/revisions\/12542"}],"wp:featuredmedia":[{"embeddable":true,"href":"https:\/\/www.welovecycling.com\/hu\/wp-json\/wp\/v2\/media\/12527"}],"wp:attachment":[{"href":"https:\/\/www.welovecycling.com\/hu\/wp-json\/wp\/v2\/media?parent=12522"}],"wp:term":[{"taxonomy":"category","embeddable":true,"href":"https:\/\/www.welovecycling.com\/hu\/wp-json\/wp\/v2\/categories?post=12522"},{"taxonomy":"post_tag","embeddable":true,"href":"https:\/\/www.welovecycling.com\/hu\/wp-json\/wp\/v2\/tags?post=12522"},{"taxonomy":"global-categories","embeddable":true,"href":"https:\/\/www.welovecycling.com\/hu\/wp-json\/wp\/v2\/global-categories?post=12522"}],"curies":[{"name":"wp","href":"https:\/\/api.w.org\/{rel}","templated":true}]}}