{"id":12515,"date":"2021-09-27T08:00:49","date_gmt":"2021-09-27T06:00:49","guid":{"rendered":"https:\/\/www.welovecycling.com\/hu\/?p=12515"},"modified":"2021-09-24T16:43:57","modified_gmt":"2021-09-24T14:43:57","slug":"szerzodeshosszabbitast-ajanlott-a-deceuninck-quickstep-mark-cavendish-nek","status":"publish","type":"post","link":"https:\/\/www.welovecycling.com\/hu\/orszaguti-kerekpar\/szerzodeshosszabbitast-ajanlott-a-deceuninck-quickstep-mark-cavendish-nek\/","title":{"rendered":"Szerz\u0151d\u00e9shosszabb\u00edt\u00e1st aj\u00e1nlott a Deceuninck-QuickStep Mark Cavendish-nek"},"content":{"rendered":"<p><strong>A c\u00edm biztat\u00f3, a t\u00e1rgyal\u00e1sok azonban a cikk \u00edr\u00e1s\u00e1nak pillanat\u00e1ban m\u00e9g kor\u00e1ntsem \u00e9rtek v\u00e9get. A brit sprinter, aki megnyerte a z\u00f6ld \u0160koda mezt az idei Tour-on, \u00e9s Patrick Lefevere, a csapat menedzsere, m\u00e9g nem egyeztek meg a p\u00e9nz\u00fcgyekr\u0151l.<\/strong><!--more--><\/p>\n<p>Cavendish szezon elej\u00e9n csatlakozott a WorldTour csapathoz, h\u00e1rom \u00e9vvel utols\u00f3 gy\u0151zelme ut\u00e1n. Id\u00e9n leny\u0171g\u00f6z\u0151 teljes\u00edtm\u00e9nnyel t\u00e9rt vissza a legjobbak k\u00f6z\u00e9: n\u00e9gy szakaszt megnyert a TdF-on, ezzel el\u00e9rte Eddy Merckx rekordj\u00e1t, a 34 szakaszgy\u0151zelmet!<\/p>\n<p>Ezek ut\u00e1n term\u00e9szetes, hogy Cavendish \u00fagy gondolja, t\u00f6bb p\u00e9nzt \u00e9rdemel. Egy belga lap szerint azonban a k\u00e9t f\u00e9l elk\u00e9pzel\u00e9sei igen messze \u00e1llnak egym\u00e1st\u00f3l.<\/p>\n<p>Az \u00fajs\u00e1g szerint a szerz\u0151d\u00e9snek tov\u00e1bbra is egy alapb\u00e9rt \u00e9s a gy\u0151zelmek sor\u00e1n ki\u00e9rdemelt b\u00f3nuszokat kell tartalmaznia, hiszen Lefevere \u00e9vek \u00f3ta ilyen strukt\u00far\u00e1val dolgozik. T\u00f6bbek k\u00f6z\u00f6tt Philippe Gilberttel is, aki 2017-ben csatlakozott a csapathoz \u00e9s az\u00f3ta megnyerte a Tour de Flanders-t \u00e9s a P\u00e1rizs-Roubaix-ot.<\/p>\n<p>A belga lap arr\u00f3l is besz\u00e1mol, hogy Cavendish \u00e9s Lefevere m\u00e9g nem d\u00f6nt\u00f6tt a sprinter szerep\u00e9r\u0151l a k\u00f6vetkez\u0151 szezonban. Sam Bennett, akinek a Tour-on kellett volna vezetnie a csapatot, t\u00e1vozik. Fabio Jakobsen viszont remek form\u00e1ban van: megszerezte p\u00e9ld\u00e1ul a z\u00f6ld \u0160koda mezt a Vuelt\u00e1n.<\/p>\n<p>Vajon ki lesz a belga csapat \u00faj sprintere? Nem lehet megj\u00f3solni, de szurkolunk Cavendish-nek, hogy lehet\u0151s\u00e9ge legyen harcolni a poz\u00edci\u00f3\u00e9rt!<\/p>\n","protected":false},"excerpt":{"rendered":"<p>A c\u00edm biztat\u00f3, a t\u00e1rgyal\u00e1sok azonban a cikk \u00edr\u00e1s\u00e1nak pillanat\u00e1ban m\u00e9g kor\u00e1ntsem \u00e9rtek v\u00e9get. A brit sprinter, aki megnyerte a [&hellip;]<\/p>\n","protected":false},"author":71,"featured_media":12516,"comment_status":"open","ping_status":"open","sticky":false,"template":"","format":"standard","meta":{"footnotes":""},"categories":[8],"tags":[],"global-categories":[],"class_list":["post-12515","post","type-post","status-publish","format-standard","has-post-thumbnail","hentry","category-orszaguti-kerekpar"],"yoast_head":"<!-- This site is optimized with the Yoast SEO Premium plugin v25.3 (Yoast SEO v25.9) - https:\/\/yoast.com\/wordpress\/plugins\/seo\/ -->\n<title>Szerz\u0151d\u00e9shosszabb\u00edt\u00e1st aj\u00e1nlott a Deceuninck-QuickStep Mark Cavendish-nek<\/title>\n<meta name=\"description\" content=\"A c\u00edm biztat\u00f3, a t\u00e1rgyal\u00e1sok azonban a cikk \u00edr\u00e1s\u00e1nak pillanat\u00e1ban m\u00e9g kor\u00e1ntsem \u00e9rtek v\u00e9get. A brit sprinter, aki megnyerte a z\u00f6ld \u0160koda mezt az idei Tour-on, \u00e9s Patrick Lefevere, a csapat menedzsere, m\u00e9g nem egyeztek meg a p\u00e9nz\u00fcgyekr\u0151l.\" \/>\n<meta name=\"robots\" content=\"index, follow, max-snippet:-1, max-image-preview:large, max-video-preview:-1\" \/>\n<link rel=\"canonical\" href=\"https:\/\/www.welovecycling.com\/hu\/orszaguti-kerekpar\/szerzodeshosszabbitast-ajanlott-a-deceuninck-quickstep-mark-cavendish-nek\/\" \/>\n<meta property=\"og:locale\" content=\"hu_HU\" \/>\n<meta property=\"og:type\" content=\"article\" \/>\n<meta property=\"og:title\" content=\"Szerz\u0151d\u00e9shosszabb\u00edt\u00e1st aj\u00e1nlott a Deceuninck-QuickStep Mark Cavendish-nek\" \/>\n<meta property=\"og:description\" content=\"A c\u00edm biztat\u00f3, a t\u00e1rgyal\u00e1sok azonban a cikk \u00edr\u00e1s\u00e1nak pillanat\u00e1ban m\u00e9g kor\u00e1ntsem \u00e9rtek v\u00e9get. A brit sprinter, aki megnyerte a z\u00f6ld \u0160koda mezt az idei Tour-on, \u00e9s Patrick Lefevere, a csapat menedzsere, m\u00e9g nem egyeztek meg a p\u00e9nz\u00fcgyekr\u0151l.\" \/>\n<meta property=\"og:url\" content=\"https:\/\/www.welovecycling.com\/hu\/orszaguti-kerekpar\/szerzodeshosszabbitast-ajanlott-a-deceuninck-quickstep-mark-cavendish-nek\/\" \/>\n<meta property=\"og:site_name\" content=\"\u0160koda We Love Cycling - Magyarorsz\u00e1g\" \/>\n<meta property=\"article:publisher\" content=\"https:\/\/www.facebook.com\/WeLoveCyclingHungary\/\" \/>\n<meta property=\"article:published_time\" content=\"2021-09-27T06:00:49+00:00\" \/>\n<meta property=\"og:image\" content=\"https:\/\/d2p6e6u75xmxt8.cloudfront.net\/12\/2021\/09\/profimedia-0621806165-1.jpg\" \/>\n\t<meta property=\"og:image:width\" content=\"1366\" \/>\n\t<meta property=\"og:image:height\" content=\"600\" \/>\n\t<meta property=\"og:image:type\" content=\"image\/jpeg\" \/>\n<meta name=\"author\" content=\"hegyizs\" \/>\n<meta name=\"twitter:card\" content=\"summary_large_image\" \/>\n<meta name=\"twitter:label1\" content=\"Written by\" \/>\n\t<meta name=\"twitter:data1\" content=\"Monica Buck\" \/>\n\t<meta name=\"twitter:label2\" content=\"Est. reading time\" \/>\n\t<meta name=\"twitter:data2\" content=\"3\" \/>\n<script type=\"application\/ld+json\" class=\"yoast-schema-graph\">{\"@context\":\"https:\/\/schema.org\",\"@graph\":[{\"@type\":\"WebPage\",\"@id\":\"https:\/\/www.welovecycling.com\/hu\/orszaguti-kerekpar\/szerzodeshosszabbitast-ajanlott-a-deceuninck-quickstep-mark-cavendish-nek\/\",\"url\":\"https:\/\/www.welovecycling.com\/hu\/orszaguti-kerekpar\/szerzodeshosszabbitast-ajanlott-a-deceuninck-quickstep-mark-cavendish-nek\/\",\"name\":\"Szerz\u0151d\u00e9shosszabb\u00edt\u00e1st aj\u00e1nlott a Deceuninck-QuickStep Mark Cavendish-nek\",\"isPartOf\":{\"@id\":\"https:\/\/www.welovecycling.com\/hu\/#website\"},\"primaryImageOfPage\":{\"@id\":\"https:\/\/www.welovecycling.com\/hu\/orszaguti-kerekpar\/szerzodeshosszabbitast-ajanlott-a-deceuninck-quickstep-mark-cavendish-nek\/#primaryimage\"},\"image\":{\"@id\":\"https:\/\/www.welovecycling.com\/hu\/orszaguti-kerekpar\/szerzodeshosszabbitast-ajanlott-a-deceuninck-quickstep-mark-cavendish-nek\/#primaryimage\"},\"thumbnailUrl\":\"https:\/\/d2p6e6u75xmxt8.cloudfront.net\/12\/2021\/09\/profimedia-0621806165-1.jpg\",\"datePublished\":\"2021-09-27T06:00:49+00:00\",\"author\":{\"@id\":\"https:\/\/www.welovecycling.com\/hu\/#\/schema\/person\/414a2aebf1801691a5320edb6468e194\"},\"description\":\"A c\u00edm biztat\u00f3, a t\u00e1rgyal\u00e1sok azonban a cikk \u00edr\u00e1s\u00e1nak pillanat\u00e1ban m\u00e9g kor\u00e1ntsem \u00e9rtek v\u00e9get. A brit sprinter, aki megnyerte a z\u00f6ld \u0160koda mezt az idei Tour-on, \u00e9s Patrick Lefevere, a csapat menedzsere, m\u00e9g nem egyeztek meg a p\u00e9nz\u00fcgyekr\u0151l.\",\"breadcrumb\":{\"@id\":\"https:\/\/www.welovecycling.com\/hu\/orszaguti-kerekpar\/szerzodeshosszabbitast-ajanlott-a-deceuninck-quickstep-mark-cavendish-nek\/#breadcrumb\"},\"inLanguage\":\"hu\",\"potentialAction\":[{\"@type\":\"ReadAction\",\"target\":[\"https:\/\/www.welovecycling.com\/hu\/orszaguti-kerekpar\/szerzodeshosszabbitast-ajanlott-a-deceuninck-quickstep-mark-cavendish-nek\/\"]}]},{\"@type\":\"ImageObject\",\"inLanguage\":\"hu\",\"@id\":\"https:\/\/www.welovecycling.com\/hu\/orszaguti-kerekpar\/szerzodeshosszabbitast-ajanlott-a-deceuninck-quickstep-mark-cavendish-nek\/#primaryimage\",\"url\":\"https:\/\/d2p6e6u75xmxt8.cloudfront.net\/12\/2021\/09\/profimedia-0621806165-1.jpg\",\"contentUrl\":\"https:\/\/d2p6e6u75xmxt8.cloudfront.net\/12\/2021\/09\/profimedia-0621806165-1.jpg\",\"width\":1366,\"height\":600,\"caption\":\"Mark Cavendish\"},{\"@type\":\"BreadcrumbList\",\"@id\":\"https:\/\/www.welovecycling.com\/hu\/orszaguti-kerekpar\/szerzodeshosszabbitast-ajanlott-a-deceuninck-quickstep-mark-cavendish-nek\/#breadcrumb\",\"itemListElement\":[{\"@type\":\"ListItem\",\"position\":1,\"name\":\"Home\",\"item\":\"https:\/\/www.welovecycling.com\/hu\/\"},{\"@type\":\"ListItem\",\"position\":2,\"name\":\"Szerz\u0151d\u00e9shosszabb\u00edt\u00e1st aj\u00e1nlott a Deceuninck-QuickStep Mark Cavendish-nek\"}]},{\"@type\":\"WebSite\",\"@id\":\"https:\/\/www.welovecycling.com\/hu\/#website\",\"url\":\"https:\/\/www.welovecycling.com\/hu\/\",\"name\":\"\u0160koda We Love Cycling - Magyarorsz\u00e1g\",\"description\":\"\u0160koda WeLoveCycling\",\"potentialAction\":[{\"@type\":\"SearchAction\",\"target\":{\"@type\":\"EntryPoint\",\"urlTemplate\":\"https:\/\/www.welovecycling.com\/hu\/?s={search_term_string}\"},\"query-input\":{\"@type\":\"PropertyValueSpecification\",\"valueRequired\":true,\"valueName\":\"search_term_string\"}}],\"inLanguage\":\"hu\"},{\"@type\":\"Person\",\"@id\":\"https:\/\/www.welovecycling.com\/hu\/#\/schema\/person\/414a2aebf1801691a5320edb6468e194\",\"name\":\"hegyizs\",\"image\":{\"@type\":\"ImageObject\",\"inLanguage\":\"hu\",\"@id\":\"https:\/\/www.welovecycling.com\/hu\/#\/schema\/person\/image\/\",\"url\":\"https:\/\/secure.gravatar.com\/avatar\/02cf8a7906b8cf90cecb4679defac7cfd33a1c2e3b88e4903d947f3bb58eedd3?s=96&d=mm&r=g\",\"contentUrl\":\"https:\/\/secure.gravatar.com\/avatar\/02cf8a7906b8cf90cecb4679defac7cfd33a1c2e3b88e4903d947f3bb58eedd3?s=96&d=mm&r=g\",\"caption\":\"hegyizs\"},\"url\":\"https:\/\/www.welovecycling.com\/hu\/author\/hegyizs\/\"}]}<\/script>\n<!-- \/ Yoast SEO Premium plugin. -->","yoast_head_json":{"title":"Szerz\u0151d\u00e9shosszabb\u00edt\u00e1st aj\u00e1nlott a Deceuninck-QuickStep Mark Cavendish-nek","description":"A c\u00edm biztat\u00f3, a t\u00e1rgyal\u00e1sok azonban a cikk \u00edr\u00e1s\u00e1nak pillanat\u00e1ban m\u00e9g kor\u00e1ntsem \u00e9rtek v\u00e9get. A brit sprinter, aki megnyerte a z\u00f6ld \u0160koda mezt az idei Tour-on, \u00e9s Patrick Lefevere, a csapat menedzsere, m\u00e9g nem egyeztek meg a p\u00e9nz\u00fcgyekr\u0151l.","robots":{"index":"index","follow":"follow","max-snippet":"max-snippet:-1","max-image-preview":"max-image-preview:large","max-video-preview":"max-video-preview:-1"},"canonical":"https:\/\/www.welovecycling.com\/hu\/orszaguti-kerekpar\/szerzodeshosszabbitast-ajanlott-a-deceuninck-quickstep-mark-cavendish-nek\/","og_locale":"hu_HU","og_type":"article","og_title":"Szerz\u0151d\u00e9shosszabb\u00edt\u00e1st aj\u00e1nlott a Deceuninck-QuickStep Mark Cavendish-nek","og_description":"A c\u00edm biztat\u00f3, a t\u00e1rgyal\u00e1sok azonban a cikk \u00edr\u00e1s\u00e1nak pillanat\u00e1ban m\u00e9g kor\u00e1ntsem \u00e9rtek v\u00e9get. A brit sprinter, aki megnyerte a z\u00f6ld \u0160koda mezt az idei Tour-on, \u00e9s Patrick Lefevere, a csapat menedzsere, m\u00e9g nem egyeztek meg a p\u00e9nz\u00fcgyekr\u0151l.","og_url":"https:\/\/www.welovecycling.com\/hu\/orszaguti-kerekpar\/szerzodeshosszabbitast-ajanlott-a-deceuninck-quickstep-mark-cavendish-nek\/","og_site_name":"\u0160koda We Love Cycling - Magyarorsz\u00e1g","article_publisher":"https:\/\/www.facebook.com\/WeLoveCyclingHungary\/","article_published_time":"2021-09-27T06:00:49+00:00","og_image":[{"width":1366,"height":600,"url":"https:\/\/d2p6e6u75xmxt8.cloudfront.net\/12\/2021\/09\/profimedia-0621806165-1.jpg","type":"image\/jpeg"}],"author":"hegyizs","twitter_card":"summary_large_image","twitter_misc":{"Written by":"Monica Buck","Est. reading time":"3"},"schema":{"@context":"https:\/\/schema.org","@graph":[{"@type":"WebPage","@id":"https:\/\/www.welovecycling.com\/hu\/orszaguti-kerekpar\/szerzodeshosszabbitast-ajanlott-a-deceuninck-quickstep-mark-cavendish-nek\/","url":"https:\/\/www.welovecycling.com\/hu\/orszaguti-kerekpar\/szerzodeshosszabbitast-ajanlott-a-deceuninck-quickstep-mark-cavendish-nek\/","name":"Szerz\u0151d\u00e9shosszabb\u00edt\u00e1st aj\u00e1nlott a Deceuninck-QuickStep Mark Cavendish-nek","isPartOf":{"@id":"https:\/\/www.welovecycling.com\/hu\/#website"},"primaryImageOfPage":{"@id":"https:\/\/www.welovecycling.com\/hu\/orszaguti-kerekpar\/szerzodeshosszabbitast-ajanlott-a-deceuninck-quickstep-mark-cavendish-nek\/#primaryimage"},"image":{"@id":"https:\/\/www.welovecycling.com\/hu\/orszaguti-kerekpar\/szerzodeshosszabbitast-ajanlott-a-deceuninck-quickstep-mark-cavendish-nek\/#primaryimage"},"thumbnailUrl":"https:\/\/d2p6e6u75xmxt8.cloudfront.net\/12\/2021\/09\/profimedia-0621806165-1.jpg","datePublished":"2021-09-27T06:00:49+00:00","author":{"@id":"https:\/\/www.welovecycling.com\/hu\/#\/schema\/person\/414a2aebf1801691a5320edb6468e194"},"description":"A c\u00edm biztat\u00f3, a t\u00e1rgyal\u00e1sok azonban a cikk \u00edr\u00e1s\u00e1nak pillanat\u00e1ban m\u00e9g kor\u00e1ntsem \u00e9rtek v\u00e9get. A brit sprinter, aki megnyerte a z\u00f6ld \u0160koda mezt az idei Tour-on, \u00e9s Patrick Lefevere, a csapat menedzsere, m\u00e9g nem egyeztek meg a p\u00e9nz\u00fcgyekr\u0151l.","breadcrumb":{"@id":"https:\/\/www.welovecycling.com\/hu\/orszaguti-kerekpar\/szerzodeshosszabbitast-ajanlott-a-deceuninck-quickstep-mark-cavendish-nek\/#breadcrumb"},"inLanguage":"hu","potentialAction":[{"@type":"ReadAction","target":["https:\/\/www.welovecycling.com\/hu\/orszaguti-kerekpar\/szerzodeshosszabbitast-ajanlott-a-deceuninck-quickstep-mark-cavendish-nek\/"]}]},{"@type":"ImageObject","inLanguage":"hu","@id":"https:\/\/www.welovecycling.com\/hu\/orszaguti-kerekpar\/szerzodeshosszabbitast-ajanlott-a-deceuninck-quickstep-mark-cavendish-nek\/#primaryimage","url":"https:\/\/d2p6e6u75xmxt8.cloudfront.net\/12\/2021\/09\/profimedia-0621806165-1.jpg","contentUrl":"https:\/\/d2p6e6u75xmxt8.cloudfront.net\/12\/2021\/09\/profimedia-0621806165-1.jpg","width":1366,"height":600,"caption":"Mark Cavendish"},{"@type":"BreadcrumbList","@id":"https:\/\/www.welovecycling.com\/hu\/orszaguti-kerekpar\/szerzodeshosszabbitast-ajanlott-a-deceuninck-quickstep-mark-cavendish-nek\/#breadcrumb","itemListElement":[{"@type":"ListItem","position":1,"name":"Home","item":"https:\/\/www.welovecycling.com\/hu\/"},{"@type":"ListItem","position":2,"name":"Szerz\u0151d\u00e9shosszabb\u00edt\u00e1st aj\u00e1nlott a Deceuninck-QuickStep Mark Cavendish-nek"}]},{"@type":"WebSite","@id":"https:\/\/www.welovecycling.com\/hu\/#website","url":"https:\/\/www.welovecycling.com\/hu\/","name":"\u0160koda We Love Cycling - Magyarorsz\u00e1g","description":"\u0160koda WeLoveCycling","potentialAction":[{"@type":"SearchAction","target":{"@type":"EntryPoint","urlTemplate":"https:\/\/www.welovecycling.com\/hu\/?s={search_term_string}"},"query-input":{"@type":"PropertyValueSpecification","valueRequired":true,"valueName":"search_term_string"}}],"inLanguage":"hu"},{"@type":"Person","@id":"https:\/\/www.welovecycling.com\/hu\/#\/schema\/person\/414a2aebf1801691a5320edb6468e194","name":"hegyizs","image":{"@type":"ImageObject","inLanguage":"hu","@id":"https:\/\/www.welovecycling.com\/hu\/#\/schema\/person\/image\/","url":"https:\/\/secure.gravatar.com\/avatar\/02cf8a7906b8cf90cecb4679defac7cfd33a1c2e3b88e4903d947f3bb58eedd3?s=96&d=mm&r=g","contentUrl":"https:\/\/secure.gravatar.com\/avatar\/02cf8a7906b8cf90cecb4679defac7cfd33a1c2e3b88e4903d947f3bb58eedd3?s=96&d=mm&r=g","caption":"hegyizs"},"url":"https:\/\/www.welovecycling.com\/hu\/author\/hegyizs\/"}]}},"_links":{"self":[{"href":"https:\/\/www.welovecycling.com\/hu\/wp-json\/wp\/v2\/posts\/12515","targetHints":{"allow":["GET"]}}],"collection":[{"href":"https:\/\/www.welovecycling.com\/hu\/wp-json\/wp\/v2\/posts"}],"about":[{"href":"https:\/\/www.welovecycling.com\/hu\/wp-json\/wp\/v2\/types\/post"}],"author":[{"embeddable":true,"href":"https:\/\/www.welovecycling.com\/hu\/wp-json\/wp\/v2\/users\/71"}],"replies":[{"embeddable":true,"href":"https:\/\/www.welovecycling.com\/hu\/wp-json\/wp\/v2\/comments?post=12515"}],"version-history":[{"count":1,"href":"https:\/\/www.welovecycling.com\/hu\/wp-json\/wp\/v2\/posts\/12515\/revisions"}],"predecessor-version":[{"id":12539,"href":"https:\/\/www.welovecycling.com\/hu\/wp-json\/wp\/v2\/posts\/12515\/revisions\/12539"}],"wp:featuredmedia":[{"embeddable":true,"href":"https:\/\/www.welovecycling.com\/hu\/wp-json\/wp\/v2\/media\/12516"}],"wp:attachment":[{"href":"https:\/\/www.welovecycling.com\/hu\/wp-json\/wp\/v2\/media?parent=12515"}],"wp:term":[{"taxonomy":"category","embeddable":true,"href":"https:\/\/www.welovecycling.com\/hu\/wp-json\/wp\/v2\/categories?post=12515"},{"taxonomy":"post_tag","embeddable":true,"href":"https:\/\/www.welovecycling.com\/hu\/wp-json\/wp\/v2\/tags?post=12515"},{"taxonomy":"global-categories","embeddable":true,"href":"https:\/\/www.welovecycling.com\/hu\/wp-json\/wp\/v2\/global-categories?post=12515"}],"curies":[{"name":"wp","href":"https:\/\/api.w.org\/{rel}","templated":true}]}}