{"id":12499,"date":"2021-09-25T08:00:21","date_gmt":"2021-09-25T06:00:21","guid":{"rendered":"https:\/\/www.welovecycling.com\/hu\/?p=12499"},"modified":"2021-09-27T10:13:23","modified_gmt":"2021-09-27T08:13:23","slug":"rekord-ashton-lambie-attorte-a-4-perces-hatart-4000-meteren","status":"publish","type":"post","link":"https:\/\/www.welovecycling.com\/hu\/kozosseg-es-kultura\/rekord-ashton-lambie-attorte-a-4-perces-hatart-4000-meteren\/","title":{"rendered":"Rekord: Ashton Lambie \u00e1tt\u00f6rte a 4 perces hat\u00e1rt 4000 m\u00e9teren"},"content":{"rendered":"<p><strong>A ker\u00e9kp\u00e1ros vil\u00e1g visszafojtott l\u00e9legzettel figyelte Ashton Lambie-t augusztus 18-\u00e1n, amikor megpr\u00f3b\u00e1lta fel\u00fclm\u00falni Filippo Ganna 4:01,934 perces rekordj\u00e1t. \u00c9s siker\u00fclt neki!<\/strong><!--more--><\/p>\n<p>A 30 \u00e9ves ker\u00e9kp\u00e1ros \u00faj vil\u00e1gcs\u00facsot \u00e1ll\u00edtott fel p\u00e1lyaker\u00e9kp\u00e1roz\u00e1sban, 4000 m\u00e9teren: nem hivatalos ideje 3 perc 59,930 m\u00e1sodperc. Lambie egy mexik\u00f3i velodrome-on tekerte le a t\u00e1vot, ott, ahol 2018-ban m\u00e1r megd\u00f6nt\u00f6tte ugyanezt a rekordot. Ezut\u00e1n m\u00e9g k\u00e9tszer fel\u00fclm\u00falta saj\u00e1t mag\u00e1t, de soha nem siker\u00fclt 4 perc alatt megtennie a szakaszt. Eddig.<\/p>\n<p>A t\u00f6rt\u00e9nelmi menetet Christina Birch, 11-szeres orsz\u00e1gos p\u00e1lyaker\u00e9kp\u00e1r-bajnok \u00e9s egyben Lambie partnere filmezte, \u00e9s a Zipp Speed, Ashton szponzora k\u00f6zvet\u00edtette \u00e9l\u0151 ad\u00e1sban. A vide\u00f3 <a href=\"https:\/\/www.instagram.com\/p\/CSun2Ysp4j3\/\">itt tekinthet\u0151<\/a> <a href=\"https:\/\/www.instagram.com\/p\/CSun2Ysp4j3\/\">meg<\/a>!<\/p>\n<p>Birch v\u00e9gig komment\u00e1lta az utat, \u00e9s betekint\u00e9st adott az el\u0151k\u00e9sz\u00fcletekbe is. Hogy mit reggelizett Lambie a megm\u00e9rettet\u00e9s el\u0151tt? G\u00f6r\u00f6g joghurtot granol\u00e1val! Miel\u0151tt belev\u00e1gott volna, m\u00e9g \u00e1ll\u00edtott az \u00fcl\u00e9s\u00e9n, ami igen kock\u00e1zatos tett egy ilyen fontos \u00fat el\u0151tt.<\/p>\n<figure id=\"attachment_12501\" aria-describedby=\"caption-attachment-12501\" style=\"width: 980px\" class=\"wp-caption alignnone\"><a href=\"https:\/\/d2p6e6u75xmxt8.cloudfront.net\/12\/2021\/09\/track-nats-2017-aw-2-1556202424.jpg\"><img loading=\"lazy\" decoding=\"async\" class=\"size-full wp-image-12501\" src=\"https:\/\/d2p6e6u75xmxt8.cloudfront.net\/12\/2021\/09\/track-nats-2017-aw-2-1556202424.jpg\" alt=\"\" width=\"980\" height=\"653\" srcset=\"https:\/\/d2p6e6u75xmxt8.cloudfront.net\/12\/2021\/09\/track-nats-2017-aw-2-1556202424.jpg 980w, https:\/\/d2p6e6u75xmxt8.cloudfront.net\/12\/2021\/09\/track-nats-2017-aw-2-1556202424-300x200.jpg 300w, https:\/\/d2p6e6u75xmxt8.cloudfront.net\/12\/2021\/09\/track-nats-2017-aw-2-1556202424-768x512.jpg 768w, https:\/\/d2p6e6u75xmxt8.cloudfront.net\/12\/2021\/09\/track-nats-2017-aw-2-1556202424-272x182.jpg 272w\" sizes=\"auto, (max-width: 980px) 100vw, 980px\" \/><\/a><figcaption id=\"caption-attachment-12501\" class=\"wp-caption-text\">Fot\u00f3: Andrew Owen White<\/figcaption><\/figure>\n<p>A nebraskai sz\u00fclet\u00e9s\u0171 ker\u00e9kp\u00e1ros randonneurk\u00e9nt kezdte karrierj\u00e9t. Ez a mozgalom a hossz\u00fa t\u00e1v\u00fa ker\u00e9kp\u00e1ros teljes\u00edtm\u00e9nyt\u00far\u00e1z\u00e1st takarja, mely sor\u00e1n lehetetlennek t\u0171n\u0151 kih\u00edv\u00e1sokkal kell megk\u00fczdeni\u00fck a r\u00e9sztvev\u0151knek, legal\u00e1bb 200 km-en \u00e1t. K\u00e9s\u0151bb belev\u00e1gott a p\u00e1lyaker\u00e9kp\u00e1roz\u00e1sba \u00e9s \u00fajabb \u00e9s \u00fajabb rekordokat d\u00f6nt\u00f6tt meg, ami azt jelzi, hogy megtal\u00e1lta benne a sz\u00e1m\u00edt\u00e1sait. K\u00edv\u00e1ncsian v\u00e1rjuk a k\u00f6vetkez\u0151 emberfeletti cs\u00facsot!<\/p>\n<p><em>Forr\u00e1s: <\/em><a href=\"https:\/\/www.bicycling.com\/news\/a37342148\/ashton-lambie-breaks-four-minutes-in-4000-meter-individual-pursuit-world-record\/\"><em>bicycling.com<\/em><\/a><br \/>\n<em>Bor\u00edt\u00f3k\u00e9p: Andrew Owen White<\/em><\/p>\n","protected":false},"excerpt":{"rendered":"<p>A ker\u00e9kp\u00e1ros vil\u00e1g visszafojtott l\u00e9legzettel figyelte Ashton Lambie-t augusztus 18-\u00e1n, amikor megpr\u00f3b\u00e1lta fel\u00fclm\u00falni Filippo Ganna 4:01,934 perces rekordj\u00e1t. \u00c9s siker\u00fclt [&hellip;]<\/p>\n","protected":false},"author":71,"featured_media":12500,"comment_status":"closed","ping_status":"closed","sticky":false,"template":"","format":"standard","meta":{"footnotes":""},"categories":[12],"tags":[],"global-categories":[],"class_list":["post-12499","post","type-post","status-publish","format-standard","has-post-thumbnail","hentry","category-kozosseg-es-kultura"],"yoast_head":"<!-- This site is optimized with the Yoast SEO Premium plugin v25.3 (Yoast SEO v25.9) - https:\/\/yoast.com\/wordpress\/plugins\/seo\/ -->\n<title>Rekord: Ashton Lambie \u00e1tt\u00f6rte a 4 perces hat\u00e1rt 4000 m\u00e9teren<\/title>\n<meta name=\"description\" content=\"A ker\u00e9kp\u00e1ros vil\u00e1g visszafojtott l\u00e9legzettel figyelte Ashton Lambie-t augusztus 18-\u00e1n, amikor megpr\u00f3b\u00e1lta fel\u00fclm\u00falni Filippo Ganna 4:01,934 perces rekordj\u00e1t. \u00c9s siker\u00fclt neki!\" \/>\n<meta name=\"robots\" content=\"index, follow, max-snippet:-1, max-image-preview:large, max-video-preview:-1\" \/>\n<link rel=\"canonical\" href=\"https:\/\/www.welovecycling.com\/hu\/kozosseg-es-kultura\/rekord-ashton-lambie-attorte-a-4-perces-hatart-4000-meteren\/\" \/>\n<meta property=\"og:locale\" content=\"hu_HU\" \/>\n<meta property=\"og:type\" content=\"article\" \/>\n<meta property=\"og:title\" content=\"Rekord: Ashton Lambie \u00e1tt\u00f6rte a 4 perces hat\u00e1rt 4000 m\u00e9teren\" \/>\n<meta property=\"og:description\" content=\"A ker\u00e9kp\u00e1ros vil\u00e1g visszafojtott l\u00e9legzettel figyelte Ashton Lambie-t augusztus 18-\u00e1n, amikor megpr\u00f3b\u00e1lta fel\u00fclm\u00falni Filippo Ganna 4:01,934 perces rekordj\u00e1t. \u00c9s siker\u00fclt neki!\" \/>\n<meta property=\"og:url\" content=\"https:\/\/www.welovecycling.com\/hu\/kozosseg-es-kultura\/rekord-ashton-lambie-attorte-a-4-perces-hatart-4000-meteren\/\" \/>\n<meta property=\"og:site_name\" content=\"\u0160koda We Love Cycling - Magyarorsz\u00e1g\" \/>\n<meta property=\"article:publisher\" content=\"https:\/\/www.facebook.com\/WeLoveCyclingHungary\/\" \/>\n<meta property=\"article:published_time\" content=\"2021-09-25T06:00:21+00:00\" \/>\n<meta property=\"article:modified_time\" content=\"2021-09-27T08:13:23+00:00\" \/>\n<meta property=\"og:image\" content=\"https:\/\/d2p6e6u75xmxt8.cloudfront.net\/12\/2021\/09\/wlc_rekord_09-min.png\" \/>\n\t<meta property=\"og:image:width\" content=\"1456\" \/>\n\t<meta property=\"og:image:height\" content=\"886\" \/>\n\t<meta property=\"og:image:type\" content=\"image\/png\" \/>\n<meta name=\"author\" content=\"hegyizs\" \/>\n<meta name=\"twitter:card\" content=\"summary_large_image\" \/>\n<meta name=\"twitter:label1\" content=\"Written by\" \/>\n\t<meta name=\"twitter:data1\" content=\"WLC\" \/>\n\t<meta name=\"twitter:label2\" content=\"Est. reading time\" \/>\n\t<meta name=\"twitter:data2\" content=\"2 minutes\" \/>\n<script type=\"application\/ld+json\" class=\"yoast-schema-graph\">{\"@context\":\"https:\/\/schema.org\",\"@graph\":[{\"@type\":\"WebPage\",\"@id\":\"https:\/\/www.welovecycling.com\/hu\/kozosseg-es-kultura\/rekord-ashton-lambie-attorte-a-4-perces-hatart-4000-meteren\/\",\"url\":\"https:\/\/www.welovecycling.com\/hu\/kozosseg-es-kultura\/rekord-ashton-lambie-attorte-a-4-perces-hatart-4000-meteren\/\",\"name\":\"Rekord: Ashton Lambie \u00e1tt\u00f6rte a 4 perces hat\u00e1rt 4000 m\u00e9teren\",\"isPartOf\":{\"@id\":\"https:\/\/www.welovecycling.com\/hu\/#website\"},\"primaryImageOfPage\":{\"@id\":\"https:\/\/www.welovecycling.com\/hu\/kozosseg-es-kultura\/rekord-ashton-lambie-attorte-a-4-perces-hatart-4000-meteren\/#primaryimage\"},\"image\":{\"@id\":\"https:\/\/www.welovecycling.com\/hu\/kozosseg-es-kultura\/rekord-ashton-lambie-attorte-a-4-perces-hatart-4000-meteren\/#primaryimage\"},\"thumbnailUrl\":\"https:\/\/d2p6e6u75xmxt8.cloudfront.net\/12\/2021\/09\/wlc_rekord_09-min.png\",\"datePublished\":\"2021-09-25T06:00:21+00:00\",\"dateModified\":\"2021-09-27T08:13:23+00:00\",\"author\":{\"@id\":\"https:\/\/www.welovecycling.com\/hu\/#\/schema\/person\/414a2aebf1801691a5320edb6468e194\"},\"description\":\"A ker\u00e9kp\u00e1ros vil\u00e1g visszafojtott l\u00e9legzettel figyelte Ashton Lambie-t augusztus 18-\u00e1n, amikor megpr\u00f3b\u00e1lta fel\u00fclm\u00falni Filippo Ganna 4:01,934 perces rekordj\u00e1t. \u00c9s siker\u00fclt neki!\",\"breadcrumb\":{\"@id\":\"https:\/\/www.welovecycling.com\/hu\/kozosseg-es-kultura\/rekord-ashton-lambie-attorte-a-4-perces-hatart-4000-meteren\/#breadcrumb\"},\"inLanguage\":\"hu\",\"potentialAction\":[{\"@type\":\"ReadAction\",\"target\":[\"https:\/\/www.welovecycling.com\/hu\/kozosseg-es-kultura\/rekord-ashton-lambie-attorte-a-4-perces-hatart-4000-meteren\/\"]}]},{\"@type\":\"ImageObject\",\"inLanguage\":\"hu\",\"@id\":\"https:\/\/www.welovecycling.com\/hu\/kozosseg-es-kultura\/rekord-ashton-lambie-attorte-a-4-perces-hatart-4000-meteren\/#primaryimage\",\"url\":\"https:\/\/d2p6e6u75xmxt8.cloudfront.net\/12\/2021\/09\/wlc_rekord_09-min.png\",\"contentUrl\":\"https:\/\/d2p6e6u75xmxt8.cloudfront.net\/12\/2021\/09\/wlc_rekord_09-min.png\",\"width\":1456,\"height\":886},{\"@type\":\"BreadcrumbList\",\"@id\":\"https:\/\/www.welovecycling.com\/hu\/kozosseg-es-kultura\/rekord-ashton-lambie-attorte-a-4-perces-hatart-4000-meteren\/#breadcrumb\",\"itemListElement\":[{\"@type\":\"ListItem\",\"position\":1,\"name\":\"Home\",\"item\":\"https:\/\/www.welovecycling.com\/hu\/\"},{\"@type\":\"ListItem\",\"position\":2,\"name\":\"Rekord: Ashton Lambie \u00e1tt\u00f6rte a 4 perces hat\u00e1rt 4000 m\u00e9teren\"}]},{\"@type\":\"WebSite\",\"@id\":\"https:\/\/www.welovecycling.com\/hu\/#website\",\"url\":\"https:\/\/www.welovecycling.com\/hu\/\",\"name\":\"\u0160koda We Love Cycling - Magyarorsz\u00e1g\",\"description\":\"\u0160koda WeLoveCycling\",\"potentialAction\":[{\"@type\":\"SearchAction\",\"target\":{\"@type\":\"EntryPoint\",\"urlTemplate\":\"https:\/\/www.welovecycling.com\/hu\/?s={search_term_string}\"},\"query-input\":{\"@type\":\"PropertyValueSpecification\",\"valueRequired\":true,\"valueName\":\"search_term_string\"}}],\"inLanguage\":\"hu\"},{\"@type\":\"Person\",\"@id\":\"https:\/\/www.welovecycling.com\/hu\/#\/schema\/person\/414a2aebf1801691a5320edb6468e194\",\"name\":\"hegyizs\",\"image\":{\"@type\":\"ImageObject\",\"inLanguage\":\"hu\",\"@id\":\"https:\/\/www.welovecycling.com\/hu\/#\/schema\/person\/image\/\",\"url\":\"https:\/\/secure.gravatar.com\/avatar\/02cf8a7906b8cf90cecb4679defac7cfd33a1c2e3b88e4903d947f3bb58eedd3?s=96&d=mm&r=g\",\"contentUrl\":\"https:\/\/secure.gravatar.com\/avatar\/02cf8a7906b8cf90cecb4679defac7cfd33a1c2e3b88e4903d947f3bb58eedd3?s=96&d=mm&r=g\",\"caption\":\"hegyizs\"},\"url\":\"https:\/\/www.welovecycling.com\/hu\/author\/hegyizs\/\"}]}<\/script>\n<!-- \/ Yoast SEO Premium plugin. -->","yoast_head_json":{"title":"Rekord: Ashton Lambie \u00e1tt\u00f6rte a 4 perces hat\u00e1rt 4000 m\u00e9teren","description":"A ker\u00e9kp\u00e1ros vil\u00e1g visszafojtott l\u00e9legzettel figyelte Ashton Lambie-t augusztus 18-\u00e1n, amikor megpr\u00f3b\u00e1lta fel\u00fclm\u00falni Filippo Ganna 4:01,934 perces rekordj\u00e1t. \u00c9s siker\u00fclt neki!","robots":{"index":"index","follow":"follow","max-snippet":"max-snippet:-1","max-image-preview":"max-image-preview:large","max-video-preview":"max-video-preview:-1"},"canonical":"https:\/\/www.welovecycling.com\/hu\/kozosseg-es-kultura\/rekord-ashton-lambie-attorte-a-4-perces-hatart-4000-meteren\/","og_locale":"hu_HU","og_type":"article","og_title":"Rekord: Ashton Lambie \u00e1tt\u00f6rte a 4 perces hat\u00e1rt 4000 m\u00e9teren","og_description":"A ker\u00e9kp\u00e1ros vil\u00e1g visszafojtott l\u00e9legzettel figyelte Ashton Lambie-t augusztus 18-\u00e1n, amikor megpr\u00f3b\u00e1lta fel\u00fclm\u00falni Filippo Ganna 4:01,934 perces rekordj\u00e1t. \u00c9s siker\u00fclt neki!","og_url":"https:\/\/www.welovecycling.com\/hu\/kozosseg-es-kultura\/rekord-ashton-lambie-attorte-a-4-perces-hatart-4000-meteren\/","og_site_name":"\u0160koda We Love Cycling - Magyarorsz\u00e1g","article_publisher":"https:\/\/www.facebook.com\/WeLoveCyclingHungary\/","article_published_time":"2021-09-25T06:00:21+00:00","article_modified_time":"2021-09-27T08:13:23+00:00","og_image":[{"width":1456,"height":886,"url":"https:\/\/d2p6e6u75xmxt8.cloudfront.net\/12\/2021\/09\/wlc_rekord_09-min.png","type":"image\/png"}],"author":"hegyizs","twitter_card":"summary_large_image","twitter_misc":{"Written by":"WLC","Est. reading time":"2 minutes"},"schema":{"@context":"https:\/\/schema.org","@graph":[{"@type":"WebPage","@id":"https:\/\/www.welovecycling.com\/hu\/kozosseg-es-kultura\/rekord-ashton-lambie-attorte-a-4-perces-hatart-4000-meteren\/","url":"https:\/\/www.welovecycling.com\/hu\/kozosseg-es-kultura\/rekord-ashton-lambie-attorte-a-4-perces-hatart-4000-meteren\/","name":"Rekord: Ashton Lambie \u00e1tt\u00f6rte a 4 perces hat\u00e1rt 4000 m\u00e9teren","isPartOf":{"@id":"https:\/\/www.welovecycling.com\/hu\/#website"},"primaryImageOfPage":{"@id":"https:\/\/www.welovecycling.com\/hu\/kozosseg-es-kultura\/rekord-ashton-lambie-attorte-a-4-perces-hatart-4000-meteren\/#primaryimage"},"image":{"@id":"https:\/\/www.welovecycling.com\/hu\/kozosseg-es-kultura\/rekord-ashton-lambie-attorte-a-4-perces-hatart-4000-meteren\/#primaryimage"},"thumbnailUrl":"https:\/\/d2p6e6u75xmxt8.cloudfront.net\/12\/2021\/09\/wlc_rekord_09-min.png","datePublished":"2021-09-25T06:00:21+00:00","dateModified":"2021-09-27T08:13:23+00:00","author":{"@id":"https:\/\/www.welovecycling.com\/hu\/#\/schema\/person\/414a2aebf1801691a5320edb6468e194"},"description":"A ker\u00e9kp\u00e1ros vil\u00e1g visszafojtott l\u00e9legzettel figyelte Ashton Lambie-t augusztus 18-\u00e1n, amikor megpr\u00f3b\u00e1lta fel\u00fclm\u00falni Filippo Ganna 4:01,934 perces rekordj\u00e1t. \u00c9s siker\u00fclt neki!","breadcrumb":{"@id":"https:\/\/www.welovecycling.com\/hu\/kozosseg-es-kultura\/rekord-ashton-lambie-attorte-a-4-perces-hatart-4000-meteren\/#breadcrumb"},"inLanguage":"hu","potentialAction":[{"@type":"ReadAction","target":["https:\/\/www.welovecycling.com\/hu\/kozosseg-es-kultura\/rekord-ashton-lambie-attorte-a-4-perces-hatart-4000-meteren\/"]}]},{"@type":"ImageObject","inLanguage":"hu","@id":"https:\/\/www.welovecycling.com\/hu\/kozosseg-es-kultura\/rekord-ashton-lambie-attorte-a-4-perces-hatart-4000-meteren\/#primaryimage","url":"https:\/\/d2p6e6u75xmxt8.cloudfront.net\/12\/2021\/09\/wlc_rekord_09-min.png","contentUrl":"https:\/\/d2p6e6u75xmxt8.cloudfront.net\/12\/2021\/09\/wlc_rekord_09-min.png","width":1456,"height":886},{"@type":"BreadcrumbList","@id":"https:\/\/www.welovecycling.com\/hu\/kozosseg-es-kultura\/rekord-ashton-lambie-attorte-a-4-perces-hatart-4000-meteren\/#breadcrumb","itemListElement":[{"@type":"ListItem","position":1,"name":"Home","item":"https:\/\/www.welovecycling.com\/hu\/"},{"@type":"ListItem","position":2,"name":"Rekord: Ashton Lambie \u00e1tt\u00f6rte a 4 perces hat\u00e1rt 4000 m\u00e9teren"}]},{"@type":"WebSite","@id":"https:\/\/www.welovecycling.com\/hu\/#website","url":"https:\/\/www.welovecycling.com\/hu\/","name":"\u0160koda We Love Cycling - Magyarorsz\u00e1g","description":"\u0160koda WeLoveCycling","potentialAction":[{"@type":"SearchAction","target":{"@type":"EntryPoint","urlTemplate":"https:\/\/www.welovecycling.com\/hu\/?s={search_term_string}"},"query-input":{"@type":"PropertyValueSpecification","valueRequired":true,"valueName":"search_term_string"}}],"inLanguage":"hu"},{"@type":"Person","@id":"https:\/\/www.welovecycling.com\/hu\/#\/schema\/person\/414a2aebf1801691a5320edb6468e194","name":"hegyizs","image":{"@type":"ImageObject","inLanguage":"hu","@id":"https:\/\/www.welovecycling.com\/hu\/#\/schema\/person\/image\/","url":"https:\/\/secure.gravatar.com\/avatar\/02cf8a7906b8cf90cecb4679defac7cfd33a1c2e3b88e4903d947f3bb58eedd3?s=96&d=mm&r=g","contentUrl":"https:\/\/secure.gravatar.com\/avatar\/02cf8a7906b8cf90cecb4679defac7cfd33a1c2e3b88e4903d947f3bb58eedd3?s=96&d=mm&r=g","caption":"hegyizs"},"url":"https:\/\/www.welovecycling.com\/hu\/author\/hegyizs\/"}]}},"_links":{"self":[{"href":"https:\/\/www.welovecycling.com\/hu\/wp-json\/wp\/v2\/posts\/12499","targetHints":{"allow":["GET"]}}],"collection":[{"href":"https:\/\/www.welovecycling.com\/hu\/wp-json\/wp\/v2\/posts"}],"about":[{"href":"https:\/\/www.welovecycling.com\/hu\/wp-json\/wp\/v2\/types\/post"}],"author":[{"embeddable":true,"href":"https:\/\/www.welovecycling.com\/hu\/wp-json\/wp\/v2\/users\/71"}],"replies":[{"embeddable":true,"href":"https:\/\/www.welovecycling.com\/hu\/wp-json\/wp\/v2\/comments?post=12499"}],"version-history":[{"count":1,"href":"https:\/\/www.welovecycling.com\/hu\/wp-json\/wp\/v2\/posts\/12499\/revisions"}],"predecessor-version":[{"id":12502,"href":"https:\/\/www.welovecycling.com\/hu\/wp-json\/wp\/v2\/posts\/12499\/revisions\/12502"}],"wp:featuredmedia":[{"embeddable":true,"href":"https:\/\/www.welovecycling.com\/hu\/wp-json\/wp\/v2\/media\/12500"}],"wp:attachment":[{"href":"https:\/\/www.welovecycling.com\/hu\/wp-json\/wp\/v2\/media?parent=12499"}],"wp:term":[{"taxonomy":"category","embeddable":true,"href":"https:\/\/www.welovecycling.com\/hu\/wp-json\/wp\/v2\/categories?post=12499"},{"taxonomy":"post_tag","embeddable":true,"href":"https:\/\/www.welovecycling.com\/hu\/wp-json\/wp\/v2\/tags?post=12499"},{"taxonomy":"global-categories","embeddable":true,"href":"https:\/\/www.welovecycling.com\/hu\/wp-json\/wp\/v2\/global-categories?post=12499"}],"curies":[{"name":"wp","href":"https:\/\/api.w.org\/{rel}","templated":true}]}}