{"id":12490,"date":"2021-09-24T08:00:22","date_gmt":"2021-09-24T06:00:22","guid":{"rendered":"https:\/\/www.welovecycling.com\/hu\/?p=12490"},"modified":"2021-09-17T15:01:08","modified_gmt":"2021-09-17T13:01:08","slug":"termoplasztikus-sisakok-12-kal-kisebb-serulesek-ez-az-elium","status":"publish","type":"post","link":"https:\/\/www.welovecycling.com\/hu\/kozosseg-es-kultura\/termoplasztikus-sisakok-12-kal-kisebb-serulesek-ez-az-elium\/","title":{"rendered":"Termoplasztikus sisakok, 12%-kal kisebb s\u00e9r\u00fcl\u00e9sek: ez az Elium"},"content":{"rendered":"<p><strong>Az Elium nev\u0171 anyag egy \u00faj, kem\u00e9nyebb \u00e9s biztons\u00e1gosabb alapja a buk\u00f3sisakoknak, mely nagym\u00e9rt\u00e9kben elnyeli az energi\u00e1t, \u00edgy seg\u00edt cs\u00f6kkenteni az \u00fctk\u00f6z\u00e9s sor\u00e1n a fejre val\u00f3 hat\u00e1st. Egy \u00faj tanulm\u00e1ny szerint ennek jelent\u0151sen cs\u00f6kkentenie kell a s\u00falyos s\u00e9r\u00fcl\u00e9seket.<\/strong><\/p>\n<p><!--more--><\/p>\n<p>A szingap\u00fari Nanyang Technol\u00f3giai Egyetem kutat\u00f3i, a francia k\u00fcl\u00f6nleges anyagok szak\u00e9rt\u0151j\u00e9vel, az Arkem\u00e1val egy\u00fcttm\u0171k\u00f6dve kem\u00e9nyebb \u00e9s biztons\u00e1gosabb ker\u00e9kp\u00e1ros sisakot fejlesztettek ki. Megalkott\u00e1k a kompozit sisakot, amelynek k\u00fcls\u0151 burkolata els\u0151sorban az \u00faj t\u00edpus\u00fa, Elium\u00ae nev\u0171, h\u0151re l\u00e1gyul\u00f3 m\u0171anyagb\u00f3l k\u00e9sz\u00fclt, sz\u00e9nsz\u00e1llal meger\u0151s\u00edtve.<\/p>\n<p><em>\u201eAz Arkem\u00e1val val\u00f3 partners\u00e9g\u00fcnket az a v\u00e1gy hajtja, hogy \u00faj t\u00edpus\u00fa sisakot fejlessz\u00fcnk ki, amely er\u0151sebb \u00e9s biztons\u00e1gosabb a ker\u00e9kp\u00e1rosok sz\u00e1m\u00e1ra\u201d<\/em> &#8211; mondta Kah Fai Leong.<\/p>\n<div class=\"embed-controller-wrapper\">\n<div class=\"embed-wrapper\"><iframe title=\"Tougher, safer helmets for cyclists made by NTU Singapore scientists and Arkema\" width=\"500\" height=\"281\" data-src=\"https:\/\/www.youtube.com\/embed\/2hWTgrbDM3w?feature=oembed\" frameborder=\"0\" allow=\"accelerometer; autoplay; clipboard-write; encrypted-media; gyroscope; picture-in-picture; web-share\" referrerpolicy=\"strict-origin-when-cross-origin\" allowfullscreen><\/iframe><\/div>\n<\/div>\n<h2><strong>40%-kal kisebb \u00fct\u00e9s, mint egy hagyom\u00e1nyos sisakn\u00e1l<\/strong><\/h2>\n<p>A tanulm\u00e1ny szerint az \u00faj Elium k\u00fcls\u0151 burkolat a tesztek sor\u00e1n az \u00fct\u00e9senergia t\u00f6bb mint 50% -\u00e1t elnyelte, \u00edgy a bels\u0151 r\u00e9tegnek m\u00e1r csak a fennmarad\u00f3 35% -ot kell. Ez k\u00f6r\u00fclbel\u00fcl 40% -kal kevesebb egy hagyom\u00e1nyos sisakokhoz k\u00e9pest.<\/p>\n<p><em>\u201eMin\u00e9l nagyobb r\u00e9sz\u00e9t nyeli el az \u00fct\u00e9snek a k\u00fcls\u0151 burkolat, ann\u00e1l kevesebb jut el a szivacshoz, \u00edgy kisebb a fejet \u00e9r\u0151 hat\u00e1s. Egy \u00e1tlagos sisak eset\u00e9ben, k\u00f6r\u00fclbel\u00fcl az energia 75%-a jut el a bels\u0151 szivacsig. Ez nem t\u00fal ide\u00e1lis, hiszen ez a r\u00e9teg k\u00f6zvetlen\u00fcl \u00e9rintkezik az ember fej\u00e9vel\u201d<\/em> \u2013 mondta Dr. Somen K. Bhudolia.<\/p>\n<h2><strong>Kevesebb s\u00falyos \u00e9s hal\u00e1los s\u00e9r\u00fcl\u00e9s<\/strong><\/h2>\n<p>A tesztek azt is kimutatt\u00e1k, hogy a s\u00e9r\u00fcl\u00e9sek s\u00falyoss\u00e1g\u00e1ban nagy szerepe van a sisaknak. A hagyom\u00e1nyos fejv\u00e9d\u0151k eset\u00e9ben a s\u00falyos s\u00e9r\u00fcl\u00e9sek ar\u00e1nya 28,7%, a hal\u00e1loz\u00e1si ar\u00e1ny pedig 6%, m\u00edg az Elium sisakn\u00e1l ez 16,7%-ra, illetve 3%-ra cs\u00f6kken.<\/p>\n<div class=\"embed-controller-wrapper\">\n<blockquote class=\"twitter-tweet\" data-width=\"500\" data-dnt=\"true\">\n<p lang=\"en\" dir=\"ltr\">Tough bicycle helmet made from <a href=\"https:\/\/twitter.com\/hashtag\/CompositeMaterials?src=hash&amp;ref_src=twsrc%5Etfw\">#CompositeMaterials<\/a> can better protect cyclists<a href=\"https:\/\/twitter.com\/NTUsg?ref_src=twsrc%5Etfw\">@NTUsg<\/a><br \/>@Arkema <a href=\"https:\/\/twitter.com\/hashtag\/France?src=hash&amp;ref_src=twsrc%5Etfw\">#France<\/a><\/p>\n<p>LetsTalkCity <a href=\"https:\/\/twitter.com\/hashtag\/Singapore?src=hash&amp;ref_src=twsrc%5Etfw\">#Singapore<\/a> <a href=\"https:\/\/twitter.com\/hashtag\/Cycling?src=hash&amp;ref_src=twsrc%5Etfw\">#Cycling<\/a> <a href=\"https:\/\/twitter.com\/hashtag\/Helmet?src=hash&amp;ref_src=twsrc%5Etfw\">#Helmet<\/a> <a href=\"https:\/\/twitter.com\/hashtag\/Elium?src=hash&amp;ref_src=twsrc%5Etfw\">#Elium<\/a> <a href=\"https:\/\/twitter.com\/hashtag\/CarbonFibre?src=hash&amp;ref_src=twsrc%5Etfw\">#CarbonFibre<\/a> <a href=\"https:\/\/t.co\/FDsRuuh3AW\">https:\/\/t.co\/FDsRuuh3AW<\/a><a href=\"https:\/\/twitter.com\/hashtag\/SoutheastAsia?src=hash&amp;ref_src=twsrc%5Etfw\">#SoutheastAsia<\/a> <a href=\"https:\/\/t.co\/YyMo3eE44N\">pic.twitter.com\/YyMo3eE44N<\/a><\/p>\n<p>&mdash; Let&#39;s Talk Singapore (@LetsTalkSG) <a href=\"https:\/\/twitter.com\/LetsTalkSG\/status\/1418382202287497218?ref_src=twsrc%5Etfw\">July 23, 2021<\/a><\/p><\/blockquote>\n<p><script async data-src=\"https:\/\/platform.twitter.com\/widgets.js\" charset=\"utf-8\"><\/script><\/div>\n<p><em>\u201eA r\u00e9szletes tesztek szerint nagy potenci\u00e1l rejlik ebben a kompozitanyagban, \u00e9s a hagyom\u00e1nyos buk\u00f3sisakok \u00e9letk\u00e9pes alternat\u00edv\u00e1ja lehet a felhaszn\u00e1l\u00e1s\u00e1val k\u00e9sz\u00fclt verzi\u00f3\u201d<\/em> \u2013 z\u00e1rt\u00e1k a szerz\u0151k a tanulm\u00e1nyt.<\/p>\n<h2><strong>Hasonl\u00f3 \u00e1r \u00e9s hasonl\u00f3 s\u00faly<\/strong><\/h2>\n<p>A hagyom\u00e1nyos polikarbon\u00e1t sisak k\u00fcls\u0151 burkolata k\u00f6r\u00fclbel\u00fcl 116 g, \u00f6sszt\u00f6mege 230 g. A kutat\u00f3k szerint az Elium-sisak s\u00falya a bor\u00edt\u00e1s eset\u00e9ben 155 g, \u00f6sszesen 265,2 g. Azt is hozz\u00e1tett\u00e9k, hogy az \u00faj t\u00edpus\u00fa sisak \u00e1ra val\u00f3sz\u00edn\u0171leg 100-150 doll\u00e1r k\u00f6z\u00f6tt mozog. Nagyj\u00e1b\u00f3l ennyit fizetn\u00e9l most is egy j\u00f3 min\u0151s\u00e9gi ker\u00e9kp\u00e1ros sisak\u00e9rt.<\/p>\n","protected":false},"excerpt":{"rendered":"<p>Az Elium nev\u0171 anyag egy \u00faj, kem\u00e9nyebb \u00e9s biztons\u00e1gosabb alapja a buk\u00f3sisakoknak, mely nagym\u00e9rt\u00e9kben elnyeli az energi\u00e1t, \u00edgy seg\u00edt cs\u00f6kkenteni [&hellip;]<\/p>\n","protected":false},"author":71,"featured_media":12493,"comment_status":"closed","ping_status":"closed","sticky":false,"template":"","format":"standard","meta":{"footnotes":""},"categories":[12],"tags":[],"global-categories":[],"class_list":["post-12490","post","type-post","status-publish","format-standard","has-post-thumbnail","hentry","category-kozosseg-es-kultura"],"yoast_head":"<!-- This site is optimized with the Yoast SEO Premium plugin v25.3 (Yoast SEO v25.9) - https:\/\/yoast.com\/wordpress\/plugins\/seo\/ -->\n<title>Termoplasztikus sisakok, 12%-kal kisebb s\u00e9r\u00fcl\u00e9sek: ez az Elium<\/title>\n<meta name=\"description\" content=\"Az Elium nev\u0171 anyag egy \u00faj, kem\u00e9nyebb \u00e9s biztons\u00e1gosabb alapja a buk\u00f3sisakoknak, mely nagym\u00e9rt\u00e9kben elnyeli az energi\u00e1t, \u00edgy seg\u00edt cs\u00f6kkenteni az \u00fctk\u00f6z\u00e9s sor\u00e1n a fejre val\u00f3 hat\u00e1st. Egy \u00faj tanulm\u00e1ny szerint ennek jelent\u0151sen cs\u00f6kkentenie kell a s\u00falyos s\u00e9r\u00fcl\u00e9seket.\" \/>\n<meta name=\"robots\" content=\"index, follow, max-snippet:-1, max-image-preview:large, max-video-preview:-1\" \/>\n<link rel=\"canonical\" href=\"https:\/\/www.welovecycling.com\/hu\/kozosseg-es-kultura\/termoplasztikus-sisakok-12-kal-kisebb-serulesek-ez-az-elium\/\" \/>\n<meta property=\"og:locale\" content=\"hu_HU\" \/>\n<meta property=\"og:type\" content=\"article\" \/>\n<meta property=\"og:title\" content=\"Termoplasztikus sisakok, 12%-kal kisebb s\u00e9r\u00fcl\u00e9sek: ez az Elium\" \/>\n<meta property=\"og:description\" content=\"Az Elium nev\u0171 anyag egy \u00faj, kem\u00e9nyebb \u00e9s biztons\u00e1gosabb alapja a buk\u00f3sisakoknak, mely nagym\u00e9rt\u00e9kben elnyeli az energi\u00e1t, \u00edgy seg\u00edt cs\u00f6kkenteni az \u00fctk\u00f6z\u00e9s sor\u00e1n a fejre val\u00f3 hat\u00e1st. Egy \u00faj tanulm\u00e1ny szerint ennek jelent\u0151sen cs\u00f6kkentenie kell a s\u00falyos s\u00e9r\u00fcl\u00e9seket.\" \/>\n<meta property=\"og:url\" content=\"https:\/\/www.welovecycling.com\/hu\/kozosseg-es-kultura\/termoplasztikus-sisakok-12-kal-kisebb-serulesek-ez-az-elium\/\" \/>\n<meta property=\"og:site_name\" content=\"\u0160koda We Love Cycling - Magyarorsz\u00e1g\" \/>\n<meta property=\"article:publisher\" content=\"https:\/\/www.facebook.com\/WeLoveCyclingHungary\/\" \/>\n<meta property=\"article:published_time\" content=\"2021-09-24T06:00:22+00:00\" \/>\n<meta property=\"og:image\" content=\"https:\/\/d2p6e6u75xmxt8.cloudfront.net\/12\/2021\/09\/Cyclists-blurred-profimedia-0338609013-CVR.jpg\" \/>\n\t<meta property=\"og:image:width\" content=\"1366\" \/>\n\t<meta property=\"og:image:height\" content=\"600\" \/>\n\t<meta property=\"og:image:type\" content=\"image\/jpeg\" \/>\n<meta name=\"author\" content=\"hegyizs\" \/>\n<meta name=\"twitter:card\" content=\"summary_large_image\" \/>\n<meta name=\"twitter:label1\" content=\"Written by\" \/>\n\t<meta name=\"twitter:data1\" content=\"Jiri Kaloc\" \/>\n\t<meta name=\"twitter:label2\" content=\"Est. reading time\" \/>\n\t<meta name=\"twitter:data2\" content=\"5\" \/>\n<script type=\"application\/ld+json\" class=\"yoast-schema-graph\">{\"@context\":\"https:\/\/schema.org\",\"@graph\":[{\"@type\":\"WebPage\",\"@id\":\"https:\/\/www.welovecycling.com\/hu\/kozosseg-es-kultura\/termoplasztikus-sisakok-12-kal-kisebb-serulesek-ez-az-elium\/\",\"url\":\"https:\/\/www.welovecycling.com\/hu\/kozosseg-es-kultura\/termoplasztikus-sisakok-12-kal-kisebb-serulesek-ez-az-elium\/\",\"name\":\"Termoplasztikus sisakok, 12%-kal kisebb s\u00e9r\u00fcl\u00e9sek: ez az Elium\",\"isPartOf\":{\"@id\":\"https:\/\/www.welovecycling.com\/hu\/#website\"},\"primaryImageOfPage\":{\"@id\":\"https:\/\/www.welovecycling.com\/hu\/kozosseg-es-kultura\/termoplasztikus-sisakok-12-kal-kisebb-serulesek-ez-az-elium\/#primaryimage\"},\"image\":{\"@id\":\"https:\/\/www.welovecycling.com\/hu\/kozosseg-es-kultura\/termoplasztikus-sisakok-12-kal-kisebb-serulesek-ez-az-elium\/#primaryimage\"},\"thumbnailUrl\":\"https:\/\/d2p6e6u75xmxt8.cloudfront.net\/12\/2021\/09\/Cyclists-blurred-profimedia-0338609013-CVR.jpg\",\"datePublished\":\"2021-09-24T06:00:22+00:00\",\"author\":{\"@id\":\"https:\/\/www.welovecycling.com\/hu\/#\/schema\/person\/414a2aebf1801691a5320edb6468e194\"},\"description\":\"Az Elium nev\u0171 anyag egy \u00faj, kem\u00e9nyebb \u00e9s biztons\u00e1gosabb alapja a buk\u00f3sisakoknak, mely nagym\u00e9rt\u00e9kben elnyeli az energi\u00e1t, \u00edgy seg\u00edt cs\u00f6kkenteni az \u00fctk\u00f6z\u00e9s sor\u00e1n a fejre val\u00f3 hat\u00e1st. Egy \u00faj tanulm\u00e1ny szerint ennek jelent\u0151sen cs\u00f6kkentenie kell a s\u00falyos s\u00e9r\u00fcl\u00e9seket.\",\"breadcrumb\":{\"@id\":\"https:\/\/www.welovecycling.com\/hu\/kozosseg-es-kultura\/termoplasztikus-sisakok-12-kal-kisebb-serulesek-ez-az-elium\/#breadcrumb\"},\"inLanguage\":\"hu\",\"potentialAction\":[{\"@type\":\"ReadAction\",\"target\":[\"https:\/\/www.welovecycling.com\/hu\/kozosseg-es-kultura\/termoplasztikus-sisakok-12-kal-kisebb-serulesek-ez-az-elium\/\"]}]},{\"@type\":\"ImageObject\",\"inLanguage\":\"hu\",\"@id\":\"https:\/\/www.welovecycling.com\/hu\/kozosseg-es-kultura\/termoplasztikus-sisakok-12-kal-kisebb-serulesek-ez-az-elium\/#primaryimage\",\"url\":\"https:\/\/d2p6e6u75xmxt8.cloudfront.net\/12\/2021\/09\/Cyclists-blurred-profimedia-0338609013-CVR.jpg\",\"contentUrl\":\"https:\/\/d2p6e6u75xmxt8.cloudfront.net\/12\/2021\/09\/Cyclists-blurred-profimedia-0338609013-CVR.jpg\",\"width\":1366,\"height\":600,\"caption\":\"Cyclists\"},{\"@type\":\"BreadcrumbList\",\"@id\":\"https:\/\/www.welovecycling.com\/hu\/kozosseg-es-kultura\/termoplasztikus-sisakok-12-kal-kisebb-serulesek-ez-az-elium\/#breadcrumb\",\"itemListElement\":[{\"@type\":\"ListItem\",\"position\":1,\"name\":\"Home\",\"item\":\"https:\/\/www.welovecycling.com\/hu\/\"},{\"@type\":\"ListItem\",\"position\":2,\"name\":\"Termoplasztikus sisakok, 12%-kal kisebb s\u00e9r\u00fcl\u00e9sek: ez az Elium\"}]},{\"@type\":\"WebSite\",\"@id\":\"https:\/\/www.welovecycling.com\/hu\/#website\",\"url\":\"https:\/\/www.welovecycling.com\/hu\/\",\"name\":\"\u0160koda We Love Cycling - Magyarorsz\u00e1g\",\"description\":\"\u0160koda WeLoveCycling\",\"potentialAction\":[{\"@type\":\"SearchAction\",\"target\":{\"@type\":\"EntryPoint\",\"urlTemplate\":\"https:\/\/www.welovecycling.com\/hu\/?s={search_term_string}\"},\"query-input\":{\"@type\":\"PropertyValueSpecification\",\"valueRequired\":true,\"valueName\":\"search_term_string\"}}],\"inLanguage\":\"hu\"},{\"@type\":\"Person\",\"@id\":\"https:\/\/www.welovecycling.com\/hu\/#\/schema\/person\/414a2aebf1801691a5320edb6468e194\",\"name\":\"hegyizs\",\"image\":{\"@type\":\"ImageObject\",\"inLanguage\":\"hu\",\"@id\":\"https:\/\/www.welovecycling.com\/hu\/#\/schema\/person\/image\/\",\"url\":\"https:\/\/secure.gravatar.com\/avatar\/02cf8a7906b8cf90cecb4679defac7cfd33a1c2e3b88e4903d947f3bb58eedd3?s=96&d=mm&r=g\",\"contentUrl\":\"https:\/\/secure.gravatar.com\/avatar\/02cf8a7906b8cf90cecb4679defac7cfd33a1c2e3b88e4903d947f3bb58eedd3?s=96&d=mm&r=g\",\"caption\":\"hegyizs\"},\"url\":\"https:\/\/www.welovecycling.com\/hu\/author\/hegyizs\/\"}]}<\/script>\n<!-- \/ Yoast SEO Premium plugin. -->","yoast_head_json":{"title":"Termoplasztikus sisakok, 12%-kal kisebb s\u00e9r\u00fcl\u00e9sek: ez az Elium","description":"Az Elium nev\u0171 anyag egy \u00faj, kem\u00e9nyebb \u00e9s biztons\u00e1gosabb alapja a buk\u00f3sisakoknak, mely nagym\u00e9rt\u00e9kben elnyeli az energi\u00e1t, \u00edgy seg\u00edt cs\u00f6kkenteni az \u00fctk\u00f6z\u00e9s sor\u00e1n a fejre val\u00f3 hat\u00e1st. Egy \u00faj tanulm\u00e1ny szerint ennek jelent\u0151sen cs\u00f6kkentenie kell a s\u00falyos s\u00e9r\u00fcl\u00e9seket.","robots":{"index":"index","follow":"follow","max-snippet":"max-snippet:-1","max-image-preview":"max-image-preview:large","max-video-preview":"max-video-preview:-1"},"canonical":"https:\/\/www.welovecycling.com\/hu\/kozosseg-es-kultura\/termoplasztikus-sisakok-12-kal-kisebb-serulesek-ez-az-elium\/","og_locale":"hu_HU","og_type":"article","og_title":"Termoplasztikus sisakok, 12%-kal kisebb s\u00e9r\u00fcl\u00e9sek: ez az Elium","og_description":"Az Elium nev\u0171 anyag egy \u00faj, kem\u00e9nyebb \u00e9s biztons\u00e1gosabb alapja a buk\u00f3sisakoknak, mely nagym\u00e9rt\u00e9kben elnyeli az energi\u00e1t, \u00edgy seg\u00edt cs\u00f6kkenteni az \u00fctk\u00f6z\u00e9s sor\u00e1n a fejre val\u00f3 hat\u00e1st. Egy \u00faj tanulm\u00e1ny szerint ennek jelent\u0151sen cs\u00f6kkentenie kell a s\u00falyos s\u00e9r\u00fcl\u00e9seket.","og_url":"https:\/\/www.welovecycling.com\/hu\/kozosseg-es-kultura\/termoplasztikus-sisakok-12-kal-kisebb-serulesek-ez-az-elium\/","og_site_name":"\u0160koda We Love Cycling - Magyarorsz\u00e1g","article_publisher":"https:\/\/www.facebook.com\/WeLoveCyclingHungary\/","article_published_time":"2021-09-24T06:00:22+00:00","og_image":[{"width":1366,"height":600,"url":"https:\/\/d2p6e6u75xmxt8.cloudfront.net\/12\/2021\/09\/Cyclists-blurred-profimedia-0338609013-CVR.jpg","type":"image\/jpeg"}],"author":"hegyizs","twitter_card":"summary_large_image","twitter_misc":{"Written by":"Jiri Kaloc","Est. reading time":"5"},"schema":{"@context":"https:\/\/schema.org","@graph":[{"@type":"WebPage","@id":"https:\/\/www.welovecycling.com\/hu\/kozosseg-es-kultura\/termoplasztikus-sisakok-12-kal-kisebb-serulesek-ez-az-elium\/","url":"https:\/\/www.welovecycling.com\/hu\/kozosseg-es-kultura\/termoplasztikus-sisakok-12-kal-kisebb-serulesek-ez-az-elium\/","name":"Termoplasztikus sisakok, 12%-kal kisebb s\u00e9r\u00fcl\u00e9sek: ez az Elium","isPartOf":{"@id":"https:\/\/www.welovecycling.com\/hu\/#website"},"primaryImageOfPage":{"@id":"https:\/\/www.welovecycling.com\/hu\/kozosseg-es-kultura\/termoplasztikus-sisakok-12-kal-kisebb-serulesek-ez-az-elium\/#primaryimage"},"image":{"@id":"https:\/\/www.welovecycling.com\/hu\/kozosseg-es-kultura\/termoplasztikus-sisakok-12-kal-kisebb-serulesek-ez-az-elium\/#primaryimage"},"thumbnailUrl":"https:\/\/d2p6e6u75xmxt8.cloudfront.net\/12\/2021\/09\/Cyclists-blurred-profimedia-0338609013-CVR.jpg","datePublished":"2021-09-24T06:00:22+00:00","author":{"@id":"https:\/\/www.welovecycling.com\/hu\/#\/schema\/person\/414a2aebf1801691a5320edb6468e194"},"description":"Az Elium nev\u0171 anyag egy \u00faj, kem\u00e9nyebb \u00e9s biztons\u00e1gosabb alapja a buk\u00f3sisakoknak, mely nagym\u00e9rt\u00e9kben elnyeli az energi\u00e1t, \u00edgy seg\u00edt cs\u00f6kkenteni az \u00fctk\u00f6z\u00e9s sor\u00e1n a fejre val\u00f3 hat\u00e1st. Egy \u00faj tanulm\u00e1ny szerint ennek jelent\u0151sen cs\u00f6kkentenie kell a s\u00falyos s\u00e9r\u00fcl\u00e9seket.","breadcrumb":{"@id":"https:\/\/www.welovecycling.com\/hu\/kozosseg-es-kultura\/termoplasztikus-sisakok-12-kal-kisebb-serulesek-ez-az-elium\/#breadcrumb"},"inLanguage":"hu","potentialAction":[{"@type":"ReadAction","target":["https:\/\/www.welovecycling.com\/hu\/kozosseg-es-kultura\/termoplasztikus-sisakok-12-kal-kisebb-serulesek-ez-az-elium\/"]}]},{"@type":"ImageObject","inLanguage":"hu","@id":"https:\/\/www.welovecycling.com\/hu\/kozosseg-es-kultura\/termoplasztikus-sisakok-12-kal-kisebb-serulesek-ez-az-elium\/#primaryimage","url":"https:\/\/d2p6e6u75xmxt8.cloudfront.net\/12\/2021\/09\/Cyclists-blurred-profimedia-0338609013-CVR.jpg","contentUrl":"https:\/\/d2p6e6u75xmxt8.cloudfront.net\/12\/2021\/09\/Cyclists-blurred-profimedia-0338609013-CVR.jpg","width":1366,"height":600,"caption":"Cyclists"},{"@type":"BreadcrumbList","@id":"https:\/\/www.welovecycling.com\/hu\/kozosseg-es-kultura\/termoplasztikus-sisakok-12-kal-kisebb-serulesek-ez-az-elium\/#breadcrumb","itemListElement":[{"@type":"ListItem","position":1,"name":"Home","item":"https:\/\/www.welovecycling.com\/hu\/"},{"@type":"ListItem","position":2,"name":"Termoplasztikus sisakok, 12%-kal kisebb s\u00e9r\u00fcl\u00e9sek: ez az Elium"}]},{"@type":"WebSite","@id":"https:\/\/www.welovecycling.com\/hu\/#website","url":"https:\/\/www.welovecycling.com\/hu\/","name":"\u0160koda We Love Cycling - Magyarorsz\u00e1g","description":"\u0160koda WeLoveCycling","potentialAction":[{"@type":"SearchAction","target":{"@type":"EntryPoint","urlTemplate":"https:\/\/www.welovecycling.com\/hu\/?s={search_term_string}"},"query-input":{"@type":"PropertyValueSpecification","valueRequired":true,"valueName":"search_term_string"}}],"inLanguage":"hu"},{"@type":"Person","@id":"https:\/\/www.welovecycling.com\/hu\/#\/schema\/person\/414a2aebf1801691a5320edb6468e194","name":"hegyizs","image":{"@type":"ImageObject","inLanguage":"hu","@id":"https:\/\/www.welovecycling.com\/hu\/#\/schema\/person\/image\/","url":"https:\/\/secure.gravatar.com\/avatar\/02cf8a7906b8cf90cecb4679defac7cfd33a1c2e3b88e4903d947f3bb58eedd3?s=96&d=mm&r=g","contentUrl":"https:\/\/secure.gravatar.com\/avatar\/02cf8a7906b8cf90cecb4679defac7cfd33a1c2e3b88e4903d947f3bb58eedd3?s=96&d=mm&r=g","caption":"hegyizs"},"url":"https:\/\/www.welovecycling.com\/hu\/author\/hegyizs\/"}]}},"_links":{"self":[{"href":"https:\/\/www.welovecycling.com\/hu\/wp-json\/wp\/v2\/posts\/12490","targetHints":{"allow":["GET"]}}],"collection":[{"href":"https:\/\/www.welovecycling.com\/hu\/wp-json\/wp\/v2\/posts"}],"about":[{"href":"https:\/\/www.welovecycling.com\/hu\/wp-json\/wp\/v2\/types\/post"}],"author":[{"embeddable":true,"href":"https:\/\/www.welovecycling.com\/hu\/wp-json\/wp\/v2\/users\/71"}],"replies":[{"embeddable":true,"href":"https:\/\/www.welovecycling.com\/hu\/wp-json\/wp\/v2\/comments?post=12490"}],"version-history":[{"count":1,"href":"https:\/\/www.welovecycling.com\/hu\/wp-json\/wp\/v2\/posts\/12490\/revisions"}],"predecessor-version":[{"id":12498,"href":"https:\/\/www.welovecycling.com\/hu\/wp-json\/wp\/v2\/posts\/12490\/revisions\/12498"}],"wp:featuredmedia":[{"embeddable":true,"href":"https:\/\/www.welovecycling.com\/hu\/wp-json\/wp\/v2\/media\/12493"}],"wp:attachment":[{"href":"https:\/\/www.welovecycling.com\/hu\/wp-json\/wp\/v2\/media?parent=12490"}],"wp:term":[{"taxonomy":"category","embeddable":true,"href":"https:\/\/www.welovecycling.com\/hu\/wp-json\/wp\/v2\/categories?post=12490"},{"taxonomy":"post_tag","embeddable":true,"href":"https:\/\/www.welovecycling.com\/hu\/wp-json\/wp\/v2\/tags?post=12490"},{"taxonomy":"global-categories","embeddable":true,"href":"https:\/\/www.welovecycling.com\/hu\/wp-json\/wp\/v2\/global-categories?post=12490"}],"curies":[{"name":"wp","href":"https:\/\/api.w.org\/{rel}","templated":true}]}}