{"id":12484,"date":"2021-09-23T08:00:10","date_gmt":"2021-09-23T06:00:10","guid":{"rendered":"https:\/\/www.welovecycling.com\/hu\/?p=12484"},"modified":"2022-02-09T09:53:49","modified_gmt":"2022-02-09T07:53:49","slug":"bringatura-a-termeszetben-a-teljesen-elektromos-enyaq-iv-val","status":"publish","type":"post","link":"https:\/\/www.welovecycling.com\/hu\/blog\/bringatura-a-termeszetben-a-teljesen-elektromos-enyaq-iv-val\/","title":{"rendered":"Bringat\u00fara a term\u00e9szetben, a teljesen elektromos ENYAQ iV-val"},"content":{"rendered":"<p><strong>Eml\u00e9kszel, amikor kicsi korodban behunytad a szemed, \u00e9s amikor kinyitottad, meglepet\u00e9s v\u00e1rt r\u00e1d? Ha most becsukhatn\u00e1d \u00fajra, \u00e9s elrep\u00fclhetn\u00e9l a vil\u00e1g legjobb ker\u00e9kp\u00e1ros hely\u00e9re, vajon hol bukkann\u00e1l fel? El\u00e1ruljuk: Tirolban, a Kaunertal-v\u00f6lgyben.<\/strong><\/p>\n<p><!--more--><\/p>\n<p><em>\u201eTudtam, hogy k\u00e9t l\u00e1ny \u00e9rkezik Csehorsz\u00e1gb\u00f3l Ausztri\u00e1ba, \u00e9s meg akartam lepni \u0151ket\u201d<\/em> \u2013 mondta a 26 \u00e9ves Nora Turner, b\u00e9csi ker\u00e9kp\u00e1ros. <em>\u201eList\u00e1ba szedtem a legjobb helyeket, ahol j\u00e1rtam biciklivel, \u00e9s azokat, melyeket \u00e9n is meg szeretn\u00e9k m\u00e9g l\u00e1togatni \u00e9s kiv\u00e1lasztottam kett\u0151t: az egyik a Kaunertaler Strasse, a m\u00e1sik pedig a K\u00fchtai volt. K\u00e9t c\u00e9lpont v\u00e1rt r\u00e1nk k\u00e9t nap alatt. Hogy biztosan mindenhova id\u0151ben \u00e9s biztons\u00e1gban oda\u00e9rj\u00fcnk, egy vadonat\u00faj, teljesen elektromos \u0160koda ENYAQ iV \u00e1llt a rendelkez\u00e9s\u00fcnkre.\u201d<\/em><\/p>\n<figure id=\"attachment_12485\" aria-describedby=\"caption-attachment-12485\" style=\"width: 2000px\" class=\"wp-caption alignnone\"><img loading=\"lazy\" decoding=\"async\" class=\"wp-image-12485 size-full\" src=\"https:\/\/d2p6e6u75xmxt8.cloudfront.net\/12\/2021\/09\/1Y7A2302.jpg\" alt=\"\" width=\"2000\" height=\"1334\" srcset=\"https:\/\/d2p6e6u75xmxt8.cloudfront.net\/12\/2021\/09\/1Y7A2302.jpg 2000w, https:\/\/d2p6e6u75xmxt8.cloudfront.net\/12\/2021\/09\/1Y7A2302-300x200.jpg 300w, https:\/\/d2p6e6u75xmxt8.cloudfront.net\/12\/2021\/09\/1Y7A2302-1024x683.jpg 1024w, https:\/\/d2p6e6u75xmxt8.cloudfront.net\/12\/2021\/09\/1Y7A2302-768x512.jpg 768w, https:\/\/d2p6e6u75xmxt8.cloudfront.net\/12\/2021\/09\/1Y7A2302-1536x1025.jpg 1536w, https:\/\/d2p6e6u75xmxt8.cloudfront.net\/12\/2021\/09\/1Y7A2302-1920x1281.jpg 1920w, https:\/\/d2p6e6u75xmxt8.cloudfront.net\/12\/2021\/09\/1Y7A2302-272x182.jpg 272w, https:\/\/d2p6e6u75xmxt8.cloudfront.net\/12\/2021\/09\/1Y7A2302-1920x1281.jpg 1920w\" sizes=\"auto, (max-width: 2000px) 100vw, 2000px\" \/><figcaption id=\"caption-attachment-12485\" class=\"wp-caption-text\">A l\u00e1nyok k\u00e9t nap alatt k\u00e9t t\u00far\u00e1t tettek meg.<\/figcaption><\/figure>\n<p>Tereza Unzeitigov\u00e1 \u00e9s Alice Nos\u00e1kov\u00e1 a hegyekben tal\u00e1lkoztak Nor\u00e1val. Mindk\u00e9t l\u00e1ny tagja a Girls on Bikes klubnak, melynek c\u00e9lja, hogy a ker\u00e9kp\u00e1roz\u00e1st hozz\u00e1f\u00e9rhet\u0151bb\u00e9 tegye a n\u0151k sz\u00e1m\u00e1ra, \u00e9s inspir\u00e1lja \u0151ket, hogy \u00fcljenek nyeregbe. A Jana Tr\u00e1vn\u00ed\u010dkov\u00e1 cseh ker\u00e9kp\u00e1ros \u00e1ltal alap\u00edtott klub az elm\u00falt \u00e9vben lett igaz\u00e1n akt\u00edv, amikor a tagok kollekt\u00edv t\u00far\u00e1kat szerveztek a cseh hegyvonulatokon. Most azonban Tereza \u00e9s Alice \u00fati c\u00e9lja a Tiroli Alpok, amit hat \u00f3ra alatt \u00e9rhetnek el &#8211; egyetlen akkumul\u00e1tor-t\u00f6lt\u00e9ssel. Ker\u00e9kp\u00e1rjukat az aut\u00f3 von\u00f3horg\u00e1ra r\u00f6gz\u00edtett tart\u00f3n sz\u00e1ll\u00edtj\u00e1k.<\/p>\n<p>El\u0151sz\u00f6r egy fah\u00e1zban tal\u00e1lkoznak Nor\u00e1val. A kezdeti udvarias besz\u00e9lget\u00e9s ut\u00e1n hamar nyilv\u00e1nval\u00f3v\u00e1 v\u00e1lt, hogy hasonl\u00f3ak a n\u00e9zeteik, s\u0151t, fizikai form\u00e1juk is, amit egy r\u00f6vid bevezet\u0151 t\u00fara is meger\u0151s\u00edt.<\/p>\n<div id='gallery-1' class='gallery galleryid-12484 gallery-columns-2 gallery-size-large'><figure class='gallery-item'>\n\t\t\t<div class='gallery-icon landscape'>\n\t\t\t\t<a href='https:\/\/d2p6e6u75xmxt8.cloudfront.net\/12\/2021\/09\/Girls-cycling-Tyrol-6.jpg'><img loading=\"lazy\" decoding=\"async\" width=\"1000\" height=\"667\" src=\"https:\/\/d2p6e6u75xmxt8.cloudfront.net\/12\/2021\/09\/Girls-cycling-Tyrol-6.jpg\" class=\"attachment-large size-large\" alt=\"\" srcset=\"https:\/\/d2p6e6u75xmxt8.cloudfront.net\/12\/2021\/09\/Girls-cycling-Tyrol-6.jpg 1000w, https:\/\/d2p6e6u75xmxt8.cloudfront.net\/12\/2021\/09\/Girls-cycling-Tyrol-6-300x200.jpg 300w, https:\/\/d2p6e6u75xmxt8.cloudfront.net\/12\/2021\/09\/Girls-cycling-Tyrol-6-768x512.jpg 768w, https:\/\/d2p6e6u75xmxt8.cloudfront.net\/12\/2021\/09\/Girls-cycling-Tyrol-6-272x182.jpg 272w\" sizes=\"auto, (max-width: 1000px) 100vw, 1000px\" \/><\/a>\n\t\t\t<\/div><\/figure><figure class='gallery-item'>\n\t\t\t<div class='gallery-icon landscape'>\n\t\t\t\t<a href='https:\/\/d2p6e6u75xmxt8.cloudfront.net\/12\/2021\/09\/Girls-cycling-Tyrol-5.jpg'><img loading=\"lazy\" decoding=\"async\" width=\"1000\" height=\"667\" src=\"https:\/\/d2p6e6u75xmxt8.cloudfront.net\/12\/2021\/09\/Girls-cycling-Tyrol-5.jpg\" class=\"attachment-large size-large\" alt=\"\" srcset=\"https:\/\/d2p6e6u75xmxt8.cloudfront.net\/12\/2021\/09\/Girls-cycling-Tyrol-5.jpg 1000w, https:\/\/d2p6e6u75xmxt8.cloudfront.net\/12\/2021\/09\/Girls-cycling-Tyrol-5-300x200.jpg 300w, https:\/\/d2p6e6u75xmxt8.cloudfront.net\/12\/2021\/09\/Girls-cycling-Tyrol-5-768x512.jpg 768w, https:\/\/d2p6e6u75xmxt8.cloudfront.net\/12\/2021\/09\/Girls-cycling-Tyrol-5-272x182.jpg 272w\" sizes=\"auto, (max-width: 1000px) 100vw, 1000px\" \/><\/a>\n\t\t\t<\/div><\/figure>\n\t\t<\/div>\n\n<p>A gleccserre n\u00e9z\u0151 teraszon folytatott cseveg\u00e9s sor\u00e1n r\u00e1j\u00f6nnek, hogy t\u00f6bb k\u00f6z\u00f6s van benn\u00fck, mint v\u00e1rt\u00e1k. Mindannyiukat ex- vagy jelenlegi bar\u00e1tjuk ismertette meg a ker\u00e9kp\u00e1roz\u00e1ssal. Nora m\u00e9g a marketinges \u00e1ll\u00e1s\u00e1t is otthagyta a b\u00e9csi belv\u00e1rosi Volksgarten diszk\u00f3ban, hogy t\u00f6bb ideje maradjon a ker\u00e9kp\u00e1roz\u00e1sra. Alice, Tereza \u00e9s Nora is egyet\u00e9rt abban, hogy amikor egy l\u00e1nycsoportban tekernek, \u00e9s otthon hagyj\u00e1k a fi\u00fakat, az teljesen m\u00e1s \u00e9lm\u00e9ny. <em>\u201eNem versenyz\u00fcnk annyit, t\u00f6bbet besz\u00e9lget\u00fcnk, \u00e9s t\u00f6bb meg\u00e1ll\u00f3t tesz\u00fcnk, v\u00e1runk egym\u00e1sra, \u00e9s nincs gond azzal, ha megjutalmazzuk magunkat egy k\u00e1v\u00e9val vagy tort\u00e1val\u201d <\/em>&#8211; foglalja \u00f6ssze Alice.<\/p>\n<div id='gallery-2' class='gallery galleryid-12484 gallery-columns-2 gallery-size-large'><figure class='gallery-item'>\n\t\t\t<div class='gallery-icon landscape'>\n\t\t\t\t<a href='https:\/\/d2p6e6u75xmxt8.cloudfront.net\/12\/2021\/09\/ENYAQ_iV_2021_ONLINE_Girls-on-Bikes-Go-Tyrolean4-1.jpg'><img loading=\"lazy\" decoding=\"async\" width=\"1024\" height=\"683\" src=\"https:\/\/d2p6e6u75xmxt8.cloudfront.net\/12\/2021\/09\/ENYAQ_iV_2021_ONLINE_Girls-on-Bikes-Go-Tyrolean4-1-1024x683.jpg\" class=\"attachment-large size-large\" alt=\"\" aria-describedby=\"gallery-2-12478\" srcset=\"https:\/\/d2p6e6u75xmxt8.cloudfront.net\/12\/2021\/09\/ENYAQ_iV_2021_ONLINE_Girls-on-Bikes-Go-Tyrolean4-1-1024x683.jpg 1024w, https:\/\/d2p6e6u75xmxt8.cloudfront.net\/12\/2021\/09\/ENYAQ_iV_2021_ONLINE_Girls-on-Bikes-Go-Tyrolean4-1-300x200.jpg 300w, https:\/\/d2p6e6u75xmxt8.cloudfront.net\/12\/2021\/09\/ENYAQ_iV_2021_ONLINE_Girls-on-Bikes-Go-Tyrolean4-1-768x512.jpg 768w, https:\/\/d2p6e6u75xmxt8.cloudfront.net\/12\/2021\/09\/ENYAQ_iV_2021_ONLINE_Girls-on-Bikes-Go-Tyrolean4-1-272x182.jpg 272w, https:\/\/d2p6e6u75xmxt8.cloudfront.net\/12\/2021\/09\/ENYAQ_iV_2021_ONLINE_Girls-on-Bikes-Go-Tyrolean4-1.jpg 1229w\" sizes=\"auto, (max-width: 1024px) 100vw, 1024px\" \/><\/a>\n\t\t\t<\/div>\n\t\t\t\t<figcaption class='wp-caption-text gallery-caption' id='gallery-2-12478'>\n\t\t\t\tA \u0160koda ENYAQ iV hatalmas, csendes \u00e9s minden belef\u00e9r.\n\t\t\t\t<\/figcaption><\/figure><figure class='gallery-item'>\n\t\t\t<div class='gallery-icon landscape'>\n\t\t\t\t<a href='https:\/\/d2p6e6u75xmxt8.cloudfront.net\/12\/2021\/09\/ENYAQ-iV-Review-3.jpg'><img loading=\"lazy\" decoding=\"async\" width=\"1000\" height=\"667\" src=\"https:\/\/d2p6e6u75xmxt8.cloudfront.net\/12\/2021\/09\/ENYAQ-iV-Review-3.jpg\" class=\"attachment-large size-large\" alt=\"\" srcset=\"https:\/\/d2p6e6u75xmxt8.cloudfront.net\/12\/2021\/09\/ENYAQ-iV-Review-3.jpg 1000w, https:\/\/d2p6e6u75xmxt8.cloudfront.net\/12\/2021\/09\/ENYAQ-iV-Review-3-300x200.jpg 300w, https:\/\/d2p6e6u75xmxt8.cloudfront.net\/12\/2021\/09\/ENYAQ-iV-Review-3-768x512.jpg 768w, https:\/\/d2p6e6u75xmxt8.cloudfront.net\/12\/2021\/09\/ENYAQ-iV-Review-3-272x182.jpg 272w\" sizes=\"auto, (max-width: 1000px) 100vw, 1000px\" \/><\/a>\n\t\t\t<\/div><\/figure>\n\t\t<\/div>\n\n<p>Els\u0151 \u00fatic\u00e9ljuk a h\u00edres Kaunertaler Gletcsherstrasse, ahova egy\u00fctt utaznak az elektromos aut\u00f3 k\u00e9nyelmes utaster\u00e9ben. <em>\u201eAnnyira csendes, sokkal jobban \u00a0\u00e9rzem magam \u00edgy, hogy nem zavarok m\u00e1sokat \u00e9s nem hagyok magam ut\u00e1n k\u00e1ros anyagokat<\/em>\u201d \u2013 mondja Tereza a vol\u00e1n m\u00f6g\u00fcl. Szereti a j\u00f3l elrendezett \u00e9rint\u0151k\u00e9perny\u0151t, a k\u00fcl\u00f6nb\u00f6z\u0151 vezet\u00e9si m\u00f3dok ny\u00fajtotta lehet\u0151s\u00e9geket \u00e9s azt is, hogy az aut\u00f3 h\u00e1ts\u00f3ker\u00e9k-hajt\u00e1s\u00fa, \u00edgy k\u00f6nny\u0171 vele man\u0151verezni. Lejt\u0151n haladva nem lehet nem \u00e9szrevenni, mennyi energi\u00e1t nyer vissza a f\u00e9kez\u00e9sb\u0151l az akkumul\u00e1tor, ami szinte teljesen \u00fajrat\u00f6lt\u0151dik.<\/p>\n<p>\u201e<em>Mit tudsz elmondani a l\u00f3er\u0151r\u0151l, a nyomat\u00e9kr\u00f3l vagy a t\u00f6lt\u00e9si sebess\u00e9gr\u0151l?\u201d<\/em> \u2013 \u00e9rdekl\u0151dik Nora. <em>\u201eSemmit\u201d<\/em> \u2013 v\u00e1laszol Tereza. <em>\u201eNekem az a fontos, hogy az ENYAQ iV nagy \u00e9s t\u00e1gas, belef\u00e9r minden, j\u00f3l n\u00e9z ki \u00e9s csendes. \u00c9s eg\u00e9sz nap fel-al\u00e1 furik\u00e1zunk vele, m\u00e9gis k\u00e9tharmadig fel van m\u00e9g t\u00f6ltve az akkumul\u00e1tor\u201d <\/em>\u2013 mosolyog. \u201e<em>Az is igaz, hogy a 180 centimmel, m\u00e9g soha nem volt ilyen nagy helye a l\u00e1bamnak\u201d <\/em>\u2013 teszi hozz\u00e1 Nora.<\/p>\n<p><a href=\"https:\/\/d2p6e6u75xmxt8.cloudfront.net\/12\/2021\/09\/Girls-Tyrol-2.jpg\"><img loading=\"lazy\" decoding=\"async\" class=\"alignnone size-full wp-image-12486\" src=\"https:\/\/d2p6e6u75xmxt8.cloudfront.net\/12\/2021\/09\/Girls-Tyrol-2.jpg\" alt=\"Gals in Tyrol\" width=\"1000\" height=\"667\" srcset=\"https:\/\/d2p6e6u75xmxt8.cloudfront.net\/12\/2021\/09\/Girls-Tyrol-2.jpg 1000w, https:\/\/d2p6e6u75xmxt8.cloudfront.net\/12\/2021\/09\/Girls-Tyrol-2-300x200.jpg 300w, https:\/\/d2p6e6u75xmxt8.cloudfront.net\/12\/2021\/09\/Girls-Tyrol-2-768x512.jpg 768w, https:\/\/d2p6e6u75xmxt8.cloudfront.net\/12\/2021\/09\/Girls-Tyrol-2-272x182.jpg 272w\" sizes=\"auto, (max-width: 1000px) 100vw, 1000px\" \/><\/a><\/p>\n<div id='gallery-3' class='gallery galleryid-12484 gallery-columns-2 gallery-size-large'><figure class='gallery-item'>\n\t\t\t<div class='gallery-icon landscape'>\n\t\t\t\t<a href='https:\/\/d2p6e6u75xmxt8.cloudfront.net\/12\/2021\/09\/Girls-cycling-Tyrol-2.jpg'><img loading=\"lazy\" decoding=\"async\" width=\"1000\" height=\"667\" src=\"https:\/\/d2p6e6u75xmxt8.cloudfront.net\/12\/2021\/09\/Girls-cycling-Tyrol-2.jpg\" class=\"attachment-large size-large\" alt=\"\" srcset=\"https:\/\/d2p6e6u75xmxt8.cloudfront.net\/12\/2021\/09\/Girls-cycling-Tyrol-2.jpg 1000w, https:\/\/d2p6e6u75xmxt8.cloudfront.net\/12\/2021\/09\/Girls-cycling-Tyrol-2-300x200.jpg 300w, https:\/\/d2p6e6u75xmxt8.cloudfront.net\/12\/2021\/09\/Girls-cycling-Tyrol-2-768x512.jpg 768w, https:\/\/d2p6e6u75xmxt8.cloudfront.net\/12\/2021\/09\/Girls-cycling-Tyrol-2-272x182.jpg 272w\" sizes=\"auto, (max-width: 1000px) 100vw, 1000px\" \/><\/a>\n\t\t\t<\/div><\/figure><figure class='gallery-item'>\n\t\t\t<div class='gallery-icon landscape'>\n\t\t\t\t<a href='https:\/\/d2p6e6u75xmxt8.cloudfront.net\/12\/2021\/09\/Girls-cycling-Tyrol.jpg'><img loading=\"lazy\" decoding=\"async\" width=\"1000\" height=\"667\" src=\"https:\/\/d2p6e6u75xmxt8.cloudfront.net\/12\/2021\/09\/Girls-cycling-Tyrol.jpg\" class=\"attachment-large size-large\" alt=\"\" srcset=\"https:\/\/d2p6e6u75xmxt8.cloudfront.net\/12\/2021\/09\/Girls-cycling-Tyrol.jpg 1000w, https:\/\/d2p6e6u75xmxt8.cloudfront.net\/12\/2021\/09\/Girls-cycling-Tyrol-300x200.jpg 300w, https:\/\/d2p6e6u75xmxt8.cloudfront.net\/12\/2021\/09\/Girls-cycling-Tyrol-768x512.jpg 768w, https:\/\/d2p6e6u75xmxt8.cloudfront.net\/12\/2021\/09\/Girls-cycling-Tyrol-272x182.jpg 272w\" sizes=\"auto, (max-width: 1000px) 100vw, 1000px\" \/><\/a>\n\t\t\t<\/div><\/figure>\n\t\t<\/div>\n\n<p>D\u00e9lut\u00e1n a l\u00e1nyok egy olyan szakaszra k\u00e9sz\u00fclnek, ami 27 hatj\u0171kanyarb\u00f3l \u00e1ll, a Feichten im Kaunertalt\u00f3l indul, 1287 m\u00e9teres tengerszint feletti magass\u00e1gb\u00f3l, \u00e9s eg\u00e9szen 2750 m\u00e9terig, a Skigebiet Kaunertal Gletcsher s\u00edp\u00e1ly\u00e1ig vezet fel. A panor\u00e1ma \u00e9s a j\u00f3 min\u0151s\u00e9g\u0171 \u00fat miatt Ausztria egyik legn\u00e9pszer\u0171bb \u00fatvonala ez.<\/p>\n<p><em>\u201eMivel ez egy zs\u00e1kutca, ami a gleccsern\u00e9l v\u00e9get \u00e9r, nem olyan nagy a forgalom, mint m\u00e1shol\u201d<\/em> \u2013 mondja Nora. Hozz\u00e1teszi, hogy a szakasz 1947 \u00f3ta a hagyom\u00e1nyos \u00d6sterreich-Rundfahrt orsz\u00e1g\u00fati ker\u00e9kp\u00e1ros verseny egyik etapja.<\/p>\n<p>A hegycs\u00facson, enyh\u00e9n szit\u00e1l\u00f3 es\u0151 \u00e9s n\u00e9gy fokkal alacsonyabb h\u0151m\u00e9rs\u00e9klet v\u00e1rja \u0151ket. <em>\u201eGyorsan induljunk vissza a v\u00f6lgybe!\u201d <\/em>\u2013 s\u00fcrgeti Alice a l\u00e1nyokat. Az utols\u00f3 kilom\u00e9tereket a fah\u00e1zig ism\u00e9t az aut\u00f3val teszik meg. A gyors ereszked\u00e9s ut\u00e1n a csapat nagyon \u00f6r\u00fcl az \u00fcl\u00e9sf\u0171t\u00e9snek, \u00e9s a melegb\u0151l n\u00e9zik a panor\u00e1m\u00e1s tet\u0151ablakon \u00e1t a csillagos eget. <em>\u201eNagyon romantikus\u201d <\/em>\u2013 jegyzik meg, mik\u00f6zben fejben m\u00e1r az esti BBQ-n\u00e1l j\u00e1rnak.<\/p>\n<p><img loading=\"lazy\" decoding=\"async\" class=\"alignnone size-full wp-image-12487\" src=\"https:\/\/d2p6e6u75xmxt8.cloudfront.net\/12\/2021\/09\/ENYAQ_iV_2021_ONLINE_Girls-on-Bikes-Go-Tyrolean6-1.jpg\" alt=\"\" width=\"1229\" height=\"820\" srcset=\"https:\/\/d2p6e6u75xmxt8.cloudfront.net\/12\/2021\/09\/ENYAQ_iV_2021_ONLINE_Girls-on-Bikes-Go-Tyrolean6-1.jpg 1229w, https:\/\/d2p6e6u75xmxt8.cloudfront.net\/12\/2021\/09\/ENYAQ_iV_2021_ONLINE_Girls-on-Bikes-Go-Tyrolean6-1-300x200.jpg 300w, https:\/\/d2p6e6u75xmxt8.cloudfront.net\/12\/2021\/09\/ENYAQ_iV_2021_ONLINE_Girls-on-Bikes-Go-Tyrolean6-1-1024x683.jpg 1024w, https:\/\/d2p6e6u75xmxt8.cloudfront.net\/12\/2021\/09\/ENYAQ_iV_2021_ONLINE_Girls-on-Bikes-Go-Tyrolean6-1-768x512.jpg 768w, https:\/\/d2p6e6u75xmxt8.cloudfront.net\/12\/2021\/09\/ENYAQ_iV_2021_ONLINE_Girls-on-Bikes-Go-Tyrolean6-1-272x182.jpg 272w\" sizes=\"auto, (max-width: 1229px) 100vw, 1229px\" \/><\/p>\n<div id='gallery-4' class='gallery galleryid-12484 gallery-columns-2 gallery-size-large'><figure class='gallery-item'>\n\t\t\t<div class='gallery-icon landscape'>\n\t\t\t\t<a href='https:\/\/d2p6e6u75xmxt8.cloudfront.net\/12\/2021\/09\/Girls-cycling-Tyrol-4.jpg'><img loading=\"lazy\" decoding=\"async\" width=\"1000\" height=\"667\" src=\"https:\/\/d2p6e6u75xmxt8.cloudfront.net\/12\/2021\/09\/Girls-cycling-Tyrol-4.jpg\" class=\"attachment-large size-large\" alt=\"\" srcset=\"https:\/\/d2p6e6u75xmxt8.cloudfront.net\/12\/2021\/09\/Girls-cycling-Tyrol-4.jpg 1000w, https:\/\/d2p6e6u75xmxt8.cloudfront.net\/12\/2021\/09\/Girls-cycling-Tyrol-4-300x200.jpg 300w, https:\/\/d2p6e6u75xmxt8.cloudfront.net\/12\/2021\/09\/Girls-cycling-Tyrol-4-768x512.jpg 768w, https:\/\/d2p6e6u75xmxt8.cloudfront.net\/12\/2021\/09\/Girls-cycling-Tyrol-4-272x182.jpg 272w\" sizes=\"auto, (max-width: 1000px) 100vw, 1000px\" \/><\/a>\n\t\t\t<\/div><\/figure><figure class='gallery-item'>\n\t\t\t<div class='gallery-icon landscape'>\n\t\t\t\t<a href='https:\/\/d2p6e6u75xmxt8.cloudfront.net\/12\/2021\/09\/Girls-cycling-Tyrol-3.jpg'><img loading=\"lazy\" decoding=\"async\" width=\"1000\" height=\"667\" src=\"https:\/\/d2p6e6u75xmxt8.cloudfront.net\/12\/2021\/09\/Girls-cycling-Tyrol-3.jpg\" class=\"attachment-large size-large\" alt=\"\" srcset=\"https:\/\/d2p6e6u75xmxt8.cloudfront.net\/12\/2021\/09\/Girls-cycling-Tyrol-3.jpg 1000w, https:\/\/d2p6e6u75xmxt8.cloudfront.net\/12\/2021\/09\/Girls-cycling-Tyrol-3-300x200.jpg 300w, https:\/\/d2p6e6u75xmxt8.cloudfront.net\/12\/2021\/09\/Girls-cycling-Tyrol-3-768x512.jpg 768w, https:\/\/d2p6e6u75xmxt8.cloudfront.net\/12\/2021\/09\/Girls-cycling-Tyrol-3-272x182.jpg 272w\" sizes=\"auto, (max-width: 1000px) 100vw, 1000px\" \/><\/a>\n\t\t\t<\/div><\/figure>\n\t\t<\/div>\n\n<p>M\u00e1snap reggel K\u00fchtain v\u00e1rja \u0151ket, egy m\u00e1sik olyan helysz\u00edn, ahol a ker\u00e9kp\u00e1ros t\u00f6rt\u00e9nelmet \u00edrj\u00e1k. Itt zajlik a h\u00edres \u00d6tztaler Rad Marathon. A 2020 m\u00e9teres tengerszint feletti magass\u00e1g\u00e1val Tirol egyik legmagasabban fekv\u0151 s\u00edk\u00f6zpontja. \u201e<em>Mindenki j\u00f3l \u00e9rzi itt mag\u00e1t, aki szereti az emelked\u0151ket. Ezekben ugyanis nincs hi\u00e1ny Ausztri\u00e1ban\u201d <\/em>\u2013 nevet Nora. Hozz\u00e1teszi, hogy Ausztria az\u00e9rt azoknak is kedvez\u0151 terep, akik a s\u00edk utakat kedvelik. Nagyszer\u0171 program p\u00e9ld\u00e1ul v\u00e9gigtekerni a Duna mellett, amit a n\u00e9met Passau v\u00e1rosb\u00f3l kiindulva Linzen \u00e1t, eg\u00e9szen B\u00e9csig k\u00f6vetni lehet.<\/p>\n<p><em>\u201eRengeteg itt a ker\u00e9kp\u00e1r\u00fat. Nem annyi, mint a hollandokn\u00e1l, de nagyon sok. A sof\u0151r\u00f6k pedig kedvesek \u00e9s toler\u00e1nsak a ker\u00e9kp\u00e1rosokkal szemben, szerintem jobban, mint a k\u00f6rnyez\u0151 orsz\u00e1gokban\u201d<\/em> \u2013 mondja Nora.<\/p>\n<p>Mi volt a tiroli utaz\u00e1s legjobb r\u00e9sze? <em>\u201eTal\u00e1lkoztunk Nor\u00e1val, csod\u00e1latos helyeken j\u00e1rtunk, megismert\u00fck az osztr\u00e1k hegyeket \u00e9s szuper\u00fcl sz\u00f3rakoztunk \u2013 egy igaz\u00e1n kellemes csajos \u00fat volt!\u201d<\/em> \u2013 v\u00e1laszolja Tereza \u00e9s Alice a k\u00e9rd\u00e9sre. <em>\u201e\u00c9s legk\u00f6zelebb kamer\u00e1k n\u00e9lk\u00fcl j\u00f6v\u00fcnk<\/em>!\u201d \u2013 \u00edg\u00e9rik Nor\u00e1nak miel\u0151tt besz\u00e1llnak a \u0160koda ENYAQ iV-ba \u00e9s hazaindulnak.<\/p>\n","protected":false},"excerpt":{"rendered":"<p>Eml\u00e9kszel, amikor kicsi korodban behunytad a szemed, \u00e9s amikor kinyitottad, meglepet\u00e9s v\u00e1rt r\u00e1d? Ha most becsukhatn\u00e1d \u00fajra, \u00e9s elrep\u00fclhetn\u00e9l a [&hellip;]<\/p>\n","protected":false},"author":71,"featured_media":12489,"comment_status":"closed","ping_status":"closed","sticky":false,"template":"","format":"standard","meta":{"footnotes":""},"categories":[13,468],"tags":[],"global-categories":[],"class_list":["post-12484","post","type-post","status-publish","format-standard","has-post-thumbnail","hentry","category-blog","category-skoda"],"yoast_head":"<!-- This site is optimized with the Yoast SEO Premium plugin v25.3 (Yoast SEO v25.9) - https:\/\/yoast.com\/wordpress\/plugins\/seo\/ -->\n<title>Bringat\u00fara a term\u00e9szetben, a teljesen elektromos ENYAQ iV-val<\/title>\n<meta name=\"description\" content=\"Eml\u00e9kszel, amikor kicsi korodban behunytad a szemed, \u00e9s amikor kinyitottad, meglepet\u00e9s v\u00e1rt r\u00e1d? Ha most becsukhatn\u00e1d \u00fajra, \u00e9s elrep\u00fclhetn\u00e9l a vil\u00e1g legjobb ker\u00e9kp\u00e1ros hely\u00e9re, vajon hol bukkann\u00e1l fel? El\u00e1ruljuk: Tirolban, a Kaunertal-v\u00f6lgyben.\" \/>\n<meta name=\"robots\" content=\"index, follow, max-snippet:-1, max-image-preview:large, max-video-preview:-1\" \/>\n<link rel=\"canonical\" href=\"https:\/\/www.welovecycling.com\/hu\/blog\/bringatura-a-termeszetben-a-teljesen-elektromos-enyaq-iv-val\/\" \/>\n<meta property=\"og:locale\" content=\"hu_HU\" \/>\n<meta property=\"og:type\" content=\"article\" \/>\n<meta property=\"og:title\" content=\"Bringat\u00fara a term\u00e9szetben, a teljesen elektromos ENYAQ iV-val\" \/>\n<meta property=\"og:description\" content=\"Eml\u00e9kszel, amikor kicsi korodban behunytad a szemed, \u00e9s amikor kinyitottad, meglepet\u00e9s v\u00e1rt r\u00e1d? Ha most becsukhatn\u00e1d \u00fajra, \u00e9s elrep\u00fclhetn\u00e9l a vil\u00e1g legjobb ker\u00e9kp\u00e1ros hely\u00e9re, vajon hol bukkann\u00e1l fel? El\u00e1ruljuk: Tirolban, a Kaunertal-v\u00f6lgyben.\" \/>\n<meta property=\"og:url\" content=\"https:\/\/www.welovecycling.com\/hu\/blog\/bringatura-a-termeszetben-a-teljesen-elektromos-enyaq-iv-val\/\" \/>\n<meta property=\"og:site_name\" content=\"\u0160koda We Love Cycling - Magyarorsz\u00e1g\" \/>\n<meta property=\"article:publisher\" content=\"https:\/\/www.facebook.com\/WeLoveCyclingHungary\/\" \/>\n<meta property=\"article:published_time\" content=\"2021-09-23T06:00:10+00:00\" \/>\n<meta property=\"article:modified_time\" content=\"2022-02-09T07:53:49+00:00\" \/>\n<meta property=\"og:image\" content=\"https:\/\/d2p6e6u75xmxt8.cloudfront.net\/12\/2021\/09\/ENYAQ-iV-Review-CVR-1.jpg\" \/>\n\t<meta property=\"og:image:width\" content=\"1366\" \/>\n\t<meta property=\"og:image:height\" content=\"600\" \/>\n\t<meta property=\"og:image:type\" content=\"image\/jpeg\" \/>\n<meta name=\"author\" content=\"hegyizs\" \/>\n<meta name=\"twitter:card\" content=\"summary_large_image\" \/>\n<meta name=\"twitter:label1\" content=\"Written by\" \/>\n\t<meta name=\"twitter:data1\" content=\"We Love Cycling\" \/>\n\t<meta name=\"twitter:label2\" content=\"Est. reading time\" \/>\n\t<meta name=\"twitter:data2\" content=\"6\" \/>\n<script type=\"application\/ld+json\" class=\"yoast-schema-graph\">{\"@context\":\"https:\/\/schema.org\",\"@graph\":[{\"@type\":\"WebPage\",\"@id\":\"https:\/\/www.welovecycling.com\/hu\/blog\/bringatura-a-termeszetben-a-teljesen-elektromos-enyaq-iv-val\/\",\"url\":\"https:\/\/www.welovecycling.com\/hu\/blog\/bringatura-a-termeszetben-a-teljesen-elektromos-enyaq-iv-val\/\",\"name\":\"Bringat\u00fara a term\u00e9szetben, a teljesen elektromos ENYAQ iV-val\",\"isPartOf\":{\"@id\":\"https:\/\/www.welovecycling.com\/hu\/#website\"},\"primaryImageOfPage\":{\"@id\":\"https:\/\/www.welovecycling.com\/hu\/blog\/bringatura-a-termeszetben-a-teljesen-elektromos-enyaq-iv-val\/#primaryimage\"},\"image\":{\"@id\":\"https:\/\/www.welovecycling.com\/hu\/blog\/bringatura-a-termeszetben-a-teljesen-elektromos-enyaq-iv-val\/#primaryimage\"},\"thumbnailUrl\":\"https:\/\/d2p6e6u75xmxt8.cloudfront.net\/12\/2021\/09\/ENYAQ-iV-Review-CVR-1.jpg\",\"datePublished\":\"2021-09-23T06:00:10+00:00\",\"dateModified\":\"2022-02-09T07:53:49+00:00\",\"author\":{\"@id\":\"https:\/\/www.welovecycling.com\/hu\/#\/schema\/person\/414a2aebf1801691a5320edb6468e194\"},\"description\":\"Eml\u00e9kszel, amikor kicsi korodban behunytad a szemed, \u00e9s amikor kinyitottad, meglepet\u00e9s v\u00e1rt r\u00e1d? Ha most becsukhatn\u00e1d \u00fajra, \u00e9s elrep\u00fclhetn\u00e9l a vil\u00e1g legjobb ker\u00e9kp\u00e1ros hely\u00e9re, vajon hol bukkann\u00e1l fel? El\u00e1ruljuk: Tirolban, a Kaunertal-v\u00f6lgyben.\",\"breadcrumb\":{\"@id\":\"https:\/\/www.welovecycling.com\/hu\/blog\/bringatura-a-termeszetben-a-teljesen-elektromos-enyaq-iv-val\/#breadcrumb\"},\"inLanguage\":\"hu\",\"potentialAction\":[{\"@type\":\"ReadAction\",\"target\":[\"https:\/\/www.welovecycling.com\/hu\/blog\/bringatura-a-termeszetben-a-teljesen-elektromos-enyaq-iv-val\/\"]}]},{\"@type\":\"ImageObject\",\"inLanguage\":\"hu\",\"@id\":\"https:\/\/www.welovecycling.com\/hu\/blog\/bringatura-a-termeszetben-a-teljesen-elektromos-enyaq-iv-val\/#primaryimage\",\"url\":\"https:\/\/d2p6e6u75xmxt8.cloudfront.net\/12\/2021\/09\/ENYAQ-iV-Review-CVR-1.jpg\",\"contentUrl\":\"https:\/\/d2p6e6u75xmxt8.cloudfront.net\/12\/2021\/09\/ENYAQ-iV-Review-CVR-1.jpg\",\"width\":1366,\"height\":600,\"caption\":\"\u0160koda ENYAQ iV\"},{\"@type\":\"BreadcrumbList\",\"@id\":\"https:\/\/www.welovecycling.com\/hu\/blog\/bringatura-a-termeszetben-a-teljesen-elektromos-enyaq-iv-val\/#breadcrumb\",\"itemListElement\":[{\"@type\":\"ListItem\",\"position\":1,\"name\":\"Home\",\"item\":\"https:\/\/www.welovecycling.com\/hu\/\"},{\"@type\":\"ListItem\",\"position\":2,\"name\":\"Bringat\u00fara a term\u00e9szetben, a teljesen elektromos ENYAQ iV-val\"}]},{\"@type\":\"WebSite\",\"@id\":\"https:\/\/www.welovecycling.com\/hu\/#website\",\"url\":\"https:\/\/www.welovecycling.com\/hu\/\",\"name\":\"\u0160koda We Love Cycling - Magyarorsz\u00e1g\",\"description\":\"\u0160koda WeLoveCycling\",\"potentialAction\":[{\"@type\":\"SearchAction\",\"target\":{\"@type\":\"EntryPoint\",\"urlTemplate\":\"https:\/\/www.welovecycling.com\/hu\/?s={search_term_string}\"},\"query-input\":{\"@type\":\"PropertyValueSpecification\",\"valueRequired\":true,\"valueName\":\"search_term_string\"}}],\"inLanguage\":\"hu\"},{\"@type\":\"Person\",\"@id\":\"https:\/\/www.welovecycling.com\/hu\/#\/schema\/person\/414a2aebf1801691a5320edb6468e194\",\"name\":\"hegyizs\",\"image\":{\"@type\":\"ImageObject\",\"inLanguage\":\"hu\",\"@id\":\"https:\/\/www.welovecycling.com\/hu\/#\/schema\/person\/image\/\",\"url\":\"https:\/\/secure.gravatar.com\/avatar\/02cf8a7906b8cf90cecb4679defac7cfd33a1c2e3b88e4903d947f3bb58eedd3?s=96&d=mm&r=g\",\"contentUrl\":\"https:\/\/secure.gravatar.com\/avatar\/02cf8a7906b8cf90cecb4679defac7cfd33a1c2e3b88e4903d947f3bb58eedd3?s=96&d=mm&r=g\",\"caption\":\"hegyizs\"},\"url\":\"https:\/\/www.welovecycling.com\/hu\/author\/hegyizs\/\"}]}<\/script>\n<!-- \/ Yoast SEO Premium plugin. -->","yoast_head_json":{"title":"Bringat\u00fara a term\u00e9szetben, a teljesen elektromos ENYAQ iV-val","description":"Eml\u00e9kszel, amikor kicsi korodban behunytad a szemed, \u00e9s amikor kinyitottad, meglepet\u00e9s v\u00e1rt r\u00e1d? Ha most becsukhatn\u00e1d \u00fajra, \u00e9s elrep\u00fclhetn\u00e9l a vil\u00e1g legjobb ker\u00e9kp\u00e1ros hely\u00e9re, vajon hol bukkann\u00e1l fel? El\u00e1ruljuk: Tirolban, a Kaunertal-v\u00f6lgyben.","robots":{"index":"index","follow":"follow","max-snippet":"max-snippet:-1","max-image-preview":"max-image-preview:large","max-video-preview":"max-video-preview:-1"},"canonical":"https:\/\/www.welovecycling.com\/hu\/blog\/bringatura-a-termeszetben-a-teljesen-elektromos-enyaq-iv-val\/","og_locale":"hu_HU","og_type":"article","og_title":"Bringat\u00fara a term\u00e9szetben, a teljesen elektromos ENYAQ iV-val","og_description":"Eml\u00e9kszel, amikor kicsi korodban behunytad a szemed, \u00e9s amikor kinyitottad, meglepet\u00e9s v\u00e1rt r\u00e1d? Ha most becsukhatn\u00e1d \u00fajra, \u00e9s elrep\u00fclhetn\u00e9l a vil\u00e1g legjobb ker\u00e9kp\u00e1ros hely\u00e9re, vajon hol bukkann\u00e1l fel? El\u00e1ruljuk: Tirolban, a Kaunertal-v\u00f6lgyben.","og_url":"https:\/\/www.welovecycling.com\/hu\/blog\/bringatura-a-termeszetben-a-teljesen-elektromos-enyaq-iv-val\/","og_site_name":"\u0160koda We Love Cycling - Magyarorsz\u00e1g","article_publisher":"https:\/\/www.facebook.com\/WeLoveCyclingHungary\/","article_published_time":"2021-09-23T06:00:10+00:00","article_modified_time":"2022-02-09T07:53:49+00:00","og_image":[{"width":1366,"height":600,"url":"https:\/\/d2p6e6u75xmxt8.cloudfront.net\/12\/2021\/09\/ENYAQ-iV-Review-CVR-1.jpg","type":"image\/jpeg"}],"author":"hegyizs","twitter_card":"summary_large_image","twitter_misc":{"Written by":"We Love Cycling","Est. reading time":"6"},"schema":{"@context":"https:\/\/schema.org","@graph":[{"@type":"WebPage","@id":"https:\/\/www.welovecycling.com\/hu\/blog\/bringatura-a-termeszetben-a-teljesen-elektromos-enyaq-iv-val\/","url":"https:\/\/www.welovecycling.com\/hu\/blog\/bringatura-a-termeszetben-a-teljesen-elektromos-enyaq-iv-val\/","name":"Bringat\u00fara a term\u00e9szetben, a teljesen elektromos ENYAQ iV-val","isPartOf":{"@id":"https:\/\/www.welovecycling.com\/hu\/#website"},"primaryImageOfPage":{"@id":"https:\/\/www.welovecycling.com\/hu\/blog\/bringatura-a-termeszetben-a-teljesen-elektromos-enyaq-iv-val\/#primaryimage"},"image":{"@id":"https:\/\/www.welovecycling.com\/hu\/blog\/bringatura-a-termeszetben-a-teljesen-elektromos-enyaq-iv-val\/#primaryimage"},"thumbnailUrl":"https:\/\/d2p6e6u75xmxt8.cloudfront.net\/12\/2021\/09\/ENYAQ-iV-Review-CVR-1.jpg","datePublished":"2021-09-23T06:00:10+00:00","dateModified":"2022-02-09T07:53:49+00:00","author":{"@id":"https:\/\/www.welovecycling.com\/hu\/#\/schema\/person\/414a2aebf1801691a5320edb6468e194"},"description":"Eml\u00e9kszel, amikor kicsi korodban behunytad a szemed, \u00e9s amikor kinyitottad, meglepet\u00e9s v\u00e1rt r\u00e1d? Ha most becsukhatn\u00e1d \u00fajra, \u00e9s elrep\u00fclhetn\u00e9l a vil\u00e1g legjobb ker\u00e9kp\u00e1ros hely\u00e9re, vajon hol bukkann\u00e1l fel? El\u00e1ruljuk: Tirolban, a Kaunertal-v\u00f6lgyben.","breadcrumb":{"@id":"https:\/\/www.welovecycling.com\/hu\/blog\/bringatura-a-termeszetben-a-teljesen-elektromos-enyaq-iv-val\/#breadcrumb"},"inLanguage":"hu","potentialAction":[{"@type":"ReadAction","target":["https:\/\/www.welovecycling.com\/hu\/blog\/bringatura-a-termeszetben-a-teljesen-elektromos-enyaq-iv-val\/"]}]},{"@type":"ImageObject","inLanguage":"hu","@id":"https:\/\/www.welovecycling.com\/hu\/blog\/bringatura-a-termeszetben-a-teljesen-elektromos-enyaq-iv-val\/#primaryimage","url":"https:\/\/d2p6e6u75xmxt8.cloudfront.net\/12\/2021\/09\/ENYAQ-iV-Review-CVR-1.jpg","contentUrl":"https:\/\/d2p6e6u75xmxt8.cloudfront.net\/12\/2021\/09\/ENYAQ-iV-Review-CVR-1.jpg","width":1366,"height":600,"caption":"\u0160koda ENYAQ iV"},{"@type":"BreadcrumbList","@id":"https:\/\/www.welovecycling.com\/hu\/blog\/bringatura-a-termeszetben-a-teljesen-elektromos-enyaq-iv-val\/#breadcrumb","itemListElement":[{"@type":"ListItem","position":1,"name":"Home","item":"https:\/\/www.welovecycling.com\/hu\/"},{"@type":"ListItem","position":2,"name":"Bringat\u00fara a term\u00e9szetben, a teljesen elektromos ENYAQ iV-val"}]},{"@type":"WebSite","@id":"https:\/\/www.welovecycling.com\/hu\/#website","url":"https:\/\/www.welovecycling.com\/hu\/","name":"\u0160koda We Love Cycling - Magyarorsz\u00e1g","description":"\u0160koda WeLoveCycling","potentialAction":[{"@type":"SearchAction","target":{"@type":"EntryPoint","urlTemplate":"https:\/\/www.welovecycling.com\/hu\/?s={search_term_string}"},"query-input":{"@type":"PropertyValueSpecification","valueRequired":true,"valueName":"search_term_string"}}],"inLanguage":"hu"},{"@type":"Person","@id":"https:\/\/www.welovecycling.com\/hu\/#\/schema\/person\/414a2aebf1801691a5320edb6468e194","name":"hegyizs","image":{"@type":"ImageObject","inLanguage":"hu","@id":"https:\/\/www.welovecycling.com\/hu\/#\/schema\/person\/image\/","url":"https:\/\/secure.gravatar.com\/avatar\/02cf8a7906b8cf90cecb4679defac7cfd33a1c2e3b88e4903d947f3bb58eedd3?s=96&d=mm&r=g","contentUrl":"https:\/\/secure.gravatar.com\/avatar\/02cf8a7906b8cf90cecb4679defac7cfd33a1c2e3b88e4903d947f3bb58eedd3?s=96&d=mm&r=g","caption":"hegyizs"},"url":"https:\/\/www.welovecycling.com\/hu\/author\/hegyizs\/"}]}},"_links":{"self":[{"href":"https:\/\/www.welovecycling.com\/hu\/wp-json\/wp\/v2\/posts\/12484","targetHints":{"allow":["GET"]}}],"collection":[{"href":"https:\/\/www.welovecycling.com\/hu\/wp-json\/wp\/v2\/posts"}],"about":[{"href":"https:\/\/www.welovecycling.com\/hu\/wp-json\/wp\/v2\/types\/post"}],"author":[{"embeddable":true,"href":"https:\/\/www.welovecycling.com\/hu\/wp-json\/wp\/v2\/users\/71"}],"replies":[{"embeddable":true,"href":"https:\/\/www.welovecycling.com\/hu\/wp-json\/wp\/v2\/comments?post=12484"}],"version-history":[{"count":2,"href":"https:\/\/www.welovecycling.com\/hu\/wp-json\/wp\/v2\/posts\/12484\/revisions"}],"predecessor-version":[{"id":12497,"href":"https:\/\/www.welovecycling.com\/hu\/wp-json\/wp\/v2\/posts\/12484\/revisions\/12497"}],"wp:featuredmedia":[{"embeddable":true,"href":"https:\/\/www.welovecycling.com\/hu\/wp-json\/wp\/v2\/media\/12489"}],"wp:attachment":[{"href":"https:\/\/www.welovecycling.com\/hu\/wp-json\/wp\/v2\/media?parent=12484"}],"wp:term":[{"taxonomy":"category","embeddable":true,"href":"https:\/\/www.welovecycling.com\/hu\/wp-json\/wp\/v2\/categories?post=12484"},{"taxonomy":"post_tag","embeddable":true,"href":"https:\/\/www.welovecycling.com\/hu\/wp-json\/wp\/v2\/tags?post=12484"},{"taxonomy":"global-categories","embeddable":true,"href":"https:\/\/www.welovecycling.com\/hu\/wp-json\/wp\/v2\/global-categories?post=12484"}],"curies":[{"name":"wp","href":"https:\/\/api.w.org\/{rel}","templated":true}]}}