{"id":12469,"date":"2021-09-22T08:00:18","date_gmt":"2021-09-22T06:00:18","guid":{"rendered":"https:\/\/www.welovecycling.com\/hu\/?p=12469"},"modified":"2021-09-17T14:59:10","modified_gmt":"2021-09-17T12:59:10","slug":"valosagos-atok-ul-a-szivarvanyos-mezen","status":"publish","type":"post","link":"https:\/\/www.welovecycling.com\/hu\/orszaguti-kerekpar\/valosagos-atok-ul-a-szivarvanyos-mezen\/","title":{"rendered":"Val\u00f3s\u00e1gos \u00e1tok \u00fcl a sziv\u00e1rv\u00e1nyos mezen?"},"content":{"rendered":"<p><strong>A furcsa s\u00e9r\u00fcl\u00e9sekt\u0151l kezdve, az elker\u00fclhetetlen felt\u0171n\u00e9skelt\u00e9sig, a sziv\u00e1rv\u00e1nyos mez elnyer\u00e9se a Vil\u00e1gbajnoks\u00e1gon ink\u00e1bb \u00e1tok, mintsem \u00e1ld\u00e1s lehet a gy\u0151ztes sz\u00e1m\u00e1ra. J\u00f3l ismert ez a m\u00edtosz a ker\u00e9kp\u00e1ros k\u00f6r\u00f6kben, de vajon t\u00e9nyleg van alapja? Ut\u00e1naj\u00e1rtunk.<\/strong><\/p>\n<p><!--more--><\/p>\n<p>M\u00e9g 2015-ben, amikor Peter Sagan hihetetlen \u00fctemben, h\u00e1rom egym\u00e1st k\u00f6vet\u0151 gy\u0151zelmet aratott a f\u00e9rfi vil\u00e1gbajnoki orsz\u00e1g\u00fati versenyen, a British Medical Journal megvizsg\u00e1lta az \u00fagynevezett \u00e1tok m\u00f6g\u00f6tt \u00e1ll\u00f3 sz\u00e1mokat. Kutat\u00e1suk f\u0151 t\u00e1rgya a \u201ereflektorf\u00e9ny effektus\u201d volt, vagyis az, hogy a regn\u00e1l\u00f3 bajnokok k\u00f6nnyen azonos\u00edthat\u00f3k a megk\u00fcl\u00f6nb\u00f6ztet\u0151, cs\u00edkos mez alapj\u00e1n, melyet a gy\u0151zelm\u00fcket k\u00f6vet\u0151 \u00e9vben viselnek. Ezt a kommentel\u0151k is mindig meger\u0151s\u00edtik: szerint\u00fck is nagyon k\u00f6nny\u0171 kisz\u00farni a trik\u00f3t a mez\u0151nyben.<\/p>\n<figure id=\"attachment_12470\" aria-describedby=\"caption-attachment-12470\" style=\"width: 1250px\" class=\"wp-caption alignnone\"><a href=\"https:\/\/d2p6e6u75xmxt8.cloudfront.net\/12\/2021\/09\/Peter-Sagan-profimedia-0340403713.jpg\"><img loading=\"lazy\" decoding=\"async\" class=\"size-full wp-image-12470\" src=\"https:\/\/d2p6e6u75xmxt8.cloudfront.net\/12\/2021\/09\/Peter-Sagan-profimedia-0340403713.jpg\" alt=\"Peter Sagan\" width=\"1250\" height=\"833\" srcset=\"https:\/\/d2p6e6u75xmxt8.cloudfront.net\/12\/2021\/09\/Peter-Sagan-profimedia-0340403713.jpg 1250w, https:\/\/d2p6e6u75xmxt8.cloudfront.net\/12\/2021\/09\/Peter-Sagan-profimedia-0340403713-300x200.jpg 300w, https:\/\/d2p6e6u75xmxt8.cloudfront.net\/12\/2021\/09\/Peter-Sagan-profimedia-0340403713-1024x682.jpg 1024w, https:\/\/d2p6e6u75xmxt8.cloudfront.net\/12\/2021\/09\/Peter-Sagan-profimedia-0340403713-768x512.jpg 768w, https:\/\/d2p6e6u75xmxt8.cloudfront.net\/12\/2021\/09\/Peter-Sagan-profimedia-0340403713-272x182.jpg 272w\" sizes=\"auto, (max-width: 1250px) 100vw, 1250px\" \/><\/a><figcaption id=\"caption-attachment-12470\" class=\"wp-caption-text\"><em>Sagan \u00fcnnepli a szakaszgy\u0151zelm\u00e9t 2017-ben. \u00a9 Profimedia<\/em><\/figcaption><\/figure>\n<p>A cikk szerint hi\u00e1ba k\u00fczdenek a vil\u00e1gbajnokok ugyan\u00fagy, mint kor\u00e1bban, a mez hatalmas nyom\u00e1st jelent sz\u00e1mukra, hogy a gy\u0151zelm\u00fcket k\u00f6vet\u0151 \u00e9vben is j\u00f3l szerepeljenek.<\/p>\n<h2><strong>Az eredm\u00e9nyek<\/strong><\/h2>\n<p>Az adatok alapj\u00e1n, melyeket a procyclingstats.com oldalr\u00f3l gy\u0171jt\u00f6ttek az \u00fajs\u00e1g\u00edr\u00f3k, nem mondhatjuk biztosra, hogy van \u00f6sszef\u00fcgg\u00e9s a vil\u00e1gbajnoki c\u00edm \u00e9s az azt k\u00f6vet\u0151 esem\u00e9nyek k\u00f6z\u00f6tt. Az adatk\u00e9szlet 1965 \u00e9s 2013 k\u00f6z\u00f6tti, a v\u00e1ltoz\u00f3 m\u00e9ret\u0171 mint\u00e1k azt mutatt\u00e1k, hogy a regn\u00e1l\u00f3 bajnokok \u00f6sszes gy\u0151zelme val\u00f3ban kevesebb a vil\u00e1gbajnoks\u00e1got k\u00f6vet\u0151 \u00e9vben.<\/p>\n<p>\u00c9rdekes m\u00f3don ugyanezeket az adatokat kapjuk, ha a Tour of Lombardy gy\u0151zteseinek eredm\u00e9nyeit vizsg\u00e1ljuk. Ez a verseny a Vil\u00e1gbajnoks\u00e1gokhoz hasonl\u00f3 terepen, \u00e9s majdnem ugyanabban az id\u0151pontban zajlik. Az eredm\u00e9nyek meglep\u0151en korrel\u00e1lnak: azt mutatj\u00e1k, hogy nem seg\u00edt, ha az el\u0151z\u0151 \u00e9v gy\u0151ztese egy j\u00f3l l\u00e1that\u00f3 mezben teker.<\/p>\n<p>De mi t\u00f6rt\u00e9nt 2013 \u00f3ta? Vajon m\u00e9g mindig tart az \u00e1tok? H\u00e1ny olyan versenyt l\u00e1ttunk, ahol a vil\u00e1gbajnok nyert, \u00e9s h\u00e1ny olyat, ahol vesz\u00edtett?<\/p>\n<figure id=\"attachment_12471\" aria-describedby=\"caption-attachment-12471\" style=\"width: 1000px\" class=\"wp-caption alignnone\"><a href=\"https:\/\/d2p6e6u75xmxt8.cloudfront.net\/12\/2021\/09\/Peter-Sagan-profimedia-0166888301.jpg\"><img loading=\"lazy\" decoding=\"async\" class=\"wp-image-12471 size-full\" src=\"https:\/\/d2p6e6u75xmxt8.cloudfront.net\/12\/2021\/09\/Peter-Sagan-profimedia-0166888301.jpg\" alt=\"Peter Sagan\" width=\"1000\" height=\"666\" srcset=\"https:\/\/d2p6e6u75xmxt8.cloudfront.net\/12\/2021\/09\/Peter-Sagan-profimedia-0166888301.jpg 1000w, https:\/\/d2p6e6u75xmxt8.cloudfront.net\/12\/2021\/09\/Peter-Sagan-profimedia-0166888301-300x200.jpg 300w, https:\/\/d2p6e6u75xmxt8.cloudfront.net\/12\/2021\/09\/Peter-Sagan-profimedia-0166888301-768x511.jpg 768w, https:\/\/d2p6e6u75xmxt8.cloudfront.net\/12\/2021\/09\/Peter-Sagan-profimedia-0166888301-272x182.jpg 272w\" sizes=\"auto, (max-width: 1000px) 100vw, 1000px\" \/><\/a><figcaption id=\"caption-attachment-12471\" class=\"wp-caption-text\"><em>Sagan is a sziv\u00e1rv\u00e1nyos mez \u00e1tk\u00e1nak \u00e1ldozata lett? \u00a9 Profimedia<\/em><\/figcaption><\/figure>\n<h2><strong>2015 \u00f3ta<\/strong><\/h2>\n<p>Az ok, ami\u00e9rt az elm\u00falt hat \u00e9v \u00e9rdekes volt, gyakorlatilag Sagan. Nem csak a sziv\u00e1rv\u00e1nyos mezt viselhette, de t\u00f6bbsz\u00f6r is vil\u00e1gbajnok lett, 2015-ben, 2016-ban, majd 2017-ben is. Ez ut\u00f3bbi volt tal\u00e1n a legszebb gy\u0151zelme, a bergeni sprinttel megkoron\u00e1zva.<\/p>\n<p>A Tour de France, a Ronde Van Vlaanderen \u00e9s a P\u00e1rizs-Roubaix gy\u0151zelmeit mutathatja fel Sagan az \u00e1tok m\u00edtosz\u00e1nak c\u00e1fol\u00e1s\u00e1ra. Azonban 2018 ut\u00e1n az ereje megcsappant \u2013 m\u00e9g mindig leny\u0171g\u00f6z\u0151, de m\u00e1r nem olyan, mint volt. A Giro-n \u00e9s a Tour-on is gy\u0151z\u00f6tt m\u00e9g 2019-ben, de \u00f6sszess\u00e9g\u00e9ben egyre kevesebbszer \u00e1llhat fel a dobog\u00f3ra.<\/p>\n<p>\u00c9rdekes Sagannal kapcsolatban, hogy a sziv\u00e1rv\u00e1nyos mez miatt mindig ott volt a reflektorf\u00e9nyben, de ez soha nem akad\u00e1lyozta. Az, hogy milyen szerepet j\u00e1tszik majd id\u00e9n Belgiumban, m\u00e1s k\u00e9rd\u00e9s, de ha ism\u00e9t megnyeri a vil\u00e1gbajnoki c\u00edmet, azzal megkezd\u0151dhet karrierj\u00e9nek renesz\u00e1nsza.<\/p>\n<figure id=\"attachment_12472\" aria-describedby=\"caption-attachment-12472\" style=\"width: 1800px\" class=\"wp-caption alignnone\"><a href=\"https:\/\/d2p6e6u75xmxt8.cloudfront.net\/12\/2021\/09\/profimedia-0302981665.jpg\"><img loading=\"lazy\" decoding=\"async\" class=\"size-full wp-image-12472\" src=\"https:\/\/d2p6e6u75xmxt8.cloudfront.net\/12\/2021\/09\/profimedia-0302981665.jpg\" alt=\"Peter Sagan\" width=\"1800\" height=\"1198\" srcset=\"https:\/\/d2p6e6u75xmxt8.cloudfront.net\/12\/2021\/09\/profimedia-0302981665.jpg 1800w, https:\/\/d2p6e6u75xmxt8.cloudfront.net\/12\/2021\/09\/profimedia-0302981665-300x200.jpg 300w, https:\/\/d2p6e6u75xmxt8.cloudfront.net\/12\/2021\/09\/profimedia-0302981665-1024x682.jpg 1024w, https:\/\/d2p6e6u75xmxt8.cloudfront.net\/12\/2021\/09\/profimedia-0302981665-768x511.jpg 768w, https:\/\/d2p6e6u75xmxt8.cloudfront.net\/12\/2021\/09\/profimedia-0302981665-1536x1022.jpg 1536w, https:\/\/d2p6e6u75xmxt8.cloudfront.net\/12\/2021\/09\/profimedia-0302981665-272x182.jpg 272w\" sizes=\"auto, (max-width: 1800px) 100vw, 1800px\" \/><\/a><figcaption id=\"caption-attachment-12472\" class=\"wp-caption-text\"><em>Mark Cavendish \u00e9s Peter Sagan a 2016-os UCI orsz\u00e1g\u00fati vb ut\u00e1n. \u00a9 Profimedia, Zuma Press \u2013 Archives<\/em><\/figcaption><\/figure>\n<h2><strong>A t\u00f6bbiek<\/strong><\/h2>\n<p>N\u00e9zz\u00fck, mi a helyzet a t\u00f6bbi versenyz\u0151vel, akik Sagan egyeduralma ut\u00e1n megnyert\u00e9k a mezt!<\/p>\n<p>Ausztri\u00e1ban Alejandro Valverde vette \u00e1t a trik\u00f3t. A hegym\u00e1sz\u00f3 er\u0151s 2019 -es \u00e9vet tudhat mag\u00e1\u00e9nak, f\u0151leg hazai p\u00e1ly\u00e1n, legnagyobb gy\u0151zelm\u00e9t a Mas de la Costa-n szerezte meg. M\u00e9gis, mind\u00f6ssze egy \u00f6sszes\u00edtett gy\u0151zelemmel \u00e9s egy maroknyi szakaszgy\u0151zelemmel fejezte be a szezont.<\/p>\n<p>2018-ban mindenki meglepet\u00e9s\u00e9re, Mads Pedersen vitte haza a mezt, miut\u00e1n legy\u0151zte Matteo Trentint egy sprint sor\u00e1n.<\/p>\n<p>Pedersen a t\u00f6rt\u00e9nelem egyik legnagyobb meglepet\u00e9sek\u00e9nt \u00e1llt a dobog\u00f3ra, legut\u00f3bb tal\u00e1n Rui Costa t\u00f6rt fel ilyen v\u00e1ratlanul 2013-ban. A Covid-19 miatt sajnos kev\u00e9s alkalommal mutathatta meg d\u00edj\u00e1t versenyen, \u00e9s hab\u00e1r a Harrogate-i p\u00e1lya t\u00f6k\u00e9letes lehet\u0151s\u00e9get ny\u00fajtott a gy\u0151zelemre, mondhatjuk, hogy egyszeri eset volt, hogy m\u00e9gsem nyert. Hogy \u0151t is s\u00fajtotta-e az \u00e1tok, vagy sem, nem lehet megmondani.<\/p>\n<figure id=\"attachment_12473\" aria-describedby=\"caption-attachment-12473\" style=\"width: 1250px\" class=\"wp-caption alignnone\"><a href=\"https:\/\/d2p6e6u75xmxt8.cloudfront.net\/12\/2021\/09\/Mads-Pedersen-profimedia-0474288834.jpg\"><img loading=\"lazy\" decoding=\"async\" class=\"size-full wp-image-12473\" src=\"https:\/\/d2p6e6u75xmxt8.cloudfront.net\/12\/2021\/09\/Mads-Pedersen-profimedia-0474288834.jpg\" alt=\"Mads Pedersen\" width=\"1250\" height=\"900\" srcset=\"https:\/\/d2p6e6u75xmxt8.cloudfront.net\/12\/2021\/09\/Mads-Pedersen-profimedia-0474288834.jpg 1250w, https:\/\/d2p6e6u75xmxt8.cloudfront.net\/12\/2021\/09\/Mads-Pedersen-profimedia-0474288834-300x216.jpg 300w, https:\/\/d2p6e6u75xmxt8.cloudfront.net\/12\/2021\/09\/Mads-Pedersen-profimedia-0474288834-1024x737.jpg 1024w, https:\/\/d2p6e6u75xmxt8.cloudfront.net\/12\/2021\/09\/Mads-Pedersen-profimedia-0474288834-768x553.jpg 768w\" sizes=\"auto, (max-width: 1250px) 100vw, 1250px\" \/><\/a><figcaption id=\"caption-attachment-12473\" class=\"wp-caption-text\">Pedersen\u00a0 2019. \u00a9 Profimedia<\/figcaption><\/figure>\n<p>Az utols\u00f3 \u00e9s tal\u00e1n leg\u00e9rdekesebb bajnok Sagan \u00f3ta Julian Alaphillipe. Az energiad\u00fas versenyz\u0151, aki soha nem riadt vissza semmit\u0151l, 2020-ban nyerte meg a c\u00edmet, l\u00e9legzetel\u00e1ll\u00edt\u00f3 egy\u00e9ni er\u0151fesz\u00edt\u00e9s\u00e9nek k\u00f6sz\u00f6nhet\u0151en.<\/p>\n<p>Gy\u0151zelmeinek nagy r\u00e9sze az\u00f3ta is hasonl\u00f3an b\u00e1mulatos volt. Id\u00e9n a TdF nyit\u00f3napj\u00e1n \u00e1llhatott fel a dobog\u00f3ra, \u00e9s a La Flecha Wallone-on is megmutatta, hogy karrierje cs\u00facs\u00e1n van. \u00c9rdemes lenne fogadni r\u00e1, hogy Flandri\u00e1ban, az orsz\u00e1g\u00fati versenyen gy\u0151zni fog, annak ellen\u00e9re, hogy t\u00f6bbsz\u00f6r \u00e9rte balszerencse ezen a ter\u00fcleten.<\/p>\n<p>\u00d6sszefoglalva teh\u00e1t: a sziv\u00e1rv\u00e1nyos mez \u00e1tka egy olyan m\u00edtosz, ami m\u00e9g biztosan \u00e9vtizedekig keringeni fog ker\u00e9kp\u00e1ros k\u00f6r\u00f6kben. Beind\u00edtja a k\u00e9pzelet\u00fcnket, amikor azt l\u00e1tjuk, hogy aki tavaly m\u00e9g h\u0151siesen k\u00fczd\u00f6tt a c\u00edm\u00e9rt, id\u00e9n nem, vagy csak alig tudja megtartani azt. Hi\u00e1ba bizony\u00edtj\u00e1k a sz\u00e1mok az ellenkez\u0151j\u00e9t, a sz\u00f3besz\u00e9d megmarad, \u00e9s m\u00e9g romantikusabb\u00e1 teszi a bicikliz\u00e9s vil\u00e1g\u00e1t.<\/p>\n","protected":false},"excerpt":{"rendered":"<p>A furcsa s\u00e9r\u00fcl\u00e9sekt\u0151l kezdve, az elker\u00fclhetetlen felt\u0171n\u00e9skelt\u00e9sig, a sziv\u00e1rv\u00e1nyos mez elnyer\u00e9se a Vil\u00e1gbajnoks\u00e1gon ink\u00e1bb \u00e1tok, mintsem \u00e1ld\u00e1s lehet a gy\u0151ztes [&hellip;]<\/p>\n","protected":false},"author":71,"featured_media":12475,"comment_status":"closed","ping_status":"closed","sticky":false,"template":"","format":"standard","meta":{"footnotes":""},"categories":[8],"tags":[],"global-categories":[],"class_list":["post-12469","post","type-post","status-publish","format-standard","has-post-thumbnail","hentry","category-orszaguti-kerekpar"],"yoast_head":"<!-- This site is optimized with the Yoast SEO Premium plugin v25.3 (Yoast SEO v25.9) - https:\/\/yoast.com\/wordpress\/plugins\/seo\/ -->\n<title>Val\u00f3s\u00e1gos \u00e1tok \u00fcl a sziv\u00e1rv\u00e1nyos mezen?<\/title>\n<meta name=\"description\" content=\"A furcsa s\u00e9r\u00fcl\u00e9sekt\u0151l kezdve, az elker\u00fclhetetlen felt\u0171n\u00e9skelt\u00e9sig, a sziv\u00e1rv\u00e1nyos mez elnyer\u00e9se a Vil\u00e1gbajnoks\u00e1gon ink\u00e1bb \u00e1tok, mintsem \u00e1ld\u00e1s lehet a gy\u0151ztes sz\u00e1m\u00e1ra. J\u00f3l ismert ez a m\u00edtosz a ker\u00e9kp\u00e1ros k\u00f6r\u00f6kben, de vajon t\u00e9nyleg van alapja? Ut\u00e1naj\u00e1rtunk.\" \/>\n<meta name=\"robots\" content=\"index, follow, max-snippet:-1, max-image-preview:large, max-video-preview:-1\" \/>\n<link rel=\"canonical\" href=\"https:\/\/www.welovecycling.com\/hu\/orszaguti-kerekpar\/valosagos-atok-ul-a-szivarvanyos-mezen\/\" \/>\n<meta property=\"og:locale\" content=\"hu_HU\" \/>\n<meta property=\"og:type\" content=\"article\" \/>\n<meta property=\"og:title\" content=\"Val\u00f3s\u00e1gos \u00e1tok \u00fcl a sziv\u00e1rv\u00e1nyos mezen?\" \/>\n<meta property=\"og:description\" content=\"A furcsa s\u00e9r\u00fcl\u00e9sekt\u0151l kezdve, az elker\u00fclhetetlen felt\u0171n\u00e9skelt\u00e9sig, a sziv\u00e1rv\u00e1nyos mez elnyer\u00e9se a Vil\u00e1gbajnoks\u00e1gon ink\u00e1bb \u00e1tok, mintsem \u00e1ld\u00e1s lehet a gy\u0151ztes sz\u00e1m\u00e1ra. J\u00f3l ismert ez a m\u00edtosz a ker\u00e9kp\u00e1ros k\u00f6r\u00f6kben, de vajon t\u00e9nyleg van alapja? Ut\u00e1naj\u00e1rtunk.\" \/>\n<meta property=\"og:url\" content=\"https:\/\/www.welovecycling.com\/hu\/orszaguti-kerekpar\/valosagos-atok-ul-a-szivarvanyos-mezen\/\" \/>\n<meta property=\"og:site_name\" content=\"\u0160koda We Love Cycling - Magyarorsz\u00e1g\" \/>\n<meta property=\"article:publisher\" content=\"https:\/\/www.facebook.com\/WeLoveCyclingHungary\/\" \/>\n<meta property=\"article:published_time\" content=\"2021-09-22T06:00:18+00:00\" \/>\n<meta property=\"og:image\" content=\"https:\/\/d2p6e6u75xmxt8.cloudfront.net\/12\/2021\/09\/Peter-Sagan-profimedia-0340403775-CVR.jpg\" \/>\n\t<meta property=\"og:image:width\" content=\"1366\" \/>\n\t<meta property=\"og:image:height\" content=\"600\" \/>\n\t<meta property=\"og:image:type\" content=\"image\/jpeg\" \/>\n<meta name=\"author\" content=\"hegyizs\" \/>\n<meta name=\"twitter:card\" content=\"summary_large_image\" \/>\n<meta name=\"twitter:label1\" content=\"Written by\" \/>\n\t<meta name=\"twitter:data1\" content=\"Joshua Donaldson\" \/>\n\t<meta name=\"twitter:label2\" content=\"Est. reading time\" \/>\n\t<meta name=\"twitter:data2\" content=\"6\" \/>\n<script type=\"application\/ld+json\" class=\"yoast-schema-graph\">{\"@context\":\"https:\/\/schema.org\",\"@graph\":[{\"@type\":\"WebPage\",\"@id\":\"https:\/\/www.welovecycling.com\/hu\/orszaguti-kerekpar\/valosagos-atok-ul-a-szivarvanyos-mezen\/\",\"url\":\"https:\/\/www.welovecycling.com\/hu\/orszaguti-kerekpar\/valosagos-atok-ul-a-szivarvanyos-mezen\/\",\"name\":\"Val\u00f3s\u00e1gos \u00e1tok \u00fcl a sziv\u00e1rv\u00e1nyos mezen?\",\"isPartOf\":{\"@id\":\"https:\/\/www.welovecycling.com\/hu\/#website\"},\"primaryImageOfPage\":{\"@id\":\"https:\/\/www.welovecycling.com\/hu\/orszaguti-kerekpar\/valosagos-atok-ul-a-szivarvanyos-mezen\/#primaryimage\"},\"image\":{\"@id\":\"https:\/\/www.welovecycling.com\/hu\/orszaguti-kerekpar\/valosagos-atok-ul-a-szivarvanyos-mezen\/#primaryimage\"},\"thumbnailUrl\":\"https:\/\/d2p6e6u75xmxt8.cloudfront.net\/12\/2021\/09\/Peter-Sagan-profimedia-0340403775-CVR.jpg\",\"datePublished\":\"2021-09-22T06:00:18+00:00\",\"author\":{\"@id\":\"https:\/\/www.welovecycling.com\/hu\/#\/schema\/person\/414a2aebf1801691a5320edb6468e194\"},\"description\":\"A furcsa s\u00e9r\u00fcl\u00e9sekt\u0151l kezdve, az elker\u00fclhetetlen felt\u0171n\u00e9skelt\u00e9sig, a sziv\u00e1rv\u00e1nyos mez elnyer\u00e9se a Vil\u00e1gbajnoks\u00e1gon ink\u00e1bb \u00e1tok, mintsem \u00e1ld\u00e1s lehet a gy\u0151ztes sz\u00e1m\u00e1ra. J\u00f3l ismert ez a m\u00edtosz a ker\u00e9kp\u00e1ros k\u00f6r\u00f6kben, de vajon t\u00e9nyleg van alapja? Ut\u00e1naj\u00e1rtunk.\",\"breadcrumb\":{\"@id\":\"https:\/\/www.welovecycling.com\/hu\/orszaguti-kerekpar\/valosagos-atok-ul-a-szivarvanyos-mezen\/#breadcrumb\"},\"inLanguage\":\"hu\",\"potentialAction\":[{\"@type\":\"ReadAction\",\"target\":[\"https:\/\/www.welovecycling.com\/hu\/orszaguti-kerekpar\/valosagos-atok-ul-a-szivarvanyos-mezen\/\"]}]},{\"@type\":\"ImageObject\",\"inLanguage\":\"hu\",\"@id\":\"https:\/\/www.welovecycling.com\/hu\/orszaguti-kerekpar\/valosagos-atok-ul-a-szivarvanyos-mezen\/#primaryimage\",\"url\":\"https:\/\/d2p6e6u75xmxt8.cloudfront.net\/12\/2021\/09\/Peter-Sagan-profimedia-0340403775-CVR.jpg\",\"contentUrl\":\"https:\/\/d2p6e6u75xmxt8.cloudfront.net\/12\/2021\/09\/Peter-Sagan-profimedia-0340403775-CVR.jpg\",\"width\":1366,\"height\":600},{\"@type\":\"BreadcrumbList\",\"@id\":\"https:\/\/www.welovecycling.com\/hu\/orszaguti-kerekpar\/valosagos-atok-ul-a-szivarvanyos-mezen\/#breadcrumb\",\"itemListElement\":[{\"@type\":\"ListItem\",\"position\":1,\"name\":\"Home\",\"item\":\"https:\/\/www.welovecycling.com\/hu\/\"},{\"@type\":\"ListItem\",\"position\":2,\"name\":\"Val\u00f3s\u00e1gos \u00e1tok \u00fcl a sziv\u00e1rv\u00e1nyos mezen?\"}]},{\"@type\":\"WebSite\",\"@id\":\"https:\/\/www.welovecycling.com\/hu\/#website\",\"url\":\"https:\/\/www.welovecycling.com\/hu\/\",\"name\":\"\u0160koda We Love Cycling - Magyarorsz\u00e1g\",\"description\":\"\u0160koda WeLoveCycling\",\"potentialAction\":[{\"@type\":\"SearchAction\",\"target\":{\"@type\":\"EntryPoint\",\"urlTemplate\":\"https:\/\/www.welovecycling.com\/hu\/?s={search_term_string}\"},\"query-input\":{\"@type\":\"PropertyValueSpecification\",\"valueRequired\":true,\"valueName\":\"search_term_string\"}}],\"inLanguage\":\"hu\"},{\"@type\":\"Person\",\"@id\":\"https:\/\/www.welovecycling.com\/hu\/#\/schema\/person\/414a2aebf1801691a5320edb6468e194\",\"name\":\"hegyizs\",\"image\":{\"@type\":\"ImageObject\",\"inLanguage\":\"hu\",\"@id\":\"https:\/\/www.welovecycling.com\/hu\/#\/schema\/person\/image\/\",\"url\":\"https:\/\/secure.gravatar.com\/avatar\/02cf8a7906b8cf90cecb4679defac7cfd33a1c2e3b88e4903d947f3bb58eedd3?s=96&d=mm&r=g\",\"contentUrl\":\"https:\/\/secure.gravatar.com\/avatar\/02cf8a7906b8cf90cecb4679defac7cfd33a1c2e3b88e4903d947f3bb58eedd3?s=96&d=mm&r=g\",\"caption\":\"hegyizs\"},\"url\":\"https:\/\/www.welovecycling.com\/hu\/author\/hegyizs\/\"}]}<\/script>\n<!-- \/ Yoast SEO Premium plugin. -->","yoast_head_json":{"title":"Val\u00f3s\u00e1gos \u00e1tok \u00fcl a sziv\u00e1rv\u00e1nyos mezen?","description":"A furcsa s\u00e9r\u00fcl\u00e9sekt\u0151l kezdve, az elker\u00fclhetetlen felt\u0171n\u00e9skelt\u00e9sig, a sziv\u00e1rv\u00e1nyos mez elnyer\u00e9se a Vil\u00e1gbajnoks\u00e1gon ink\u00e1bb \u00e1tok, mintsem \u00e1ld\u00e1s lehet a gy\u0151ztes sz\u00e1m\u00e1ra. J\u00f3l ismert ez a m\u00edtosz a ker\u00e9kp\u00e1ros k\u00f6r\u00f6kben, de vajon t\u00e9nyleg van alapja? Ut\u00e1naj\u00e1rtunk.","robots":{"index":"index","follow":"follow","max-snippet":"max-snippet:-1","max-image-preview":"max-image-preview:large","max-video-preview":"max-video-preview:-1"},"canonical":"https:\/\/www.welovecycling.com\/hu\/orszaguti-kerekpar\/valosagos-atok-ul-a-szivarvanyos-mezen\/","og_locale":"hu_HU","og_type":"article","og_title":"Val\u00f3s\u00e1gos \u00e1tok \u00fcl a sziv\u00e1rv\u00e1nyos mezen?","og_description":"A furcsa s\u00e9r\u00fcl\u00e9sekt\u0151l kezdve, az elker\u00fclhetetlen felt\u0171n\u00e9skelt\u00e9sig, a sziv\u00e1rv\u00e1nyos mez elnyer\u00e9se a Vil\u00e1gbajnoks\u00e1gon ink\u00e1bb \u00e1tok, mintsem \u00e1ld\u00e1s lehet a gy\u0151ztes sz\u00e1m\u00e1ra. J\u00f3l ismert ez a m\u00edtosz a ker\u00e9kp\u00e1ros k\u00f6r\u00f6kben, de vajon t\u00e9nyleg van alapja? Ut\u00e1naj\u00e1rtunk.","og_url":"https:\/\/www.welovecycling.com\/hu\/orszaguti-kerekpar\/valosagos-atok-ul-a-szivarvanyos-mezen\/","og_site_name":"\u0160koda We Love Cycling - Magyarorsz\u00e1g","article_publisher":"https:\/\/www.facebook.com\/WeLoveCyclingHungary\/","article_published_time":"2021-09-22T06:00:18+00:00","og_image":[{"width":1366,"height":600,"url":"https:\/\/d2p6e6u75xmxt8.cloudfront.net\/12\/2021\/09\/Peter-Sagan-profimedia-0340403775-CVR.jpg","type":"image\/jpeg"}],"author":"hegyizs","twitter_card":"summary_large_image","twitter_misc":{"Written by":"Joshua Donaldson","Est. reading time":"6"},"schema":{"@context":"https:\/\/schema.org","@graph":[{"@type":"WebPage","@id":"https:\/\/www.welovecycling.com\/hu\/orszaguti-kerekpar\/valosagos-atok-ul-a-szivarvanyos-mezen\/","url":"https:\/\/www.welovecycling.com\/hu\/orszaguti-kerekpar\/valosagos-atok-ul-a-szivarvanyos-mezen\/","name":"Val\u00f3s\u00e1gos \u00e1tok \u00fcl a sziv\u00e1rv\u00e1nyos mezen?","isPartOf":{"@id":"https:\/\/www.welovecycling.com\/hu\/#website"},"primaryImageOfPage":{"@id":"https:\/\/www.welovecycling.com\/hu\/orszaguti-kerekpar\/valosagos-atok-ul-a-szivarvanyos-mezen\/#primaryimage"},"image":{"@id":"https:\/\/www.welovecycling.com\/hu\/orszaguti-kerekpar\/valosagos-atok-ul-a-szivarvanyos-mezen\/#primaryimage"},"thumbnailUrl":"https:\/\/d2p6e6u75xmxt8.cloudfront.net\/12\/2021\/09\/Peter-Sagan-profimedia-0340403775-CVR.jpg","datePublished":"2021-09-22T06:00:18+00:00","author":{"@id":"https:\/\/www.welovecycling.com\/hu\/#\/schema\/person\/414a2aebf1801691a5320edb6468e194"},"description":"A furcsa s\u00e9r\u00fcl\u00e9sekt\u0151l kezdve, az elker\u00fclhetetlen felt\u0171n\u00e9skelt\u00e9sig, a sziv\u00e1rv\u00e1nyos mez elnyer\u00e9se a Vil\u00e1gbajnoks\u00e1gon ink\u00e1bb \u00e1tok, mintsem \u00e1ld\u00e1s lehet a gy\u0151ztes sz\u00e1m\u00e1ra. J\u00f3l ismert ez a m\u00edtosz a ker\u00e9kp\u00e1ros k\u00f6r\u00f6kben, de vajon t\u00e9nyleg van alapja? Ut\u00e1naj\u00e1rtunk.","breadcrumb":{"@id":"https:\/\/www.welovecycling.com\/hu\/orszaguti-kerekpar\/valosagos-atok-ul-a-szivarvanyos-mezen\/#breadcrumb"},"inLanguage":"hu","potentialAction":[{"@type":"ReadAction","target":["https:\/\/www.welovecycling.com\/hu\/orszaguti-kerekpar\/valosagos-atok-ul-a-szivarvanyos-mezen\/"]}]},{"@type":"ImageObject","inLanguage":"hu","@id":"https:\/\/www.welovecycling.com\/hu\/orszaguti-kerekpar\/valosagos-atok-ul-a-szivarvanyos-mezen\/#primaryimage","url":"https:\/\/d2p6e6u75xmxt8.cloudfront.net\/12\/2021\/09\/Peter-Sagan-profimedia-0340403775-CVR.jpg","contentUrl":"https:\/\/d2p6e6u75xmxt8.cloudfront.net\/12\/2021\/09\/Peter-Sagan-profimedia-0340403775-CVR.jpg","width":1366,"height":600},{"@type":"BreadcrumbList","@id":"https:\/\/www.welovecycling.com\/hu\/orszaguti-kerekpar\/valosagos-atok-ul-a-szivarvanyos-mezen\/#breadcrumb","itemListElement":[{"@type":"ListItem","position":1,"name":"Home","item":"https:\/\/www.welovecycling.com\/hu\/"},{"@type":"ListItem","position":2,"name":"Val\u00f3s\u00e1gos \u00e1tok \u00fcl a sziv\u00e1rv\u00e1nyos mezen?"}]},{"@type":"WebSite","@id":"https:\/\/www.welovecycling.com\/hu\/#website","url":"https:\/\/www.welovecycling.com\/hu\/","name":"\u0160koda We Love Cycling - Magyarorsz\u00e1g","description":"\u0160koda WeLoveCycling","potentialAction":[{"@type":"SearchAction","target":{"@type":"EntryPoint","urlTemplate":"https:\/\/www.welovecycling.com\/hu\/?s={search_term_string}"},"query-input":{"@type":"PropertyValueSpecification","valueRequired":true,"valueName":"search_term_string"}}],"inLanguage":"hu"},{"@type":"Person","@id":"https:\/\/www.welovecycling.com\/hu\/#\/schema\/person\/414a2aebf1801691a5320edb6468e194","name":"hegyizs","image":{"@type":"ImageObject","inLanguage":"hu","@id":"https:\/\/www.welovecycling.com\/hu\/#\/schema\/person\/image\/","url":"https:\/\/secure.gravatar.com\/avatar\/02cf8a7906b8cf90cecb4679defac7cfd33a1c2e3b88e4903d947f3bb58eedd3?s=96&d=mm&r=g","contentUrl":"https:\/\/secure.gravatar.com\/avatar\/02cf8a7906b8cf90cecb4679defac7cfd33a1c2e3b88e4903d947f3bb58eedd3?s=96&d=mm&r=g","caption":"hegyizs"},"url":"https:\/\/www.welovecycling.com\/hu\/author\/hegyizs\/"}]}},"_links":{"self":[{"href":"https:\/\/www.welovecycling.com\/hu\/wp-json\/wp\/v2\/posts\/12469","targetHints":{"allow":["GET"]}}],"collection":[{"href":"https:\/\/www.welovecycling.com\/hu\/wp-json\/wp\/v2\/posts"}],"about":[{"href":"https:\/\/www.welovecycling.com\/hu\/wp-json\/wp\/v2\/types\/post"}],"author":[{"embeddable":true,"href":"https:\/\/www.welovecycling.com\/hu\/wp-json\/wp\/v2\/users\/71"}],"replies":[{"embeddable":true,"href":"https:\/\/www.welovecycling.com\/hu\/wp-json\/wp\/v2\/comments?post=12469"}],"version-history":[{"count":2,"href":"https:\/\/www.welovecycling.com\/hu\/wp-json\/wp\/v2\/posts\/12469\/revisions"}],"predecessor-version":[{"id":12496,"href":"https:\/\/www.welovecycling.com\/hu\/wp-json\/wp\/v2\/posts\/12469\/revisions\/12496"}],"wp:featuredmedia":[{"embeddable":true,"href":"https:\/\/www.welovecycling.com\/hu\/wp-json\/wp\/v2\/media\/12475"}],"wp:attachment":[{"href":"https:\/\/www.welovecycling.com\/hu\/wp-json\/wp\/v2\/media?parent=12469"}],"wp:term":[{"taxonomy":"category","embeddable":true,"href":"https:\/\/www.welovecycling.com\/hu\/wp-json\/wp\/v2\/categories?post=12469"},{"taxonomy":"post_tag","embeddable":true,"href":"https:\/\/www.welovecycling.com\/hu\/wp-json\/wp\/v2\/tags?post=12469"},{"taxonomy":"global-categories","embeddable":true,"href":"https:\/\/www.welovecycling.com\/hu\/wp-json\/wp\/v2\/global-categories?post=12469"}],"curies":[{"name":"wp","href":"https:\/\/api.w.org\/{rel}","templated":true}]}}