{"id":12465,"date":"2021-09-21T08:00:52","date_gmt":"2021-09-21T06:00:52","guid":{"rendered":"https:\/\/www.welovecycling.com\/hu\/?p=12465"},"modified":"2021-09-17T14:58:35","modified_gmt":"2021-09-17T12:58:35","slug":"evakualtak-az-afgan-noi-kerekparcsapatot-miutan-a-talibok-megtiltottak-hogy-sportoljanak","status":"publish","type":"post","link":"https:\/\/www.welovecycling.com\/hu\/kozosseg-es-kultura\/evakualtak-az-afgan-noi-kerekparcsapatot-miutan-a-talibok-megtiltottak-hogy-sportoljanak\/","title":{"rendered":"Evaku\u00e1lt\u00e1k az afg\u00e1n n\u0151i ker\u00e9kp\u00e1rcsapatot, miut\u00e1n a t\u00e1libok megtiltott\u00e1k, hogy sportoljanak"},"content":{"rendered":"<p><strong>A NATO-csapatok Afganiszt\u00e1nb\u00f3l val\u00f3 kivon\u00e1s\u00e1t k\u00f6vet\u0151en a t\u00e1libok \u00e1tvett\u00e9k az orsz\u00e1g nagy r\u00e9sze f\u00f6l\u00f6tt a hatalmat, k\u00f6zt\u00fck a f\u0151v\u00e1ros, Kabul ir\u00e1ny\u00edt\u00e1s\u00e1t is. Ahmadullah Wasiq, a t\u00e1lib kultur\u00e1lis bizotts\u00e1g vezet\u0151helyettese besz\u00e1molt az ausztr\u00e1l SBS News h\u00edr\u00fcgyn\u00f6ks\u00e9gnek, hogy az \u00faj szab\u00e1lyoz\u00e1saik szerint a n\u0151k nem j\u00e1tszhatnak krikettet \u00e9s nem \u0171zhetnek m\u00e1s sportokat sem, mert <em>\u201eolyan helyzetbe ker\u00fclhetnek, melyben nincs eltakarva az arcuk \u00e9s a test\u00fck\u201d.<\/em><\/strong><\/p>\n<p><!--more--><\/p>\n<p>A CNN h\u00edrad\u00e1sa szerint az Egyes\u00fclt Arab Em\u00edrs\u00e9gek 41 afg\u00e1n menek\u00fcltet fogadott be T\u00e1dzsikiszt\u00e1nb\u00f3l, k\u00f6zt\u00fck az afg\u00e1n n\u0151i ker\u00e9kp\u00e1rcsapat 25 tagj\u00e1t is.<\/p>\n<p>Az egyik biciklis, aki k\u00e9rte, hogy ne nevezz\u00fck meg, \u00edgy fogalmazott: <em>\u201eIstenem, de neh\u00e9z szavakkal le\u00edrni a helyzet\u00fcnket. A f\u0151 ok, ami\u00e9rt elhagytam Afganiszt\u00e1nt az az, hogy nem sportolhattam biztons\u00e1gban. K\u00e9nytelen voltam elhagyni a haz\u00e1mat.\u201d<\/em><\/p>\n<figure id=\"attachment_12466\" aria-describedby=\"caption-attachment-12466\" style=\"width: 1000px\" class=\"wp-caption alignnone\"><a href=\"https:\/\/d2p6e6u75xmxt8.cloudfront.net\/12\/2021\/09\/Afghan-cycling-refugees-profimedia-0630006304.jpg\"><img loading=\"lazy\" decoding=\"async\" class=\"wp-image-12466 size-full\" src=\"https:\/\/d2p6e6u75xmxt8.cloudfront.net\/12\/2021\/09\/Afghan-cycling-refugees-profimedia-0630006304.jpg\" alt=\"Afghan cycling team\" width=\"1000\" height=\"666\" srcset=\"https:\/\/d2p6e6u75xmxt8.cloudfront.net\/12\/2021\/09\/Afghan-cycling-refugees-profimedia-0630006304.jpg 1000w, https:\/\/d2p6e6u75xmxt8.cloudfront.net\/12\/2021\/09\/Afghan-cycling-refugees-profimedia-0630006304-300x200.jpg 300w, https:\/\/d2p6e6u75xmxt8.cloudfront.net\/12\/2021\/09\/Afghan-cycling-refugees-profimedia-0630006304-768x511.jpg 768w, https:\/\/d2p6e6u75xmxt8.cloudfront.net\/12\/2021\/09\/Afghan-cycling-refugees-profimedia-0630006304-272x182.jpg 272w\" sizes=\"auto, (max-width: 1000px) 100vw, 1000px\" \/><\/a><figcaption id=\"caption-attachment-12466\" class=\"wp-caption-text\"><em>Befogad\u00f3k\u00f6zpont az afg\u00e1n menek\u00fcltek sz\u00e1m\u00e1ra, akik humanit\u00e1rius j\u00e1ratokkal \u00e9rkeztek Olaszorsz\u00e1gba. A n\u0151i labdar\u00fag\u00f3 \u00e9s ker\u00e9kp\u00e1ros v\u00e1logatott n\u00e9h\u00e1ny sportol\u00f3ja is a k\u00f6zpont vend\u00e9ge. \u00a9 Profimedia<\/em><\/figcaption><\/figure>\n<p>Majdnem k\u00e9t \u00e9vtizedes konfliktus ut\u00e1n foglalt\u00e1k vissza a t\u00e1libok Afganiszt\u00e1n f\u0151v\u00e1ros\u00e1t. Az \u00faj korm\u00e1ny tele van a milit\u00e1ns csoport veter\u00e1njaival, akik fel\u00fcgyelet alatt tartott\u00e1k az amerikai vezet\u00e9s\u0171 koal\u00edci\u00f3 elleni k\u00fczdelmet.<\/p>\n<p>A ker\u00e9kp\u00e1rcsapat kor\u00e1bbi kapit\u00e1nya elmondta, hogy r\u00e9gebben gyakorolhattak, versenyezhettek, m\u00e9g f\u00e9rfiak ellen is, \u00e9s boldogok voltak a lehet\u0151s\u00e9geikkel.<\/p>\n<p><em>\u201eN\u0151i ker\u00e9kp\u00e1rosk\u00e9nt az\u00e9rt sportoltam Afganiszt\u00e1nban, hogy ki\u00e1lljak az emberek \u2013 \u00e9s f\u0151leg a n\u0151k \u2013 jogai\u00e9rt. Be akarom bizony\u00edtani, hogy a l\u00e1nyoknak is joguk van azt tenni, amit tenni akarnak.\u201d <\/em><\/p>\n<p>A menek\u00fclteket az Egyes\u00fclt Arab Em\u00edrs\u00e9gekben l\u00e1tj\u00e1k el, miel\u0151tt v\u00e9gs\u0151 \u00fatic\u00e9ljukba, Kanad\u00e1ba indulnak.<\/p>\n","protected":false},"excerpt":{"rendered":"<p>A NATO-csapatok Afganiszt\u00e1nb\u00f3l val\u00f3 kivon\u00e1s\u00e1t k\u00f6vet\u0151en a t\u00e1libok \u00e1tvett\u00e9k az orsz\u00e1g nagy r\u00e9sze f\u00f6l\u00f6tt a hatalmat, k\u00f6zt\u00fck a f\u0151v\u00e1ros, Kabul [&hellip;]<\/p>\n","protected":false},"author":71,"featured_media":12468,"comment_status":"closed","ping_status":"closed","sticky":false,"template":"","format":"standard","meta":{"footnotes":""},"categories":[12],"tags":[],"global-categories":[],"class_list":["post-12465","post","type-post","status-publish","format-standard","has-post-thumbnail","hentry","category-kozosseg-es-kultura"],"yoast_head":"<!-- This site is optimized with the Yoast SEO Premium plugin v25.3 (Yoast SEO v25.9) - https:\/\/yoast.com\/wordpress\/plugins\/seo\/ -->\n<title>Evaku\u00e1lt\u00e1k az afg\u00e1n n\u0151i ker\u00e9kp\u00e1rcsapatot, miut\u00e1n a t\u00e1libok megtiltott\u00e1k, hogy sportoljanak<\/title>\n<meta name=\"description\" content=\"A NATO-csapatok Afganiszt\u00e1nb\u00f3l val\u00f3 kivon\u00e1s\u00e1t k\u00f6vet\u0151en a t\u00e1libok \u00e1tvett\u00e9k az orsz\u00e1g nagy r\u00e9sze f\u00f6l\u00f6tt a hatalmat, k\u00f6zt\u00fck a f\u0151v\u00e1ros, Kabul ir\u00e1ny\u00edt\u00e1s\u00e1t is. Ahmadullah Wasiq, a t\u00e1lib kultur\u00e1lis bizotts\u00e1g vezet\u0151helyettese besz\u00e1molt az ausztr\u00e1l SBS News h\u00edr\u00fcgyn\u00f6ks\u00e9gnek, hogy az \u00faj szab\u00e1lyoz\u00e1saik szerint a n\u0151k nem j\u00e1tszhatnak krikettet \u00e9s nem \u0171zhetnek m\u00e1s sportokat sem, mert \u201eolyan helyzetbe ker\u00fclhetnek, melyben nincs eltakarva az arcuk \u00e9s a test\u00fck\u201d.\" \/>\n<meta name=\"robots\" content=\"index, follow, max-snippet:-1, max-image-preview:large, max-video-preview:-1\" \/>\n<link rel=\"canonical\" href=\"https:\/\/www.welovecycling.com\/hu\/kozosseg-es-kultura\/evakualtak-az-afgan-noi-kerekparcsapatot-miutan-a-talibok-megtiltottak-hogy-sportoljanak\/\" \/>\n<meta property=\"og:locale\" content=\"hu_HU\" \/>\n<meta property=\"og:type\" content=\"article\" \/>\n<meta property=\"og:title\" content=\"Evaku\u00e1lt\u00e1k az afg\u00e1n n\u0151i ker\u00e9kp\u00e1rcsapatot, miut\u00e1n a t\u00e1libok megtiltott\u00e1k, hogy sportoljanak\" \/>\n<meta property=\"og:description\" content=\"A NATO-csapatok Afganiszt\u00e1nb\u00f3l val\u00f3 kivon\u00e1s\u00e1t k\u00f6vet\u0151en a t\u00e1libok \u00e1tvett\u00e9k az orsz\u00e1g nagy r\u00e9sze f\u00f6l\u00f6tt a hatalmat, k\u00f6zt\u00fck a f\u0151v\u00e1ros, Kabul ir\u00e1ny\u00edt\u00e1s\u00e1t is. Ahmadullah Wasiq, a t\u00e1lib kultur\u00e1lis bizotts\u00e1g vezet\u0151helyettese besz\u00e1molt az ausztr\u00e1l SBS News h\u00edr\u00fcgyn\u00f6ks\u00e9gnek, hogy az \u00faj szab\u00e1lyoz\u00e1saik szerint a n\u0151k nem j\u00e1tszhatnak krikettet \u00e9s nem \u0171zhetnek m\u00e1s sportokat sem, mert \u201eolyan helyzetbe ker\u00fclhetnek, melyben nincs eltakarva az arcuk \u00e9s a test\u00fck\u201d.\" \/>\n<meta property=\"og:url\" content=\"https:\/\/www.welovecycling.com\/hu\/kozosseg-es-kultura\/evakualtak-az-afgan-noi-kerekparcsapatot-miutan-a-talibok-megtiltottak-hogy-sportoljanak\/\" \/>\n<meta property=\"og:site_name\" content=\"\u0160koda We Love Cycling - Magyarorsz\u00e1g\" \/>\n<meta property=\"article:publisher\" content=\"https:\/\/www.facebook.com\/WeLoveCyclingHungary\/\" \/>\n<meta property=\"article:published_time\" content=\"2021-09-21T06:00:52+00:00\" \/>\n<meta property=\"og:image\" content=\"https:\/\/d2p6e6u75xmxt8.cloudfront.net\/12\/2021\/09\/Afgha-cycling-team-profimedia-0562306975-CVR.jpg\" \/>\n\t<meta property=\"og:image:width\" content=\"1366\" \/>\n\t<meta property=\"og:image:height\" content=\"600\" \/>\n\t<meta property=\"og:image:type\" content=\"image\/jpeg\" \/>\n<meta name=\"author\" content=\"hegyizs\" \/>\n<meta name=\"twitter:card\" content=\"summary_large_image\" \/>\n<meta name=\"twitter:label1\" content=\"Written by\" \/>\n\t<meta name=\"twitter:data1\" content=\"Monica Buck\" \/>\n\t<meta name=\"twitter:label2\" content=\"Est. reading time\" \/>\n\t<meta name=\"twitter:data2\" content=\"4\" \/>\n<script type=\"application\/ld+json\" class=\"yoast-schema-graph\">{\"@context\":\"https:\/\/schema.org\",\"@graph\":[{\"@type\":\"WebPage\",\"@id\":\"https:\/\/www.welovecycling.com\/hu\/kozosseg-es-kultura\/evakualtak-az-afgan-noi-kerekparcsapatot-miutan-a-talibok-megtiltottak-hogy-sportoljanak\/\",\"url\":\"https:\/\/www.welovecycling.com\/hu\/kozosseg-es-kultura\/evakualtak-az-afgan-noi-kerekparcsapatot-miutan-a-talibok-megtiltottak-hogy-sportoljanak\/\",\"name\":\"Evaku\u00e1lt\u00e1k az afg\u00e1n n\u0151i ker\u00e9kp\u00e1rcsapatot, miut\u00e1n a t\u00e1libok megtiltott\u00e1k, hogy sportoljanak\",\"isPartOf\":{\"@id\":\"https:\/\/www.welovecycling.com\/hu\/#website\"},\"primaryImageOfPage\":{\"@id\":\"https:\/\/www.welovecycling.com\/hu\/kozosseg-es-kultura\/evakualtak-az-afgan-noi-kerekparcsapatot-miutan-a-talibok-megtiltottak-hogy-sportoljanak\/#primaryimage\"},\"image\":{\"@id\":\"https:\/\/www.welovecycling.com\/hu\/kozosseg-es-kultura\/evakualtak-az-afgan-noi-kerekparcsapatot-miutan-a-talibok-megtiltottak-hogy-sportoljanak\/#primaryimage\"},\"thumbnailUrl\":\"https:\/\/d2p6e6u75xmxt8.cloudfront.net\/12\/2021\/09\/Afgha-cycling-team-profimedia-0562306975-CVR.jpg\",\"datePublished\":\"2021-09-21T06:00:52+00:00\",\"author\":{\"@id\":\"https:\/\/www.welovecycling.com\/hu\/#\/schema\/person\/414a2aebf1801691a5320edb6468e194\"},\"description\":\"A NATO-csapatok Afganiszt\u00e1nb\u00f3l val\u00f3 kivon\u00e1s\u00e1t k\u00f6vet\u0151en a t\u00e1libok \u00e1tvett\u00e9k az orsz\u00e1g nagy r\u00e9sze f\u00f6l\u00f6tt a hatalmat, k\u00f6zt\u00fck a f\u0151v\u00e1ros, Kabul ir\u00e1ny\u00edt\u00e1s\u00e1t is. Ahmadullah Wasiq, a t\u00e1lib kultur\u00e1lis bizotts\u00e1g vezet\u0151helyettese besz\u00e1molt az ausztr\u00e1l SBS News h\u00edr\u00fcgyn\u00f6ks\u00e9gnek, hogy az \u00faj szab\u00e1lyoz\u00e1saik szerint a n\u0151k nem j\u00e1tszhatnak krikettet \u00e9s nem \u0171zhetnek m\u00e1s sportokat sem, mert \u201eolyan helyzetbe ker\u00fclhetnek, melyben nincs eltakarva az arcuk \u00e9s a test\u00fck\u201d.\",\"breadcrumb\":{\"@id\":\"https:\/\/www.welovecycling.com\/hu\/kozosseg-es-kultura\/evakualtak-az-afgan-noi-kerekparcsapatot-miutan-a-talibok-megtiltottak-hogy-sportoljanak\/#breadcrumb\"},\"inLanguage\":\"hu\",\"potentialAction\":[{\"@type\":\"ReadAction\",\"target\":[\"https:\/\/www.welovecycling.com\/hu\/kozosseg-es-kultura\/evakualtak-az-afgan-noi-kerekparcsapatot-miutan-a-talibok-megtiltottak-hogy-sportoljanak\/\"]}]},{\"@type\":\"ImageObject\",\"inLanguage\":\"hu\",\"@id\":\"https:\/\/www.welovecycling.com\/hu\/kozosseg-es-kultura\/evakualtak-az-afgan-noi-kerekparcsapatot-miutan-a-talibok-megtiltottak-hogy-sportoljanak\/#primaryimage\",\"url\":\"https:\/\/d2p6e6u75xmxt8.cloudfront.net\/12\/2021\/09\/Afgha-cycling-team-profimedia-0562306975-CVR.jpg\",\"contentUrl\":\"https:\/\/d2p6e6u75xmxt8.cloudfront.net\/12\/2021\/09\/Afgha-cycling-team-profimedia-0562306975-CVR.jpg\",\"width\":1366,\"height\":600,\"caption\":\"Afghan cycling team\"},{\"@type\":\"BreadcrumbList\",\"@id\":\"https:\/\/www.welovecycling.com\/hu\/kozosseg-es-kultura\/evakualtak-az-afgan-noi-kerekparcsapatot-miutan-a-talibok-megtiltottak-hogy-sportoljanak\/#breadcrumb\",\"itemListElement\":[{\"@type\":\"ListItem\",\"position\":1,\"name\":\"Home\",\"item\":\"https:\/\/www.welovecycling.com\/hu\/\"},{\"@type\":\"ListItem\",\"position\":2,\"name\":\"Evaku\u00e1lt\u00e1k az afg\u00e1n n\u0151i ker\u00e9kp\u00e1rcsapatot, miut\u00e1n a t\u00e1libok megtiltott\u00e1k, hogy sportoljanak\"}]},{\"@type\":\"WebSite\",\"@id\":\"https:\/\/www.welovecycling.com\/hu\/#website\",\"url\":\"https:\/\/www.welovecycling.com\/hu\/\",\"name\":\"\u0160koda We Love Cycling - Magyarorsz\u00e1g\",\"description\":\"\u0160koda WeLoveCycling\",\"potentialAction\":[{\"@type\":\"SearchAction\",\"target\":{\"@type\":\"EntryPoint\",\"urlTemplate\":\"https:\/\/www.welovecycling.com\/hu\/?s={search_term_string}\"},\"query-input\":{\"@type\":\"PropertyValueSpecification\",\"valueRequired\":true,\"valueName\":\"search_term_string\"}}],\"inLanguage\":\"hu\"},{\"@type\":\"Person\",\"@id\":\"https:\/\/www.welovecycling.com\/hu\/#\/schema\/person\/414a2aebf1801691a5320edb6468e194\",\"name\":\"hegyizs\",\"image\":{\"@type\":\"ImageObject\",\"inLanguage\":\"hu\",\"@id\":\"https:\/\/www.welovecycling.com\/hu\/#\/schema\/person\/image\/\",\"url\":\"https:\/\/secure.gravatar.com\/avatar\/02cf8a7906b8cf90cecb4679defac7cfd33a1c2e3b88e4903d947f3bb58eedd3?s=96&d=mm&r=g\",\"contentUrl\":\"https:\/\/secure.gravatar.com\/avatar\/02cf8a7906b8cf90cecb4679defac7cfd33a1c2e3b88e4903d947f3bb58eedd3?s=96&d=mm&r=g\",\"caption\":\"hegyizs\"},\"url\":\"https:\/\/www.welovecycling.com\/hu\/author\/hegyizs\/\"}]}<\/script>\n<!-- \/ Yoast SEO Premium plugin. -->","yoast_head_json":{"title":"Evaku\u00e1lt\u00e1k az afg\u00e1n n\u0151i ker\u00e9kp\u00e1rcsapatot, miut\u00e1n a t\u00e1libok megtiltott\u00e1k, hogy sportoljanak","description":"A NATO-csapatok Afganiszt\u00e1nb\u00f3l val\u00f3 kivon\u00e1s\u00e1t k\u00f6vet\u0151en a t\u00e1libok \u00e1tvett\u00e9k az orsz\u00e1g nagy r\u00e9sze f\u00f6l\u00f6tt a hatalmat, k\u00f6zt\u00fck a f\u0151v\u00e1ros, Kabul ir\u00e1ny\u00edt\u00e1s\u00e1t is. Ahmadullah Wasiq, a t\u00e1lib kultur\u00e1lis bizotts\u00e1g vezet\u0151helyettese besz\u00e1molt az ausztr\u00e1l SBS News h\u00edr\u00fcgyn\u00f6ks\u00e9gnek, hogy az \u00faj szab\u00e1lyoz\u00e1saik szerint a n\u0151k nem j\u00e1tszhatnak krikettet \u00e9s nem \u0171zhetnek m\u00e1s sportokat sem, mert \u201eolyan helyzetbe ker\u00fclhetnek, melyben nincs eltakarva az arcuk \u00e9s a test\u00fck\u201d.","robots":{"index":"index","follow":"follow","max-snippet":"max-snippet:-1","max-image-preview":"max-image-preview:large","max-video-preview":"max-video-preview:-1"},"canonical":"https:\/\/www.welovecycling.com\/hu\/kozosseg-es-kultura\/evakualtak-az-afgan-noi-kerekparcsapatot-miutan-a-talibok-megtiltottak-hogy-sportoljanak\/","og_locale":"hu_HU","og_type":"article","og_title":"Evaku\u00e1lt\u00e1k az afg\u00e1n n\u0151i ker\u00e9kp\u00e1rcsapatot, miut\u00e1n a t\u00e1libok megtiltott\u00e1k, hogy sportoljanak","og_description":"A NATO-csapatok Afganiszt\u00e1nb\u00f3l val\u00f3 kivon\u00e1s\u00e1t k\u00f6vet\u0151en a t\u00e1libok \u00e1tvett\u00e9k az orsz\u00e1g nagy r\u00e9sze f\u00f6l\u00f6tt a hatalmat, k\u00f6zt\u00fck a f\u0151v\u00e1ros, Kabul ir\u00e1ny\u00edt\u00e1s\u00e1t is. Ahmadullah Wasiq, a t\u00e1lib kultur\u00e1lis bizotts\u00e1g vezet\u0151helyettese besz\u00e1molt az ausztr\u00e1l SBS News h\u00edr\u00fcgyn\u00f6ks\u00e9gnek, hogy az \u00faj szab\u00e1lyoz\u00e1saik szerint a n\u0151k nem j\u00e1tszhatnak krikettet \u00e9s nem \u0171zhetnek m\u00e1s sportokat sem, mert \u201eolyan helyzetbe ker\u00fclhetnek, melyben nincs eltakarva az arcuk \u00e9s a test\u00fck\u201d.","og_url":"https:\/\/www.welovecycling.com\/hu\/kozosseg-es-kultura\/evakualtak-az-afgan-noi-kerekparcsapatot-miutan-a-talibok-megtiltottak-hogy-sportoljanak\/","og_site_name":"\u0160koda We Love Cycling - Magyarorsz\u00e1g","article_publisher":"https:\/\/www.facebook.com\/WeLoveCyclingHungary\/","article_published_time":"2021-09-21T06:00:52+00:00","og_image":[{"width":1366,"height":600,"url":"https:\/\/d2p6e6u75xmxt8.cloudfront.net\/12\/2021\/09\/Afgha-cycling-team-profimedia-0562306975-CVR.jpg","type":"image\/jpeg"}],"author":"hegyizs","twitter_card":"summary_large_image","twitter_misc":{"Written by":"Monica Buck","Est. reading time":"4"},"schema":{"@context":"https:\/\/schema.org","@graph":[{"@type":"WebPage","@id":"https:\/\/www.welovecycling.com\/hu\/kozosseg-es-kultura\/evakualtak-az-afgan-noi-kerekparcsapatot-miutan-a-talibok-megtiltottak-hogy-sportoljanak\/","url":"https:\/\/www.welovecycling.com\/hu\/kozosseg-es-kultura\/evakualtak-az-afgan-noi-kerekparcsapatot-miutan-a-talibok-megtiltottak-hogy-sportoljanak\/","name":"Evaku\u00e1lt\u00e1k az afg\u00e1n n\u0151i ker\u00e9kp\u00e1rcsapatot, miut\u00e1n a t\u00e1libok megtiltott\u00e1k, hogy sportoljanak","isPartOf":{"@id":"https:\/\/www.welovecycling.com\/hu\/#website"},"primaryImageOfPage":{"@id":"https:\/\/www.welovecycling.com\/hu\/kozosseg-es-kultura\/evakualtak-az-afgan-noi-kerekparcsapatot-miutan-a-talibok-megtiltottak-hogy-sportoljanak\/#primaryimage"},"image":{"@id":"https:\/\/www.welovecycling.com\/hu\/kozosseg-es-kultura\/evakualtak-az-afgan-noi-kerekparcsapatot-miutan-a-talibok-megtiltottak-hogy-sportoljanak\/#primaryimage"},"thumbnailUrl":"https:\/\/d2p6e6u75xmxt8.cloudfront.net\/12\/2021\/09\/Afgha-cycling-team-profimedia-0562306975-CVR.jpg","datePublished":"2021-09-21T06:00:52+00:00","author":{"@id":"https:\/\/www.welovecycling.com\/hu\/#\/schema\/person\/414a2aebf1801691a5320edb6468e194"},"description":"A NATO-csapatok Afganiszt\u00e1nb\u00f3l val\u00f3 kivon\u00e1s\u00e1t k\u00f6vet\u0151en a t\u00e1libok \u00e1tvett\u00e9k az orsz\u00e1g nagy r\u00e9sze f\u00f6l\u00f6tt a hatalmat, k\u00f6zt\u00fck a f\u0151v\u00e1ros, Kabul ir\u00e1ny\u00edt\u00e1s\u00e1t is. Ahmadullah Wasiq, a t\u00e1lib kultur\u00e1lis bizotts\u00e1g vezet\u0151helyettese besz\u00e1molt az ausztr\u00e1l SBS News h\u00edr\u00fcgyn\u00f6ks\u00e9gnek, hogy az \u00faj szab\u00e1lyoz\u00e1saik szerint a n\u0151k nem j\u00e1tszhatnak krikettet \u00e9s nem \u0171zhetnek m\u00e1s sportokat sem, mert \u201eolyan helyzetbe ker\u00fclhetnek, melyben nincs eltakarva az arcuk \u00e9s a test\u00fck\u201d.","breadcrumb":{"@id":"https:\/\/www.welovecycling.com\/hu\/kozosseg-es-kultura\/evakualtak-az-afgan-noi-kerekparcsapatot-miutan-a-talibok-megtiltottak-hogy-sportoljanak\/#breadcrumb"},"inLanguage":"hu","potentialAction":[{"@type":"ReadAction","target":["https:\/\/www.welovecycling.com\/hu\/kozosseg-es-kultura\/evakualtak-az-afgan-noi-kerekparcsapatot-miutan-a-talibok-megtiltottak-hogy-sportoljanak\/"]}]},{"@type":"ImageObject","inLanguage":"hu","@id":"https:\/\/www.welovecycling.com\/hu\/kozosseg-es-kultura\/evakualtak-az-afgan-noi-kerekparcsapatot-miutan-a-talibok-megtiltottak-hogy-sportoljanak\/#primaryimage","url":"https:\/\/d2p6e6u75xmxt8.cloudfront.net\/12\/2021\/09\/Afgha-cycling-team-profimedia-0562306975-CVR.jpg","contentUrl":"https:\/\/d2p6e6u75xmxt8.cloudfront.net\/12\/2021\/09\/Afgha-cycling-team-profimedia-0562306975-CVR.jpg","width":1366,"height":600,"caption":"Afghan cycling team"},{"@type":"BreadcrumbList","@id":"https:\/\/www.welovecycling.com\/hu\/kozosseg-es-kultura\/evakualtak-az-afgan-noi-kerekparcsapatot-miutan-a-talibok-megtiltottak-hogy-sportoljanak\/#breadcrumb","itemListElement":[{"@type":"ListItem","position":1,"name":"Home","item":"https:\/\/www.welovecycling.com\/hu\/"},{"@type":"ListItem","position":2,"name":"Evaku\u00e1lt\u00e1k az afg\u00e1n n\u0151i ker\u00e9kp\u00e1rcsapatot, miut\u00e1n a t\u00e1libok megtiltott\u00e1k, hogy sportoljanak"}]},{"@type":"WebSite","@id":"https:\/\/www.welovecycling.com\/hu\/#website","url":"https:\/\/www.welovecycling.com\/hu\/","name":"\u0160koda We Love Cycling - Magyarorsz\u00e1g","description":"\u0160koda WeLoveCycling","potentialAction":[{"@type":"SearchAction","target":{"@type":"EntryPoint","urlTemplate":"https:\/\/www.welovecycling.com\/hu\/?s={search_term_string}"},"query-input":{"@type":"PropertyValueSpecification","valueRequired":true,"valueName":"search_term_string"}}],"inLanguage":"hu"},{"@type":"Person","@id":"https:\/\/www.welovecycling.com\/hu\/#\/schema\/person\/414a2aebf1801691a5320edb6468e194","name":"hegyizs","image":{"@type":"ImageObject","inLanguage":"hu","@id":"https:\/\/www.welovecycling.com\/hu\/#\/schema\/person\/image\/","url":"https:\/\/secure.gravatar.com\/avatar\/02cf8a7906b8cf90cecb4679defac7cfd33a1c2e3b88e4903d947f3bb58eedd3?s=96&d=mm&r=g","contentUrl":"https:\/\/secure.gravatar.com\/avatar\/02cf8a7906b8cf90cecb4679defac7cfd33a1c2e3b88e4903d947f3bb58eedd3?s=96&d=mm&r=g","caption":"hegyizs"},"url":"https:\/\/www.welovecycling.com\/hu\/author\/hegyizs\/"}]}},"_links":{"self":[{"href":"https:\/\/www.welovecycling.com\/hu\/wp-json\/wp\/v2\/posts\/12465","targetHints":{"allow":["GET"]}}],"collection":[{"href":"https:\/\/www.welovecycling.com\/hu\/wp-json\/wp\/v2\/posts"}],"about":[{"href":"https:\/\/www.welovecycling.com\/hu\/wp-json\/wp\/v2\/types\/post"}],"author":[{"embeddable":true,"href":"https:\/\/www.welovecycling.com\/hu\/wp-json\/wp\/v2\/users\/71"}],"replies":[{"embeddable":true,"href":"https:\/\/www.welovecycling.com\/hu\/wp-json\/wp\/v2\/comments?post=12465"}],"version-history":[{"count":2,"href":"https:\/\/www.welovecycling.com\/hu\/wp-json\/wp\/v2\/posts\/12465\/revisions"}],"predecessor-version":[{"id":12495,"href":"https:\/\/www.welovecycling.com\/hu\/wp-json\/wp\/v2\/posts\/12465\/revisions\/12495"}],"wp:featuredmedia":[{"embeddable":true,"href":"https:\/\/www.welovecycling.com\/hu\/wp-json\/wp\/v2\/media\/12468"}],"wp:attachment":[{"href":"https:\/\/www.welovecycling.com\/hu\/wp-json\/wp\/v2\/media?parent=12465"}],"wp:term":[{"taxonomy":"category","embeddable":true,"href":"https:\/\/www.welovecycling.com\/hu\/wp-json\/wp\/v2\/categories?post=12465"},{"taxonomy":"post_tag","embeddable":true,"href":"https:\/\/www.welovecycling.com\/hu\/wp-json\/wp\/v2\/tags?post=12465"},{"taxonomy":"global-categories","embeddable":true,"href":"https:\/\/www.welovecycling.com\/hu\/wp-json\/wp\/v2\/global-categories?post=12465"}],"curies":[{"name":"wp","href":"https:\/\/api.w.org\/{rel}","templated":true}]}}