{"id":12450,"date":"2021-09-13T08:00:35","date_gmt":"2021-09-13T06:00:35","guid":{"rendered":"https:\/\/www.welovecycling.com\/hu\/?p=12450"},"modified":"2021-09-10T15:19:11","modified_gmt":"2021-09-10T13:19:11","slug":"iden-is-tour-de-zalakaros","status":"publish","type":"post","link":"https:\/\/www.welovecycling.com\/hu\/orszaguti-kerekpar\/iden-is-tour-de-zalakaros\/","title":{"rendered":"Id\u00e9n is Tour de Zalakaros!"},"content":{"rendered":"<p><strong>Id\u00e9n szeptemberben imm\u00e1r 14. alkalommal \u00e1llhatnak rajthoz a v\u00e1llalkoz\u00f3 kedv\u0171 bring\u00e1sok Zalakaroson, \u00e9s ahogy azt m\u00e1r megszokhatt\u00e1tok, most is v\u00e1r titeket a SPIRIT AUTO \u2013 \u0160koda Orsz\u00e1g\u00fati Maraton is! K\u00e9szen \u00e1lltok egy szuper kih\u00edv\u00e1sra Zala megye hamis\u00edtatlanul sz\u00e9p vid\u00e9kein?<\/strong><!--more--><\/p>\n<p>\u00c9rdemes ell\u00e1togatni a versenyen a \u0160koda s\u00e1tr\u00e1hoz is, hiszen ha j\u00f3kor \u00e9rkezel, ak\u00e1r Valter Attil\u00e1val is \u00f6sszefuthatsz, aki szombat d\u00e9lut\u00e1n dedik\u00e1l majd a standn\u00e1l!<\/p>\n<figure id=\"attachment_12452\" aria-describedby=\"caption-attachment-12452\" style=\"width: 945px\" class=\"wp-caption alignnone\"><a href=\"https:\/\/d2p6e6u75xmxt8.cloudfront.net\/12\/2021\/09\/5123-tour-de-zalakaros2.png\"><img loading=\"lazy\" decoding=\"async\" class=\"size-full wp-image-12452\" src=\"https:\/\/d2p6e6u75xmxt8.cloudfront.net\/12\/2021\/09\/5123-tour-de-zalakaros2.png\" alt=\"\" width=\"945\" height=\"631\" srcset=\"https:\/\/d2p6e6u75xmxt8.cloudfront.net\/12\/2021\/09\/5123-tour-de-zalakaros2.png 945w, https:\/\/d2p6e6u75xmxt8.cloudfront.net\/12\/2021\/09\/5123-tour-de-zalakaros2-300x200.png 300w, https:\/\/d2p6e6u75xmxt8.cloudfront.net\/12\/2021\/09\/5123-tour-de-zalakaros2-768x513.png 768w, https:\/\/d2p6e6u75xmxt8.cloudfront.net\/12\/2021\/09\/5123-tour-de-zalakaros2-272x182.png 272w\" sizes=\"auto, (max-width: 945px) 100vw, 945px\" \/><\/a><figcaption id=\"caption-attachment-12452\" class=\"wp-caption-text\">Szerezz te is autogramot Attit\u00f3l!<\/figcaption><\/figure>\n<p>Attila szeptember 25-\u00e9n, szombaton 14:00 \u00e9s 15:00 k\u00f6z\u00f6tt a Spirit Auto \u2013 \u0160koda standj\u00e1n\u00e1l dedik\u00e1l, emellett a k\u00f6vetkez\u0151 helyeken \u00e9s id\u0151pontokban tal\u00e1lkozhattok majd vele:<\/p>\n<p><strong>Szombat: <\/strong><\/p>\n<ul>\n<li>30-18.00: a Zobori Kid\u2019s Ride by Bianchi gyerekverseny eredm\u00e9nyhirdet\u00e9s\u00e9n a Karos Korz\u00f3 nagysz\u00ednpadon, ahol Attila adja \u00e1t a d\u00edjakat, ezt k\u00f6vet\u0151en pedig a gyerekek tehetnek fel neki k\u00e9rd\u00e9seket<\/li>\n<li>00: A Szabadics Ride c\u00e9ges csapatverseny d\u00edjkioszt\u00f3 g\u00e1l\u00e1j\u00e1n<\/li>\n<\/ul>\n<p><strong>Vas\u00e1rnap:<\/strong><\/p>\n<ul>\n<li>30: A Spirit Auto \u2013 \u0160koda 137 km-es orsz\u00e1g\u00fati maraton rajtj\u00e1n\u00e1l<\/li>\n<li>30: A rendezv\u00e9nyt lez\u00e1r\u00f3 tombola sorsol\u00e1son a Karos Korz\u00f3 nagysz\u00ednpadon, ahol Attila adja \u00e1t majd a szerencs\u00e9s nyertesnek a tombola f\u0151d\u00edj\u00e1t, a 819.000 Ft \u00e9rt\u00e9k\u0171 Giant karbon orsz\u00e1g\u00fati ker\u00e9kp\u00e1rt<\/li>\n<\/ul>\n<p>\u00daj, modern \u00e9s hatalmas rendezv\u00e9nyk\u00f6zpont ad helyet az idei MAPEI Tour de Zalakaros esem\u00e9nynek, \u00edgy id\u00e9n el\u0151sz\u00f6r indul egy helyr\u0151l az \u00f6sszes verseny! A TdZ lassan m\u00e1sf\u00e9l \u00e9vtized alatt egyre nagyobb lett, \u00e9vente t\u00f6bb ezer r\u00e9sztvev\u0151vel, \u00e9s a csod\u00e1latos t\u00e1jak \u00e9s izgalmas versenyek mellett most a k\u00e9nyelem \u00e9s a bring\u00e1k biztons\u00e1ga is el\u0151t\u00e9rbe ker\u00fclt.<\/p>\n<p>A verseny szeptember 25. \u00e9s 26. k\u00f6z\u00f6tt zajlik majd, 24-\u00e9n pedig a n\u00e9gy vagy \u00f6t f\u0151s c\u00e9ges csapatok m\u00e9rettetnek meg a Szabadics Ride Company Challenge c\u00e9ges id\u0151futamversenyen, a Kis-Balaton k\u00f6r\u00fcl.<\/p>\n<figure id=\"attachment_12453\" aria-describedby=\"caption-attachment-12453\" style=\"width: 723px\" class=\"wp-caption alignnone\"><a href=\"https:\/\/d2p6e6u75xmxt8.cloudfront.net\/12\/2021\/09\/spirit-skoda-auto-maraton-terkep-tour-de-zalakaros2021-bringazas-min.jpeg\"><img loading=\"lazy\" decoding=\"async\" class=\"size-large wp-image-12453\" src=\"https:\/\/d2p6e6u75xmxt8.cloudfront.net\/12\/2021\/09\/spirit-skoda-auto-maraton-terkep-tour-de-zalakaros2021-bringazas-min-723x1024.jpeg\" alt=\"\" width=\"723\" height=\"1024\" srcset=\"https:\/\/d2p6e6u75xmxt8.cloudfront.net\/12\/2021\/09\/spirit-skoda-auto-maraton-terkep-tour-de-zalakaros2021-bringazas-min-723x1024.jpeg 723w, https:\/\/d2p6e6u75xmxt8.cloudfront.net\/12\/2021\/09\/spirit-skoda-auto-maraton-terkep-tour-de-zalakaros2021-bringazas-min-212x300.jpeg 212w, https:\/\/d2p6e6u75xmxt8.cloudfront.net\/12\/2021\/09\/spirit-skoda-auto-maraton-terkep-tour-de-zalakaros2021-bringazas-min-768x1088.jpeg 768w, https:\/\/d2p6e6u75xmxt8.cloudfront.net\/12\/2021\/09\/spirit-skoda-auto-maraton-terkep-tour-de-zalakaros2021-bringazas-min-1084x1536.jpeg 1084w, https:\/\/d2p6e6u75xmxt8.cloudfront.net\/12\/2021\/09\/spirit-skoda-auto-maraton-terkep-tour-de-zalakaros2021-bringazas-min-1355x1920.jpeg 1355w, https:\/\/d2p6e6u75xmxt8.cloudfront.net\/12\/2021\/09\/spirit-skoda-auto-maraton-terkep-tour-de-zalakaros2021-bringazas-min.jpeg 1400w, https:\/\/d2p6e6u75xmxt8.cloudfront.net\/12\/2021\/09\/spirit-skoda-auto-maraton-terkep-tour-de-zalakaros2021-bringazas-min-1355x1920.jpeg 1355w\" sizes=\"auto, (max-width: 723px) 100vw, 723px\" \/><\/a><figcaption id=\"caption-attachment-12453\" class=\"wp-caption-text\">A \u0160koda maraton szeptember 26-\u00e1n, 10:30-kor rajtol.<\/figcaption><\/figure>\n<p>A TdZ sz\u00e9ps\u00e9ge, hogy mindenki megtal\u00e1lja a neki val\u00f3 kih\u00edv\u00e1st \u2013 a 60 km-es VILLTEK teljes\u00edtm\u00e9nyt\u00fara, a 33 km-es Karos Spa Kis-Balaton csal\u00e1di t\u00fara \u00e9s a gyerekverseny mellett a \u0160koda \u00e1ltal t\u00e1mogatott 137 km-es maraton is v\u00e1rja azokat, akik korban, szintben \u00e9s motiv\u00e1ci\u00f3ban megfelelnek a t\u00e1vnak. A \u0160koda \u00e9s a Spirit Aut\u00f3 \u00e9vek \u00f3ta t\u00e1mogat\u00f3ja a versenynek, ahogy a bring\u00e1s k\u00f6z\u00f6ss\u00e9gnek is, \u00e9s ez id\u00e9n sem lesz m\u00e1sk\u00e9pp. Mi mindenk\u00e9pp ott lesz\u00fcnk!<\/p>\n<p>A h\u00e9tv\u00e9ge pedig nem csak a versenyz\u0151kr\u0151l sz\u00f3l: a szurkol\u00f3k, csal\u00e1dtagok \u00e9s \u00e9rdekl\u0151d\u0151k sem fognak unatkozni, szuper programokkal, Zala megye legszebb t\u00e1jaival \u00e9s tombol\u00e1val v\u00e1rj\u00e1k \u0151ket! A Karos Korz\u00f3 sz\u00ednpad\u00e1n pedig mindv\u00e9gig ott d\u00edszeleg majd a Giro d\u2019Italia r\u00f3zsasz\u00edn trik\u00f3ja, amit Valter Attila els\u0151 magyark\u00e9nt viselhetett a versenyen. Ki ne szeretn\u00e9 l\u00e1tni a hazai ker\u00e9kp\u00e1ros t\u00f6rt\u00e9nelem ilyen fontos darabj\u00e1t?<\/p>\n<p><a href=\"https:\/\/d2p6e6u75xmxt8.cloudfront.net\/12\/2021\/09\/MY21TCRADV1-PC_ColorACarbon.jpeg\"><img loading=\"lazy\" decoding=\"async\" class=\"alignnone size-large wp-image-12454\" src=\"https:\/\/d2p6e6u75xmxt8.cloudfront.net\/12\/2021\/09\/MY21TCRADV1-PC_ColorACarbon-1024x619.jpeg\" alt=\"\" width=\"1024\" height=\"619\" srcset=\"https:\/\/d2p6e6u75xmxt8.cloudfront.net\/12\/2021\/09\/MY21TCRADV1-PC_ColorACarbon-1024x619.jpeg 1024w, https:\/\/d2p6e6u75xmxt8.cloudfront.net\/12\/2021\/09\/MY21TCRADV1-PC_ColorACarbon-300x181.jpeg 300w, https:\/\/d2p6e6u75xmxt8.cloudfront.net\/12\/2021\/09\/MY21TCRADV1-PC_ColorACarbon-768x464.jpeg 768w, https:\/\/d2p6e6u75xmxt8.cloudfront.net\/12\/2021\/09\/MY21TCRADV1-PC_ColorACarbon-1536x929.jpeg 1536w, https:\/\/d2p6e6u75xmxt8.cloudfront.net\/12\/2021\/09\/MY21TCRADV1-PC_ColorACarbon.jpeg 1890w\" sizes=\"auto, (max-width: 1024px) 100vw, 1024px\" \/><\/a><\/p>\n<p>Gyere el, tekerj \u00e9s keresd meg a \u0160koda s\u00e1tr\u00e1t!<\/p>\n","protected":false},"excerpt":{"rendered":"<p>Id\u00e9n szeptemberben imm\u00e1r 14. alkalommal \u00e1llhatnak rajthoz a v\u00e1llalkoz\u00f3 kedv\u0171 bring\u00e1sok Zalakaroson, \u00e9s ahogy azt m\u00e1r megszokhatt\u00e1tok, most is v\u00e1r [&hellip;]<\/p>\n","protected":false},"author":71,"featured_media":12455,"comment_status":"open","ping_status":"open","sticky":false,"template":"","format":"standard","meta":{"footnotes":""},"categories":[8],"tags":[],"global-categories":[],"class_list":["post-12450","post","type-post","status-publish","format-standard","has-post-thumbnail","hentry","category-orszaguti-kerekpar"],"yoast_head":"<!-- This site is optimized with the Yoast SEO Premium plugin v25.3 (Yoast SEO v25.9) - https:\/\/yoast.com\/wordpress\/plugins\/seo\/ -->\n<title>Id\u00e9n is Tour de Zalakaros! - \u0160koda We Love Cycling - Magyarorsz\u00e1g<\/title>\n<meta name=\"robots\" content=\"index, follow, max-snippet:-1, max-image-preview:large, max-video-preview:-1\" \/>\n<link rel=\"canonical\" href=\"https:\/\/www.welovecycling.com\/hu\/orszaguti-kerekpar\/iden-is-tour-de-zalakaros\/\" \/>\n<meta property=\"og:locale\" content=\"hu_HU\" \/>\n<meta property=\"og:type\" content=\"article\" \/>\n<meta property=\"og:title\" content=\"Id\u00e9n is Tour de Zalakaros!\" \/>\n<meta property=\"og:description\" content=\"Id\u00e9n szeptemberben imm\u00e1r 14. alkalommal \u00e1llhatnak rajthoz a v\u00e1llalkoz\u00f3 kedv\u0171 bring\u00e1sok Zalakaroson, \u00e9s ahogy azt m\u00e1r megszokhatt\u00e1tok, most is v\u00e1r [&hellip;]\" \/>\n<meta property=\"og:url\" content=\"https:\/\/www.welovecycling.com\/hu\/orszaguti-kerekpar\/iden-is-tour-de-zalakaros\/\" \/>\n<meta property=\"og:site_name\" content=\"\u0160koda We Love Cycling - Magyarorsz\u00e1g\" \/>\n<meta property=\"article:publisher\" content=\"https:\/\/www.facebook.com\/WeLoveCyclingHungary\/\" \/>\n<meta property=\"article:published_time\" content=\"2021-09-13T06:00:35+00:00\" \/>\n<meta property=\"og:image\" content=\"https:\/\/d2p6e6u75xmxt8.cloudfront.net\/12\/2021\/09\/tdzk.png\" \/>\n\t<meta property=\"og:image:width\" content=\"1536\" \/>\n\t<meta property=\"og:image:height\" content=\"1014\" \/>\n\t<meta property=\"og:image:type\" content=\"image\/png\" \/>\n<meta name=\"author\" content=\"hegyizs\" \/>\n<meta name=\"twitter:card\" content=\"summary_large_image\" \/>\n<meta name=\"twitter:label1\" content=\"Written by\" \/>\n\t<meta name=\"twitter:data1\" content=\"WLC\" \/>\n\t<meta name=\"twitter:label2\" content=\"Est. reading time\" \/>\n\t<meta name=\"twitter:data2\" content=\"3 minutes\" \/>\n<script type=\"application\/ld+json\" class=\"yoast-schema-graph\">{\"@context\":\"https:\/\/schema.org\",\"@graph\":[{\"@type\":\"WebPage\",\"@id\":\"https:\/\/www.welovecycling.com\/hu\/orszaguti-kerekpar\/iden-is-tour-de-zalakaros\/\",\"url\":\"https:\/\/www.welovecycling.com\/hu\/orszaguti-kerekpar\/iden-is-tour-de-zalakaros\/\",\"name\":\"Id\u00e9n is Tour de Zalakaros! - \u0160koda We Love Cycling - Magyarorsz\u00e1g\",\"isPartOf\":{\"@id\":\"https:\/\/www.welovecycling.com\/hu\/#website\"},\"primaryImageOfPage\":{\"@id\":\"https:\/\/www.welovecycling.com\/hu\/orszaguti-kerekpar\/iden-is-tour-de-zalakaros\/#primaryimage\"},\"image\":{\"@id\":\"https:\/\/www.welovecycling.com\/hu\/orszaguti-kerekpar\/iden-is-tour-de-zalakaros\/#primaryimage\"},\"thumbnailUrl\":\"https:\/\/d2p6e6u75xmxt8.cloudfront.net\/12\/2021\/09\/tdzk.png\",\"datePublished\":\"2021-09-13T06:00:35+00:00\",\"author\":{\"@id\":\"https:\/\/www.welovecycling.com\/hu\/#\/schema\/person\/414a2aebf1801691a5320edb6468e194\"},\"breadcrumb\":{\"@id\":\"https:\/\/www.welovecycling.com\/hu\/orszaguti-kerekpar\/iden-is-tour-de-zalakaros\/#breadcrumb\"},\"inLanguage\":\"hu\",\"potentialAction\":[{\"@type\":\"ReadAction\",\"target\":[\"https:\/\/www.welovecycling.com\/hu\/orszaguti-kerekpar\/iden-is-tour-de-zalakaros\/\"]}]},{\"@type\":\"ImageObject\",\"inLanguage\":\"hu\",\"@id\":\"https:\/\/www.welovecycling.com\/hu\/orszaguti-kerekpar\/iden-is-tour-de-zalakaros\/#primaryimage\",\"url\":\"https:\/\/d2p6e6u75xmxt8.cloudfront.net\/12\/2021\/09\/tdzk.png\",\"contentUrl\":\"https:\/\/d2p6e6u75xmxt8.cloudfront.net\/12\/2021\/09\/tdzk.png\",\"width\":1536,\"height\":1014},{\"@type\":\"BreadcrumbList\",\"@id\":\"https:\/\/www.welovecycling.com\/hu\/orszaguti-kerekpar\/iden-is-tour-de-zalakaros\/#breadcrumb\",\"itemListElement\":[{\"@type\":\"ListItem\",\"position\":1,\"name\":\"Home\",\"item\":\"https:\/\/www.welovecycling.com\/hu\/\"},{\"@type\":\"ListItem\",\"position\":2,\"name\":\"Id\u00e9n is Tour de Zalakaros!\"}]},{\"@type\":\"WebSite\",\"@id\":\"https:\/\/www.welovecycling.com\/hu\/#website\",\"url\":\"https:\/\/www.welovecycling.com\/hu\/\",\"name\":\"\u0160koda We Love Cycling - Magyarorsz\u00e1g\",\"description\":\"\u0160koda WeLoveCycling\",\"potentialAction\":[{\"@type\":\"SearchAction\",\"target\":{\"@type\":\"EntryPoint\",\"urlTemplate\":\"https:\/\/www.welovecycling.com\/hu\/?s={search_term_string}\"},\"query-input\":{\"@type\":\"PropertyValueSpecification\",\"valueRequired\":true,\"valueName\":\"search_term_string\"}}],\"inLanguage\":\"hu\"},{\"@type\":\"Person\",\"@id\":\"https:\/\/www.welovecycling.com\/hu\/#\/schema\/person\/414a2aebf1801691a5320edb6468e194\",\"name\":\"hegyizs\",\"image\":{\"@type\":\"ImageObject\",\"inLanguage\":\"hu\",\"@id\":\"https:\/\/www.welovecycling.com\/hu\/#\/schema\/person\/image\/\",\"url\":\"https:\/\/secure.gravatar.com\/avatar\/02cf8a7906b8cf90cecb4679defac7cfd33a1c2e3b88e4903d947f3bb58eedd3?s=96&d=mm&r=g\",\"contentUrl\":\"https:\/\/secure.gravatar.com\/avatar\/02cf8a7906b8cf90cecb4679defac7cfd33a1c2e3b88e4903d947f3bb58eedd3?s=96&d=mm&r=g\",\"caption\":\"hegyizs\"},\"url\":\"https:\/\/www.welovecycling.com\/hu\/author\/hegyizs\/\"}]}<\/script>\n<!-- \/ Yoast SEO Premium plugin. -->","yoast_head_json":{"title":"Id\u00e9n is Tour de Zalakaros! - \u0160koda We Love Cycling - Magyarorsz\u00e1g","robots":{"index":"index","follow":"follow","max-snippet":"max-snippet:-1","max-image-preview":"max-image-preview:large","max-video-preview":"max-video-preview:-1"},"canonical":"https:\/\/www.welovecycling.com\/hu\/orszaguti-kerekpar\/iden-is-tour-de-zalakaros\/","og_locale":"hu_HU","og_type":"article","og_title":"Id\u00e9n is Tour de Zalakaros!","og_description":"Id\u00e9n szeptemberben imm\u00e1r 14. alkalommal \u00e1llhatnak rajthoz a v\u00e1llalkoz\u00f3 kedv\u0171 bring\u00e1sok Zalakaroson, \u00e9s ahogy azt m\u00e1r megszokhatt\u00e1tok, most is v\u00e1r [&hellip;]","og_url":"https:\/\/www.welovecycling.com\/hu\/orszaguti-kerekpar\/iden-is-tour-de-zalakaros\/","og_site_name":"\u0160koda We Love Cycling - Magyarorsz\u00e1g","article_publisher":"https:\/\/www.facebook.com\/WeLoveCyclingHungary\/","article_published_time":"2021-09-13T06:00:35+00:00","og_image":[{"width":1536,"height":1014,"url":"https:\/\/d2p6e6u75xmxt8.cloudfront.net\/12\/2021\/09\/tdzk.png","type":"image\/png"}],"author":"hegyizs","twitter_card":"summary_large_image","twitter_misc":{"Written by":"WLC","Est. reading time":"3 minutes"},"schema":{"@context":"https:\/\/schema.org","@graph":[{"@type":"WebPage","@id":"https:\/\/www.welovecycling.com\/hu\/orszaguti-kerekpar\/iden-is-tour-de-zalakaros\/","url":"https:\/\/www.welovecycling.com\/hu\/orszaguti-kerekpar\/iden-is-tour-de-zalakaros\/","name":"Id\u00e9n is Tour de Zalakaros! - \u0160koda We Love Cycling - Magyarorsz\u00e1g","isPartOf":{"@id":"https:\/\/www.welovecycling.com\/hu\/#website"},"primaryImageOfPage":{"@id":"https:\/\/www.welovecycling.com\/hu\/orszaguti-kerekpar\/iden-is-tour-de-zalakaros\/#primaryimage"},"image":{"@id":"https:\/\/www.welovecycling.com\/hu\/orszaguti-kerekpar\/iden-is-tour-de-zalakaros\/#primaryimage"},"thumbnailUrl":"https:\/\/d2p6e6u75xmxt8.cloudfront.net\/12\/2021\/09\/tdzk.png","datePublished":"2021-09-13T06:00:35+00:00","author":{"@id":"https:\/\/www.welovecycling.com\/hu\/#\/schema\/person\/414a2aebf1801691a5320edb6468e194"},"breadcrumb":{"@id":"https:\/\/www.welovecycling.com\/hu\/orszaguti-kerekpar\/iden-is-tour-de-zalakaros\/#breadcrumb"},"inLanguage":"hu","potentialAction":[{"@type":"ReadAction","target":["https:\/\/www.welovecycling.com\/hu\/orszaguti-kerekpar\/iden-is-tour-de-zalakaros\/"]}]},{"@type":"ImageObject","inLanguage":"hu","@id":"https:\/\/www.welovecycling.com\/hu\/orszaguti-kerekpar\/iden-is-tour-de-zalakaros\/#primaryimage","url":"https:\/\/d2p6e6u75xmxt8.cloudfront.net\/12\/2021\/09\/tdzk.png","contentUrl":"https:\/\/d2p6e6u75xmxt8.cloudfront.net\/12\/2021\/09\/tdzk.png","width":1536,"height":1014},{"@type":"BreadcrumbList","@id":"https:\/\/www.welovecycling.com\/hu\/orszaguti-kerekpar\/iden-is-tour-de-zalakaros\/#breadcrumb","itemListElement":[{"@type":"ListItem","position":1,"name":"Home","item":"https:\/\/www.welovecycling.com\/hu\/"},{"@type":"ListItem","position":2,"name":"Id\u00e9n is Tour de Zalakaros!"}]},{"@type":"WebSite","@id":"https:\/\/www.welovecycling.com\/hu\/#website","url":"https:\/\/www.welovecycling.com\/hu\/","name":"\u0160koda We Love Cycling - Magyarorsz\u00e1g","description":"\u0160koda WeLoveCycling","potentialAction":[{"@type":"SearchAction","target":{"@type":"EntryPoint","urlTemplate":"https:\/\/www.welovecycling.com\/hu\/?s={search_term_string}"},"query-input":{"@type":"PropertyValueSpecification","valueRequired":true,"valueName":"search_term_string"}}],"inLanguage":"hu"},{"@type":"Person","@id":"https:\/\/www.welovecycling.com\/hu\/#\/schema\/person\/414a2aebf1801691a5320edb6468e194","name":"hegyizs","image":{"@type":"ImageObject","inLanguage":"hu","@id":"https:\/\/www.welovecycling.com\/hu\/#\/schema\/person\/image\/","url":"https:\/\/secure.gravatar.com\/avatar\/02cf8a7906b8cf90cecb4679defac7cfd33a1c2e3b88e4903d947f3bb58eedd3?s=96&d=mm&r=g","contentUrl":"https:\/\/secure.gravatar.com\/avatar\/02cf8a7906b8cf90cecb4679defac7cfd33a1c2e3b88e4903d947f3bb58eedd3?s=96&d=mm&r=g","caption":"hegyizs"},"url":"https:\/\/www.welovecycling.com\/hu\/author\/hegyizs\/"}]}},"_links":{"self":[{"href":"https:\/\/www.welovecycling.com\/hu\/wp-json\/wp\/v2\/posts\/12450","targetHints":{"allow":["GET"]}}],"collection":[{"href":"https:\/\/www.welovecycling.com\/hu\/wp-json\/wp\/v2\/posts"}],"about":[{"href":"https:\/\/www.welovecycling.com\/hu\/wp-json\/wp\/v2\/types\/post"}],"author":[{"embeddable":true,"href":"https:\/\/www.welovecycling.com\/hu\/wp-json\/wp\/v2\/users\/71"}],"replies":[{"embeddable":true,"href":"https:\/\/www.welovecycling.com\/hu\/wp-json\/wp\/v2\/comments?post=12450"}],"version-history":[{"count":1,"href":"https:\/\/www.welovecycling.com\/hu\/wp-json\/wp\/v2\/posts\/12450\/revisions"}],"predecessor-version":[{"id":12456,"href":"https:\/\/www.welovecycling.com\/hu\/wp-json\/wp\/v2\/posts\/12450\/revisions\/12456"}],"wp:featuredmedia":[{"embeddable":true,"href":"https:\/\/www.welovecycling.com\/hu\/wp-json\/wp\/v2\/media\/12455"}],"wp:attachment":[{"href":"https:\/\/www.welovecycling.com\/hu\/wp-json\/wp\/v2\/media?parent=12450"}],"wp:term":[{"taxonomy":"category","embeddable":true,"href":"https:\/\/www.welovecycling.com\/hu\/wp-json\/wp\/v2\/categories?post=12450"},{"taxonomy":"post_tag","embeddable":true,"href":"https:\/\/www.welovecycling.com\/hu\/wp-json\/wp\/v2\/tags?post=12450"},{"taxonomy":"global-categories","embeddable":true,"href":"https:\/\/www.welovecycling.com\/hu\/wp-json\/wp\/v2\/global-categories?post=12450"}],"curies":[{"name":"wp","href":"https:\/\/api.w.org\/{rel}","templated":true}]}}