{"id":12444,"date":"2021-09-12T08:00:13","date_gmt":"2021-09-12T06:00:13","guid":{"rendered":"https:\/\/www.welovecycling.com\/hu\/?p=12444"},"modified":"2021-09-10T15:13:01","modified_gmt":"2021-09-10T13:13:01","slug":"draga-es-esztelen-avagy-igy-ne-epits-raketat-a-kerekparodra","status":"publish","type":"post","link":"https:\/\/www.welovecycling.com\/hu\/adrenalin\/draga-es-esztelen-avagy-igy-ne-epits-raketat-a-kerekparodra\/","title":{"rendered":"Dr\u00e1ga \u00e9s esztelen \u2013 avagy \u00edgy (ne) \u00e9p\u00edts rak\u00e9t\u00e1t a ker\u00e9kp\u00e1rodra"},"content":{"rendered":"<p><strong>Mondj\u00e1k, hogy az emberi ostobas\u00e1g hat\u00e1rtalan, vagy szofisztik\u00e1ltabb megfogalmaz\u00e1sban, hogy a zsenit az \u0151r\u00fcltt\u0151l csup\u00e1n egy hajsz\u00e1l v\u00e1lasztja el. Egy tajvani fiatalember p\u00e9ld\u00e1ul alighanem \u00e1tesett kicsit a bringa t\u00faloldal\u00e1ra e tekintetben.<\/strong><!--more--><\/p>\n<p>A Taiwan News \u00edrt a k\u00eds\u00e9rletez\u0151 kedv\u0171 ker\u00e9kp\u00e1rrajong\u00f3r\u00f3l, akir\u0151l mind\u00f6ssze annyit tudunk biztosan, hogy 37 esztend\u0151s \u00e9s a vezet\u00e9kneve az arrafel\u00e9 egy\u00e1ltal\u00e1n nem ritka Wang. Emellett szeret b\u00fctyk\u00f6lni \u00e9s k\u00eds\u00e9rteni a sorsot, ennek \u00f6tv\u00f6zetek\u00e9nt fogant meg a fej\u00e9ben a gondolat, hogy feltuningolja kicsit az orsz\u00e1g\u00fati bring\u00e1j\u00e1t \u2013 \u00e1m eg\u00e9szen rendhagy\u00f3 m\u00f3don\u2026<\/p>\n<p>Wang ugyanis j\u00f3 \u00f6tletnek gondolta egy minirak\u00e9t\u00e1val feldobni az unalmas v\u00e1rosi biciklis h\u00e9tk\u00f6znapokat.<\/p>\n<p>\u00cdgy h\u00e1t fogott egy t\u00e1vir\u00e1ny\u00edt\u00f3s rep\u00fcl\u0151g\u00e9pb\u0151l kiszerelt sug\u00e1rhajt\u00f3m\u0171vet, \u00e9s egy egyetemi professzor cimbor\u00e1j\u00e1nak a seg\u00edts\u00e9g\u00e9vel \u00e1talak\u00edtotta, majd felapplik\u00e1lta ker\u00e9kp\u00e1rja nyerg\u00e9re. A rak\u00e9ta\u00fczemanyagot pedig a kulacstart\u00f3ba helyezett flask\u00e1ba \u00f6nt\u00f6tte bele, amit a hajt\u00f3m\u0171 azt\u00e1n vill\u00e1mgyorsan bekebelezett: a nyilv\u00e1nval\u00f3 m\u00e9retkorl\u00e1tok ok\u00e1n mind\u00f6ssze harminc m\u00e1sodpercre elegend\u0151 \u00fczemanyag \u00e1llt rendelkez\u00e9sre.<\/p>\n<figure id=\"attachment_12446\" aria-describedby=\"caption-attachment-12446\" style=\"width: 939px\" class=\"wp-caption alignnone\"><a href=\"https:\/\/d2p6e6u75xmxt8.cloudfront.net\/12\/2021\/09\/wlc_dee12.png\"><img loading=\"lazy\" decoding=\"async\" class=\"size-full wp-image-12446\" src=\"https:\/\/d2p6e6u75xmxt8.cloudfront.net\/12\/2021\/09\/wlc_dee12.png\" alt=\"\" width=\"939\" height=\"625\" srcset=\"https:\/\/d2p6e6u75xmxt8.cloudfront.net\/12\/2021\/09\/wlc_dee12.png 939w, https:\/\/d2p6e6u75xmxt8.cloudfront.net\/12\/2021\/09\/wlc_dee12-300x200.png 300w, https:\/\/d2p6e6u75xmxt8.cloudfront.net\/12\/2021\/09\/wlc_dee12-768x511.png 768w, https:\/\/d2p6e6u75xmxt8.cloudfront.net\/12\/2021\/09\/wlc_dee12-272x182.png 272w\" sizes=\"auto, (max-width: 939px) 100vw, 939px\" \/><\/a><figcaption id=\"caption-attachment-12446\" class=\"wp-caption-text\">Forr\u00e1s: YouTube<\/figcaption><\/figure>\n<p>Ez a f\u00e9l perc viszont t\u00e9nyleg szuperszonikusra sikeredett: ember\u00fcnk a rak\u00e9t\u00e1s r\u00e1seg\u00edt\u00e9ssel 133(!) kilom\u00e9ter per \u00f3r\u00e1s v\u00e9gsebess\u00e9gre gyorsult, amivel m\u00e1r az itthoni aut\u00f3p\u00e1ly\u00e1kon is \u00e1tl\u00e9pn\u00e9 a megengedett korl\u00e1tot\u2026<\/p>\n<p>M\u00e1s k\u00e9rd\u00e9s, hogy v\u00e9g\u00fcl kicsit sok h\u0171h\u0151 semmi\u00e9rt szaga lett a t\u00f6rt\u00e9netnek.<\/p>\n<p>Wang ugyanis bevallottan mintegy h\u00e1rom \u00e9s f\u00e9l milli\u00f3 forintnak megfelel\u0151 j\u00fcant k\u00f6lt\u00f6tt k\u00f6lts\u00e9ges agysz\u00fclem\u00e9ny\u00e9re \u00f6sszesen \u2013 hogy cser\u00e9be azt\u00e1n m\u00e9g kis h\u00edj\u00e1n j\u00f3l meg is b\u00fcntess\u00e9k. Mert b\u00e1r a \u201erak\u00e9tabring\u00e1t\u201d az \u00e9j leple alatt pr\u00f3b\u00e1lta ki Tajnan v\u00e1ros\u00e1nak egyik csendesebb utc\u00e1j\u00e1ban, amikor szinte egy\u00e1ltal\u00e1n nincs forgalom, ezt m\u00e9giscsak k\u00f6z\u00faton tette, amivel, mint ut\u00f3bb kider\u00fclt (b\u00e1r el\u0151re is sejthette volna), sz\u00e1mos k\u00f6zleked\u00e9si, forgalmi \u00e9s a j\u00e1rm\u0171vek m\u00f3dos\u00edt\u00e1s\u00e1ra vonatkoz\u00f3 szab\u00e1lyt h\u00e1gott \u00e1t. \u00c9s mivel az akci\u00f3j\u00e1t term\u00e9szetesen gondosan r\u00f6gz\u00edtette, majd fel is t\u00f6lt\u00f6tte az internetre \u2013 ahol pillanatok alatt felkapt\u00e1k \u2013, ezzel kv\u00e1zi \u00f6nmaga ellen gy\u00e1rtott bizony\u00edt\u00e9kot: a vide\u00f3 l\u00e1tt\u00e1n a rend\u0151rs\u00e9g saj\u00e1t otthon\u00e1ban l\u00e1togatta meg. A meglepett (elmond\u00e1sa szerint am\u00edg a rend\u0151rs\u00e9g ki nem sz\u00e1llt hozz\u00e1, nem tudta, hogy t\u00f6rv\u00e9nyt s\u00e9rt), de a szervekkel v\u00e9gig egy\u00fcttm\u0171k\u00f6d\u0151 Wang v\u00e9g\u00fcl azt\u00e1n meg\u00faszta figyelmeztet\u00e9sekkel, illetve h\u00e9t napot kapott r\u00e1, hogy elt\u00e1vol\u00edtsa a szab\u00e1lyokba \u00fctk\u00f6z\u0151 \u00f6rd\u00f6gi szerkezetet, amit azonnal meg is tett.<\/p>\n<p>Sz\u00f3val mindent egybev\u00e9ve igen dr\u00e1ga f\u00e9l perc volt \u2013 k\u00e9tes, de vitathatatlan m\u00e9rn\u00f6ki brav\u00farj\u00e1t ugyanakkor t\u00f6bb milli\u00f3an l\u00e1tt\u00e1k vil\u00e1gszerte, \u00e9s n\u00e9h\u00e1ny nagyon hossz\u00fanak t\u0171n\u0151 m\u00e1sodpercig biztos, hogy egyed\u00fcl\u00e1ll\u00f3 adrenalin-\u00e9lm\u00e9nyben volt r\u00e9sze\u2026<\/p>\n<lite-youtube videoid=Oa3uYIe75iI params=\"enablejsapi=1\" style=\"background-image: url('https:\/\/i.ytimg.com\/vi_webp\/Oa3uYIe75iI\/maxresdefault.webp');\"><\/lite-youtube>\n<p><em>Bor\u00edt\u00f3k\u00e9p forr\u00e1sa: Taiwan News<\/em><\/p>\n","protected":false},"excerpt":{"rendered":"<p>Mondj\u00e1k, hogy az emberi ostobas\u00e1g hat\u00e1rtalan, vagy szofisztik\u00e1ltabb megfogalmaz\u00e1sban, hogy a zsenit az \u0151r\u00fcltt\u0151l csup\u00e1n egy hajsz\u00e1l v\u00e1lasztja el. Egy [&hellip;]<\/p>\n","protected":false},"author":71,"featured_media":12445,"comment_status":"open","ping_status":"open","sticky":false,"template":"","format":"standard","meta":{"footnotes":""},"categories":[5],"tags":[],"global-categories":[],"class_list":["post-12444","post","type-post","status-publish","format-standard","has-post-thumbnail","hentry","category-adrenalin"],"yoast_head":"<!-- This site is optimized with the Yoast SEO Premium plugin v25.3 (Yoast SEO v25.9) - https:\/\/yoast.com\/wordpress\/plugins\/seo\/ -->\n<title>Dr\u00e1ga \u00e9s esztelen \u2013 avagy \u00edgy (ne) \u00e9p\u00edts rak\u00e9t\u00e1t a ker\u00e9kp\u00e1rodra<\/title>\n<meta name=\"description\" content=\"Mondj\u00e1k, hogy az emberi ostobas\u00e1g hat\u00e1rtalan, vagy szofisztik\u00e1ltabb megfogalmaz\u00e1sban, hogy a zsenit az \u0151r\u00fcltt\u0151l csup\u00e1n egy hajsz\u00e1l v\u00e1lasztja el. Egy tajvani fiatalember p\u00e9ld\u00e1ul alighanem \u00e1tesett kicsit a bringa t\u00faloldal\u00e1ra e tekintetben.\" \/>\n<meta name=\"robots\" content=\"index, follow, max-snippet:-1, max-image-preview:large, max-video-preview:-1\" \/>\n<link rel=\"canonical\" href=\"https:\/\/www.welovecycling.com\/hu\/adrenalin\/draga-es-esztelen-avagy-igy-ne-epits-raketat-a-kerekparodra\/\" \/>\n<meta property=\"og:locale\" content=\"hu_HU\" \/>\n<meta property=\"og:type\" content=\"article\" \/>\n<meta property=\"og:title\" content=\"Dr\u00e1ga \u00e9s esztelen \u2013 avagy \u00edgy (ne) \u00e9p\u00edts rak\u00e9t\u00e1t a ker\u00e9kp\u00e1rodra\" \/>\n<meta property=\"og:description\" content=\"Mondj\u00e1k, hogy az emberi ostobas\u00e1g hat\u00e1rtalan, vagy szofisztik\u00e1ltabb megfogalmaz\u00e1sban, hogy a zsenit az \u0151r\u00fcltt\u0151l csup\u00e1n egy hajsz\u00e1l v\u00e1lasztja el. Egy tajvani fiatalember p\u00e9ld\u00e1ul alighanem \u00e1tesett kicsit a bringa t\u00faloldal\u00e1ra e tekintetben.\" \/>\n<meta property=\"og:url\" content=\"https:\/\/www.welovecycling.com\/hu\/adrenalin\/draga-es-esztelen-avagy-igy-ne-epits-raketat-a-kerekparodra\/\" \/>\n<meta property=\"og:site_name\" content=\"\u0160koda We Love Cycling - Magyarorsz\u00e1g\" \/>\n<meta property=\"article:publisher\" content=\"https:\/\/www.facebook.com\/WeLoveCyclingHungary\/\" \/>\n<meta property=\"article:published_time\" content=\"2021-09-12T06:00:13+00:00\" \/>\n<meta property=\"og:image\" content=\"https:\/\/d2p6e6u75xmxt8.cloudfront.net\/12\/2021\/09\/wlc_dee1png.png\" \/>\n\t<meta property=\"og:image:width\" content=\"945\" \/>\n\t<meta property=\"og:image:height\" content=\"652\" \/>\n\t<meta property=\"og:image:type\" content=\"image\/png\" \/>\n<meta name=\"author\" content=\"hegyizs\" \/>\n<meta name=\"twitter:card\" content=\"summary_large_image\" \/>\n<meta name=\"twitter:label1\" content=\"Written by\" \/>\n\t<meta name=\"twitter:data1\" content=\"WLC\" \/>\n\t<meta name=\"twitter:label2\" content=\"Est. reading time\" \/>\n\t<meta name=\"twitter:data2\" content=\"3 minutes\" \/>\n<script type=\"application\/ld+json\" class=\"yoast-schema-graph\">{\"@context\":\"https:\/\/schema.org\",\"@graph\":[{\"@type\":\"WebPage\",\"@id\":\"https:\/\/www.welovecycling.com\/hu\/adrenalin\/draga-es-esztelen-avagy-igy-ne-epits-raketat-a-kerekparodra\/\",\"url\":\"https:\/\/www.welovecycling.com\/hu\/adrenalin\/draga-es-esztelen-avagy-igy-ne-epits-raketat-a-kerekparodra\/\",\"name\":\"Dr\u00e1ga \u00e9s esztelen \u2013 avagy \u00edgy (ne) \u00e9p\u00edts rak\u00e9t\u00e1t a ker\u00e9kp\u00e1rodra\",\"isPartOf\":{\"@id\":\"https:\/\/www.welovecycling.com\/hu\/#website\"},\"primaryImageOfPage\":{\"@id\":\"https:\/\/www.welovecycling.com\/hu\/adrenalin\/draga-es-esztelen-avagy-igy-ne-epits-raketat-a-kerekparodra\/#primaryimage\"},\"image\":{\"@id\":\"https:\/\/www.welovecycling.com\/hu\/adrenalin\/draga-es-esztelen-avagy-igy-ne-epits-raketat-a-kerekparodra\/#primaryimage\"},\"thumbnailUrl\":\"https:\/\/d2p6e6u75xmxt8.cloudfront.net\/12\/2021\/09\/wlc_dee1png.png\",\"datePublished\":\"2021-09-12T06:00:13+00:00\",\"author\":{\"@id\":\"https:\/\/www.welovecycling.com\/hu\/#\/schema\/person\/414a2aebf1801691a5320edb6468e194\"},\"description\":\"Mondj\u00e1k, hogy az emberi ostobas\u00e1g hat\u00e1rtalan, vagy szofisztik\u00e1ltabb megfogalmaz\u00e1sban, hogy a zsenit az \u0151r\u00fcltt\u0151l csup\u00e1n egy hajsz\u00e1l v\u00e1lasztja el. Egy tajvani fiatalember p\u00e9ld\u00e1ul alighanem \u00e1tesett kicsit a bringa t\u00faloldal\u00e1ra e tekintetben.\",\"breadcrumb\":{\"@id\":\"https:\/\/www.welovecycling.com\/hu\/adrenalin\/draga-es-esztelen-avagy-igy-ne-epits-raketat-a-kerekparodra\/#breadcrumb\"},\"inLanguage\":\"hu\",\"potentialAction\":[{\"@type\":\"ReadAction\",\"target\":[\"https:\/\/www.welovecycling.com\/hu\/adrenalin\/draga-es-esztelen-avagy-igy-ne-epits-raketat-a-kerekparodra\/\"]}]},{\"@type\":\"ImageObject\",\"inLanguage\":\"hu\",\"@id\":\"https:\/\/www.welovecycling.com\/hu\/adrenalin\/draga-es-esztelen-avagy-igy-ne-epits-raketat-a-kerekparodra\/#primaryimage\",\"url\":\"https:\/\/d2p6e6u75xmxt8.cloudfront.net\/12\/2021\/09\/wlc_dee1png.png\",\"contentUrl\":\"https:\/\/d2p6e6u75xmxt8.cloudfront.net\/12\/2021\/09\/wlc_dee1png.png\",\"width\":945,\"height\":652},{\"@type\":\"BreadcrumbList\",\"@id\":\"https:\/\/www.welovecycling.com\/hu\/adrenalin\/draga-es-esztelen-avagy-igy-ne-epits-raketat-a-kerekparodra\/#breadcrumb\",\"itemListElement\":[{\"@type\":\"ListItem\",\"position\":1,\"name\":\"Home\",\"item\":\"https:\/\/www.welovecycling.com\/hu\/\"},{\"@type\":\"ListItem\",\"position\":2,\"name\":\"Dr\u00e1ga \u00e9s esztelen \u2013 avagy \u00edgy (ne) \u00e9p\u00edts rak\u00e9t\u00e1t a ker\u00e9kp\u00e1rodra\"}]},{\"@type\":\"WebSite\",\"@id\":\"https:\/\/www.welovecycling.com\/hu\/#website\",\"url\":\"https:\/\/www.welovecycling.com\/hu\/\",\"name\":\"\u0160koda We Love Cycling - Magyarorsz\u00e1g\",\"description\":\"\u0160koda WeLoveCycling\",\"potentialAction\":[{\"@type\":\"SearchAction\",\"target\":{\"@type\":\"EntryPoint\",\"urlTemplate\":\"https:\/\/www.welovecycling.com\/hu\/?s={search_term_string}\"},\"query-input\":{\"@type\":\"PropertyValueSpecification\",\"valueRequired\":true,\"valueName\":\"search_term_string\"}}],\"inLanguage\":\"hu\"},{\"@type\":\"Person\",\"@id\":\"https:\/\/www.welovecycling.com\/hu\/#\/schema\/person\/414a2aebf1801691a5320edb6468e194\",\"name\":\"hegyizs\",\"image\":{\"@type\":\"ImageObject\",\"inLanguage\":\"hu\",\"@id\":\"https:\/\/www.welovecycling.com\/hu\/#\/schema\/person\/image\/\",\"url\":\"https:\/\/secure.gravatar.com\/avatar\/02cf8a7906b8cf90cecb4679defac7cfd33a1c2e3b88e4903d947f3bb58eedd3?s=96&d=mm&r=g\",\"contentUrl\":\"https:\/\/secure.gravatar.com\/avatar\/02cf8a7906b8cf90cecb4679defac7cfd33a1c2e3b88e4903d947f3bb58eedd3?s=96&d=mm&r=g\",\"caption\":\"hegyizs\"},\"url\":\"https:\/\/www.welovecycling.com\/hu\/author\/hegyizs\/\"}]}<\/script>\n<!-- \/ Yoast SEO Premium plugin. -->","yoast_head_json":{"title":"Dr\u00e1ga \u00e9s esztelen \u2013 avagy \u00edgy (ne) \u00e9p\u00edts rak\u00e9t\u00e1t a ker\u00e9kp\u00e1rodra","description":"Mondj\u00e1k, hogy az emberi ostobas\u00e1g hat\u00e1rtalan, vagy szofisztik\u00e1ltabb megfogalmaz\u00e1sban, hogy a zsenit az \u0151r\u00fcltt\u0151l csup\u00e1n egy hajsz\u00e1l v\u00e1lasztja el. Egy tajvani fiatalember p\u00e9ld\u00e1ul alighanem \u00e1tesett kicsit a bringa t\u00faloldal\u00e1ra e tekintetben.","robots":{"index":"index","follow":"follow","max-snippet":"max-snippet:-1","max-image-preview":"max-image-preview:large","max-video-preview":"max-video-preview:-1"},"canonical":"https:\/\/www.welovecycling.com\/hu\/adrenalin\/draga-es-esztelen-avagy-igy-ne-epits-raketat-a-kerekparodra\/","og_locale":"hu_HU","og_type":"article","og_title":"Dr\u00e1ga \u00e9s esztelen \u2013 avagy \u00edgy (ne) \u00e9p\u00edts rak\u00e9t\u00e1t a ker\u00e9kp\u00e1rodra","og_description":"Mondj\u00e1k, hogy az emberi ostobas\u00e1g hat\u00e1rtalan, vagy szofisztik\u00e1ltabb megfogalmaz\u00e1sban, hogy a zsenit az \u0151r\u00fcltt\u0151l csup\u00e1n egy hajsz\u00e1l v\u00e1lasztja el. Egy tajvani fiatalember p\u00e9ld\u00e1ul alighanem \u00e1tesett kicsit a bringa t\u00faloldal\u00e1ra e tekintetben.","og_url":"https:\/\/www.welovecycling.com\/hu\/adrenalin\/draga-es-esztelen-avagy-igy-ne-epits-raketat-a-kerekparodra\/","og_site_name":"\u0160koda We Love Cycling - Magyarorsz\u00e1g","article_publisher":"https:\/\/www.facebook.com\/WeLoveCyclingHungary\/","article_published_time":"2021-09-12T06:00:13+00:00","og_image":[{"width":945,"height":652,"url":"https:\/\/d2p6e6u75xmxt8.cloudfront.net\/12\/2021\/09\/wlc_dee1png.png","type":"image\/png"}],"author":"hegyizs","twitter_card":"summary_large_image","twitter_misc":{"Written by":"WLC","Est. reading time":"3 minutes"},"schema":{"@context":"https:\/\/schema.org","@graph":[{"@type":"WebPage","@id":"https:\/\/www.welovecycling.com\/hu\/adrenalin\/draga-es-esztelen-avagy-igy-ne-epits-raketat-a-kerekparodra\/","url":"https:\/\/www.welovecycling.com\/hu\/adrenalin\/draga-es-esztelen-avagy-igy-ne-epits-raketat-a-kerekparodra\/","name":"Dr\u00e1ga \u00e9s esztelen \u2013 avagy \u00edgy (ne) \u00e9p\u00edts rak\u00e9t\u00e1t a ker\u00e9kp\u00e1rodra","isPartOf":{"@id":"https:\/\/www.welovecycling.com\/hu\/#website"},"primaryImageOfPage":{"@id":"https:\/\/www.welovecycling.com\/hu\/adrenalin\/draga-es-esztelen-avagy-igy-ne-epits-raketat-a-kerekparodra\/#primaryimage"},"image":{"@id":"https:\/\/www.welovecycling.com\/hu\/adrenalin\/draga-es-esztelen-avagy-igy-ne-epits-raketat-a-kerekparodra\/#primaryimage"},"thumbnailUrl":"https:\/\/d2p6e6u75xmxt8.cloudfront.net\/12\/2021\/09\/wlc_dee1png.png","datePublished":"2021-09-12T06:00:13+00:00","author":{"@id":"https:\/\/www.welovecycling.com\/hu\/#\/schema\/person\/414a2aebf1801691a5320edb6468e194"},"description":"Mondj\u00e1k, hogy az emberi ostobas\u00e1g hat\u00e1rtalan, vagy szofisztik\u00e1ltabb megfogalmaz\u00e1sban, hogy a zsenit az \u0151r\u00fcltt\u0151l csup\u00e1n egy hajsz\u00e1l v\u00e1lasztja el. Egy tajvani fiatalember p\u00e9ld\u00e1ul alighanem \u00e1tesett kicsit a bringa t\u00faloldal\u00e1ra e tekintetben.","breadcrumb":{"@id":"https:\/\/www.welovecycling.com\/hu\/adrenalin\/draga-es-esztelen-avagy-igy-ne-epits-raketat-a-kerekparodra\/#breadcrumb"},"inLanguage":"hu","potentialAction":[{"@type":"ReadAction","target":["https:\/\/www.welovecycling.com\/hu\/adrenalin\/draga-es-esztelen-avagy-igy-ne-epits-raketat-a-kerekparodra\/"]}]},{"@type":"ImageObject","inLanguage":"hu","@id":"https:\/\/www.welovecycling.com\/hu\/adrenalin\/draga-es-esztelen-avagy-igy-ne-epits-raketat-a-kerekparodra\/#primaryimage","url":"https:\/\/d2p6e6u75xmxt8.cloudfront.net\/12\/2021\/09\/wlc_dee1png.png","contentUrl":"https:\/\/d2p6e6u75xmxt8.cloudfront.net\/12\/2021\/09\/wlc_dee1png.png","width":945,"height":652},{"@type":"BreadcrumbList","@id":"https:\/\/www.welovecycling.com\/hu\/adrenalin\/draga-es-esztelen-avagy-igy-ne-epits-raketat-a-kerekparodra\/#breadcrumb","itemListElement":[{"@type":"ListItem","position":1,"name":"Home","item":"https:\/\/www.welovecycling.com\/hu\/"},{"@type":"ListItem","position":2,"name":"Dr\u00e1ga \u00e9s esztelen \u2013 avagy \u00edgy (ne) \u00e9p\u00edts rak\u00e9t\u00e1t a ker\u00e9kp\u00e1rodra"}]},{"@type":"WebSite","@id":"https:\/\/www.welovecycling.com\/hu\/#website","url":"https:\/\/www.welovecycling.com\/hu\/","name":"\u0160koda We Love Cycling - Magyarorsz\u00e1g","description":"\u0160koda WeLoveCycling","potentialAction":[{"@type":"SearchAction","target":{"@type":"EntryPoint","urlTemplate":"https:\/\/www.welovecycling.com\/hu\/?s={search_term_string}"},"query-input":{"@type":"PropertyValueSpecification","valueRequired":true,"valueName":"search_term_string"}}],"inLanguage":"hu"},{"@type":"Person","@id":"https:\/\/www.welovecycling.com\/hu\/#\/schema\/person\/414a2aebf1801691a5320edb6468e194","name":"hegyizs","image":{"@type":"ImageObject","inLanguage":"hu","@id":"https:\/\/www.welovecycling.com\/hu\/#\/schema\/person\/image\/","url":"https:\/\/secure.gravatar.com\/avatar\/02cf8a7906b8cf90cecb4679defac7cfd33a1c2e3b88e4903d947f3bb58eedd3?s=96&d=mm&r=g","contentUrl":"https:\/\/secure.gravatar.com\/avatar\/02cf8a7906b8cf90cecb4679defac7cfd33a1c2e3b88e4903d947f3bb58eedd3?s=96&d=mm&r=g","caption":"hegyizs"},"url":"https:\/\/www.welovecycling.com\/hu\/author\/hegyizs\/"}]}},"_links":{"self":[{"href":"https:\/\/www.welovecycling.com\/hu\/wp-json\/wp\/v2\/posts\/12444","targetHints":{"allow":["GET"]}}],"collection":[{"href":"https:\/\/www.welovecycling.com\/hu\/wp-json\/wp\/v2\/posts"}],"about":[{"href":"https:\/\/www.welovecycling.com\/hu\/wp-json\/wp\/v2\/types\/post"}],"author":[{"embeddable":true,"href":"https:\/\/www.welovecycling.com\/hu\/wp-json\/wp\/v2\/users\/71"}],"replies":[{"embeddable":true,"href":"https:\/\/www.welovecycling.com\/hu\/wp-json\/wp\/v2\/comments?post=12444"}],"version-history":[{"count":1,"href":"https:\/\/www.welovecycling.com\/hu\/wp-json\/wp\/v2\/posts\/12444\/revisions"}],"predecessor-version":[{"id":12448,"href":"https:\/\/www.welovecycling.com\/hu\/wp-json\/wp\/v2\/posts\/12444\/revisions\/12448"}],"wp:featuredmedia":[{"embeddable":true,"href":"https:\/\/www.welovecycling.com\/hu\/wp-json\/wp\/v2\/media\/12445"}],"wp:attachment":[{"href":"https:\/\/www.welovecycling.com\/hu\/wp-json\/wp\/v2\/media?parent=12444"}],"wp:term":[{"taxonomy":"category","embeddable":true,"href":"https:\/\/www.welovecycling.com\/hu\/wp-json\/wp\/v2\/categories?post=12444"},{"taxonomy":"post_tag","embeddable":true,"href":"https:\/\/www.welovecycling.com\/hu\/wp-json\/wp\/v2\/tags?post=12444"},{"taxonomy":"global-categories","embeddable":true,"href":"https:\/\/www.welovecycling.com\/hu\/wp-json\/wp\/v2\/global-categories?post=12444"}],"curies":[{"name":"wp","href":"https:\/\/api.w.org\/{rel}","templated":true}]}}