{"id":12435,"date":"2021-09-17T08:00:49","date_gmt":"2021-09-17T06:00:49","guid":{"rendered":"https:\/\/www.welovecycling.com\/hu\/?p=12435"},"modified":"2022-02-03T12:59:26","modified_gmt":"2022-02-03T10:59:26","slug":"honap-utvonala-szeptember-zelenij-linda-kedvenc-dh-palyaja","status":"publish","type":"post","link":"https:\/\/www.welovecycling.com\/hu\/honap-utvonala\/honap-utvonala-szeptember-zelenij-linda-kedvenc-dh-palyaja\/","title":{"rendered":"H\u00f3nap \u00fatvonala \u2013 Szeptember: Zelenij Linda kedvenc DH p\u00e1ly\u00e1ja"},"content":{"rendered":"<p><strong>Ez\u00fattal az extr\u00e9m bring\u00e1soknak, a downhill kedvel\u0151inek \u00e9s az izgalmas terepek szerelmeseinek kedvez a v\u00e1laszt\u00e1sunk: az augusztusi h\u00f3nap \u00fatvonal\u00e1t Zelenij Linda hozta el nek\u00fcnk, aki a magyar XCO v\u00e1logatott tagjak\u00e9nt versenyzett k\u00e9t \u00e9ven \u00e1t, majd \u00e1tnyergelt az extr\u00e9m bring\u00e1z\u00e1sra. A p\u00e1lya els\u0151sorban k\u00f6z\u00e9phalad\u00f3knak aj\u00e1nlott, aki ink\u00e1bb kezd\u0151 a sport\u00e1gban, csak lassan, el\u0151vigy\u00e1zatosan vegye szem\u00fcgyre!<\/strong><!--more--><\/p>\n<p>Term\u00e9szetesen senkinek nem akarjuk elvenni a kedv\u00e9t az extr\u00e9m ker\u00e9kp\u00e1roz\u00e1st\u00f3l, s\u0151t! De nem \u00e1rt egy kis felk\u00e9sz\u00fcl\u00e9s, miel\u0151tt az ember komolyabb terepre indul. Zelenij Lind\u00e1val besz\u00e9lgett\u00fcnk arr\u00f3l, \u0151 mi\u00e9rt v\u00e1gott bele \u00e9s, hogy te hogyan tudn\u00e1l belev\u00e1gni.<\/p>\n<h3><strong><em>Hogyan a legbiztons\u00e1gosabb elkezdeni bar\u00e1tkozni a ker\u00e9kp\u00e1roz\u00e1s extr\u00e9mebb vonal\u00e1val? Mire figyeljenek azok, akik teljesen kezd\u0151k?<\/em><br \/>\n<\/strong><\/h3>\n<p>\u00dagy gondolom t\u00f6bb dolog is szerepet j\u00e1tszik ebben. Sz\u00fcks\u00e9g van megfelel\u0151 v\u00e9d\u0151 felszerel\u00e9sre (buk\u00f3sisak-lehet\u0151leg fullface \u00e9s t\u00e9rdv\u00e9d\u0151 a minimum), hiszen am\u00edg az ember tanul \u00e9s a hat\u00e1rait feszegeti, addig tud igaz\u00e1n nagyokat esni! S\u0151t, m\u00e9g az es\u00e9shez is kell egy rutin, hogy a lehet\u0151 legkisebb k\u00e1rokkal \u00faszd azt meg.<\/p>\n<figure id=\"attachment_12437\" aria-describedby=\"caption-attachment-12437\" style=\"width: 945px\" class=\"wp-caption alignnone\"><a href=\"https:\/\/d2p6e6u75xmxt8.cloudfront.net\/12\/2021\/09\/huvlinda1.png\"><img loading=\"lazy\" decoding=\"async\" class=\"size-full wp-image-12437\" src=\"https:\/\/d2p6e6u75xmxt8.cloudfront.net\/12\/2021\/09\/huvlinda1.png\" alt=\"\" width=\"945\" height=\"581\" srcset=\"https:\/\/d2p6e6u75xmxt8.cloudfront.net\/12\/2021\/09\/huvlinda1.png 945w, https:\/\/d2p6e6u75xmxt8.cloudfront.net\/12\/2021\/09\/huvlinda1-300x184.png 300w, https:\/\/d2p6e6u75xmxt8.cloudfront.net\/12\/2021\/09\/huvlinda1-768x472.png 768w\" sizes=\"auto, (max-width: 945px) 100vw, 945px\" \/><\/a><figcaption id=\"caption-attachment-12437\" class=\"wp-caption-text\">Zelenij Linda<\/figcaption><\/figure>\n<p>Emellett pedig sz\u00fcks\u00e9g lehet egy j\u00f3 edz\u0151re is. Ez az a sport\u00e1g, amiben nem biztos, hogy szerencs\u00e9s a saj\u00e1t k\u00e1rodon megtanulni a dolgokat. \u00c9s ez az alapokra is vonatkozik! Ha valami rosszul r\u00f6gz\u0151dik be, azt nehezebb kijav\u00edtani, mint egyb\u0151l helyesen elsaj\u00e1t\u00edtani.<\/p>\n<p>\u00c9s persze sz\u00fcks\u00e9g van t\u00fcrelemre \u00e9s fokozatoss\u00e1gra mind a tanul\u00f3, mind az edz\u0151 r\u00e9sz\u00e9r\u0151l.<\/p>\n<h3><strong><em>Hogyan m\u00e9rhetj\u00fck fel, mennyire neh\u00e9z egy lejt\u0151, ugrat\u00f3 \u00e9s hogy neki merj\u00fcnk e menni?<\/em><em><br \/>\n<\/em><\/strong><\/h3>\n<p>Ehhez nagyfok\u00fa \u00f6nismeret kell, vagy egy k\u00fcls\u0151 szeml\u00e9l\u0151, aki j\u00f3l ismeri a k\u00e9pess\u00e9geinket.<br \/>\nA f\u00e9lelem nem felt\u00e9tlen\u00fcl m\u00e9rce. Azt gondolom a f\u00e9lelem \u00e9rzet alapvet\u0151en norm\u00e1lis, aki sosem f\u00e9l az hazudik. Legfeljebb az a k\u00e9rd\u00e9s kin\u00e9l mikor kapcsol be. De onnant\u00f3l mindenkinek ugyanakkorra m\u00e9rt\u00e9k\u0171 f\u00e9lelemmel kell szemben\u00e9zni. Ha b\u00e9n\u00edt\u00f3 a f\u00e9lelem nem szabad nekimenni az adott akad\u00e1lynak, p\u00e1ly\u00e1nak, mert abb\u00f3l csak es\u00e9s lesz, mert az ember merev lesz, leblokkol \u00e9s azt is elfelejti, amit eddig tudott.<\/p>\n<figure id=\"attachment_12438\" aria-describedby=\"caption-attachment-12438\" style=\"width: 945px\" class=\"wp-caption alignnone\"><a href=\"https:\/\/d2p6e6u75xmxt8.cloudfront.net\/12\/2021\/09\/huvlinda2.png\"><img loading=\"lazy\" decoding=\"async\" class=\"size-full wp-image-12438\" src=\"https:\/\/d2p6e6u75xmxt8.cloudfront.net\/12\/2021\/09\/huvlinda2.png\" alt=\"\" width=\"945\" height=\"631\" srcset=\"https:\/\/d2p6e6u75xmxt8.cloudfront.net\/12\/2021\/09\/huvlinda2.png 945w, https:\/\/d2p6e6u75xmxt8.cloudfront.net\/12\/2021\/09\/huvlinda2-300x200.png 300w, https:\/\/d2p6e6u75xmxt8.cloudfront.net\/12\/2021\/09\/huvlinda2-768x513.png 768w, https:\/\/d2p6e6u75xmxt8.cloudfront.net\/12\/2021\/09\/huvlinda2-272x182.png 272w\" sizes=\"auto, (max-width: 945px) 100vw, 945px\" \/><\/a><figcaption id=\"caption-attachment-12438\" class=\"wp-caption-text\">Zelenij Linda<\/figcaption><\/figure>\n<h3><strong><em>Mi\u00e9rt d\u00f6nt\u00f6tt\u00e9l \u00fagy, hogy versenyz\u00e9s ut\u00e1n edz\u0151k\u00e9nt folytatod?<\/em><\/strong><\/h3>\n<p>Szeretn\u00e9m \u00e1tadni a lejt\u0151z\u00e9s ir\u00e1nti szenved\u00e9lyt az izgalmasabb, kicsit extr\u00e9mebb bring\u00e1z\u00e1s ir\u00e1nt \u00e9rdekl\u0151d\u0151knek.<\/p>\n<p>Amikor versenyeztem akkor is edz\u0151k\u00e9nt dolgoztam, csak \u00e9ppen szem\u00e9lyiedz\u0151k\u00e9nt. Mindig is tan\u00edtani szerettem. De akkoriban valahogy fel sem mer\u00fclt benne, hogy ker\u00e9kp\u00e1ros technikai edz\u0151 legyek. Azt\u00e1n egyszer csak megkeresett valaki, hogy v\u00e1llalok e technikai edz\u00e9st. \u00c9s ez hozta mag\u00e1val a t\u00f6bbit, az\u00f3ta m\u00e1r a Testnevel\u00e9si Egyetem Tov\u00e1bbk\u00e9pz\u0151 Int\u00e9zet\u00e9ben megszereztem a ker\u00e9kp\u00e1redz\u0151i v\u00e9gzetts\u00e9get is.<\/p>\n<h3><strong><em>Kiknek aj\u00e1nlod az \u00fatvonalat? Hogyan k\u00e9sz\u00fcljenek fel r\u00e1 azok, akik szeretn\u00e9k megtenni?<\/em><\/strong><\/h3>\n<p>Ezt a k\u00f6rt nem mondan\u00e1m kezd\u0151nek, ink\u00e1bb k\u00f6z\u00e9phalad\u00f3nak. Felfel\u00e9 is van 1-2 tr\u00fckk\u00f6s r\u00e9sz, a lefel\u00e9 pedig ig\u00e9nyel m\u00e1r egy magabiztos alaptud\u00e1st. De ak\u00e1r lassan is le lehet rajta csorogni. Teh\u00e1t nem egy \u201euf\u00f3\u201d p\u00e1lya, tartottam m\u00e1r tan\u00edtv\u00e1nyoknak itt edz\u00e9st.<\/p>\n<p>Linda egy Specialized Enduro ker\u00e9kp\u00e1rral tette meg az \u00fatvonalat, amit itt l\u00e1thattok:<\/p>\n<p><a href=\"https:\/\/d2p6e6u75xmxt8.cloudfront.net\/12\/2021\/09\/huvlinda3.png\"><img loading=\"lazy\" decoding=\"async\" class=\"alignnone size-large wp-image-12439\" src=\"https:\/\/d2p6e6u75xmxt8.cloudfront.net\/12\/2021\/09\/huvlinda3.png\" alt=\"\" width=\"945\" height=\"529\" srcset=\"https:\/\/d2p6e6u75xmxt8.cloudfront.net\/12\/2021\/09\/huvlinda3.png 945w, https:\/\/d2p6e6u75xmxt8.cloudfront.net\/12\/2021\/09\/huvlinda3-300x168.png 300w, https:\/\/d2p6e6u75xmxt8.cloudfront.net\/12\/2021\/09\/huvlinda3-768x430.png 768w\" sizes=\"auto, (max-width: 945px) 100vw, 945px\" \/><\/a> <a href=\"https:\/\/d2p6e6u75xmxt8.cloudfront.net\/12\/2021\/09\/huvlinda4.png\"><img loading=\"lazy\" decoding=\"async\" class=\"alignnone size-large wp-image-12440\" src=\"https:\/\/d2p6e6u75xmxt8.cloudfront.net\/12\/2021\/09\/huvlinda4.png\" alt=\"\" width=\"945\" height=\"531\" srcset=\"https:\/\/d2p6e6u75xmxt8.cloudfront.net\/12\/2021\/09\/huvlinda4.png 945w, https:\/\/d2p6e6u75xmxt8.cloudfront.net\/12\/2021\/09\/huvlinda4-300x169.png 300w, https:\/\/d2p6e6u75xmxt8.cloudfront.net\/12\/2021\/09\/huvlinda4-768x432.png 768w\" sizes=\"auto, (max-width: 945px) 100vw, 945px\" \/><\/a><em>Ha te is szeretn\u00e9d megosztani kedvenc \u00fatvonalaidat bring\u00e1s k\u00f6z\u00f6ss\u00e9g\u00fcnkkel, k\u00e9sz\u00edts fot\u00f3kat, \u00e9s k\u00fcldj el nek\u00fcnk egy besz\u00e1mol\u00f3t a t\u00far\u00e1r\u00f3l, illetve a legfontosabb tudnival\u00f3kr\u00f3l a <a href=\"https:\/\/www.welovecycling.com\/hu\/honap-utvonala\/honap-utvonala-szeptember-zelenij-linda-kedvenc-dh-palyaja\/welovecycling@skoda.hu\">welovecycling@skoda.hu<\/a>\u00a0e-mail c\u00edmre! Ha pedig tov\u00e1bbi inspir\u00e1ci\u00f3t keresel k\u00f6vetkez\u0151 t\u00far\u00e1dhoz, n\u00e9zd meg <\/em><a href=\"https:\/\/www.welovecycling.com\/hu\/category\/honap-utvonala\/\"><em>kor\u00e1bbi \u00fatvonalainkat<\/em><\/a><em>!<\/em><\/p>\n","protected":false},"excerpt":{"rendered":"<p>Ez\u00fattal az extr\u00e9m bring\u00e1soknak, a downhill kedvel\u0151inek \u00e9s az izgalmas terepek szerelmeseinek kedvez a v\u00e1laszt\u00e1sunk: az augusztusi h\u00f3nap \u00fatvonal\u00e1t Zelenij [&hellip;]<\/p>\n","protected":false},"author":71,"featured_media":12434,"comment_status":"open","ping_status":"open","sticky":false,"template":"","format":"video","meta":{"footnotes":""},"categories":[461],"tags":[],"global-categories":[],"class_list":["post-12435","post","type-post","status-publish","format-video","has-post-thumbnail","hentry","category-honap-utvonala","post_format-post-format-video"],"yoast_head":"<!-- This site is optimized with the Yoast SEO Premium plugin v25.3 (Yoast SEO v25.9) - https:\/\/yoast.com\/wordpress\/plugins\/seo\/ -->\n<title>H\u00f3nap \u00fatvonala \u2013 Szeptember: Zelenij Linda kedvenc DH p\u00e1ly\u00e1ja<\/title>\n<meta name=\"description\" content=\"Ez\u00fattal az extr\u00e9m bring\u00e1soknak, a downhill kedvel\u0151inek \u00e9s az izgalmas terepek szerelmeseinek kedvez a v\u00e1laszt\u00e1sunk: az augusztusi h\u00f3nap \u00fatvonal\u00e1t Zelenij Linda hozta el nek\u00fcnk, aki a magyar XCO v\u00e1logatott tagjak\u00e9nt versenyzett k\u00e9t \u00e9ven \u00e1t, majd \u00e1tnyergelt az extr\u00e9m bring\u00e1z\u00e1sra.\" \/>\n<meta name=\"robots\" content=\"index, follow, max-snippet:-1, max-image-preview:large, max-video-preview:-1\" \/>\n<link rel=\"canonical\" href=\"https:\/\/www.welovecycling.com\/hu\/honap-utvonala\/honap-utvonala-szeptember-zelenij-linda-kedvenc-dh-palyaja\/\" \/>\n<meta property=\"og:locale\" content=\"hu_HU\" \/>\n<meta property=\"og:type\" content=\"article\" \/>\n<meta property=\"og:title\" content=\"H\u00f3nap \u00fatvonala \u2013 Szeptember: Zelenij Linda kedvenc DH p\u00e1ly\u00e1ja\" \/>\n<meta property=\"og:description\" content=\"Ez\u00fattal az extr\u00e9m bring\u00e1soknak, a downhill kedvel\u0151inek \u00e9s az izgalmas terepek szerelmeseinek kedvez a v\u00e1laszt\u00e1sunk: az augusztusi h\u00f3nap \u00fatvonal\u00e1t Zelenij Linda hozta el nek\u00fcnk, aki a magyar XCO v\u00e1logatott tagjak\u00e9nt versenyzett k\u00e9t \u00e9ven \u00e1t, majd \u00e1tnyergelt az extr\u00e9m bring\u00e1z\u00e1sra.\" \/>\n<meta property=\"og:url\" content=\"https:\/\/www.welovecycling.com\/hu\/honap-utvonala\/honap-utvonala-szeptember-zelenij-linda-kedvenc-dh-palyaja\/\" \/>\n<meta property=\"og:site_name\" content=\"\u0160koda We Love Cycling - Magyarorsz\u00e1g\" \/>\n<meta property=\"article:publisher\" content=\"https:\/\/www.facebook.com\/WeLoveCyclingHungary\/\" \/>\n<meta property=\"article:published_time\" content=\"2021-09-17T06:00:49+00:00\" \/>\n<meta property=\"article:modified_time\" content=\"2022-02-03T10:59:26+00:00\" \/>\n<meta property=\"og:image\" content=\"https:\/\/d2p6e6u75xmxt8.cloudfront.net\/12\/2021\/09\/WL022_honap_utvonala_zelenij_linda_facebook_share-min.png\" \/>\n\t<meta property=\"og:image:width\" content=\"1200\" \/>\n\t<meta property=\"og:image:height\" content=\"628\" \/>\n\t<meta property=\"og:image:type\" content=\"image\/png\" \/>\n<meta name=\"author\" content=\"hegyizs\" \/>\n<meta name=\"twitter:card\" content=\"summary_large_image\" \/>\n<meta name=\"twitter:label1\" content=\"Written by\" \/>\n\t<meta name=\"twitter:data1\" content=\"WLC\" \/>\n\t<meta name=\"twitter:label2\" content=\"Est. reading time\" \/>\n\t<meta name=\"twitter:data2\" content=\"4 minutes\" \/>\n<script type=\"application\/ld+json\" class=\"yoast-schema-graph\">{\"@context\":\"https:\/\/schema.org\",\"@graph\":[{\"@type\":\"WebPage\",\"@id\":\"https:\/\/www.welovecycling.com\/hu\/honap-utvonala\/honap-utvonala-szeptember-zelenij-linda-kedvenc-dh-palyaja\/\",\"url\":\"https:\/\/www.welovecycling.com\/hu\/honap-utvonala\/honap-utvonala-szeptember-zelenij-linda-kedvenc-dh-palyaja\/\",\"name\":\"H\u00f3nap \u00fatvonala \u2013 Szeptember: Zelenij Linda kedvenc DH p\u00e1ly\u00e1ja\",\"isPartOf\":{\"@id\":\"https:\/\/www.welovecycling.com\/hu\/#website\"},\"primaryImageOfPage\":{\"@id\":\"https:\/\/www.welovecycling.com\/hu\/honap-utvonala\/honap-utvonala-szeptember-zelenij-linda-kedvenc-dh-palyaja\/#primaryimage\"},\"image\":{\"@id\":\"https:\/\/www.welovecycling.com\/hu\/honap-utvonala\/honap-utvonala-szeptember-zelenij-linda-kedvenc-dh-palyaja\/#primaryimage\"},\"thumbnailUrl\":\"https:\/\/d2p6e6u75xmxt8.cloudfront.net\/12\/2021\/09\/WL022_honap_utvonala_zelenij_linda_cover-min.png\",\"datePublished\":\"2021-09-17T06:00:49+00:00\",\"dateModified\":\"2022-02-03T10:59:26+00:00\",\"author\":{\"@id\":\"https:\/\/www.welovecycling.com\/hu\/#\/schema\/person\/414a2aebf1801691a5320edb6468e194\"},\"description\":\"Ez\u00fattal az extr\u00e9m bring\u00e1soknak, a downhill kedvel\u0151inek \u00e9s az izgalmas terepek szerelmeseinek kedvez a v\u00e1laszt\u00e1sunk: az augusztusi h\u00f3nap \u00fatvonal\u00e1t Zelenij Linda hozta el nek\u00fcnk, aki a magyar XCO v\u00e1logatott tagjak\u00e9nt versenyzett k\u00e9t \u00e9ven \u00e1t, majd \u00e1tnyergelt az extr\u00e9m bring\u00e1z\u00e1sra.\",\"breadcrumb\":{\"@id\":\"https:\/\/www.welovecycling.com\/hu\/honap-utvonala\/honap-utvonala-szeptember-zelenij-linda-kedvenc-dh-palyaja\/#breadcrumb\"},\"inLanguage\":\"hu\",\"potentialAction\":[{\"@type\":\"ReadAction\",\"target\":[\"https:\/\/www.welovecycling.com\/hu\/honap-utvonala\/honap-utvonala-szeptember-zelenij-linda-kedvenc-dh-palyaja\/\"]}]},{\"@type\":\"ImageObject\",\"inLanguage\":\"hu\",\"@id\":\"https:\/\/www.welovecycling.com\/hu\/honap-utvonala\/honap-utvonala-szeptember-zelenij-linda-kedvenc-dh-palyaja\/#primaryimage\",\"url\":\"https:\/\/d2p6e6u75xmxt8.cloudfront.net\/12\/2021\/09\/WL022_honap_utvonala_zelenij_linda_cover-min.png\",\"contentUrl\":\"https:\/\/d2p6e6u75xmxt8.cloudfront.net\/12\/2021\/09\/WL022_honap_utvonala_zelenij_linda_cover-min.png\",\"width\":1725,\"height\":750},{\"@type\":\"BreadcrumbList\",\"@id\":\"https:\/\/www.welovecycling.com\/hu\/honap-utvonala\/honap-utvonala-szeptember-zelenij-linda-kedvenc-dh-palyaja\/#breadcrumb\",\"itemListElement\":[{\"@type\":\"ListItem\",\"position\":1,\"name\":\"Home\",\"item\":\"https:\/\/www.welovecycling.com\/hu\/\"},{\"@type\":\"ListItem\",\"position\":2,\"name\":\"H\u00f3nap \u00fatvonala \u2013 Szeptember: Zelenij Linda kedvenc DH p\u00e1ly\u00e1ja\"}]},{\"@type\":\"WebSite\",\"@id\":\"https:\/\/www.welovecycling.com\/hu\/#website\",\"url\":\"https:\/\/www.welovecycling.com\/hu\/\",\"name\":\"\u0160koda We Love Cycling - Magyarorsz\u00e1g\",\"description\":\"\u0160koda WeLoveCycling\",\"potentialAction\":[{\"@type\":\"SearchAction\",\"target\":{\"@type\":\"EntryPoint\",\"urlTemplate\":\"https:\/\/www.welovecycling.com\/hu\/?s={search_term_string}\"},\"query-input\":{\"@type\":\"PropertyValueSpecification\",\"valueRequired\":true,\"valueName\":\"search_term_string\"}}],\"inLanguage\":\"hu\"},{\"@type\":\"Person\",\"@id\":\"https:\/\/www.welovecycling.com\/hu\/#\/schema\/person\/414a2aebf1801691a5320edb6468e194\",\"name\":\"hegyizs\",\"image\":{\"@type\":\"ImageObject\",\"inLanguage\":\"hu\",\"@id\":\"https:\/\/www.welovecycling.com\/hu\/#\/schema\/person\/image\/\",\"url\":\"https:\/\/secure.gravatar.com\/avatar\/02cf8a7906b8cf90cecb4679defac7cfd33a1c2e3b88e4903d947f3bb58eedd3?s=96&d=mm&r=g\",\"contentUrl\":\"https:\/\/secure.gravatar.com\/avatar\/02cf8a7906b8cf90cecb4679defac7cfd33a1c2e3b88e4903d947f3bb58eedd3?s=96&d=mm&r=g\",\"caption\":\"hegyizs\"},\"url\":\"https:\/\/www.welovecycling.com\/hu\/author\/hegyizs\/\"}]}<\/script>\n<!-- \/ Yoast SEO Premium plugin. -->","yoast_head_json":{"title":"H\u00f3nap \u00fatvonala \u2013 Szeptember: Zelenij Linda kedvenc DH p\u00e1ly\u00e1ja","description":"Ez\u00fattal az extr\u00e9m bring\u00e1soknak, a downhill kedvel\u0151inek \u00e9s az izgalmas terepek szerelmeseinek kedvez a v\u00e1laszt\u00e1sunk: az augusztusi h\u00f3nap \u00fatvonal\u00e1t Zelenij Linda hozta el nek\u00fcnk, aki a magyar XCO v\u00e1logatott tagjak\u00e9nt versenyzett k\u00e9t \u00e9ven \u00e1t, majd \u00e1tnyergelt az extr\u00e9m bring\u00e1z\u00e1sra.","robots":{"index":"index","follow":"follow","max-snippet":"max-snippet:-1","max-image-preview":"max-image-preview:large","max-video-preview":"max-video-preview:-1"},"canonical":"https:\/\/www.welovecycling.com\/hu\/honap-utvonala\/honap-utvonala-szeptember-zelenij-linda-kedvenc-dh-palyaja\/","og_locale":"hu_HU","og_type":"article","og_title":"H\u00f3nap \u00fatvonala \u2013 Szeptember: Zelenij Linda kedvenc DH p\u00e1ly\u00e1ja","og_description":"Ez\u00fattal az extr\u00e9m bring\u00e1soknak, a downhill kedvel\u0151inek \u00e9s az izgalmas terepek szerelmeseinek kedvez a v\u00e1laszt\u00e1sunk: az augusztusi h\u00f3nap \u00fatvonal\u00e1t Zelenij Linda hozta el nek\u00fcnk, aki a magyar XCO v\u00e1logatott tagjak\u00e9nt versenyzett k\u00e9t \u00e9ven \u00e1t, majd \u00e1tnyergelt az extr\u00e9m bring\u00e1z\u00e1sra.","og_url":"https:\/\/www.welovecycling.com\/hu\/honap-utvonala\/honap-utvonala-szeptember-zelenij-linda-kedvenc-dh-palyaja\/","og_site_name":"\u0160koda We Love Cycling - Magyarorsz\u00e1g","article_publisher":"https:\/\/www.facebook.com\/WeLoveCyclingHungary\/","article_published_time":"2021-09-17T06:00:49+00:00","article_modified_time":"2022-02-03T10:59:26+00:00","og_image":[{"width":1200,"height":628,"url":"https:\/\/d2p6e6u75xmxt8.cloudfront.net\/12\/2021\/09\/WL022_honap_utvonala_zelenij_linda_facebook_share-min.png","type":"image\/png"}],"author":"hegyizs","twitter_card":"summary_large_image","twitter_misc":{"Written by":"WLC","Est. reading time":"4 minutes"},"schema":{"@context":"https:\/\/schema.org","@graph":[{"@type":"WebPage","@id":"https:\/\/www.welovecycling.com\/hu\/honap-utvonala\/honap-utvonala-szeptember-zelenij-linda-kedvenc-dh-palyaja\/","url":"https:\/\/www.welovecycling.com\/hu\/honap-utvonala\/honap-utvonala-szeptember-zelenij-linda-kedvenc-dh-palyaja\/","name":"H\u00f3nap \u00fatvonala \u2013 Szeptember: Zelenij Linda kedvenc DH p\u00e1ly\u00e1ja","isPartOf":{"@id":"https:\/\/www.welovecycling.com\/hu\/#website"},"primaryImageOfPage":{"@id":"https:\/\/www.welovecycling.com\/hu\/honap-utvonala\/honap-utvonala-szeptember-zelenij-linda-kedvenc-dh-palyaja\/#primaryimage"},"image":{"@id":"https:\/\/www.welovecycling.com\/hu\/honap-utvonala\/honap-utvonala-szeptember-zelenij-linda-kedvenc-dh-palyaja\/#primaryimage"},"thumbnailUrl":"https:\/\/d2p6e6u75xmxt8.cloudfront.net\/12\/2021\/09\/WL022_honap_utvonala_zelenij_linda_cover-min.png","datePublished":"2021-09-17T06:00:49+00:00","dateModified":"2022-02-03T10:59:26+00:00","author":{"@id":"https:\/\/www.welovecycling.com\/hu\/#\/schema\/person\/414a2aebf1801691a5320edb6468e194"},"description":"Ez\u00fattal az extr\u00e9m bring\u00e1soknak, a downhill kedvel\u0151inek \u00e9s az izgalmas terepek szerelmeseinek kedvez a v\u00e1laszt\u00e1sunk: az augusztusi h\u00f3nap \u00fatvonal\u00e1t Zelenij Linda hozta el nek\u00fcnk, aki a magyar XCO v\u00e1logatott tagjak\u00e9nt versenyzett k\u00e9t \u00e9ven \u00e1t, majd \u00e1tnyergelt az extr\u00e9m bring\u00e1z\u00e1sra.","breadcrumb":{"@id":"https:\/\/www.welovecycling.com\/hu\/honap-utvonala\/honap-utvonala-szeptember-zelenij-linda-kedvenc-dh-palyaja\/#breadcrumb"},"inLanguage":"hu","potentialAction":[{"@type":"ReadAction","target":["https:\/\/www.welovecycling.com\/hu\/honap-utvonala\/honap-utvonala-szeptember-zelenij-linda-kedvenc-dh-palyaja\/"]}]},{"@type":"ImageObject","inLanguage":"hu","@id":"https:\/\/www.welovecycling.com\/hu\/honap-utvonala\/honap-utvonala-szeptember-zelenij-linda-kedvenc-dh-palyaja\/#primaryimage","url":"https:\/\/d2p6e6u75xmxt8.cloudfront.net\/12\/2021\/09\/WL022_honap_utvonala_zelenij_linda_cover-min.png","contentUrl":"https:\/\/d2p6e6u75xmxt8.cloudfront.net\/12\/2021\/09\/WL022_honap_utvonala_zelenij_linda_cover-min.png","width":1725,"height":750},{"@type":"BreadcrumbList","@id":"https:\/\/www.welovecycling.com\/hu\/honap-utvonala\/honap-utvonala-szeptember-zelenij-linda-kedvenc-dh-palyaja\/#breadcrumb","itemListElement":[{"@type":"ListItem","position":1,"name":"Home","item":"https:\/\/www.welovecycling.com\/hu\/"},{"@type":"ListItem","position":2,"name":"H\u00f3nap \u00fatvonala \u2013 Szeptember: Zelenij Linda kedvenc DH p\u00e1ly\u00e1ja"}]},{"@type":"WebSite","@id":"https:\/\/www.welovecycling.com\/hu\/#website","url":"https:\/\/www.welovecycling.com\/hu\/","name":"\u0160koda We Love Cycling - Magyarorsz\u00e1g","description":"\u0160koda WeLoveCycling","potentialAction":[{"@type":"SearchAction","target":{"@type":"EntryPoint","urlTemplate":"https:\/\/www.welovecycling.com\/hu\/?s={search_term_string}"},"query-input":{"@type":"PropertyValueSpecification","valueRequired":true,"valueName":"search_term_string"}}],"inLanguage":"hu"},{"@type":"Person","@id":"https:\/\/www.welovecycling.com\/hu\/#\/schema\/person\/414a2aebf1801691a5320edb6468e194","name":"hegyizs","image":{"@type":"ImageObject","inLanguage":"hu","@id":"https:\/\/www.welovecycling.com\/hu\/#\/schema\/person\/image\/","url":"https:\/\/secure.gravatar.com\/avatar\/02cf8a7906b8cf90cecb4679defac7cfd33a1c2e3b88e4903d947f3bb58eedd3?s=96&d=mm&r=g","contentUrl":"https:\/\/secure.gravatar.com\/avatar\/02cf8a7906b8cf90cecb4679defac7cfd33a1c2e3b88e4903d947f3bb58eedd3?s=96&d=mm&r=g","caption":"hegyizs"},"url":"https:\/\/www.welovecycling.com\/hu\/author\/hegyizs\/"}]}},"_links":{"self":[{"href":"https:\/\/www.welovecycling.com\/hu\/wp-json\/wp\/v2\/posts\/12435","targetHints":{"allow":["GET"]}}],"collection":[{"href":"https:\/\/www.welovecycling.com\/hu\/wp-json\/wp\/v2\/posts"}],"about":[{"href":"https:\/\/www.welovecycling.com\/hu\/wp-json\/wp\/v2\/types\/post"}],"author":[{"embeddable":true,"href":"https:\/\/www.welovecycling.com\/hu\/wp-json\/wp\/v2\/users\/71"}],"replies":[{"embeddable":true,"href":"https:\/\/www.welovecycling.com\/hu\/wp-json\/wp\/v2\/comments?post=12435"}],"version-history":[{"count":2,"href":"https:\/\/www.welovecycling.com\/hu\/wp-json\/wp\/v2\/posts\/12435\/revisions"}],"predecessor-version":[{"id":13527,"href":"https:\/\/www.welovecycling.com\/hu\/wp-json\/wp\/v2\/posts\/12435\/revisions\/13527"}],"wp:featuredmedia":[{"embeddable":true,"href":"https:\/\/www.welovecycling.com\/hu\/wp-json\/wp\/v2\/media\/12434"}],"wp:attachment":[{"href":"https:\/\/www.welovecycling.com\/hu\/wp-json\/wp\/v2\/media?parent=12435"}],"wp:term":[{"taxonomy":"category","embeddable":true,"href":"https:\/\/www.welovecycling.com\/hu\/wp-json\/wp\/v2\/categories?post=12435"},{"taxonomy":"post_tag","embeddable":true,"href":"https:\/\/www.welovecycling.com\/hu\/wp-json\/wp\/v2\/tags?post=12435"},{"taxonomy":"global-categories","embeddable":true,"href":"https:\/\/www.welovecycling.com\/hu\/wp-json\/wp\/v2\/global-categories?post=12435"}],"curies":[{"name":"wp","href":"https:\/\/api.w.org\/{rel}","templated":true}]}}