{"id":12407,"date":"2021-09-14T08:00:36","date_gmt":"2021-09-14T06:00:36","guid":{"rendered":"https:\/\/www.welovecycling.com\/hu\/?p=12407"},"modified":"2021-09-10T15:19:49","modified_gmt":"2021-09-10T13:19:49","slug":"ezeket-tanultuk-az-idei-vueltan","status":"publish","type":"post","link":"https:\/\/www.welovecycling.com\/hu\/orszaguti-kerekpar\/ezeket-tanultuk-az-idei-vueltan\/","title":{"rendered":"Ezeket tanultuk az idei Vuelt\u00e1n"},"content":{"rendered":"<p><strong>Az idei Vuelta a Espa\u00f1a-r\u00f3l, ami legink\u00e1bb megmaradt a fej\u00fcnkben, az az a k\u00e9p, ahogy Clement Champoussin k\u00fczdi fel mag\u00e1t a 9 sz\u00e1zal\u00e9kos lejt\u0151n a 20. szakasz c\u00e9legyenes\u00e9ben, t\u00e1tott sz\u00e1jjal lihegve, instabil ker\u00e9kp\u00e1rral, \u00e9g\u0151 izmokkal \u00e9s t\u00fcd\u0151vel, mik\u00f6zben Primo\u017e Rogli\u010d, Enric Mas, Jack Haig \u00e9s Adam Yates, a leges\u00e9lyesebb versenyz\u0151k \u00fcld\u00f6zik.<\/strong><\/p>\n<p><!--more--><\/p>\n<p>Az\u00e9rt volt olyan eml\u00e9kezetes ez a pillanat, mert a francia Champoussin m\u00e9g csak 23 \u00e9ves, \u00e9s az \u00e9hs\u00e9g, amit ezen az utols\u00f3 szakaszon t\u00fckr\u00f6z\u0151d\u00f6tt rajta, remek\u00fcl t\u00fckr\u00f6zi a felt\u00f6rekv\u0151 \u00faj gener\u00e1ci\u00f3 amb\u00edci\u00f3it. A fiatal ker\u00e9kp\u00e1ros eddigi p\u00e1lyafut\u00e1sa sor\u00e1n mind\u00f6ssze k\u00e9t szakaszt nyert vil\u00e1gversenyen, egyszer 2019-ben a Giro-n, egyszer pedig a UCI Europe Tour 2.2-es kateg\u00f3ri\u00e1j\u00e1nak verseny\u00e9n. Ez ut\u00f3bbit tavaly Pogacar nyerte meg, aki ugyanennek a gener\u00e1ci\u00f3nak a z\u00e1szl\u00f3shaj\u00f3ja. Ez persze nem azt jelenti, hogy Champoussin az \u00faj Pogacar. Id\u00e9n 16. lett a Vuelt\u00e1n, de nem csod\u00e1lkozn\u00e1nk, ha hamarosan szt\u00e1rk\u00e9nt emlegethetn\u00e9nk.<\/p>\n<figure id=\"attachment_12409\" aria-describedby=\"caption-attachment-12409\" style=\"width: 1250px\" class=\"wp-caption alignnone\"><a href=\"https:\/\/d2p6e6u75xmxt8.cloudfront.net\/12\/2021\/09\/Clement-Champoussin-profimedia-0630399307.jpg\"><img loading=\"lazy\" decoding=\"async\" class=\"wp-image-12409 size-full\" src=\"https:\/\/d2p6e6u75xmxt8.cloudfront.net\/12\/2021\/09\/Clement-Champoussin-profimedia-0630399307.jpg\" alt=\"Clement Champoussin\" width=\"1250\" height=\"831\" srcset=\"https:\/\/d2p6e6u75xmxt8.cloudfront.net\/12\/2021\/09\/Clement-Champoussin-profimedia-0630399307.jpg 1250w, https:\/\/d2p6e6u75xmxt8.cloudfront.net\/12\/2021\/09\/Clement-Champoussin-profimedia-0630399307-300x199.jpg 300w, https:\/\/d2p6e6u75xmxt8.cloudfront.net\/12\/2021\/09\/Clement-Champoussin-profimedia-0630399307-1024x681.jpg 1024w, https:\/\/d2p6e6u75xmxt8.cloudfront.net\/12\/2021\/09\/Clement-Champoussin-profimedia-0630399307-768x511.jpg 768w, https:\/\/d2p6e6u75xmxt8.cloudfront.net\/12\/2021\/09\/Clement-Champoussin-profimedia-0630399307-272x182.jpg 272w\" sizes=\"auto, (max-width: 1250px) 100vw, 1250px\" \/><\/a><figcaption id=\"caption-attachment-12409\" class=\"wp-caption-text\"><em>Champoussin \u00fcnnepli gy\u0151zelm\u00e9t a La Vuelta 20. szakasz\u00e1n. \u00a9 Profimedia<\/em><\/figcaption><\/figure>\n<p>A Vuelta m\u00e1s fiatal versenyz\u0151knek is teret adott, hogy kit\u0171nhessenek. Fabio Jakobson, aki megnyerte a z\u00f6ld trik\u00f3t mind\u00f6ssze 25 \u00e9ves. A Deceuninck \u2013 Quick-Step versenyz\u0151j\u00e9nek k\u00f6nnyeds\u00e9ge, ahogy uralta a pontversenyt, arra utal, hogy a j\u00f6v\u0151ben is sz\u00e1molni kell vele. Term\u00e9szetesen nagyon \u00f6r\u00fclt els\u0151 Grand Tour mez\u00e9nek: <em>\u201eA l\u00e1baim teljesen kif\u00e1radtak, de \u00e9lveztem az utols\u00f3 kilom\u00e9tereket!\u201d<\/em> \u2013 mondta az els\u0151 szakasz ut\u00e1n. \u201e<em>Tudtam, hogy van egy kis el\u0151ny\u00f6m, ez\u00e9rt integettem kicsit a t\u00f6megnek, mintha csak bajnok lenn\u00e9k, de sz\u00e1momra ez van is akkora gy\u0151zelem!\u201d<\/em><\/p>\n<p>Fabio \u00e9s Champoussin mellett m\u00e1s fiatalok is kiemelked\u0151en teljes\u00edtettek:<\/p>\n<ul>\n<li>A 23 \u00e9ves <strong>Jasper Philipsen<\/strong> (Alpecin\u2013Fenix) \u00f6t szakaszon \u00e1t viselhette a z\u00f6ld mezt, \u00e9s Jakobsen legnagyobb riv\u00e1lisa volt, ameddig betegs\u00e9g miatt feladni nem k\u00e9nyszer\u00fclt.<\/li>\n<li>A 24 \u00e9ves <strong>Michael Storer<\/strong> (DSM) megnyerte a hegyek kir\u00e1ly\u00e1nak j\u00e1r\u00f3 mezt \u00e9s k\u00e9t szakaszt.<\/li>\n<\/ul>\n<p>A 24 \u00e9ves <strong>Gino M\u00e4der<\/strong> (Bahrein Victorious) a legjobb fiatal versenyz\u0151nek j\u00e1r\u00f3 mezt vihette haza \u2013 megel\u0151zve Egan Bernalt, aki szint\u00e9n 24 \u00e9s m\u00e1r k\u00e9t Grand Tour gy\u0151zelmet tudhat mag\u00e1\u00e9nak.<\/p>\n<figure id=\"attachment_12410\" aria-describedby=\"caption-attachment-12410\" style=\"width: 1250px\" class=\"wp-caption alignnone\"><a href=\"https:\/\/d2p6e6u75xmxt8.cloudfront.net\/12\/2021\/09\/Gino-Mader-profimedia-0630531302.jpg\"><img loading=\"lazy\" decoding=\"async\" class=\"size-full wp-image-12410\" src=\"https:\/\/d2p6e6u75xmxt8.cloudfront.net\/12\/2021\/09\/Gino-Mader-profimedia-0630531302.jpg\" alt=\"Gino M\u00e4der\" width=\"1250\" height=\"703\" srcset=\"https:\/\/d2p6e6u75xmxt8.cloudfront.net\/12\/2021\/09\/Gino-Mader-profimedia-0630531302.jpg 1250w, https:\/\/d2p6e6u75xmxt8.cloudfront.net\/12\/2021\/09\/Gino-Mader-profimedia-0630531302-300x169.jpg 300w, https:\/\/d2p6e6u75xmxt8.cloudfront.net\/12\/2021\/09\/Gino-Mader-profimedia-0630531302-1024x576.jpg 1024w, https:\/\/d2p6e6u75xmxt8.cloudfront.net\/12\/2021\/09\/Gino-Mader-profimedia-0630531302-768x432.jpg 768w\" sizes=\"auto, (max-width: 1250px) 100vw, 1250px\" \/><\/a><figcaption id=\"caption-attachment-12410\" class=\"wp-caption-text\"><em>M\u00e4der a La Vuelta utols\u00f3 szakasz\u00e1n. \u00a9 Profimedia<\/em><\/figcaption><\/figure>\n<p>A fiatalok sikerei mellett t\u00f6rt\u00e9nt m\u00e9g valami, ami mellett nem mehet\u00fcnk el: 2000 \u00f3ta el\u0151sz\u00f6r nem spanyol versenyz\u0151 vitte el az els\u0151 helyez\u00e9st. A verseny t\u00f6rt\u00e9net\u00e9ben mind\u00f6ssze m\u00e1sodszor ker\u00fclt k\u00fclf\u00f6ldi k\u00e9zbe a bajnoki c\u00edm! A spanyol Movistar csapata ugyan megnyerte a 18. szakaszt, de a kolumbiai kerekes, Miguel \u00c1ngel L\u00f3pez \u00e1ltal. Ezt az el\u0151nyt azonban elvesz\u00edtett\u00e9k, amikor L\u00f3pez a 20. szakasz k\u00f6zep\u00e9n kiesett, miut\u00e1n lemaradt, \u00e9s hi\u00e1ba k\u00fczd\u00f6tt minden erej\u00e9vel. V\u00e9g\u00fcl vit\u00e1ba keveredett a Movistar edz\u0151j\u00e9vel, Patxi Vila-val, \u00e9s nem folytatta a versenyt.<\/p>\n<p>S\u0151t, nemcsak a Vuelt\u00e1n, hanem az idei 63 Grand Tour szakaszon sem nyert egyszer sem spanyol bring\u00e1s! Egy ilyen nagy ker\u00e9kp\u00e1ros nemzet sz\u00e1m\u00e1ra ez m\u00e9g komolyabb dolog, mint a franci\u00e1k kudarca a Tour de France-on. Tal\u00e1n arr\u00f3l lehet sz\u00f3, hogy a spanyol fiatalok nem fejl\u0151dnek el\u00e9g gyorsan ahhoz, hogy \u00e1tvegy\u00e9k az id\u0151sebbek hely\u00e9t, akiknek a legdics\u0151bb napjaik m\u00e1r elteltek. B\u00e1rmi legyen is az ok, ez a spanyol ker\u00e9kp\u00e1roz\u00e1s v\u00e1ls\u00e1g\u00e1nak biztos jele!<\/p>\n<div class=\"embed-controller-wrapper\">\n<blockquote class=\"twitter-tweet\" data-width=\"500\" data-dnt=\"true\">\n<p lang=\"en\" dir=\"ltr\">\ud83c\uddea\ud83c\uddf8 <a href=\"https:\/\/twitter.com\/hashtag\/LaVuelta21?src=hash&amp;ref_src=twsrc%5Etfw\">#LaVuelta21<\/a>\u00a0 <\/p>\n<p>Realizing what just happened\u2026 \ud83e\udd2f <a href=\"https:\/\/t.co\/X66r2S7bmz\">pic.twitter.com\/X66r2S7bmz<\/a><\/p>\n<p>&mdash; Team Visma | Lease a Bike (@vismaleaseabike) <a href=\"https:\/\/twitter.com\/vismaleaseabike\/status\/1434591576257400835?ref_src=twsrc%5Etfw\">September 5, 2021<\/a><\/p><\/blockquote>\n<p><script async data-src=\"https:\/\/platform.twitter.com\/widgets.js\" charset=\"utf-8\"><\/script><\/div>\n<p>V\u00e9g\u00fcl pedig azt is meg kell eml\u00edten\u00fcnk, hogy \u2013 hi\u00e1ba csak a m\u00e1sodik legjobb szlov\u00e9n kerekes a vil\u00e1gon \u2013 Roglic egy igazi bajnok. \u0150 \u00e9s csapata (Jumbo-Visma) a verseny elej\u00e9t\u0151l a v\u00e9g\u00e9ig uralta a terepet, \u00e9s k\u00f6nnyed\u00e9n megnyerte a piros trik\u00f3t \u00e9s n\u00e9gy szakaszgy\u0151zelmet is szerzett. Teljes\u00edtm\u00e9nye alapj\u00e1n sokan azt j\u00f3solj\u00e1k, hogy a j\u00f6v\u0151 \u00e9vi TdF-on legy\u0151zi riv\u00e1lis\u00e1t, Pogacart.<\/p>\n<p>De erre az\u00e9rt nem szabad nagy \u00f6sszegben fogadni. Pogacar a 21. sz\u00e1zad legtehets\u00e9gesebb versenyz\u0151je, aki a nemzetk\u00f6zi versenyek legjobbjai k\u00f6z\u00e9 k\u00fczdheti fel mag\u00e1t a nem t\u00fal t\u00e1voli j\u00f6v\u0151ben. M\u00e9g csak 22 \u00e9ves \u00e9s m\u00e1r k\u00e9t Tour de France gy\u0151zelem van a h\u00e1ta m\u00f6g\u00f6tt!<\/p>\n","protected":false},"excerpt":{"rendered":"<p>Az idei Vuelta a Espa\u00f1a-r\u00f3l, ami legink\u00e1bb megmaradt a fej\u00fcnkben, az az a k\u00e9p, ahogy Clement Champoussin k\u00fczdi fel mag\u00e1t [&hellip;]<\/p>\n","protected":false},"author":71,"featured_media":12412,"comment_status":"open","ping_status":"open","sticky":false,"template":"","format":"standard","meta":{"footnotes":""},"categories":[8],"tags":[],"global-categories":[],"class_list":["post-12407","post","type-post","status-publish","format-standard","has-post-thumbnail","hentry","category-orszaguti-kerekpar"],"yoast_head":"<!-- This site is optimized with the Yoast SEO Premium plugin v25.3 (Yoast SEO v25.9) - https:\/\/yoast.com\/wordpress\/plugins\/seo\/ -->\n<title>Ezeket tanultuk az idei Vuelt\u00e1n - \u0160koda We Love Cycling - Magyarorsz\u00e1g<\/title>\n<meta name=\"description\" content=\"Az idei Vuelta a Espa\u00f1a-r\u00f3l, ami legink\u00e1bb megmaradt a fej\u00fcnkben, az az a k\u00e9p, ahogy Clement Champoussin k\u00fczdi fel mag\u00e1t a 9 sz\u00e1zal\u00e9kos lejt\u0151n a 20. szakasz c\u00e9legyenes\u00e9ben, t\u00e1tott sz\u00e1jjal lihegve, instabil ker\u00e9kp\u00e1rral, \u00e9g\u0151 izmokkal \u00e9s t\u00fcd\u0151vel, mik\u00f6zben Primo\u017e Rogli\u010d, Enric Mas, Jack Haig \u00e9s Adam Yates, a leges\u00e9lyesebb versenyz\u0151k \u00fcld\u00f6zik.\" \/>\n<meta name=\"robots\" content=\"index, follow, max-snippet:-1, max-image-preview:large, max-video-preview:-1\" \/>\n<link rel=\"canonical\" href=\"https:\/\/www.welovecycling.com\/hu\/orszaguti-kerekpar\/ezeket-tanultuk-az-idei-vueltan\/\" \/>\n<meta property=\"og:locale\" content=\"hu_HU\" \/>\n<meta property=\"og:type\" content=\"article\" \/>\n<meta property=\"og:title\" content=\"Ezeket tanultuk az idei Vuelt\u00e1n\" \/>\n<meta property=\"og:description\" content=\"Az idei Vuelta a Espa\u00f1a-r\u00f3l, ami legink\u00e1bb megmaradt a fej\u00fcnkben, az az a k\u00e9p, ahogy Clement Champoussin k\u00fczdi fel mag\u00e1t a 9 sz\u00e1zal\u00e9kos lejt\u0151n a 20. szakasz c\u00e9legyenes\u00e9ben, t\u00e1tott sz\u00e1jjal lihegve, instabil ker\u00e9kp\u00e1rral, \u00e9g\u0151 izmokkal \u00e9s t\u00fcd\u0151vel, mik\u00f6zben Primo\u017e Rogli\u010d, Enric Mas, Jack Haig \u00e9s Adam Yates, a leges\u00e9lyesebb versenyz\u0151k \u00fcld\u00f6zik.\" \/>\n<meta property=\"og:url\" content=\"https:\/\/www.welovecycling.com\/hu\/orszaguti-kerekpar\/ezeket-tanultuk-az-idei-vueltan\/\" \/>\n<meta property=\"og:site_name\" content=\"\u0160koda We Love Cycling - Magyarorsz\u00e1g\" \/>\n<meta property=\"article:publisher\" content=\"https:\/\/www.facebook.com\/WeLoveCyclingHungary\/\" \/>\n<meta property=\"article:published_time\" content=\"2021-09-14T06:00:36+00:00\" \/>\n<meta property=\"og:image\" content=\"https:\/\/d2p6e6u75xmxt8.cloudfront.net\/12\/2021\/09\/La-Vuelta-2021-Winners-profimedia-0630542759-CVR.jpg\" \/>\n\t<meta property=\"og:image:width\" content=\"1366\" \/>\n\t<meta property=\"og:image:height\" content=\"600\" \/>\n\t<meta property=\"og:image:type\" content=\"image\/jpeg\" \/>\n<meta name=\"author\" content=\"hegyizs\" \/>\n<meta name=\"twitter:card\" content=\"summary_large_image\" \/>\n<meta name=\"twitter:label1\" content=\"Written by\" \/>\n\t<meta name=\"twitter:data1\" content=\"Siegfried Mortkowitz\" \/>\n\t<meta name=\"twitter:label2\" content=\"Est. reading time\" \/>\n\t<meta name=\"twitter:data2\" content=\"5\" \/>\n<script type=\"application\/ld+json\" class=\"yoast-schema-graph\">{\"@context\":\"https:\/\/schema.org\",\"@graph\":[{\"@type\":\"WebPage\",\"@id\":\"https:\/\/www.welovecycling.com\/hu\/orszaguti-kerekpar\/ezeket-tanultuk-az-idei-vueltan\/\",\"url\":\"https:\/\/www.welovecycling.com\/hu\/orszaguti-kerekpar\/ezeket-tanultuk-az-idei-vueltan\/\",\"name\":\"Ezeket tanultuk az idei Vuelt\u00e1n - \u0160koda We Love Cycling - Magyarorsz\u00e1g\",\"isPartOf\":{\"@id\":\"https:\/\/www.welovecycling.com\/hu\/#website\"},\"primaryImageOfPage\":{\"@id\":\"https:\/\/www.welovecycling.com\/hu\/orszaguti-kerekpar\/ezeket-tanultuk-az-idei-vueltan\/#primaryimage\"},\"image\":{\"@id\":\"https:\/\/www.welovecycling.com\/hu\/orszaguti-kerekpar\/ezeket-tanultuk-az-idei-vueltan\/#primaryimage\"},\"thumbnailUrl\":\"https:\/\/d2p6e6u75xmxt8.cloudfront.net\/12\/2021\/09\/La-Vuelta-2021-Winners-profimedia-0630542759-CVR.jpg\",\"datePublished\":\"2021-09-14T06:00:36+00:00\",\"author\":{\"@id\":\"https:\/\/www.welovecycling.com\/hu\/#\/schema\/person\/414a2aebf1801691a5320edb6468e194\"},\"description\":\"Az idei Vuelta a Espa\u00f1a-r\u00f3l, ami legink\u00e1bb megmaradt a fej\u00fcnkben, az az a k\u00e9p, ahogy Clement Champoussin k\u00fczdi fel mag\u00e1t a 9 sz\u00e1zal\u00e9kos lejt\u0151n a 20. szakasz c\u00e9legyenes\u00e9ben, t\u00e1tott sz\u00e1jjal lihegve, instabil ker\u00e9kp\u00e1rral, \u00e9g\u0151 izmokkal \u00e9s t\u00fcd\u0151vel, mik\u00f6zben Primo\u017e Rogli\u010d, Enric Mas, Jack Haig \u00e9s Adam Yates, a leges\u00e9lyesebb versenyz\u0151k \u00fcld\u00f6zik.\",\"breadcrumb\":{\"@id\":\"https:\/\/www.welovecycling.com\/hu\/orszaguti-kerekpar\/ezeket-tanultuk-az-idei-vueltan\/#breadcrumb\"},\"inLanguage\":\"hu\",\"potentialAction\":[{\"@type\":\"ReadAction\",\"target\":[\"https:\/\/www.welovecycling.com\/hu\/orszaguti-kerekpar\/ezeket-tanultuk-az-idei-vueltan\/\"]}]},{\"@type\":\"ImageObject\",\"inLanguage\":\"hu\",\"@id\":\"https:\/\/www.welovecycling.com\/hu\/orszaguti-kerekpar\/ezeket-tanultuk-az-idei-vueltan\/#primaryimage\",\"url\":\"https:\/\/d2p6e6u75xmxt8.cloudfront.net\/12\/2021\/09\/La-Vuelta-2021-Winners-profimedia-0630542759-CVR.jpg\",\"contentUrl\":\"https:\/\/d2p6e6u75xmxt8.cloudfront.net\/12\/2021\/09\/La-Vuelta-2021-Winners-profimedia-0630542759-CVR.jpg\",\"width\":1366,\"height\":600,\"caption\":\"2021 La Vuelta\"},{\"@type\":\"BreadcrumbList\",\"@id\":\"https:\/\/www.welovecycling.com\/hu\/orszaguti-kerekpar\/ezeket-tanultuk-az-idei-vueltan\/#breadcrumb\",\"itemListElement\":[{\"@type\":\"ListItem\",\"position\":1,\"name\":\"Home\",\"item\":\"https:\/\/www.welovecycling.com\/hu\/\"},{\"@type\":\"ListItem\",\"position\":2,\"name\":\"Ezeket tanultuk az idei Vuelt\u00e1n\"}]},{\"@type\":\"WebSite\",\"@id\":\"https:\/\/www.welovecycling.com\/hu\/#website\",\"url\":\"https:\/\/www.welovecycling.com\/hu\/\",\"name\":\"\u0160koda We Love Cycling - Magyarorsz\u00e1g\",\"description\":\"\u0160koda WeLoveCycling\",\"potentialAction\":[{\"@type\":\"SearchAction\",\"target\":{\"@type\":\"EntryPoint\",\"urlTemplate\":\"https:\/\/www.welovecycling.com\/hu\/?s={search_term_string}\"},\"query-input\":{\"@type\":\"PropertyValueSpecification\",\"valueRequired\":true,\"valueName\":\"search_term_string\"}}],\"inLanguage\":\"hu\"},{\"@type\":\"Person\",\"@id\":\"https:\/\/www.welovecycling.com\/hu\/#\/schema\/person\/414a2aebf1801691a5320edb6468e194\",\"name\":\"hegyizs\",\"image\":{\"@type\":\"ImageObject\",\"inLanguage\":\"hu\",\"@id\":\"https:\/\/www.welovecycling.com\/hu\/#\/schema\/person\/image\/\",\"url\":\"https:\/\/secure.gravatar.com\/avatar\/02cf8a7906b8cf90cecb4679defac7cfd33a1c2e3b88e4903d947f3bb58eedd3?s=96&d=mm&r=g\",\"contentUrl\":\"https:\/\/secure.gravatar.com\/avatar\/02cf8a7906b8cf90cecb4679defac7cfd33a1c2e3b88e4903d947f3bb58eedd3?s=96&d=mm&r=g\",\"caption\":\"hegyizs\"},\"url\":\"https:\/\/www.welovecycling.com\/hu\/author\/hegyizs\/\"}]}<\/script>\n<!-- \/ Yoast SEO Premium plugin. -->","yoast_head_json":{"title":"Ezeket tanultuk az idei Vuelt\u00e1n - \u0160koda We Love Cycling - Magyarorsz\u00e1g","description":"Az idei Vuelta a Espa\u00f1a-r\u00f3l, ami legink\u00e1bb megmaradt a fej\u00fcnkben, az az a k\u00e9p, ahogy Clement Champoussin k\u00fczdi fel mag\u00e1t a 9 sz\u00e1zal\u00e9kos lejt\u0151n a 20. szakasz c\u00e9legyenes\u00e9ben, t\u00e1tott sz\u00e1jjal lihegve, instabil ker\u00e9kp\u00e1rral, \u00e9g\u0151 izmokkal \u00e9s t\u00fcd\u0151vel, mik\u00f6zben Primo\u017e Rogli\u010d, Enric Mas, Jack Haig \u00e9s Adam Yates, a leges\u00e9lyesebb versenyz\u0151k \u00fcld\u00f6zik.","robots":{"index":"index","follow":"follow","max-snippet":"max-snippet:-1","max-image-preview":"max-image-preview:large","max-video-preview":"max-video-preview:-1"},"canonical":"https:\/\/www.welovecycling.com\/hu\/orszaguti-kerekpar\/ezeket-tanultuk-az-idei-vueltan\/","og_locale":"hu_HU","og_type":"article","og_title":"Ezeket tanultuk az idei Vuelt\u00e1n","og_description":"Az idei Vuelta a Espa\u00f1a-r\u00f3l, ami legink\u00e1bb megmaradt a fej\u00fcnkben, az az a k\u00e9p, ahogy Clement Champoussin k\u00fczdi fel mag\u00e1t a 9 sz\u00e1zal\u00e9kos lejt\u0151n a 20. szakasz c\u00e9legyenes\u00e9ben, t\u00e1tott sz\u00e1jjal lihegve, instabil ker\u00e9kp\u00e1rral, \u00e9g\u0151 izmokkal \u00e9s t\u00fcd\u0151vel, mik\u00f6zben Primo\u017e Rogli\u010d, Enric Mas, Jack Haig \u00e9s Adam Yates, a leges\u00e9lyesebb versenyz\u0151k \u00fcld\u00f6zik.","og_url":"https:\/\/www.welovecycling.com\/hu\/orszaguti-kerekpar\/ezeket-tanultuk-az-idei-vueltan\/","og_site_name":"\u0160koda We Love Cycling - Magyarorsz\u00e1g","article_publisher":"https:\/\/www.facebook.com\/WeLoveCyclingHungary\/","article_published_time":"2021-09-14T06:00:36+00:00","og_image":[{"width":1366,"height":600,"url":"https:\/\/d2p6e6u75xmxt8.cloudfront.net\/12\/2021\/09\/La-Vuelta-2021-Winners-profimedia-0630542759-CVR.jpg","type":"image\/jpeg"}],"author":"hegyizs","twitter_card":"summary_large_image","twitter_misc":{"Written by":"Siegfried Mortkowitz","Est. reading time":"5"},"schema":{"@context":"https:\/\/schema.org","@graph":[{"@type":"WebPage","@id":"https:\/\/www.welovecycling.com\/hu\/orszaguti-kerekpar\/ezeket-tanultuk-az-idei-vueltan\/","url":"https:\/\/www.welovecycling.com\/hu\/orszaguti-kerekpar\/ezeket-tanultuk-az-idei-vueltan\/","name":"Ezeket tanultuk az idei Vuelt\u00e1n - \u0160koda We Love Cycling - Magyarorsz\u00e1g","isPartOf":{"@id":"https:\/\/www.welovecycling.com\/hu\/#website"},"primaryImageOfPage":{"@id":"https:\/\/www.welovecycling.com\/hu\/orszaguti-kerekpar\/ezeket-tanultuk-az-idei-vueltan\/#primaryimage"},"image":{"@id":"https:\/\/www.welovecycling.com\/hu\/orszaguti-kerekpar\/ezeket-tanultuk-az-idei-vueltan\/#primaryimage"},"thumbnailUrl":"https:\/\/d2p6e6u75xmxt8.cloudfront.net\/12\/2021\/09\/La-Vuelta-2021-Winners-profimedia-0630542759-CVR.jpg","datePublished":"2021-09-14T06:00:36+00:00","author":{"@id":"https:\/\/www.welovecycling.com\/hu\/#\/schema\/person\/414a2aebf1801691a5320edb6468e194"},"description":"Az idei Vuelta a Espa\u00f1a-r\u00f3l, ami legink\u00e1bb megmaradt a fej\u00fcnkben, az az a k\u00e9p, ahogy Clement Champoussin k\u00fczdi fel mag\u00e1t a 9 sz\u00e1zal\u00e9kos lejt\u0151n a 20. szakasz c\u00e9legyenes\u00e9ben, t\u00e1tott sz\u00e1jjal lihegve, instabil ker\u00e9kp\u00e1rral, \u00e9g\u0151 izmokkal \u00e9s t\u00fcd\u0151vel, mik\u00f6zben Primo\u017e Rogli\u010d, Enric Mas, Jack Haig \u00e9s Adam Yates, a leges\u00e9lyesebb versenyz\u0151k \u00fcld\u00f6zik.","breadcrumb":{"@id":"https:\/\/www.welovecycling.com\/hu\/orszaguti-kerekpar\/ezeket-tanultuk-az-idei-vueltan\/#breadcrumb"},"inLanguage":"hu","potentialAction":[{"@type":"ReadAction","target":["https:\/\/www.welovecycling.com\/hu\/orszaguti-kerekpar\/ezeket-tanultuk-az-idei-vueltan\/"]}]},{"@type":"ImageObject","inLanguage":"hu","@id":"https:\/\/www.welovecycling.com\/hu\/orszaguti-kerekpar\/ezeket-tanultuk-az-idei-vueltan\/#primaryimage","url":"https:\/\/d2p6e6u75xmxt8.cloudfront.net\/12\/2021\/09\/La-Vuelta-2021-Winners-profimedia-0630542759-CVR.jpg","contentUrl":"https:\/\/d2p6e6u75xmxt8.cloudfront.net\/12\/2021\/09\/La-Vuelta-2021-Winners-profimedia-0630542759-CVR.jpg","width":1366,"height":600,"caption":"2021 La Vuelta"},{"@type":"BreadcrumbList","@id":"https:\/\/www.welovecycling.com\/hu\/orszaguti-kerekpar\/ezeket-tanultuk-az-idei-vueltan\/#breadcrumb","itemListElement":[{"@type":"ListItem","position":1,"name":"Home","item":"https:\/\/www.welovecycling.com\/hu\/"},{"@type":"ListItem","position":2,"name":"Ezeket tanultuk az idei Vuelt\u00e1n"}]},{"@type":"WebSite","@id":"https:\/\/www.welovecycling.com\/hu\/#website","url":"https:\/\/www.welovecycling.com\/hu\/","name":"\u0160koda We Love Cycling - Magyarorsz\u00e1g","description":"\u0160koda WeLoveCycling","potentialAction":[{"@type":"SearchAction","target":{"@type":"EntryPoint","urlTemplate":"https:\/\/www.welovecycling.com\/hu\/?s={search_term_string}"},"query-input":{"@type":"PropertyValueSpecification","valueRequired":true,"valueName":"search_term_string"}}],"inLanguage":"hu"},{"@type":"Person","@id":"https:\/\/www.welovecycling.com\/hu\/#\/schema\/person\/414a2aebf1801691a5320edb6468e194","name":"hegyizs","image":{"@type":"ImageObject","inLanguage":"hu","@id":"https:\/\/www.welovecycling.com\/hu\/#\/schema\/person\/image\/","url":"https:\/\/secure.gravatar.com\/avatar\/02cf8a7906b8cf90cecb4679defac7cfd33a1c2e3b88e4903d947f3bb58eedd3?s=96&d=mm&r=g","contentUrl":"https:\/\/secure.gravatar.com\/avatar\/02cf8a7906b8cf90cecb4679defac7cfd33a1c2e3b88e4903d947f3bb58eedd3?s=96&d=mm&r=g","caption":"hegyizs"},"url":"https:\/\/www.welovecycling.com\/hu\/author\/hegyizs\/"}]}},"_links":{"self":[{"href":"https:\/\/www.welovecycling.com\/hu\/wp-json\/wp\/v2\/posts\/12407","targetHints":{"allow":["GET"]}}],"collection":[{"href":"https:\/\/www.welovecycling.com\/hu\/wp-json\/wp\/v2\/posts"}],"about":[{"href":"https:\/\/www.welovecycling.com\/hu\/wp-json\/wp\/v2\/types\/post"}],"author":[{"embeddable":true,"href":"https:\/\/www.welovecycling.com\/hu\/wp-json\/wp\/v2\/users\/71"}],"replies":[{"embeddable":true,"href":"https:\/\/www.welovecycling.com\/hu\/wp-json\/wp\/v2\/comments?post=12407"}],"version-history":[{"count":2,"href":"https:\/\/www.welovecycling.com\/hu\/wp-json\/wp\/v2\/posts\/12407\/revisions"}],"predecessor-version":[{"id":12430,"href":"https:\/\/www.welovecycling.com\/hu\/wp-json\/wp\/v2\/posts\/12407\/revisions\/12430"}],"wp:featuredmedia":[{"embeddable":true,"href":"https:\/\/www.welovecycling.com\/hu\/wp-json\/wp\/v2\/media\/12412"}],"wp:attachment":[{"href":"https:\/\/www.welovecycling.com\/hu\/wp-json\/wp\/v2\/media?parent=12407"}],"wp:term":[{"taxonomy":"category","embeddable":true,"href":"https:\/\/www.welovecycling.com\/hu\/wp-json\/wp\/v2\/categories?post=12407"},{"taxonomy":"post_tag","embeddable":true,"href":"https:\/\/www.welovecycling.com\/hu\/wp-json\/wp\/v2\/tags?post=12407"},{"taxonomy":"global-categories","embeddable":true,"href":"https:\/\/www.welovecycling.com\/hu\/wp-json\/wp\/v2\/global-categories?post=12407"}],"curies":[{"name":"wp","href":"https:\/\/api.w.org\/{rel}","templated":true}]}}