{"id":12399,"date":"2021-09-04T08:00:40","date_gmt":"2021-09-04T06:00:40","guid":{"rendered":"https:\/\/www.welovecycling.com\/hu\/?p=12399"},"modified":"2021-09-03T13:37:18","modified_gmt":"2021-09-03T11:37:18","slug":"ha-a-nyeregben-hiv-a-termeszet-ne-gondolkodj-cselekedj","status":"publish","type":"post","link":"https:\/\/www.welovecycling.com\/hu\/orszaguti-kerekpar\/ha-a-nyeregben-hiv-a-termeszet-ne-gondolkodj-cselekedj\/","title":{"rendered":"Ha a nyeregben h\u00edv a term\u00e9szet, ne gondolkodj, cselekedj!"},"content":{"rendered":"<p><strong>Az idei Vuelta egyik legviccesebb sztorija kerekedett ki Max Van Gils kellemetlen alapsztorij\u00e1b\u00f3l: a Lotto belga bring\u00e1s\u00e1nak v\u00e9g\u00fcl egy eg\u00e9sz k\u00e1v\u00e9h\u00e1z szurkolt nem tervezett vill\u00e1ml\u00e1togat\u00e1sa ut\u00e1n.<\/strong><!--more--><\/p>\n<p>A ker\u00e9kp\u00e1rsport egyik saj\u00e1tos sz\u00e9ps\u00e9ge, hogy h\u00e9tr\u0151l h\u00e9tre k\u00e9pes m\u00f3k\u00e1s emberi t\u00f6rt\u00e9netekkel szolg\u00e1lni, m\u00e9g a legnagyobb versenyeken is.<\/p>\n<p>\u00cdgy t\u00f6rt\u00e9nt ez az idei Vuelt\u00e1n is, amelynek 14. szakasz\u00e1n Maxim Van Gils ker\u00fclt a reflektorf\u00e9nybe \u2013 nem felt\u00e9tlen\u00fcl \u00fagy, ahogy \u0151 szeretett volna, de v\u00e9g\u00fcl azt\u00e1n nem sz\u00e1rmazott bel\u0151le k\u00f6zvetlen h\u00e1tr\u00e1nya, egy j\u00f3 sztori kerekedett ki az eg\u00e9szb\u0151l, aminek a v\u00e9g\u00e9n mindenki csak nevetett, bele\u00e9rtve \u0151t is.<\/p>\n<p>A biol\u00f3gia t\u00f6rv\u00e9nyszer\u0171s\u00e9geit m\u00e9g a sokszor emberfeletti teljes\u00edtm\u00e9nyeket produk\u00e1l\u00f3 profi bring\u00e1sok sem tudj\u00e1k \u00e1th\u00e1gni, \u00edgy nyilv\u00e1n nekik is megvannak a sz\u00fcks\u00e9gleteik, amiket a hossz\u00fa, n\u00e9gy-\u00f6t\u00f3r\u00e1s teker\u00e9sek alatt ki kell valahogy el\u00e9g\u00edteni\u00fck. Az \u00fcgyesebbek a kisdolgot megoldj\u00e1k ak\u00e1r az \u00fat sz\u00e9l\u00e9re h\u00faz\u00f3dva, a bring\u00e1n \u00fclve, de ha komolyabb a \u201eprobl\u00e9ma\u201d, akkor azt\u00e1n sz\u00f3 szerint h\u00edv a term\u00e9szet\u2026! (Az egyik legeml\u00e9kezetesebb ilyen eset egy\u00e9bk\u00e9nt a 2017-es Giro kir\u00e1lyszakasz\u00e1n volt, amikor a k\u00e9s\u0151bbi gy\u0151ztes Tom Dumolinre t\u00f6rt r\u00e1 a hasmars menetk\u00f6zben, a Stelvio lek\u00fczd\u00e9se ut\u00e1n nem sokkal, \u00e9s volt k\u00e9nytelen kasz\u00e1t, kap\u00e1t, vasparip\u00e1t elhaj\u00edtva az \u00fatmenti bokrosba guggolni \u2013 akkor nem nevetett senki, hiszen j\u00f3 k\u00e9t percet vesz\u00edtett biztosnak t\u0171n\u0151 \u00f6sszetett el\u0151ny\u00e9b\u0151l, csup\u00e1n f\u00e9l perce maradt, vagyis kis h\u00edj\u00e1n a Giro-gy\u0151zelm\u00e9be ker\u00fclt a be nem tervezett eg\u00e9szs\u00e9g\u00fcgyi k\u00e9nyszersz\u00fcnet\u2026).<\/p>\n<figure id=\"attachment_12400\" aria-describedby=\"caption-attachment-12400\" style=\"width: 945px\" class=\"wp-caption alignnone\"><a href=\"https:\/\/d2p6e6u75xmxt8.cloudfront.net\/12\/2021\/09\/Picture2.png\"><img loading=\"lazy\" decoding=\"async\" class=\"size-full wp-image-12400\" src=\"https:\/\/d2p6e6u75xmxt8.cloudfront.net\/12\/2021\/09\/Picture2.png\" alt=\"\" width=\"945\" height=\"629\" srcset=\"https:\/\/d2p6e6u75xmxt8.cloudfront.net\/12\/2021\/09\/Picture2.png 945w, https:\/\/d2p6e6u75xmxt8.cloudfront.net\/12\/2021\/09\/Picture2-300x200.png 300w, https:\/\/d2p6e6u75xmxt8.cloudfront.net\/12\/2021\/09\/Picture2-768x511.png 768w, https:\/\/d2p6e6u75xmxt8.cloudfront.net\/12\/2021\/09\/Picture2-272x182.png 272w\" sizes=\"auto, (max-width: 945px) 100vw, 945px\" \/><\/a><figcaption id=\"caption-attachment-12400\" class=\"wp-caption-text\">Eml\u00e9kezetes jelentsorok: szeg\u00e9ny Dumoulin a \u201917-es Giro kir\u00e1lyetapj\u00e1n mindent elhaj\u00edtva menek\u00fclt a bokrok k\u00f6z\u00e9 (fot\u00f3k: L&#8217;Equipe\/AFP\/Getty)<\/figcaption><\/figure>\n<p>Most Van Gils j\u00e1rt n\u00e9mik\u00e9pp hasonl\u00f3an. A Lotto-Soudal belga bring\u00e1s\u00e1ra is a szakasz k\u00f6zben t\u00f6rt r\u00e1 nem v\u00e1rt gyomorg\u00f6rcs, ami pokoli tud lenni alapb\u00f3l is, nem m\u00e9g egy h\u00e1romhetes verseny kell\u0151s k\u00f6zep\u00e9n, a sokadik \u00f3r\u00e1ja a nyeregben \u00fclve. Neki azonban nagyobb szerencs\u00e9je volt, mint anno szeg\u00e9ny Dumoulinnek: \u00e9pp egy spanyol v\u00e1rosk\u00e1n haladtak \u00e1t, ott pedig megpillantott egy k\u00e1v\u00e9z\u00f3t, \u00e9s amikor a sz\u00fcks\u00e9g nagy \u00far, nem gondolkodik sokat az ember\u2026 \u201eHirtelen hatalmas gyomorg\u00f6rcs t\u00f6rt r\u00e1m, pokolian szenvedtem. De azt\u00e1n \u00e1thajtottunk egy kisv\u00e1roson, \u00e9s l\u00e1ttam, hogy van ott egy k\u00e1v\u00e9z\u00f3. Nem l\u00e1ttam m\u00e1s m\u00f3dot, minthogy beszaladjak \u00e9s k\u00f6nny\u00edtsek magamon\u2026 El\u00e9g abszurd volt\u201d \u2013 nyilatkozta ut\u00f3bb Van Gils a belga TV2 Sportnak.<\/p>\n<figure id=\"attachment_12401\" aria-describedby=\"caption-attachment-12401\" style=\"width: 945px\" class=\"wp-caption alignnone\"><a href=\"https:\/\/d2p6e6u75xmxt8.cloudfront.net\/12\/2021\/09\/Picture3.png\"><img loading=\"lazy\" decoding=\"async\" class=\"size-full wp-image-12401\" src=\"https:\/\/d2p6e6u75xmxt8.cloudfront.net\/12\/2021\/09\/Picture3.png\" alt=\"\" width=\"945\" height=\"614\" srcset=\"https:\/\/d2p6e6u75xmxt8.cloudfront.net\/12\/2021\/09\/Picture3.png 945w, https:\/\/d2p6e6u75xmxt8.cloudfront.net\/12\/2021\/09\/Picture3-300x195.png 300w, https:\/\/d2p6e6u75xmxt8.cloudfront.net\/12\/2021\/09\/Picture3-768x499.png 768w\" sizes=\"auto, (max-width: 945px) 100vw, 945px\" \/><\/a><figcaption id=\"caption-attachment-12401\" class=\"wp-caption-text\">Max Van Gils a szakasz ut\u00e1n, m\u00e1r sokkal jobban, megk\u00f6nnyebb\u00fclve (forr\u00e1s: Twitter\/Lotto Soudal)<\/figcaption><\/figure>\n<p>K\u00e9pzelhetj\u00fck a burleszkbe ill\u0151 szitu\u00e1ci\u00f3t, amikor egy cip\u0151t\u0151l sisakig bringaruh\u00e1ba b\u00fajt versenyz\u0151 egyszer csak a kisv\u00e1rosi k\u00e1v\u00e9z\u00f3 idilli nyugalm\u00e1t megzavarva beront, \u00e9s k\u00e9ts\u00e9gbeesetten kiab\u00e1lva a mell\u00e9khelyis\u00e9g holl\u00e9te fel\u0151l \u00e9rdekl\u0151dik \u2013 nos, ez valahogy pont \u00edgy zajlott le a val\u00f3s\u00e1gban is.<\/p>\n<p>\u201e\u00dagy \u00fcltek ott, mintha szellemet l\u00e1ttak volna \u2013 mondta nevetve Van Gils a megh\u00f6kkent vend\u00e9gekre utalva, hozz\u00e1t\u00e9ve, hogy szerencs\u00e9re nem v\u00e1rt hepienddel z\u00e1rult a sz\u00fcrre\u00e1lis sztori: \u2013 Amikor visszaj\u00f6ttem, mindenki elkezdett tapsolni, szurkolni \u00e9s vide\u00f3zni. Nagyon vicces volt! \u00c9n pedig miut\u00e1n megk\u00f6nnyebb\u00fcltem v\u00e9gre, sokkal jobban \u00e9reztem magam. \u00dagyhogy \u00edgy ut\u00f3lag azt mondhatom, egy\u00e9rtelm\u0171en j\u00f3 d\u00f6nt\u00e9s volt, hogy beugrottam!\u201d<\/p>\n","protected":false},"excerpt":{"rendered":"<p>Az idei Vuelta egyik legviccesebb sztorija kerekedett ki Max Van Gils kellemetlen alapsztorij\u00e1b\u00f3l: a Lotto belga bring\u00e1s\u00e1nak v\u00e9g\u00fcl egy eg\u00e9sz [&hellip;]<\/p>\n","protected":false},"author":71,"featured_media":12403,"comment_status":"open","ping_status":"open","sticky":false,"template":"","format":"standard","meta":{"footnotes":""},"categories":[8],"tags":[],"global-categories":[],"class_list":["post-12399","post","type-post","status-publish","format-standard","has-post-thumbnail","hentry","category-orszaguti-kerekpar"],"yoast_head":"<!-- This site is optimized with the Yoast SEO Premium plugin v25.3 (Yoast SEO v25.9) - https:\/\/yoast.com\/wordpress\/plugins\/seo\/ -->\n<title>Ha a nyeregben h\u00edv a term\u00e9szet, ne gondolkodj, cselekedj! - \u0160koda We Love Cycling - Magyarorsz\u00e1g<\/title>\n<meta name=\"description\" content=\"Az idei Vuelta egyik legviccesebb sztorija kerekedett ki Max Van Gils kellemetlen alapsztorij\u00e1b\u00f3l: a Lotto belga bring\u00e1s\u00e1nak v\u00e9g\u00fcl egy eg\u00e9sz k\u00e1v\u00e9h\u00e1z szurkolt nem tervezett vill\u00e1ml\u00e1togat\u00e1sa ut\u00e1n.\" \/>\n<meta name=\"robots\" content=\"index, follow, max-snippet:-1, max-image-preview:large, max-video-preview:-1\" \/>\n<link rel=\"canonical\" href=\"https:\/\/www.welovecycling.com\/hu\/orszaguti-kerekpar\/ha-a-nyeregben-hiv-a-termeszet-ne-gondolkodj-cselekedj\/\" \/>\n<meta property=\"og:locale\" content=\"hu_HU\" \/>\n<meta property=\"og:type\" content=\"article\" \/>\n<meta property=\"og:title\" content=\"Ha a nyeregben h\u00edv a term\u00e9szet, ne gondolkodj, cselekedj!\" \/>\n<meta property=\"og:description\" content=\"Az idei Vuelta egyik legviccesebb sztorija kerekedett ki Max Van Gils kellemetlen alapsztorij\u00e1b\u00f3l: a Lotto belga bring\u00e1s\u00e1nak v\u00e9g\u00fcl egy eg\u00e9sz k\u00e1v\u00e9h\u00e1z szurkolt nem tervezett vill\u00e1ml\u00e1togat\u00e1sa ut\u00e1n.\" \/>\n<meta property=\"og:url\" content=\"https:\/\/www.welovecycling.com\/hu\/orszaguti-kerekpar\/ha-a-nyeregben-hiv-a-termeszet-ne-gondolkodj-cselekedj\/\" \/>\n<meta property=\"og:site_name\" content=\"\u0160koda We Love Cycling - Magyarorsz\u00e1g\" \/>\n<meta property=\"article:publisher\" content=\"https:\/\/www.facebook.com\/WeLoveCyclingHungary\/\" \/>\n<meta property=\"article:published_time\" content=\"2021-09-04T06:00:40+00:00\" \/>\n<meta property=\"og:image\" content=\"https:\/\/d2p6e6u75xmxt8.cloudfront.net\/12\/2021\/09\/wlc_016_1.jpg\" \/>\n\t<meta property=\"og:image:width\" content=\"1200\" \/>\n\t<meta property=\"og:image:height\" content=\"634\" \/>\n\t<meta property=\"og:image:type\" content=\"image\/jpeg\" \/>\n<meta name=\"author\" content=\"hegyizs\" \/>\n<meta name=\"twitter:card\" content=\"summary_large_image\" \/>\n<meta name=\"twitter:label1\" content=\"Written by\" \/>\n\t<meta name=\"twitter:data1\" content=\"WLC\" \/>\n\t<meta name=\"twitter:label2\" content=\"Est. reading time\" \/>\n\t<meta name=\"twitter:data2\" content=\"3 minutes\" \/>\n<script type=\"application\/ld+json\" class=\"yoast-schema-graph\">{\"@context\":\"https:\/\/schema.org\",\"@graph\":[{\"@type\":\"WebPage\",\"@id\":\"https:\/\/www.welovecycling.com\/hu\/orszaguti-kerekpar\/ha-a-nyeregben-hiv-a-termeszet-ne-gondolkodj-cselekedj\/\",\"url\":\"https:\/\/www.welovecycling.com\/hu\/orszaguti-kerekpar\/ha-a-nyeregben-hiv-a-termeszet-ne-gondolkodj-cselekedj\/\",\"name\":\"Ha a nyeregben h\u00edv a term\u00e9szet, ne gondolkodj, cselekedj! - \u0160koda We Love Cycling - Magyarorsz\u00e1g\",\"isPartOf\":{\"@id\":\"https:\/\/www.welovecycling.com\/hu\/#website\"},\"primaryImageOfPage\":{\"@id\":\"https:\/\/www.welovecycling.com\/hu\/orszaguti-kerekpar\/ha-a-nyeregben-hiv-a-termeszet-ne-gondolkodj-cselekedj\/#primaryimage\"},\"image\":{\"@id\":\"https:\/\/www.welovecycling.com\/hu\/orszaguti-kerekpar\/ha-a-nyeregben-hiv-a-termeszet-ne-gondolkodj-cselekedj\/#primaryimage\"},\"thumbnailUrl\":\"https:\/\/d2p6e6u75xmxt8.cloudfront.net\/12\/2021\/09\/wlc_016_1.jpg\",\"datePublished\":\"2021-09-04T06:00:40+00:00\",\"author\":{\"@id\":\"https:\/\/www.welovecycling.com\/hu\/#\/schema\/person\/414a2aebf1801691a5320edb6468e194\"},\"description\":\"Az idei Vuelta egyik legviccesebb sztorija kerekedett ki Max Van Gils kellemetlen alapsztorij\u00e1b\u00f3l: a Lotto belga bring\u00e1s\u00e1nak v\u00e9g\u00fcl egy eg\u00e9sz k\u00e1v\u00e9h\u00e1z szurkolt nem tervezett vill\u00e1ml\u00e1togat\u00e1sa ut\u00e1n.\",\"breadcrumb\":{\"@id\":\"https:\/\/www.welovecycling.com\/hu\/orszaguti-kerekpar\/ha-a-nyeregben-hiv-a-termeszet-ne-gondolkodj-cselekedj\/#breadcrumb\"},\"inLanguage\":\"hu\",\"potentialAction\":[{\"@type\":\"ReadAction\",\"target\":[\"https:\/\/www.welovecycling.com\/hu\/orszaguti-kerekpar\/ha-a-nyeregben-hiv-a-termeszet-ne-gondolkodj-cselekedj\/\"]}]},{\"@type\":\"ImageObject\",\"inLanguage\":\"hu\",\"@id\":\"https:\/\/www.welovecycling.com\/hu\/orszaguti-kerekpar\/ha-a-nyeregben-hiv-a-termeszet-ne-gondolkodj-cselekedj\/#primaryimage\",\"url\":\"https:\/\/d2p6e6u75xmxt8.cloudfront.net\/12\/2021\/09\/wlc_016_1.jpg\",\"contentUrl\":\"https:\/\/d2p6e6u75xmxt8.cloudfront.net\/12\/2021\/09\/wlc_016_1.jpg\",\"width\":1200,\"height\":634},{\"@type\":\"BreadcrumbList\",\"@id\":\"https:\/\/www.welovecycling.com\/hu\/orszaguti-kerekpar\/ha-a-nyeregben-hiv-a-termeszet-ne-gondolkodj-cselekedj\/#breadcrumb\",\"itemListElement\":[{\"@type\":\"ListItem\",\"position\":1,\"name\":\"Home\",\"item\":\"https:\/\/www.welovecycling.com\/hu\/\"},{\"@type\":\"ListItem\",\"position\":2,\"name\":\"Ha a nyeregben h\u00edv a term\u00e9szet, ne gondolkodj, cselekedj!\"}]},{\"@type\":\"WebSite\",\"@id\":\"https:\/\/www.welovecycling.com\/hu\/#website\",\"url\":\"https:\/\/www.welovecycling.com\/hu\/\",\"name\":\"\u0160koda We Love Cycling - Magyarorsz\u00e1g\",\"description\":\"\u0160koda WeLoveCycling\",\"potentialAction\":[{\"@type\":\"SearchAction\",\"target\":{\"@type\":\"EntryPoint\",\"urlTemplate\":\"https:\/\/www.welovecycling.com\/hu\/?s={search_term_string}\"},\"query-input\":{\"@type\":\"PropertyValueSpecification\",\"valueRequired\":true,\"valueName\":\"search_term_string\"}}],\"inLanguage\":\"hu\"},{\"@type\":\"Person\",\"@id\":\"https:\/\/www.welovecycling.com\/hu\/#\/schema\/person\/414a2aebf1801691a5320edb6468e194\",\"name\":\"hegyizs\",\"image\":{\"@type\":\"ImageObject\",\"inLanguage\":\"hu\",\"@id\":\"https:\/\/www.welovecycling.com\/hu\/#\/schema\/person\/image\/\",\"url\":\"https:\/\/secure.gravatar.com\/avatar\/02cf8a7906b8cf90cecb4679defac7cfd33a1c2e3b88e4903d947f3bb58eedd3?s=96&d=mm&r=g\",\"contentUrl\":\"https:\/\/secure.gravatar.com\/avatar\/02cf8a7906b8cf90cecb4679defac7cfd33a1c2e3b88e4903d947f3bb58eedd3?s=96&d=mm&r=g\",\"caption\":\"hegyizs\"},\"url\":\"https:\/\/www.welovecycling.com\/hu\/author\/hegyizs\/\"}]}<\/script>\n<!-- \/ Yoast SEO Premium plugin. -->","yoast_head_json":{"title":"Ha a nyeregben h\u00edv a term\u00e9szet, ne gondolkodj, cselekedj! - \u0160koda We Love Cycling - Magyarorsz\u00e1g","description":"Az idei Vuelta egyik legviccesebb sztorija kerekedett ki Max Van Gils kellemetlen alapsztorij\u00e1b\u00f3l: a Lotto belga bring\u00e1s\u00e1nak v\u00e9g\u00fcl egy eg\u00e9sz k\u00e1v\u00e9h\u00e1z szurkolt nem tervezett vill\u00e1ml\u00e1togat\u00e1sa ut\u00e1n.","robots":{"index":"index","follow":"follow","max-snippet":"max-snippet:-1","max-image-preview":"max-image-preview:large","max-video-preview":"max-video-preview:-1"},"canonical":"https:\/\/www.welovecycling.com\/hu\/orszaguti-kerekpar\/ha-a-nyeregben-hiv-a-termeszet-ne-gondolkodj-cselekedj\/","og_locale":"hu_HU","og_type":"article","og_title":"Ha a nyeregben h\u00edv a term\u00e9szet, ne gondolkodj, cselekedj!","og_description":"Az idei Vuelta egyik legviccesebb sztorija kerekedett ki Max Van Gils kellemetlen alapsztorij\u00e1b\u00f3l: a Lotto belga bring\u00e1s\u00e1nak v\u00e9g\u00fcl egy eg\u00e9sz k\u00e1v\u00e9h\u00e1z szurkolt nem tervezett vill\u00e1ml\u00e1togat\u00e1sa ut\u00e1n.","og_url":"https:\/\/www.welovecycling.com\/hu\/orszaguti-kerekpar\/ha-a-nyeregben-hiv-a-termeszet-ne-gondolkodj-cselekedj\/","og_site_name":"\u0160koda We Love Cycling - Magyarorsz\u00e1g","article_publisher":"https:\/\/www.facebook.com\/WeLoveCyclingHungary\/","article_published_time":"2021-09-04T06:00:40+00:00","og_image":[{"width":1200,"height":634,"url":"https:\/\/d2p6e6u75xmxt8.cloudfront.net\/12\/2021\/09\/wlc_016_1.jpg","type":"image\/jpeg"}],"author":"hegyizs","twitter_card":"summary_large_image","twitter_misc":{"Written by":"WLC","Est. reading time":"3 minutes"},"schema":{"@context":"https:\/\/schema.org","@graph":[{"@type":"WebPage","@id":"https:\/\/www.welovecycling.com\/hu\/orszaguti-kerekpar\/ha-a-nyeregben-hiv-a-termeszet-ne-gondolkodj-cselekedj\/","url":"https:\/\/www.welovecycling.com\/hu\/orszaguti-kerekpar\/ha-a-nyeregben-hiv-a-termeszet-ne-gondolkodj-cselekedj\/","name":"Ha a nyeregben h\u00edv a term\u00e9szet, ne gondolkodj, cselekedj! - \u0160koda We Love Cycling - Magyarorsz\u00e1g","isPartOf":{"@id":"https:\/\/www.welovecycling.com\/hu\/#website"},"primaryImageOfPage":{"@id":"https:\/\/www.welovecycling.com\/hu\/orszaguti-kerekpar\/ha-a-nyeregben-hiv-a-termeszet-ne-gondolkodj-cselekedj\/#primaryimage"},"image":{"@id":"https:\/\/www.welovecycling.com\/hu\/orszaguti-kerekpar\/ha-a-nyeregben-hiv-a-termeszet-ne-gondolkodj-cselekedj\/#primaryimage"},"thumbnailUrl":"https:\/\/d2p6e6u75xmxt8.cloudfront.net\/12\/2021\/09\/wlc_016_1.jpg","datePublished":"2021-09-04T06:00:40+00:00","author":{"@id":"https:\/\/www.welovecycling.com\/hu\/#\/schema\/person\/414a2aebf1801691a5320edb6468e194"},"description":"Az idei Vuelta egyik legviccesebb sztorija kerekedett ki Max Van Gils kellemetlen alapsztorij\u00e1b\u00f3l: a Lotto belga bring\u00e1s\u00e1nak v\u00e9g\u00fcl egy eg\u00e9sz k\u00e1v\u00e9h\u00e1z szurkolt nem tervezett vill\u00e1ml\u00e1togat\u00e1sa ut\u00e1n.","breadcrumb":{"@id":"https:\/\/www.welovecycling.com\/hu\/orszaguti-kerekpar\/ha-a-nyeregben-hiv-a-termeszet-ne-gondolkodj-cselekedj\/#breadcrumb"},"inLanguage":"hu","potentialAction":[{"@type":"ReadAction","target":["https:\/\/www.welovecycling.com\/hu\/orszaguti-kerekpar\/ha-a-nyeregben-hiv-a-termeszet-ne-gondolkodj-cselekedj\/"]}]},{"@type":"ImageObject","inLanguage":"hu","@id":"https:\/\/www.welovecycling.com\/hu\/orszaguti-kerekpar\/ha-a-nyeregben-hiv-a-termeszet-ne-gondolkodj-cselekedj\/#primaryimage","url":"https:\/\/d2p6e6u75xmxt8.cloudfront.net\/12\/2021\/09\/wlc_016_1.jpg","contentUrl":"https:\/\/d2p6e6u75xmxt8.cloudfront.net\/12\/2021\/09\/wlc_016_1.jpg","width":1200,"height":634},{"@type":"BreadcrumbList","@id":"https:\/\/www.welovecycling.com\/hu\/orszaguti-kerekpar\/ha-a-nyeregben-hiv-a-termeszet-ne-gondolkodj-cselekedj\/#breadcrumb","itemListElement":[{"@type":"ListItem","position":1,"name":"Home","item":"https:\/\/www.welovecycling.com\/hu\/"},{"@type":"ListItem","position":2,"name":"Ha a nyeregben h\u00edv a term\u00e9szet, ne gondolkodj, cselekedj!"}]},{"@type":"WebSite","@id":"https:\/\/www.welovecycling.com\/hu\/#website","url":"https:\/\/www.welovecycling.com\/hu\/","name":"\u0160koda We Love Cycling - Magyarorsz\u00e1g","description":"\u0160koda WeLoveCycling","potentialAction":[{"@type":"SearchAction","target":{"@type":"EntryPoint","urlTemplate":"https:\/\/www.welovecycling.com\/hu\/?s={search_term_string}"},"query-input":{"@type":"PropertyValueSpecification","valueRequired":true,"valueName":"search_term_string"}}],"inLanguage":"hu"},{"@type":"Person","@id":"https:\/\/www.welovecycling.com\/hu\/#\/schema\/person\/414a2aebf1801691a5320edb6468e194","name":"hegyizs","image":{"@type":"ImageObject","inLanguage":"hu","@id":"https:\/\/www.welovecycling.com\/hu\/#\/schema\/person\/image\/","url":"https:\/\/secure.gravatar.com\/avatar\/02cf8a7906b8cf90cecb4679defac7cfd33a1c2e3b88e4903d947f3bb58eedd3?s=96&d=mm&r=g","contentUrl":"https:\/\/secure.gravatar.com\/avatar\/02cf8a7906b8cf90cecb4679defac7cfd33a1c2e3b88e4903d947f3bb58eedd3?s=96&d=mm&r=g","caption":"hegyizs"},"url":"https:\/\/www.welovecycling.com\/hu\/author\/hegyizs\/"}]}},"_links":{"self":[{"href":"https:\/\/www.welovecycling.com\/hu\/wp-json\/wp\/v2\/posts\/12399","targetHints":{"allow":["GET"]}}],"collection":[{"href":"https:\/\/www.welovecycling.com\/hu\/wp-json\/wp\/v2\/posts"}],"about":[{"href":"https:\/\/www.welovecycling.com\/hu\/wp-json\/wp\/v2\/types\/post"}],"author":[{"embeddable":true,"href":"https:\/\/www.welovecycling.com\/hu\/wp-json\/wp\/v2\/users\/71"}],"replies":[{"embeddable":true,"href":"https:\/\/www.welovecycling.com\/hu\/wp-json\/wp\/v2\/comments?post=12399"}],"version-history":[{"count":2,"href":"https:\/\/www.welovecycling.com\/hu\/wp-json\/wp\/v2\/posts\/12399\/revisions"}],"predecessor-version":[{"id":12404,"href":"https:\/\/www.welovecycling.com\/hu\/wp-json\/wp\/v2\/posts\/12399\/revisions\/12404"}],"wp:featuredmedia":[{"embeddable":true,"href":"https:\/\/www.welovecycling.com\/hu\/wp-json\/wp\/v2\/media\/12403"}],"wp:attachment":[{"href":"https:\/\/www.welovecycling.com\/hu\/wp-json\/wp\/v2\/media?parent=12399"}],"wp:term":[{"taxonomy":"category","embeddable":true,"href":"https:\/\/www.welovecycling.com\/hu\/wp-json\/wp\/v2\/categories?post=12399"},{"taxonomy":"post_tag","embeddable":true,"href":"https:\/\/www.welovecycling.com\/hu\/wp-json\/wp\/v2\/tags?post=12399"},{"taxonomy":"global-categories","embeddable":true,"href":"https:\/\/www.welovecycling.com\/hu\/wp-json\/wp\/v2\/global-categories?post=12399"}],"curies":[{"name":"wp","href":"https:\/\/api.w.org\/{rel}","templated":true}]}}