{"id":12383,"date":"2021-08-29T08:00:20","date_gmt":"2021-08-29T06:00:20","guid":{"rendered":"https:\/\/www.welovecycling.com\/hu\/?p=12383"},"modified":"2021-08-27T13:45:07","modified_gmt":"2021-08-27T11:45:07","slug":"eiking-dumoulin-roglic-durand-meglepetes-csodabogarak-az-elmult-negyedszazadbol","status":"publish","type":"post","link":"https:\/\/www.welovecycling.com\/hu\/orszaguti-kerekpar\/eiking-dumoulin-roglic-durand-meglepetes-csodabogarak-az-elmult-negyedszazadbol\/","title":{"rendered":"Eiking, Dumoulin, Roglic, Durand \u2013 meglepet\u00e9s-csodabogarak az elm\u00falt negyedsz\u00e1zadb\u00f3l"},"content":{"rendered":"<p><strong>Az Intermarch\u00e9-Wanty-Gobert b\u0151ven v\u00e1rakoz\u00e1son fel\u00fcli idei Vuelta-szerepl\u00e9se nyom\u00e1n igyekezt\u00fcnk \u00f6sszegy\u0171jteni n\u00e9h\u00e1ny \u00e9rdekesebb arcot a k\u00f6zelm\u00faltb\u00f3l, akiknek sikereivel nem sokan sz\u00e1moltak akkoriban el\u0151zetesen. Eml\u00e9keztek p\u00e9ld\u00e1ul valamennyi\u00fck k\u00f6z\u00fcl a legextravag\u00e1nsabbra, a franci\u00e1k sz\u00f3kimond\u00f3 sz\u00f6kev\u00e9nyspecialista fenegyerek\u00e9re, Jacky \u201eDudu\u201d Durandra?<\/strong><!--more--><\/p>\n<p>Az idei Vuelta legnagyobb meglepet\u00e9s\u00e9t egy\u00e9rtelm\u0171en az Intermarch\u00e9-Wanty-Gobert szolg\u00e1ltatja eddig, amely az els\u0151, majd a m\u00e1sodik h\u00e9ten is el tudta venni a piros trik\u00f3t a f\u0151 favorit Primoz Roglict\u00f3l, r\u00e1ad\u00e1sul mindk\u00e9t alkalommal m\u00e1s \u00e9s m\u00e1s versenyz\u0151je \u2013 erre aligha fogadott volna b\u00e1rki is a verseny rajtja el\u0151tt.<\/p>\n<p>A csapat eleve \u00e9rdekes \u201ehibrid\u201d, hiszen az ist\u00e1ll\u00f3 maga belga bejegyz\u00e9s\u0171, de francia f\u0151szponzorral b\u00edr az ottani egyik nagy szupermarketl\u00e1nc, az Intermarch\u00e9 j\u00f3volt\u00e1b\u00f3l (a Wanty \u00e9s a Gobert Mat\u00e9riaux viszont belga c\u00e9gek), \u00e9s ez a belga-francia koprodukci\u00f3 egyel\u0151re sikeresnek t\u0171nik.<\/p>\n<p>Az egy\u00fcttes ugyanis csak az idei \u00e9vben l\u00e9pett szintet, \u00e9s szerepel a legnagyobbak k\u00f6z\u00f6tt a World Tour-mez\u0151nyben, de m\u00e1r van \u00f6t profi gy\u0151zelme, a Vuelt\u00e1n pedig t\u00e9nyleg \u0151k jelentik az egyik leg\u00fcd\u00e9bb sz\u00ednfoltot. Alaposan felkavart\u00e1k az \u00e1ll\u00f3vizet: az els\u0151 h\u00e9ten \u00e9szt veter\u00e1njuk, Rein Taaram\u00e4e, a m\u00e1sodikon a norv\u00e9g Christian Eiking orozta el a piros trik\u00f3t a c\u00edmv\u00e9d\u0151 Roglict\u00f3l, \u00edgy a legt\u00f6bb szt\u00e1rcsapatot megsz\u00e9gyen\u00edt\u0151 teljes\u00edtm\u00e9nyt ny\u00fajtanak.<\/p>\n<figure id=\"attachment_12385\" aria-describedby=\"caption-attachment-12385\" style=\"width: 1000px\" class=\"wp-caption alignnone\"><a href=\"https:\/\/d2p6e6u75xmxt8.cloudfront.net\/12\/2021\/08\/08-27-wlc-underdogok-JOOO-2.jpg\"><img loading=\"lazy\" decoding=\"async\" class=\"size-full wp-image-12385\" src=\"https:\/\/d2p6e6u75xmxt8.cloudfront.net\/12\/2021\/08\/08-27-wlc-underdogok-JOOO-2.jpg\" alt=\"\" width=\"1000\" height=\"666\" srcset=\"https:\/\/d2p6e6u75xmxt8.cloudfront.net\/12\/2021\/08\/08-27-wlc-underdogok-JOOO-2.jpg 1000w, https:\/\/d2p6e6u75xmxt8.cloudfront.net\/12\/2021\/08\/08-27-wlc-underdogok-JOOO-2-300x200.jpg 300w, https:\/\/d2p6e6u75xmxt8.cloudfront.net\/12\/2021\/08\/08-27-wlc-underdogok-JOOO-2-768x511.jpg 768w, https:\/\/d2p6e6u75xmxt8.cloudfront.net\/12\/2021\/08\/08-27-wlc-underdogok-JOOO-2-272x182.jpg 272w\" sizes=\"auto, (max-width: 1000px) 100vw, 1000px\" \/><\/a><figcaption id=\"caption-attachment-12385\" class=\"wp-caption-text\">Christian Eiking fesz\u00edt a piros trik\u00f3ban (fot\u00f3: AFP\/Jorge Guerreiro)<\/figcaption><\/figure>\n<p>Ennek aprop\u00f3j\u00e1n \u00f6sszeszedt\u00fcnk n\u00e9h\u00e1ny hasonl\u00f3an eml\u00e9kezetes brav\u00fart a nem t\u00fal t\u00e1voli m\u00faltb\u00f3l, olyanokt\u00f3l, akikkel a nagy versenyek el\u0151tt nem, vagy nem igaz\u00e1n sz\u00e1moltak (az angoloknak van erre egy j\u00f3 idev\u00e1g\u00f3 kifejez\u00e9s\u00fck: \u0151k az \u00fan. \u201eunderdogok\u201d) \u2013 a teljess\u00e9g ig\u00e9nye n\u00e9lk\u00fcl.<\/p>\n<p>A legfrissebb \u00e9lm\u00e9nyeket a n\u00e9hai Sunwebnek k\u00f6sz\u00f6nhetj\u00fck, amely ma m\u00e1r Team DSM n\u00e9ven fut (\u00e9s ha m\u00e1r itt tartunk, ugyancsak hozott k\u00e9t remek szakaszgy\u0151zelmet egy m\u00e1sik meglepet\u00e9sember, az ausztr\u00e1l Michael Storer r\u00e9v\u00e9n). A holland ist\u00e1ll\u00f3t m\u00e9g anno Shimano-Memory Corp n\u00e9ven alap\u00edtott\u00e1k a k\u00e9tezres \u00e9vekben, hogy azt\u00e1n v\u00e1ltozatos verg\u0151d\u00e9sek, mindenf\u00e9le szponzor \u00e9s p\u00e9nz\u00fcgyi probl\u00e9m\u00e1k ut\u00e1n 2013-ban fell\u00e9pjen a World Tourba, ott azt\u00e1n a Giant, majd az Alpecin besz\u00e1ll\u00e1s\u00e1val n\u00e9met bejegyz\u00e9s\u0171re v\u00e1ltott. 2016-ban egy spanyolorsz\u00e1gi edz\u00e9s\u00fck majdnem trag\u00e9di\u00e1ba torkollott, amikor egy 73 \u00e9ves brit n\u0151 a forgalommal szemben hajtva hat versenyz\u0151j\u00fcket \u00fct\u00f6tte el (k\u00f6zt\u00fck a legjobbjaikat, p\u00e9ld\u00e1ul John Degenkolbot, Warren Barguilt \u00e9s Chad Hag\u00e1t), valamennyien s\u00falyos s\u00e9r\u00fcl\u00e9seket szenvedtek, h\u00f3napokba telt, mire a csapat kiheverte a sokkot.<\/p>\n<p>2017-ben felvett\u00e9k a Sunweb nevet, de ilyen el\u0151zm\u00e9nyek ut\u00e1n \u00e9rthet\u0151en m\u00e9rs\u00e9kelt rem\u00e9nyekkel v\u00e1rt\u00e1k a szezont. Ehhez k\u00e9pest fenn\u00e1ll\u00e1suk legsikeresebb \u00e9v\u00e9t produk\u00e1lt\u00e1k, v\u00e1ratlanul szenz\u00e1ci\u00f3s eredm\u00e9nyekkel: Tom Dumoulin eml\u00e9kezetes versenyz\u00e9ssel megnyerte a Gir\u00f3t Nairo Quintana, Vincenzo Nibali \u00e9s Thibaut Pinot el\u0151tt, majd a Tour de France-on is remekeltek, n\u00e9gy szakaszgy\u0151zelem mellett \u00f6v\u00e9k lett a p\u00f6tty\u00f6s trik\u00f3 (a balesetb\u0151l \u00e9s a m\u0171t\u00e9tekb\u0151l felgy\u00f3gyul\u00f3 Barguil r\u00e9v\u00e9n) \u00e9s a z\u00f6ld trik\u00f3 is (Michael Matthewsnak k\u00f6sz\u00f6nhet\u0151en).<\/p>\n<figure id=\"attachment_12386\" aria-describedby=\"caption-attachment-12386\" style=\"width: 1024px\" class=\"wp-caption alignnone\"><a href=\"https:\/\/d2p6e6u75xmxt8.cloudfront.net\/12\/2021\/08\/08-27-wlc-underdogok-JOOO-3.jpg\"><img loading=\"lazy\" decoding=\"async\" class=\"size-large wp-image-12386\" src=\"https:\/\/d2p6e6u75xmxt8.cloudfront.net\/12\/2021\/08\/08-27-wlc-underdogok-JOOO-3-1024x663.jpg\" alt=\"\" width=\"1024\" height=\"663\" srcset=\"https:\/\/d2p6e6u75xmxt8.cloudfront.net\/12\/2021\/08\/08-27-wlc-underdogok-JOOO-3-1024x663.jpg 1024w, https:\/\/d2p6e6u75xmxt8.cloudfront.net\/12\/2021\/08\/08-27-wlc-underdogok-JOOO-3-300x194.jpg 300w, https:\/\/d2p6e6u75xmxt8.cloudfront.net\/12\/2021\/08\/08-27-wlc-underdogok-JOOO-3-768x497.jpg 768w, https:\/\/d2p6e6u75xmxt8.cloudfront.net\/12\/2021\/08\/08-27-wlc-underdogok-JOOO-3.jpg 1388w\" sizes=\"auto, (max-width: 1024px) 100vw, 1024px\" \/><\/a><figcaption id=\"caption-attachment-12386\" class=\"wp-caption-text\">Tom Dumoulin az ikonikus Giro-tr\u00f3fe\u00e1val a mil\u00e1n\u00f3i d\u00f3m el\u0151tt (fot\u00f3: EPA\/Alessandro di Meo)<\/figcaption><\/figure>\n<p>Ezt az \u00e9vet a v\u00e1ratlan fordulatok \u00e9v\u00e9nek is tekinthetj\u00fck, hiszen ezen a Touron robbant be v\u00e9gleg az elitbe Roglic is. Az akkor mind\u00f6ssze m\u00e1sod\u00e9ves profi az olyan nagy\u00e1gy\u00fak, mint a Movistar \u00e9s a Dimension Data gyeng\u00e9lked\u00e9s\u00e9t kihaszn\u00e1lva bor\u00edtotta a pap\u00edrform\u00e1t a 17. etapon, az akkoriban m\u00e9g LottoNL-Jumbo n\u00e9ven fut\u00f3 csapata h\u00e1rom\u00e9ves nyeretlens\u00e9gi sz\u00e9ri\u00e1j\u00e1t megszak\u00edtva \u2013 els\u0151 szlov\u00e9nk\u00e9nt nyert szakaszt Grand Tour-versenyen, \u00e9lete els\u0151 h\u00e1romhetes\u00e9n, a t\u00f6bbi az\u00f3ta t\u00f6rt\u00e9nelem\u2026<\/p>\n<figure id=\"attachment_12387\" aria-describedby=\"caption-attachment-12387\" style=\"width: 960px\" class=\"wp-caption alignnone\"><a href=\"https:\/\/d2p6e6u75xmxt8.cloudfront.net\/12\/2021\/08\/08-27-wlc-underdogok-JOOO-4.jpg\"><img loading=\"lazy\" decoding=\"async\" class=\"size-full wp-image-12387\" src=\"https:\/\/d2p6e6u75xmxt8.cloudfront.net\/12\/2021\/08\/08-27-wlc-underdogok-JOOO-4.jpg\" alt=\"\" width=\"960\" height=\"641\" srcset=\"https:\/\/d2p6e6u75xmxt8.cloudfront.net\/12\/2021\/08\/08-27-wlc-underdogok-JOOO-4.jpg 960w, https:\/\/d2p6e6u75xmxt8.cloudfront.net\/12\/2021\/08\/08-27-wlc-underdogok-JOOO-4-300x200.jpg 300w, https:\/\/d2p6e6u75xmxt8.cloudfront.net\/12\/2021\/08\/08-27-wlc-underdogok-JOOO-4-768x513.jpg 768w, https:\/\/d2p6e6u75xmxt8.cloudfront.net\/12\/2021\/08\/08-27-wlc-underdogok-JOOO-4-272x182.jpg 272w\" sizes=\"auto, (max-width: 960px) 100vw, 960px\" \/><\/a><figcaption id=\"caption-attachment-12387\" class=\"wp-caption-text\">Primoz Roglic els\u0151 h\u00e1romhetes \u00fcnnepl\u00e9se a 2017-es Tourr\u00f3l \u2013 az\u00f3ta m\u00e1r megszokott ez a l\u00e1tv\u00e1ny (fot\u00f3: Sirotti)<\/figcaption><\/figure>\n<p>\u00c9s eml\u00e9kezz\u00fcnk meg kicsit kor\u00e1bbr\u00f3l a franci\u00e1k megoszt\u00f3 k\u00fcl\u00f6nc fenegyerek\u00e9r\u0151l, az egyed\u00fcl\u00e1ll\u00f3 versenyz\u0151i \u00e9s sz\u00f3kimond\u00f3 st\u00edlusa miatt sokak \u00e1ltal kedvelt (sokak \u00e1ltal meg nem) Jacky \u201eDudu\u201d Durandr\u00f3l is! A sz\u00f6k\u00e9sek kir\u00e1ly\u00e1nak bev\u00e1llal\u00f3s megindul\u00e1sai csak ritk\u00e1n j\u00e1rtak sikerrel, akkor viszont nagyon nagyot sz\u00f3ltak: \u00edgy nyert h\u00e1rom szakaszt is a Touron, h\u00e1rom k\u00fcl\u00f6nb\u00f6z\u0151 \u00e9vben (1994-ben, \u201995-ben \u00e9s \u201998-ban), de az \u0151 neve legink\u00e1bb a 1992-es flandriai k\u00f6r\u00f6n el\u00e9rt d\u00f6bbenetes siker\u00e9vel forrt \u00f6ssze, amikor f\u00f6ld\u00f6nk\u00edv\u00fcli teljes\u00edtm\u00e9nnyel, egy 217 km-es(!) sz\u00f6k\u00e9s ut\u00e1n volt k\u00e9pes haza\u00e9rni.<\/p>\n<figure id=\"attachment_12388\" aria-describedby=\"caption-attachment-12388\" style=\"width: 324px\" class=\"wp-caption alignnone\"><a href=\"https:\/\/d2p6e6u75xmxt8.cloudfront.net\/12\/2021\/08\/08-27-wlc-underdogok-JOOO-5.jpg\"><img loading=\"lazy\" decoding=\"async\" class=\"size-full wp-image-12388\" src=\"https:\/\/d2p6e6u75xmxt8.cloudfront.net\/12\/2021\/08\/08-27-wlc-underdogok-JOOO-5.jpg\" alt=\"\" width=\"324\" height=\"384\" srcset=\"https:\/\/d2p6e6u75xmxt8.cloudfront.net\/12\/2021\/08\/08-27-wlc-underdogok-JOOO-5.jpg 324w, https:\/\/d2p6e6u75xmxt8.cloudfront.net\/12\/2021\/08\/08-27-wlc-underdogok-JOOO-5-253x300.jpg 253w\" sizes=\"auto, (max-width: 324px) 100vw, 324px\" \/><\/a><figcaption id=\"caption-attachment-12388\" class=\"wp-caption-text\">A bev\u00e1llal\u00f3s Jacky Durand a nyeregben nem ismert megalkuv\u00e1st (fot\u00f3: AFP\/Franck Fife)<\/figcaption><\/figure>\n<p>Ars poetic\u00e1ja az\u00f3ta is sokaknak a f\u00fcl\u00e9ben cseng: <em>\u201eNem vagyok egy nagy forradalm\u00e1rt\u00edpus, de a ker\u00e9kp\u00e1ron sosem t\u0171rtem megalkuv\u00e1st. Megd\u00f6bbent, hogy a versenyz\u0151k nagy r\u00e9sze csak megy a m\u00e1sik ut\u00e1n, ak\u00e1r a birk\u00e1k \u2013 sokukr\u00f3l a sportigazgat\u00f3juk tudja egyed\u00fcl, hogy egy\u00e1ltal\u00e1n ott vannak a mez\u0151nyben. \u00c9n k\u00e9ptelen vagyok \u00edgy v\u00e9gezni a munk\u00e1mat. Egyesek v\u00e9gigcsin\u00e1lnak egyetlen akci\u00f3 n\u00e9lk\u00fcl egy Tourt, egy teljes szezont, ak\u00e1r egy eg\u00e9sz karriert\u2026 Ink\u00e1bb \u00e9rek c\u00e9lba darabokban, utols\u00f3k\u00e9nt, \u00fagy, hogy el\u0151tte sz\u00e1zszor t\u00e1madtam, minthogy betekerjek huszon\u00f6t\u00f6dikk\u00e9nt an\u00e9lk\u00fcl, hogy egyszer is pr\u00f3b\u00e1lkoztam volna!\u201d<\/em><\/p>\n<p><em>Bor\u00edt\u00f3: procyclinguk.com<\/em><\/p>\n","protected":false},"excerpt":{"rendered":"<p>Az Intermarch\u00e9-Wanty-Gobert b\u0151ven v\u00e1rakoz\u00e1son fel\u00fcli idei Vuelta-szerepl\u00e9se nyom\u00e1n igyekezt\u00fcnk \u00f6sszegy\u0171jteni n\u00e9h\u00e1ny \u00e9rdekesebb arcot a k\u00f6zelm\u00faltb\u00f3l, akiknek sikereivel nem sokan sz\u00e1moltak [&hellip;]<\/p>\n","protected":false},"author":71,"featured_media":12384,"comment_status":"closed","ping_status":"closed","sticky":false,"template":"","format":"standard","meta":{"footnotes":""},"categories":[8],"tags":[],"global-categories":[],"class_list":["post-12383","post","type-post","status-publish","format-standard","has-post-thumbnail","hentry","category-orszaguti-kerekpar"],"yoast_head":"<!-- This site is optimized with the Yoast SEO Premium plugin v25.3 (Yoast SEO v25.9) - https:\/\/yoast.com\/wordpress\/plugins\/seo\/ -->\n<title>Eiking, Dumoulin, Roglic, Durand \u2013 meglepet\u00e9s-csodabogarak az elm\u00falt negyedsz\u00e1zadb\u00f3l<\/title>\n<meta name=\"description\" content=\"Az Intermarch\u00e9-Wanty-Gobert b\u0151ven v\u00e1rakoz\u00e1son fel\u00fcli idei Vuelta-szerepl\u00e9se nyom\u00e1n igyekezt\u00fcnk \u00f6sszegy\u0171jteni n\u00e9h\u00e1ny \u00e9rdekesebb arcot a k\u00f6zelm\u00faltb\u00f3l, akiknek sikereivel nem sokan sz\u00e1moltak akkoriban el\u0151zetesen.\" \/>\n<meta name=\"robots\" content=\"index, follow, max-snippet:-1, max-image-preview:large, max-video-preview:-1\" \/>\n<link rel=\"canonical\" href=\"https:\/\/www.welovecycling.com\/hu\/orszaguti-kerekpar\/eiking-dumoulin-roglic-durand-meglepetes-csodabogarak-az-elmult-negyedszazadbol\/\" \/>\n<meta property=\"og:locale\" content=\"hu_HU\" \/>\n<meta property=\"og:type\" content=\"article\" \/>\n<meta property=\"og:title\" content=\"Eiking, Dumoulin, Roglic, Durand \u2013 meglepet\u00e9s-csodabogarak az elm\u00falt negyedsz\u00e1zadb\u00f3l\" \/>\n<meta property=\"og:description\" content=\"Az Intermarch\u00e9-Wanty-Gobert b\u0151ven v\u00e1rakoz\u00e1son fel\u00fcli idei Vuelta-szerepl\u00e9se nyom\u00e1n igyekezt\u00fcnk \u00f6sszegy\u0171jteni n\u00e9h\u00e1ny \u00e9rdekesebb arcot a k\u00f6zelm\u00faltb\u00f3l, akiknek sikereivel nem sokan sz\u00e1moltak akkoriban el\u0151zetesen.\" \/>\n<meta property=\"og:url\" content=\"https:\/\/www.welovecycling.com\/hu\/orszaguti-kerekpar\/eiking-dumoulin-roglic-durand-meglepetes-csodabogarak-az-elmult-negyedszazadbol\/\" \/>\n<meta property=\"og:site_name\" content=\"\u0160koda We Love Cycling - Magyarorsz\u00e1g\" \/>\n<meta property=\"article:publisher\" content=\"https:\/\/www.facebook.com\/WeLoveCyclingHungary\/\" \/>\n<meta property=\"article:published_time\" content=\"2021-08-29T06:00:20+00:00\" \/>\n<meta property=\"og:image\" content=\"https:\/\/d2p6e6u75xmxt8.cloudfront.net\/12\/2021\/08\/08-27-wlc-underdogok-JOOO-1.jpg\" \/>\n\t<meta property=\"og:image:width\" content=\"1200\" \/>\n\t<meta property=\"og:image:height\" content=\"811\" \/>\n\t<meta property=\"og:image:type\" content=\"image\/jpeg\" \/>\n<meta name=\"author\" content=\"hegyizs\" \/>\n<meta name=\"twitter:card\" content=\"summary_large_image\" \/>\n<meta name=\"twitter:label1\" content=\"Written by\" \/>\n\t<meta name=\"twitter:data1\" content=\"WLC\" \/>\n\t<meta name=\"twitter:label2\" content=\"Est. reading time\" \/>\n\t<meta name=\"twitter:data2\" content=\"5 minutes\" \/>\n<script type=\"application\/ld+json\" class=\"yoast-schema-graph\">{\"@context\":\"https:\/\/schema.org\",\"@graph\":[{\"@type\":\"WebPage\",\"@id\":\"https:\/\/www.welovecycling.com\/hu\/orszaguti-kerekpar\/eiking-dumoulin-roglic-durand-meglepetes-csodabogarak-az-elmult-negyedszazadbol\/\",\"url\":\"https:\/\/www.welovecycling.com\/hu\/orszaguti-kerekpar\/eiking-dumoulin-roglic-durand-meglepetes-csodabogarak-az-elmult-negyedszazadbol\/\",\"name\":\"Eiking, Dumoulin, Roglic, Durand \u2013 meglepet\u00e9s-csodabogarak az elm\u00falt negyedsz\u00e1zadb\u00f3l\",\"isPartOf\":{\"@id\":\"https:\/\/www.welovecycling.com\/hu\/#website\"},\"primaryImageOfPage\":{\"@id\":\"https:\/\/www.welovecycling.com\/hu\/orszaguti-kerekpar\/eiking-dumoulin-roglic-durand-meglepetes-csodabogarak-az-elmult-negyedszazadbol\/#primaryimage\"},\"image\":{\"@id\":\"https:\/\/www.welovecycling.com\/hu\/orszaguti-kerekpar\/eiking-dumoulin-roglic-durand-meglepetes-csodabogarak-az-elmult-negyedszazadbol\/#primaryimage\"},\"thumbnailUrl\":\"https:\/\/d2p6e6u75xmxt8.cloudfront.net\/12\/2021\/08\/08-27-wlc-underdogok-JOOO-1.jpg\",\"datePublished\":\"2021-08-29T06:00:20+00:00\",\"author\":{\"@id\":\"https:\/\/www.welovecycling.com\/hu\/#\/schema\/person\/414a2aebf1801691a5320edb6468e194\"},\"description\":\"Az Intermarch\u00e9-Wanty-Gobert b\u0151ven v\u00e1rakoz\u00e1son fel\u00fcli idei Vuelta-szerepl\u00e9se nyom\u00e1n igyekezt\u00fcnk \u00f6sszegy\u0171jteni n\u00e9h\u00e1ny \u00e9rdekesebb arcot a k\u00f6zelm\u00faltb\u00f3l, akiknek sikereivel nem sokan sz\u00e1moltak akkoriban el\u0151zetesen.\",\"breadcrumb\":{\"@id\":\"https:\/\/www.welovecycling.com\/hu\/orszaguti-kerekpar\/eiking-dumoulin-roglic-durand-meglepetes-csodabogarak-az-elmult-negyedszazadbol\/#breadcrumb\"},\"inLanguage\":\"hu\",\"potentialAction\":[{\"@type\":\"ReadAction\",\"target\":[\"https:\/\/www.welovecycling.com\/hu\/orszaguti-kerekpar\/eiking-dumoulin-roglic-durand-meglepetes-csodabogarak-az-elmult-negyedszazadbol\/\"]}]},{\"@type\":\"ImageObject\",\"inLanguage\":\"hu\",\"@id\":\"https:\/\/www.welovecycling.com\/hu\/orszaguti-kerekpar\/eiking-dumoulin-roglic-durand-meglepetes-csodabogarak-az-elmult-negyedszazadbol\/#primaryimage\",\"url\":\"https:\/\/d2p6e6u75xmxt8.cloudfront.net\/12\/2021\/08\/08-27-wlc-underdogok-JOOO-1.jpg\",\"contentUrl\":\"https:\/\/d2p6e6u75xmxt8.cloudfront.net\/12\/2021\/08\/08-27-wlc-underdogok-JOOO-1.jpg\",\"width\":1200,\"height\":811},{\"@type\":\"BreadcrumbList\",\"@id\":\"https:\/\/www.welovecycling.com\/hu\/orszaguti-kerekpar\/eiking-dumoulin-roglic-durand-meglepetes-csodabogarak-az-elmult-negyedszazadbol\/#breadcrumb\",\"itemListElement\":[{\"@type\":\"ListItem\",\"position\":1,\"name\":\"Home\",\"item\":\"https:\/\/www.welovecycling.com\/hu\/\"},{\"@type\":\"ListItem\",\"position\":2,\"name\":\"Eiking, Dumoulin, Roglic, Durand \u2013 meglepet\u00e9s-csodabogarak az elm\u00falt negyedsz\u00e1zadb\u00f3l\"}]},{\"@type\":\"WebSite\",\"@id\":\"https:\/\/www.welovecycling.com\/hu\/#website\",\"url\":\"https:\/\/www.welovecycling.com\/hu\/\",\"name\":\"\u0160koda We Love Cycling - Magyarorsz\u00e1g\",\"description\":\"\u0160koda WeLoveCycling\",\"potentialAction\":[{\"@type\":\"SearchAction\",\"target\":{\"@type\":\"EntryPoint\",\"urlTemplate\":\"https:\/\/www.welovecycling.com\/hu\/?s={search_term_string}\"},\"query-input\":{\"@type\":\"PropertyValueSpecification\",\"valueRequired\":true,\"valueName\":\"search_term_string\"}}],\"inLanguage\":\"hu\"},{\"@type\":\"Person\",\"@id\":\"https:\/\/www.welovecycling.com\/hu\/#\/schema\/person\/414a2aebf1801691a5320edb6468e194\",\"name\":\"hegyizs\",\"image\":{\"@type\":\"ImageObject\",\"inLanguage\":\"hu\",\"@id\":\"https:\/\/www.welovecycling.com\/hu\/#\/schema\/person\/image\/\",\"url\":\"https:\/\/secure.gravatar.com\/avatar\/02cf8a7906b8cf90cecb4679defac7cfd33a1c2e3b88e4903d947f3bb58eedd3?s=96&d=mm&r=g\",\"contentUrl\":\"https:\/\/secure.gravatar.com\/avatar\/02cf8a7906b8cf90cecb4679defac7cfd33a1c2e3b88e4903d947f3bb58eedd3?s=96&d=mm&r=g\",\"caption\":\"hegyizs\"},\"url\":\"https:\/\/www.welovecycling.com\/hu\/author\/hegyizs\/\"}]}<\/script>\n<!-- \/ Yoast SEO Premium plugin. -->","yoast_head_json":{"title":"Eiking, Dumoulin, Roglic, Durand \u2013 meglepet\u00e9s-csodabogarak az elm\u00falt negyedsz\u00e1zadb\u00f3l","description":"Az Intermarch\u00e9-Wanty-Gobert b\u0151ven v\u00e1rakoz\u00e1son fel\u00fcli idei Vuelta-szerepl\u00e9se nyom\u00e1n igyekezt\u00fcnk \u00f6sszegy\u0171jteni n\u00e9h\u00e1ny \u00e9rdekesebb arcot a k\u00f6zelm\u00faltb\u00f3l, akiknek sikereivel nem sokan sz\u00e1moltak akkoriban el\u0151zetesen.","robots":{"index":"index","follow":"follow","max-snippet":"max-snippet:-1","max-image-preview":"max-image-preview:large","max-video-preview":"max-video-preview:-1"},"canonical":"https:\/\/www.welovecycling.com\/hu\/orszaguti-kerekpar\/eiking-dumoulin-roglic-durand-meglepetes-csodabogarak-az-elmult-negyedszazadbol\/","og_locale":"hu_HU","og_type":"article","og_title":"Eiking, Dumoulin, Roglic, Durand \u2013 meglepet\u00e9s-csodabogarak az elm\u00falt negyedsz\u00e1zadb\u00f3l","og_description":"Az Intermarch\u00e9-Wanty-Gobert b\u0151ven v\u00e1rakoz\u00e1son fel\u00fcli idei Vuelta-szerepl\u00e9se nyom\u00e1n igyekezt\u00fcnk \u00f6sszegy\u0171jteni n\u00e9h\u00e1ny \u00e9rdekesebb arcot a k\u00f6zelm\u00faltb\u00f3l, akiknek sikereivel nem sokan sz\u00e1moltak akkoriban el\u0151zetesen.","og_url":"https:\/\/www.welovecycling.com\/hu\/orszaguti-kerekpar\/eiking-dumoulin-roglic-durand-meglepetes-csodabogarak-az-elmult-negyedszazadbol\/","og_site_name":"\u0160koda We Love Cycling - Magyarorsz\u00e1g","article_publisher":"https:\/\/www.facebook.com\/WeLoveCyclingHungary\/","article_published_time":"2021-08-29T06:00:20+00:00","og_image":[{"width":1200,"height":811,"url":"https:\/\/d2p6e6u75xmxt8.cloudfront.net\/12\/2021\/08\/08-27-wlc-underdogok-JOOO-1.jpg","type":"image\/jpeg"}],"author":"hegyizs","twitter_card":"summary_large_image","twitter_misc":{"Written by":"WLC","Est. reading time":"5 minutes"},"schema":{"@context":"https:\/\/schema.org","@graph":[{"@type":"WebPage","@id":"https:\/\/www.welovecycling.com\/hu\/orszaguti-kerekpar\/eiking-dumoulin-roglic-durand-meglepetes-csodabogarak-az-elmult-negyedszazadbol\/","url":"https:\/\/www.welovecycling.com\/hu\/orszaguti-kerekpar\/eiking-dumoulin-roglic-durand-meglepetes-csodabogarak-az-elmult-negyedszazadbol\/","name":"Eiking, Dumoulin, Roglic, Durand \u2013 meglepet\u00e9s-csodabogarak az elm\u00falt negyedsz\u00e1zadb\u00f3l","isPartOf":{"@id":"https:\/\/www.welovecycling.com\/hu\/#website"},"primaryImageOfPage":{"@id":"https:\/\/www.welovecycling.com\/hu\/orszaguti-kerekpar\/eiking-dumoulin-roglic-durand-meglepetes-csodabogarak-az-elmult-negyedszazadbol\/#primaryimage"},"image":{"@id":"https:\/\/www.welovecycling.com\/hu\/orszaguti-kerekpar\/eiking-dumoulin-roglic-durand-meglepetes-csodabogarak-az-elmult-negyedszazadbol\/#primaryimage"},"thumbnailUrl":"https:\/\/d2p6e6u75xmxt8.cloudfront.net\/12\/2021\/08\/08-27-wlc-underdogok-JOOO-1.jpg","datePublished":"2021-08-29T06:00:20+00:00","author":{"@id":"https:\/\/www.welovecycling.com\/hu\/#\/schema\/person\/414a2aebf1801691a5320edb6468e194"},"description":"Az Intermarch\u00e9-Wanty-Gobert b\u0151ven v\u00e1rakoz\u00e1son fel\u00fcli idei Vuelta-szerepl\u00e9se nyom\u00e1n igyekezt\u00fcnk \u00f6sszegy\u0171jteni n\u00e9h\u00e1ny \u00e9rdekesebb arcot a k\u00f6zelm\u00faltb\u00f3l, akiknek sikereivel nem sokan sz\u00e1moltak akkoriban el\u0151zetesen.","breadcrumb":{"@id":"https:\/\/www.welovecycling.com\/hu\/orszaguti-kerekpar\/eiking-dumoulin-roglic-durand-meglepetes-csodabogarak-az-elmult-negyedszazadbol\/#breadcrumb"},"inLanguage":"hu","potentialAction":[{"@type":"ReadAction","target":["https:\/\/www.welovecycling.com\/hu\/orszaguti-kerekpar\/eiking-dumoulin-roglic-durand-meglepetes-csodabogarak-az-elmult-negyedszazadbol\/"]}]},{"@type":"ImageObject","inLanguage":"hu","@id":"https:\/\/www.welovecycling.com\/hu\/orszaguti-kerekpar\/eiking-dumoulin-roglic-durand-meglepetes-csodabogarak-az-elmult-negyedszazadbol\/#primaryimage","url":"https:\/\/d2p6e6u75xmxt8.cloudfront.net\/12\/2021\/08\/08-27-wlc-underdogok-JOOO-1.jpg","contentUrl":"https:\/\/d2p6e6u75xmxt8.cloudfront.net\/12\/2021\/08\/08-27-wlc-underdogok-JOOO-1.jpg","width":1200,"height":811},{"@type":"BreadcrumbList","@id":"https:\/\/www.welovecycling.com\/hu\/orszaguti-kerekpar\/eiking-dumoulin-roglic-durand-meglepetes-csodabogarak-az-elmult-negyedszazadbol\/#breadcrumb","itemListElement":[{"@type":"ListItem","position":1,"name":"Home","item":"https:\/\/www.welovecycling.com\/hu\/"},{"@type":"ListItem","position":2,"name":"Eiking, Dumoulin, Roglic, Durand \u2013 meglepet\u00e9s-csodabogarak az elm\u00falt negyedsz\u00e1zadb\u00f3l"}]},{"@type":"WebSite","@id":"https:\/\/www.welovecycling.com\/hu\/#website","url":"https:\/\/www.welovecycling.com\/hu\/","name":"\u0160koda We Love Cycling - Magyarorsz\u00e1g","description":"\u0160koda WeLoveCycling","potentialAction":[{"@type":"SearchAction","target":{"@type":"EntryPoint","urlTemplate":"https:\/\/www.welovecycling.com\/hu\/?s={search_term_string}"},"query-input":{"@type":"PropertyValueSpecification","valueRequired":true,"valueName":"search_term_string"}}],"inLanguage":"hu"},{"@type":"Person","@id":"https:\/\/www.welovecycling.com\/hu\/#\/schema\/person\/414a2aebf1801691a5320edb6468e194","name":"hegyizs","image":{"@type":"ImageObject","inLanguage":"hu","@id":"https:\/\/www.welovecycling.com\/hu\/#\/schema\/person\/image\/","url":"https:\/\/secure.gravatar.com\/avatar\/02cf8a7906b8cf90cecb4679defac7cfd33a1c2e3b88e4903d947f3bb58eedd3?s=96&d=mm&r=g","contentUrl":"https:\/\/secure.gravatar.com\/avatar\/02cf8a7906b8cf90cecb4679defac7cfd33a1c2e3b88e4903d947f3bb58eedd3?s=96&d=mm&r=g","caption":"hegyizs"},"url":"https:\/\/www.welovecycling.com\/hu\/author\/hegyizs\/"}]}},"_links":{"self":[{"href":"https:\/\/www.welovecycling.com\/hu\/wp-json\/wp\/v2\/posts\/12383","targetHints":{"allow":["GET"]}}],"collection":[{"href":"https:\/\/www.welovecycling.com\/hu\/wp-json\/wp\/v2\/posts"}],"about":[{"href":"https:\/\/www.welovecycling.com\/hu\/wp-json\/wp\/v2\/types\/post"}],"author":[{"embeddable":true,"href":"https:\/\/www.welovecycling.com\/hu\/wp-json\/wp\/v2\/users\/71"}],"replies":[{"embeddable":true,"href":"https:\/\/www.welovecycling.com\/hu\/wp-json\/wp\/v2\/comments?post=12383"}],"version-history":[{"count":1,"href":"https:\/\/www.welovecycling.com\/hu\/wp-json\/wp\/v2\/posts\/12383\/revisions"}],"predecessor-version":[{"id":12389,"href":"https:\/\/www.welovecycling.com\/hu\/wp-json\/wp\/v2\/posts\/12383\/revisions\/12389"}],"wp:featuredmedia":[{"embeddable":true,"href":"https:\/\/www.welovecycling.com\/hu\/wp-json\/wp\/v2\/media\/12384"}],"wp:attachment":[{"href":"https:\/\/www.welovecycling.com\/hu\/wp-json\/wp\/v2\/media?parent=12383"}],"wp:term":[{"taxonomy":"category","embeddable":true,"href":"https:\/\/www.welovecycling.com\/hu\/wp-json\/wp\/v2\/categories?post=12383"},{"taxonomy":"post_tag","embeddable":true,"href":"https:\/\/www.welovecycling.com\/hu\/wp-json\/wp\/v2\/tags?post=12383"},{"taxonomy":"global-categories","embeddable":true,"href":"https:\/\/www.welovecycling.com\/hu\/wp-json\/wp\/v2\/global-categories?post=12383"}],"curies":[{"name":"wp","href":"https:\/\/api.w.org\/{rel}","templated":true}]}}