{"id":12377,"date":"2021-09-10T08:00:01","date_gmt":"2021-09-10T06:00:01","guid":{"rendered":"https:\/\/www.welovecycling.com\/hu\/?p=12377"},"modified":"2021-09-09T14:09:40","modified_gmt":"2021-09-09T12:09:40","slug":"ficsor-kornel-bmx-freestyle-orszagos-bajnok","status":"publish","type":"post","link":"https:\/\/www.welovecycling.com\/hu\/adrenalin\/ficsor-kornel-bmx-freestyle-orszagos-bajnok\/","title":{"rendered":"Fics\u00f3r Korn\u00e9l, BMX freestyle orsz\u00e1gos bajnok: \u201eMindig egy kicsit magasabbra emelem magamnak a m\u00e9rc\u00e9t\u201d"},"content":{"rendered":"<p><strong>Fics\u00f3r Korn\u00e9l neve a BMX szerelmesei sz\u00e1m\u00e1ra biztosan nem ismeretlen, hiszen 15 \u00e9ves p\u00e1lyafut\u00e1sa alatt sz\u00e1mos versenyr\u0151l t\u00e9rt haza \u00e9remmel a zseb\u00e9ben. Ezek k\u00f6z\u00fcl a 2018-as Street profi Magyar bajnoki, a 2018-as Park profi Magyar bajnoki ll., \u00e9s a legfrissebb, 2021-es Park profi Magyar bajnoki eredm\u00e9nyeire a legb\u00fcszk\u00e9bb. Id\u00e9n j\u00faliusban, Debrecenben ker\u00fclt megrendez\u00e9sre az orsz\u00e1gos BMX Freestyle OB, ahol bajnokk\u00e9nt \u00e1llhatott fel a dobog\u00f3ra. Elmes\u00e9lte, hogyan k\u00e9sz\u00fclt a versenyre, milyen \u00e9rz\u00e9s volt \u00e1tvenni az aranyat, \u00e9s hogyan l\u00e1tja a BMX j\u00f6v\u0151j\u00e9t Magyarorsz\u00e1gon.<\/strong><!--more--><\/p>\n<p>Sokan sokf\u00e9l\u00e9k vagyunk, \u00e9s b\u00e1r \u00f6sszek\u00f6t minket a bring\u00e1z\u00e1s szeretete, van valami a BMX-esekkel, ami el\u0151tt az orsz\u00e1g\u00fatisok, montisok, downhillesek, v\u00e1rosi biciklisek \u00e9rtetlen\u00fcl \u2013 de \u00e1mulattal az arcukon \u2013 \u00e1llnak. Vakmer\u0151s\u00e9g? Az \u00e9gben forg\u00f3 kerekek? A fejjel lefel\u00e9 rep\u00fcl\u00e9s \u00e9lvezete? Tal\u00e1n sosem der\u00fcl ki. Mindenesetre igyekezt\u00fcnk k\u00f6zelebb hozni a BMX-es vil\u00e1got a regn\u00e1l\u00f3 Orsz\u00e1gos Bajnok besz\u00e1mol\u00f3ja seg\u00edts\u00e9g\u00e9vel, azokhoz, akiknek t\u00e1tva marad a sz\u00e1juk, mondjuk a cikk bor\u00edt\u00f3k\u00e9pe l\u00e1tt\u00e1n.<\/p>\n<h3><strong>Mi\u00f3ta biciklizel? Mi\u00e9rt esett a v\u00e1laszt\u00e1sod a BMX-re?<\/strong><\/h3>\n<p>T\u00f6bb mint 15 \u00e9ve BMX-ezek, 5 \u00e9ves koromban kezdtem el a sportot. B\u00e1ty\u00e1m BMX-ezett el\u0151bb, \u00e9n pedig ut\u00e1nozni kezdtem a kis h\u00e1rom kerek\u0171 motorommal a tr\u00fckkjeit. \u00cdgy kezd\u0151d\u00f6tt minden. 5 \u00e9ves koromban kaptam egy 16\u201d colos gyerekbiciklit, ami nem BMX volt ugyan, de ez nem volt akad\u00e1ly az ugrat\u00e1sban. Gyorsan le is strap\u00e1ltam, \u00e9s r\u00e1j\u00f6tt\u00fcnk, hogy kell egy er\u0151sebb bringa. Akkoriban m\u00e9g nem igaz\u00e1n voltak Eur\u00f3p\u00e1ban gyerek m\u00e9ret\u0171 BMX-ek, amit pedig be lehetett volna szerezni, az is t\u00fal dr\u00e1ga volt, ez\u00e9rt saj\u00e1t magunk \u00e9p\u00edtett\u00fck meg az els\u0151 BMX-em, egy ismer\u0151s padl\u00e1s\u00e1n tal\u00e1lt k\u00f6zel 30 \u00e9ves v\u00e1zra!<\/p>\n<h3><strong>Hogyan k\u00e9sz\u00fclt\u00e9l fel az Orsz\u00e1gos Bajnoks\u00e1gra?<\/strong><\/h3>\n<p>A ny\u00e1ri versenyszezont a t\u00e9li edz\u00e9sek el\u0151zt\u00e9k meg, ami nagyon sok utaz\u00e1ssal j\u00e1rt. N\u00e1lunk a k\u00f6zelben sajnos nincs megfelel\u0151 p\u00e1lya, amin fel lehet k\u00e9sz\u00fclni egy Orsz\u00e1gos Bajnoks\u00e1gra vagy egy nemzetk\u00f6zi versenyre. Gyakran utazok egy-egy edz\u00e9s\u00e9rt 2-3 \u00f3r\u00e1t. Miskolcra, Paksra, Cegl\u00e9dre vagy Esz\u00e9kre, Horv\u00e1torsz\u00e1gba j\u00e1rok edzeni.<\/p>\n<p><a href=\"https:\/\/d2p6e6u75xmxt8.cloudfront.net\/12\/2021\/08\/ficsor_interju-2.jpg\"><img loading=\"lazy\" decoding=\"async\" class=\"alignnone size-large wp-image-12379\" src=\"https:\/\/d2p6e6u75xmxt8.cloudfront.net\/12\/2021\/08\/ficsor_interju-2-819x1024.jpg\" alt=\"\" width=\"819\" height=\"1024\" srcset=\"https:\/\/d2p6e6u75xmxt8.cloudfront.net\/12\/2021\/08\/ficsor_interju-2-819x1024.jpg 819w, https:\/\/d2p6e6u75xmxt8.cloudfront.net\/12\/2021\/08\/ficsor_interju-2-240x300.jpg 240w, https:\/\/d2p6e6u75xmxt8.cloudfront.net\/12\/2021\/08\/ficsor_interju-2-768x960.jpg 768w, https:\/\/d2p6e6u75xmxt8.cloudfront.net\/12\/2021\/08\/ficsor_interju-2.jpg 1200w\" sizes=\"auto, (max-width: 819px) 100vw, 819px\" \/><\/a><\/p>\n<p>A felk\u00e9sz\u00fcl\u00e9s nem csak BMX-ez\u00e9sb\u0151l \u00e1ll. Fontos figyelmet ford\u00edtani a fizika er\u0151nl\u00e9tre \u00e9s a ment\u00e1lis eg\u00e9szs\u00e9gre is. A BMX egy nagyon \u00f6sszetett sport, nem el\u00e9g, ha valaki j\u00f3 tr\u00fckk\u00f6ket tud. Egy versenyen egy perced van, hogy a l\u00e9tez\u0151 legjobb form\u00e1dat hozd, \u00e9s ez csak akkor \u00e9rhet\u0151 el, ha fizikailag \u00e9s ment\u00e1lisan is toppon vagy.<\/p>\n<h3><strong>Hogyan zajlott le a verseny? Mik voltak a legjobb \u00e9s a legnehezebb pillanatok?<\/strong><\/h3>\n<p>A verseny g\u00f6rd\u00fcl\u00e9kenyen zajlott, nem stresszeltem. \u00c1ltal\u00e1ban a versenyeken m\u00e1r egy\u00e1ltal\u00e1n nem izgulok: a hozott tud\u00e1somb\u00f3l dolgozok, megl\u00e1tjuk, mire lesz el\u00e9g. Els\u0151sorban magammal versenyzek, nem a t\u00f6bbiekkel, mindig egy kicsit magasabbra emelem magamnak a m\u00e9rc\u00e9t, amit teljes\u00edteni szeretn\u00e9k.<\/p>\n<p>A legjobb pillanat az volt, amikor lement az utols\u00f3 k\u00f6r\u00f6m a d\u00f6nt\u0151ben \u00e9s r\u00e1j\u00f6ttem, hogy siker\u00fclt teljes\u00edtenem a magamnak kit\u0171z\u00f6tt c\u00e9lt. A legnehezebb pedig az, amikor a verseny el\u0151tti h\u00e9ten elmentem gyakorolni a p\u00e1ly\u00e1ra \u00e9s nem ment j\u00f3l a bring\u00e1z\u00e1s. Rengeteget dolgozom mostan\u00e1ban a saj\u00e1t p\u00e1ly\u00e1m fel\u00e9p\u00edt\u00e9s\u00e9n, hogy tudjak gyakorolni itthon \u00e9s ne kelljen \u00f3r\u00e1kat utaznom. (<em>Err\u0151l hamarosan r\u00e9szletesebb besz\u00e1mol\u00f3t \u00edrunk egy k\u00f6vetkez\u0151 cikkben! \u2013 a szerk.) <\/em>Sz\u00f3val a sok tennival\u00f3 \u00e9s az anyagiak el\u0151teremt\u00e9se most el\u00e9gg\u00e9 lek\u00f6t\u00f6tte a figyelmemet \u00e9s nem maradt t\u00fal sok id\u0151m ny\u00e1ron gyakorolni. \u00dagy \u00e9reztem, felk\u00e9sz\u00fcletlen vagyok most az Ob-ra. \u00c1t\u00e9rt\u00e9keltem a dolgokat, \u00e9s v\u00e9g\u00fcl \u00fagy \u00e1lltam rajthoz, hogy a t\u00e9len megszerzett rutinb\u00f3l fogok bring\u00e1zni.<\/p>\n<h3><strong>Milyen \u00e9rz\u00e9s volt, amikor megtudtad, hogy te vagy a bajnok? Sz\u00e1m\u00edtott\u00e1l r\u00e1?<\/strong><\/h3>\n<p>Szerencs\u00e9re bej\u00f6ttek a k\u00f6reim, amiket terveztem. Siker\u00fclt \u00f6sszpontos\u00edtanom, mik\u00f6zben \u00e9lveztem az eg\u00e9szet, amikor lej\u00f6ttem a p\u00e1ly\u00e1r\u00f3l, nem is igaz\u00e1n a dobog\u00f3val foglalkoztam. Elfogott egy j\u00f3 \u00e9rz\u00e9s, hogy igen, megcsin\u00e1ltam. Azt\u00e1n, amikor elj\u00f6tt az eredm\u00e9nyhirdet\u00e9s ideje, \u00e9s bemondt\u00e1k a nevemet, akkor realiz\u00e1l\u00f3dott bennem, hogy ezt most t\u00e9nyleg odatettem. Nagyon \u00f6r\u00fcltem \u00e9s szinte el sem hittem. Nagyon er\u0151s volt a mez\u0151ny \u00e9s szerintem az els\u0151 3 helyezett ki\u00e9lezett volt. Neh\u00e9z dolga lehetett a zs\u0171rinek.<\/p>\n<p><a href=\"https:\/\/d2p6e6u75xmxt8.cloudfront.net\/12\/2021\/08\/ficsor_interju-3.jpg\"><img loading=\"lazy\" decoding=\"async\" class=\"alignnone size-large wp-image-12380\" src=\"https:\/\/d2p6e6u75xmxt8.cloudfront.net\/12\/2021\/08\/ficsor_interju-3-1024x683.jpg\" alt=\"\" width=\"1024\" height=\"683\" srcset=\"https:\/\/d2p6e6u75xmxt8.cloudfront.net\/12\/2021\/08\/ficsor_interju-3-1024x683.jpg 1024w, https:\/\/d2p6e6u75xmxt8.cloudfront.net\/12\/2021\/08\/ficsor_interju-3-300x200.jpg 300w, https:\/\/d2p6e6u75xmxt8.cloudfront.net\/12\/2021\/08\/ficsor_interju-3-768x512.jpg 768w, https:\/\/d2p6e6u75xmxt8.cloudfront.net\/12\/2021\/08\/ficsor_interju-3-272x182.jpg 272w, https:\/\/d2p6e6u75xmxt8.cloudfront.net\/12\/2021\/08\/ficsor_interju-3.jpg 1200w\" sizes=\"auto, (max-width: 1024px) 100vw, 1024px\" \/><\/a><\/p>\n<h3><strong>Mit gondolsz a hazai BMX-k\u00f6z\u00f6ss\u00e9gr\u0151l \u00e9s a sport j\u00f6v\u0151j\u00e9r\u0151l?<\/strong><\/h3>\n<p>Magyarorsz\u00e1gon a BMX most kezdi \u00e9lni majd az aranykor\u00e1t. Most, hogy deb\u00fct\u00e1lt a Toki\u00f3i Olimpi\u00e1n, berobbant a k\u00f6ztudatba is \u00e9s rem\u00e9lhet\u0151leg a Magyar Ker\u00e9kp\u00e1ros Sz\u00f6vets\u00e9g is nagyobb figyelmet ford\u00edt majd a v\u00e1logatott keretre. Itthon t\u00f6bb es\u00e9lyes rider van, aki kijuthatna majd a 2024-es P\u00e1rizsi Olimpi\u00e1ra. Ehhez elengedhetetlen az \u00f6sszetart\u00e1s, az \u00f6nfegyelem, a sok-sok edz\u00e9s \u00e9s persze a versenyeken a j\u00f3 eredm\u00e9nyek. \u00c9rdemes megeml\u00edteni az ut\u00e1np\u00f3tl\u00e1st is: egyre t\u00f6bb lelkes fiatal v\u00e1g bele a sportba \u00e9s vannak k\u00f6zt\u00fck nemzetk\u00f6zi sz\u00ednvonalon is igaz\u00e1n kiemelked\u0151ek. Nagy j\u00f6v\u0151 el\u00e9 n\u00e9z a BMX, mind magyar, mind k\u00fclf\u00f6ldi viszonylatban!<\/p>\n<p>&nbsp;<\/p>\n","protected":false},"excerpt":{"rendered":"<p>Fics\u00f3r Korn\u00e9l neve a BMX szerelmesei sz\u00e1m\u00e1ra biztosan nem ismeretlen, hiszen 15 \u00e9ves p\u00e1lyafut\u00e1sa alatt sz\u00e1mos versenyr\u0151l t\u00e9rt haza \u00e9remmel [&hellip;]<\/p>\n","protected":false},"author":71,"featured_media":12378,"comment_status":"open","ping_status":"open","sticky":false,"template":"","format":"standard","meta":{"footnotes":""},"categories":[5],"tags":[],"global-categories":[],"class_list":["post-12377","post","type-post","status-publish","format-standard","has-post-thumbnail","hentry","category-adrenalin"],"yoast_head":"<!-- This site is optimized with the Yoast SEO Premium plugin v25.3 (Yoast SEO v25.9) - https:\/\/yoast.com\/wordpress\/plugins\/seo\/ -->\n<title>Fics\u00f3r Korn\u00e9l, BMX freestyle orsz\u00e1gos bajnok: \u201eMindig egy kicsit magasabbra emelem magamnak a m\u00e9rc\u00e9t\u201d<\/title>\n<meta name=\"description\" content=\"Fics\u00f3r Korn\u00e9l neve a BMX szerelmesei sz\u00e1m\u00e1ra biztosan nem ismeretlen, hiszen 15 \u00e9ves p\u00e1lyafut\u00e1sa alatt sz\u00e1mos versenyr\u0151l t\u00e9rt haza \u00e9remmel a zseb\u00e9ben.\" \/>\n<meta name=\"robots\" content=\"index, follow, max-snippet:-1, max-image-preview:large, max-video-preview:-1\" \/>\n<link rel=\"canonical\" href=\"https:\/\/www.welovecycling.com\/hu\/adrenalin\/ficsor-kornel-bmx-freestyle-orszagos-bajnok\/\" \/>\n<meta property=\"og:locale\" content=\"hu_HU\" \/>\n<meta property=\"og:type\" content=\"article\" \/>\n<meta property=\"og:title\" content=\"Fics\u00f3r Korn\u00e9l, BMX freestyle orsz\u00e1gos bajnok: \u201eMindig egy kicsit magasabbra emelem magamnak a m\u00e9rc\u00e9t\u201d\" \/>\n<meta property=\"og:description\" content=\"Fics\u00f3r Korn\u00e9l neve a BMX szerelmesei sz\u00e1m\u00e1ra biztosan nem ismeretlen, hiszen 15 \u00e9ves p\u00e1lyafut\u00e1sa alatt sz\u00e1mos versenyr\u0151l t\u00e9rt haza \u00e9remmel a zseb\u00e9ben.\" \/>\n<meta property=\"og:url\" content=\"https:\/\/www.welovecycling.com\/hu\/adrenalin\/ficsor-kornel-bmx-freestyle-orszagos-bajnok\/\" \/>\n<meta property=\"og:site_name\" content=\"\u0160koda We Love Cycling - Magyarorsz\u00e1g\" \/>\n<meta property=\"article:publisher\" content=\"https:\/\/www.facebook.com\/WeLoveCyclingHungary\/\" \/>\n<meta property=\"article:published_time\" content=\"2021-09-10T06:00:01+00:00\" \/>\n<meta property=\"og:image\" content=\"https:\/\/d2p6e6u75xmxt8.cloudfront.net\/12\/2021\/08\/ficsor_k1.jpg\" \/>\n\t<meta property=\"og:image:width\" content=\"1386\" \/>\n\t<meta property=\"og:image:height\" content=\"924\" \/>\n\t<meta property=\"og:image:type\" content=\"image\/jpeg\" \/>\n<meta name=\"author\" content=\"hegyizs\" \/>\n<meta name=\"twitter:card\" content=\"summary_large_image\" \/>\n<meta name=\"twitter:label1\" content=\"Written by\" \/>\n\t<meta name=\"twitter:data1\" content=\"WLC\" \/>\n\t<meta name=\"twitter:label2\" content=\"Est. reading time\" \/>\n\t<meta name=\"twitter:data2\" content=\"5 minutes\" \/>\n<script type=\"application\/ld+json\" class=\"yoast-schema-graph\">{\"@context\":\"https:\/\/schema.org\",\"@graph\":[{\"@type\":\"WebPage\",\"@id\":\"https:\/\/www.welovecycling.com\/hu\/adrenalin\/ficsor-kornel-bmx-freestyle-orszagos-bajnok\/\",\"url\":\"https:\/\/www.welovecycling.com\/hu\/adrenalin\/ficsor-kornel-bmx-freestyle-orszagos-bajnok\/\",\"name\":\"Fics\u00f3r Korn\u00e9l, BMX freestyle orsz\u00e1gos bajnok: \u201eMindig egy kicsit magasabbra emelem magamnak a m\u00e9rc\u00e9t\u201d\",\"isPartOf\":{\"@id\":\"https:\/\/www.welovecycling.com\/hu\/#website\"},\"primaryImageOfPage\":{\"@id\":\"https:\/\/www.welovecycling.com\/hu\/adrenalin\/ficsor-kornel-bmx-freestyle-orszagos-bajnok\/#primaryimage\"},\"image\":{\"@id\":\"https:\/\/www.welovecycling.com\/hu\/adrenalin\/ficsor-kornel-bmx-freestyle-orszagos-bajnok\/#primaryimage\"},\"thumbnailUrl\":\"https:\/\/d2p6e6u75xmxt8.cloudfront.net\/12\/2021\/08\/ficsor_k1.jpg\",\"datePublished\":\"2021-09-10T06:00:01+00:00\",\"author\":{\"@id\":\"https:\/\/www.welovecycling.com\/hu\/#\/schema\/person\/414a2aebf1801691a5320edb6468e194\"},\"description\":\"Fics\u00f3r Korn\u00e9l neve a BMX szerelmesei sz\u00e1m\u00e1ra biztosan nem ismeretlen, hiszen 15 \u00e9ves p\u00e1lyafut\u00e1sa alatt sz\u00e1mos versenyr\u0151l t\u00e9rt haza \u00e9remmel a zseb\u00e9ben.\",\"breadcrumb\":{\"@id\":\"https:\/\/www.welovecycling.com\/hu\/adrenalin\/ficsor-kornel-bmx-freestyle-orszagos-bajnok\/#breadcrumb\"},\"inLanguage\":\"hu\",\"potentialAction\":[{\"@type\":\"ReadAction\",\"target\":[\"https:\/\/www.welovecycling.com\/hu\/adrenalin\/ficsor-kornel-bmx-freestyle-orszagos-bajnok\/\"]}]},{\"@type\":\"ImageObject\",\"inLanguage\":\"hu\",\"@id\":\"https:\/\/www.welovecycling.com\/hu\/adrenalin\/ficsor-kornel-bmx-freestyle-orszagos-bajnok\/#primaryimage\",\"url\":\"https:\/\/d2p6e6u75xmxt8.cloudfront.net\/12\/2021\/08\/ficsor_k1.jpg\",\"contentUrl\":\"https:\/\/d2p6e6u75xmxt8.cloudfront.net\/12\/2021\/08\/ficsor_k1.jpg\",\"width\":1386,\"height\":924},{\"@type\":\"BreadcrumbList\",\"@id\":\"https:\/\/www.welovecycling.com\/hu\/adrenalin\/ficsor-kornel-bmx-freestyle-orszagos-bajnok\/#breadcrumb\",\"itemListElement\":[{\"@type\":\"ListItem\",\"position\":1,\"name\":\"Home\",\"item\":\"https:\/\/www.welovecycling.com\/hu\/\"},{\"@type\":\"ListItem\",\"position\":2,\"name\":\"Fics\u00f3r Korn\u00e9l, BMX freestyle orsz\u00e1gos bajnok: \u201eMindig egy kicsit magasabbra emelem magamnak a m\u00e9rc\u00e9t\u201d\"}]},{\"@type\":\"WebSite\",\"@id\":\"https:\/\/www.welovecycling.com\/hu\/#website\",\"url\":\"https:\/\/www.welovecycling.com\/hu\/\",\"name\":\"\u0160koda We Love Cycling - Magyarorsz\u00e1g\",\"description\":\"\u0160koda WeLoveCycling\",\"potentialAction\":[{\"@type\":\"SearchAction\",\"target\":{\"@type\":\"EntryPoint\",\"urlTemplate\":\"https:\/\/www.welovecycling.com\/hu\/?s={search_term_string}\"},\"query-input\":{\"@type\":\"PropertyValueSpecification\",\"valueRequired\":true,\"valueName\":\"search_term_string\"}}],\"inLanguage\":\"hu\"},{\"@type\":\"Person\",\"@id\":\"https:\/\/www.welovecycling.com\/hu\/#\/schema\/person\/414a2aebf1801691a5320edb6468e194\",\"name\":\"hegyizs\",\"image\":{\"@type\":\"ImageObject\",\"inLanguage\":\"hu\",\"@id\":\"https:\/\/www.welovecycling.com\/hu\/#\/schema\/person\/image\/\",\"url\":\"https:\/\/secure.gravatar.com\/avatar\/02cf8a7906b8cf90cecb4679defac7cfd33a1c2e3b88e4903d947f3bb58eedd3?s=96&d=mm&r=g\",\"contentUrl\":\"https:\/\/secure.gravatar.com\/avatar\/02cf8a7906b8cf90cecb4679defac7cfd33a1c2e3b88e4903d947f3bb58eedd3?s=96&d=mm&r=g\",\"caption\":\"hegyizs\"},\"url\":\"https:\/\/www.welovecycling.com\/hu\/author\/hegyizs\/\"}]}<\/script>\n<!-- \/ Yoast SEO Premium plugin. -->","yoast_head_json":{"title":"Fics\u00f3r Korn\u00e9l, BMX freestyle orsz\u00e1gos bajnok: \u201eMindig egy kicsit magasabbra emelem magamnak a m\u00e9rc\u00e9t\u201d","description":"Fics\u00f3r Korn\u00e9l neve a BMX szerelmesei sz\u00e1m\u00e1ra biztosan nem ismeretlen, hiszen 15 \u00e9ves p\u00e1lyafut\u00e1sa alatt sz\u00e1mos versenyr\u0151l t\u00e9rt haza \u00e9remmel a zseb\u00e9ben.","robots":{"index":"index","follow":"follow","max-snippet":"max-snippet:-1","max-image-preview":"max-image-preview:large","max-video-preview":"max-video-preview:-1"},"canonical":"https:\/\/www.welovecycling.com\/hu\/adrenalin\/ficsor-kornel-bmx-freestyle-orszagos-bajnok\/","og_locale":"hu_HU","og_type":"article","og_title":"Fics\u00f3r Korn\u00e9l, BMX freestyle orsz\u00e1gos bajnok: \u201eMindig egy kicsit magasabbra emelem magamnak a m\u00e9rc\u00e9t\u201d","og_description":"Fics\u00f3r Korn\u00e9l neve a BMX szerelmesei sz\u00e1m\u00e1ra biztosan nem ismeretlen, hiszen 15 \u00e9ves p\u00e1lyafut\u00e1sa alatt sz\u00e1mos versenyr\u0151l t\u00e9rt haza \u00e9remmel a zseb\u00e9ben.","og_url":"https:\/\/www.welovecycling.com\/hu\/adrenalin\/ficsor-kornel-bmx-freestyle-orszagos-bajnok\/","og_site_name":"\u0160koda We Love Cycling - Magyarorsz\u00e1g","article_publisher":"https:\/\/www.facebook.com\/WeLoveCyclingHungary\/","article_published_time":"2021-09-10T06:00:01+00:00","og_image":[{"width":1386,"height":924,"url":"https:\/\/d2p6e6u75xmxt8.cloudfront.net\/12\/2021\/08\/ficsor_k1.jpg","type":"image\/jpeg"}],"author":"hegyizs","twitter_card":"summary_large_image","twitter_misc":{"Written by":"WLC","Est. reading time":"5 minutes"},"schema":{"@context":"https:\/\/schema.org","@graph":[{"@type":"WebPage","@id":"https:\/\/www.welovecycling.com\/hu\/adrenalin\/ficsor-kornel-bmx-freestyle-orszagos-bajnok\/","url":"https:\/\/www.welovecycling.com\/hu\/adrenalin\/ficsor-kornel-bmx-freestyle-orszagos-bajnok\/","name":"Fics\u00f3r Korn\u00e9l, BMX freestyle orsz\u00e1gos bajnok: \u201eMindig egy kicsit magasabbra emelem magamnak a m\u00e9rc\u00e9t\u201d","isPartOf":{"@id":"https:\/\/www.welovecycling.com\/hu\/#website"},"primaryImageOfPage":{"@id":"https:\/\/www.welovecycling.com\/hu\/adrenalin\/ficsor-kornel-bmx-freestyle-orszagos-bajnok\/#primaryimage"},"image":{"@id":"https:\/\/www.welovecycling.com\/hu\/adrenalin\/ficsor-kornel-bmx-freestyle-orszagos-bajnok\/#primaryimage"},"thumbnailUrl":"https:\/\/d2p6e6u75xmxt8.cloudfront.net\/12\/2021\/08\/ficsor_k1.jpg","datePublished":"2021-09-10T06:00:01+00:00","author":{"@id":"https:\/\/www.welovecycling.com\/hu\/#\/schema\/person\/414a2aebf1801691a5320edb6468e194"},"description":"Fics\u00f3r Korn\u00e9l neve a BMX szerelmesei sz\u00e1m\u00e1ra biztosan nem ismeretlen, hiszen 15 \u00e9ves p\u00e1lyafut\u00e1sa alatt sz\u00e1mos versenyr\u0151l t\u00e9rt haza \u00e9remmel a zseb\u00e9ben.","breadcrumb":{"@id":"https:\/\/www.welovecycling.com\/hu\/adrenalin\/ficsor-kornel-bmx-freestyle-orszagos-bajnok\/#breadcrumb"},"inLanguage":"hu","potentialAction":[{"@type":"ReadAction","target":["https:\/\/www.welovecycling.com\/hu\/adrenalin\/ficsor-kornel-bmx-freestyle-orszagos-bajnok\/"]}]},{"@type":"ImageObject","inLanguage":"hu","@id":"https:\/\/www.welovecycling.com\/hu\/adrenalin\/ficsor-kornel-bmx-freestyle-orszagos-bajnok\/#primaryimage","url":"https:\/\/d2p6e6u75xmxt8.cloudfront.net\/12\/2021\/08\/ficsor_k1.jpg","contentUrl":"https:\/\/d2p6e6u75xmxt8.cloudfront.net\/12\/2021\/08\/ficsor_k1.jpg","width":1386,"height":924},{"@type":"BreadcrumbList","@id":"https:\/\/www.welovecycling.com\/hu\/adrenalin\/ficsor-kornel-bmx-freestyle-orszagos-bajnok\/#breadcrumb","itemListElement":[{"@type":"ListItem","position":1,"name":"Home","item":"https:\/\/www.welovecycling.com\/hu\/"},{"@type":"ListItem","position":2,"name":"Fics\u00f3r Korn\u00e9l, BMX freestyle orsz\u00e1gos bajnok: \u201eMindig egy kicsit magasabbra emelem magamnak a m\u00e9rc\u00e9t\u201d"}]},{"@type":"WebSite","@id":"https:\/\/www.welovecycling.com\/hu\/#website","url":"https:\/\/www.welovecycling.com\/hu\/","name":"\u0160koda We Love Cycling - Magyarorsz\u00e1g","description":"\u0160koda WeLoveCycling","potentialAction":[{"@type":"SearchAction","target":{"@type":"EntryPoint","urlTemplate":"https:\/\/www.welovecycling.com\/hu\/?s={search_term_string}"},"query-input":{"@type":"PropertyValueSpecification","valueRequired":true,"valueName":"search_term_string"}}],"inLanguage":"hu"},{"@type":"Person","@id":"https:\/\/www.welovecycling.com\/hu\/#\/schema\/person\/414a2aebf1801691a5320edb6468e194","name":"hegyizs","image":{"@type":"ImageObject","inLanguage":"hu","@id":"https:\/\/www.welovecycling.com\/hu\/#\/schema\/person\/image\/","url":"https:\/\/secure.gravatar.com\/avatar\/02cf8a7906b8cf90cecb4679defac7cfd33a1c2e3b88e4903d947f3bb58eedd3?s=96&d=mm&r=g","contentUrl":"https:\/\/secure.gravatar.com\/avatar\/02cf8a7906b8cf90cecb4679defac7cfd33a1c2e3b88e4903d947f3bb58eedd3?s=96&d=mm&r=g","caption":"hegyizs"},"url":"https:\/\/www.welovecycling.com\/hu\/author\/hegyizs\/"}]}},"_links":{"self":[{"href":"https:\/\/www.welovecycling.com\/hu\/wp-json\/wp\/v2\/posts\/12377","targetHints":{"allow":["GET"]}}],"collection":[{"href":"https:\/\/www.welovecycling.com\/hu\/wp-json\/wp\/v2\/posts"}],"about":[{"href":"https:\/\/www.welovecycling.com\/hu\/wp-json\/wp\/v2\/types\/post"}],"author":[{"embeddable":true,"href":"https:\/\/www.welovecycling.com\/hu\/wp-json\/wp\/v2\/users\/71"}],"replies":[{"embeddable":true,"href":"https:\/\/www.welovecycling.com\/hu\/wp-json\/wp\/v2\/comments?post=12377"}],"version-history":[{"count":1,"href":"https:\/\/www.welovecycling.com\/hu\/wp-json\/wp\/v2\/posts\/12377\/revisions"}],"predecessor-version":[{"id":12381,"href":"https:\/\/www.welovecycling.com\/hu\/wp-json\/wp\/v2\/posts\/12377\/revisions\/12381"}],"wp:featuredmedia":[{"embeddable":true,"href":"https:\/\/www.welovecycling.com\/hu\/wp-json\/wp\/v2\/media\/12378"}],"wp:attachment":[{"href":"https:\/\/www.welovecycling.com\/hu\/wp-json\/wp\/v2\/media?parent=12377"}],"wp:term":[{"taxonomy":"category","embeddable":true,"href":"https:\/\/www.welovecycling.com\/hu\/wp-json\/wp\/v2\/categories?post=12377"},{"taxonomy":"post_tag","embeddable":true,"href":"https:\/\/www.welovecycling.com\/hu\/wp-json\/wp\/v2\/tags?post=12377"},{"taxonomy":"global-categories","embeddable":true,"href":"https:\/\/www.welovecycling.com\/hu\/wp-json\/wp\/v2\/global-categories?post=12377"}],"curies":[{"name":"wp","href":"https:\/\/api.w.org\/{rel}","templated":true}]}}