{"id":12357,"date":"2021-09-09T08:00:34","date_gmt":"2021-09-09T06:00:34","guid":{"rendered":"https:\/\/www.welovecycling.com\/hu\/?p=12357"},"modified":"2021-08-27T13:51:58","modified_gmt":"2021-08-27T11:51:58","slug":"szamit-az-eletkor-az-elsportban","status":"publish","type":"post","link":"https:\/\/www.welovecycling.com\/hu\/orszaguti-kerekpar\/szamit-az-eletkor-az-elsportban\/","title":{"rendered":"Sz\u00e1m\u00edt az \u00e9letkor az \u00e9lsportban?"},"content":{"rendered":"<p><strong>Mikor lesz t\u00fal id\u0151s egy sportol\u00f3 a profi ker\u00e9kp\u00e1roz\u00e1shoz? Meghat\u00e1roz\u00f3 t\u00e9nyez\u0151 az \u00e9letkor, vagy csak az eredm\u00e9nyek m\u00e9rik egy versenyz\u0151 k\u00e9pess\u00e9geit? A modern profi mez\u0151nyt n\u00e9zve nem kapunk teljesen egy\u00e9rtelm\u0171 v\u00e1laszt.\u00a0<\/strong><\/p>\n<p><!--more--><\/p>\n<p>Napjaink Grand Tour gy\u0151ztesei egyre fiatalabbak. Tadej Poga\u010dar (21) \u00e9s Egan Bernal (22) t\u00f6k\u00e9letes p\u00e9ld\u00e1k, hiszen ennyi id\u0151sen a legt\u00f6bb biciklis foggal-k\u00f6r\u00f6mmel k\u00fcszk\u00f6dik m\u00e9g a profi versenyeken.<\/p>\n<p>Miel\u0151tt berobbant volna a fiatal gener\u00e1ci\u00f3, a Tour de France gy\u0151ztesek \u00e1tlag\u00e9letkora 28 \u00e9v volt, ez volt az a m\u00e9rf\u00f6ldk\u0151 a biciklisek \u00e9let\u00e9ben, amikor \u00e1ltal\u00e1ban fel\u00e9rtek a cs\u00facsra. Sz\u00f3val, a Poga\u010darhoz \u00e9s Bernalhoz hasonl\u00f3 versenyz\u0151k m\u00e1r 23 \u00e9ves koruk el\u0151tt kimaxolt\u00e1k fizikai k\u00e9pess\u00e9geiket? Van m\u00e9g egy\u00e1ltal\u00e1n hova fejl\u0151dni?<\/p>\n<figure id=\"attachment_12358\" aria-describedby=\"caption-attachment-12358\" style=\"width: 1024px\" class=\"wp-caption alignnone\"><a href=\"https:\/\/d2p6e6u75xmxt8.cloudfront.net\/2\/2021\/07\/profimedia-0619640037.jpg\"><img loading=\"lazy\" decoding=\"async\" class=\"wp-image-12358 size-large\" src=\"https:\/\/d2p6e6u75xmxt8.cloudfront.net\/12\/2021\/08\/profimedia-0619640037-1024x683.jpg\" alt=\"Tadej Poga\u010dar\" width=\"1024\" height=\"683\" srcset=\"https:\/\/d2p6e6u75xmxt8.cloudfront.net\/12\/2021\/08\/profimedia-0619640037-1024x683.jpg 1024w, https:\/\/d2p6e6u75xmxt8.cloudfront.net\/12\/2021\/08\/profimedia-0619640037-300x200.jpg 300w, https:\/\/d2p6e6u75xmxt8.cloudfront.net\/12\/2021\/08\/profimedia-0619640037-768x512.jpg 768w, https:\/\/d2p6e6u75xmxt8.cloudfront.net\/12\/2021\/08\/profimedia-0619640037-1536x1024.jpg 1536w, https:\/\/d2p6e6u75xmxt8.cloudfront.net\/12\/2021\/08\/profimedia-0619640037-272x182.jpg 272w, https:\/\/d2p6e6u75xmxt8.cloudfront.net\/12\/2021\/08\/profimedia-0619640037.jpg 1800w\" sizes=\"auto, (max-width: 1024px) 100vw, 1024px\" \/><\/a><figcaption id=\"caption-attachment-12358\" class=\"wp-caption-text\"><em>Van m\u00e9g hova fejl\u0151dni? \u00a9 Profimedia<\/em><\/figcaption><\/figure>\n<p>A mai napig a belga Firmin Lambot a Tour legid\u0151sebb bajnoka, aki 1922-ben 36 \u00e9vesen \u00e1llt a dobog\u00f3 legfels\u0151 fok\u00e1ra. Poga\u010dar azonban hi\u00e1ba volt csak 21 \u00e9ves, nem kaphatta meg a legfiatalabb nyertes c\u00edmet, mivel 1904-ben a francia Henri Cornet vitte el az els\u0151 hely\u00e9rt j\u00e1r\u00f3 d\u00edjat 20. sz\u00fclet\u00e9snapj\u00e1nak el\u0151est\u00e9j\u00e9n. \u0150t nevezt\u00e9k ki gy\u0151ztesnek, miut\u00e1n az el\u0151tte v\u00e9gzett n\u00e9gy versenyz\u0151t a Francia Ker\u00e9kp\u00e1ros Sz\u00f6vets\u00e9g kiz\u00e1rta csal\u00e1s miatt.<\/p>\n<p>Egyre gyakrabban megt\u00f6rt\u00e9nik, hogy egy fiatal \u00e9s felt\u00f6rekv\u0151 versenyz\u0151 \u00fcgyess\u00e9g\u00e9nek \u00e9s \u00e1ll\u00f3k\u00e9pess\u00e9g\u00e9nek h\u00e1la legy\u0151zi a n\u00e1la tapasztaltabb veter\u00e1nt. Ennek ellen\u00e9re t\u00f6bb olyan id\u0151sebb ker\u00e9kp\u00e1ros van, akik \u00e9letkoruk ellen\u00e9re is bizony\u00edtottak. N\u00e9zz\u00fcnk n\u00e9h\u00e1ny p\u00e9ld\u00e1t!<\/p>\n<h2><strong>Alejandro Valverde<\/strong><\/h2>\n<figure id=\"attachment_12359\" aria-describedby=\"caption-attachment-12359\" style=\"width: 1024px\" class=\"wp-caption alignnone\"><a href=\"https:\/\/d2p6e6u75xmxt8.cloudfront.net\/2\/2019\/12\/profimedia-0421577390.jpg\"><img loading=\"lazy\" decoding=\"async\" class=\"size-large wp-image-12359\" src=\"https:\/\/d2p6e6u75xmxt8.cloudfront.net\/12\/2021\/08\/profimedia-0421577390-1024x682.jpg\" alt=\"Alejandro Valverde\" width=\"1024\" height=\"682\" srcset=\"https:\/\/d2p6e6u75xmxt8.cloudfront.net\/12\/2021\/08\/profimedia-0421577390-1024x682.jpg 1024w, https:\/\/d2p6e6u75xmxt8.cloudfront.net\/12\/2021\/08\/profimedia-0421577390-300x200.jpg 300w, https:\/\/d2p6e6u75xmxt8.cloudfront.net\/12\/2021\/08\/profimedia-0421577390-768x511.jpg 768w, https:\/\/d2p6e6u75xmxt8.cloudfront.net\/12\/2021\/08\/profimedia-0421577390-272x182.jpg 272w, https:\/\/d2p6e6u75xmxt8.cloudfront.net\/12\/2021\/08\/profimedia-0421577390.jpg 1250w\" sizes=\"auto, (max-width: 1024px) 100vw, 1024px\" \/><\/a><figcaption id=\"caption-attachment-12359\" class=\"wp-caption-text\"><em>Valverde (Movistar) a 2019-es Milan &#8211; San Remo rajtra k\u00e9sz\u00fcl. \u00a9 Profimedia<\/em><\/figcaption><\/figure>\n<p>Alejandro Valverde 1980-ban sz\u00fcletett, 2002 \u00f3ta profi versenyz\u0151 \u00e9s 41 \u00e9ves kora ellen\u00e9re is ereje telj\u00e9ben van. Az elm\u00falt k\u00e9t \u00e9vben \u0151 volt vil\u00e1gszinten a legid\u0151sebb profi versenyz\u0151.<\/p>\n<p>Eddig 129 gy\u0151zelmet tudhat a mag\u00e1\u00e9nak, k\u00f6zt\u00fck sz\u00e1mos rangos d\u00edjat, t\u00f6bbek k\u00f6z\u00f6tt t\u00f6bb Grand Tour szakaszgy\u0151zelmet, s\u0151t, a 2018-as vil\u00e1gbajnoki c\u00edmet is. Amikor 2022-ben bet\u00f6lti a 42. \u00e9let\u00e9v\u00e9t, Jens Voigt profi n\u00e9met versenyz\u0151h\u00f6z hasonl\u00f3an \u0151 lesz a legid\u0151sebb World Team versenyz\u0151, aki r\u00e9szt vesz a Tour de France-on.<\/p>\n<p>A 2021-es verseny Valverde 30. Grand Tourja. A 2021-es UCI versenyz\u0151inek rangsor\u00e1ban a 9., \u00f6sszes\u00edtve pedig a 7. helyen \u00e1ll. Leny\u0171g\u00f6z\u0151!<\/p>\n<h2><strong>Mark Cavendish<\/strong><\/h2>\n<figure id=\"attachment_12360\" aria-describedby=\"caption-attachment-12360\" style=\"width: 1000px\" class=\"wp-caption alignnone\"><a href=\"https:\/\/d2p6e6u75xmxt8.cloudfront.net\/12\/2021\/08\/Mark-Cavendish-profimedia-0620584127.jpg\"><img loading=\"lazy\" decoding=\"async\" class=\"wp-image-12360 size-full\" src=\"https:\/\/d2p6e6u75xmxt8.cloudfront.net\/12\/2021\/08\/Mark-Cavendish-profimedia-0620584127.jpg\" alt=\"Mark Cavendish\" width=\"1000\" height=\"666\" srcset=\"https:\/\/d2p6e6u75xmxt8.cloudfront.net\/12\/2021\/08\/Mark-Cavendish-profimedia-0620584127.jpg 1000w, https:\/\/d2p6e6u75xmxt8.cloudfront.net\/12\/2021\/08\/Mark-Cavendish-profimedia-0620584127-300x200.jpg 300w, https:\/\/d2p6e6u75xmxt8.cloudfront.net\/12\/2021\/08\/Mark-Cavendish-profimedia-0620584127-768x511.jpg 768w, https:\/\/d2p6e6u75xmxt8.cloudfront.net\/12\/2021\/08\/Mark-Cavendish-profimedia-0620584127-272x182.jpg 272w\" sizes=\"auto, (max-width: 1000px) 100vw, 1000px\" \/><\/a><figcaption id=\"caption-attachment-12360\" class=\"wp-caption-text\"><em>36 \u00e9ves \u00e9s m\u00e9g mindig a legjobbak k\u00f6z\u00f6tt van! \u00a9 Profimedia<\/em><\/figcaption><\/figure>\n<p>Ha k\u00f6vetted az idei Tour de France-t, l\u00e1thattad, hogy Manx Missile t\u00f6rt\u00e9nelmet \u00edrt, amikor Eddy Merckx-el a TDF szakaszgy\u0151ztesei k\u00f6z\u00f6tt tal\u00e1lta mag\u00e1t. Cav 36 \u00e9ves \u00e9s m\u00e1r karrierje alkony\u00e1n j\u00e1rt, amikor az utols\u00f3 pillanatban beh\u00edvt\u00e1k Sam Bennett hely\u00e9re, a Quick Steo sprinterek\u00e9nt.<\/p>\n<p>N\u00e9gy szakaszgy\u0151zelm\u00e9r\u0151l minden egyes sportoldal \u00edrt. Bizony\u00e1ra siker\u00fclt bebizony\u00edtania mag\u00e1nak \u00e9s versenyt\u00e1rsainak, hogy sprinterk\u00e9nt tov\u00e1bbra is fenyeget\u00e9st jelent. Egyel\u0151re m\u00e9g nem der\u00fclt ki, hogy Cav folytatja-e 2022-ben, de gyan\u00edtjuk, hogy a 35. gy\u0151zelem\u00e9rt \u00e9s egy rekord fel\u00e1ll\u00edt\u00e1s\u00e1\u00e9rt sz\u00edvesen indulna. Te mit gondolsz?<\/p>\n<h2><strong>Philippe Gilbert<\/strong><\/h2>\n<figure id=\"attachment_7998\" aria-describedby=\"caption-attachment-7998\" style=\"width: 1250px\" class=\"wp-caption alignnone\"><a href=\"https:\/\/d2p6e6u75xmxt8.cloudfront.net\/12\/2020\/07\/Philippe-Gilbert-CVR-profimedia-0506318164.jpg\"><img loading=\"lazy\" decoding=\"async\" class=\"size-full wp-image-7998\" src=\"https:\/\/d2p6e6u75xmxt8.cloudfront.net\/12\/2020\/07\/Philippe-Gilbert-CVR-profimedia-0506318164.jpg\" alt=\"Philippe Gilbert\" width=\"1250\" height=\"833\" \/><\/a><figcaption id=\"caption-attachment-7998\" class=\"wp-caption-text\"><em>Majdnem 20 \u00e9v profi versenyz\u0151k\u00e9nt. \u00a9 Profimedia<\/em><\/figcaption><\/figure>\n<p>Philippe Gilbert k\u00f6zel 20 \u00e9ve profi versenyz\u0151. Az 1982-ben sz\u00fcletett 39 \u00e9ves f\u00e9rfi leny\u0171g\u00f6z\u0151 d\u00edjakat halmozott fel p\u00e1lyafut\u00e1sa sor\u00e1n, t\u00f6bbek k\u00f6z\u00f6tt \u00f6v\u00e9 a 2012-es vil\u00e1gbajnoki c\u00edm \u00e9s t\u00f6bb Grand Tour gy\u0151zelem is.<\/p>\n<p>A Lotto-Soudal versenyz\u0151je a 2022-es szezon v\u00e9g\u00e9n jelentette be, hogy visszavonul. \u201c<em>Elj\u00f6n az a pont, amikor abba kell hagyni\u201d<\/em> &#8211; nyilatkozta. Annak ellen\u00e9re, hogy konkr\u00e9t eredm\u00e9nyek nem sz\u00fclettek az elm\u00falt n\u00e9h\u00e1ny szezonban, tov\u00e1bbra is befoly\u00e1sos tagja a belga a csapatnak, ami csak hozz\u00e1tesz a csapat siker\u00e9hez.<\/p>\n<h2><strong>Richie Porte<\/strong><\/h2>\n<figure id=\"attachment_12361\" aria-describedby=\"caption-attachment-12361\" style=\"width: 1000px\" class=\"wp-caption alignnone\"><a href=\"https:\/\/d2p6e6u75xmxt8.cloudfront.net\/12\/2021\/08\/Richie-Porte-profimedia-0624445907.jpg\"><img loading=\"lazy\" decoding=\"async\" class=\"wp-image-12361 size-full\" src=\"https:\/\/d2p6e6u75xmxt8.cloudfront.net\/12\/2021\/08\/Richie-Porte-profimedia-0624445907.jpg\" alt=\"Richie Porte\" width=\"1000\" height=\"666\" srcset=\"https:\/\/d2p6e6u75xmxt8.cloudfront.net\/12\/2021\/08\/Richie-Porte-profimedia-0624445907.jpg 1000w, https:\/\/d2p6e6u75xmxt8.cloudfront.net\/12\/2021\/08\/Richie-Porte-profimedia-0624445907-300x200.jpg 300w, https:\/\/d2p6e6u75xmxt8.cloudfront.net\/12\/2021\/08\/Richie-Porte-profimedia-0624445907-768x511.jpg 768w, https:\/\/d2p6e6u75xmxt8.cloudfront.net\/12\/2021\/08\/Richie-Porte-profimedia-0624445907-272x182.jpg 272w\" sizes=\"auto, (max-width: 1000px) 100vw, 1000px\" \/><\/a><figcaption id=\"caption-attachment-12361\" class=\"wp-caption-text\"><em>Porte a toki\u00f3i olimpi\u00e1n. \u00a9 Profimedia<\/em><\/figcaption><\/figure>\n<p>A 36 \u00e9ves ausztr\u00e1l biciklis a peloton leggazdagabb csapataiban versenyzett. 2012 \u00e9s 2015 k\u00f6z\u00f6tt a Team Sky csapat\u00e1ban volt \u00e9s r\u00e9szv\u00e9tel\u00e9vel biztos\u00edtotta Bradley Wiggins (2012) \u00e9s Chris Froome (2013,15) TDF-gy\u0151zelm\u00e9t.<\/p>\n<p>Porte elhagyta a Team Sky-t, majd 2016 \u00e9s 2018 k\u00f6z\u00f6tt a BMC, 2019 \u00e9s 2020 k\u00f6z\u00f6tt pedig a Trek-Segafredo csapatvezet\u0151je lett. Id\u0151k\u00f6zben megnyerte a Tour de Switzerlandet, m\u00e1sodik lett a Tour de Romandie-n \u00e9s harmadik a 2020-as Tour de France-on, k\u00f6zvetlen\u00fcl Tadej Poga\u010dar \u00e9s Primo\u017e Rogli\u010d ut\u00e1n. Olyan j\u00f3l teljes\u00edtett, hogy k\u00e9t\u00e9ves szerz\u0151d\u00e9st k\u00f6t\u00f6tt vele az Ineos Grenadiers (kor\u00e1bban Team Sky).<\/p>\n<p>Pletyk\u00e1k szerint ez tudatos l\u00e9p\u00e9s volt a r\u00e9sz\u00e9r\u0151l, hogy szupernovak\u00e9nt t\u00e9rhessen vissza a gy\u00f6kereihez \u00e9s bizonyos versenyeken saj\u00e1t mag\u00e1\u00e9rt biciklizhessen. 2021-ben megnyerte a Catalunya Tour-t, a Criterium du Dauphin\u00e9-t, emellett a TD-en is rajthoz \u00e1llt.<\/p>\n<h2><strong>Davide Rebellin<\/strong><\/h2>\n<figure id=\"attachment_12362\" aria-describedby=\"caption-attachment-12362\" style=\"width: 1000px\" class=\"wp-caption alignnone\"><a href=\"https:\/\/d2p6e6u75xmxt8.cloudfront.net\/12\/2021\/08\/Davide-Rebellin-profimedia-0330934902.jpg\"><img loading=\"lazy\" decoding=\"async\" class=\"size-full wp-image-12362\" src=\"https:\/\/d2p6e6u75xmxt8.cloudfront.net\/12\/2021\/08\/Davide-Rebellin-profimedia-0330934902.jpg\" alt=\"Davide Rebellin\" width=\"1000\" height=\"666\" srcset=\"https:\/\/d2p6e6u75xmxt8.cloudfront.net\/12\/2021\/08\/Davide-Rebellin-profimedia-0330934902.jpg 1000w, https:\/\/d2p6e6u75xmxt8.cloudfront.net\/12\/2021\/08\/Davide-Rebellin-profimedia-0330934902-300x200.jpg 300w, https:\/\/d2p6e6u75xmxt8.cloudfront.net\/12\/2021\/08\/Davide-Rebellin-profimedia-0330934902-768x511.jpg 768w, https:\/\/d2p6e6u75xmxt8.cloudfront.net\/12\/2021\/08\/Davide-Rebellin-profimedia-0330934902-272x182.jpg 272w\" sizes=\"auto, (max-width: 1000px) 100vw, 1000px\" \/><\/a><figcaption id=\"caption-attachment-12362\" class=\"wp-caption-text\"><em>Davide Rebellin a 2017-es Vuelta a Asturias-on. \u00a9 Profimedia<\/em><\/figcaption><\/figure>\n<p>B\u00e1r m\u00e1r nem a World Tour csapat tagja, az olasz sz\u00e1rmaz\u00e1s\u00fa Davide Rebellin messze a legid\u0151sebb versenyz\u0151, aki professzion\u00e1lis szerz\u0151d\u00e9ssel rendelkezik. 2021-re, 49 \u00e9ves kor\u00e1ban k\u00f6t\u00f6tt vele szerz\u0151d\u00e9st az olasz UCI Continental Team Work Service Marchiol Vega. Rebellin imm\u00e1r 29. \u00e9ve profi versenyz\u0151, mivel lassan bet\u00f6lti 50. \u00e9let\u00e9v\u00e9t.<\/p>\n<p>1971-ben sz\u00fcletett, 1992-ben lett profi, ekkor Sean Kelly \u00e9s Stephen Roche ellen versenyzett. Eredm\u00e9nyei maguk\u00e9rt besz\u00e9lnek: Tour of Italy gy\u0151ztes (1996), Tirreno-Adriatico bajnok (2001), szakaszt nyert a P\u00e1rizs-Nizz\u00e1n (2008), valamint rengeteg egynapos \u00e9s klasszikus versenyen aratott sikert, p\u00e9ld\u00e1ul a Li\u00e8ge-Bastogne- Li\u00e8ge, Amstel-Gold \u00e9s La Fl\u00e8che Wallonne versenyeken 2004-ben. 2007-ben \u00e9s 2009-ben m\u00e9g k\u00e9tszer megnyerte a La Fl\u00e8che Wallonne-t.<\/p>\n<h2><strong>Chris Horner<\/strong><\/h2>\n<figure id=\"attachment_12363\" aria-describedby=\"caption-attachment-12363\" style=\"width: 1000px\" class=\"wp-caption alignnone\"><a href=\"https:\/\/d2p6e6u75xmxt8.cloudfront.net\/12\/2021\/08\/Chris-Horner-profimedia-0237650335.jpg\"><img loading=\"lazy\" decoding=\"async\" class=\"size-full wp-image-12363\" src=\"https:\/\/d2p6e6u75xmxt8.cloudfront.net\/12\/2021\/08\/Chris-Horner-profimedia-0237650335.jpg\" alt=\"Chris Horner\" width=\"1000\" height=\"666\" srcset=\"https:\/\/d2p6e6u75xmxt8.cloudfront.net\/12\/2021\/08\/Chris-Horner-profimedia-0237650335.jpg 1000w, https:\/\/d2p6e6u75xmxt8.cloudfront.net\/12\/2021\/08\/Chris-Horner-profimedia-0237650335-300x200.jpg 300w, https:\/\/d2p6e6u75xmxt8.cloudfront.net\/12\/2021\/08\/Chris-Horner-profimedia-0237650335-768x511.jpg 768w, https:\/\/d2p6e6u75xmxt8.cloudfront.net\/12\/2021\/08\/Chris-Horner-profimedia-0237650335-272x182.jpg 272w\" sizes=\"auto, (max-width: 1000px) 100vw, 1000px\" \/><\/a><figcaption id=\"caption-attachment-12363\" class=\"wp-caption-text\"><em>Horner 2013-ban. \u00a9 Profimedia<\/em><\/figcaption><\/figure>\n<p>Hatalmas dics\u00e9ret illeti a m\u00e1r nyugd\u00edjas amerikai Chris Hornert, aki 2013-ban 41 \u00e9vesen a Grand Tour legid\u0151sebb nyertese lett, mik\u00f6zben a Radio Shack-Leopard Trek csapatban biciklizett. A mitikus Angliru epikus szakasz\u00e1ban megszil\u00e1rd\u00edtotta el\u0151ny\u00e9t Vincenzo Nibali ellen, a csata az utols\u00f3 kilom\u00e9teren d\u0151lt el.<\/p>\n<h2><strong>A n\u0151k<\/strong><\/h2>\n<figure id=\"attachment_12364\" aria-describedby=\"caption-attachment-12364\" style=\"width: 1024px\" class=\"wp-caption alignnone\"><a href=\"https:\/\/d2p6e6u75xmxt8.cloudfront.net\/2\/2020\/08\/profimedia-0378093507-1.jpg\"><img loading=\"lazy\" decoding=\"async\" class=\"size-large wp-image-12364\" src=\"https:\/\/d2p6e6u75xmxt8.cloudfront.net\/12\/2021\/08\/profimedia-0378093507-1-1024x682.jpg\" alt=\"Annemiek Van Vleuten\" width=\"1024\" height=\"682\" srcset=\"https:\/\/d2p6e6u75xmxt8.cloudfront.net\/12\/2021\/08\/profimedia-0378093507-1-1024x682.jpg 1024w, https:\/\/d2p6e6u75xmxt8.cloudfront.net\/12\/2021\/08\/profimedia-0378093507-1-300x200.jpg 300w, https:\/\/d2p6e6u75xmxt8.cloudfront.net\/12\/2021\/08\/profimedia-0378093507-1-768x512.jpg 768w, https:\/\/d2p6e6u75xmxt8.cloudfront.net\/12\/2021\/08\/profimedia-0378093507-1-272x182.jpg 272w, https:\/\/d2p6e6u75xmxt8.cloudfront.net\/12\/2021\/08\/profimedia-0378093507-1.jpg 1250w\" sizes=\"auto, (max-width: 1024px) 100vw, 1024px\" \/><\/a><figcaption id=\"caption-attachment-12364\" class=\"wp-caption-text\"><em>Annemiek Van Vleuten megnyeri a \u2018La Course by Le Tour de France-t 2018-ban. \u00a9 Profimedia<\/em><\/figcaption><\/figure>\n<p>Ne feledkezz\u00fcnk meg a n\u0151kr\u0151l sem, akik minden sztereot\u00edpi\u00e1t led\u00f6nt\u00f6ttek az \u00e9vek sor\u00e1n. Ilyen p\u00e9ld\u00e1ul Annemiek Van Vleuten, aki a Movistar World Team n\u0151i csapat\u00e1t er\u0151s\u00edti. 38 \u00e9ves kor\u00e1ban nyerte meg a Rosa Giro-t, 2019-ben vil\u00e1gbajnoki c\u00edmet szerzett, legut\u00f3bb pedig olimpiai ez\u00fcst\u00f6t vitt haza a n\u0151i orsz\u00e1g\u00fati versenyr\u0151l, a toki\u00f3i egy\u00e9ni id\u0151m\u00e9r\u0151n pedig aranyat nyert.<\/p>\n<p>Mav\u00ed Garcia (Spanyolorsz\u00e1g, Al\u00e9 Ljubljana) \u00e9s Trixi Worrack (N\u00e9metorsz\u00e1g, Trek-Segafredo) szint\u00e9n \u00e9rett n\u0151i versenyz\u0151k. Mav\u00ed 37 \u00e9ves, t\u00f6bbsz\u00f6r\u00f6s spanyol orsz\u00e1g\u00fati \u00e9s id\u0151futam -bajnok. 39 \u00e9vesen Trixi volt a 2003-as n\u00e9met orsz\u00e1gos orsz\u00e1g\u00fati verseny bajnoka \u00e9s a Primavera Rosa (n\u0151i Milan-San Remo) 2005-\u00f6s gy\u0151ztese.<\/p>\n<p>Sz\u00f3val, mi a titkuk? Nemcsak az \u00f6reged\u00e9s term\u00e9szetes velej\u00e1r\u00f3inak elker\u00fcl\u00e9se, hanem a hossz\u00fa t\u00e1v\u00fa profi versenyz\u00e9s szellemi \u00e9s fizikai ig\u00e9nyeinek megfelel\u0151 kezel\u00e9se. Vannak, akik olyan fiziol\u00f3giai aj\u00e1nd\u00e9kkal sz\u00fcletnek, amik kiv\u00e9teless\u00e9 teszik \u0151ket. Ennek ellen\u00e9re \u00fagy gondoljuk, hogy a v\u00e1lasz egy holisztikusabb megk\u00f6zel\u00edt\u00e9sben rejlik, a szellemi kem\u00e9nys\u00e9g, a sport m\u00e9ly szeretete, a bajt\u00e1rsiass\u00e1g \u00e9s a verseny izgalm\u00e1nak vegy\u00edt\u00e9s\u00e9ben.<\/p>\n<p>\u00c9s te mit gondolsz? Neked ki a kedvenc ker\u00e9kp\u00e1rosod, akir\u0151l \u00fagy gondolod, hossz\u00fa \u00e9vek ut\u00e1n is er\u0151s versenyz\u0151nek sz\u00e1m\u00edt? Mondd el nek\u00fcnk!<\/p>\n","protected":false},"excerpt":{"rendered":"<p>Mikor lesz t\u00fal id\u0151s egy sportol\u00f3 a profi ker\u00e9kp\u00e1roz\u00e1shoz? Meghat\u00e1roz\u00f3 t\u00e9nyez\u0151 az \u00e9letkor, vagy csak az eredm\u00e9nyek m\u00e9rik egy versenyz\u0151 [&hellip;]<\/p>\n","protected":false},"author":71,"featured_media":12366,"comment_status":"open","ping_status":"open","sticky":false,"template":"","format":"standard","meta":{"footnotes":""},"categories":[8],"tags":[],"global-categories":[],"class_list":["post-12357","post","type-post","status-publish","format-standard","has-post-thumbnail","hentry","category-orszaguti-kerekpar"],"yoast_head":"<!-- This site is optimized with the Yoast SEO Premium plugin v25.3 (Yoast SEO v25.9) - https:\/\/yoast.com\/wordpress\/plugins\/seo\/ -->\n<title>Sz\u00e1m\u00edt az \u00e9letkor az \u00e9lsportban? - \u0160koda We Love Cycling - Magyarorsz\u00e1g<\/title>\n<meta name=\"description\" content=\"Mikor lesz t\u00fal id\u0151s egy sportol\u00f3 a profi ker\u00e9kp\u00e1roz\u00e1shoz? Meghat\u00e1roz\u00f3 t\u00e9nyez\u0151 az \u00e9letkor, vagy csak az eredm\u00e9nyek m\u00e9rik egy versenyz\u0151 k\u00e9pess\u00e9geit? A modern profi mez\u0151nyt n\u00e9zve nem kapunk teljesen egy\u00e9rtelm\u0171 v\u00e1laszt.\" \/>\n<meta name=\"robots\" content=\"index, follow, max-snippet:-1, max-image-preview:large, max-video-preview:-1\" \/>\n<link rel=\"canonical\" href=\"https:\/\/www.welovecycling.com\/hu\/orszaguti-kerekpar\/szamit-az-eletkor-az-elsportban\/\" \/>\n<meta property=\"og:locale\" content=\"hu_HU\" \/>\n<meta property=\"og:type\" content=\"article\" \/>\n<meta property=\"og:title\" content=\"Sz\u00e1m\u00edt az \u00e9letkor az \u00e9lsportban?\" \/>\n<meta property=\"og:description\" content=\"Mikor lesz t\u00fal id\u0151s egy sportol\u00f3 a profi ker\u00e9kp\u00e1roz\u00e1shoz? Meghat\u00e1roz\u00f3 t\u00e9nyez\u0151 az \u00e9letkor, vagy csak az eredm\u00e9nyek m\u00e9rik egy versenyz\u0151 k\u00e9pess\u00e9geit? A modern profi mez\u0151nyt n\u00e9zve nem kapunk teljesen egy\u00e9rtelm\u0171 v\u00e1laszt.\" \/>\n<meta property=\"og:url\" content=\"https:\/\/www.welovecycling.com\/hu\/orszaguti-kerekpar\/szamit-az-eletkor-az-elsportban\/\" \/>\n<meta property=\"og:site_name\" content=\"\u0160koda We Love Cycling - Magyarorsz\u00e1g\" \/>\n<meta property=\"article:publisher\" content=\"https:\/\/www.facebook.com\/WeLoveCyclingHungary\/\" \/>\n<meta property=\"article:published_time\" content=\"2021-09-09T06:00:34+00:00\" \/>\n<meta property=\"og:image\" content=\"https:\/\/d2p6e6u75xmxt8.cloudfront.net\/12\/2021\/08\/Tokyo-peloton-profimedia-0623070356-CvR.jpg\" \/>\n\t<meta property=\"og:image:width\" content=\"1366\" \/>\n\t<meta property=\"og:image:height\" content=\"600\" \/>\n\t<meta property=\"og:image:type\" content=\"image\/jpeg\" \/>\n<meta name=\"author\" content=\"hegyizs\" \/>\n<meta name=\"twitter:card\" content=\"summary_large_image\" \/>\n<meta name=\"twitter:label1\" content=\"Written by\" \/>\n\t<meta name=\"twitter:data1\" content=\"Andrea Champredonde\" \/>\n\t<meta name=\"twitter:label2\" content=\"Est. reading time\" \/>\n\t<meta name=\"twitter:data2\" content=\"6\" \/>\n<script type=\"application\/ld+json\" class=\"yoast-schema-graph\">{\"@context\":\"https:\/\/schema.org\",\"@graph\":[{\"@type\":\"WebPage\",\"@id\":\"https:\/\/www.welovecycling.com\/hu\/orszaguti-kerekpar\/szamit-az-eletkor-az-elsportban\/\",\"url\":\"https:\/\/www.welovecycling.com\/hu\/orszaguti-kerekpar\/szamit-az-eletkor-az-elsportban\/\",\"name\":\"Sz\u00e1m\u00edt az \u00e9letkor az \u00e9lsportban? - \u0160koda We Love Cycling - Magyarorsz\u00e1g\",\"isPartOf\":{\"@id\":\"https:\/\/www.welovecycling.com\/hu\/#website\"},\"primaryImageOfPage\":{\"@id\":\"https:\/\/www.welovecycling.com\/hu\/orszaguti-kerekpar\/szamit-az-eletkor-az-elsportban\/#primaryimage\"},\"image\":{\"@id\":\"https:\/\/www.welovecycling.com\/hu\/orszaguti-kerekpar\/szamit-az-eletkor-az-elsportban\/#primaryimage\"},\"thumbnailUrl\":\"https:\/\/d2p6e6u75xmxt8.cloudfront.net\/12\/2021\/08\/Tokyo-peloton-profimedia-0623070356-CvR.jpg\",\"datePublished\":\"2021-09-09T06:00:34+00:00\",\"author\":{\"@id\":\"https:\/\/www.welovecycling.com\/hu\/#\/schema\/person\/414a2aebf1801691a5320edb6468e194\"},\"description\":\"Mikor lesz t\u00fal id\u0151s egy sportol\u00f3 a profi ker\u00e9kp\u00e1roz\u00e1shoz? Meghat\u00e1roz\u00f3 t\u00e9nyez\u0151 az \u00e9letkor, vagy csak az eredm\u00e9nyek m\u00e9rik egy versenyz\u0151 k\u00e9pess\u00e9geit? A modern profi mez\u0151nyt n\u00e9zve nem kapunk teljesen egy\u00e9rtelm\u0171 v\u00e1laszt.\",\"breadcrumb\":{\"@id\":\"https:\/\/www.welovecycling.com\/hu\/orszaguti-kerekpar\/szamit-az-eletkor-az-elsportban\/#breadcrumb\"},\"inLanguage\":\"hu\",\"potentialAction\":[{\"@type\":\"ReadAction\",\"target\":[\"https:\/\/www.welovecycling.com\/hu\/orszaguti-kerekpar\/szamit-az-eletkor-az-elsportban\/\"]}]},{\"@type\":\"ImageObject\",\"inLanguage\":\"hu\",\"@id\":\"https:\/\/www.welovecycling.com\/hu\/orszaguti-kerekpar\/szamit-az-eletkor-az-elsportban\/#primaryimage\",\"url\":\"https:\/\/d2p6e6u75xmxt8.cloudfront.net\/12\/2021\/08\/Tokyo-peloton-profimedia-0623070356-CvR.jpg\",\"contentUrl\":\"https:\/\/d2p6e6u75xmxt8.cloudfront.net\/12\/2021\/08\/Tokyo-peloton-profimedia-0623070356-CvR.jpg\",\"width\":1366,\"height\":600},{\"@type\":\"BreadcrumbList\",\"@id\":\"https:\/\/www.welovecycling.com\/hu\/orszaguti-kerekpar\/szamit-az-eletkor-az-elsportban\/#breadcrumb\",\"itemListElement\":[{\"@type\":\"ListItem\",\"position\":1,\"name\":\"Home\",\"item\":\"https:\/\/www.welovecycling.com\/hu\/\"},{\"@type\":\"ListItem\",\"position\":2,\"name\":\"Sz\u00e1m\u00edt az \u00e9letkor az \u00e9lsportban?\"}]},{\"@type\":\"WebSite\",\"@id\":\"https:\/\/www.welovecycling.com\/hu\/#website\",\"url\":\"https:\/\/www.welovecycling.com\/hu\/\",\"name\":\"\u0160koda We Love Cycling - Magyarorsz\u00e1g\",\"description\":\"\u0160koda WeLoveCycling\",\"potentialAction\":[{\"@type\":\"SearchAction\",\"target\":{\"@type\":\"EntryPoint\",\"urlTemplate\":\"https:\/\/www.welovecycling.com\/hu\/?s={search_term_string}\"},\"query-input\":{\"@type\":\"PropertyValueSpecification\",\"valueRequired\":true,\"valueName\":\"search_term_string\"}}],\"inLanguage\":\"hu\"},{\"@type\":\"Person\",\"@id\":\"https:\/\/www.welovecycling.com\/hu\/#\/schema\/person\/414a2aebf1801691a5320edb6468e194\",\"name\":\"hegyizs\",\"image\":{\"@type\":\"ImageObject\",\"inLanguage\":\"hu\",\"@id\":\"https:\/\/www.welovecycling.com\/hu\/#\/schema\/person\/image\/\",\"url\":\"https:\/\/secure.gravatar.com\/avatar\/02cf8a7906b8cf90cecb4679defac7cfd33a1c2e3b88e4903d947f3bb58eedd3?s=96&d=mm&r=g\",\"contentUrl\":\"https:\/\/secure.gravatar.com\/avatar\/02cf8a7906b8cf90cecb4679defac7cfd33a1c2e3b88e4903d947f3bb58eedd3?s=96&d=mm&r=g\",\"caption\":\"hegyizs\"},\"url\":\"https:\/\/www.welovecycling.com\/hu\/author\/hegyizs\/\"}]}<\/script>\n<!-- \/ Yoast SEO Premium plugin. -->","yoast_head_json":{"title":"Sz\u00e1m\u00edt az \u00e9letkor az \u00e9lsportban? - \u0160koda We Love Cycling - Magyarorsz\u00e1g","description":"Mikor lesz t\u00fal id\u0151s egy sportol\u00f3 a profi ker\u00e9kp\u00e1roz\u00e1shoz? Meghat\u00e1roz\u00f3 t\u00e9nyez\u0151 az \u00e9letkor, vagy csak az eredm\u00e9nyek m\u00e9rik egy versenyz\u0151 k\u00e9pess\u00e9geit? A modern profi mez\u0151nyt n\u00e9zve nem kapunk teljesen egy\u00e9rtelm\u0171 v\u00e1laszt.","robots":{"index":"index","follow":"follow","max-snippet":"max-snippet:-1","max-image-preview":"max-image-preview:large","max-video-preview":"max-video-preview:-1"},"canonical":"https:\/\/www.welovecycling.com\/hu\/orszaguti-kerekpar\/szamit-az-eletkor-az-elsportban\/","og_locale":"hu_HU","og_type":"article","og_title":"Sz\u00e1m\u00edt az \u00e9letkor az \u00e9lsportban?","og_description":"Mikor lesz t\u00fal id\u0151s egy sportol\u00f3 a profi ker\u00e9kp\u00e1roz\u00e1shoz? Meghat\u00e1roz\u00f3 t\u00e9nyez\u0151 az \u00e9letkor, vagy csak az eredm\u00e9nyek m\u00e9rik egy versenyz\u0151 k\u00e9pess\u00e9geit? A modern profi mez\u0151nyt n\u00e9zve nem kapunk teljesen egy\u00e9rtelm\u0171 v\u00e1laszt.","og_url":"https:\/\/www.welovecycling.com\/hu\/orszaguti-kerekpar\/szamit-az-eletkor-az-elsportban\/","og_site_name":"\u0160koda We Love Cycling - Magyarorsz\u00e1g","article_publisher":"https:\/\/www.facebook.com\/WeLoveCyclingHungary\/","article_published_time":"2021-09-09T06:00:34+00:00","og_image":[{"width":1366,"height":600,"url":"https:\/\/d2p6e6u75xmxt8.cloudfront.net\/12\/2021\/08\/Tokyo-peloton-profimedia-0623070356-CvR.jpg","type":"image\/jpeg"}],"author":"hegyizs","twitter_card":"summary_large_image","twitter_misc":{"Written by":"Andrea Champredonde","Est. reading time":"6"},"schema":{"@context":"https:\/\/schema.org","@graph":[{"@type":"WebPage","@id":"https:\/\/www.welovecycling.com\/hu\/orszaguti-kerekpar\/szamit-az-eletkor-az-elsportban\/","url":"https:\/\/www.welovecycling.com\/hu\/orszaguti-kerekpar\/szamit-az-eletkor-az-elsportban\/","name":"Sz\u00e1m\u00edt az \u00e9letkor az \u00e9lsportban? - \u0160koda We Love Cycling - Magyarorsz\u00e1g","isPartOf":{"@id":"https:\/\/www.welovecycling.com\/hu\/#website"},"primaryImageOfPage":{"@id":"https:\/\/www.welovecycling.com\/hu\/orszaguti-kerekpar\/szamit-az-eletkor-az-elsportban\/#primaryimage"},"image":{"@id":"https:\/\/www.welovecycling.com\/hu\/orszaguti-kerekpar\/szamit-az-eletkor-az-elsportban\/#primaryimage"},"thumbnailUrl":"https:\/\/d2p6e6u75xmxt8.cloudfront.net\/12\/2021\/08\/Tokyo-peloton-profimedia-0623070356-CvR.jpg","datePublished":"2021-09-09T06:00:34+00:00","author":{"@id":"https:\/\/www.welovecycling.com\/hu\/#\/schema\/person\/414a2aebf1801691a5320edb6468e194"},"description":"Mikor lesz t\u00fal id\u0151s egy sportol\u00f3 a profi ker\u00e9kp\u00e1roz\u00e1shoz? Meghat\u00e1roz\u00f3 t\u00e9nyez\u0151 az \u00e9letkor, vagy csak az eredm\u00e9nyek m\u00e9rik egy versenyz\u0151 k\u00e9pess\u00e9geit? A modern profi mez\u0151nyt n\u00e9zve nem kapunk teljesen egy\u00e9rtelm\u0171 v\u00e1laszt.","breadcrumb":{"@id":"https:\/\/www.welovecycling.com\/hu\/orszaguti-kerekpar\/szamit-az-eletkor-az-elsportban\/#breadcrumb"},"inLanguage":"hu","potentialAction":[{"@type":"ReadAction","target":["https:\/\/www.welovecycling.com\/hu\/orszaguti-kerekpar\/szamit-az-eletkor-az-elsportban\/"]}]},{"@type":"ImageObject","inLanguage":"hu","@id":"https:\/\/www.welovecycling.com\/hu\/orszaguti-kerekpar\/szamit-az-eletkor-az-elsportban\/#primaryimage","url":"https:\/\/d2p6e6u75xmxt8.cloudfront.net\/12\/2021\/08\/Tokyo-peloton-profimedia-0623070356-CvR.jpg","contentUrl":"https:\/\/d2p6e6u75xmxt8.cloudfront.net\/12\/2021\/08\/Tokyo-peloton-profimedia-0623070356-CvR.jpg","width":1366,"height":600},{"@type":"BreadcrumbList","@id":"https:\/\/www.welovecycling.com\/hu\/orszaguti-kerekpar\/szamit-az-eletkor-az-elsportban\/#breadcrumb","itemListElement":[{"@type":"ListItem","position":1,"name":"Home","item":"https:\/\/www.welovecycling.com\/hu\/"},{"@type":"ListItem","position":2,"name":"Sz\u00e1m\u00edt az \u00e9letkor az \u00e9lsportban?"}]},{"@type":"WebSite","@id":"https:\/\/www.welovecycling.com\/hu\/#website","url":"https:\/\/www.welovecycling.com\/hu\/","name":"\u0160koda We Love Cycling - Magyarorsz\u00e1g","description":"\u0160koda WeLoveCycling","potentialAction":[{"@type":"SearchAction","target":{"@type":"EntryPoint","urlTemplate":"https:\/\/www.welovecycling.com\/hu\/?s={search_term_string}"},"query-input":{"@type":"PropertyValueSpecification","valueRequired":true,"valueName":"search_term_string"}}],"inLanguage":"hu"},{"@type":"Person","@id":"https:\/\/www.welovecycling.com\/hu\/#\/schema\/person\/414a2aebf1801691a5320edb6468e194","name":"hegyizs","image":{"@type":"ImageObject","inLanguage":"hu","@id":"https:\/\/www.welovecycling.com\/hu\/#\/schema\/person\/image\/","url":"https:\/\/secure.gravatar.com\/avatar\/02cf8a7906b8cf90cecb4679defac7cfd33a1c2e3b88e4903d947f3bb58eedd3?s=96&d=mm&r=g","contentUrl":"https:\/\/secure.gravatar.com\/avatar\/02cf8a7906b8cf90cecb4679defac7cfd33a1c2e3b88e4903d947f3bb58eedd3?s=96&d=mm&r=g","caption":"hegyizs"},"url":"https:\/\/www.welovecycling.com\/hu\/author\/hegyizs\/"}]}},"_links":{"self":[{"href":"https:\/\/www.welovecycling.com\/hu\/wp-json\/wp\/v2\/posts\/12357","targetHints":{"allow":["GET"]}}],"collection":[{"href":"https:\/\/www.welovecycling.com\/hu\/wp-json\/wp\/v2\/posts"}],"about":[{"href":"https:\/\/www.welovecycling.com\/hu\/wp-json\/wp\/v2\/types\/post"}],"author":[{"embeddable":true,"href":"https:\/\/www.welovecycling.com\/hu\/wp-json\/wp\/v2\/users\/71"}],"replies":[{"embeddable":true,"href":"https:\/\/www.welovecycling.com\/hu\/wp-json\/wp\/v2\/comments?post=12357"}],"version-history":[{"count":2,"href":"https:\/\/www.welovecycling.com\/hu\/wp-json\/wp\/v2\/posts\/12357\/revisions"}],"predecessor-version":[{"id":12375,"href":"https:\/\/www.welovecycling.com\/hu\/wp-json\/wp\/v2\/posts\/12357\/revisions\/12375"}],"wp:featuredmedia":[{"embeddable":true,"href":"https:\/\/www.welovecycling.com\/hu\/wp-json\/wp\/v2\/media\/12366"}],"wp:attachment":[{"href":"https:\/\/www.welovecycling.com\/hu\/wp-json\/wp\/v2\/media?parent=12357"}],"wp:term":[{"taxonomy":"category","embeddable":true,"href":"https:\/\/www.welovecycling.com\/hu\/wp-json\/wp\/v2\/categories?post=12357"},{"taxonomy":"post_tag","embeddable":true,"href":"https:\/\/www.welovecycling.com\/hu\/wp-json\/wp\/v2\/tags?post=12357"},{"taxonomy":"global-categories","embeddable":true,"href":"https:\/\/www.welovecycling.com\/hu\/wp-json\/wp\/v2\/global-categories?post=12357"}],"curies":[{"name":"wp","href":"https:\/\/api.w.org\/{rel}","templated":true}]}}