{"id":12351,"date":"2021-09-08T08:00:59","date_gmt":"2021-09-08T06:00:59","guid":{"rendered":"https:\/\/www.welovecycling.com\/hu\/?p=12351"},"modified":"2021-08-27T13:51:19","modified_gmt":"2021-08-27T11:51:19","slug":"d-vitamin-szedned-kene","status":"publish","type":"post","link":"https:\/\/www.welovecycling.com\/hu\/edzes-es-eletmod\/d-vitamin-szedned-kene\/","title":{"rendered":"D -vitamin &#8211; Szedned k\u00e9ne?"},"content":{"rendered":"<p><strong>A D-vitamin szinte m\u00e1r t\u00fal j\u00f3nak hangzik ahhoz, hogy igaz legyen. Sok kutat\u00e1s azt sugallja, hogy seg\u00edthet megel\u0151zni k\u00fcl\u00f6nb\u00f6z\u0151 betegs\u00e9geket, valamint jav\u00edtja az immunrendszert \u00e9s \u0151rzi a csontok eg\u00e9szs\u00e9g\u00e9t. A k\u00e9rd\u00e9s az, hogy kell-e D-vitamint szedni kieg\u00e9sz\u00edt\u0151k\u00e9nt? Vannak kock\u00e1zatai? N\u00e9zz\u00fck meg!<\/strong><\/p>\n<p><!--more--><\/p>\n<h2><strong>Mi az a D-vitamin?<\/strong><\/h2>\n<p>A D-vitamin nevet a zs\u00edrban old\u00f3d\u00f3 vitamin le\u00edr\u00e1s\u00e1ra haszn\u00e1ljuk, amit a napt\u00f3l, bizonyos \u00e9lelmiszerekt\u0151l \u00e9s \u00e9trend-kieg\u00e9sz\u00edt\u0151kt\u0151l kapunk meg. De a D-vitamin igaz\u00e1b\u00f3l nem csak egy dolog, hanem vegy\u00fcletek csoportja.<\/p>\n<p>A <strong>D2-vitamin (ergokalciferol<\/strong>) gomb\u00e1kban \u00e9s az \u00e9leszt\u0151ben tal\u00e1lhat\u00f3.<\/p>\n<p>A <strong>D3-vitamin (kolekalciferol)<\/strong> olyan \u00e1llati eredet\u0171 term\u00e9kekben tal\u00e1lhat\u00f3 meg, mint a hal, a toj\u00e1ss\u00e1rg\u00e1ja \u00e9s a sajt. A b\u0151r fel\u00fclet\u00e9n is l\u00e9trej\u00f6n, amennyiben az napf\u00e9nynek van kit\u00e9ve.<\/p>\n<p>A <strong>kalcifediol (25-hidroxi-D-vitamin)<\/strong> a D-vitamin egyik form\u00e1ja, amit v\u00e9rvizsg\u00e1latokkal m\u00e9rnek. D3-vitaminb\u00f3l keletkezik a m\u00e1jban.<\/p>\n<p>A <strong>kalcitriol (1,25-dihidroxi-D-vitamin)<\/strong> kalcifediolb\u00f3l k\u00e9sz\u00fcl a ves\u00e9ben. Ez a D-vitamin legakt\u00edvabb form\u00e1ja az emberi szervezetben. Ink\u00e1bb hormon, mint vitamin.<\/p>\n<figure id=\"attachment_12352\" aria-describedby=\"caption-attachment-12352\" style=\"width: 1000px\" class=\"wp-caption alignnone\"><a href=\"https:\/\/d2p6e6u75xmxt8.cloudfront.net\/12\/2021\/08\/Mushrooms-profimedia-0622332609.jpg\"><img loading=\"lazy\" decoding=\"async\" class=\"wp-image-12352 size-full\" src=\"https:\/\/d2p6e6u75xmxt8.cloudfront.net\/12\/2021\/08\/Mushrooms-profimedia-0622332609.jpg\" alt=\"Mushroom salad\" width=\"1000\" height=\"667\" srcset=\"https:\/\/d2p6e6u75xmxt8.cloudfront.net\/12\/2021\/08\/Mushrooms-profimedia-0622332609.jpg 1000w, https:\/\/d2p6e6u75xmxt8.cloudfront.net\/12\/2021\/08\/Mushrooms-profimedia-0622332609-300x200.jpg 300w, https:\/\/d2p6e6u75xmxt8.cloudfront.net\/12\/2021\/08\/Mushrooms-profimedia-0622332609-768x512.jpg 768w, https:\/\/d2p6e6u75xmxt8.cloudfront.net\/12\/2021\/08\/Mushrooms-profimedia-0622332609-272x182.jpg 272w\" sizes=\"auto, (max-width: 1000px) 100vw, 1000px\" \/><\/a><figcaption id=\"caption-attachment-12352\" class=\"wp-caption-text\">A gomba kiv\u00e1l\u00f3 D2-vitamin forr\u00e1s. \u00a9 Profimedia<\/figcaption><\/figure>\n<h2><strong>Mit tesz a D-vitamin?<\/strong><\/h2>\n<p>A D-vitamin nagy hat\u00e1ssal van az emberi szervezetre. Seg\u00edt szab\u00e1lyozni az immunrendszert \u00e9s a v\u00e9rcukorszintet, j\u00f3t tesz a csontok eg\u00e9szs\u00e9g\u00e9nek, seg\u00edti a kalcium felsz\u00edv\u00f3d\u00e1s\u00e1t \u00e9s kering\u00e9s\u00e9t, valamint a norm\u00e1lis v\u00e9rnyom\u00e1s\u00e9rt is felel. Azt is kimutatt\u00e1k, hogy a csontritkul\u00e1st\u00f3l az autoimmun betegs\u00e9gekig, a sz\u00edv-\u00e9s \u00e9rrendszeri probl\u00e9m\u00e1kig \u00e9s a r\u00e1kig minden betegs\u00e9get seg\u00edt megel\u0151zni.<\/p>\n<h2><strong>Szedned k\u00e9ne?<\/strong><\/h2>\n<p>Szeretn\u00e9l D-vitamint szedni, miut\u00e1n l\u00e1ttad, milyen j\u00f3t\u00e9kony hat\u00e1sai vannak? A statisztik\u00e1k kimutatt\u00e1k, hogy vil\u00e1gszerte a feln\u0151ttek \u00e9s a gyermekek 20-40%-a nem rendelkezik elegend\u0151 D-vitamin szinttel. Szeretn\u00e9d tudni, hogy te is ebbe a kateg\u00f3ri\u00e1ba tartozol-e?<\/p>\n<h2><strong>El\u0151sz\u00f6r v\u00e1laszolj az al\u00e1bbi k\u00e9rd\u00e9sekre!<\/strong><\/h2>\n<p>Ha a lenti k\u00e9rd\u00e9sek b\u00e1rmelyik\u00e9re \u201cigen\u201d a v\u00e1lasz, akkor val\u00f3sz\u00edn\u0171leg vitaminhi\u00e1nyod van.<\/p>\n<ul>\n<li>T\u00e1vol \u00e9lsz az Egyenl\u00edt\u0151t\u0151l, olyan helyen, ahol van t\u00e9l? Itt a hidegebb h\u00f3napokban szinte lehetetlen elegend\u0151 D-vitamint nyerni a napb\u00f3l.<\/li>\n<li>S\u00f6t\u00e9tebb a b\u0151r\u00f6d? A melanin, a pigment, ami s\u00f6t\u00e9t\u00edti a b\u0151rt, cs\u00f6kkenti a D-vitamin termel\u00e9si k\u00e9pess\u00e9g\u00e9t, amikor napf\u00e9nynek van kit\u00e9ve.<\/li>\n<li>Elm\u00falt\u00e1l 50 \u00e9ves? Az \u00e9letkor cs\u00f6kkenti a szervezet D-vitamin szint\u00e9zis\u00e9t a b\u0151r\u00f6n.<\/li>\n<li>T\u00fals\u00falyos vagy, vagy kr\u00f3nikus betegs\u00e9gben szenvedsz? Ezek a k\u00f6r\u00fclm\u00e9nyek nagyobb val\u00f3sz\u00edn\u0171s\u00e9ggel okoznak probl\u00e9m\u00e1kat a D-vitamin felsz\u00edv\u00f3d\u00e1sa k\u00f6zben.<\/li>\n<li>Mindenhol takar a ruha vagy mindig van rajtad f\u00e9nyv\u00e9d\u0151? Ezek megv\u00e9dik a b\u0151r\u00f6d az UVB \u00e9s UVA sugarakt\u00f3l, amik g\u00e1tolj\u00e1k a D-vitamin szint\u00e9zist.<\/li>\n<li>Napk\u00f6zben nem t\u00f6ltesz kint sok id\u0151t? Ha nem tart\u00f3zkodsz k\u00fclt\u00e9ren rendszeresen akkor, amikor a legink\u00e1bb t\u0171z a nap, nem jutsz el\u00e9g D-vitaminhoz.<\/li>\n<li style=\"list-style-type: none;\">\n<p><figure id=\"attachment_12353\" aria-describedby=\"caption-attachment-12353\" style=\"width: 1024px\" class=\"wp-caption alignnone\"><a href=\"https:\/\/d2p6e6u75xmxt8.cloudfront.net\/12\/2021\/08\/Running-in-the-sun-pexels-rfstudio-4177517.jpg\"><img loading=\"lazy\" decoding=\"async\" class=\"wp-image-12353 size-full\" src=\"https:\/\/d2p6e6u75xmxt8.cloudfront.net\/12\/2021\/08\/Running-in-the-sun-pexels-rfstudio-4177517.jpg\" alt=\"Running\" width=\"1024\" height=\"731\" srcset=\"https:\/\/d2p6e6u75xmxt8.cloudfront.net\/12\/2021\/08\/Running-in-the-sun-pexels-rfstudio-4177517.jpg 1024w, https:\/\/d2p6e6u75xmxt8.cloudfront.net\/12\/2021\/08\/Running-in-the-sun-pexels-rfstudio-4177517-300x214.jpg 300w, https:\/\/d2p6e6u75xmxt8.cloudfront.net\/12\/2021\/08\/Running-in-the-sun-pexels-rfstudio-4177517-768x548.jpg 768w\" sizes=\"auto, (max-width: 1024px) 100vw, 1024px\" \/><\/a><figcaption id=\"caption-attachment-12353\" class=\"wp-caption-text\">Mennyi id\u0151t t\u00f6ltesz a napon?<\/figcaption><\/figure><\/li>\n<\/ul>\n<h2><strong>Vannak kock\u00e1zatok<\/strong><\/h2>\n<p>Miel\u0151tt \u00f6n\u00e1ll\u00f3an diagnosztiz\u00e1ln\u00e1d, mennyire van sz\u00fcks\u00e9ged D-vitamin tablett\u00e1ra, sz\u00e1mba kell venned a kock\u00e1zatokat is. Fontos szem el\u0151tt tartani, hogy a D-vitamin szed\u00e9se abban az esetben, ha nincs bel\u0151le hi\u00e1nyod, szinte semmilyen el\u0151nnyel nem j\u00e1r. A kutat\u00e1sok pedig kimutatt\u00e1k, hogy nagy d\u00f3zisokban ak\u00e1r k\u00e1rt is okozhat. \u00cdme a n\u00e9gy f\u0151 probl\u00e9ma!<\/p>\n<p><strong>Toxicit\u00e1s<\/strong> &#8211; A D-vitamin nagy mennyis\u00e9gben f\u00e1radts\u00e1got, feled\u00e9kenys\u00e9get, h\u00e1nyingert, h\u00e1ny\u00e1st vagy besz\u00e9dzavart okozhat. Szerencs\u00e9re ez nem gyakori, \u00e9s csak azokn\u00e1l fordul el\u0151, akik hossz\u00fa t\u00e1v\u00fa, nagy d\u00f3zis\u00fa kieg\u00e9sz\u00edt\u0151ket szednek an\u00e9lk\u00fcl, hogy el\u0151tte ellen\u0151rizn\u00e9k a v\u00e9rszintj\u00fcket.<\/p>\n<p><strong>Magas kalciumszint a v\u00e9rben<\/strong> &#8211; A t\u00fal sok D-vitamin bevitele a kalcium t\u00falzott felsz\u00edv\u00f3d\u00e1s\u00e1t eredm\u00e9nyezheti. A megemelkedett kalciumszint olyan t\u00fcnetekhez vezethet, mint az \u00e9tv\u00e1gytalans\u00e1g, h\u00e1nyinger \u00e9s h\u00e1ny\u00e1s, sz\u00e9kreked\u00e9s, f\u00e1radts\u00e1g, gyenges\u00e9g, izomf\u00e1jdalom, zavarts\u00e1g \u00e9s depresszi\u00f3.<\/p>\n<p><strong>Csontritkul\u00e1s <\/strong>&#8211; A D-vitamin nagy d\u00f3zisban alacsony K2-vitamin szintet eredm\u00e9nyezhet. Ennek a vitaminnak az a szerepe, hogy megtartsa a kalciumot a csontokban. Alacsony K2-szint eset\u00e9n a csontok nem rendelkeznek elegend\u0151 kalciummal.<\/p>\n<figure id=\"attachment_12354\" aria-describedby=\"caption-attachment-12354\" style=\"width: 1024px\" class=\"wp-caption alignnone\"><a href=\"https:\/\/d2p6e6u75xmxt8.cloudfront.net\/12\/2021\/08\/Milk-Calcium-pexels-pixabay-236010.jpg\"><img loading=\"lazy\" decoding=\"async\" class=\"wp-image-12354 size-full\" src=\"https:\/\/d2p6e6u75xmxt8.cloudfront.net\/12\/2021\/08\/Milk-Calcium-pexels-pixabay-236010.jpg\" alt=\"Calcium\" width=\"1024\" height=\"682\" srcset=\"https:\/\/d2p6e6u75xmxt8.cloudfront.net\/12\/2021\/08\/Milk-Calcium-pexels-pixabay-236010.jpg 1024w, https:\/\/d2p6e6u75xmxt8.cloudfront.net\/12\/2021\/08\/Milk-Calcium-pexels-pixabay-236010-300x200.jpg 300w, https:\/\/d2p6e6u75xmxt8.cloudfront.net\/12\/2021\/08\/Milk-Calcium-pexels-pixabay-236010-768x512.jpg 768w, https:\/\/d2p6e6u75xmxt8.cloudfront.net\/12\/2021\/08\/Milk-Calcium-pexels-pixabay-236010-272x182.jpg 272w\" sizes=\"auto, (max-width: 1024px) 100vw, 1024px\" \/><\/a><figcaption id=\"caption-attachment-12354\" class=\"wp-caption-text\"><em>A D -vitamin t\u00faladagol\u00e1sa a csontok alacsony kalcium szintj\u00e9hez, majd csontritkul\u00e1shoz vezethet.<\/em><\/figcaption><\/figure>\n<h2><strong>A v\u00e9rvizsg\u00e1lat az egyetlen megb\u00edzhat\u00f3 m\u00f3dszer<\/strong><\/h2>\n<p>Ha nem l\u00e1tod tiszt\u00e1n, hogy sz\u00fcks\u00e9ged van-e D-vitaminra, vagy ink\u00e1bb el k\u00e9ne ker\u00fcln\u00f6d, az most teljesen \u00e9rthet\u0151. Ez egy \u00f6sszetett k\u00e9rd\u00e9s, \u00e9s minden kieg\u00e9sz\u00edt\u0151h\u00f6z \u00f3vatosan kell k\u00f6zeledned. Szerencs\u00e9re l\u00e9tezik egy m\u00f3dja annak, hogy eld\u00f6nthesd ezt, ez pedig a v\u00e9rvizsg\u00e1lat.<\/p>\n<p>A csontok eg\u00e9szs\u00e9g\u00e9nek optimaliz\u00e1l\u00e1sa \u00e9s a betegs\u00e9g kock\u00e1zat\u00e1nak minimaliz\u00e1l\u00e1sa \u00e9rdek\u00e9ben t\u00f6rekedj arra, besz\u00e9ld meg orvosoddal, hogy kieg\u00e9sz\u00edt\u0151k\u00f6n gondolkodsz \u00e9s k\u00e9rj t\u0151le v\u00e9rvizsg\u00e1latot!<\/p>\n<p>Hogyan lehet biztos\u00edtani az optim\u00e1lis D-vitamin szint megtart\u00e1s\u00e1t tablett\u00e1k n\u00e9lk\u00fcl? Milyen \u00e9telek aj\u00e1nlottak? Milyen t\u00edpus\u00fa kieg\u00e9sz\u00edt\u0151k a legjobban? <a href=\"https:\/\/www.welovecycling.com\/hu\/edzes-es-eletmod\/d-vitamin-hogyan-juthatunk-hozza\/\">El\u0151z\u0151 cikk\u00fcnkben<\/a> kider\u00fcl.<\/p>\n","protected":false},"excerpt":{"rendered":"<p>A D-vitamin szinte m\u00e1r t\u00fal j\u00f3nak hangzik ahhoz, hogy igaz legyen. Sok kutat\u00e1s azt sugallja, hogy seg\u00edthet megel\u0151zni k\u00fcl\u00f6nb\u00f6z\u0151 betegs\u00e9geket, [&hellip;]<\/p>\n","protected":false},"author":71,"featured_media":12356,"comment_status":"open","ping_status":"open","sticky":false,"template":"","format":"standard","meta":{"footnotes":""},"categories":[6],"tags":[],"global-categories":[],"class_list":["post-12351","post","type-post","status-publish","format-standard","has-post-thumbnail","hentry","category-edzes-es-eletmod"],"yoast_head":"<!-- This site is optimized with the Yoast SEO Premium plugin v25.3 (Yoast SEO v25.9) - https:\/\/yoast.com\/wordpress\/plugins\/seo\/ -->\n<title>D -vitamin - Szedned k\u00e9ne? - \u0160koda We Love Cycling - Magyarorsz\u00e1g<\/title>\n<meta name=\"description\" content=\"A D-vitamin szinte m\u00e1r t\u00fal j\u00f3nak hangzik ahhoz, hogy igaz legyen. Sok kutat\u00e1s azt sugallja, hogy seg\u00edthet megel\u0151zni k\u00fcl\u00f6nb\u00f6z\u0151 betegs\u00e9geket, valamint jav\u00edtja az immunrendszert \u00e9s \u0151rzi a csontok eg\u00e9szs\u00e9g\u00e9t. A k\u00e9rd\u00e9s az, hogy kell-e D-vitamint szedni kieg\u00e9sz\u00edt\u0151k\u00e9nt? Vannak kock\u00e1zatai? N\u00e9zz\u00fck meg!\" \/>\n<meta name=\"robots\" content=\"index, follow, max-snippet:-1, max-image-preview:large, max-video-preview:-1\" \/>\n<link rel=\"canonical\" href=\"https:\/\/www.welovecycling.com\/hu\/edzes-es-eletmod\/d-vitamin-szedned-kene\/\" \/>\n<meta property=\"og:locale\" content=\"hu_HU\" \/>\n<meta property=\"og:type\" content=\"article\" \/>\n<meta property=\"og:title\" content=\"D -vitamin - Szedned k\u00e9ne?\" \/>\n<meta property=\"og:description\" content=\"A D-vitamin szinte m\u00e1r t\u00fal j\u00f3nak hangzik ahhoz, hogy igaz legyen. Sok kutat\u00e1s azt sugallja, hogy seg\u00edthet megel\u0151zni k\u00fcl\u00f6nb\u00f6z\u0151 betegs\u00e9geket, valamint jav\u00edtja az immunrendszert \u00e9s \u0151rzi a csontok eg\u00e9szs\u00e9g\u00e9t. A k\u00e9rd\u00e9s az, hogy kell-e D-vitamint szedni kieg\u00e9sz\u00edt\u0151k\u00e9nt? Vannak kock\u00e1zatai? N\u00e9zz\u00fck meg!\" \/>\n<meta property=\"og:url\" content=\"https:\/\/www.welovecycling.com\/hu\/edzes-es-eletmod\/d-vitamin-szedned-kene\/\" \/>\n<meta property=\"og:site_name\" content=\"\u0160koda We Love Cycling - Magyarorsz\u00e1g\" \/>\n<meta property=\"article:publisher\" content=\"https:\/\/www.facebook.com\/WeLoveCyclingHungary\/\" \/>\n<meta property=\"article:published_time\" content=\"2021-09-08T06:00:59+00:00\" \/>\n<meta property=\"og:image\" content=\"https:\/\/d2p6e6u75xmxt8.cloudfront.net\/12\/2021\/08\/Vitamin-D-Supplements-profimedia-0619338423-CVR.jpg\" \/>\n\t<meta property=\"og:image:width\" content=\"1366\" \/>\n\t<meta property=\"og:image:height\" content=\"600\" \/>\n\t<meta property=\"og:image:type\" content=\"image\/jpeg\" \/>\n<meta name=\"author\" content=\"hegyizs\" \/>\n<meta name=\"twitter:card\" content=\"summary_large_image\" \/>\n<meta name=\"twitter:label1\" content=\"Written by\" \/>\n\t<meta name=\"twitter:data1\" content=\"Ji\u0159\u00ed Kalo\u010d\" \/>\n\t<meta name=\"twitter:label2\" content=\"Est. reading time\" \/>\n\t<meta name=\"twitter:data2\" content=\"6\" \/>\n<script type=\"application\/ld+json\" class=\"yoast-schema-graph\">{\"@context\":\"https:\/\/schema.org\",\"@graph\":[{\"@type\":\"WebPage\",\"@id\":\"https:\/\/www.welovecycling.com\/hu\/edzes-es-eletmod\/d-vitamin-szedned-kene\/\",\"url\":\"https:\/\/www.welovecycling.com\/hu\/edzes-es-eletmod\/d-vitamin-szedned-kene\/\",\"name\":\"D -vitamin - Szedned k\u00e9ne? - \u0160koda We Love Cycling - Magyarorsz\u00e1g\",\"isPartOf\":{\"@id\":\"https:\/\/www.welovecycling.com\/hu\/#website\"},\"primaryImageOfPage\":{\"@id\":\"https:\/\/www.welovecycling.com\/hu\/edzes-es-eletmod\/d-vitamin-szedned-kene\/#primaryimage\"},\"image\":{\"@id\":\"https:\/\/www.welovecycling.com\/hu\/edzes-es-eletmod\/d-vitamin-szedned-kene\/#primaryimage\"},\"thumbnailUrl\":\"https:\/\/d2p6e6u75xmxt8.cloudfront.net\/12\/2021\/08\/Vitamin-D-Supplements-profimedia-0619338423-CVR.jpg\",\"datePublished\":\"2021-09-08T06:00:59+00:00\",\"author\":{\"@id\":\"https:\/\/www.welovecycling.com\/hu\/#\/schema\/person\/414a2aebf1801691a5320edb6468e194\"},\"description\":\"A D-vitamin szinte m\u00e1r t\u00fal j\u00f3nak hangzik ahhoz, hogy igaz legyen. Sok kutat\u00e1s azt sugallja, hogy seg\u00edthet megel\u0151zni k\u00fcl\u00f6nb\u00f6z\u0151 betegs\u00e9geket, valamint jav\u00edtja az immunrendszert \u00e9s \u0151rzi a csontok eg\u00e9szs\u00e9g\u00e9t. A k\u00e9rd\u00e9s az, hogy kell-e D-vitamint szedni kieg\u00e9sz\u00edt\u0151k\u00e9nt? Vannak kock\u00e1zatai? N\u00e9zz\u00fck meg!\",\"breadcrumb\":{\"@id\":\"https:\/\/www.welovecycling.com\/hu\/edzes-es-eletmod\/d-vitamin-szedned-kene\/#breadcrumb\"},\"inLanguage\":\"hu\",\"potentialAction\":[{\"@type\":\"ReadAction\",\"target\":[\"https:\/\/www.welovecycling.com\/hu\/edzes-es-eletmod\/d-vitamin-szedned-kene\/\"]}]},{\"@type\":\"ImageObject\",\"inLanguage\":\"hu\",\"@id\":\"https:\/\/www.welovecycling.com\/hu\/edzes-es-eletmod\/d-vitamin-szedned-kene\/#primaryimage\",\"url\":\"https:\/\/d2p6e6u75xmxt8.cloudfront.net\/12\/2021\/08\/Vitamin-D-Supplements-profimedia-0619338423-CVR.jpg\",\"contentUrl\":\"https:\/\/d2p6e6u75xmxt8.cloudfront.net\/12\/2021\/08\/Vitamin-D-Supplements-profimedia-0619338423-CVR.jpg\",\"width\":1366,\"height\":600,\"caption\":\"Vitamin D Supplements\"},{\"@type\":\"BreadcrumbList\",\"@id\":\"https:\/\/www.welovecycling.com\/hu\/edzes-es-eletmod\/d-vitamin-szedned-kene\/#breadcrumb\",\"itemListElement\":[{\"@type\":\"ListItem\",\"position\":1,\"name\":\"Home\",\"item\":\"https:\/\/www.welovecycling.com\/hu\/\"},{\"@type\":\"ListItem\",\"position\":2,\"name\":\"D -vitamin &#8211; Szedned k\u00e9ne?\"}]},{\"@type\":\"WebSite\",\"@id\":\"https:\/\/www.welovecycling.com\/hu\/#website\",\"url\":\"https:\/\/www.welovecycling.com\/hu\/\",\"name\":\"\u0160koda We Love Cycling - Magyarorsz\u00e1g\",\"description\":\"\u0160koda WeLoveCycling\",\"potentialAction\":[{\"@type\":\"SearchAction\",\"target\":{\"@type\":\"EntryPoint\",\"urlTemplate\":\"https:\/\/www.welovecycling.com\/hu\/?s={search_term_string}\"},\"query-input\":{\"@type\":\"PropertyValueSpecification\",\"valueRequired\":true,\"valueName\":\"search_term_string\"}}],\"inLanguage\":\"hu\"},{\"@type\":\"Person\",\"@id\":\"https:\/\/www.welovecycling.com\/hu\/#\/schema\/person\/414a2aebf1801691a5320edb6468e194\",\"name\":\"hegyizs\",\"image\":{\"@type\":\"ImageObject\",\"inLanguage\":\"hu\",\"@id\":\"https:\/\/www.welovecycling.com\/hu\/#\/schema\/person\/image\/\",\"url\":\"https:\/\/secure.gravatar.com\/avatar\/02cf8a7906b8cf90cecb4679defac7cfd33a1c2e3b88e4903d947f3bb58eedd3?s=96&d=mm&r=g\",\"contentUrl\":\"https:\/\/secure.gravatar.com\/avatar\/02cf8a7906b8cf90cecb4679defac7cfd33a1c2e3b88e4903d947f3bb58eedd3?s=96&d=mm&r=g\",\"caption\":\"hegyizs\"},\"url\":\"https:\/\/www.welovecycling.com\/hu\/author\/hegyizs\/\"}]}<\/script>\n<!-- \/ Yoast SEO Premium plugin. -->","yoast_head_json":{"title":"D -vitamin - Szedned k\u00e9ne? - \u0160koda We Love Cycling - Magyarorsz\u00e1g","description":"A D-vitamin szinte m\u00e1r t\u00fal j\u00f3nak hangzik ahhoz, hogy igaz legyen. Sok kutat\u00e1s azt sugallja, hogy seg\u00edthet megel\u0151zni k\u00fcl\u00f6nb\u00f6z\u0151 betegs\u00e9geket, valamint jav\u00edtja az immunrendszert \u00e9s \u0151rzi a csontok eg\u00e9szs\u00e9g\u00e9t. A k\u00e9rd\u00e9s az, hogy kell-e D-vitamint szedni kieg\u00e9sz\u00edt\u0151k\u00e9nt? Vannak kock\u00e1zatai? N\u00e9zz\u00fck meg!","robots":{"index":"index","follow":"follow","max-snippet":"max-snippet:-1","max-image-preview":"max-image-preview:large","max-video-preview":"max-video-preview:-1"},"canonical":"https:\/\/www.welovecycling.com\/hu\/edzes-es-eletmod\/d-vitamin-szedned-kene\/","og_locale":"hu_HU","og_type":"article","og_title":"D -vitamin - Szedned k\u00e9ne?","og_description":"A D-vitamin szinte m\u00e1r t\u00fal j\u00f3nak hangzik ahhoz, hogy igaz legyen. Sok kutat\u00e1s azt sugallja, hogy seg\u00edthet megel\u0151zni k\u00fcl\u00f6nb\u00f6z\u0151 betegs\u00e9geket, valamint jav\u00edtja az immunrendszert \u00e9s \u0151rzi a csontok eg\u00e9szs\u00e9g\u00e9t. A k\u00e9rd\u00e9s az, hogy kell-e D-vitamint szedni kieg\u00e9sz\u00edt\u0151k\u00e9nt? Vannak kock\u00e1zatai? N\u00e9zz\u00fck meg!","og_url":"https:\/\/www.welovecycling.com\/hu\/edzes-es-eletmod\/d-vitamin-szedned-kene\/","og_site_name":"\u0160koda We Love Cycling - Magyarorsz\u00e1g","article_publisher":"https:\/\/www.facebook.com\/WeLoveCyclingHungary\/","article_published_time":"2021-09-08T06:00:59+00:00","og_image":[{"width":1366,"height":600,"url":"https:\/\/d2p6e6u75xmxt8.cloudfront.net\/12\/2021\/08\/Vitamin-D-Supplements-profimedia-0619338423-CVR.jpg","type":"image\/jpeg"}],"author":"hegyizs","twitter_card":"summary_large_image","twitter_misc":{"Written by":"Ji\u0159\u00ed Kalo\u010d","Est. reading time":"6"},"schema":{"@context":"https:\/\/schema.org","@graph":[{"@type":"WebPage","@id":"https:\/\/www.welovecycling.com\/hu\/edzes-es-eletmod\/d-vitamin-szedned-kene\/","url":"https:\/\/www.welovecycling.com\/hu\/edzes-es-eletmod\/d-vitamin-szedned-kene\/","name":"D -vitamin - Szedned k\u00e9ne? - \u0160koda We Love Cycling - Magyarorsz\u00e1g","isPartOf":{"@id":"https:\/\/www.welovecycling.com\/hu\/#website"},"primaryImageOfPage":{"@id":"https:\/\/www.welovecycling.com\/hu\/edzes-es-eletmod\/d-vitamin-szedned-kene\/#primaryimage"},"image":{"@id":"https:\/\/www.welovecycling.com\/hu\/edzes-es-eletmod\/d-vitamin-szedned-kene\/#primaryimage"},"thumbnailUrl":"https:\/\/d2p6e6u75xmxt8.cloudfront.net\/12\/2021\/08\/Vitamin-D-Supplements-profimedia-0619338423-CVR.jpg","datePublished":"2021-09-08T06:00:59+00:00","author":{"@id":"https:\/\/www.welovecycling.com\/hu\/#\/schema\/person\/414a2aebf1801691a5320edb6468e194"},"description":"A D-vitamin szinte m\u00e1r t\u00fal j\u00f3nak hangzik ahhoz, hogy igaz legyen. Sok kutat\u00e1s azt sugallja, hogy seg\u00edthet megel\u0151zni k\u00fcl\u00f6nb\u00f6z\u0151 betegs\u00e9geket, valamint jav\u00edtja az immunrendszert \u00e9s \u0151rzi a csontok eg\u00e9szs\u00e9g\u00e9t. A k\u00e9rd\u00e9s az, hogy kell-e D-vitamint szedni kieg\u00e9sz\u00edt\u0151k\u00e9nt? Vannak kock\u00e1zatai? N\u00e9zz\u00fck meg!","breadcrumb":{"@id":"https:\/\/www.welovecycling.com\/hu\/edzes-es-eletmod\/d-vitamin-szedned-kene\/#breadcrumb"},"inLanguage":"hu","potentialAction":[{"@type":"ReadAction","target":["https:\/\/www.welovecycling.com\/hu\/edzes-es-eletmod\/d-vitamin-szedned-kene\/"]}]},{"@type":"ImageObject","inLanguage":"hu","@id":"https:\/\/www.welovecycling.com\/hu\/edzes-es-eletmod\/d-vitamin-szedned-kene\/#primaryimage","url":"https:\/\/d2p6e6u75xmxt8.cloudfront.net\/12\/2021\/08\/Vitamin-D-Supplements-profimedia-0619338423-CVR.jpg","contentUrl":"https:\/\/d2p6e6u75xmxt8.cloudfront.net\/12\/2021\/08\/Vitamin-D-Supplements-profimedia-0619338423-CVR.jpg","width":1366,"height":600,"caption":"Vitamin D Supplements"},{"@type":"BreadcrumbList","@id":"https:\/\/www.welovecycling.com\/hu\/edzes-es-eletmod\/d-vitamin-szedned-kene\/#breadcrumb","itemListElement":[{"@type":"ListItem","position":1,"name":"Home","item":"https:\/\/www.welovecycling.com\/hu\/"},{"@type":"ListItem","position":2,"name":"D -vitamin &#8211; Szedned k\u00e9ne?"}]},{"@type":"WebSite","@id":"https:\/\/www.welovecycling.com\/hu\/#website","url":"https:\/\/www.welovecycling.com\/hu\/","name":"\u0160koda We Love Cycling - Magyarorsz\u00e1g","description":"\u0160koda WeLoveCycling","potentialAction":[{"@type":"SearchAction","target":{"@type":"EntryPoint","urlTemplate":"https:\/\/www.welovecycling.com\/hu\/?s={search_term_string}"},"query-input":{"@type":"PropertyValueSpecification","valueRequired":true,"valueName":"search_term_string"}}],"inLanguage":"hu"},{"@type":"Person","@id":"https:\/\/www.welovecycling.com\/hu\/#\/schema\/person\/414a2aebf1801691a5320edb6468e194","name":"hegyizs","image":{"@type":"ImageObject","inLanguage":"hu","@id":"https:\/\/www.welovecycling.com\/hu\/#\/schema\/person\/image\/","url":"https:\/\/secure.gravatar.com\/avatar\/02cf8a7906b8cf90cecb4679defac7cfd33a1c2e3b88e4903d947f3bb58eedd3?s=96&d=mm&r=g","contentUrl":"https:\/\/secure.gravatar.com\/avatar\/02cf8a7906b8cf90cecb4679defac7cfd33a1c2e3b88e4903d947f3bb58eedd3?s=96&d=mm&r=g","caption":"hegyizs"},"url":"https:\/\/www.welovecycling.com\/hu\/author\/hegyizs\/"}]}},"_links":{"self":[{"href":"https:\/\/www.welovecycling.com\/hu\/wp-json\/wp\/v2\/posts\/12351","targetHints":{"allow":["GET"]}}],"collection":[{"href":"https:\/\/www.welovecycling.com\/hu\/wp-json\/wp\/v2\/posts"}],"about":[{"href":"https:\/\/www.welovecycling.com\/hu\/wp-json\/wp\/v2\/types\/post"}],"author":[{"embeddable":true,"href":"https:\/\/www.welovecycling.com\/hu\/wp-json\/wp\/v2\/users\/71"}],"replies":[{"embeddable":true,"href":"https:\/\/www.welovecycling.com\/hu\/wp-json\/wp\/v2\/comments?post=12351"}],"version-history":[{"count":2,"href":"https:\/\/www.welovecycling.com\/hu\/wp-json\/wp\/v2\/posts\/12351\/revisions"}],"predecessor-version":[{"id":12374,"href":"https:\/\/www.welovecycling.com\/hu\/wp-json\/wp\/v2\/posts\/12351\/revisions\/12374"}],"wp:featuredmedia":[{"embeddable":true,"href":"https:\/\/www.welovecycling.com\/hu\/wp-json\/wp\/v2\/media\/12356"}],"wp:attachment":[{"href":"https:\/\/www.welovecycling.com\/hu\/wp-json\/wp\/v2\/media?parent=12351"}],"wp:term":[{"taxonomy":"category","embeddable":true,"href":"https:\/\/www.welovecycling.com\/hu\/wp-json\/wp\/v2\/categories?post=12351"},{"taxonomy":"post_tag","embeddable":true,"href":"https:\/\/www.welovecycling.com\/hu\/wp-json\/wp\/v2\/tags?post=12351"},{"taxonomy":"global-categories","embeddable":true,"href":"https:\/\/www.welovecycling.com\/hu\/wp-json\/wp\/v2\/global-categories?post=12351"}],"curies":[{"name":"wp","href":"https:\/\/api.w.org\/{rel}","templated":true}]}}