{"id":12328,"date":"2021-08-30T14:00:06","date_gmt":"2021-08-30T12:00:06","guid":{"rendered":"https:\/\/www.welovecycling.com\/hu\/?p=12328"},"modified":"2021-08-27T13:47:32","modified_gmt":"2021-08-27T11:47:32","slug":"bringazz-felelek-kerdezz-valter-attitol","status":"publish","type":"post","link":"https:\/\/www.welovecycling.com\/hu\/bringazz-felelek\/bringazz-felelek-kerdezz-valter-attitol\/","title":{"rendered":"Bring\u00e1zz-felelek: K\u00e9rdezz Valter Attit\u00f3l!"},"content":{"rendered":"<p><strong>Valter Attil\u00e1t senkinek sem kell bemutatnunk, de aki m\u00e9gsem ismeri el\u00e9gg\u00e9, az n\u00e9zze meg <\/strong><a href=\"https:\/\/www.welovecycling.com\/hu\/tour-de-hongrie\/valter-attila-a-kekesteto-ura-a-csomori-giro-hos\/\"><strong>vele k\u00e9sz\u00fclt interj\u00fankat<\/strong><\/a><strong>. Ha pedig m\u00e9g ez sem el\u00e9g, \u2013 \u00e9s mi\u00e9rt lenne az?\u00a0 -itt a lehet\u0151s\u00e9g, hogy egyenesen t\u0151le k\u00e9rdezd meg, hogy m\u00e9gis hogyan lett az orsz\u00e1g egyik legelismertebb kerekese, milyen \u00e9rz\u00e9s els\u0151k\u00e9nt begurulni a c\u00e9lba, kijutni az olimpi\u00e1ra \u00e9s mennyire f\u00e1j mintegy 42 km\/\u00f3r\u00e1val feltekerni a M\u00e1tr\u00e1ra!<\/strong><!--more--><\/p>\n<p>Mindannyiunk b\u00fcszkes\u00e9ge Valter Attila, aki egy olyan vil\u00e1gban \u00e9r el sikereket, ami egyszerre \u00e1ll k\u00f6zel hozz\u00e1nk \u00e9s el\u00e9rhetetlen\u00fcl t\u00e1vol. Nagyon \u00e9lvezz\u00fck, ami az \u00e9lsport sz\u00ednpad\u00e1n zajlik, \u00e9s minden er\u0151nkkel szurkolunk a magyar bring\u00e1soknak, de k\u00f6zben alig v\u00e1rjuk, hogy beleshess\u00fcnk a kulissz\u00e1k m\u00f6g\u00e9. Most, itt a lehet\u0151s\u00e9g: Atti els\u0151 k\u00e9zb\u0151l tapasztalja meg a profi sportol\u00e1s csillog\u00f3, napos \u00e9s \u00e1rnyoldalait is. Mi m\u00e1r feltett\u00fcnk n\u00e9h\u00e1ny k\u00e9rd\u00e9st, te mire lenn\u00e9l k\u00edv\u00e1ncsi? Hamarosan vide\u00f3ban v\u00e1laszol!<\/p>\n<figure id=\"attachment_12329\" aria-describedby=\"caption-attachment-12329\" style=\"width: 945px\" class=\"wp-caption alignnone\"><a href=\"https:\/\/d2p6e6u75xmxt8.cloudfront.net\/12\/2021\/08\/valter_a1.png\"><img loading=\"lazy\" decoding=\"async\" class=\"size-full wp-image-12329\" src=\"https:\/\/d2p6e6u75xmxt8.cloudfront.net\/12\/2021\/08\/valter_a1.png\" alt=\"\" width=\"945\" height=\"631\" srcset=\"https:\/\/d2p6e6u75xmxt8.cloudfront.net\/12\/2021\/08\/valter_a1.png 945w, https:\/\/d2p6e6u75xmxt8.cloudfront.net\/12\/2021\/08\/valter_a1-300x200.png 300w, https:\/\/d2p6e6u75xmxt8.cloudfront.net\/12\/2021\/08\/valter_a1-768x513.png 768w, https:\/\/d2p6e6u75xmxt8.cloudfront.net\/12\/2021\/08\/valter_a1-272x182.png 272w\" sizes=\"auto, (max-width: 945px) 100vw, 945px\" \/><\/a><figcaption id=\"caption-attachment-12329\" class=\"wp-caption-text\">Te is szeretn\u00e9d tudni, milyen \u00e9rz\u00e9s fel\u00e1llni a dobog\u00f3ra?<\/figcaption><\/figure>\n<h3><strong>Gondoltad volna gyerekk\u00e9nt, hogy az orsz\u00e1g egyik legnagyobb b\u00fcszkes\u00e9ge leszel, \u00e9s egyk\u00e9nt szurkolunk majd neked a versenyeken?<\/strong><\/h3>\n<p>Sosem gondoltam volna, hogy ker\u00e9kp\u00e1rosk\u00e9nt ekkora hazai figyelmet kaphatok majd. Mindig is az eredm\u00e9nyeimre, teljes\u00edtm\u00e9nyemre figyeltem, hiszen itthon sosem volt kiemelt sport a ker\u00e9kp\u00e1r. M\u00e9g mindig nem tartok ott, ahol szeretn\u00e9k, rengeteget tudok m\u00e9g fejl\u0151dni, de az, hogy m\u00e1r most elismert sportol\u00f3 vagyok Magyarorsz\u00e1gon nagyon nagy \u00f6nbizalmat ad. Nem gondoltam volna, hogy ennyi embert \u00e9rdekel a karrierem, de \u00fagy \u00e9rzem, nagyon j\u00f3 ir\u00e1nyba mozdult el a sport szeretete az emberek k\u00f6r\u00e9ben az ut\u00f3bbi id\u0151szakban.<\/p>\n<h3><strong>Mikor d\u00f6nt\u00f6tted el, hogy a profi ker\u00e9kp\u00e1roz\u00e1s fel\u00e9 veszed az ir\u00e1nyt?<\/strong><\/h3>\n<p>Ez egy hossz\u00fa folyamat volt sz\u00e1momra. L\u00e1ttam \u00e9desap\u00e1mat versenyezni, \u00edgy term\u00e9szetesen \u00e9n is ezzel szerettem volna foglalkozni, de sok\u00e1ig ez ink\u00e1bb amb\u00edci\u00f3 volt, mintsem fix d\u00f6nt\u00e9s. Nagyj\u00e1b\u00f3l 19-20 \u00e9ves koromban, a komolyabb feln\u0151tt eredm\u00e9nyekhez k\u00f6zeledve mondtam ki el\u0151sz\u00f6r, hogy minden nap a ker\u00e9kp\u00e1rsportnak akarok \u00e9lni.<\/p>\n<h3><strong>Mit sz\u00f3lt a csal\u00e1dod a d\u00f6nt\u00e9sedhez?<\/strong><\/h3>\n<p>A csal\u00e1dom term\u00e9szetesen mindenben t\u00e1mogatott, s\u0151t\u2026 Ker\u00e9kp\u00e1ros csal\u00e1dba sz\u00fclettem, \u00edgy nem is volt k\u00e9rd\u00e9s, hogy megpr\u00f3b\u00e1lkozom vele, de sosem volt k\u00f6telez\u0151 egyetlen edz\u00e9s sem. Biztos vagyok benne, hogy hossz\u00fat\u00e1von ez j\u00f3t tett nekem, sosem teherk\u00e9nt \u00e9ltem meg a bring\u00e1z\u00e1st, a csal\u00e1dom pedig tudja, hogy ezt szeretem csin\u00e1lni, \u00edgy \u0151szint\u00e9n tudnak t\u00e1mogatni.<\/p>\n<h3><strong>Volt olyan pillanat, amikor azt gondoltad, feladod? Hogyan lend\u00fclt\u00e9l t\u00fal ezen?<\/strong><\/h3>\n<p>Ut\u00e1np\u00f3tl\u00e1skorban nekem is voltak hull\u00e1mv\u00f6lgyeim. A t\u00e9li edz\u00e9seket nem szerettem akkoriban, de sosem volt k\u00f6telez\u0151, \u00e9s mindig j\u00f3 volt a t\u00e1rsas\u00e1g. \u00dagy gondolom, a megfelel\u0151 motiv\u00e1ci\u00f3 \u00e9s a csal\u00e1d\/bar\u00e1tok seg\u00edts\u00e9ge \u00e1t tud lend\u00edteni ezeken a m\u00e9lypontokon. Szerencs\u00e9re az\u00f3ta egyszer sem fordult el\u0151 m\u00e9g hasonl\u00f3 sem. Nem tudom \u00e9s nem is akarom letenni a ker\u00e9kp\u00e1rt!<\/p>\n<h3><strong>Biztosan r\u00e9gi c\u00e9lod volt, hogy a Giro-n indulj \u00e9s ilyen sz\u00e9p eredm\u00e9nnyel z\u00e1rd. Mi a legnagyobb Grand Tour-\u00e1lmod?<\/strong><\/h3>\n<p>Mindegyik Grand Tour nagy \u00e1lom nekem. K\u00e9tszer tudtam indulni a Giro d\u2019Itali\u00e1n, ahol m\u00e1r egy el\u00e9g sz\u00e9p \u00e9s tiszteletrem\u00e9lt\u00f3 trik\u00f3t is hordhattam. Maradt a Vuelta \u00e9s a legnagyobb, a Tour de France. Ezeken a versenyeken is mindenk\u00e9pp szeretn\u00e9m megm\u00e9rettetni magam, c\u00e9lom pedig, hogy mindh\u00e1rom nagy k\u00f6rversenyen szakaszt tudjak nyerni, amellett, hogy \u00f6sszetettben szeretn\u00e9k min\u00e9l jobban helyt \u00e1llni.<\/p>\n<h3><strong>Milyen \u00e9rz\u00e9s volt a 2020-as Tour de Hongrie-n \u00e1tgurulni a kir\u00e1lyetap c\u00e9lvonal\u00e1n? Mi volt az a pont, amikor m\u00e1r elhitted, hogy gy\u0151z\u00f6l?<\/strong><\/h3>\n<p>Eddigi p\u00e1lyafut\u00e1som egyik legszebb pillanata. Itthon mindig k\u00fcl\u00f6nleges nyerni. Aznap \u00e9reztem, hogy nyerhetek \u00e9s a t\u00e1mad\u00e1s pillanat\u00e1ban m\u00e1r tudtam, hogy ezt nekem kell vinnem. Biztosan viszont csak az utols\u00f3 kanyarban tudtam, nagyj\u00e1b\u00f3l 100 m\u00e9terrel a c\u00e9l el\u0151tt, hogy innen m\u00e1r b\u00e1rhogy be\u00e9rhetek. \u00dagy gondolom, egy nagyon sz\u00ednvonalas verseny volt, \u00e9s b\u00fcszke vagyok, hogy hossz\u00fa id\u0151 ut\u00e1n \u00fajra magyar \u00e1llhatott a dobog\u00f3 tetej\u00e9n, aki \u00e9n lehettem!<\/p>\n<h3><strong>\u00c9rzed magadon az \u00e9lsport \u00e1rnyoldalait? Hogyan tudsz megk\u00fczdeni a r\u00e1d nehezed\u0151 nyom\u00e1ssal? <\/strong><\/h3>\n<p>Az \u00e9lsportnak sajnos rengeteg \u00e1rnyoldala van, ha nem lenne, sokkal t\u00f6bben csin\u00e1ln\u00e1k. A legnehezebb sz\u00e1momra mostan\u00e1ban, hogy keveset lehetek a p\u00e1rommal \u00e9s a bar\u00e1taimmal. Sok sporttal ellent\u00e9tben, itt a versenyszezon a leghosszabb id\u0151szak, \u00e9s ez alatt az edz\u00e9sek is folyamatosak. Nincsen igazi sz\u00fcnet, \u00edgy utazni, bulizni, h\u00e9tk\u00f6znap spont\u00e1n tev\u00e9kenykedni is sokkal ritk\u00e1bban tudok. \u00c9n \u00edgy n\u0151ttem fel, tudtam mit v\u00e1llalok, \u00e9s egyszer sem mer\u00fclt m\u00e9g fel bennem, hogy j\u00f3l d\u00f6nt\u00f6ttem-e.<\/p>\n<p>A r\u00e1m nehezed\u0151 nyom\u00e1st gyakorlatilag id\u00e9n \u00e9rzem el\u0151sz\u00f6r. A Giro-n el\u00e9rt sikerek nagy elv\u00e1r\u00e1st helyeznek r\u00e1m, ha nem is m\u00e1sokt\u00f3l, magamt\u00f3l biztos. Egyel\u0151re folyamatban van ennek a nyom\u00e1snak a teljes megsz\u00fcntet\u00e9se, de \u00fagy gondolom, a legjobb megold\u00e1s, ha az ember \u00fajra \u00e9s \u00fajra bizony\u00edtja, mire is k\u00e9pes.<\/p>\n<p><em>K\u00e9rdezz te is Valter Attil\u00e1t\u00f3l! Bring\u00e1zz-felelek sorozatunk m\u00e1sodik r\u00e9sz\u00e9ben szem\u00e9lyesen v\u00e1laszol az \u00f6sszegy\u0171lt k\u00e9rd\u00e9sekre. Ne feledd: nincs rossz k\u00e9rd\u00e9s, minden felvet\u00e9s el\u0151re visz, \u00e9s nemcsak t\u00e9ged, hanem a t\u00f6bbi n\u00e9z\u0151nket is. V\u00e1rjuk a k\u00e9rd\u00e9seket a <\/em><a href=\"mailto:welovecycling@skoda.hu\"><em>welovecycling@skoda.hu<\/em><\/a><em> e-mail c\u00edmre vagy <\/em><a href=\"https:\/\/www.facebook.com\/WeLoveCyclingHungary\"><em>Facebookon<\/em><\/a><em>, \u00fczenetben!<\/em><\/p>\n","protected":false},"excerpt":{"rendered":"<p>Valter Attil\u00e1t senkinek sem kell bemutatnunk, de aki m\u00e9gsem ismeri el\u00e9gg\u00e9, az n\u00e9zze meg vele k\u00e9sz\u00fclt interj\u00fankat. Ha pedig m\u00e9g [&hellip;]<\/p>\n","protected":false},"author":71,"featured_media":12330,"comment_status":"open","ping_status":"open","sticky":false,"template":"","format":"standard","meta":{"footnotes":""},"categories":[464],"tags":[],"global-categories":[],"class_list":["post-12328","post","type-post","status-publish","format-standard","has-post-thumbnail","hentry","category-bringazz-felelek"],"yoast_head":"<!-- This site is optimized with the Yoast SEO Premium plugin v25.3 (Yoast SEO v25.9) - https:\/\/yoast.com\/wordpress\/plugins\/seo\/ -->\n<title>Bring\u00e1zz-felelek: K\u00e9rdezz Valter Attit\u00f3l! - \u0160koda We Love Cycling - Magyarorsz\u00e1g<\/title>\n<meta name=\"description\" content=\"Valter Attil\u00e1t senkinek sem kell bemutatnunk, de aki m\u00e9gsem ismeri el\u00e9gg\u00e9, az n\u00e9zze meg vele k\u00e9sz\u00fclt interj\u00fankat. Ha pedig m\u00e9g ez sem el\u00e9g, \u2013 \u00e9s mi\u00e9rt lenne az? -itt a lehet\u0151s\u00e9g, hogy egyenesen t\u0151le k\u00e9rdezd meg, hogy m\u00e9gis hogyan lett az orsz\u00e1g egyik legelismertebb kerekese, milyen \u00e9rz\u00e9s els\u0151k\u00e9nt begurulni a c\u00e9lba, kijutni az olimpi\u00e1ra \u00e9s mennyire f\u00e1j mintegy 42 km\/\u00f3r\u00e1val feltekerni a M\u00e1tr\u00e1ra!\" \/>\n<meta name=\"robots\" content=\"index, follow, max-snippet:-1, max-image-preview:large, max-video-preview:-1\" \/>\n<link rel=\"canonical\" href=\"https:\/\/www.welovecycling.com\/hu\/bringazz-felelek\/bringazz-felelek-kerdezz-valter-attitol\/\" \/>\n<meta property=\"og:locale\" content=\"hu_HU\" \/>\n<meta property=\"og:type\" content=\"article\" \/>\n<meta property=\"og:title\" content=\"Bring\u00e1zz-felelek: K\u00e9rdezz Valter Attit\u00f3l!\" \/>\n<meta property=\"og:description\" content=\"Valter Attil\u00e1t senkinek sem kell bemutatnunk, de aki m\u00e9gsem ismeri el\u00e9gg\u00e9, az n\u00e9zze meg vele k\u00e9sz\u00fclt interj\u00fankat. Ha pedig m\u00e9g ez sem el\u00e9g, \u2013 \u00e9s mi\u00e9rt lenne az? -itt a lehet\u0151s\u00e9g, hogy egyenesen t\u0151le k\u00e9rdezd meg, hogy m\u00e9gis hogyan lett az orsz\u00e1g egyik legelismertebb kerekese, milyen \u00e9rz\u00e9s els\u0151k\u00e9nt begurulni a c\u00e9lba, kijutni az olimpi\u00e1ra \u00e9s mennyire f\u00e1j mintegy 42 km\/\u00f3r\u00e1val feltekerni a M\u00e1tr\u00e1ra!\" \/>\n<meta property=\"og:url\" content=\"https:\/\/www.welovecycling.com\/hu\/bringazz-felelek\/bringazz-felelek-kerdezz-valter-attitol\/\" \/>\n<meta property=\"og:site_name\" content=\"\u0160koda We Love Cycling - Magyarorsz\u00e1g\" \/>\n<meta property=\"article:publisher\" content=\"https:\/\/www.facebook.com\/WeLoveCyclingHungary\/\" \/>\n<meta property=\"article:published_time\" content=\"2021-08-30T12:00:06+00:00\" \/>\n<meta property=\"og:image\" content=\"https:\/\/d2p6e6u75xmxt8.cloudfront.net\/12\/2021\/08\/WL018_valter_attila_facebook_share.png\" \/>\n\t<meta property=\"og:image:width\" content=\"1200\" \/>\n\t<meta property=\"og:image:height\" content=\"628\" \/>\n\t<meta property=\"og:image:type\" content=\"image\/png\" \/>\n<meta name=\"author\" content=\"hegyizs\" \/>\n<meta name=\"twitter:card\" content=\"summary_large_image\" \/>\n<meta name=\"twitter:label1\" content=\"Written by\" \/>\n\t<meta name=\"twitter:data1\" content=\"WLC\" \/>\n\t<meta name=\"twitter:label2\" content=\"Est. reading time\" \/>\n\t<meta name=\"twitter:data2\" content=\"5 minutes\" \/>\n<script type=\"application\/ld+json\" class=\"yoast-schema-graph\">{\"@context\":\"https:\/\/schema.org\",\"@graph\":[{\"@type\":\"WebPage\",\"@id\":\"https:\/\/www.welovecycling.com\/hu\/bringazz-felelek\/bringazz-felelek-kerdezz-valter-attitol\/\",\"url\":\"https:\/\/www.welovecycling.com\/hu\/bringazz-felelek\/bringazz-felelek-kerdezz-valter-attitol\/\",\"name\":\"Bring\u00e1zz-felelek: K\u00e9rdezz Valter Attit\u00f3l! - \u0160koda We Love Cycling - Magyarorsz\u00e1g\",\"isPartOf\":{\"@id\":\"https:\/\/www.welovecycling.com\/hu\/#website\"},\"primaryImageOfPage\":{\"@id\":\"https:\/\/www.welovecycling.com\/hu\/bringazz-felelek\/bringazz-felelek-kerdezz-valter-attitol\/#primaryimage\"},\"image\":{\"@id\":\"https:\/\/www.welovecycling.com\/hu\/bringazz-felelek\/bringazz-felelek-kerdezz-valter-attitol\/#primaryimage\"},\"thumbnailUrl\":\"https:\/\/d2p6e6u75xmxt8.cloudfront.net\/12\/2021\/08\/WL018_valter_attila_cikk_cover.png\",\"datePublished\":\"2021-08-30T12:00:06+00:00\",\"author\":{\"@id\":\"https:\/\/www.welovecycling.com\/hu\/#\/schema\/person\/414a2aebf1801691a5320edb6468e194\"},\"description\":\"Valter Attil\u00e1t senkinek sem kell bemutatnunk, de aki m\u00e9gsem ismeri el\u00e9gg\u00e9, az n\u00e9zze meg vele k\u00e9sz\u00fclt interj\u00fankat. Ha pedig m\u00e9g ez sem el\u00e9g, \u2013 \u00e9s mi\u00e9rt lenne az? -itt a lehet\u0151s\u00e9g, hogy egyenesen t\u0151le k\u00e9rdezd meg, hogy m\u00e9gis hogyan lett az orsz\u00e1g egyik legelismertebb kerekese, milyen \u00e9rz\u00e9s els\u0151k\u00e9nt begurulni a c\u00e9lba, kijutni az olimpi\u00e1ra \u00e9s mennyire f\u00e1j mintegy 42 km\/\u00f3r\u00e1val feltekerni a M\u00e1tr\u00e1ra!\",\"breadcrumb\":{\"@id\":\"https:\/\/www.welovecycling.com\/hu\/bringazz-felelek\/bringazz-felelek-kerdezz-valter-attitol\/#breadcrumb\"},\"inLanguage\":\"hu\",\"potentialAction\":[{\"@type\":\"ReadAction\",\"target\":[\"https:\/\/www.welovecycling.com\/hu\/bringazz-felelek\/bringazz-felelek-kerdezz-valter-attitol\/\"]}]},{\"@type\":\"ImageObject\",\"inLanguage\":\"hu\",\"@id\":\"https:\/\/www.welovecycling.com\/hu\/bringazz-felelek\/bringazz-felelek-kerdezz-valter-attitol\/#primaryimage\",\"url\":\"https:\/\/d2p6e6u75xmxt8.cloudfront.net\/12\/2021\/08\/WL018_valter_attila_cikk_cover.png\",\"contentUrl\":\"https:\/\/d2p6e6u75xmxt8.cloudfront.net\/12\/2021\/08\/WL018_valter_attila_cikk_cover.png\",\"width\":1725,\"height\":750},{\"@type\":\"BreadcrumbList\",\"@id\":\"https:\/\/www.welovecycling.com\/hu\/bringazz-felelek\/bringazz-felelek-kerdezz-valter-attitol\/#breadcrumb\",\"itemListElement\":[{\"@type\":\"ListItem\",\"position\":1,\"name\":\"Home\",\"item\":\"https:\/\/www.welovecycling.com\/hu\/\"},{\"@type\":\"ListItem\",\"position\":2,\"name\":\"Bring\u00e1zz-felelek: K\u00e9rdezz Valter Attit\u00f3l!\"}]},{\"@type\":\"WebSite\",\"@id\":\"https:\/\/www.welovecycling.com\/hu\/#website\",\"url\":\"https:\/\/www.welovecycling.com\/hu\/\",\"name\":\"\u0160koda We Love Cycling - Magyarorsz\u00e1g\",\"description\":\"\u0160koda WeLoveCycling\",\"potentialAction\":[{\"@type\":\"SearchAction\",\"target\":{\"@type\":\"EntryPoint\",\"urlTemplate\":\"https:\/\/www.welovecycling.com\/hu\/?s={search_term_string}\"},\"query-input\":{\"@type\":\"PropertyValueSpecification\",\"valueRequired\":true,\"valueName\":\"search_term_string\"}}],\"inLanguage\":\"hu\"},{\"@type\":\"Person\",\"@id\":\"https:\/\/www.welovecycling.com\/hu\/#\/schema\/person\/414a2aebf1801691a5320edb6468e194\",\"name\":\"hegyizs\",\"image\":{\"@type\":\"ImageObject\",\"inLanguage\":\"hu\",\"@id\":\"https:\/\/www.welovecycling.com\/hu\/#\/schema\/person\/image\/\",\"url\":\"https:\/\/secure.gravatar.com\/avatar\/02cf8a7906b8cf90cecb4679defac7cfd33a1c2e3b88e4903d947f3bb58eedd3?s=96&d=mm&r=g\",\"contentUrl\":\"https:\/\/secure.gravatar.com\/avatar\/02cf8a7906b8cf90cecb4679defac7cfd33a1c2e3b88e4903d947f3bb58eedd3?s=96&d=mm&r=g\",\"caption\":\"hegyizs\"},\"url\":\"https:\/\/www.welovecycling.com\/hu\/author\/hegyizs\/\"}]}<\/script>\n<!-- \/ Yoast SEO Premium plugin. -->","yoast_head_json":{"title":"Bring\u00e1zz-felelek: K\u00e9rdezz Valter Attit\u00f3l! - \u0160koda We Love Cycling - Magyarorsz\u00e1g","description":"Valter Attil\u00e1t senkinek sem kell bemutatnunk, de aki m\u00e9gsem ismeri el\u00e9gg\u00e9, az n\u00e9zze meg vele k\u00e9sz\u00fclt interj\u00fankat. Ha pedig m\u00e9g ez sem el\u00e9g, \u2013 \u00e9s mi\u00e9rt lenne az? -itt a lehet\u0151s\u00e9g, hogy egyenesen t\u0151le k\u00e9rdezd meg, hogy m\u00e9gis hogyan lett az orsz\u00e1g egyik legelismertebb kerekese, milyen \u00e9rz\u00e9s els\u0151k\u00e9nt begurulni a c\u00e9lba, kijutni az olimpi\u00e1ra \u00e9s mennyire f\u00e1j mintegy 42 km\/\u00f3r\u00e1val feltekerni a M\u00e1tr\u00e1ra!","robots":{"index":"index","follow":"follow","max-snippet":"max-snippet:-1","max-image-preview":"max-image-preview:large","max-video-preview":"max-video-preview:-1"},"canonical":"https:\/\/www.welovecycling.com\/hu\/bringazz-felelek\/bringazz-felelek-kerdezz-valter-attitol\/","og_locale":"hu_HU","og_type":"article","og_title":"Bring\u00e1zz-felelek: K\u00e9rdezz Valter Attit\u00f3l!","og_description":"Valter Attil\u00e1t senkinek sem kell bemutatnunk, de aki m\u00e9gsem ismeri el\u00e9gg\u00e9, az n\u00e9zze meg vele k\u00e9sz\u00fclt interj\u00fankat. Ha pedig m\u00e9g ez sem el\u00e9g, \u2013 \u00e9s mi\u00e9rt lenne az? -itt a lehet\u0151s\u00e9g, hogy egyenesen t\u0151le k\u00e9rdezd meg, hogy m\u00e9gis hogyan lett az orsz\u00e1g egyik legelismertebb kerekese, milyen \u00e9rz\u00e9s els\u0151k\u00e9nt begurulni a c\u00e9lba, kijutni az olimpi\u00e1ra \u00e9s mennyire f\u00e1j mintegy 42 km\/\u00f3r\u00e1val feltekerni a M\u00e1tr\u00e1ra!","og_url":"https:\/\/www.welovecycling.com\/hu\/bringazz-felelek\/bringazz-felelek-kerdezz-valter-attitol\/","og_site_name":"\u0160koda We Love Cycling - Magyarorsz\u00e1g","article_publisher":"https:\/\/www.facebook.com\/WeLoveCyclingHungary\/","article_published_time":"2021-08-30T12:00:06+00:00","og_image":[{"width":1200,"height":628,"url":"https:\/\/d2p6e6u75xmxt8.cloudfront.net\/12\/2021\/08\/WL018_valter_attila_facebook_share.png","type":"image\/png"}],"author":"hegyizs","twitter_card":"summary_large_image","twitter_misc":{"Written by":"WLC","Est. reading time":"5 minutes"},"schema":{"@context":"https:\/\/schema.org","@graph":[{"@type":"WebPage","@id":"https:\/\/www.welovecycling.com\/hu\/bringazz-felelek\/bringazz-felelek-kerdezz-valter-attitol\/","url":"https:\/\/www.welovecycling.com\/hu\/bringazz-felelek\/bringazz-felelek-kerdezz-valter-attitol\/","name":"Bring\u00e1zz-felelek: K\u00e9rdezz Valter Attit\u00f3l! - \u0160koda We Love Cycling - Magyarorsz\u00e1g","isPartOf":{"@id":"https:\/\/www.welovecycling.com\/hu\/#website"},"primaryImageOfPage":{"@id":"https:\/\/www.welovecycling.com\/hu\/bringazz-felelek\/bringazz-felelek-kerdezz-valter-attitol\/#primaryimage"},"image":{"@id":"https:\/\/www.welovecycling.com\/hu\/bringazz-felelek\/bringazz-felelek-kerdezz-valter-attitol\/#primaryimage"},"thumbnailUrl":"https:\/\/d2p6e6u75xmxt8.cloudfront.net\/12\/2021\/08\/WL018_valter_attila_cikk_cover.png","datePublished":"2021-08-30T12:00:06+00:00","author":{"@id":"https:\/\/www.welovecycling.com\/hu\/#\/schema\/person\/414a2aebf1801691a5320edb6468e194"},"description":"Valter Attil\u00e1t senkinek sem kell bemutatnunk, de aki m\u00e9gsem ismeri el\u00e9gg\u00e9, az n\u00e9zze meg vele k\u00e9sz\u00fclt interj\u00fankat. Ha pedig m\u00e9g ez sem el\u00e9g, \u2013 \u00e9s mi\u00e9rt lenne az? -itt a lehet\u0151s\u00e9g, hogy egyenesen t\u0151le k\u00e9rdezd meg, hogy m\u00e9gis hogyan lett az orsz\u00e1g egyik legelismertebb kerekese, milyen \u00e9rz\u00e9s els\u0151k\u00e9nt begurulni a c\u00e9lba, kijutni az olimpi\u00e1ra \u00e9s mennyire f\u00e1j mintegy 42 km\/\u00f3r\u00e1val feltekerni a M\u00e1tr\u00e1ra!","breadcrumb":{"@id":"https:\/\/www.welovecycling.com\/hu\/bringazz-felelek\/bringazz-felelek-kerdezz-valter-attitol\/#breadcrumb"},"inLanguage":"hu","potentialAction":[{"@type":"ReadAction","target":["https:\/\/www.welovecycling.com\/hu\/bringazz-felelek\/bringazz-felelek-kerdezz-valter-attitol\/"]}]},{"@type":"ImageObject","inLanguage":"hu","@id":"https:\/\/www.welovecycling.com\/hu\/bringazz-felelek\/bringazz-felelek-kerdezz-valter-attitol\/#primaryimage","url":"https:\/\/d2p6e6u75xmxt8.cloudfront.net\/12\/2021\/08\/WL018_valter_attila_cikk_cover.png","contentUrl":"https:\/\/d2p6e6u75xmxt8.cloudfront.net\/12\/2021\/08\/WL018_valter_attila_cikk_cover.png","width":1725,"height":750},{"@type":"BreadcrumbList","@id":"https:\/\/www.welovecycling.com\/hu\/bringazz-felelek\/bringazz-felelek-kerdezz-valter-attitol\/#breadcrumb","itemListElement":[{"@type":"ListItem","position":1,"name":"Home","item":"https:\/\/www.welovecycling.com\/hu\/"},{"@type":"ListItem","position":2,"name":"Bring\u00e1zz-felelek: K\u00e9rdezz Valter Attit\u00f3l!"}]},{"@type":"WebSite","@id":"https:\/\/www.welovecycling.com\/hu\/#website","url":"https:\/\/www.welovecycling.com\/hu\/","name":"\u0160koda We Love Cycling - Magyarorsz\u00e1g","description":"\u0160koda WeLoveCycling","potentialAction":[{"@type":"SearchAction","target":{"@type":"EntryPoint","urlTemplate":"https:\/\/www.welovecycling.com\/hu\/?s={search_term_string}"},"query-input":{"@type":"PropertyValueSpecification","valueRequired":true,"valueName":"search_term_string"}}],"inLanguage":"hu"},{"@type":"Person","@id":"https:\/\/www.welovecycling.com\/hu\/#\/schema\/person\/414a2aebf1801691a5320edb6468e194","name":"hegyizs","image":{"@type":"ImageObject","inLanguage":"hu","@id":"https:\/\/www.welovecycling.com\/hu\/#\/schema\/person\/image\/","url":"https:\/\/secure.gravatar.com\/avatar\/02cf8a7906b8cf90cecb4679defac7cfd33a1c2e3b88e4903d947f3bb58eedd3?s=96&d=mm&r=g","contentUrl":"https:\/\/secure.gravatar.com\/avatar\/02cf8a7906b8cf90cecb4679defac7cfd33a1c2e3b88e4903d947f3bb58eedd3?s=96&d=mm&r=g","caption":"hegyizs"},"url":"https:\/\/www.welovecycling.com\/hu\/author\/hegyizs\/"}]}},"_links":{"self":[{"href":"https:\/\/www.welovecycling.com\/hu\/wp-json\/wp\/v2\/posts\/12328","targetHints":{"allow":["GET"]}}],"collection":[{"href":"https:\/\/www.welovecycling.com\/hu\/wp-json\/wp\/v2\/posts"}],"about":[{"href":"https:\/\/www.welovecycling.com\/hu\/wp-json\/wp\/v2\/types\/post"}],"author":[{"embeddable":true,"href":"https:\/\/www.welovecycling.com\/hu\/wp-json\/wp\/v2\/users\/71"}],"replies":[{"embeddable":true,"href":"https:\/\/www.welovecycling.com\/hu\/wp-json\/wp\/v2\/comments?post=12328"}],"version-history":[{"count":1,"href":"https:\/\/www.welovecycling.com\/hu\/wp-json\/wp\/v2\/posts\/12328\/revisions"}],"predecessor-version":[{"id":12332,"href":"https:\/\/www.welovecycling.com\/hu\/wp-json\/wp\/v2\/posts\/12328\/revisions\/12332"}],"wp:featuredmedia":[{"embeddable":true,"href":"https:\/\/www.welovecycling.com\/hu\/wp-json\/wp\/v2\/media\/12330"}],"wp:attachment":[{"href":"https:\/\/www.welovecycling.com\/hu\/wp-json\/wp\/v2\/media?parent=12328"}],"wp:term":[{"taxonomy":"category","embeddable":true,"href":"https:\/\/www.welovecycling.com\/hu\/wp-json\/wp\/v2\/categories?post=12328"},{"taxonomy":"post_tag","embeddable":true,"href":"https:\/\/www.welovecycling.com\/hu\/wp-json\/wp\/v2\/tags?post=12328"},{"taxonomy":"global-categories","embeddable":true,"href":"https:\/\/www.welovecycling.com\/hu\/wp-json\/wp\/v2\/global-categories?post=12328"}],"curies":[{"name":"wp","href":"https:\/\/api.w.org\/{rel}","templated":true}]}}