{"id":12306,"date":"2021-08-31T08:00:51","date_gmt":"2021-08-31T06:00:51","guid":{"rendered":"https:\/\/www.welovecycling.com\/hu\/?p=12306"},"modified":"2021-08-27T13:48:03","modified_gmt":"2021-08-27T11:48:03","slug":"bbq-grill-es-bicikli-hogyan-fernek-meg-egymas-mellett","status":"publish","type":"post","link":"https:\/\/www.welovecycling.com\/hu\/edzes-es-eletmod\/bbq-grill-es-bicikli-hogyan-fernek-meg-egymas-mellett\/","title":{"rendered":"BBQ, grill \u00e9s bicikli \u2013 hogyan f\u00e9rnek meg egym\u00e1s mellett?"},"content":{"rendered":"<p><strong>Szeretn\u00e9d tudni, hogyan \u00e9lvezheted \u00f6nfeledten az utols\u00f3, \u0151szbe hajl\u00f3 kerti s\u00fct\u00f6get\u00e9seket a bar\u00e1taiddal \u00e9s a csal\u00e1ddal, an\u00e9lk\u00fcl, hogy megt\u00f6rn\u00e9d az eg\u00e9szs\u00e9ges \u00e9trended? A grill\u00e9telek \u00ednycsikland\u00f3ak \u00e9s m\u00e1r az illatuk beind\u00edtja a ny\u00e1lelv\u00e1laszt\u00e1st, de j\u00f3t tesznek vajon az embernek? A k\u00f6vetkez\u0151 tippek seg\u00edtenek megtal\u00e1lni a BBQ \u00e9s az eg\u00e9szs\u00e9ges \u00e9tkez\u00e9s egyens\u00faly\u00e1t!<\/strong><\/p>\n<p><!--more--><\/p>\n<p>Miel\u0151tt r\u00e1t\u00e9rn\u00e9nk arra, hogyan lehet jobban, n\u00e9zz\u00fck \u00e1t, hogy pontosan milyen h\u00e1tr\u00e1nyokat is kell legy\u0151zn\u00fcnk!<\/p>\n<p><strong>Potenci\u00e1lisan r\u00e1kkelt\u0151 anyagok.<\/strong> Ezek akkor keletkezhetnek, amikor a h\u00fas zs\u00edrja r\u00e1cs\u00f6ppen a forr\u00f3 par\u00e1zsra vagy m\u00e1s grillalapra. Emellett a v\u00f6r\u00f6s h\u00fasokban, a csirk\u00e9ben \u00e9s a halban is l\u00e9trej\u00f6hetnek, amikor hirtelen nagy h\u0151hat\u00e1snak vannak kit\u00e9ve.<\/p>\n<p><strong>T\u00f6bb feldolgozott \u00e9lelmiszer a t\u00e1ny\u00e9rodon.<\/strong> A BBQ \u00e1ltal\u00e1ban sok-sok kolb\u00e1szt, virslit, p\u00e1colt h\u00fast \u00e9s m\u00e1s el\u0151k\u00e9sz\u00edtett, feldolgozott \u00e9telt jelent. Ezek szint\u00e9n a grillez\u00e9s negat\u00edv oldal\u00e1t er\u0151s\u00edtik.<\/p>\n<p><strong>Nem t\u00fal kiegyens\u00falyozott \u00e9tkez\u00e9sek.<\/strong> T\u00f6bbnyire a h\u00fas\u00e9 a f\u0151 szerep, de hol maradnak a z\u00f6lds\u00e9gek?<\/p>\n<figure id=\"attachment_12307\" aria-describedby=\"caption-attachment-12307\" style=\"width: 1024px\" class=\"wp-caption alignnone\"><a href=\"https:\/\/d2p6e6u75xmxt8.cloudfront.net\/2\/2021\/08\/Grilling-profimedia-0623798322.jpg\"><img loading=\"lazy\" decoding=\"async\" class=\"wp-image-12307 size-large\" src=\"https:\/\/d2p6e6u75xmxt8.cloudfront.net\/12\/2021\/08\/Grilling-profimedia-0623798322-1024x681.jpg\" alt=\"Grilling\" width=\"1024\" height=\"681\" srcset=\"https:\/\/d2p6e6u75xmxt8.cloudfront.net\/12\/2021\/08\/Grilling-profimedia-0623798322-1024x681.jpg 1024w, https:\/\/d2p6e6u75xmxt8.cloudfront.net\/12\/2021\/08\/Grilling-profimedia-0623798322-300x199.jpg 300w, https:\/\/d2p6e6u75xmxt8.cloudfront.net\/12\/2021\/08\/Grilling-profimedia-0623798322-768x511.jpg 768w, https:\/\/d2p6e6u75xmxt8.cloudfront.net\/12\/2021\/08\/Grilling-profimedia-0623798322-272x182.jpg 272w, https:\/\/d2p6e6u75xmxt8.cloudfront.net\/12\/2021\/08\/Grilling-profimedia-0623798322.jpg 1250w\" sizes=\"auto, (max-width: 1024px) 100vw, 1024px\" \/><\/a><figcaption id=\"caption-attachment-12307\" class=\"wp-caption-text\">Gondolj a z\u00f6lds\u00e9gekre is, amikor bev\u00e1s\u00e1rolsz a grillpartyhoz! \u00a9 Profimedia<\/figcaption><\/figure>\n<p>Szerencs\u00e9re ezek mind orvosolhat\u00f3 probl\u00e9m\u00e1k, ha odafigyelsz r\u00e1juk. Mutatjuk, hogyan k\u00fcsz\u00f6b\u00f6lheted ki \u0151ket!<\/p>\n<h2><strong>Grillezz z\u00f6lds\u00e9geket is!<\/strong><\/h2>\n<p>A z\u00f6lds\u00e9gek nem unalmasak, fontos r\u00e9sz\u00e9t k\u00e9pezhetik a grillez\u00e9snek: szuper \u00edzeket adhatnak hozz\u00e1 a h\u00fasokhoz! F\u0171szerezheted \u00e9s p\u00e1colhatod \u0151ket vagy egyszer\u0171en, eg\u00e9szben \u00e9s nyersen is r\u00e1dobhatod a grillre. Meg fogsz lep\u0151dni, mennyire finomak!<\/p>\n<p>A z\u00f6lds\u00e9gek hozz\u00e1ad\u00e1sa a men\u00fch\u00f6z seg\u00edt kiegyens\u00falyozni a h\u00fas-dominanci\u00e1t \u00e9s hozz\u00e1j\u00e1rul a teljes \u00e9rt\u00e9k\u0171 \u00e9tkez\u00e9sekhez. \u00c9s elk\u00e9sz\u00edt\u00e9s\u00fckkor nem kell f\u00e9lni a r\u00e1kkelt\u0151 vegy\u00fcletekt\u0151l sem. \u00cdme n\u00e9h\u00e1ny z\u00f6lds\u00e9g, ami kihagyhatatlan grillkaja:<\/p>\n<ul>\n<li>Cukkini<\/li>\n<li>Gomba<\/li>\n<li>Paprika<\/li>\n<li>Paradicsom<\/li>\n<li>Hagyma<\/li>\n<li>Padlizs\u00e1n<\/li>\n<li>Sp\u00e1rga<\/li>\n<li>Kelbimb\u00f3<\/li>\n<\/ul>\n<h2><strong>P\u00e1colj!<\/strong><\/h2>\n<p>A hamis\u00edtatlan \u00edzkavalk\u00e1d mellett van m\u00e9g egy ok, ami a p\u00e1col\u00e1s mellett sz\u00f3l. A h\u00fasok grillez\u00e9s el\u0151tti marin\u00e1l\u00e1sa ak\u00e1r 92%-kal is cs\u00f6kkentheti a r\u00e1kkelt\u0151 vegy\u00fcletek k\u00e9pz\u0151d\u00e9s\u00e9nek es\u00e9ly\u00e9t!<\/p>\n<p>Felt\u00e9tlen\u00fcl szerezz be teh\u00e1t n\u00e9mi bort, ecetet, citrom- \u00e9s limelevet, sz\u00f3jasz\u00f3szt, m\u00e9zet, fokhagym\u00e1t, gy\u00f3gyn\u00f6v\u00e9nyeket \u00e9s f\u0171szereket, kombin\u00e1ld \u0151ket k\u00fcl\u00f6nf\u00e9le m\u00f3don \u00e9s \u00e9lvezd az eg\u00e9szs\u00e9gesebb \u00e9s finomabb h\u00fas\u00e9teleket! A k\u00f6vetkez\u0151kre figyelj, ha p\u00e1colsz.<\/p>\n<figure id=\"attachment_12308\" aria-describedby=\"caption-attachment-12308\" style=\"width: 1000px\" class=\"wp-caption alignnone\"><a href=\"https:\/\/d2p6e6u75xmxt8.cloudfront.net\/12\/2021\/08\/BBQ-profimedia-0623798313.jpg\"><img loading=\"lazy\" decoding=\"async\" class=\"wp-image-12308 size-full\" src=\"https:\/\/d2p6e6u75xmxt8.cloudfront.net\/12\/2021\/08\/BBQ-profimedia-0623798313.jpg\" alt=\"BBQ\" width=\"1000\" height=\"665\" srcset=\"https:\/\/d2p6e6u75xmxt8.cloudfront.net\/12\/2021\/08\/BBQ-profimedia-0623798313.jpg 1000w, https:\/\/d2p6e6u75xmxt8.cloudfront.net\/12\/2021\/08\/BBQ-profimedia-0623798313-300x200.jpg 300w, https:\/\/d2p6e6u75xmxt8.cloudfront.net\/12\/2021\/08\/BBQ-profimedia-0623798313-768x511.jpg 768w, https:\/\/d2p6e6u75xmxt8.cloudfront.net\/12\/2021\/08\/BBQ-profimedia-0623798313-272x182.jpg 272w\" sizes=\"auto, (max-width: 1000px) 100vw, 1000px\" \/><\/a><figcaption id=\"caption-attachment-12308\" class=\"wp-caption-text\">A h\u00fasp\u00e1col\u00e1s cs\u00f6kkenti a r\u00e1kkelt\u0151 anyagok kialakul\u00e1s\u00e1nak kock\u00e1zat\u00e1t. \u00a9 Profimedia<\/figcaption><\/figure>\n<ul>\n<li>A v\u00f6r\u00f6s h\u00fasokat \u00e9s a baromfit legal\u00e1bb 2 \u00f3r\u00e1n kereszt\u00fcl p\u00e1colni kell, m\u00edg a halakat \u00e9s a z\u00f6lds\u00e9geket egy \u00f3r\u00e1n \u00e1t is el\u00e9g.<\/li>\n<li>Azokat az \u00e9teleket, amik t\u00f6bb mint f\u00e9l \u00f3r\u00e1ig \u00e1znak a p\u00e1cban, tedd h\u0171t\u0151be!<\/li>\n<li>Grillez\u00e9s k\u00f6zben ne haszn\u00e1ld azt a p\u00e1cot, amiben a h\u00fasok \u00e1ztak, mert a nyers h\u00fas leve \u00edgy r\u00e1ker\u00fclhet a m\u00e1r k\u00e9sz h\u00fasokra!<\/li>\n<\/ul>\n<h2><strong>Forgass j\u00f3l!<\/strong><\/h2>\n<p>AZ \u00e9telek gyakori forgat\u00e1sa seg\u00edthet megel\u0151zni a r\u00e1kkelt\u0151 anyagok k\u00e9pz\u0151d\u00e9s\u00e9t. Az egyetlen probl\u00e9ma, ha belesz\u00farsz egy vill\u00e1t a h\u00fasba, \u00e9rt\u00e9kes szaftot eresztesz szabadon. Haszn\u00e1lj spatul\u00e1t vagy csipeszt a forgat\u00e1shoz!<\/p>\n<h2><strong>Kevesebb is el\u00e9g<\/strong><\/h2>\n<p>Min\u00e9l kevesebb id\u0151t t\u00f6lt el a h\u00fas a grillr\u00e1cson, ann\u00e1l kevesebb r\u00e1kkelt\u0151 anyag szabadul fel. Persze nyers sem maradhat, de van megold\u00e1s: f\u0151zd el\u0151 a h\u00fasokat! \u00cdgy ak\u00e1r ny\u00e1rson is s\u00fct\u00f6gethettek, a h\u00fasdarabok, z\u00f6lds\u00e9gek \u00e9s halfalatk\u00e1k kombin\u00e1ci\u00f3ja nemcsak t\u00f6k\u00e9letes saslikot, hanem remek sz\u00f3rakoz\u00e1st is ny\u00fajt!<\/p>\n<p>Most m\u00e1r mindent tudsz, ami az eg\u00e9szs\u00e9ges BBQ partyhoz sz\u00fcks\u00e9ges. Egy kis odafigyel\u00e9ssel \u00e9s a megfelel\u0151 el\u0151k\u00e9sz\u00fcletekkel kompromisszumok n\u00e9lk\u00fcl grillezhetsz!Now you know all the essential tips and tricks for a summer grilling party. Just make sure to marinate the meat, grill small pieces, add some veggies, flip often, and you\u2019ve got the healthiest BBQ possible!<\/p>\n","protected":false},"excerpt":{"rendered":"<p>Szeretn\u00e9d tudni, hogyan \u00e9lvezheted \u00f6nfeledten az utols\u00f3, \u0151szbe hajl\u00f3 kerti s\u00fct\u00f6get\u00e9seket a bar\u00e1taiddal \u00e9s a csal\u00e1ddal, an\u00e9lk\u00fcl, hogy megt\u00f6rn\u00e9d az [&hellip;]<\/p>\n","protected":false},"author":71,"featured_media":12310,"comment_status":"open","ping_status":"open","sticky":false,"template":"","format":"standard","meta":{"footnotes":""},"categories":[6],"tags":[],"global-categories":[],"class_list":["post-12306","post","type-post","status-publish","format-standard","has-post-thumbnail","hentry","category-edzes-es-eletmod"],"yoast_head":"<!-- This site is optimized with the Yoast SEO Premium plugin v25.3 (Yoast SEO v25.9) - https:\/\/yoast.com\/wordpress\/plugins\/seo\/ -->\n<title>BBQ, grill \u00e9s bicikli \u2013 hogyan f\u00e9rnek meg egym\u00e1s mellett?<\/title>\n<meta name=\"description\" content=\"Szeretn\u00e9d tudni, hogyan \u00e9lvezheted \u00f6nfeledten az utols\u00f3, \u0151szbe hajl\u00f3 kerti s\u00fct\u00f6get\u00e9seket a bar\u00e1taiddal \u00e9s a csal\u00e1ddal, an\u00e9lk\u00fcl, hogy megt\u00f6rn\u00e9d az eg\u00e9szs\u00e9ges \u00e9trended?\" \/>\n<meta name=\"robots\" content=\"index, follow, max-snippet:-1, max-image-preview:large, max-video-preview:-1\" \/>\n<link rel=\"canonical\" href=\"https:\/\/www.welovecycling.com\/hu\/edzes-es-eletmod\/bbq-grill-es-bicikli-hogyan-fernek-meg-egymas-mellett\/\" \/>\n<meta property=\"og:locale\" content=\"hu_HU\" \/>\n<meta property=\"og:type\" content=\"article\" \/>\n<meta property=\"og:title\" content=\"BBQ, grill \u00e9s bicikli \u2013 hogyan f\u00e9rnek meg egym\u00e1s mellett?\" \/>\n<meta property=\"og:description\" content=\"Szeretn\u00e9d tudni, hogyan \u00e9lvezheted \u00f6nfeledten az utols\u00f3, \u0151szbe hajl\u00f3 kerti s\u00fct\u00f6get\u00e9seket a bar\u00e1taiddal \u00e9s a csal\u00e1ddal, an\u00e9lk\u00fcl, hogy megt\u00f6rn\u00e9d az eg\u00e9szs\u00e9ges \u00e9trended?\" \/>\n<meta property=\"og:url\" content=\"https:\/\/www.welovecycling.com\/hu\/edzes-es-eletmod\/bbq-grill-es-bicikli-hogyan-fernek-meg-egymas-mellett\/\" \/>\n<meta property=\"og:site_name\" content=\"\u0160koda We Love Cycling - Magyarorsz\u00e1g\" \/>\n<meta property=\"article:publisher\" content=\"https:\/\/www.facebook.com\/WeLoveCyclingHungary\/\" \/>\n<meta property=\"article:published_time\" content=\"2021-08-31T06:00:51+00:00\" \/>\n<meta property=\"og:image\" content=\"https:\/\/d2p6e6u75xmxt8.cloudfront.net\/12\/2021\/08\/BBQ-profimedia-0626315910-CVR.jpg\" \/>\n\t<meta property=\"og:image:width\" content=\"1366\" \/>\n\t<meta property=\"og:image:height\" content=\"600\" \/>\n\t<meta property=\"og:image:type\" content=\"image\/jpeg\" \/>\n<meta name=\"author\" content=\"hegyizs\" \/>\n<meta name=\"twitter:card\" content=\"summary_large_image\" \/>\n<meta name=\"twitter:label1\" content=\"Written by\" \/>\n\t<meta name=\"twitter:data1\" content=\"Jiri Kaloc\" \/>\n\t<meta name=\"twitter:label2\" content=\"Est. reading time\" \/>\n\t<meta name=\"twitter:data2\" content=\"5\" \/>\n<script type=\"application\/ld+json\" class=\"yoast-schema-graph\">{\"@context\":\"https:\/\/schema.org\",\"@graph\":[{\"@type\":\"WebPage\",\"@id\":\"https:\/\/www.welovecycling.com\/hu\/edzes-es-eletmod\/bbq-grill-es-bicikli-hogyan-fernek-meg-egymas-mellett\/\",\"url\":\"https:\/\/www.welovecycling.com\/hu\/edzes-es-eletmod\/bbq-grill-es-bicikli-hogyan-fernek-meg-egymas-mellett\/\",\"name\":\"BBQ, grill \u00e9s bicikli \u2013 hogyan f\u00e9rnek meg egym\u00e1s mellett?\",\"isPartOf\":{\"@id\":\"https:\/\/www.welovecycling.com\/hu\/#website\"},\"primaryImageOfPage\":{\"@id\":\"https:\/\/www.welovecycling.com\/hu\/edzes-es-eletmod\/bbq-grill-es-bicikli-hogyan-fernek-meg-egymas-mellett\/#primaryimage\"},\"image\":{\"@id\":\"https:\/\/www.welovecycling.com\/hu\/edzes-es-eletmod\/bbq-grill-es-bicikli-hogyan-fernek-meg-egymas-mellett\/#primaryimage\"},\"thumbnailUrl\":\"https:\/\/d2p6e6u75xmxt8.cloudfront.net\/12\/2021\/08\/BBQ-profimedia-0626315910-CVR.jpg\",\"datePublished\":\"2021-08-31T06:00:51+00:00\",\"author\":{\"@id\":\"https:\/\/www.welovecycling.com\/hu\/#\/schema\/person\/414a2aebf1801691a5320edb6468e194\"},\"description\":\"Szeretn\u00e9d tudni, hogyan \u00e9lvezheted \u00f6nfeledten az utols\u00f3, \u0151szbe hajl\u00f3 kerti s\u00fct\u00f6get\u00e9seket a bar\u00e1taiddal \u00e9s a csal\u00e1ddal, an\u00e9lk\u00fcl, hogy megt\u00f6rn\u00e9d az eg\u00e9szs\u00e9ges \u00e9trended?\",\"breadcrumb\":{\"@id\":\"https:\/\/www.welovecycling.com\/hu\/edzes-es-eletmod\/bbq-grill-es-bicikli-hogyan-fernek-meg-egymas-mellett\/#breadcrumb\"},\"inLanguage\":\"hu\",\"potentialAction\":[{\"@type\":\"ReadAction\",\"target\":[\"https:\/\/www.welovecycling.com\/hu\/edzes-es-eletmod\/bbq-grill-es-bicikli-hogyan-fernek-meg-egymas-mellett\/\"]}]},{\"@type\":\"ImageObject\",\"inLanguage\":\"hu\",\"@id\":\"https:\/\/www.welovecycling.com\/hu\/edzes-es-eletmod\/bbq-grill-es-bicikli-hogyan-fernek-meg-egymas-mellett\/#primaryimage\",\"url\":\"https:\/\/d2p6e6u75xmxt8.cloudfront.net\/12\/2021\/08\/BBQ-profimedia-0626315910-CVR.jpg\",\"contentUrl\":\"https:\/\/d2p6e6u75xmxt8.cloudfront.net\/12\/2021\/08\/BBQ-profimedia-0626315910-CVR.jpg\",\"width\":1366,\"height\":600,\"caption\":\"BBQ\"},{\"@type\":\"BreadcrumbList\",\"@id\":\"https:\/\/www.welovecycling.com\/hu\/edzes-es-eletmod\/bbq-grill-es-bicikli-hogyan-fernek-meg-egymas-mellett\/#breadcrumb\",\"itemListElement\":[{\"@type\":\"ListItem\",\"position\":1,\"name\":\"Home\",\"item\":\"https:\/\/www.welovecycling.com\/hu\/\"},{\"@type\":\"ListItem\",\"position\":2,\"name\":\"BBQ, grill \u00e9s bicikli \u2013 hogyan f\u00e9rnek meg egym\u00e1s mellett?\"}]},{\"@type\":\"WebSite\",\"@id\":\"https:\/\/www.welovecycling.com\/hu\/#website\",\"url\":\"https:\/\/www.welovecycling.com\/hu\/\",\"name\":\"\u0160koda We Love Cycling - Magyarorsz\u00e1g\",\"description\":\"\u0160koda WeLoveCycling\",\"potentialAction\":[{\"@type\":\"SearchAction\",\"target\":{\"@type\":\"EntryPoint\",\"urlTemplate\":\"https:\/\/www.welovecycling.com\/hu\/?s={search_term_string}\"},\"query-input\":{\"@type\":\"PropertyValueSpecification\",\"valueRequired\":true,\"valueName\":\"search_term_string\"}}],\"inLanguage\":\"hu\"},{\"@type\":\"Person\",\"@id\":\"https:\/\/www.welovecycling.com\/hu\/#\/schema\/person\/414a2aebf1801691a5320edb6468e194\",\"name\":\"hegyizs\",\"image\":{\"@type\":\"ImageObject\",\"inLanguage\":\"hu\",\"@id\":\"https:\/\/www.welovecycling.com\/hu\/#\/schema\/person\/image\/\",\"url\":\"https:\/\/secure.gravatar.com\/avatar\/02cf8a7906b8cf90cecb4679defac7cfd33a1c2e3b88e4903d947f3bb58eedd3?s=96&d=mm&r=g\",\"contentUrl\":\"https:\/\/secure.gravatar.com\/avatar\/02cf8a7906b8cf90cecb4679defac7cfd33a1c2e3b88e4903d947f3bb58eedd3?s=96&d=mm&r=g\",\"caption\":\"hegyizs\"},\"url\":\"https:\/\/www.welovecycling.com\/hu\/author\/hegyizs\/\"}]}<\/script>\n<!-- \/ Yoast SEO Premium plugin. -->","yoast_head_json":{"title":"BBQ, grill \u00e9s bicikli \u2013 hogyan f\u00e9rnek meg egym\u00e1s mellett?","description":"Szeretn\u00e9d tudni, hogyan \u00e9lvezheted \u00f6nfeledten az utols\u00f3, \u0151szbe hajl\u00f3 kerti s\u00fct\u00f6get\u00e9seket a bar\u00e1taiddal \u00e9s a csal\u00e1ddal, an\u00e9lk\u00fcl, hogy megt\u00f6rn\u00e9d az eg\u00e9szs\u00e9ges \u00e9trended?","robots":{"index":"index","follow":"follow","max-snippet":"max-snippet:-1","max-image-preview":"max-image-preview:large","max-video-preview":"max-video-preview:-1"},"canonical":"https:\/\/www.welovecycling.com\/hu\/edzes-es-eletmod\/bbq-grill-es-bicikli-hogyan-fernek-meg-egymas-mellett\/","og_locale":"hu_HU","og_type":"article","og_title":"BBQ, grill \u00e9s bicikli \u2013 hogyan f\u00e9rnek meg egym\u00e1s mellett?","og_description":"Szeretn\u00e9d tudni, hogyan \u00e9lvezheted \u00f6nfeledten az utols\u00f3, \u0151szbe hajl\u00f3 kerti s\u00fct\u00f6get\u00e9seket a bar\u00e1taiddal \u00e9s a csal\u00e1ddal, an\u00e9lk\u00fcl, hogy megt\u00f6rn\u00e9d az eg\u00e9szs\u00e9ges \u00e9trended?","og_url":"https:\/\/www.welovecycling.com\/hu\/edzes-es-eletmod\/bbq-grill-es-bicikli-hogyan-fernek-meg-egymas-mellett\/","og_site_name":"\u0160koda We Love Cycling - Magyarorsz\u00e1g","article_publisher":"https:\/\/www.facebook.com\/WeLoveCyclingHungary\/","article_published_time":"2021-08-31T06:00:51+00:00","og_image":[{"width":1366,"height":600,"url":"https:\/\/d2p6e6u75xmxt8.cloudfront.net\/12\/2021\/08\/BBQ-profimedia-0626315910-CVR.jpg","type":"image\/jpeg"}],"author":"hegyizs","twitter_card":"summary_large_image","twitter_misc":{"Written by":"Jiri Kaloc","Est. reading time":"5"},"schema":{"@context":"https:\/\/schema.org","@graph":[{"@type":"WebPage","@id":"https:\/\/www.welovecycling.com\/hu\/edzes-es-eletmod\/bbq-grill-es-bicikli-hogyan-fernek-meg-egymas-mellett\/","url":"https:\/\/www.welovecycling.com\/hu\/edzes-es-eletmod\/bbq-grill-es-bicikli-hogyan-fernek-meg-egymas-mellett\/","name":"BBQ, grill \u00e9s bicikli \u2013 hogyan f\u00e9rnek meg egym\u00e1s mellett?","isPartOf":{"@id":"https:\/\/www.welovecycling.com\/hu\/#website"},"primaryImageOfPage":{"@id":"https:\/\/www.welovecycling.com\/hu\/edzes-es-eletmod\/bbq-grill-es-bicikli-hogyan-fernek-meg-egymas-mellett\/#primaryimage"},"image":{"@id":"https:\/\/www.welovecycling.com\/hu\/edzes-es-eletmod\/bbq-grill-es-bicikli-hogyan-fernek-meg-egymas-mellett\/#primaryimage"},"thumbnailUrl":"https:\/\/d2p6e6u75xmxt8.cloudfront.net\/12\/2021\/08\/BBQ-profimedia-0626315910-CVR.jpg","datePublished":"2021-08-31T06:00:51+00:00","author":{"@id":"https:\/\/www.welovecycling.com\/hu\/#\/schema\/person\/414a2aebf1801691a5320edb6468e194"},"description":"Szeretn\u00e9d tudni, hogyan \u00e9lvezheted \u00f6nfeledten az utols\u00f3, \u0151szbe hajl\u00f3 kerti s\u00fct\u00f6get\u00e9seket a bar\u00e1taiddal \u00e9s a csal\u00e1ddal, an\u00e9lk\u00fcl, hogy megt\u00f6rn\u00e9d az eg\u00e9szs\u00e9ges \u00e9trended?","breadcrumb":{"@id":"https:\/\/www.welovecycling.com\/hu\/edzes-es-eletmod\/bbq-grill-es-bicikli-hogyan-fernek-meg-egymas-mellett\/#breadcrumb"},"inLanguage":"hu","potentialAction":[{"@type":"ReadAction","target":["https:\/\/www.welovecycling.com\/hu\/edzes-es-eletmod\/bbq-grill-es-bicikli-hogyan-fernek-meg-egymas-mellett\/"]}]},{"@type":"ImageObject","inLanguage":"hu","@id":"https:\/\/www.welovecycling.com\/hu\/edzes-es-eletmod\/bbq-grill-es-bicikli-hogyan-fernek-meg-egymas-mellett\/#primaryimage","url":"https:\/\/d2p6e6u75xmxt8.cloudfront.net\/12\/2021\/08\/BBQ-profimedia-0626315910-CVR.jpg","contentUrl":"https:\/\/d2p6e6u75xmxt8.cloudfront.net\/12\/2021\/08\/BBQ-profimedia-0626315910-CVR.jpg","width":1366,"height":600,"caption":"BBQ"},{"@type":"BreadcrumbList","@id":"https:\/\/www.welovecycling.com\/hu\/edzes-es-eletmod\/bbq-grill-es-bicikli-hogyan-fernek-meg-egymas-mellett\/#breadcrumb","itemListElement":[{"@type":"ListItem","position":1,"name":"Home","item":"https:\/\/www.welovecycling.com\/hu\/"},{"@type":"ListItem","position":2,"name":"BBQ, grill \u00e9s bicikli \u2013 hogyan f\u00e9rnek meg egym\u00e1s mellett?"}]},{"@type":"WebSite","@id":"https:\/\/www.welovecycling.com\/hu\/#website","url":"https:\/\/www.welovecycling.com\/hu\/","name":"\u0160koda We Love Cycling - Magyarorsz\u00e1g","description":"\u0160koda WeLoveCycling","potentialAction":[{"@type":"SearchAction","target":{"@type":"EntryPoint","urlTemplate":"https:\/\/www.welovecycling.com\/hu\/?s={search_term_string}"},"query-input":{"@type":"PropertyValueSpecification","valueRequired":true,"valueName":"search_term_string"}}],"inLanguage":"hu"},{"@type":"Person","@id":"https:\/\/www.welovecycling.com\/hu\/#\/schema\/person\/414a2aebf1801691a5320edb6468e194","name":"hegyizs","image":{"@type":"ImageObject","inLanguage":"hu","@id":"https:\/\/www.welovecycling.com\/hu\/#\/schema\/person\/image\/","url":"https:\/\/secure.gravatar.com\/avatar\/02cf8a7906b8cf90cecb4679defac7cfd33a1c2e3b88e4903d947f3bb58eedd3?s=96&d=mm&r=g","contentUrl":"https:\/\/secure.gravatar.com\/avatar\/02cf8a7906b8cf90cecb4679defac7cfd33a1c2e3b88e4903d947f3bb58eedd3?s=96&d=mm&r=g","caption":"hegyizs"},"url":"https:\/\/www.welovecycling.com\/hu\/author\/hegyizs\/"}]}},"_links":{"self":[{"href":"https:\/\/www.welovecycling.com\/hu\/wp-json\/wp\/v2\/posts\/12306","targetHints":{"allow":["GET"]}}],"collection":[{"href":"https:\/\/www.welovecycling.com\/hu\/wp-json\/wp\/v2\/posts"}],"about":[{"href":"https:\/\/www.welovecycling.com\/hu\/wp-json\/wp\/v2\/types\/post"}],"author":[{"embeddable":true,"href":"https:\/\/www.welovecycling.com\/hu\/wp-json\/wp\/v2\/users\/71"}],"replies":[{"embeddable":true,"href":"https:\/\/www.welovecycling.com\/hu\/wp-json\/wp\/v2\/comments?post=12306"}],"version-history":[{"count":2,"href":"https:\/\/www.welovecycling.com\/hu\/wp-json\/wp\/v2\/posts\/12306\/revisions"}],"predecessor-version":[{"id":12324,"href":"https:\/\/www.welovecycling.com\/hu\/wp-json\/wp\/v2\/posts\/12306\/revisions\/12324"}],"wp:featuredmedia":[{"embeddable":true,"href":"https:\/\/www.welovecycling.com\/hu\/wp-json\/wp\/v2\/media\/12310"}],"wp:attachment":[{"href":"https:\/\/www.welovecycling.com\/hu\/wp-json\/wp\/v2\/media?parent=12306"}],"wp:term":[{"taxonomy":"category","embeddable":true,"href":"https:\/\/www.welovecycling.com\/hu\/wp-json\/wp\/v2\/categories?post=12306"},{"taxonomy":"post_tag","embeddable":true,"href":"https:\/\/www.welovecycling.com\/hu\/wp-json\/wp\/v2\/tags?post=12306"},{"taxonomy":"global-categories","embeddable":true,"href":"https:\/\/www.welovecycling.com\/hu\/wp-json\/wp\/v2\/global-categories?post=12306"}],"curies":[{"name":"wp","href":"https:\/\/api.w.org\/{rel}","templated":true}]}}