{"id":1230,"date":"2018-07-24T14:43:02","date_gmt":"2018-07-24T14:43:02","guid":{"rendered":"https:\/\/www.welovecycling.com\/hu\/?p=1230"},"modified":"2018-07-24T14:43:02","modified_gmt":"2018-07-24T14:43:02","slug":"idealis-varosi-bringa","status":"publish","type":"post","link":"https:\/\/www.welovecycling.com\/hu\/varosi-kerekparozas\/idealis-varosi-bringa\/","title":{"rendered":"Ilyen az ide\u00e1lis v\u00e1rosi bringa"},"content":{"rendered":"<p><strong>Ha unod m\u00e1r a buszokat, vagy csak fontos sz\u00e1modra a fenntarthat\u00f3 k\u00f6rnyezet, akkor el\u0151bb vagy ut\u00f3bb a biciklihez vezet az utad. A v\u00e1rosban k\u00f6zlekedni el\u0151sz\u00f6r f\u00e9lelmetes, az els\u0151 p\u00e1r nap ut\u00e1n viszont nagyon fogod szeretni, r\u00e1ad\u00e1sul sokkal gyorsabban eljutsz b\u00e1rhov\u00e1. Ehhez viszont k\u00e9ts\u00e9gk\u00edv\u00fcl elengedhetetlen egy j\u00f3 j\u00e1rg\u00e1ny. Mutatjuk, milyen szerint\u00fcnk az ide\u00e1lis v\u00e1rosi bringa.<\/strong><\/p>\n<h2><!--more-->1.Nem t\u00fal sz\u00e9les a korm\u00e1nya<\/h2>\n<p>Hogy pontosan milyen korm\u00e1nyt\u00edpus ide\u00e1lis neked, az szem\u00e9ly- \u00e9s \u00edzl\u00e9sf\u00fcgg\u0151. Az viszont minden korm\u00e1nyn\u00e1l fontos szempont, hogy ne legyen t\u00fals\u00e1gosan sz\u00e9les, hiszen az ide\u00e1lis v\u00e1rosi bringa a legsz\u0171kebb s\u00e1vokban is elf\u00e9r.<\/p>\n<h2>2.Nem gyorsz\u00e1ras<\/h2>\n<p>Biztosan te is l\u00e1tt\u00e1l m\u00e1r bringat\u00e1rol\u00f3 helyeket, ahol a lek\u00f6t\u00f6tt biciklik kerekei hi\u00e1nyoznak. Ezek a meggondolatlan bringatulajdonosok gyorsz\u00e1ras ker\u00e9kp\u00e1rokkal tekertek, ezekr\u0151l sajnos kb. 20 m\u00e1sodperc alatt le lehet csavarozni a kerekeket. Nincs enn\u00e9l szomor\u00fabb l\u00e1tv\u00e1ny!<\/p>\n<h2><a href=\"https:\/\/d2p6e6u75xmxt8.cloudfront.net\/12\/2018\/07\/idealis-varosi-bringa-3.jpg\"><img loading=\"lazy\" decoding=\"async\" class=\"alignnone size-full wp-image-1232\" src=\"https:\/\/d2p6e6u75xmxt8.cloudfront.net\/12\/2018\/07\/idealis-varosi-bringa-3.jpg\" alt=\"idealis varosi bringa\" width=\"1567\" height=\"1175\" srcset=\"https:\/\/d2p6e6u75xmxt8.cloudfront.net\/12\/2018\/07\/idealis-varosi-bringa-3.jpg 1567w, https:\/\/d2p6e6u75xmxt8.cloudfront.net\/12\/2018\/07\/idealis-varosi-bringa-3-300x225.jpg 300w, https:\/\/d2p6e6u75xmxt8.cloudfront.net\/12\/2018\/07\/idealis-varosi-bringa-3-768x576.jpg 768w, https:\/\/d2p6e6u75xmxt8.cloudfront.net\/12\/2018\/07\/idealis-varosi-bringa-3-1024x768.jpg 1024w\" sizes=\"auto, (max-width: 1567px) 100vw, 1567px\" \/><\/a><\/h2>\n<h2>3.Van rajta l\u00e1ncv\u00e9d\u0151<\/h2>\n<p>Apr\u00f3 kieg\u00e9sz\u00edt\u0151, m\u00e9gis megk\u00f6nny\u00edtheti a mindennapjaidat, f\u0151leg akkor, ha a munkahelyedre tekersz, \u00e9s nem szeretn\u00e9l koszos nadr\u00e1gban meg\u00e9rkezni. Sokan nem tartj\u00e1k sz\u00e9p l\u00e1tv\u00e1nynak, de valljuk be, a praktikuss\u00e1g n\u00e9ha fel\u00fcl\u00edrja az eszt\u00e9tika szab\u00e1lyait.<\/p>\n<h2>4.Az ide\u00e1lis v\u00e1rosi bringa k\u00f6nny\u0171<\/h2>\n<p>Szeretj\u00fck a retr\u00f3 bring\u00e1kat, de a v\u00e1rosi k\u00f6zleked\u00e9sben sajnos kevesebb az el\u0151ny\u00fck, mint a h\u00e1tr\u00e1nyuk. Egy t\u00fals\u00e1gosan s\u00falyos v\u00e1z megnehez\u00edti a k\u00f6zleked\u00e9st, lassabban haladsz, r\u00e1ad\u00e1sul sokkal er\u0151teljesebben kell tekerned, kifulladsz, \u00e9s m\u00e9g le is izzadsz a v\u00e9g\u00e9n. A v\u00e1z k\u00f6nny\u0171s\u00e9g\u00e9n fokozatosan is seg\u00edthetsz, nem kell r\u00f6gt\u00f6n kicser\u00e9lni az eg\u00e9sz bring\u00e1t, apr\u00f3 darabjaiban is felszabad\u00edthatod a f\u00f6l\u00f6sleges tehert\u0151l.<\/p>\n<h2>5.Olcs\u00f3, de legal\u00e1bbis nem dr\u00e1ga<\/h2>\n<p>Kiss\u00e9 sz\u00e9gyenkezve raktuk fel a list\u00e1nkra, mert n\u00e9h\u00e1ny orsz\u00e1gban a ker\u00e9kp\u00e1rlop\u00e1s nem is opci\u00f3, sim\u00e1n a h\u00e1z el\u0151tt hagyhatjuk a bring\u00e1kat szabadon, lez\u00e1ratlanul. A statisztik\u00e1k azonban sajnos azt mutatj\u00e1k, hogy ez az \u00e1llapot Magyarorsz\u00e1gon v\u00e1rat m\u00e9g mag\u00e1ra, f\u0151leg a nagyobb v\u00e1rosokban gyakoriak m\u00e9g mindig a ker\u00e9kp\u00e1rlop\u00e1sok.<\/p>\n<p>Ha a bring\u00e1dat kimondottan v\u00e1rosi k\u00f6zleked\u00e9s c\u00e9lj\u00e1b\u00f3l v\u00e1lasztod, akkor sok helyen lek\u00f6t\u00f6d majd, \u00e9s a bicikli tolvajokon sajnos a leger\u0151sebb lez\u00e1r\u00f3k sem fognak ki. \u0150k is tudj\u00e1k, milyen egy f\u00e9lmilli\u00f3s bringa, \u00e9s term\u00e9szetesen ink\u00e1bb azokat szeretn\u00e9k megszerezni. Sz\u00f3val csak \u00f3vatosan az \u00e9rt\u00e9kes darabokkal!<\/p>\n<p><a href=\"https:\/\/d2p6e6u75xmxt8.cloudfront.net\/12\/2018\/07\/idealis-varosi-bringa-2.jpg\"><img loading=\"lazy\" decoding=\"async\" class=\"alignnone wp-image-1233\" src=\"https:\/\/d2p6e6u75xmxt8.cloudfront.net\/12\/2018\/07\/idealis-varosi-bringa-2-1280x1920.jpg\" alt=\"idealis varosi bringa\" width=\"585\" height=\"878\" srcset=\"https:\/\/d2p6e6u75xmxt8.cloudfront.net\/12\/2018\/07\/idealis-varosi-bringa-2-1280x1920.jpg 1280w, https:\/\/d2p6e6u75xmxt8.cloudfront.net\/12\/2018\/07\/idealis-varosi-bringa-2-200x300.jpg 200w, https:\/\/d2p6e6u75xmxt8.cloudfront.net\/12\/2018\/07\/idealis-varosi-bringa-2-768x1152.jpg 768w, https:\/\/d2p6e6u75xmxt8.cloudfront.net\/12\/2018\/07\/idealis-varosi-bringa-2-683x1024.jpg 683w, https:\/\/d2p6e6u75xmxt8.cloudfront.net\/12\/2018\/07\/idealis-varosi-bringa-2.jpg 1534w, https:\/\/d2p6e6u75xmxt8.cloudfront.net\/12\/2018\/07\/idealis-varosi-bringa-2-1280x1920.jpg 1280w\" sizes=\"auto, (max-width: 585px) 100vw, 585px\" \/><\/a><\/p>\n","protected":false},"excerpt":{"rendered":"<p>Ha unod m\u00e1r a buszokat, vagy csak fontos sz\u00e1modra a fenntarthat\u00f3 k\u00f6rnyezet, akkor el\u0151bb vagy ut\u00f3bb a biciklihez vezet az [&hellip;]<\/p>\n","protected":false},"author":71,"featured_media":1234,"comment_status":"open","ping_status":"open","sticky":false,"template":"","format":"standard","meta":{"footnotes":""},"categories":[9],"tags":[17,106,105,16,28,27,20,42,103,104],"global-categories":[],"class_list":["post-1230","post","type-post","status-publish","format-standard","has-post-thumbnail","hentry","category-varosi-kerekparozas","tag-bicikli","tag-bringa","tag-fenntarthato-kornyezet","tag-kerekpar","tag-kerekpar-blog","tag-kerekpar-magazin","tag-kerekpar-vasarlas","tag-tekeres","tag-varosi-kerekpar","tag-varosi-kerekparozas"],"yoast_head":"<!-- This site is optimized with the Yoast SEO Premium plugin v25.3 (Yoast SEO v25.9) - https:\/\/yoast.com\/wordpress\/plugins\/seo\/ -->\n<title>Ilyen az ide\u00e1lis v\u00e1rosi bringa - \u0160koda We Love Cycling - Magyarorsz\u00e1g<\/title>\n<meta name=\"description\" content=\"A v\u00e1rosi bring\u00e1z\u00e1s az egyik legjobb dolog, amit v\u00e1laszthatsz. De milyen bring\u00e1val \u00e9rdemes tekerni? Mutatjuk, milye szerint\u00fcnk az ide\u00e1lis v\u00e1rosi bringa.\" \/>\n<meta name=\"robots\" content=\"index, follow, max-snippet:-1, max-image-preview:large, max-video-preview:-1\" \/>\n<link rel=\"canonical\" href=\"https:\/\/www.welovecycling.com\/hu\/varosi-kerekparozas\/idealis-varosi-bringa\/\" \/>\n<meta property=\"og:locale\" content=\"hu_HU\" \/>\n<meta property=\"og:type\" content=\"article\" \/>\n<meta property=\"og:title\" content=\"Ilyen az ide\u00e1lis v\u00e1rosi bringa\" \/>\n<meta property=\"og:description\" content=\"A v\u00e1rosi bring\u00e1z\u00e1s az egyik legjobb dolog, amit v\u00e1laszthatsz. De milyen bring\u00e1val \u00e9rdemes tekerni? Mutatjuk, milye szerint\u00fcnk az ide\u00e1lis v\u00e1rosi bringa.\" \/>\n<meta property=\"og:url\" content=\"https:\/\/www.welovecycling.com\/hu\/varosi-kerekparozas\/idealis-varosi-bringa\/\" \/>\n<meta property=\"og:site_name\" content=\"\u0160koda We Love Cycling - Magyarorsz\u00e1g\" \/>\n<meta property=\"article:publisher\" content=\"https:\/\/www.facebook.com\/WeLoveCyclingHungary\/\" \/>\n<meta property=\"article:published_time\" content=\"2018-07-24T14:43:02+00:00\" \/>\n<meta property=\"og:image\" content=\"https:\/\/d2p6e6u75xmxt8.cloudfront.net\/12\/2018\/07\/idealis-varosi-bringa.jpg\" \/>\n\t<meta property=\"og:image:width\" content=\"1500\" \/>\n\t<meta property=\"og:image:height\" content=\"1000\" \/>\n\t<meta property=\"og:image:type\" content=\"image\/jpeg\" \/>\n<meta name=\"author\" content=\"hegyizs\" \/>\n<meta name=\"twitter:card\" content=\"summary_large_image\" \/>\n<meta name=\"twitter:label1\" content=\"Written by\" \/>\n\t<meta name=\"twitter:data1\" content=\"hegyizs\" \/>\n\t<meta name=\"twitter:label2\" content=\"Est. reading time\" \/>\n\t<meta name=\"twitter:data2\" content=\"2 minutes\" \/>\n<script type=\"application\/ld+json\" class=\"yoast-schema-graph\">{\"@context\":\"https:\/\/schema.org\",\"@graph\":[{\"@type\":\"WebPage\",\"@id\":\"https:\/\/www.welovecycling.com\/hu\/varosi-kerekparozas\/idealis-varosi-bringa\/\",\"url\":\"https:\/\/www.welovecycling.com\/hu\/varosi-kerekparozas\/idealis-varosi-bringa\/\",\"name\":\"Ilyen az ide\u00e1lis v\u00e1rosi bringa - \u0160koda We Love Cycling - Magyarorsz\u00e1g\",\"isPartOf\":{\"@id\":\"https:\/\/www.welovecycling.com\/hu\/#website\"},\"primaryImageOfPage\":{\"@id\":\"https:\/\/www.welovecycling.com\/hu\/varosi-kerekparozas\/idealis-varosi-bringa\/#primaryimage\"},\"image\":{\"@id\":\"https:\/\/www.welovecycling.com\/hu\/varosi-kerekparozas\/idealis-varosi-bringa\/#primaryimage\"},\"thumbnailUrl\":\"https:\/\/d2p6e6u75xmxt8.cloudfront.net\/12\/2018\/07\/idealis-varosi-bringa.jpg\",\"datePublished\":\"2018-07-24T14:43:02+00:00\",\"author\":{\"@id\":\"https:\/\/www.welovecycling.com\/hu\/#\/schema\/person\/414a2aebf1801691a5320edb6468e194\"},\"description\":\"A v\u00e1rosi bring\u00e1z\u00e1s az egyik legjobb dolog, amit v\u00e1laszthatsz. De milyen bring\u00e1val \u00e9rdemes tekerni? Mutatjuk, milye szerint\u00fcnk az ide\u00e1lis v\u00e1rosi bringa.\",\"breadcrumb\":{\"@id\":\"https:\/\/www.welovecycling.com\/hu\/varosi-kerekparozas\/idealis-varosi-bringa\/#breadcrumb\"},\"inLanguage\":\"hu\",\"potentialAction\":[{\"@type\":\"ReadAction\",\"target\":[\"https:\/\/www.welovecycling.com\/hu\/varosi-kerekparozas\/idealis-varosi-bringa\/\"]}]},{\"@type\":\"ImageObject\",\"inLanguage\":\"hu\",\"@id\":\"https:\/\/www.welovecycling.com\/hu\/varosi-kerekparozas\/idealis-varosi-bringa\/#primaryimage\",\"url\":\"https:\/\/d2p6e6u75xmxt8.cloudfront.net\/12\/2018\/07\/idealis-varosi-bringa.jpg\",\"contentUrl\":\"https:\/\/d2p6e6u75xmxt8.cloudfront.net\/12\/2018\/07\/idealis-varosi-bringa.jpg\",\"width\":1500,\"height\":1000},{\"@type\":\"BreadcrumbList\",\"@id\":\"https:\/\/www.welovecycling.com\/hu\/varosi-kerekparozas\/idealis-varosi-bringa\/#breadcrumb\",\"itemListElement\":[{\"@type\":\"ListItem\",\"position\":1,\"name\":\"Home\",\"item\":\"https:\/\/www.welovecycling.com\/hu\/\"},{\"@type\":\"ListItem\",\"position\":2,\"name\":\"Ilyen az ide\u00e1lis v\u00e1rosi bringa\"}]},{\"@type\":\"WebSite\",\"@id\":\"https:\/\/www.welovecycling.com\/hu\/#website\",\"url\":\"https:\/\/www.welovecycling.com\/hu\/\",\"name\":\"\u0160koda We Love Cycling - Magyarorsz\u00e1g\",\"description\":\"\u0160koda WeLoveCycling\",\"potentialAction\":[{\"@type\":\"SearchAction\",\"target\":{\"@type\":\"EntryPoint\",\"urlTemplate\":\"https:\/\/www.welovecycling.com\/hu\/?s={search_term_string}\"},\"query-input\":{\"@type\":\"PropertyValueSpecification\",\"valueRequired\":true,\"valueName\":\"search_term_string\"}}],\"inLanguage\":\"hu\"},{\"@type\":\"Person\",\"@id\":\"https:\/\/www.welovecycling.com\/hu\/#\/schema\/person\/414a2aebf1801691a5320edb6468e194\",\"name\":\"hegyizs\",\"image\":{\"@type\":\"ImageObject\",\"inLanguage\":\"hu\",\"@id\":\"https:\/\/www.welovecycling.com\/hu\/#\/schema\/person\/image\/\",\"url\":\"https:\/\/secure.gravatar.com\/avatar\/02cf8a7906b8cf90cecb4679defac7cfd33a1c2e3b88e4903d947f3bb58eedd3?s=96&d=mm&r=g\",\"contentUrl\":\"https:\/\/secure.gravatar.com\/avatar\/02cf8a7906b8cf90cecb4679defac7cfd33a1c2e3b88e4903d947f3bb58eedd3?s=96&d=mm&r=g\",\"caption\":\"hegyizs\"},\"url\":\"https:\/\/www.welovecycling.com\/hu\/author\/hegyizs\/\"}]}<\/script>\n<!-- \/ Yoast SEO Premium plugin. -->","yoast_head_json":{"title":"Ilyen az ide\u00e1lis v\u00e1rosi bringa - \u0160koda We Love Cycling - Magyarorsz\u00e1g","description":"A v\u00e1rosi bring\u00e1z\u00e1s az egyik legjobb dolog, amit v\u00e1laszthatsz. De milyen bring\u00e1val \u00e9rdemes tekerni? Mutatjuk, milye szerint\u00fcnk az ide\u00e1lis v\u00e1rosi bringa.","robots":{"index":"index","follow":"follow","max-snippet":"max-snippet:-1","max-image-preview":"max-image-preview:large","max-video-preview":"max-video-preview:-1"},"canonical":"https:\/\/www.welovecycling.com\/hu\/varosi-kerekparozas\/idealis-varosi-bringa\/","og_locale":"hu_HU","og_type":"article","og_title":"Ilyen az ide\u00e1lis v\u00e1rosi bringa","og_description":"A v\u00e1rosi bring\u00e1z\u00e1s az egyik legjobb dolog, amit v\u00e1laszthatsz. De milyen bring\u00e1val \u00e9rdemes tekerni? Mutatjuk, milye szerint\u00fcnk az ide\u00e1lis v\u00e1rosi bringa.","og_url":"https:\/\/www.welovecycling.com\/hu\/varosi-kerekparozas\/idealis-varosi-bringa\/","og_site_name":"\u0160koda We Love Cycling - Magyarorsz\u00e1g","article_publisher":"https:\/\/www.facebook.com\/WeLoveCyclingHungary\/","article_published_time":"2018-07-24T14:43:02+00:00","og_image":[{"width":1500,"height":1000,"url":"https:\/\/d2p6e6u75xmxt8.cloudfront.net\/12\/2018\/07\/idealis-varosi-bringa.jpg","type":"image\/jpeg"}],"author":"hegyizs","twitter_card":"summary_large_image","twitter_misc":{"Written by":"hegyizs","Est. reading time":"2 minutes"},"schema":{"@context":"https:\/\/schema.org","@graph":[{"@type":"WebPage","@id":"https:\/\/www.welovecycling.com\/hu\/varosi-kerekparozas\/idealis-varosi-bringa\/","url":"https:\/\/www.welovecycling.com\/hu\/varosi-kerekparozas\/idealis-varosi-bringa\/","name":"Ilyen az ide\u00e1lis v\u00e1rosi bringa - \u0160koda We Love Cycling - Magyarorsz\u00e1g","isPartOf":{"@id":"https:\/\/www.welovecycling.com\/hu\/#website"},"primaryImageOfPage":{"@id":"https:\/\/www.welovecycling.com\/hu\/varosi-kerekparozas\/idealis-varosi-bringa\/#primaryimage"},"image":{"@id":"https:\/\/www.welovecycling.com\/hu\/varosi-kerekparozas\/idealis-varosi-bringa\/#primaryimage"},"thumbnailUrl":"https:\/\/d2p6e6u75xmxt8.cloudfront.net\/12\/2018\/07\/idealis-varosi-bringa.jpg","datePublished":"2018-07-24T14:43:02+00:00","author":{"@id":"https:\/\/www.welovecycling.com\/hu\/#\/schema\/person\/414a2aebf1801691a5320edb6468e194"},"description":"A v\u00e1rosi bring\u00e1z\u00e1s az egyik legjobb dolog, amit v\u00e1laszthatsz. De milyen bring\u00e1val \u00e9rdemes tekerni? Mutatjuk, milye szerint\u00fcnk az ide\u00e1lis v\u00e1rosi bringa.","breadcrumb":{"@id":"https:\/\/www.welovecycling.com\/hu\/varosi-kerekparozas\/idealis-varosi-bringa\/#breadcrumb"},"inLanguage":"hu","potentialAction":[{"@type":"ReadAction","target":["https:\/\/www.welovecycling.com\/hu\/varosi-kerekparozas\/idealis-varosi-bringa\/"]}]},{"@type":"ImageObject","inLanguage":"hu","@id":"https:\/\/www.welovecycling.com\/hu\/varosi-kerekparozas\/idealis-varosi-bringa\/#primaryimage","url":"https:\/\/d2p6e6u75xmxt8.cloudfront.net\/12\/2018\/07\/idealis-varosi-bringa.jpg","contentUrl":"https:\/\/d2p6e6u75xmxt8.cloudfront.net\/12\/2018\/07\/idealis-varosi-bringa.jpg","width":1500,"height":1000},{"@type":"BreadcrumbList","@id":"https:\/\/www.welovecycling.com\/hu\/varosi-kerekparozas\/idealis-varosi-bringa\/#breadcrumb","itemListElement":[{"@type":"ListItem","position":1,"name":"Home","item":"https:\/\/www.welovecycling.com\/hu\/"},{"@type":"ListItem","position":2,"name":"Ilyen az ide\u00e1lis v\u00e1rosi bringa"}]},{"@type":"WebSite","@id":"https:\/\/www.welovecycling.com\/hu\/#website","url":"https:\/\/www.welovecycling.com\/hu\/","name":"\u0160koda We Love Cycling - Magyarorsz\u00e1g","description":"\u0160koda WeLoveCycling","potentialAction":[{"@type":"SearchAction","target":{"@type":"EntryPoint","urlTemplate":"https:\/\/www.welovecycling.com\/hu\/?s={search_term_string}"},"query-input":{"@type":"PropertyValueSpecification","valueRequired":true,"valueName":"search_term_string"}}],"inLanguage":"hu"},{"@type":"Person","@id":"https:\/\/www.welovecycling.com\/hu\/#\/schema\/person\/414a2aebf1801691a5320edb6468e194","name":"hegyizs","image":{"@type":"ImageObject","inLanguage":"hu","@id":"https:\/\/www.welovecycling.com\/hu\/#\/schema\/person\/image\/","url":"https:\/\/secure.gravatar.com\/avatar\/02cf8a7906b8cf90cecb4679defac7cfd33a1c2e3b88e4903d947f3bb58eedd3?s=96&d=mm&r=g","contentUrl":"https:\/\/secure.gravatar.com\/avatar\/02cf8a7906b8cf90cecb4679defac7cfd33a1c2e3b88e4903d947f3bb58eedd3?s=96&d=mm&r=g","caption":"hegyizs"},"url":"https:\/\/www.welovecycling.com\/hu\/author\/hegyizs\/"}]}},"_links":{"self":[{"href":"https:\/\/www.welovecycling.com\/hu\/wp-json\/wp\/v2\/posts\/1230","targetHints":{"allow":["GET"]}}],"collection":[{"href":"https:\/\/www.welovecycling.com\/hu\/wp-json\/wp\/v2\/posts"}],"about":[{"href":"https:\/\/www.welovecycling.com\/hu\/wp-json\/wp\/v2\/types\/post"}],"author":[{"embeddable":true,"href":"https:\/\/www.welovecycling.com\/hu\/wp-json\/wp\/v2\/users\/71"}],"replies":[{"embeddable":true,"href":"https:\/\/www.welovecycling.com\/hu\/wp-json\/wp\/v2\/comments?post=1230"}],"version-history":[{"count":2,"href":"https:\/\/www.welovecycling.com\/hu\/wp-json\/wp\/v2\/posts\/1230\/revisions"}],"predecessor-version":[{"id":1237,"href":"https:\/\/www.welovecycling.com\/hu\/wp-json\/wp\/v2\/posts\/1230\/revisions\/1237"}],"wp:featuredmedia":[{"embeddable":true,"href":"https:\/\/www.welovecycling.com\/hu\/wp-json\/wp\/v2\/media\/1234"}],"wp:attachment":[{"href":"https:\/\/www.welovecycling.com\/hu\/wp-json\/wp\/v2\/media?parent=1230"}],"wp:term":[{"taxonomy":"category","embeddable":true,"href":"https:\/\/www.welovecycling.com\/hu\/wp-json\/wp\/v2\/categories?post=1230"},{"taxonomy":"post_tag","embeddable":true,"href":"https:\/\/www.welovecycling.com\/hu\/wp-json\/wp\/v2\/tags?post=1230"},{"taxonomy":"global-categories","embeddable":true,"href":"https:\/\/www.welovecycling.com\/hu\/wp-json\/wp\/v2\/global-categories?post=1230"}],"curies":[{"name":"wp","href":"https:\/\/api.w.org\/{rel}","templated":true}]}}